{"id":157607,"date":"2026-07-24T11:13:41","date_gmt":"2026-07-24T14:13:41","guid":{"rendered":"https:\/\/ubirataonline.com.br\/?p=157607"},"modified":"2026-07-24T11:18:44","modified_gmt":"2026-07-24T14:18:44","slug":"entenda-as-doencas-mais-comuns-em-criancas-durante-as-ferias-de-inverno","status":"publish","type":"post","link":"https:\/\/ubirataonline.com.br\/en\/entenda-as-doencas-mais-comuns-em-criancas-durante-as-ferias-de-inverno\/","title":{"rendered":"Entenda as doen\u00e7as mais comuns em crian\u00e7as durante as f\u00e9rias de inverno"},"content":{"rendered":"<p class=\"wp-block-paragraph\">Durante as f\u00e9rias de inverno, a rotina muda, as crian\u00e7as passam mais tempo em casa, em viagens ou em ambientes fechados, e a aten\u00e7\u00e3o dos pais precisa acompanhar esse movimento.&nbsp;<\/p>\n\n\n\n<p class=\"wp-block-paragraph\">A combina\u00e7\u00e3o entre queda de temperatura, ar mais seco e maior circula\u00e7\u00e3o de v\u00edrus costuma favorecer quadros respirat\u00f3rios, especialmente entre os pequenos.<\/p>\n\n\n\n<p class=\"wp-block-paragraph\">A imunidade infantil ainda est\u00e1 em desenvolvimento, principalmente nos primeiros anos de vida.&nbsp;<\/p>\n\n\n\n<p class=\"wp-block-paragraph\">Por isso, algumas infec\u00e7\u00f5es podem surgir com mais frequ\u00eancia e evoluir de forma r\u00e1pida. Entre as doen\u00e7as mais comuns nesse per\u00edodo est\u00e3o gripes, resfriados, pneumonias e bronquiolite, condi\u00e7\u00f5es que exigem observa\u00e7\u00e3o dos sintomas e orienta\u00e7\u00e3o m\u00e9dica quando necess\u00e1rio.&nbsp;<\/p>\n\n\n\n<p class=\"wp-block-paragraph\">A Prefeitura de S\u00e3o Paulo tamb\u00e9m destaca o aumento de doen\u00e7as respirat\u00f3rias no inverno, como gripe, resfriados, bronquiolite e pneumonia.&nbsp;<\/p>\n\n\n\n<h2 id=\"h-doencas-mais-comuns\" class=\"wp-block-heading\">Doen\u00e7as mais comuns<\/h2>\n\n\n\n<p class=\"wp-block-paragraph\">As doen\u00e7as respirat\u00f3rias aparecem com mais frequ\u00eancia no frio porque os v\u00edrus encontram condi\u00e7\u00f5es favor\u00e1veis para circular. Em crian\u00e7as, sintomas que parecem leves no come\u00e7o podem causar desconforto importante, atrapalhar o sono, reduzir o apetite e dificultar a respira\u00e7\u00e3o.<\/p>\n\n\n\n<p class=\"wp-block-paragraph\">Al\u00e9m disso, beb\u00eas e crian\u00e7as pequenas nem sempre conseguem explicar o que sentem. Por isso, sinais como febre persistente, chiado no peito, cansa\u00e7o, prostra\u00e7\u00e3o, respira\u00e7\u00e3o acelerada e dificuldade para mamar ou se alimentar precisam ser observados com cuidado.<\/p>\n\n\n\n<h3 id=\"h-gripes-e-resfriados\" class=\"wp-block-heading\">Gripes e resfriados<\/h3>\n\n\n\n<p class=\"wp-block-paragraph\">Gripes e resfriados est\u00e3o entre os quadros mais frequentes no inverno. Embora sejam confundidos com facilidade, eles n\u00e3o costumam ter a mesma intensidade.&nbsp;<\/p>\n\n\n\n<p class=\"wp-block-paragraph\">O resfriado tende a causar coriza, nariz entupido, espirros, tosse leve e irrita\u00e7\u00e3o na garganta.<\/p>\n\n\n\n<p class=\"wp-block-paragraph\">A gripe, por outro lado, pode provocar febre alta, dores no corpo, calafrios, indisposi\u00e7\u00e3o e tosse mais intensa. Em crian\u00e7as, o quadro pode deixar o organismo mais vulner\u00e1vel, principalmente quando h\u00e1 hist\u00f3rico de asma, bronquite, rinite ou outras condi\u00e7\u00f5es respirat\u00f3rias.<\/p>\n\n\n\n<p class=\"wp-block-paragraph\">Segundo a Unimed Tubar\u00e3o, gripe, resfriado comum, bronquiolite e pneumonia t\u00eam maior incid\u00eancia durante o inverno no Brasil, especialmente em crian\u00e7as.<\/p>\n\n\n\n<h3 id=\"h-pneumonias\" class=\"wp-block-heading\">Pneumonias<\/h3>\n\n\n\n<p class=\"wp-block-paragraph\">A pneumonia \u00e9 uma infec\u00e7\u00e3o que atinge os pulm\u00f5es e pode ser causada por v\u00edrus, bact\u00e9rias ou outros agentes. Em crian\u00e7as, merece aten\u00e7\u00e3o porque pode evoluir com rapidez e exigir tratamento espec\u00edfico.<\/p>\n\n\n\n<p class=\"wp-block-paragraph\">Os principais sinais incluem febre, tosse com catarro, falta de apetite, cansa\u00e7o, respira\u00e7\u00e3o curta ou acelerada e esfor\u00e7o para respirar, muitas vezes percebido pelo movimento das costelas. O Blog Sabin aponta esses sintomas como sinais importantes de alerta para pneumonia infantil.&nbsp;<\/p>\n\n\n\n<p class=\"wp-block-paragraph\">Quando h\u00e1 suspeita, a avalia\u00e7\u00e3o pedi\u00e1trica ajuda a diferenciar a pneumonia de outros quadros respirat\u00f3rios. Em alguns casos, o m\u00e9dico pode solicitar exames de imagem ou laboratoriais para confirmar o diagn\u00f3stico e indicar a melhor conduta.<\/p>\n\n\n\n<h3 id=\"h-bronquiolite\" class=\"wp-block-heading\">Bronquiolite<\/h3>\n\n\n\n<p class=\"wp-block-paragraph\">A bronquiolite costuma preocupar principalmente fam\u00edlias com beb\u00eas e crian\u00e7as menores de dois anos. A doen\u00e7a atinge os bronqu\u00edolos, pequenas estruturas respons\u00e1veis pela passagem de ar nos pulm\u00f5es, e pode causar tosse, chiado, febre, irritabilidade e dificuldade para respirar.<\/p>\n\n\n\n<p class=\"wp-block-paragraph\">O v\u00edrus sincicial respirat\u00f3rio \u00e9 um dos principais agentes relacionados ao quadro. A Secretaria Municipal da Sa\u00fade de S\u00e3o Paulo alerta que beb\u00eas e crian\u00e7as est\u00e3o mais vulner\u00e1veis \u00e0 infec\u00e7\u00e3o pelo v\u00edrus, que pode evoluir de um quadro leve para bronquiolite e pneumonia.&nbsp;<\/p>\n\n\n\n<p class=\"wp-block-paragraph\">Nos beb\u00eas, sinais como dificuldade para mamar, respira\u00e7\u00e3o muito r\u00e1pida, l\u00e1bios arroxeados, sonol\u00eancia excessiva ou pausas respirat\u00f3rias exigem atendimento imediato.<\/p>\n\n\n\n<h2 id=\"h-porque-essas-doencas-sao-mais-comuns-no-frio\" class=\"wp-block-heading\">Porque essas doen\u00e7as s\u00e3o mais comuns no frio?<\/h2>\n\n\n\n<p class=\"wp-block-paragraph\">O inverno n\u00e3o causa sozinho as doen\u00e7as respirat\u00f3rias, mas cria um cen\u00e1rio que facilita a circula\u00e7\u00e3o de v\u00edrus e a irrita\u00e7\u00e3o das vias a\u00e9reas. Crian\u00e7as, por terem vias respirat\u00f3rias menores e sistema imunol\u00f3gico em amadurecimento, acabam ficando mais suscet\u00edveis.<\/p>\n\n\n\n<p class=\"wp-block-paragraph\">A baixa temperatura tamb\u00e9m muda comportamentos. Fam\u00edlias tendem a permanecer mais tempo em locais fechados, com janelas pouco abertas e maior proximidade entre pessoas. Esse conjunto aumenta a chance de transmiss\u00e3o por got\u00edculas respirat\u00f3rias.<\/p>\n\n\n\n<h3 id=\"h-ar-mais-seco\" class=\"wp-block-heading\">Ar mais seco<\/h3>\n\n\n\n<p class=\"wp-block-paragraph\">O ar seco resseca as mucosas do nariz e da garganta, que funcionam como barreiras naturais contra v\u00edrus, poeira e outros agentes irritantes. Quando essas regi\u00f5es ficam desidratadas, a prote\u00e7\u00e3o local pode diminuir.<\/p>\n\n\n\n<p class=\"wp-block-paragraph\">Em crian\u00e7as com rinite, asma ou bronquite, o ar seco ainda pode intensificar crises de tosse, espirros e chiado no peito.<\/p>\n\n\n\n<h3 id=\"h-variacao-de-temperatura\" class=\"wp-block-heading\">Varia\u00e7\u00e3o de temperatura<\/h3>\n\n\n\n<p class=\"wp-block-paragraph\">Mudan\u00e7as bruscas de temperatura tamb\u00e9m favorecem irrita\u00e7\u00f5es respirat\u00f3rias. A crian\u00e7a pode sair de um ambiente aquecido para o frio externo ou passar por mudan\u00e7as r\u00e1pidas entre manh\u00e3s geladas e tardes mais amenas.<\/p>\n\n\n\n<p class=\"wp-block-paragraph\">Essa varia\u00e7\u00e3o pode desencadear sintomas em crian\u00e7as sens\u00edveis, especialmente quando h\u00e1 predisposi\u00e7\u00e3o al\u00e9rgica ou hist\u00f3rico de doen\u00e7as respirat\u00f3rias.<\/p>\n\n\n\n<h3 id=\"h-diminuicao-na-producao-de-muco\" class=\"wp-block-heading\">Diminui\u00e7\u00e3o na produ\u00e7\u00e3o de muco<\/h3>\n\n\n\n<p class=\"wp-block-paragraph\">O muco ajuda a proteger as vias a\u00e9reas, retendo part\u00edculas e microrganismos. No frio e em ambientes secos, essa produ\u00e7\u00e3o pode sofrer altera\u00e7\u00f5es, deixando nariz, garganta e br\u00f4nquios mais irritados.<\/p>\n\n\n\n<p class=\"wp-block-paragraph\">Com menor prote\u00e7\u00e3o local, os v\u00edrus encontram mais facilidade para se instalar e provocar sintomas respirat\u00f3rios.<\/p>\n\n\n\n<h3 id=\"h-locais-cheios-e-fechados\" class=\"wp-block-heading\">Locais cheios e fechados<\/h3>\n\n\n\n<p class=\"wp-block-paragraph\">Ambientes fechados, com pouca circula\u00e7\u00e3o de ar, favorecem a transmiss\u00e3o de v\u00edrus respirat\u00f3rios. Isso acontece em viagens, festas, shoppings, cinemas, salas de espera e reuni\u00f5es familiares.<\/p>\n\n\n\n<p class=\"wp-block-paragraph\">Durante as f\u00e9rias, esses espa\u00e7os se tornam mais frequentados. Por isso, manter a ventila\u00e7\u00e3o sempre que poss\u00edvel ajuda a reduzir riscos.<\/p>\n\n\n\n<h2 id=\"h-cuidados-necessarios\" class=\"wp-block-heading\">Cuidados necess\u00e1rios<\/h2>\n\n\n\n<p class=\"wp-block-paragraph\">A preven\u00e7\u00e3o n\u00e3o depende de uma \u00fanica medida. O mais eficaz costuma ser a combina\u00e7\u00e3o entre vacina\u00e7\u00e3o, higiene, boa alimenta\u00e7\u00e3o, hidrata\u00e7\u00e3o, ventila\u00e7\u00e3o dos ambientes e acompanhamento m\u00e9dico quando surgem sinais de alerta.<\/p>\n\n\n\n<p class=\"wp-block-paragraph\">Esses cuidados n\u00e3o eliminam completamente o risco de adoecimento, mas podem reduzir a frequ\u00eancia e a gravidade dos quadros.<\/p>\n\n\n\n<h3 id=\"h-manter-a-vacinacao-em-dia\" class=\"wp-block-heading\">Manter a vacina\u00e7\u00e3o em dia<\/h3>\n\n\n\n<p class=\"wp-block-paragraph\">A vacina\u00e7\u00e3o est\u00e1 entre as principais medidas de prote\u00e7\u00e3o, especialmente contra doen\u00e7as que podem causar complica\u00e7\u00f5es respirat\u00f3rias. A vacina contra influenza, por exemplo, ajuda a reduzir o risco de casos graves de gripe.<\/p>\n\n\n\n<p class=\"wp-block-paragraph\">Pais e respons\u00e1veis devem verificar a caderneta vacinal da crian\u00e7a e seguir as orienta\u00e7\u00f5es dos servi\u00e7os de sa\u00fade. A prote\u00e7\u00e3o coletiva tamb\u00e9m importa, j\u00e1 que adultos vacinados ajudam a diminuir a circula\u00e7\u00e3o de v\u00edrus dentro de casa.<\/p>\n\n\n\n<h3 id=\"h-evitar-locais-fechados-e-manter-ventilacao\" class=\"wp-block-heading\">Evitar locais fechados e manter ventila\u00e7\u00e3o<\/h3>\n\n\n\n<p class=\"wp-block-paragraph\">Evitar aglomera\u00e7\u00f5es em per\u00edodos de maior circula\u00e7\u00e3o viral pode ser uma medida prudente, principalmente para beb\u00eas, crian\u00e7as pequenas e pacientes com doen\u00e7as cr\u00f4nicas.<\/p>\n\n\n\n<p class=\"wp-block-paragraph\">Quando n\u00e3o for poss\u00edvel evitar locais fechados, manter janelas abertas, buscar ambientes ventilados e refor\u00e7ar a higiene das m\u00e3os ajuda a reduzir a transmiss\u00e3o.<\/p>\n\n\n\n<h3 id=\"h-alimentacao-e-hidratacao-adequada\" class=\"wp-block-heading\">Alimenta\u00e7\u00e3o e hidrata\u00e7\u00e3o adequada<\/h3>\n\n\n\n<p class=\"wp-block-paragraph\">Uma alimenta\u00e7\u00e3o variada, com frutas, legumes, verduras, prote\u00ednas e alimentos ricos em nutrientes, contribui para o funcionamento do organismo. A hidrata\u00e7\u00e3o tamb\u00e9m precisa ser mantida, mesmo quando a crian\u00e7a sente menos sede no frio.<\/p>\n\n\n\n<p class=\"wp-block-paragraph\">\u00c1gua, refei\u00e7\u00f5es equilibradas e rotina de sono adequada ajudam o corpo a responder melhor \u00e0s infec\u00e7\u00f5es. O cuidado com roupas tamb\u00e9m merece equil\u00edbrio, j\u00e1 que o excesso de agasalhos pode causar suor e desconforto, como orienta a MNPED ao tratar dos cuidados com crian\u00e7as no frio.<\/p>\n\n\n\n<h3 id=\"h-acompanhamento-medico\" class=\"wp-block-heading\">Acompanhamento m\u00e9dico<\/h3>\n\n\n\n<p class=\"wp-block-paragraph\">O acompanhamento pedi\u00e1trico \u00e9 essencial quando os sintomas persistem, pioram ou aparecem de forma intensa. Febre prolongada, dificuldade para respirar, sonol\u00eancia incomum, recusa alimentar, chiado no peito e l\u00e1bios arroxeados s\u00e3o sinais que exigem avalia\u00e7\u00e3o.<\/p>\n\n\n\n<p class=\"wp-block-paragraph\">Para doen\u00e7as que podem evoluir de forma r\u00e1pida e repentina, a tecnologia da <a href=\"https:\/\/www.telelaudo.com.br\/telerradiologia\/\" target=\"_blank\" rel=\"noreferrer noopener\"><strong>telerradiologia<\/strong><\/a> \u00e9 uma aliada para diagn\u00f3sticos e tratamentos mais r\u00e1pidos. Essa tecnologia fortalece o suporte diagn\u00f3stico e pode ser uma aliada importante no cuidado infantil durante o inverno, quando aumentam os casos de doen\u00e7as respirat\u00f3rias.<\/p>\n\n\n\n<p class=\"wp-block-paragraph\"><a href=\"https:\/\/ubirataonline.com.br\/en\/noticias\/\" target=\"_blank\" rel=\"noreferrer noopener\">Mais Not\u00edcias<\/a>&nbsp;<\/p>\n\n\n\n<p class=\"wp-block-paragraph\">Not\u00edcias<\/p>\n\n\n\n<p class=\"wp-block-paragraph\"><a href=\"https:\/\/ubirataonline.com.br\/en\/\" target=\"_blank\" rel=\"noreferrer noopener\">Home Page \u2013 In\u00edcio<\/a><\/p>\n\n\n\n<p class=\"wp-block-paragraph\">See more:&nbsp;<a href=\"https:\/\/theglobaltrack.com\/\" target=\"_blank\" rel=\"noreferrer noopener\">The Global Track<\/a><\/p>\n\n\n\n<p class=\"wp-block-paragraph\"><a href=\"https:\/\/corinthiames.com.br\/\" target=\"_blank\" rel=\"noreferrer noopener\">Corinthia Mes<\/a><\/p>","protected":false},"excerpt":{"rendered":"<p>Durante as f\u00e9rias de inverno, a rotina muda, as crian\u00e7as passam mais tempo em casa, em viagens ou em ambientes fechados, e a aten\u00e7\u00e3o dos pais precisa acompanhar esse movimento.&nbsp; A combina\u00e7\u00e3o entre queda de temperatura, ar mais seco e maior circula\u00e7\u00e3o de v\u00edrus costuma favorecer quadros respirat\u00f3rios, especialmente entre os pequenos. A imunidade infantil [&hellip;]<\/p>\n","protected":false},"author":1,"featured_media":157608,"comment_status":"closed","ping_status":"closed","sticky":false,"template":"","format":"standard","meta":{"googlesitekit_rrm_CAow2JLhCw:productID":"","_gspb_post_css":"","maa_idioma":"","maa_pais":"","footnotes":""},"categories":[30],"tags":[1901,43002,8706,1862],"class_list":["post-157607","post","type-post","status-publish","format-standard","has-post-thumbnail","hentry","category-saude","tag-cuidados","tag-doencas-criancas","tag-ferias","tag-inverno"],"blocksy_meta":[],"yoast_head":"<!-- This site is optimized with the Yoast SEO Premium plugin v27.6 (Yoast SEO v27.6) - https:\/\/yoast.com\/product\/yoast-seo-premium-wordpress\/ -->\n<title>Entenda as doen\u00e7as mais comuns em crian\u00e7as durante as f\u00e9rias de inverno - Ubirat\u00e3 Online Not\u00edcias - A realidade ao seu alcance!<\/title>\n<meta name=\"description\" content=\"Durante as f\u00e9rias de inverno, a rotina muda, as crian\u00e7as passam mais tempo em casa, em viagens ou em ambientes fechados, e a aten\u00e7\u00e3o dos pais precisa\" \/>\n<meta name=\"robots\" content=\"index, follow, max-snippet:-1, max-image-preview:large, max-video-preview:-1\" \/>\n<link rel=\"canonical\" href=\"https:\/\/ubirataonline.com.br\/en\/entenda-as-doencas-mais-comuns-em-criancas-durante-as-ferias-de-inverno\/\" \/>\n<meta property=\"og:locale\" content=\"en_US\" \/>\n<meta property=\"og:type\" content=\"article\" \/>\n<meta property=\"og:title\" content=\"Entenda as doen\u00e7as mais comuns em crian\u00e7as durante as f\u00e9rias de inverno\" \/>\n<meta property=\"og:description\" content=\"Durante as f\u00e9rias de inverno, a rotina muda, as crian\u00e7as passam mais tempo em casa, em viagens ou em ambientes fechados, e a aten\u00e7\u00e3o dos pais precisa\" \/>\n<meta property=\"og:url\" content=\"https:\/\/ubirataonline.com.br\/en\/entenda-as-doencas-mais-comuns-em-criancas-durante-as-ferias-de-inverno\/\" \/>\n<meta property=\"og:site_name\" content=\"Ubirat\u00e3 Online Not\u00edcias - A realidade ao seu alcance!\" \/>\n<meta property=\"article:publisher\" content=\"https:\/\/www.facebook.com\/portalubirataonline\" \/>\n<meta property=\"article:author\" content=\"https:\/\/www.facebook.com\/portalubirataonline\" \/>\n<meta property=\"article:published_time\" content=\"2026-07-24T14:13:41+00:00\" \/>\n<meta property=\"article:modified_time\" content=\"2026-07-24T14:18:44+00:00\" \/>\n<meta property=\"og:image\" content=\"https:\/\/ubirataonline.com.br\/wp-content\/uploads\/2026\/07\/download.jpeg\" \/>\n\t<meta property=\"og:image:width\" content=\"707\" \/>\n\t<meta property=\"og:image:height\" content=\"398\" \/>\n\t<meta property=\"og:image:type\" content=\"image\/jpeg\" \/>\n<meta name=\"author\" content=\"REDA\u00c7\u00c3O: UBIRAT\u00c3 ONLINE - F\u00c1BIO AUGUSTO CELESTINO\" \/>\n<meta name=\"twitter:card\" content=\"summary_large_image\" \/>\n<meta name=\"twitter:creator\" content=\"@x.com\/ubirataonline\" \/>\n<meta name=\"twitter:site\" content=\"@ubirataonline\" \/>\n<meta name=\"twitter:label1\" content=\"Written by\" \/>\n\t<meta name=\"twitter:data1\" content=\"REDA\u00c7\u00c3O: UBIRAT\u00c3 ONLINE - F\u00c1BIO AUGUSTO CELESTINO\" \/>\n\t<meta name=\"twitter:label2\" content=\"Est. reading time\" \/>\n\t<meta name=\"twitter:data2\" content=\"7 minutes\" \/>\n<script type=\"application\/ld+json\" class=\"yoast-schema-graph\">{\"@context\":\"https:\\\/\\\/schema.org\",\"@graph\":[{\"@type\":\"NewsArticle\",\"@id\":\"https:\\\/\\\/ubirataonline.com.br\\\/entenda-as-doencas-mais-comuns-em-criancas-durante-as-ferias-de-inverno\\\/#article\",\"isPartOf\":{\"@id\":\"https:\\\/\\\/ubirataonline.com.br\\\/entenda-as-doencas-mais-comuns-em-criancas-durante-as-ferias-de-inverno\\\/\"},\"author\":{\"name\":\"REDA\u00c7\u00c3O: UBIRAT\u00c3 ONLINE - F\u00c1BIO AUGUSTO CELESTINO\",\"@id\":\"https:\\\/\\\/ubirataonline.com.br\\\/#\\\/schema\\\/person\\\/372f87bbd3fdd79b8556b84c98d0bc1c\"},\"headline\":\"Entenda as doen\u00e7as mais comuns em crian\u00e7as durante as f\u00e9rias de inverno\",\"datePublished\":\"2026-07-24T14:13:41+00:00\",\"dateModified\":\"2026-07-24T14:18:44+00:00\",\"mainEntityOfPage\":{\"@id\":\"https:\\\/\\\/ubirataonline.com.br\\\/entenda-as-doencas-mais-comuns-em-criancas-durante-as-ferias-de-inverno\\\/\"},\"wordCount\":1408,\"publisher\":{\"@id\":\"https:\\\/\\\/ubirataonline.com.br\\\/#organization\"},\"image\":{\"@id\":\"https:\\\/\\\/ubirataonline.com.br\\\/entenda-as-doencas-mais-comuns-em-criancas-durante-as-ferias-de-inverno\\\/#primaryimage\"},\"thumbnailUrl\":\"https:\\\/\\\/ubirataonline.com.br\\\/wp-content\\\/uploads\\\/2026\\\/07\\\/download.jpeg\",\"keywords\":[\"cuidados\",\"Doen\u00e7as Crian\u00e7as\",\"f\u00e9rias\",\"INVERNO\"],\"articleSection\":[\"Sa\u00fade\"],\"inLanguage\":\"en-US\",\"copyrightYear\":\"2026\",\"copyrightHolder\":{\"@id\":\"https:\\\/\\\/ubirataonline.com.br\\\/en\\\/#organization\"}},{\"@type\":\"WebPage\",\"@id\":\"https:\\\/\\\/ubirataonline.com.br\\\/entenda-as-doencas-mais-comuns-em-criancas-durante-as-ferias-de-inverno\\\/\",\"url\":\"https:\\\/\\\/ubirataonline.com.br\\\/entenda-as-doencas-mais-comuns-em-criancas-durante-as-ferias-de-inverno\\\/\",\"name\":\"Entenda as doen\u00e7as mais comuns em crian\u00e7as durante as f\u00e9rias de inverno - Ubirat\u00e3 Online Not\u00edcias - A realidade ao seu alcance!\",\"isPartOf\":{\"@id\":\"https:\\\/\\\/ubirataonline.com.br\\\/#website\"},\"primaryImageOfPage\":{\"@id\":\"https:\\\/\\\/ubirataonline.com.br\\\/entenda-as-doencas-mais-comuns-em-criancas-durante-as-ferias-de-inverno\\\/#primaryimage\"},\"image\":{\"@id\":\"https:\\\/\\\/ubirataonline.com.br\\\/entenda-as-doencas-mais-comuns-em-criancas-durante-as-ferias-de-inverno\\\/#primaryimage\"},\"thumbnailUrl\":\"https:\\\/\\\/ubirataonline.com.br\\\/wp-content\\\/uploads\\\/2026\\\/07\\\/download.jpeg\",\"datePublished\":\"2026-07-24T14:13:41+00:00\",\"dateModified\":\"2026-07-24T14:18:44+00:00\",\"description\":\"Durante as f\u00e9rias de inverno, a rotina muda, as crian\u00e7as passam mais tempo em casa, em viagens ou em ambientes fechados, e a aten\u00e7\u00e3o dos pais precisa\",\"breadcrumb\":{\"@id\":\"https:\\\/\\\/ubirataonline.com.br\\\/entenda-as-doencas-mais-comuns-em-criancas-durante-as-ferias-de-inverno\\\/#breadcrumb\"},\"inLanguage\":\"en-US\",\"potentialAction\":[{\"@type\":\"ReadAction\",\"target\":[\"https:\\\/\\\/ubirataonline.com.br\\\/entenda-as-doencas-mais-comuns-em-criancas-durante-as-ferias-de-inverno\\\/\"]}]},{\"@type\":\"ImageObject\",\"inLanguage\":\"en-US\",\"@id\":\"https:\\\/\\\/ubirataonline.com.br\\\/entenda-as-doencas-mais-comuns-em-criancas-durante-as-ferias-de-inverno\\\/#primaryimage\",\"url\":\"https:\\\/\\\/ubirataonline.com.br\\\/wp-content\\\/uploads\\\/2026\\\/07\\\/download.jpeg\",\"contentUrl\":\"https:\\\/\\\/ubirataonline.com.br\\\/wp-content\\\/uploads\\\/2026\\\/07\\\/download.jpeg\",\"width\":707,\"height\":398,\"caption\":\"O cuidado com a sa\u00fade das crian\u00e7as precisa ser redobrado durante o per\u00edodo de frio\"},{\"@type\":\"BreadcrumbList\",\"@id\":\"https:\\\/\\\/ubirataonline.com.br\\\/entenda-as-doencas-mais-comuns-em-criancas-durante-as-ferias-de-inverno\\\/#breadcrumb\",\"itemListElement\":[{\"@type\":\"ListItem\",\"position\":1,\"name\":\"In\u00edcio\",\"item\":\"https:\\\/\\\/ubirataonline.com.br\\\/\"},{\"@type\":\"ListItem\",\"position\":2,\"name\":\"Entenda as doen\u00e7as mais comuns em crian\u00e7as durante as f\u00e9rias de inverno\"}]},{\"@type\":\"WebSite\",\"@id\":\"https:\\\/\\\/ubirataonline.com.br\\\/#website\",\"url\":\"https:\\\/\\\/ubirataonline.com.br\\\/\",\"name\":\"Ubirat\u00e3 Online Not\u00edcias\",\"description\":\"Not\u00edcias de Ubirat\u00e3, regi\u00e3o, Brasil e mundo, com informa\u00e7\u00e3o atualizada e compromisso com o leitor.\",\"publisher\":{\"@id\":\"https:\\\/\\\/ubirataonline.com.br\\\/#organization\"},\"alternateName\":\"Ubirat\u00e3 Online\",\"potentialAction\":[{\"@type\":\"SearchAction\",\"target\":{\"@type\":\"EntryPoint\",\"urlTemplate\":\"https:\\\/\\\/ubirataonline.com.br\\\/?s={search_term_string}\"},\"query-input\":{\"@type\":\"PropertyValueSpecification\",\"valueRequired\":true,\"valueName\":\"search_term_string\"}}],\"inLanguage\":\"en-US\"},{\"@type\":[\"Organization\",\"Place\"],\"@id\":\"https:\\\/\\\/ubirataonline.com.br\\\/#organization\",\"name\":\"Ubirat\u00e3 Online Not\u00edcias\",\"alternateName\":\"Ubirat\u00e3 Online\",\"url\":\"https:\\\/\\\/ubirataonline.com.br\\\/\",\"logo\":{\"@id\":\"https:\\\/\\\/ubirataonline.com.br\\\/entenda-as-doencas-mais-comuns-em-criancas-durante-as-ferias-de-inverno\\\/#local-main-organization-logo\"},\"image\":{\"@id\":\"https:\\\/\\\/ubirataonline.com.br\\\/entenda-as-doencas-mais-comuns-em-criancas-durante-as-ferias-de-inverno\\\/#local-main-organization-logo\"},\"sameAs\":[\"https:\\\/\\\/www.facebook.com\\\/portalubirataonline\",\"https:\\\/\\\/x.com\\\/ubirataonline\",\"https:\\\/\\\/mastodon.social\\\/@ubirataonline\",\"https:\\\/\\\/www.facebook.com\\\/groups\\\/311144672285604\",\"https:\\\/\\\/www.facebook.com\\\/UBTAOnline\",\"https:\\\/\\\/www.instagram.com\\\/portalubirataonline\\\/\",\"https:\\\/\\\/twitter.com\\\/ubirataonline\"],\"description\":\"Somos um portal de not\u00edcias independente, criado em 5 de janeiro de 2009, com o objetivo de informar, conectar e valorizar a nossa comunidade de Ubirat\u00e3 e toda aregi\u00e3o. Com conte\u00fado atualizado, confi\u00e1vel e relevante, o Ubirat\u00e3 Online \u00e9 o seu espa\u00e7o para ficar por dentro dos principais acontecimentos locais, regionais, Brasil, Mundo e de interesse geral. Nosso compromisso \u00e9 com a verdade, a transpar\u00eancia e o respeito ao leitor.\",\"legalName\":\"UBIRATA ONLINE NOT\u00cdCIAS\",\"foundingDate\":\"2009-01-05\",\"numberOfEmployees\":{\"@type\":\"QuantitativeValue\",\"minValue\":\"1\",\"maxValue\":\"10\"},\"publishingPrinciples\":\"https:\\\/\\\/ubirataonline.com.br\\\/faq\\\/\",\"address\":{\"@id\":\"https:\\\/\\\/ubirataonline.com.br\\\/entenda-as-doencas-mais-comuns-em-criancas-durante-as-ferias-de-inverno\\\/#local-main-place-address\"},\"geo\":{\"@type\":\"GeoCoordinates\",\"latitude\":\"-24.5361401\",\"longitude\":\"-52.9921776\"},\"telephone\":[\"+5544998308235\"],\"contactPoint\":{\"@type\":\"ContactPoint\",\"email\":\"contato@ubirataonline.com.br\"},\"openingHoursSpecification\":{\"@type\":\"OpeningHoursSpecification\",\"dayOfWeek\":[\"Monday\",\"Tuesday\",\"Wednesday\",\"Thursday\",\"Friday\",\"Saturday\",\"Sunday\"],\"opens\":\"00:00\",\"closes\":\"23:59\"},\"email\":\"contato@ubirataonline.com.br\",\"vatID\":\"47.621.418\\\/0001-80\"},{\"@type\":\"Person\",\"@id\":\"https:\\\/\\\/ubirataonline.com.br\\\/#\\\/schema\\\/person\\\/372f87bbd3fdd79b8556b84c98d0bc1c\",\"name\":\"REDA\u00c7\u00c3O: UBIRAT\u00c3 ONLINE - F\u00c1BIO AUGUSTO CELESTINO\",\"pronouns\":\"Ele\",\"description\":\"Desde 2003 trabalhando com not\u00edcias.\",\"sameAs\":[\"http:\\\/\\\/ubirataoline.com.br\",\"https:\\\/\\\/www.facebook.com\\\/portalubirataonline\",\"https:\\\/\\\/www.instagram.com\\\/ubirataonline_oficial\",\"https:\\\/\\\/x.com\\\/x.com\\\/ubirataonline\"],\"honorificPrefix\":\"Mr.\",\"honorificSuffix\":\"MD\",\"birthDate\":\"1980-06-16\",\"gender\":\"masculino\",\"award\":[\"V\u00e1rios pr\u00eamios de melhor portal da cidade\"],\"jobTitle\":\"Diretor\",\"url\":\"https:\\\/\\\/ubirataonline.com.br\\\/en\\\/author\\\/ubirataonline\\\/\"},{\"@type\":\"PostalAddress\",\"@id\":\"https:\\\/\\\/ubirataonline.com.br\\\/entenda-as-doencas-mais-comuns-em-criancas-durante-as-ferias-de-inverno\\\/#local-main-place-address\",\"streetAddress\":\"Rua dos Coqueiros, 104 - Bairro Boa Vista, Rua dos Coqueiros, 104 Bairro Boa Vista\",\"addressLocality\":\"UBIRATA\",\"postalCode\":\"85440-000\",\"addressRegion\":\"PR\",\"addressCountry\":\"BR\"},{\"@type\":\"ImageObject\",\"inLanguage\":\"en-US\",\"@id\":\"https:\\\/\\\/ubirataonline.com.br\\\/entenda-as-doencas-mais-comuns-em-criancas-durante-as-ferias-de-inverno\\\/#local-main-organization-logo\",\"url\":\"https:\\\/\\\/ubirataonline.com.br\\\/wp-content\\\/uploads\\\/2026\\\/06\\\/logoubirataonline-1.webp\",\"contentUrl\":\"https:\\\/\\\/ubirataonline.com.br\\\/wp-content\\\/uploads\\\/2026\\\/06\\\/logoubirataonline-1.webp\",\"width\":500,\"height\":500,\"caption\":\"Ubirat\u00e3 Online Not\u00edcias\"}]}<\/script>\n<meta name=\"geo.placename\" content=\"UBIRATA\" \/>\n<meta name=\"geo.position\" content=\"-24.5361401;-52.9921776\" \/>\n<meta name=\"geo.region\" content=\"Brazil\" \/>\n<!-- \/ Yoast SEO Premium plugin. -->","yoast_head_json":{"title":"Entenda as doen\u00e7as mais comuns em crian\u00e7as durante as f\u00e9rias de inverno - Ubirat\u00e3 Online Not\u00edcias - A realidade ao seu alcance!","description":"Durante as f\u00e9rias de inverno, a rotina muda, as crian\u00e7as passam mais tempo em casa, em viagens ou em ambientes fechados, e a aten\u00e7\u00e3o dos pais precisa","robots":{"index":"index","follow":"follow","max-snippet":"max-snippet:-1","max-image-preview":"max-image-preview:large","max-video-preview":"max-video-preview:-1"},"canonical":"https:\/\/ubirataonline.com.br\/en\/entenda-as-doencas-mais-comuns-em-criancas-durante-as-ferias-de-inverno\/","og_locale":"en_US","og_type":"article","og_title":"Entenda as doen\u00e7as mais comuns em crian\u00e7as durante as f\u00e9rias de inverno","og_description":"Durante as f\u00e9rias de inverno, a rotina muda, as crian\u00e7as passam mais tempo em casa, em viagens ou em ambientes fechados, e a aten\u00e7\u00e3o dos pais precisa","og_url":"https:\/\/ubirataonline.com.br\/en\/entenda-as-doencas-mais-comuns-em-criancas-durante-as-ferias-de-inverno\/","og_site_name":"Ubirat\u00e3 Online Not\u00edcias - A realidade ao seu alcance!","article_publisher":"https:\/\/www.facebook.com\/portalubirataonline","article_author":"https:\/\/www.facebook.com\/portalubirataonline","article_published_time":"2026-07-24T14:13:41+00:00","article_modified_time":"2026-07-24T14:18:44+00:00","og_image":[{"width":707,"height":398,"url":"https:\/\/ubirataonline.com.br\/wp-content\/uploads\/2026\/07\/download.jpeg","type":"image\/jpeg"}],"author":"REDA\u00c7\u00c3O: UBIRAT\u00c3 ONLINE - F\u00c1BIO AUGUSTO CELESTINO","twitter_card":"summary_large_image","twitter_creator":"@x.com\/ubirataonline","twitter_site":"@ubirataonline","twitter_misc":{"Written by":"REDA\u00c7\u00c3O: UBIRAT\u00c3 ONLINE - F\u00c1BIO AUGUSTO CELESTINO","Est. reading time":"7 minutes"},"schema":{"@context":"https:\/\/schema.org","@graph":[{"@type":"NewsArticle","@id":"https:\/\/ubirataonline.com.br\/entenda-as-doencas-mais-comuns-em-criancas-durante-as-ferias-de-inverno\/#article","isPartOf":{"@id":"https:\/\/ubirataonline.com.br\/entenda-as-doencas-mais-comuns-em-criancas-durante-as-ferias-de-inverno\/"},"author":{"name":"REDA\u00c7\u00c3O: UBIRAT\u00c3 ONLINE - F\u00c1BIO AUGUSTO CELESTINO","@id":"https:\/\/ubirataonline.com.br\/#\/schema\/person\/372f87bbd3fdd79b8556b84c98d0bc1c"},"headline":"Entenda as doen\u00e7as mais comuns em crian\u00e7as durante as f\u00e9rias de inverno","datePublished":"2026-07-24T14:13:41+00:00","dateModified":"2026-07-24T14:18:44+00:00","mainEntityOfPage":{"@id":"https:\/\/ubirataonline.com.br\/entenda-as-doencas-mais-comuns-em-criancas-durante-as-ferias-de-inverno\/"},"wordCount":1408,"publisher":{"@id":"https:\/\/ubirataonline.com.br\/#organization"},"image":{"@id":"https:\/\/ubirataonline.com.br\/entenda-as-doencas-mais-comuns-em-criancas-durante-as-ferias-de-inverno\/#primaryimage"},"thumbnailUrl":"https:\/\/ubirataonline.com.br\/wp-content\/uploads\/2026\/07\/download.jpeg","keywords":["cuidados","Doen\u00e7as Crian\u00e7as","f\u00e9rias","INVERNO"],"articleSection":["Sa\u00fade"],"inLanguage":"en-US","copyrightYear":"2026","copyrightHolder":{"@id":"https:\/\/ubirataonline.com.br\/en\/#organization"}},{"@type":"WebPage","@id":"https:\/\/ubirataonline.com.br\/entenda-as-doencas-mais-comuns-em-criancas-durante-as-ferias-de-inverno\/","url":"https:\/\/ubirataonline.com.br\/entenda-as-doencas-mais-comuns-em-criancas-durante-as-ferias-de-inverno\/","name":"Entenda as doen\u00e7as mais comuns em crian\u00e7as durante as f\u00e9rias de inverno - Ubirat\u00e3 Online Not\u00edcias - A realidade ao seu alcance!","isPartOf":{"@id":"https:\/\/ubirataonline.com.br\/#website"},"primaryImageOfPage":{"@id":"https:\/\/ubirataonline.com.br\/entenda-as-doencas-mais-comuns-em-criancas-durante-as-ferias-de-inverno\/#primaryimage"},"image":{"@id":"https:\/\/ubirataonline.com.br\/entenda-as-doencas-mais-comuns-em-criancas-durante-as-ferias-de-inverno\/#primaryimage"},"thumbnailUrl":"https:\/\/ubirataonline.com.br\/wp-content\/uploads\/2026\/07\/download.jpeg","datePublished":"2026-07-24T14:13:41+00:00","dateModified":"2026-07-24T14:18:44+00:00","description":"Durante as f\u00e9rias de inverno, a rotina muda, as crian\u00e7as passam mais tempo em casa, em viagens ou em ambientes fechados, e a aten\u00e7\u00e3o dos pais precisa","breadcrumb":{"@id":"https:\/\/ubirataonline.com.br\/entenda-as-doencas-mais-comuns-em-criancas-durante-as-ferias-de-inverno\/#breadcrumb"},"inLanguage":"en-US","potentialAction":[{"@type":"ReadAction","target":["https:\/\/ubirataonline.com.br\/entenda-as-doencas-mais-comuns-em-criancas-durante-as-ferias-de-inverno\/"]}]},{"@type":"ImageObject","inLanguage":"en-US","@id":"https:\/\/ubirataonline.com.br\/entenda-as-doencas-mais-comuns-em-criancas-durante-as-ferias-de-inverno\/#primaryimage","url":"https:\/\/ubirataonline.com.br\/wp-content\/uploads\/2026\/07\/download.jpeg","contentUrl":"https:\/\/ubirataonline.com.br\/wp-content\/uploads\/2026\/07\/download.jpeg","width":707,"height":398,"caption":"O cuidado com a sa\u00fade das crian\u00e7as precisa ser redobrado durante o per\u00edodo de frio"},{"@type":"BreadcrumbList","@id":"https:\/\/ubirataonline.com.br\/entenda-as-doencas-mais-comuns-em-criancas-durante-as-ferias-de-inverno\/#breadcrumb","itemListElement":[{"@type":"ListItem","position":1,"name":"In\u00edcio","item":"https:\/\/ubirataonline.com.br\/"},{"@type":"ListItem","position":2,"name":"Entenda as doen\u00e7as mais comuns em crian\u00e7as durante as f\u00e9rias de inverno"}]},{"@type":"WebSite","@id":"https:\/\/ubirataonline.com.br\/#website","url":"https:\/\/ubirataonline.com.br\/","name":"Ubirat\u00e3 Online Not\u00edcias","description":"Not\u00edcias de Ubirat\u00e3, regi\u00e3o, Brasil e mundo, com informa\u00e7\u00e3o atualizada e compromisso com o leitor.","publisher":{"@id":"https:\/\/ubirataonline.com.br\/#organization"},"alternateName":"Ubirat\u00e3 Online","potentialAction":[{"@type":"SearchAction","target":{"@type":"EntryPoint","urlTemplate":"https:\/\/ubirataonline.com.br\/?s={search_term_string}"},"query-input":{"@type":"PropertyValueSpecification","valueRequired":true,"valueName":"search_term_string"}}],"inLanguage":"en-US"},{"@type":["Organization","Place"],"@id":"https:\/\/ubirataonline.com.br\/#organization","name":"Ubirat\u00e3 Online Not\u00edcias","alternateName":"Ubirat\u00e3 Online","url":"https:\/\/ubirataonline.com.br\/","logo":{"@id":"https:\/\/ubirataonline.com.br\/entenda-as-doencas-mais-comuns-em-criancas-durante-as-ferias-de-inverno\/#local-main-organization-logo"},"image":{"@id":"https:\/\/ubirataonline.com.br\/entenda-as-doencas-mais-comuns-em-criancas-durante-as-ferias-de-inverno\/#local-main-organization-logo"},"sameAs":["https:\/\/www.facebook.com\/portalubirataonline","https:\/\/x.com\/ubirataonline","https:\/\/mastodon.social\/@ubirataonline","https:\/\/www.facebook.com\/groups\/311144672285604","https:\/\/www.facebook.com\/UBTAOnline","https:\/\/www.instagram.com\/portalubirataonline\/","https:\/\/twitter.com\/ubirataonline"],"description":"Somos um portal de not\u00edcias independente, criado em 5 de janeiro de 2009, com o objetivo de informar, conectar e valorizar a nossa comunidade de Ubirat\u00e3 e toda aregi\u00e3o. Com conte\u00fado atualizado, confi\u00e1vel e relevante, o Ubirat\u00e3 Online \u00e9 o seu espa\u00e7o para ficar por dentro dos principais acontecimentos locais, regionais, Brasil, Mundo e de interesse geral. Nosso compromisso \u00e9 com a verdade, a transpar\u00eancia e o respeito ao leitor.","legalName":"UBIRATA ONLINE NOT\u00cdCIAS","foundingDate":"2009-01-05","numberOfEmployees":{"@type":"QuantitativeValue","minValue":"1","maxValue":"10"},"publishingPrinciples":"https:\/\/ubirataonline.com.br\/faq\/","address":{"@id":"https:\/\/ubirataonline.com.br\/entenda-as-doencas-mais-comuns-em-criancas-durante-as-ferias-de-inverno\/#local-main-place-address"},"geo":{"@type":"GeoCoordinates","latitude":"-24.5361401","longitude":"-52.9921776"},"telephone":["+5544998308235"],"contactPoint":{"@type":"ContactPoint","email":"contato@ubirataonline.com.br"},"openingHoursSpecification":{"@type":"OpeningHoursSpecification","dayOfWeek":["Monday","Tuesday","Wednesday","Thursday","Friday","Saturday","Sunday"],"opens":"00:00","closes":"23:59"},"email":"contato@ubirataonline.com.br","vatID":"47.621.418\/0001-80"},{"@type":"Person","@id":"https:\/\/ubirataonline.com.br\/#\/schema\/person\/372f87bbd3fdd79b8556b84c98d0bc1c","name":"REDA\u00c7\u00c3O: UBIRAT\u00c3 ONLINE - F\u00c1BIO AUGUSTO CELESTINO","pronouns":"Ele","description":"Desde 2003 trabalhando com not\u00edcias.","sameAs":["http:\/\/ubirataoline.com.br","https:\/\/www.facebook.com\/portalubirataonline","https:\/\/www.instagram.com\/ubirataonline_oficial","https:\/\/x.com\/x.com\/ubirataonline"],"honorificPrefix":"Mr.","honorificSuffix":"MD","birthDate":"1980-06-16","gender":"masculino","award":["V\u00e1rios pr\u00eamios de melhor portal da cidade"],"jobTitle":"Diretor","url":"https:\/\/ubirataonline.com.br\/en\/author\/ubirataonline\/"},{"@type":"PostalAddress","@id":"https:\/\/ubirataonline.com.br\/entenda-as-doencas-mais-comuns-em-criancas-durante-as-ferias-de-inverno\/#local-main-place-address","streetAddress":"Rua dos Coqueiros, 104 - Bairro Boa Vista, Rua dos Coqueiros, 104 Bairro Boa Vista","addressLocality":"UBIRATA","postalCode":"85440-000","addressRegion":"PR","addressCountry":"BR"},{"@type":"ImageObject","inLanguage":"en-US","@id":"https:\/\/ubirataonline.com.br\/entenda-as-doencas-mais-comuns-em-criancas-durante-as-ferias-de-inverno\/#local-main-organization-logo","url":"https:\/\/ubirataonline.com.br\/wp-content\/uploads\/2026\/06\/logoubirataonline-1.webp","contentUrl":"https:\/\/ubirataonline.com.br\/wp-content\/uploads\/2026\/06\/logoubirataonline-1.webp","width":500,"height":500,"caption":"Ubirat\u00e3 Online Not\u00edcias"}]},"geo.placename":"UBIRATA","geo.position":{"lat":"-24.5361401","long":"-52.9921776"},"geo.region":"Brazil"},"_links":{"self":[{"href":"https:\/\/ubirataonline.com.br\/en\/wp-json\/wp\/v2\/posts\/157607","targetHints":{"allow":["GET"]}}],"collection":[{"href":"https:\/\/ubirataonline.com.br\/en\/wp-json\/wp\/v2\/posts"}],"about":[{"href":"https:\/\/ubirataonline.com.br\/en\/wp-json\/wp\/v2\/types\/post"}],"author":[{"embeddable":true,"href":"https:\/\/ubirataonline.com.br\/en\/wp-json\/wp\/v2\/users\/1"}],"replies":[{"embeddable":true,"href":"https:\/\/ubirataonline.com.br\/en\/wp-json\/wp\/v2\/comments?post=157607"}],"version-history":[{"count":0,"href":"https:\/\/ubirataonline.com.br\/en\/wp-json\/wp\/v2\/posts\/157607\/revisions"}],"wp:featuredmedia":[{"embeddable":true,"href":"https:\/\/ubirataonline.com.br\/en\/wp-json\/wp\/v2\/media\/157608"}],"wp:attachment":[{"href":"https:\/\/ubirataonline.com.br\/en\/wp-json\/wp\/v2\/media?parent=157607"}],"wp:term":[{"taxonomy":"category","embeddable":true,"href":"https:\/\/ubirataonline.com.br\/en\/wp-json\/wp\/v2\/categories?post=157607"},{"taxonomy":"post_tag","embeddable":true,"href":"https:\/\/ubirataonline.com.br\/en\/wp-json\/wp\/v2\/tags?post=157607"}],"curies":[{"name":"wp","href":"https:\/\/api.w.org\/{rel}","templated":true}]}}