{"id":157728,"date":"2026-07-24T18:24:45","date_gmt":"2026-07-24T21:24:45","guid":{"rendered":"https:\/\/ubirataonline.com.br\/video-donas-de-mercado-suspeitam-de-furto-e-agridem-homem-com-cabo-de-rodo-e-ch\/"},"modified":"2026-07-24T18:24:45","modified_gmt":"2026-07-24T21:24:45","slug":"video-donas-de-mercado-suspeitam-de-furto-e-agridem-homem-com-cabo-de-rodo-e-ch","status":"publish","type":"post","link":"https:\/\/ubirataonline.com.br\/en\/video-donas-de-mercado-suspeitam-de-furto-e-agridem-homem-com-cabo-de-rodo-e-ch\/","title":{"rendered":"V\u00cdDEO: Donas de mercado suspeitam de furto e agridem homem com cabo de rodo e ch"},"content":{"rendered":"<p><a href=\"http:\/\/instagram.com\/p\/DbLYUHHx6zc\"><\/a><\/p>\n<blockquote class=\"instagram-media\"  data-instgrm-permalink=\"https:\/\/www.instagram.com\/reel\/DbLYUHHx6zc\/\" data-instgrm-version=\"14\" style=\" background:#FFF; border:0; border-radius:3px; box-shadow:0 0 1px 0 rgba(0,0,0,0.5),0 1px 10px 0 rgba(0,0,0,0.15); margin: 1px; max-width:540px; min-width:326px; padding:0; width:99.375%; width:-webkit-calc(100% - 2px); width:calc(100% - 2px);\"><p>&nbsp;<\/p><\/blockquote>\n<p> <script async src=\"\/\/www.instagram.com\/embed.js\"><\/script>&#x1f6a8; V\u00cdDEO: Donas de mercado suspeitam de furto e agridem homem com cabo de rodo e chineladas em Toledo<\/p>\n<p>Um homem foi agredido por tr\u00eas mulheres ap\u00f3s ser suspeito de tentar furtar um par de chinelos em um mercado de Toledo, no oeste do Paran\u00e1. A confus\u00e3o, registrada por c\u00e2meras de seguran\u00e7a, aconteceu na \u00faltima quarta-feira (22).<\/p>\n<p>Nas imagens, uma das propriet\u00e1rias fecha a porta do estabelecimento e confronta o suspeito. Em seguida, ele \u00e9 atingido com um cabo de rodo, al\u00e9m de receber chineladas e tapas. Durante a a\u00e7\u00e3o, o homem pede desculpas e afirma que n\u00e3o reagir\u00e1 \u00e0s agress\u00f5es.<\/p>\n<p>Segundo a fam\u00edlia propriet\u00e1ria do mercado, o suspeito j\u00e1 teria cometido outros pequenos furtos no local, mas nenhum boletim de ocorr\u00eancia foi registrado, nem nos casos anteriores nem ap\u00f3s este epis\u00f3dio.<\/p>\n<p>&#x1f3a5; As imagens da confus\u00e3o repercutiram nas redes sociais e dividem opini\u00f5es entre quem defende a atitude das comerciantes e quem critica as agress\u00f5es.<\/p>\n<p>&#x1f4ac; O que voc\u00ea acha dessa situa\u00e7\u00e3o? Comente sua opini\u00e3o.<\/p>\n<p>#Toledopr #parana #oestedoparana #paranaense #cafelandia24h<\/p>\n<p><a href=\"http:\/\/instagram.com\/p\/DbLYUHHx6zc\">Source<\/a><\/p>\n<p><a href=\"https:\/\/ubirataonline.com.br\/en\/noticias\/\" target=\"_blank\" rel=\"noopener noreferrer\">Mais Not\u00edcias<\/a><\/p>\n<p><a href=\"https:\/\/ubirataonline.com.br\/en\/\" target=\"_blank\" rel=\"noopener noreferrer\">Home Page &#8211; In\u00edcio<\/a><\/p>\n<p><a href=\"http:\/\/instagram.com\/p\/DbLYUHHx6zc\">Source link <\/a><br \/>\nMore: <a href=\"https:\/\/theglobaltrack.com\/\" target=\"_blank\" rel=\"noopener noreferrer\">The Global Track<\/a><\/p>\n<p><a href=\"https:\/\/corinthiames.com.br\/\" target=\"_blank\" rel=\"noopener noreferrer\">Corinthia Mes<\/a><\/p>","protected":false},"excerpt":{"rendered":"<p>&nbsp; &#x1f6a8; V\u00cdDEO: Donas de mercado suspeitam de furto e agridem homem com cabo de rodo e chineladas em Toledo Um homem foi agredido por tr\u00eas mulheres ap\u00f3s ser suspeito de tentar furtar um par de chinelos em um mercado de Toledo, no oeste do Paran\u00e1. A confus\u00e3o, registrada por c\u00e2meras de seguran\u00e7a, aconteceu na [&hellip;]<\/p>\n","protected":false},"author":1,"featured_media":157729,"comment_status":"","ping_status":"","sticky":false,"template":"","format":"standard","meta":{"googlesitekit_rrm_CAow2JLhCw:productID":"","_gspb_post_css":"","maa_idioma":"","maa_pais":"","footnotes":""},"categories":[1],"tags":[43031,21271,42659,7296,1609,105,3323,42728,90,3135,43032,43030,43029,2738],"class_list":["post-157728","post","type-post","status-publish","format-standard","has-post-thumbnail","hentry","category-ubirata","tag-agridem","tag-cabo","tag-cafelandia24h","tag-donas","tag-furto","tag-homem","tag-mercado","tag-oestedoparana","tag-parana","tag-paranaense","tag-rodo","tag-suspeitam","tag-toledopr","tag-video"],"blocksy_meta":[],"yoast_head":"<!-- This site is optimized with the Yoast SEO Premium plugin v27.6 (Yoast SEO v27.6) - https:\/\/yoast.com\/product\/yoast-seo-premium-wordpress\/ -->\n<title>V\u00cdDEO: Donas de mercado suspeitam de furto e agridem homem com cabo de rodo e ch - Ubirat\u00e3 Online Not\u00edcias - A realidade ao seu alcance!<\/title>\n<meta name=\"description\" content=\"&nbsp; &#x1f6a8; V\u00cdDEO: Donas de mercado suspeitam de furto e agridem homem com cabo de rodo e chineladas em Toledo Um homem foi agredido por tr\u00eas\" \/>\n<meta name=\"robots\" content=\"index, follow, max-snippet:-1, max-image-preview:large, max-video-preview:-1\" \/>\n<link rel=\"canonical\" href=\"http:\/\/instagram.com\/p\/DbLYUHHx6zc\" \/>\n<meta property=\"og:locale\" content=\"en_US\" \/>\n<meta property=\"og:type\" content=\"article\" \/>\n<meta property=\"og:title\" content=\"V\u00cdDEO: Donas de mercado suspeitam de furto e agridem homem com cabo de rodo e ch\" \/>\n<meta property=\"og:description\" content=\"&nbsp; &#x1f6a8; V\u00cdDEO: Donas de mercado suspeitam de furto e agridem homem com cabo de rodo e chineladas em Toledo Um homem foi agredido por tr\u00eas\" \/>\n<meta property=\"og:url\" content=\"http:\/\/instagram.com\/p\/DbLYUHHx6zc\" \/>\n<meta property=\"og:site_name\" content=\"Ubirat\u00e3 Online Not\u00edcias - A realidade ao seu alcance!\" \/>\n<meta property=\"article:publisher\" content=\"https:\/\/www.facebook.com\/portalubirataonline\" \/>\n<meta property=\"article:author\" content=\"https:\/\/www.facebook.com\/portalubirataonline\" \/>\n<meta property=\"article:published_time\" content=\"2026-07-24T21:24:45+00:00\" \/>\n<meta property=\"og:image\" content=\"https:\/\/ubirataonline.com.br\/wp-content\/uploads\/2026\/07\/1784928286_755951815_18113640659316740_6836639895605588641_n.jpg\" \/>\n\t<meta property=\"og:image:width\" content=\"726\" \/>\n\t<meta property=\"og:image:height\" content=\"1290\" \/>\n\t<meta property=\"og:image:type\" content=\"image\/jpeg\" \/>\n<meta name=\"author\" content=\"REDA\u00c7\u00c3O: UBIRAT\u00c3 ONLINE - F\u00c1BIO AUGUSTO CELESTINO\" \/>\n<meta name=\"twitter:card\" content=\"summary_large_image\" \/>\n<meta name=\"twitter:creator\" content=\"@x.com\/ubirataonline\" \/>\n<meta name=\"twitter:site\" content=\"@ubirataonline\" \/>\n<meta name=\"twitter:label1\" content=\"Written by\" \/>\n\t<meta name=\"twitter:data1\" content=\"REDA\u00c7\u00c3O: UBIRAT\u00c3 ONLINE - F\u00c1BIO AUGUSTO CELESTINO\" \/>\n\t<meta name=\"twitter:label2\" content=\"Est. reading time\" \/>\n\t<meta name=\"twitter:data2\" content=\"1 minute\" \/>\n<script type=\"application\/ld+json\" class=\"yoast-schema-graph\">{\"@context\":\"https:\\\/\\\/schema.org\",\"@graph\":[{\"@type\":\"NewsArticle\",\"@id\":\"http:\\\/\\\/instagram.com\\\/p\\\/DbLYUHHx6zc#article\",\"isPartOf\":{\"@id\":\"https:\\\/\\\/ubirataonline.com.br\\\/video-donas-de-mercado-suspeitam-de-furto-e-agridem-homem-com-cabo-de-rodo-e-ch\\\/\"},\"author\":{\"name\":\"REDA\u00c7\u00c3O: UBIRAT\u00c3 ONLINE - F\u00c1BIO AUGUSTO CELESTINO\",\"@id\":\"https:\\\/\\\/ubirataonline.com.br\\\/#\\\/schema\\\/person\\\/372f87bbd3fdd79b8556b84c98d0bc1c\"},\"headline\":\"V\u00cdDEO: Donas de mercado suspeitam de furto e agridem homem com cabo de rodo e ch\",\"datePublished\":\"2026-07-24T21:24:45+00:00\",\"mainEntityOfPage\":{\"@id\":\"https:\\\/\\\/ubirataonline.com.br\\\/video-donas-de-mercado-suspeitam-de-furto-e-agridem-homem-com-cabo-de-rodo-e-ch\\\/\"},\"wordCount\":232,\"publisher\":{\"@id\":\"https:\\\/\\\/ubirataonline.com.br\\\/#organization\"},\"image\":{\"@id\":\"http:\\\/\\\/instagram.com\\\/p\\\/DbLYUHHx6zc#primaryimage\"},\"thumbnailUrl\":\"https:\\\/\\\/ubirataonline.com.br\\\/wp-content\\\/uploads\\\/2026\\\/07\\\/1784928286_755951815_18113640659316740_6836639895605588641_n.jpg\",\"keywords\":[\"agridem\",\"Cabo\",\"cafelandia24h\",\"donas\",\"Furto\",\"homem\",\"Mercado\",\"oestedoparana\",\"paran\u00e1\",\"paranaense\",\"rodo\",\"suspeitam\",\"Toledopr\",\"Video\"],\"articleSection\":[\"Ubirat\u00e3\"],\"inLanguage\":\"en-US\",\"copyrightYear\":\"2026\",\"copyrightHolder\":{\"@id\":\"https:\\\/\\\/ubirataonline.com.br\\\/en\\\/#organization\"}},{\"@type\":\"WebPage\",\"@id\":\"https:\\\/\\\/ubirataonline.com.br\\\/video-donas-de-mercado-suspeitam-de-furto-e-agridem-homem-com-cabo-de-rodo-e-ch\\\/\",\"url\":\"http:\\\/\\\/instagram.com\\\/p\\\/DbLYUHHx6zc\",\"name\":\"V\u00cdDEO: Donas de mercado suspeitam de furto e agridem homem com cabo de rodo e ch - Ubirat\u00e3 Online Not\u00edcias - A realidade ao seu alcance!\",\"isPartOf\":{\"@id\":\"https:\\\/\\\/ubirataonline.com.br\\\/#website\"},\"primaryImageOfPage\":{\"@id\":\"http:\\\/\\\/instagram.com\\\/p\\\/DbLYUHHx6zc#primaryimage\"},\"image\":{\"@id\":\"http:\\\/\\\/instagram.com\\\/p\\\/DbLYUHHx6zc#primaryimage\"},\"thumbnailUrl\":\"https:\\\/\\\/ubirataonline.com.br\\\/wp-content\\\/uploads\\\/2026\\\/07\\\/1784928286_755951815_18113640659316740_6836639895605588641_n.jpg\",\"datePublished\":\"2026-07-24T21:24:45+00:00\",\"description\":\"&nbsp; &#x1f6a8; V\u00cdDEO: Donas de mercado suspeitam de furto e agridem homem com cabo de rodo e chineladas em Toledo Um homem foi agredido por tr\u00eas\",\"breadcrumb\":{\"@id\":\"http:\\\/\\\/instagram.com\\\/p\\\/DbLYUHHx6zc#breadcrumb\"},\"inLanguage\":\"en-US\",\"potentialAction\":[{\"@type\":\"ReadAction\",\"target\":[\"http:\\\/\\\/instagram.com\\\/p\\\/DbLYUHHx6zc\"]}]},{\"@type\":\"ImageObject\",\"inLanguage\":\"en-US\",\"@id\":\"http:\\\/\\\/instagram.com\\\/p\\\/DbLYUHHx6zc#primaryimage\",\"url\":\"https:\\\/\\\/ubirataonline.com.br\\\/wp-content\\\/uploads\\\/2026\\\/07\\\/1784928286_755951815_18113640659316740_6836639895605588641_n.jpg\",\"contentUrl\":\"https:\\\/\\\/ubirataonline.com.br\\\/wp-content\\\/uploads\\\/2026\\\/07\\\/1784928286_755951815_18113640659316740_6836639895605588641_n.jpg\",\"width\":726,\"height\":1290},{\"@type\":\"BreadcrumbList\",\"@id\":\"http:\\\/\\\/instagram.com\\\/p\\\/DbLYUHHx6zc#breadcrumb\",\"itemListElement\":[{\"@type\":\"ListItem\",\"position\":1,\"name\":\"In\u00edcio\",\"item\":\"https:\\\/\\\/ubirataonline.com.br\\\/\"},{\"@type\":\"ListItem\",\"position\":2,\"name\":\"V\u00cdDEO: Donas de mercado suspeitam de furto e agridem homem com cabo de rodo e ch\"}]},{\"@type\":\"WebSite\",\"@id\":\"https:\\\/\\\/ubirataonline.com.br\\\/#website\",\"url\":\"https:\\\/\\\/ubirataonline.com.br\\\/\",\"name\":\"Ubirat\u00e3 Online Not\u00edcias\",\"description\":\"Not\u00edcias de Ubirat\u00e3, regi\u00e3o, Brasil e mundo, com informa\u00e7\u00e3o atualizada e compromisso com o leitor.\",\"publisher\":{\"@id\":\"https:\\\/\\\/ubirataonline.com.br\\\/#organization\"},\"alternateName\":\"Ubirat\u00e3 Online\",\"potentialAction\":[{\"@type\":\"SearchAction\",\"target\":{\"@type\":\"EntryPoint\",\"urlTemplate\":\"https:\\\/\\\/ubirataonline.com.br\\\/?s={search_term_string}\"},\"query-input\":{\"@type\":\"PropertyValueSpecification\",\"valueRequired\":true,\"valueName\":\"search_term_string\"}}],\"inLanguage\":\"en-US\"},{\"@type\":[\"Organization\",\"Place\"],\"@id\":\"https:\\\/\\\/ubirataonline.com.br\\\/#organization\",\"name\":\"Ubirat\u00e3 Online Not\u00edcias\",\"alternateName\":\"Ubirat\u00e3 Online\",\"url\":\"https:\\\/\\\/ubirataonline.com.br\\\/\",\"logo\":{\"@id\":\"http:\\\/\\\/instagram.com\\\/p\\\/DbLYUHHx6zc#local-main-organization-logo\"},\"image\":{\"@id\":\"http:\\\/\\\/instagram.com\\\/p\\\/DbLYUHHx6zc#local-main-organization-logo\"},\"sameAs\":[\"https:\\\/\\\/www.facebook.com\\\/portalubirataonline\",\"https:\\\/\\\/x.com\\\/ubirataonline\",\"https:\\\/\\\/mastodon.social\\\/@ubirataonline\",\"https:\\\/\\\/www.facebook.com\\\/groups\\\/311144672285604\",\"https:\\\/\\\/www.facebook.com\\\/UBTAOnline\",\"https:\\\/\\\/www.instagram.com\\\/portalubirataonline\\\/\",\"https:\\\/\\\/twitter.com\\\/ubirataonline\"],\"description\":\"Somos um portal de not\u00edcias independente, criado em 5 de janeiro de 2009, com o objetivo de informar, conectar e valorizar a nossa comunidade de Ubirat\u00e3 e toda aregi\u00e3o. Com conte\u00fado atualizado, confi\u00e1vel e relevante, o Ubirat\u00e3 Online \u00e9 o seu espa\u00e7o para ficar por dentro dos principais acontecimentos locais, regionais, Brasil, Mundo e de interesse geral. Nosso compromisso \u00e9 com a verdade, a transpar\u00eancia e o respeito ao leitor.\",\"legalName\":\"UBIRATA ONLINE NOT\u00cdCIAS\",\"foundingDate\":\"2009-01-05\",\"numberOfEmployees\":{\"@type\":\"QuantitativeValue\",\"minValue\":\"1\",\"maxValue\":\"10\"},\"publishingPrinciples\":\"https:\\\/\\\/ubirataonline.com.br\\\/faq\\\/\",\"address\":{\"@id\":\"http:\\\/\\\/instagram.com\\\/p\\\/DbLYUHHx6zc#local-main-place-address\"},\"geo\":{\"@type\":\"GeoCoordinates\",\"latitude\":\"-24.5361401\",\"longitude\":\"-52.9921776\"},\"telephone\":[\"+5544998308235\"],\"contactPoint\":{\"@type\":\"ContactPoint\",\"email\":\"contato@ubirataonline.com.br\"},\"openingHoursSpecification\":{\"@type\":\"OpeningHoursSpecification\",\"dayOfWeek\":[\"Monday\",\"Tuesday\",\"Wednesday\",\"Thursday\",\"Friday\",\"Saturday\",\"Sunday\"],\"opens\":\"00:00\",\"closes\":\"23:59\"},\"email\":\"contato@ubirataonline.com.br\",\"vatID\":\"47.621.418\\\/0001-80\"},{\"@type\":\"Person\",\"@id\":\"https:\\\/\\\/ubirataonline.com.br\\\/#\\\/schema\\\/person\\\/372f87bbd3fdd79b8556b84c98d0bc1c\",\"name\":\"REDA\u00c7\u00c3O: UBIRAT\u00c3 ONLINE - F\u00c1BIO AUGUSTO CELESTINO\",\"pronouns\":\"Ele\",\"description\":\"Desde 2003 trabalhando com not\u00edcias.\",\"sameAs\":[\"http:\\\/\\\/ubirataoline.com.br\",\"https:\\\/\\\/www.facebook.com\\\/portalubirataonline\",\"https:\\\/\\\/www.instagram.com\\\/ubirataonline_oficial\",\"https:\\\/\\\/x.com\\\/x.com\\\/ubirataonline\"],\"honorificPrefix\":\"Mr.\",\"honorificSuffix\":\"MD\",\"birthDate\":\"1980-06-16\",\"gender\":\"masculino\",\"award\":[\"V\u00e1rios pr\u00eamios de melhor portal da cidade\"],\"jobTitle\":\"Diretor\",\"url\":\"https:\\\/\\\/ubirataonline.com.br\\\/en\\\/author\\\/ubirataonline\\\/\"},{\"@type\":\"PostalAddress\",\"@id\":\"http:\\\/\\\/instagram.com\\\/p\\\/DbLYUHHx6zc#local-main-place-address\",\"streetAddress\":\"Rua dos Coqueiros, 104 - Bairro Boa Vista, Rua dos Coqueiros, 104 Bairro Boa Vista\",\"addressLocality\":\"UBIRATA\",\"postalCode\":\"85440-000\",\"addressRegion\":\"PR\",\"addressCountry\":\"BR\"},{\"@type\":\"ImageObject\",\"inLanguage\":\"en-US\",\"@id\":\"http:\\\/\\\/instagram.com\\\/p\\\/DbLYUHHx6zc#local-main-organization-logo\",\"url\":\"https:\\\/\\\/ubirataonline.com.br\\\/wp-content\\\/uploads\\\/2026\\\/06\\\/logoubirataonline-1.webp\",\"contentUrl\":\"https:\\\/\\\/ubirataonline.com.br\\\/wp-content\\\/uploads\\\/2026\\\/06\\\/logoubirataonline-1.webp\",\"width\":500,\"height\":500,\"caption\":\"Ubirat\u00e3 Online Not\u00edcias\"}]}<\/script>\n<meta name=\"geo.placename\" content=\"UBIRATA\" \/>\n<meta name=\"geo.position\" content=\"-24.5361401;-52.9921776\" \/>\n<meta name=\"geo.region\" content=\"Brazil\" \/>\n<!-- \/ Yoast SEO Premium plugin. -->","yoast_head_json":{"title":"V\u00cdDEO: Donas de mercado suspeitam de furto e agridem homem com cabo de rodo e ch - Ubirat\u00e3 Online Not\u00edcias - A realidade ao seu alcance!","description":"&nbsp; &#x1f6a8; V\u00cdDEO: Donas de mercado suspeitam de furto e agridem homem com cabo de rodo e chineladas em Toledo Um homem foi agredido por tr\u00eas","robots":{"index":"index","follow":"follow","max-snippet":"max-snippet:-1","max-image-preview":"max-image-preview:large","max-video-preview":"max-video-preview:-1"},"canonical":"http:\/\/instagram.com\/p\/DbLYUHHx6zc","og_locale":"en_US","og_type":"article","og_title":"V\u00cdDEO: Donas de mercado suspeitam de furto e agridem homem com cabo de rodo e ch","og_description":"&nbsp; &#x1f6a8; V\u00cdDEO: Donas de mercado suspeitam de furto e agridem homem com cabo de rodo e chineladas em Toledo Um homem foi agredido por tr\u00eas","og_url":"http:\/\/instagram.com\/p\/DbLYUHHx6zc","og_site_name":"Ubirat\u00e3 Online Not\u00edcias - A realidade ao seu alcance!","article_publisher":"https:\/\/www.facebook.com\/portalubirataonline","article_author":"https:\/\/www.facebook.com\/portalubirataonline","article_published_time":"2026-07-24T21:24:45+00:00","og_image":[{"width":726,"height":1290,"url":"https:\/\/ubirataonline.com.br\/wp-content\/uploads\/2026\/07\/1784928286_755951815_18113640659316740_6836639895605588641_n.jpg","type":"image\/jpeg"}],"author":"REDA\u00c7\u00c3O: UBIRAT\u00c3 ONLINE - F\u00c1BIO AUGUSTO CELESTINO","twitter_card":"summary_large_image","twitter_creator":"@x.com\/ubirataonline","twitter_site":"@ubirataonline","twitter_misc":{"Written by":"REDA\u00c7\u00c3O: UBIRAT\u00c3 ONLINE - F\u00c1BIO AUGUSTO CELESTINO","Est. reading time":"1 minute"},"schema":{"@context":"https:\/\/schema.org","@graph":[{"@type":"NewsArticle","@id":"http:\/\/instagram.com\/p\/DbLYUHHx6zc#article","isPartOf":{"@id":"https:\/\/ubirataonline.com.br\/video-donas-de-mercado-suspeitam-de-furto-e-agridem-homem-com-cabo-de-rodo-e-ch\/"},"author":{"name":"REDA\u00c7\u00c3O: UBIRAT\u00c3 ONLINE - F\u00c1BIO AUGUSTO CELESTINO","@id":"https:\/\/ubirataonline.com.br\/#\/schema\/person\/372f87bbd3fdd79b8556b84c98d0bc1c"},"headline":"V\u00cdDEO: Donas de mercado suspeitam de furto e agridem homem com cabo de rodo e ch","datePublished":"2026-07-24T21:24:45+00:00","mainEntityOfPage":{"@id":"https:\/\/ubirataonline.com.br\/video-donas-de-mercado-suspeitam-de-furto-e-agridem-homem-com-cabo-de-rodo-e-ch\/"},"wordCount":232,"publisher":{"@id":"https:\/\/ubirataonline.com.br\/#organization"},"image":{"@id":"http:\/\/instagram.com\/p\/DbLYUHHx6zc#primaryimage"},"thumbnailUrl":"https:\/\/ubirataonline.com.br\/wp-content\/uploads\/2026\/07\/1784928286_755951815_18113640659316740_6836639895605588641_n.jpg","keywords":["agridem","Cabo","cafelandia24h","donas","Furto","homem","Mercado","oestedoparana","paran\u00e1","paranaense","rodo","suspeitam","Toledopr","Video"],"articleSection":["Ubirat\u00e3"],"inLanguage":"en-US","copyrightYear":"2026","copyrightHolder":{"@id":"https:\/\/ubirataonline.com.br\/en\/#organization"}},{"@type":"WebPage","@id":"https:\/\/ubirataonline.com.br\/video-donas-de-mercado-suspeitam-de-furto-e-agridem-homem-com-cabo-de-rodo-e-ch\/","url":"http:\/\/instagram.com\/p\/DbLYUHHx6zc","name":"V\u00cdDEO: Donas de mercado suspeitam de furto e agridem homem com cabo de rodo e ch - Ubirat\u00e3 Online Not\u00edcias - A realidade ao seu alcance!","isPartOf":{"@id":"https:\/\/ubirataonline.com.br\/#website"},"primaryImageOfPage":{"@id":"http:\/\/instagram.com\/p\/DbLYUHHx6zc#primaryimage"},"image":{"@id":"http:\/\/instagram.com\/p\/DbLYUHHx6zc#primaryimage"},"thumbnailUrl":"https:\/\/ubirataonline.com.br\/wp-content\/uploads\/2026\/07\/1784928286_755951815_18113640659316740_6836639895605588641_n.jpg","datePublished":"2026-07-24T21:24:45+00:00","description":"&nbsp; &#x1f6a8; V\u00cdDEO: Donas de mercado suspeitam de furto e agridem homem com cabo de rodo e chineladas em Toledo Um homem foi agredido por tr\u00eas","breadcrumb":{"@id":"http:\/\/instagram.com\/p\/DbLYUHHx6zc#breadcrumb"},"inLanguage":"en-US","potentialAction":[{"@type":"ReadAction","target":["http:\/\/instagram.com\/p\/DbLYUHHx6zc"]}]},{"@type":"ImageObject","inLanguage":"en-US","@id":"http:\/\/instagram.com\/p\/DbLYUHHx6zc#primaryimage","url":"https:\/\/ubirataonline.com.br\/wp-content\/uploads\/2026\/07\/1784928286_755951815_18113640659316740_6836639895605588641_n.jpg","contentUrl":"https:\/\/ubirataonline.com.br\/wp-content\/uploads\/2026\/07\/1784928286_755951815_18113640659316740_6836639895605588641_n.jpg","width":726,"height":1290},{"@type":"BreadcrumbList","@id":"http:\/\/instagram.com\/p\/DbLYUHHx6zc#breadcrumb","itemListElement":[{"@type":"ListItem","position":1,"name":"In\u00edcio","item":"https:\/\/ubirataonline.com.br\/"},{"@type":"ListItem","position":2,"name":"V\u00cdDEO: Donas de mercado suspeitam de furto e agridem homem com cabo de rodo e ch"}]},{"@type":"WebSite","@id":"https:\/\/ubirataonline.com.br\/#website","url":"https:\/\/ubirataonline.com.br\/","name":"Ubirat\u00e3 Online Not\u00edcias","description":"Not\u00edcias de Ubirat\u00e3, regi\u00e3o, Brasil e mundo, com informa\u00e7\u00e3o atualizada e compromisso com o leitor.","publisher":{"@id":"https:\/\/ubirataonline.com.br\/#organization"},"alternateName":"Ubirat\u00e3 Online","potentialAction":[{"@type":"SearchAction","target":{"@type":"EntryPoint","urlTemplate":"https:\/\/ubirataonline.com.br\/?s={search_term_string}"},"query-input":{"@type":"PropertyValueSpecification","valueRequired":true,"valueName":"search_term_string"}}],"inLanguage":"en-US"},{"@type":["Organization","Place"],"@id":"https:\/\/ubirataonline.com.br\/#organization","name":"Ubirat\u00e3 Online Not\u00edcias","alternateName":"Ubirat\u00e3 Online","url":"https:\/\/ubirataonline.com.br\/","logo":{"@id":"http:\/\/instagram.com\/p\/DbLYUHHx6zc#local-main-organization-logo"},"image":{"@id":"http:\/\/instagram.com\/p\/DbLYUHHx6zc#local-main-organization-logo"},"sameAs":["https:\/\/www.facebook.com\/portalubirataonline","https:\/\/x.com\/ubirataonline","https:\/\/mastodon.social\/@ubirataonline","https:\/\/www.facebook.com\/groups\/311144672285604","https:\/\/www.facebook.com\/UBTAOnline","https:\/\/www.instagram.com\/portalubirataonline\/","https:\/\/twitter.com\/ubirataonline"],"description":"Somos um portal de not\u00edcias independente, criado em 5 de janeiro de 2009, com o objetivo de informar, conectar e valorizar a nossa comunidade de Ubirat\u00e3 e toda aregi\u00e3o. Com conte\u00fado atualizado, confi\u00e1vel e relevante, o Ubirat\u00e3 Online \u00e9 o seu espa\u00e7o para ficar por dentro dos principais acontecimentos locais, regionais, Brasil, Mundo e de interesse geral. Nosso compromisso \u00e9 com a verdade, a transpar\u00eancia e o respeito ao leitor.","legalName":"UBIRATA ONLINE NOT\u00cdCIAS","foundingDate":"2009-01-05","numberOfEmployees":{"@type":"QuantitativeValue","minValue":"1","maxValue":"10"},"publishingPrinciples":"https:\/\/ubirataonline.com.br\/faq\/","address":{"@id":"http:\/\/instagram.com\/p\/DbLYUHHx6zc#local-main-place-address"},"geo":{"@type":"GeoCoordinates","latitude":"-24.5361401","longitude":"-52.9921776"},"telephone":["+5544998308235"],"contactPoint":{"@type":"ContactPoint","email":"contato@ubirataonline.com.br"},"openingHoursSpecification":{"@type":"OpeningHoursSpecification","dayOfWeek":["Monday","Tuesday","Wednesday","Thursday","Friday","Saturday","Sunday"],"opens":"00:00","closes":"23:59"},"email":"contato@ubirataonline.com.br","vatID":"47.621.418\/0001-80"},{"@type":"Person","@id":"https:\/\/ubirataonline.com.br\/#\/schema\/person\/372f87bbd3fdd79b8556b84c98d0bc1c","name":"REDA\u00c7\u00c3O: UBIRAT\u00c3 ONLINE - F\u00c1BIO AUGUSTO CELESTINO","pronouns":"Ele","description":"Desde 2003 trabalhando com not\u00edcias.","sameAs":["http:\/\/ubirataoline.com.br","https:\/\/www.facebook.com\/portalubirataonline","https:\/\/www.instagram.com\/ubirataonline_oficial","https:\/\/x.com\/x.com\/ubirataonline"],"honorificPrefix":"Mr.","honorificSuffix":"MD","birthDate":"1980-06-16","gender":"masculino","award":["V\u00e1rios pr\u00eamios de melhor portal da cidade"],"jobTitle":"Diretor","url":"https:\/\/ubirataonline.com.br\/en\/author\/ubirataonline\/"},{"@type":"PostalAddress","@id":"http:\/\/instagram.com\/p\/DbLYUHHx6zc#local-main-place-address","streetAddress":"Rua dos Coqueiros, 104 - Bairro Boa Vista, Rua dos Coqueiros, 104 Bairro Boa Vista","addressLocality":"UBIRATA","postalCode":"85440-000","addressRegion":"PR","addressCountry":"BR"},{"@type":"ImageObject","inLanguage":"en-US","@id":"http:\/\/instagram.com\/p\/DbLYUHHx6zc#local-main-organization-logo","url":"https:\/\/ubirataonline.com.br\/wp-content\/uploads\/2026\/06\/logoubirataonline-1.webp","contentUrl":"https:\/\/ubirataonline.com.br\/wp-content\/uploads\/2026\/06\/logoubirataonline-1.webp","width":500,"height":500,"caption":"Ubirat\u00e3 Online Not\u00edcias"}]},"geo.placename":"UBIRATA","geo.position":{"lat":"-24.5361401","long":"-52.9921776"},"geo.region":"Brazil"},"_links":{"self":[{"href":"https:\/\/ubirataonline.com.br\/en\/wp-json\/wp\/v2\/posts\/157728","targetHints":{"allow":["GET"]}}],"collection":[{"href":"https:\/\/ubirataonline.com.br\/en\/wp-json\/wp\/v2\/posts"}],"about":[{"href":"https:\/\/ubirataonline.com.br\/en\/wp-json\/wp\/v2\/types\/post"}],"author":[{"embeddable":true,"href":"https:\/\/ubirataonline.com.br\/en\/wp-json\/wp\/v2\/users\/1"}],"replies":[{"embeddable":true,"href":"https:\/\/ubirataonline.com.br\/en\/wp-json\/wp\/v2\/comments?post=157728"}],"version-history":[{"count":0,"href":"https:\/\/ubirataonline.com.br\/en\/wp-json\/wp\/v2\/posts\/157728\/revisions"}],"wp:featuredmedia":[{"embeddable":true,"href":"https:\/\/ubirataonline.com.br\/en\/wp-json\/wp\/v2\/media\/157729"}],"wp:attachment":[{"href":"https:\/\/ubirataonline.com.br\/en\/wp-json\/wp\/v2\/media?parent=157728"}],"wp:term":[{"taxonomy":"category","embeddable":true,"href":"https:\/\/ubirataonline.com.br\/en\/wp-json\/wp\/v2\/categories?post=157728"},{"taxonomy":"post_tag","embeddable":true,"href":"https:\/\/ubirataonline.com.br\/en\/wp-json\/wp\/v2\/tags?post=157728"}],"curies":[{"name":"wp","href":"https:\/\/api.w.org\/{rel}","templated":true}]}}