{"id":158089,"date":"2026-07-25T20:14:52","date_gmt":"2026-07-25T23:14:52","guid":{"rendered":"https:\/\/ubirataonline.com.br\/?p=158089"},"modified":"2026-07-25T20:14:54","modified_gmt":"2026-07-25T23:14:54","slug":"dor-cronica-saude-mental-acompanhamento-psicologico","status":"publish","type":"post","link":"https:\/\/ubirataonline.com.br\/en\/dor-cronica-saude-mental-acompanhamento-psicologico\/","title":{"rendered":"Dor cr\u00f4nica e sa\u00fade mental, entenda por que o acompanhamento psicol\u00f3gico \u00e9 essencial para recuperar a sua qualidade de vida hoje"},"content":{"rendered":"<h5 id=\"h-a-ciencia-moderna-comprova-que-o-tratamento-da-dor-cronica-vai-muito-alem-dos-medicamentos-exigindo-uma-visao-integrada-entre-corpo-e-mente\" class=\"wp-block-heading\">A ci\u00eancia moderna comprova que o tratamento da dor cr\u00f4nica vai muito al\u00e9m dos medicamentos, exigindo uma vis\u00e3o integrada entre corpo e mente.<\/h5>\n\n\n\n<p class=\"wp-block-paragraph\">Viver com <b>dor cr\u00f4nica<\/b> \u00e9 um desafio di\u00e1rio que impacta profundamente a rotina de milh\u00f5es de brasileiros. Quando o desconforto persiste por meses ou anos, ele deixa de ser apenas um sintoma f\u00edsico e passa a afetar o bem-estar emocional de forma severa.<\/p>\n\n\n\n<p class=\"wp-block-paragraph\">Muitos pacientes relatam que a sensa\u00e7\u00e3o constante de mal-estar gera ansiedade, estresse e uma sensa\u00e7\u00e3o de impot\u00eancia. Por isso, especialistas defendem que olhar apenas para a les\u00e3o ou para a inflama\u00e7\u00e3o \u00e9 insuficiente para garantir uma melhora real.<\/p>\n\n\n\n<p class=\"wp-block-paragraph\">Conforme informa\u00e7\u00f5es sobre a <b>abordagem multidisciplinar<\/b>, o suporte psicol\u00f3gico \u00e9 um pilar indispens\u00e1vel para quem lida com quadros complexos, como a <b>fibromialgia<\/b> e outras s\u00edndromes dolorosas.<\/p>\n\n\n\n<h3 id=\"h-o-papel-da-neurociencia-na-percepcao-da-dor\" class=\"wp-block-heading\">O papel da neuroci\u00eancia na percep\u00e7\u00e3o da dor<\/h3>\n\n\n\n<p class=\"wp-block-paragraph\">A <b>neuroci\u00eancia da dor<\/b> explica que o sistema nervoso central processa o desconforto de uma maneira muito mais complexa do que imagin\u00e1vamos. Quando a dor se torna cr\u00f4nica, o c\u00e9rebro pode criar circuitos de alerta que amplificam a sensa\u00e7\u00e3o dolorosa.<\/p>\n\n\n\n<p class=\"wp-block-paragraph\">O papel da <b>psicologia da sa\u00fade<\/b> \u00e9 ensinar o paciente a modular essa percep\u00e7\u00e3o. Ao entender como o c\u00e9rebro interpreta os sinais, o indiv\u00edduo ganha ferramentas para diminuir a intensidade do sofrimento e retomar o controle sobre suas pr\u00f3prias rea\u00e7\u00f5es.<\/p>\n\n\n\n<h3 id=\"h-por-que-a-abordagem-multidisciplinar-salva-vidas\" class=\"wp-block-heading\">Por que a abordagem multidisciplinar salva vidas<\/h3>\n\n\n\n<p class=\"wp-block-paragraph\">O tratamento isolado, focado apenas em analg\u00e9sicos, muitas vezes falha porque ignora os gatilhos emocionais da <b>dor cr\u00f4nica<\/b>. Uma equipe que une m\u00e9dicos, fisioterapeutas e psic\u00f3logos consegue atacar o problema por diferentes \u00e2ngulos.<\/p>\n\n\n\n<p class=\"wp-block-paragraph\">Enquanto o m\u00e9dico cuida da causa f\u00edsica, o psic\u00f3logo trabalha na resili\u00eancia e na adapta\u00e7\u00e3o. Essa uni\u00e3o \u00e9 fundamental para que o paciente n\u00e3o se sinta isolado em seu processo de recupera\u00e7\u00e3o, garantindo um acompanhamento muito mais humano e eficaz.<\/p>\n\n\n\n<h3 id=\"h-transformando-a-qualidade-de-vida-com-apoio-psicologico\" class=\"wp-block-heading\">Transformando a qualidade de vida com apoio psicol\u00f3gico<\/h3>\n\n\n\n<p class=\"wp-block-paragraph\">O foco central de qualquer tratamento deve ser a <b>qualidade de vida<\/b>. Quando o paciente come\u00e7a o acompanhamento psicol\u00f3gico, ele aprende estrat\u00e9gias para lidar com os dias dif\u00edceis, evitando que o des\u00e2nimo tome conta da rotina.<\/p>\n\n\n\n<p class=\"wp-block-paragraph\">A terapia ajuda a reduzir o isolamento social, algo muito comum em quem sofre de <b>fibromialgia<\/b>. Ao compartilhar experi\u00eancias e aprender novas formas de enfrentamento, o paciente descobre que \u00e9 poss\u00edvel ter uma vida plena, mesmo convivendo com a dor.<\/p>\n\n\n\n<h3 id=\"h-o-caminho-para-a-autonomia-do-paciente\" class=\"wp-block-heading\">O caminho para a autonomia do paciente<\/h3>\n\n\n\n<p class=\"wp-block-paragraph\">O objetivo final do acompanhamento psicol\u00f3gico \u00e9 dar autonomia ao paciente. A <b>dor cr\u00f4nica<\/b> n\u00e3o precisa ser o centro da exist\u00eancia de ningu\u00e9m, e a mudan\u00e7a de perspectiva \u00e9 o primeiro passo para a cura emocional.<\/p>\n\n\n\n<p class=\"wp-block-paragraph\">Ao investir em sa\u00fade mental, voc\u00ea est\u00e1 tratando o corpo inteiro. N\u00e3o subestime a for\u00e7a da sua mente, pois ela \u00e9 uma aliada poderosa na luta contra a dor persistente, permitindo que voc\u00ea retome atividades que antes pareciam imposs\u00edveis.<\/p>","protected":false},"excerpt":{"rendered":"<p>A ci\u00eancia moderna comprova que o tratamento da dor cr\u00f4nica vai muito al\u00e9m dos medicamentos, exigindo uma vis\u00e3o integrada entre corpo e mente. Viver com dor cr\u00f4nica \u00e9 um desafio di\u00e1rio que impacta profundamente a rotina de milh\u00f5es de brasileiros. Quando o desconforto persiste por meses ou anos, ele deixa de ser apenas um sintoma [&hellip;]<\/p>\n","protected":false},"author":1,"featured_media":158093,"comment_status":"closed","ping_status":"closed","sticky":false,"template":"","format":"standard","meta":{"googlesitekit_rrm_CAow2JLhCw:productID":"","_gspb_post_css":"","maa_idioma":"","maa_pais":"","footnotes":""},"categories":[1],"tags":[43087,43085,43086,3463,1810,2679],"class_list":["post-158089","post","type-post","status-publish","format-standard","has-post-thumbnail","hentry","category-ubirata","tag-abordagem-multidisciplinar","tag-dor-cronica","tag-fibromialgia","tag-psicologia","tag-qualidade-de-vida","tag-saude-mental-2"],"blocksy_meta":[],"yoast_head":"<!-- This site is optimized with the Yoast SEO Premium plugin v27.6 (Yoast SEO v27.6) - https:\/\/yoast.com\/product\/yoast-seo-premium-wordpress\/ -->\n<title>Dor cr\u00f4nica e sa\u00fade mental, entenda por que o acompanhamento psicol\u00f3gico \u00e9 essencial para recuperar a sua qualidade de vida hoje - Ubirat\u00e3 Online Not\u00edcias - A realidade ao seu alcance!<\/title>\n<meta name=\"description\" content=\"Descubra por que o acompanhamento psicol\u00f3gico \u00e9 essencial no tratamento da dor cr\u00f4nica e como a sa\u00fade mental ajuda a recuperar sua qualidade de vida.\" \/>\n<meta name=\"robots\" content=\"index, follow, max-snippet:-1, max-image-preview:large, max-video-preview:-1\" \/>\n<link rel=\"canonical\" href=\"https:\/\/ubirataonline.com.br\/en\/dor-cronica-saude-mental-acompanhamento-psicologico\/\" \/>\n<meta property=\"og:locale\" content=\"en_US\" \/>\n<meta property=\"og:type\" content=\"article\" \/>\n<meta property=\"og:title\" content=\"Dor cr\u00f4nica e sa\u00fade mental, entenda por que o acompanhamento psicol\u00f3gico \u00e9 essencial para recuperar a sua qualidade de vida hoje\" \/>\n<meta property=\"og:description\" content=\"Descubra por que o acompanhamento psicol\u00f3gico \u00e9 essencial no tratamento da dor cr\u00f4nica e como a sa\u00fade mental ajuda a recuperar sua qualidade de vida.\" \/>\n<meta property=\"og:url\" content=\"https:\/\/ubirataonline.com.br\/en\/dor-cronica-saude-mental-acompanhamento-psicologico\/\" \/>\n<meta property=\"og:site_name\" content=\"Ubirat\u00e3 Online Not\u00edcias - A realidade ao seu alcance!\" \/>\n<meta property=\"article:publisher\" content=\"https:\/\/www.facebook.com\/portalubirataonline\" \/>\n<meta property=\"article:author\" content=\"https:\/\/www.facebook.com\/portalubirataonline\" \/>\n<meta property=\"article:published_time\" content=\"2026-07-25T23:14:52+00:00\" \/>\n<meta property=\"article:modified_time\" content=\"2026-07-25T23:14:54+00:00\" \/>\n<meta property=\"og:image\" content=\"https:\/\/ubirataonline.com.br\/wp-content\/uploads\/2026\/07\/maaimg-post-158089-20260725-231422.webp\" \/>\n\t<meta property=\"og:image:width\" content=\"1376\" \/>\n\t<meta property=\"og:image:height\" content=\"768\" \/>\n\t<meta property=\"og:image:type\" content=\"image\/webp\" \/>\n<meta name=\"author\" content=\"REDA\u00c7\u00c3O: UBIRAT\u00c3 ONLINE - F\u00c1BIO AUGUSTO CELESTINO\" \/>\n<meta name=\"twitter:card\" content=\"summary_large_image\" \/>\n<meta name=\"twitter:creator\" content=\"@x.com\/ubirataonline\" \/>\n<meta name=\"twitter:site\" content=\"@ubirataonline\" \/>\n<meta name=\"twitter:label1\" content=\"Written by\" \/>\n\t<meta name=\"twitter:data1\" content=\"REDA\u00c7\u00c3O: UBIRAT\u00c3 ONLINE - F\u00c1BIO AUGUSTO CELESTINO\" \/>\n\t<meta name=\"twitter:label2\" content=\"Est. reading time\" \/>\n\t<meta name=\"twitter:data2\" content=\"3 minutes\" \/>\n<script type=\"application\/ld+json\" class=\"yoast-schema-graph\">{\"@context\":\"https:\\\/\\\/schema.org\",\"@graph\":[{\"@type\":\"NewsArticle\",\"@id\":\"https:\\\/\\\/ubirataonline.com.br\\\/dor-cronica-saude-mental-acompanhamento-psicologico\\\/#article\",\"isPartOf\":{\"@id\":\"https:\\\/\\\/ubirataonline.com.br\\\/dor-cronica-saude-mental-acompanhamento-psicologico\\\/\"},\"author\":{\"name\":\"REDA\u00c7\u00c3O: UBIRAT\u00c3 ONLINE - F\u00c1BIO AUGUSTO CELESTINO\",\"@id\":\"https:\\\/\\\/ubirataonline.com.br\\\/#\\\/schema\\\/person\\\/372f87bbd3fdd79b8556b84c98d0bc1c\"},\"headline\":\"Dor cr\u00f4nica e sa\u00fade mental, entenda por que o acompanhamento psicol\u00f3gico \u00e9 essencial para recuperar a sua qualidade de vida hoje\",\"datePublished\":\"2026-07-25T23:14:52+00:00\",\"dateModified\":\"2026-07-25T23:14:54+00:00\",\"mainEntityOfPage\":{\"@id\":\"https:\\\/\\\/ubirataonline.com.br\\\/dor-cronica-saude-mental-acompanhamento-psicologico\\\/\"},\"wordCount\":538,\"publisher\":{\"@id\":\"https:\\\/\\\/ubirataonline.com.br\\\/#organization\"},\"image\":{\"@id\":\"https:\\\/\\\/ubirataonline.com.br\\\/dor-cronica-saude-mental-acompanhamento-psicologico\\\/#primaryimage\"},\"thumbnailUrl\":\"https:\\\/\\\/ubirataonline.com.br\\\/wp-content\\\/uploads\\\/2026\\\/07\\\/maaimg-post-158089-20260725-231422.webp\",\"keywords\":[\"abordagem multidisciplinar\",\"dor cr\u00f4nica\",\"fibromialgia\",\"psicologia\",\"qualidade de vida\",\"Sa\u00fade Mental\"],\"articleSection\":[\"Ubirat\u00e3\"],\"inLanguage\":\"en-US\",\"copyrightYear\":\"2026\",\"copyrightHolder\":{\"@id\":\"https:\\\/\\\/ubirataonline.com.br\\\/en\\\/#organization\"}},{\"@type\":\"WebPage\",\"@id\":\"https:\\\/\\\/ubirataonline.com.br\\\/dor-cronica-saude-mental-acompanhamento-psicologico\\\/\",\"url\":\"https:\\\/\\\/ubirataonline.com.br\\\/dor-cronica-saude-mental-acompanhamento-psicologico\\\/\",\"name\":\"Dor cr\u00f4nica e sa\u00fade mental, entenda por que o acompanhamento psicol\u00f3gico \u00e9 essencial para recuperar a sua qualidade de vida hoje - Ubirat\u00e3 Online Not\u00edcias - A realidade ao seu alcance!\",\"isPartOf\":{\"@id\":\"https:\\\/\\\/ubirataonline.com.br\\\/#website\"},\"primaryImageOfPage\":{\"@id\":\"https:\\\/\\\/ubirataonline.com.br\\\/dor-cronica-saude-mental-acompanhamento-psicologico\\\/#primaryimage\"},\"image\":{\"@id\":\"https:\\\/\\\/ubirataonline.com.br\\\/dor-cronica-saude-mental-acompanhamento-psicologico\\\/#primaryimage\"},\"thumbnailUrl\":\"https:\\\/\\\/ubirataonline.com.br\\\/wp-content\\\/uploads\\\/2026\\\/07\\\/maaimg-post-158089-20260725-231422.webp\",\"datePublished\":\"2026-07-25T23:14:52+00:00\",\"dateModified\":\"2026-07-25T23:14:54+00:00\",\"description\":\"Descubra por que o acompanhamento psicol\u00f3gico \u00e9 essencial no tratamento da dor cr\u00f4nica e como a sa\u00fade mental ajuda a recuperar sua qualidade de vida.\",\"breadcrumb\":{\"@id\":\"https:\\\/\\\/ubirataonline.com.br\\\/dor-cronica-saude-mental-acompanhamento-psicologico\\\/#breadcrumb\"},\"inLanguage\":\"en-US\",\"potentialAction\":[{\"@type\":\"ReadAction\",\"target\":[\"https:\\\/\\\/ubirataonline.com.br\\\/dor-cronica-saude-mental-acompanhamento-psicologico\\\/\"]}]},{\"@type\":\"ImageObject\",\"inLanguage\":\"en-US\",\"@id\":\"https:\\\/\\\/ubirataonline.com.br\\\/dor-cronica-saude-mental-acompanhamento-psicologico\\\/#primaryimage\",\"url\":\"https:\\\/\\\/ubirataonline.com.br\\\/wp-content\\\/uploads\\\/2026\\\/07\\\/maaimg-post-158089-20260725-231422.webp\",\"contentUrl\":\"https:\\\/\\\/ubirataonline.com.br\\\/wp-content\\\/uploads\\\/2026\\\/07\\\/maaimg-post-158089-20260725-231422.webp\",\"width\":1376,\"height\":768,\"caption\":\"Dor cr\u00f4nica e sa\u00fade mental\"},{\"@type\":\"BreadcrumbList\",\"@id\":\"https:\\\/\\\/ubirataonline.com.br\\\/dor-cronica-saude-mental-acompanhamento-psicologico\\\/#breadcrumb\",\"itemListElement\":[{\"@type\":\"ListItem\",\"position\":1,\"name\":\"In\u00edcio\",\"item\":\"https:\\\/\\\/ubirataonline.com.br\\\/\"},{\"@type\":\"ListItem\",\"position\":2,\"name\":\"Dor cr\u00f4nica e sa\u00fade mental, entenda por que o acompanhamento psicol\u00f3gico \u00e9 essencial para recuperar a sua qualidade de vida hoje\"}]},{\"@type\":\"WebSite\",\"@id\":\"https:\\\/\\\/ubirataonline.com.br\\\/#website\",\"url\":\"https:\\\/\\\/ubirataonline.com.br\\\/\",\"name\":\"Ubirat\u00e3 Online Not\u00edcias\",\"description\":\"Not\u00edcias de Ubirat\u00e3, regi\u00e3o, Brasil e mundo, com informa\u00e7\u00e3o atualizada e compromisso com o leitor.\",\"publisher\":{\"@id\":\"https:\\\/\\\/ubirataonline.com.br\\\/#organization\"},\"alternateName\":\"Ubirat\u00e3 Online\",\"potentialAction\":[{\"@type\":\"SearchAction\",\"target\":{\"@type\":\"EntryPoint\",\"urlTemplate\":\"https:\\\/\\\/ubirataonline.com.br\\\/?s={search_term_string}\"},\"query-input\":{\"@type\":\"PropertyValueSpecification\",\"valueRequired\":true,\"valueName\":\"search_term_string\"}}],\"inLanguage\":\"en-US\"},{\"@type\":[\"Organization\",\"Place\"],\"@id\":\"https:\\\/\\\/ubirataonline.com.br\\\/#organization\",\"name\":\"Ubirat\u00e3 Online Not\u00edcias\",\"alternateName\":\"Ubirat\u00e3 Online\",\"url\":\"https:\\\/\\\/ubirataonline.com.br\\\/\",\"logo\":{\"@id\":\"https:\\\/\\\/ubirataonline.com.br\\\/dor-cronica-saude-mental-acompanhamento-psicologico\\\/#local-main-organization-logo\"},\"image\":{\"@id\":\"https:\\\/\\\/ubirataonline.com.br\\\/dor-cronica-saude-mental-acompanhamento-psicologico\\\/#local-main-organization-logo\"},\"sameAs\":[\"https:\\\/\\\/www.facebook.com\\\/portalubirataonline\",\"https:\\\/\\\/x.com\\\/ubirataonline\",\"https:\\\/\\\/mastodon.social\\\/@ubirataonline\",\"https:\\\/\\\/www.facebook.com\\\/groups\\\/311144672285604\",\"https:\\\/\\\/www.facebook.com\\\/UBTAOnline\",\"https:\\\/\\\/www.instagram.com\\\/portalubirataonline\\\/\",\"https:\\\/\\\/twitter.com\\\/ubirataonline\"],\"description\":\"Somos um portal de not\u00edcias independente, criado em 5 de janeiro de 2009, com o objetivo de informar, conectar e valorizar a nossa comunidade de Ubirat\u00e3 e toda aregi\u00e3o. Com conte\u00fado atualizado, confi\u00e1vel e relevante, o Ubirat\u00e3 Online \u00e9 o seu espa\u00e7o para ficar por dentro dos principais acontecimentos locais, regionais, Brasil, Mundo e de interesse geral. Nosso compromisso \u00e9 com a verdade, a transpar\u00eancia e o respeito ao leitor.\",\"legalName\":\"UBIRATA ONLINE NOT\u00cdCIAS\",\"foundingDate\":\"2009-01-05\",\"numberOfEmployees\":{\"@type\":\"QuantitativeValue\",\"minValue\":\"1\",\"maxValue\":\"10\"},\"publishingPrinciples\":\"https:\\\/\\\/ubirataonline.com.br\\\/faq\\\/\",\"address\":{\"@id\":\"https:\\\/\\\/ubirataonline.com.br\\\/dor-cronica-saude-mental-acompanhamento-psicologico\\\/#local-main-place-address\"},\"geo\":{\"@type\":\"GeoCoordinates\",\"latitude\":\"-24.5361401\",\"longitude\":\"-52.9921776\"},\"telephone\":[\"+5544998308235\"],\"contactPoint\":{\"@type\":\"ContactPoint\",\"email\":\"contato@ubirataonline.com.br\"},\"openingHoursSpecification\":{\"@type\":\"OpeningHoursSpecification\",\"dayOfWeek\":[\"Monday\",\"Tuesday\",\"Wednesday\",\"Thursday\",\"Friday\",\"Saturday\",\"Sunday\"],\"opens\":\"00:00\",\"closes\":\"23:59\"},\"email\":\"contato@ubirataonline.com.br\",\"vatID\":\"47.621.418\\\/0001-80\"},{\"@type\":\"Person\",\"@id\":\"https:\\\/\\\/ubirataonline.com.br\\\/#\\\/schema\\\/person\\\/372f87bbd3fdd79b8556b84c98d0bc1c\",\"name\":\"REDA\u00c7\u00c3O: UBIRAT\u00c3 ONLINE - F\u00c1BIO AUGUSTO CELESTINO\",\"pronouns\":\"Ele\",\"description\":\"Desde 2003 trabalhando com not\u00edcias.\",\"sameAs\":[\"http:\\\/\\\/ubirataoline.com.br\",\"https:\\\/\\\/www.facebook.com\\\/portalubirataonline\",\"https:\\\/\\\/www.instagram.com\\\/ubirataonline_oficial\",\"https:\\\/\\\/x.com\\\/x.com\\\/ubirataonline\"],\"honorificPrefix\":\"Mr.\",\"honorificSuffix\":\"MD\",\"birthDate\":\"1980-06-16\",\"gender\":\"masculino\",\"award\":[\"V\u00e1rios pr\u00eamios de melhor portal da cidade\"],\"jobTitle\":\"Diretor\",\"url\":\"https:\\\/\\\/ubirataonline.com.br\\\/en\\\/author\\\/ubirataonline\\\/\"},{\"@type\":\"PostalAddress\",\"@id\":\"https:\\\/\\\/ubirataonline.com.br\\\/dor-cronica-saude-mental-acompanhamento-psicologico\\\/#local-main-place-address\",\"streetAddress\":\"Rua dos Coqueiros, 104 - Bairro Boa Vista, Rua dos Coqueiros, 104 Bairro Boa Vista\",\"addressLocality\":\"UBIRATA\",\"postalCode\":\"85440-000\",\"addressRegion\":\"PR\",\"addressCountry\":\"BR\"},{\"@type\":\"ImageObject\",\"inLanguage\":\"en-US\",\"@id\":\"https:\\\/\\\/ubirataonline.com.br\\\/dor-cronica-saude-mental-acompanhamento-psicologico\\\/#local-main-organization-logo\",\"url\":\"https:\\\/\\\/ubirataonline.com.br\\\/wp-content\\\/uploads\\\/2026\\\/06\\\/logoubirataonline-1.webp\",\"contentUrl\":\"https:\\\/\\\/ubirataonline.com.br\\\/wp-content\\\/uploads\\\/2026\\\/06\\\/logoubirataonline-1.webp\",\"width\":500,\"height\":500,\"caption\":\"Ubirat\u00e3 Online Not\u00edcias\"}]}<\/script>\n<meta name=\"geo.placename\" content=\"UBIRATA\" \/>\n<meta name=\"geo.position\" content=\"-24.5361401;-52.9921776\" \/>\n<meta name=\"geo.region\" content=\"Brazil\" \/>\n<!-- \/ Yoast SEO Premium plugin. -->","yoast_head_json":{"title":"Dor cr\u00f4nica e sa\u00fade mental, entenda por que o acompanhamento psicol\u00f3gico \u00e9 essencial para recuperar a sua qualidade de vida hoje - Ubirat\u00e3 Online Not\u00edcias - A realidade ao seu alcance!","description":"Descubra por que o acompanhamento psicol\u00f3gico \u00e9 essencial no tratamento da dor cr\u00f4nica e como a sa\u00fade mental ajuda a recuperar sua qualidade de vida.","robots":{"index":"index","follow":"follow","max-snippet":"max-snippet:-1","max-image-preview":"max-image-preview:large","max-video-preview":"max-video-preview:-1"},"canonical":"https:\/\/ubirataonline.com.br\/en\/dor-cronica-saude-mental-acompanhamento-psicologico\/","og_locale":"en_US","og_type":"article","og_title":"Dor cr\u00f4nica e sa\u00fade mental, entenda por que o acompanhamento psicol\u00f3gico \u00e9 essencial para recuperar a sua qualidade de vida hoje","og_description":"Descubra por que o acompanhamento psicol\u00f3gico \u00e9 essencial no tratamento da dor cr\u00f4nica e como a sa\u00fade mental ajuda a recuperar sua qualidade de vida.","og_url":"https:\/\/ubirataonline.com.br\/en\/dor-cronica-saude-mental-acompanhamento-psicologico\/","og_site_name":"Ubirat\u00e3 Online Not\u00edcias - A realidade ao seu alcance!","article_publisher":"https:\/\/www.facebook.com\/portalubirataonline","article_author":"https:\/\/www.facebook.com\/portalubirataonline","article_published_time":"2026-07-25T23:14:52+00:00","article_modified_time":"2026-07-25T23:14:54+00:00","og_image":[{"width":1376,"height":768,"url":"https:\/\/ubirataonline.com.br\/wp-content\/uploads\/2026\/07\/maaimg-post-158089-20260725-231422.webp","type":"image\/webp"}],"author":"REDA\u00c7\u00c3O: UBIRAT\u00c3 ONLINE - F\u00c1BIO AUGUSTO CELESTINO","twitter_card":"summary_large_image","twitter_creator":"@x.com\/ubirataonline","twitter_site":"@ubirataonline","twitter_misc":{"Written by":"REDA\u00c7\u00c3O: UBIRAT\u00c3 ONLINE - F\u00c1BIO AUGUSTO CELESTINO","Est. reading time":"3 minutes"},"schema":{"@context":"https:\/\/schema.org","@graph":[{"@type":"NewsArticle","@id":"https:\/\/ubirataonline.com.br\/dor-cronica-saude-mental-acompanhamento-psicologico\/#article","isPartOf":{"@id":"https:\/\/ubirataonline.com.br\/dor-cronica-saude-mental-acompanhamento-psicologico\/"},"author":{"name":"REDA\u00c7\u00c3O: UBIRAT\u00c3 ONLINE - F\u00c1BIO AUGUSTO CELESTINO","@id":"https:\/\/ubirataonline.com.br\/#\/schema\/person\/372f87bbd3fdd79b8556b84c98d0bc1c"},"headline":"Dor cr\u00f4nica e sa\u00fade mental, entenda por que o acompanhamento psicol\u00f3gico \u00e9 essencial para recuperar a sua qualidade de vida hoje","datePublished":"2026-07-25T23:14:52+00:00","dateModified":"2026-07-25T23:14:54+00:00","mainEntityOfPage":{"@id":"https:\/\/ubirataonline.com.br\/dor-cronica-saude-mental-acompanhamento-psicologico\/"},"wordCount":538,"publisher":{"@id":"https:\/\/ubirataonline.com.br\/#organization"},"image":{"@id":"https:\/\/ubirataonline.com.br\/dor-cronica-saude-mental-acompanhamento-psicologico\/#primaryimage"},"thumbnailUrl":"https:\/\/ubirataonline.com.br\/wp-content\/uploads\/2026\/07\/maaimg-post-158089-20260725-231422.webp","keywords":["abordagem multidisciplinar","dor cr\u00f4nica","fibromialgia","psicologia","qualidade de vida","Sa\u00fade Mental"],"articleSection":["Ubirat\u00e3"],"inLanguage":"en-US","copyrightYear":"2026","copyrightHolder":{"@id":"https:\/\/ubirataonline.com.br\/en\/#organization"}},{"@type":"WebPage","@id":"https:\/\/ubirataonline.com.br\/dor-cronica-saude-mental-acompanhamento-psicologico\/","url":"https:\/\/ubirataonline.com.br\/dor-cronica-saude-mental-acompanhamento-psicologico\/","name":"Dor cr\u00f4nica e sa\u00fade mental, entenda por que o acompanhamento psicol\u00f3gico \u00e9 essencial para recuperar a sua qualidade de vida hoje - Ubirat\u00e3 Online Not\u00edcias - A realidade ao seu alcance!","isPartOf":{"@id":"https:\/\/ubirataonline.com.br\/#website"},"primaryImageOfPage":{"@id":"https:\/\/ubirataonline.com.br\/dor-cronica-saude-mental-acompanhamento-psicologico\/#primaryimage"},"image":{"@id":"https:\/\/ubirataonline.com.br\/dor-cronica-saude-mental-acompanhamento-psicologico\/#primaryimage"},"thumbnailUrl":"https:\/\/ubirataonline.com.br\/wp-content\/uploads\/2026\/07\/maaimg-post-158089-20260725-231422.webp","datePublished":"2026-07-25T23:14:52+00:00","dateModified":"2026-07-25T23:14:54+00:00","description":"Descubra por que o acompanhamento psicol\u00f3gico \u00e9 essencial no tratamento da dor cr\u00f4nica e como a sa\u00fade mental ajuda a recuperar sua qualidade de vida.","breadcrumb":{"@id":"https:\/\/ubirataonline.com.br\/dor-cronica-saude-mental-acompanhamento-psicologico\/#breadcrumb"},"inLanguage":"en-US","potentialAction":[{"@type":"ReadAction","target":["https:\/\/ubirataonline.com.br\/dor-cronica-saude-mental-acompanhamento-psicologico\/"]}]},{"@type":"ImageObject","inLanguage":"en-US","@id":"https:\/\/ubirataonline.com.br\/dor-cronica-saude-mental-acompanhamento-psicologico\/#primaryimage","url":"https:\/\/ubirataonline.com.br\/wp-content\/uploads\/2026\/07\/maaimg-post-158089-20260725-231422.webp","contentUrl":"https:\/\/ubirataonline.com.br\/wp-content\/uploads\/2026\/07\/maaimg-post-158089-20260725-231422.webp","width":1376,"height":768,"caption":"Dor cr\u00f4nica e sa\u00fade mental"},{"@type":"BreadcrumbList","@id":"https:\/\/ubirataonline.com.br\/dor-cronica-saude-mental-acompanhamento-psicologico\/#breadcrumb","itemListElement":[{"@type":"ListItem","position":1,"name":"In\u00edcio","item":"https:\/\/ubirataonline.com.br\/"},{"@type":"ListItem","position":2,"name":"Dor cr\u00f4nica e sa\u00fade mental, entenda por que o acompanhamento psicol\u00f3gico \u00e9 essencial para recuperar a sua qualidade de vida hoje"}]},{"@type":"WebSite","@id":"https:\/\/ubirataonline.com.br\/#website","url":"https:\/\/ubirataonline.com.br\/","name":"Ubirat\u00e3 Online Not\u00edcias","description":"Not\u00edcias de Ubirat\u00e3, regi\u00e3o, Brasil e mundo, com informa\u00e7\u00e3o atualizada e compromisso com o leitor.","publisher":{"@id":"https:\/\/ubirataonline.com.br\/#organization"},"alternateName":"Ubirat\u00e3 Online","potentialAction":[{"@type":"SearchAction","target":{"@type":"EntryPoint","urlTemplate":"https:\/\/ubirataonline.com.br\/?s={search_term_string}"},"query-input":{"@type":"PropertyValueSpecification","valueRequired":true,"valueName":"search_term_string"}}],"inLanguage":"en-US"},{"@type":["Organization","Place"],"@id":"https:\/\/ubirataonline.com.br\/#organization","name":"Ubirat\u00e3 Online Not\u00edcias","alternateName":"Ubirat\u00e3 Online","url":"https:\/\/ubirataonline.com.br\/","logo":{"@id":"https:\/\/ubirataonline.com.br\/dor-cronica-saude-mental-acompanhamento-psicologico\/#local-main-organization-logo"},"image":{"@id":"https:\/\/ubirataonline.com.br\/dor-cronica-saude-mental-acompanhamento-psicologico\/#local-main-organization-logo"},"sameAs":["https:\/\/www.facebook.com\/portalubirataonline","https:\/\/x.com\/ubirataonline","https:\/\/mastodon.social\/@ubirataonline","https:\/\/www.facebook.com\/groups\/311144672285604","https:\/\/www.facebook.com\/UBTAOnline","https:\/\/www.instagram.com\/portalubirataonline\/","https:\/\/twitter.com\/ubirataonline"],"description":"Somos um portal de not\u00edcias independente, criado em 5 de janeiro de 2009, com o objetivo de informar, conectar e valorizar a nossa comunidade de Ubirat\u00e3 e toda aregi\u00e3o. Com conte\u00fado atualizado, confi\u00e1vel e relevante, o Ubirat\u00e3 Online \u00e9 o seu espa\u00e7o para ficar por dentro dos principais acontecimentos locais, regionais, Brasil, Mundo e de interesse geral. Nosso compromisso \u00e9 com a verdade, a transpar\u00eancia e o respeito ao leitor.","legalName":"UBIRATA ONLINE NOT\u00cdCIAS","foundingDate":"2009-01-05","numberOfEmployees":{"@type":"QuantitativeValue","minValue":"1","maxValue":"10"},"publishingPrinciples":"https:\/\/ubirataonline.com.br\/faq\/","address":{"@id":"https:\/\/ubirataonline.com.br\/dor-cronica-saude-mental-acompanhamento-psicologico\/#local-main-place-address"},"geo":{"@type":"GeoCoordinates","latitude":"-24.5361401","longitude":"-52.9921776"},"telephone":["+5544998308235"],"contactPoint":{"@type":"ContactPoint","email":"contato@ubirataonline.com.br"},"openingHoursSpecification":{"@type":"OpeningHoursSpecification","dayOfWeek":["Monday","Tuesday","Wednesday","Thursday","Friday","Saturday","Sunday"],"opens":"00:00","closes":"23:59"},"email":"contato@ubirataonline.com.br","vatID":"47.621.418\/0001-80"},{"@type":"Person","@id":"https:\/\/ubirataonline.com.br\/#\/schema\/person\/372f87bbd3fdd79b8556b84c98d0bc1c","name":"REDA\u00c7\u00c3O: UBIRAT\u00c3 ONLINE - F\u00c1BIO AUGUSTO CELESTINO","pronouns":"Ele","description":"Desde 2003 trabalhando com not\u00edcias.","sameAs":["http:\/\/ubirataoline.com.br","https:\/\/www.facebook.com\/portalubirataonline","https:\/\/www.instagram.com\/ubirataonline_oficial","https:\/\/x.com\/x.com\/ubirataonline"],"honorificPrefix":"Mr.","honorificSuffix":"MD","birthDate":"1980-06-16","gender":"masculino","award":["V\u00e1rios pr\u00eamios de melhor portal da cidade"],"jobTitle":"Diretor","url":"https:\/\/ubirataonline.com.br\/en\/author\/ubirataonline\/"},{"@type":"PostalAddress","@id":"https:\/\/ubirataonline.com.br\/dor-cronica-saude-mental-acompanhamento-psicologico\/#local-main-place-address","streetAddress":"Rua dos Coqueiros, 104 - Bairro Boa Vista, Rua dos Coqueiros, 104 Bairro Boa Vista","addressLocality":"UBIRATA","postalCode":"85440-000","addressRegion":"PR","addressCountry":"BR"},{"@type":"ImageObject","inLanguage":"en-US","@id":"https:\/\/ubirataonline.com.br\/dor-cronica-saude-mental-acompanhamento-psicologico\/#local-main-organization-logo","url":"https:\/\/ubirataonline.com.br\/wp-content\/uploads\/2026\/06\/logoubirataonline-1.webp","contentUrl":"https:\/\/ubirataonline.com.br\/wp-content\/uploads\/2026\/06\/logoubirataonline-1.webp","width":500,"height":500,"caption":"Ubirat\u00e3 Online Not\u00edcias"}]},"geo.placename":"UBIRATA","geo.position":{"lat":"-24.5361401","long":"-52.9921776"},"geo.region":"Brazil"},"_links":{"self":[{"href":"https:\/\/ubirataonline.com.br\/en\/wp-json\/wp\/v2\/posts\/158089","targetHints":{"allow":["GET"]}}],"collection":[{"href":"https:\/\/ubirataonline.com.br\/en\/wp-json\/wp\/v2\/posts"}],"about":[{"href":"https:\/\/ubirataonline.com.br\/en\/wp-json\/wp\/v2\/types\/post"}],"author":[{"embeddable":true,"href":"https:\/\/ubirataonline.com.br\/en\/wp-json\/wp\/v2\/users\/1"}],"replies":[{"embeddable":true,"href":"https:\/\/ubirataonline.com.br\/en\/wp-json\/wp\/v2\/comments?post=158089"}],"version-history":[{"count":0,"href":"https:\/\/ubirataonline.com.br\/en\/wp-json\/wp\/v2\/posts\/158089\/revisions"}],"wp:featuredmedia":[{"embeddable":true,"href":"https:\/\/ubirataonline.com.br\/en\/wp-json\/wp\/v2\/media\/158093"}],"wp:attachment":[{"href":"https:\/\/ubirataonline.com.br\/en\/wp-json\/wp\/v2\/media?parent=158089"}],"wp:term":[{"taxonomy":"category","embeddable":true,"href":"https:\/\/ubirataonline.com.br\/en\/wp-json\/wp\/v2\/categories?post=158089"},{"taxonomy":"post_tag","embeddable":true,"href":"https:\/\/ubirataonline.com.br\/en\/wp-json\/wp\/v2\/tags?post=158089"}],"curies":[{"name":"wp","href":"https:\/\/api.w.org\/{rel}","templated":true}]}}