{"id":158282,"date":"2026-07-26T09:04:34","date_gmt":"2026-07-26T12:04:34","guid":{"rendered":"https:\/\/ubirataonline.com.br\/tragedia-em-foz-do-iguacu-policia-investiga-homicidio-culposo-apos-acidente-com-dez-pessoas-dentro-de-carro-de-passeio\/"},"modified":"2026-07-26T10:34:20","modified_gmt":"2026-07-26T13:34:20","slug":"tragedia-em-foz-do-iguacu-policia-investiga-homicidio-culposo-apos-acidente-com-dez-pessoas-dentro-de-carro-de-passeio","status":"publish","type":"post","link":"https:\/\/ubirataonline.com.br\/en\/tragedia-em-foz-do-iguacu-policia-investiga-homicidio-culposo-apos-acidente-com-dez-pessoas-dentro-de-carro-de-passeio\/","title":{"rendered":"Trag\u00e9dia em Foz do Igua\u00e7u: Pol\u00edcia investiga homic\u00eddio culposo ap\u00f3s acidente com dez pessoas dentro de carro de passeio"},"content":{"rendered":"<h2>A Pol\u00edcia Militar do Paran\u00e1 trata como homic\u00eddio culposo a batida que resultou na morte de duas jovens ap\u00f3s um carro de passeio transportar dez ocupantes em Foz do Igua\u00e7u.<\/h2>\n<p>Uma noite que deveria ser de divers\u00e3o terminou em trag\u00e9dia na \u00faltima sexta-feira, dia 24, na Avenida Felipe Wandscheer, em Foz do Igua\u00e7u. O ve\u00edculo, projetado para acomodar apenas cinco pessoas, levava o dobro de ocupantes no momento em que perdeu o controle e atingiu uma \u00e1rvore.<\/p>\n<p>O impacto da batida foi devastador, deixando as v\u00edtimas presas \u00e0s ferragens e pressionadas umas contra as outras dentro do habit\u00e1culo. A situa\u00e7\u00e3o mobilizou diversas equipes de socorro da regi\u00e3o para o atendimento emergencial.<\/p>\n<p>O registro inicial da ocorr\u00eancia, conforme informa\u00e7\u00e3o divulgada pela Pol\u00edcia Militar, classifica o caso como <b>homic\u00eddio culposo<\/b>, situa\u00e7\u00e3o que ocorre quando n\u00e3o h\u00e1 inten\u00e7\u00e3o de matar, mas h\u00e1 imprud\u00eancia ou neglig\u00eancia no volante.<\/p>\n<h3>Detalhes do acidente e estado das v\u00edtimas<\/h3>\n<p>As v\u00edtimas fatais foram identificadas como Julia Wolf Datsch, de 17 anos, e Flavia Werner Saccomori, de 18 anos, que faleceram ainda no local do acidente. O socorro foi prestado por equipes do Samu e do Siate, que trabalharam intensamente no resgate.<\/p>\n<p>O motorista do ve\u00edculo, um jovem de 21 anos, sobreviveu \u00e0 colis\u00e3o, mas permanece internado em estado grave na Unidade de Terapia Intensiva de um hospital municipal da cidade. Outras cinco pessoas, com idades entre 17 e 18 anos, sofreram fraturas diversas.<\/p>\n<p>Segundo as autoridades, os feridos foram encaminhados para unidades hospitalares e prontos atendimentos da regi\u00e3o. Al\u00e9m dos feridos, duas pessoas que estavam no carro conseguiram sair ilesas e deixaram o local antes da chegada das equipes de resgate.<\/p>\n<h3>Investiga\u00e7\u00e3o da Pol\u00edcia Civil<\/h3>\n<p>A Pol\u00edcia Civil do Paran\u00e1 informou que a investiga\u00e7\u00e3o oficial sobre o <b>homic\u00eddio culposo<\/b> ainda n\u00e3o foi iniciada, uma vez que o boletim de ocorr\u00eancia referente ao acidente ainda aguarda o tr\u00e2mite necess\u00e1rio para ser encaminhado \u00e0 delegacia competente.<\/p>\n<p>A expectativa \u00e9 que a an\u00e1lise do caso comece a partir desta segunda-feira, dia 27. O delegado respons\u00e1vel pelo caso dever\u00e1 avaliar todos os elementos apurados para definir os pr\u00f3ximos passos da investiga\u00e7\u00e3o e poss\u00edveis novas qualifica\u00e7\u00f5es criminais.<\/p>\n<p>\u00c9 importante ressaltar que o enquadramento jur\u00eddico pode sofrer altera\u00e7\u00f5es conforme o desenrolar das apura\u00e7\u00f5es. A <b>imprud\u00eancia<\/b> no transporte de passageiros acima da capacidade permitida \u00e9 um dos pontos centrais que devem ser analisados pelas autoridades.<\/p>\n<h3>O que caracteriza o homic\u00eddio culposo<\/h3>\n<p>No ordenamento jur\u00eddico brasileiro, o <b>homic\u00eddio culposo<\/b> ocorre quando o agente causa a morte de outra pessoa por imprud\u00eancia, neglig\u00eancia ou imper\u00edcia. Nesse cen\u00e1rio, o condutor n\u00e3o teve a inten\u00e7\u00e3o direta de provocar o \u00f3bito das v\u00edtimas.<\/p>\n<p>Apesar da aus\u00eancia de inten\u00e7\u00e3o, a conduta de dirigir um ve\u00edculo com o dobro de pessoas permitidas coloca em risco a vida de todos os envolvidos. A per\u00edcia t\u00e9cnica ser\u00e1 fundamental para entender se outros fatores, como velocidade ou condi\u00e7\u00f5es da pista, contribu\u00edram para a trag\u00e9dia.<\/p>","protected":false},"excerpt":{"rendered":"<p>A Pol\u00edcia Militar do Paran\u00e1 trata como homic\u00eddio culposo a batida que resultou na morte de duas jovens ap\u00f3s um carro de passeio transportar dez ocupantes em Foz do Igua\u00e7u. Uma noite que deveria ser de divers\u00e3o terminou em trag\u00e9dia na \u00faltima sexta-feira, dia 24, na Avenida Felipe Wandscheer, em Foz do Igua\u00e7u. O ve\u00edculo, [&hellip;]<\/p>\n","protected":false},"author":1,"featured_media":158283,"comment_status":"closed","ping_status":"closed","sticky":false,"template":"","format":"standard","meta":{"googlesitekit_rrm_CAow2JLhCw:productID":"","_gspb_post_css":"","maa_idioma":"","maa_pais":"","footnotes":""},"categories":[3],"tags":[26,43187,310],"class_list":["post-158282","post","type-post","status-publish","format-standard","has-post-thumbnail","hentry","category-acidentes","tag-acidente","tag-foz-do-iguacu","tag-tragedia"],"blocksy_meta":[],"yoast_head":"<!-- This site is optimized with the Yoast SEO Premium plugin v27.6 (Yoast SEO v27.6) - https:\/\/yoast.com\/product\/yoast-seo-premium-wordpress\/ -->\n<title>Trag\u00e9dia em Foz do Igua\u00e7u: Pol\u00edcia investiga homic\u00eddio culposo ap\u00f3s acidente com dez pessoas dentro de carro de passeio - Ubirat\u00e3 Online Not\u00edcias - A realidade ao seu alcance!<\/title>\n<meta name=\"description\" content=\"A Pol\u00edcia Militar do Paran\u00e1 trata como homic\u00eddio culposo a batida que resultou na morte de duas jovens ap\u00f3s um carro de passeio transportar dez ocupantes\" \/>\n<meta name=\"robots\" content=\"index, follow, max-snippet:-1, max-image-preview:large, max-video-preview:-1\" \/>\n<link rel=\"canonical\" href=\"https:\/\/ubirataonline.com.br\/en\/tragedia-em-foz-do-iguacu-policia-investiga-homicidio-culposo-apos-acidente-com-dez-pessoas-dentro-de-carro-de-passeio\/\" \/>\n<meta property=\"og:locale\" content=\"en_US\" \/>\n<meta property=\"og:type\" content=\"article\" \/>\n<meta property=\"og:title\" content=\"Trag\u00e9dia em Foz do Igua\u00e7u: Pol\u00edcia investiga homic\u00eddio culposo ap\u00f3s acidente com dez pessoas dentro de carro de passeio\" \/>\n<meta property=\"og:description\" content=\"A Pol\u00edcia Militar do Paran\u00e1 trata como homic\u00eddio culposo a batida que resultou na morte de duas jovens ap\u00f3s um carro de passeio transportar dez ocupantes\" \/>\n<meta property=\"og:url\" content=\"https:\/\/ubirataonline.com.br\/en\/tragedia-em-foz-do-iguacu-policia-investiga-homicidio-culposo-apos-acidente-com-dez-pessoas-dentro-de-carro-de-passeio\/\" \/>\n<meta property=\"og:site_name\" content=\"Ubirat\u00e3 Online Not\u00edcias - A realidade ao seu alcance!\" \/>\n<meta property=\"article:publisher\" content=\"https:\/\/www.facebook.com\/portalubirataonline\" \/>\n<meta property=\"article:author\" content=\"https:\/\/www.facebook.com\/portalubirataonline\" \/>\n<meta property=\"article:published_time\" content=\"2026-07-26T12:04:34+00:00\" \/>\n<meta property=\"article:modified_time\" content=\"2026-07-26T13:34:20+00:00\" \/>\n<meta property=\"og:image\" content=\"https:\/\/ubirataonline.com.br\/wp-content\/uploads\/2026\/07\/news-158282-1785067476.webp\" \/>\n\t<meta property=\"og:image:width\" content=\"427\" \/>\n\t<meta property=\"og:image:height\" content=\"240\" \/>\n\t<meta property=\"og:image:type\" content=\"image\/webp\" \/>\n<meta name=\"author\" content=\"REDA\u00c7\u00c3O: UBIRAT\u00c3 ONLINE - F\u00c1BIO AUGUSTO CELESTINO\" \/>\n<meta name=\"twitter:card\" content=\"summary_large_image\" \/>\n<meta name=\"twitter:creator\" content=\"@x.com\/ubirataonline\" \/>\n<meta name=\"twitter:site\" content=\"@ubirataonline\" \/>\n<meta name=\"twitter:label1\" content=\"Written by\" \/>\n\t<meta name=\"twitter:data1\" content=\"REDA\u00c7\u00c3O: UBIRAT\u00c3 ONLINE - F\u00c1BIO AUGUSTO CELESTINO\" \/>\n\t<meta name=\"twitter:label2\" content=\"Est. reading time\" \/>\n\t<meta name=\"twitter:data2\" content=\"3 minutes\" \/>\n<script type=\"application\/ld+json\" class=\"yoast-schema-graph\">{\"@context\":\"https:\\\/\\\/schema.org\",\"@graph\":[{\"@type\":\"NewsArticle\",\"@id\":\"https:\\\/\\\/ubirataonline.com.br\\\/tragedia-em-foz-do-iguacu-policia-investiga-homicidio-culposo-apos-acidente-com-dez-pessoas-dentro-de-carro-de-passeio\\\/#article\",\"isPartOf\":{\"@id\":\"https:\\\/\\\/ubirataonline.com.br\\\/tragedia-em-foz-do-iguacu-policia-investiga-homicidio-culposo-apos-acidente-com-dez-pessoas-dentro-de-carro-de-passeio\\\/\"},\"author\":{\"name\":\"REDA\u00c7\u00c3O: UBIRAT\u00c3 ONLINE - F\u00c1BIO AUGUSTO CELESTINO\",\"@id\":\"https:\\\/\\\/ubirataonline.com.br\\\/#\\\/schema\\\/person\\\/372f87bbd3fdd79b8556b84c98d0bc1c\"},\"headline\":\"Trag\u00e9dia em Foz do Igua\u00e7u: Pol\u00edcia investiga homic\u00eddio culposo ap\u00f3s acidente com dez pessoas dentro de carro de passeio\",\"datePublished\":\"2026-07-26T12:04:34+00:00\",\"dateModified\":\"2026-07-26T13:34:20+00:00\",\"mainEntityOfPage\":{\"@id\":\"https:\\\/\\\/ubirataonline.com.br\\\/tragedia-em-foz-do-iguacu-policia-investiga-homicidio-culposo-apos-acidente-com-dez-pessoas-dentro-de-carro-de-passeio\\\/\"},\"wordCount\":555,\"publisher\":{\"@id\":\"https:\\\/\\\/ubirataonline.com.br\\\/#organization\"},\"image\":{\"@id\":\"https:\\\/\\\/ubirataonline.com.br\\\/tragedia-em-foz-do-iguacu-policia-investiga-homicidio-culposo-apos-acidente-com-dez-pessoas-dentro-de-carro-de-passeio\\\/#primaryimage\"},\"thumbnailUrl\":\"https:\\\/\\\/ubirataonline.com.br\\\/wp-content\\\/uploads\\\/2026\\\/07\\\/news-158282-1785067476.webp\",\"keywords\":[\"Acidente\",\"Foz do Igua\u00e7u\",\"Trag\u00e9dia\"],\"articleSection\":[\"Acidentes\"],\"inLanguage\":\"en-US\",\"copyrightYear\":\"2026\",\"copyrightHolder\":{\"@id\":\"https:\\\/\\\/ubirataonline.com.br\\\/en\\\/#organization\"}},{\"@type\":\"WebPage\",\"@id\":\"https:\\\/\\\/ubirataonline.com.br\\\/tragedia-em-foz-do-iguacu-policia-investiga-homicidio-culposo-apos-acidente-com-dez-pessoas-dentro-de-carro-de-passeio\\\/\",\"url\":\"https:\\\/\\\/ubirataonline.com.br\\\/tragedia-em-foz-do-iguacu-policia-investiga-homicidio-culposo-apos-acidente-com-dez-pessoas-dentro-de-carro-de-passeio\\\/\",\"name\":\"Trag\u00e9dia em Foz do Igua\u00e7u: Pol\u00edcia investiga homic\u00eddio culposo ap\u00f3s acidente com dez pessoas dentro de carro de passeio - Ubirat\u00e3 Online Not\u00edcias - A realidade ao seu alcance!\",\"isPartOf\":{\"@id\":\"https:\\\/\\\/ubirataonline.com.br\\\/#website\"},\"primaryImageOfPage\":{\"@id\":\"https:\\\/\\\/ubirataonline.com.br\\\/tragedia-em-foz-do-iguacu-policia-investiga-homicidio-culposo-apos-acidente-com-dez-pessoas-dentro-de-carro-de-passeio\\\/#primaryimage\"},\"image\":{\"@id\":\"https:\\\/\\\/ubirataonline.com.br\\\/tragedia-em-foz-do-iguacu-policia-investiga-homicidio-culposo-apos-acidente-com-dez-pessoas-dentro-de-carro-de-passeio\\\/#primaryimage\"},\"thumbnailUrl\":\"https:\\\/\\\/ubirataonline.com.br\\\/wp-content\\\/uploads\\\/2026\\\/07\\\/news-158282-1785067476.webp\",\"datePublished\":\"2026-07-26T12:04:34+00:00\",\"dateModified\":\"2026-07-26T13:34:20+00:00\",\"description\":\"A Pol\u00edcia Militar do Paran\u00e1 trata como homic\u00eddio culposo a batida que resultou na morte de duas jovens ap\u00f3s um carro de passeio transportar dez ocupantes\",\"breadcrumb\":{\"@id\":\"https:\\\/\\\/ubirataonline.com.br\\\/tragedia-em-foz-do-iguacu-policia-investiga-homicidio-culposo-apos-acidente-com-dez-pessoas-dentro-de-carro-de-passeio\\\/#breadcrumb\"},\"inLanguage\":\"en-US\",\"potentialAction\":[{\"@type\":\"ReadAction\",\"target\":[\"https:\\\/\\\/ubirataonline.com.br\\\/tragedia-em-foz-do-iguacu-policia-investiga-homicidio-culposo-apos-acidente-com-dez-pessoas-dentro-de-carro-de-passeio\\\/\"]}]},{\"@type\":\"ImageObject\",\"inLanguage\":\"en-US\",\"@id\":\"https:\\\/\\\/ubirataonline.com.br\\\/tragedia-em-foz-do-iguacu-policia-investiga-homicidio-culposo-apos-acidente-com-dez-pessoas-dentro-de-carro-de-passeio\\\/#primaryimage\",\"url\":\"https:\\\/\\\/ubirataonline.com.br\\\/wp-content\\\/uploads\\\/2026\\\/07\\\/news-158282-1785067476.webp\",\"contentUrl\":\"https:\\\/\\\/ubirataonline.com.br\\\/wp-content\\\/uploads\\\/2026\\\/07\\\/news-158282-1785067476.webp\",\"width\":427,\"height\":240},{\"@type\":\"BreadcrumbList\",\"@id\":\"https:\\\/\\\/ubirataonline.com.br\\\/tragedia-em-foz-do-iguacu-policia-investiga-homicidio-culposo-apos-acidente-com-dez-pessoas-dentro-de-carro-de-passeio\\\/#breadcrumb\",\"itemListElement\":[{\"@type\":\"ListItem\",\"position\":1,\"name\":\"In\u00edcio\",\"item\":\"https:\\\/\\\/ubirataonline.com.br\\\/\"},{\"@type\":\"ListItem\",\"position\":2,\"name\":\"Trag\u00e9dia em Foz do Igua\u00e7u: Pol\u00edcia investiga homic\u00eddio culposo ap\u00f3s acidente com dez pessoas dentro de carro de passeio\"}]},{\"@type\":\"WebSite\",\"@id\":\"https:\\\/\\\/ubirataonline.com.br\\\/#website\",\"url\":\"https:\\\/\\\/ubirataonline.com.br\\\/\",\"name\":\"Ubirat\u00e3 Online Not\u00edcias\",\"description\":\"Not\u00edcias de Ubirat\u00e3, regi\u00e3o, Brasil e mundo, com informa\u00e7\u00e3o atualizada e compromisso com o leitor.\",\"publisher\":{\"@id\":\"https:\\\/\\\/ubirataonline.com.br\\\/#organization\"},\"alternateName\":\"Ubirat\u00e3 Online\",\"potentialAction\":[{\"@type\":\"SearchAction\",\"target\":{\"@type\":\"EntryPoint\",\"urlTemplate\":\"https:\\\/\\\/ubirataonline.com.br\\\/?s={search_term_string}\"},\"query-input\":{\"@type\":\"PropertyValueSpecification\",\"valueRequired\":true,\"valueName\":\"search_term_string\"}}],\"inLanguage\":\"en-US\"},{\"@type\":[\"Organization\",\"Place\"],\"@id\":\"https:\\\/\\\/ubirataonline.com.br\\\/#organization\",\"name\":\"Ubirat\u00e3 Online Not\u00edcias\",\"alternateName\":\"Ubirat\u00e3 Online\",\"url\":\"https:\\\/\\\/ubirataonline.com.br\\\/\",\"logo\":{\"@id\":\"https:\\\/\\\/ubirataonline.com.br\\\/tragedia-em-foz-do-iguacu-policia-investiga-homicidio-culposo-apos-acidente-com-dez-pessoas-dentro-de-carro-de-passeio\\\/#local-main-organization-logo\"},\"image\":{\"@id\":\"https:\\\/\\\/ubirataonline.com.br\\\/tragedia-em-foz-do-iguacu-policia-investiga-homicidio-culposo-apos-acidente-com-dez-pessoas-dentro-de-carro-de-passeio\\\/#local-main-organization-logo\"},\"sameAs\":[\"https:\\\/\\\/www.facebook.com\\\/portalubirataonline\",\"https:\\\/\\\/x.com\\\/ubirataonline\",\"https:\\\/\\\/mastodon.social\\\/@ubirataonline\",\"https:\\\/\\\/www.facebook.com\\\/groups\\\/311144672285604\",\"https:\\\/\\\/www.facebook.com\\\/UBTAOnline\",\"https:\\\/\\\/www.instagram.com\\\/portalubirataonline\\\/\",\"https:\\\/\\\/twitter.com\\\/ubirataonline\"],\"description\":\"Somos um portal de not\u00edcias independente, criado em 5 de janeiro de 2009, com o objetivo de informar, conectar e valorizar a nossa comunidade de Ubirat\u00e3 e toda aregi\u00e3o. Com conte\u00fado atualizado, confi\u00e1vel e relevante, o Ubirat\u00e3 Online \u00e9 o seu espa\u00e7o para ficar por dentro dos principais acontecimentos locais, regionais, Brasil, Mundo e de interesse geral. Nosso compromisso \u00e9 com a verdade, a transpar\u00eancia e o respeito ao leitor.\",\"legalName\":\"UBIRATA ONLINE NOT\u00cdCIAS\",\"foundingDate\":\"2009-01-05\",\"numberOfEmployees\":{\"@type\":\"QuantitativeValue\",\"minValue\":\"1\",\"maxValue\":\"10\"},\"publishingPrinciples\":\"https:\\\/\\\/ubirataonline.com.br\\\/faq\\\/\",\"address\":{\"@id\":\"https:\\\/\\\/ubirataonline.com.br\\\/tragedia-em-foz-do-iguacu-policia-investiga-homicidio-culposo-apos-acidente-com-dez-pessoas-dentro-de-carro-de-passeio\\\/#local-main-place-address\"},\"geo\":{\"@type\":\"GeoCoordinates\",\"latitude\":\"-24.5361401\",\"longitude\":\"-52.9921776\"},\"telephone\":[\"+5544998308235\"],\"contactPoint\":{\"@type\":\"ContactPoint\",\"email\":\"contato@ubirataonline.com.br\"},\"openingHoursSpecification\":{\"@type\":\"OpeningHoursSpecification\",\"dayOfWeek\":[\"Monday\",\"Tuesday\",\"Wednesday\",\"Thursday\",\"Friday\",\"Saturday\",\"Sunday\"],\"opens\":\"00:00\",\"closes\":\"23:59\"},\"email\":\"contato@ubirataonline.com.br\",\"vatID\":\"47.621.418\\\/0001-80\"},{\"@type\":\"Person\",\"@id\":\"https:\\\/\\\/ubirataonline.com.br\\\/#\\\/schema\\\/person\\\/372f87bbd3fdd79b8556b84c98d0bc1c\",\"name\":\"REDA\u00c7\u00c3O: UBIRAT\u00c3 ONLINE - F\u00c1BIO AUGUSTO CELESTINO\",\"pronouns\":\"Ele\",\"description\":\"Desde 2003 trabalhando com not\u00edcias.\",\"sameAs\":[\"http:\\\/\\\/ubirataoline.com.br\",\"https:\\\/\\\/www.facebook.com\\\/portalubirataonline\",\"https:\\\/\\\/www.instagram.com\\\/ubirataonline_oficial\",\"https:\\\/\\\/x.com\\\/x.com\\\/ubirataonline\"],\"honorificPrefix\":\"Mr.\",\"honorificSuffix\":\"MD\",\"birthDate\":\"1980-06-16\",\"gender\":\"masculino\",\"award\":[\"V\u00e1rios pr\u00eamios de melhor portal da cidade\"],\"jobTitle\":\"Diretor\",\"url\":\"https:\\\/\\\/ubirataonline.com.br\\\/en\\\/author\\\/ubirataonline\\\/\"},{\"@type\":\"PostalAddress\",\"@id\":\"https:\\\/\\\/ubirataonline.com.br\\\/tragedia-em-foz-do-iguacu-policia-investiga-homicidio-culposo-apos-acidente-com-dez-pessoas-dentro-de-carro-de-passeio\\\/#local-main-place-address\",\"streetAddress\":\"Rua dos Coqueiros, 104 - Bairro Boa Vista, Rua dos Coqueiros, 104 Bairro Boa Vista\",\"addressLocality\":\"UBIRATA\",\"postalCode\":\"85440-000\",\"addressRegion\":\"PR\",\"addressCountry\":\"BR\"},{\"@type\":\"ImageObject\",\"inLanguage\":\"en-US\",\"@id\":\"https:\\\/\\\/ubirataonline.com.br\\\/tragedia-em-foz-do-iguacu-policia-investiga-homicidio-culposo-apos-acidente-com-dez-pessoas-dentro-de-carro-de-passeio\\\/#local-main-organization-logo\",\"url\":\"https:\\\/\\\/ubirataonline.com.br\\\/wp-content\\\/uploads\\\/2026\\\/06\\\/logoubirataonline-1.webp\",\"contentUrl\":\"https:\\\/\\\/ubirataonline.com.br\\\/wp-content\\\/uploads\\\/2026\\\/06\\\/logoubirataonline-1.webp\",\"width\":500,\"height\":500,\"caption\":\"Ubirat\u00e3 Online Not\u00edcias\"}]}<\/script>\n<meta name=\"geo.placename\" content=\"UBIRATA\" \/>\n<meta name=\"geo.position\" content=\"-24.5361401;-52.9921776\" \/>\n<meta name=\"geo.region\" content=\"Brazil\" \/>\n<!-- \/ Yoast SEO Premium plugin. -->","yoast_head_json":{"title":"Trag\u00e9dia em Foz do Igua\u00e7u: Pol\u00edcia investiga homic\u00eddio culposo ap\u00f3s acidente com dez pessoas dentro de carro de passeio - Ubirat\u00e3 Online Not\u00edcias - A realidade ao seu alcance!","description":"A Pol\u00edcia Militar do Paran\u00e1 trata como homic\u00eddio culposo a batida que resultou na morte de duas jovens ap\u00f3s um carro de passeio transportar dez ocupantes","robots":{"index":"index","follow":"follow","max-snippet":"max-snippet:-1","max-image-preview":"max-image-preview:large","max-video-preview":"max-video-preview:-1"},"canonical":"https:\/\/ubirataonline.com.br\/en\/tragedia-em-foz-do-iguacu-policia-investiga-homicidio-culposo-apos-acidente-com-dez-pessoas-dentro-de-carro-de-passeio\/","og_locale":"en_US","og_type":"article","og_title":"Trag\u00e9dia em Foz do Igua\u00e7u: Pol\u00edcia investiga homic\u00eddio culposo ap\u00f3s acidente com dez pessoas dentro de carro de passeio","og_description":"A Pol\u00edcia Militar do Paran\u00e1 trata como homic\u00eddio culposo a batida que resultou na morte de duas jovens ap\u00f3s um carro de passeio transportar dez ocupantes","og_url":"https:\/\/ubirataonline.com.br\/en\/tragedia-em-foz-do-iguacu-policia-investiga-homicidio-culposo-apos-acidente-com-dez-pessoas-dentro-de-carro-de-passeio\/","og_site_name":"Ubirat\u00e3 Online Not\u00edcias - A realidade ao seu alcance!","article_publisher":"https:\/\/www.facebook.com\/portalubirataonline","article_author":"https:\/\/www.facebook.com\/portalubirataonline","article_published_time":"2026-07-26T12:04:34+00:00","article_modified_time":"2026-07-26T13:34:20+00:00","og_image":[{"width":427,"height":240,"url":"https:\/\/ubirataonline.com.br\/wp-content\/uploads\/2026\/07\/news-158282-1785067476.webp","type":"image\/webp"}],"author":"REDA\u00c7\u00c3O: UBIRAT\u00c3 ONLINE - F\u00c1BIO AUGUSTO CELESTINO","twitter_card":"summary_large_image","twitter_creator":"@x.com\/ubirataonline","twitter_site":"@ubirataonline","twitter_misc":{"Written by":"REDA\u00c7\u00c3O: UBIRAT\u00c3 ONLINE - F\u00c1BIO AUGUSTO CELESTINO","Est. reading time":"3 minutes"},"schema":{"@context":"https:\/\/schema.org","@graph":[{"@type":"NewsArticle","@id":"https:\/\/ubirataonline.com.br\/tragedia-em-foz-do-iguacu-policia-investiga-homicidio-culposo-apos-acidente-com-dez-pessoas-dentro-de-carro-de-passeio\/#article","isPartOf":{"@id":"https:\/\/ubirataonline.com.br\/tragedia-em-foz-do-iguacu-policia-investiga-homicidio-culposo-apos-acidente-com-dez-pessoas-dentro-de-carro-de-passeio\/"},"author":{"name":"REDA\u00c7\u00c3O: UBIRAT\u00c3 ONLINE - F\u00c1BIO AUGUSTO CELESTINO","@id":"https:\/\/ubirataonline.com.br\/#\/schema\/person\/372f87bbd3fdd79b8556b84c98d0bc1c"},"headline":"Trag\u00e9dia em Foz do Igua\u00e7u: Pol\u00edcia investiga homic\u00eddio culposo ap\u00f3s acidente com dez pessoas dentro de carro de passeio","datePublished":"2026-07-26T12:04:34+00:00","dateModified":"2026-07-26T13:34:20+00:00","mainEntityOfPage":{"@id":"https:\/\/ubirataonline.com.br\/tragedia-em-foz-do-iguacu-policia-investiga-homicidio-culposo-apos-acidente-com-dez-pessoas-dentro-de-carro-de-passeio\/"},"wordCount":555,"publisher":{"@id":"https:\/\/ubirataonline.com.br\/#organization"},"image":{"@id":"https:\/\/ubirataonline.com.br\/tragedia-em-foz-do-iguacu-policia-investiga-homicidio-culposo-apos-acidente-com-dez-pessoas-dentro-de-carro-de-passeio\/#primaryimage"},"thumbnailUrl":"https:\/\/ubirataonline.com.br\/wp-content\/uploads\/2026\/07\/news-158282-1785067476.webp","keywords":["Acidente","Foz do Igua\u00e7u","Trag\u00e9dia"],"articleSection":["Acidentes"],"inLanguage":"en-US","copyrightYear":"2026","copyrightHolder":{"@id":"https:\/\/ubirataonline.com.br\/en\/#organization"}},{"@type":"WebPage","@id":"https:\/\/ubirataonline.com.br\/tragedia-em-foz-do-iguacu-policia-investiga-homicidio-culposo-apos-acidente-com-dez-pessoas-dentro-de-carro-de-passeio\/","url":"https:\/\/ubirataonline.com.br\/tragedia-em-foz-do-iguacu-policia-investiga-homicidio-culposo-apos-acidente-com-dez-pessoas-dentro-de-carro-de-passeio\/","name":"Trag\u00e9dia em Foz do Igua\u00e7u: Pol\u00edcia investiga homic\u00eddio culposo ap\u00f3s acidente com dez pessoas dentro de carro de passeio - Ubirat\u00e3 Online Not\u00edcias - A realidade ao seu alcance!","isPartOf":{"@id":"https:\/\/ubirataonline.com.br\/#website"},"primaryImageOfPage":{"@id":"https:\/\/ubirataonline.com.br\/tragedia-em-foz-do-iguacu-policia-investiga-homicidio-culposo-apos-acidente-com-dez-pessoas-dentro-de-carro-de-passeio\/#primaryimage"},"image":{"@id":"https:\/\/ubirataonline.com.br\/tragedia-em-foz-do-iguacu-policia-investiga-homicidio-culposo-apos-acidente-com-dez-pessoas-dentro-de-carro-de-passeio\/#primaryimage"},"thumbnailUrl":"https:\/\/ubirataonline.com.br\/wp-content\/uploads\/2026\/07\/news-158282-1785067476.webp","datePublished":"2026-07-26T12:04:34+00:00","dateModified":"2026-07-26T13:34:20+00:00","description":"A Pol\u00edcia Militar do Paran\u00e1 trata como homic\u00eddio culposo a batida que resultou na morte de duas jovens ap\u00f3s um carro de passeio transportar dez ocupantes","breadcrumb":{"@id":"https:\/\/ubirataonline.com.br\/tragedia-em-foz-do-iguacu-policia-investiga-homicidio-culposo-apos-acidente-com-dez-pessoas-dentro-de-carro-de-passeio\/#breadcrumb"},"inLanguage":"en-US","potentialAction":[{"@type":"ReadAction","target":["https:\/\/ubirataonline.com.br\/tragedia-em-foz-do-iguacu-policia-investiga-homicidio-culposo-apos-acidente-com-dez-pessoas-dentro-de-carro-de-passeio\/"]}]},{"@type":"ImageObject","inLanguage":"en-US","@id":"https:\/\/ubirataonline.com.br\/tragedia-em-foz-do-iguacu-policia-investiga-homicidio-culposo-apos-acidente-com-dez-pessoas-dentro-de-carro-de-passeio\/#primaryimage","url":"https:\/\/ubirataonline.com.br\/wp-content\/uploads\/2026\/07\/news-158282-1785067476.webp","contentUrl":"https:\/\/ubirataonline.com.br\/wp-content\/uploads\/2026\/07\/news-158282-1785067476.webp","width":427,"height":240},{"@type":"BreadcrumbList","@id":"https:\/\/ubirataonline.com.br\/tragedia-em-foz-do-iguacu-policia-investiga-homicidio-culposo-apos-acidente-com-dez-pessoas-dentro-de-carro-de-passeio\/#breadcrumb","itemListElement":[{"@type":"ListItem","position":1,"name":"In\u00edcio","item":"https:\/\/ubirataonline.com.br\/"},{"@type":"ListItem","position":2,"name":"Trag\u00e9dia em Foz do Igua\u00e7u: Pol\u00edcia investiga homic\u00eddio culposo ap\u00f3s acidente com dez pessoas dentro de carro de passeio"}]},{"@type":"WebSite","@id":"https:\/\/ubirataonline.com.br\/#website","url":"https:\/\/ubirataonline.com.br\/","name":"Ubirat\u00e3 Online Not\u00edcias","description":"Not\u00edcias de Ubirat\u00e3, regi\u00e3o, Brasil e mundo, com informa\u00e7\u00e3o atualizada e compromisso com o leitor.","publisher":{"@id":"https:\/\/ubirataonline.com.br\/#organization"},"alternateName":"Ubirat\u00e3 Online","potentialAction":[{"@type":"SearchAction","target":{"@type":"EntryPoint","urlTemplate":"https:\/\/ubirataonline.com.br\/?s={search_term_string}"},"query-input":{"@type":"PropertyValueSpecification","valueRequired":true,"valueName":"search_term_string"}}],"inLanguage":"en-US"},{"@type":["Organization","Place"],"@id":"https:\/\/ubirataonline.com.br\/#organization","name":"Ubirat\u00e3 Online Not\u00edcias","alternateName":"Ubirat\u00e3 Online","url":"https:\/\/ubirataonline.com.br\/","logo":{"@id":"https:\/\/ubirataonline.com.br\/tragedia-em-foz-do-iguacu-policia-investiga-homicidio-culposo-apos-acidente-com-dez-pessoas-dentro-de-carro-de-passeio\/#local-main-organization-logo"},"image":{"@id":"https:\/\/ubirataonline.com.br\/tragedia-em-foz-do-iguacu-policia-investiga-homicidio-culposo-apos-acidente-com-dez-pessoas-dentro-de-carro-de-passeio\/#local-main-organization-logo"},"sameAs":["https:\/\/www.facebook.com\/portalubirataonline","https:\/\/x.com\/ubirataonline","https:\/\/mastodon.social\/@ubirataonline","https:\/\/www.facebook.com\/groups\/311144672285604","https:\/\/www.facebook.com\/UBTAOnline","https:\/\/www.instagram.com\/portalubirataonline\/","https:\/\/twitter.com\/ubirataonline"],"description":"Somos um portal de not\u00edcias independente, criado em 5 de janeiro de 2009, com o objetivo de informar, conectar e valorizar a nossa comunidade de Ubirat\u00e3 e toda aregi\u00e3o. Com conte\u00fado atualizado, confi\u00e1vel e relevante, o Ubirat\u00e3 Online \u00e9 o seu espa\u00e7o para ficar por dentro dos principais acontecimentos locais, regionais, Brasil, Mundo e de interesse geral. Nosso compromisso \u00e9 com a verdade, a transpar\u00eancia e o respeito ao leitor.","legalName":"UBIRATA ONLINE NOT\u00cdCIAS","foundingDate":"2009-01-05","numberOfEmployees":{"@type":"QuantitativeValue","minValue":"1","maxValue":"10"},"publishingPrinciples":"https:\/\/ubirataonline.com.br\/faq\/","address":{"@id":"https:\/\/ubirataonline.com.br\/tragedia-em-foz-do-iguacu-policia-investiga-homicidio-culposo-apos-acidente-com-dez-pessoas-dentro-de-carro-de-passeio\/#local-main-place-address"},"geo":{"@type":"GeoCoordinates","latitude":"-24.5361401","longitude":"-52.9921776"},"telephone":["+5544998308235"],"contactPoint":{"@type":"ContactPoint","email":"contato@ubirataonline.com.br"},"openingHoursSpecification":{"@type":"OpeningHoursSpecification","dayOfWeek":["Monday","Tuesday","Wednesday","Thursday","Friday","Saturday","Sunday"],"opens":"00:00","closes":"23:59"},"email":"contato@ubirataonline.com.br","vatID":"47.621.418\/0001-80"},{"@type":"Person","@id":"https:\/\/ubirataonline.com.br\/#\/schema\/person\/372f87bbd3fdd79b8556b84c98d0bc1c","name":"REDA\u00c7\u00c3O: UBIRAT\u00c3 ONLINE - F\u00c1BIO AUGUSTO CELESTINO","pronouns":"Ele","description":"Desde 2003 trabalhando com not\u00edcias.","sameAs":["http:\/\/ubirataoline.com.br","https:\/\/www.facebook.com\/portalubirataonline","https:\/\/www.instagram.com\/ubirataonline_oficial","https:\/\/x.com\/x.com\/ubirataonline"],"honorificPrefix":"Mr.","honorificSuffix":"MD","birthDate":"1980-06-16","gender":"masculino","award":["V\u00e1rios pr\u00eamios de melhor portal da cidade"],"jobTitle":"Diretor","url":"https:\/\/ubirataonline.com.br\/en\/author\/ubirataonline\/"},{"@type":"PostalAddress","@id":"https:\/\/ubirataonline.com.br\/tragedia-em-foz-do-iguacu-policia-investiga-homicidio-culposo-apos-acidente-com-dez-pessoas-dentro-de-carro-de-passeio\/#local-main-place-address","streetAddress":"Rua dos Coqueiros, 104 - Bairro Boa Vista, Rua dos Coqueiros, 104 Bairro Boa Vista","addressLocality":"UBIRATA","postalCode":"85440-000","addressRegion":"PR","addressCountry":"BR"},{"@type":"ImageObject","inLanguage":"en-US","@id":"https:\/\/ubirataonline.com.br\/tragedia-em-foz-do-iguacu-policia-investiga-homicidio-culposo-apos-acidente-com-dez-pessoas-dentro-de-carro-de-passeio\/#local-main-organization-logo","url":"https:\/\/ubirataonline.com.br\/wp-content\/uploads\/2026\/06\/logoubirataonline-1.webp","contentUrl":"https:\/\/ubirataonline.com.br\/wp-content\/uploads\/2026\/06\/logoubirataonline-1.webp","width":500,"height":500,"caption":"Ubirat\u00e3 Online Not\u00edcias"}]},"geo.placename":"UBIRATA","geo.position":{"lat":"-24.5361401","long":"-52.9921776"},"geo.region":"Brazil"},"_links":{"self":[{"href":"https:\/\/ubirataonline.com.br\/en\/wp-json\/wp\/v2\/posts\/158282","targetHints":{"allow":["GET"]}}],"collection":[{"href":"https:\/\/ubirataonline.com.br\/en\/wp-json\/wp\/v2\/posts"}],"about":[{"href":"https:\/\/ubirataonline.com.br\/en\/wp-json\/wp\/v2\/types\/post"}],"author":[{"embeddable":true,"href":"https:\/\/ubirataonline.com.br\/en\/wp-json\/wp\/v2\/users\/1"}],"replies":[{"embeddable":true,"href":"https:\/\/ubirataonline.com.br\/en\/wp-json\/wp\/v2\/comments?post=158282"}],"version-history":[{"count":0,"href":"https:\/\/ubirataonline.com.br\/en\/wp-json\/wp\/v2\/posts\/158282\/revisions"}],"wp:featuredmedia":[{"embeddable":true,"href":"https:\/\/ubirataonline.com.br\/en\/wp-json\/wp\/v2\/media\/158283"}],"wp:attachment":[{"href":"https:\/\/ubirataonline.com.br\/en\/wp-json\/wp\/v2\/media?parent=158282"}],"wp:term":[{"taxonomy":"category","embeddable":true,"href":"https:\/\/ubirataonline.com.br\/en\/wp-json\/wp\/v2\/categories?post=158282"},{"taxonomy":"post_tag","embeddable":true,"href":"https:\/\/ubirataonline.com.br\/en\/wp-json\/wp\/v2\/tags?post=158282"}],"curies":[{"name":"wp","href":"https:\/\/api.w.org\/{rel}","templated":true}]}}