{"id":15839,"date":"2018-11-21T12:49:26","date_gmt":"2018-11-21T15:49:26","guid":{"rendered":"https:\/\/ubirataonline.com.br\/?p=15839"},"modified":"2018-11-21T12:49:28","modified_gmt":"2018-11-21T15:49:28","slug":"dois-sao-presos-e-dois-baleados-apos-assalto-a-onibus-na-br-369","status":"publish","type":"post","link":"https:\/\/ubirataonline.com.br\/en\/dois-sao-presos-e-dois-baleados-apos-assalto-a-onibus-na-br-369\/","title":{"rendered":"Dois s\u00e3o presos e dois baleados ap\u00f3s assalto a \u00f4nibus na BR 369"},"content":{"rendered":"<p class=\"wp-block-paragraph\">No in\u00edcio da madrugada desta quarta-feira (21), por volta das 02h30min, foi registrado uma tentativa de assalto e um assalto a dois \u00f4nibus na rodovia BR 369, entre a cidade de Mambor\u00ea e o trevo de acesso ao munic\u00edpio de Boa Esperan\u00e7a.<\/p>\n\n\n\n<p class=\"wp-block-paragraph\"><br>Segundo informa\u00e7\u00f5es a primeira a\u00e7\u00e3o ocorreu quando um \u00f4nibus seguia de Foz do Igua\u00e7u para a cidade de S\u00e3o Paulo, levando 10 passageiros foi abordado pr\u00f3ximo ao trevo de Boa Esperan\u00e7a, um ve\u00edculo\u00a0GM Astra, cor preta, placa de Peabiru\u00a0emparelhou com o \u00f4nibus dando voz de abordagem, o motorista n\u00e3o parou o \u00f4nibus e seguiu tentando passar em cima do carro dos criminosos, momento em que foram efetuados cerca de 9 disparos de arma de fogo contra o referido \u00f4nibus.<br><\/p>\n\n\n\n<figure class=\"wp-block-image\"><img decoding=\"async\" src=\"https:\/\/3.bp.blogspot.com\/-wk55UVLBvdQ\/W_VcWH7kiTI\/AAAAAAAAW1Y\/NwtyZzQq5W4bZBrhqYK6_VLDM0HGvIb9gCEwYBhgL\/s640\/31f1edb9-f8b9-4b70-90f4-4760c7d7a110.jpg\" alt=\"\"\/><\/figure>\n\n\n\n<p class=\"wp-block-paragraph\">\n\nO\n \u00f4nibus seguiu em fuga dos criminosos, momento em que pr\u00f3ximo \u00e0 \ncomunidade do Pensamento o mesmo adentrou as margens da rodovia e se \nescondeu atr\u00e1s de alguns caminh\u00f5es, pr\u00f3ximo a uma borracharia, o \nmotorista do \u00f4nibus de imediato acionou a equipe da Pol\u00edcia Militar de \nBoa Esperan\u00e7a atrav\u00e9s do 190.\n\n<br><\/p>\n\n\n\n<figure class=\"wp-block-image\"><img decoding=\"async\" src=\"https:\/\/4.bp.blogspot.com\/-OOWb29zz8Kw\/W_VciD2N0-I\/AAAAAAAAW1o\/J53TBgt5rDcrn8q4cDzPkDdEkCTfYEfLQCEwYBhgL\/s640\/c974c6ca-a151-4d25-aacd-862b0c195427.jpg\" alt=\"\"\/><\/figure>\n\n\n\n<p class=\"wp-block-paragraph\">\n\nNa\n sequ\u00eancia o \u00f4nibus de turismo da Via\u00e7\u00e3o Garcia com 38 passageiros, \nseguia de Londrina para Foz do Igua\u00e7u e foi abordado pelos criminosos na\n rodovia, nas proximidades da Comunidade Pensamento, ao receber a voz de\n abordagem, o motorista do \u00f4nibus no intuito de proteger a vida dos \npassageiros parou o ve\u00edculo \u00e1s margens da rodovia, onde 03 homens \nfortemente armados adentraram o \u00f4nibus dando voz de assalto.\n\n<br><\/p>\n\n\n\n<figure class=\"wp-block-image\"><img decoding=\"async\" src=\"https:\/\/4.bp.blogspot.com\/-DaM_8TL4WQ4\/W_VcaWMF6fI\/AAAAAAAAW1U\/WLZPL35Rq9IWxDkjliyC4V52pTkWwZ_WwCEwYBhgL\/s640\/DSC_5124.JPG\" alt=\"\"\/><\/figure>\n\n\n\n<p class=\"wp-block-paragraph\">\n\n\n\nForam\n subtra\u00eddos diversos objetos e dinheiro dos passageiros, na sequ\u00eancia o \n\u00f4nibus foi encaminhado a uma estrada rural pr\u00f3ximo ao munic\u00edpio de Boa \nEsperan\u00e7a, onde ele foi abandonado junto com os passageiros.\n\n<br><\/p>\n\n\n\n<figure class=\"wp-block-image\"><img decoding=\"async\" src=\"https:\/\/2.bp.blogspot.com\/-ChyqSTxIUxU\/W_VcY29ZOGI\/AAAAAAAAW1c\/nlyNVN0nWVoeYFqei_xEpkqB8H2iILgogCEwYBhgL\/s640\/DSC_5122.JPG\" alt=\"\"\/><\/figure>\n\n\n\n<p class=\"wp-block-paragraph\">\n\nA\n equipe da Pol\u00edcia Militar da cidade de Boa Esperan\u00e7a, j\u00e1 conhecendo o \nlocal onde geralmente os \u00f4nibus s\u00e3o levados em uma estrada rural, os \npoliciais se posicionaram em um local estrat\u00e9gico no intuito de abordar \nos criminosos,&nbsp; ao perceber a presen\u00e7a da equipe da Pol\u00edcia Militar, os \nbandidos come\u00e7aram efetuar disparos de arma de fogo contra os mesmo, os \nquais foram revidados pelos policiais no objetivo de preservar suas \nvidas.\n\n<br><\/p>\n\n\n\n<figure class=\"wp-block-image\"><img decoding=\"async\" src=\"https:\/\/1.bp.blogspot.com\/-PqdMjoOoHAU\/W_Vcc1X0yiI\/AAAAAAAAW1c\/Wa3xIOpjJngh2E1RvvqPVu8uUF3_xrfZACEwYBhgL\/s640\/DSC_5130.JPG\" alt=\"\"\/><\/figure>\n\n\n\n<p class=\"wp-block-paragraph\">\n\nNa\n sequ\u00eancia os criminosos empreenderam fuga pela BR 369 sentido cidade de\n Campo Mour\u00e3o, a equipe policial de Boa Esperan\u00e7a composta por dois \nsoldados seguiram em persegui\u00e7\u00e3o aos mesmos, sendo solicitado apoio da \nPRF e da equipe da Pol\u00edcia Militar do destacamento de Mambor\u00ea, os quais \nse deslocaram de imediato em persegui\u00e7\u00e3o aos criminosos.\n\n<br><\/p>\n\n\n\n<figure class=\"wp-block-image\"><img decoding=\"async\" src=\"https:\/\/3.bp.blogspot.com\/-lP74bmJGvNQ\/W_VceXWxRRI\/AAAAAAAAW1Y\/WFKZ-4YS3lg-CjvYqlQLJ9_LLMW7vFSJwCEwYBhgL\/s640\/DSC_5133.JPG\" alt=\"\"\/><\/figure>\n\n\n\n<p class=\"wp-block-paragraph\">\n\nNo\n momento em que o ve\u00edculo passou trevo da cidade de Mambor\u00ea, cerca de 10\n km antes de chegar no ped\u00e1gio, a equipe policial de Boa Esperan\u00e7a \nlogrou \u00eaxito em abordar o ve\u00edculo onde estavam os criminosos, houve uma \nintensa troca de tiros entre os bandidos e os policiais, sendo que dois \ncriminosos foram baleados pela equipe policial, os criminosos foram \ndominados e a equipe deu voz de pris\u00e3o aos 04 meliantes que ocupavam o \nve\u00edculo, instante em que chegou a equipe policial de Mambor\u00ea e equipe da\n PRF para prestar apoio.\n\n<br><\/p>\n\n\n\n<figure class=\"wp-block-image\"><img decoding=\"async\" src=\"https:\/\/1.bp.blogspot.com\/-FcVJ-WobceQ\/W_Vchx2P1OI\/AAAAAAAAW1c\/J5heiqaEYREABkW_b2Eft7gY5NsKzuZygCEwYBhgL\/s640\/DSC_5140.JPG\" alt=\"\"\/><\/figure>\n\n\n\n<p class=\"wp-block-paragraph\">\n\nOs\n dois criminosos feridos foram encaminhados para atendimento m\u00e9dico em \nCampo Mour\u00e3o e na sequ\u00eancia ser\u00e3o encaminhados para a Delegacia da \nPol\u00edcia Civil de Mambor\u00ea, outros dois meliantes receberam voz de pris\u00e3o e\n est\u00e3o presos na Delegacia de Pol\u00edcia Civil de Mambor\u00ea \u00e0 disposi\u00e7\u00e3o da \nJusti\u00e7a. N\u00e3o houve nenhum ferido entre os passageiros dos dois \u00f4nibus \nenvolvidos no assalto na tentativa de assalto. O ve\u00edculo usado pelos \ncriminosos tamb\u00e9m foi recolhido ao p\u00e1tio da Delegacia.\n<br><\/p>\n\n\n\n<figure class=\"wp-block-image\"><a href=\"https:\/\/1.bp.blogspot.com\/-qsObfI9aQKg\/W_VcVmQts3I\/AAAAAAAAW1c\/ufM6GUzMn3Qw6O56FpNaX1L-JUQsMOALACEwYBhgL\/s1600\/2d9917db-7980-4999-8ae1-8ed75d473eb7.jpg\"><img decoding=\"async\" src=\"https:\/\/1.bp.blogspot.com\/-qsObfI9aQKg\/W_VcVmQts3I\/AAAAAAAAW1c\/ufM6GUzMn3Qw6O56FpNaX1L-JUQsMOALACEwYBhgL\/s640\/2d9917db-7980-4999-8ae1-8ed75d473eb7.jpg\" alt=\"\"\/><\/a><\/figure>\n\n\n\n<figure class=\"wp-block-image\"><a href=\"https:\/\/1.bp.blogspot.com\/-7vTwIsepuo4\/W_VcU4tsapI\/AAAAAAAAW1U\/CIUKL0Xe3XgxNs3T_kbPX5MzOZHSHDT4gCEwYBhgL\/s1600\/23c96f61-7d80-4cb0-b804-e74896afc405.jpg\"><img decoding=\"async\" src=\"https:\/\/1.bp.blogspot.com\/-7vTwIsepuo4\/W_VcU4tsapI\/AAAAAAAAW1U\/CIUKL0Xe3XgxNs3T_kbPX5MzOZHSHDT4gCEwYBhgL\/s640\/23c96f61-7d80-4cb0-b804-e74896afc405.jpg\" alt=\"\"\/><\/a><\/figure>\n\n\n\n<figure class=\"wp-block-image\"><a href=\"https:\/\/3.bp.blogspot.com\/-0Bc9cnIWC6Y\/W_VcU6svBBI\/AAAAAAAAW1o\/G3CkmoY4vO0JXvtmP26xyKyUuiifxHBggCEwYBhgL\/s1600\/13f853eb-c2cb-497a-953a-96179c74ca2e.jpg\"><img decoding=\"async\" src=\"https:\/\/3.bp.blogspot.com\/-0Bc9cnIWC6Y\/W_VcU6svBBI\/AAAAAAAAW1o\/G3CkmoY4vO0JXvtmP26xyKyUuiifxHBggCEwYBhgL\/s640\/13f853eb-c2cb-497a-953a-96179c74ca2e.jpg\" alt=\"\"\/><\/a><\/figure>\n\n\n\n<figure class=\"wp-block-image\"><a href=\"https:\/\/2.bp.blogspot.com\/-jJsmVNGHqFw\/W_VcWStGqEI\/AAAAAAAAW1k\/IlkDppYVtj4jj4R3GVr8ED-ba2azFpkpQCEwYBhgL\/s1600\/39e2c181-c9f9-4f67-90fb-69f7e58671da.jpg\"><img decoding=\"async\" src=\"https:\/\/2.bp.blogspot.com\/-jJsmVNGHqFw\/W_VcWStGqEI\/AAAAAAAAW1k\/IlkDppYVtj4jj4R3GVr8ED-ba2azFpkpQCEwYBhgL\/s640\/39e2c181-c9f9-4f67-90fb-69f7e58671da.jpg\" alt=\"\"\/><\/a><\/figure>\n\n\n\n<figure class=\"wp-block-image\"><a href=\"https:\/\/2.bp.blogspot.com\/-BVB5oCdIMbU\/W_VcVLhC7wI\/AAAAAAAAW1Q\/ywLYHkhkHZMz-E-fGjWC4vpT9ZYkyqA0wCEwYBhgL\/s1600\/1162ae2d-1c99-4c25-8327-462228c506ef.jpg\"><img decoding=\"async\" src=\"https:\/\/2.bp.blogspot.com\/-BVB5oCdIMbU\/W_VcVLhC7wI\/AAAAAAAAW1Q\/ywLYHkhkHZMz-E-fGjWC4vpT9ZYkyqA0wCEwYBhgL\/s640\/1162ae2d-1c99-4c25-8327-462228c506ef.jpg\" alt=\"\"\/><\/a><\/figure>\n\n\n\n<figure class=\"wp-block-image\"><a href=\"https:\/\/3.bp.blogspot.com\/-ZEl0ZEMpuZw\/W_VciaFflKI\/AAAAAAAAW1g\/aGkSs1p0itEmsLAXVzz3P35Dl6LmMmhlwCEwYBhgL\/s1600\/d6263701-5cb0-486a-bc6b-085e53687cd7.jpg\"><img decoding=\"async\" src=\"https:\/\/3.bp.blogspot.com\/-ZEl0ZEMpuZw\/W_VciaFflKI\/AAAAAAAAW1g\/aGkSs1p0itEmsLAXVzz3P35Dl6LmMmhlwCEwYBhgL\/s640\/d6263701-5cb0-486a-bc6b-085e53687cd7.jpg\" alt=\"\"\/><\/a><\/figure>\n\n\n\n<figure class=\"wp-block-image\"><a href=\"https:\/\/4.bp.blogspot.com\/-XwWjwLXwj14\/W_VciTXEbMI\/AAAAAAAAW1o\/t4o8dHQ7y5cTJnv-FxMikERhCM_DFsEzACEwYBhgL\/s1600\/d45622c5-640e-430a-8561-d1c28476792a.jpg\"><img decoding=\"async\" src=\"https:\/\/4.bp.blogspot.com\/-XwWjwLXwj14\/W_VciTXEbMI\/AAAAAAAAW1o\/t4o8dHQ7y5cTJnv-FxMikERhCM_DFsEzACEwYBhgL\/s640\/d45622c5-640e-430a-8561-d1c28476792a.jpg\" alt=\"\"\/><\/a><\/figure>\n\n\n\n<figure class=\"wp-block-image\"><a href=\"https:\/\/4.bp.blogspot.com\/-BDK4zlw9iL4\/W_VcijeOI4I\/AAAAAAAAW1k\/fJjje7adZII7dZT6gR2NRDtw28rz_tYOQCEwYBhgL\/s1600\/d6456982-9a8d-4623-a6c9-0791bfb91237.jpg\"><img decoding=\"async\" src=\"https:\/\/4.bp.blogspot.com\/-BDK4zlw9iL4\/W_VcijeOI4I\/AAAAAAAAW1k\/fJjje7adZII7dZT6gR2NRDtw28rz_tYOQCEwYBhgL\/s640\/d6456982-9a8d-4623-a6c9-0791bfb91237.jpg\" alt=\"\"\/><\/a><\/figure>\n\n\n\n<figure class=\"wp-block-image\"><a href=\"https:\/\/1.bp.blogspot.com\/-rXSMzX8c4gE\/W_VccbyJrYI\/AAAAAAAAW1k\/2SwnICUtorQnu8rBVq9ibGNSMjoXhvW-ACEwYBhgL\/s1600\/DSC_5129.JPG\"><img decoding=\"async\" src=\"https:\/\/1.bp.blogspot.com\/-rXSMzX8c4gE\/W_VccbyJrYI\/AAAAAAAAW1k\/2SwnICUtorQnu8rBVq9ibGNSMjoXhvW-ACEwYBhgL\/s640\/DSC_5129.JPG\" alt=\"\"\/><\/a><\/figure>\n\n\n\n<figure class=\"wp-block-image\"><a href=\"https:\/\/2.bp.blogspot.com\/-ksMjcpiwqLA\/W_Vcd4wTpbI\/AAAAAAAAW1U\/cqKuEDKnG2EPwp2HttiPiBksoLaWlVf-ACEwYBhgL\/s1600\/DSC_5132.JPG\"><img decoding=\"async\" src=\"https:\/\/2.bp.blogspot.com\/-ksMjcpiwqLA\/W_Vcd4wTpbI\/AAAAAAAAW1U\/cqKuEDKnG2EPwp2HttiPiBksoLaWlVf-ACEwYBhgL\/s640\/DSC_5132.JPG\" alt=\"\"\/><\/a><\/figure>\n\n\n\n<figure class=\"wp-block-image\"><a href=\"https:\/\/1.bp.blogspot.com\/-FcVJ-WobceQ\/W_Vchx2P1OI\/AAAAAAAAW1c\/J5heiqaEYREABkW_b2Eft7gY5NsKzuZygCEwYBhgL\/s1600\/DSC_5140.JPG\"><img decoding=\"async\" src=\"https:\/\/1.bp.blogspot.com\/-FcVJ-WobceQ\/W_Vchx2P1OI\/AAAAAAAAW1c\/J5heiqaEYREABkW_b2Eft7gY5NsKzuZygCEwYBhgL\/s640\/DSC_5140.JPG\" alt=\"\"\/><\/a><\/figure>\n\n\n\n<p class=\"wp-block-paragraph\">Fonte: <a href=\"http:\/\/www.cidadedestaque.com.br\/2018\/11\/dois-bandidos-presos-e-dois-baleados.html?fbclid=IwAR0YB9tQvwRTdj33I3myautgl1VPHHJctnCH2m0jMylxUeenQlx5H-8Hn-c#more\">Cidade Destaque<\/a><br><\/p>","protected":false},"excerpt":{"rendered":"<p>No in\u00edcio da madrugada desta quarta-feira (21), por volta das 02h30min, foi registrado uma tentativa de assalto e um assalto a dois \u00f4nibus na rodovia BR 369, entre a cidade de Mambor\u00ea e o trevo de acesso ao munic\u00edpio de Boa Esperan\u00e7a. Segundo informa\u00e7\u00f5es a primeira a\u00e7\u00e3o ocorreu quando um \u00f4nibus seguia de Foz do [&hellip;]<\/p>\n","protected":false},"author":2,"featured_media":0,"comment_status":"closed","ping_status":"closed","sticky":false,"template":"","format":"standard","meta":{"googlesitekit_rrm_CAow2JLhCw:productID":"","_gspb_post_css":"","maa_idioma":"","maa_pais":"","footnotes":""},"categories":[12],"tags":[],"class_list":["post-15839","post","type-post","status-publish","format-standard","hentry","category-policial"],"blocksy_meta":[],"yoast_head":"<!-- This site is optimized with the Yoast SEO Premium plugin v27.6 (Yoast SEO v27.6) - https:\/\/yoast.com\/product\/yoast-seo-premium-wordpress\/ -->\n<title>Dois s\u00e3o presos e dois baleados ap\u00f3s assalto a \u00f4nibus na BR 369 - Ubirat\u00e3 Online Not\u00edcias - A realidade ao seu alcance!<\/title>\n<meta name=\"description\" content=\"No in\u00edcio da madrugada desta quarta-feira (21), por volta das 02h30min, foi registrado uma tentativa de assalto e um assalto a dois \u00f4nibus na rodovia BR\" \/>\n<meta name=\"robots\" content=\"index, follow, max-snippet:-1, max-image-preview:large, max-video-preview:-1\" \/>\n<link rel=\"canonical\" href=\"https:\/\/ubirataonline.com.br\/en\/dois-sao-presos-e-dois-baleados-apos-assalto-a-onibus-na-br-369\/\" \/>\n<meta property=\"og:locale\" content=\"en_US\" \/>\n<meta property=\"og:type\" content=\"article\" \/>\n<meta property=\"og:title\" content=\"Dois s\u00e3o presos e dois baleados ap\u00f3s assalto a \u00f4nibus na BR 369\" \/>\n<meta property=\"og:description\" content=\"No in\u00edcio da madrugada desta quarta-feira (21), por volta das 02h30min, foi registrado uma tentativa de assalto e um assalto a dois \u00f4nibus na rodovia BR\" \/>\n<meta property=\"og:url\" content=\"https:\/\/ubirataonline.com.br\/en\/dois-sao-presos-e-dois-baleados-apos-assalto-a-onibus-na-br-369\/\" \/>\n<meta property=\"og:site_name\" content=\"Ubirat\u00e3 Online Not\u00edcias - A realidade ao seu alcance!\" \/>\n<meta property=\"article:publisher\" content=\"https:\/\/www.facebook.com\/portalubirataonline\" \/>\n<meta property=\"article:published_time\" content=\"2018-11-21T15:49:26+00:00\" \/>\n<meta property=\"article:modified_time\" content=\"2018-11-21T15:49:28+00:00\" \/>\n<meta property=\"og:image\" content=\"https:\/\/3.bp.blogspot.com\/-wk55UVLBvdQ\/W_VcWH7kiTI\/AAAAAAAAW1Y\/NwtyZzQq5W4bZBrhqYK6_VLDM0HGvIb9gCEwYBhgL\/s640\/31f1edb9-f8b9-4b70-90f4-4760c7d7a110.jpg\" \/>\n<meta name=\"author\" content=\"Vampeta\" \/>\n<meta name=\"twitter:card\" content=\"summary_large_image\" \/>\n<meta name=\"twitter:creator\" content=\"@ubirataonline\" \/>\n<meta name=\"twitter:site\" content=\"@ubirataonline\" \/>\n<meta name=\"twitter:label1\" content=\"Written by\" \/>\n\t<meta name=\"twitter:data1\" content=\"Vampeta\" \/>\n\t<meta name=\"twitter:label2\" content=\"Est. reading time\" \/>\n\t<meta name=\"twitter:data2\" content=\"3 minutes\" \/>\n<script type=\"application\/ld+json\" class=\"yoast-schema-graph\">{\"@context\":\"https:\\\/\\\/schema.org\",\"@graph\":[{\"@type\":\"NewsArticle\",\"@id\":\"https:\\\/\\\/ubirataonline.com.br\\\/dois-sao-presos-e-dois-baleados-apos-assalto-a-onibus-na-br-369\\\/#article\",\"isPartOf\":{\"@id\":\"https:\\\/\\\/ubirataonline.com.br\\\/dois-sao-presos-e-dois-baleados-apos-assalto-a-onibus-na-br-369\\\/\"},\"author\":{\"name\":\"Vampeta\",\"@id\":\"https:\\\/\\\/ubirataonline.com.br\\\/#\\\/schema\\\/person\\\/09f7a474bd1834b50dea8d1c197e976f\"},\"headline\":\"Dois s\u00e3o presos e dois baleados ap\u00f3s assalto a \u00f4nibus na BR 369\",\"datePublished\":\"2018-11-21T15:49:26+00:00\",\"dateModified\":\"2018-11-21T15:49:28+00:00\",\"mainEntityOfPage\":{\"@id\":\"https:\\\/\\\/ubirataonline.com.br\\\/dois-sao-presos-e-dois-baleados-apos-assalto-a-onibus-na-br-369\\\/\"},\"wordCount\":633,\"publisher\":{\"@id\":\"https:\\\/\\\/ubirataonline.com.br\\\/#organization\"},\"image\":{\"@id\":\"https:\\\/\\\/ubirataonline.com.br\\\/dois-sao-presos-e-dois-baleados-apos-assalto-a-onibus-na-br-369\\\/#primaryimage\"},\"thumbnailUrl\":\"https:\\\/\\\/3.bp.blogspot.com\\\/-wk55UVLBvdQ\\\/W_VcWH7kiTI\\\/AAAAAAAAW1Y\\\/NwtyZzQq5W4bZBrhqYK6_VLDM0HGvIb9gCEwYBhgL\\\/s640\\\/31f1edb9-f8b9-4b70-90f4-4760c7d7a110.jpg\",\"articleSection\":[\"Policial\"],\"inLanguage\":\"en-US\",\"copyrightYear\":\"2018\",\"copyrightHolder\":{\"@id\":\"https:\\\/\\\/ubirataonline.com.br\\\/en\\\/#organization\"}},{\"@type\":\"WebPage\",\"@id\":\"https:\\\/\\\/ubirataonline.com.br\\\/dois-sao-presos-e-dois-baleados-apos-assalto-a-onibus-na-br-369\\\/\",\"url\":\"https:\\\/\\\/ubirataonline.com.br\\\/dois-sao-presos-e-dois-baleados-apos-assalto-a-onibus-na-br-369\\\/\",\"name\":\"Dois s\u00e3o presos e dois baleados ap\u00f3s assalto a \u00f4nibus na BR 369 - Ubirat\u00e3 Online Not\u00edcias - A realidade ao seu alcance!\",\"isPartOf\":{\"@id\":\"https:\\\/\\\/ubirataonline.com.br\\\/#website\"},\"primaryImageOfPage\":{\"@id\":\"https:\\\/\\\/ubirataonline.com.br\\\/dois-sao-presos-e-dois-baleados-apos-assalto-a-onibus-na-br-369\\\/#primaryimage\"},\"image\":{\"@id\":\"https:\\\/\\\/ubirataonline.com.br\\\/dois-sao-presos-e-dois-baleados-apos-assalto-a-onibus-na-br-369\\\/#primaryimage\"},\"thumbnailUrl\":\"https:\\\/\\\/3.bp.blogspot.com\\\/-wk55UVLBvdQ\\\/W_VcWH7kiTI\\\/AAAAAAAAW1Y\\\/NwtyZzQq5W4bZBrhqYK6_VLDM0HGvIb9gCEwYBhgL\\\/s640\\\/31f1edb9-f8b9-4b70-90f4-4760c7d7a110.jpg\",\"datePublished\":\"2018-11-21T15:49:26+00:00\",\"dateModified\":\"2018-11-21T15:49:28+00:00\",\"description\":\"No in\u00edcio da madrugada desta quarta-feira (21), por volta das 02h30min, foi registrado uma tentativa de assalto e um assalto a dois \u00f4nibus na rodovia BR\",\"breadcrumb\":{\"@id\":\"https:\\\/\\\/ubirataonline.com.br\\\/dois-sao-presos-e-dois-baleados-apos-assalto-a-onibus-na-br-369\\\/#breadcrumb\"},\"inLanguage\":\"en-US\",\"potentialAction\":[{\"@type\":\"ReadAction\",\"target\":[\"https:\\\/\\\/ubirataonline.com.br\\\/dois-sao-presos-e-dois-baleados-apos-assalto-a-onibus-na-br-369\\\/\"]}]},{\"@type\":\"ImageObject\",\"inLanguage\":\"en-US\",\"@id\":\"https:\\\/\\\/ubirataonline.com.br\\\/dois-sao-presos-e-dois-baleados-apos-assalto-a-onibus-na-br-369\\\/#primaryimage\",\"url\":\"https:\\\/\\\/3.bp.blogspot.com\\\/-wk55UVLBvdQ\\\/W_VcWH7kiTI\\\/AAAAAAAAW1Y\\\/NwtyZzQq5W4bZBrhqYK6_VLDM0HGvIb9gCEwYBhgL\\\/s640\\\/31f1edb9-f8b9-4b70-90f4-4760c7d7a110.jpg\",\"contentUrl\":\"https:\\\/\\\/3.bp.blogspot.com\\\/-wk55UVLBvdQ\\\/W_VcWH7kiTI\\\/AAAAAAAAW1Y\\\/NwtyZzQq5W4bZBrhqYK6_VLDM0HGvIb9gCEwYBhgL\\\/s640\\\/31f1edb9-f8b9-4b70-90f4-4760c7d7a110.jpg\"},{\"@type\":\"BreadcrumbList\",\"@id\":\"https:\\\/\\\/ubirataonline.com.br\\\/dois-sao-presos-e-dois-baleados-apos-assalto-a-onibus-na-br-369\\\/#breadcrumb\",\"itemListElement\":[{\"@type\":\"ListItem\",\"position\":1,\"name\":\"In\u00edcio\",\"item\":\"https:\\\/\\\/ubirataonline.com.br\\\/\"},{\"@type\":\"ListItem\",\"position\":2,\"name\":\"Dois s\u00e3o presos e dois baleados ap\u00f3s assalto a \u00f4nibus na BR 369\"}]},{\"@type\":\"WebSite\",\"@id\":\"https:\\\/\\\/ubirataonline.com.br\\\/#website\",\"url\":\"https:\\\/\\\/ubirataonline.com.br\\\/\",\"name\":\"Ubirat\u00e3 Online Not\u00edcias\",\"description\":\"Not\u00edcias de Ubirat\u00e3, regi\u00e3o, Brasil e mundo, com informa\u00e7\u00e3o atualizada e compromisso com o leitor.\",\"publisher\":{\"@id\":\"https:\\\/\\\/ubirataonline.com.br\\\/#organization\"},\"alternateName\":\"Ubirat\u00e3 Online\",\"potentialAction\":[{\"@type\":\"SearchAction\",\"target\":{\"@type\":\"EntryPoint\",\"urlTemplate\":\"https:\\\/\\\/ubirataonline.com.br\\\/?s={search_term_string}\"},\"query-input\":{\"@type\":\"PropertyValueSpecification\",\"valueRequired\":true,\"valueName\":\"search_term_string\"}}],\"inLanguage\":\"en-US\"},{\"@type\":[\"Organization\",\"Place\"],\"@id\":\"https:\\\/\\\/ubirataonline.com.br\\\/#organization\",\"name\":\"Ubirat\u00e3 Online Not\u00edcias\",\"alternateName\":\"Ubirat\u00e3 Online\",\"url\":\"https:\\\/\\\/ubirataonline.com.br\\\/\",\"logo\":{\"@id\":\"https:\\\/\\\/ubirataonline.com.br\\\/dois-sao-presos-e-dois-baleados-apos-assalto-a-onibus-na-br-369\\\/#local-main-organization-logo\"},\"image\":{\"@id\":\"https:\\\/\\\/ubirataonline.com.br\\\/dois-sao-presos-e-dois-baleados-apos-assalto-a-onibus-na-br-369\\\/#local-main-organization-logo\"},\"sameAs\":[\"https:\\\/\\\/www.facebook.com\\\/portalubirataonline\",\"https:\\\/\\\/x.com\\\/ubirataonline\",\"https:\\\/\\\/mastodon.social\\\/@ubirataonline\",\"https:\\\/\\\/www.facebook.com\\\/groups\\\/311144672285604\",\"https:\\\/\\\/www.facebook.com\\\/UBTAOnline\",\"https:\\\/\\\/www.instagram.com\\\/portalubirataonline\\\/\",\"https:\\\/\\\/twitter.com\\\/ubirataonline\"],\"description\":\"Somos um portal de not\u00edcias independente, criado em 5 de janeiro de 2009, com o objetivo de informar, conectar e valorizar a nossa comunidade de Ubirat\u00e3 e toda aregi\u00e3o. Com conte\u00fado atualizado, confi\u00e1vel e relevante, o Ubirat\u00e3 Online \u00e9 o seu espa\u00e7o para ficar por dentro dos principais acontecimentos locais, regionais, Brasil, Mundo e de interesse geral. Nosso compromisso \u00e9 com a verdade, a transpar\u00eancia e o respeito ao leitor.\",\"legalName\":\"UBIRATA ONLINE NOT\u00cdCIAS\",\"foundingDate\":\"2009-01-05\",\"numberOfEmployees\":{\"@type\":\"QuantitativeValue\",\"minValue\":\"1\",\"maxValue\":\"10\"},\"publishingPrinciples\":\"https:\\\/\\\/ubirataonline.com.br\\\/faq\\\/\",\"address\":{\"@id\":\"https:\\\/\\\/ubirataonline.com.br\\\/dois-sao-presos-e-dois-baleados-apos-assalto-a-onibus-na-br-369\\\/#local-main-place-address\"},\"geo\":{\"@type\":\"GeoCoordinates\",\"latitude\":\"-24.5361401\",\"longitude\":\"-52.9921776\"},\"telephone\":[\"+5544998308235\"],\"contactPoint\":{\"@type\":\"ContactPoint\",\"email\":\"contato@ubirataonline.com.br\"},\"openingHoursSpecification\":{\"@type\":\"OpeningHoursSpecification\",\"dayOfWeek\":[\"Monday\",\"Tuesday\",\"Wednesday\",\"Thursday\",\"Friday\",\"Saturday\",\"Sunday\"],\"opens\":\"00:00\",\"closes\":\"23:59\"},\"email\":\"contato@ubirataonline.com.br\",\"vatID\":\"47.621.418\\\/0001-80\"},{\"@type\":\"Person\",\"@id\":\"https:\\\/\\\/ubirataonline.com.br\\\/#\\\/schema\\\/person\\\/09f7a474bd1834b50dea8d1c197e976f\",\"name\":\"Vampeta\",\"sameAs\":[\"https:\\\/\\\/ubirataonline.com.br\"],\"url\":\"https:\\\/\\\/ubirataonline.com.br\\\/en\\\/author\\\/vampeta\\\/\"},{\"@type\":\"PostalAddress\",\"@id\":\"https:\\\/\\\/ubirataonline.com.br\\\/dois-sao-presos-e-dois-baleados-apos-assalto-a-onibus-na-br-369\\\/#local-main-place-address\",\"streetAddress\":\"Rua dos Coqueiros, 104 - Bairro Boa Vista, Rua dos Coqueiros, 104 Bairro Boa Vista\",\"addressLocality\":\"UBIRATA\",\"postalCode\":\"85440-000\",\"addressRegion\":\"PR\",\"addressCountry\":\"BR\"},{\"@type\":\"ImageObject\",\"inLanguage\":\"en-US\",\"@id\":\"https:\\\/\\\/ubirataonline.com.br\\\/dois-sao-presos-e-dois-baleados-apos-assalto-a-onibus-na-br-369\\\/#local-main-organization-logo\",\"url\":\"https:\\\/\\\/ubirataonline.com.br\\\/wp-content\\\/uploads\\\/2026\\\/06\\\/logoubirataonline-1.webp\",\"contentUrl\":\"https:\\\/\\\/ubirataonline.com.br\\\/wp-content\\\/uploads\\\/2026\\\/06\\\/logoubirataonline-1.webp\",\"width\":500,\"height\":500,\"caption\":\"Ubirat\u00e3 Online Not\u00edcias\"}]}<\/script>\n<meta name=\"geo.placename\" content=\"UBIRATA\" \/>\n<meta name=\"geo.position\" content=\"-24.5361401;-52.9921776\" \/>\n<meta name=\"geo.region\" content=\"Brazil\" \/>\n<!-- \/ Yoast SEO Premium plugin. -->","yoast_head_json":{"title":"Dois s\u00e3o presos e dois baleados ap\u00f3s assalto a \u00f4nibus na BR 369 - Ubirat\u00e3 Online Not\u00edcias - A realidade ao seu alcance!","description":"No in\u00edcio da madrugada desta quarta-feira (21), por volta das 02h30min, foi registrado uma tentativa de assalto e um assalto a dois \u00f4nibus na rodovia BR","robots":{"index":"index","follow":"follow","max-snippet":"max-snippet:-1","max-image-preview":"max-image-preview:large","max-video-preview":"max-video-preview:-1"},"canonical":"https:\/\/ubirataonline.com.br\/en\/dois-sao-presos-e-dois-baleados-apos-assalto-a-onibus-na-br-369\/","og_locale":"en_US","og_type":"article","og_title":"Dois s\u00e3o presos e dois baleados ap\u00f3s assalto a \u00f4nibus na BR 369","og_description":"No in\u00edcio da madrugada desta quarta-feira (21), por volta das 02h30min, foi registrado uma tentativa de assalto e um assalto a dois \u00f4nibus na rodovia BR","og_url":"https:\/\/ubirataonline.com.br\/en\/dois-sao-presos-e-dois-baleados-apos-assalto-a-onibus-na-br-369\/","og_site_name":"Ubirat\u00e3 Online Not\u00edcias - A realidade ao seu alcance!","article_publisher":"https:\/\/www.facebook.com\/portalubirataonline","article_published_time":"2018-11-21T15:49:26+00:00","article_modified_time":"2018-11-21T15:49:28+00:00","og_image":[{"url":"https:\/\/3.bp.blogspot.com\/-wk55UVLBvdQ\/W_VcWH7kiTI\/AAAAAAAAW1Y\/NwtyZzQq5W4bZBrhqYK6_VLDM0HGvIb9gCEwYBhgL\/s640\/31f1edb9-f8b9-4b70-90f4-4760c7d7a110.jpg","type":"","width":"","height":""}],"author":"Vampeta","twitter_card":"summary_large_image","twitter_creator":"@ubirataonline","twitter_site":"@ubirataonline","twitter_misc":{"Written by":"Vampeta","Est. reading time":"3 minutes"},"schema":{"@context":"https:\/\/schema.org","@graph":[{"@type":"NewsArticle","@id":"https:\/\/ubirataonline.com.br\/dois-sao-presos-e-dois-baleados-apos-assalto-a-onibus-na-br-369\/#article","isPartOf":{"@id":"https:\/\/ubirataonline.com.br\/dois-sao-presos-e-dois-baleados-apos-assalto-a-onibus-na-br-369\/"},"author":{"name":"Vampeta","@id":"https:\/\/ubirataonline.com.br\/#\/schema\/person\/09f7a474bd1834b50dea8d1c197e976f"},"headline":"Dois s\u00e3o presos e dois baleados ap\u00f3s assalto a \u00f4nibus na BR 369","datePublished":"2018-11-21T15:49:26+00:00","dateModified":"2018-11-21T15:49:28+00:00","mainEntityOfPage":{"@id":"https:\/\/ubirataonline.com.br\/dois-sao-presos-e-dois-baleados-apos-assalto-a-onibus-na-br-369\/"},"wordCount":633,"publisher":{"@id":"https:\/\/ubirataonline.com.br\/#organization"},"image":{"@id":"https:\/\/ubirataonline.com.br\/dois-sao-presos-e-dois-baleados-apos-assalto-a-onibus-na-br-369\/#primaryimage"},"thumbnailUrl":"https:\/\/3.bp.blogspot.com\/-wk55UVLBvdQ\/W_VcWH7kiTI\/AAAAAAAAW1Y\/NwtyZzQq5W4bZBrhqYK6_VLDM0HGvIb9gCEwYBhgL\/s640\/31f1edb9-f8b9-4b70-90f4-4760c7d7a110.jpg","articleSection":["Policial"],"inLanguage":"en-US","copyrightYear":"2018","copyrightHolder":{"@id":"https:\/\/ubirataonline.com.br\/en\/#organization"}},{"@type":"WebPage","@id":"https:\/\/ubirataonline.com.br\/dois-sao-presos-e-dois-baleados-apos-assalto-a-onibus-na-br-369\/","url":"https:\/\/ubirataonline.com.br\/dois-sao-presos-e-dois-baleados-apos-assalto-a-onibus-na-br-369\/","name":"Dois s\u00e3o presos e dois baleados ap\u00f3s assalto a \u00f4nibus na BR 369 - Ubirat\u00e3 Online Not\u00edcias - A realidade ao seu alcance!","isPartOf":{"@id":"https:\/\/ubirataonline.com.br\/#website"},"primaryImageOfPage":{"@id":"https:\/\/ubirataonline.com.br\/dois-sao-presos-e-dois-baleados-apos-assalto-a-onibus-na-br-369\/#primaryimage"},"image":{"@id":"https:\/\/ubirataonline.com.br\/dois-sao-presos-e-dois-baleados-apos-assalto-a-onibus-na-br-369\/#primaryimage"},"thumbnailUrl":"https:\/\/3.bp.blogspot.com\/-wk55UVLBvdQ\/W_VcWH7kiTI\/AAAAAAAAW1Y\/NwtyZzQq5W4bZBrhqYK6_VLDM0HGvIb9gCEwYBhgL\/s640\/31f1edb9-f8b9-4b70-90f4-4760c7d7a110.jpg","datePublished":"2018-11-21T15:49:26+00:00","dateModified":"2018-11-21T15:49:28+00:00","description":"No in\u00edcio da madrugada desta quarta-feira (21), por volta das 02h30min, foi registrado uma tentativa de assalto e um assalto a dois \u00f4nibus na rodovia BR","breadcrumb":{"@id":"https:\/\/ubirataonline.com.br\/dois-sao-presos-e-dois-baleados-apos-assalto-a-onibus-na-br-369\/#breadcrumb"},"inLanguage":"en-US","potentialAction":[{"@type":"ReadAction","target":["https:\/\/ubirataonline.com.br\/dois-sao-presos-e-dois-baleados-apos-assalto-a-onibus-na-br-369\/"]}]},{"@type":"ImageObject","inLanguage":"en-US","@id":"https:\/\/ubirataonline.com.br\/dois-sao-presos-e-dois-baleados-apos-assalto-a-onibus-na-br-369\/#primaryimage","url":"https:\/\/3.bp.blogspot.com\/-wk55UVLBvdQ\/W_VcWH7kiTI\/AAAAAAAAW1Y\/NwtyZzQq5W4bZBrhqYK6_VLDM0HGvIb9gCEwYBhgL\/s640\/31f1edb9-f8b9-4b70-90f4-4760c7d7a110.jpg","contentUrl":"https:\/\/3.bp.blogspot.com\/-wk55UVLBvdQ\/W_VcWH7kiTI\/AAAAAAAAW1Y\/NwtyZzQq5W4bZBrhqYK6_VLDM0HGvIb9gCEwYBhgL\/s640\/31f1edb9-f8b9-4b70-90f4-4760c7d7a110.jpg"},{"@type":"BreadcrumbList","@id":"https:\/\/ubirataonline.com.br\/dois-sao-presos-e-dois-baleados-apos-assalto-a-onibus-na-br-369\/#breadcrumb","itemListElement":[{"@type":"ListItem","position":1,"name":"In\u00edcio","item":"https:\/\/ubirataonline.com.br\/"},{"@type":"ListItem","position":2,"name":"Dois s\u00e3o presos e dois baleados ap\u00f3s assalto a \u00f4nibus na BR 369"}]},{"@type":"WebSite","@id":"https:\/\/ubirataonline.com.br\/#website","url":"https:\/\/ubirataonline.com.br\/","name":"Ubirat\u00e3 Online Not\u00edcias","description":"Not\u00edcias de Ubirat\u00e3, regi\u00e3o, Brasil e mundo, com informa\u00e7\u00e3o atualizada e compromisso com o leitor.","publisher":{"@id":"https:\/\/ubirataonline.com.br\/#organization"},"alternateName":"Ubirat\u00e3 Online","potentialAction":[{"@type":"SearchAction","target":{"@type":"EntryPoint","urlTemplate":"https:\/\/ubirataonline.com.br\/?s={search_term_string}"},"query-input":{"@type":"PropertyValueSpecification","valueRequired":true,"valueName":"search_term_string"}}],"inLanguage":"en-US"},{"@type":["Organization","Place"],"@id":"https:\/\/ubirataonline.com.br\/#organization","name":"Ubirat\u00e3 Online Not\u00edcias","alternateName":"Ubirat\u00e3 Online","url":"https:\/\/ubirataonline.com.br\/","logo":{"@id":"https:\/\/ubirataonline.com.br\/dois-sao-presos-e-dois-baleados-apos-assalto-a-onibus-na-br-369\/#local-main-organization-logo"},"image":{"@id":"https:\/\/ubirataonline.com.br\/dois-sao-presos-e-dois-baleados-apos-assalto-a-onibus-na-br-369\/#local-main-organization-logo"},"sameAs":["https:\/\/www.facebook.com\/portalubirataonline","https:\/\/x.com\/ubirataonline","https:\/\/mastodon.social\/@ubirataonline","https:\/\/www.facebook.com\/groups\/311144672285604","https:\/\/www.facebook.com\/UBTAOnline","https:\/\/www.instagram.com\/portalubirataonline\/","https:\/\/twitter.com\/ubirataonline"],"description":"Somos um portal de not\u00edcias independente, criado em 5 de janeiro de 2009, com o objetivo de informar, conectar e valorizar a nossa comunidade de Ubirat\u00e3 e toda aregi\u00e3o. Com conte\u00fado atualizado, confi\u00e1vel e relevante, o Ubirat\u00e3 Online \u00e9 o seu espa\u00e7o para ficar por dentro dos principais acontecimentos locais, regionais, Brasil, Mundo e de interesse geral. Nosso compromisso \u00e9 com a verdade, a transpar\u00eancia e o respeito ao leitor.","legalName":"UBIRATA ONLINE NOT\u00cdCIAS","foundingDate":"2009-01-05","numberOfEmployees":{"@type":"QuantitativeValue","minValue":"1","maxValue":"10"},"publishingPrinciples":"https:\/\/ubirataonline.com.br\/faq\/","address":{"@id":"https:\/\/ubirataonline.com.br\/dois-sao-presos-e-dois-baleados-apos-assalto-a-onibus-na-br-369\/#local-main-place-address"},"geo":{"@type":"GeoCoordinates","latitude":"-24.5361401","longitude":"-52.9921776"},"telephone":["+5544998308235"],"contactPoint":{"@type":"ContactPoint","email":"contato@ubirataonline.com.br"},"openingHoursSpecification":{"@type":"OpeningHoursSpecification","dayOfWeek":["Monday","Tuesday","Wednesday","Thursday","Friday","Saturday","Sunday"],"opens":"00:00","closes":"23:59"},"email":"contato@ubirataonline.com.br","vatID":"47.621.418\/0001-80"},{"@type":"Person","@id":"https:\/\/ubirataonline.com.br\/#\/schema\/person\/09f7a474bd1834b50dea8d1c197e976f","name":"Vampeta","sameAs":["https:\/\/ubirataonline.com.br"],"url":"https:\/\/ubirataonline.com.br\/en\/author\/vampeta\/"},{"@type":"PostalAddress","@id":"https:\/\/ubirataonline.com.br\/dois-sao-presos-e-dois-baleados-apos-assalto-a-onibus-na-br-369\/#local-main-place-address","streetAddress":"Rua dos Coqueiros, 104 - Bairro Boa Vista, Rua dos Coqueiros, 104 Bairro Boa Vista","addressLocality":"UBIRATA","postalCode":"85440-000","addressRegion":"PR","addressCountry":"BR"},{"@type":"ImageObject","inLanguage":"en-US","@id":"https:\/\/ubirataonline.com.br\/dois-sao-presos-e-dois-baleados-apos-assalto-a-onibus-na-br-369\/#local-main-organization-logo","url":"https:\/\/ubirataonline.com.br\/wp-content\/uploads\/2026\/06\/logoubirataonline-1.webp","contentUrl":"https:\/\/ubirataonline.com.br\/wp-content\/uploads\/2026\/06\/logoubirataonline-1.webp","width":500,"height":500,"caption":"Ubirat\u00e3 Online Not\u00edcias"}]},"geo.placename":"UBIRATA","geo.position":{"lat":"-24.5361401","long":"-52.9921776"},"geo.region":"Brazil"},"_links":{"self":[{"href":"https:\/\/ubirataonline.com.br\/en\/wp-json\/wp\/v2\/posts\/15839","targetHints":{"allow":["GET"]}}],"collection":[{"href":"https:\/\/ubirataonline.com.br\/en\/wp-json\/wp\/v2\/posts"}],"about":[{"href":"https:\/\/ubirataonline.com.br\/en\/wp-json\/wp\/v2\/types\/post"}],"author":[{"embeddable":true,"href":"https:\/\/ubirataonline.com.br\/en\/wp-json\/wp\/v2\/users\/2"}],"replies":[{"embeddable":true,"href":"https:\/\/ubirataonline.com.br\/en\/wp-json\/wp\/v2\/comments?post=15839"}],"version-history":[{"count":0,"href":"https:\/\/ubirataonline.com.br\/en\/wp-json\/wp\/v2\/posts\/15839\/revisions"}],"wp:attachment":[{"href":"https:\/\/ubirataonline.com.br\/en\/wp-json\/wp\/v2\/media?parent=15839"}],"wp:term":[{"taxonomy":"category","embeddable":true,"href":"https:\/\/ubirataonline.com.br\/en\/wp-json\/wp\/v2\/categories?post=15839"},{"taxonomy":"post_tag","embeddable":true,"href":"https:\/\/ubirataonline.com.br\/en\/wp-json\/wp\/v2\/tags?post=15839"}],"curies":[{"name":"wp","href":"https:\/\/api.w.org\/{rel}","templated":true}]}}