{"id":158399,"date":"2026-07-26T12:25:09","date_gmt":"2026-07-26T15:25:09","guid":{"rendered":"https:\/\/ubirataonline.com.br\/pendencia-no-cpf-pode-levar-ao-bloqueio-da-cnh-em-2026-revela-detran\/"},"modified":"2026-07-26T12:25:11","modified_gmt":"2026-07-26T15:25:11","slug":"pendencia-no-cpf-pode-levar-ao-bloqueio-da-cnh-em-2026-revela-detran","status":"publish","type":"post","link":"https:\/\/ubirataonline.com.br\/en\/pendencia-no-cpf-pode-levar-ao-bloqueio-da-cnh-em-2026-revela-detran\/","title":{"rendered":"Pend\u00eancia no CPF pode levar ao bloqueio da CNH em 2026, revela Detran"},"content":{"rendered":"<p><\/p>\n<div>\n<div class=\"article__header__content--left\">\n<p><h2>A integra\u00e7\u00e3o entre os sistemas da Receita Federal e dos Detrans ampliou a fiscaliza\u00e7\u00e3o de dados, e qualquer irregularidade pode impedir a realiza\u00e7\u00e3o de servi\u00e7os.<\/h2>\n<\/p>\n<div class=\"article__header__info\">\n                                                                                                    <meta itemprop=\"datePublished\" content=\"2026-07-25T14:57:00-03:00\"\/><\/p>\n<p>                                                                                                                                                <meta itemprop=\"dateModified\" content=\"2026-07-25T15:40:41-03:00\"\/><\/p>\n<div class=\"article__header__info__datetime\">\n<p>                                <!--\/\/ sem foto nao mobile \/\/--><\/p>\n<p>\n                                    <span class=\"day-month\">25 jul<\/span><br \/>\n                                    <span class=\"year\">2026<\/span><br \/>\n                                    <span class=\"time\"> &#8211; 14h57<\/span>\n                                <\/p>\n<p>\n                                                                                                                        (atualizado \u00e0s 15h40)\n                                                                            <\/p>\n<\/p><\/div>\n<\/p><\/div>\n<div class=\"article__header__author-wrapper\" itemprop=\"author\" itemscope=\"\" itemtype=\"http:\/\/schema.org\/Person\">\n<ul class=\"article__header__author bg-color-secondary-noticias is-partner\">\n<li class=\"article__header__author__item\">\n                                                <span class=\"article__header__author__item__is-partner\">Por:<\/span><br \/>\n                                                                                    <span class=\"article__header__author__item__name\" itemprop=\"name\">Weverton Kaero \/ Licenciado de Portal de Prefeitura<\/span>\n                                                                        <\/li>\n<\/ul>\n<\/div><\/div>\n<\/p><\/div>\n<div>\n<p class=\"text\">Motoristas que pretendem renovar a Carteira Nacional de Habilita\u00e7\u00e3o (CNH) em 2026 precisam ficar atentos n\u00e3o apenas \u00e0s regras do tr\u00e2nsito, mas tamb\u00e9m \u00e0 situa\u00e7\u00e3o cadastral do CPF.<\/p>\n<p class=\"text\">A integra\u00e7\u00e3o entre os sistemas da Receita Federal e dos Departamentos Estaduais de Tr\u00e2nsito (Detrans) ampliou a fiscaliza\u00e7\u00e3o de dados, e qualquer irregularidade no Cadastro de Pessoas F\u00edsicas pode impedir a realiza\u00e7\u00e3o de servi\u00e7os relacionados \u00e0 habilita\u00e7\u00e3o.<\/p>\n<p class=\"text\">Na pr\u00e1tica, quando o condutor solicita a renova\u00e7\u00e3o da CNH, mudan\u00e7a de categoria ou emiss\u00e3o da segunda via do documento, o sistema faz uma consulta autom\u00e1tica \u00e0 base de dados da Receita Federal. Caso o CPF apresente alguma inconsist\u00eancia ou restri\u00e7\u00e3o, o processo pode ser bloqueado at\u00e9 que a situa\u00e7\u00e3o seja regularizada.<\/p>\n<div class=\"article__image-embed\" id=\"image_86a47265d517cf7aad8050de8280a4a7vms5t27o\">\n<figure itemprop=\"associatedMedia image\" itemscope=\"\" itemtype=\"http:\/\/schema.org\/ImageObject\">\n<meta content=\"true\" itemprop=\"representativeOfPage\"\/><br \/>\n<meta content=\"\/\/p2.trrsf.com\/image\/fget\/cf\/940\/0\/images.terra.com\/2026\/07\/25\/2006351445-cnh-social-recife-veja-como-tirar-habilitacao-gratuita.jpg\" itemprop=\"url\"\/><br \/>\n<meta content=\"800\" itemprop=\"width\"\/><br \/>\n<meta content=\"800\" itemprop=\"height\"\/>\n<picture>\n<\/picture><figcaption>\n<div class=\"article__image-embed--info\">\n<p>Pessoa segurando CNH.<\/p>\n<p><small class=\"article__image-embed--info__copyright\" itemprop=\"copyrightHolder\">Foto: Portal de Prefeitura<\/small>\n<\/div>\n<\/figcaption><\/figure>\n<\/div>\n<p class=\"text\">Ao contr\u00e1rio do que muitos imaginam, esse impedimento n\u00e3o est\u00e1 ligado apenas ao excesso de pontos ou \u00e0 suspens\u00e3o do direito de dirigir. Problemas cadastrais e pend\u00eancias fiscais tamb\u00e9m podem impedir o andamento dos servi\u00e7os oferecidos pelos Detrans.<\/p>\n<h2>Situa\u00e7\u00f5es de bloqueio<\/h2>\n<p class=\"text\">Entre as situa\u00e7\u00f5es que costumam gerar bloqueios est\u00e3o o CPF classificado como &#8220;Pendente de Regulariza\u00e7\u00e3o&#8221;, geralmente em raz\u00e3o da falta de entrega da Declara\u00e7\u00e3o do Imposto de Renda quando obrigat\u00f3ria, al\u00e9m dos status &#8220;Suspenso&#8221; ou &#8220;Cancelado&#8221;, normalmente provocados por diverg\u00eancias em informa\u00e7\u00f5es cadastrais, como nome, data de nascimento ou filia\u00e7\u00e3o. Em alguns casos, tamb\u00e9m podem existir restri\u00e7\u00f5es decorrentes de decis\u00f5es judiciais.<\/p>\n<p class=\"text\">Caso o motorista n\u00e3o consiga renovar o documento por causa dessas pend\u00eancias e continue dirigindo ap\u00f3s o vencimento da CNH por mais de 30 dias, poder\u00e1 responder por infra\u00e7\u00e3o grav\u00edssima. O C\u00f3digo de Tr\u00e2nsito Brasileiro prev\u00ea multa de R$ 293,47, sete pontos na carteira e reten\u00e7\u00e3o do ve\u00edculo at\u00e9 a apresenta\u00e7\u00e3o de um condutor habilitado.<\/p>\n<h2>Checagem<\/h2>\n<p class=\"text\">Para evitar esse tipo de transtorno, a recomenda\u00e7\u00e3o \u00e9 verificar previamente a situa\u00e7\u00e3o do CPF no portal oficial da Receita Federal. A consulta \u00e9 gratuita e exige apenas o n\u00famero do documento e a data de nascimento. Se o resultado indicar situa\u00e7\u00e3o diferente de &#8220;Regular&#8221;, ser\u00e1 necess\u00e1rio resolver a pend\u00eancia antes de solicitar qualquer servi\u00e7o junto ao Detran.<\/p>\n<p class=\"text\">A regulariza\u00e7\u00e3o pode ser feita pelos canais digitais da Receita Federal, como o portal e-CAC, onde \u00e9 poss\u00edvel identificar o motivo da restri\u00e7\u00e3o, atualizar dados cadastrais ou enviar declara\u00e7\u00f5es pendentes, quando necess\u00e1rio. Ap\u00f3s a corre\u00e7\u00e3o das informa\u00e7\u00f5es, a atualiza\u00e7\u00e3o costuma ser processada em at\u00e9 72 horas.<\/p>\n<p class=\"text\">Com o CPF novamente em situa\u00e7\u00e3o regular, o motorista poder\u00e1 retornar ao Detran para concluir o procedimento de renova\u00e7\u00e3o ou outro servi\u00e7o relacionado \u00e0 habilita\u00e7\u00e3o. Manter os dados cadastrais atualizados \u00e9 uma medida importante para evitar bloqueios administrativos e garantir que a CNH permane\u00e7a v\u00e1lida sem imprevistos.<\/p>\n<\/p><\/div>\n<p><a href=\"https:\/\/ubirataonline.com.br\/en\/noticias\/\" target=\"_blank\" rel=\"noopener noreferrer\">Mais Not\u00edcias<\/a><\/p>\n<p><a href=\"https:\/\/ubirataonline.com.br\/en\/\" target=\"_blank\" rel=\"noopener noreferrer\">Home Page &#8211; In\u00edcio<\/a><\/p>\n<p><a href=\"https:\/\/www.terra.com.br\/noticias\/pendencia-no-cpf-pode-levar-ao-bloqueio-da-cnh-em-2026-revela-detran,05948cfad711651c2da9199410b36a6f8g52axm8.html\">Fonte do Artigo <\/a><br \/>\nSee more: <a href=\"https:\/\/theglobaltrack.com\/\" target=\"_blank\" rel=\"noopener noreferrer\">The Global Track<\/a><\/p>\n<p><a href=\"https:\/\/corinthiames.com.br\/\" target=\"_blank\" rel=\"noopener noreferrer\">Corinthia Mes<\/a><\/p>","protected":false},"excerpt":{"rendered":"<p>A integra\u00e7\u00e3o entre os sistemas da Receita Federal e dos Detrans ampliou a fiscaliza\u00e7\u00e3o de dados, e qualquer irregularidade pode impedir a realiza\u00e7\u00e3o de servi\u00e7os. 25 jul 2026 &#8211; 14h57 (atualizado \u00e0s 15h40) Por: Weverton Kaero \/ Licenciado de Portal de Prefeitura Motoristas que pretendem renovar a Carteira Nacional de Habilita\u00e7\u00e3o (CNH) em 2026 precisam [&hellip;]<\/p>\n","protected":false},"author":1,"featured_media":158400,"comment_status":"closed","ping_status":"","sticky":false,"template":"","format":"standard","meta":{"googlesitekit_rrm_CAow2JLhCw:productID":"","_gspb_post_css":"","maa_idioma":"","maa_pais":"","footnotes":""},"categories":[4],"tags":[9970,7771,16365,42324,8488,29882,3191,7137],"class_list":["post-158399","post","type-post","status-publish","format-standard","has-post-thumbnail","hentry","category-brasil","tag-bloqueio","tag-cnh","tag-cpf","tag-detran","tag-levar","tag-pendencia","tag-pode","tag-revela"],"blocksy_meta":[],"yoast_head":"<!-- This site is optimized with the Yoast SEO Premium plugin v27.6 (Yoast SEO v27.6) - https:\/\/yoast.com\/product\/yoast-seo-premium-wordpress\/ -->\n<title>Pend\u00eancia no CPF pode levar ao bloqueio da CNH em 2026, revela Detran - Ubirat\u00e3 Online Not\u00edcias - A realidade ao seu alcance!<\/title>\n<meta name=\"description\" content=\"A integra\u00e7\u00e3o entre os sistemas da Receita Federal e dos Detrans ampliou a fiscaliza\u00e7\u00e3o de dados, e qualquer irregularidade pode impedir a realiza\u00e7\u00e3o de servi\u00e7os.\" \/>\n<meta name=\"robots\" content=\"index, follow, max-snippet:-1, max-image-preview:large, max-video-preview:-1\" \/>\n<link rel=\"canonical\" href=\"https:\/\/ubirataonline.com.br\/en\/pendencia-no-cpf-pode-levar-ao-bloqueio-da-cnh-em-2026-revela-detran\/\" \/>\n<meta property=\"og:locale\" content=\"en_US\" \/>\n<meta property=\"og:type\" content=\"article\" \/>\n<meta property=\"og:title\" content=\"Pend\u00eancia no CPF pode levar ao bloqueio da CNH em 2026, revela Detran\" \/>\n<meta property=\"og:description\" content=\"A integra\u00e7\u00e3o entre os sistemas da Receita Federal e dos Detrans ampliou a fiscaliza\u00e7\u00e3o de dados, e qualquer irregularidade pode impedir a realiza\u00e7\u00e3o de servi\u00e7os.\" \/>\n<meta property=\"og:url\" content=\"https:\/\/ubirataonline.com.br\/en\/pendencia-no-cpf-pode-levar-ao-bloqueio-da-cnh-em-2026-revela-detran\/\" \/>\n<meta property=\"og:site_name\" content=\"Ubirat\u00e3 Online Not\u00edcias - A realidade ao seu alcance!\" \/>\n<meta property=\"article:publisher\" content=\"https:\/\/www.facebook.com\/portalubirataonline\" \/>\n<meta property=\"article:author\" content=\"https:\/\/www.facebook.com\/portalubirataonline\" \/>\n<meta property=\"article:published_time\" content=\"2026-07-26T15:25:09+00:00\" \/>\n<meta property=\"article:modified_time\" content=\"2026-07-26T15:25:11+00:00\" \/>\n<meta property=\"og:image\" content=\"https:\/\/ubirataonline.com.br\/wp-content\/uploads\/2026\/07\/Pendencia-no-CPF-pode-levar-ao-bloqueio-da-CNH-em.jpg\" \/>\n\t<meta property=\"og:image:width\" content=\"1200\" \/>\n\t<meta property=\"og:image:height\" content=\"630\" \/>\n\t<meta property=\"og:image:type\" content=\"image\/jpeg\" \/>\n<meta name=\"author\" content=\"REDA\u00c7\u00c3O: UBIRAT\u00c3 ONLINE - F\u00c1BIO AUGUSTO CELESTINO\" \/>\n<meta name=\"twitter:card\" content=\"summary_large_image\" \/>\n<meta name=\"twitter:creator\" content=\"@x.com\/ubirataonline\" \/>\n<meta name=\"twitter:site\" content=\"@ubirataonline\" \/>\n<meta name=\"twitter:label1\" content=\"Written by\" \/>\n\t<meta name=\"twitter:data1\" content=\"REDA\u00c7\u00c3O: UBIRAT\u00c3 ONLINE - F\u00c1BIO AUGUSTO CELESTINO\" \/>\n\t<meta name=\"twitter:label2\" content=\"Est. reading time\" \/>\n\t<meta name=\"twitter:data2\" content=\"3 minutes\" \/>\n<script type=\"application\/ld+json\" class=\"yoast-schema-graph\">{\"@context\":\"https:\\\/\\\/schema.org\",\"@graph\":[{\"@type\":\"NewsArticle\",\"@id\":\"https:\\\/\\\/ubirataonline.com.br\\\/pendencia-no-cpf-pode-levar-ao-bloqueio-da-cnh-em-2026-revela-detran\\\/#article\",\"isPartOf\":{\"@id\":\"https:\\\/\\\/ubirataonline.com.br\\\/pendencia-no-cpf-pode-levar-ao-bloqueio-da-cnh-em-2026-revela-detran\\\/\"},\"author\":{\"name\":\"REDA\u00c7\u00c3O: UBIRAT\u00c3 ONLINE - F\u00c1BIO AUGUSTO CELESTINO\",\"@id\":\"https:\\\/\\\/ubirataonline.com.br\\\/#\\\/schema\\\/person\\\/372f87bbd3fdd79b8556b84c98d0bc1c\"},\"headline\":\"Pend\u00eancia no CPF pode levar ao bloqueio da CNH em 2026, revela Detran\",\"datePublished\":\"2026-07-26T15:25:09+00:00\",\"dateModified\":\"2026-07-26T15:25:11+00:00\",\"mainEntityOfPage\":{\"@id\":\"https:\\\/\\\/ubirataonline.com.br\\\/pendencia-no-cpf-pode-levar-ao-bloqueio-da-cnh-em-2026-revela-detran\\\/\"},\"wordCount\":566,\"publisher\":{\"@id\":\"https:\\\/\\\/ubirataonline.com.br\\\/#organization\"},\"image\":{\"@id\":\"https:\\\/\\\/ubirataonline.com.br\\\/pendencia-no-cpf-pode-levar-ao-bloqueio-da-cnh-em-2026-revela-detran\\\/#primaryimage\"},\"thumbnailUrl\":\"https:\\\/\\\/ubirataonline.com.br\\\/wp-content\\\/uploads\\\/2026\\\/07\\\/Pendencia-no-CPF-pode-levar-ao-bloqueio-da-CNH-em.jpg\",\"keywords\":[\"bloqueio\",\"CNH\",\"CPF\",\"Detran\",\"levar\",\"pend\u00eancia\",\"pode\",\"revela\"],\"articleSection\":[\"Brasil\"],\"inLanguage\":\"en-US\",\"copyrightYear\":\"2026\",\"copyrightHolder\":{\"@id\":\"https:\\\/\\\/ubirataonline.com.br\\\/en\\\/#organization\"}},{\"@type\":\"WebPage\",\"@id\":\"https:\\\/\\\/ubirataonline.com.br\\\/pendencia-no-cpf-pode-levar-ao-bloqueio-da-cnh-em-2026-revela-detran\\\/\",\"url\":\"https:\\\/\\\/ubirataonline.com.br\\\/pendencia-no-cpf-pode-levar-ao-bloqueio-da-cnh-em-2026-revela-detran\\\/\",\"name\":\"Pend\u00eancia no CPF pode levar ao bloqueio da CNH em 2026, revela Detran - Ubirat\u00e3 Online Not\u00edcias - A realidade ao seu alcance!\",\"isPartOf\":{\"@id\":\"https:\\\/\\\/ubirataonline.com.br\\\/#website\"},\"primaryImageOfPage\":{\"@id\":\"https:\\\/\\\/ubirataonline.com.br\\\/pendencia-no-cpf-pode-levar-ao-bloqueio-da-cnh-em-2026-revela-detran\\\/#primaryimage\"},\"image\":{\"@id\":\"https:\\\/\\\/ubirataonline.com.br\\\/pendencia-no-cpf-pode-levar-ao-bloqueio-da-cnh-em-2026-revela-detran\\\/#primaryimage\"},\"thumbnailUrl\":\"https:\\\/\\\/ubirataonline.com.br\\\/wp-content\\\/uploads\\\/2026\\\/07\\\/Pendencia-no-CPF-pode-levar-ao-bloqueio-da-CNH-em.jpg\",\"datePublished\":\"2026-07-26T15:25:09+00:00\",\"dateModified\":\"2026-07-26T15:25:11+00:00\",\"description\":\"A integra\u00e7\u00e3o entre os sistemas da Receita Federal e dos Detrans ampliou a fiscaliza\u00e7\u00e3o de dados, e qualquer irregularidade pode impedir a realiza\u00e7\u00e3o de servi\u00e7os.\",\"breadcrumb\":{\"@id\":\"https:\\\/\\\/ubirataonline.com.br\\\/pendencia-no-cpf-pode-levar-ao-bloqueio-da-cnh-em-2026-revela-detran\\\/#breadcrumb\"},\"inLanguage\":\"en-US\",\"potentialAction\":[{\"@type\":\"ReadAction\",\"target\":[\"https:\\\/\\\/ubirataonline.com.br\\\/pendencia-no-cpf-pode-levar-ao-bloqueio-da-cnh-em-2026-revela-detran\\\/\"]}]},{\"@type\":\"ImageObject\",\"inLanguage\":\"en-US\",\"@id\":\"https:\\\/\\\/ubirataonline.com.br\\\/pendencia-no-cpf-pode-levar-ao-bloqueio-da-cnh-em-2026-revela-detran\\\/#primaryimage\",\"url\":\"https:\\\/\\\/ubirataonline.com.br\\\/wp-content\\\/uploads\\\/2026\\\/07\\\/Pendencia-no-CPF-pode-levar-ao-bloqueio-da-CNH-em.jpg\",\"contentUrl\":\"https:\\\/\\\/ubirataonline.com.br\\\/wp-content\\\/uploads\\\/2026\\\/07\\\/Pendencia-no-CPF-pode-levar-ao-bloqueio-da-CNH-em.jpg\",\"width\":1200,\"height\":630,\"caption\":\"Pessoa segurando CNH. Foto: Portal de Prefeitura\"},{\"@type\":\"BreadcrumbList\",\"@id\":\"https:\\\/\\\/ubirataonline.com.br\\\/pendencia-no-cpf-pode-levar-ao-bloqueio-da-cnh-em-2026-revela-detran\\\/#breadcrumb\",\"itemListElement\":[{\"@type\":\"ListItem\",\"position\":1,\"name\":\"In\u00edcio\",\"item\":\"https:\\\/\\\/ubirataonline.com.br\\\/\"},{\"@type\":\"ListItem\",\"position\":2,\"name\":\"Pend\u00eancia no CPF pode levar ao bloqueio da CNH em 2026, revela Detran\"}]},{\"@type\":\"WebSite\",\"@id\":\"https:\\\/\\\/ubirataonline.com.br\\\/#website\",\"url\":\"https:\\\/\\\/ubirataonline.com.br\\\/\",\"name\":\"Ubirat\u00e3 Online Not\u00edcias\",\"description\":\"Not\u00edcias de Ubirat\u00e3, regi\u00e3o, Brasil e mundo, com informa\u00e7\u00e3o atualizada e compromisso com o leitor.\",\"publisher\":{\"@id\":\"https:\\\/\\\/ubirataonline.com.br\\\/#organization\"},\"alternateName\":\"Ubirat\u00e3 Online\",\"potentialAction\":[{\"@type\":\"SearchAction\",\"target\":{\"@type\":\"EntryPoint\",\"urlTemplate\":\"https:\\\/\\\/ubirataonline.com.br\\\/?s={search_term_string}\"},\"query-input\":{\"@type\":\"PropertyValueSpecification\",\"valueRequired\":true,\"valueName\":\"search_term_string\"}}],\"inLanguage\":\"en-US\"},{\"@type\":[\"Organization\",\"Place\"],\"@id\":\"https:\\\/\\\/ubirataonline.com.br\\\/#organization\",\"name\":\"Ubirat\u00e3 Online Not\u00edcias\",\"alternateName\":\"Ubirat\u00e3 Online\",\"url\":\"https:\\\/\\\/ubirataonline.com.br\\\/\",\"logo\":{\"@id\":\"https:\\\/\\\/ubirataonline.com.br\\\/pendencia-no-cpf-pode-levar-ao-bloqueio-da-cnh-em-2026-revela-detran\\\/#local-main-organization-logo\"},\"image\":{\"@id\":\"https:\\\/\\\/ubirataonline.com.br\\\/pendencia-no-cpf-pode-levar-ao-bloqueio-da-cnh-em-2026-revela-detran\\\/#local-main-organization-logo\"},\"sameAs\":[\"https:\\\/\\\/www.facebook.com\\\/portalubirataonline\",\"https:\\\/\\\/x.com\\\/ubirataonline\",\"https:\\\/\\\/mastodon.social\\\/@ubirataonline\",\"https:\\\/\\\/www.facebook.com\\\/groups\\\/311144672285604\",\"https:\\\/\\\/www.facebook.com\\\/UBTAOnline\",\"https:\\\/\\\/www.instagram.com\\\/portalubirataonline\\\/\",\"https:\\\/\\\/twitter.com\\\/ubirataonline\"],\"description\":\"Somos um portal de not\u00edcias independente, criado em 5 de janeiro de 2009, com o objetivo de informar, conectar e valorizar a nossa comunidade de Ubirat\u00e3 e toda aregi\u00e3o. Com conte\u00fado atualizado, confi\u00e1vel e relevante, o Ubirat\u00e3 Online \u00e9 o seu espa\u00e7o para ficar por dentro dos principais acontecimentos locais, regionais, Brasil, Mundo e de interesse geral. Nosso compromisso \u00e9 com a verdade, a transpar\u00eancia e o respeito ao leitor.\",\"legalName\":\"UBIRATA ONLINE NOT\u00cdCIAS\",\"foundingDate\":\"2009-01-05\",\"numberOfEmployees\":{\"@type\":\"QuantitativeValue\",\"minValue\":\"1\",\"maxValue\":\"10\"},\"publishingPrinciples\":\"https:\\\/\\\/ubirataonline.com.br\\\/faq\\\/\",\"address\":{\"@id\":\"https:\\\/\\\/ubirataonline.com.br\\\/pendencia-no-cpf-pode-levar-ao-bloqueio-da-cnh-em-2026-revela-detran\\\/#local-main-place-address\"},\"geo\":{\"@type\":\"GeoCoordinates\",\"latitude\":\"-24.5361401\",\"longitude\":\"-52.9921776\"},\"telephone\":[\"+5544998308235\"],\"contactPoint\":{\"@type\":\"ContactPoint\",\"email\":\"contato@ubirataonline.com.br\"},\"openingHoursSpecification\":{\"@type\":\"OpeningHoursSpecification\",\"dayOfWeek\":[\"Monday\",\"Tuesday\",\"Wednesday\",\"Thursday\",\"Friday\",\"Saturday\",\"Sunday\"],\"opens\":\"00:00\",\"closes\":\"23:59\"},\"email\":\"contato@ubirataonline.com.br\",\"vatID\":\"47.621.418\\\/0001-80\"},{\"@type\":\"Person\",\"@id\":\"https:\\\/\\\/ubirataonline.com.br\\\/#\\\/schema\\\/person\\\/372f87bbd3fdd79b8556b84c98d0bc1c\",\"name\":\"REDA\u00c7\u00c3O: UBIRAT\u00c3 ONLINE - F\u00c1BIO AUGUSTO CELESTINO\",\"pronouns\":\"Ele\",\"description\":\"Desde 2003 trabalhando com not\u00edcias.\",\"sameAs\":[\"http:\\\/\\\/ubirataoline.com.br\",\"https:\\\/\\\/www.facebook.com\\\/portalubirataonline\",\"https:\\\/\\\/www.instagram.com\\\/ubirataonline_oficial\",\"https:\\\/\\\/x.com\\\/x.com\\\/ubirataonline\"],\"honorificPrefix\":\"Mr.\",\"honorificSuffix\":\"MD\",\"birthDate\":\"1980-06-16\",\"gender\":\"masculino\",\"award\":[\"V\u00e1rios pr\u00eamios de melhor portal da cidade\"],\"jobTitle\":\"Diretor\",\"url\":\"https:\\\/\\\/ubirataonline.com.br\\\/en\\\/author\\\/ubirataonline\\\/\"},{\"@type\":\"PostalAddress\",\"@id\":\"https:\\\/\\\/ubirataonline.com.br\\\/pendencia-no-cpf-pode-levar-ao-bloqueio-da-cnh-em-2026-revela-detran\\\/#local-main-place-address\",\"streetAddress\":\"Rua dos Coqueiros, 104 - Bairro Boa Vista, Rua dos Coqueiros, 104 Bairro Boa Vista\",\"addressLocality\":\"UBIRATA\",\"postalCode\":\"85440-000\",\"addressRegion\":\"PR\",\"addressCountry\":\"BR\"},{\"@type\":\"ImageObject\",\"inLanguage\":\"en-US\",\"@id\":\"https:\\\/\\\/ubirataonline.com.br\\\/pendencia-no-cpf-pode-levar-ao-bloqueio-da-cnh-em-2026-revela-detran\\\/#local-main-organization-logo\",\"url\":\"https:\\\/\\\/ubirataonline.com.br\\\/wp-content\\\/uploads\\\/2026\\\/06\\\/logoubirataonline-1.webp\",\"contentUrl\":\"https:\\\/\\\/ubirataonline.com.br\\\/wp-content\\\/uploads\\\/2026\\\/06\\\/logoubirataonline-1.webp\",\"width\":500,\"height\":500,\"caption\":\"Ubirat\u00e3 Online Not\u00edcias\"}]}<\/script>\n<meta name=\"geo.placename\" content=\"UBIRATA\" \/>\n<meta name=\"geo.position\" content=\"-24.5361401;-52.9921776\" \/>\n<meta name=\"geo.region\" content=\"Brazil\" \/>\n<!-- \/ Yoast SEO Premium plugin. -->","yoast_head_json":{"title":"Pend\u00eancia no CPF pode levar ao bloqueio da CNH em 2026, revela Detran - Ubirat\u00e3 Online Not\u00edcias - A realidade ao seu alcance!","description":"A integra\u00e7\u00e3o entre os sistemas da Receita Federal e dos Detrans ampliou a fiscaliza\u00e7\u00e3o de dados, e qualquer irregularidade pode impedir a realiza\u00e7\u00e3o de servi\u00e7os.","robots":{"index":"index","follow":"follow","max-snippet":"max-snippet:-1","max-image-preview":"max-image-preview:large","max-video-preview":"max-video-preview:-1"},"canonical":"https:\/\/ubirataonline.com.br\/en\/pendencia-no-cpf-pode-levar-ao-bloqueio-da-cnh-em-2026-revela-detran\/","og_locale":"en_US","og_type":"article","og_title":"Pend\u00eancia no CPF pode levar ao bloqueio da CNH em 2026, revela Detran","og_description":"A integra\u00e7\u00e3o entre os sistemas da Receita Federal e dos Detrans ampliou a fiscaliza\u00e7\u00e3o de dados, e qualquer irregularidade pode impedir a realiza\u00e7\u00e3o de servi\u00e7os.","og_url":"https:\/\/ubirataonline.com.br\/en\/pendencia-no-cpf-pode-levar-ao-bloqueio-da-cnh-em-2026-revela-detran\/","og_site_name":"Ubirat\u00e3 Online Not\u00edcias - A realidade ao seu alcance!","article_publisher":"https:\/\/www.facebook.com\/portalubirataonline","article_author":"https:\/\/www.facebook.com\/portalubirataonline","article_published_time":"2026-07-26T15:25:09+00:00","article_modified_time":"2026-07-26T15:25:11+00:00","og_image":[{"width":1200,"height":630,"url":"https:\/\/ubirataonline.com.br\/wp-content\/uploads\/2026\/07\/Pendencia-no-CPF-pode-levar-ao-bloqueio-da-CNH-em.jpg","type":"image\/jpeg"}],"author":"REDA\u00c7\u00c3O: UBIRAT\u00c3 ONLINE - F\u00c1BIO AUGUSTO CELESTINO","twitter_card":"summary_large_image","twitter_creator":"@x.com\/ubirataonline","twitter_site":"@ubirataonline","twitter_misc":{"Written by":"REDA\u00c7\u00c3O: UBIRAT\u00c3 ONLINE - F\u00c1BIO AUGUSTO CELESTINO","Est. reading time":"3 minutes"},"schema":{"@context":"https:\/\/schema.org","@graph":[{"@type":"NewsArticle","@id":"https:\/\/ubirataonline.com.br\/pendencia-no-cpf-pode-levar-ao-bloqueio-da-cnh-em-2026-revela-detran\/#article","isPartOf":{"@id":"https:\/\/ubirataonline.com.br\/pendencia-no-cpf-pode-levar-ao-bloqueio-da-cnh-em-2026-revela-detran\/"},"author":{"name":"REDA\u00c7\u00c3O: UBIRAT\u00c3 ONLINE - F\u00c1BIO AUGUSTO CELESTINO","@id":"https:\/\/ubirataonline.com.br\/#\/schema\/person\/372f87bbd3fdd79b8556b84c98d0bc1c"},"headline":"Pend\u00eancia no CPF pode levar ao bloqueio da CNH em 2026, revela Detran","datePublished":"2026-07-26T15:25:09+00:00","dateModified":"2026-07-26T15:25:11+00:00","mainEntityOfPage":{"@id":"https:\/\/ubirataonline.com.br\/pendencia-no-cpf-pode-levar-ao-bloqueio-da-cnh-em-2026-revela-detran\/"},"wordCount":566,"publisher":{"@id":"https:\/\/ubirataonline.com.br\/#organization"},"image":{"@id":"https:\/\/ubirataonline.com.br\/pendencia-no-cpf-pode-levar-ao-bloqueio-da-cnh-em-2026-revela-detran\/#primaryimage"},"thumbnailUrl":"https:\/\/ubirataonline.com.br\/wp-content\/uploads\/2026\/07\/Pendencia-no-CPF-pode-levar-ao-bloqueio-da-CNH-em.jpg","keywords":["bloqueio","CNH","CPF","Detran","levar","pend\u00eancia","pode","revela"],"articleSection":["Brasil"],"inLanguage":"en-US","copyrightYear":"2026","copyrightHolder":{"@id":"https:\/\/ubirataonline.com.br\/en\/#organization"}},{"@type":"WebPage","@id":"https:\/\/ubirataonline.com.br\/pendencia-no-cpf-pode-levar-ao-bloqueio-da-cnh-em-2026-revela-detran\/","url":"https:\/\/ubirataonline.com.br\/pendencia-no-cpf-pode-levar-ao-bloqueio-da-cnh-em-2026-revela-detran\/","name":"Pend\u00eancia no CPF pode levar ao bloqueio da CNH em 2026, revela Detran - Ubirat\u00e3 Online Not\u00edcias - A realidade ao seu alcance!","isPartOf":{"@id":"https:\/\/ubirataonline.com.br\/#website"},"primaryImageOfPage":{"@id":"https:\/\/ubirataonline.com.br\/pendencia-no-cpf-pode-levar-ao-bloqueio-da-cnh-em-2026-revela-detran\/#primaryimage"},"image":{"@id":"https:\/\/ubirataonline.com.br\/pendencia-no-cpf-pode-levar-ao-bloqueio-da-cnh-em-2026-revela-detran\/#primaryimage"},"thumbnailUrl":"https:\/\/ubirataonline.com.br\/wp-content\/uploads\/2026\/07\/Pendencia-no-CPF-pode-levar-ao-bloqueio-da-CNH-em.jpg","datePublished":"2026-07-26T15:25:09+00:00","dateModified":"2026-07-26T15:25:11+00:00","description":"A integra\u00e7\u00e3o entre os sistemas da Receita Federal e dos Detrans ampliou a fiscaliza\u00e7\u00e3o de dados, e qualquer irregularidade pode impedir a realiza\u00e7\u00e3o de servi\u00e7os.","breadcrumb":{"@id":"https:\/\/ubirataonline.com.br\/pendencia-no-cpf-pode-levar-ao-bloqueio-da-cnh-em-2026-revela-detran\/#breadcrumb"},"inLanguage":"en-US","potentialAction":[{"@type":"ReadAction","target":["https:\/\/ubirataonline.com.br\/pendencia-no-cpf-pode-levar-ao-bloqueio-da-cnh-em-2026-revela-detran\/"]}]},{"@type":"ImageObject","inLanguage":"en-US","@id":"https:\/\/ubirataonline.com.br\/pendencia-no-cpf-pode-levar-ao-bloqueio-da-cnh-em-2026-revela-detran\/#primaryimage","url":"https:\/\/ubirataonline.com.br\/wp-content\/uploads\/2026\/07\/Pendencia-no-CPF-pode-levar-ao-bloqueio-da-CNH-em.jpg","contentUrl":"https:\/\/ubirataonline.com.br\/wp-content\/uploads\/2026\/07\/Pendencia-no-CPF-pode-levar-ao-bloqueio-da-CNH-em.jpg","width":1200,"height":630,"caption":"Pessoa segurando CNH. Foto: Portal de Prefeitura"},{"@type":"BreadcrumbList","@id":"https:\/\/ubirataonline.com.br\/pendencia-no-cpf-pode-levar-ao-bloqueio-da-cnh-em-2026-revela-detran\/#breadcrumb","itemListElement":[{"@type":"ListItem","position":1,"name":"In\u00edcio","item":"https:\/\/ubirataonline.com.br\/"},{"@type":"ListItem","position":2,"name":"Pend\u00eancia no CPF pode levar ao bloqueio da CNH em 2026, revela Detran"}]},{"@type":"WebSite","@id":"https:\/\/ubirataonline.com.br\/#website","url":"https:\/\/ubirataonline.com.br\/","name":"Ubirat\u00e3 Online Not\u00edcias","description":"Not\u00edcias de Ubirat\u00e3, regi\u00e3o, Brasil e mundo, com informa\u00e7\u00e3o atualizada e compromisso com o leitor.","publisher":{"@id":"https:\/\/ubirataonline.com.br\/#organization"},"alternateName":"Ubirat\u00e3 Online","potentialAction":[{"@type":"SearchAction","target":{"@type":"EntryPoint","urlTemplate":"https:\/\/ubirataonline.com.br\/?s={search_term_string}"},"query-input":{"@type":"PropertyValueSpecification","valueRequired":true,"valueName":"search_term_string"}}],"inLanguage":"en-US"},{"@type":["Organization","Place"],"@id":"https:\/\/ubirataonline.com.br\/#organization","name":"Ubirat\u00e3 Online Not\u00edcias","alternateName":"Ubirat\u00e3 Online","url":"https:\/\/ubirataonline.com.br\/","logo":{"@id":"https:\/\/ubirataonline.com.br\/pendencia-no-cpf-pode-levar-ao-bloqueio-da-cnh-em-2026-revela-detran\/#local-main-organization-logo"},"image":{"@id":"https:\/\/ubirataonline.com.br\/pendencia-no-cpf-pode-levar-ao-bloqueio-da-cnh-em-2026-revela-detran\/#local-main-organization-logo"},"sameAs":["https:\/\/www.facebook.com\/portalubirataonline","https:\/\/x.com\/ubirataonline","https:\/\/mastodon.social\/@ubirataonline","https:\/\/www.facebook.com\/groups\/311144672285604","https:\/\/www.facebook.com\/UBTAOnline","https:\/\/www.instagram.com\/portalubirataonline\/","https:\/\/twitter.com\/ubirataonline"],"description":"Somos um portal de not\u00edcias independente, criado em 5 de janeiro de 2009, com o objetivo de informar, conectar e valorizar a nossa comunidade de Ubirat\u00e3 e toda aregi\u00e3o. Com conte\u00fado atualizado, confi\u00e1vel e relevante, o Ubirat\u00e3 Online \u00e9 o seu espa\u00e7o para ficar por dentro dos principais acontecimentos locais, regionais, Brasil, Mundo e de interesse geral. Nosso compromisso \u00e9 com a verdade, a transpar\u00eancia e o respeito ao leitor.","legalName":"UBIRATA ONLINE NOT\u00cdCIAS","foundingDate":"2009-01-05","numberOfEmployees":{"@type":"QuantitativeValue","minValue":"1","maxValue":"10"},"publishingPrinciples":"https:\/\/ubirataonline.com.br\/faq\/","address":{"@id":"https:\/\/ubirataonline.com.br\/pendencia-no-cpf-pode-levar-ao-bloqueio-da-cnh-em-2026-revela-detran\/#local-main-place-address"},"geo":{"@type":"GeoCoordinates","latitude":"-24.5361401","longitude":"-52.9921776"},"telephone":["+5544998308235"],"contactPoint":{"@type":"ContactPoint","email":"contato@ubirataonline.com.br"},"openingHoursSpecification":{"@type":"OpeningHoursSpecification","dayOfWeek":["Monday","Tuesday","Wednesday","Thursday","Friday","Saturday","Sunday"],"opens":"00:00","closes":"23:59"},"email":"contato@ubirataonline.com.br","vatID":"47.621.418\/0001-80"},{"@type":"Person","@id":"https:\/\/ubirataonline.com.br\/#\/schema\/person\/372f87bbd3fdd79b8556b84c98d0bc1c","name":"REDA\u00c7\u00c3O: UBIRAT\u00c3 ONLINE - F\u00c1BIO AUGUSTO CELESTINO","pronouns":"Ele","description":"Desde 2003 trabalhando com not\u00edcias.","sameAs":["http:\/\/ubirataoline.com.br","https:\/\/www.facebook.com\/portalubirataonline","https:\/\/www.instagram.com\/ubirataonline_oficial","https:\/\/x.com\/x.com\/ubirataonline"],"honorificPrefix":"Mr.","honorificSuffix":"MD","birthDate":"1980-06-16","gender":"masculino","award":["V\u00e1rios pr\u00eamios de melhor portal da cidade"],"jobTitle":"Diretor","url":"https:\/\/ubirataonline.com.br\/en\/author\/ubirataonline\/"},{"@type":"PostalAddress","@id":"https:\/\/ubirataonline.com.br\/pendencia-no-cpf-pode-levar-ao-bloqueio-da-cnh-em-2026-revela-detran\/#local-main-place-address","streetAddress":"Rua dos Coqueiros, 104 - Bairro Boa Vista, Rua dos Coqueiros, 104 Bairro Boa Vista","addressLocality":"UBIRATA","postalCode":"85440-000","addressRegion":"PR","addressCountry":"BR"},{"@type":"ImageObject","inLanguage":"en-US","@id":"https:\/\/ubirataonline.com.br\/pendencia-no-cpf-pode-levar-ao-bloqueio-da-cnh-em-2026-revela-detran\/#local-main-organization-logo","url":"https:\/\/ubirataonline.com.br\/wp-content\/uploads\/2026\/06\/logoubirataonline-1.webp","contentUrl":"https:\/\/ubirataonline.com.br\/wp-content\/uploads\/2026\/06\/logoubirataonline-1.webp","width":500,"height":500,"caption":"Ubirat\u00e3 Online Not\u00edcias"}]},"geo.placename":"UBIRATA","geo.position":{"lat":"-24.5361401","long":"-52.9921776"},"geo.region":"Brazil"},"_links":{"self":[{"href":"https:\/\/ubirataonline.com.br\/en\/wp-json\/wp\/v2\/posts\/158399","targetHints":{"allow":["GET"]}}],"collection":[{"href":"https:\/\/ubirataonline.com.br\/en\/wp-json\/wp\/v2\/posts"}],"about":[{"href":"https:\/\/ubirataonline.com.br\/en\/wp-json\/wp\/v2\/types\/post"}],"author":[{"embeddable":true,"href":"https:\/\/ubirataonline.com.br\/en\/wp-json\/wp\/v2\/users\/1"}],"replies":[{"embeddable":true,"href":"https:\/\/ubirataonline.com.br\/en\/wp-json\/wp\/v2\/comments?post=158399"}],"version-history":[{"count":0,"href":"https:\/\/ubirataonline.com.br\/en\/wp-json\/wp\/v2\/posts\/158399\/revisions"}],"wp:featuredmedia":[{"embeddable":true,"href":"https:\/\/ubirataonline.com.br\/en\/wp-json\/wp\/v2\/media\/158400"}],"wp:attachment":[{"href":"https:\/\/ubirataonline.com.br\/en\/wp-json\/wp\/v2\/media?parent=158399"}],"wp:term":[{"taxonomy":"category","embeddable":true,"href":"https:\/\/ubirataonline.com.br\/en\/wp-json\/wp\/v2\/categories?post=158399"},{"taxonomy":"post_tag","embeddable":true,"href":"https:\/\/ubirataonline.com.br\/en\/wp-json\/wp\/v2\/tags?post=158399"}],"curies":[{"name":"wp","href":"https:\/\/api.w.org\/{rel}","templated":true}]}}