{"id":158847,"date":"2026-07-27T18:37:40","date_gmt":"2026-07-27T21:37:40","guid":{"rendered":"https:\/\/ubirataonline.com.br\/obituario-confira-os-falecimentos-registrados-em-cascavel-em-27-07-2026\/"},"modified":"2026-07-27T18:37:43","modified_gmt":"2026-07-27T21:37:43","slug":"obituario-confira-os-falecimentos-registrados-em-cascavel-em-27-07-2026","status":"publish","type":"post","link":"https:\/\/ubirataonline.com.br\/en\/obituario-confira-os-falecimentos-registrados-em-cascavel-em-27-07-2026\/","title":{"rendered":"Obitu\u00e1rio: Confira os falecimentos registrados em Cascavel em 27\/07\/2026"},"content":{"rendered":"<p><\/p>\n<div>\n<p> Diariamente a <strong>CGN<\/strong> publica para voc\u00ea os \u00f3bitos registrados em Cascavel pela ACESC (Administra\u00e7\u00e3o dos Cemit\u00e9rios e Servi\u00e7os Funer\u00e1rios de Cascavel) <\/p>\n<p> As informa\u00e7\u00f5es publicadas s\u00e3o fornecidas pela autarquia municipal, voc\u00ea poder\u00e1 encontrar o nome, a data do falecimento e as informa\u00e7\u00f5es sobre vel\u00f3rio e sepultamento <\/p>\n<p><b>TEODORO BATISTA RIBAS\u00a0<\/b><br \/>Filia\u00e7\u00e3o: Jo\u00e3o Alfredo Ribas e Dosolina Ribas\u00a0<br \/>Idade: 82 anos\u00a0<br \/>Falecido em 24\/07\/2026<br \/>Sepultamento: 24\/07\/2026, as 17:00, Cemit\u00e9rio Municipal, Quedas do Igua\u00e7u -PR<\/p>\n<p><b>THEREZA FERREIRA DA SILVA<\/b><br \/>Filia\u00e7\u00e3o: Juvenal Luiz Ferreira e Etelvina de Jesus Ferreira\u00a0<br \/>Idade: 88 anos\u00a0<br \/>Falecido em 24\/07\/2026<br \/>Sepultamento: 25\/07\/2026, as 13:30, Cemit\u00e9rio Municipal, Cristo Redentor, Cascavel -PR<\/p>\n<p><b>LUIZ LOPES\u00a0<\/b><br \/>Filia\u00e7\u00e3o: Virato Lopes e Nair Lopes<br \/>Idade: 84 anos\u00a0<br \/>Falecido em 24\/07\/2026<br \/>Sepultamento: 25\/07\/2026, as 10:30, Cemit\u00e9rio Municipal, Jardim da Saudade, Cascavel -PR<\/p>\n<p><b>ARNALDO DA SILVA\u00a0<\/b><br \/>Filia\u00e7\u00e3o: Dorvalino Jose da Silva e Adiciana Rosa de Jesus<br \/>Idade: 77 anos\u00a0<br \/>Falecido em 24\/07\/2026<br \/>Sepultamento: 25\/07\/2026, as 15:00, Cemit\u00e9rio Municipal, Guaira -PR<\/p>\n<p><b>BENNO REMPEL\u00a0<\/b><br \/>Filia\u00e7\u00e3o: Guilherme Frederico Rempel e Mathilde Gertudres Rempel<br \/>Idade: 90 anos\u00a0<br \/>Falecido em 24\/07\/2026<br \/>Sepultamento: 25\/07\/2026, as 17:00, Cemit\u00e9rio Municipal, Pato Branco -PR<\/p>\n<p><b>ISRAEL CAMILO DE PAIVA\u00a0<\/b><br \/>Filia\u00e7\u00e3o: Izidoro Camilo de Paiva e Maria Angelica Viana de Paiva\u00a0<br \/>Idade: 63 anos\u00a0<br \/>Falecido em 24\/07\/2026<br \/>Sepultamento: 25\/07\/2026, as 09:00, Cemit\u00e9rio Municipal, S\u00e3o Bernardo do campo \u2013 SP<\/p>\n<p><b>JASON ANTONIO MARTINS\u00a0<\/b><br \/>Filia\u00e7\u00e3o: Jose Baltazar e Isoleta A Martins\u00a0<br \/>Idade: 45 anos\u00a0<br \/>Falecido em 24\/07\/2026<br \/>Sepultamento: 25\/07\/2026, as 15:00, Cemit\u00e9rio Municipal, Pq S\u00e3o Luiz\u00a0 -PR<\/p>\n<p><b>MIGUEL AMAURI DA MOTTA<\/b><br \/>Filia\u00e7\u00e3o: Primorio Bolles e Alice Maria<br \/>Idade: 63 anos\u00a0<br \/>Falecido em 24\/07\/2026<br \/>Sepultamento: 25\/07\/2026, as 14:00, Cemit\u00e9rio Municipal, Ceu Azul -PR<\/p>\n<p><b>NATIMORTO DE\u00a0THAYNA RODRIGUES SOARES DE ABREU<\/b><br \/>Filia\u00e7\u00e3o: Jackson Vicente da Silveira e Thayna Rodrigues Soares de Abreu<br \/>Idade: 0 anos\u00a0<br \/>Falecido em 23\/07\/2026<br \/>Sepultamento: 24\/07\/2026, as 15:00, Cemit\u00e9rio Municipal, Jardim da Saudade, Cascavel -PR<\/p>\n<\/p><\/div>\n<p><a href=\"https:\/\/cgn.inf.br\/noticia\/2157403\/obituario-confira-os-falecimentos-registrados-em-cascavel-em-27-07-2026\">CR\u00c9DITOS E LINK DO ARTIGO <\/a><br \/>\n<a href=\"https:\/\/ubirataonline.com.br\/en\/noticias\/\" target=\"_blank\" rel=\"noopener noreferrer\">Mais Not\u00edcias<\/a><\/p>\n<p><a href=\"https:\/\/ubirataonline.com.br\/en\/\" target=\"_blank\" rel=\"noopener noreferrer\">Home Page &#8211; In\u00edcio<\/a><br \/>\n<br \/>\nSee more: <a href=\"https:\/\/theglobaltrack.com\/\" target=\"_blank\" rel=\"noopener noreferrer\">The Global Track<\/a><\/p>\n<p><a href=\"https:\/\/corinthiames.com.br\/\" target=\"_blank\" rel=\"noopener noreferrer\">Corinthia Mes<\/a><\/p>","protected":false},"excerpt":{"rendered":"<p>Diariamente a CGN publica para voc\u00ea os \u00f3bitos registrados em Cascavel pela ACESC (Administra\u00e7\u00e3o dos Cemit\u00e9rios e Servi\u00e7os Funer\u00e1rios de Cascavel) As informa\u00e7\u00f5es publicadas s\u00e3o fornecidas pela autarquia municipal, voc\u00ea poder\u00e1 encontrar o nome, a data do falecimento e as informa\u00e7\u00f5es sobre vel\u00f3rio e sepultamento TEODORO BATISTA RIBAS\u00a0Filia\u00e7\u00e3o: Jo\u00e3o Alfredo Ribas e Dosolina Ribas\u00a0Idade: 82 [&hellip;]<\/p>\n","protected":false},"author":1,"featured_media":158848,"comment_status":"closed","ping_status":"","sticky":false,"template":"","format":"standard","meta":{"googlesitekit_rrm_CAow2JLhCw:productID":"","_gspb_post_css":"","maa_idioma":"","maa_pais":"","footnotes":""},"categories":[4],"tags":[262,2971,2985,2983,9217],"class_list":["post-158847","post","type-post","status-publish","format-standard","has-post-thumbnail","hentry","category-brasil","tag-cascavel","tag-confira","tag-falecimentos","tag-obituario","tag-registrados"],"blocksy_meta":[],"yoast_head":"<!-- This site is optimized with the Yoast SEO Premium plugin v27.6 (Yoast SEO v27.6) - https:\/\/yoast.com\/product\/yoast-seo-premium-wordpress\/ -->\n<title>Obitu\u00e1rio: Confira os falecimentos registrados em Cascavel em 27\/07\/2026 - Ubirat\u00e3 Online Not\u00edcias - A realidade ao seu alcance!<\/title>\n<meta name=\"description\" content=\"Os dados publicados s\u00e3o fornecidos pela ACESC (Administra\u00e7\u00e3o dos Cemit\u00e9rios e Servi\u00e7os Funer\u00e1rios de Cascavel)\" \/>\n<meta name=\"robots\" content=\"index, follow, max-snippet:-1, max-image-preview:large, max-video-preview:-1\" \/>\n<link rel=\"canonical\" href=\"https:\/\/ubirataonline.com.br\/en\/obituario-confira-os-falecimentos-registrados-em-cascavel-em-27-07-2026\/\" \/>\n<meta property=\"og:locale\" content=\"en_US\" \/>\n<meta property=\"og:type\" content=\"article\" \/>\n<meta property=\"og:title\" content=\"Obitu\u00e1rio: Confira os falecimentos registrados em Cascavel em 27\/07\/2026\" \/>\n<meta property=\"og:description\" content=\"Os dados publicados s\u00e3o fornecidos pela ACESC (Administra\u00e7\u00e3o dos Cemit\u00e9rios e Servi\u00e7os Funer\u00e1rios de Cascavel)\" \/>\n<meta property=\"og:url\" content=\"https:\/\/ubirataonline.com.br\/en\/obituario-confira-os-falecimentos-registrados-em-cascavel-em-27-07-2026\/\" \/>\n<meta property=\"og:site_name\" content=\"Ubirat\u00e3 Online Not\u00edcias - A realidade ao seu alcance!\" \/>\n<meta property=\"article:publisher\" content=\"https:\/\/www.facebook.com\/portalubirataonline\" \/>\n<meta property=\"article:author\" content=\"https:\/\/www.facebook.com\/portalubirataonline\" \/>\n<meta property=\"article:published_time\" content=\"2026-07-27T21:37:40+00:00\" \/>\n<meta property=\"article:modified_time\" content=\"2026-07-27T21:37:43+00:00\" \/>\n<meta property=\"og:image\" content=\"https:\/\/ubirataonline.com.br\/wp-content\/uploads\/2026\/07\/Obituario-Confira-os-falecimentos-registrados-em-Cascavel-em-27072026.jpeg\" \/>\n\t<meta property=\"og:image:width\" content=\"1920\" \/>\n\t<meta property=\"og:image:height\" content=\"1280\" \/>\n\t<meta property=\"og:image:type\" content=\"image\/jpeg\" \/>\n<meta name=\"author\" content=\"REDA\u00c7\u00c3O: UBIRAT\u00c3 ONLINE - F\u00c1BIO AUGUSTO CELESTINO\" \/>\n<meta name=\"twitter:card\" content=\"summary_large_image\" \/>\n<meta name=\"twitter:creator\" content=\"@x.com\/ubirataonline\" \/>\n<meta name=\"twitter:site\" content=\"@ubirataonline\" \/>\n<meta name=\"twitter:label1\" content=\"Written by\" \/>\n\t<meta name=\"twitter:data1\" content=\"REDA\u00c7\u00c3O: UBIRAT\u00c3 ONLINE - F\u00c1BIO AUGUSTO CELESTINO\" \/>\n\t<meta name=\"twitter:label2\" content=\"Est. reading time\" \/>\n\t<meta name=\"twitter:data2\" content=\"2 minutes\" \/>\n<script type=\"application\/ld+json\" class=\"yoast-schema-graph\">{\"@context\":\"https:\\\/\\\/schema.org\",\"@graph\":[{\"@type\":\"NewsArticle\",\"@id\":\"https:\\\/\\\/ubirataonline.com.br\\\/obituario-confira-os-falecimentos-registrados-em-cascavel-em-27-07-2026\\\/#article\",\"isPartOf\":{\"@id\":\"https:\\\/\\\/ubirataonline.com.br\\\/obituario-confira-os-falecimentos-registrados-em-cascavel-em-27-07-2026\\\/\"},\"author\":{\"name\":\"REDA\u00c7\u00c3O: UBIRAT\u00c3 ONLINE - F\u00c1BIO AUGUSTO CELESTINO\",\"@id\":\"https:\\\/\\\/ubirataonline.com.br\\\/#\\\/schema\\\/person\\\/372f87bbd3fdd79b8556b84c98d0bc1c\"},\"headline\":\"Obitu\u00e1rio: Confira os falecimentos registrados em Cascavel em 27\\\/07\\\/2026\",\"datePublished\":\"2026-07-27T21:37:40+00:00\",\"dateModified\":\"2026-07-27T21:37:43+00:00\",\"mainEntityOfPage\":{\"@id\":\"https:\\\/\\\/ubirataonline.com.br\\\/obituario-confira-os-falecimentos-registrados-em-cascavel-em-27-07-2026\\\/\"},\"wordCount\":314,\"publisher\":{\"@id\":\"https:\\\/\\\/ubirataonline.com.br\\\/#organization\"},\"image\":{\"@id\":\"https:\\\/\\\/ubirataonline.com.br\\\/obituario-confira-os-falecimentos-registrados-em-cascavel-em-27-07-2026\\\/#primaryimage\"},\"thumbnailUrl\":\"https:\\\/\\\/ubirataonline.com.br\\\/wp-content\\\/uploads\\\/2026\\\/07\\\/Obituario-Confira-os-falecimentos-registrados-em-Cascavel-em-27072026.jpeg\",\"keywords\":[\"cascavel\",\"confira\",\"falecimentos\",\"Obitu\u00e1rio\",\"registrados\"],\"articleSection\":[\"Brasil\"],\"inLanguage\":\"en-US\",\"copyrightYear\":\"2026\",\"copyrightHolder\":{\"@id\":\"https:\\\/\\\/ubirataonline.com.br\\\/en\\\/#organization\"}},{\"@type\":\"WebPage\",\"@id\":\"https:\\\/\\\/ubirataonline.com.br\\\/obituario-confira-os-falecimentos-registrados-em-cascavel-em-27-07-2026\\\/\",\"url\":\"https:\\\/\\\/ubirataonline.com.br\\\/obituario-confira-os-falecimentos-registrados-em-cascavel-em-27-07-2026\\\/\",\"name\":\"Obitu\u00e1rio: Confira os falecimentos registrados em Cascavel em 27\\\/07\\\/2026 - Ubirat\u00e3 Online Not\u00edcias - A realidade ao seu alcance!\",\"isPartOf\":{\"@id\":\"https:\\\/\\\/ubirataonline.com.br\\\/#website\"},\"primaryImageOfPage\":{\"@id\":\"https:\\\/\\\/ubirataonline.com.br\\\/obituario-confira-os-falecimentos-registrados-em-cascavel-em-27-07-2026\\\/#primaryimage\"},\"image\":{\"@id\":\"https:\\\/\\\/ubirataonline.com.br\\\/obituario-confira-os-falecimentos-registrados-em-cascavel-em-27-07-2026\\\/#primaryimage\"},\"thumbnailUrl\":\"https:\\\/\\\/ubirataonline.com.br\\\/wp-content\\\/uploads\\\/2026\\\/07\\\/Obituario-Confira-os-falecimentos-registrados-em-Cascavel-em-27072026.jpeg\",\"datePublished\":\"2026-07-27T21:37:40+00:00\",\"dateModified\":\"2026-07-27T21:37:43+00:00\",\"description\":\"Os dados publicados s\u00e3o fornecidos pela ACESC (Administra\u00e7\u00e3o dos Cemit\u00e9rios e Servi\u00e7os Funer\u00e1rios de Cascavel)\",\"breadcrumb\":{\"@id\":\"https:\\\/\\\/ubirataonline.com.br\\\/obituario-confira-os-falecimentos-registrados-em-cascavel-em-27-07-2026\\\/#breadcrumb\"},\"inLanguage\":\"en-US\",\"potentialAction\":[{\"@type\":\"ReadAction\",\"target\":[\"https:\\\/\\\/ubirataonline.com.br\\\/obituario-confira-os-falecimentos-registrados-em-cascavel-em-27-07-2026\\\/\"]}]},{\"@type\":\"ImageObject\",\"inLanguage\":\"en-US\",\"@id\":\"https:\\\/\\\/ubirataonline.com.br\\\/obituario-confira-os-falecimentos-registrados-em-cascavel-em-27-07-2026\\\/#primaryimage\",\"url\":\"https:\\\/\\\/ubirataonline.com.br\\\/wp-content\\\/uploads\\\/2026\\\/07\\\/Obituario-Confira-os-falecimentos-registrados-em-Cascavel-em-27072026.jpeg\",\"contentUrl\":\"https:\\\/\\\/ubirataonline.com.br\\\/wp-content\\\/uploads\\\/2026\\\/07\\\/Obituario-Confira-os-falecimentos-registrados-em-Cascavel-em-27072026.jpeg\",\"width\":1920,\"height\":1280,\"caption\":\"Obitu\u00e1rio: Confira os falecimentos registrados em Cascavel em 27\\\/07\\\/2026\"},{\"@type\":\"BreadcrumbList\",\"@id\":\"https:\\\/\\\/ubirataonline.com.br\\\/obituario-confira-os-falecimentos-registrados-em-cascavel-em-27-07-2026\\\/#breadcrumb\",\"itemListElement\":[{\"@type\":\"ListItem\",\"position\":1,\"name\":\"In\u00edcio\",\"item\":\"https:\\\/\\\/ubirataonline.com.br\\\/\"},{\"@type\":\"ListItem\",\"position\":2,\"name\":\"Obitu\u00e1rio: Confira os falecimentos registrados em Cascavel em 27\\\/07\\\/2026\"}]},{\"@type\":\"WebSite\",\"@id\":\"https:\\\/\\\/ubirataonline.com.br\\\/#website\",\"url\":\"https:\\\/\\\/ubirataonline.com.br\\\/\",\"name\":\"Ubirat\u00e3 Online Not\u00edcias\",\"description\":\"Not\u00edcias de Ubirat\u00e3, regi\u00e3o, Brasil e mundo, com informa\u00e7\u00e3o atualizada e compromisso com o leitor.\",\"publisher\":{\"@id\":\"https:\\\/\\\/ubirataonline.com.br\\\/#organization\"},\"alternateName\":\"Ubirat\u00e3 Online\",\"potentialAction\":[{\"@type\":\"SearchAction\",\"target\":{\"@type\":\"EntryPoint\",\"urlTemplate\":\"https:\\\/\\\/ubirataonline.com.br\\\/?s={search_term_string}\"},\"query-input\":{\"@type\":\"PropertyValueSpecification\",\"valueRequired\":true,\"valueName\":\"search_term_string\"}}],\"inLanguage\":\"en-US\"},{\"@type\":[\"Organization\",\"Place\"],\"@id\":\"https:\\\/\\\/ubirataonline.com.br\\\/#organization\",\"name\":\"Ubirat\u00e3 Online Not\u00edcias\",\"alternateName\":\"Ubirat\u00e3 Online\",\"url\":\"https:\\\/\\\/ubirataonline.com.br\\\/\",\"logo\":{\"@id\":\"https:\\\/\\\/ubirataonline.com.br\\\/obituario-confira-os-falecimentos-registrados-em-cascavel-em-27-07-2026\\\/#local-main-organization-logo\"},\"image\":{\"@id\":\"https:\\\/\\\/ubirataonline.com.br\\\/obituario-confira-os-falecimentos-registrados-em-cascavel-em-27-07-2026\\\/#local-main-organization-logo\"},\"sameAs\":[\"https:\\\/\\\/www.facebook.com\\\/portalubirataonline\",\"https:\\\/\\\/x.com\\\/ubirataonline\",\"https:\\\/\\\/mastodon.social\\\/@ubirataonline\",\"https:\\\/\\\/www.facebook.com\\\/groups\\\/311144672285604\",\"https:\\\/\\\/www.facebook.com\\\/UBTAOnline\",\"https:\\\/\\\/www.instagram.com\\\/portalubirataonline\\\/\",\"https:\\\/\\\/twitter.com\\\/ubirataonline\"],\"description\":\"Somos um portal de not\u00edcias independente, criado em 5 de janeiro de 2009, com o objetivo de informar, conectar e valorizar a nossa comunidade de Ubirat\u00e3 e toda aregi\u00e3o. Com conte\u00fado atualizado, confi\u00e1vel e relevante, o Ubirat\u00e3 Online \u00e9 o seu espa\u00e7o para ficar por dentro dos principais acontecimentos locais, regionais, Brasil, Mundo e de interesse geral. Nosso compromisso \u00e9 com a verdade, a transpar\u00eancia e o respeito ao leitor.\",\"legalName\":\"UBIRATA ONLINE NOT\u00cdCIAS\",\"foundingDate\":\"2009-01-05\",\"numberOfEmployees\":{\"@type\":\"QuantitativeValue\",\"minValue\":\"1\",\"maxValue\":\"10\"},\"publishingPrinciples\":\"https:\\\/\\\/ubirataonline.com.br\\\/faq\\\/\",\"address\":{\"@id\":\"https:\\\/\\\/ubirataonline.com.br\\\/obituario-confira-os-falecimentos-registrados-em-cascavel-em-27-07-2026\\\/#local-main-place-address\"},\"geo\":{\"@type\":\"GeoCoordinates\",\"latitude\":\"-24.5361401\",\"longitude\":\"-52.9921776\"},\"telephone\":[\"+5544998308235\"],\"contactPoint\":{\"@type\":\"ContactPoint\",\"email\":\"contato@ubirataonline.com.br\"},\"openingHoursSpecification\":{\"@type\":\"OpeningHoursSpecification\",\"dayOfWeek\":[\"Monday\",\"Tuesday\",\"Wednesday\",\"Thursday\",\"Friday\",\"Saturday\",\"Sunday\"],\"opens\":\"00:00\",\"closes\":\"23:59\"},\"email\":\"contato@ubirataonline.com.br\",\"vatID\":\"47.621.418\\\/0001-80\"},{\"@type\":\"Person\",\"@id\":\"https:\\\/\\\/ubirataonline.com.br\\\/#\\\/schema\\\/person\\\/372f87bbd3fdd79b8556b84c98d0bc1c\",\"name\":\"REDA\u00c7\u00c3O: UBIRAT\u00c3 ONLINE - F\u00c1BIO AUGUSTO CELESTINO\",\"pronouns\":\"Ele\",\"description\":\"Desde 2003 trabalhando com not\u00edcias.\",\"sameAs\":[\"http:\\\/\\\/ubirataoline.com.br\",\"https:\\\/\\\/www.facebook.com\\\/portalubirataonline\",\"https:\\\/\\\/www.instagram.com\\\/ubirataonline_oficial\",\"https:\\\/\\\/x.com\\\/x.com\\\/ubirataonline\"],\"honorificPrefix\":\"Mr.\",\"honorificSuffix\":\"MD\",\"birthDate\":\"1980-06-16\",\"gender\":\"masculino\",\"award\":[\"V\u00e1rios pr\u00eamios de melhor portal da cidade\"],\"jobTitle\":\"Diretor\",\"url\":\"https:\\\/\\\/ubirataonline.com.br\\\/en\\\/author\\\/ubirataonline\\\/\"},{\"@type\":\"PostalAddress\",\"@id\":\"https:\\\/\\\/ubirataonline.com.br\\\/obituario-confira-os-falecimentos-registrados-em-cascavel-em-27-07-2026\\\/#local-main-place-address\",\"streetAddress\":\"Rua dos Coqueiros, 104 - Bairro Boa Vista, Rua dos Coqueiros, 104 Bairro Boa Vista\",\"addressLocality\":\"UBIRATA\",\"postalCode\":\"85440-000\",\"addressRegion\":\"PR\",\"addressCountry\":\"BR\"},{\"@type\":\"ImageObject\",\"inLanguage\":\"en-US\",\"@id\":\"https:\\\/\\\/ubirataonline.com.br\\\/obituario-confira-os-falecimentos-registrados-em-cascavel-em-27-07-2026\\\/#local-main-organization-logo\",\"url\":\"https:\\\/\\\/ubirataonline.com.br\\\/wp-content\\\/uploads\\\/2026\\\/06\\\/logoubirataonline-1.webp\",\"contentUrl\":\"https:\\\/\\\/ubirataonline.com.br\\\/wp-content\\\/uploads\\\/2026\\\/06\\\/logoubirataonline-1.webp\",\"width\":500,\"height\":500,\"caption\":\"Ubirat\u00e3 Online Not\u00edcias\"}]}<\/script>\n<meta name=\"geo.placename\" content=\"UBIRATA\" \/>\n<meta name=\"geo.position\" content=\"-24.5361401;-52.9921776\" \/>\n<meta name=\"geo.region\" content=\"Brazil\" \/>\n<!-- \/ Yoast SEO Premium plugin. -->","yoast_head_json":{"title":"Obitu\u00e1rio: Confira os falecimentos registrados em Cascavel em 27\/07\/2026 - Ubirat\u00e3 Online Not\u00edcias - A realidade ao seu alcance!","description":"Os dados publicados s\u00e3o fornecidos pela ACESC (Administra\u00e7\u00e3o dos Cemit\u00e9rios e Servi\u00e7os Funer\u00e1rios de Cascavel)","robots":{"index":"index","follow":"follow","max-snippet":"max-snippet:-1","max-image-preview":"max-image-preview:large","max-video-preview":"max-video-preview:-1"},"canonical":"https:\/\/ubirataonline.com.br\/en\/obituario-confira-os-falecimentos-registrados-em-cascavel-em-27-07-2026\/","og_locale":"en_US","og_type":"article","og_title":"Obitu\u00e1rio: Confira os falecimentos registrados em Cascavel em 27\/07\/2026","og_description":"Os dados publicados s\u00e3o fornecidos pela ACESC (Administra\u00e7\u00e3o dos Cemit\u00e9rios e Servi\u00e7os Funer\u00e1rios de Cascavel)","og_url":"https:\/\/ubirataonline.com.br\/en\/obituario-confira-os-falecimentos-registrados-em-cascavel-em-27-07-2026\/","og_site_name":"Ubirat\u00e3 Online Not\u00edcias - A realidade ao seu alcance!","article_publisher":"https:\/\/www.facebook.com\/portalubirataonline","article_author":"https:\/\/www.facebook.com\/portalubirataonline","article_published_time":"2026-07-27T21:37:40+00:00","article_modified_time":"2026-07-27T21:37:43+00:00","og_image":[{"width":1920,"height":1280,"url":"https:\/\/ubirataonline.com.br\/wp-content\/uploads\/2026\/07\/Obituario-Confira-os-falecimentos-registrados-em-Cascavel-em-27072026.jpeg","type":"image\/jpeg"}],"author":"REDA\u00c7\u00c3O: UBIRAT\u00c3 ONLINE - F\u00c1BIO AUGUSTO CELESTINO","twitter_card":"summary_large_image","twitter_creator":"@x.com\/ubirataonline","twitter_site":"@ubirataonline","twitter_misc":{"Written by":"REDA\u00c7\u00c3O: UBIRAT\u00c3 ONLINE - F\u00c1BIO AUGUSTO CELESTINO","Est. reading time":"2 minutes"},"schema":{"@context":"https:\/\/schema.org","@graph":[{"@type":"NewsArticle","@id":"https:\/\/ubirataonline.com.br\/obituario-confira-os-falecimentos-registrados-em-cascavel-em-27-07-2026\/#article","isPartOf":{"@id":"https:\/\/ubirataonline.com.br\/obituario-confira-os-falecimentos-registrados-em-cascavel-em-27-07-2026\/"},"author":{"name":"REDA\u00c7\u00c3O: UBIRAT\u00c3 ONLINE - F\u00c1BIO AUGUSTO CELESTINO","@id":"https:\/\/ubirataonline.com.br\/#\/schema\/person\/372f87bbd3fdd79b8556b84c98d0bc1c"},"headline":"Obitu\u00e1rio: Confira os falecimentos registrados em Cascavel em 27\/07\/2026","datePublished":"2026-07-27T21:37:40+00:00","dateModified":"2026-07-27T21:37:43+00:00","mainEntityOfPage":{"@id":"https:\/\/ubirataonline.com.br\/obituario-confira-os-falecimentos-registrados-em-cascavel-em-27-07-2026\/"},"wordCount":314,"publisher":{"@id":"https:\/\/ubirataonline.com.br\/#organization"},"image":{"@id":"https:\/\/ubirataonline.com.br\/obituario-confira-os-falecimentos-registrados-em-cascavel-em-27-07-2026\/#primaryimage"},"thumbnailUrl":"https:\/\/ubirataonline.com.br\/wp-content\/uploads\/2026\/07\/Obituario-Confira-os-falecimentos-registrados-em-Cascavel-em-27072026.jpeg","keywords":["cascavel","confira","falecimentos","Obitu\u00e1rio","registrados"],"articleSection":["Brasil"],"inLanguage":"en-US","copyrightYear":"2026","copyrightHolder":{"@id":"https:\/\/ubirataonline.com.br\/en\/#organization"}},{"@type":"WebPage","@id":"https:\/\/ubirataonline.com.br\/obituario-confira-os-falecimentos-registrados-em-cascavel-em-27-07-2026\/","url":"https:\/\/ubirataonline.com.br\/obituario-confira-os-falecimentos-registrados-em-cascavel-em-27-07-2026\/","name":"Obitu\u00e1rio: Confira os falecimentos registrados em Cascavel em 27\/07\/2026 - Ubirat\u00e3 Online Not\u00edcias - A realidade ao seu alcance!","isPartOf":{"@id":"https:\/\/ubirataonline.com.br\/#website"},"primaryImageOfPage":{"@id":"https:\/\/ubirataonline.com.br\/obituario-confira-os-falecimentos-registrados-em-cascavel-em-27-07-2026\/#primaryimage"},"image":{"@id":"https:\/\/ubirataonline.com.br\/obituario-confira-os-falecimentos-registrados-em-cascavel-em-27-07-2026\/#primaryimage"},"thumbnailUrl":"https:\/\/ubirataonline.com.br\/wp-content\/uploads\/2026\/07\/Obituario-Confira-os-falecimentos-registrados-em-Cascavel-em-27072026.jpeg","datePublished":"2026-07-27T21:37:40+00:00","dateModified":"2026-07-27T21:37:43+00:00","description":"Os dados publicados s\u00e3o fornecidos pela ACESC (Administra\u00e7\u00e3o dos Cemit\u00e9rios e Servi\u00e7os Funer\u00e1rios de Cascavel)","breadcrumb":{"@id":"https:\/\/ubirataonline.com.br\/obituario-confira-os-falecimentos-registrados-em-cascavel-em-27-07-2026\/#breadcrumb"},"inLanguage":"en-US","potentialAction":[{"@type":"ReadAction","target":["https:\/\/ubirataonline.com.br\/obituario-confira-os-falecimentos-registrados-em-cascavel-em-27-07-2026\/"]}]},{"@type":"ImageObject","inLanguage":"en-US","@id":"https:\/\/ubirataonline.com.br\/obituario-confira-os-falecimentos-registrados-em-cascavel-em-27-07-2026\/#primaryimage","url":"https:\/\/ubirataonline.com.br\/wp-content\/uploads\/2026\/07\/Obituario-Confira-os-falecimentos-registrados-em-Cascavel-em-27072026.jpeg","contentUrl":"https:\/\/ubirataonline.com.br\/wp-content\/uploads\/2026\/07\/Obituario-Confira-os-falecimentos-registrados-em-Cascavel-em-27072026.jpeg","width":1920,"height":1280,"caption":"Obitu\u00e1rio: Confira os falecimentos registrados em Cascavel em 27\/07\/2026"},{"@type":"BreadcrumbList","@id":"https:\/\/ubirataonline.com.br\/obituario-confira-os-falecimentos-registrados-em-cascavel-em-27-07-2026\/#breadcrumb","itemListElement":[{"@type":"ListItem","position":1,"name":"In\u00edcio","item":"https:\/\/ubirataonline.com.br\/"},{"@type":"ListItem","position":2,"name":"Obitu\u00e1rio: Confira os falecimentos registrados em Cascavel em 27\/07\/2026"}]},{"@type":"WebSite","@id":"https:\/\/ubirataonline.com.br\/#website","url":"https:\/\/ubirataonline.com.br\/","name":"Ubirat\u00e3 Online Not\u00edcias","description":"Not\u00edcias de Ubirat\u00e3, regi\u00e3o, Brasil e mundo, com informa\u00e7\u00e3o atualizada e compromisso com o leitor.","publisher":{"@id":"https:\/\/ubirataonline.com.br\/#organization"},"alternateName":"Ubirat\u00e3 Online","potentialAction":[{"@type":"SearchAction","target":{"@type":"EntryPoint","urlTemplate":"https:\/\/ubirataonline.com.br\/?s={search_term_string}"},"query-input":{"@type":"PropertyValueSpecification","valueRequired":true,"valueName":"search_term_string"}}],"inLanguage":"en-US"},{"@type":["Organization","Place"],"@id":"https:\/\/ubirataonline.com.br\/#organization","name":"Ubirat\u00e3 Online Not\u00edcias","alternateName":"Ubirat\u00e3 Online","url":"https:\/\/ubirataonline.com.br\/","logo":{"@id":"https:\/\/ubirataonline.com.br\/obituario-confira-os-falecimentos-registrados-em-cascavel-em-27-07-2026\/#local-main-organization-logo"},"image":{"@id":"https:\/\/ubirataonline.com.br\/obituario-confira-os-falecimentos-registrados-em-cascavel-em-27-07-2026\/#local-main-organization-logo"},"sameAs":["https:\/\/www.facebook.com\/portalubirataonline","https:\/\/x.com\/ubirataonline","https:\/\/mastodon.social\/@ubirataonline","https:\/\/www.facebook.com\/groups\/311144672285604","https:\/\/www.facebook.com\/UBTAOnline","https:\/\/www.instagram.com\/portalubirataonline\/","https:\/\/twitter.com\/ubirataonline"],"description":"Somos um portal de not\u00edcias independente, criado em 5 de janeiro de 2009, com o objetivo de informar, conectar e valorizar a nossa comunidade de Ubirat\u00e3 e toda aregi\u00e3o. Com conte\u00fado atualizado, confi\u00e1vel e relevante, o Ubirat\u00e3 Online \u00e9 o seu espa\u00e7o para ficar por dentro dos principais acontecimentos locais, regionais, Brasil, Mundo e de interesse geral. Nosso compromisso \u00e9 com a verdade, a transpar\u00eancia e o respeito ao leitor.","legalName":"UBIRATA ONLINE NOT\u00cdCIAS","foundingDate":"2009-01-05","numberOfEmployees":{"@type":"QuantitativeValue","minValue":"1","maxValue":"10"},"publishingPrinciples":"https:\/\/ubirataonline.com.br\/faq\/","address":{"@id":"https:\/\/ubirataonline.com.br\/obituario-confira-os-falecimentos-registrados-em-cascavel-em-27-07-2026\/#local-main-place-address"},"geo":{"@type":"GeoCoordinates","latitude":"-24.5361401","longitude":"-52.9921776"},"telephone":["+5544998308235"],"contactPoint":{"@type":"ContactPoint","email":"contato@ubirataonline.com.br"},"openingHoursSpecification":{"@type":"OpeningHoursSpecification","dayOfWeek":["Monday","Tuesday","Wednesday","Thursday","Friday","Saturday","Sunday"],"opens":"00:00","closes":"23:59"},"email":"contato@ubirataonline.com.br","vatID":"47.621.418\/0001-80"},{"@type":"Person","@id":"https:\/\/ubirataonline.com.br\/#\/schema\/person\/372f87bbd3fdd79b8556b84c98d0bc1c","name":"REDA\u00c7\u00c3O: UBIRAT\u00c3 ONLINE - F\u00c1BIO AUGUSTO CELESTINO","pronouns":"Ele","description":"Desde 2003 trabalhando com not\u00edcias.","sameAs":["http:\/\/ubirataoline.com.br","https:\/\/www.facebook.com\/portalubirataonline","https:\/\/www.instagram.com\/ubirataonline_oficial","https:\/\/x.com\/x.com\/ubirataonline"],"honorificPrefix":"Mr.","honorificSuffix":"MD","birthDate":"1980-06-16","gender":"masculino","award":["V\u00e1rios pr\u00eamios de melhor portal da cidade"],"jobTitle":"Diretor","url":"https:\/\/ubirataonline.com.br\/en\/author\/ubirataonline\/"},{"@type":"PostalAddress","@id":"https:\/\/ubirataonline.com.br\/obituario-confira-os-falecimentos-registrados-em-cascavel-em-27-07-2026\/#local-main-place-address","streetAddress":"Rua dos Coqueiros, 104 - Bairro Boa Vista, Rua dos Coqueiros, 104 Bairro Boa Vista","addressLocality":"UBIRATA","postalCode":"85440-000","addressRegion":"PR","addressCountry":"BR"},{"@type":"ImageObject","inLanguage":"en-US","@id":"https:\/\/ubirataonline.com.br\/obituario-confira-os-falecimentos-registrados-em-cascavel-em-27-07-2026\/#local-main-organization-logo","url":"https:\/\/ubirataonline.com.br\/wp-content\/uploads\/2026\/06\/logoubirataonline-1.webp","contentUrl":"https:\/\/ubirataonline.com.br\/wp-content\/uploads\/2026\/06\/logoubirataonline-1.webp","width":500,"height":500,"caption":"Ubirat\u00e3 Online Not\u00edcias"}]},"geo.placename":"UBIRATA","geo.position":{"lat":"-24.5361401","long":"-52.9921776"},"geo.region":"Brazil"},"_links":{"self":[{"href":"https:\/\/ubirataonline.com.br\/en\/wp-json\/wp\/v2\/posts\/158847","targetHints":{"allow":["GET"]}}],"collection":[{"href":"https:\/\/ubirataonline.com.br\/en\/wp-json\/wp\/v2\/posts"}],"about":[{"href":"https:\/\/ubirataonline.com.br\/en\/wp-json\/wp\/v2\/types\/post"}],"author":[{"embeddable":true,"href":"https:\/\/ubirataonline.com.br\/en\/wp-json\/wp\/v2\/users\/1"}],"replies":[{"embeddable":true,"href":"https:\/\/ubirataonline.com.br\/en\/wp-json\/wp\/v2\/comments?post=158847"}],"version-history":[{"count":0,"href":"https:\/\/ubirataonline.com.br\/en\/wp-json\/wp\/v2\/posts\/158847\/revisions"}],"wp:featuredmedia":[{"embeddable":true,"href":"https:\/\/ubirataonline.com.br\/en\/wp-json\/wp\/v2\/media\/158848"}],"wp:attachment":[{"href":"https:\/\/ubirataonline.com.br\/en\/wp-json\/wp\/v2\/media?parent=158847"}],"wp:term":[{"taxonomy":"category","embeddable":true,"href":"https:\/\/ubirataonline.com.br\/en\/wp-json\/wp\/v2\/categories?post=158847"},{"taxonomy":"post_tag","embeddable":true,"href":"https:\/\/ubirataonline.com.br\/en\/wp-json\/wp\/v2\/tags?post=158847"}],"curies":[{"name":"wp","href":"https:\/\/api.w.org\/{rel}","templated":true}]}}