{"id":159048,"date":"2026-07-28T09:05:25","date_gmt":"2026-07-28T12:05:25","guid":{"rendered":"https:\/\/ubirataonline.com.br\/buscas-por-menino-autista-desaparecido-em-araucaria-mobilizam-forcas-de-seguranca-e-voluntarios-no-parana\/"},"modified":"2026-07-28T09:05:25","modified_gmt":"2026-07-28T12:05:25","slug":"buscas-por-menino-autista-desaparecido-em-araucaria-mobilizam-forcas-de-seguranca-e-voluntarios-no-parana","status":"publish","type":"post","link":"https:\/\/ubirataonline.com.br\/en\/buscas-por-menino-autista-desaparecido-em-araucaria-mobilizam-forcas-de-seguranca-e-voluntarios-no-parana\/","title":{"rendered":"Buscas por menino autista desaparecido em Arauc\u00e1ria mobilizam for\u00e7as de seguran\u00e7a e volunt\u00e1rios no Paran\u00e1"},"content":{"rendered":"<h2>Opera\u00e7\u00e3o de resgate em Arauc\u00e1ria concentra esfor\u00e7os em um raio de 15 quil\u00f4metros para localizar a crian\u00e7a autista que desapareceu na \u00e1rea externa de casa<\/h2>\n<p>O desaparecimento de Jo\u00e3o Gabriel Ferreira dos Santos, um menino autista de cinco anos, gerou uma grande mobiliza\u00e7\u00e3o em Arauc\u00e1ria, na Regi\u00e3o Metropolitana de Curitiba. A crian\u00e7a, que n\u00e3o verbaliza, sumiu h\u00e1 dois dias enquanto estava na resid\u00eancia da fam\u00edlia.<\/p>\n<p>As autoridades locais mant\u00eam o otimismo sobre o desfecho do caso, trabalhando incansavelmente para localizar o garoto. O empenho das equipes de resgate reflete a gravidade da situa\u00e7\u00e3o e a urgente necessidade de encontrar o menino em seguran\u00e7a.<\/p>\n<p>Conforme informa\u00e7\u00f5es divulgadas pela Secretaria de Seguran\u00e7a P\u00fablica do Paran\u00e1, as autoridades seguem dedicadas a procurar por cada detalhe no terreno da regi\u00e3o, conforme noticiado pelas fontes oficiais.<\/p>\n<h3>Estrat\u00e9gias de busca e desafios no terreno<\/h3>\n<p>O coronel Hudson Le\u00f4ncio Teixeira, secret\u00e1rio da Sesp, afirmou que a esperan\u00e7a de encontrar a crian\u00e7a com vida permanece intacta. As buscas est\u00e3o concentradas em um raio de 15 quil\u00f4metros ao redor da resid\u00eancia onde a fam\u00edlia mora.<\/p>\n<p>A opera\u00e7\u00e3o conta com o apoio de policiais, bombeiros e volunt\u00e1rios civis. O objetivo \u00e9 realizar uma varredura minuciosa, buscando, como descreveu o secret\u00e1rio, em cada canto poss\u00edvel da \u00e1rea delimitada para garantir que nada passe despercebido.<\/p>\n<h3>O impacto do autismo nas opera\u00e7\u00f5es de resgate<\/h3>\n<p>Um dos maiores desafios enfrentados pelas equipes \u00e9 a condi\u00e7\u00e3o de autismo n\u00e3o verbal da crian\u00e7a. Segundo o tenente Marcola, o barulho excessivo de drones e helic\u00f3pteros pode acabar assustando o menino, o que exige cautela extrema.<\/p>\n<p>Por esse motivo, as buscas feitas por terra com o aux\u00edlio de <b>c\u00e3es farejadores<\/b> tornaram-se os recursos mais eficazes. A \u00e1rea apresenta locais de risco, como matas densas, tanques de \u00e1gua e fossas, exigindo aten\u00e7\u00e3o dobrada dos socorristas.<\/p>\n<h3>Tecnologia a servi\u00e7o da localiza\u00e7\u00e3o<\/h3>\n<p>Al\u00e9m da estrutura f\u00edsica, a Pol\u00edcia Civil do Paran\u00e1 utiliza o sistema <b>Amber Alert<\/b>, uma ferramenta que notifica usu\u00e1rios de redes sociais em um raio de 160 quil\u00f4metros. O sistema foi implementado no estado em maio de 2024.<\/p>\n<p>O alerta \u00e9 disparado em situa\u00e7\u00f5es de risco iminente \u00e0 vida. A mensagem fica ativa por pelo menos 24 horas nas plataformas da Meta, buscando ampliar o alcance da procura e incentivar que a popula\u00e7\u00e3o colabore com informa\u00e7\u00f5es cruciais.<\/p>\n<h3>Como colaborar com as autoridades<\/h3>\n<p>Quem tiver qualquer informa\u00e7\u00e3o que possa levar ao paradeiro de Jo\u00e3o Gabriel deve entrar em contato imediato com os canais oficiais. A colabora\u00e7\u00e3o da popula\u00e7\u00e3o \u00e9 fundamental para o sucesso das buscas neste momento cr\u00edtico.<\/p>\n<p>As den\u00fancias podem ser feitas atrav\u00e9s do telefone <b>190<\/b>, da Pol\u00edcia Militar, ou pelo n\u00famero <b>(41) 3270-1950<\/b>, que pertence ao T\u00e1tico Integrado de Grupos de Repress\u00e3o Especial, o TIGRE.<\/p>\n<h3>Perguntas Frequentes<\/h3>\n<p><b>Onde as buscas pelo menino est\u00e3o concentradas?<\/b> As buscas ocorrem em um raio de 15 quil\u00f4metros em torno da resid\u00eancia da fam\u00edlia, localizada em Arauc\u00e1ria.<\/p>\n<p><b>Quais recursos est\u00e3o sendo usados no resgate?<\/b> Est\u00e3o sendo utilizados helic\u00f3pteros, drones com c\u00e2mera t\u00e9rmica, scanners aqu\u00e1ticos, viaturas e c\u00e3es farejadores.<\/p>\n<p><b>Como a condi\u00e7\u00e3o da crian\u00e7a influencia as buscas?<\/b> Por ser autista e n\u00e3o verbal, o menino pode se assustar com o barulho de aeronaves, tornando as buscas em solo com c\u00e3es mais seguras.<\/p>\n<p><b>O que \u00e9 o Amber Alert?<\/b> \u00c9 uma ferramenta que envia alertas de desaparecimento para usu\u00e1rios de redes sociais em um raio de 160 quil\u00f4metros do local do sumi\u00e7o.<\/p>\n<p><b>Para onde ligar caso tenha informa\u00e7\u00f5es?<\/b> As informa\u00e7\u00f5es devem ser enviadas para o 190 da Pol\u00edcia Militar ou para o TIGRE pelo telefone (41) 3270-1950.<\/p>","protected":false},"excerpt":{"rendered":"<p>Opera\u00e7\u00e3o de resgate em Arauc\u00e1ria concentra esfor\u00e7os em um raio de 15 quil\u00f4metros para localizar a crian\u00e7a autista que desapareceu na \u00e1rea externa de casa O desaparecimento de Jo\u00e3o Gabriel Ferreira dos Santos, um menino autista de cinco anos, gerou uma grande mobiliza\u00e7\u00e3o em Arauc\u00e1ria, na Regi\u00e3o Metropolitana de Curitiba. A crian\u00e7a, que n\u00e3o verbaliza, [&hellip;]<\/p>\n","protected":false},"author":1,"featured_media":159049,"comment_status":"","ping_status":"","sticky":false,"template":"","format":"standard","meta":{"googlesitekit_rrm_CAow2JLhCw:productID":"","_gspb_post_css":"","maa_idioma":"","maa_pais":"","footnotes":""},"categories":[15],"tags":[],"class_list":["post-159048","post","type-post","status-publish","format-standard","has-post-thumbnail","hentry","category-variedades"],"blocksy_meta":[],"yoast_head":"<!-- This site is optimized with the Yoast SEO Premium plugin v27.6 (Yoast SEO v27.6) - https:\/\/yoast.com\/product\/yoast-seo-premium-wordpress\/ -->\n<title>Buscas por menino autista desaparecido em Arauc\u00e1ria mobilizam for\u00e7as de seguran\u00e7a e volunt\u00e1rios no Paran\u00e1 - Ubirat\u00e3 Online Not\u00edcias - A realidade ao seu alcance!<\/title>\n<meta name=\"description\" content=\"Opera\u00e7\u00e3o de resgate em Arauc\u00e1ria concentra esfor\u00e7os em um raio de 15 quil\u00f4metros para localizar a crian\u00e7a autista que desapareceu na \u00e1rea externa de casaO\" \/>\n<meta name=\"robots\" content=\"index, follow, max-snippet:-1, max-image-preview:large, max-video-preview:-1\" \/>\n<link rel=\"canonical\" href=\"https:\/\/ubirataonline.com.br\/en\/buscas-por-menino-autista-desaparecido-em-araucaria-mobilizam-forcas-de-seguranca-e-voluntarios-no-parana\/\" \/>\n<meta property=\"og:locale\" content=\"en_US\" \/>\n<meta property=\"og:type\" content=\"article\" \/>\n<meta property=\"og:title\" content=\"Buscas por menino autista desaparecido em Arauc\u00e1ria mobilizam for\u00e7as de seguran\u00e7a e volunt\u00e1rios no Paran\u00e1\" \/>\n<meta property=\"og:description\" content=\"Opera\u00e7\u00e3o de resgate em Arauc\u00e1ria concentra esfor\u00e7os em um raio de 15 quil\u00f4metros para localizar a crian\u00e7a autista que desapareceu na \u00e1rea externa de casaO\" \/>\n<meta property=\"og:url\" content=\"https:\/\/ubirataonline.com.br\/en\/buscas-por-menino-autista-desaparecido-em-araucaria-mobilizam-forcas-de-seguranca-e-voluntarios-no-parana\/\" \/>\n<meta property=\"og:site_name\" content=\"Ubirat\u00e3 Online Not\u00edcias - A realidade ao seu alcance!\" \/>\n<meta property=\"article:publisher\" content=\"https:\/\/www.facebook.com\/portalubirataonline\" \/>\n<meta property=\"article:author\" content=\"https:\/\/www.facebook.com\/portalubirataonline\" \/>\n<meta property=\"article:published_time\" content=\"2026-07-28T12:05:25+00:00\" \/>\n<meta property=\"og:image\" content=\"https:\/\/ubirataonline.com.br\/wp-content\/uploads\/2026\/05\/logo2026.webp\" \/>\n\t<meta property=\"og:image:width\" content=\"1531\" \/>\n\t<meta property=\"og:image:height\" content=\"418\" \/>\n\t<meta property=\"og:image:type\" content=\"image\/webp\" \/>\n<meta name=\"author\" content=\"REDA\u00c7\u00c3O: UBIRAT\u00c3 ONLINE - F\u00c1BIO AUGUSTO CELESTINO\" \/>\n<meta name=\"twitter:card\" content=\"summary_large_image\" \/>\n<meta name=\"twitter:creator\" content=\"@x.com\/ubirataonline\" \/>\n<meta name=\"twitter:site\" content=\"@ubirataonline\" \/>\n<meta name=\"twitter:label1\" content=\"Written by\" \/>\n\t<meta name=\"twitter:data1\" content=\"REDA\u00c7\u00c3O: UBIRAT\u00c3 ONLINE - F\u00c1BIO AUGUSTO CELESTINO\" \/>\n\t<meta name=\"twitter:label2\" content=\"Est. reading time\" \/>\n\t<meta name=\"twitter:data2\" content=\"3 minutes\" \/>\n<script type=\"application\/ld+json\" class=\"yoast-schema-graph\">{\"@context\":\"https:\\\/\\\/schema.org\",\"@graph\":[{\"@type\":\"NewsArticle\",\"@id\":\"https:\\\/\\\/ubirataonline.com.br\\\/buscas-por-menino-autista-desaparecido-em-araucaria-mobilizam-forcas-de-seguranca-e-voluntarios-no-parana\\\/#article\",\"isPartOf\":{\"@id\":\"https:\\\/\\\/ubirataonline.com.br\\\/buscas-por-menino-autista-desaparecido-em-araucaria-mobilizam-forcas-de-seguranca-e-voluntarios-no-parana\\\/\"},\"author\":{\"name\":\"REDA\u00c7\u00c3O: UBIRAT\u00c3 ONLINE - F\u00c1BIO AUGUSTO CELESTINO\",\"@id\":\"https:\\\/\\\/ubirataonline.com.br\\\/#\\\/schema\\\/person\\\/372f87bbd3fdd79b8556b84c98d0bc1c\"},\"headline\":\"Buscas por menino autista desaparecido em Arauc\u00e1ria mobilizam for\u00e7as de seguran\u00e7a e volunt\u00e1rios no Paran\u00e1\",\"datePublished\":\"2026-07-28T12:05:25+00:00\",\"mainEntityOfPage\":{\"@id\":\"https:\\\/\\\/ubirataonline.com.br\\\/buscas-por-menino-autista-desaparecido-em-araucaria-mobilizam-forcas-de-seguranca-e-voluntarios-no-parana\\\/\"},\"wordCount\":667,\"publisher\":{\"@id\":\"https:\\\/\\\/ubirataonline.com.br\\\/#organization\"},\"image\":{\"@id\":\"https:\\\/\\\/ubirataonline.com.br\\\/buscas-por-menino-autista-desaparecido-em-araucaria-mobilizam-forcas-de-seguranca-e-voluntarios-no-parana\\\/#primaryimage\"},\"thumbnailUrl\":\"https:\\\/\\\/ubirataonline.com.br\\\/wp-content\\\/uploads\\\/2026\\\/07\\\/news-159048-1785240326.webp\",\"articleSection\":[\"Variedades\"],\"inLanguage\":\"en-US\",\"copyrightYear\":\"2026\",\"copyrightHolder\":{\"@id\":\"https:\\\/\\\/ubirataonline.com.br\\\/en\\\/#organization\"}},{\"@type\":\"WebPage\",\"@id\":\"https:\\\/\\\/ubirataonline.com.br\\\/buscas-por-menino-autista-desaparecido-em-araucaria-mobilizam-forcas-de-seguranca-e-voluntarios-no-parana\\\/\",\"url\":\"https:\\\/\\\/ubirataonline.com.br\\\/buscas-por-menino-autista-desaparecido-em-araucaria-mobilizam-forcas-de-seguranca-e-voluntarios-no-parana\\\/\",\"name\":\"Buscas por menino autista desaparecido em Arauc\u00e1ria mobilizam for\u00e7as de seguran\u00e7a e volunt\u00e1rios no Paran\u00e1 - Ubirat\u00e3 Online Not\u00edcias - A realidade ao seu alcance!\",\"isPartOf\":{\"@id\":\"https:\\\/\\\/ubirataonline.com.br\\\/#website\"},\"primaryImageOfPage\":{\"@id\":\"https:\\\/\\\/ubirataonline.com.br\\\/buscas-por-menino-autista-desaparecido-em-araucaria-mobilizam-forcas-de-seguranca-e-voluntarios-no-parana\\\/#primaryimage\"},\"image\":{\"@id\":\"https:\\\/\\\/ubirataonline.com.br\\\/buscas-por-menino-autista-desaparecido-em-araucaria-mobilizam-forcas-de-seguranca-e-voluntarios-no-parana\\\/#primaryimage\"},\"thumbnailUrl\":\"https:\\\/\\\/ubirataonline.com.br\\\/wp-content\\\/uploads\\\/2026\\\/07\\\/news-159048-1785240326.webp\",\"datePublished\":\"2026-07-28T12:05:25+00:00\",\"description\":\"Opera\u00e7\u00e3o de resgate em Arauc\u00e1ria concentra esfor\u00e7os em um raio de 15 quil\u00f4metros para localizar a crian\u00e7a autista que desapareceu na \u00e1rea externa de casaO\",\"breadcrumb\":{\"@id\":\"https:\\\/\\\/ubirataonline.com.br\\\/buscas-por-menino-autista-desaparecido-em-araucaria-mobilizam-forcas-de-seguranca-e-voluntarios-no-parana\\\/#breadcrumb\"},\"inLanguage\":\"en-US\",\"potentialAction\":[{\"@type\":\"ReadAction\",\"target\":[\"https:\\\/\\\/ubirataonline.com.br\\\/buscas-por-menino-autista-desaparecido-em-araucaria-mobilizam-forcas-de-seguranca-e-voluntarios-no-parana\\\/\"]}]},{\"@type\":\"ImageObject\",\"inLanguage\":\"en-US\",\"@id\":\"https:\\\/\\\/ubirataonline.com.br\\\/buscas-por-menino-autista-desaparecido-em-araucaria-mobilizam-forcas-de-seguranca-e-voluntarios-no-parana\\\/#primaryimage\",\"url\":\"https:\\\/\\\/ubirataonline.com.br\\\/wp-content\\\/uploads\\\/2026\\\/07\\\/news-159048-1785240326.webp\",\"contentUrl\":\"https:\\\/\\\/ubirataonline.com.br\\\/wp-content\\\/uploads\\\/2026\\\/07\\\/news-159048-1785240326.webp\",\"width\":427,\"height\":240},{\"@type\":\"BreadcrumbList\",\"@id\":\"https:\\\/\\\/ubirataonline.com.br\\\/buscas-por-menino-autista-desaparecido-em-araucaria-mobilizam-forcas-de-seguranca-e-voluntarios-no-parana\\\/#breadcrumb\",\"itemListElement\":[{\"@type\":\"ListItem\",\"position\":1,\"name\":\"In\u00edcio\",\"item\":\"https:\\\/\\\/ubirataonline.com.br\\\/\"},{\"@type\":\"ListItem\",\"position\":2,\"name\":\"Buscas por menino autista desaparecido em Arauc\u00e1ria mobilizam for\u00e7as de seguran\u00e7a e volunt\u00e1rios no Paran\u00e1\"}]},{\"@type\":\"WebSite\",\"@id\":\"https:\\\/\\\/ubirataonline.com.br\\\/#website\",\"url\":\"https:\\\/\\\/ubirataonline.com.br\\\/\",\"name\":\"Ubirat\u00e3 Online Not\u00edcias\",\"description\":\"Not\u00edcias de Ubirat\u00e3, regi\u00e3o, Brasil e mundo, com informa\u00e7\u00e3o atualizada e compromisso com o leitor.\",\"publisher\":{\"@id\":\"https:\\\/\\\/ubirataonline.com.br\\\/#organization\"},\"alternateName\":\"Ubirat\u00e3 Online\",\"potentialAction\":[{\"@type\":\"SearchAction\",\"target\":{\"@type\":\"EntryPoint\",\"urlTemplate\":\"https:\\\/\\\/ubirataonline.com.br\\\/?s={search_term_string}\"},\"query-input\":{\"@type\":\"PropertyValueSpecification\",\"valueRequired\":true,\"valueName\":\"search_term_string\"}}],\"inLanguage\":\"en-US\"},{\"@type\":[\"Organization\",\"Place\"],\"@id\":\"https:\\\/\\\/ubirataonline.com.br\\\/#organization\",\"name\":\"Ubirat\u00e3 Online Not\u00edcias\",\"alternateName\":\"Ubirat\u00e3 Online\",\"url\":\"https:\\\/\\\/ubirataonline.com.br\\\/\",\"logo\":{\"@id\":\"https:\\\/\\\/ubirataonline.com.br\\\/buscas-por-menino-autista-desaparecido-em-araucaria-mobilizam-forcas-de-seguranca-e-voluntarios-no-parana\\\/#local-main-organization-logo\"},\"image\":{\"@id\":\"https:\\\/\\\/ubirataonline.com.br\\\/buscas-por-menino-autista-desaparecido-em-araucaria-mobilizam-forcas-de-seguranca-e-voluntarios-no-parana\\\/#local-main-organization-logo\"},\"sameAs\":[\"https:\\\/\\\/www.facebook.com\\\/portalubirataonline\",\"https:\\\/\\\/x.com\\\/ubirataonline\",\"https:\\\/\\\/mastodon.social\\\/@ubirataonline\",\"https:\\\/\\\/www.facebook.com\\\/groups\\\/311144672285604\",\"https:\\\/\\\/www.facebook.com\\\/UBTAOnline\",\"https:\\\/\\\/www.instagram.com\\\/portalubirataonline\\\/\",\"https:\\\/\\\/twitter.com\\\/ubirataonline\"],\"description\":\"Somos um portal de not\u00edcias independente, criado em 5 de janeiro de 2009, com o objetivo de informar, conectar e valorizar a nossa comunidade de Ubirat\u00e3 e toda aregi\u00e3o. Com conte\u00fado atualizado, confi\u00e1vel e relevante, o Ubirat\u00e3 Online \u00e9 o seu espa\u00e7o para ficar por dentro dos principais acontecimentos locais, regionais, Brasil, Mundo e de interesse geral. Nosso compromisso \u00e9 com a verdade, a transpar\u00eancia e o respeito ao leitor.\",\"legalName\":\"UBIRATA ONLINE NOT\u00cdCIAS\",\"foundingDate\":\"2009-01-05\",\"numberOfEmployees\":{\"@type\":\"QuantitativeValue\",\"minValue\":\"1\",\"maxValue\":\"10\"},\"publishingPrinciples\":\"https:\\\/\\\/ubirataonline.com.br\\\/faq\\\/\",\"address\":{\"@id\":\"https:\\\/\\\/ubirataonline.com.br\\\/buscas-por-menino-autista-desaparecido-em-araucaria-mobilizam-forcas-de-seguranca-e-voluntarios-no-parana\\\/#local-main-place-address\"},\"geo\":{\"@type\":\"GeoCoordinates\",\"latitude\":\"-24.5361401\",\"longitude\":\"-52.9921776\"},\"telephone\":[\"+5544998308235\"],\"contactPoint\":{\"@type\":\"ContactPoint\",\"email\":\"contato@ubirataonline.com.br\"},\"openingHoursSpecification\":{\"@type\":\"OpeningHoursSpecification\",\"dayOfWeek\":[\"Monday\",\"Tuesday\",\"Wednesday\",\"Thursday\",\"Friday\",\"Saturday\",\"Sunday\"],\"opens\":\"00:00\",\"closes\":\"23:59\"},\"email\":\"contato@ubirataonline.com.br\",\"vatID\":\"47.621.418\\\/0001-80\"},{\"@type\":\"Person\",\"@id\":\"https:\\\/\\\/ubirataonline.com.br\\\/#\\\/schema\\\/person\\\/372f87bbd3fdd79b8556b84c98d0bc1c\",\"name\":\"REDA\u00c7\u00c3O: UBIRAT\u00c3 ONLINE - F\u00c1BIO AUGUSTO CELESTINO\",\"pronouns\":\"Ele\",\"description\":\"Desde 2003 trabalhando com not\u00edcias.\",\"sameAs\":[\"http:\\\/\\\/ubirataoline.com.br\",\"https:\\\/\\\/www.facebook.com\\\/portalubirataonline\",\"https:\\\/\\\/www.instagram.com\\\/ubirataonline_oficial\",\"https:\\\/\\\/x.com\\\/x.com\\\/ubirataonline\"],\"honorificPrefix\":\"Mr.\",\"honorificSuffix\":\"MD\",\"birthDate\":\"1980-06-16\",\"gender\":\"masculino\",\"award\":[\"V\u00e1rios pr\u00eamios de melhor portal da cidade\"],\"jobTitle\":\"Diretor\",\"url\":\"https:\\\/\\\/ubirataonline.com.br\\\/en\\\/author\\\/ubirataonline\\\/\"},{\"@type\":\"PostalAddress\",\"@id\":\"https:\\\/\\\/ubirataonline.com.br\\\/buscas-por-menino-autista-desaparecido-em-araucaria-mobilizam-forcas-de-seguranca-e-voluntarios-no-parana\\\/#local-main-place-address\",\"streetAddress\":\"Rua dos Coqueiros, 104 - Bairro Boa Vista, Rua dos Coqueiros, 104 Bairro Boa Vista\",\"addressLocality\":\"UBIRATA\",\"postalCode\":\"85440-000\",\"addressRegion\":\"PR\",\"addressCountry\":\"BR\"},{\"@type\":\"ImageObject\",\"inLanguage\":\"en-US\",\"@id\":\"https:\\\/\\\/ubirataonline.com.br\\\/buscas-por-menino-autista-desaparecido-em-araucaria-mobilizam-forcas-de-seguranca-e-voluntarios-no-parana\\\/#local-main-organization-logo\",\"url\":\"https:\\\/\\\/ubirataonline.com.br\\\/wp-content\\\/uploads\\\/2026\\\/06\\\/logoubirataonline-1.webp\",\"contentUrl\":\"https:\\\/\\\/ubirataonline.com.br\\\/wp-content\\\/uploads\\\/2026\\\/06\\\/logoubirataonline-1.webp\",\"width\":500,\"height\":500,\"caption\":\"Ubirat\u00e3 Online Not\u00edcias\"}]}<\/script>\n<meta name=\"geo.placename\" content=\"UBIRATA\" \/>\n<meta name=\"geo.position\" content=\"-24.5361401;-52.9921776\" \/>\n<meta name=\"geo.region\" content=\"Brazil\" \/>\n<!-- \/ Yoast SEO Premium plugin. -->","yoast_head_json":{"title":"Buscas por menino autista desaparecido em Arauc\u00e1ria mobilizam for\u00e7as de seguran\u00e7a e volunt\u00e1rios no Paran\u00e1 - Ubirat\u00e3 Online Not\u00edcias - A realidade ao seu alcance!","description":"Opera\u00e7\u00e3o de resgate em Arauc\u00e1ria concentra esfor\u00e7os em um raio de 15 quil\u00f4metros para localizar a crian\u00e7a autista que desapareceu na \u00e1rea externa de casaO","robots":{"index":"index","follow":"follow","max-snippet":"max-snippet:-1","max-image-preview":"max-image-preview:large","max-video-preview":"max-video-preview:-1"},"canonical":"https:\/\/ubirataonline.com.br\/en\/buscas-por-menino-autista-desaparecido-em-araucaria-mobilizam-forcas-de-seguranca-e-voluntarios-no-parana\/","og_locale":"en_US","og_type":"article","og_title":"Buscas por menino autista desaparecido em Arauc\u00e1ria mobilizam for\u00e7as de seguran\u00e7a e volunt\u00e1rios no Paran\u00e1","og_description":"Opera\u00e7\u00e3o de resgate em Arauc\u00e1ria concentra esfor\u00e7os em um raio de 15 quil\u00f4metros para localizar a crian\u00e7a autista que desapareceu na \u00e1rea externa de casaO","og_url":"https:\/\/ubirataonline.com.br\/en\/buscas-por-menino-autista-desaparecido-em-araucaria-mobilizam-forcas-de-seguranca-e-voluntarios-no-parana\/","og_site_name":"Ubirat\u00e3 Online Not\u00edcias - A realidade ao seu alcance!","article_publisher":"https:\/\/www.facebook.com\/portalubirataonline","article_author":"https:\/\/www.facebook.com\/portalubirataonline","article_published_time":"2026-07-28T12:05:25+00:00","og_image":[{"width":1531,"height":418,"url":"https:\/\/ubirataonline.com.br\/wp-content\/uploads\/2026\/05\/logo2026.webp","type":"image\/webp"}],"author":"REDA\u00c7\u00c3O: UBIRAT\u00c3 ONLINE - F\u00c1BIO AUGUSTO CELESTINO","twitter_card":"summary_large_image","twitter_creator":"@x.com\/ubirataonline","twitter_site":"@ubirataonline","twitter_misc":{"Written by":"REDA\u00c7\u00c3O: UBIRAT\u00c3 ONLINE - F\u00c1BIO AUGUSTO CELESTINO","Est. reading time":"3 minutes"},"schema":{"@context":"https:\/\/schema.org","@graph":[{"@type":"NewsArticle","@id":"https:\/\/ubirataonline.com.br\/buscas-por-menino-autista-desaparecido-em-araucaria-mobilizam-forcas-de-seguranca-e-voluntarios-no-parana\/#article","isPartOf":{"@id":"https:\/\/ubirataonline.com.br\/buscas-por-menino-autista-desaparecido-em-araucaria-mobilizam-forcas-de-seguranca-e-voluntarios-no-parana\/"},"author":{"name":"REDA\u00c7\u00c3O: UBIRAT\u00c3 ONLINE - F\u00c1BIO AUGUSTO CELESTINO","@id":"https:\/\/ubirataonline.com.br\/#\/schema\/person\/372f87bbd3fdd79b8556b84c98d0bc1c"},"headline":"Buscas por menino autista desaparecido em Arauc\u00e1ria mobilizam for\u00e7as de seguran\u00e7a e volunt\u00e1rios no Paran\u00e1","datePublished":"2026-07-28T12:05:25+00:00","mainEntityOfPage":{"@id":"https:\/\/ubirataonline.com.br\/buscas-por-menino-autista-desaparecido-em-araucaria-mobilizam-forcas-de-seguranca-e-voluntarios-no-parana\/"},"wordCount":667,"publisher":{"@id":"https:\/\/ubirataonline.com.br\/#organization"},"image":{"@id":"https:\/\/ubirataonline.com.br\/buscas-por-menino-autista-desaparecido-em-araucaria-mobilizam-forcas-de-seguranca-e-voluntarios-no-parana\/#primaryimage"},"thumbnailUrl":"https:\/\/ubirataonline.com.br\/wp-content\/uploads\/2026\/07\/news-159048-1785240326.webp","articleSection":["Variedades"],"inLanguage":"en-US","copyrightYear":"2026","copyrightHolder":{"@id":"https:\/\/ubirataonline.com.br\/en\/#organization"}},{"@type":"WebPage","@id":"https:\/\/ubirataonline.com.br\/buscas-por-menino-autista-desaparecido-em-araucaria-mobilizam-forcas-de-seguranca-e-voluntarios-no-parana\/","url":"https:\/\/ubirataonline.com.br\/buscas-por-menino-autista-desaparecido-em-araucaria-mobilizam-forcas-de-seguranca-e-voluntarios-no-parana\/","name":"Buscas por menino autista desaparecido em Arauc\u00e1ria mobilizam for\u00e7as de seguran\u00e7a e volunt\u00e1rios no Paran\u00e1 - Ubirat\u00e3 Online Not\u00edcias - A realidade ao seu alcance!","isPartOf":{"@id":"https:\/\/ubirataonline.com.br\/#website"},"primaryImageOfPage":{"@id":"https:\/\/ubirataonline.com.br\/buscas-por-menino-autista-desaparecido-em-araucaria-mobilizam-forcas-de-seguranca-e-voluntarios-no-parana\/#primaryimage"},"image":{"@id":"https:\/\/ubirataonline.com.br\/buscas-por-menino-autista-desaparecido-em-araucaria-mobilizam-forcas-de-seguranca-e-voluntarios-no-parana\/#primaryimage"},"thumbnailUrl":"https:\/\/ubirataonline.com.br\/wp-content\/uploads\/2026\/07\/news-159048-1785240326.webp","datePublished":"2026-07-28T12:05:25+00:00","description":"Opera\u00e7\u00e3o de resgate em Arauc\u00e1ria concentra esfor\u00e7os em um raio de 15 quil\u00f4metros para localizar a crian\u00e7a autista que desapareceu na \u00e1rea externa de casaO","breadcrumb":{"@id":"https:\/\/ubirataonline.com.br\/buscas-por-menino-autista-desaparecido-em-araucaria-mobilizam-forcas-de-seguranca-e-voluntarios-no-parana\/#breadcrumb"},"inLanguage":"en-US","potentialAction":[{"@type":"ReadAction","target":["https:\/\/ubirataonline.com.br\/buscas-por-menino-autista-desaparecido-em-araucaria-mobilizam-forcas-de-seguranca-e-voluntarios-no-parana\/"]}]},{"@type":"ImageObject","inLanguage":"en-US","@id":"https:\/\/ubirataonline.com.br\/buscas-por-menino-autista-desaparecido-em-araucaria-mobilizam-forcas-de-seguranca-e-voluntarios-no-parana\/#primaryimage","url":"https:\/\/ubirataonline.com.br\/wp-content\/uploads\/2026\/07\/news-159048-1785240326.webp","contentUrl":"https:\/\/ubirataonline.com.br\/wp-content\/uploads\/2026\/07\/news-159048-1785240326.webp","width":427,"height":240},{"@type":"BreadcrumbList","@id":"https:\/\/ubirataonline.com.br\/buscas-por-menino-autista-desaparecido-em-araucaria-mobilizam-forcas-de-seguranca-e-voluntarios-no-parana\/#breadcrumb","itemListElement":[{"@type":"ListItem","position":1,"name":"In\u00edcio","item":"https:\/\/ubirataonline.com.br\/"},{"@type":"ListItem","position":2,"name":"Buscas por menino autista desaparecido em Arauc\u00e1ria mobilizam for\u00e7as de seguran\u00e7a e volunt\u00e1rios no Paran\u00e1"}]},{"@type":"WebSite","@id":"https:\/\/ubirataonline.com.br\/#website","url":"https:\/\/ubirataonline.com.br\/","name":"Ubirat\u00e3 Online Not\u00edcias","description":"Not\u00edcias de Ubirat\u00e3, regi\u00e3o, Brasil e mundo, com informa\u00e7\u00e3o atualizada e compromisso com o leitor.","publisher":{"@id":"https:\/\/ubirataonline.com.br\/#organization"},"alternateName":"Ubirat\u00e3 Online","potentialAction":[{"@type":"SearchAction","target":{"@type":"EntryPoint","urlTemplate":"https:\/\/ubirataonline.com.br\/?s={search_term_string}"},"query-input":{"@type":"PropertyValueSpecification","valueRequired":true,"valueName":"search_term_string"}}],"inLanguage":"en-US"},{"@type":["Organization","Place"],"@id":"https:\/\/ubirataonline.com.br\/#organization","name":"Ubirat\u00e3 Online Not\u00edcias","alternateName":"Ubirat\u00e3 Online","url":"https:\/\/ubirataonline.com.br\/","logo":{"@id":"https:\/\/ubirataonline.com.br\/buscas-por-menino-autista-desaparecido-em-araucaria-mobilizam-forcas-de-seguranca-e-voluntarios-no-parana\/#local-main-organization-logo"},"image":{"@id":"https:\/\/ubirataonline.com.br\/buscas-por-menino-autista-desaparecido-em-araucaria-mobilizam-forcas-de-seguranca-e-voluntarios-no-parana\/#local-main-organization-logo"},"sameAs":["https:\/\/www.facebook.com\/portalubirataonline","https:\/\/x.com\/ubirataonline","https:\/\/mastodon.social\/@ubirataonline","https:\/\/www.facebook.com\/groups\/311144672285604","https:\/\/www.facebook.com\/UBTAOnline","https:\/\/www.instagram.com\/portalubirataonline\/","https:\/\/twitter.com\/ubirataonline"],"description":"Somos um portal de not\u00edcias independente, criado em 5 de janeiro de 2009, com o objetivo de informar, conectar e valorizar a nossa comunidade de Ubirat\u00e3 e toda aregi\u00e3o. Com conte\u00fado atualizado, confi\u00e1vel e relevante, o Ubirat\u00e3 Online \u00e9 o seu espa\u00e7o para ficar por dentro dos principais acontecimentos locais, regionais, Brasil, Mundo e de interesse geral. Nosso compromisso \u00e9 com a verdade, a transpar\u00eancia e o respeito ao leitor.","legalName":"UBIRATA ONLINE NOT\u00cdCIAS","foundingDate":"2009-01-05","numberOfEmployees":{"@type":"QuantitativeValue","minValue":"1","maxValue":"10"},"publishingPrinciples":"https:\/\/ubirataonline.com.br\/faq\/","address":{"@id":"https:\/\/ubirataonline.com.br\/buscas-por-menino-autista-desaparecido-em-araucaria-mobilizam-forcas-de-seguranca-e-voluntarios-no-parana\/#local-main-place-address"},"geo":{"@type":"GeoCoordinates","latitude":"-24.5361401","longitude":"-52.9921776"},"telephone":["+5544998308235"],"contactPoint":{"@type":"ContactPoint","email":"contato@ubirataonline.com.br"},"openingHoursSpecification":{"@type":"OpeningHoursSpecification","dayOfWeek":["Monday","Tuesday","Wednesday","Thursday","Friday","Saturday","Sunday"],"opens":"00:00","closes":"23:59"},"email":"contato@ubirataonline.com.br","vatID":"47.621.418\/0001-80"},{"@type":"Person","@id":"https:\/\/ubirataonline.com.br\/#\/schema\/person\/372f87bbd3fdd79b8556b84c98d0bc1c","name":"REDA\u00c7\u00c3O: UBIRAT\u00c3 ONLINE - F\u00c1BIO AUGUSTO CELESTINO","pronouns":"Ele","description":"Desde 2003 trabalhando com not\u00edcias.","sameAs":["http:\/\/ubirataoline.com.br","https:\/\/www.facebook.com\/portalubirataonline","https:\/\/www.instagram.com\/ubirataonline_oficial","https:\/\/x.com\/x.com\/ubirataonline"],"honorificPrefix":"Mr.","honorificSuffix":"MD","birthDate":"1980-06-16","gender":"masculino","award":["V\u00e1rios pr\u00eamios de melhor portal da cidade"],"jobTitle":"Diretor","url":"https:\/\/ubirataonline.com.br\/en\/author\/ubirataonline\/"},{"@type":"PostalAddress","@id":"https:\/\/ubirataonline.com.br\/buscas-por-menino-autista-desaparecido-em-araucaria-mobilizam-forcas-de-seguranca-e-voluntarios-no-parana\/#local-main-place-address","streetAddress":"Rua dos Coqueiros, 104 - Bairro Boa Vista, Rua dos Coqueiros, 104 Bairro Boa Vista","addressLocality":"UBIRATA","postalCode":"85440-000","addressRegion":"PR","addressCountry":"BR"},{"@type":"ImageObject","inLanguage":"en-US","@id":"https:\/\/ubirataonline.com.br\/buscas-por-menino-autista-desaparecido-em-araucaria-mobilizam-forcas-de-seguranca-e-voluntarios-no-parana\/#local-main-organization-logo","url":"https:\/\/ubirataonline.com.br\/wp-content\/uploads\/2026\/06\/logoubirataonline-1.webp","contentUrl":"https:\/\/ubirataonline.com.br\/wp-content\/uploads\/2026\/06\/logoubirataonline-1.webp","width":500,"height":500,"caption":"Ubirat\u00e3 Online Not\u00edcias"}]},"geo.placename":"UBIRATA","geo.position":{"lat":"-24.5361401","long":"-52.9921776"},"geo.region":"Brazil"},"_links":{"self":[{"href":"https:\/\/ubirataonline.com.br\/en\/wp-json\/wp\/v2\/posts\/159048","targetHints":{"allow":["GET"]}}],"collection":[{"href":"https:\/\/ubirataonline.com.br\/en\/wp-json\/wp\/v2\/posts"}],"about":[{"href":"https:\/\/ubirataonline.com.br\/en\/wp-json\/wp\/v2\/types\/post"}],"author":[{"embeddable":true,"href":"https:\/\/ubirataonline.com.br\/en\/wp-json\/wp\/v2\/users\/1"}],"replies":[{"embeddable":true,"href":"https:\/\/ubirataonline.com.br\/en\/wp-json\/wp\/v2\/comments?post=159048"}],"version-history":[{"count":0,"href":"https:\/\/ubirataonline.com.br\/en\/wp-json\/wp\/v2\/posts\/159048\/revisions"}],"wp:featuredmedia":[{"embeddable":true,"href":"https:\/\/ubirataonline.com.br\/en\/wp-json\/wp\/v2\/media\/159049"}],"wp:attachment":[{"href":"https:\/\/ubirataonline.com.br\/en\/wp-json\/wp\/v2\/media?parent=159048"}],"wp:term":[{"taxonomy":"category","embeddable":true,"href":"https:\/\/ubirataonline.com.br\/en\/wp-json\/wp\/v2\/categories?post=159048"},{"taxonomy":"post_tag","embeddable":true,"href":"https:\/\/ubirataonline.com.br\/en\/wp-json\/wp\/v2\/tags?post=159048"}],"curies":[{"name":"wp","href":"https:\/\/api.w.org\/{rel}","templated":true}]}}