{"id":159050,"date":"2026-07-28T09:34:49","date_gmt":"2026-07-28T12:34:49","guid":{"rendered":"https:\/\/ubirataonline.com.br\/policial-militar-que-matou-cao-comunitario-em-frente-a-upa-no-parana-nao-e-preso-sob-alegacao-de-legitima-defesa-e-risco-iminente-de-ataque\/"},"modified":"2026-07-28T09:34:49","modified_gmt":"2026-07-28T12:34:49","slug":"policial-militar-que-matou-cao-comunitario-em-frente-a-upa-no-parana-nao-e-preso-sob-alegacao-de-legitima-defesa-e-risco-iminente-de-ataque","status":"publish","type":"post","link":"https:\/\/ubirataonline.com.br\/en\/policial-militar-que-matou-cao-comunitario-em-frente-a-upa-no-parana-nao-e-preso-sob-alegacao-de-legitima-defesa-e-risco-iminente-de-ataque\/","title":{"rendered":"Policial militar que matou c\u00e3o comunit\u00e1rio em frente a UPA no Paran\u00e1 n\u00e3o \u00e9 preso sob alega\u00e7\u00e3o de leg\u00edtima defesa e risco iminente de ataque"},"content":{"rendered":"<h2>O caso envolvendo um policial militar que atirou contra um c\u00e3o comunit\u00e1rio em Castro, no Paran\u00e1, levanta discuss\u00f5es sobre seguran\u00e7a p\u00fablica e conviv\u00eancia urbana.<\/h2>\n<p>Um epis\u00f3dio ocorrido na \u00faltima sexta-feira, dia 24, em frente a uma Unidade de Pronto Atendimento (UPA) no munic\u00edpio de Castro, nos Campos Gerais do Paran\u00e1, gerou grande repercuss\u00e3o. Um <b>policial militar<\/b>, que estava de folga, disparou contra um <b>c\u00e3o comunit\u00e1rio<\/b> ap\u00f3s ser cercado por animais no local.<\/p>\n<p>O agente, que n\u00e3o teve sua identidade revelada, estava buscando a filha que realizava est\u00e1gio na unidade de sa\u00fade. O caso, que envolve a morte de um animal vacinado e castrado, est\u00e1 sendo investigado pela Pol\u00edcia Civil do Paran\u00e1, conforme informa\u00e7\u00e3o divulgada pelo portal G1.<\/p>\n<p>A decis\u00e3o de n\u00e3o prender o policial em flagrante foi fundamentada em uma an\u00e1lise jur\u00eddica preliminar sobre o risco enfrentado pelo agente. A seguir, entenda os detalhes da investiga\u00e7\u00e3o e os argumentos apresentados pelas autoridades sobre o <b>risco iminente de ataque<\/b>.<\/p>\n<h3>Entenda a justificativa legal para a n\u00e3o pris\u00e3o do policial<\/h3>\n<p>Segundo o delegado Marcondes Ribeiro, o policial militar n\u00e3o foi detido porque a autoridade de plant\u00e3o reconheceu a incid\u00eancia do <b>estado de necessidade<\/b>. O entendimento \u00e9 de que o agente agiu para proteger sua pr\u00f3pria integridade f\u00edsica contra um perigo real e inevit\u00e1vel.<\/p>\n<p>O delegado afirmou que, conforme apurado, o policial tentou afastar os animais por meios n\u00e3o letais, como comandos de voz e recuo, antes de efetuar o disparo. Ao ser acuado contra as paredes de vidro da recep\u00e7\u00e3o, ele disparou uma \u00fanica vez para neutralizar a investida do grupo de c\u00e3es.<\/p>\n<h3>Vers\u00f5es sobre o hist\u00f3rico de agressividade dos animais<\/h3>\n<p>Enquanto a investiga\u00e7\u00e3o segue seu curso, relatos divergem sobre o comportamento dos animais. Fontes ouvidas pela RPC, afiliada da TV Globo, apontam que os tr\u00eas c\u00e3es viviam na regi\u00e3o, eram cuidados pela comunidade local e n\u00e3o apresentariam um hist\u00f3rico de agressividade habitual.<\/p>\n<p>Por outro lado, o delegado Marcondes Ribeiro destacou que a presen\u00e7a dos animais na UPA j\u00e1 havia gerado notifica\u00e7\u00f5es anteriores \u00e0 prefeitura. O delegado mencionou que existem registros de boletins de ocorr\u00eancia sobre ataques a pacientes que buscavam atendimento na mesma unidade de sa\u00fade.<\/p>\n<h3>O que diz a legisla\u00e7\u00e3o brasileira sobre o caso<\/h3>\n<p>O caso foi enquadrado nos artigos 23 e 24 do C\u00f3digo Penal Brasileiro. O artigo 23 estabelece que n\u00e3o h\u00e1 crime quando o agente atua em estado de necessidade, leg\u00edtima defesa ou em estrito cumprimento de dever legal, ressalvando que o excesso doloso ou culposo pode ser punido.<\/p>\n<p>O artigo 24 define o <b>estado de necessidade<\/b> como a pr\u00e1tica de um ato para salvar um direito pr\u00f3prio ou alheio de um perigo atual, que n\u00e3o foi provocado pelo agente e que n\u00e3o poderia ser evitado de outra forma. A Pol\u00edcia Militar informou que colabora com as apura\u00e7\u00f5es da Pol\u00edcia Civil.<\/p>\n<h3>Perguntas frequentes sobre o ocorrido<\/h3>\n<p><b>Por que o policial militar n\u00e3o foi preso?<\/b> O delegado entendeu que houve estado de necessidade devido ao risco iminente de ataque dos c\u00e3es.<\/p>\n<p><b>O policial estava em servi\u00e7o?<\/b> N\u00e3o, o agente estava de folga e buscava a filha que faz est\u00e1gio na unidade de sa\u00fade.<\/p>\n<p><b>Os c\u00e3es eram agressivos?<\/b> Existem vers\u00f5es conflitantes, mas a pol\u00edcia cita registros anteriores de ataques a pacientes no local.<\/p>\n<p><b>O c\u00e3o estava vacinado?<\/b> Sim, a prefeitura de Castro confirmou que o animal que morreu baleado era castrado e vacinado.<\/p>\n<p><b>O caso ainda est\u00e1 sendo investigado?<\/b> Sim, a Pol\u00edcia Civil do Paran\u00e1 continua apurando as circunst\u00e2ncias do fato para concluir o inqu\u00e9rito.<\/p>","protected":false},"excerpt":{"rendered":"<p>O caso envolvendo um policial militar que atirou contra um c\u00e3o comunit\u00e1rio em Castro, no Paran\u00e1, levanta discuss\u00f5es sobre seguran\u00e7a p\u00fablica e conviv\u00eancia urbana. Um epis\u00f3dio ocorrido na \u00faltima sexta-feira, dia 24, em frente a uma Unidade de Pronto Atendimento (UPA) no munic\u00edpio de Castro, nos Campos Gerais do Paran\u00e1, gerou grande repercuss\u00e3o. Um policial [&hellip;]<\/p>\n","protected":false},"author":1,"featured_media":159051,"comment_status":"","ping_status":"","sticky":false,"template":"","format":"standard","meta":{"googlesitekit_rrm_CAow2JLhCw:productID":"","_gspb_post_css":"","maa_idioma":"","maa_pais":"","footnotes":""},"categories":[15],"tags":[],"class_list":["post-159050","post","type-post","status-publish","format-standard","has-post-thumbnail","hentry","category-variedades"],"blocksy_meta":[],"yoast_head":"<!-- This site is optimized with the Yoast SEO Premium plugin v27.6 (Yoast SEO v27.6) - https:\/\/yoast.com\/product\/yoast-seo-premium-wordpress\/ -->\n<title>Policial militar que matou c\u00e3o comunit\u00e1rio em frente a UPA no Paran\u00e1 n\u00e3o \u00e9 preso sob alega\u00e7\u00e3o de leg\u00edtima defesa e risco iminente de ataque - Ubirat\u00e3 Online Not\u00edcias - A realidade ao seu alcance!<\/title>\n<meta name=\"description\" content=\"O caso envolvendo um policial militar que atirou contra um c\u00e3o comunit\u00e1rio em Castro, no Paran\u00e1, levanta discuss\u00f5es sobre seguran\u00e7a p\u00fablica e conviv\u00eancia\" \/>\n<meta name=\"robots\" content=\"index, follow, max-snippet:-1, max-image-preview:large, max-video-preview:-1\" \/>\n<link rel=\"canonical\" href=\"https:\/\/ubirataonline.com.br\/en\/policial-militar-que-matou-cao-comunitario-em-frente-a-upa-no-parana-nao-e-preso-sob-alegacao-de-legitima-defesa-e-risco-iminente-de-ataque\/\" \/>\n<meta property=\"og:locale\" content=\"en_US\" \/>\n<meta property=\"og:type\" content=\"article\" \/>\n<meta property=\"og:title\" content=\"Policial militar que matou c\u00e3o comunit\u00e1rio em frente a UPA no Paran\u00e1 n\u00e3o \u00e9 preso sob alega\u00e7\u00e3o de leg\u00edtima defesa e risco iminente de ataque\" \/>\n<meta property=\"og:description\" content=\"O caso envolvendo um policial militar que atirou contra um c\u00e3o comunit\u00e1rio em Castro, no Paran\u00e1, levanta discuss\u00f5es sobre seguran\u00e7a p\u00fablica e conviv\u00eancia\" \/>\n<meta property=\"og:url\" content=\"https:\/\/ubirataonline.com.br\/en\/policial-militar-que-matou-cao-comunitario-em-frente-a-upa-no-parana-nao-e-preso-sob-alegacao-de-legitima-defesa-e-risco-iminente-de-ataque\/\" \/>\n<meta property=\"og:site_name\" content=\"Ubirat\u00e3 Online Not\u00edcias - A realidade ao seu alcance!\" \/>\n<meta property=\"article:publisher\" content=\"https:\/\/www.facebook.com\/portalubirataonline\" \/>\n<meta property=\"article:author\" content=\"https:\/\/www.facebook.com\/portalubirataonline\" \/>\n<meta property=\"article:published_time\" content=\"2026-07-28T12:34:49+00:00\" \/>\n<meta property=\"og:image\" content=\"https:\/\/ubirataonline.com.br\/wp-content\/uploads\/2026\/05\/logo2026.webp\" \/>\n\t<meta property=\"og:image:width\" content=\"1531\" \/>\n\t<meta property=\"og:image:height\" content=\"418\" \/>\n\t<meta property=\"og:image:type\" content=\"image\/webp\" \/>\n<meta name=\"author\" content=\"REDA\u00c7\u00c3O: UBIRAT\u00c3 ONLINE - F\u00c1BIO AUGUSTO CELESTINO\" \/>\n<meta name=\"twitter:card\" content=\"summary_large_image\" \/>\n<meta name=\"twitter:creator\" content=\"@x.com\/ubirataonline\" \/>\n<meta name=\"twitter:site\" content=\"@ubirataonline\" \/>\n<meta name=\"twitter:label1\" content=\"Written by\" \/>\n\t<meta name=\"twitter:data1\" content=\"REDA\u00c7\u00c3O: UBIRAT\u00c3 ONLINE - F\u00c1BIO AUGUSTO CELESTINO\" \/>\n\t<meta name=\"twitter:label2\" content=\"Est. reading time\" \/>\n\t<meta name=\"twitter:data2\" content=\"3 minutes\" \/>\n<script type=\"application\/ld+json\" class=\"yoast-schema-graph\">{\"@context\":\"https:\\\/\\\/schema.org\",\"@graph\":[{\"@type\":\"NewsArticle\",\"@id\":\"https:\\\/\\\/ubirataonline.com.br\\\/policial-militar-que-matou-cao-comunitario-em-frente-a-upa-no-parana-nao-e-preso-sob-alegacao-de-legitima-defesa-e-risco-iminente-de-ataque\\\/#article\",\"isPartOf\":{\"@id\":\"https:\\\/\\\/ubirataonline.com.br\\\/policial-militar-que-matou-cao-comunitario-em-frente-a-upa-no-parana-nao-e-preso-sob-alegacao-de-legitima-defesa-e-risco-iminente-de-ataque\\\/\"},\"author\":{\"name\":\"REDA\u00c7\u00c3O: UBIRAT\u00c3 ONLINE - F\u00c1BIO AUGUSTO CELESTINO\",\"@id\":\"https:\\\/\\\/ubirataonline.com.br\\\/#\\\/schema\\\/person\\\/372f87bbd3fdd79b8556b84c98d0bc1c\"},\"headline\":\"Policial militar que matou c\u00e3o comunit\u00e1rio em frente a UPA no Paran\u00e1 n\u00e3o \u00e9 preso sob alega\u00e7\u00e3o de leg\u00edtima defesa e risco iminente de ataque\",\"datePublished\":\"2026-07-28T12:34:49+00:00\",\"mainEntityOfPage\":{\"@id\":\"https:\\\/\\\/ubirataonline.com.br\\\/policial-militar-que-matou-cao-comunitario-em-frente-a-upa-no-parana-nao-e-preso-sob-alegacao-de-legitima-defesa-e-risco-iminente-de-ataque\\\/\"},\"wordCount\":667,\"publisher\":{\"@id\":\"https:\\\/\\\/ubirataonline.com.br\\\/#organization\"},\"image\":{\"@id\":\"https:\\\/\\\/ubirataonline.com.br\\\/policial-militar-que-matou-cao-comunitario-em-frente-a-upa-no-parana-nao-e-preso-sob-alegacao-de-legitima-defesa-e-risco-iminente-de-ataque\\\/#primaryimage\"},\"thumbnailUrl\":\"https:\\\/\\\/ubirataonline.com.br\\\/wp-content\\\/uploads\\\/2026\\\/07\\\/news-159050-1785242090.webp\",\"articleSection\":[\"Variedades\"],\"inLanguage\":\"en-US\",\"copyrightYear\":\"2026\",\"copyrightHolder\":{\"@id\":\"https:\\\/\\\/ubirataonline.com.br\\\/en\\\/#organization\"}},{\"@type\":\"WebPage\",\"@id\":\"https:\\\/\\\/ubirataonline.com.br\\\/policial-militar-que-matou-cao-comunitario-em-frente-a-upa-no-parana-nao-e-preso-sob-alegacao-de-legitima-defesa-e-risco-iminente-de-ataque\\\/\",\"url\":\"https:\\\/\\\/ubirataonline.com.br\\\/policial-militar-que-matou-cao-comunitario-em-frente-a-upa-no-parana-nao-e-preso-sob-alegacao-de-legitima-defesa-e-risco-iminente-de-ataque\\\/\",\"name\":\"Policial militar que matou c\u00e3o comunit\u00e1rio em frente a UPA no Paran\u00e1 n\u00e3o \u00e9 preso sob alega\u00e7\u00e3o de leg\u00edtima defesa e risco iminente de ataque - Ubirat\u00e3 Online Not\u00edcias - A realidade ao seu alcance!\",\"isPartOf\":{\"@id\":\"https:\\\/\\\/ubirataonline.com.br\\\/#website\"},\"primaryImageOfPage\":{\"@id\":\"https:\\\/\\\/ubirataonline.com.br\\\/policial-militar-que-matou-cao-comunitario-em-frente-a-upa-no-parana-nao-e-preso-sob-alegacao-de-legitima-defesa-e-risco-iminente-de-ataque\\\/#primaryimage\"},\"image\":{\"@id\":\"https:\\\/\\\/ubirataonline.com.br\\\/policial-militar-que-matou-cao-comunitario-em-frente-a-upa-no-parana-nao-e-preso-sob-alegacao-de-legitima-defesa-e-risco-iminente-de-ataque\\\/#primaryimage\"},\"thumbnailUrl\":\"https:\\\/\\\/ubirataonline.com.br\\\/wp-content\\\/uploads\\\/2026\\\/07\\\/news-159050-1785242090.webp\",\"datePublished\":\"2026-07-28T12:34:49+00:00\",\"description\":\"O caso envolvendo um policial militar que atirou contra um c\u00e3o comunit\u00e1rio em Castro, no Paran\u00e1, levanta discuss\u00f5es sobre seguran\u00e7a p\u00fablica e conviv\u00eancia\",\"breadcrumb\":{\"@id\":\"https:\\\/\\\/ubirataonline.com.br\\\/policial-militar-que-matou-cao-comunitario-em-frente-a-upa-no-parana-nao-e-preso-sob-alegacao-de-legitima-defesa-e-risco-iminente-de-ataque\\\/#breadcrumb\"},\"inLanguage\":\"en-US\",\"potentialAction\":[{\"@type\":\"ReadAction\",\"target\":[\"https:\\\/\\\/ubirataonline.com.br\\\/policial-militar-que-matou-cao-comunitario-em-frente-a-upa-no-parana-nao-e-preso-sob-alegacao-de-legitima-defesa-e-risco-iminente-de-ataque\\\/\"]}]},{\"@type\":\"ImageObject\",\"inLanguage\":\"en-US\",\"@id\":\"https:\\\/\\\/ubirataonline.com.br\\\/policial-militar-que-matou-cao-comunitario-em-frente-a-upa-no-parana-nao-e-preso-sob-alegacao-de-legitima-defesa-e-risco-iminente-de-ataque\\\/#primaryimage\",\"url\":\"https:\\\/\\\/ubirataonline.com.br\\\/wp-content\\\/uploads\\\/2026\\\/07\\\/news-159050-1785242090.webp\",\"contentUrl\":\"https:\\\/\\\/ubirataonline.com.br\\\/wp-content\\\/uploads\\\/2026\\\/07\\\/news-159050-1785242090.webp\",\"width\":427,\"height\":240},{\"@type\":\"BreadcrumbList\",\"@id\":\"https:\\\/\\\/ubirataonline.com.br\\\/policial-militar-que-matou-cao-comunitario-em-frente-a-upa-no-parana-nao-e-preso-sob-alegacao-de-legitima-defesa-e-risco-iminente-de-ataque\\\/#breadcrumb\",\"itemListElement\":[{\"@type\":\"ListItem\",\"position\":1,\"name\":\"In\u00edcio\",\"item\":\"https:\\\/\\\/ubirataonline.com.br\\\/\"},{\"@type\":\"ListItem\",\"position\":2,\"name\":\"Policial militar que matou c\u00e3o comunit\u00e1rio em frente a UPA no Paran\u00e1 n\u00e3o \u00e9 preso sob alega\u00e7\u00e3o de leg\u00edtima defesa e risco iminente de ataque\"}]},{\"@type\":\"WebSite\",\"@id\":\"https:\\\/\\\/ubirataonline.com.br\\\/#website\",\"url\":\"https:\\\/\\\/ubirataonline.com.br\\\/\",\"name\":\"Ubirat\u00e3 Online Not\u00edcias\",\"description\":\"Not\u00edcias de Ubirat\u00e3, regi\u00e3o, Brasil e mundo, com informa\u00e7\u00e3o atualizada e compromisso com o leitor.\",\"publisher\":{\"@id\":\"https:\\\/\\\/ubirataonline.com.br\\\/#organization\"},\"alternateName\":\"Ubirat\u00e3 Online\",\"potentialAction\":[{\"@type\":\"SearchAction\",\"target\":{\"@type\":\"EntryPoint\",\"urlTemplate\":\"https:\\\/\\\/ubirataonline.com.br\\\/?s={search_term_string}\"},\"query-input\":{\"@type\":\"PropertyValueSpecification\",\"valueRequired\":true,\"valueName\":\"search_term_string\"}}],\"inLanguage\":\"en-US\"},{\"@type\":[\"Organization\",\"Place\"],\"@id\":\"https:\\\/\\\/ubirataonline.com.br\\\/#organization\",\"name\":\"Ubirat\u00e3 Online Not\u00edcias\",\"alternateName\":\"Ubirat\u00e3 Online\",\"url\":\"https:\\\/\\\/ubirataonline.com.br\\\/\",\"logo\":{\"@id\":\"https:\\\/\\\/ubirataonline.com.br\\\/policial-militar-que-matou-cao-comunitario-em-frente-a-upa-no-parana-nao-e-preso-sob-alegacao-de-legitima-defesa-e-risco-iminente-de-ataque\\\/#local-main-organization-logo\"},\"image\":{\"@id\":\"https:\\\/\\\/ubirataonline.com.br\\\/policial-militar-que-matou-cao-comunitario-em-frente-a-upa-no-parana-nao-e-preso-sob-alegacao-de-legitima-defesa-e-risco-iminente-de-ataque\\\/#local-main-organization-logo\"},\"sameAs\":[\"https:\\\/\\\/www.facebook.com\\\/portalubirataonline\",\"https:\\\/\\\/x.com\\\/ubirataonline\",\"https:\\\/\\\/mastodon.social\\\/@ubirataonline\",\"https:\\\/\\\/www.facebook.com\\\/groups\\\/311144672285604\",\"https:\\\/\\\/www.facebook.com\\\/UBTAOnline\",\"https:\\\/\\\/www.instagram.com\\\/portalubirataonline\\\/\",\"https:\\\/\\\/twitter.com\\\/ubirataonline\"],\"description\":\"Somos um portal de not\u00edcias independente, criado em 5 de janeiro de 2009, com o objetivo de informar, conectar e valorizar a nossa comunidade de Ubirat\u00e3 e toda aregi\u00e3o. Com conte\u00fado atualizado, confi\u00e1vel e relevante, o Ubirat\u00e3 Online \u00e9 o seu espa\u00e7o para ficar por dentro dos principais acontecimentos locais, regionais, Brasil, Mundo e de interesse geral. Nosso compromisso \u00e9 com a verdade, a transpar\u00eancia e o respeito ao leitor.\",\"legalName\":\"UBIRATA ONLINE NOT\u00cdCIAS\",\"foundingDate\":\"2009-01-05\",\"numberOfEmployees\":{\"@type\":\"QuantitativeValue\",\"minValue\":\"1\",\"maxValue\":\"10\"},\"publishingPrinciples\":\"https:\\\/\\\/ubirataonline.com.br\\\/faq\\\/\",\"address\":{\"@id\":\"https:\\\/\\\/ubirataonline.com.br\\\/policial-militar-que-matou-cao-comunitario-em-frente-a-upa-no-parana-nao-e-preso-sob-alegacao-de-legitima-defesa-e-risco-iminente-de-ataque\\\/#local-main-place-address\"},\"geo\":{\"@type\":\"GeoCoordinates\",\"latitude\":\"-24.5361401\",\"longitude\":\"-52.9921776\"},\"telephone\":[\"+5544998308235\"],\"contactPoint\":{\"@type\":\"ContactPoint\",\"email\":\"contato@ubirataonline.com.br\"},\"openingHoursSpecification\":{\"@type\":\"OpeningHoursSpecification\",\"dayOfWeek\":[\"Monday\",\"Tuesday\",\"Wednesday\",\"Thursday\",\"Friday\",\"Saturday\",\"Sunday\"],\"opens\":\"00:00\",\"closes\":\"23:59\"},\"email\":\"contato@ubirataonline.com.br\",\"vatID\":\"47.621.418\\\/0001-80\"},{\"@type\":\"Person\",\"@id\":\"https:\\\/\\\/ubirataonline.com.br\\\/#\\\/schema\\\/person\\\/372f87bbd3fdd79b8556b84c98d0bc1c\",\"name\":\"REDA\u00c7\u00c3O: UBIRAT\u00c3 ONLINE - F\u00c1BIO AUGUSTO CELESTINO\",\"pronouns\":\"Ele\",\"description\":\"Desde 2003 trabalhando com not\u00edcias.\",\"sameAs\":[\"http:\\\/\\\/ubirataoline.com.br\",\"https:\\\/\\\/www.facebook.com\\\/portalubirataonline\",\"https:\\\/\\\/www.instagram.com\\\/ubirataonline_oficial\",\"https:\\\/\\\/x.com\\\/x.com\\\/ubirataonline\"],\"honorificPrefix\":\"Mr.\",\"honorificSuffix\":\"MD\",\"birthDate\":\"1980-06-16\",\"gender\":\"masculino\",\"award\":[\"V\u00e1rios pr\u00eamios de melhor portal da cidade\"],\"jobTitle\":\"Diretor\",\"url\":\"https:\\\/\\\/ubirataonline.com.br\\\/en\\\/author\\\/ubirataonline\\\/\"},{\"@type\":\"PostalAddress\",\"@id\":\"https:\\\/\\\/ubirataonline.com.br\\\/policial-militar-que-matou-cao-comunitario-em-frente-a-upa-no-parana-nao-e-preso-sob-alegacao-de-legitima-defesa-e-risco-iminente-de-ataque\\\/#local-main-place-address\",\"streetAddress\":\"Rua dos Coqueiros, 104 - Bairro Boa Vista, Rua dos Coqueiros, 104 Bairro Boa Vista\",\"addressLocality\":\"UBIRATA\",\"postalCode\":\"85440-000\",\"addressRegion\":\"PR\",\"addressCountry\":\"BR\"},{\"@type\":\"ImageObject\",\"inLanguage\":\"en-US\",\"@id\":\"https:\\\/\\\/ubirataonline.com.br\\\/policial-militar-que-matou-cao-comunitario-em-frente-a-upa-no-parana-nao-e-preso-sob-alegacao-de-legitima-defesa-e-risco-iminente-de-ataque\\\/#local-main-organization-logo\",\"url\":\"https:\\\/\\\/ubirataonline.com.br\\\/wp-content\\\/uploads\\\/2026\\\/06\\\/logoubirataonline-1.webp\",\"contentUrl\":\"https:\\\/\\\/ubirataonline.com.br\\\/wp-content\\\/uploads\\\/2026\\\/06\\\/logoubirataonline-1.webp\",\"width\":500,\"height\":500,\"caption\":\"Ubirat\u00e3 Online Not\u00edcias\"}]}<\/script>\n<meta name=\"geo.placename\" content=\"UBIRATA\" \/>\n<meta name=\"geo.position\" content=\"-24.5361401;-52.9921776\" \/>\n<meta name=\"geo.region\" content=\"Brazil\" \/>\n<!-- \/ Yoast SEO Premium plugin. -->","yoast_head_json":{"title":"Policial militar que matou c\u00e3o comunit\u00e1rio em frente a UPA no Paran\u00e1 n\u00e3o \u00e9 preso sob alega\u00e7\u00e3o de leg\u00edtima defesa e risco iminente de ataque - Ubirat\u00e3 Online Not\u00edcias - A realidade ao seu alcance!","description":"O caso envolvendo um policial militar que atirou contra um c\u00e3o comunit\u00e1rio em Castro, no Paran\u00e1, levanta discuss\u00f5es sobre seguran\u00e7a p\u00fablica e conviv\u00eancia","robots":{"index":"index","follow":"follow","max-snippet":"max-snippet:-1","max-image-preview":"max-image-preview:large","max-video-preview":"max-video-preview:-1"},"canonical":"https:\/\/ubirataonline.com.br\/en\/policial-militar-que-matou-cao-comunitario-em-frente-a-upa-no-parana-nao-e-preso-sob-alegacao-de-legitima-defesa-e-risco-iminente-de-ataque\/","og_locale":"en_US","og_type":"article","og_title":"Policial militar que matou c\u00e3o comunit\u00e1rio em frente a UPA no Paran\u00e1 n\u00e3o \u00e9 preso sob alega\u00e7\u00e3o de leg\u00edtima defesa e risco iminente de ataque","og_description":"O caso envolvendo um policial militar que atirou contra um c\u00e3o comunit\u00e1rio em Castro, no Paran\u00e1, levanta discuss\u00f5es sobre seguran\u00e7a p\u00fablica e conviv\u00eancia","og_url":"https:\/\/ubirataonline.com.br\/en\/policial-militar-que-matou-cao-comunitario-em-frente-a-upa-no-parana-nao-e-preso-sob-alegacao-de-legitima-defesa-e-risco-iminente-de-ataque\/","og_site_name":"Ubirat\u00e3 Online Not\u00edcias - A realidade ao seu alcance!","article_publisher":"https:\/\/www.facebook.com\/portalubirataonline","article_author":"https:\/\/www.facebook.com\/portalubirataonline","article_published_time":"2026-07-28T12:34:49+00:00","og_image":[{"width":1531,"height":418,"url":"https:\/\/ubirataonline.com.br\/wp-content\/uploads\/2026\/05\/logo2026.webp","type":"image\/webp"}],"author":"REDA\u00c7\u00c3O: UBIRAT\u00c3 ONLINE - F\u00c1BIO AUGUSTO CELESTINO","twitter_card":"summary_large_image","twitter_creator":"@x.com\/ubirataonline","twitter_site":"@ubirataonline","twitter_misc":{"Written by":"REDA\u00c7\u00c3O: UBIRAT\u00c3 ONLINE - F\u00c1BIO AUGUSTO CELESTINO","Est. reading time":"3 minutes"},"schema":{"@context":"https:\/\/schema.org","@graph":[{"@type":"NewsArticle","@id":"https:\/\/ubirataonline.com.br\/policial-militar-que-matou-cao-comunitario-em-frente-a-upa-no-parana-nao-e-preso-sob-alegacao-de-legitima-defesa-e-risco-iminente-de-ataque\/#article","isPartOf":{"@id":"https:\/\/ubirataonline.com.br\/policial-militar-que-matou-cao-comunitario-em-frente-a-upa-no-parana-nao-e-preso-sob-alegacao-de-legitima-defesa-e-risco-iminente-de-ataque\/"},"author":{"name":"REDA\u00c7\u00c3O: UBIRAT\u00c3 ONLINE - F\u00c1BIO AUGUSTO CELESTINO","@id":"https:\/\/ubirataonline.com.br\/#\/schema\/person\/372f87bbd3fdd79b8556b84c98d0bc1c"},"headline":"Policial militar que matou c\u00e3o comunit\u00e1rio em frente a UPA no Paran\u00e1 n\u00e3o \u00e9 preso sob alega\u00e7\u00e3o de leg\u00edtima defesa e risco iminente de ataque","datePublished":"2026-07-28T12:34:49+00:00","mainEntityOfPage":{"@id":"https:\/\/ubirataonline.com.br\/policial-militar-que-matou-cao-comunitario-em-frente-a-upa-no-parana-nao-e-preso-sob-alegacao-de-legitima-defesa-e-risco-iminente-de-ataque\/"},"wordCount":667,"publisher":{"@id":"https:\/\/ubirataonline.com.br\/#organization"},"image":{"@id":"https:\/\/ubirataonline.com.br\/policial-militar-que-matou-cao-comunitario-em-frente-a-upa-no-parana-nao-e-preso-sob-alegacao-de-legitima-defesa-e-risco-iminente-de-ataque\/#primaryimage"},"thumbnailUrl":"https:\/\/ubirataonline.com.br\/wp-content\/uploads\/2026\/07\/news-159050-1785242090.webp","articleSection":["Variedades"],"inLanguage":"en-US","copyrightYear":"2026","copyrightHolder":{"@id":"https:\/\/ubirataonline.com.br\/en\/#organization"}},{"@type":"WebPage","@id":"https:\/\/ubirataonline.com.br\/policial-militar-que-matou-cao-comunitario-em-frente-a-upa-no-parana-nao-e-preso-sob-alegacao-de-legitima-defesa-e-risco-iminente-de-ataque\/","url":"https:\/\/ubirataonline.com.br\/policial-militar-que-matou-cao-comunitario-em-frente-a-upa-no-parana-nao-e-preso-sob-alegacao-de-legitima-defesa-e-risco-iminente-de-ataque\/","name":"Policial militar que matou c\u00e3o comunit\u00e1rio em frente a UPA no Paran\u00e1 n\u00e3o \u00e9 preso sob alega\u00e7\u00e3o de leg\u00edtima defesa e risco iminente de ataque - Ubirat\u00e3 Online Not\u00edcias - A realidade ao seu alcance!","isPartOf":{"@id":"https:\/\/ubirataonline.com.br\/#website"},"primaryImageOfPage":{"@id":"https:\/\/ubirataonline.com.br\/policial-militar-que-matou-cao-comunitario-em-frente-a-upa-no-parana-nao-e-preso-sob-alegacao-de-legitima-defesa-e-risco-iminente-de-ataque\/#primaryimage"},"image":{"@id":"https:\/\/ubirataonline.com.br\/policial-militar-que-matou-cao-comunitario-em-frente-a-upa-no-parana-nao-e-preso-sob-alegacao-de-legitima-defesa-e-risco-iminente-de-ataque\/#primaryimage"},"thumbnailUrl":"https:\/\/ubirataonline.com.br\/wp-content\/uploads\/2026\/07\/news-159050-1785242090.webp","datePublished":"2026-07-28T12:34:49+00:00","description":"O caso envolvendo um policial militar que atirou contra um c\u00e3o comunit\u00e1rio em Castro, no Paran\u00e1, levanta discuss\u00f5es sobre seguran\u00e7a p\u00fablica e conviv\u00eancia","breadcrumb":{"@id":"https:\/\/ubirataonline.com.br\/policial-militar-que-matou-cao-comunitario-em-frente-a-upa-no-parana-nao-e-preso-sob-alegacao-de-legitima-defesa-e-risco-iminente-de-ataque\/#breadcrumb"},"inLanguage":"en-US","potentialAction":[{"@type":"ReadAction","target":["https:\/\/ubirataonline.com.br\/policial-militar-que-matou-cao-comunitario-em-frente-a-upa-no-parana-nao-e-preso-sob-alegacao-de-legitima-defesa-e-risco-iminente-de-ataque\/"]}]},{"@type":"ImageObject","inLanguage":"en-US","@id":"https:\/\/ubirataonline.com.br\/policial-militar-que-matou-cao-comunitario-em-frente-a-upa-no-parana-nao-e-preso-sob-alegacao-de-legitima-defesa-e-risco-iminente-de-ataque\/#primaryimage","url":"https:\/\/ubirataonline.com.br\/wp-content\/uploads\/2026\/07\/news-159050-1785242090.webp","contentUrl":"https:\/\/ubirataonline.com.br\/wp-content\/uploads\/2026\/07\/news-159050-1785242090.webp","width":427,"height":240},{"@type":"BreadcrumbList","@id":"https:\/\/ubirataonline.com.br\/policial-militar-que-matou-cao-comunitario-em-frente-a-upa-no-parana-nao-e-preso-sob-alegacao-de-legitima-defesa-e-risco-iminente-de-ataque\/#breadcrumb","itemListElement":[{"@type":"ListItem","position":1,"name":"In\u00edcio","item":"https:\/\/ubirataonline.com.br\/"},{"@type":"ListItem","position":2,"name":"Policial militar que matou c\u00e3o comunit\u00e1rio em frente a UPA no Paran\u00e1 n\u00e3o \u00e9 preso sob alega\u00e7\u00e3o de leg\u00edtima defesa e risco iminente de ataque"}]},{"@type":"WebSite","@id":"https:\/\/ubirataonline.com.br\/#website","url":"https:\/\/ubirataonline.com.br\/","name":"Ubirat\u00e3 Online Not\u00edcias","description":"Not\u00edcias de Ubirat\u00e3, regi\u00e3o, Brasil e mundo, com informa\u00e7\u00e3o atualizada e compromisso com o leitor.","publisher":{"@id":"https:\/\/ubirataonline.com.br\/#organization"},"alternateName":"Ubirat\u00e3 Online","potentialAction":[{"@type":"SearchAction","target":{"@type":"EntryPoint","urlTemplate":"https:\/\/ubirataonline.com.br\/?s={search_term_string}"},"query-input":{"@type":"PropertyValueSpecification","valueRequired":true,"valueName":"search_term_string"}}],"inLanguage":"en-US"},{"@type":["Organization","Place"],"@id":"https:\/\/ubirataonline.com.br\/#organization","name":"Ubirat\u00e3 Online Not\u00edcias","alternateName":"Ubirat\u00e3 Online","url":"https:\/\/ubirataonline.com.br\/","logo":{"@id":"https:\/\/ubirataonline.com.br\/policial-militar-que-matou-cao-comunitario-em-frente-a-upa-no-parana-nao-e-preso-sob-alegacao-de-legitima-defesa-e-risco-iminente-de-ataque\/#local-main-organization-logo"},"image":{"@id":"https:\/\/ubirataonline.com.br\/policial-militar-que-matou-cao-comunitario-em-frente-a-upa-no-parana-nao-e-preso-sob-alegacao-de-legitima-defesa-e-risco-iminente-de-ataque\/#local-main-organization-logo"},"sameAs":["https:\/\/www.facebook.com\/portalubirataonline","https:\/\/x.com\/ubirataonline","https:\/\/mastodon.social\/@ubirataonline","https:\/\/www.facebook.com\/groups\/311144672285604","https:\/\/www.facebook.com\/UBTAOnline","https:\/\/www.instagram.com\/portalubirataonline\/","https:\/\/twitter.com\/ubirataonline"],"description":"Somos um portal de not\u00edcias independente, criado em 5 de janeiro de 2009, com o objetivo de informar, conectar e valorizar a nossa comunidade de Ubirat\u00e3 e toda aregi\u00e3o. Com conte\u00fado atualizado, confi\u00e1vel e relevante, o Ubirat\u00e3 Online \u00e9 o seu espa\u00e7o para ficar por dentro dos principais acontecimentos locais, regionais, Brasil, Mundo e de interesse geral. Nosso compromisso \u00e9 com a verdade, a transpar\u00eancia e o respeito ao leitor.","legalName":"UBIRATA ONLINE NOT\u00cdCIAS","foundingDate":"2009-01-05","numberOfEmployees":{"@type":"QuantitativeValue","minValue":"1","maxValue":"10"},"publishingPrinciples":"https:\/\/ubirataonline.com.br\/faq\/","address":{"@id":"https:\/\/ubirataonline.com.br\/policial-militar-que-matou-cao-comunitario-em-frente-a-upa-no-parana-nao-e-preso-sob-alegacao-de-legitima-defesa-e-risco-iminente-de-ataque\/#local-main-place-address"},"geo":{"@type":"GeoCoordinates","latitude":"-24.5361401","longitude":"-52.9921776"},"telephone":["+5544998308235"],"contactPoint":{"@type":"ContactPoint","email":"contato@ubirataonline.com.br"},"openingHoursSpecification":{"@type":"OpeningHoursSpecification","dayOfWeek":["Monday","Tuesday","Wednesday","Thursday","Friday","Saturday","Sunday"],"opens":"00:00","closes":"23:59"},"email":"contato@ubirataonline.com.br","vatID":"47.621.418\/0001-80"},{"@type":"Person","@id":"https:\/\/ubirataonline.com.br\/#\/schema\/person\/372f87bbd3fdd79b8556b84c98d0bc1c","name":"REDA\u00c7\u00c3O: UBIRAT\u00c3 ONLINE - F\u00c1BIO AUGUSTO CELESTINO","pronouns":"Ele","description":"Desde 2003 trabalhando com not\u00edcias.","sameAs":["http:\/\/ubirataoline.com.br","https:\/\/www.facebook.com\/portalubirataonline","https:\/\/www.instagram.com\/ubirataonline_oficial","https:\/\/x.com\/x.com\/ubirataonline"],"honorificPrefix":"Mr.","honorificSuffix":"MD","birthDate":"1980-06-16","gender":"masculino","award":["V\u00e1rios pr\u00eamios de melhor portal da cidade"],"jobTitle":"Diretor","url":"https:\/\/ubirataonline.com.br\/en\/author\/ubirataonline\/"},{"@type":"PostalAddress","@id":"https:\/\/ubirataonline.com.br\/policial-militar-que-matou-cao-comunitario-em-frente-a-upa-no-parana-nao-e-preso-sob-alegacao-de-legitima-defesa-e-risco-iminente-de-ataque\/#local-main-place-address","streetAddress":"Rua dos Coqueiros, 104 - Bairro Boa Vista, Rua dos Coqueiros, 104 Bairro Boa Vista","addressLocality":"UBIRATA","postalCode":"85440-000","addressRegion":"PR","addressCountry":"BR"},{"@type":"ImageObject","inLanguage":"en-US","@id":"https:\/\/ubirataonline.com.br\/policial-militar-que-matou-cao-comunitario-em-frente-a-upa-no-parana-nao-e-preso-sob-alegacao-de-legitima-defesa-e-risco-iminente-de-ataque\/#local-main-organization-logo","url":"https:\/\/ubirataonline.com.br\/wp-content\/uploads\/2026\/06\/logoubirataonline-1.webp","contentUrl":"https:\/\/ubirataonline.com.br\/wp-content\/uploads\/2026\/06\/logoubirataonline-1.webp","width":500,"height":500,"caption":"Ubirat\u00e3 Online Not\u00edcias"}]},"geo.placename":"UBIRATA","geo.position":{"lat":"-24.5361401","long":"-52.9921776"},"geo.region":"Brazil"},"_links":{"self":[{"href":"https:\/\/ubirataonline.com.br\/en\/wp-json\/wp\/v2\/posts\/159050","targetHints":{"allow":["GET"]}}],"collection":[{"href":"https:\/\/ubirataonline.com.br\/en\/wp-json\/wp\/v2\/posts"}],"about":[{"href":"https:\/\/ubirataonline.com.br\/en\/wp-json\/wp\/v2\/types\/post"}],"author":[{"embeddable":true,"href":"https:\/\/ubirataonline.com.br\/en\/wp-json\/wp\/v2\/users\/1"}],"replies":[{"embeddable":true,"href":"https:\/\/ubirataonline.com.br\/en\/wp-json\/wp\/v2\/comments?post=159050"}],"version-history":[{"count":0,"href":"https:\/\/ubirataonline.com.br\/en\/wp-json\/wp\/v2\/posts\/159050\/revisions"}],"wp:featuredmedia":[{"embeddable":true,"href":"https:\/\/ubirataonline.com.br\/en\/wp-json\/wp\/v2\/media\/159051"}],"wp:attachment":[{"href":"https:\/\/ubirataonline.com.br\/en\/wp-json\/wp\/v2\/media?parent=159050"}],"wp:term":[{"taxonomy":"category","embeddable":true,"href":"https:\/\/ubirataonline.com.br\/en\/wp-json\/wp\/v2\/categories?post=159050"},{"taxonomy":"post_tag","embeddable":true,"href":"https:\/\/ubirataonline.com.br\/en\/wp-json\/wp\/v2\/tags?post=159050"}],"curies":[{"name":"wp","href":"https:\/\/api.w.org\/{rel}","templated":true}]}}