{"id":159113,"date":"2026-07-28T13:34:39","date_gmt":"2026-07-28T16:34:39","guid":{"rendered":"https:\/\/ubirataonline.com.br\/barco-vira-no-parque-nacional-do-iguacu-durante-passeio-do-macuco-safari-e-mobiliza-equipes-de-resgate-em-foz-do-iguacu\/"},"modified":"2026-07-28T13:34:39","modified_gmt":"2026-07-28T16:34:39","slug":"barco-vira-no-parque-nacional-do-iguacu-durante-passeio-do-macuco-safari-e-mobiliza-equipes-de-resgate-em-foz-do-iguacu","status":"publish","type":"post","link":"https:\/\/ubirataonline.com.br\/en\/barco-vira-no-parque-nacional-do-iguacu-durante-passeio-do-macuco-safari-e-mobiliza-equipes-de-resgate-em-foz-do-iguacu\/","title":{"rendered":"Barco vira no Parque Nacional do Igua\u00e7u durante passeio do Macuco Safari e mobiliza equipes de resgate em Foz do Igua\u00e7u"},"content":{"rendered":"<h2>Uma embarca\u00e7\u00e3o do Macuco Safari virou durante um passeio no Parque Nacional do Igua\u00e7u, gerando uma opera\u00e7\u00e3o de socorro imediata nesta ter\u00e7a-feira, dia 28.<\/h2>\n<p>Um acidente envolvendo uma embarca\u00e7\u00e3o tur\u00edstica no <b>Parque Nacional do Igua\u00e7u<\/b>, localizado no oeste do Paran\u00e1, mobilizou equipes de resgate nesta ter\u00e7a-feira, dia 28. O incidente ocorreu durante um passeio realizado pelo <b>Macuco Safari<\/b>, empresa respons\u00e1vel por opera\u00e7\u00f5es de ecoturismo na regi\u00e3o das cataratas.<\/p>\n<p>As autoridades foram acionadas por volta das 12h20 para atender a uma ocorr\u00eancia de busca e salvamento em \u00e1gua, conforme informou o Corpo de Bombeiros de Foz do Igua\u00e7u. At\u00e9 o momento, o estado de sa\u00fade das v\u00edtimas e a quantidade exata de pessoas envolvidas no naufr\u00e1gio n\u00e3o foram divulgados.<\/p>\n<p>Conforme informa\u00e7\u00f5es divulgadas pela RPC, afiliada da TV Globo, a empresa confirmou o ocorrido e destacou que duas pessoas j\u00e1 est\u00e3o recebendo atendimento m\u00e9dico em um hospital da regi\u00e3o, enquanto as investiga\u00e7\u00f5es sobre as causas do acidente seguem em andamento.<\/p>\n<h3>Contexto ambiental e seguran\u00e7a no parque<\/h3>\n<p>O <b>Macuco Safari<\/b> \u00e9 conhecido por realizar trilhas e navega\u00e7\u00f5es pr\u00f3ximas \u00e0s quedas d&#8217;\u00e1gua das <b>Cataratas do Igua\u00e7u<\/b>. Devido \u00e0 natureza da atividade, a seguran\u00e7a \u00e9 um fator cr\u00edtico, especialmente em per\u00edodos de alta vaz\u00e3o no Rio Igua\u00e7u, que podem alterar as condi\u00e7\u00f5es de navega\u00e7\u00e3o.<\/p>\n<h3>Hist\u00f3rico recente de vaz\u00e3o elevada<\/h3>\n<p>Na \u00faltima quinta-feira, dia 23, o parque precisou interditar a passarela principal devido a uma vaz\u00e3o seis vezes acima da m\u00e9dia hist\u00f3rica. O volume de \u00e1gua atingiu a marca impressionante de <b>9,1 milh\u00f5es de litros por segundo<\/b>, embora ainda n\u00e3o exista uma confirma\u00e7\u00e3o oficial se este volume elevado teve rela\u00e7\u00e3o direta com o acidente desta ter\u00e7a-feira.<\/p>\n<h3>Perguntas frequentes sobre o acidente<\/h3>\n<p><b>O que aconteceu no Parque Nacional do Igua\u00e7u?<\/b><br \/>Um barco do Macuco Safari virou durante um passeio tur\u00edstico na unidade de conserva\u00e7\u00e3o, mobilizando bombeiros para o resgate.<\/p>\n<p><b>Quantas pessoas ficaram feridas no acidente?<\/b><br \/>At\u00e9 o momento, a confirma\u00e7\u00e3o \u00e9 de que duas pessoas foram encaminhadas para atendimento hospitalar, mas o n\u00famero total de passageiros n\u00e3o foi detalhado.<\/p>\n<p><b>Existe rela\u00e7\u00e3o com o aumento da vaz\u00e3o das cataratas?<\/b><br \/>Ainda n\u00e3o h\u00e1 informa\u00e7\u00f5es oficiais sobre a causa do acidente, embora o parque tenha registrado vaz\u00f5es muito acima da m\u00e9dia nos \u00faltimos dias.<\/p>\n<p><b>Onde o resgate foi realizado?<\/b><br \/>A opera\u00e7\u00e3o de busca e salvamento ocorreu em Foz do Igua\u00e7u, dentro da \u00e1rea do Parque Nacional do Igua\u00e7u, sob responsabilidade do Corpo de Bombeiros.<\/p>\n<p><b>A empresa se manifestou sobre o ocorrido?<\/b><br \/>Sim, o Macuco Safari confirmou o acidente \u00e0 RPC e as equipes de emerg\u00eancia continuam trabalhando no local para apurar as circunst\u00e2ncias do fato.<\/p>","protected":false},"excerpt":{"rendered":"<p>Uma embarca\u00e7\u00e3o do Macuco Safari virou durante um passeio no Parque Nacional do Igua\u00e7u, gerando uma opera\u00e7\u00e3o de socorro imediata nesta ter\u00e7a-feira, dia 28. Um acidente envolvendo uma embarca\u00e7\u00e3o tur\u00edstica no Parque Nacional do Igua\u00e7u, localizado no oeste do Paran\u00e1, mobilizou equipes de resgate nesta ter\u00e7a-feira, dia 28. O incidente ocorreu durante um passeio realizado [&hellip;]<\/p>\n","protected":false},"author":1,"featured_media":159114,"comment_status":"","ping_status":"","sticky":false,"template":"","format":"standard","meta":{"googlesitekit_rrm_CAow2JLhCw:productID":"","_gspb_post_css":"","maa_idioma":"","maa_pais":"","footnotes":""},"categories":[15],"tags":[],"class_list":["post-159113","post","type-post","status-publish","format-standard","has-post-thumbnail","hentry","category-variedades"],"blocksy_meta":[],"yoast_head":"<!-- This site is optimized with the Yoast SEO Premium plugin v27.6 (Yoast SEO v27.6) - https:\/\/yoast.com\/product\/yoast-seo-premium-wordpress\/ -->\n<title>Barco vira no Parque Nacional do Igua\u00e7u durante passeio do Macuco Safari e mobiliza equipes de resgate em Foz do Igua\u00e7u - Ubirat\u00e3 Online Not\u00edcias - A realidade ao seu alcance!<\/title>\n<meta name=\"description\" content=\"Uma embarca\u00e7\u00e3o do Macuco Safari virou durante um passeio no Parque Nacional do Igua\u00e7u, gerando uma opera\u00e7\u00e3o de socorro imediata nesta ter\u00e7a-feira, dia\" \/>\n<meta name=\"robots\" content=\"index, follow, max-snippet:-1, max-image-preview:large, max-video-preview:-1\" \/>\n<link rel=\"canonical\" href=\"https:\/\/ubirataonline.com.br\/en\/barco-vira-no-parque-nacional-do-iguacu-durante-passeio-do-macuco-safari-e-mobiliza-equipes-de-resgate-em-foz-do-iguacu\/\" \/>\n<meta property=\"og:locale\" content=\"en_US\" \/>\n<meta property=\"og:type\" content=\"article\" \/>\n<meta property=\"og:title\" content=\"Barco vira no Parque Nacional do Igua\u00e7u durante passeio do Macuco Safari e mobiliza equipes de resgate em Foz do Igua\u00e7u\" \/>\n<meta property=\"og:description\" content=\"Uma embarca\u00e7\u00e3o do Macuco Safari virou durante um passeio no Parque Nacional do Igua\u00e7u, gerando uma opera\u00e7\u00e3o de socorro imediata nesta ter\u00e7a-feira, dia\" \/>\n<meta property=\"og:url\" content=\"https:\/\/ubirataonline.com.br\/en\/barco-vira-no-parque-nacional-do-iguacu-durante-passeio-do-macuco-safari-e-mobiliza-equipes-de-resgate-em-foz-do-iguacu\/\" \/>\n<meta property=\"og:site_name\" content=\"Ubirat\u00e3 Online Not\u00edcias - A realidade ao seu alcance!\" \/>\n<meta property=\"article:publisher\" content=\"https:\/\/www.facebook.com\/portalubirataonline\" \/>\n<meta property=\"article:author\" content=\"https:\/\/www.facebook.com\/portalubirataonline\" \/>\n<meta property=\"article:published_time\" content=\"2026-07-28T16:34:39+00:00\" \/>\n<meta property=\"og:image\" content=\"https:\/\/ubirataonline.com.br\/wp-content\/uploads\/2026\/05\/logo2026.webp\" \/>\n\t<meta property=\"og:image:width\" content=\"1531\" \/>\n\t<meta property=\"og:image:height\" content=\"418\" \/>\n\t<meta property=\"og:image:type\" content=\"image\/webp\" \/>\n<meta name=\"author\" content=\"REDA\u00c7\u00c3O: UBIRAT\u00c3 ONLINE - F\u00c1BIO AUGUSTO CELESTINO\" \/>\n<meta name=\"twitter:card\" content=\"summary_large_image\" \/>\n<meta name=\"twitter:creator\" content=\"@x.com\/ubirataonline\" \/>\n<meta name=\"twitter:site\" content=\"@ubirataonline\" \/>\n<meta name=\"twitter:label1\" content=\"Written by\" \/>\n\t<meta name=\"twitter:data1\" content=\"REDA\u00c7\u00c3O: UBIRAT\u00c3 ONLINE - F\u00c1BIO AUGUSTO CELESTINO\" \/>\n\t<meta name=\"twitter:label2\" content=\"Est. reading time\" \/>\n\t<meta name=\"twitter:data2\" content=\"2 minutes\" \/>\n<script type=\"application\/ld+json\" class=\"yoast-schema-graph\">{\"@context\":\"https:\\\/\\\/schema.org\",\"@graph\":[{\"@type\":\"NewsArticle\",\"@id\":\"https:\\\/\\\/ubirataonline.com.br\\\/barco-vira-no-parque-nacional-do-iguacu-durante-passeio-do-macuco-safari-e-mobiliza-equipes-de-resgate-em-foz-do-iguacu\\\/#article\",\"isPartOf\":{\"@id\":\"https:\\\/\\\/ubirataonline.com.br\\\/barco-vira-no-parque-nacional-do-iguacu-durante-passeio-do-macuco-safari-e-mobiliza-equipes-de-resgate-em-foz-do-iguacu\\\/\"},\"author\":{\"name\":\"REDA\u00c7\u00c3O: UBIRAT\u00c3 ONLINE - F\u00c1BIO AUGUSTO CELESTINO\",\"@id\":\"https:\\\/\\\/ubirataonline.com.br\\\/#\\\/schema\\\/person\\\/372f87bbd3fdd79b8556b84c98d0bc1c\"},\"headline\":\"Barco vira no Parque Nacional do Igua\u00e7u durante passeio do Macuco Safari e mobiliza equipes de resgate em Foz do Igua\u00e7u\",\"datePublished\":\"2026-07-28T16:34:39+00:00\",\"mainEntityOfPage\":{\"@id\":\"https:\\\/\\\/ubirataonline.com.br\\\/barco-vira-no-parque-nacional-do-iguacu-durante-passeio-do-macuco-safari-e-mobiliza-equipes-de-resgate-em-foz-do-iguacu\\\/\"},\"wordCount\":500,\"publisher\":{\"@id\":\"https:\\\/\\\/ubirataonline.com.br\\\/#organization\"},\"image\":{\"@id\":\"https:\\\/\\\/ubirataonline.com.br\\\/barco-vira-no-parque-nacional-do-iguacu-durante-passeio-do-macuco-safari-e-mobiliza-equipes-de-resgate-em-foz-do-iguacu\\\/#primaryimage\"},\"thumbnailUrl\":\"https:\\\/\\\/ubirataonline.com.br\\\/wp-content\\\/uploads\\\/2026\\\/07\\\/news-159113-1785256480.avif\",\"articleSection\":[\"Variedades\"],\"inLanguage\":\"en-US\",\"copyrightYear\":\"2026\",\"copyrightHolder\":{\"@id\":\"https:\\\/\\\/ubirataonline.com.br\\\/en\\\/#organization\"}},{\"@type\":\"WebPage\",\"@id\":\"https:\\\/\\\/ubirataonline.com.br\\\/barco-vira-no-parque-nacional-do-iguacu-durante-passeio-do-macuco-safari-e-mobiliza-equipes-de-resgate-em-foz-do-iguacu\\\/\",\"url\":\"https:\\\/\\\/ubirataonline.com.br\\\/barco-vira-no-parque-nacional-do-iguacu-durante-passeio-do-macuco-safari-e-mobiliza-equipes-de-resgate-em-foz-do-iguacu\\\/\",\"name\":\"Barco vira no Parque Nacional do Igua\u00e7u durante passeio do Macuco Safari e mobiliza equipes de resgate em Foz do Igua\u00e7u - Ubirat\u00e3 Online Not\u00edcias - A realidade ao seu alcance!\",\"isPartOf\":{\"@id\":\"https:\\\/\\\/ubirataonline.com.br\\\/#website\"},\"primaryImageOfPage\":{\"@id\":\"https:\\\/\\\/ubirataonline.com.br\\\/barco-vira-no-parque-nacional-do-iguacu-durante-passeio-do-macuco-safari-e-mobiliza-equipes-de-resgate-em-foz-do-iguacu\\\/#primaryimage\"},\"image\":{\"@id\":\"https:\\\/\\\/ubirataonline.com.br\\\/barco-vira-no-parque-nacional-do-iguacu-durante-passeio-do-macuco-safari-e-mobiliza-equipes-de-resgate-em-foz-do-iguacu\\\/#primaryimage\"},\"thumbnailUrl\":\"https:\\\/\\\/ubirataonline.com.br\\\/wp-content\\\/uploads\\\/2026\\\/07\\\/news-159113-1785256480.avif\",\"datePublished\":\"2026-07-28T16:34:39+00:00\",\"description\":\"Uma embarca\u00e7\u00e3o do Macuco Safari virou durante um passeio no Parque Nacional do Igua\u00e7u, gerando uma opera\u00e7\u00e3o de socorro imediata nesta ter\u00e7a-feira, dia\",\"breadcrumb\":{\"@id\":\"https:\\\/\\\/ubirataonline.com.br\\\/barco-vira-no-parque-nacional-do-iguacu-durante-passeio-do-macuco-safari-e-mobiliza-equipes-de-resgate-em-foz-do-iguacu\\\/#breadcrumb\"},\"inLanguage\":\"en-US\",\"potentialAction\":[{\"@type\":\"ReadAction\",\"target\":[\"https:\\\/\\\/ubirataonline.com.br\\\/barco-vira-no-parque-nacional-do-iguacu-durante-passeio-do-macuco-safari-e-mobiliza-equipes-de-resgate-em-foz-do-iguacu\\\/\"]}]},{\"@type\":\"ImageObject\",\"inLanguage\":\"en-US\",\"@id\":\"https:\\\/\\\/ubirataonline.com.br\\\/barco-vira-no-parque-nacional-do-iguacu-durante-passeio-do-macuco-safari-e-mobiliza-equipes-de-resgate-em-foz-do-iguacu\\\/#primaryimage\",\"url\":\"https:\\\/\\\/ubirataonline.com.br\\\/wp-content\\\/uploads\\\/2026\\\/07\\\/news-159113-1785256480.avif\",\"contentUrl\":\"https:\\\/\\\/ubirataonline.com.br\\\/wp-content\\\/uploads\\\/2026\\\/07\\\/news-159113-1785256480.avif\",\"width\":650,\"height\":366},{\"@type\":\"BreadcrumbList\",\"@id\":\"https:\\\/\\\/ubirataonline.com.br\\\/barco-vira-no-parque-nacional-do-iguacu-durante-passeio-do-macuco-safari-e-mobiliza-equipes-de-resgate-em-foz-do-iguacu\\\/#breadcrumb\",\"itemListElement\":[{\"@type\":\"ListItem\",\"position\":1,\"name\":\"In\u00edcio\",\"item\":\"https:\\\/\\\/ubirataonline.com.br\\\/\"},{\"@type\":\"ListItem\",\"position\":2,\"name\":\"Barco vira no Parque Nacional do Igua\u00e7u durante passeio do Macuco Safari e mobiliza equipes de resgate em Foz do Igua\u00e7u\"}]},{\"@type\":\"WebSite\",\"@id\":\"https:\\\/\\\/ubirataonline.com.br\\\/#website\",\"url\":\"https:\\\/\\\/ubirataonline.com.br\\\/\",\"name\":\"Ubirat\u00e3 Online Not\u00edcias\",\"description\":\"Not\u00edcias de Ubirat\u00e3, regi\u00e3o, Brasil e mundo, com informa\u00e7\u00e3o atualizada e compromisso com o leitor.\",\"publisher\":{\"@id\":\"https:\\\/\\\/ubirataonline.com.br\\\/#organization\"},\"alternateName\":\"Ubirat\u00e3 Online\",\"potentialAction\":[{\"@type\":\"SearchAction\",\"target\":{\"@type\":\"EntryPoint\",\"urlTemplate\":\"https:\\\/\\\/ubirataonline.com.br\\\/?s={search_term_string}\"},\"query-input\":{\"@type\":\"PropertyValueSpecification\",\"valueRequired\":true,\"valueName\":\"search_term_string\"}}],\"inLanguage\":\"en-US\"},{\"@type\":[\"Organization\",\"Place\"],\"@id\":\"https:\\\/\\\/ubirataonline.com.br\\\/#organization\",\"name\":\"Ubirat\u00e3 Online Not\u00edcias\",\"alternateName\":\"Ubirat\u00e3 Online\",\"url\":\"https:\\\/\\\/ubirataonline.com.br\\\/\",\"logo\":{\"@id\":\"https:\\\/\\\/ubirataonline.com.br\\\/barco-vira-no-parque-nacional-do-iguacu-durante-passeio-do-macuco-safari-e-mobiliza-equipes-de-resgate-em-foz-do-iguacu\\\/#local-main-organization-logo\"},\"image\":{\"@id\":\"https:\\\/\\\/ubirataonline.com.br\\\/barco-vira-no-parque-nacional-do-iguacu-durante-passeio-do-macuco-safari-e-mobiliza-equipes-de-resgate-em-foz-do-iguacu\\\/#local-main-organization-logo\"},\"sameAs\":[\"https:\\\/\\\/www.facebook.com\\\/portalubirataonline\",\"https:\\\/\\\/x.com\\\/ubirataonline\",\"https:\\\/\\\/mastodon.social\\\/@ubirataonline\",\"https:\\\/\\\/www.facebook.com\\\/groups\\\/311144672285604\",\"https:\\\/\\\/www.facebook.com\\\/UBTAOnline\",\"https:\\\/\\\/www.instagram.com\\\/portalubirataonline\\\/\",\"https:\\\/\\\/twitter.com\\\/ubirataonline\"],\"description\":\"Somos um portal de not\u00edcias independente, criado em 5 de janeiro de 2009, com o objetivo de informar, conectar e valorizar a nossa comunidade de Ubirat\u00e3 e toda aregi\u00e3o. Com conte\u00fado atualizado, confi\u00e1vel e relevante, o Ubirat\u00e3 Online \u00e9 o seu espa\u00e7o para ficar por dentro dos principais acontecimentos locais, regionais, Brasil, Mundo e de interesse geral. Nosso compromisso \u00e9 com a verdade, a transpar\u00eancia e o respeito ao leitor.\",\"legalName\":\"UBIRATA ONLINE NOT\u00cdCIAS\",\"foundingDate\":\"2009-01-05\",\"numberOfEmployees\":{\"@type\":\"QuantitativeValue\",\"minValue\":\"1\",\"maxValue\":\"10\"},\"publishingPrinciples\":\"https:\\\/\\\/ubirataonline.com.br\\\/faq\\\/\",\"address\":{\"@id\":\"https:\\\/\\\/ubirataonline.com.br\\\/barco-vira-no-parque-nacional-do-iguacu-durante-passeio-do-macuco-safari-e-mobiliza-equipes-de-resgate-em-foz-do-iguacu\\\/#local-main-place-address\"},\"geo\":{\"@type\":\"GeoCoordinates\",\"latitude\":\"-24.5361401\",\"longitude\":\"-52.9921776\"},\"telephone\":[\"+5544998308235\"],\"contactPoint\":{\"@type\":\"ContactPoint\",\"email\":\"contato@ubirataonline.com.br\"},\"openingHoursSpecification\":{\"@type\":\"OpeningHoursSpecification\",\"dayOfWeek\":[\"Monday\",\"Tuesday\",\"Wednesday\",\"Thursday\",\"Friday\",\"Saturday\",\"Sunday\"],\"opens\":\"00:00\",\"closes\":\"23:59\"},\"email\":\"contato@ubirataonline.com.br\",\"vatID\":\"47.621.418\\\/0001-80\"},{\"@type\":\"Person\",\"@id\":\"https:\\\/\\\/ubirataonline.com.br\\\/#\\\/schema\\\/person\\\/372f87bbd3fdd79b8556b84c98d0bc1c\",\"name\":\"REDA\u00c7\u00c3O: UBIRAT\u00c3 ONLINE - F\u00c1BIO AUGUSTO CELESTINO\",\"pronouns\":\"Ele\",\"description\":\"Desde 2003 trabalhando com not\u00edcias.\",\"sameAs\":[\"http:\\\/\\\/ubirataoline.com.br\",\"https:\\\/\\\/www.facebook.com\\\/portalubirataonline\",\"https:\\\/\\\/www.instagram.com\\\/ubirataonline_oficial\",\"https:\\\/\\\/x.com\\\/x.com\\\/ubirataonline\"],\"honorificPrefix\":\"Mr.\",\"honorificSuffix\":\"MD\",\"birthDate\":\"1980-06-16\",\"gender\":\"masculino\",\"award\":[\"V\u00e1rios pr\u00eamios de melhor portal da cidade\"],\"jobTitle\":\"Diretor\",\"url\":\"https:\\\/\\\/ubirataonline.com.br\\\/en\\\/author\\\/ubirataonline\\\/\"},{\"@type\":\"PostalAddress\",\"@id\":\"https:\\\/\\\/ubirataonline.com.br\\\/barco-vira-no-parque-nacional-do-iguacu-durante-passeio-do-macuco-safari-e-mobiliza-equipes-de-resgate-em-foz-do-iguacu\\\/#local-main-place-address\",\"streetAddress\":\"Rua dos Coqueiros, 104 - Bairro Boa Vista, Rua dos Coqueiros, 104 Bairro Boa Vista\",\"addressLocality\":\"UBIRATA\",\"postalCode\":\"85440-000\",\"addressRegion\":\"PR\",\"addressCountry\":\"BR\"},{\"@type\":\"ImageObject\",\"inLanguage\":\"en-US\",\"@id\":\"https:\\\/\\\/ubirataonline.com.br\\\/barco-vira-no-parque-nacional-do-iguacu-durante-passeio-do-macuco-safari-e-mobiliza-equipes-de-resgate-em-foz-do-iguacu\\\/#local-main-organization-logo\",\"url\":\"https:\\\/\\\/ubirataonline.com.br\\\/wp-content\\\/uploads\\\/2026\\\/06\\\/logoubirataonline-1.webp\",\"contentUrl\":\"https:\\\/\\\/ubirataonline.com.br\\\/wp-content\\\/uploads\\\/2026\\\/06\\\/logoubirataonline-1.webp\",\"width\":500,\"height\":500,\"caption\":\"Ubirat\u00e3 Online Not\u00edcias\"}]}<\/script>\n<meta name=\"geo.placename\" content=\"UBIRATA\" \/>\n<meta name=\"geo.position\" content=\"-24.5361401;-52.9921776\" \/>\n<meta name=\"geo.region\" content=\"Brazil\" \/>\n<!-- \/ Yoast SEO Premium plugin. -->","yoast_head_json":{"title":"Barco vira no Parque Nacional do Igua\u00e7u durante passeio do Macuco Safari e mobiliza equipes de resgate em Foz do Igua\u00e7u - Ubirat\u00e3 Online Not\u00edcias - A realidade ao seu alcance!","description":"Uma embarca\u00e7\u00e3o do Macuco Safari virou durante um passeio no Parque Nacional do Igua\u00e7u, gerando uma opera\u00e7\u00e3o de socorro imediata nesta ter\u00e7a-feira, dia","robots":{"index":"index","follow":"follow","max-snippet":"max-snippet:-1","max-image-preview":"max-image-preview:large","max-video-preview":"max-video-preview:-1"},"canonical":"https:\/\/ubirataonline.com.br\/en\/barco-vira-no-parque-nacional-do-iguacu-durante-passeio-do-macuco-safari-e-mobiliza-equipes-de-resgate-em-foz-do-iguacu\/","og_locale":"en_US","og_type":"article","og_title":"Barco vira no Parque Nacional do Igua\u00e7u durante passeio do Macuco Safari e mobiliza equipes de resgate em Foz do Igua\u00e7u","og_description":"Uma embarca\u00e7\u00e3o do Macuco Safari virou durante um passeio no Parque Nacional do Igua\u00e7u, gerando uma opera\u00e7\u00e3o de socorro imediata nesta ter\u00e7a-feira, dia","og_url":"https:\/\/ubirataonline.com.br\/en\/barco-vira-no-parque-nacional-do-iguacu-durante-passeio-do-macuco-safari-e-mobiliza-equipes-de-resgate-em-foz-do-iguacu\/","og_site_name":"Ubirat\u00e3 Online Not\u00edcias - A realidade ao seu alcance!","article_publisher":"https:\/\/www.facebook.com\/portalubirataonline","article_author":"https:\/\/www.facebook.com\/portalubirataonline","article_published_time":"2026-07-28T16:34:39+00:00","og_image":[{"width":1531,"height":418,"url":"https:\/\/ubirataonline.com.br\/wp-content\/uploads\/2026\/05\/logo2026.webp","type":"image\/webp"}],"author":"REDA\u00c7\u00c3O: UBIRAT\u00c3 ONLINE - F\u00c1BIO AUGUSTO CELESTINO","twitter_card":"summary_large_image","twitter_creator":"@x.com\/ubirataonline","twitter_site":"@ubirataonline","twitter_misc":{"Written by":"REDA\u00c7\u00c3O: UBIRAT\u00c3 ONLINE - F\u00c1BIO AUGUSTO CELESTINO","Est. reading time":"2 minutes"},"schema":{"@context":"https:\/\/schema.org","@graph":[{"@type":"NewsArticle","@id":"https:\/\/ubirataonline.com.br\/barco-vira-no-parque-nacional-do-iguacu-durante-passeio-do-macuco-safari-e-mobiliza-equipes-de-resgate-em-foz-do-iguacu\/#article","isPartOf":{"@id":"https:\/\/ubirataonline.com.br\/barco-vira-no-parque-nacional-do-iguacu-durante-passeio-do-macuco-safari-e-mobiliza-equipes-de-resgate-em-foz-do-iguacu\/"},"author":{"name":"REDA\u00c7\u00c3O: UBIRAT\u00c3 ONLINE - F\u00c1BIO AUGUSTO CELESTINO","@id":"https:\/\/ubirataonline.com.br\/#\/schema\/person\/372f87bbd3fdd79b8556b84c98d0bc1c"},"headline":"Barco vira no Parque Nacional do Igua\u00e7u durante passeio do Macuco Safari e mobiliza equipes de resgate em Foz do Igua\u00e7u","datePublished":"2026-07-28T16:34:39+00:00","mainEntityOfPage":{"@id":"https:\/\/ubirataonline.com.br\/barco-vira-no-parque-nacional-do-iguacu-durante-passeio-do-macuco-safari-e-mobiliza-equipes-de-resgate-em-foz-do-iguacu\/"},"wordCount":500,"publisher":{"@id":"https:\/\/ubirataonline.com.br\/#organization"},"image":{"@id":"https:\/\/ubirataonline.com.br\/barco-vira-no-parque-nacional-do-iguacu-durante-passeio-do-macuco-safari-e-mobiliza-equipes-de-resgate-em-foz-do-iguacu\/#primaryimage"},"thumbnailUrl":"https:\/\/ubirataonline.com.br\/wp-content\/uploads\/2026\/07\/news-159113-1785256480.avif","articleSection":["Variedades"],"inLanguage":"en-US","copyrightYear":"2026","copyrightHolder":{"@id":"https:\/\/ubirataonline.com.br\/en\/#organization"}},{"@type":"WebPage","@id":"https:\/\/ubirataonline.com.br\/barco-vira-no-parque-nacional-do-iguacu-durante-passeio-do-macuco-safari-e-mobiliza-equipes-de-resgate-em-foz-do-iguacu\/","url":"https:\/\/ubirataonline.com.br\/barco-vira-no-parque-nacional-do-iguacu-durante-passeio-do-macuco-safari-e-mobiliza-equipes-de-resgate-em-foz-do-iguacu\/","name":"Barco vira no Parque Nacional do Igua\u00e7u durante passeio do Macuco Safari e mobiliza equipes de resgate em Foz do Igua\u00e7u - Ubirat\u00e3 Online Not\u00edcias - A realidade ao seu alcance!","isPartOf":{"@id":"https:\/\/ubirataonline.com.br\/#website"},"primaryImageOfPage":{"@id":"https:\/\/ubirataonline.com.br\/barco-vira-no-parque-nacional-do-iguacu-durante-passeio-do-macuco-safari-e-mobiliza-equipes-de-resgate-em-foz-do-iguacu\/#primaryimage"},"image":{"@id":"https:\/\/ubirataonline.com.br\/barco-vira-no-parque-nacional-do-iguacu-durante-passeio-do-macuco-safari-e-mobiliza-equipes-de-resgate-em-foz-do-iguacu\/#primaryimage"},"thumbnailUrl":"https:\/\/ubirataonline.com.br\/wp-content\/uploads\/2026\/07\/news-159113-1785256480.avif","datePublished":"2026-07-28T16:34:39+00:00","description":"Uma embarca\u00e7\u00e3o do Macuco Safari virou durante um passeio no Parque Nacional do Igua\u00e7u, gerando uma opera\u00e7\u00e3o de socorro imediata nesta ter\u00e7a-feira, dia","breadcrumb":{"@id":"https:\/\/ubirataonline.com.br\/barco-vira-no-parque-nacional-do-iguacu-durante-passeio-do-macuco-safari-e-mobiliza-equipes-de-resgate-em-foz-do-iguacu\/#breadcrumb"},"inLanguage":"en-US","potentialAction":[{"@type":"ReadAction","target":["https:\/\/ubirataonline.com.br\/barco-vira-no-parque-nacional-do-iguacu-durante-passeio-do-macuco-safari-e-mobiliza-equipes-de-resgate-em-foz-do-iguacu\/"]}]},{"@type":"ImageObject","inLanguage":"en-US","@id":"https:\/\/ubirataonline.com.br\/barco-vira-no-parque-nacional-do-iguacu-durante-passeio-do-macuco-safari-e-mobiliza-equipes-de-resgate-em-foz-do-iguacu\/#primaryimage","url":"https:\/\/ubirataonline.com.br\/wp-content\/uploads\/2026\/07\/news-159113-1785256480.avif","contentUrl":"https:\/\/ubirataonline.com.br\/wp-content\/uploads\/2026\/07\/news-159113-1785256480.avif","width":650,"height":366},{"@type":"BreadcrumbList","@id":"https:\/\/ubirataonline.com.br\/barco-vira-no-parque-nacional-do-iguacu-durante-passeio-do-macuco-safari-e-mobiliza-equipes-de-resgate-em-foz-do-iguacu\/#breadcrumb","itemListElement":[{"@type":"ListItem","position":1,"name":"In\u00edcio","item":"https:\/\/ubirataonline.com.br\/"},{"@type":"ListItem","position":2,"name":"Barco vira no Parque Nacional do Igua\u00e7u durante passeio do Macuco Safari e mobiliza equipes de resgate em Foz do Igua\u00e7u"}]},{"@type":"WebSite","@id":"https:\/\/ubirataonline.com.br\/#website","url":"https:\/\/ubirataonline.com.br\/","name":"Ubirat\u00e3 Online Not\u00edcias","description":"Not\u00edcias de Ubirat\u00e3, regi\u00e3o, Brasil e mundo, com informa\u00e7\u00e3o atualizada e compromisso com o leitor.","publisher":{"@id":"https:\/\/ubirataonline.com.br\/#organization"},"alternateName":"Ubirat\u00e3 Online","potentialAction":[{"@type":"SearchAction","target":{"@type":"EntryPoint","urlTemplate":"https:\/\/ubirataonline.com.br\/?s={search_term_string}"},"query-input":{"@type":"PropertyValueSpecification","valueRequired":true,"valueName":"search_term_string"}}],"inLanguage":"en-US"},{"@type":["Organization","Place"],"@id":"https:\/\/ubirataonline.com.br\/#organization","name":"Ubirat\u00e3 Online Not\u00edcias","alternateName":"Ubirat\u00e3 Online","url":"https:\/\/ubirataonline.com.br\/","logo":{"@id":"https:\/\/ubirataonline.com.br\/barco-vira-no-parque-nacional-do-iguacu-durante-passeio-do-macuco-safari-e-mobiliza-equipes-de-resgate-em-foz-do-iguacu\/#local-main-organization-logo"},"image":{"@id":"https:\/\/ubirataonline.com.br\/barco-vira-no-parque-nacional-do-iguacu-durante-passeio-do-macuco-safari-e-mobiliza-equipes-de-resgate-em-foz-do-iguacu\/#local-main-organization-logo"},"sameAs":["https:\/\/www.facebook.com\/portalubirataonline","https:\/\/x.com\/ubirataonline","https:\/\/mastodon.social\/@ubirataonline","https:\/\/www.facebook.com\/groups\/311144672285604","https:\/\/www.facebook.com\/UBTAOnline","https:\/\/www.instagram.com\/portalubirataonline\/","https:\/\/twitter.com\/ubirataonline"],"description":"Somos um portal de not\u00edcias independente, criado em 5 de janeiro de 2009, com o objetivo de informar, conectar e valorizar a nossa comunidade de Ubirat\u00e3 e toda aregi\u00e3o. Com conte\u00fado atualizado, confi\u00e1vel e relevante, o Ubirat\u00e3 Online \u00e9 o seu espa\u00e7o para ficar por dentro dos principais acontecimentos locais, regionais, Brasil, Mundo e de interesse geral. Nosso compromisso \u00e9 com a verdade, a transpar\u00eancia e o respeito ao leitor.","legalName":"UBIRATA ONLINE NOT\u00cdCIAS","foundingDate":"2009-01-05","numberOfEmployees":{"@type":"QuantitativeValue","minValue":"1","maxValue":"10"},"publishingPrinciples":"https:\/\/ubirataonline.com.br\/faq\/","address":{"@id":"https:\/\/ubirataonline.com.br\/barco-vira-no-parque-nacional-do-iguacu-durante-passeio-do-macuco-safari-e-mobiliza-equipes-de-resgate-em-foz-do-iguacu\/#local-main-place-address"},"geo":{"@type":"GeoCoordinates","latitude":"-24.5361401","longitude":"-52.9921776"},"telephone":["+5544998308235"],"contactPoint":{"@type":"ContactPoint","email":"contato@ubirataonline.com.br"},"openingHoursSpecification":{"@type":"OpeningHoursSpecification","dayOfWeek":["Monday","Tuesday","Wednesday","Thursday","Friday","Saturday","Sunday"],"opens":"00:00","closes":"23:59"},"email":"contato@ubirataonline.com.br","vatID":"47.621.418\/0001-80"},{"@type":"Person","@id":"https:\/\/ubirataonline.com.br\/#\/schema\/person\/372f87bbd3fdd79b8556b84c98d0bc1c","name":"REDA\u00c7\u00c3O: UBIRAT\u00c3 ONLINE - F\u00c1BIO AUGUSTO CELESTINO","pronouns":"Ele","description":"Desde 2003 trabalhando com not\u00edcias.","sameAs":["http:\/\/ubirataoline.com.br","https:\/\/www.facebook.com\/portalubirataonline","https:\/\/www.instagram.com\/ubirataonline_oficial","https:\/\/x.com\/x.com\/ubirataonline"],"honorificPrefix":"Mr.","honorificSuffix":"MD","birthDate":"1980-06-16","gender":"masculino","award":["V\u00e1rios pr\u00eamios de melhor portal da cidade"],"jobTitle":"Diretor","url":"https:\/\/ubirataonline.com.br\/en\/author\/ubirataonline\/"},{"@type":"PostalAddress","@id":"https:\/\/ubirataonline.com.br\/barco-vira-no-parque-nacional-do-iguacu-durante-passeio-do-macuco-safari-e-mobiliza-equipes-de-resgate-em-foz-do-iguacu\/#local-main-place-address","streetAddress":"Rua dos Coqueiros, 104 - Bairro Boa Vista, Rua dos Coqueiros, 104 Bairro Boa Vista","addressLocality":"UBIRATA","postalCode":"85440-000","addressRegion":"PR","addressCountry":"BR"},{"@type":"ImageObject","inLanguage":"en-US","@id":"https:\/\/ubirataonline.com.br\/barco-vira-no-parque-nacional-do-iguacu-durante-passeio-do-macuco-safari-e-mobiliza-equipes-de-resgate-em-foz-do-iguacu\/#local-main-organization-logo","url":"https:\/\/ubirataonline.com.br\/wp-content\/uploads\/2026\/06\/logoubirataonline-1.webp","contentUrl":"https:\/\/ubirataonline.com.br\/wp-content\/uploads\/2026\/06\/logoubirataonline-1.webp","width":500,"height":500,"caption":"Ubirat\u00e3 Online Not\u00edcias"}]},"geo.placename":"UBIRATA","geo.position":{"lat":"-24.5361401","long":"-52.9921776"},"geo.region":"Brazil"},"_links":{"self":[{"href":"https:\/\/ubirataonline.com.br\/en\/wp-json\/wp\/v2\/posts\/159113","targetHints":{"allow":["GET"]}}],"collection":[{"href":"https:\/\/ubirataonline.com.br\/en\/wp-json\/wp\/v2\/posts"}],"about":[{"href":"https:\/\/ubirataonline.com.br\/en\/wp-json\/wp\/v2\/types\/post"}],"author":[{"embeddable":true,"href":"https:\/\/ubirataonline.com.br\/en\/wp-json\/wp\/v2\/users\/1"}],"replies":[{"embeddable":true,"href":"https:\/\/ubirataonline.com.br\/en\/wp-json\/wp\/v2\/comments?post=159113"}],"version-history":[{"count":0,"href":"https:\/\/ubirataonline.com.br\/en\/wp-json\/wp\/v2\/posts\/159113\/revisions"}],"wp:featuredmedia":[{"embeddable":true,"href":"https:\/\/ubirataonline.com.br\/en\/wp-json\/wp\/v2\/media\/159114"}],"wp:attachment":[{"href":"https:\/\/ubirataonline.com.br\/en\/wp-json\/wp\/v2\/media?parent=159113"}],"wp:term":[{"taxonomy":"category","embeddable":true,"href":"https:\/\/ubirataonline.com.br\/en\/wp-json\/wp\/v2\/categories?post=159113"},{"taxonomy":"post_tag","embeddable":true,"href":"https:\/\/ubirataonline.com.br\/en\/wp-json\/wp\/v2\/tags?post=159113"}],"curies":[{"name":"wp","href":"https:\/\/api.w.org\/{rel}","templated":true}]}}