{"id":159567,"date":"2026-07-29T15:21:40","date_gmt":"2026-07-29T18:21:40","guid":{"rendered":"https:\/\/ubirataonline.com.br\/real-betis-ol-tessmann-titulaire-himbert-en-pointe\/"},"modified":"2026-07-29T15:21:40","modified_gmt":"2026-07-29T18:21:40","slug":"real-betis-ol-tessmann-titulaire-himbert-en-pointe","status":"publish","type":"post","link":"https:\/\/ubirataonline.com.br\/en\/real-betis-ol-tessmann-titulaire-himbert-en-pointe\/","title":{"rendered":"Real Betis &#8211; OL : Tessmann titulaire, Himbert en pointe"},"content":{"rendered":"<p><\/p>\n<div>\n                            <\/p>\n<p>Tanner Tessmann au duel lors de Real Betis \u2013 OL (Photo by CRISTINA QUICLER \/ AFP)<\/p>\n<\/p><\/div>\n<div>\n<h2 class=\"wp-block-heading\">Ce mercredi, l&#8217;OL dispute son dernier match de pr\u00e9paration contre le Real Betis. A sept jours du d\u00e9placement \u00e0 Prague pour affronter le Sparta, Paulo Fonseca aligne un onze proche du onze qui sera align\u00e9 en Ligue des champions, malgr\u00e9 quelques absences.<\/h2>\n<p class=\"wp-block-paragraph\">Ils ont d\u00e9barqu\u00e9 du c\u00f4t\u00e9 de Gibraltar au milieu de la journ\u00e9e avant de mettre le cap vers l&#8217;Estadio Ciudad de La L\u00ednea, \u00e0 quelques encablures de Cadix. Restait toutefois \u00e0 conna\u00eetre quel groupe avait choisi d&#8217;amener Paulo Fonseca en Espagne pour son ultime r\u00e9p\u00e9tition. Sans surprise, l&#8217;entra\u00eeneur a restreint son effectif \u00e0 moins d&#8217;une semaine du match aller contre le Sparta Prague. Fini les grandes rotations comme sur les cinq premiers amicaux de l&#8217;\u00e9t\u00e9 et place \u00e0 une r\u00e9p\u00e9tition g\u00e9n\u00e9rale contre le Real Betis.<\/p>\n<h3 class=\"wp-block-heading\">Bidstrup et Sulc toujours absents<\/h3>\n<p class=\"wp-block-paragraph\">Seulement, il y a quand m\u00eame quelques hics puisque Lo\u00efs Openda n&#8217;a pas fait le d\u00e9placement et jouera donc pour la premi\u00e8re fois avec ses nouveaux co\u00e9quipiers en Tch\u00e9quie. Tout juste de retour \u00e0 l&#8217;entra\u00eenement, Khalis Merah n&#8217;a pas fait le d\u00e9placement, tout comme Moussa Niakhat\u00e9, suspendu en Ligue des champions. Pr\u00e9serv\u00e9 contre Wolfsburg, Ernest Nuamah est bien dans le groupe et pourrait conna\u00eetre quelques minutes.<\/p>\n<p class=\"wp-block-paragraph\"><strong>La composition de l&#8217;OL :<\/strong> Greif &#8211; Maitland-Niles, Mata, Kluivert, Ouedraogo &#8211; Morton, Tessmann &#8211; Boudache, Tolisso, Duranville &#8211; Himbert<\/p>\n<\/p><\/div>\n<p><a href=\"https:\/\/ubirataonline.com.br\/en\/noticias\/\" target=\"_blank\" rel=\"noopener noreferrer\">Mais Not\u00edcias<\/a><\/p>\n<p><a href=\"https:\/\/ubirataonline.com.br\/en\/\" target=\"_blank\" rel=\"noopener noreferrer\">Home Page &#8211; In\u00edcio<\/a><\/p>\n<p><a href=\"https:\/\/www.olympique-et-lyonnais.com\/real-betis-ol-tessmann-titulaire-himbert-en-pointe,403666.html\">Source link <\/a><br \/>\nSee more: <a href=\"https:\/\/theglobaltrack.com\/\" target=\"_blank\" rel=\"noopener noreferrer\">The Global Track<\/a><\/p>\n<p><a href=\"https:\/\/corinthiames.com.br\/\" target=\"_blank\" rel=\"noopener noreferrer\">Corinthia Mes<\/a><\/p>","protected":false},"excerpt":{"rendered":"<p>Tanner Tessmann au duel lors de Real Betis \u2013 OL (Photo by CRISTINA QUICLER \/ AFP) Ce mercredi, l&#8217;OL dispute son dernier match de pr\u00e9paration contre le Real Betis. A sept jours du d\u00e9placement \u00e0 Prague pour affronter le Sparta, Paulo Fonseca aligne un onze proche du onze qui sera align\u00e9 en Ligue des champions, [&hellip;]<\/p>\n","protected":false},"author":1,"featured_media":159568,"comment_status":"","ping_status":"","sticky":false,"template":"","format":"standard","meta":{"googlesitekit_rrm_CAow2JLhCw:productID":"","_gspb_post_css":"","maa_idioma":"","maa_pais":"","footnotes":""},"categories":[40158],"tags":[4843,43386,29100,2969,38753,33068],"class_list":["post-159567","post","type-post","status-publish","format-standard","has-post-thumbnail","hentry","category-world","tag-betis","tag-himbert","tag-pointe","tag-real","tag-tessmann","tag-titulaire"],"blocksy_meta":[],"yoast_head":"<!-- This site is optimized with the Yoast SEO Premium plugin v27.6 (Yoast SEO v27.6) - https:\/\/yoast.com\/product\/yoast-seo-premium-wordpress\/ -->\n<title>Real Betis - OL : Tessmann titulaire, Himbert en pointe - Ubirat\u00e3 Online Not\u00edcias - A realidade ao seu alcance!<\/title>\n<meta name=\"description\" content=\"A sept jours du d\u00e9placement \u00e0 Prague pour affronter le Sparta, l&#039;OL aligne un onze proche du onze qui sera align\u00e9 en Ligue des champions.\" \/>\n<meta name=\"robots\" content=\"index, follow, max-snippet:-1, max-image-preview:large, max-video-preview:-1\" \/>\n<link rel=\"canonical\" href=\"https:\/\/ubirataonline.com.br\/en\/real-betis-ol-tessmann-titulaire-himbert-en-pointe\/\" \/>\n<meta property=\"og:locale\" content=\"en_US\" \/>\n<meta property=\"og:type\" content=\"article\" \/>\n<meta property=\"og:title\" content=\"Real Betis - OL : Tessmann titulaire, Himbert en pointe\" \/>\n<meta property=\"og:description\" content=\"A sept jours du d\u00e9placement \u00e0 Prague pour affronter le Sparta, l&#039;OL aligne un onze proche du onze qui sera align\u00e9 en Ligue des champions.\" \/>\n<meta property=\"og:url\" content=\"https:\/\/ubirataonline.com.br\/en\/real-betis-ol-tessmann-titulaire-himbert-en-pointe\/\" \/>\n<meta property=\"og:site_name\" content=\"Ubirat\u00e3 Online Not\u00edcias - A realidade ao seu alcance!\" \/>\n<meta property=\"article:publisher\" content=\"https:\/\/www.facebook.com\/portalubirataonline\" \/>\n<meta property=\"article:author\" content=\"https:\/\/www.facebook.com\/portalubirataonline\" \/>\n<meta property=\"article:published_time\" content=\"2026-07-29T18:21:40+00:00\" \/>\n<meta property=\"og:image\" content=\"https:\/\/ubirataonline.com.br\/wp-content\/uploads\/2026\/07\/Real-Betis-OL-Tessmann-titulaire-Himbert-en-pointe.jpg\" \/>\n\t<meta property=\"og:image:width\" content=\"1920\" \/>\n\t<meta property=\"og:image:height\" content=\"1280\" \/>\n\t<meta property=\"og:image:type\" content=\"image\/jpeg\" \/>\n<meta name=\"author\" content=\"REDA\u00c7\u00c3O: UBIRAT\u00c3 ONLINE - F\u00c1BIO AUGUSTO CELESTINO\" \/>\n<meta name=\"twitter:card\" content=\"summary_large_image\" \/>\n<meta name=\"twitter:creator\" content=\"@x.com\/ubirataonline\" \/>\n<meta name=\"twitter:site\" content=\"@ubirataonline\" \/>\n<meta name=\"twitter:label1\" content=\"Written by\" \/>\n\t<meta name=\"twitter:data1\" content=\"REDA\u00c7\u00c3O: UBIRAT\u00c3 ONLINE - F\u00c1BIO AUGUSTO CELESTINO\" \/>\n\t<meta name=\"twitter:label2\" content=\"Est. reading time\" \/>\n\t<meta name=\"twitter:data2\" content=\"1 minute\" \/>\n<script type=\"application\/ld+json\" class=\"yoast-schema-graph\">{\"@context\":\"https:\\\/\\\/schema.org\",\"@graph\":[{\"@type\":\"NewsArticle\",\"@id\":\"https:\\\/\\\/ubirataonline.com.br\\\/real-betis-ol-tessmann-titulaire-himbert-en-pointe\\\/#article\",\"isPartOf\":{\"@id\":\"https:\\\/\\\/ubirataonline.com.br\\\/real-betis-ol-tessmann-titulaire-himbert-en-pointe\\\/\"},\"author\":{\"name\":\"REDA\u00c7\u00c3O: UBIRAT\u00c3 ONLINE - F\u00c1BIO AUGUSTO CELESTINO\",\"@id\":\"https:\\\/\\\/ubirataonline.com.br\\\/#\\\/schema\\\/person\\\/372f87bbd3fdd79b8556b84c98d0bc1c\"},\"headline\":\"Real Betis &#8211; OL : Tessmann titulaire, Himbert en pointe\",\"datePublished\":\"2026-07-29T18:21:40+00:00\",\"mainEntityOfPage\":{\"@id\":\"https:\\\/\\\/ubirataonline.com.br\\\/real-betis-ol-tessmann-titulaire-himbert-en-pointe\\\/\"},\"wordCount\":285,\"publisher\":{\"@id\":\"https:\\\/\\\/ubirataonline.com.br\\\/#organization\"},\"image\":{\"@id\":\"https:\\\/\\\/ubirataonline.com.br\\\/real-betis-ol-tessmann-titulaire-himbert-en-pointe\\\/#primaryimage\"},\"thumbnailUrl\":\"https:\\\/\\\/ubirataonline.com.br\\\/wp-content\\\/uploads\\\/2026\\\/07\\\/Real-Betis-OL-Tessmann-titulaire-Himbert-en-pointe.jpg\",\"keywords\":[\"Betis\",\"Himbert\",\"Pointe\",\"real\",\"Tessmann\",\"titulaire\"],\"articleSection\":[\"World\"],\"inLanguage\":\"en-US\",\"copyrightYear\":\"2026\",\"copyrightHolder\":{\"@id\":\"https:\\\/\\\/ubirataonline.com.br\\\/en\\\/#organization\"}},{\"@type\":\"WebPage\",\"@id\":\"https:\\\/\\\/ubirataonline.com.br\\\/real-betis-ol-tessmann-titulaire-himbert-en-pointe\\\/\",\"url\":\"https:\\\/\\\/ubirataonline.com.br\\\/real-betis-ol-tessmann-titulaire-himbert-en-pointe\\\/\",\"name\":\"Real Betis - OL : Tessmann titulaire, Himbert en pointe - Ubirat\u00e3 Online Not\u00edcias - A realidade ao seu alcance!\",\"isPartOf\":{\"@id\":\"https:\\\/\\\/ubirataonline.com.br\\\/#website\"},\"primaryImageOfPage\":{\"@id\":\"https:\\\/\\\/ubirataonline.com.br\\\/real-betis-ol-tessmann-titulaire-himbert-en-pointe\\\/#primaryimage\"},\"image\":{\"@id\":\"https:\\\/\\\/ubirataonline.com.br\\\/real-betis-ol-tessmann-titulaire-himbert-en-pointe\\\/#primaryimage\"},\"thumbnailUrl\":\"https:\\\/\\\/ubirataonline.com.br\\\/wp-content\\\/uploads\\\/2026\\\/07\\\/Real-Betis-OL-Tessmann-titulaire-Himbert-en-pointe.jpg\",\"datePublished\":\"2026-07-29T18:21:40+00:00\",\"description\":\"A sept jours du d\u00e9placement \u00e0 Prague pour affronter le Sparta, l&#039;OL aligne un onze proche du onze qui sera align\u00e9 en Ligue des champions.\",\"breadcrumb\":{\"@id\":\"https:\\\/\\\/ubirataonline.com.br\\\/real-betis-ol-tessmann-titulaire-himbert-en-pointe\\\/#breadcrumb\"},\"inLanguage\":\"en-US\",\"potentialAction\":[{\"@type\":\"ReadAction\",\"target\":[\"https:\\\/\\\/ubirataonline.com.br\\\/real-betis-ol-tessmann-titulaire-himbert-en-pointe\\\/\"]}]},{\"@type\":\"ImageObject\",\"inLanguage\":\"en-US\",\"@id\":\"https:\\\/\\\/ubirataonline.com.br\\\/real-betis-ol-tessmann-titulaire-himbert-en-pointe\\\/#primaryimage\",\"url\":\"https:\\\/\\\/ubirataonline.com.br\\\/wp-content\\\/uploads\\\/2026\\\/07\\\/Real-Betis-OL-Tessmann-titulaire-Himbert-en-pointe.jpg\",\"contentUrl\":\"https:\\\/\\\/ubirataonline.com.br\\\/wp-content\\\/uploads\\\/2026\\\/07\\\/Real-Betis-OL-Tessmann-titulaire-Himbert-en-pointe.jpg\",\"width\":1920,\"height\":1280,\"caption\":\"Real Betis - OL : Tessmann titulaire, Himbert en pointe\"},{\"@type\":\"BreadcrumbList\",\"@id\":\"https:\\\/\\\/ubirataonline.com.br\\\/real-betis-ol-tessmann-titulaire-himbert-en-pointe\\\/#breadcrumb\",\"itemListElement\":[{\"@type\":\"ListItem\",\"position\":1,\"name\":\"In\u00edcio\",\"item\":\"https:\\\/\\\/ubirataonline.com.br\\\/\"},{\"@type\":\"ListItem\",\"position\":2,\"name\":\"Real Betis &#8211; OL : Tessmann titulaire, Himbert en pointe\"}]},{\"@type\":\"WebSite\",\"@id\":\"https:\\\/\\\/ubirataonline.com.br\\\/#website\",\"url\":\"https:\\\/\\\/ubirataonline.com.br\\\/\",\"name\":\"Ubirat\u00e3 Online Not\u00edcias\",\"description\":\"Not\u00edcias de Ubirat\u00e3, regi\u00e3o, Brasil e mundo, com informa\u00e7\u00e3o atualizada e compromisso com o leitor.\",\"publisher\":{\"@id\":\"https:\\\/\\\/ubirataonline.com.br\\\/#organization\"},\"alternateName\":\"Ubirat\u00e3 Online\",\"potentialAction\":[{\"@type\":\"SearchAction\",\"target\":{\"@type\":\"EntryPoint\",\"urlTemplate\":\"https:\\\/\\\/ubirataonline.com.br\\\/?s={search_term_string}\"},\"query-input\":{\"@type\":\"PropertyValueSpecification\",\"valueRequired\":true,\"valueName\":\"search_term_string\"}}],\"inLanguage\":\"en-US\"},{\"@type\":[\"Organization\",\"Place\"],\"@id\":\"https:\\\/\\\/ubirataonline.com.br\\\/#organization\",\"name\":\"Ubirat\u00e3 Online Not\u00edcias\",\"alternateName\":\"Ubirat\u00e3 Online\",\"url\":\"https:\\\/\\\/ubirataonline.com.br\\\/\",\"logo\":{\"@id\":\"https:\\\/\\\/ubirataonline.com.br\\\/real-betis-ol-tessmann-titulaire-himbert-en-pointe\\\/#local-main-organization-logo\"},\"image\":{\"@id\":\"https:\\\/\\\/ubirataonline.com.br\\\/real-betis-ol-tessmann-titulaire-himbert-en-pointe\\\/#local-main-organization-logo\"},\"sameAs\":[\"https:\\\/\\\/www.facebook.com\\\/portalubirataonline\",\"https:\\\/\\\/x.com\\\/ubirataonline\",\"https:\\\/\\\/mastodon.social\\\/@ubirataonline\",\"https:\\\/\\\/www.facebook.com\\\/groups\\\/311144672285604\",\"https:\\\/\\\/www.facebook.com\\\/UBTAOnline\",\"https:\\\/\\\/www.instagram.com\\\/portalubirataonline\\\/\",\"https:\\\/\\\/twitter.com\\\/ubirataonline\"],\"description\":\"Somos um portal de not\u00edcias independente, criado em 5 de janeiro de 2009, com o objetivo de informar, conectar e valorizar a nossa comunidade de Ubirat\u00e3 e toda aregi\u00e3o. Com conte\u00fado atualizado, confi\u00e1vel e relevante, o Ubirat\u00e3 Online \u00e9 o seu espa\u00e7o para ficar por dentro dos principais acontecimentos locais, regionais, Brasil, Mundo e de interesse geral. Nosso compromisso \u00e9 com a verdade, a transpar\u00eancia e o respeito ao leitor.\",\"legalName\":\"UBIRATA ONLINE NOT\u00cdCIAS\",\"foundingDate\":\"2009-01-05\",\"numberOfEmployees\":{\"@type\":\"QuantitativeValue\",\"minValue\":\"1\",\"maxValue\":\"10\"},\"publishingPrinciples\":\"https:\\\/\\\/ubirataonline.com.br\\\/faq\\\/\",\"address\":{\"@id\":\"https:\\\/\\\/ubirataonline.com.br\\\/real-betis-ol-tessmann-titulaire-himbert-en-pointe\\\/#local-main-place-address\"},\"geo\":{\"@type\":\"GeoCoordinates\",\"latitude\":\"-24.5361401\",\"longitude\":\"-52.9921776\"},\"telephone\":[\"+5544998308235\"],\"contactPoint\":{\"@type\":\"ContactPoint\",\"email\":\"contato@ubirataonline.com.br\"},\"openingHoursSpecification\":{\"@type\":\"OpeningHoursSpecification\",\"dayOfWeek\":[\"Monday\",\"Tuesday\",\"Wednesday\",\"Thursday\",\"Friday\",\"Saturday\",\"Sunday\"],\"opens\":\"00:00\",\"closes\":\"23:59\"},\"email\":\"contato@ubirataonline.com.br\",\"vatID\":\"47.621.418\\\/0001-80\"},{\"@type\":\"Person\",\"@id\":\"https:\\\/\\\/ubirataonline.com.br\\\/#\\\/schema\\\/person\\\/372f87bbd3fdd79b8556b84c98d0bc1c\",\"name\":\"REDA\u00c7\u00c3O: UBIRAT\u00c3 ONLINE - F\u00c1BIO AUGUSTO CELESTINO\",\"pronouns\":\"Ele\",\"description\":\"Desde 2003 trabalhando com not\u00edcias.\",\"sameAs\":[\"http:\\\/\\\/ubirataoline.com.br\",\"https:\\\/\\\/www.facebook.com\\\/portalubirataonline\",\"https:\\\/\\\/www.instagram.com\\\/ubirataonline_oficial\",\"https:\\\/\\\/x.com\\\/x.com\\\/ubirataonline\"],\"honorificPrefix\":\"Mr.\",\"honorificSuffix\":\"MD\",\"birthDate\":\"1980-06-16\",\"gender\":\"masculino\",\"award\":[\"V\u00e1rios pr\u00eamios de melhor portal da cidade\"],\"jobTitle\":\"Diretor\",\"url\":\"https:\\\/\\\/ubirataonline.com.br\\\/en\\\/author\\\/ubirataonline\\\/\"},{\"@type\":\"PostalAddress\",\"@id\":\"https:\\\/\\\/ubirataonline.com.br\\\/real-betis-ol-tessmann-titulaire-himbert-en-pointe\\\/#local-main-place-address\",\"streetAddress\":\"Rua dos Coqueiros, 104 - Bairro Boa Vista, Rua dos Coqueiros, 104 Bairro Boa Vista\",\"addressLocality\":\"UBIRATA\",\"postalCode\":\"85440-000\",\"addressRegion\":\"PR\",\"addressCountry\":\"BR\"},{\"@type\":\"ImageObject\",\"inLanguage\":\"en-US\",\"@id\":\"https:\\\/\\\/ubirataonline.com.br\\\/real-betis-ol-tessmann-titulaire-himbert-en-pointe\\\/#local-main-organization-logo\",\"url\":\"https:\\\/\\\/ubirataonline.com.br\\\/wp-content\\\/uploads\\\/2026\\\/06\\\/logoubirataonline-1.webp\",\"contentUrl\":\"https:\\\/\\\/ubirataonline.com.br\\\/wp-content\\\/uploads\\\/2026\\\/06\\\/logoubirataonline-1.webp\",\"width\":500,\"height\":500,\"caption\":\"Ubirat\u00e3 Online Not\u00edcias\"}]}<\/script>\n<meta name=\"geo.placename\" content=\"UBIRATA\" \/>\n<meta name=\"geo.position\" content=\"-24.5361401;-52.9921776\" \/>\n<meta name=\"geo.region\" content=\"Brazil\" \/>\n<!-- \/ Yoast SEO Premium plugin. -->","yoast_head_json":{"title":"Real Betis - OL : Tessmann titulaire, Himbert en pointe - Ubirat\u00e3 Online Not\u00edcias - A realidade ao seu alcance!","description":"A sept jours du d\u00e9placement \u00e0 Prague pour affronter le Sparta, l&#039;OL aligne un onze proche du onze qui sera align\u00e9 en Ligue des champions.","robots":{"index":"index","follow":"follow","max-snippet":"max-snippet:-1","max-image-preview":"max-image-preview:large","max-video-preview":"max-video-preview:-1"},"canonical":"https:\/\/ubirataonline.com.br\/en\/real-betis-ol-tessmann-titulaire-himbert-en-pointe\/","og_locale":"en_US","og_type":"article","og_title":"Real Betis - OL : Tessmann titulaire, Himbert en pointe","og_description":"A sept jours du d\u00e9placement \u00e0 Prague pour affronter le Sparta, l&#039;OL aligne un onze proche du onze qui sera align\u00e9 en Ligue des champions.","og_url":"https:\/\/ubirataonline.com.br\/en\/real-betis-ol-tessmann-titulaire-himbert-en-pointe\/","og_site_name":"Ubirat\u00e3 Online Not\u00edcias - A realidade ao seu alcance!","article_publisher":"https:\/\/www.facebook.com\/portalubirataonline","article_author":"https:\/\/www.facebook.com\/portalubirataonline","article_published_time":"2026-07-29T18:21:40+00:00","og_image":[{"width":1920,"height":1280,"url":"https:\/\/ubirataonline.com.br\/wp-content\/uploads\/2026\/07\/Real-Betis-OL-Tessmann-titulaire-Himbert-en-pointe.jpg","type":"image\/jpeg"}],"author":"REDA\u00c7\u00c3O: UBIRAT\u00c3 ONLINE - F\u00c1BIO AUGUSTO CELESTINO","twitter_card":"summary_large_image","twitter_creator":"@x.com\/ubirataonline","twitter_site":"@ubirataonline","twitter_misc":{"Written by":"REDA\u00c7\u00c3O: UBIRAT\u00c3 ONLINE - F\u00c1BIO AUGUSTO CELESTINO","Est. reading time":"1 minute"},"schema":{"@context":"https:\/\/schema.org","@graph":[{"@type":"NewsArticle","@id":"https:\/\/ubirataonline.com.br\/real-betis-ol-tessmann-titulaire-himbert-en-pointe\/#article","isPartOf":{"@id":"https:\/\/ubirataonline.com.br\/real-betis-ol-tessmann-titulaire-himbert-en-pointe\/"},"author":{"name":"REDA\u00c7\u00c3O: UBIRAT\u00c3 ONLINE - F\u00c1BIO AUGUSTO CELESTINO","@id":"https:\/\/ubirataonline.com.br\/#\/schema\/person\/372f87bbd3fdd79b8556b84c98d0bc1c"},"headline":"Real Betis &#8211; OL : Tessmann titulaire, Himbert en pointe","datePublished":"2026-07-29T18:21:40+00:00","mainEntityOfPage":{"@id":"https:\/\/ubirataonline.com.br\/real-betis-ol-tessmann-titulaire-himbert-en-pointe\/"},"wordCount":285,"publisher":{"@id":"https:\/\/ubirataonline.com.br\/#organization"},"image":{"@id":"https:\/\/ubirataonline.com.br\/real-betis-ol-tessmann-titulaire-himbert-en-pointe\/#primaryimage"},"thumbnailUrl":"https:\/\/ubirataonline.com.br\/wp-content\/uploads\/2026\/07\/Real-Betis-OL-Tessmann-titulaire-Himbert-en-pointe.jpg","keywords":["Betis","Himbert","Pointe","real","Tessmann","titulaire"],"articleSection":["World"],"inLanguage":"en-US","copyrightYear":"2026","copyrightHolder":{"@id":"https:\/\/ubirataonline.com.br\/en\/#organization"}},{"@type":"WebPage","@id":"https:\/\/ubirataonline.com.br\/real-betis-ol-tessmann-titulaire-himbert-en-pointe\/","url":"https:\/\/ubirataonline.com.br\/real-betis-ol-tessmann-titulaire-himbert-en-pointe\/","name":"Real Betis - OL : Tessmann titulaire, Himbert en pointe - Ubirat\u00e3 Online Not\u00edcias - A realidade ao seu alcance!","isPartOf":{"@id":"https:\/\/ubirataonline.com.br\/#website"},"primaryImageOfPage":{"@id":"https:\/\/ubirataonline.com.br\/real-betis-ol-tessmann-titulaire-himbert-en-pointe\/#primaryimage"},"image":{"@id":"https:\/\/ubirataonline.com.br\/real-betis-ol-tessmann-titulaire-himbert-en-pointe\/#primaryimage"},"thumbnailUrl":"https:\/\/ubirataonline.com.br\/wp-content\/uploads\/2026\/07\/Real-Betis-OL-Tessmann-titulaire-Himbert-en-pointe.jpg","datePublished":"2026-07-29T18:21:40+00:00","description":"A sept jours du d\u00e9placement \u00e0 Prague pour affronter le Sparta, l&#039;OL aligne un onze proche du onze qui sera align\u00e9 en Ligue des champions.","breadcrumb":{"@id":"https:\/\/ubirataonline.com.br\/real-betis-ol-tessmann-titulaire-himbert-en-pointe\/#breadcrumb"},"inLanguage":"en-US","potentialAction":[{"@type":"ReadAction","target":["https:\/\/ubirataonline.com.br\/real-betis-ol-tessmann-titulaire-himbert-en-pointe\/"]}]},{"@type":"ImageObject","inLanguage":"en-US","@id":"https:\/\/ubirataonline.com.br\/real-betis-ol-tessmann-titulaire-himbert-en-pointe\/#primaryimage","url":"https:\/\/ubirataonline.com.br\/wp-content\/uploads\/2026\/07\/Real-Betis-OL-Tessmann-titulaire-Himbert-en-pointe.jpg","contentUrl":"https:\/\/ubirataonline.com.br\/wp-content\/uploads\/2026\/07\/Real-Betis-OL-Tessmann-titulaire-Himbert-en-pointe.jpg","width":1920,"height":1280,"caption":"Real Betis - OL : Tessmann titulaire, Himbert en pointe"},{"@type":"BreadcrumbList","@id":"https:\/\/ubirataonline.com.br\/real-betis-ol-tessmann-titulaire-himbert-en-pointe\/#breadcrumb","itemListElement":[{"@type":"ListItem","position":1,"name":"In\u00edcio","item":"https:\/\/ubirataonline.com.br\/"},{"@type":"ListItem","position":2,"name":"Real Betis &#8211; OL : Tessmann titulaire, Himbert en pointe"}]},{"@type":"WebSite","@id":"https:\/\/ubirataonline.com.br\/#website","url":"https:\/\/ubirataonline.com.br\/","name":"Ubirat\u00e3 Online Not\u00edcias","description":"Not\u00edcias de Ubirat\u00e3, regi\u00e3o, Brasil e mundo, com informa\u00e7\u00e3o atualizada e compromisso com o leitor.","publisher":{"@id":"https:\/\/ubirataonline.com.br\/#organization"},"alternateName":"Ubirat\u00e3 Online","potentialAction":[{"@type":"SearchAction","target":{"@type":"EntryPoint","urlTemplate":"https:\/\/ubirataonline.com.br\/?s={search_term_string}"},"query-input":{"@type":"PropertyValueSpecification","valueRequired":true,"valueName":"search_term_string"}}],"inLanguage":"en-US"},{"@type":["Organization","Place"],"@id":"https:\/\/ubirataonline.com.br\/#organization","name":"Ubirat\u00e3 Online Not\u00edcias","alternateName":"Ubirat\u00e3 Online","url":"https:\/\/ubirataonline.com.br\/","logo":{"@id":"https:\/\/ubirataonline.com.br\/real-betis-ol-tessmann-titulaire-himbert-en-pointe\/#local-main-organization-logo"},"image":{"@id":"https:\/\/ubirataonline.com.br\/real-betis-ol-tessmann-titulaire-himbert-en-pointe\/#local-main-organization-logo"},"sameAs":["https:\/\/www.facebook.com\/portalubirataonline","https:\/\/x.com\/ubirataonline","https:\/\/mastodon.social\/@ubirataonline","https:\/\/www.facebook.com\/groups\/311144672285604","https:\/\/www.facebook.com\/UBTAOnline","https:\/\/www.instagram.com\/portalubirataonline\/","https:\/\/twitter.com\/ubirataonline"],"description":"Somos um portal de not\u00edcias independente, criado em 5 de janeiro de 2009, com o objetivo de informar, conectar e valorizar a nossa comunidade de Ubirat\u00e3 e toda aregi\u00e3o. Com conte\u00fado atualizado, confi\u00e1vel e relevante, o Ubirat\u00e3 Online \u00e9 o seu espa\u00e7o para ficar por dentro dos principais acontecimentos locais, regionais, Brasil, Mundo e de interesse geral. Nosso compromisso \u00e9 com a verdade, a transpar\u00eancia e o respeito ao leitor.","legalName":"UBIRATA ONLINE NOT\u00cdCIAS","foundingDate":"2009-01-05","numberOfEmployees":{"@type":"QuantitativeValue","minValue":"1","maxValue":"10"},"publishingPrinciples":"https:\/\/ubirataonline.com.br\/faq\/","address":{"@id":"https:\/\/ubirataonline.com.br\/real-betis-ol-tessmann-titulaire-himbert-en-pointe\/#local-main-place-address"},"geo":{"@type":"GeoCoordinates","latitude":"-24.5361401","longitude":"-52.9921776"},"telephone":["+5544998308235"],"contactPoint":{"@type":"ContactPoint","email":"contato@ubirataonline.com.br"},"openingHoursSpecification":{"@type":"OpeningHoursSpecification","dayOfWeek":["Monday","Tuesday","Wednesday","Thursday","Friday","Saturday","Sunday"],"opens":"00:00","closes":"23:59"},"email":"contato@ubirataonline.com.br","vatID":"47.621.418\/0001-80"},{"@type":"Person","@id":"https:\/\/ubirataonline.com.br\/#\/schema\/person\/372f87bbd3fdd79b8556b84c98d0bc1c","name":"REDA\u00c7\u00c3O: UBIRAT\u00c3 ONLINE - F\u00c1BIO AUGUSTO CELESTINO","pronouns":"Ele","description":"Desde 2003 trabalhando com not\u00edcias.","sameAs":["http:\/\/ubirataoline.com.br","https:\/\/www.facebook.com\/portalubirataonline","https:\/\/www.instagram.com\/ubirataonline_oficial","https:\/\/x.com\/x.com\/ubirataonline"],"honorificPrefix":"Mr.","honorificSuffix":"MD","birthDate":"1980-06-16","gender":"masculino","award":["V\u00e1rios pr\u00eamios de melhor portal da cidade"],"jobTitle":"Diretor","url":"https:\/\/ubirataonline.com.br\/en\/author\/ubirataonline\/"},{"@type":"PostalAddress","@id":"https:\/\/ubirataonline.com.br\/real-betis-ol-tessmann-titulaire-himbert-en-pointe\/#local-main-place-address","streetAddress":"Rua dos Coqueiros, 104 - Bairro Boa Vista, Rua dos Coqueiros, 104 Bairro Boa Vista","addressLocality":"UBIRATA","postalCode":"85440-000","addressRegion":"PR","addressCountry":"BR"},{"@type":"ImageObject","inLanguage":"en-US","@id":"https:\/\/ubirataonline.com.br\/real-betis-ol-tessmann-titulaire-himbert-en-pointe\/#local-main-organization-logo","url":"https:\/\/ubirataonline.com.br\/wp-content\/uploads\/2026\/06\/logoubirataonline-1.webp","contentUrl":"https:\/\/ubirataonline.com.br\/wp-content\/uploads\/2026\/06\/logoubirataonline-1.webp","width":500,"height":500,"caption":"Ubirat\u00e3 Online Not\u00edcias"}]},"geo.placename":"UBIRATA","geo.position":{"lat":"-24.5361401","long":"-52.9921776"},"geo.region":"Brazil"},"_links":{"self":[{"href":"https:\/\/ubirataonline.com.br\/en\/wp-json\/wp\/v2\/posts\/159567","targetHints":{"allow":["GET"]}}],"collection":[{"href":"https:\/\/ubirataonline.com.br\/en\/wp-json\/wp\/v2\/posts"}],"about":[{"href":"https:\/\/ubirataonline.com.br\/en\/wp-json\/wp\/v2\/types\/post"}],"author":[{"embeddable":true,"href":"https:\/\/ubirataonline.com.br\/en\/wp-json\/wp\/v2\/users\/1"}],"replies":[{"embeddable":true,"href":"https:\/\/ubirataonline.com.br\/en\/wp-json\/wp\/v2\/comments?post=159567"}],"version-history":[{"count":0,"href":"https:\/\/ubirataonline.com.br\/en\/wp-json\/wp\/v2\/posts\/159567\/revisions"}],"wp:featuredmedia":[{"embeddable":true,"href":"https:\/\/ubirataonline.com.br\/en\/wp-json\/wp\/v2\/media\/159568"}],"wp:attachment":[{"href":"https:\/\/ubirataonline.com.br\/en\/wp-json\/wp\/v2\/media?parent=159567"}],"wp:term":[{"taxonomy":"category","embeddable":true,"href":"https:\/\/ubirataonline.com.br\/en\/wp-json\/wp\/v2\/categories?post=159567"},{"taxonomy":"post_tag","embeddable":true,"href":"https:\/\/ubirataonline.com.br\/en\/wp-json\/wp\/v2\/tags?post=159567"}],"curies":[{"name":"wp","href":"https:\/\/api.w.org\/{rel}","templated":true}]}}