{"id":15978,"date":"2018-11-26T07:47:25","date_gmt":"2018-11-26T10:47:25","guid":{"rendered":"https:\/\/ubirataonline.com.br\/?p=15978"},"modified":"2018-11-26T07:47:27","modified_gmt":"2018-11-26T10:47:27","slug":"rapaz-e-preso-apos-agredir-senhor-de-63-anos-em-ubirata","status":"publish","type":"post","link":"https:\/\/ubirataonline.com.br\/en\/rapaz-e-preso-apos-agredir-senhor-de-63-anos-em-ubirata\/","title":{"rendered":"Rapaz \u00e9 preso ap\u00f3s agredir senhor de 63 anos em Ubirat\u00e3"},"content":{"rendered":"<p class=\"wp-block-paragraph\">A central de opera\u00e7\u00f5es da policia Militar de Ubirat\u00e3, por volta das 20h deste domingo (25), recebeu diversas liga\u00e7\u00f5es dando conta que havia um homem andando ensanguentado pelas ruas do Parque das Flores.<\/p>\n\n\n\n<p class=\"wp-block-paragraph\"> No local, umas das vizinhas relatou a equipe que um homem teria batido no seu port\u00e3o pedindo ajuda, mas por receio n\u00e3o o atendeu, saindo ap\u00f3s alguns instantes, quando o teria visto a distancia, percebendo que ele se encontrava ferido e sangrando.<\/p>\n\n\n\n<p class=\"wp-block-paragraph\"> A equipe ent\u00e3o realizou diligencias por todo o bairro a fim de localizar o suposto homem. Localizada a resid\u00eancia da v\u00edtima, onde havia uma cadeira quebrada e diversas marcas de sangue. <\/p>\n\n\n\n<p class=\"wp-block-paragraph\">Foi acionada a Pol\u00edcia Civil e entrado em contato com Hospitais, que negaram entrada da vitima, refor\u00e7ando assim a suspeita de que a vitima estaria desnorteada em meio ao matagal. <\/p>\n\n\n\n<p class=\"wp-block-paragraph\">A equipe pediu auxilio aos Bombeiros a fim de fazer uma varredura nas bordas da mata que faz fundos ao Parque das Flores.  Logrando \u00eaxito em localizar um homem de 63 anos, ensanguentado com diversos ferimentos ca\u00eddo em meio a planta\u00e7\u00e3o de soja.  Foi prestado socorros e conduzido pelos Bombeiros ao Hospital Santa Casa.<\/p>\n\n\n\n<p class=\"wp-block-paragraph\"> A central de opera\u00e7\u00f5es recebeu a informa\u00e7\u00e3o de que o suposto agressor seria um homem de 26 anos, que estaria escondido nos fundos de uma resid\u00eancia na Rua Projetada. No local a equipe logrou \u00eaxito em localiza-lo, e confessou ter agredido o idoso, sendo dada voz de pris\u00e3o e  conduzido \u00e0 50\u00aa DRP de Ubirat\u00e3 para provid\u00eancias cab\u00edveis. <\/p>\n\n\n\n<p class=\"wp-block-paragraph\">A v\u00edtima segue hospitalizada.<\/p>\n\n\n\n<p class=\"wp-block-paragraph\">Fonte: 11 BPM &#8211; 2 CIA &#8211; UBIRATA<br><\/p>","protected":false},"excerpt":{"rendered":"<p>A central de opera\u00e7\u00f5es da policia Militar de Ubirat\u00e3, por volta das 20h deste domingo (25), recebeu diversas liga\u00e7\u00f5es dando conta que havia um homem andando ensanguentado pelas ruas do Parque das Flores. No local, umas das vizinhas relatou a equipe que um homem teria batido no seu port\u00e3o pedindo ajuda, mas por receio n\u00e3o [&hellip;]<\/p>\n","protected":false},"author":2,"featured_media":0,"comment_status":"closed","ping_status":"closed","sticky":false,"template":"","format":"standard","meta":{"googlesitekit_rrm_CAow2JLhCw:productID":"","_gspb_post_css":"","maa_idioma":"","maa_pais":"","footnotes":""},"categories":[1],"tags":[],"class_list":["post-15978","post","type-post","status-publish","format-standard","hentry","category-ubirata"],"blocksy_meta":[],"yoast_head":"<!-- This site is optimized with the Yoast SEO Premium plugin v27.6 (Yoast SEO v27.6) - https:\/\/yoast.com\/product\/yoast-seo-premium-wordpress\/ -->\n<title>Rapaz \u00e9 preso ap\u00f3s agredir senhor de 63 anos em Ubirat\u00e3 - Ubirat\u00e3 Online Not\u00edcias - A realidade ao seu alcance!<\/title>\n<meta name=\"description\" content=\"A central de opera\u00e7\u00f5es da policia Militar de Ubirat\u00e3, por volta das 20h deste domingo (25), recebeu diversas liga\u00e7\u00f5es dando conta que havia um homem\" \/>\n<meta name=\"robots\" content=\"index, follow, max-snippet:-1, max-image-preview:large, max-video-preview:-1\" \/>\n<link rel=\"canonical\" href=\"https:\/\/ubirataonline.com.br\/en\/rapaz-e-preso-apos-agredir-senhor-de-63-anos-em-ubirata\/\" \/>\n<meta property=\"og:locale\" content=\"en_US\" \/>\n<meta property=\"og:type\" content=\"article\" \/>\n<meta property=\"og:title\" content=\"Rapaz \u00e9 preso ap\u00f3s agredir senhor de 63 anos em Ubirat\u00e3\" \/>\n<meta property=\"og:description\" content=\"A central de opera\u00e7\u00f5es da policia Militar de Ubirat\u00e3, por volta das 20h deste domingo (25), recebeu diversas liga\u00e7\u00f5es dando conta que havia um homem\" \/>\n<meta property=\"og:url\" content=\"https:\/\/ubirataonline.com.br\/en\/rapaz-e-preso-apos-agredir-senhor-de-63-anos-em-ubirata\/\" \/>\n<meta property=\"og:site_name\" content=\"Ubirat\u00e3 Online Not\u00edcias - A realidade ao seu alcance!\" \/>\n<meta property=\"article:publisher\" content=\"https:\/\/www.facebook.com\/portalubirataonline\" \/>\n<meta property=\"article:published_time\" content=\"2018-11-26T10:47:25+00:00\" \/>\n<meta property=\"article:modified_time\" content=\"2018-11-26T10:47:27+00:00\" \/>\n<meta property=\"og:image\" content=\"https:\/\/ubirataonline.com.br\/wp-content\/uploads\/2026\/05\/logo2026.webp\" \/>\n\t<meta property=\"og:image:width\" content=\"1531\" \/>\n\t<meta property=\"og:image:height\" content=\"418\" \/>\n\t<meta property=\"og:image:type\" content=\"image\/webp\" \/>\n<meta name=\"author\" content=\"Vampeta\" \/>\n<meta name=\"twitter:card\" content=\"summary_large_image\" \/>\n<meta name=\"twitter:creator\" content=\"@ubirataonline\" \/>\n<meta name=\"twitter:site\" content=\"@ubirataonline\" \/>\n<meta name=\"twitter:label1\" content=\"Written by\" \/>\n\t<meta name=\"twitter:data1\" content=\"Vampeta\" \/>\n\t<meta name=\"twitter:label2\" content=\"Est. reading time\" \/>\n\t<meta name=\"twitter:data2\" content=\"1 minute\" \/>\n<script type=\"application\/ld+json\" class=\"yoast-schema-graph\">{\"@context\":\"https:\\\/\\\/schema.org\",\"@graph\":[{\"@type\":\"NewsArticle\",\"@id\":\"https:\\\/\\\/ubirataonline.com.br\\\/rapaz-e-preso-apos-agredir-senhor-de-63-anos-em-ubirata\\\/#article\",\"isPartOf\":{\"@id\":\"https:\\\/\\\/ubirataonline.com.br\\\/rapaz-e-preso-apos-agredir-senhor-de-63-anos-em-ubirata\\\/\"},\"author\":{\"name\":\"Vampeta\",\"@id\":\"https:\\\/\\\/ubirataonline.com.br\\\/#\\\/schema\\\/person\\\/09f7a474bd1834b50dea8d1c197e976f\"},\"headline\":\"Rapaz \u00e9 preso ap\u00f3s agredir senhor de 63 anos em Ubirat\u00e3\",\"datePublished\":\"2018-11-26T10:47:25+00:00\",\"dateModified\":\"2018-11-26T10:47:27+00:00\",\"mainEntityOfPage\":{\"@id\":\"https:\\\/\\\/ubirataonline.com.br\\\/rapaz-e-preso-apos-agredir-senhor-de-63-anos-em-ubirata\\\/\"},\"wordCount\":282,\"publisher\":{\"@id\":\"https:\\\/\\\/ubirataonline.com.br\\\/#organization\"},\"articleSection\":[\"Ubirat\u00e3\"],\"inLanguage\":\"en-US\",\"copyrightYear\":\"2018\",\"copyrightHolder\":{\"@id\":\"https:\\\/\\\/ubirataonline.com.br\\\/en\\\/#organization\"}},{\"@type\":\"WebPage\",\"@id\":\"https:\\\/\\\/ubirataonline.com.br\\\/rapaz-e-preso-apos-agredir-senhor-de-63-anos-em-ubirata\\\/\",\"url\":\"https:\\\/\\\/ubirataonline.com.br\\\/rapaz-e-preso-apos-agredir-senhor-de-63-anos-em-ubirata\\\/\",\"name\":\"Rapaz \u00e9 preso ap\u00f3s agredir senhor de 63 anos em Ubirat\u00e3 - Ubirat\u00e3 Online Not\u00edcias - A realidade ao seu alcance!\",\"isPartOf\":{\"@id\":\"https:\\\/\\\/ubirataonline.com.br\\\/#website\"},\"datePublished\":\"2018-11-26T10:47:25+00:00\",\"dateModified\":\"2018-11-26T10:47:27+00:00\",\"description\":\"A central de opera\u00e7\u00f5es da policia Militar de Ubirat\u00e3, por volta das 20h deste domingo (25), recebeu diversas liga\u00e7\u00f5es dando conta que havia um homem\",\"breadcrumb\":{\"@id\":\"https:\\\/\\\/ubirataonline.com.br\\\/rapaz-e-preso-apos-agredir-senhor-de-63-anos-em-ubirata\\\/#breadcrumb\"},\"inLanguage\":\"en-US\",\"potentialAction\":[{\"@type\":\"ReadAction\",\"target\":[\"https:\\\/\\\/ubirataonline.com.br\\\/rapaz-e-preso-apos-agredir-senhor-de-63-anos-em-ubirata\\\/\"]}]},{\"@type\":\"BreadcrumbList\",\"@id\":\"https:\\\/\\\/ubirataonline.com.br\\\/rapaz-e-preso-apos-agredir-senhor-de-63-anos-em-ubirata\\\/#breadcrumb\",\"itemListElement\":[{\"@type\":\"ListItem\",\"position\":1,\"name\":\"In\u00edcio\",\"item\":\"https:\\\/\\\/ubirataonline.com.br\\\/\"},{\"@type\":\"ListItem\",\"position\":2,\"name\":\"Rapaz \u00e9 preso ap\u00f3s agredir senhor de 63 anos em Ubirat\u00e3\"}]},{\"@type\":\"WebSite\",\"@id\":\"https:\\\/\\\/ubirataonline.com.br\\\/#website\",\"url\":\"https:\\\/\\\/ubirataonline.com.br\\\/\",\"name\":\"Ubirat\u00e3 Online Not\u00edcias\",\"description\":\"Not\u00edcias de Ubirat\u00e3, regi\u00e3o, Brasil e mundo, com informa\u00e7\u00e3o atualizada e compromisso com o leitor.\",\"publisher\":{\"@id\":\"https:\\\/\\\/ubirataonline.com.br\\\/#organization\"},\"alternateName\":\"Ubirat\u00e3 Online\",\"potentialAction\":[{\"@type\":\"SearchAction\",\"target\":{\"@type\":\"EntryPoint\",\"urlTemplate\":\"https:\\\/\\\/ubirataonline.com.br\\\/?s={search_term_string}\"},\"query-input\":{\"@type\":\"PropertyValueSpecification\",\"valueRequired\":true,\"valueName\":\"search_term_string\"}}],\"inLanguage\":\"en-US\"},{\"@type\":[\"Organization\",\"Place\"],\"@id\":\"https:\\\/\\\/ubirataonline.com.br\\\/#organization\",\"name\":\"Ubirat\u00e3 Online Not\u00edcias\",\"alternateName\":\"Ubirat\u00e3 Online\",\"url\":\"https:\\\/\\\/ubirataonline.com.br\\\/\",\"logo\":{\"@id\":\"https:\\\/\\\/ubirataonline.com.br\\\/rapaz-e-preso-apos-agredir-senhor-de-63-anos-em-ubirata\\\/#local-main-organization-logo\"},\"image\":{\"@id\":\"https:\\\/\\\/ubirataonline.com.br\\\/rapaz-e-preso-apos-agredir-senhor-de-63-anos-em-ubirata\\\/#local-main-organization-logo\"},\"sameAs\":[\"https:\\\/\\\/www.facebook.com\\\/portalubirataonline\",\"https:\\\/\\\/x.com\\\/ubirataonline\",\"https:\\\/\\\/mastodon.social\\\/@ubirataonline\",\"https:\\\/\\\/www.facebook.com\\\/groups\\\/311144672285604\",\"https:\\\/\\\/www.facebook.com\\\/UBTAOnline\",\"https:\\\/\\\/www.instagram.com\\\/portalubirataonline\\\/\",\"https:\\\/\\\/twitter.com\\\/ubirataonline\"],\"description\":\"Somos um portal de not\u00edcias independente, criado em 5 de janeiro de 2009, com o objetivo de informar, conectar e valorizar a nossa comunidade de Ubirat\u00e3 e toda aregi\u00e3o. Com conte\u00fado atualizado, confi\u00e1vel e relevante, o Ubirat\u00e3 Online \u00e9 o seu espa\u00e7o para ficar por dentro dos principais acontecimentos locais, regionais, Brasil, Mundo e de interesse geral. Nosso compromisso \u00e9 com a verdade, a transpar\u00eancia e o respeito ao leitor.\",\"legalName\":\"UBIRATA ONLINE NOT\u00cdCIAS\",\"foundingDate\":\"2009-01-05\",\"numberOfEmployees\":{\"@type\":\"QuantitativeValue\",\"minValue\":\"1\",\"maxValue\":\"10\"},\"publishingPrinciples\":\"https:\\\/\\\/ubirataonline.com.br\\\/faq\\\/\",\"address\":{\"@id\":\"https:\\\/\\\/ubirataonline.com.br\\\/rapaz-e-preso-apos-agredir-senhor-de-63-anos-em-ubirata\\\/#local-main-place-address\"},\"geo\":{\"@type\":\"GeoCoordinates\",\"latitude\":\"-24.5361401\",\"longitude\":\"-52.9921776\"},\"telephone\":[\"+5544998308235\"],\"contactPoint\":{\"@type\":\"ContactPoint\",\"email\":\"contato@ubirataonline.com.br\"},\"openingHoursSpecification\":{\"@type\":\"OpeningHoursSpecification\",\"dayOfWeek\":[\"Monday\",\"Tuesday\",\"Wednesday\",\"Thursday\",\"Friday\",\"Saturday\",\"Sunday\"],\"opens\":\"00:00\",\"closes\":\"23:59\"},\"email\":\"contato@ubirataonline.com.br\",\"vatID\":\"47.621.418\\\/0001-80\"},{\"@type\":\"Person\",\"@id\":\"https:\\\/\\\/ubirataonline.com.br\\\/#\\\/schema\\\/person\\\/09f7a474bd1834b50dea8d1c197e976f\",\"name\":\"Vampeta\",\"sameAs\":[\"https:\\\/\\\/ubirataonline.com.br\"],\"url\":\"https:\\\/\\\/ubirataonline.com.br\\\/en\\\/author\\\/vampeta\\\/\"},{\"@type\":\"PostalAddress\",\"@id\":\"https:\\\/\\\/ubirataonline.com.br\\\/rapaz-e-preso-apos-agredir-senhor-de-63-anos-em-ubirata\\\/#local-main-place-address\",\"streetAddress\":\"Rua dos Coqueiros, 104 - Bairro Boa Vista, Rua dos Coqueiros, 104 Bairro Boa Vista\",\"addressLocality\":\"UBIRATA\",\"postalCode\":\"85440-000\",\"addressRegion\":\"PR\",\"addressCountry\":\"BR\"},{\"@type\":\"ImageObject\",\"inLanguage\":\"en-US\",\"@id\":\"https:\\\/\\\/ubirataonline.com.br\\\/rapaz-e-preso-apos-agredir-senhor-de-63-anos-em-ubirata\\\/#local-main-organization-logo\",\"url\":\"https:\\\/\\\/ubirataonline.com.br\\\/wp-content\\\/uploads\\\/2026\\\/06\\\/logoubirataonline-1.webp\",\"contentUrl\":\"https:\\\/\\\/ubirataonline.com.br\\\/wp-content\\\/uploads\\\/2026\\\/06\\\/logoubirataonline-1.webp\",\"width\":500,\"height\":500,\"caption\":\"Ubirat\u00e3 Online Not\u00edcias\"}]}<\/script>\n<meta name=\"geo.placename\" content=\"UBIRATA\" \/>\n<meta name=\"geo.position\" content=\"-24.5361401;-52.9921776\" \/>\n<meta name=\"geo.region\" content=\"Brazil\" \/>\n<!-- \/ Yoast SEO Premium plugin. -->","yoast_head_json":{"title":"Rapaz \u00e9 preso ap\u00f3s agredir senhor de 63 anos em Ubirat\u00e3 - Ubirat\u00e3 Online Not\u00edcias - A realidade ao seu alcance!","description":"A central de opera\u00e7\u00f5es da policia Militar de Ubirat\u00e3, por volta das 20h deste domingo (25), recebeu diversas liga\u00e7\u00f5es dando conta que havia um homem","robots":{"index":"index","follow":"follow","max-snippet":"max-snippet:-1","max-image-preview":"max-image-preview:large","max-video-preview":"max-video-preview:-1"},"canonical":"https:\/\/ubirataonline.com.br\/en\/rapaz-e-preso-apos-agredir-senhor-de-63-anos-em-ubirata\/","og_locale":"en_US","og_type":"article","og_title":"Rapaz \u00e9 preso ap\u00f3s agredir senhor de 63 anos em Ubirat\u00e3","og_description":"A central de opera\u00e7\u00f5es da policia Militar de Ubirat\u00e3, por volta das 20h deste domingo (25), recebeu diversas liga\u00e7\u00f5es dando conta que havia um homem","og_url":"https:\/\/ubirataonline.com.br\/en\/rapaz-e-preso-apos-agredir-senhor-de-63-anos-em-ubirata\/","og_site_name":"Ubirat\u00e3 Online Not\u00edcias - A realidade ao seu alcance!","article_publisher":"https:\/\/www.facebook.com\/portalubirataonline","article_published_time":"2018-11-26T10:47:25+00:00","article_modified_time":"2018-11-26T10:47:27+00:00","og_image":[{"width":1531,"height":418,"url":"https:\/\/ubirataonline.com.br\/wp-content\/uploads\/2026\/05\/logo2026.webp","type":"image\/webp"}],"author":"Vampeta","twitter_card":"summary_large_image","twitter_creator":"@ubirataonline","twitter_site":"@ubirataonline","twitter_misc":{"Written by":"Vampeta","Est. reading time":"1 minute"},"schema":{"@context":"https:\/\/schema.org","@graph":[{"@type":"NewsArticle","@id":"https:\/\/ubirataonline.com.br\/rapaz-e-preso-apos-agredir-senhor-de-63-anos-em-ubirata\/#article","isPartOf":{"@id":"https:\/\/ubirataonline.com.br\/rapaz-e-preso-apos-agredir-senhor-de-63-anos-em-ubirata\/"},"author":{"name":"Vampeta","@id":"https:\/\/ubirataonline.com.br\/#\/schema\/person\/09f7a474bd1834b50dea8d1c197e976f"},"headline":"Rapaz \u00e9 preso ap\u00f3s agredir senhor de 63 anos em Ubirat\u00e3","datePublished":"2018-11-26T10:47:25+00:00","dateModified":"2018-11-26T10:47:27+00:00","mainEntityOfPage":{"@id":"https:\/\/ubirataonline.com.br\/rapaz-e-preso-apos-agredir-senhor-de-63-anos-em-ubirata\/"},"wordCount":282,"publisher":{"@id":"https:\/\/ubirataonline.com.br\/#organization"},"articleSection":["Ubirat\u00e3"],"inLanguage":"en-US","copyrightYear":"2018","copyrightHolder":{"@id":"https:\/\/ubirataonline.com.br\/en\/#organization"}},{"@type":"WebPage","@id":"https:\/\/ubirataonline.com.br\/rapaz-e-preso-apos-agredir-senhor-de-63-anos-em-ubirata\/","url":"https:\/\/ubirataonline.com.br\/rapaz-e-preso-apos-agredir-senhor-de-63-anos-em-ubirata\/","name":"Rapaz \u00e9 preso ap\u00f3s agredir senhor de 63 anos em Ubirat\u00e3 - Ubirat\u00e3 Online Not\u00edcias - A realidade ao seu alcance!","isPartOf":{"@id":"https:\/\/ubirataonline.com.br\/#website"},"datePublished":"2018-11-26T10:47:25+00:00","dateModified":"2018-11-26T10:47:27+00:00","description":"A central de opera\u00e7\u00f5es da policia Militar de Ubirat\u00e3, por volta das 20h deste domingo (25), recebeu diversas liga\u00e7\u00f5es dando conta que havia um homem","breadcrumb":{"@id":"https:\/\/ubirataonline.com.br\/rapaz-e-preso-apos-agredir-senhor-de-63-anos-em-ubirata\/#breadcrumb"},"inLanguage":"en-US","potentialAction":[{"@type":"ReadAction","target":["https:\/\/ubirataonline.com.br\/rapaz-e-preso-apos-agredir-senhor-de-63-anos-em-ubirata\/"]}]},{"@type":"BreadcrumbList","@id":"https:\/\/ubirataonline.com.br\/rapaz-e-preso-apos-agredir-senhor-de-63-anos-em-ubirata\/#breadcrumb","itemListElement":[{"@type":"ListItem","position":1,"name":"In\u00edcio","item":"https:\/\/ubirataonline.com.br\/"},{"@type":"ListItem","position":2,"name":"Rapaz \u00e9 preso ap\u00f3s agredir senhor de 63 anos em Ubirat\u00e3"}]},{"@type":"WebSite","@id":"https:\/\/ubirataonline.com.br\/#website","url":"https:\/\/ubirataonline.com.br\/","name":"Ubirat\u00e3 Online Not\u00edcias","description":"Not\u00edcias de Ubirat\u00e3, regi\u00e3o, Brasil e mundo, com informa\u00e7\u00e3o atualizada e compromisso com o leitor.","publisher":{"@id":"https:\/\/ubirataonline.com.br\/#organization"},"alternateName":"Ubirat\u00e3 Online","potentialAction":[{"@type":"SearchAction","target":{"@type":"EntryPoint","urlTemplate":"https:\/\/ubirataonline.com.br\/?s={search_term_string}"},"query-input":{"@type":"PropertyValueSpecification","valueRequired":true,"valueName":"search_term_string"}}],"inLanguage":"en-US"},{"@type":["Organization","Place"],"@id":"https:\/\/ubirataonline.com.br\/#organization","name":"Ubirat\u00e3 Online Not\u00edcias","alternateName":"Ubirat\u00e3 Online","url":"https:\/\/ubirataonline.com.br\/","logo":{"@id":"https:\/\/ubirataonline.com.br\/rapaz-e-preso-apos-agredir-senhor-de-63-anos-em-ubirata\/#local-main-organization-logo"},"image":{"@id":"https:\/\/ubirataonline.com.br\/rapaz-e-preso-apos-agredir-senhor-de-63-anos-em-ubirata\/#local-main-organization-logo"},"sameAs":["https:\/\/www.facebook.com\/portalubirataonline","https:\/\/x.com\/ubirataonline","https:\/\/mastodon.social\/@ubirataonline","https:\/\/www.facebook.com\/groups\/311144672285604","https:\/\/www.facebook.com\/UBTAOnline","https:\/\/www.instagram.com\/portalubirataonline\/","https:\/\/twitter.com\/ubirataonline"],"description":"Somos um portal de not\u00edcias independente, criado em 5 de janeiro de 2009, com o objetivo de informar, conectar e valorizar a nossa comunidade de Ubirat\u00e3 e toda aregi\u00e3o. Com conte\u00fado atualizado, confi\u00e1vel e relevante, o Ubirat\u00e3 Online \u00e9 o seu espa\u00e7o para ficar por dentro dos principais acontecimentos locais, regionais, Brasil, Mundo e de interesse geral. Nosso compromisso \u00e9 com a verdade, a transpar\u00eancia e o respeito ao leitor.","legalName":"UBIRATA ONLINE NOT\u00cdCIAS","foundingDate":"2009-01-05","numberOfEmployees":{"@type":"QuantitativeValue","minValue":"1","maxValue":"10"},"publishingPrinciples":"https:\/\/ubirataonline.com.br\/faq\/","address":{"@id":"https:\/\/ubirataonline.com.br\/rapaz-e-preso-apos-agredir-senhor-de-63-anos-em-ubirata\/#local-main-place-address"},"geo":{"@type":"GeoCoordinates","latitude":"-24.5361401","longitude":"-52.9921776"},"telephone":["+5544998308235"],"contactPoint":{"@type":"ContactPoint","email":"contato@ubirataonline.com.br"},"openingHoursSpecification":{"@type":"OpeningHoursSpecification","dayOfWeek":["Monday","Tuesday","Wednesday","Thursday","Friday","Saturday","Sunday"],"opens":"00:00","closes":"23:59"},"email":"contato@ubirataonline.com.br","vatID":"47.621.418\/0001-80"},{"@type":"Person","@id":"https:\/\/ubirataonline.com.br\/#\/schema\/person\/09f7a474bd1834b50dea8d1c197e976f","name":"Vampeta","sameAs":["https:\/\/ubirataonline.com.br"],"url":"https:\/\/ubirataonline.com.br\/en\/author\/vampeta\/"},{"@type":"PostalAddress","@id":"https:\/\/ubirataonline.com.br\/rapaz-e-preso-apos-agredir-senhor-de-63-anos-em-ubirata\/#local-main-place-address","streetAddress":"Rua dos Coqueiros, 104 - Bairro Boa Vista, Rua dos Coqueiros, 104 Bairro Boa Vista","addressLocality":"UBIRATA","postalCode":"85440-000","addressRegion":"PR","addressCountry":"BR"},{"@type":"ImageObject","inLanguage":"en-US","@id":"https:\/\/ubirataonline.com.br\/rapaz-e-preso-apos-agredir-senhor-de-63-anos-em-ubirata\/#local-main-organization-logo","url":"https:\/\/ubirataonline.com.br\/wp-content\/uploads\/2026\/06\/logoubirataonline-1.webp","contentUrl":"https:\/\/ubirataonline.com.br\/wp-content\/uploads\/2026\/06\/logoubirataonline-1.webp","width":500,"height":500,"caption":"Ubirat\u00e3 Online Not\u00edcias"}]},"geo.placename":"UBIRATA","geo.position":{"lat":"-24.5361401","long":"-52.9921776"},"geo.region":"Brazil"},"_links":{"self":[{"href":"https:\/\/ubirataonline.com.br\/en\/wp-json\/wp\/v2\/posts\/15978","targetHints":{"allow":["GET"]}}],"collection":[{"href":"https:\/\/ubirataonline.com.br\/en\/wp-json\/wp\/v2\/posts"}],"about":[{"href":"https:\/\/ubirataonline.com.br\/en\/wp-json\/wp\/v2\/types\/post"}],"author":[{"embeddable":true,"href":"https:\/\/ubirataonline.com.br\/en\/wp-json\/wp\/v2\/users\/2"}],"replies":[{"embeddable":true,"href":"https:\/\/ubirataonline.com.br\/en\/wp-json\/wp\/v2\/comments?post=15978"}],"version-history":[{"count":0,"href":"https:\/\/ubirataonline.com.br\/en\/wp-json\/wp\/v2\/posts\/15978\/revisions"}],"wp:attachment":[{"href":"https:\/\/ubirataonline.com.br\/en\/wp-json\/wp\/v2\/media?parent=15978"}],"wp:term":[{"taxonomy":"category","embeddable":true,"href":"https:\/\/ubirataonline.com.br\/en\/wp-json\/wp\/v2\/categories?post=15978"},{"taxonomy":"post_tag","embeddable":true,"href":"https:\/\/ubirataonline.com.br\/en\/wp-json\/wp\/v2\/tags?post=15978"}],"curies":[{"name":"wp","href":"https:\/\/api.w.org\/{rel}","templated":true}]}}