{"id":15989,"date":"2018-11-26T07:58:54","date_gmt":"2018-11-26T10:58:54","guid":{"rendered":"https:\/\/ubirataonline.com.br\/?p=15989"},"modified":"2018-11-26T07:58:57","modified_gmt":"2018-11-26T10:58:57","slug":"ubiratanense-de-15-anos-representou-o-parana-no-programa-jovem-senador","status":"publish","type":"post","link":"https:\/\/ubirataonline.com.br\/en\/ubiratanense-de-15-anos-representou-o-parana-no-programa-jovem-senador\/","title":{"rendered":"Ubiratanense de 15 anos representou o Paran\u00e1 no Programa Jovem Senador"},"content":{"rendered":"<ul class=\"wp-block-gallery columns-1 is-cropped wp-block-gallery-1 is-layout-flex wp-block-gallery-is-layout-flex\"><li class=\"blocks-gallery-item\"><figure><a href=\"https:\/\/ubirataonline.com.br\/wp-content\/uploads\/2018\/11\/2-12.jpg\"><img decoding=\"async\" src=\"https:\/\/ubirataonline.com.br\/wp-content\/uploads\/2018\/11\/2-12.jpg\" alt=\"\" data-id=\"15990\" data-link=\"https:\/\/ubirataonline.com.br\/?attachment_id=15990\" class=\"wp-image-15990\"\/><\/a><\/figure><\/li><li class=\"blocks-gallery-item\"><figure><a href=\"https:\/\/ubirataonline.com.br\/wp-content\/uploads\/2018\/11\/3-12-840x840.jpg\"><img decoding=\"async\" src=\"https:\/\/ubirataonline.com.br\/wp-content\/uploads\/2018\/11\/3-12-840x840.jpg\" alt=\"\" data-id=\"15991\" data-link=\"https:\/\/ubirataonline.com.br\/?attachment_id=15991\" class=\"wp-image-15991\"\/><\/a><\/figure><\/li><\/ul>\n\n\n\n<p class=\"wp-block-paragraph\">Na \u00faltima semana, uma jovem e sorridente ubiratanense colocou o munic\u00edpio em evid\u00eancia nacional, ao ser escolhida a representante do Paran\u00e1 na 11\u00aa edi\u00e7\u00e3o do Programa Jovem Senador. Yazigi Cristine Comitre de Carvalho e outros 26 jovens (cada um representando uma unidade da federa\u00e7\u00e3o)tomaram posse na ter\u00e7a-feira (20) no Plen\u00e1rio do Senado. A sess\u00e3o plen\u00e1ria final do programa aconteceu na sexta-feira (23) \u00e0 noite e foi transmitida ao vivo pela TV Senado.<\/p>\n\n\n\n<p class=\"wp-block-paragraph\">YAZIGI \u00c9 ESTUDANTE DO COL\u00c9GIO ESTADUAL CEC\u00cdLIA MEIRELES<\/p>\n\n\n\n<p class=\"wp-block-paragraph\">Durante toda a semana, eles vivenciaram o trabalho dos parlamentares em Bras\u00edlia. Para ser escolhida, Yazigi participou de uma seletiva onde cada um dos concorrentes escreveu uma reda\u00e7\u00e3o de tipologia textual dissertativa-argumentativa, dentro do tem \u201cA Constitui\u00e7\u00e3o Cidad\u00e3 30 anos depois\u201d e que continha entre 20 a 30 linhas.<\/p>\n\n\n\n<p class=\"wp-block-paragraph\">O projeto promove o desenvolvimento de uma consci\u00eancia cidad\u00e3, respons\u00e1vel pela condu\u00e7\u00e3o de seu pr\u00f3prio destino, e planta nos cora\u00e7\u00f5es dos participantes a semente da democracia.<\/p>\n\n\n\n<p class=\"wp-block-paragraph\">A ubiratanense alcan\u00e7ou a vit\u00f3ria no Estado com o apoio irrestrito da professora Ana Gra\u00e7a de Albuquerque que a orientou em todos os passos da constru\u00e7\u00e3o da reda\u00e7\u00e3o. <\/p>\n\n\n\n<p class=\"wp-block-paragraph\">O PROGRAMA &#8211; Ao longo da semana, os jovens senadores participaram de diversas atividades, incluindo a discuss\u00e3o e vota\u00e7\u00e3o de sugest\u00f5es legislativas. Desde 2011, os participantes do projeto j\u00e1 apresentaram 45 sugest\u00f5es de lei encaminhadas \u00e0 an\u00e1lise da Comiss\u00e3o de Direitos Humanos e Legisla\u00e7\u00e3o Participativa (CDH), das quais 37 transformaram-se em projetos de lei com tramita\u00e7\u00e3o nas duas Casas do Congresso Nacional.<\/p>\n\n\n\n<p class=\"wp-block-paragraph\">YAZIGI POR ELA MESMA<\/p>\n\n\n\n<p class=\"wp-block-paragraph\">Gosto de ler, desenhar, confeitar bolos e cupcakes e assistir s\u00e9ries. Meu livro preferido \u00e9 \u201cAlice no Pa\u00eds das Maravilhas\u201d, de Lewis Carroll.<\/p>\n\n\n\n<p class=\"wp-block-paragraph\">Ainda n\u00e3o tenho ideia formada do que quero fazer ap\u00f3s concluir o Ensino M\u00e9dio. A certeza que tenho \u00e9 que n\u00e3o pretendo atuar na pol\u00edtica.<\/p>\n\n\n\n<p class=\"wp-block-paragraph\">Acho que \u00e9 de suma import\u00e2ncia que os jovens busquem participar da pol\u00edtica atrav\u00e9s da aquisi\u00e7\u00e3o de conhecimento e forma\u00e7\u00e3o de opini\u00e3o a respeito, uma vez que s\u00e3o esses mesmos jovens que futuramente vir\u00e3o afazer escolhas pol\u00edticas em conjunto com a sociedade. E, apenas pelo ac\u00famulo de conhecimento eles poder\u00e3o fazer uma melhor leitura da sociedade, como diz Jostein Gaarde, no livro \u201cO Mundo de Sofia\u201d: \u201cTudo depende do tipo de lente que voc\u00ea utiliza para ver as coisas\u201d. Pela lente do conhecimento, da educa\u00e7\u00e3o,poderemos olhar o mundo de uma forma mais positiva.<\/p>\n\n\n\n<p class=\"wp-block-paragraph\">A minha fam\u00edlia foi fundamental na minha forma\u00e7\u00e3o, pois foia respons\u00e1vel por me orientar em meus primeiros anos de vida e na forma\u00e7\u00e3o de car\u00e1ter.<\/p>\n\n\n\n<p class=\"wp-block-paragraph\">Em minha escola, a reda\u00e7\u00e3o para o Concurso de Reda\u00e7\u00e3o do Senado foi inclu\u00edda como uma atividade avaliativa na mat\u00e9ria de Portugu\u00eas. A professora selecionou as reda\u00e7\u00f5es de cada sala e dessas foram escolhidas duas para serem revisadas para a sele\u00e7\u00e3o final.<\/p>\n\n\n\n<p class=\"wp-block-paragraph\">A PROFESSORA<\/p>\n\n\n\n<p class=\"wp-block-paragraph\">Ana Gra\u00e7a trabalha com educa\u00e7\u00e3o h\u00e1 15 anos, tendo iniciado sua experi\u00eancia lecionando L\u00edngua Portuguesa no Ensino Fundamental II, em escolas da rede privada.<\/p>\n\n\n\n<p class=\"wp-block-paragraph\">Ap\u00f3s dedicar-se alguns anos \u00e0 Educa\u00e7\u00e3o Infantil da rede municipal, leciona atualmente L\u00edngua Portuguesa na rede estadual e \u00e9 professora de Educa\u00e7\u00e3o Especial na APAE.<\/p>\n\n\n\n<p class=\"wp-block-paragraph\">\u201cDesafiante\u201d e \u201cexitoso\u201d foram os adjetivos utilizados pela professora, ao comentar sua experi\u00eancia no Projeto Jovem Senador: \u201capesar do g\u00eanero textual ser corrente em meu trabalho, a tem\u00e1tica estava muito ligada a quest\u00f5es hist\u00f3ricas e sociais\u201d, comenta. Neste ano, o tema \u201cA constitui\u00e7\u00e3o Cidad\u00e3 30 anos depois\u201d exigiu um intenso trabalho de leitura e pesquisa em sala de aula: \u201co trabalho superou o esperado pelo envolvimento dos alunos durante todo o processo, que incluiu leituras, pesquisas, discuss\u00f5es, palestra\u201d.<\/p>\n\n\n\n<p class=\"wp-block-paragraph\">Para Ana, \u201co conhecimento do que a Constitui\u00e7\u00e3o significa para um Estado e a an\u00e1lise de como a mesma se efetiva \u00e9 de suprema import\u00e2ncia para a forma\u00e7\u00e3o cidad\u00e3 de nossos alunos. Entender que direitos e deveres est\u00e3o relacionados e que a organiza\u00e7\u00e3o dos mesmos em um documento \u00e9 resultado de lutas e um longo processo burocr\u00e1tico permite que a juventude se emancipe com mais responsabilidade\u201d.<\/p>\n\n\n\n<p class=\"wp-block-paragraph\">\u201cA classifica\u00e7\u00e3o trouxe ao ambiente escolar mais cren\u00e7a e entusiasmo para com o trabalho em sala de aula. Quem trabalha em escolas p\u00fablicas sabe o quanto os esfor\u00e7os s\u00e3o intensos e cont\u00ednuos. Quando se alcan\u00e7a o reconhecimento \u00e9 motivo para celebrar, e foi isso que aconteceu em nossa escola. A premia\u00e7\u00e3o em um projeto t\u00e3o significativo como o Jovem Senadora legrou a todos da institui\u00e7\u00e3o e incentivou os jovens a participar de projetos com esse enfoque, e o fato tornou-se not\u00edcia\u201d, reconhece Ana.<\/p>","protected":false},"excerpt":{"rendered":"<p>Na \u00faltima semana, uma jovem e sorridente ubiratanense colocou o munic\u00edpio em evid\u00eancia nacional, ao ser escolhida a representante do Paran\u00e1 na 11\u00aa edi\u00e7\u00e3o do Programa Jovem Senador. Yazigi Cristine Comitre de Carvalho e outros 26 jovens (cada um representando uma unidade da federa\u00e7\u00e3o)tomaram posse na ter\u00e7a-feira (20) no Plen\u00e1rio do Senado. A sess\u00e3o plen\u00e1ria [&hellip;]<\/p>\n","protected":false},"author":1,"featured_media":0,"comment_status":"closed","ping_status":"closed","sticky":false,"template":"","format":"standard","meta":{"googlesitekit_rrm_CAow2JLhCw:productID":"","_gspb_post_css":"","maa_idioma":"","maa_pais":"","footnotes":""},"categories":[4],"tags":[],"class_list":["post-15989","post","type-post","status-publish","format-standard","hentry","category-brasil"],"blocksy_meta":[],"yoast_head":"<!-- This site is optimized with the Yoast SEO Premium plugin v27.6 (Yoast SEO v27.6) - https:\/\/yoast.com\/product\/yoast-seo-premium-wordpress\/ -->\n<title>Ubiratanense de 15 anos representou o Paran\u00e1 no Programa Jovem Senador - Ubirat\u00e3 Online Not\u00edcias - A realidade ao seu alcance!<\/title>\n<meta name=\"description\" content=\"Na \u00faltima semana, uma jovem e sorridente ubiratanense colocou o munic\u00edpio em evid\u00eancia nacional, ao ser escolhida a representante do Paran\u00e1 na 11\u00aa edi\u00e7\u00e3o\" \/>\n<meta name=\"robots\" content=\"index, follow, max-snippet:-1, max-image-preview:large, max-video-preview:-1\" \/>\n<link rel=\"canonical\" href=\"https:\/\/ubirataonline.com.br\/en\/ubiratanense-de-15-anos-representou-o-parana-no-programa-jovem-senador\/\" \/>\n<meta property=\"og:locale\" content=\"en_US\" \/>\n<meta property=\"og:type\" content=\"article\" \/>\n<meta property=\"og:title\" content=\"Ubiratanense de 15 anos representou o Paran\u00e1 no Programa Jovem Senador\" \/>\n<meta property=\"og:description\" content=\"Na \u00faltima semana, uma jovem e sorridente ubiratanense colocou o munic\u00edpio em evid\u00eancia nacional, ao ser escolhida a representante do Paran\u00e1 na 11\u00aa edi\u00e7\u00e3o\" \/>\n<meta property=\"og:url\" content=\"https:\/\/ubirataonline.com.br\/en\/ubiratanense-de-15-anos-representou-o-parana-no-programa-jovem-senador\/\" \/>\n<meta property=\"og:site_name\" content=\"Ubirat\u00e3 Online Not\u00edcias - A realidade ao seu alcance!\" \/>\n<meta property=\"article:publisher\" content=\"https:\/\/www.facebook.com\/portalubirataonline\" \/>\n<meta property=\"article:author\" content=\"https:\/\/www.facebook.com\/portalubirataonline\" \/>\n<meta property=\"article:published_time\" content=\"2018-11-26T10:58:54+00:00\" \/>\n<meta property=\"article:modified_time\" content=\"2018-11-26T10:58:57+00:00\" \/>\n<meta property=\"og:image\" content=\"https:\/\/ubirataonline.com.br\/wp-content\/uploads\/2018\/11\/2-12.jpg\" \/>\n<meta name=\"author\" content=\"REDA\u00c7\u00c3O: UBIRAT\u00c3 ONLINE - F\u00c1BIO AUGUSTO CELESTINO\" \/>\n<meta name=\"twitter:card\" content=\"summary_large_image\" \/>\n<meta name=\"twitter:creator\" content=\"@x.com\/ubirataonline\" \/>\n<meta name=\"twitter:site\" content=\"@ubirataonline\" \/>\n<meta name=\"twitter:label1\" content=\"Written by\" \/>\n\t<meta name=\"twitter:data1\" content=\"REDA\u00c7\u00c3O: UBIRAT\u00c3 ONLINE - F\u00c1BIO AUGUSTO CELESTINO\" \/>\n\t<meta name=\"twitter:label2\" content=\"Est. reading time\" \/>\n\t<meta name=\"twitter:data2\" content=\"4 minutes\" \/>\n<script type=\"application\/ld+json\" class=\"yoast-schema-graph\">{\"@context\":\"https:\\\/\\\/schema.org\",\"@graph\":[{\"@type\":\"NewsArticle\",\"@id\":\"https:\\\/\\\/ubirataonline.com.br\\\/ubiratanense-de-15-anos-representou-o-parana-no-programa-jovem-senador\\\/#article\",\"isPartOf\":{\"@id\":\"https:\\\/\\\/ubirataonline.com.br\\\/ubiratanense-de-15-anos-representou-o-parana-no-programa-jovem-senador\\\/\"},\"author\":{\"name\":\"REDA\u00c7\u00c3O: UBIRAT\u00c3 ONLINE - F\u00c1BIO AUGUSTO CELESTINO\",\"@id\":\"https:\\\/\\\/ubirataonline.com.br\\\/#\\\/schema\\\/person\\\/372f87bbd3fdd79b8556b84c98d0bc1c\"},\"headline\":\"Ubiratanense de 15 anos representou o Paran\u00e1 no Programa Jovem Senador\",\"datePublished\":\"2018-11-26T10:58:54+00:00\",\"dateModified\":\"2018-11-26T10:58:57+00:00\",\"mainEntityOfPage\":{\"@id\":\"https:\\\/\\\/ubirataonline.com.br\\\/ubiratanense-de-15-anos-representou-o-parana-no-programa-jovem-senador\\\/\"},\"wordCount\":819,\"publisher\":{\"@id\":\"https:\\\/\\\/ubirataonline.com.br\\\/#organization\"},\"image\":{\"@id\":\"https:\\\/\\\/ubirataonline.com.br\\\/ubiratanense-de-15-anos-representou-o-parana-no-programa-jovem-senador\\\/#primaryimage\"},\"thumbnailUrl\":\"https:\\\/\\\/ubirataonline.com.br\\\/wp-content\\\/uploads\\\/2018\\\/11\\\/2-12.jpg\",\"articleSection\":[\"Brasil\"],\"inLanguage\":\"en-US\",\"copyrightYear\":\"2018\",\"copyrightHolder\":{\"@id\":\"https:\\\/\\\/ubirataonline.com.br\\\/en\\\/#organization\"}},{\"@type\":\"WebPage\",\"@id\":\"https:\\\/\\\/ubirataonline.com.br\\\/ubiratanense-de-15-anos-representou-o-parana-no-programa-jovem-senador\\\/\",\"url\":\"https:\\\/\\\/ubirataonline.com.br\\\/ubiratanense-de-15-anos-representou-o-parana-no-programa-jovem-senador\\\/\",\"name\":\"Ubiratanense de 15 anos representou o Paran\u00e1 no Programa Jovem Senador - Ubirat\u00e3 Online Not\u00edcias - A realidade ao seu alcance!\",\"isPartOf\":{\"@id\":\"https:\\\/\\\/ubirataonline.com.br\\\/#website\"},\"primaryImageOfPage\":{\"@id\":\"https:\\\/\\\/ubirataonline.com.br\\\/ubiratanense-de-15-anos-representou-o-parana-no-programa-jovem-senador\\\/#primaryimage\"},\"image\":{\"@id\":\"https:\\\/\\\/ubirataonline.com.br\\\/ubiratanense-de-15-anos-representou-o-parana-no-programa-jovem-senador\\\/#primaryimage\"},\"thumbnailUrl\":\"https:\\\/\\\/ubirataonline.com.br\\\/wp-content\\\/uploads\\\/2018\\\/11\\\/2-12.jpg\",\"datePublished\":\"2018-11-26T10:58:54+00:00\",\"dateModified\":\"2018-11-26T10:58:57+00:00\",\"description\":\"Na \u00faltima semana, uma jovem e sorridente ubiratanense colocou o munic\u00edpio em evid\u00eancia nacional, ao ser escolhida a representante do Paran\u00e1 na 11\u00aa edi\u00e7\u00e3o\",\"breadcrumb\":{\"@id\":\"https:\\\/\\\/ubirataonline.com.br\\\/ubiratanense-de-15-anos-representou-o-parana-no-programa-jovem-senador\\\/#breadcrumb\"},\"inLanguage\":\"en-US\",\"potentialAction\":[{\"@type\":\"ReadAction\",\"target\":[\"https:\\\/\\\/ubirataonline.com.br\\\/ubiratanense-de-15-anos-representou-o-parana-no-programa-jovem-senador\\\/\"]}]},{\"@type\":\"ImageObject\",\"inLanguage\":\"en-US\",\"@id\":\"https:\\\/\\\/ubirataonline.com.br\\\/ubiratanense-de-15-anos-representou-o-parana-no-programa-jovem-senador\\\/#primaryimage\",\"url\":\"https:\\\/\\\/ubirataonline.com.br\\\/wp-content\\\/uploads\\\/2018\\\/11\\\/2-12.jpg\",\"contentUrl\":\"https:\\\/\\\/ubirataonline.com.br\\\/wp-content\\\/uploads\\\/2018\\\/11\\\/2-12.jpg\"},{\"@type\":\"BreadcrumbList\",\"@id\":\"https:\\\/\\\/ubirataonline.com.br\\\/ubiratanense-de-15-anos-representou-o-parana-no-programa-jovem-senador\\\/#breadcrumb\",\"itemListElement\":[{\"@type\":\"ListItem\",\"position\":1,\"name\":\"In\u00edcio\",\"item\":\"https:\\\/\\\/ubirataonline.com.br\\\/\"},{\"@type\":\"ListItem\",\"position\":2,\"name\":\"Ubiratanense de 15 anos representou o Paran\u00e1 no Programa Jovem Senador\"}]},{\"@type\":\"WebSite\",\"@id\":\"https:\\\/\\\/ubirataonline.com.br\\\/#website\",\"url\":\"https:\\\/\\\/ubirataonline.com.br\\\/\",\"name\":\"Ubirat\u00e3 Online Not\u00edcias\",\"description\":\"Not\u00edcias de Ubirat\u00e3, regi\u00e3o, Brasil e mundo, com informa\u00e7\u00e3o atualizada e compromisso com o leitor.\",\"publisher\":{\"@id\":\"https:\\\/\\\/ubirataonline.com.br\\\/#organization\"},\"alternateName\":\"Ubirat\u00e3 Online\",\"potentialAction\":[{\"@type\":\"SearchAction\",\"target\":{\"@type\":\"EntryPoint\",\"urlTemplate\":\"https:\\\/\\\/ubirataonline.com.br\\\/?s={search_term_string}\"},\"query-input\":{\"@type\":\"PropertyValueSpecification\",\"valueRequired\":true,\"valueName\":\"search_term_string\"}}],\"inLanguage\":\"en-US\"},{\"@type\":[\"Organization\",\"Place\"],\"@id\":\"https:\\\/\\\/ubirataonline.com.br\\\/#organization\",\"name\":\"Ubirat\u00e3 Online Not\u00edcias\",\"alternateName\":\"Ubirat\u00e3 Online\",\"url\":\"https:\\\/\\\/ubirataonline.com.br\\\/\",\"logo\":{\"@id\":\"https:\\\/\\\/ubirataonline.com.br\\\/ubiratanense-de-15-anos-representou-o-parana-no-programa-jovem-senador\\\/#local-main-organization-logo\"},\"image\":{\"@id\":\"https:\\\/\\\/ubirataonline.com.br\\\/ubiratanense-de-15-anos-representou-o-parana-no-programa-jovem-senador\\\/#local-main-organization-logo\"},\"sameAs\":[\"https:\\\/\\\/www.facebook.com\\\/portalubirataonline\",\"https:\\\/\\\/x.com\\\/ubirataonline\",\"https:\\\/\\\/mastodon.social\\\/@ubirataonline\",\"https:\\\/\\\/www.facebook.com\\\/groups\\\/311144672285604\",\"https:\\\/\\\/www.facebook.com\\\/UBTAOnline\",\"https:\\\/\\\/www.instagram.com\\\/portalubirataonline\\\/\",\"https:\\\/\\\/twitter.com\\\/ubirataonline\"],\"description\":\"Somos um portal de not\u00edcias independente, criado em 5 de janeiro de 2009, com o objetivo de informar, conectar e valorizar a nossa comunidade de Ubirat\u00e3 e toda aregi\u00e3o. Com conte\u00fado atualizado, confi\u00e1vel e relevante, o Ubirat\u00e3 Online \u00e9 o seu espa\u00e7o para ficar por dentro dos principais acontecimentos locais, regionais, Brasil, Mundo e de interesse geral. Nosso compromisso \u00e9 com a verdade, a transpar\u00eancia e o respeito ao leitor.\",\"legalName\":\"UBIRATA ONLINE NOT\u00cdCIAS\",\"foundingDate\":\"2009-01-05\",\"numberOfEmployees\":{\"@type\":\"QuantitativeValue\",\"minValue\":\"1\",\"maxValue\":\"10\"},\"publishingPrinciples\":\"https:\\\/\\\/ubirataonline.com.br\\\/faq\\\/\",\"address\":{\"@id\":\"https:\\\/\\\/ubirataonline.com.br\\\/ubiratanense-de-15-anos-representou-o-parana-no-programa-jovem-senador\\\/#local-main-place-address\"},\"geo\":{\"@type\":\"GeoCoordinates\",\"latitude\":\"-24.5361401\",\"longitude\":\"-52.9921776\"},\"telephone\":[\"+5544998308235\"],\"contactPoint\":{\"@type\":\"ContactPoint\",\"email\":\"contato@ubirataonline.com.br\"},\"openingHoursSpecification\":{\"@type\":\"OpeningHoursSpecification\",\"dayOfWeek\":[\"Monday\",\"Tuesday\",\"Wednesday\",\"Thursday\",\"Friday\",\"Saturday\",\"Sunday\"],\"opens\":\"00:00\",\"closes\":\"23:59\"},\"email\":\"contato@ubirataonline.com.br\",\"vatID\":\"47.621.418\\\/0001-80\"},{\"@type\":\"Person\",\"@id\":\"https:\\\/\\\/ubirataonline.com.br\\\/#\\\/schema\\\/person\\\/372f87bbd3fdd79b8556b84c98d0bc1c\",\"name\":\"REDA\u00c7\u00c3O: UBIRAT\u00c3 ONLINE - F\u00c1BIO AUGUSTO CELESTINO\",\"pronouns\":\"Ele\",\"description\":\"Desde 2003 trabalhando com not\u00edcias.\",\"sameAs\":[\"http:\\\/\\\/ubirataoline.com.br\",\"https:\\\/\\\/www.facebook.com\\\/portalubirataonline\",\"https:\\\/\\\/www.instagram.com\\\/ubirataonline_oficial\",\"https:\\\/\\\/x.com\\\/x.com\\\/ubirataonline\"],\"honorificPrefix\":\"Mr.\",\"honorificSuffix\":\"MD\",\"birthDate\":\"1980-06-16\",\"gender\":\"masculino\",\"award\":[\"V\u00e1rios pr\u00eamios de melhor portal da cidade\"],\"jobTitle\":\"Diretor\",\"url\":\"https:\\\/\\\/ubirataonline.com.br\\\/en\\\/author\\\/ubirataonline\\\/\"},{\"@type\":\"PostalAddress\",\"@id\":\"https:\\\/\\\/ubirataonline.com.br\\\/ubiratanense-de-15-anos-representou-o-parana-no-programa-jovem-senador\\\/#local-main-place-address\",\"streetAddress\":\"Rua dos Coqueiros, 104 - Bairro Boa Vista, Rua dos Coqueiros, 104 Bairro Boa Vista\",\"addressLocality\":\"UBIRATA\",\"postalCode\":\"85440-000\",\"addressRegion\":\"PR\",\"addressCountry\":\"BR\"},{\"@type\":\"ImageObject\",\"inLanguage\":\"en-US\",\"@id\":\"https:\\\/\\\/ubirataonline.com.br\\\/ubiratanense-de-15-anos-representou-o-parana-no-programa-jovem-senador\\\/#local-main-organization-logo\",\"url\":\"https:\\\/\\\/ubirataonline.com.br\\\/wp-content\\\/uploads\\\/2026\\\/06\\\/logoubirataonline-1.webp\",\"contentUrl\":\"https:\\\/\\\/ubirataonline.com.br\\\/wp-content\\\/uploads\\\/2026\\\/06\\\/logoubirataonline-1.webp\",\"width\":500,\"height\":500,\"caption\":\"Ubirat\u00e3 Online Not\u00edcias\"}]}<\/script>\n<meta name=\"geo.placename\" content=\"UBIRATA\" \/>\n<meta name=\"geo.position\" content=\"-24.5361401;-52.9921776\" \/>\n<meta name=\"geo.region\" content=\"Brazil\" \/>\n<!-- \/ Yoast SEO Premium plugin. -->","yoast_head_json":{"title":"Ubiratanense de 15 anos representou o Paran\u00e1 no Programa Jovem Senador - Ubirat\u00e3 Online Not\u00edcias - A realidade ao seu alcance!","description":"Na \u00faltima semana, uma jovem e sorridente ubiratanense colocou o munic\u00edpio em evid\u00eancia nacional, ao ser escolhida a representante do Paran\u00e1 na 11\u00aa edi\u00e7\u00e3o","robots":{"index":"index","follow":"follow","max-snippet":"max-snippet:-1","max-image-preview":"max-image-preview:large","max-video-preview":"max-video-preview:-1"},"canonical":"https:\/\/ubirataonline.com.br\/en\/ubiratanense-de-15-anos-representou-o-parana-no-programa-jovem-senador\/","og_locale":"en_US","og_type":"article","og_title":"Ubiratanense de 15 anos representou o Paran\u00e1 no Programa Jovem Senador","og_description":"Na \u00faltima semana, uma jovem e sorridente ubiratanense colocou o munic\u00edpio em evid\u00eancia nacional, ao ser escolhida a representante do Paran\u00e1 na 11\u00aa edi\u00e7\u00e3o","og_url":"https:\/\/ubirataonline.com.br\/en\/ubiratanense-de-15-anos-representou-o-parana-no-programa-jovem-senador\/","og_site_name":"Ubirat\u00e3 Online Not\u00edcias - A realidade ao seu alcance!","article_publisher":"https:\/\/www.facebook.com\/portalubirataonline","article_author":"https:\/\/www.facebook.com\/portalubirataonline","article_published_time":"2018-11-26T10:58:54+00:00","article_modified_time":"2018-11-26T10:58:57+00:00","og_image":[{"url":"https:\/\/ubirataonline.com.br\/wp-content\/uploads\/2018\/11\/2-12.jpg","type":"","width":"","height":""}],"author":"REDA\u00c7\u00c3O: UBIRAT\u00c3 ONLINE - F\u00c1BIO AUGUSTO CELESTINO","twitter_card":"summary_large_image","twitter_creator":"@x.com\/ubirataonline","twitter_site":"@ubirataonline","twitter_misc":{"Written by":"REDA\u00c7\u00c3O: UBIRAT\u00c3 ONLINE - F\u00c1BIO AUGUSTO CELESTINO","Est. reading time":"4 minutes"},"schema":{"@context":"https:\/\/schema.org","@graph":[{"@type":"NewsArticle","@id":"https:\/\/ubirataonline.com.br\/ubiratanense-de-15-anos-representou-o-parana-no-programa-jovem-senador\/#article","isPartOf":{"@id":"https:\/\/ubirataonline.com.br\/ubiratanense-de-15-anos-representou-o-parana-no-programa-jovem-senador\/"},"author":{"name":"REDA\u00c7\u00c3O: UBIRAT\u00c3 ONLINE - F\u00c1BIO AUGUSTO CELESTINO","@id":"https:\/\/ubirataonline.com.br\/#\/schema\/person\/372f87bbd3fdd79b8556b84c98d0bc1c"},"headline":"Ubiratanense de 15 anos representou o Paran\u00e1 no Programa Jovem Senador","datePublished":"2018-11-26T10:58:54+00:00","dateModified":"2018-11-26T10:58:57+00:00","mainEntityOfPage":{"@id":"https:\/\/ubirataonline.com.br\/ubiratanense-de-15-anos-representou-o-parana-no-programa-jovem-senador\/"},"wordCount":819,"publisher":{"@id":"https:\/\/ubirataonline.com.br\/#organization"},"image":{"@id":"https:\/\/ubirataonline.com.br\/ubiratanense-de-15-anos-representou-o-parana-no-programa-jovem-senador\/#primaryimage"},"thumbnailUrl":"https:\/\/ubirataonline.com.br\/wp-content\/uploads\/2018\/11\/2-12.jpg","articleSection":["Brasil"],"inLanguage":"en-US","copyrightYear":"2018","copyrightHolder":{"@id":"https:\/\/ubirataonline.com.br\/en\/#organization"}},{"@type":"WebPage","@id":"https:\/\/ubirataonline.com.br\/ubiratanense-de-15-anos-representou-o-parana-no-programa-jovem-senador\/","url":"https:\/\/ubirataonline.com.br\/ubiratanense-de-15-anos-representou-o-parana-no-programa-jovem-senador\/","name":"Ubiratanense de 15 anos representou o Paran\u00e1 no Programa Jovem Senador - Ubirat\u00e3 Online Not\u00edcias - A realidade ao seu alcance!","isPartOf":{"@id":"https:\/\/ubirataonline.com.br\/#website"},"primaryImageOfPage":{"@id":"https:\/\/ubirataonline.com.br\/ubiratanense-de-15-anos-representou-o-parana-no-programa-jovem-senador\/#primaryimage"},"image":{"@id":"https:\/\/ubirataonline.com.br\/ubiratanense-de-15-anos-representou-o-parana-no-programa-jovem-senador\/#primaryimage"},"thumbnailUrl":"https:\/\/ubirataonline.com.br\/wp-content\/uploads\/2018\/11\/2-12.jpg","datePublished":"2018-11-26T10:58:54+00:00","dateModified":"2018-11-26T10:58:57+00:00","description":"Na \u00faltima semana, uma jovem e sorridente ubiratanense colocou o munic\u00edpio em evid\u00eancia nacional, ao ser escolhida a representante do Paran\u00e1 na 11\u00aa edi\u00e7\u00e3o","breadcrumb":{"@id":"https:\/\/ubirataonline.com.br\/ubiratanense-de-15-anos-representou-o-parana-no-programa-jovem-senador\/#breadcrumb"},"inLanguage":"en-US","potentialAction":[{"@type":"ReadAction","target":["https:\/\/ubirataonline.com.br\/ubiratanense-de-15-anos-representou-o-parana-no-programa-jovem-senador\/"]}]},{"@type":"ImageObject","inLanguage":"en-US","@id":"https:\/\/ubirataonline.com.br\/ubiratanense-de-15-anos-representou-o-parana-no-programa-jovem-senador\/#primaryimage","url":"https:\/\/ubirataonline.com.br\/wp-content\/uploads\/2018\/11\/2-12.jpg","contentUrl":"https:\/\/ubirataonline.com.br\/wp-content\/uploads\/2018\/11\/2-12.jpg"},{"@type":"BreadcrumbList","@id":"https:\/\/ubirataonline.com.br\/ubiratanense-de-15-anos-representou-o-parana-no-programa-jovem-senador\/#breadcrumb","itemListElement":[{"@type":"ListItem","position":1,"name":"In\u00edcio","item":"https:\/\/ubirataonline.com.br\/"},{"@type":"ListItem","position":2,"name":"Ubiratanense de 15 anos representou o Paran\u00e1 no Programa Jovem Senador"}]},{"@type":"WebSite","@id":"https:\/\/ubirataonline.com.br\/#website","url":"https:\/\/ubirataonline.com.br\/","name":"Ubirat\u00e3 Online Not\u00edcias","description":"Not\u00edcias de Ubirat\u00e3, regi\u00e3o, Brasil e mundo, com informa\u00e7\u00e3o atualizada e compromisso com o leitor.","publisher":{"@id":"https:\/\/ubirataonline.com.br\/#organization"},"alternateName":"Ubirat\u00e3 Online","potentialAction":[{"@type":"SearchAction","target":{"@type":"EntryPoint","urlTemplate":"https:\/\/ubirataonline.com.br\/?s={search_term_string}"},"query-input":{"@type":"PropertyValueSpecification","valueRequired":true,"valueName":"search_term_string"}}],"inLanguage":"en-US"},{"@type":["Organization","Place"],"@id":"https:\/\/ubirataonline.com.br\/#organization","name":"Ubirat\u00e3 Online Not\u00edcias","alternateName":"Ubirat\u00e3 Online","url":"https:\/\/ubirataonline.com.br\/","logo":{"@id":"https:\/\/ubirataonline.com.br\/ubiratanense-de-15-anos-representou-o-parana-no-programa-jovem-senador\/#local-main-organization-logo"},"image":{"@id":"https:\/\/ubirataonline.com.br\/ubiratanense-de-15-anos-representou-o-parana-no-programa-jovem-senador\/#local-main-organization-logo"},"sameAs":["https:\/\/www.facebook.com\/portalubirataonline","https:\/\/x.com\/ubirataonline","https:\/\/mastodon.social\/@ubirataonline","https:\/\/www.facebook.com\/groups\/311144672285604","https:\/\/www.facebook.com\/UBTAOnline","https:\/\/www.instagram.com\/portalubirataonline\/","https:\/\/twitter.com\/ubirataonline"],"description":"Somos um portal de not\u00edcias independente, criado em 5 de janeiro de 2009, com o objetivo de informar, conectar e valorizar a nossa comunidade de Ubirat\u00e3 e toda aregi\u00e3o. Com conte\u00fado atualizado, confi\u00e1vel e relevante, o Ubirat\u00e3 Online \u00e9 o seu espa\u00e7o para ficar por dentro dos principais acontecimentos locais, regionais, Brasil, Mundo e de interesse geral. Nosso compromisso \u00e9 com a verdade, a transpar\u00eancia e o respeito ao leitor.","legalName":"UBIRATA ONLINE NOT\u00cdCIAS","foundingDate":"2009-01-05","numberOfEmployees":{"@type":"QuantitativeValue","minValue":"1","maxValue":"10"},"publishingPrinciples":"https:\/\/ubirataonline.com.br\/faq\/","address":{"@id":"https:\/\/ubirataonline.com.br\/ubiratanense-de-15-anos-representou-o-parana-no-programa-jovem-senador\/#local-main-place-address"},"geo":{"@type":"GeoCoordinates","latitude":"-24.5361401","longitude":"-52.9921776"},"telephone":["+5544998308235"],"contactPoint":{"@type":"ContactPoint","email":"contato@ubirataonline.com.br"},"openingHoursSpecification":{"@type":"OpeningHoursSpecification","dayOfWeek":["Monday","Tuesday","Wednesday","Thursday","Friday","Saturday","Sunday"],"opens":"00:00","closes":"23:59"},"email":"contato@ubirataonline.com.br","vatID":"47.621.418\/0001-80"},{"@type":"Person","@id":"https:\/\/ubirataonline.com.br\/#\/schema\/person\/372f87bbd3fdd79b8556b84c98d0bc1c","name":"REDA\u00c7\u00c3O: UBIRAT\u00c3 ONLINE - F\u00c1BIO AUGUSTO CELESTINO","pronouns":"Ele","description":"Desde 2003 trabalhando com not\u00edcias.","sameAs":["http:\/\/ubirataoline.com.br","https:\/\/www.facebook.com\/portalubirataonline","https:\/\/www.instagram.com\/ubirataonline_oficial","https:\/\/x.com\/x.com\/ubirataonline"],"honorificPrefix":"Mr.","honorificSuffix":"MD","birthDate":"1980-06-16","gender":"masculino","award":["V\u00e1rios pr\u00eamios de melhor portal da cidade"],"jobTitle":"Diretor","url":"https:\/\/ubirataonline.com.br\/en\/author\/ubirataonline\/"},{"@type":"PostalAddress","@id":"https:\/\/ubirataonline.com.br\/ubiratanense-de-15-anos-representou-o-parana-no-programa-jovem-senador\/#local-main-place-address","streetAddress":"Rua dos Coqueiros, 104 - Bairro Boa Vista, Rua dos Coqueiros, 104 Bairro Boa Vista","addressLocality":"UBIRATA","postalCode":"85440-000","addressRegion":"PR","addressCountry":"BR"},{"@type":"ImageObject","inLanguage":"en-US","@id":"https:\/\/ubirataonline.com.br\/ubiratanense-de-15-anos-representou-o-parana-no-programa-jovem-senador\/#local-main-organization-logo","url":"https:\/\/ubirataonline.com.br\/wp-content\/uploads\/2026\/06\/logoubirataonline-1.webp","contentUrl":"https:\/\/ubirataonline.com.br\/wp-content\/uploads\/2026\/06\/logoubirataonline-1.webp","width":500,"height":500,"caption":"Ubirat\u00e3 Online Not\u00edcias"}]},"geo.placename":"UBIRATA","geo.position":{"lat":"-24.5361401","long":"-52.9921776"},"geo.region":"Brazil"},"_links":{"self":[{"href":"https:\/\/ubirataonline.com.br\/en\/wp-json\/wp\/v2\/posts\/15989","targetHints":{"allow":["GET"]}}],"collection":[{"href":"https:\/\/ubirataonline.com.br\/en\/wp-json\/wp\/v2\/posts"}],"about":[{"href":"https:\/\/ubirataonline.com.br\/en\/wp-json\/wp\/v2\/types\/post"}],"author":[{"embeddable":true,"href":"https:\/\/ubirataonline.com.br\/en\/wp-json\/wp\/v2\/users\/1"}],"replies":[{"embeddable":true,"href":"https:\/\/ubirataonline.com.br\/en\/wp-json\/wp\/v2\/comments?post=15989"}],"version-history":[{"count":0,"href":"https:\/\/ubirataonline.com.br\/en\/wp-json\/wp\/v2\/posts\/15989\/revisions"}],"wp:attachment":[{"href":"https:\/\/ubirataonline.com.br\/en\/wp-json\/wp\/v2\/media?parent=15989"}],"wp:term":[{"taxonomy":"category","embeddable":true,"href":"https:\/\/ubirataonline.com.br\/en\/wp-json\/wp\/v2\/categories?post=15989"},{"taxonomy":"post_tag","embeddable":true,"href":"https:\/\/ubirataonline.com.br\/en\/wp-json\/wp\/v2\/tags?post=15989"}],"curies":[{"name":"wp","href":"https:\/\/api.w.org\/{rel}","templated":true}]}}