{"id":159969,"date":"2026-07-30T16:10:53","date_gmt":"2026-07-30T19:10:53","guid":{"rendered":"https:\/\/ubirataonline.com.br\/ex-jogadora-do-minas-anuncia-aposentadoria-aos-30-anos\/"},"modified":"2026-07-30T16:10:55","modified_gmt":"2026-07-30T19:10:55","slug":"ex-jogadora-do-minas-anuncia-aposentadoria-aos-30-anos","status":"publish","type":"post","link":"https:\/\/ubirataonline.com.br\/en\/ex-jogadora-do-minas-anuncia-aposentadoria-aos-30-anos\/","title":{"rendered":"ex-jogadora do Minas anuncia aposentadoria aos 30 anos"},"content":{"rendered":"<p><\/p>\n<div id=\"noticia-conteudo\">\n<div class=\"noticia-image-featured\">\n<figure class=\"wp-block-image size-full\">\n<div class=\"publicidade-in-picture-container\">\n                      <picture><source srcset=\"https:\/\/noataque.com.br\/wp-content\/uploads\/2024\/09\/celeste-plak-300x168.jpg\" media=\"(max-width: 375px)\"><source srcset=\"https:\/\/noataque.com.br\/wp-content\/uploads\/2024\/09\/celeste-plak-400x225.jpg\" media=\"(min-width: 376px) and (max-width: 411px)\"><source srcset=\"https:\/\/noataque.com.br\/wp-content\/uploads\/2024\/09\/celeste-plak-570x321.jpg\" media=\"(min-width: 412px) and (max-width: 1023px)\"><source srcset=\"https:\/\/noataque.com.br\/wp-content\/uploads\/2024\/09\/celeste-plak-645x362.jpg\" media=\"(min-width: 1024px) and (max-width: 1399px)\"><source srcset=\"https:\/\/noataque.com.br\/wp-content\/uploads\/2024\/09\/celeste-plak.jpg\" media=\"(min-width: 1400px)\"><\/source><\/source><\/source><\/source><\/source><\/picture>\n<\/p><\/div><figcaption class=\"wp-element-caption\">\n                      <small class=\"image-subtitle\">Celeste Plak, jogadora de v\u00f4lei<\/small><br \/>\n                      <small class=\"image-credit\">(foto: Gladyston Rodrigues\/EM D.A Press)<\/small><br \/>\n                    <\/figcaption><\/figure>\n<\/p><\/div>\n<p>Ex-jogadora do Minas, a oposta holandesa <strong><a href=\"https:\/\/noataque.com.br\/volei\/noticia\/2025\/12\/13\/volei-jogadora-que-deixou-o-minas-em-2025-e-anunciada-por-clube-europeu\/\" type=\"link\" id=\"https:\/\/noataque.com.br\/volei\/noticia\/2025\/12\/13\/volei-jogadora-que-deixou-o-minas-em-2025-e-anunciada-por-clube-europeu\/\">Celeste Plak<\/a><\/strong> anunciou nesta quinta-feira (30\/7) a aposentadoria das quadras aos 30 anos. Em uma publica\u00e7\u00e3o nas redes sociais, a atleta agradeceu \u00e0 fam\u00edlia, aos amigos, \u00e0s companheiras de equipe e aos f\u00e3s que a acompanharam ao longo da carreira.<\/p>\n<p>\u201cCom um sorriso no rosto e o cora\u00e7\u00e3o cheio de gratid\u00e3o, quero agradecer a todos voc\u00eas: minha fam\u00edlia, amigos, companheiras de equipe (e da sele\u00e7\u00e3o) e f\u00e3s que me apoiaram ao longo de toda essa jornada\u201d, escreveu.<\/p>\n<p>Celeste iniciou a carreira profissional em 2012, no Alterno, da Holanda. Depois, passou por Foppapedretti Bergamo e Igor Gorgonzola Novara, da It\u00e1lia. <\/p>\n<p>Em seguida, vestiu as camisas de Ayd\u0131n B\u00fcy\u00fck\u015fehir Belediyespor e Be\u015fikta\u015f Ayos, da Turquia, Victorina Himeji, do Jap\u00e3o, Aeroitalia SMI Roma Volley, da It\u00e1lia, Jakarta Elektrik PLN, da Indon\u00e9sia, e Numia Vero Volley Milano, tamb\u00e9m da It\u00e1lia, onde encerrou a carreira.<\/p>\n<p>A passagem pelo Brasil ocorreu na temporada 2024\/25. Pelo Minas, conquistou o Campeonato Mineiro e a Supercopa Brasileira de Voleibol.<\/p>\n<p>Na despedida, a oposta destacou as experi\u00eancias vividas ao longo da carreira. \u201cSinto-me rica por ter vivenciado tantos pa\u00edses, culturas e pessoas ao redor do mundo. Eu n\u00e3o poderia ter feito nada disso sem voc\u00eas. Que montanha-russa foi tudo isso. Desejo a todos voc\u00eas muita sorte, sucesso e amor.\u201d<\/p>\n<h2 class=\"wp-block-heading\" id=\"h-motivo-da-aposentadoria\">Motivo da aposentadoria<\/h2>\n<p>Celeste explicou que decidiu encerrar a carreira para priorizar uma nova fase de vida.<\/p>\n<blockquote class=\"wp-block-quote is-layout-flow wp-block-quote-is-layout-flow\">\n<p>\u201cChegou o momento em que a minha liberdade vem acima da minha carreira. Uma jornada que come\u00e7ou aos 14 anos, quando deixei minha casa para perseguir um objetivo com destino desconhecido. Depois de jogar mais de 407 vezes pela sele\u00e7\u00e3o holandesa e defender as cores de muitos clubes, esta caminhada como jogadora de v\u00f4lei chegou ao fim.\u201d<\/p>\n<p><cite>Celeste Plak<\/cite><\/p><\/blockquote>\n<p>A atleta tamb\u00e9m relembrou as principais conquistas da carreira.<\/p>\n<p>\u201cTenho orgulho de ter vencido a Liga dos Campe\u00f5es, disputado duas Olimp\u00edadas, conhecido amigos maravilhosos que se tornaram minha fam\u00edlia e sido a primeira mulher negra a jogar pela sele\u00e7\u00e3o holandesa.\u201d<\/p>\n<blockquote class=\"instagram-media\" data-instgrm-captioned=\"\" data-instgrm-permalink=\"https:\/\/www.instagram.com\/p\/DbalNVbjYOd\/?utm_source=ig_embed&amp;utm_campaign=loading\" data-instgrm-version=\"14\" style=\" background:#FFF; border:0; border-radius:3px; box-shadow:0 0 1px 0 rgba(0,0,0,0.5),0 1px 10px 0 rgba(0,0,0,0.15); margin: 1px; max-width:540px; min-width:326px; padding:0; width:99.375%; width:-webkit-calc(100% - 2px); width:calc(100% - 2px);\"\/><\/div>\n<p><script async src=\"\/\/www.instagram.com\/embed.js\"><\/script><\/p>\n<p><a href=\"https:\/\/ubirataonline.com.br\/en\/noticias\/\" target=\"_blank\" rel=\"noopener noreferrer\">Mais Not\u00edcias<\/a><\/p>\n<p><a href=\"https:\/\/ubirataonline.com.br\/en\/\" target=\"_blank\" rel=\"noopener noreferrer\">Home Page &#8211; In\u00edcio<\/a><\/p>\n<p><a href=\"https:\/\/noataque.com.br\/volei\/noticia\/2026\/07\/30\/volei-ex-jogadora-do-minas-anuncia-aposentadoria-aos-30-anos\/\">Fonte do Artigo <\/a><br \/>\nSee more: <a href=\"https:\/\/theglobaltrack.com\/\" target=\"_blank\" rel=\"noopener noreferrer\">The Global Track<\/a><\/p>\n<p><a href=\"https:\/\/corinthiames.com.br\/\" target=\"_blank\" rel=\"noopener noreferrer\">Corinthia Mes<\/a><\/p>","protected":false},"excerpt":{"rendered":"<p>Celeste Plak, jogadora de v\u00f4lei (foto: Gladyston Rodrigues\/EM D.A Press) Ex-jogadora do Minas, a oposta holandesa Celeste Plak anunciou nesta quinta-feira (30\/7) a aposentadoria das quadras aos 30 anos. Em uma publica\u00e7\u00e3o nas redes sociais, a atleta agradeceu \u00e0 fam\u00edlia, aos amigos, \u00e0s companheiras de equipe e aos f\u00e3s que a acompanharam ao longo da [&hellip;]<\/p>\n","protected":false},"author":1,"featured_media":159970,"comment_status":"closed","ping_status":"","sticky":false,"template":"","format":"standard","meta":{"googlesitekit_rrm_CAow2JLhCw:productID":"","_gspb_post_css":"","maa_idioma":"","maa_pais":"","footnotes":""},"categories":[4],"tags":[3141,5278,3029,11985,43433,4490],"class_list":["post-159969","post","type-post","status-publish","format-standard","has-post-thumbnail","hentry","category-brasil","tag-anos","tag-anuncia","tag-aos","tag-aposentadoria","tag-exjogadora","tag-minas"],"blocksy_meta":[],"yoast_head":"<!-- This site is optimized with the Yoast SEO Premium plugin v27.6 (Yoast SEO v27.6) - https:\/\/yoast.com\/product\/yoast-seo-premium-wordpress\/ -->\n<title>ex-jogadora do Minas anuncia aposentadoria aos 30 anos - Ubirat\u00e3 Online Not\u00edcias - A realidade ao seu alcance!<\/title>\n<meta name=\"description\" content=\"Campe\u00e3 mineira e da Supercopa pelo clube mineiro, oposta holandesa agradeceu a familiares, amigos e f\u00e3s em mensagem nas redes sociais\" \/>\n<meta name=\"robots\" content=\"index, follow, max-snippet:-1, max-image-preview:large, max-video-preview:-1\" \/>\n<link rel=\"canonical\" href=\"https:\/\/ubirataonline.com.br\/en\/ex-jogadora-do-minas-anuncia-aposentadoria-aos-30-anos\/\" \/>\n<meta property=\"og:locale\" content=\"en_US\" \/>\n<meta property=\"og:type\" content=\"article\" \/>\n<meta property=\"og:title\" content=\"ex-jogadora do Minas anuncia aposentadoria aos 30 anos\" \/>\n<meta property=\"og:description\" content=\"Campe\u00e3 mineira e da Supercopa pelo clube mineiro, oposta holandesa agradeceu a familiares, amigos e f\u00e3s em mensagem nas redes sociais\" \/>\n<meta property=\"og:url\" content=\"https:\/\/ubirataonline.com.br\/en\/ex-jogadora-do-minas-anuncia-aposentadoria-aos-30-anos\/\" \/>\n<meta property=\"og:site_name\" content=\"Ubirat\u00e3 Online Not\u00edcias - A realidade ao seu alcance!\" \/>\n<meta property=\"article:publisher\" content=\"https:\/\/www.facebook.com\/portalubirataonline\" \/>\n<meta property=\"article:author\" content=\"https:\/\/www.facebook.com\/portalubirataonline\" \/>\n<meta property=\"article:published_time\" content=\"2026-07-30T19:10:53+00:00\" \/>\n<meta property=\"article:modified_time\" content=\"2026-07-30T19:10:55+00:00\" \/>\n<meta property=\"og:image\" content=\"https:\/\/ubirataonline.com.br\/wp-content\/uploads\/2026\/07\/ex-jogadora-do-Minas-anuncia-aposentadoria-aos-30-anos.jpg\" \/>\n\t<meta property=\"og:image:width\" content=\"1200\" \/>\n\t<meta property=\"og:image:height\" content=\"675\" \/>\n\t<meta property=\"og:image:type\" content=\"image\/jpeg\" \/>\n<meta name=\"author\" content=\"REDA\u00c7\u00c3O: UBIRAT\u00c3 ONLINE - F\u00c1BIO AUGUSTO CELESTINO\" \/>\n<meta name=\"twitter:card\" content=\"summary_large_image\" \/>\n<meta name=\"twitter:creator\" content=\"@x.com\/ubirataonline\" \/>\n<meta name=\"twitter:site\" content=\"@ubirataonline\" \/>\n<meta name=\"twitter:label1\" content=\"Written by\" \/>\n\t<meta name=\"twitter:data1\" content=\"REDA\u00c7\u00c3O: UBIRAT\u00c3 ONLINE - F\u00c1BIO AUGUSTO CELESTINO\" \/>\n\t<meta name=\"twitter:label2\" content=\"Est. reading time\" \/>\n\t<meta name=\"twitter:data2\" content=\"2 minutes\" \/>\n<script type=\"application\/ld+json\" class=\"yoast-schema-graph\">{\"@context\":\"https:\\\/\\\/schema.org\",\"@graph\":[{\"@type\":\"NewsArticle\",\"@id\":\"https:\\\/\\\/ubirataonline.com.br\\\/ex-jogadora-do-minas-anuncia-aposentadoria-aos-30-anos\\\/#article\",\"isPartOf\":{\"@id\":\"https:\\\/\\\/ubirataonline.com.br\\\/ex-jogadora-do-minas-anuncia-aposentadoria-aos-30-anos\\\/\"},\"author\":{\"name\":\"REDA\u00c7\u00c3O: UBIRAT\u00c3 ONLINE - F\u00c1BIO AUGUSTO CELESTINO\",\"@id\":\"https:\\\/\\\/ubirataonline.com.br\\\/#\\\/schema\\\/person\\\/372f87bbd3fdd79b8556b84c98d0bc1c\"},\"headline\":\"ex-jogadora do Minas anuncia aposentadoria aos 30 anos\",\"datePublished\":\"2026-07-30T19:10:53+00:00\",\"dateModified\":\"2026-07-30T19:10:55+00:00\",\"mainEntityOfPage\":{\"@id\":\"https:\\\/\\\/ubirataonline.com.br\\\/ex-jogadora-do-minas-anuncia-aposentadoria-aos-30-anos\\\/\"},\"wordCount\":395,\"publisher\":{\"@id\":\"https:\\\/\\\/ubirataonline.com.br\\\/#organization\"},\"image\":{\"@id\":\"https:\\\/\\\/ubirataonline.com.br\\\/ex-jogadora-do-minas-anuncia-aposentadoria-aos-30-anos\\\/#primaryimage\"},\"thumbnailUrl\":\"https:\\\/\\\/ubirataonline.com.br\\\/wp-content\\\/uploads\\\/2026\\\/07\\\/ex-jogadora-do-Minas-anuncia-aposentadoria-aos-30-anos.jpg\",\"keywords\":[\"anos\",\"anuncia\",\"aos\",\"aposentadoria\",\"exjogadora\",\"Minas\"],\"articleSection\":[\"Brasil\"],\"inLanguage\":\"en-US\",\"copyrightYear\":\"2026\",\"copyrightHolder\":{\"@id\":\"https:\\\/\\\/ubirataonline.com.br\\\/en\\\/#organization\"}},{\"@type\":\"WebPage\",\"@id\":\"https:\\\/\\\/ubirataonline.com.br\\\/ex-jogadora-do-minas-anuncia-aposentadoria-aos-30-anos\\\/\",\"url\":\"https:\\\/\\\/ubirataonline.com.br\\\/ex-jogadora-do-minas-anuncia-aposentadoria-aos-30-anos\\\/\",\"name\":\"ex-jogadora do Minas anuncia aposentadoria aos 30 anos - Ubirat\u00e3 Online Not\u00edcias - A realidade ao seu alcance!\",\"isPartOf\":{\"@id\":\"https:\\\/\\\/ubirataonline.com.br\\\/#website\"},\"primaryImageOfPage\":{\"@id\":\"https:\\\/\\\/ubirataonline.com.br\\\/ex-jogadora-do-minas-anuncia-aposentadoria-aos-30-anos\\\/#primaryimage\"},\"image\":{\"@id\":\"https:\\\/\\\/ubirataonline.com.br\\\/ex-jogadora-do-minas-anuncia-aposentadoria-aos-30-anos\\\/#primaryimage\"},\"thumbnailUrl\":\"https:\\\/\\\/ubirataonline.com.br\\\/wp-content\\\/uploads\\\/2026\\\/07\\\/ex-jogadora-do-Minas-anuncia-aposentadoria-aos-30-anos.jpg\",\"datePublished\":\"2026-07-30T19:10:53+00:00\",\"dateModified\":\"2026-07-30T19:10:55+00:00\",\"description\":\"Campe\u00e3 mineira e da Supercopa pelo clube mineiro, oposta holandesa agradeceu a familiares, amigos e f\u00e3s em mensagem nas redes sociais\",\"breadcrumb\":{\"@id\":\"https:\\\/\\\/ubirataonline.com.br\\\/ex-jogadora-do-minas-anuncia-aposentadoria-aos-30-anos\\\/#breadcrumb\"},\"inLanguage\":\"en-US\",\"potentialAction\":[{\"@type\":\"ReadAction\",\"target\":[\"https:\\\/\\\/ubirataonline.com.br\\\/ex-jogadora-do-minas-anuncia-aposentadoria-aos-30-anos\\\/\"]}]},{\"@type\":\"ImageObject\",\"inLanguage\":\"en-US\",\"@id\":\"https:\\\/\\\/ubirataonline.com.br\\\/ex-jogadora-do-minas-anuncia-aposentadoria-aos-30-anos\\\/#primaryimage\",\"url\":\"https:\\\/\\\/ubirataonline.com.br\\\/wp-content\\\/uploads\\\/2026\\\/07\\\/ex-jogadora-do-Minas-anuncia-aposentadoria-aos-30-anos.jpg\",\"contentUrl\":\"https:\\\/\\\/ubirataonline.com.br\\\/wp-content\\\/uploads\\\/2026\\\/07\\\/ex-jogadora-do-Minas-anuncia-aposentadoria-aos-30-anos.jpg\",\"width\":1200,\"height\":675,\"caption\":\"Celeste Plak, jogadora de v\u00f4lei (foto: Gladyston Rodrigues\\\/EM D.A Press)\"},{\"@type\":\"BreadcrumbList\",\"@id\":\"https:\\\/\\\/ubirataonline.com.br\\\/ex-jogadora-do-minas-anuncia-aposentadoria-aos-30-anos\\\/#breadcrumb\",\"itemListElement\":[{\"@type\":\"ListItem\",\"position\":1,\"name\":\"In\u00edcio\",\"item\":\"https:\\\/\\\/ubirataonline.com.br\\\/\"},{\"@type\":\"ListItem\",\"position\":2,\"name\":\"ex-jogadora do Minas anuncia aposentadoria aos 30 anos\"}]},{\"@type\":\"WebSite\",\"@id\":\"https:\\\/\\\/ubirataonline.com.br\\\/#website\",\"url\":\"https:\\\/\\\/ubirataonline.com.br\\\/\",\"name\":\"Ubirat\u00e3 Online Not\u00edcias\",\"description\":\"Not\u00edcias de Ubirat\u00e3, regi\u00e3o, Brasil e mundo, com informa\u00e7\u00e3o atualizada e compromisso com o leitor.\",\"publisher\":{\"@id\":\"https:\\\/\\\/ubirataonline.com.br\\\/#organization\"},\"alternateName\":\"Ubirat\u00e3 Online\",\"potentialAction\":[{\"@type\":\"SearchAction\",\"target\":{\"@type\":\"EntryPoint\",\"urlTemplate\":\"https:\\\/\\\/ubirataonline.com.br\\\/?s={search_term_string}\"},\"query-input\":{\"@type\":\"PropertyValueSpecification\",\"valueRequired\":true,\"valueName\":\"search_term_string\"}}],\"inLanguage\":\"en-US\"},{\"@type\":[\"Organization\",\"Place\"],\"@id\":\"https:\\\/\\\/ubirataonline.com.br\\\/#organization\",\"name\":\"Ubirat\u00e3 Online Not\u00edcias\",\"alternateName\":\"Ubirat\u00e3 Online\",\"url\":\"https:\\\/\\\/ubirataonline.com.br\\\/\",\"logo\":{\"@id\":\"https:\\\/\\\/ubirataonline.com.br\\\/ex-jogadora-do-minas-anuncia-aposentadoria-aos-30-anos\\\/#local-main-organization-logo\"},\"image\":{\"@id\":\"https:\\\/\\\/ubirataonline.com.br\\\/ex-jogadora-do-minas-anuncia-aposentadoria-aos-30-anos\\\/#local-main-organization-logo\"},\"sameAs\":[\"https:\\\/\\\/www.facebook.com\\\/portalubirataonline\",\"https:\\\/\\\/x.com\\\/ubirataonline\",\"https:\\\/\\\/mastodon.social\\\/@ubirataonline\",\"https:\\\/\\\/www.facebook.com\\\/groups\\\/311144672285604\",\"https:\\\/\\\/www.facebook.com\\\/UBTAOnline\",\"https:\\\/\\\/www.instagram.com\\\/portalubirataonline\\\/\",\"https:\\\/\\\/twitter.com\\\/ubirataonline\"],\"description\":\"Somos um portal de not\u00edcias independente, criado em 5 de janeiro de 2009, com o objetivo de informar, conectar e valorizar a nossa comunidade de Ubirat\u00e3 e toda aregi\u00e3o. Com conte\u00fado atualizado, confi\u00e1vel e relevante, o Ubirat\u00e3 Online \u00e9 o seu espa\u00e7o para ficar por dentro dos principais acontecimentos locais, regionais, Brasil, Mundo e de interesse geral. Nosso compromisso \u00e9 com a verdade, a transpar\u00eancia e o respeito ao leitor.\",\"legalName\":\"UBIRATA ONLINE NOT\u00cdCIAS\",\"foundingDate\":\"2009-01-05\",\"numberOfEmployees\":{\"@type\":\"QuantitativeValue\",\"minValue\":\"1\",\"maxValue\":\"10\"},\"publishingPrinciples\":\"https:\\\/\\\/ubirataonline.com.br\\\/faq\\\/\",\"address\":{\"@id\":\"https:\\\/\\\/ubirataonline.com.br\\\/ex-jogadora-do-minas-anuncia-aposentadoria-aos-30-anos\\\/#local-main-place-address\"},\"geo\":{\"@type\":\"GeoCoordinates\",\"latitude\":\"-24.5361401\",\"longitude\":\"-52.9921776\"},\"telephone\":[\"+5544998308235\"],\"contactPoint\":{\"@type\":\"ContactPoint\",\"email\":\"contato@ubirataonline.com.br\"},\"openingHoursSpecification\":{\"@type\":\"OpeningHoursSpecification\",\"dayOfWeek\":[\"Monday\",\"Tuesday\",\"Wednesday\",\"Thursday\",\"Friday\",\"Saturday\",\"Sunday\"],\"opens\":\"00:00\",\"closes\":\"23:59\"},\"email\":\"contato@ubirataonline.com.br\",\"vatID\":\"47.621.418\\\/0001-80\"},{\"@type\":\"Person\",\"@id\":\"https:\\\/\\\/ubirataonline.com.br\\\/#\\\/schema\\\/person\\\/372f87bbd3fdd79b8556b84c98d0bc1c\",\"name\":\"REDA\u00c7\u00c3O: UBIRAT\u00c3 ONLINE - F\u00c1BIO AUGUSTO CELESTINO\",\"pronouns\":\"Ele\",\"description\":\"Desde 2003 trabalhando com not\u00edcias.\",\"sameAs\":[\"http:\\\/\\\/ubirataoline.com.br\",\"https:\\\/\\\/www.facebook.com\\\/portalubirataonline\",\"https:\\\/\\\/www.instagram.com\\\/ubirataonline_oficial\",\"https:\\\/\\\/x.com\\\/x.com\\\/ubirataonline\"],\"honorificPrefix\":\"Mr.\",\"honorificSuffix\":\"MD\",\"birthDate\":\"1980-06-16\",\"gender\":\"masculino\",\"award\":[\"V\u00e1rios pr\u00eamios de melhor portal da cidade\"],\"jobTitle\":\"Diretor\",\"url\":\"https:\\\/\\\/ubirataonline.com.br\\\/en\\\/author\\\/ubirataonline\\\/\"},{\"@type\":\"PostalAddress\",\"@id\":\"https:\\\/\\\/ubirataonline.com.br\\\/ex-jogadora-do-minas-anuncia-aposentadoria-aos-30-anos\\\/#local-main-place-address\",\"streetAddress\":\"Rua dos Coqueiros, 104 - Bairro Boa Vista, Rua dos Coqueiros, 104 Bairro Boa Vista\",\"addressLocality\":\"UBIRATA\",\"postalCode\":\"85440-000\",\"addressRegion\":\"PR\",\"addressCountry\":\"BR\"},{\"@type\":\"ImageObject\",\"inLanguage\":\"en-US\",\"@id\":\"https:\\\/\\\/ubirataonline.com.br\\\/ex-jogadora-do-minas-anuncia-aposentadoria-aos-30-anos\\\/#local-main-organization-logo\",\"url\":\"https:\\\/\\\/ubirataonline.com.br\\\/wp-content\\\/uploads\\\/2026\\\/06\\\/logoubirataonline-1.webp\",\"contentUrl\":\"https:\\\/\\\/ubirataonline.com.br\\\/wp-content\\\/uploads\\\/2026\\\/06\\\/logoubirataonline-1.webp\",\"width\":500,\"height\":500,\"caption\":\"Ubirat\u00e3 Online Not\u00edcias\"}]}<\/script>\n<meta name=\"geo.placename\" content=\"UBIRATA\" \/>\n<meta name=\"geo.position\" content=\"-24.5361401;-52.9921776\" \/>\n<meta name=\"geo.region\" content=\"Brazil\" \/>\n<!-- \/ Yoast SEO Premium plugin. -->","yoast_head_json":{"title":"ex-jogadora do Minas anuncia aposentadoria aos 30 anos - Ubirat\u00e3 Online Not\u00edcias - A realidade ao seu alcance!","description":"Campe\u00e3 mineira e da Supercopa pelo clube mineiro, oposta holandesa agradeceu a familiares, amigos e f\u00e3s em mensagem nas redes sociais","robots":{"index":"index","follow":"follow","max-snippet":"max-snippet:-1","max-image-preview":"max-image-preview:large","max-video-preview":"max-video-preview:-1"},"canonical":"https:\/\/ubirataonline.com.br\/en\/ex-jogadora-do-minas-anuncia-aposentadoria-aos-30-anos\/","og_locale":"en_US","og_type":"article","og_title":"ex-jogadora do Minas anuncia aposentadoria aos 30 anos","og_description":"Campe\u00e3 mineira e da Supercopa pelo clube mineiro, oposta holandesa agradeceu a familiares, amigos e f\u00e3s em mensagem nas redes sociais","og_url":"https:\/\/ubirataonline.com.br\/en\/ex-jogadora-do-minas-anuncia-aposentadoria-aos-30-anos\/","og_site_name":"Ubirat\u00e3 Online Not\u00edcias - A realidade ao seu alcance!","article_publisher":"https:\/\/www.facebook.com\/portalubirataonline","article_author":"https:\/\/www.facebook.com\/portalubirataonline","article_published_time":"2026-07-30T19:10:53+00:00","article_modified_time":"2026-07-30T19:10:55+00:00","og_image":[{"width":1200,"height":675,"url":"https:\/\/ubirataonline.com.br\/wp-content\/uploads\/2026\/07\/ex-jogadora-do-Minas-anuncia-aposentadoria-aos-30-anos.jpg","type":"image\/jpeg"}],"author":"REDA\u00c7\u00c3O: UBIRAT\u00c3 ONLINE - F\u00c1BIO AUGUSTO CELESTINO","twitter_card":"summary_large_image","twitter_creator":"@x.com\/ubirataonline","twitter_site":"@ubirataonline","twitter_misc":{"Written by":"REDA\u00c7\u00c3O: UBIRAT\u00c3 ONLINE - F\u00c1BIO AUGUSTO CELESTINO","Est. reading time":"2 minutes"},"schema":{"@context":"https:\/\/schema.org","@graph":[{"@type":"NewsArticle","@id":"https:\/\/ubirataonline.com.br\/ex-jogadora-do-minas-anuncia-aposentadoria-aos-30-anos\/#article","isPartOf":{"@id":"https:\/\/ubirataonline.com.br\/ex-jogadora-do-minas-anuncia-aposentadoria-aos-30-anos\/"},"author":{"name":"REDA\u00c7\u00c3O: UBIRAT\u00c3 ONLINE - F\u00c1BIO AUGUSTO CELESTINO","@id":"https:\/\/ubirataonline.com.br\/#\/schema\/person\/372f87bbd3fdd79b8556b84c98d0bc1c"},"headline":"ex-jogadora do Minas anuncia aposentadoria aos 30 anos","datePublished":"2026-07-30T19:10:53+00:00","dateModified":"2026-07-30T19:10:55+00:00","mainEntityOfPage":{"@id":"https:\/\/ubirataonline.com.br\/ex-jogadora-do-minas-anuncia-aposentadoria-aos-30-anos\/"},"wordCount":395,"publisher":{"@id":"https:\/\/ubirataonline.com.br\/#organization"},"image":{"@id":"https:\/\/ubirataonline.com.br\/ex-jogadora-do-minas-anuncia-aposentadoria-aos-30-anos\/#primaryimage"},"thumbnailUrl":"https:\/\/ubirataonline.com.br\/wp-content\/uploads\/2026\/07\/ex-jogadora-do-Minas-anuncia-aposentadoria-aos-30-anos.jpg","keywords":["anos","anuncia","aos","aposentadoria","exjogadora","Minas"],"articleSection":["Brasil"],"inLanguage":"en-US","copyrightYear":"2026","copyrightHolder":{"@id":"https:\/\/ubirataonline.com.br\/en\/#organization"}},{"@type":"WebPage","@id":"https:\/\/ubirataonline.com.br\/ex-jogadora-do-minas-anuncia-aposentadoria-aos-30-anos\/","url":"https:\/\/ubirataonline.com.br\/ex-jogadora-do-minas-anuncia-aposentadoria-aos-30-anos\/","name":"ex-jogadora do Minas anuncia aposentadoria aos 30 anos - Ubirat\u00e3 Online Not\u00edcias - A realidade ao seu alcance!","isPartOf":{"@id":"https:\/\/ubirataonline.com.br\/#website"},"primaryImageOfPage":{"@id":"https:\/\/ubirataonline.com.br\/ex-jogadora-do-minas-anuncia-aposentadoria-aos-30-anos\/#primaryimage"},"image":{"@id":"https:\/\/ubirataonline.com.br\/ex-jogadora-do-minas-anuncia-aposentadoria-aos-30-anos\/#primaryimage"},"thumbnailUrl":"https:\/\/ubirataonline.com.br\/wp-content\/uploads\/2026\/07\/ex-jogadora-do-Minas-anuncia-aposentadoria-aos-30-anos.jpg","datePublished":"2026-07-30T19:10:53+00:00","dateModified":"2026-07-30T19:10:55+00:00","description":"Campe\u00e3 mineira e da Supercopa pelo clube mineiro, oposta holandesa agradeceu a familiares, amigos e f\u00e3s em mensagem nas redes sociais","breadcrumb":{"@id":"https:\/\/ubirataonline.com.br\/ex-jogadora-do-minas-anuncia-aposentadoria-aos-30-anos\/#breadcrumb"},"inLanguage":"en-US","potentialAction":[{"@type":"ReadAction","target":["https:\/\/ubirataonline.com.br\/ex-jogadora-do-minas-anuncia-aposentadoria-aos-30-anos\/"]}]},{"@type":"ImageObject","inLanguage":"en-US","@id":"https:\/\/ubirataonline.com.br\/ex-jogadora-do-minas-anuncia-aposentadoria-aos-30-anos\/#primaryimage","url":"https:\/\/ubirataonline.com.br\/wp-content\/uploads\/2026\/07\/ex-jogadora-do-Minas-anuncia-aposentadoria-aos-30-anos.jpg","contentUrl":"https:\/\/ubirataonline.com.br\/wp-content\/uploads\/2026\/07\/ex-jogadora-do-Minas-anuncia-aposentadoria-aos-30-anos.jpg","width":1200,"height":675,"caption":"Celeste Plak, jogadora de v\u00f4lei (foto: Gladyston Rodrigues\/EM D.A Press)"},{"@type":"BreadcrumbList","@id":"https:\/\/ubirataonline.com.br\/ex-jogadora-do-minas-anuncia-aposentadoria-aos-30-anos\/#breadcrumb","itemListElement":[{"@type":"ListItem","position":1,"name":"In\u00edcio","item":"https:\/\/ubirataonline.com.br\/"},{"@type":"ListItem","position":2,"name":"ex-jogadora do Minas anuncia aposentadoria aos 30 anos"}]},{"@type":"WebSite","@id":"https:\/\/ubirataonline.com.br\/#website","url":"https:\/\/ubirataonline.com.br\/","name":"Ubirat\u00e3 Online Not\u00edcias","description":"Not\u00edcias de Ubirat\u00e3, regi\u00e3o, Brasil e mundo, com informa\u00e7\u00e3o atualizada e compromisso com o leitor.","publisher":{"@id":"https:\/\/ubirataonline.com.br\/#organization"},"alternateName":"Ubirat\u00e3 Online","potentialAction":[{"@type":"SearchAction","target":{"@type":"EntryPoint","urlTemplate":"https:\/\/ubirataonline.com.br\/?s={search_term_string}"},"query-input":{"@type":"PropertyValueSpecification","valueRequired":true,"valueName":"search_term_string"}}],"inLanguage":"en-US"},{"@type":["Organization","Place"],"@id":"https:\/\/ubirataonline.com.br\/#organization","name":"Ubirat\u00e3 Online Not\u00edcias","alternateName":"Ubirat\u00e3 Online","url":"https:\/\/ubirataonline.com.br\/","logo":{"@id":"https:\/\/ubirataonline.com.br\/ex-jogadora-do-minas-anuncia-aposentadoria-aos-30-anos\/#local-main-organization-logo"},"image":{"@id":"https:\/\/ubirataonline.com.br\/ex-jogadora-do-minas-anuncia-aposentadoria-aos-30-anos\/#local-main-organization-logo"},"sameAs":["https:\/\/www.facebook.com\/portalubirataonline","https:\/\/x.com\/ubirataonline","https:\/\/mastodon.social\/@ubirataonline","https:\/\/www.facebook.com\/groups\/311144672285604","https:\/\/www.facebook.com\/UBTAOnline","https:\/\/www.instagram.com\/portalubirataonline\/","https:\/\/twitter.com\/ubirataonline"],"description":"Somos um portal de not\u00edcias independente, criado em 5 de janeiro de 2009, com o objetivo de informar, conectar e valorizar a nossa comunidade de Ubirat\u00e3 e toda aregi\u00e3o. Com conte\u00fado atualizado, confi\u00e1vel e relevante, o Ubirat\u00e3 Online \u00e9 o seu espa\u00e7o para ficar por dentro dos principais acontecimentos locais, regionais, Brasil, Mundo e de interesse geral. Nosso compromisso \u00e9 com a verdade, a transpar\u00eancia e o respeito ao leitor.","legalName":"UBIRATA ONLINE NOT\u00cdCIAS","foundingDate":"2009-01-05","numberOfEmployees":{"@type":"QuantitativeValue","minValue":"1","maxValue":"10"},"publishingPrinciples":"https:\/\/ubirataonline.com.br\/faq\/","address":{"@id":"https:\/\/ubirataonline.com.br\/ex-jogadora-do-minas-anuncia-aposentadoria-aos-30-anos\/#local-main-place-address"},"geo":{"@type":"GeoCoordinates","latitude":"-24.5361401","longitude":"-52.9921776"},"telephone":["+5544998308235"],"contactPoint":{"@type":"ContactPoint","email":"contato@ubirataonline.com.br"},"openingHoursSpecification":{"@type":"OpeningHoursSpecification","dayOfWeek":["Monday","Tuesday","Wednesday","Thursday","Friday","Saturday","Sunday"],"opens":"00:00","closes":"23:59"},"email":"contato@ubirataonline.com.br","vatID":"47.621.418\/0001-80"},{"@type":"Person","@id":"https:\/\/ubirataonline.com.br\/#\/schema\/person\/372f87bbd3fdd79b8556b84c98d0bc1c","name":"REDA\u00c7\u00c3O: UBIRAT\u00c3 ONLINE - F\u00c1BIO AUGUSTO CELESTINO","pronouns":"Ele","description":"Desde 2003 trabalhando com not\u00edcias.","sameAs":["http:\/\/ubirataoline.com.br","https:\/\/www.facebook.com\/portalubirataonline","https:\/\/www.instagram.com\/ubirataonline_oficial","https:\/\/x.com\/x.com\/ubirataonline"],"honorificPrefix":"Mr.","honorificSuffix":"MD","birthDate":"1980-06-16","gender":"masculino","award":["V\u00e1rios pr\u00eamios de melhor portal da cidade"],"jobTitle":"Diretor","url":"https:\/\/ubirataonline.com.br\/en\/author\/ubirataonline\/"},{"@type":"PostalAddress","@id":"https:\/\/ubirataonline.com.br\/ex-jogadora-do-minas-anuncia-aposentadoria-aos-30-anos\/#local-main-place-address","streetAddress":"Rua dos Coqueiros, 104 - Bairro Boa Vista, Rua dos Coqueiros, 104 Bairro Boa Vista","addressLocality":"UBIRATA","postalCode":"85440-000","addressRegion":"PR","addressCountry":"BR"},{"@type":"ImageObject","inLanguage":"en-US","@id":"https:\/\/ubirataonline.com.br\/ex-jogadora-do-minas-anuncia-aposentadoria-aos-30-anos\/#local-main-organization-logo","url":"https:\/\/ubirataonline.com.br\/wp-content\/uploads\/2026\/06\/logoubirataonline-1.webp","contentUrl":"https:\/\/ubirataonline.com.br\/wp-content\/uploads\/2026\/06\/logoubirataonline-1.webp","width":500,"height":500,"caption":"Ubirat\u00e3 Online Not\u00edcias"}]},"geo.placename":"UBIRATA","geo.position":{"lat":"-24.5361401","long":"-52.9921776"},"geo.region":"Brazil"},"_links":{"self":[{"href":"https:\/\/ubirataonline.com.br\/en\/wp-json\/wp\/v2\/posts\/159969","targetHints":{"allow":["GET"]}}],"collection":[{"href":"https:\/\/ubirataonline.com.br\/en\/wp-json\/wp\/v2\/posts"}],"about":[{"href":"https:\/\/ubirataonline.com.br\/en\/wp-json\/wp\/v2\/types\/post"}],"author":[{"embeddable":true,"href":"https:\/\/ubirataonline.com.br\/en\/wp-json\/wp\/v2\/users\/1"}],"replies":[{"embeddable":true,"href":"https:\/\/ubirataonline.com.br\/en\/wp-json\/wp\/v2\/comments?post=159969"}],"version-history":[{"count":0,"href":"https:\/\/ubirataonline.com.br\/en\/wp-json\/wp\/v2\/posts\/159969\/revisions"}],"wp:featuredmedia":[{"embeddable":true,"href":"https:\/\/ubirataonline.com.br\/en\/wp-json\/wp\/v2\/media\/159970"}],"wp:attachment":[{"href":"https:\/\/ubirataonline.com.br\/en\/wp-json\/wp\/v2\/media?parent=159969"}],"wp:term":[{"taxonomy":"category","embeddable":true,"href":"https:\/\/ubirataonline.com.br\/en\/wp-json\/wp\/v2\/categories?post=159969"},{"taxonomy":"post_tag","embeddable":true,"href":"https:\/\/ubirataonline.com.br\/en\/wp-json\/wp\/v2\/tags?post=159969"}],"curies":[{"name":"wp","href":"https:\/\/api.w.org\/{rel}","templated":true}]}}