{"id":159974,"date":"2026-07-30T17:09:23","date_gmt":"2026-07-30T20:09:23","guid":{"rendered":"https:\/\/ubirataonline.com.br\/scale-ai-contrata-ex-executivo-do-google-cloud-como-presidente-executivo-para-expandir-dominio-em-dados-de-inteligencia-artificial\/"},"modified":"2026-07-30T17:09:23","modified_gmt":"2026-07-30T20:09:23","slug":"scale-ai-contrata-ex-executivo-do-google-cloud-como-presidente-executivo-para-expandir-dominio-em-dados-de-inteligencia-artificial","status":"publish","type":"post","link":"https:\/\/ubirataonline.com.br\/en\/scale-ai-contrata-ex-executivo-do-google-cloud-como-presidente-executivo-para-expandir-dominio-em-dados-de-inteligencia-artificial\/","title":{"rendered":"Scale AI contrata ex-executivo do Google Cloud como presidente-executivo para expandir dom\u00ednio em dados de intelig\u00eancia artificial"},"content":{"rendered":"<h2>A Scale AI d\u00e1 um passo estrat\u00e9gico em sua expans\u00e3o global ao contratar Francis DeSouza, ex-l\u00edder do Google Cloud, para assumir o cargo de presidente-executivo.<\/h2>\n<p>O mercado de <b>intelig\u00eancia artificial<\/b> acaba de registrar uma movimenta\u00e7\u00e3o de peso. A empresa norte-americana <b>Scale AI<\/b> anunciou oficialmente a contrata\u00e7\u00e3o de Francis DeSouza como seu novo presidente-executivo.<\/p>\n<p>A transi\u00e7\u00e3o de lideran\u00e7a est\u00e1 marcada para ocorrer no dia 10 de agosto. O movimento ocorre em um momento crucial, onde a companhia busca escalar seus servi\u00e7os de <b>dados e aplicativos<\/b> de IA.<\/p>\n<p>Conforme informa\u00e7\u00e3o divulgada pela Reuters, o executivo chega com a miss\u00e3o de fortalecer a presen\u00e7a da empresa que fornece a infraestrutura essencial para modelos de <b>IA de ponta<\/b>.<\/p>\n<h3>Quem \u00e9 o novo l\u00edder e o processo de transi\u00e7\u00e3o<\/h3>\n<p>Francis DeSouza assume a posi\u00e7\u00e3o deixada por Jason Droege. Vale lembrar que Droege ocupava o cargo de presidente-executivo interino desde junho do ano passado.<\/p>\n<p>Para garantir que a mudan\u00e7a seja fluida, a <b>Scale AI<\/b> confirmou que Droege trabalhar\u00e1 em conjunto com DeSouza ao longo dos pr\u00f3ximos meses. Esse apoio \u00e9 visto como fundamental para manter a continuidade dos projetos em curso.<\/p>\n<h3>O papel da Scale AI no mercado de tecnologia<\/h3>\n<p>Fundada pelo vision\u00e1rio <b>Alexandr Wang<\/b>, a Scale AI se tornou uma pe\u00e7a-chave no ecossistema de tecnologia. A empresa \u00e9 especialista em fornecer dados de alta qualidade que alimentam os modelos mais avan\u00e7ados de IA.<\/p>\n<p>Al\u00e9m disso, a companhia desenvolve solu\u00e7\u00f5es espec\u00edficas para grandes empresas e ag\u00eancias governamentais. O foco \u00e9 otimizar processos complexos por meio de <b>aplicativos inteligentes<\/b> personalizados.<\/p>\n<h3>Contexto de crescimento e talentos do setor<\/h3>\n<p>A movimenta\u00e7\u00e3o de executivos de alto n\u00edvel entre gigantes da tecnologia reflete a disputa por talentos no setor. O pr\u00f3prio fundador da Scale, Alexandr Wang, teve passagens relevantes, incluindo sua trajet\u00f3ria na Meta como diretor de IA.<\/p>\n<p>Com a chegada de DeSouza, a expectativa \u00e9 que a <b>Scale AI<\/b> acelere sua estrat\u00e9gia de mercado. A empresa quer solidificar sua posi\u00e7\u00e3o como l\u00edder incontest\u00e1vel na oferta de dados para o treinamento de modelos de <b>aprendizado de m\u00e1quina<\/b>.<\/p>\n<h3>Perguntas Frequentes (FAQ)<\/h3>\n<p><b>Quem \u00e9 o novo presidente-executivo da Scale AI?<\/b> Francis DeSouza, ex-executivo do Google Cloud, \u00e9 o novo presidente-executivo da Scale AI.<\/p>\n<p><b>Quando a mudan\u00e7a de lideran\u00e7a entra em vigor?<\/b> A data oficial para o in\u00edcio das atividades de DeSouza na nova fun\u00e7\u00e3o \u00e9 10 de agosto.<\/p>\n<p><b>Quem ele substitui no cargo?<\/b> Ele sucede Jason Droege, que atuava como presidente-executivo interino desde junho do ano passado.<\/p>\n<p><b>O que faz a Scale AI?<\/b> A empresa fornece dados para alimentar modelos de IA e desenvolve aplicativos de intelig\u00eancia artificial para governos e empresas.<\/p>\n<p><b>Quem \u00e9 o fundador da Scale AI?<\/b> A empresa foi fundada por Alexandr Wang, que possui um hist\u00f3rico relevante de atua\u00e7\u00e3o no setor de tecnologia e IA.<\/p>","protected":false},"excerpt":{"rendered":"<p>A Scale AI d\u00e1 um passo estrat\u00e9gico em sua expans\u00e3o global ao contratar Francis DeSouza, ex-l\u00edder do Google Cloud, para assumir o cargo de presidente-executivo. O mercado de intelig\u00eancia artificial acaba de registrar uma movimenta\u00e7\u00e3o de peso. A empresa norte-americana Scale AI anunciou oficialmente a contrata\u00e7\u00e3o de Francis DeSouza como seu novo presidente-executivo. A transi\u00e7\u00e3o [&hellip;]<\/p>\n","protected":false},"author":1,"featured_media":159975,"comment_status":"","ping_status":"","sticky":false,"template":"","format":"standard","meta":{"googlesitekit_rrm_CAow2JLhCw:productID":"","_gspb_post_css":"","maa_idioma":"","maa_pais":"","footnotes":""},"categories":[1662],"tags":[],"class_list":["post-159974","post","type-post","status-publish","format-standard","has-post-thumbnail","hentry","category-technology"],"blocksy_meta":[],"yoast_head":"<!-- This site is optimized with the Yoast SEO Premium plugin v27.6 (Yoast SEO v27.6) - https:\/\/yoast.com\/product\/yoast-seo-premium-wordpress\/ -->\n<title>Scale AI contrata ex-executivo do Google Cloud como presidente-executivo para expandir dom\u00ednio em dados de intelig\u00eancia artificial - Ubirat\u00e3 Online Not\u00edcias - A realidade ao seu alcance!<\/title>\n<meta name=\"description\" content=\"A Scale AI d\u00e1 um passo estrat\u00e9gico em sua expans\u00e3o global ao contratar Francis DeSouza, ex-l\u00edder do Google Cloud, para assumir o cargo de\" \/>\n<meta name=\"robots\" content=\"index, follow, max-snippet:-1, max-image-preview:large, max-video-preview:-1\" \/>\n<link rel=\"canonical\" href=\"https:\/\/ubirataonline.com.br\/en\/scale-ai-contrata-ex-executivo-do-google-cloud-como-presidente-executivo-para-expandir-dominio-em-dados-de-inteligencia-artificial\/\" \/>\n<meta property=\"og:locale\" content=\"en_US\" \/>\n<meta property=\"og:type\" content=\"article\" \/>\n<meta property=\"og:title\" content=\"Scale AI contrata ex-executivo do Google Cloud como presidente-executivo para expandir dom\u00ednio em dados de intelig\u00eancia artificial\" \/>\n<meta property=\"og:description\" content=\"A Scale AI d\u00e1 um passo estrat\u00e9gico em sua expans\u00e3o global ao contratar Francis DeSouza, ex-l\u00edder do Google Cloud, para assumir o cargo de\" \/>\n<meta property=\"og:url\" content=\"https:\/\/ubirataonline.com.br\/en\/scale-ai-contrata-ex-executivo-do-google-cloud-como-presidente-executivo-para-expandir-dominio-em-dados-de-inteligencia-artificial\/\" \/>\n<meta property=\"og:site_name\" content=\"Ubirat\u00e3 Online Not\u00edcias - A realidade ao seu alcance!\" \/>\n<meta property=\"article:publisher\" content=\"https:\/\/www.facebook.com\/portalubirataonline\" \/>\n<meta property=\"article:author\" content=\"https:\/\/www.facebook.com\/portalubirataonline\" \/>\n<meta property=\"article:published_time\" content=\"2026-07-30T20:09:23+00:00\" \/>\n<meta property=\"og:image\" content=\"https:\/\/ubirataonline.com.br\/wp-content\/uploads\/2026\/05\/logo2026.webp\" \/>\n\t<meta property=\"og:image:width\" content=\"1531\" \/>\n\t<meta property=\"og:image:height\" content=\"418\" \/>\n\t<meta property=\"og:image:type\" content=\"image\/webp\" \/>\n<meta name=\"author\" content=\"REDA\u00c7\u00c3O: UBIRAT\u00c3 ONLINE - F\u00c1BIO AUGUSTO CELESTINO\" \/>\n<meta name=\"twitter:card\" content=\"summary_large_image\" \/>\n<meta name=\"twitter:creator\" content=\"@x.com\/ubirataonline\" \/>\n<meta name=\"twitter:site\" content=\"@ubirataonline\" \/>\n<meta name=\"twitter:label1\" content=\"Written by\" \/>\n\t<meta name=\"twitter:data1\" content=\"REDA\u00c7\u00c3O: UBIRAT\u00c3 ONLINE - F\u00c1BIO AUGUSTO CELESTINO\" \/>\n\t<meta name=\"twitter:label2\" content=\"Est. reading time\" \/>\n\t<meta name=\"twitter:data2\" content=\"2 minutes\" \/>\n<script type=\"application\/ld+json\" class=\"yoast-schema-graph\">{\"@context\":\"https:\\\/\\\/schema.org\",\"@graph\":[{\"@type\":\"NewsArticle\",\"@id\":\"https:\\\/\\\/ubirataonline.com.br\\\/scale-ai-contrata-ex-executivo-do-google-cloud-como-presidente-executivo-para-expandir-dominio-em-dados-de-inteligencia-artificial\\\/#article\",\"isPartOf\":{\"@id\":\"https:\\\/\\\/ubirataonline.com.br\\\/scale-ai-contrata-ex-executivo-do-google-cloud-como-presidente-executivo-para-expandir-dominio-em-dados-de-inteligencia-artificial\\\/\"},\"author\":{\"name\":\"REDA\u00c7\u00c3O: UBIRAT\u00c3 ONLINE - F\u00c1BIO AUGUSTO CELESTINO\",\"@id\":\"https:\\\/\\\/ubirataonline.com.br\\\/#\\\/schema\\\/person\\\/372f87bbd3fdd79b8556b84c98d0bc1c\"},\"headline\":\"Scale AI contrata ex-executivo do Google Cloud como presidente-executivo para expandir dom\u00ednio em dados de intelig\u00eancia artificial\",\"datePublished\":\"2026-07-30T20:09:23+00:00\",\"mainEntityOfPage\":{\"@id\":\"https:\\\/\\\/ubirataonline.com.br\\\/scale-ai-contrata-ex-executivo-do-google-cloud-como-presidente-executivo-para-expandir-dominio-em-dados-de-inteligencia-artificial\\\/\"},\"wordCount\":504,\"publisher\":{\"@id\":\"https:\\\/\\\/ubirataonline.com.br\\\/#organization\"},\"image\":{\"@id\":\"https:\\\/\\\/ubirataonline.com.br\\\/scale-ai-contrata-ex-executivo-do-google-cloud-como-presidente-executivo-para-expandir-dominio-em-dados-de-inteligencia-artificial\\\/#primaryimage\"},\"thumbnailUrl\":\"https:\\\/\\\/ubirataonline.com.br\\\/wp-content\\\/uploads\\\/2026\\\/07\\\/news-159974-1785442164.webp\",\"articleSection\":[\"Technology\"],\"inLanguage\":\"en-US\",\"copyrightYear\":\"2026\",\"copyrightHolder\":{\"@id\":\"https:\\\/\\\/ubirataonline.com.br\\\/en\\\/#organization\"}},{\"@type\":\"WebPage\",\"@id\":\"https:\\\/\\\/ubirataonline.com.br\\\/scale-ai-contrata-ex-executivo-do-google-cloud-como-presidente-executivo-para-expandir-dominio-em-dados-de-inteligencia-artificial\\\/\",\"url\":\"https:\\\/\\\/ubirataonline.com.br\\\/scale-ai-contrata-ex-executivo-do-google-cloud-como-presidente-executivo-para-expandir-dominio-em-dados-de-inteligencia-artificial\\\/\",\"name\":\"Scale AI contrata ex-executivo do Google Cloud como presidente-executivo para expandir dom\u00ednio em dados de intelig\u00eancia artificial - Ubirat\u00e3 Online Not\u00edcias - A realidade ao seu alcance!\",\"isPartOf\":{\"@id\":\"https:\\\/\\\/ubirataonline.com.br\\\/#website\"},\"primaryImageOfPage\":{\"@id\":\"https:\\\/\\\/ubirataonline.com.br\\\/scale-ai-contrata-ex-executivo-do-google-cloud-como-presidente-executivo-para-expandir-dominio-em-dados-de-inteligencia-artificial\\\/#primaryimage\"},\"image\":{\"@id\":\"https:\\\/\\\/ubirataonline.com.br\\\/scale-ai-contrata-ex-executivo-do-google-cloud-como-presidente-executivo-para-expandir-dominio-em-dados-de-inteligencia-artificial\\\/#primaryimage\"},\"thumbnailUrl\":\"https:\\\/\\\/ubirataonline.com.br\\\/wp-content\\\/uploads\\\/2026\\\/07\\\/news-159974-1785442164.webp\",\"datePublished\":\"2026-07-30T20:09:23+00:00\",\"description\":\"A Scale AI d\u00e1 um passo estrat\u00e9gico em sua expans\u00e3o global ao contratar Francis DeSouza, ex-l\u00edder do Google Cloud, para assumir o cargo de\",\"breadcrumb\":{\"@id\":\"https:\\\/\\\/ubirataonline.com.br\\\/scale-ai-contrata-ex-executivo-do-google-cloud-como-presidente-executivo-para-expandir-dominio-em-dados-de-inteligencia-artificial\\\/#breadcrumb\"},\"inLanguage\":\"en-US\",\"potentialAction\":[{\"@type\":\"ReadAction\",\"target\":[\"https:\\\/\\\/ubirataonline.com.br\\\/scale-ai-contrata-ex-executivo-do-google-cloud-como-presidente-executivo-para-expandir-dominio-em-dados-de-inteligencia-artificial\\\/\"]}]},{\"@type\":\"ImageObject\",\"inLanguage\":\"en-US\",\"@id\":\"https:\\\/\\\/ubirataonline.com.br\\\/scale-ai-contrata-ex-executivo-do-google-cloud-como-presidente-executivo-para-expandir-dominio-em-dados-de-inteligencia-artificial\\\/#primaryimage\",\"url\":\"https:\\\/\\\/ubirataonline.com.br\\\/wp-content\\\/uploads\\\/2026\\\/07\\\/news-159974-1785442164.webp\",\"contentUrl\":\"https:\\\/\\\/ubirataonline.com.br\\\/wp-content\\\/uploads\\\/2026\\\/07\\\/news-159974-1785442164.webp\",\"width\":640,\"height\":268},{\"@type\":\"BreadcrumbList\",\"@id\":\"https:\\\/\\\/ubirataonline.com.br\\\/scale-ai-contrata-ex-executivo-do-google-cloud-como-presidente-executivo-para-expandir-dominio-em-dados-de-inteligencia-artificial\\\/#breadcrumb\",\"itemListElement\":[{\"@type\":\"ListItem\",\"position\":1,\"name\":\"In\u00edcio\",\"item\":\"https:\\\/\\\/ubirataonline.com.br\\\/\"},{\"@type\":\"ListItem\",\"position\":2,\"name\":\"Scale AI contrata ex-executivo do Google Cloud como presidente-executivo para expandir dom\u00ednio em dados de intelig\u00eancia artificial\"}]},{\"@type\":\"WebSite\",\"@id\":\"https:\\\/\\\/ubirataonline.com.br\\\/#website\",\"url\":\"https:\\\/\\\/ubirataonline.com.br\\\/\",\"name\":\"Ubirat\u00e3 Online Not\u00edcias\",\"description\":\"Not\u00edcias de Ubirat\u00e3, regi\u00e3o, Brasil e mundo, com informa\u00e7\u00e3o atualizada e compromisso com o leitor.\",\"publisher\":{\"@id\":\"https:\\\/\\\/ubirataonline.com.br\\\/#organization\"},\"alternateName\":\"Ubirat\u00e3 Online\",\"potentialAction\":[{\"@type\":\"SearchAction\",\"target\":{\"@type\":\"EntryPoint\",\"urlTemplate\":\"https:\\\/\\\/ubirataonline.com.br\\\/?s={search_term_string}\"},\"query-input\":{\"@type\":\"PropertyValueSpecification\",\"valueRequired\":true,\"valueName\":\"search_term_string\"}}],\"inLanguage\":\"en-US\"},{\"@type\":[\"Organization\",\"Place\"],\"@id\":\"https:\\\/\\\/ubirataonline.com.br\\\/#organization\",\"name\":\"Ubirat\u00e3 Online Not\u00edcias\",\"alternateName\":\"Ubirat\u00e3 Online\",\"url\":\"https:\\\/\\\/ubirataonline.com.br\\\/\",\"logo\":{\"@id\":\"https:\\\/\\\/ubirataonline.com.br\\\/scale-ai-contrata-ex-executivo-do-google-cloud-como-presidente-executivo-para-expandir-dominio-em-dados-de-inteligencia-artificial\\\/#local-main-organization-logo\"},\"image\":{\"@id\":\"https:\\\/\\\/ubirataonline.com.br\\\/scale-ai-contrata-ex-executivo-do-google-cloud-como-presidente-executivo-para-expandir-dominio-em-dados-de-inteligencia-artificial\\\/#local-main-organization-logo\"},\"sameAs\":[\"https:\\\/\\\/www.facebook.com\\\/portalubirataonline\",\"https:\\\/\\\/x.com\\\/ubirataonline\",\"https:\\\/\\\/mastodon.social\\\/@ubirataonline\",\"https:\\\/\\\/www.facebook.com\\\/groups\\\/311144672285604\",\"https:\\\/\\\/www.facebook.com\\\/UBTAOnline\",\"https:\\\/\\\/www.instagram.com\\\/portalubirataonline\\\/\",\"https:\\\/\\\/twitter.com\\\/ubirataonline\"],\"description\":\"Somos um portal de not\u00edcias independente, criado em 5 de janeiro de 2009, com o objetivo de informar, conectar e valorizar a nossa comunidade de Ubirat\u00e3 e toda aregi\u00e3o. Com conte\u00fado atualizado, confi\u00e1vel e relevante, o Ubirat\u00e3 Online \u00e9 o seu espa\u00e7o para ficar por dentro dos principais acontecimentos locais, regionais, Brasil, Mundo e de interesse geral. Nosso compromisso \u00e9 com a verdade, a transpar\u00eancia e o respeito ao leitor.\",\"legalName\":\"UBIRATA ONLINE NOT\u00cdCIAS\",\"foundingDate\":\"2009-01-05\",\"numberOfEmployees\":{\"@type\":\"QuantitativeValue\",\"minValue\":\"1\",\"maxValue\":\"10\"},\"publishingPrinciples\":\"https:\\\/\\\/ubirataonline.com.br\\\/faq\\\/\",\"address\":{\"@id\":\"https:\\\/\\\/ubirataonline.com.br\\\/scale-ai-contrata-ex-executivo-do-google-cloud-como-presidente-executivo-para-expandir-dominio-em-dados-de-inteligencia-artificial\\\/#local-main-place-address\"},\"geo\":{\"@type\":\"GeoCoordinates\",\"latitude\":\"-24.5361401\",\"longitude\":\"-52.9921776\"},\"telephone\":[\"+5544998308235\"],\"contactPoint\":{\"@type\":\"ContactPoint\",\"email\":\"contato@ubirataonline.com.br\"},\"openingHoursSpecification\":{\"@type\":\"OpeningHoursSpecification\",\"dayOfWeek\":[\"Monday\",\"Tuesday\",\"Wednesday\",\"Thursday\",\"Friday\",\"Saturday\",\"Sunday\"],\"opens\":\"00:00\",\"closes\":\"23:59\"},\"email\":\"contato@ubirataonline.com.br\",\"vatID\":\"47.621.418\\\/0001-80\"},{\"@type\":\"Person\",\"@id\":\"https:\\\/\\\/ubirataonline.com.br\\\/#\\\/schema\\\/person\\\/372f87bbd3fdd79b8556b84c98d0bc1c\",\"name\":\"REDA\u00c7\u00c3O: UBIRAT\u00c3 ONLINE - F\u00c1BIO AUGUSTO CELESTINO\",\"pronouns\":\"Ele\",\"description\":\"Desde 2003 trabalhando com not\u00edcias.\",\"sameAs\":[\"http:\\\/\\\/ubirataoline.com.br\",\"https:\\\/\\\/www.facebook.com\\\/portalubirataonline\",\"https:\\\/\\\/www.instagram.com\\\/ubirataonline_oficial\",\"https:\\\/\\\/x.com\\\/x.com\\\/ubirataonline\"],\"honorificPrefix\":\"Mr.\",\"honorificSuffix\":\"MD\",\"birthDate\":\"1980-06-16\",\"gender\":\"masculino\",\"award\":[\"V\u00e1rios pr\u00eamios de melhor portal da cidade\"],\"jobTitle\":\"Diretor\",\"url\":\"https:\\\/\\\/ubirataonline.com.br\\\/en\\\/author\\\/ubirataonline\\\/\"},{\"@type\":\"PostalAddress\",\"@id\":\"https:\\\/\\\/ubirataonline.com.br\\\/scale-ai-contrata-ex-executivo-do-google-cloud-como-presidente-executivo-para-expandir-dominio-em-dados-de-inteligencia-artificial\\\/#local-main-place-address\",\"streetAddress\":\"Rua dos Coqueiros, 104 - Bairro Boa Vista, Rua dos Coqueiros, 104 Bairro Boa Vista\",\"addressLocality\":\"UBIRATA\",\"postalCode\":\"85440-000\",\"addressRegion\":\"PR\",\"addressCountry\":\"BR\"},{\"@type\":\"ImageObject\",\"inLanguage\":\"en-US\",\"@id\":\"https:\\\/\\\/ubirataonline.com.br\\\/scale-ai-contrata-ex-executivo-do-google-cloud-como-presidente-executivo-para-expandir-dominio-em-dados-de-inteligencia-artificial\\\/#local-main-organization-logo\",\"url\":\"https:\\\/\\\/ubirataonline.com.br\\\/wp-content\\\/uploads\\\/2026\\\/06\\\/logoubirataonline-1.webp\",\"contentUrl\":\"https:\\\/\\\/ubirataonline.com.br\\\/wp-content\\\/uploads\\\/2026\\\/06\\\/logoubirataonline-1.webp\",\"width\":500,\"height\":500,\"caption\":\"Ubirat\u00e3 Online Not\u00edcias\"}]}<\/script>\n<meta name=\"geo.placename\" content=\"UBIRATA\" \/>\n<meta name=\"geo.position\" content=\"-24.5361401;-52.9921776\" \/>\n<meta name=\"geo.region\" content=\"Brazil\" \/>\n<!-- \/ Yoast SEO Premium plugin. -->","yoast_head_json":{"title":"Scale AI contrata ex-executivo do Google Cloud como presidente-executivo para expandir dom\u00ednio em dados de intelig\u00eancia artificial - Ubirat\u00e3 Online Not\u00edcias - A realidade ao seu alcance!","description":"A Scale AI d\u00e1 um passo estrat\u00e9gico em sua expans\u00e3o global ao contratar Francis DeSouza, ex-l\u00edder do Google Cloud, para assumir o cargo de","robots":{"index":"index","follow":"follow","max-snippet":"max-snippet:-1","max-image-preview":"max-image-preview:large","max-video-preview":"max-video-preview:-1"},"canonical":"https:\/\/ubirataonline.com.br\/en\/scale-ai-contrata-ex-executivo-do-google-cloud-como-presidente-executivo-para-expandir-dominio-em-dados-de-inteligencia-artificial\/","og_locale":"en_US","og_type":"article","og_title":"Scale AI contrata ex-executivo do Google Cloud como presidente-executivo para expandir dom\u00ednio em dados de intelig\u00eancia artificial","og_description":"A Scale AI d\u00e1 um passo estrat\u00e9gico em sua expans\u00e3o global ao contratar Francis DeSouza, ex-l\u00edder do Google Cloud, para assumir o cargo de","og_url":"https:\/\/ubirataonline.com.br\/en\/scale-ai-contrata-ex-executivo-do-google-cloud-como-presidente-executivo-para-expandir-dominio-em-dados-de-inteligencia-artificial\/","og_site_name":"Ubirat\u00e3 Online Not\u00edcias - A realidade ao seu alcance!","article_publisher":"https:\/\/www.facebook.com\/portalubirataonline","article_author":"https:\/\/www.facebook.com\/portalubirataonline","article_published_time":"2026-07-30T20:09:23+00:00","og_image":[{"width":1531,"height":418,"url":"https:\/\/ubirataonline.com.br\/wp-content\/uploads\/2026\/05\/logo2026.webp","type":"image\/webp"}],"author":"REDA\u00c7\u00c3O: UBIRAT\u00c3 ONLINE - F\u00c1BIO AUGUSTO CELESTINO","twitter_card":"summary_large_image","twitter_creator":"@x.com\/ubirataonline","twitter_site":"@ubirataonline","twitter_misc":{"Written by":"REDA\u00c7\u00c3O: UBIRAT\u00c3 ONLINE - F\u00c1BIO AUGUSTO CELESTINO","Est. reading time":"2 minutes"},"schema":{"@context":"https:\/\/schema.org","@graph":[{"@type":"NewsArticle","@id":"https:\/\/ubirataonline.com.br\/scale-ai-contrata-ex-executivo-do-google-cloud-como-presidente-executivo-para-expandir-dominio-em-dados-de-inteligencia-artificial\/#article","isPartOf":{"@id":"https:\/\/ubirataonline.com.br\/scale-ai-contrata-ex-executivo-do-google-cloud-como-presidente-executivo-para-expandir-dominio-em-dados-de-inteligencia-artificial\/"},"author":{"name":"REDA\u00c7\u00c3O: UBIRAT\u00c3 ONLINE - F\u00c1BIO AUGUSTO CELESTINO","@id":"https:\/\/ubirataonline.com.br\/#\/schema\/person\/372f87bbd3fdd79b8556b84c98d0bc1c"},"headline":"Scale AI contrata ex-executivo do Google Cloud como presidente-executivo para expandir dom\u00ednio em dados de intelig\u00eancia artificial","datePublished":"2026-07-30T20:09:23+00:00","mainEntityOfPage":{"@id":"https:\/\/ubirataonline.com.br\/scale-ai-contrata-ex-executivo-do-google-cloud-como-presidente-executivo-para-expandir-dominio-em-dados-de-inteligencia-artificial\/"},"wordCount":504,"publisher":{"@id":"https:\/\/ubirataonline.com.br\/#organization"},"image":{"@id":"https:\/\/ubirataonline.com.br\/scale-ai-contrata-ex-executivo-do-google-cloud-como-presidente-executivo-para-expandir-dominio-em-dados-de-inteligencia-artificial\/#primaryimage"},"thumbnailUrl":"https:\/\/ubirataonline.com.br\/wp-content\/uploads\/2026\/07\/news-159974-1785442164.webp","articleSection":["Technology"],"inLanguage":"en-US","copyrightYear":"2026","copyrightHolder":{"@id":"https:\/\/ubirataonline.com.br\/en\/#organization"}},{"@type":"WebPage","@id":"https:\/\/ubirataonline.com.br\/scale-ai-contrata-ex-executivo-do-google-cloud-como-presidente-executivo-para-expandir-dominio-em-dados-de-inteligencia-artificial\/","url":"https:\/\/ubirataonline.com.br\/scale-ai-contrata-ex-executivo-do-google-cloud-como-presidente-executivo-para-expandir-dominio-em-dados-de-inteligencia-artificial\/","name":"Scale AI contrata ex-executivo do Google Cloud como presidente-executivo para expandir dom\u00ednio em dados de intelig\u00eancia artificial - Ubirat\u00e3 Online Not\u00edcias - A realidade ao seu alcance!","isPartOf":{"@id":"https:\/\/ubirataonline.com.br\/#website"},"primaryImageOfPage":{"@id":"https:\/\/ubirataonline.com.br\/scale-ai-contrata-ex-executivo-do-google-cloud-como-presidente-executivo-para-expandir-dominio-em-dados-de-inteligencia-artificial\/#primaryimage"},"image":{"@id":"https:\/\/ubirataonline.com.br\/scale-ai-contrata-ex-executivo-do-google-cloud-como-presidente-executivo-para-expandir-dominio-em-dados-de-inteligencia-artificial\/#primaryimage"},"thumbnailUrl":"https:\/\/ubirataonline.com.br\/wp-content\/uploads\/2026\/07\/news-159974-1785442164.webp","datePublished":"2026-07-30T20:09:23+00:00","description":"A Scale AI d\u00e1 um passo estrat\u00e9gico em sua expans\u00e3o global ao contratar Francis DeSouza, ex-l\u00edder do Google Cloud, para assumir o cargo de","breadcrumb":{"@id":"https:\/\/ubirataonline.com.br\/scale-ai-contrata-ex-executivo-do-google-cloud-como-presidente-executivo-para-expandir-dominio-em-dados-de-inteligencia-artificial\/#breadcrumb"},"inLanguage":"en-US","potentialAction":[{"@type":"ReadAction","target":["https:\/\/ubirataonline.com.br\/scale-ai-contrata-ex-executivo-do-google-cloud-como-presidente-executivo-para-expandir-dominio-em-dados-de-inteligencia-artificial\/"]}]},{"@type":"ImageObject","inLanguage":"en-US","@id":"https:\/\/ubirataonline.com.br\/scale-ai-contrata-ex-executivo-do-google-cloud-como-presidente-executivo-para-expandir-dominio-em-dados-de-inteligencia-artificial\/#primaryimage","url":"https:\/\/ubirataonline.com.br\/wp-content\/uploads\/2026\/07\/news-159974-1785442164.webp","contentUrl":"https:\/\/ubirataonline.com.br\/wp-content\/uploads\/2026\/07\/news-159974-1785442164.webp","width":640,"height":268},{"@type":"BreadcrumbList","@id":"https:\/\/ubirataonline.com.br\/scale-ai-contrata-ex-executivo-do-google-cloud-como-presidente-executivo-para-expandir-dominio-em-dados-de-inteligencia-artificial\/#breadcrumb","itemListElement":[{"@type":"ListItem","position":1,"name":"In\u00edcio","item":"https:\/\/ubirataonline.com.br\/"},{"@type":"ListItem","position":2,"name":"Scale AI contrata ex-executivo do Google Cloud como presidente-executivo para expandir dom\u00ednio em dados de intelig\u00eancia artificial"}]},{"@type":"WebSite","@id":"https:\/\/ubirataonline.com.br\/#website","url":"https:\/\/ubirataonline.com.br\/","name":"Ubirat\u00e3 Online Not\u00edcias","description":"Not\u00edcias de Ubirat\u00e3, regi\u00e3o, Brasil e mundo, com informa\u00e7\u00e3o atualizada e compromisso com o leitor.","publisher":{"@id":"https:\/\/ubirataonline.com.br\/#organization"},"alternateName":"Ubirat\u00e3 Online","potentialAction":[{"@type":"SearchAction","target":{"@type":"EntryPoint","urlTemplate":"https:\/\/ubirataonline.com.br\/?s={search_term_string}"},"query-input":{"@type":"PropertyValueSpecification","valueRequired":true,"valueName":"search_term_string"}}],"inLanguage":"en-US"},{"@type":["Organization","Place"],"@id":"https:\/\/ubirataonline.com.br\/#organization","name":"Ubirat\u00e3 Online Not\u00edcias","alternateName":"Ubirat\u00e3 Online","url":"https:\/\/ubirataonline.com.br\/","logo":{"@id":"https:\/\/ubirataonline.com.br\/scale-ai-contrata-ex-executivo-do-google-cloud-como-presidente-executivo-para-expandir-dominio-em-dados-de-inteligencia-artificial\/#local-main-organization-logo"},"image":{"@id":"https:\/\/ubirataonline.com.br\/scale-ai-contrata-ex-executivo-do-google-cloud-como-presidente-executivo-para-expandir-dominio-em-dados-de-inteligencia-artificial\/#local-main-organization-logo"},"sameAs":["https:\/\/www.facebook.com\/portalubirataonline","https:\/\/x.com\/ubirataonline","https:\/\/mastodon.social\/@ubirataonline","https:\/\/www.facebook.com\/groups\/311144672285604","https:\/\/www.facebook.com\/UBTAOnline","https:\/\/www.instagram.com\/portalubirataonline\/","https:\/\/twitter.com\/ubirataonline"],"description":"Somos um portal de not\u00edcias independente, criado em 5 de janeiro de 2009, com o objetivo de informar, conectar e valorizar a nossa comunidade de Ubirat\u00e3 e toda aregi\u00e3o. Com conte\u00fado atualizado, confi\u00e1vel e relevante, o Ubirat\u00e3 Online \u00e9 o seu espa\u00e7o para ficar por dentro dos principais acontecimentos locais, regionais, Brasil, Mundo e de interesse geral. Nosso compromisso \u00e9 com a verdade, a transpar\u00eancia e o respeito ao leitor.","legalName":"UBIRATA ONLINE NOT\u00cdCIAS","foundingDate":"2009-01-05","numberOfEmployees":{"@type":"QuantitativeValue","minValue":"1","maxValue":"10"},"publishingPrinciples":"https:\/\/ubirataonline.com.br\/faq\/","address":{"@id":"https:\/\/ubirataonline.com.br\/scale-ai-contrata-ex-executivo-do-google-cloud-como-presidente-executivo-para-expandir-dominio-em-dados-de-inteligencia-artificial\/#local-main-place-address"},"geo":{"@type":"GeoCoordinates","latitude":"-24.5361401","longitude":"-52.9921776"},"telephone":["+5544998308235"],"contactPoint":{"@type":"ContactPoint","email":"contato@ubirataonline.com.br"},"openingHoursSpecification":{"@type":"OpeningHoursSpecification","dayOfWeek":["Monday","Tuesday","Wednesday","Thursday","Friday","Saturday","Sunday"],"opens":"00:00","closes":"23:59"},"email":"contato@ubirataonline.com.br","vatID":"47.621.418\/0001-80"},{"@type":"Person","@id":"https:\/\/ubirataonline.com.br\/#\/schema\/person\/372f87bbd3fdd79b8556b84c98d0bc1c","name":"REDA\u00c7\u00c3O: UBIRAT\u00c3 ONLINE - F\u00c1BIO AUGUSTO CELESTINO","pronouns":"Ele","description":"Desde 2003 trabalhando com not\u00edcias.","sameAs":["http:\/\/ubirataoline.com.br","https:\/\/www.facebook.com\/portalubirataonline","https:\/\/www.instagram.com\/ubirataonline_oficial","https:\/\/x.com\/x.com\/ubirataonline"],"honorificPrefix":"Mr.","honorificSuffix":"MD","birthDate":"1980-06-16","gender":"masculino","award":["V\u00e1rios pr\u00eamios de melhor portal da cidade"],"jobTitle":"Diretor","url":"https:\/\/ubirataonline.com.br\/en\/author\/ubirataonline\/"},{"@type":"PostalAddress","@id":"https:\/\/ubirataonline.com.br\/scale-ai-contrata-ex-executivo-do-google-cloud-como-presidente-executivo-para-expandir-dominio-em-dados-de-inteligencia-artificial\/#local-main-place-address","streetAddress":"Rua dos Coqueiros, 104 - Bairro Boa Vista, Rua dos Coqueiros, 104 Bairro Boa Vista","addressLocality":"UBIRATA","postalCode":"85440-000","addressRegion":"PR","addressCountry":"BR"},{"@type":"ImageObject","inLanguage":"en-US","@id":"https:\/\/ubirataonline.com.br\/scale-ai-contrata-ex-executivo-do-google-cloud-como-presidente-executivo-para-expandir-dominio-em-dados-de-inteligencia-artificial\/#local-main-organization-logo","url":"https:\/\/ubirataonline.com.br\/wp-content\/uploads\/2026\/06\/logoubirataonline-1.webp","contentUrl":"https:\/\/ubirataonline.com.br\/wp-content\/uploads\/2026\/06\/logoubirataonline-1.webp","width":500,"height":500,"caption":"Ubirat\u00e3 Online Not\u00edcias"}]},"geo.placename":"UBIRATA","geo.position":{"lat":"-24.5361401","long":"-52.9921776"},"geo.region":"Brazil"},"_links":{"self":[{"href":"https:\/\/ubirataonline.com.br\/en\/wp-json\/wp\/v2\/posts\/159974","targetHints":{"allow":["GET"]}}],"collection":[{"href":"https:\/\/ubirataonline.com.br\/en\/wp-json\/wp\/v2\/posts"}],"about":[{"href":"https:\/\/ubirataonline.com.br\/en\/wp-json\/wp\/v2\/types\/post"}],"author":[{"embeddable":true,"href":"https:\/\/ubirataonline.com.br\/en\/wp-json\/wp\/v2\/users\/1"}],"replies":[{"embeddable":true,"href":"https:\/\/ubirataonline.com.br\/en\/wp-json\/wp\/v2\/comments?post=159974"}],"version-history":[{"count":0,"href":"https:\/\/ubirataonline.com.br\/en\/wp-json\/wp\/v2\/posts\/159974\/revisions"}],"wp:featuredmedia":[{"embeddable":true,"href":"https:\/\/ubirataonline.com.br\/en\/wp-json\/wp\/v2\/media\/159975"}],"wp:attachment":[{"href":"https:\/\/ubirataonline.com.br\/en\/wp-json\/wp\/v2\/media?parent=159974"}],"wp:term":[{"taxonomy":"category","embeddable":true,"href":"https:\/\/ubirataonline.com.br\/en\/wp-json\/wp\/v2\/categories?post=159974"},{"taxonomy":"post_tag","embeddable":true,"href":"https:\/\/ubirataonline.com.br\/en\/wp-json\/wp\/v2\/tags?post=159974"}],"curies":[{"name":"wp","href":"https:\/\/api.w.org\/{rel}","templated":true}]}}