{"id":160006,"date":"2026-07-30T18:19:23","date_gmt":"2026-07-30T21:19:23","guid":{"rendered":"https:\/\/ubirataonline.com.br\/dna-da-variola-e-recuperado-de-mumias-antigas-e-revela-como-a-doenca-devastou-as-populacoes-indigenas-durante-a-conquista-das-americas\/"},"modified":"2026-07-30T18:19:23","modified_gmt":"2026-07-30T21:19:23","slug":"dna-da-variola-e-recuperado-de-mumias-antigas-e-revela-como-a-doenca-devastou-as-populacoes-indigenas-durante-a-conquista-das-americas","status":"publish","type":"post","link":"https:\/\/ubirataonline.com.br\/en\/dna-da-variola-e-recuperado-de-mumias-antigas-e-revela-como-a-doenca-devastou-as-populacoes-indigenas-durante-a-conquista-das-americas\/","title":{"rendered":"DNA da var\u00edola \u00e9 recuperado de m\u00famias antigas e revela como a doen\u00e7a devastou as popula\u00e7\u00f5es ind\u00edgenas durante a conquista das Am\u00e9ricas"},"content":{"rendered":"<h2>Cientistas conseguiram identificar o DNA da var\u00edola em m\u00famias naturais encontradas no Chile, fornecendo novas provas sobre o colapso populacional ind\u00edgena no s\u00e9culo 16.<\/h2>\n<p>A chegada dos europeus \u00e0s Am\u00e9ricas em 1492 marcou o in\u00edcio de uma das \u00e9pocas mais dif\u00edceis para os povos locais. Sem qualquer contato pr\u00e9vio com o v\u00edrus da <b>var\u00edola<\/b>, as popula\u00e7\u00f5es ind\u00edgenas n\u00e3o possu\u00edam defesas naturais, o que permitiu uma propaga\u00e7\u00e3o r\u00e1pida e letal da doen\u00e7a.<\/p>\n<p>Este cen\u00e1rio de vulnerabilidade biol\u00f3gica resultou em um colapso populacional sem precedentes, facilitando a domina\u00e7\u00e3o europeia sobre grandes imp\u00e9rios, como os astecas e os incas. A descoberta foi detalhada em um estudo publicado na revista Science, conforme informa\u00e7\u00e3o divulgada por pesquisadores do Trinity College de Dublin.<\/p>\n<p>O trabalho cient\u00edfico traz luz sobre como esse pat\u00f3geno, considerado uma das <b>doen\u00e7as infecciosas<\/b> mais devastadoras da humanidade, alterou permanentemente o curso da hist\u00f3ria no continente americano ao dizimar cerca de 90% dos povos origin\u00e1rios.<\/p>\n<h3>A origem da descoberta nas m\u00famias<\/h3>\n<p>Os corpos analisados pertenciam a um homem e uma mulher que viviam no sul do antigo Imp\u00e9rio Inca, pr\u00f3ximo \u00e0 costa do Pac\u00edfico, no Chile. De acordo com a antrop\u00f3loga biol\u00f3gica Constanza de la Fuente Castro, os indiv\u00edduos passaram por um processo de <b>mumifica\u00e7\u00e3o natural<\/b>, sendo preservados em fardos funer\u00e1rios com tecidos de camel\u00eddeos.<\/p>\n<p>A especialista ressalta que \u00e9 fundamental distinguir esse processo das pr\u00e1ticas eg\u00edpcias, j\u00e1 que n\u00e3o houve interven\u00e7\u00e3o qu\u00edmica ou f\u00edsica nos corpos encontrados. Eles foram enterrados com objetos que acompanhavam os falecidos, mantendo vest\u00edgios biol\u00f3gicos essenciais para a ci\u00eancia moderna.<\/p>\n<h3>O papel da var\u00edola na queda dos imp\u00e9rios<\/h3>\n<p>O geneticista Bruno Romero Gonz\u00e1lez, autor principal do estudo, destaca que o primeiro surto documentado ocorreu na ilha de Hispaniola em 1518. A partir da\u00ed, a <b>var\u00edola<\/b> avan\u00e7ou pelo continente, sendo um fator decisivo para a derrota de civiliza\u00e7\u00f5es complexas diante das tropas de conquistadores como Francisco Pizarro.<\/p>\n<p>Al\u00e9m da morte f\u00edsica de milh\u00f5es de pessoas, a doen\u00e7a causou um trauma profundo. A rapidez com que o v\u00edrus se espalhava, manifestando febres altas e p\u00fastulas sangrentas, fez com que muitos ind\u00edgenas acreditassem que seus deuses haviam abandonado a causa, gerando um desespero coletivo que enfraqueceu ainda mais a resist\u00eancia local.<\/p>\n<h3>Uma amea\u00e7a global erradicada<\/h3>\n<p>Segundo o geneticista Shigeki Nakagome, a <b>var\u00edola<\/b> afetou a humanidade por milhares de anos. Estima-se que a doen\u00e7a tenha circulado por pelo menos 1.500 a 2.000 anos antes de ser finalmente erradicada em 1980, ap\u00f3s uma campanha global de vacina\u00e7\u00e3o que salvou incont\u00e1veis vidas.<\/p>\n<p>Antes de seu fim, o v\u00edrus causou epidemias repetidas em todo o planeta, sendo respons\u00e1vel pela morte de centenas de milh\u00f5es de pessoas ao longo dos s\u00e9culos. O estudo atual refor\u00e7a a import\u00e2ncia de entender a evolu\u00e7\u00e3o desses pat\u00f3genos para prevenir futuras crises sanit\u00e1rias globais.<\/p>\n<h3>Perguntas Frequentes (FAQ)<\/h3>\n<p><b>1. Como o DNA da var\u00edola foi encontrado?<\/b><br \/>O DNA foi extra\u00eddo de restos mortais de duas pessoas mumificadas naturalmente, encontradas no Chile, que carregavam o pat\u00f3geno em seus tecidos.<\/p>\n<p><b>2. Por que a var\u00edola foi t\u00e3o mortal para os ind\u00edgenas?<\/b><br \/>Como os povos americanos nunca tinham tido contato com o v\u00edrus, eles n\u00e3o possu\u00edam imunidade natural, o que tornou a infec\u00e7\u00e3o extremamente severa e fatal.<\/p>\n<p><b>3. A var\u00edola ajudou os espanh\u00f3is na conquista?<\/b><br \/>Sim, a doen\u00e7a causou um colapso populacional que facilitou a derrota de imp\u00e9rios como o Asteca e o Inca, al\u00e9m de provocar um forte abalo psicol\u00f3gico nas popula\u00e7\u00f5es locais.<\/p>\n<p><b>4. Quando a var\u00edola foi erradicada?<\/b><br \/>A doen\u00e7a foi erradicada em 1980, gra\u00e7as a uma campanha global de vacina\u00e7\u00e3o bem-sucedida que eliminou o v\u00edrus da circula\u00e7\u00e3o humana.<\/p>\n<p><b>5. As m\u00famias foram mumificadas artificialmente?<\/b><br \/>N\u00e3o, elas passaram por um processo de mumifica\u00e7\u00e3o natural e foram preservadas em fardos funer\u00e1rios, uma pr\u00e1tica comum na regi\u00e3o antes da chegada dos espanh\u00f3is.<\/p>","protected":false},"excerpt":{"rendered":"<p>Cientistas conseguiram identificar o DNA da var\u00edola em m\u00famias naturais encontradas no Chile, fornecendo novas provas sobre o colapso populacional ind\u00edgena no s\u00e9culo 16. A chegada dos europeus \u00e0s Am\u00e9ricas em 1492 marcou o in\u00edcio de uma das \u00e9pocas mais dif\u00edceis para os povos locais. Sem qualquer contato pr\u00e9vio com o v\u00edrus da var\u00edola, as [&hellip;]<\/p>\n","protected":false},"author":1,"featured_media":160007,"comment_status":"","ping_status":"","sticky":false,"template":"","format":"standard","meta":{"googlesitekit_rrm_CAow2JLhCw:productID":"","_gspb_post_css":"","maa_idioma":"","maa_pais":"","footnotes":""},"categories":[1662],"tags":[],"class_list":["post-160006","post","type-post","status-publish","format-standard","has-post-thumbnail","hentry","category-technology"],"blocksy_meta":[],"yoast_head":"<!-- This site is optimized with the Yoast SEO Premium plugin v27.6 (Yoast SEO v27.6) - https:\/\/yoast.com\/product\/yoast-seo-premium-wordpress\/ -->\n<title>DNA da var\u00edola \u00e9 recuperado de m\u00famias antigas e revela como a doen\u00e7a devastou as popula\u00e7\u00f5es ind\u00edgenas durante a conquista das Am\u00e9ricas - Ubirat\u00e3 Online Not\u00edcias - A realidade ao seu alcance!<\/title>\n<meta name=\"description\" content=\"Cientistas conseguiram identificar o DNA da var\u00edola em m\u00famias naturais encontradas no Chile, fornecendo novas provas sobre o colapso populacional ind\u00edgena\" \/>\n<meta name=\"robots\" content=\"index, follow, max-snippet:-1, max-image-preview:large, max-video-preview:-1\" \/>\n<link rel=\"canonical\" href=\"https:\/\/ubirataonline.com.br\/en\/dna-da-variola-e-recuperado-de-mumias-antigas-e-revela-como-a-doenca-devastou-as-populacoes-indigenas-durante-a-conquista-das-americas\/\" \/>\n<meta property=\"og:locale\" content=\"en_US\" \/>\n<meta property=\"og:type\" content=\"article\" \/>\n<meta property=\"og:title\" content=\"DNA da var\u00edola \u00e9 recuperado de m\u00famias antigas e revela como a doen\u00e7a devastou as popula\u00e7\u00f5es ind\u00edgenas durante a conquista das Am\u00e9ricas\" \/>\n<meta property=\"og:description\" content=\"Cientistas conseguiram identificar o DNA da var\u00edola em m\u00famias naturais encontradas no Chile, fornecendo novas provas sobre o colapso populacional ind\u00edgena\" \/>\n<meta property=\"og:url\" content=\"https:\/\/ubirataonline.com.br\/en\/dna-da-variola-e-recuperado-de-mumias-antigas-e-revela-como-a-doenca-devastou-as-populacoes-indigenas-durante-a-conquista-das-americas\/\" \/>\n<meta property=\"og:site_name\" content=\"Ubirat\u00e3 Online Not\u00edcias - A realidade ao seu alcance!\" \/>\n<meta property=\"article:publisher\" content=\"https:\/\/www.facebook.com\/portalubirataonline\" \/>\n<meta property=\"article:author\" content=\"https:\/\/www.facebook.com\/portalubirataonline\" \/>\n<meta property=\"article:published_time\" content=\"2026-07-30T21:19:23+00:00\" \/>\n<meta property=\"og:image\" content=\"https:\/\/ubirataonline.com.br\/wp-content\/uploads\/2026\/05\/logo2026.webp\" \/>\n\t<meta property=\"og:image:width\" content=\"1531\" \/>\n\t<meta property=\"og:image:height\" content=\"418\" \/>\n\t<meta property=\"og:image:type\" content=\"image\/webp\" \/>\n<meta name=\"author\" content=\"REDA\u00c7\u00c3O: UBIRAT\u00c3 ONLINE - F\u00c1BIO AUGUSTO CELESTINO\" \/>\n<meta name=\"twitter:card\" content=\"summary_large_image\" \/>\n<meta name=\"twitter:creator\" content=\"@x.com\/ubirataonline\" \/>\n<meta name=\"twitter:site\" content=\"@ubirataonline\" \/>\n<meta name=\"twitter:label1\" content=\"Written by\" \/>\n\t<meta name=\"twitter:data1\" content=\"REDA\u00c7\u00c3O: UBIRAT\u00c3 ONLINE - F\u00c1BIO AUGUSTO CELESTINO\" \/>\n\t<meta name=\"twitter:label2\" content=\"Est. reading time\" \/>\n\t<meta name=\"twitter:data2\" content=\"4 minutes\" \/>\n<script type=\"application\/ld+json\" class=\"yoast-schema-graph\">{\"@context\":\"https:\\\/\\\/schema.org\",\"@graph\":[{\"@type\":\"NewsArticle\",\"@id\":\"https:\\\/\\\/ubirataonline.com.br\\\/dna-da-variola-e-recuperado-de-mumias-antigas-e-revela-como-a-doenca-devastou-as-populacoes-indigenas-durante-a-conquista-das-americas\\\/#article\",\"isPartOf\":{\"@id\":\"https:\\\/\\\/ubirataonline.com.br\\\/dna-da-variola-e-recuperado-de-mumias-antigas-e-revela-como-a-doenca-devastou-as-populacoes-indigenas-durante-a-conquista-das-americas\\\/\"},\"author\":{\"name\":\"REDA\u00c7\u00c3O: UBIRAT\u00c3 ONLINE - F\u00c1BIO AUGUSTO CELESTINO\",\"@id\":\"https:\\\/\\\/ubirataonline.com.br\\\/#\\\/schema\\\/person\\\/372f87bbd3fdd79b8556b84c98d0bc1c\"},\"headline\":\"DNA da var\u00edola \u00e9 recuperado de m\u00famias antigas e revela como a doen\u00e7a devastou as popula\u00e7\u00f5es ind\u00edgenas durante a conquista das Am\u00e9ricas\",\"datePublished\":\"2026-07-30T21:19:23+00:00\",\"mainEntityOfPage\":{\"@id\":\"https:\\\/\\\/ubirataonline.com.br\\\/dna-da-variola-e-recuperado-de-mumias-antigas-e-revela-como-a-doenca-devastou-as-populacoes-indigenas-durante-a-conquista-das-americas\\\/\"},\"wordCount\":734,\"publisher\":{\"@id\":\"https:\\\/\\\/ubirataonline.com.br\\\/#organization\"},\"image\":{\"@id\":\"https:\\\/\\\/ubirataonline.com.br\\\/dna-da-variola-e-recuperado-de-mumias-antigas-e-revela-como-a-doenca-devastou-as-populacoes-indigenas-durante-a-conquista-das-americas\\\/#primaryimage\"},\"thumbnailUrl\":\"https:\\\/\\\/ubirataonline.com.br\\\/wp-content\\\/uploads\\\/2026\\\/07\\\/news-160006-1785446365.webp\",\"articleSection\":[\"Technology\"],\"inLanguage\":\"en-US\",\"copyrightYear\":\"2026\",\"copyrightHolder\":{\"@id\":\"https:\\\/\\\/ubirataonline.com.br\\\/en\\\/#organization\"}},{\"@type\":\"WebPage\",\"@id\":\"https:\\\/\\\/ubirataonline.com.br\\\/dna-da-variola-e-recuperado-de-mumias-antigas-e-revela-como-a-doenca-devastou-as-populacoes-indigenas-durante-a-conquista-das-americas\\\/\",\"url\":\"https:\\\/\\\/ubirataonline.com.br\\\/dna-da-variola-e-recuperado-de-mumias-antigas-e-revela-como-a-doenca-devastou-as-populacoes-indigenas-durante-a-conquista-das-americas\\\/\",\"name\":\"DNA da var\u00edola \u00e9 recuperado de m\u00famias antigas e revela como a doen\u00e7a devastou as popula\u00e7\u00f5es ind\u00edgenas durante a conquista das Am\u00e9ricas - Ubirat\u00e3 Online Not\u00edcias - A realidade ao seu alcance!\",\"isPartOf\":{\"@id\":\"https:\\\/\\\/ubirataonline.com.br\\\/#website\"},\"primaryImageOfPage\":{\"@id\":\"https:\\\/\\\/ubirataonline.com.br\\\/dna-da-variola-e-recuperado-de-mumias-antigas-e-revela-como-a-doenca-devastou-as-populacoes-indigenas-durante-a-conquista-das-americas\\\/#primaryimage\"},\"image\":{\"@id\":\"https:\\\/\\\/ubirataonline.com.br\\\/dna-da-variola-e-recuperado-de-mumias-antigas-e-revela-como-a-doenca-devastou-as-populacoes-indigenas-durante-a-conquista-das-americas\\\/#primaryimage\"},\"thumbnailUrl\":\"https:\\\/\\\/ubirataonline.com.br\\\/wp-content\\\/uploads\\\/2026\\\/07\\\/news-160006-1785446365.webp\",\"datePublished\":\"2026-07-30T21:19:23+00:00\",\"description\":\"Cientistas conseguiram identificar o DNA da var\u00edola em m\u00famias naturais encontradas no Chile, fornecendo novas provas sobre o colapso populacional ind\u00edgena\",\"breadcrumb\":{\"@id\":\"https:\\\/\\\/ubirataonline.com.br\\\/dna-da-variola-e-recuperado-de-mumias-antigas-e-revela-como-a-doenca-devastou-as-populacoes-indigenas-durante-a-conquista-das-americas\\\/#breadcrumb\"},\"inLanguage\":\"en-US\",\"potentialAction\":[{\"@type\":\"ReadAction\",\"target\":[\"https:\\\/\\\/ubirataonline.com.br\\\/dna-da-variola-e-recuperado-de-mumias-antigas-e-revela-como-a-doenca-devastou-as-populacoes-indigenas-durante-a-conquista-das-americas\\\/\"]}]},{\"@type\":\"ImageObject\",\"inLanguage\":\"en-US\",\"@id\":\"https:\\\/\\\/ubirataonline.com.br\\\/dna-da-variola-e-recuperado-de-mumias-antigas-e-revela-como-a-doenca-devastou-as-populacoes-indigenas-durante-a-conquista-das-americas\\\/#primaryimage\",\"url\":\"https:\\\/\\\/ubirataonline.com.br\\\/wp-content\\\/uploads\\\/2026\\\/07\\\/news-160006-1785446365.webp\",\"contentUrl\":\"https:\\\/\\\/ubirataonline.com.br\\\/wp-content\\\/uploads\\\/2026\\\/07\\\/news-160006-1785446365.webp\",\"width\":900,\"height\":506},{\"@type\":\"BreadcrumbList\",\"@id\":\"https:\\\/\\\/ubirataonline.com.br\\\/dna-da-variola-e-recuperado-de-mumias-antigas-e-revela-como-a-doenca-devastou-as-populacoes-indigenas-durante-a-conquista-das-americas\\\/#breadcrumb\",\"itemListElement\":[{\"@type\":\"ListItem\",\"position\":1,\"name\":\"In\u00edcio\",\"item\":\"https:\\\/\\\/ubirataonline.com.br\\\/\"},{\"@type\":\"ListItem\",\"position\":2,\"name\":\"DNA da var\u00edola \u00e9 recuperado de m\u00famias antigas e revela como a doen\u00e7a devastou as popula\u00e7\u00f5es ind\u00edgenas durante a conquista das Am\u00e9ricas\"}]},{\"@type\":\"WebSite\",\"@id\":\"https:\\\/\\\/ubirataonline.com.br\\\/#website\",\"url\":\"https:\\\/\\\/ubirataonline.com.br\\\/\",\"name\":\"Ubirat\u00e3 Online Not\u00edcias\",\"description\":\"Not\u00edcias de Ubirat\u00e3, regi\u00e3o, Brasil e mundo, com informa\u00e7\u00e3o atualizada e compromisso com o leitor.\",\"publisher\":{\"@id\":\"https:\\\/\\\/ubirataonline.com.br\\\/#organization\"},\"alternateName\":\"Ubirat\u00e3 Online\",\"potentialAction\":[{\"@type\":\"SearchAction\",\"target\":{\"@type\":\"EntryPoint\",\"urlTemplate\":\"https:\\\/\\\/ubirataonline.com.br\\\/?s={search_term_string}\"},\"query-input\":{\"@type\":\"PropertyValueSpecification\",\"valueRequired\":true,\"valueName\":\"search_term_string\"}}],\"inLanguage\":\"en-US\"},{\"@type\":[\"Organization\",\"Place\"],\"@id\":\"https:\\\/\\\/ubirataonline.com.br\\\/#organization\",\"name\":\"Ubirat\u00e3 Online Not\u00edcias\",\"alternateName\":\"Ubirat\u00e3 Online\",\"url\":\"https:\\\/\\\/ubirataonline.com.br\\\/\",\"logo\":{\"@id\":\"https:\\\/\\\/ubirataonline.com.br\\\/dna-da-variola-e-recuperado-de-mumias-antigas-e-revela-como-a-doenca-devastou-as-populacoes-indigenas-durante-a-conquista-das-americas\\\/#local-main-organization-logo\"},\"image\":{\"@id\":\"https:\\\/\\\/ubirataonline.com.br\\\/dna-da-variola-e-recuperado-de-mumias-antigas-e-revela-como-a-doenca-devastou-as-populacoes-indigenas-durante-a-conquista-das-americas\\\/#local-main-organization-logo\"},\"sameAs\":[\"https:\\\/\\\/www.facebook.com\\\/portalubirataonline\",\"https:\\\/\\\/x.com\\\/ubirataonline\",\"https:\\\/\\\/mastodon.social\\\/@ubirataonline\",\"https:\\\/\\\/www.facebook.com\\\/groups\\\/311144672285604\",\"https:\\\/\\\/www.facebook.com\\\/UBTAOnline\",\"https:\\\/\\\/www.instagram.com\\\/portalubirataonline\\\/\",\"https:\\\/\\\/twitter.com\\\/ubirataonline\"],\"description\":\"Somos um portal de not\u00edcias independente, criado em 5 de janeiro de 2009, com o objetivo de informar, conectar e valorizar a nossa comunidade de Ubirat\u00e3 e toda aregi\u00e3o. Com conte\u00fado atualizado, confi\u00e1vel e relevante, o Ubirat\u00e3 Online \u00e9 o seu espa\u00e7o para ficar por dentro dos principais acontecimentos locais, regionais, Brasil, Mundo e de interesse geral. Nosso compromisso \u00e9 com a verdade, a transpar\u00eancia e o respeito ao leitor.\",\"legalName\":\"UBIRATA ONLINE NOT\u00cdCIAS\",\"foundingDate\":\"2009-01-05\",\"numberOfEmployees\":{\"@type\":\"QuantitativeValue\",\"minValue\":\"1\",\"maxValue\":\"10\"},\"publishingPrinciples\":\"https:\\\/\\\/ubirataonline.com.br\\\/faq\\\/\",\"address\":{\"@id\":\"https:\\\/\\\/ubirataonline.com.br\\\/dna-da-variola-e-recuperado-de-mumias-antigas-e-revela-como-a-doenca-devastou-as-populacoes-indigenas-durante-a-conquista-das-americas\\\/#local-main-place-address\"},\"geo\":{\"@type\":\"GeoCoordinates\",\"latitude\":\"-24.5361401\",\"longitude\":\"-52.9921776\"},\"telephone\":[\"+5544998308235\"],\"contactPoint\":{\"@type\":\"ContactPoint\",\"email\":\"contato@ubirataonline.com.br\"},\"openingHoursSpecification\":{\"@type\":\"OpeningHoursSpecification\",\"dayOfWeek\":[\"Monday\",\"Tuesday\",\"Wednesday\",\"Thursday\",\"Friday\",\"Saturday\",\"Sunday\"],\"opens\":\"00:00\",\"closes\":\"23:59\"},\"email\":\"contato@ubirataonline.com.br\",\"vatID\":\"47.621.418\\\/0001-80\"},{\"@type\":\"Person\",\"@id\":\"https:\\\/\\\/ubirataonline.com.br\\\/#\\\/schema\\\/person\\\/372f87bbd3fdd79b8556b84c98d0bc1c\",\"name\":\"REDA\u00c7\u00c3O: UBIRAT\u00c3 ONLINE - F\u00c1BIO AUGUSTO CELESTINO\",\"pronouns\":\"Ele\",\"description\":\"Desde 2003 trabalhando com not\u00edcias.\",\"sameAs\":[\"http:\\\/\\\/ubirataoline.com.br\",\"https:\\\/\\\/www.facebook.com\\\/portalubirataonline\",\"https:\\\/\\\/www.instagram.com\\\/ubirataonline_oficial\",\"https:\\\/\\\/x.com\\\/x.com\\\/ubirataonline\"],\"honorificPrefix\":\"Mr.\",\"honorificSuffix\":\"MD\",\"birthDate\":\"1980-06-16\",\"gender\":\"masculino\",\"award\":[\"V\u00e1rios pr\u00eamios de melhor portal da cidade\"],\"jobTitle\":\"Diretor\",\"url\":\"https:\\\/\\\/ubirataonline.com.br\\\/en\\\/author\\\/ubirataonline\\\/\"},{\"@type\":\"PostalAddress\",\"@id\":\"https:\\\/\\\/ubirataonline.com.br\\\/dna-da-variola-e-recuperado-de-mumias-antigas-e-revela-como-a-doenca-devastou-as-populacoes-indigenas-durante-a-conquista-das-americas\\\/#local-main-place-address\",\"streetAddress\":\"Rua dos Coqueiros, 104 - Bairro Boa Vista, Rua dos Coqueiros, 104 Bairro Boa Vista\",\"addressLocality\":\"UBIRATA\",\"postalCode\":\"85440-000\",\"addressRegion\":\"PR\",\"addressCountry\":\"BR\"},{\"@type\":\"ImageObject\",\"inLanguage\":\"en-US\",\"@id\":\"https:\\\/\\\/ubirataonline.com.br\\\/dna-da-variola-e-recuperado-de-mumias-antigas-e-revela-como-a-doenca-devastou-as-populacoes-indigenas-durante-a-conquista-das-americas\\\/#local-main-organization-logo\",\"url\":\"https:\\\/\\\/ubirataonline.com.br\\\/wp-content\\\/uploads\\\/2026\\\/06\\\/logoubirataonline-1.webp\",\"contentUrl\":\"https:\\\/\\\/ubirataonline.com.br\\\/wp-content\\\/uploads\\\/2026\\\/06\\\/logoubirataonline-1.webp\",\"width\":500,\"height\":500,\"caption\":\"Ubirat\u00e3 Online Not\u00edcias\"}]}<\/script>\n<meta name=\"geo.placename\" content=\"UBIRATA\" \/>\n<meta name=\"geo.position\" content=\"-24.5361401;-52.9921776\" \/>\n<meta name=\"geo.region\" content=\"Brazil\" \/>\n<!-- \/ Yoast SEO Premium plugin. -->","yoast_head_json":{"title":"DNA da var\u00edola \u00e9 recuperado de m\u00famias antigas e revela como a doen\u00e7a devastou as popula\u00e7\u00f5es ind\u00edgenas durante a conquista das Am\u00e9ricas - Ubirat\u00e3 Online Not\u00edcias - A realidade ao seu alcance!","description":"Cientistas conseguiram identificar o DNA da var\u00edola em m\u00famias naturais encontradas no Chile, fornecendo novas provas sobre o colapso populacional ind\u00edgena","robots":{"index":"index","follow":"follow","max-snippet":"max-snippet:-1","max-image-preview":"max-image-preview:large","max-video-preview":"max-video-preview:-1"},"canonical":"https:\/\/ubirataonline.com.br\/en\/dna-da-variola-e-recuperado-de-mumias-antigas-e-revela-como-a-doenca-devastou-as-populacoes-indigenas-durante-a-conquista-das-americas\/","og_locale":"en_US","og_type":"article","og_title":"DNA da var\u00edola \u00e9 recuperado de m\u00famias antigas e revela como a doen\u00e7a devastou as popula\u00e7\u00f5es ind\u00edgenas durante a conquista das Am\u00e9ricas","og_description":"Cientistas conseguiram identificar o DNA da var\u00edola em m\u00famias naturais encontradas no Chile, fornecendo novas provas sobre o colapso populacional ind\u00edgena","og_url":"https:\/\/ubirataonline.com.br\/en\/dna-da-variola-e-recuperado-de-mumias-antigas-e-revela-como-a-doenca-devastou-as-populacoes-indigenas-durante-a-conquista-das-americas\/","og_site_name":"Ubirat\u00e3 Online Not\u00edcias - A realidade ao seu alcance!","article_publisher":"https:\/\/www.facebook.com\/portalubirataonline","article_author":"https:\/\/www.facebook.com\/portalubirataonline","article_published_time":"2026-07-30T21:19:23+00:00","og_image":[{"width":1531,"height":418,"url":"https:\/\/ubirataonline.com.br\/wp-content\/uploads\/2026\/05\/logo2026.webp","type":"image\/webp"}],"author":"REDA\u00c7\u00c3O: UBIRAT\u00c3 ONLINE - F\u00c1BIO AUGUSTO CELESTINO","twitter_card":"summary_large_image","twitter_creator":"@x.com\/ubirataonline","twitter_site":"@ubirataonline","twitter_misc":{"Written by":"REDA\u00c7\u00c3O: UBIRAT\u00c3 ONLINE - F\u00c1BIO AUGUSTO CELESTINO","Est. reading time":"4 minutes"},"schema":{"@context":"https:\/\/schema.org","@graph":[{"@type":"NewsArticle","@id":"https:\/\/ubirataonline.com.br\/dna-da-variola-e-recuperado-de-mumias-antigas-e-revela-como-a-doenca-devastou-as-populacoes-indigenas-durante-a-conquista-das-americas\/#article","isPartOf":{"@id":"https:\/\/ubirataonline.com.br\/dna-da-variola-e-recuperado-de-mumias-antigas-e-revela-como-a-doenca-devastou-as-populacoes-indigenas-durante-a-conquista-das-americas\/"},"author":{"name":"REDA\u00c7\u00c3O: UBIRAT\u00c3 ONLINE - F\u00c1BIO AUGUSTO CELESTINO","@id":"https:\/\/ubirataonline.com.br\/#\/schema\/person\/372f87bbd3fdd79b8556b84c98d0bc1c"},"headline":"DNA da var\u00edola \u00e9 recuperado de m\u00famias antigas e revela como a doen\u00e7a devastou as popula\u00e7\u00f5es ind\u00edgenas durante a conquista das Am\u00e9ricas","datePublished":"2026-07-30T21:19:23+00:00","mainEntityOfPage":{"@id":"https:\/\/ubirataonline.com.br\/dna-da-variola-e-recuperado-de-mumias-antigas-e-revela-como-a-doenca-devastou-as-populacoes-indigenas-durante-a-conquista-das-americas\/"},"wordCount":734,"publisher":{"@id":"https:\/\/ubirataonline.com.br\/#organization"},"image":{"@id":"https:\/\/ubirataonline.com.br\/dna-da-variola-e-recuperado-de-mumias-antigas-e-revela-como-a-doenca-devastou-as-populacoes-indigenas-durante-a-conquista-das-americas\/#primaryimage"},"thumbnailUrl":"https:\/\/ubirataonline.com.br\/wp-content\/uploads\/2026\/07\/news-160006-1785446365.webp","articleSection":["Technology"],"inLanguage":"en-US","copyrightYear":"2026","copyrightHolder":{"@id":"https:\/\/ubirataonline.com.br\/en\/#organization"}},{"@type":"WebPage","@id":"https:\/\/ubirataonline.com.br\/dna-da-variola-e-recuperado-de-mumias-antigas-e-revela-como-a-doenca-devastou-as-populacoes-indigenas-durante-a-conquista-das-americas\/","url":"https:\/\/ubirataonline.com.br\/dna-da-variola-e-recuperado-de-mumias-antigas-e-revela-como-a-doenca-devastou-as-populacoes-indigenas-durante-a-conquista-das-americas\/","name":"DNA da var\u00edola \u00e9 recuperado de m\u00famias antigas e revela como a doen\u00e7a devastou as popula\u00e7\u00f5es ind\u00edgenas durante a conquista das Am\u00e9ricas - Ubirat\u00e3 Online Not\u00edcias - A realidade ao seu alcance!","isPartOf":{"@id":"https:\/\/ubirataonline.com.br\/#website"},"primaryImageOfPage":{"@id":"https:\/\/ubirataonline.com.br\/dna-da-variola-e-recuperado-de-mumias-antigas-e-revela-como-a-doenca-devastou-as-populacoes-indigenas-durante-a-conquista-das-americas\/#primaryimage"},"image":{"@id":"https:\/\/ubirataonline.com.br\/dna-da-variola-e-recuperado-de-mumias-antigas-e-revela-como-a-doenca-devastou-as-populacoes-indigenas-durante-a-conquista-das-americas\/#primaryimage"},"thumbnailUrl":"https:\/\/ubirataonline.com.br\/wp-content\/uploads\/2026\/07\/news-160006-1785446365.webp","datePublished":"2026-07-30T21:19:23+00:00","description":"Cientistas conseguiram identificar o DNA da var\u00edola em m\u00famias naturais encontradas no Chile, fornecendo novas provas sobre o colapso populacional ind\u00edgena","breadcrumb":{"@id":"https:\/\/ubirataonline.com.br\/dna-da-variola-e-recuperado-de-mumias-antigas-e-revela-como-a-doenca-devastou-as-populacoes-indigenas-durante-a-conquista-das-americas\/#breadcrumb"},"inLanguage":"en-US","potentialAction":[{"@type":"ReadAction","target":["https:\/\/ubirataonline.com.br\/dna-da-variola-e-recuperado-de-mumias-antigas-e-revela-como-a-doenca-devastou-as-populacoes-indigenas-durante-a-conquista-das-americas\/"]}]},{"@type":"ImageObject","inLanguage":"en-US","@id":"https:\/\/ubirataonline.com.br\/dna-da-variola-e-recuperado-de-mumias-antigas-e-revela-como-a-doenca-devastou-as-populacoes-indigenas-durante-a-conquista-das-americas\/#primaryimage","url":"https:\/\/ubirataonline.com.br\/wp-content\/uploads\/2026\/07\/news-160006-1785446365.webp","contentUrl":"https:\/\/ubirataonline.com.br\/wp-content\/uploads\/2026\/07\/news-160006-1785446365.webp","width":900,"height":506},{"@type":"BreadcrumbList","@id":"https:\/\/ubirataonline.com.br\/dna-da-variola-e-recuperado-de-mumias-antigas-e-revela-como-a-doenca-devastou-as-populacoes-indigenas-durante-a-conquista-das-americas\/#breadcrumb","itemListElement":[{"@type":"ListItem","position":1,"name":"In\u00edcio","item":"https:\/\/ubirataonline.com.br\/"},{"@type":"ListItem","position":2,"name":"DNA da var\u00edola \u00e9 recuperado de m\u00famias antigas e revela como a doen\u00e7a devastou as popula\u00e7\u00f5es ind\u00edgenas durante a conquista das Am\u00e9ricas"}]},{"@type":"WebSite","@id":"https:\/\/ubirataonline.com.br\/#website","url":"https:\/\/ubirataonline.com.br\/","name":"Ubirat\u00e3 Online Not\u00edcias","description":"Not\u00edcias de Ubirat\u00e3, regi\u00e3o, Brasil e mundo, com informa\u00e7\u00e3o atualizada e compromisso com o leitor.","publisher":{"@id":"https:\/\/ubirataonline.com.br\/#organization"},"alternateName":"Ubirat\u00e3 Online","potentialAction":[{"@type":"SearchAction","target":{"@type":"EntryPoint","urlTemplate":"https:\/\/ubirataonline.com.br\/?s={search_term_string}"},"query-input":{"@type":"PropertyValueSpecification","valueRequired":true,"valueName":"search_term_string"}}],"inLanguage":"en-US"},{"@type":["Organization","Place"],"@id":"https:\/\/ubirataonline.com.br\/#organization","name":"Ubirat\u00e3 Online Not\u00edcias","alternateName":"Ubirat\u00e3 Online","url":"https:\/\/ubirataonline.com.br\/","logo":{"@id":"https:\/\/ubirataonline.com.br\/dna-da-variola-e-recuperado-de-mumias-antigas-e-revela-como-a-doenca-devastou-as-populacoes-indigenas-durante-a-conquista-das-americas\/#local-main-organization-logo"},"image":{"@id":"https:\/\/ubirataonline.com.br\/dna-da-variola-e-recuperado-de-mumias-antigas-e-revela-como-a-doenca-devastou-as-populacoes-indigenas-durante-a-conquista-das-americas\/#local-main-organization-logo"},"sameAs":["https:\/\/www.facebook.com\/portalubirataonline","https:\/\/x.com\/ubirataonline","https:\/\/mastodon.social\/@ubirataonline","https:\/\/www.facebook.com\/groups\/311144672285604","https:\/\/www.facebook.com\/UBTAOnline","https:\/\/www.instagram.com\/portalubirataonline\/","https:\/\/twitter.com\/ubirataonline"],"description":"Somos um portal de not\u00edcias independente, criado em 5 de janeiro de 2009, com o objetivo de informar, conectar e valorizar a nossa comunidade de Ubirat\u00e3 e toda aregi\u00e3o. Com conte\u00fado atualizado, confi\u00e1vel e relevante, o Ubirat\u00e3 Online \u00e9 o seu espa\u00e7o para ficar por dentro dos principais acontecimentos locais, regionais, Brasil, Mundo e de interesse geral. Nosso compromisso \u00e9 com a verdade, a transpar\u00eancia e o respeito ao leitor.","legalName":"UBIRATA ONLINE NOT\u00cdCIAS","foundingDate":"2009-01-05","numberOfEmployees":{"@type":"QuantitativeValue","minValue":"1","maxValue":"10"},"publishingPrinciples":"https:\/\/ubirataonline.com.br\/faq\/","address":{"@id":"https:\/\/ubirataonline.com.br\/dna-da-variola-e-recuperado-de-mumias-antigas-e-revela-como-a-doenca-devastou-as-populacoes-indigenas-durante-a-conquista-das-americas\/#local-main-place-address"},"geo":{"@type":"GeoCoordinates","latitude":"-24.5361401","longitude":"-52.9921776"},"telephone":["+5544998308235"],"contactPoint":{"@type":"ContactPoint","email":"contato@ubirataonline.com.br"},"openingHoursSpecification":{"@type":"OpeningHoursSpecification","dayOfWeek":["Monday","Tuesday","Wednesday","Thursday","Friday","Saturday","Sunday"],"opens":"00:00","closes":"23:59"},"email":"contato@ubirataonline.com.br","vatID":"47.621.418\/0001-80"},{"@type":"Person","@id":"https:\/\/ubirataonline.com.br\/#\/schema\/person\/372f87bbd3fdd79b8556b84c98d0bc1c","name":"REDA\u00c7\u00c3O: UBIRAT\u00c3 ONLINE - F\u00c1BIO AUGUSTO CELESTINO","pronouns":"Ele","description":"Desde 2003 trabalhando com not\u00edcias.","sameAs":["http:\/\/ubirataoline.com.br","https:\/\/www.facebook.com\/portalubirataonline","https:\/\/www.instagram.com\/ubirataonline_oficial","https:\/\/x.com\/x.com\/ubirataonline"],"honorificPrefix":"Mr.","honorificSuffix":"MD","birthDate":"1980-06-16","gender":"masculino","award":["V\u00e1rios pr\u00eamios de melhor portal da cidade"],"jobTitle":"Diretor","url":"https:\/\/ubirataonline.com.br\/en\/author\/ubirataonline\/"},{"@type":"PostalAddress","@id":"https:\/\/ubirataonline.com.br\/dna-da-variola-e-recuperado-de-mumias-antigas-e-revela-como-a-doenca-devastou-as-populacoes-indigenas-durante-a-conquista-das-americas\/#local-main-place-address","streetAddress":"Rua dos Coqueiros, 104 - Bairro Boa Vista, Rua dos Coqueiros, 104 Bairro Boa Vista","addressLocality":"UBIRATA","postalCode":"85440-000","addressRegion":"PR","addressCountry":"BR"},{"@type":"ImageObject","inLanguage":"en-US","@id":"https:\/\/ubirataonline.com.br\/dna-da-variola-e-recuperado-de-mumias-antigas-e-revela-como-a-doenca-devastou-as-populacoes-indigenas-durante-a-conquista-das-americas\/#local-main-organization-logo","url":"https:\/\/ubirataonline.com.br\/wp-content\/uploads\/2026\/06\/logoubirataonline-1.webp","contentUrl":"https:\/\/ubirataonline.com.br\/wp-content\/uploads\/2026\/06\/logoubirataonline-1.webp","width":500,"height":500,"caption":"Ubirat\u00e3 Online Not\u00edcias"}]},"geo.placename":"UBIRATA","geo.position":{"lat":"-24.5361401","long":"-52.9921776"},"geo.region":"Brazil"},"_links":{"self":[{"href":"https:\/\/ubirataonline.com.br\/en\/wp-json\/wp\/v2\/posts\/160006","targetHints":{"allow":["GET"]}}],"collection":[{"href":"https:\/\/ubirataonline.com.br\/en\/wp-json\/wp\/v2\/posts"}],"about":[{"href":"https:\/\/ubirataonline.com.br\/en\/wp-json\/wp\/v2\/types\/post"}],"author":[{"embeddable":true,"href":"https:\/\/ubirataonline.com.br\/en\/wp-json\/wp\/v2\/users\/1"}],"replies":[{"embeddable":true,"href":"https:\/\/ubirataonline.com.br\/en\/wp-json\/wp\/v2\/comments?post=160006"}],"version-history":[{"count":0,"href":"https:\/\/ubirataonline.com.br\/en\/wp-json\/wp\/v2\/posts\/160006\/revisions"}],"wp:featuredmedia":[{"embeddable":true,"href":"https:\/\/ubirataonline.com.br\/en\/wp-json\/wp\/v2\/media\/160007"}],"wp:attachment":[{"href":"https:\/\/ubirataonline.com.br\/en\/wp-json\/wp\/v2\/media?parent=160006"}],"wp:term":[{"taxonomy":"category","embeddable":true,"href":"https:\/\/ubirataonline.com.br\/en\/wp-json\/wp\/v2\/categories?post=160006"},{"taxonomy":"post_tag","embeddable":true,"href":"https:\/\/ubirataonline.com.br\/en\/wp-json\/wp\/v2\/tags?post=160006"}],"curies":[{"name":"wp","href":"https:\/\/api.w.org\/{rel}","templated":true}]}}