{"id":160023,"date":"2026-07-30T19:55:48","date_gmt":"2026-07-30T22:55:48","guid":{"rendered":"https:\/\/ubirataonline.com.br\/?p=160023"},"modified":"2026-07-30T19:55:50","modified_gmt":"2026-07-30T22:55:50","slug":"ubirata-sedia-encontro-do-parana-amigo-da-pessoa-idosa","status":"publish","type":"post","link":"https:\/\/ubirataonline.com.br\/en\/ubirata-sedia-encontro-do-parana-amigo-da-pessoa-idosa\/","title":{"rendered":"Ubirat\u00e3 sedia \u201cEncontro Regional Munic\u00edpios que Cuidam\u201d e fortalece pol\u00edticas voltadas \u00e0 pessoa idosa"},"content":{"rendered":"<div class=\"wp-block-yoast-seo-table-of-contents yoast-table-of-contents\"><\/div>\n\n\n\n<p class=\"wp-block-paragraph\"><strong>Evento reuniu gestores, equipes t\u00e9cnicas, conselhos e representantes da sociedade civil da regi\u00e3o de Campo Mour\u00e3o e Cascavel para avan\u00e7ar na implementa\u00e7\u00e3o do Programa Paran\u00e1 Amigo da Pessoa Idosa<\/strong><\/p>\n\n\n\n<p class=\"wp-block-paragraph\"><strong>UBIRAT\u00c3 \u2014<\/strong> O Munic\u00edpio de Ubirat\u00e3 sediou, nesta quinta-feira (30 de julho), o <strong>Encontro Regional Munic\u00edpios que Cuidam \u2013 Fortalecendo o Paran\u00e1 Amigo da Pessoa Idosa<\/strong>, iniciativa voltada ao fortalecimento das pol\u00edticas p\u00fablicas destinadas \u00e0 popula\u00e7\u00e3o idosa.<\/p>\n\n\n\n<figure class=\"wp-block-image size-full\"><img loading=\"lazy\" decoding=\"async\" width=\"1004\" height=\"500\" src=\"https:\/\/ubirataonline.com.br\/wp-content\/uploads\/2026\/07\/image-6.jpg\" alt=\"\" class=\"wp-image-160029\" srcset=\"https:\/\/ubirataonline.com.br\/wp-content\/uploads\/2026\/07\/image-6.jpg 1004w, https:\/\/ubirataonline.com.br\/wp-content\/uploads\/2026\/07\/image-6-300x149.jpg 300w, https:\/\/ubirataonline.com.br\/wp-content\/uploads\/2026\/07\/image-6-768x382.jpg 768w\" sizes=\"auto, (max-width: 1004px) 100vw, 1004px\" \/><\/figure>\n\n\n\n<p class=\"wp-block-paragraph\">Realizado das 8h30 \u00e0s 12h, no Centro Administrativo Municipal (CAM), o encontro reuniu autoridades, gestores, equipes t\u00e9cnicas, conselhos municipais, comit\u00eas gestores, n\u00facleos municipais de cuidado e representantes da sociedade civil de munic\u00edpios da regi\u00e3o de Campo Mour\u00e3o.<\/p>\n\n\n\n<figure class=\"wp-block-image size-full\"><img loading=\"lazy\" decoding=\"async\" width=\"1280\" height=\"720\" src=\"https:\/\/ubirataonline.com.br\/wp-content\/uploads\/2026\/07\/WhatsApp-Image-2026-07-30-at-19.40.59-1.jpeg\" alt=\"\" class=\"wp-image-160024\" srcset=\"https:\/\/ubirataonline.com.br\/wp-content\/uploads\/2026\/07\/WhatsApp-Image-2026-07-30-at-19.40.59-1.jpeg 1280w, https:\/\/ubirataonline.com.br\/wp-content\/uploads\/2026\/07\/WhatsApp-Image-2026-07-30-at-19.40.59-1-300x169.jpeg 300w, https:\/\/ubirataonline.com.br\/wp-content\/uploads\/2026\/07\/WhatsApp-Image-2026-07-30-at-19.40.59-1-768x432.jpeg 768w\" sizes=\"auto, (max-width: 1280px) 100vw, 1280px\" \/><\/figure>\n\n\n\n<p class=\"wp-block-paragraph\">Com o apoio da Secretaria de Estado da Mulher, Igualdade Racial e Pessoa Idosa (Semipi), a programa\u00e7\u00e3o promoveu o alinhamento t\u00e9cnico, a troca de experi\u00eancias e o fortalecimento da articula\u00e7\u00e3o regional para a implementa\u00e7\u00e3o do Programa Paran\u00e1 Amigo da Pessoa Idosa (PAPI).<\/p>\n\n\n\n<p class=\"wp-block-paragraph\">O encontro aprofundou especialmente os passos relacionados \u00e0 governan\u00e7a intersetorial, \u00e0 elabora\u00e7\u00e3o do diagn\u00f3stico municipal e ao planejamento das a\u00e7\u00f5es voltadas \u00e0 constru\u00e7\u00e3o de munic\u00edpios mais preparados para o envelhecimento da popula\u00e7\u00e3o.<\/p>\n\n\n\n<p class=\"wp-block-paragraph\"><strong>Abertura destacou compromisso regional<\/strong><\/p>\n\n\n\n<p class=\"wp-block-paragraph\">A programa\u00e7\u00e3o come\u00e7ou com acolhida, credenciamento, caf\u00e9 da manh\u00e3 e recep\u00e7\u00e3o dos representantes dos munic\u00edpios participantes. Na sequ\u00eancia, a abertura oficial contou com a execu\u00e7\u00e3o do Hino Nacional Brasileiro e a composi\u00e7\u00e3o da mesa de honra.<\/p>\n\n\n\n<p class=\"wp-block-paragraph\">Participaram da mesa Alzenir de Fatima Sizanoski, consultora externa do Banco Interamericano de Desenvolvimento (BID) a servi\u00e7o da Semipi; Luciane Munhoz Dal\u00e9cio, presidente da C\u00e2mara de Vereadores e procuradora da Mulher de Ubirat\u00e3; Claudin\u00e9ia de Souza Lazaretti, Secret\u00e1ria Municipal de Assist\u00eancia Social de Ubirat\u00e3; Maria In\u00eas bento, Secret\u00e1ria de Governo, representando o Prefeito Municipal Alexandre A. Molina; Solange Francisca da Costa Faustino, presidente do Conselho Municipal dos Direitos da Pessoa Idosa;&nbsp; C\u00edntia Candido Paim, coordenadora do Comit\u00ea Gestor de Ubirat\u00e3; Lizmari Fontana, Assessora da Secretaria de Assist\u00eancia Social de Ubirat\u00e3 e consultora regional do BID e Ana Carolina Rinaldo, Assistente Social do munic\u00edpio sede.<\/p>\n\n\n\n<p class=\"wp-block-paragraph\">Durante as manifesta\u00e7\u00f5es institucionais, as autoridades destacaram a necessidade de integra\u00e7\u00e3o entre as diferentes pol\u00edticas p\u00fablicas e do envolvimento dos munic\u00edpios, fam\u00edlias, conselhos, comit\u00eas, equipes t\u00e9cnicas e comunidade na constru\u00e7\u00e3o de estrat\u00e9gias para um envelhecimento digno, ativo e saud\u00e1vel.<\/p>\n\n\n\n<p class=\"wp-block-paragraph\">O Programa Paran\u00e1 Amigo da Pessoa Idosa foi apresentado como uma pol\u00edtica p\u00fablica de Estado que prop\u00f5e um novo olhar sobre o envelhecimento populacional. A iniciativa est\u00e1 estruturada em tr\u00eas pilares: <strong>cuidar das pessoas, fortalecer as fam\u00edlias e preparar as cidades<\/strong>.<\/p>\n\n\n\n<p class=\"wp-block-paragraph\">Ao sediar o encontro, Ubirat\u00e3 reafirmou o compromisso de contribuir para a constru\u00e7\u00e3o de munic\u00edpios mais humanos, acess\u00edveis e inclusivos, capazes de garantir dignidade, autonomia, prote\u00e7\u00e3o e qualidade de vida \u00e0s pessoas idosas.<\/p>\n\n\n\n<p class=\"wp-block-paragraph\"><strong>Painel apresentou os dez passos do PAPI<\/strong><\/p>\n\n\n\n<p class=\"wp-block-paragraph\">O painel t\u00e9cnico foi conduzido por Alzenir de Fatima Sizanoski e abordou o tema \u201cPrograma Paran\u00e1 Amigo da Pessoa Idosa \u2013 PAPI: os dez passos para a organiza\u00e7\u00e3o municipal\u201d.<\/p>\n\n\n\n<figure class=\"wp-block-image size-full\"><img loading=\"lazy\" decoding=\"async\" width=\"1280\" height=\"720\" src=\"https:\/\/ubirataonline.com.br\/wp-content\/uploads\/2026\/07\/WhatsApp-Image-2026-07-30-at-19.40.59.jpeg\" alt=\"\" class=\"wp-image-160025\" srcset=\"https:\/\/ubirataonline.com.br\/wp-content\/uploads\/2026\/07\/WhatsApp-Image-2026-07-30-at-19.40.59.jpeg 1280w, https:\/\/ubirataonline.com.br\/wp-content\/uploads\/2026\/07\/WhatsApp-Image-2026-07-30-at-19.40.59-300x169.jpeg 300w, https:\/\/ubirataonline.com.br\/wp-content\/uploads\/2026\/07\/WhatsApp-Image-2026-07-30-at-19.40.59-768x432.jpeg 768w\" sizes=\"auto, (max-width: 1280px) 100vw, 1280px\" \/><\/figure>\n\n\n\n<p class=\"wp-block-paragraph\">Al\u00e9m de apresentar a estrutura geral do programa, a consultora aprofundou tr\u00eas etapas consideradas fundamentais para sua implementa\u00e7\u00e3o nos munic\u00edpios.<\/p>\n\n\n\n<p class=\"wp-block-paragraph\">O quarto passo trata da constitui\u00e7\u00e3o do Comit\u00ea Municipal, respons\u00e1vel por organizar a governan\u00e7a intersetorial e definir os atores envolvidos na condu\u00e7\u00e3o do programa.<\/p>\n\n\n\n<p class=\"wp-block-paragraph\">O quinto passo corresponde \u00e0 elabora\u00e7\u00e3o do Diagn\u00f3stico Municipal, que envolve o levantamento de dados, a identifica\u00e7\u00e3o das necessidades e potencialidades do territ\u00f3rio e a escuta das pessoas idosas e da comunidade.<\/p>\n\n\n\n<p class=\"wp-block-paragraph\">J\u00e1 o sexto passo consiste na elabora\u00e7\u00e3o do Plano de A\u00e7\u00e3o Municipal, com a defini\u00e7\u00e3o de prioridades, a\u00e7\u00f5es, responsabilidades, metas e estrat\u00e9gias para transformar o munic\u00edpio em um territ\u00f3rio amigo da pessoa idosa.<\/p>\n\n\n\n<p class=\"wp-block-paragraph\">As orienta\u00e7\u00f5es ofereceram aos gestores e \u00e0s equipes municipais instrumentos pr\u00e1ticos para organizar a ades\u00e3o ao programa, estruturar os comit\u00eas e planejar a\u00e7\u00f5es de acordo com a realidade de cada munic\u00edpio.<\/p>\n\n\n\n<p class=\"wp-block-paragraph\"><strong>Centro Dia de Ubirat\u00e3 foi apresentado como experi\u00eancia exitosa<\/strong><\/p>\n\n\n\n<p class=\"wp-block-paragraph\">A programa\u00e7\u00e3o tamb\u00e9m contou com a apresenta\u00e7\u00e3o de uma experi\u00eancia desenvolvida pelo Munic\u00edpio de Ubirat\u00e3 no eixo do cuidado: a implanta\u00e7\u00e3o do Centro Dia para Pessoas Idosas.<\/p>\n\n\n\n<p class=\"wp-block-paragraph\">O painel de experi\u00eancias exitosas foi conduzido por Lizmari Fontana, consultora regional do BID. A experi\u00eancia de Ubirat\u00e3 foi apresentada pela assistente social G\u00e9ssica, t\u00e9cnica de refer\u00eancia do servi\u00e7o.<\/p>\n\n\n\n<p class=\"wp-block-paragraph\">A apresenta\u00e7\u00e3o mostrou como o cuidado com a pessoa idosa pode ser transformado em a\u00e7\u00f5es concretas de prote\u00e7\u00e3o, acompanhamento e promo\u00e7\u00e3o da qualidade de vida. Tamb\u00e9m foram destacados o problema identificado pelo munic\u00edpio, a a\u00e7\u00e3o implementada, os resultados alcan\u00e7ados e os aprendizados que podem inspirar iniciativas em outras cidades.<\/p>\n\n\n\n<p class=\"wp-block-paragraph\">O compartilhamento da experi\u00eancia contribuiu para aproximar o conte\u00fado t\u00e9cnico do programa da realidade dos munic\u00edpios e demonstrou possibilidades de organiza\u00e7\u00e3o de servi\u00e7os e estrat\u00e9gias de cuidado no territ\u00f3rio.<\/p>\n\n\n\n<p class=\"wp-block-paragraph\"><strong>Roda de conversa debateu desafios dos munic\u00edpios<\/strong><\/p>\n\n\n\n<p class=\"wp-block-paragraph\">Ap\u00f3s a apresenta\u00e7\u00e3o, os participantes acompanharam a roda de conversa \u201cDos dez passos \u00e0 pr\u00e1tica: desafios e possibilidades para os munic\u00edpios\u201d, mediada por Lizmari Fontana e Alzenir Sizanoski.<\/p>\n\n\n\n<figure class=\"wp-block-image size-full\"><img loading=\"lazy\" decoding=\"async\" width=\"1028\" height=\"768\" src=\"https:\/\/ubirataonline.com.br\/wp-content\/uploads\/2026\/07\/image-4.jpg\" alt=\"\" class=\"wp-image-160027\" srcset=\"https:\/\/ubirataonline.com.br\/wp-content\/uploads\/2026\/07\/image-4.jpg 1028w, https:\/\/ubirataonline.com.br\/wp-content\/uploads\/2026\/07\/image-4-241x180.jpg 241w, https:\/\/ubirataonline.com.br\/wp-content\/uploads\/2026\/07\/image-4-768x574.jpg 768w\" sizes=\"auto, (max-width: 1028px) 100vw, 1028px\" \/><\/figure>\n\n\n\n<p class=\"wp-block-paragraph\">O di\u00e1logo reuniu representantes do painel t\u00e9cnico e do Munic\u00edpio de Ubirat\u00e3 para esclarecer d\u00favidas sobre o processo de ades\u00e3o e certifica\u00e7\u00e3o no PAPI, relacionar os dez passos do programa \u00e0s realidades locais e discutir os desafios enfrentados pelos gestores.<\/p>\n\n\n\n<p class=\"wp-block-paragraph\">Entre os assuntos debatidos estiveram a constitui\u00e7\u00e3o dos comit\u00eas municipais, a elabora\u00e7\u00e3o dos diagn\u00f3sticos, a constru\u00e7\u00e3o dos planos de a\u00e7\u00e3o e a organiza\u00e7\u00e3o dos servi\u00e7os destinados \u00e0 popula\u00e7\u00e3o idosa.<\/p>\n\n\n\n<p class=\"wp-block-paragraph\">A atividade tamb\u00e9m favoreceu a troca de experi\u00eancias e a identifica\u00e7\u00e3o de caminhos para fortalecer a rede regional de prote\u00e7\u00e3o e cuidado.<\/p>\n\n\n\n<p class=\"wp-block-paragraph\"><strong>Fortalecimento da rede regional<\/strong><\/p>\n\n\n\n<p class=\"wp-block-paragraph\">O Encontro Regional Munic\u00edpios que Cuidam consolidou-se como um espa\u00e7o de aprendizado, integra\u00e7\u00e3o e articula\u00e7\u00e3o entre os munic\u00edpios da regi\u00e3o da COMCAM e AMOP. Estiveram presentes os representantes dos munic\u00edpios de Juranda, Campina da Lagoa, Campo Mour\u00e3o, F\u00eanix, Altamira do Paran\u00e1, &nbsp;Quinta do Sol e Ubirat\u00e3.<\/p>\n\n\n\n<p class=\"wp-block-paragraph\">A iniciativa refor\u00e7ou que o envelhecimento populacional exige planejamento, integra\u00e7\u00e3o entre pol\u00edticas p\u00fablicas e compromisso coletivo do poder p\u00fablico, das fam\u00edlias, dos conselhos, dos comit\u00eas gestores, dos profissionais e de toda a comunidade.<\/p>\n\n\n\n<p class=\"wp-block-paragraph\">Ao final, foram retomados os principais pontos discutidos e apresentadas orienta\u00e7\u00f5es sobre os pr\u00f3ximos passos do Programa Paran\u00e1 Amigo da Pessoa Idosa.<\/p>\n\n\n\n<p class=\"wp-block-paragraph\">Mais do que uma agenda institucional, o encontro destacou a necessidade de preparar as cidades para os desafios atuais e futuros relacionados ao envelhecimento.<\/p>\n\n\n\n<p class=\"wp-block-paragraph\"><strong>Cuidar da pessoa idosa \u00e9 cuidar da hist\u00f3ria, do presente e do futuro dos munic\u00edpios.<\/strong><\/p>\n\n\n\n<figure class=\"wp-block-image size-full is-resized\"><img loading=\"lazy\" decoding=\"async\" width=\"493\" height=\"700\" src=\"https:\/\/ubirataonline.com.br\/wp-content\/uploads\/2026\/07\/image-5.jpg\" alt=\"\" class=\"wp-image-160028\" style=\"width:629px;height:auto\" srcset=\"https:\/\/ubirataonline.com.br\/wp-content\/uploads\/2026\/07\/image-5.jpg 493w, https:\/\/ubirataonline.com.br\/wp-content\/uploads\/2026\/07\/image-5-127x180.jpg 127w\" sizes=\"auto, (max-width: 493px) 100vw, 493px\" \/><\/figure>","protected":false},"excerpt":{"rendered":"<p>Evento reuniu gestores, equipes t\u00e9cnicas, conselhos e representantes da sociedade civil da regi\u00e3o de Campo Mour\u00e3o e Cascavel para avan\u00e7ar na implementa\u00e7\u00e3o do Programa Paran\u00e1 Amigo da Pessoa Idosa UBIRAT\u00c3 \u2014 O Munic\u00edpio de Ubirat\u00e3 sediou, nesta quinta-feira (30 de julho), o Encontro Regional Munic\u00edpios que Cuidam \u2013 Fortalecendo o Paran\u00e1 Amigo da Pessoa Idosa, [&hellip;]<\/p>\n","protected":false},"author":1,"featured_media":160026,"comment_status":"closed","ping_status":"closed","sticky":false,"template":"","format":"standard","meta":{"googlesitekit_rrm_CAow2JLhCw:productID":"","_gspb_post_css":"","maa_idioma":"","maa_pais":"","footnotes":""},"categories":[1],"tags":[43449,43443,43450,43451,43444,43447,43445,43448,43442,43446,20],"class_list":["post-160023","post","type-post","status-publish","format-standard","has-post-thumbnail","hentry","category-ubirata","tag-assistencia-social","tag-centro-dia","tag-envelhecimento-ativo","tag-municipios-que-cuidamcampo-mourao-e-municipio-amigo-da-pessoa-idosa","tag-papi","tag-parana-amigo-da-pessoa-idosa","tag-pessoa-idosa","tag-politicas-publicas","tag-politicas-publicas-para-idosos","tag-semipi","tag-ubirata"],"blocksy_meta":[],"yoast_head":"<!-- This site is optimized with the Yoast SEO Premium plugin v27.6 (Yoast SEO v27.6) - https:\/\/yoast.com\/product\/yoast-seo-premium-wordpress\/ -->\n<title>Ubirat\u00e3 sedia \u201cEncontro Regional Munic\u00edpios que Cuidam\u201d e fortalece pol\u00edticas voltadas \u00e0 pessoa idosa - Ubirat\u00e3 Online Not\u00edcias - A realidade ao seu alcance!<\/title>\n<meta name=\"description\" content=\"Ubirat\u00e3 sediou o Encontro Regional Munic\u00edpios que Cuidam, com orienta\u00e7\u00f5es sobre governan\u00e7a, diagn\u00f3stico e a\u00e7\u00f5es para a popula\u00e7\u00e3o idosa.\" \/>\n<meta name=\"robots\" content=\"index, follow, max-snippet:-1, max-image-preview:large, max-video-preview:-1\" \/>\n<link rel=\"canonical\" href=\"https:\/\/ubirataonline.com.br\/en\/ubirata-sedia-encontro-do-parana-amigo-da-pessoa-idosa\/\" \/>\n<meta property=\"og:locale\" content=\"en_US\" \/>\n<meta property=\"og:type\" content=\"article\" \/>\n<meta property=\"og:title\" content=\"Ubirat\u00e3 sedia \u201cEncontro Regional Munic\u00edpios que Cuidam\u201d e fortalece pol\u00edticas voltadas \u00e0 pessoa idosa\" \/>\n<meta property=\"og:description\" content=\"Ubirat\u00e3 sediou o Encontro Regional Munic\u00edpios que Cuidam, com orienta\u00e7\u00f5es sobre governan\u00e7a, diagn\u00f3stico e a\u00e7\u00f5es para a popula\u00e7\u00e3o idosa.\" \/>\n<meta property=\"og:url\" content=\"https:\/\/ubirataonline.com.br\/en\/ubirata-sedia-encontro-do-parana-amigo-da-pessoa-idosa\/\" \/>\n<meta property=\"og:site_name\" content=\"Ubirat\u00e3 Online Not\u00edcias - A realidade ao seu alcance!\" \/>\n<meta property=\"article:publisher\" content=\"https:\/\/www.facebook.com\/portalubirataonline\" \/>\n<meta property=\"article:author\" content=\"https:\/\/www.facebook.com\/portalubirataonline\" \/>\n<meta property=\"article:published_time\" content=\"2026-07-30T22:55:48+00:00\" \/>\n<meta property=\"article:modified_time\" content=\"2026-07-30T22:55:50+00:00\" \/>\n<meta property=\"og:image\" content=\"https:\/\/ubirataonline.com.br\/wp-content\/uploads\/2026\/07\/WhatsApp-Image-2026-07-30-at-19.40.58.jpeg\" \/>\n\t<meta property=\"og:image:width\" content=\"1280\" \/>\n\t<meta property=\"og:image:height\" content=\"720\" \/>\n\t<meta property=\"og:image:type\" content=\"image\/jpeg\" \/>\n<meta name=\"author\" content=\"REDA\u00c7\u00c3O: UBIRAT\u00c3 ONLINE - F\u00c1BIO AUGUSTO CELESTINO\" \/>\n<meta name=\"twitter:card\" content=\"summary_large_image\" \/>\n<meta name=\"twitter:creator\" content=\"@x.com\/ubirataonline\" \/>\n<meta name=\"twitter:site\" content=\"@ubirataonline\" \/>\n<meta name=\"twitter:label1\" content=\"Written by\" \/>\n\t<meta name=\"twitter:data1\" content=\"REDA\u00c7\u00c3O: UBIRAT\u00c3 ONLINE - F\u00c1BIO AUGUSTO CELESTINO\" \/>\n\t<meta name=\"twitter:label2\" content=\"Est. reading time\" \/>\n\t<meta name=\"twitter:data2\" content=\"7 minutes\" \/>\n<script type=\"application\/ld+json\" class=\"yoast-schema-graph\">{\"@context\":\"https:\\\/\\\/schema.org\",\"@graph\":[{\"@type\":\"NewsArticle\",\"@id\":\"https:\\\/\\\/ubirataonline.com.br\\\/ubirata-sedia-encontro-do-parana-amigo-da-pessoa-idosa\\\/#article\",\"isPartOf\":{\"@id\":\"https:\\\/\\\/ubirataonline.com.br\\\/ubirata-sedia-encontro-do-parana-amigo-da-pessoa-idosa\\\/\"},\"author\":{\"name\":\"REDA\u00c7\u00c3O: UBIRAT\u00c3 ONLINE - F\u00c1BIO AUGUSTO CELESTINO\",\"@id\":\"https:\\\/\\\/ubirataonline.com.br\\\/#\\\/schema\\\/person\\\/372f87bbd3fdd79b8556b84c98d0bc1c\"},\"headline\":\"Ubirat\u00e3 sedia \u201cEncontro Regional Munic\u00edpios que Cuidam\u201d e fortalece pol\u00edticas voltadas \u00e0 pessoa idosa\",\"datePublished\":\"2026-07-30T22:55:48+00:00\",\"dateModified\":\"2026-07-30T22:55:50+00:00\",\"mainEntityOfPage\":{\"@id\":\"https:\\\/\\\/ubirataonline.com.br\\\/ubirata-sedia-encontro-do-parana-amigo-da-pessoa-idosa\\\/\"},\"wordCount\":1194,\"publisher\":{\"@id\":\"https:\\\/\\\/ubirataonline.com.br\\\/#organization\"},\"image\":{\"@id\":\"https:\\\/\\\/ubirataonline.com.br\\\/ubirata-sedia-encontro-do-parana-amigo-da-pessoa-idosa\\\/#primaryimage\"},\"thumbnailUrl\":\"https:\\\/\\\/ubirataonline.com.br\\\/wp-content\\\/uploads\\\/2026\\\/07\\\/WhatsApp-Image-2026-07-30-at-19.40.58.jpeg\",\"keywords\":[\"Assist\u00eancia Social\",\"Centro Dia\",\"Envelhecimento Ativo\",\"Munic\u00edpios que CuidamCampo Mour\u00e3o e Munic\u00edpio Amigo da Pessoa Idosa.\",\"PAPI\",\"Paran\u00e1 Amigo da Pessoa Idosa\",\"pessoa idosa\",\"Pol\u00edticas P\u00fablicas\",\"pol\u00edticas p\u00fablicas para idosos\",\"Semipi\",\"Ubirat\u00e3\"],\"articleSection\":[\"Ubirat\u00e3\"],\"inLanguage\":\"en-US\",\"copyrightYear\":\"2026\",\"copyrightHolder\":{\"@id\":\"https:\\\/\\\/ubirataonline.com.br\\\/en\\\/#organization\"},\"accessibilityFeature\":[\"tableOfContents\"]},{\"@type\":\"WebPage\",\"@id\":\"https:\\\/\\\/ubirataonline.com.br\\\/ubirata-sedia-encontro-do-parana-amigo-da-pessoa-idosa\\\/\",\"url\":\"https:\\\/\\\/ubirataonline.com.br\\\/ubirata-sedia-encontro-do-parana-amigo-da-pessoa-idosa\\\/\",\"name\":\"Ubirat\u00e3 sedia \u201cEncontro Regional Munic\u00edpios que Cuidam\u201d e fortalece pol\u00edticas voltadas \u00e0 pessoa idosa - Ubirat\u00e3 Online Not\u00edcias - A realidade ao seu alcance!\",\"isPartOf\":{\"@id\":\"https:\\\/\\\/ubirataonline.com.br\\\/#website\"},\"primaryImageOfPage\":{\"@id\":\"https:\\\/\\\/ubirataonline.com.br\\\/ubirata-sedia-encontro-do-parana-amigo-da-pessoa-idosa\\\/#primaryimage\"},\"image\":{\"@id\":\"https:\\\/\\\/ubirataonline.com.br\\\/ubirata-sedia-encontro-do-parana-amigo-da-pessoa-idosa\\\/#primaryimage\"},\"thumbnailUrl\":\"https:\\\/\\\/ubirataonline.com.br\\\/wp-content\\\/uploads\\\/2026\\\/07\\\/WhatsApp-Image-2026-07-30-at-19.40.58.jpeg\",\"datePublished\":\"2026-07-30T22:55:48+00:00\",\"dateModified\":\"2026-07-30T22:55:50+00:00\",\"description\":\"Ubirat\u00e3 sediou o Encontro Regional Munic\u00edpios que Cuidam, com orienta\u00e7\u00f5es sobre governan\u00e7a, diagn\u00f3stico e a\u00e7\u00f5es para a popula\u00e7\u00e3o idosa.\",\"breadcrumb\":{\"@id\":\"https:\\\/\\\/ubirataonline.com.br\\\/ubirata-sedia-encontro-do-parana-amigo-da-pessoa-idosa\\\/#breadcrumb\"},\"inLanguage\":\"en-US\",\"potentialAction\":[{\"@type\":\"ReadAction\",\"target\":[\"https:\\\/\\\/ubirataonline.com.br\\\/ubirata-sedia-encontro-do-parana-amigo-da-pessoa-idosa\\\/\"]}]},{\"@type\":\"ImageObject\",\"inLanguage\":\"en-US\",\"@id\":\"https:\\\/\\\/ubirataonline.com.br\\\/ubirata-sedia-encontro-do-parana-amigo-da-pessoa-idosa\\\/#primaryimage\",\"url\":\"https:\\\/\\\/ubirataonline.com.br\\\/wp-content\\\/uploads\\\/2026\\\/07\\\/WhatsApp-Image-2026-07-30-at-19.40.58.jpeg\",\"contentUrl\":\"https:\\\/\\\/ubirataonline.com.br\\\/wp-content\\\/uploads\\\/2026\\\/07\\\/WhatsApp-Image-2026-07-30-at-19.40.58.jpeg\",\"width\":1280,\"height\":720,\"caption\":\"Ubirat\u00e3 sedia \u201cEncontro Regional Munic\u00edpios que Cuidam\u201d e fortalece pol\u00edticas voltadas \u00e0 pessoa idosa\"},{\"@type\":\"BreadcrumbList\",\"@id\":\"https:\\\/\\\/ubirataonline.com.br\\\/ubirata-sedia-encontro-do-parana-amigo-da-pessoa-idosa\\\/#breadcrumb\",\"itemListElement\":[{\"@type\":\"ListItem\",\"position\":1,\"name\":\"In\u00edcio\",\"item\":\"https:\\\/\\\/ubirataonline.com.br\\\/\"},{\"@type\":\"ListItem\",\"position\":2,\"name\":\"Ubirat\u00e3 sedia \u201cEncontro Regional Munic\u00edpios que Cuidam\u201d e fortalece pol\u00edticas voltadas \u00e0 pessoa idosa\"}]},{\"@type\":\"WebSite\",\"@id\":\"https:\\\/\\\/ubirataonline.com.br\\\/#website\",\"url\":\"https:\\\/\\\/ubirataonline.com.br\\\/\",\"name\":\"Ubirat\u00e3 Online Not\u00edcias\",\"description\":\"Not\u00edcias de Ubirat\u00e3, regi\u00e3o, Brasil e mundo, com informa\u00e7\u00e3o atualizada e compromisso com o leitor.\",\"publisher\":{\"@id\":\"https:\\\/\\\/ubirataonline.com.br\\\/#organization\"},\"alternateName\":\"Ubirat\u00e3 Online\",\"potentialAction\":[{\"@type\":\"SearchAction\",\"target\":{\"@type\":\"EntryPoint\",\"urlTemplate\":\"https:\\\/\\\/ubirataonline.com.br\\\/?s={search_term_string}\"},\"query-input\":{\"@type\":\"PropertyValueSpecification\",\"valueRequired\":true,\"valueName\":\"search_term_string\"}}],\"inLanguage\":\"en-US\"},{\"@type\":[\"Organization\",\"Place\"],\"@id\":\"https:\\\/\\\/ubirataonline.com.br\\\/#organization\",\"name\":\"Ubirat\u00e3 Online Not\u00edcias\",\"alternateName\":\"Ubirat\u00e3 Online\",\"url\":\"https:\\\/\\\/ubirataonline.com.br\\\/\",\"logo\":{\"@id\":\"https:\\\/\\\/ubirataonline.com.br\\\/ubirata-sedia-encontro-do-parana-amigo-da-pessoa-idosa\\\/#local-main-organization-logo\"},\"image\":{\"@id\":\"https:\\\/\\\/ubirataonline.com.br\\\/ubirata-sedia-encontro-do-parana-amigo-da-pessoa-idosa\\\/#local-main-organization-logo\"},\"sameAs\":[\"https:\\\/\\\/www.facebook.com\\\/portalubirataonline\",\"https:\\\/\\\/x.com\\\/ubirataonline\",\"https:\\\/\\\/mastodon.social\\\/@ubirataonline\",\"https:\\\/\\\/www.facebook.com\\\/groups\\\/311144672285604\",\"https:\\\/\\\/www.facebook.com\\\/UBTAOnline\",\"https:\\\/\\\/www.instagram.com\\\/portalubirataonline\\\/\",\"https:\\\/\\\/twitter.com\\\/ubirataonline\"],\"description\":\"Somos um portal de not\u00edcias independente, criado em 5 de janeiro de 2009, com o objetivo de informar, conectar e valorizar a nossa comunidade de Ubirat\u00e3 e toda aregi\u00e3o. Com conte\u00fado atualizado, confi\u00e1vel e relevante, o Ubirat\u00e3 Online \u00e9 o seu espa\u00e7o para ficar por dentro dos principais acontecimentos locais, regionais, Brasil, Mundo e de interesse geral. Nosso compromisso \u00e9 com a verdade, a transpar\u00eancia e o respeito ao leitor.\",\"legalName\":\"UBIRATA ONLINE NOT\u00cdCIAS\",\"foundingDate\":\"2009-01-05\",\"numberOfEmployees\":{\"@type\":\"QuantitativeValue\",\"minValue\":\"1\",\"maxValue\":\"10\"},\"publishingPrinciples\":\"https:\\\/\\\/ubirataonline.com.br\\\/faq\\\/\",\"address\":{\"@id\":\"https:\\\/\\\/ubirataonline.com.br\\\/ubirata-sedia-encontro-do-parana-amigo-da-pessoa-idosa\\\/#local-main-place-address\"},\"geo\":{\"@type\":\"GeoCoordinates\",\"latitude\":\"-24.5361401\",\"longitude\":\"-52.9921776\"},\"telephone\":[\"+5544998308235\"],\"contactPoint\":{\"@type\":\"ContactPoint\",\"email\":\"contato@ubirataonline.com.br\"},\"openingHoursSpecification\":{\"@type\":\"OpeningHoursSpecification\",\"dayOfWeek\":[\"Monday\",\"Tuesday\",\"Wednesday\",\"Thursday\",\"Friday\",\"Saturday\",\"Sunday\"],\"opens\":\"00:00\",\"closes\":\"23:59\"},\"email\":\"contato@ubirataonline.com.br\",\"vatID\":\"47.621.418\\\/0001-80\"},{\"@type\":\"Person\",\"@id\":\"https:\\\/\\\/ubirataonline.com.br\\\/#\\\/schema\\\/person\\\/372f87bbd3fdd79b8556b84c98d0bc1c\",\"name\":\"REDA\u00c7\u00c3O: UBIRAT\u00c3 ONLINE - F\u00c1BIO AUGUSTO CELESTINO\",\"pronouns\":\"Ele\",\"description\":\"Desde 2003 trabalhando com not\u00edcias.\",\"sameAs\":[\"http:\\\/\\\/ubirataoline.com.br\",\"https:\\\/\\\/www.facebook.com\\\/portalubirataonline\",\"https:\\\/\\\/www.instagram.com\\\/ubirataonline_oficial\",\"https:\\\/\\\/x.com\\\/x.com\\\/ubirataonline\"],\"honorificPrefix\":\"Mr.\",\"honorificSuffix\":\"MD\",\"birthDate\":\"1980-06-16\",\"gender\":\"masculino\",\"award\":[\"V\u00e1rios pr\u00eamios de melhor portal da cidade\"],\"jobTitle\":\"Diretor\",\"url\":\"https:\\\/\\\/ubirataonline.com.br\\\/en\\\/author\\\/ubirataonline\\\/\"},{\"@type\":\"PostalAddress\",\"@id\":\"https:\\\/\\\/ubirataonline.com.br\\\/ubirata-sedia-encontro-do-parana-amigo-da-pessoa-idosa\\\/#local-main-place-address\",\"streetAddress\":\"Rua dos Coqueiros, 104 - Bairro Boa Vista, Rua dos Coqueiros, 104 Bairro Boa Vista\",\"addressLocality\":\"UBIRATA\",\"postalCode\":\"85440-000\",\"addressRegion\":\"PR\",\"addressCountry\":\"BR\"},{\"@type\":\"ImageObject\",\"inLanguage\":\"en-US\",\"@id\":\"https:\\\/\\\/ubirataonline.com.br\\\/ubirata-sedia-encontro-do-parana-amigo-da-pessoa-idosa\\\/#local-main-organization-logo\",\"url\":\"https:\\\/\\\/ubirataonline.com.br\\\/wp-content\\\/uploads\\\/2026\\\/06\\\/logoubirataonline-1.webp\",\"contentUrl\":\"https:\\\/\\\/ubirataonline.com.br\\\/wp-content\\\/uploads\\\/2026\\\/06\\\/logoubirataonline-1.webp\",\"width\":500,\"height\":500,\"caption\":\"Ubirat\u00e3 Online Not\u00edcias\"}]}<\/script>\n<meta name=\"geo.placename\" content=\"UBIRATA\" \/>\n<meta name=\"geo.position\" content=\"-24.5361401;-52.9921776\" \/>\n<meta name=\"geo.region\" content=\"Brazil\" \/>\n<!-- \/ Yoast SEO Premium plugin. -->","yoast_head_json":{"title":"Ubirat\u00e3 sedia \u201cEncontro Regional Munic\u00edpios que Cuidam\u201d e fortalece pol\u00edticas voltadas \u00e0 pessoa idosa - Ubirat\u00e3 Online Not\u00edcias - A realidade ao seu alcance!","description":"Ubirat\u00e3 sediou o Encontro Regional Munic\u00edpios que Cuidam, com orienta\u00e7\u00f5es sobre governan\u00e7a, diagn\u00f3stico e a\u00e7\u00f5es para a popula\u00e7\u00e3o idosa.","robots":{"index":"index","follow":"follow","max-snippet":"max-snippet:-1","max-image-preview":"max-image-preview:large","max-video-preview":"max-video-preview:-1"},"canonical":"https:\/\/ubirataonline.com.br\/en\/ubirata-sedia-encontro-do-parana-amigo-da-pessoa-idosa\/","og_locale":"en_US","og_type":"article","og_title":"Ubirat\u00e3 sedia \u201cEncontro Regional Munic\u00edpios que Cuidam\u201d e fortalece pol\u00edticas voltadas \u00e0 pessoa idosa","og_description":"Ubirat\u00e3 sediou o Encontro Regional Munic\u00edpios que Cuidam, com orienta\u00e7\u00f5es sobre governan\u00e7a, diagn\u00f3stico e a\u00e7\u00f5es para a popula\u00e7\u00e3o idosa.","og_url":"https:\/\/ubirataonline.com.br\/en\/ubirata-sedia-encontro-do-parana-amigo-da-pessoa-idosa\/","og_site_name":"Ubirat\u00e3 Online Not\u00edcias - A realidade ao seu alcance!","article_publisher":"https:\/\/www.facebook.com\/portalubirataonline","article_author":"https:\/\/www.facebook.com\/portalubirataonline","article_published_time":"2026-07-30T22:55:48+00:00","article_modified_time":"2026-07-30T22:55:50+00:00","og_image":[{"width":1280,"height":720,"url":"https:\/\/ubirataonline.com.br\/wp-content\/uploads\/2026\/07\/WhatsApp-Image-2026-07-30-at-19.40.58.jpeg","type":"image\/jpeg"}],"author":"REDA\u00c7\u00c3O: UBIRAT\u00c3 ONLINE - F\u00c1BIO AUGUSTO CELESTINO","twitter_card":"summary_large_image","twitter_creator":"@x.com\/ubirataonline","twitter_site":"@ubirataonline","twitter_misc":{"Written by":"REDA\u00c7\u00c3O: UBIRAT\u00c3 ONLINE - F\u00c1BIO AUGUSTO CELESTINO","Est. reading time":"7 minutes"},"schema":{"@context":"https:\/\/schema.org","@graph":[{"@type":"NewsArticle","@id":"https:\/\/ubirataonline.com.br\/ubirata-sedia-encontro-do-parana-amigo-da-pessoa-idosa\/#article","isPartOf":{"@id":"https:\/\/ubirataonline.com.br\/ubirata-sedia-encontro-do-parana-amigo-da-pessoa-idosa\/"},"author":{"name":"REDA\u00c7\u00c3O: UBIRAT\u00c3 ONLINE - F\u00c1BIO AUGUSTO CELESTINO","@id":"https:\/\/ubirataonline.com.br\/#\/schema\/person\/372f87bbd3fdd79b8556b84c98d0bc1c"},"headline":"Ubirat\u00e3 sedia \u201cEncontro Regional Munic\u00edpios que Cuidam\u201d e fortalece pol\u00edticas voltadas \u00e0 pessoa idosa","datePublished":"2026-07-30T22:55:48+00:00","dateModified":"2026-07-30T22:55:50+00:00","mainEntityOfPage":{"@id":"https:\/\/ubirataonline.com.br\/ubirata-sedia-encontro-do-parana-amigo-da-pessoa-idosa\/"},"wordCount":1194,"publisher":{"@id":"https:\/\/ubirataonline.com.br\/#organization"},"image":{"@id":"https:\/\/ubirataonline.com.br\/ubirata-sedia-encontro-do-parana-amigo-da-pessoa-idosa\/#primaryimage"},"thumbnailUrl":"https:\/\/ubirataonline.com.br\/wp-content\/uploads\/2026\/07\/WhatsApp-Image-2026-07-30-at-19.40.58.jpeg","keywords":["Assist\u00eancia Social","Centro Dia","Envelhecimento Ativo","Munic\u00edpios que CuidamCampo Mour\u00e3o e Munic\u00edpio Amigo da Pessoa Idosa.","PAPI","Paran\u00e1 Amigo da Pessoa Idosa","pessoa idosa","Pol\u00edticas P\u00fablicas","pol\u00edticas p\u00fablicas para idosos","Semipi","Ubirat\u00e3"],"articleSection":["Ubirat\u00e3"],"inLanguage":"en-US","copyrightYear":"2026","copyrightHolder":{"@id":"https:\/\/ubirataonline.com.br\/en\/#organization"},"accessibilityFeature":["tableOfContents"]},{"@type":"WebPage","@id":"https:\/\/ubirataonline.com.br\/ubirata-sedia-encontro-do-parana-amigo-da-pessoa-idosa\/","url":"https:\/\/ubirataonline.com.br\/ubirata-sedia-encontro-do-parana-amigo-da-pessoa-idosa\/","name":"Ubirat\u00e3 sedia \u201cEncontro Regional Munic\u00edpios que Cuidam\u201d e fortalece pol\u00edticas voltadas \u00e0 pessoa idosa - Ubirat\u00e3 Online Not\u00edcias - A realidade ao seu alcance!","isPartOf":{"@id":"https:\/\/ubirataonline.com.br\/#website"},"primaryImageOfPage":{"@id":"https:\/\/ubirataonline.com.br\/ubirata-sedia-encontro-do-parana-amigo-da-pessoa-idosa\/#primaryimage"},"image":{"@id":"https:\/\/ubirataonline.com.br\/ubirata-sedia-encontro-do-parana-amigo-da-pessoa-idosa\/#primaryimage"},"thumbnailUrl":"https:\/\/ubirataonline.com.br\/wp-content\/uploads\/2026\/07\/WhatsApp-Image-2026-07-30-at-19.40.58.jpeg","datePublished":"2026-07-30T22:55:48+00:00","dateModified":"2026-07-30T22:55:50+00:00","description":"Ubirat\u00e3 sediou o Encontro Regional Munic\u00edpios que Cuidam, com orienta\u00e7\u00f5es sobre governan\u00e7a, diagn\u00f3stico e a\u00e7\u00f5es para a popula\u00e7\u00e3o idosa.","breadcrumb":{"@id":"https:\/\/ubirataonline.com.br\/ubirata-sedia-encontro-do-parana-amigo-da-pessoa-idosa\/#breadcrumb"},"inLanguage":"en-US","potentialAction":[{"@type":"ReadAction","target":["https:\/\/ubirataonline.com.br\/ubirata-sedia-encontro-do-parana-amigo-da-pessoa-idosa\/"]}]},{"@type":"ImageObject","inLanguage":"en-US","@id":"https:\/\/ubirataonline.com.br\/ubirata-sedia-encontro-do-parana-amigo-da-pessoa-idosa\/#primaryimage","url":"https:\/\/ubirataonline.com.br\/wp-content\/uploads\/2026\/07\/WhatsApp-Image-2026-07-30-at-19.40.58.jpeg","contentUrl":"https:\/\/ubirataonline.com.br\/wp-content\/uploads\/2026\/07\/WhatsApp-Image-2026-07-30-at-19.40.58.jpeg","width":1280,"height":720,"caption":"Ubirat\u00e3 sedia \u201cEncontro Regional Munic\u00edpios que Cuidam\u201d e fortalece pol\u00edticas voltadas \u00e0 pessoa idosa"},{"@type":"BreadcrumbList","@id":"https:\/\/ubirataonline.com.br\/ubirata-sedia-encontro-do-parana-amigo-da-pessoa-idosa\/#breadcrumb","itemListElement":[{"@type":"ListItem","position":1,"name":"In\u00edcio","item":"https:\/\/ubirataonline.com.br\/"},{"@type":"ListItem","position":2,"name":"Ubirat\u00e3 sedia \u201cEncontro Regional Munic\u00edpios que Cuidam\u201d e fortalece pol\u00edticas voltadas \u00e0 pessoa idosa"}]},{"@type":"WebSite","@id":"https:\/\/ubirataonline.com.br\/#website","url":"https:\/\/ubirataonline.com.br\/","name":"Ubirat\u00e3 Online Not\u00edcias","description":"Not\u00edcias de Ubirat\u00e3, regi\u00e3o, Brasil e mundo, com informa\u00e7\u00e3o atualizada e compromisso com o leitor.","publisher":{"@id":"https:\/\/ubirataonline.com.br\/#organization"},"alternateName":"Ubirat\u00e3 Online","potentialAction":[{"@type":"SearchAction","target":{"@type":"EntryPoint","urlTemplate":"https:\/\/ubirataonline.com.br\/?s={search_term_string}"},"query-input":{"@type":"PropertyValueSpecification","valueRequired":true,"valueName":"search_term_string"}}],"inLanguage":"en-US"},{"@type":["Organization","Place"],"@id":"https:\/\/ubirataonline.com.br\/#organization","name":"Ubirat\u00e3 Online Not\u00edcias","alternateName":"Ubirat\u00e3 Online","url":"https:\/\/ubirataonline.com.br\/","logo":{"@id":"https:\/\/ubirataonline.com.br\/ubirata-sedia-encontro-do-parana-amigo-da-pessoa-idosa\/#local-main-organization-logo"},"image":{"@id":"https:\/\/ubirataonline.com.br\/ubirata-sedia-encontro-do-parana-amigo-da-pessoa-idosa\/#local-main-organization-logo"},"sameAs":["https:\/\/www.facebook.com\/portalubirataonline","https:\/\/x.com\/ubirataonline","https:\/\/mastodon.social\/@ubirataonline","https:\/\/www.facebook.com\/groups\/311144672285604","https:\/\/www.facebook.com\/UBTAOnline","https:\/\/www.instagram.com\/portalubirataonline\/","https:\/\/twitter.com\/ubirataonline"],"description":"Somos um portal de not\u00edcias independente, criado em 5 de janeiro de 2009, com o objetivo de informar, conectar e valorizar a nossa comunidade de Ubirat\u00e3 e toda aregi\u00e3o. Com conte\u00fado atualizado, confi\u00e1vel e relevante, o Ubirat\u00e3 Online \u00e9 o seu espa\u00e7o para ficar por dentro dos principais acontecimentos locais, regionais, Brasil, Mundo e de interesse geral. Nosso compromisso \u00e9 com a verdade, a transpar\u00eancia e o respeito ao leitor.","legalName":"UBIRATA ONLINE NOT\u00cdCIAS","foundingDate":"2009-01-05","numberOfEmployees":{"@type":"QuantitativeValue","minValue":"1","maxValue":"10"},"publishingPrinciples":"https:\/\/ubirataonline.com.br\/faq\/","address":{"@id":"https:\/\/ubirataonline.com.br\/ubirata-sedia-encontro-do-parana-amigo-da-pessoa-idosa\/#local-main-place-address"},"geo":{"@type":"GeoCoordinates","latitude":"-24.5361401","longitude":"-52.9921776"},"telephone":["+5544998308235"],"contactPoint":{"@type":"ContactPoint","email":"contato@ubirataonline.com.br"},"openingHoursSpecification":{"@type":"OpeningHoursSpecification","dayOfWeek":["Monday","Tuesday","Wednesday","Thursday","Friday","Saturday","Sunday"],"opens":"00:00","closes":"23:59"},"email":"contato@ubirataonline.com.br","vatID":"47.621.418\/0001-80"},{"@type":"Person","@id":"https:\/\/ubirataonline.com.br\/#\/schema\/person\/372f87bbd3fdd79b8556b84c98d0bc1c","name":"REDA\u00c7\u00c3O: UBIRAT\u00c3 ONLINE - F\u00c1BIO AUGUSTO CELESTINO","pronouns":"Ele","description":"Desde 2003 trabalhando com not\u00edcias.","sameAs":["http:\/\/ubirataoline.com.br","https:\/\/www.facebook.com\/portalubirataonline","https:\/\/www.instagram.com\/ubirataonline_oficial","https:\/\/x.com\/x.com\/ubirataonline"],"honorificPrefix":"Mr.","honorificSuffix":"MD","birthDate":"1980-06-16","gender":"masculino","award":["V\u00e1rios pr\u00eamios de melhor portal da cidade"],"jobTitle":"Diretor","url":"https:\/\/ubirataonline.com.br\/en\/author\/ubirataonline\/"},{"@type":"PostalAddress","@id":"https:\/\/ubirataonline.com.br\/ubirata-sedia-encontro-do-parana-amigo-da-pessoa-idosa\/#local-main-place-address","streetAddress":"Rua dos Coqueiros, 104 - Bairro Boa Vista, Rua dos Coqueiros, 104 Bairro Boa Vista","addressLocality":"UBIRATA","postalCode":"85440-000","addressRegion":"PR","addressCountry":"BR"},{"@type":"ImageObject","inLanguage":"en-US","@id":"https:\/\/ubirataonline.com.br\/ubirata-sedia-encontro-do-parana-amigo-da-pessoa-idosa\/#local-main-organization-logo","url":"https:\/\/ubirataonline.com.br\/wp-content\/uploads\/2026\/06\/logoubirataonline-1.webp","contentUrl":"https:\/\/ubirataonline.com.br\/wp-content\/uploads\/2026\/06\/logoubirataonline-1.webp","width":500,"height":500,"caption":"Ubirat\u00e3 Online Not\u00edcias"}]},"geo.placename":"UBIRATA","geo.position":{"lat":"-24.5361401","long":"-52.9921776"},"geo.region":"Brazil"},"_links":{"self":[{"href":"https:\/\/ubirataonline.com.br\/en\/wp-json\/wp\/v2\/posts\/160023","targetHints":{"allow":["GET"]}}],"collection":[{"href":"https:\/\/ubirataonline.com.br\/en\/wp-json\/wp\/v2\/posts"}],"about":[{"href":"https:\/\/ubirataonline.com.br\/en\/wp-json\/wp\/v2\/types\/post"}],"author":[{"embeddable":true,"href":"https:\/\/ubirataonline.com.br\/en\/wp-json\/wp\/v2\/users\/1"}],"replies":[{"embeddable":true,"href":"https:\/\/ubirataonline.com.br\/en\/wp-json\/wp\/v2\/comments?post=160023"}],"version-history":[{"count":0,"href":"https:\/\/ubirataonline.com.br\/en\/wp-json\/wp\/v2\/posts\/160023\/revisions"}],"wp:featuredmedia":[{"embeddable":true,"href":"https:\/\/ubirataonline.com.br\/en\/wp-json\/wp\/v2\/media\/160026"}],"wp:attachment":[{"href":"https:\/\/ubirataonline.com.br\/en\/wp-json\/wp\/v2\/media?parent=160023"}],"wp:term":[{"taxonomy":"category","embeddable":true,"href":"https:\/\/ubirataonline.com.br\/en\/wp-json\/wp\/v2\/categories?post=160023"},{"taxonomy":"post_tag","embeddable":true,"href":"https:\/\/ubirataonline.com.br\/en\/wp-json\/wp\/v2\/tags?post=160023"}],"curies":[{"name":"wp","href":"https:\/\/api.w.org\/{rel}","templated":true}]}}