{"id":160062,"date":"2026-07-30T21:04:42","date_gmt":"2026-07-31T00:04:42","guid":{"rendered":"https:\/\/ubirataonline.com.br\/puppy-pilates-e-adocao-de-cachorros-unem-bem-estar-e-causa-social-em-evento-inedito-no-centro-civico\/"},"modified":"2026-07-30T21:04:42","modified_gmt":"2026-07-31T00:04:42","slug":"puppy-pilates-e-adocao-de-cachorros-unem-bem-estar-e-causa-social-em-evento-inedito-no-centro-civico","status":"publish","type":"post","link":"https:\/\/ubirataonline.com.br\/en\/puppy-pilates-e-adocao-de-cachorros-unem-bem-estar-e-causa-social-em-evento-inedito-no-centro-civico\/","title":{"rendered":"Puppy Pilates e ado\u00e7\u00e3o de cachorros unem bem-estar e causa social em evento in\u00e9dito no Centro C\u00edvico"},"content":{"rendered":"<h2>Uma experi\u00eancia imersiva que combina a pr\u00e1tica de exerc\u00edcios f\u00edsicos com a causa animal, promovendo sa\u00fade integral e transforma\u00e7\u00e3o social no cora\u00e7\u00e3o de Curitiba.<\/h2>\n<p>O \u00faltimo domingo foi marcado por um evento diferenciado que transformou o Centro C\u00edvico em um polo de <b>bem-estar, sa\u00fade e ado\u00e7\u00e3o de cachorros<\/b>. A iniciativa buscou integrar o movimento corporal com a responsabilidade social.<\/p>\n<p>O encontro foi idealizado para oferecer mais do que lazer aos participantes, funcionando como uma ferramenta de conscientiza\u00e7\u00e3o. A proposta destacou como o cuidado com o corpo e a mente pode caminhar lado a lado com a causa animal.<\/p>\n<p>Conforme informa\u00e7\u00f5es divulgadas pela Dreamis Incorporadora, o evento reuniu parceiros estrat\u00e9gicos para promover uma vis\u00e3o integrada sobre o que significa ter qualidade de vida hoje em dia.<\/p>\n<h3>O conceito do Puppy Pilates e as ativa\u00e7\u00f5es de bem-estar<\/h3>\n<p>O ponto alto da programa\u00e7\u00e3o foi o <b>Puppy Pilates<\/b>, uma atividade que encantou os visitantes ao permitir o contato direto com animais. A modalidade foi realizada em parceria com a Track &amp; Field e a comunidade Cultiva Bem-Estar.<\/p>\n<p>Al\u00e9m do exerc\u00edcio, o p\u00fablico p\u00f4de desfrutar de diversas esta\u00e7\u00f5es de cuidado pessoal. Sess\u00f5es de <b>sound healing<\/b> com Vladimir Ovidio Salis ofereceram momentos de relaxamento profundo atrav\u00e9s de frequ\u00eancias sonoras espec\u00edficas.<\/p>\n<p>O evento tamb\u00e9m contou com esta\u00e7\u00f5es dedicadas ao cuidado com a pele e maquiagem profissional. O ambiente foi embalado pelo som da DJ Sabrina Bybii, que garantiu uma atmosfera leve e acolhedora durante todo o dia.<\/p>\n<h3>Impacto social e o papel da ado\u00e7\u00e3o respons\u00e1vel<\/h3>\n<p>O cora\u00e7\u00e3o do evento foi a presen\u00e7a da <b>Associa\u00e7\u00e3o Adote um Vira-lata<\/b>. O objetivo principal foi conectar c\u00e3es resgatados a potenciais tutores, facilitando o processo de ado\u00e7\u00e3o respons\u00e1vel por meio de preenchimento de fichas no local.<\/p>\n<p>Segundo Daniel Pizzatto, diretor executivo da Dreamis, a iniciativa reflete uma convic\u00e7\u00e3o profunda sobre a responsabilidade corporativa. Ele afirma que o bem-estar n\u00e3o \u00e9 isolado e integra sa\u00fade f\u00edsica, mental e emocional.<\/p>\n<p>A converg\u00eancia de marcas de nutri\u00e7\u00e3o saud\u00e1vel, como Moka Clube e Matcha Atelier BR, refor\u00e7ou que o evento buscou oferecer uma experi\u00eancia completa, unindo nutri\u00e7\u00e3o, movimento e prop\u00f3sito social.<\/p>\n<h3>Sinergia entre espa\u00e7os e valores de vida<\/h3>\n<p>A escolha da Casa Dreamis e do decorado do Tau\u00e1 como palco n\u00e3o foi por acaso. O empreendimento, que ser\u00e1 lan\u00e7ado em 2025 no Juvev\u00ea, foi projetado com \u00e1reas pensadas para a contempla\u00e7\u00e3o e o movimento.<\/p>\n<p>A ideia \u00e9 que os espa\u00e7os comuns dos futuros moradores estimulem a mesma integra\u00e7\u00e3o vista no evento. A proposta \u00e9 materializar, desde a constru\u00e7\u00e3o, a vis\u00e3o de que o lar deve ser um ambiente de conex\u00e3o.<\/p>\n<p>A parceria entre diferentes empresas demonstrou que, quando h\u00e1 alinhamento de prop\u00f3sitos, \u00e9 poss\u00edvel realizar a\u00e7\u00f5es que geram um impacto positivo real na comunidade local e na vida dos animais.<\/p>\n<h3>Perguntas Frequentes sobre o evento<\/h3>\n<p><b>O que \u00e9 o Puppy Pilates?<\/b> \u00c9 uma modalidade de exerc\u00edcio que incorpora a presen\u00e7a de filhotes, promovendo intera\u00e7\u00e3o e relaxamento durante a pr\u00e1tica f\u00edsica.<\/p>\n<p><b>Qual a import\u00e2ncia da ado\u00e7\u00e3o respons\u00e1vel em eventos assim?<\/b> O evento facilita o encontro entre animais resgatados e fam\u00edlias, garantindo que o processo de ado\u00e7\u00e3o seja consciente e seguro.<\/p>\n<p><b>Quais marcas participaram da a\u00e7\u00e3o?<\/b> O evento contou com nomes como Track &amp; Field, Kapazi, Dreamis, Korres, Servopa e diversos parceiros do setor de alimenta\u00e7\u00e3o saud\u00e1vel.<\/p>\n<p><b>O evento ter\u00e1 outras edi\u00e7\u00f5es?<\/b> A proposta de integrar bem-estar e responsabilidade social faz parte da vis\u00e3o da Dreamis, que busca promover a\u00e7\u00f5es de impacto cont\u00ednuo.<\/p>\n<p><b>Como posso adotar um animal caso n\u00e3o tenha participado?<\/b> Voc\u00ea pode entrar em contato diretamente com a Associa\u00e7\u00e3o Adote um Vira-lata, que realiza o trabalho de intermedia\u00e7\u00e3o de ado\u00e7\u00f5es durante todo o ano.<\/p>","protected":false},"excerpt":{"rendered":"<p>Uma experi\u00eancia imersiva que combina a pr\u00e1tica de exerc\u00edcios f\u00edsicos com a causa animal, promovendo sa\u00fade integral e transforma\u00e7\u00e3o social no cora\u00e7\u00e3o de Curitiba. O \u00faltimo domingo foi marcado por um evento diferenciado que transformou o Centro C\u00edvico em um polo de bem-estar, sa\u00fade e ado\u00e7\u00e3o de cachorros. A iniciativa buscou integrar o movimento corporal [&hellip;]<\/p>\n","protected":false},"author":1,"featured_media":160063,"comment_status":"","ping_status":"","sticky":false,"template":"","format":"standard","meta":{"googlesitekit_rrm_CAow2JLhCw:productID":"","_gspb_post_css":"","maa_idioma":"","maa_pais":"","footnotes":""},"categories":[15],"tags":[],"class_list":["post-160062","post","type-post","status-publish","format-standard","has-post-thumbnail","hentry","category-variedades"],"blocksy_meta":[],"yoast_head":"<!-- This site is optimized with the Yoast SEO Premium plugin v27.6 (Yoast SEO v27.6) - https:\/\/yoast.com\/product\/yoast-seo-premium-wordpress\/ -->\n<title>Puppy Pilates e ado\u00e7\u00e3o de cachorros unem bem-estar e causa social em evento in\u00e9dito no Centro C\u00edvico - Ubirat\u00e3 Online Not\u00edcias - A realidade ao seu alcance!<\/title>\n<meta name=\"description\" content=\"Uma experi\u00eancia imersiva que combina a pr\u00e1tica de exerc\u00edcios f\u00edsicos com a causa animal, promovendo sa\u00fade integral e transforma\u00e7\u00e3o social no cora\u00e7\u00e3o de\" \/>\n<meta name=\"robots\" content=\"index, follow, max-snippet:-1, max-image-preview:large, max-video-preview:-1\" \/>\n<link rel=\"canonical\" href=\"https:\/\/ubirataonline.com.br\/en\/puppy-pilates-e-adocao-de-cachorros-unem-bem-estar-e-causa-social-em-evento-inedito-no-centro-civico\/\" \/>\n<meta property=\"og:locale\" content=\"en_US\" \/>\n<meta property=\"og:type\" content=\"article\" \/>\n<meta property=\"og:title\" content=\"Puppy Pilates e ado\u00e7\u00e3o de cachorros unem bem-estar e causa social em evento in\u00e9dito no Centro C\u00edvico\" \/>\n<meta property=\"og:description\" content=\"Uma experi\u00eancia imersiva que combina a pr\u00e1tica de exerc\u00edcios f\u00edsicos com a causa animal, promovendo sa\u00fade integral e transforma\u00e7\u00e3o social no cora\u00e7\u00e3o de\" \/>\n<meta property=\"og:url\" content=\"https:\/\/ubirataonline.com.br\/en\/puppy-pilates-e-adocao-de-cachorros-unem-bem-estar-e-causa-social-em-evento-inedito-no-centro-civico\/\" \/>\n<meta property=\"og:site_name\" content=\"Ubirat\u00e3 Online Not\u00edcias - A realidade ao seu alcance!\" \/>\n<meta property=\"article:publisher\" content=\"https:\/\/www.facebook.com\/portalubirataonline\" \/>\n<meta property=\"article:author\" content=\"https:\/\/www.facebook.com\/portalubirataonline\" \/>\n<meta property=\"article:published_time\" content=\"2026-07-31T00:04:42+00:00\" \/>\n<meta property=\"og:image\" content=\"https:\/\/ubirataonline.com.br\/wp-content\/uploads\/2026\/05\/logo2026.webp\" \/>\n\t<meta property=\"og:image:width\" content=\"1531\" \/>\n\t<meta property=\"og:image:height\" content=\"418\" \/>\n\t<meta property=\"og:image:type\" content=\"image\/webp\" \/>\n<meta name=\"author\" content=\"REDA\u00c7\u00c3O: UBIRAT\u00c3 ONLINE - F\u00c1BIO AUGUSTO CELESTINO\" \/>\n<meta name=\"twitter:card\" content=\"summary_large_image\" \/>\n<meta name=\"twitter:creator\" content=\"@x.com\/ubirataonline\" \/>\n<meta name=\"twitter:site\" content=\"@ubirataonline\" \/>\n<meta name=\"twitter:label1\" content=\"Written by\" \/>\n\t<meta name=\"twitter:data1\" content=\"REDA\u00c7\u00c3O: UBIRAT\u00c3 ONLINE - F\u00c1BIO AUGUSTO CELESTINO\" \/>\n\t<meta name=\"twitter:label2\" content=\"Est. reading time\" \/>\n\t<meta name=\"twitter:data2\" content=\"3 minutes\" \/>\n<script type=\"application\/ld+json\" class=\"yoast-schema-graph\">{\"@context\":\"https:\\\/\\\/schema.org\",\"@graph\":[{\"@type\":\"NewsArticle\",\"@id\":\"https:\\\/\\\/ubirataonline.com.br\\\/puppy-pilates-e-adocao-de-cachorros-unem-bem-estar-e-causa-social-em-evento-inedito-no-centro-civico\\\/#article\",\"isPartOf\":{\"@id\":\"https:\\\/\\\/ubirataonline.com.br\\\/puppy-pilates-e-adocao-de-cachorros-unem-bem-estar-e-causa-social-em-evento-inedito-no-centro-civico\\\/\"},\"author\":{\"name\":\"REDA\u00c7\u00c3O: UBIRAT\u00c3 ONLINE - F\u00c1BIO AUGUSTO CELESTINO\",\"@id\":\"https:\\\/\\\/ubirataonline.com.br\\\/#\\\/schema\\\/person\\\/372f87bbd3fdd79b8556b84c98d0bc1c\"},\"headline\":\"Puppy Pilates e ado\u00e7\u00e3o de cachorros unem bem-estar e causa social em evento in\u00e9dito no Centro C\u00edvico\",\"datePublished\":\"2026-07-31T00:04:42+00:00\",\"mainEntityOfPage\":{\"@id\":\"https:\\\/\\\/ubirataonline.com.br\\\/puppy-pilates-e-adocao-de-cachorros-unem-bem-estar-e-causa-social-em-evento-inedito-no-centro-civico\\\/\"},\"wordCount\":690,\"publisher\":{\"@id\":\"https:\\\/\\\/ubirataonline.com.br\\\/#organization\"},\"image\":{\"@id\":\"https:\\\/\\\/ubirataonline.com.br\\\/puppy-pilates-e-adocao-de-cachorros-unem-bem-estar-e-causa-social-em-evento-inedito-no-centro-civico\\\/#primaryimage\"},\"thumbnailUrl\":\"https:\\\/\\\/ubirataonline.com.br\\\/wp-content\\\/uploads\\\/2026\\\/07\\\/news-160062-1785456284.avif\",\"articleSection\":[\"Variedades\"],\"inLanguage\":\"en-US\",\"copyrightYear\":\"2026\",\"copyrightHolder\":{\"@id\":\"https:\\\/\\\/ubirataonline.com.br\\\/en\\\/#organization\"}},{\"@type\":\"WebPage\",\"@id\":\"https:\\\/\\\/ubirataonline.com.br\\\/puppy-pilates-e-adocao-de-cachorros-unem-bem-estar-e-causa-social-em-evento-inedito-no-centro-civico\\\/\",\"url\":\"https:\\\/\\\/ubirataonline.com.br\\\/puppy-pilates-e-adocao-de-cachorros-unem-bem-estar-e-causa-social-em-evento-inedito-no-centro-civico\\\/\",\"name\":\"Puppy Pilates e ado\u00e7\u00e3o de cachorros unem bem-estar e causa social em evento in\u00e9dito no Centro C\u00edvico - Ubirat\u00e3 Online Not\u00edcias - A realidade ao seu alcance!\",\"isPartOf\":{\"@id\":\"https:\\\/\\\/ubirataonline.com.br\\\/#website\"},\"primaryImageOfPage\":{\"@id\":\"https:\\\/\\\/ubirataonline.com.br\\\/puppy-pilates-e-adocao-de-cachorros-unem-bem-estar-e-causa-social-em-evento-inedito-no-centro-civico\\\/#primaryimage\"},\"image\":{\"@id\":\"https:\\\/\\\/ubirataonline.com.br\\\/puppy-pilates-e-adocao-de-cachorros-unem-bem-estar-e-causa-social-em-evento-inedito-no-centro-civico\\\/#primaryimage\"},\"thumbnailUrl\":\"https:\\\/\\\/ubirataonline.com.br\\\/wp-content\\\/uploads\\\/2026\\\/07\\\/news-160062-1785456284.avif\",\"datePublished\":\"2026-07-31T00:04:42+00:00\",\"description\":\"Uma experi\u00eancia imersiva que combina a pr\u00e1tica de exerc\u00edcios f\u00edsicos com a causa animal, promovendo sa\u00fade integral e transforma\u00e7\u00e3o social no cora\u00e7\u00e3o de\",\"breadcrumb\":{\"@id\":\"https:\\\/\\\/ubirataonline.com.br\\\/puppy-pilates-e-adocao-de-cachorros-unem-bem-estar-e-causa-social-em-evento-inedito-no-centro-civico\\\/#breadcrumb\"},\"inLanguage\":\"en-US\",\"potentialAction\":[{\"@type\":\"ReadAction\",\"target\":[\"https:\\\/\\\/ubirataonline.com.br\\\/puppy-pilates-e-adocao-de-cachorros-unem-bem-estar-e-causa-social-em-evento-inedito-no-centro-civico\\\/\"]}]},{\"@type\":\"ImageObject\",\"inLanguage\":\"en-US\",\"@id\":\"https:\\\/\\\/ubirataonline.com.br\\\/puppy-pilates-e-adocao-de-cachorros-unem-bem-estar-e-causa-social-em-evento-inedito-no-centro-civico\\\/#primaryimage\",\"url\":\"https:\\\/\\\/ubirataonline.com.br\\\/wp-content\\\/uploads\\\/2026\\\/07\\\/news-160062-1785456284.avif\",\"contentUrl\":\"https:\\\/\\\/ubirataonline.com.br\\\/wp-content\\\/uploads\\\/2026\\\/07\\\/news-160062-1785456284.avif\",\"width\":1600,\"height\":901},{\"@type\":\"BreadcrumbList\",\"@id\":\"https:\\\/\\\/ubirataonline.com.br\\\/puppy-pilates-e-adocao-de-cachorros-unem-bem-estar-e-causa-social-em-evento-inedito-no-centro-civico\\\/#breadcrumb\",\"itemListElement\":[{\"@type\":\"ListItem\",\"position\":1,\"name\":\"In\u00edcio\",\"item\":\"https:\\\/\\\/ubirataonline.com.br\\\/\"},{\"@type\":\"ListItem\",\"position\":2,\"name\":\"Puppy Pilates e ado\u00e7\u00e3o de cachorros unem bem-estar e causa social em evento in\u00e9dito no Centro C\u00edvico\"}]},{\"@type\":\"WebSite\",\"@id\":\"https:\\\/\\\/ubirataonline.com.br\\\/#website\",\"url\":\"https:\\\/\\\/ubirataonline.com.br\\\/\",\"name\":\"Ubirat\u00e3 Online Not\u00edcias\",\"description\":\"Not\u00edcias de Ubirat\u00e3, regi\u00e3o, Brasil e mundo, com informa\u00e7\u00e3o atualizada e compromisso com o leitor.\",\"publisher\":{\"@id\":\"https:\\\/\\\/ubirataonline.com.br\\\/#organization\"},\"alternateName\":\"Ubirat\u00e3 Online\",\"potentialAction\":[{\"@type\":\"SearchAction\",\"target\":{\"@type\":\"EntryPoint\",\"urlTemplate\":\"https:\\\/\\\/ubirataonline.com.br\\\/?s={search_term_string}\"},\"query-input\":{\"@type\":\"PropertyValueSpecification\",\"valueRequired\":true,\"valueName\":\"search_term_string\"}}],\"inLanguage\":\"en-US\"},{\"@type\":[\"Organization\",\"Place\"],\"@id\":\"https:\\\/\\\/ubirataonline.com.br\\\/#organization\",\"name\":\"Ubirat\u00e3 Online Not\u00edcias\",\"alternateName\":\"Ubirat\u00e3 Online\",\"url\":\"https:\\\/\\\/ubirataonline.com.br\\\/\",\"logo\":{\"@id\":\"https:\\\/\\\/ubirataonline.com.br\\\/puppy-pilates-e-adocao-de-cachorros-unem-bem-estar-e-causa-social-em-evento-inedito-no-centro-civico\\\/#local-main-organization-logo\"},\"image\":{\"@id\":\"https:\\\/\\\/ubirataonline.com.br\\\/puppy-pilates-e-adocao-de-cachorros-unem-bem-estar-e-causa-social-em-evento-inedito-no-centro-civico\\\/#local-main-organization-logo\"},\"sameAs\":[\"https:\\\/\\\/www.facebook.com\\\/portalubirataonline\",\"https:\\\/\\\/x.com\\\/ubirataonline\",\"https:\\\/\\\/mastodon.social\\\/@ubirataonline\",\"https:\\\/\\\/www.facebook.com\\\/groups\\\/311144672285604\",\"https:\\\/\\\/www.facebook.com\\\/UBTAOnline\",\"https:\\\/\\\/www.instagram.com\\\/portalubirataonline\\\/\",\"https:\\\/\\\/twitter.com\\\/ubirataonline\"],\"description\":\"Somos um portal de not\u00edcias independente, criado em 5 de janeiro de 2009, com o objetivo de informar, conectar e valorizar a nossa comunidade de Ubirat\u00e3 e toda aregi\u00e3o. Com conte\u00fado atualizado, confi\u00e1vel e relevante, o Ubirat\u00e3 Online \u00e9 o seu espa\u00e7o para ficar por dentro dos principais acontecimentos locais, regionais, Brasil, Mundo e de interesse geral. Nosso compromisso \u00e9 com a verdade, a transpar\u00eancia e o respeito ao leitor.\",\"legalName\":\"UBIRATA ONLINE NOT\u00cdCIAS\",\"foundingDate\":\"2009-01-05\",\"numberOfEmployees\":{\"@type\":\"QuantitativeValue\",\"minValue\":\"1\",\"maxValue\":\"10\"},\"publishingPrinciples\":\"https:\\\/\\\/ubirataonline.com.br\\\/faq\\\/\",\"address\":{\"@id\":\"https:\\\/\\\/ubirataonline.com.br\\\/puppy-pilates-e-adocao-de-cachorros-unem-bem-estar-e-causa-social-em-evento-inedito-no-centro-civico\\\/#local-main-place-address\"},\"geo\":{\"@type\":\"GeoCoordinates\",\"latitude\":\"-24.5361401\",\"longitude\":\"-52.9921776\"},\"telephone\":[\"+5544998308235\"],\"contactPoint\":{\"@type\":\"ContactPoint\",\"email\":\"contato@ubirataonline.com.br\"},\"openingHoursSpecification\":{\"@type\":\"OpeningHoursSpecification\",\"dayOfWeek\":[\"Monday\",\"Tuesday\",\"Wednesday\",\"Thursday\",\"Friday\",\"Saturday\",\"Sunday\"],\"opens\":\"00:00\",\"closes\":\"23:59\"},\"email\":\"contato@ubirataonline.com.br\",\"vatID\":\"47.621.418\\\/0001-80\"},{\"@type\":\"Person\",\"@id\":\"https:\\\/\\\/ubirataonline.com.br\\\/#\\\/schema\\\/person\\\/372f87bbd3fdd79b8556b84c98d0bc1c\",\"name\":\"REDA\u00c7\u00c3O: UBIRAT\u00c3 ONLINE - F\u00c1BIO AUGUSTO CELESTINO\",\"pronouns\":\"Ele\",\"description\":\"Desde 2003 trabalhando com not\u00edcias.\",\"sameAs\":[\"http:\\\/\\\/ubirataoline.com.br\",\"https:\\\/\\\/www.facebook.com\\\/portalubirataonline\",\"https:\\\/\\\/www.instagram.com\\\/ubirataonline_oficial\",\"https:\\\/\\\/x.com\\\/x.com\\\/ubirataonline\"],\"honorificPrefix\":\"Mr.\",\"honorificSuffix\":\"MD\",\"birthDate\":\"1980-06-16\",\"gender\":\"masculino\",\"award\":[\"V\u00e1rios pr\u00eamios de melhor portal da cidade\"],\"jobTitle\":\"Diretor\",\"url\":\"https:\\\/\\\/ubirataonline.com.br\\\/en\\\/author\\\/ubirataonline\\\/\"},{\"@type\":\"PostalAddress\",\"@id\":\"https:\\\/\\\/ubirataonline.com.br\\\/puppy-pilates-e-adocao-de-cachorros-unem-bem-estar-e-causa-social-em-evento-inedito-no-centro-civico\\\/#local-main-place-address\",\"streetAddress\":\"Rua dos Coqueiros, 104 - Bairro Boa Vista, Rua dos Coqueiros, 104 Bairro Boa Vista\",\"addressLocality\":\"UBIRATA\",\"postalCode\":\"85440-000\",\"addressRegion\":\"PR\",\"addressCountry\":\"BR\"},{\"@type\":\"ImageObject\",\"inLanguage\":\"en-US\",\"@id\":\"https:\\\/\\\/ubirataonline.com.br\\\/puppy-pilates-e-adocao-de-cachorros-unem-bem-estar-e-causa-social-em-evento-inedito-no-centro-civico\\\/#local-main-organization-logo\",\"url\":\"https:\\\/\\\/ubirataonline.com.br\\\/wp-content\\\/uploads\\\/2026\\\/06\\\/logoubirataonline-1.webp\",\"contentUrl\":\"https:\\\/\\\/ubirataonline.com.br\\\/wp-content\\\/uploads\\\/2026\\\/06\\\/logoubirataonline-1.webp\",\"width\":500,\"height\":500,\"caption\":\"Ubirat\u00e3 Online Not\u00edcias\"}]}<\/script>\n<meta name=\"geo.placename\" content=\"UBIRATA\" \/>\n<meta name=\"geo.position\" content=\"-24.5361401;-52.9921776\" \/>\n<meta name=\"geo.region\" content=\"Brazil\" \/>\n<!-- \/ Yoast SEO Premium plugin. -->","yoast_head_json":{"title":"Puppy Pilates e ado\u00e7\u00e3o de cachorros unem bem-estar e causa social em evento in\u00e9dito no Centro C\u00edvico - Ubirat\u00e3 Online Not\u00edcias - A realidade ao seu alcance!","description":"Uma experi\u00eancia imersiva que combina a pr\u00e1tica de exerc\u00edcios f\u00edsicos com a causa animal, promovendo sa\u00fade integral e transforma\u00e7\u00e3o social no cora\u00e7\u00e3o de","robots":{"index":"index","follow":"follow","max-snippet":"max-snippet:-1","max-image-preview":"max-image-preview:large","max-video-preview":"max-video-preview:-1"},"canonical":"https:\/\/ubirataonline.com.br\/en\/puppy-pilates-e-adocao-de-cachorros-unem-bem-estar-e-causa-social-em-evento-inedito-no-centro-civico\/","og_locale":"en_US","og_type":"article","og_title":"Puppy Pilates e ado\u00e7\u00e3o de cachorros unem bem-estar e causa social em evento in\u00e9dito no Centro C\u00edvico","og_description":"Uma experi\u00eancia imersiva que combina a pr\u00e1tica de exerc\u00edcios f\u00edsicos com a causa animal, promovendo sa\u00fade integral e transforma\u00e7\u00e3o social no cora\u00e7\u00e3o de","og_url":"https:\/\/ubirataonline.com.br\/en\/puppy-pilates-e-adocao-de-cachorros-unem-bem-estar-e-causa-social-em-evento-inedito-no-centro-civico\/","og_site_name":"Ubirat\u00e3 Online Not\u00edcias - A realidade ao seu alcance!","article_publisher":"https:\/\/www.facebook.com\/portalubirataonline","article_author":"https:\/\/www.facebook.com\/portalubirataonline","article_published_time":"2026-07-31T00:04:42+00:00","og_image":[{"width":1531,"height":418,"url":"https:\/\/ubirataonline.com.br\/wp-content\/uploads\/2026\/05\/logo2026.webp","type":"image\/webp"}],"author":"REDA\u00c7\u00c3O: UBIRAT\u00c3 ONLINE - F\u00c1BIO AUGUSTO CELESTINO","twitter_card":"summary_large_image","twitter_creator":"@x.com\/ubirataonline","twitter_site":"@ubirataonline","twitter_misc":{"Written by":"REDA\u00c7\u00c3O: UBIRAT\u00c3 ONLINE - F\u00c1BIO AUGUSTO CELESTINO","Est. reading time":"3 minutes"},"schema":{"@context":"https:\/\/schema.org","@graph":[{"@type":"NewsArticle","@id":"https:\/\/ubirataonline.com.br\/puppy-pilates-e-adocao-de-cachorros-unem-bem-estar-e-causa-social-em-evento-inedito-no-centro-civico\/#article","isPartOf":{"@id":"https:\/\/ubirataonline.com.br\/puppy-pilates-e-adocao-de-cachorros-unem-bem-estar-e-causa-social-em-evento-inedito-no-centro-civico\/"},"author":{"name":"REDA\u00c7\u00c3O: UBIRAT\u00c3 ONLINE - F\u00c1BIO AUGUSTO CELESTINO","@id":"https:\/\/ubirataonline.com.br\/#\/schema\/person\/372f87bbd3fdd79b8556b84c98d0bc1c"},"headline":"Puppy Pilates e ado\u00e7\u00e3o de cachorros unem bem-estar e causa social em evento in\u00e9dito no Centro C\u00edvico","datePublished":"2026-07-31T00:04:42+00:00","mainEntityOfPage":{"@id":"https:\/\/ubirataonline.com.br\/puppy-pilates-e-adocao-de-cachorros-unem-bem-estar-e-causa-social-em-evento-inedito-no-centro-civico\/"},"wordCount":690,"publisher":{"@id":"https:\/\/ubirataonline.com.br\/#organization"},"image":{"@id":"https:\/\/ubirataonline.com.br\/puppy-pilates-e-adocao-de-cachorros-unem-bem-estar-e-causa-social-em-evento-inedito-no-centro-civico\/#primaryimage"},"thumbnailUrl":"https:\/\/ubirataonline.com.br\/wp-content\/uploads\/2026\/07\/news-160062-1785456284.avif","articleSection":["Variedades"],"inLanguage":"en-US","copyrightYear":"2026","copyrightHolder":{"@id":"https:\/\/ubirataonline.com.br\/en\/#organization"}},{"@type":"WebPage","@id":"https:\/\/ubirataonline.com.br\/puppy-pilates-e-adocao-de-cachorros-unem-bem-estar-e-causa-social-em-evento-inedito-no-centro-civico\/","url":"https:\/\/ubirataonline.com.br\/puppy-pilates-e-adocao-de-cachorros-unem-bem-estar-e-causa-social-em-evento-inedito-no-centro-civico\/","name":"Puppy Pilates e ado\u00e7\u00e3o de cachorros unem bem-estar e causa social em evento in\u00e9dito no Centro C\u00edvico - Ubirat\u00e3 Online Not\u00edcias - A realidade ao seu alcance!","isPartOf":{"@id":"https:\/\/ubirataonline.com.br\/#website"},"primaryImageOfPage":{"@id":"https:\/\/ubirataonline.com.br\/puppy-pilates-e-adocao-de-cachorros-unem-bem-estar-e-causa-social-em-evento-inedito-no-centro-civico\/#primaryimage"},"image":{"@id":"https:\/\/ubirataonline.com.br\/puppy-pilates-e-adocao-de-cachorros-unem-bem-estar-e-causa-social-em-evento-inedito-no-centro-civico\/#primaryimage"},"thumbnailUrl":"https:\/\/ubirataonline.com.br\/wp-content\/uploads\/2026\/07\/news-160062-1785456284.avif","datePublished":"2026-07-31T00:04:42+00:00","description":"Uma experi\u00eancia imersiva que combina a pr\u00e1tica de exerc\u00edcios f\u00edsicos com a causa animal, promovendo sa\u00fade integral e transforma\u00e7\u00e3o social no cora\u00e7\u00e3o de","breadcrumb":{"@id":"https:\/\/ubirataonline.com.br\/puppy-pilates-e-adocao-de-cachorros-unem-bem-estar-e-causa-social-em-evento-inedito-no-centro-civico\/#breadcrumb"},"inLanguage":"en-US","potentialAction":[{"@type":"ReadAction","target":["https:\/\/ubirataonline.com.br\/puppy-pilates-e-adocao-de-cachorros-unem-bem-estar-e-causa-social-em-evento-inedito-no-centro-civico\/"]}]},{"@type":"ImageObject","inLanguage":"en-US","@id":"https:\/\/ubirataonline.com.br\/puppy-pilates-e-adocao-de-cachorros-unem-bem-estar-e-causa-social-em-evento-inedito-no-centro-civico\/#primaryimage","url":"https:\/\/ubirataonline.com.br\/wp-content\/uploads\/2026\/07\/news-160062-1785456284.avif","contentUrl":"https:\/\/ubirataonline.com.br\/wp-content\/uploads\/2026\/07\/news-160062-1785456284.avif","width":1600,"height":901},{"@type":"BreadcrumbList","@id":"https:\/\/ubirataonline.com.br\/puppy-pilates-e-adocao-de-cachorros-unem-bem-estar-e-causa-social-em-evento-inedito-no-centro-civico\/#breadcrumb","itemListElement":[{"@type":"ListItem","position":1,"name":"In\u00edcio","item":"https:\/\/ubirataonline.com.br\/"},{"@type":"ListItem","position":2,"name":"Puppy Pilates e ado\u00e7\u00e3o de cachorros unem bem-estar e causa social em evento in\u00e9dito no Centro C\u00edvico"}]},{"@type":"WebSite","@id":"https:\/\/ubirataonline.com.br\/#website","url":"https:\/\/ubirataonline.com.br\/","name":"Ubirat\u00e3 Online Not\u00edcias","description":"Not\u00edcias de Ubirat\u00e3, regi\u00e3o, Brasil e mundo, com informa\u00e7\u00e3o atualizada e compromisso com o leitor.","publisher":{"@id":"https:\/\/ubirataonline.com.br\/#organization"},"alternateName":"Ubirat\u00e3 Online","potentialAction":[{"@type":"SearchAction","target":{"@type":"EntryPoint","urlTemplate":"https:\/\/ubirataonline.com.br\/?s={search_term_string}"},"query-input":{"@type":"PropertyValueSpecification","valueRequired":true,"valueName":"search_term_string"}}],"inLanguage":"en-US"},{"@type":["Organization","Place"],"@id":"https:\/\/ubirataonline.com.br\/#organization","name":"Ubirat\u00e3 Online Not\u00edcias","alternateName":"Ubirat\u00e3 Online","url":"https:\/\/ubirataonline.com.br\/","logo":{"@id":"https:\/\/ubirataonline.com.br\/puppy-pilates-e-adocao-de-cachorros-unem-bem-estar-e-causa-social-em-evento-inedito-no-centro-civico\/#local-main-organization-logo"},"image":{"@id":"https:\/\/ubirataonline.com.br\/puppy-pilates-e-adocao-de-cachorros-unem-bem-estar-e-causa-social-em-evento-inedito-no-centro-civico\/#local-main-organization-logo"},"sameAs":["https:\/\/www.facebook.com\/portalubirataonline","https:\/\/x.com\/ubirataonline","https:\/\/mastodon.social\/@ubirataonline","https:\/\/www.facebook.com\/groups\/311144672285604","https:\/\/www.facebook.com\/UBTAOnline","https:\/\/www.instagram.com\/portalubirataonline\/","https:\/\/twitter.com\/ubirataonline"],"description":"Somos um portal de not\u00edcias independente, criado em 5 de janeiro de 2009, com o objetivo de informar, conectar e valorizar a nossa comunidade de Ubirat\u00e3 e toda aregi\u00e3o. Com conte\u00fado atualizado, confi\u00e1vel e relevante, o Ubirat\u00e3 Online \u00e9 o seu espa\u00e7o para ficar por dentro dos principais acontecimentos locais, regionais, Brasil, Mundo e de interesse geral. Nosso compromisso \u00e9 com a verdade, a transpar\u00eancia e o respeito ao leitor.","legalName":"UBIRATA ONLINE NOT\u00cdCIAS","foundingDate":"2009-01-05","numberOfEmployees":{"@type":"QuantitativeValue","minValue":"1","maxValue":"10"},"publishingPrinciples":"https:\/\/ubirataonline.com.br\/faq\/","address":{"@id":"https:\/\/ubirataonline.com.br\/puppy-pilates-e-adocao-de-cachorros-unem-bem-estar-e-causa-social-em-evento-inedito-no-centro-civico\/#local-main-place-address"},"geo":{"@type":"GeoCoordinates","latitude":"-24.5361401","longitude":"-52.9921776"},"telephone":["+5544998308235"],"contactPoint":{"@type":"ContactPoint","email":"contato@ubirataonline.com.br"},"openingHoursSpecification":{"@type":"OpeningHoursSpecification","dayOfWeek":["Monday","Tuesday","Wednesday","Thursday","Friday","Saturday","Sunday"],"opens":"00:00","closes":"23:59"},"email":"contato@ubirataonline.com.br","vatID":"47.621.418\/0001-80"},{"@type":"Person","@id":"https:\/\/ubirataonline.com.br\/#\/schema\/person\/372f87bbd3fdd79b8556b84c98d0bc1c","name":"REDA\u00c7\u00c3O: UBIRAT\u00c3 ONLINE - F\u00c1BIO AUGUSTO CELESTINO","pronouns":"Ele","description":"Desde 2003 trabalhando com not\u00edcias.","sameAs":["http:\/\/ubirataoline.com.br","https:\/\/www.facebook.com\/portalubirataonline","https:\/\/www.instagram.com\/ubirataonline_oficial","https:\/\/x.com\/x.com\/ubirataonline"],"honorificPrefix":"Mr.","honorificSuffix":"MD","birthDate":"1980-06-16","gender":"masculino","award":["V\u00e1rios pr\u00eamios de melhor portal da cidade"],"jobTitle":"Diretor","url":"https:\/\/ubirataonline.com.br\/en\/author\/ubirataonline\/"},{"@type":"PostalAddress","@id":"https:\/\/ubirataonline.com.br\/puppy-pilates-e-adocao-de-cachorros-unem-bem-estar-e-causa-social-em-evento-inedito-no-centro-civico\/#local-main-place-address","streetAddress":"Rua dos Coqueiros, 104 - Bairro Boa Vista, Rua dos Coqueiros, 104 Bairro Boa Vista","addressLocality":"UBIRATA","postalCode":"85440-000","addressRegion":"PR","addressCountry":"BR"},{"@type":"ImageObject","inLanguage":"en-US","@id":"https:\/\/ubirataonline.com.br\/puppy-pilates-e-adocao-de-cachorros-unem-bem-estar-e-causa-social-em-evento-inedito-no-centro-civico\/#local-main-organization-logo","url":"https:\/\/ubirataonline.com.br\/wp-content\/uploads\/2026\/06\/logoubirataonline-1.webp","contentUrl":"https:\/\/ubirataonline.com.br\/wp-content\/uploads\/2026\/06\/logoubirataonline-1.webp","width":500,"height":500,"caption":"Ubirat\u00e3 Online Not\u00edcias"}]},"geo.placename":"UBIRATA","geo.position":{"lat":"-24.5361401","long":"-52.9921776"},"geo.region":"Brazil"},"_links":{"self":[{"href":"https:\/\/ubirataonline.com.br\/en\/wp-json\/wp\/v2\/posts\/160062","targetHints":{"allow":["GET"]}}],"collection":[{"href":"https:\/\/ubirataonline.com.br\/en\/wp-json\/wp\/v2\/posts"}],"about":[{"href":"https:\/\/ubirataonline.com.br\/en\/wp-json\/wp\/v2\/types\/post"}],"author":[{"embeddable":true,"href":"https:\/\/ubirataonline.com.br\/en\/wp-json\/wp\/v2\/users\/1"}],"replies":[{"embeddable":true,"href":"https:\/\/ubirataonline.com.br\/en\/wp-json\/wp\/v2\/comments?post=160062"}],"version-history":[{"count":0,"href":"https:\/\/ubirataonline.com.br\/en\/wp-json\/wp\/v2\/posts\/160062\/revisions"}],"wp:featuredmedia":[{"embeddable":true,"href":"https:\/\/ubirataonline.com.br\/en\/wp-json\/wp\/v2\/media\/160063"}],"wp:attachment":[{"href":"https:\/\/ubirataonline.com.br\/en\/wp-json\/wp\/v2\/media?parent=160062"}],"wp:term":[{"taxonomy":"category","embeddable":true,"href":"https:\/\/ubirataonline.com.br\/en\/wp-json\/wp\/v2\/categories?post=160062"},{"taxonomy":"post_tag","embeddable":true,"href":"https:\/\/ubirataonline.com.br\/en\/wp-json\/wp\/v2\/tags?post=160062"}],"curies":[{"name":"wp","href":"https:\/\/api.w.org\/{rel}","templated":true}]}}