{"id":161657,"date":"2026-08-04T15:22:47","date_gmt":"2026-08-04T18:22:47","guid":{"rendered":"https:\/\/ubirataonline.com.br\/olympiacos-x-nec-palpite-analise-e-noticias-04-08\/"},"modified":"2026-08-04T15:22:49","modified_gmt":"2026-08-04T18:22:49","slug":"olympiacos-x-nec-palpite-analise-e-noticias-04-08","status":"publish","type":"post","link":"https:\/\/ubirataonline.com.br\/en\/olympiacos-x-nec-palpite-analise-e-noticias-04-08\/","title":{"rendered":"Olympiacos x NEC Palpite \u2013 An\u00e1lise e not\u00edcias (04\/08)"},"content":{"rendered":"<p><\/p>\n<div>\n<p class=\"w-full text-xl text-gray-500\">Pela primeira vez em 125 anos de exist\u00eancia, o NEC Nijmegen disputa uma eliminat\u00f3ria da <a href=\"https:\/\/www.lance.com.br\/tudo-sobre\/liga-dos-campeoes\" aria-label=\"Link para Liga dos Campe\u00f5es\" class=\"font-bold break-normal hover:underline\" style=\"color:#00A021\" target=\"_blank\">Liga dos Campe\u00f5es<\/a>, e o advers\u00e1rio da estreia n\u00e3o facilita. Os holandeses visitam o Olympiacos no Est\u00e1dio Georgios Karaiskakis, em Pireu, nesta ter\u00e7a-feira, 4 de agosto, \u00e0s 15h pela terceira fase eliminat\u00f3ria.<\/p>\n<p class=\"w-full text-xl text-gray-500\">Os palpites para Olympiacos x NEC Nijmegen refletem esse desequil\u00edbrio de bagagem continental, embora o NEC traga credenciais dom\u00e9sticas de peso: terceiro lugar na Eredivisie com 59 pontos, final da Copa da Holanda e o ataque mais eficiente fora do trio PSV\/Feyenoord\/Ajax. Confira a seguir nossas an\u00e1lises e os <a href=\"https:\/\/www.lance.com.br\/sites-de-apostas\/palpites\/palpites-de-hoje-futebol.html\" aria-label=\"Link para palpites de hoje\" class=\"font-bold break-normal hover:underline\" style=\"color:#00A021\" target=\"_blank\">palpites de hoje<\/a> para os principais jogos da temporada.<\/p>\n<p><h2 class=\"font-bold text-3xl tab-m:text-xl\">Palpites para Olympiacos x NEC Nijmegen pela Liga dos Campe\u00f5es<\/h2>\n<\/p>\n<p class=\"w-full text-xl text-gray-500\">A diferen\u00e7a de n\u00edvel europeu sustenta o favoritismo do Olympiacos , que disputou dez jogos na fase de liga da Champions 2025\/26 e conquistou a Conference League de 2023\/24. Indicamos que veja as  <a href=\"https:\/\/www.lance.com.br\/sites-de-apostas\/bets-autorizadas.html\" aria-label=\"Link para casas de apostas legalizadas no Brasil\" class=\"font-bold break-normal hover:underline\" style=\"color:#00A021\" target=\"_blank\">casas de apostas legalizadas no Brasil<\/a>.<\/p>\n<div class=\"relative flex justify-center w-[80%] mx-auto tab:w-full\">\n<div class=\"tab-m:11\/12\">\n<div class=\"olynec-tip-wrap\">\n<p>&#x26bd; Olympiacos  x NEC<\/p>\n<div class=\"olynec-tip-grid\">\n<div class=\"olynec-tip-card\">\n<p>Ambas as equipes marcam<\/p>\n<ul class=\"olynec-tip-stats\">\n<li>Ambos os times marcaram em quatro dos \u00faltimos cinco jogos do Olympiacos<\/li>\n<li>Dez das \u00faltimas 11 partidas do NEC foram marcados gols dos dois lados.<\/li>\n<\/ul><\/div>\n<div class=\"olynec-tip-card\">\n<p>Resultado: vit\u00f3ria do Olympiacos <\/p>\n<ul class=\"olynec-tip-stats\">\n<li>O Olympiacos venceu como mandante tr\u00eas dos \u00faltimos quatro jogos<\/li>\n<li>No geral, s\u00e3o seis vit\u00f3rias nos \u00faltimos sete jogos do time grego<\/li>\n<\/ul><\/div>\n<div class=\"olynec-tip-card\">\n<p>Mais de 2,5 gols marcados<\/p>\n<ul class=\"olynec-tip-stats\">\n<li>Quatro dos seis amistosos do Olympiacos recentes tiveram mais de 2,5 gols<\/li>\n<li>Foram marcados mais de 2,5 gols em seis dos \u00faltimos sete embates do NEC.<\/li>\n<\/ul><\/div>\n<\/p><\/div>\n<\/div>\n<\/div>\n<\/div>\n<p><h2 class=\"font-bold text-3xl tab-m:text-xl\">An\u00e1lise da partida: experi\u00eancia europeia contra ousadia holandesa<\/h2>\n<\/p>\n<p class=\"w-full text-xl text-gray-500\">O Olympiacos encerrou a temporada 2025\/26 na segunda posi\u00e7\u00e3o da Super Liga Grega, atr\u00e1s do AEK Atenas, campe\u00e3o com 24 jogos invictos na competi\u00e7\u00e3o. A equipe de Jos\u00e9 Luis Mendilibar registrou a maior sequ\u00eancia de vit\u00f3rias da liga, com sete jogos consecutivos, e teve Ayoub El Kaabi como artilheiro do campeonato, com 18 gols.<\/p>\n<p class=\"w-full text-xl text-gray-500\">Na Champions League 2025\/26, o clube somou dez partidas na fase de liga, enfrentando advers\u00e1rios como Barcelona (derrota por 6 x 1), Real Madrid (3 x 4 em casa) e PSV Eindhoven (empate em 1 x 1). O saldo de tr\u00eas vit\u00f3rias, tr\u00eas empates e quatro derrotas garantiu o 18\u00ba lugar e a classifica\u00e7\u00e3o para os playoffs, onde o Bayer Leverkusen encerrou a campanha com um agregado de 2 x 0.<\/p>\n<p class=\"w-full text-xl text-gray-500\">A pr\u00e9-temporada 2026\/27 na Holanda e na B\u00e9lgica produziu resultados mistos. Vit\u00f3rias sobre Rak\u00f3w (2 x 1) e Fortuna Sittard (3 x 1) conviveram com derrotas para Ajax (0 x 1), Antwerp e AZ Alkmaar (2 x 3), sugerindo um time ainda em fase de integra\u00e7\u00e3o com os novos refor\u00e7os.<\/p>\n<p class=\"w-full text-xl text-gray-500\">A janela de transfer\u00eancias trouxe mudan\u00e7as significativas. A principal perda foi o goleiro Konstantinos Tzolakis, vendido ao Hull City. Para substitu\u00ed-lo, chegou Stefan Ortega, ex-Manchester City e Nottingham Forest, que viajou a Pireu no fim de julho para exames m\u00e9dicos e deve assinar contrato at\u00e9 2028.<\/p>\n<p class=\"w-full text-xl text-gray-500\">Outros refor\u00e7os vieram da rede de clubes de Evangelos Marinakis: Jota Silva e Gustavo S\u00e1 (ambos emprestados pelo Nottingham Forest), David Carmo (zagueiro, do Forest), Joel Roca (ponta-esquerda, comprado ao Girona por sete milh\u00f5es de euros) e Pablo Maffeo (lateral-direito, do Mallorca, por tr\u00eas milh\u00f5es).<\/p>\n<p class=\"w-full text-xl text-gray-500\">Christos Mouzakitis, meia de 19 anos avaliado em 25 milh\u00f5es de euros pelo Transfermarkt e cobi\u00e7ado por Manchester United e Real Madrid, segue como pe\u00e7a central do projeto.<\/p>\n<p class=\"w-full text-xl text-gray-500\">Do outro lado, o NEC Nijmegen vive o cap\u00edtulo mais relevante de sua hist\u00f3ria centen\u00e1ria. O terceiro lugar na Eredivisie 2025\/26, com 16 vit\u00f3rias, 11 empates e sete derrotas, representou o melhor desempenho do clube na primeira divis\u00e3o holandesa, \u00e0 frente de Ajax e Twente.<\/p>\n<p class=\"w-full text-xl text-gray-500\">O ataque marcou 77 gols na Eredivisie, terceiro melhor da competi\u00e7\u00e3o, atr\u00e1s do PSV (101) e do Feyenoord (70). Kodai Sano, meia japon\u00eas de 22 anos, foi o motor criativo da equipe: tr\u00eas gols, sete assist\u00eancias na temporada passada.<\/p>\n<p class=\"w-full text-xl text-gray-500\">A chegada \u00e0 final da KNVB Cup completou uma temporada transformadora, embora o desfecho tenha sido amargo. O NEC eliminou o PSV nas semifinais, mas sofreu uma goleada de 5 x 1 diante do AZ Alkmaar em De Kuip, estendendo para seis o n\u00famero de finais de copa perdidas na hist\u00f3ria do clube.<\/p>\n<p class=\"w-full text-xl text-gray-500\">A pr\u00e9-temporada trouxe resultados irregulares: goleada de 7 x 0 sobre o Al-Fayha e vit\u00f3ria por 3 x 1 contra o V-Varen Nagasaki, mas derrotas para MSV Duisburg (2 x 3), Anderlecht (2 x 3) e SV Elversberg (0 x 1). O padr\u00e3o indica um ataque funcional, mas uma defesa ainda vulner\u00e1vel fora de casa.<\/p>\n<p class=\"w-full text-xl text-gray-500\">A perda do ponta-esquerda Basar Onal, vendido ao LOSC Lille por 12,5 milh\u00f5es de euros, retirou o jogador com mais participa\u00e7\u00f5es diretas em gols pela ala ofensiva. Em contrapartida, a contrata\u00e7\u00e3o de Dusan Tadi\u0107, ex-Ajax e sele\u00e7\u00e3o s\u00e9rvia, aos 37 anos, trouxe experi\u00eancia e leitura de jogo ao setor ofensivo.<\/p>\n<p><h2 class=\"font-bold text-3xl tab-m:text-xl\">Confrontos diretos entre Olympiacos x NEC Nijmegen<\/h2>\n<\/p>\n<p class=\"w-full text-xl text-gray-500\">Olympiacos e NEC Nijmegen nunca se enfrentaram em competi\u00e7\u00f5es oficiais da UEFA. A ter\u00e7a-feira marca o primeiro confronto eliminat\u00f3rio entre os clubes.<\/p>\n<p class=\"w-full text-xl text-gray-500\">O \u00fanico precedente \u00e9 um amistoso de pr\u00e9-temporada disputado em 27 de julho de 2024, na Holanda. Gelson Martins abriu o placar aos 31 minutos e Georgios Masouras ampliou aos 36, selando a vit\u00f3ria grega por 2 x 0. Ambos os clubes utilizaram forma\u00e7\u00f5es mistas com substitui\u00e7\u00f5es ao longo do segundo tempo.<\/p>\n<p class=\"w-full text-xl text-gray-500\">A dist\u00e2ncia de dois anos e as mudan\u00e7as significativas nos elencos tornam aquele resultado pouco relevante como indicador preditivo, mas o registro confirma que as equipes j\u00e1 estiveram em campo juntas e que o Olympiacos exerceu dom\u00ednio na ocasi\u00e3o.<\/p>\n<p><h2 class=\"font-bold text-3xl tab-m:text-xl\">Not\u00edcias de Olympiacos x NEC Nijmegen<\/h2>\n<\/p>\n<p><h3 class=\"font-bold text-2xl tab-m:text-lg\">Olympiacos : desfalques e d\u00favidas<\/h3>\n<\/p>\n<p class=\"w-full text-xl text-gray-500\">O Olympiacos tem apenas um desfalque confirmado: o meia-atacante Yusuf Yaz\u0131c\u0131, que segue em recupera\u00e7\u00e3o de uma grave les\u00e3o no joelho e est\u00e1 fora desta fase da competi\u00e7\u00e3o.<\/p>\n<p class=\"w-full text-xl text-gray-500\">A principal d\u00favida est\u00e1 no gol. Ap\u00f3s a sa\u00edda de Tzolakis, o rec\u00e9m-contratado Stefan Ortega disputa posi\u00e7\u00e3o com Bal\u0161a Popovi\u0107, que participou de toda a pr\u00e9-temporada.<\/p>\n<p class=\"w-full text-xl text-gray-500\">Os refor\u00e7os Jota Silva, Gustavo S\u00e1, Joel Roca e David Carmo j\u00e1 est\u00e3o \u00e0 disposi\u00e7\u00e3o de Jos\u00e9 Luis Mendilibar, enquanto Gelson Martins e El Kaabi seguem como as principais refer\u00eancias ofensivas da equipe.<\/p>\n<p class=\"w-full text-xl text-gray-500\">No meio-campo, Mouzakitis deve formar dupla com Santiago Hezze, ambos titulares na campanha europeia da temporada passada.<\/p>\n<p class=\"w-full text-xl text-gray-500\"><strong class=\"font-bold\">Prov\u00e1vel escala\u00e7\u00e3o do Olympiacos (4-2-3-1):<\/strong> Balsa Popovic; Rodinei, David Carmo, Lorenzo Pirola e Francisco Ortega; Santiago Hezze e Christos Mouzakitis; Gelson Martins, Chiquinho e Jota Silva; Ayoub El Kaabi. <strong class=\"font-bold\">T\u00e9cnico:<\/strong> Jos\u00e9 Luis Mendilibar.<\/p>\n<p><h3 class=\"font-bold text-2xl tab-m:text-lg\">NEC Nijmegen: desfalques e d\u00favidas<\/h3>\n<\/p>\n<p class=\"w-full text-xl text-gray-500\">O NEC sofreu um rev\u00e9s de \u00faltima hora. O zagueiro Perr Schuurs, contratado como agente livre ap\u00f3s per\u00edodo sem clube, sofreu uma les\u00e3o no joelho registrada a partir de 3 de agosto e est\u00e1 fora do jogo em Pireu.<\/p>\n<p class=\"w-full text-xl text-gray-500\">A sa\u00edda de Ba\u015far \u00d6nal para o LOSC Lille abre espa\u00e7o para Clement Bischoff, ponta-esquerda dinamarqu\u00eas de 20 anos emprestado pelo Red Bull Salzburg, ou o veterano Emre Mor, que chegou do Fenerbah\u00e7e.<\/p>\n<p class=\"w-full text-xl text-gray-500\">Du\u0161an Tadi\u0107, a contrata\u00e7\u00e3o mais badalada da janela, pode estrear oficialmente pela direita. Aos 37 anos, o s\u00e9rvio acumula vasta experi\u00eancia europeia pelo Ajax e pela sele\u00e7\u00e3o da S\u00e9rvia, o que adiciona maturidade a um elenco jovem.<\/p>\n<p class=\"w-full text-xl text-gray-500\">Kodai Sano \u00e9 insubstitu\u00edvel no meio-campo e deve atuar ao lado de Darko Nejasmi\u0107, volante croata de 27 anos avaliado em quatro milh\u00f5es de euros. Tjaronn Chery, capit\u00e3o de 38 anos com 15 participa\u00e7\u00f5es diretas em gols na \u00faltima temporada, completa a linha criativa.<\/p>\n<p class=\"w-full text-xl text-gray-500\"><strong class=\"font-bold\">Prov\u00e1vel escala\u00e7\u00e3o do NEC Nijmegen (3-4-2-1):<\/strong> Gonzalo Crettaz; Philippe Sandler, Deveron Fonville e Brayann Pereira; Sami Ouaissa, Darko Nejasmi\u0107, Kodai Sano e Thomas Ouwejan; No\u00e9 Lebreton e Tjaronn Chery; Brian Linssen. <strong class=\"font-bold\">T\u00e9cnico:<\/strong> Dick Schreuder.<\/p>\n<p><h2 class=\"font-bold text-3xl tab-m:text-xl\">Destaques individuais de Olympiacos x NEC Nijmegen<\/h2>\n<\/p>\n<div class=\"relative flex justify-center w-[80%] mx-auto tab:w-full\">\n<div class=\"tab-m:11\/12\">\n<div class=\"olinec-sp olinec-home\">\n<p>Jogador destaque \u00b7 Olympiacos <\/p>\n<p>Gelson Martins<\/p>\n<p>Ponta-direita \u00b7 31 anos \u00b7 Olympiacos <\/p>\n<div class=\"olinec-sp-grid\">\n<div class=\"olinec-sp-stat\">\n<p>3<\/p>\n<p>Gols na fase de liga da Champions League 2025\/26, artilheiro do Olympiacos na competi\u00e7\u00e3o europeia (WhoScored)<\/p>\n<\/div>\n<div class=\"olinec-sp-stat\">\n<p>6.84<\/p>\n<p>Nota m\u00e9dia no WhoScored em nove partidas da Champions League 2025\/26, a segunda melhor do elenco<\/p>\n<\/div>\n<div class=\"olinec-sp-stat\">\n<p>2.4<\/p>\n<p>Finaliza\u00e7\u00f5es por jogo na Champions 2025\/26, o maior volume ofensivo individual do Olympiacos (WhoScored)<\/p>\n<\/div>\n<div class=\"olinec-sp-stat\">\n<p>83.2%<\/p>\n<p>Precis\u00e3o de passes em nove jogos da fase de liga europeia, segundo dados do WhoScored<\/p>\n<\/div><\/div>\n<\/div>\n<div class=\"olinec-sp olinec-away\">\n<p>Jogador destaque \u00b7 NEC Nijmegen<\/p>\n<p>Kodai Sano<\/p>\n<p>Meia central \u00b7 22 anos \u00b7 NEC Nijmegen<\/p>\n<div class=\"olinec-sp-grid\">\n<div class=\"olinec-sp-stat\">\n<p>7.54<\/p>\n<p>Nota m\u00e9dia no FotMob na Eredivisie 2025\/26, a mais alta do elenco ao longo da temporada completa<\/p>\n<\/div>\n<div class=\"olinec-sp-stat\">\n<p>7<\/p>\n<p>Assist\u00eancias na Eredivisie 2025\/26 em 34 rodadas, atuando como titular em todas as partidas (FotMob)<\/p>\n<\/div>\n<div class=\"olinec-sp-stat\">\n<p>3.060<\/p>\n<p>Minutos disputados na Eredivisie 2025\/26, o jogador de campo mais utilizado por Dick Schreuder (FotMob)<\/p>\n<\/div>\n<div class=\"olinec-sp-stat\">\n<p>\u20ac12M<\/p>\n<p>Valor de mercado atual no Transfermarkt, o mais alto do elenco do NEC Nijmegen na temporada<\/p>\n<\/div><\/div>\n<\/div>\n<\/div>\n<\/div>\n<p><h2 class=\"font-bold text-3xl tab-m:text-xl\">Os t\u00e9cnicos: t\u00edtulos europeus contra a revolu\u00e7\u00e3o holandesa no duelo<\/h2>\n<\/p>\n<p><h3 class=\"font-bold text-2xl tab-m:text-lg\">Jos\u00e9 Luis Mendilibar<\/h3>\n<\/p>\n<p class=\"w-full text-xl text-gray-500\">Jos\u00e9 Luis Mendilibar, de 65 anos, assumiu o Olympiacos  em fevereiro de 2024 e transformou o clube em poucas semanas. Ainda naquela temporada, conduziu a equipe \u00e0 conquista in\u00e9dita da Conference League, vencendo a Fiorentina na final por 1 x 0 e tornando o Olympiacos o primeiro clube grego a levantar um trof\u00e9u europeu.<\/p>\n<p class=\"w-full text-xl text-gray-500\">Na temporada seguinte (2024\/25), completou a dobradinha dom\u00e9stica com Super Liga e Copa da Gr\u00e9cia, al\u00e9m da Supercopa. Antes de chegar \u00e0 Gr\u00e9cia, construiu sua reputa\u00e7\u00e3o em tr\u00eas d\u00e9cadas no futebol espanhol e ganhou proje\u00e7\u00e3o internacional ao vencer a Europa League 2022\/23 pelo Sevilla. Seu estilo de press\u00e3o alta e transi\u00e7\u00f5es r\u00e1pidas se reflete no 4-2-3-1 que utiliza como forma\u00e7\u00e3o base.<\/p>\n<p><h3 class=\"font-bold text-2xl tab-m:text-lg\">Dick Schreuder<\/h3>\n<\/p>\n<p class=\"w-full text-xl text-gray-500\">Dick Schreuder chegou ao NEC em julho de 2025, ap\u00f3s promover o PEC Zwolle de volta \u00e0 Eredivisie e levar o Castell\u00f3n \u00e0 segunda divis\u00e3o espanhola. Em sua primeira temporada completa em Nijmegen, conduziu o clube ao terceiro lugar na Eredivisie, melhor posi\u00e7\u00e3o da hist\u00f3ria do NEC, com aproveitamento de 57,8% na liga.<\/p>\n<p class=\"w-full text-xl text-gray-500\">O Opta Analyst descreveu sua filosofia como &#8220;alto risco, alta recompensa&#8221;, baseada em um 3-4-2-1 que se transforma em 3-1-5-1 na constru\u00e7\u00e3o ofensiva. A defesa concedeu 53 gols na Eredivisie, o que evidencia o custo de um sistema que prioriza dom\u00ednio territorial e avan\u00e7o agressivo dos alas.<\/p>\n<p><h2 class=\"font-bold text-3xl tab-m:text-xl\">Pr\u00e9via t\u00e1tica de Olympiacos x NEC Nijmegen<\/h2>\n<\/p>\n<p class=\"w-full text-xl text-gray-500\">Mendilibar deve manter o 4-2-3-1 com Hezze e Mouzakitis como dupla de conten\u00e7\u00e3o. Gelson Martins ocupa a ponta direita com liberdade para cortar para o centro, enquanto Chiquinho flutua atr\u00e1s de El Kaabi. Na Champions 2025\/26, o Olympiacos registrou m\u00e9dia de 42,7% de posse de bola (WhoScored), sinal de que prefere reagir \u00e0 posse advers\u00e1ria e atacar em transi\u00e7\u00e3o.<\/p>\n<p class=\"w-full text-xl text-gray-500\">O 3-4-2-1 de Schreuder busca superioridade num\u00e9rica no meio-campo. Nejasmi\u0107 e Sano formam a dupla central, os alas Ouaissa e Ouwejan sobem pela linha para criar largura, e Chery e Lebreton se posicionam entre as linhas para abastecer Ogawa. O risco aparece quando os alas sobem: nas derrotas para Anderlecht (2 x 3) e Duisburg (2 x 3), o NEC sofreu gols em contra-ataques pelos corredores desprotegidos.<\/p>\n<p class=\"w-full text-xl text-gray-500\">A principal vantagem t\u00e1tica do Olympiacos est\u00e1 na velocidade de Gelson Martins e Jota Silva pelos corredores, exatamente onde o sistema de Schreuder abre espa\u00e7o. Se Ouaissa avan\u00e7ar pela direita e perder a posse, o corredor esquerdo defensivo do NEC ficar\u00e1 vulner\u00e1vel.<\/p>\n<p class=\"w-full text-xl text-gray-500\">O NEC, por sua vez, tem na bola parada uma arma relevante. Na final da KNVB Cup, Koki Ogawa marcou de cabe\u00e7a em escanteio cobrado por Chery, e a defesa grega concedeu 16 gols em dez jogos de Champions na temporada passada, o que mostra que o Olympiacos n\u00e3o \u00e9 imune a press\u00e3o ofensiva.<\/p>\n<p><h2 class=\"font-bold text-3xl tab-m:text-xl\">Progn\u00f3stico de placar exato para Olympiacos x NEC Nijmegen<\/h2>\n<\/p>\n<p class=\"w-full text-xl text-gray-500\">O Olympiacos re\u00fane mais argumentos para vencer pela experi\u00eancia continental, pelo fator casa e pela maior qualidade do elenco. O placar de 2 a 0 surge como o cen\u00e1rio mais prov\u00e1vel, com os gregos controlando as a\u00e7\u00f5es desde o in\u00edcio. Fique ligado nas <a href=\"https:\/\/www.lance.com.br\/sites-de-apostas\/bets-autorizadas.html\" aria-label=\"Link para melhores casas de apostas do Brasil\" class=\"font-bold break-normal hover:underline\" style=\"color:#00A021\" target=\"_blank\">melhores casas de apostas do Brasil<\/a>.<\/p>\n<div class=\"relative flex justify-center w-[80%] mx-auto tab:w-full\">\n<div class=\"tab-m:11\/12\">\n<div class=\"olinec-pw\">\n<p>&#x1f3af; Palpite do Lance!<\/p>\n<p>Olympiacos 2 x 1 NEC Nijmegen<\/p>\n<div class=\"olinec-pw-card\">\n<p>O Olympiacos entra em campo com a for\u00e7a de quem enfrentou a elite europeia na fase de liga da Champions h\u00e1 poucos meses, refor\u00e7ado por contrata\u00e7\u00f5es vindas do Nottingham Forest e do futebol espanhol. O fator casa no Karaiskakis, onde a torcida grega ultrapassa regularmente os 24 mil presentes, adiciona press\u00e3o sobre um advers\u00e1rio que vive sua primeira experi\u00eancia continental neste n\u00edvel.<\/p>\n<p>O NEC carrega o m\u00e9rito do terceiro lugar na Eredivisie, mas enfrenta o salto de qualidade mais exigente de sua hist\u00f3ria sem o ponta Ba\u015far \u00d6nal (vendido ao Lille) e com o zagueiro Perr Schuurs fora por les\u00e3o no joelho. A vulnerabilidade defensiva exposta em tr\u00eas derrotas na pr\u00e9-temporada pode ser explorada pelas transi\u00e7\u00f5es r\u00e1pidas de Mendilibar.<\/p>\n<ul class=\"olinec-pw-list\">\n<li><strong>O Olympiacos registrou m\u00e9dia de apenas um gol marcado por jogo na Champions League 2025\/26<\/strong> (dez gols em dez partidas, WhoScored), indicando jogos controlados e de placar baixo neste n\u00edvel<\/li>\n<li><strong>A defesa do NEC concedeu 53 gols na Eredivisie 2025\/26<\/strong>, o pior registro entre os cinco primeiros colocados da tabela, evidenciando o custo do sistema ofensivo de Schreuder<\/li>\n<li><strong>O NEC concedeu sete gols em tr\u00eas derrotas de pr\u00e9-temporada<\/strong> (2 x 3 para Duisburg, 2 x 3 para Anderlecht e 0 x 1 para Elversberg), al\u00e9m de levar cinco gols na final da KNVB Cup contra o AZ<\/li>\n<\/ul><\/div>\n<\/div>\n<\/div>\n<\/div>\n<\/div>\n<p><a href=\"https:\/\/ubirataonline.com.br\/noticias\/\" target=\"_blank\" rel=\"noopener noreferrer\">Mais Not\u00edcias<\/a><\/p>\n<p><a href=\"https:\/\/ubirataonline.com.br\" target=\"_blank\" rel=\"noopener noreferrer\">Home Page &#8211; In\u00edcio<\/a><\/p>\n<p><a href=\"https:\/\/www.lance.com.br\/sites-de-apostas\/palpites\/olympiacos-x-nec-04-08-2026.html\">Fonte do Artigo <\/a><br \/>\nSee more: <a href=\"https:\/\/theglobaltrack.com\/\" target=\"_blank\" rel=\"noopener noreferrer\">The Global Track<\/a><\/p>\n<p><a href=\"https:\/\/corinthiames.com.br\/\" target=\"_blank\" rel=\"noopener noreferrer\">Corinthia Mes<\/a><\/p>\n","protected":false},"excerpt":{"rendered":"<p>Pela primeira vez em 125 anos de exist\u00eancia, o NEC Nijmegen disputa uma eliminat\u00f3ria da Liga dos Campe\u00f5es, e o advers\u00e1rio da estreia n\u00e3o facilita. Os holandeses visitam o Olympiacos no Est\u00e1dio Georgios Karaiskakis, em Pireu, nesta ter\u00e7a-feira, 4 de agosto, \u00e0s 15h pela terceira fase eliminat\u00f3ria. Os palpites para Olympiacos x NEC Nijmegen refletem [&hellip;]<\/p>\n","protected":false},"author":1,"featured_media":161658,"comment_status":"closed","ping_status":"","sticky":false,"template":"","format":"standard","meta":{"googlesitekit_rrm_CAow2JLhCw:productID":"","_gspb_post_css":"","maa_idioma":"","maa_pais":"","footnotes":""},"categories":[4],"tags":[6945,31075,1783,3647,5283],"class_list":["post-161657","post","type-post","status-publish","format-standard","has-post-thumbnail","hentry","category-brasil","tag-analise","tag-nec","tag-noticias","tag-olympiacos","tag-palpite"],"blocksy_meta":[],"yoast_head":"<!-- This site is optimized with the Yoast SEO Premium plugin v27.6 (Yoast SEO v27.6) - https:\/\/yoast.com\/product\/yoast-seo-premium-wordpress\/ -->\n<title>Olympiacos x NEC Palpite \u2013 An\u00e1lise e not\u00edcias (04\/08) - Ubirat\u00e3 Online Not\u00edcias - A realidade ao seu alcance!<\/title>\n<meta name=\"description\" content=\"Veja palpites e informa\u00e7\u00f5es de Olympiacos x NEC, na ter\u00e7a (4), pela Champions League, no Stadio Georgios Karaisk\u00e1ki, \u00e0s 15h.\" \/>\n<meta name=\"robots\" content=\"index, follow, max-snippet:-1, max-image-preview:large, max-video-preview:-1\" \/>\n<link rel=\"canonical\" href=\"https:\/\/ubirataonline.com.br\/en\/olympiacos-x-nec-palpite-analise-e-noticias-04-08\/\" \/>\n<meta property=\"og:locale\" content=\"en_US\" \/>\n<meta property=\"og:type\" content=\"article\" \/>\n<meta property=\"og:title\" content=\"Olympiacos x NEC Palpite \u2013 An\u00e1lise e not\u00edcias (04\/08)\" \/>\n<meta property=\"og:description\" content=\"Veja palpites e informa\u00e7\u00f5es de Olympiacos x NEC, na ter\u00e7a (4), pela Champions League, no Stadio Georgios Karaisk\u00e1ki, \u00e0s 15h.\" \/>\n<meta property=\"og:url\" content=\"https:\/\/ubirataonline.com.br\/en\/olympiacos-x-nec-palpite-analise-e-noticias-04-08\/\" \/>\n<meta property=\"og:site_name\" content=\"Ubirat\u00e3 Online Not\u00edcias - A realidade ao seu alcance!\" \/>\n<meta property=\"article:publisher\" content=\"https:\/\/www.facebook.com\/portalubirataonline\" \/>\n<meta property=\"article:author\" content=\"https:\/\/www.facebook.com\/portalubirataonline\" \/>\n<meta property=\"article:published_time\" content=\"2026-08-04T18:22:47+00:00\" \/>\n<meta property=\"article:modified_time\" content=\"2026-08-04T18:22:49+00:00\" \/>\n<meta property=\"og:image\" content=\"https:\/\/ubirataonline.com.br\/wp-content\/uploads\/2026\/08\/Olympiacos-x-NEC-Palpite-\u2013-Analise-e-noticias-0408.webp.jpeg\" \/>\n\t<meta property=\"og:image:width\" content=\"1200\" \/>\n\t<meta property=\"og:image:height\" content=\"630\" \/>\n\t<meta property=\"og:image:type\" content=\"image\/jpeg\" \/>\n<meta name=\"author\" content=\"REDA\u00c7\u00c3O: UBIRAT\u00c3 ONLINE - F\u00c1BIO AUGUSTO CELESTINO\" \/>\n<meta name=\"twitter:card\" content=\"summary_large_image\" \/>\n<meta name=\"twitter:creator\" content=\"@x.com\/ubirataonline\" \/>\n<meta name=\"twitter:site\" content=\"@ubirataonline\" \/>\n<meta name=\"twitter:label1\" content=\"Written by\" \/>\n\t<meta name=\"twitter:data1\" content=\"REDA\u00c7\u00c3O: UBIRAT\u00c3 ONLINE - F\u00c1BIO AUGUSTO CELESTINO\" \/>\n\t<meta name=\"twitter:label2\" content=\"Est. reading time\" \/>\n\t<meta name=\"twitter:data2\" content=\"11 minutes\" \/>\n<script type=\"application\/ld+json\" class=\"yoast-schema-graph\">{\"@context\":\"https:\\\/\\\/schema.org\",\"@graph\":[{\"@type\":\"NewsArticle\",\"@id\":\"https:\\\/\\\/ubirataonline.com.br\\\/olympiacos-x-nec-palpite-analise-e-noticias-04-08\\\/#article\",\"isPartOf\":{\"@id\":\"https:\\\/\\\/ubirataonline.com.br\\\/olympiacos-x-nec-palpite-analise-e-noticias-04-08\\\/\"},\"author\":{\"name\":\"REDA\u00c7\u00c3O: UBIRAT\u00c3 ONLINE - F\u00c1BIO AUGUSTO CELESTINO\",\"@id\":\"https:\\\/\\\/ubirataonline.com.br\\\/#\\\/schema\\\/person\\\/372f87bbd3fdd79b8556b84c98d0bc1c\"},\"headline\":\"Olympiacos x NEC Palpite \u2013 An\u00e1lise e not\u00edcias (04\\\/08)\",\"datePublished\":\"2026-08-04T18:22:47+00:00\",\"dateModified\":\"2026-08-04T18:22:49+00:00\",\"mainEntityOfPage\":{\"@id\":\"https:\\\/\\\/ubirataonline.com.br\\\/olympiacos-x-nec-palpite-analise-e-noticias-04-08\\\/\"},\"wordCount\":2268,\"publisher\":{\"@id\":\"https:\\\/\\\/ubirataonline.com.br\\\/#organization\"},\"image\":{\"@id\":\"https:\\\/\\\/ubirataonline.com.br\\\/olympiacos-x-nec-palpite-analise-e-noticias-04-08\\\/#primaryimage\"},\"thumbnailUrl\":\"https:\\\/\\\/ubirataonline.com.br\\\/wp-content\\\/uploads\\\/2026\\\/08\\\/Olympiacos-x-NEC-Palpite-\u2013-Analise-e-noticias-0408.webp.jpeg\",\"keywords\":[\"an\u00e1lise\",\"NEC\",\"NOT\u00cdCIAS\",\"Olympiacos\",\"Palpite\"],\"articleSection\":[\"Brasil\"],\"inLanguage\":\"en-US\",\"copyrightYear\":\"2026\",\"copyrightHolder\":{\"@id\":\"https:\\\/\\\/ubirataonline.com.br\\\/en\\\/#organization\"}},{\"@type\":\"WebPage\",\"@id\":\"https:\\\/\\\/ubirataonline.com.br\\\/olympiacos-x-nec-palpite-analise-e-noticias-04-08\\\/\",\"url\":\"https:\\\/\\\/ubirataonline.com.br\\\/olympiacos-x-nec-palpite-analise-e-noticias-04-08\\\/\",\"name\":\"Olympiacos x NEC Palpite \u2013 An\u00e1lise e not\u00edcias (04\\\/08) - Ubirat\u00e3 Online Not\u00edcias - A realidade ao seu alcance!\",\"isPartOf\":{\"@id\":\"https:\\\/\\\/ubirataonline.com.br\\\/#website\"},\"primaryImageOfPage\":{\"@id\":\"https:\\\/\\\/ubirataonline.com.br\\\/olympiacos-x-nec-palpite-analise-e-noticias-04-08\\\/#primaryimage\"},\"image\":{\"@id\":\"https:\\\/\\\/ubirataonline.com.br\\\/olympiacos-x-nec-palpite-analise-e-noticias-04-08\\\/#primaryimage\"},\"thumbnailUrl\":\"https:\\\/\\\/ubirataonline.com.br\\\/wp-content\\\/uploads\\\/2026\\\/08\\\/Olympiacos-x-NEC-Palpite-\u2013-Analise-e-noticias-0408.webp.jpeg\",\"datePublished\":\"2026-08-04T18:22:47+00:00\",\"dateModified\":\"2026-08-04T18:22:49+00:00\",\"description\":\"Veja palpites e informa\u00e7\u00f5es de Olympiacos x NEC, na ter\u00e7a (4), pela Champions League, no Stadio Georgios Karaisk\u00e1ki, \u00e0s 15h.\",\"breadcrumb\":{\"@id\":\"https:\\\/\\\/ubirataonline.com.br\\\/olympiacos-x-nec-palpite-analise-e-noticias-04-08\\\/#breadcrumb\"},\"inLanguage\":\"en-US\",\"potentialAction\":[{\"@type\":\"ReadAction\",\"target\":[\"https:\\\/\\\/ubirataonline.com.br\\\/olympiacos-x-nec-palpite-analise-e-noticias-04-08\\\/\"]}]},{\"@type\":\"ImageObject\",\"inLanguage\":\"en-US\",\"@id\":\"https:\\\/\\\/ubirataonline.com.br\\\/olympiacos-x-nec-palpite-analise-e-noticias-04-08\\\/#primaryimage\",\"url\":\"https:\\\/\\\/ubirataonline.com.br\\\/wp-content\\\/uploads\\\/2026\\\/08\\\/Olympiacos-x-NEC-Palpite-\u2013-Analise-e-noticias-0408.webp.jpeg\",\"contentUrl\":\"https:\\\/\\\/ubirataonline.com.br\\\/wp-content\\\/uploads\\\/2026\\\/08\\\/Olympiacos-x-NEC-Palpite-\u2013-Analise-e-noticias-0408.webp.jpeg\",\"width\":1200,\"height\":630,\"caption\":\"Olympiacos x NEC Palpite \u2013 An\u00e1lise e not\u00edcias (04\\\/08)\"},{\"@type\":\"BreadcrumbList\",\"@id\":\"https:\\\/\\\/ubirataonline.com.br\\\/olympiacos-x-nec-palpite-analise-e-noticias-04-08\\\/#breadcrumb\",\"itemListElement\":[{\"@type\":\"ListItem\",\"position\":1,\"name\":\"In\u00edcio\",\"item\":\"https:\\\/\\\/ubirataonline.com.br\\\/\"},{\"@type\":\"ListItem\",\"position\":2,\"name\":\"Olympiacos x NEC Palpite \u2013 An\u00e1lise e not\u00edcias (04\\\/08)\"}]},{\"@type\":\"WebSite\",\"@id\":\"https:\\\/\\\/ubirataonline.com.br\\\/#website\",\"url\":\"https:\\\/\\\/ubirataonline.com.br\\\/\",\"name\":\"Ubirat\u00e3 Online Not\u00edcias\",\"description\":\"Not\u00edcias de Ubirat\u00e3, regi\u00e3o, Brasil e mundo, com informa\u00e7\u00e3o atualizada e compromisso com o leitor.\",\"publisher\":{\"@id\":\"https:\\\/\\\/ubirataonline.com.br\\\/#organization\"},\"alternateName\":\"Ubirat\u00e3 Online\",\"potentialAction\":[{\"@type\":\"SearchAction\",\"target\":{\"@type\":\"EntryPoint\",\"urlTemplate\":\"https:\\\/\\\/ubirataonline.com.br\\\/?s={search_term_string}\"},\"query-input\":{\"@type\":\"PropertyValueSpecification\",\"valueRequired\":true,\"valueName\":\"search_term_string\"}}],\"inLanguage\":\"en-US\"},{\"@type\":[\"Organization\",\"Place\"],\"@id\":\"https:\\\/\\\/ubirataonline.com.br\\\/#organization\",\"name\":\"Ubirat\u00e3 Online Not\u00edcias\",\"alternateName\":\"Ubirat\u00e3 Online\",\"url\":\"https:\\\/\\\/ubirataonline.com.br\\\/\",\"logo\":{\"@id\":\"https:\\\/\\\/ubirataonline.com.br\\\/olympiacos-x-nec-palpite-analise-e-noticias-04-08\\\/#local-main-organization-logo\"},\"image\":{\"@id\":\"https:\\\/\\\/ubirataonline.com.br\\\/olympiacos-x-nec-palpite-analise-e-noticias-04-08\\\/#local-main-organization-logo\"},\"sameAs\":[\"https:\\\/\\\/www.facebook.com\\\/portalubirataonline\",\"https:\\\/\\\/x.com\\\/ubirataonline\",\"https:\\\/\\\/mastodon.social\\\/@ubirataonline\",\"https:\\\/\\\/www.facebook.com\\\/groups\\\/311144672285604\",\"https:\\\/\\\/www.facebook.com\\\/UBTAOnline\",\"https:\\\/\\\/www.instagram.com\\\/portalubirataonline\\\/\",\"https:\\\/\\\/twitter.com\\\/ubirataonline\"],\"description\":\"Somos um portal de not\u00edcias independente, criado em 5 de janeiro de 2009, com o objetivo de informar, conectar e valorizar a nossa comunidade de Ubirat\u00e3 e toda aregi\u00e3o. Com conte\u00fado atualizado, confi\u00e1vel e relevante, o Ubirat\u00e3 Online \u00e9 o seu espa\u00e7o para ficar por dentro dos principais acontecimentos locais, regionais, Brasil, Mundo e de interesse geral. Nosso compromisso \u00e9 com a verdade, a transpar\u00eancia e o respeito ao leitor.\",\"legalName\":\"UBIRATA ONLINE NOT\u00cdCIAS\",\"foundingDate\":\"2009-01-05\",\"numberOfEmployees\":{\"@type\":\"QuantitativeValue\",\"minValue\":\"1\",\"maxValue\":\"10\"},\"publishingPrinciples\":\"https:\\\/\\\/ubirataonline.com.br\\\/faq\\\/\",\"address\":{\"@id\":\"https:\\\/\\\/ubirataonline.com.br\\\/olympiacos-x-nec-palpite-analise-e-noticias-04-08\\\/#local-main-place-address\"},\"geo\":{\"@type\":\"GeoCoordinates\",\"latitude\":\"-24.5361401\",\"longitude\":\"-52.9921776\"},\"telephone\":[\"+5544998308235\"],\"contactPoint\":{\"@type\":\"ContactPoint\",\"email\":\"contato@ubirataonline.com.br\"},\"openingHoursSpecification\":{\"@type\":\"OpeningHoursSpecification\",\"dayOfWeek\":[\"Monday\",\"Tuesday\",\"Wednesday\",\"Thursday\",\"Friday\",\"Saturday\",\"Sunday\"],\"opens\":\"00:00\",\"closes\":\"23:59\"},\"email\":\"contato@ubirataonline.com.br\",\"vatID\":\"47.621.418\\\/0001-80\"},{\"@type\":\"Person\",\"@id\":\"https:\\\/\\\/ubirataonline.com.br\\\/#\\\/schema\\\/person\\\/372f87bbd3fdd79b8556b84c98d0bc1c\",\"name\":\"REDA\u00c7\u00c3O: UBIRAT\u00c3 ONLINE - F\u00c1BIO AUGUSTO CELESTINO\",\"pronouns\":\"Ele\",\"description\":\"Desde 2003 trabalhando com not\u00edcias.\",\"sameAs\":[\"http:\\\/\\\/ubirataoline.com.br\",\"https:\\\/\\\/www.facebook.com\\\/portalubirataonline\",\"https:\\\/\\\/www.instagram.com\\\/ubirataonline_oficial\",\"https:\\\/\\\/x.com\\\/x.com\\\/ubirataonline\"],\"honorificPrefix\":\"Mr.\",\"honorificSuffix\":\"MD\",\"birthDate\":\"1980-06-16\",\"gender\":\"masculino\",\"award\":[\"V\u00e1rios pr\u00eamios de melhor portal da cidade\"],\"jobTitle\":\"Diretor\",\"url\":\"https:\\\/\\\/ubirataonline.com.br\\\/en\\\/author\\\/ubirataonline\\\/\"},{\"@type\":\"PostalAddress\",\"@id\":\"https:\\\/\\\/ubirataonline.com.br\\\/olympiacos-x-nec-palpite-analise-e-noticias-04-08\\\/#local-main-place-address\",\"streetAddress\":\"Rua dos Coqueiros, 104 - Bairro Boa Vista, Rua dos Coqueiros, 104 Bairro Boa Vista\",\"addressLocality\":\"UBIRATA\",\"postalCode\":\"85440-000\",\"addressRegion\":\"PR\",\"addressCountry\":\"BR\"},{\"@type\":\"ImageObject\",\"inLanguage\":\"en-US\",\"@id\":\"https:\\\/\\\/ubirataonline.com.br\\\/olympiacos-x-nec-palpite-analise-e-noticias-04-08\\\/#local-main-organization-logo\",\"url\":\"https:\\\/\\\/ubirataonline.com.br\\\/wp-content\\\/uploads\\\/2026\\\/06\\\/logoubirataonline-1.webp\",\"contentUrl\":\"https:\\\/\\\/ubirataonline.com.br\\\/wp-content\\\/uploads\\\/2026\\\/06\\\/logoubirataonline-1.webp\",\"width\":500,\"height\":500,\"caption\":\"Ubirat\u00e3 Online Not\u00edcias\"}]}<\/script>\n<meta name=\"geo.placename\" content=\"UBIRATA\" \/>\n<meta name=\"geo.position\" content=\"-24.5361401;-52.9921776\" \/>\n<meta name=\"geo.region\" content=\"Brazil\" \/>\n<!-- \/ Yoast SEO Premium plugin. -->","yoast_head_json":{"title":"Olympiacos x NEC Palpite \u2013 An\u00e1lise e not\u00edcias (04\/08) - Ubirat\u00e3 Online Not\u00edcias - A realidade ao seu alcance!","description":"Veja palpites e informa\u00e7\u00f5es de Olympiacos x NEC, na ter\u00e7a (4), pela Champions League, no Stadio Georgios Karaisk\u00e1ki, \u00e0s 15h.","robots":{"index":"index","follow":"follow","max-snippet":"max-snippet:-1","max-image-preview":"max-image-preview:large","max-video-preview":"max-video-preview:-1"},"canonical":"https:\/\/ubirataonline.com.br\/en\/olympiacos-x-nec-palpite-analise-e-noticias-04-08\/","og_locale":"en_US","og_type":"article","og_title":"Olympiacos x NEC Palpite \u2013 An\u00e1lise e not\u00edcias (04\/08)","og_description":"Veja palpites e informa\u00e7\u00f5es de Olympiacos x NEC, na ter\u00e7a (4), pela Champions League, no Stadio Georgios Karaisk\u00e1ki, \u00e0s 15h.","og_url":"https:\/\/ubirataonline.com.br\/en\/olympiacos-x-nec-palpite-analise-e-noticias-04-08\/","og_site_name":"Ubirat\u00e3 Online Not\u00edcias - A realidade ao seu alcance!","article_publisher":"https:\/\/www.facebook.com\/portalubirataonline","article_author":"https:\/\/www.facebook.com\/portalubirataonline","article_published_time":"2026-08-04T18:22:47+00:00","article_modified_time":"2026-08-04T18:22:49+00:00","og_image":[{"width":1200,"height":630,"url":"https:\/\/ubirataonline.com.br\/wp-content\/uploads\/2026\/08\/Olympiacos-x-NEC-Palpite-\u2013-Analise-e-noticias-0408.webp.jpeg","type":"image\/jpeg"}],"author":"REDA\u00c7\u00c3O: UBIRAT\u00c3 ONLINE - F\u00c1BIO AUGUSTO CELESTINO","twitter_card":"summary_large_image","twitter_creator":"@x.com\/ubirataonline","twitter_site":"@ubirataonline","twitter_misc":{"Written by":"REDA\u00c7\u00c3O: UBIRAT\u00c3 ONLINE - F\u00c1BIO AUGUSTO CELESTINO","Est. reading time":"11 minutes"},"schema":{"@context":"https:\/\/schema.org","@graph":[{"@type":"NewsArticle","@id":"https:\/\/ubirataonline.com.br\/olympiacos-x-nec-palpite-analise-e-noticias-04-08\/#article","isPartOf":{"@id":"https:\/\/ubirataonline.com.br\/olympiacos-x-nec-palpite-analise-e-noticias-04-08\/"},"author":{"name":"REDA\u00c7\u00c3O: UBIRAT\u00c3 ONLINE - F\u00c1BIO AUGUSTO CELESTINO","@id":"https:\/\/ubirataonline.com.br\/#\/schema\/person\/372f87bbd3fdd79b8556b84c98d0bc1c"},"headline":"Olympiacos x NEC Palpite \u2013 An\u00e1lise e not\u00edcias (04\/08)","datePublished":"2026-08-04T18:22:47+00:00","dateModified":"2026-08-04T18:22:49+00:00","mainEntityOfPage":{"@id":"https:\/\/ubirataonline.com.br\/olympiacos-x-nec-palpite-analise-e-noticias-04-08\/"},"wordCount":2268,"publisher":{"@id":"https:\/\/ubirataonline.com.br\/#organization"},"image":{"@id":"https:\/\/ubirataonline.com.br\/olympiacos-x-nec-palpite-analise-e-noticias-04-08\/#primaryimage"},"thumbnailUrl":"https:\/\/ubirataonline.com.br\/wp-content\/uploads\/2026\/08\/Olympiacos-x-NEC-Palpite-\u2013-Analise-e-noticias-0408.webp.jpeg","keywords":["an\u00e1lise","NEC","NOT\u00cdCIAS","Olympiacos","Palpite"],"articleSection":["Brasil"],"inLanguage":"en-US","copyrightYear":"2026","copyrightHolder":{"@id":"https:\/\/ubirataonline.com.br\/en\/#organization"}},{"@type":"WebPage","@id":"https:\/\/ubirataonline.com.br\/olympiacos-x-nec-palpite-analise-e-noticias-04-08\/","url":"https:\/\/ubirataonline.com.br\/olympiacos-x-nec-palpite-analise-e-noticias-04-08\/","name":"Olympiacos x NEC Palpite \u2013 An\u00e1lise e not\u00edcias (04\/08) - Ubirat\u00e3 Online Not\u00edcias - A realidade ao seu alcance!","isPartOf":{"@id":"https:\/\/ubirataonline.com.br\/#website"},"primaryImageOfPage":{"@id":"https:\/\/ubirataonline.com.br\/olympiacos-x-nec-palpite-analise-e-noticias-04-08\/#primaryimage"},"image":{"@id":"https:\/\/ubirataonline.com.br\/olympiacos-x-nec-palpite-analise-e-noticias-04-08\/#primaryimage"},"thumbnailUrl":"https:\/\/ubirataonline.com.br\/wp-content\/uploads\/2026\/08\/Olympiacos-x-NEC-Palpite-\u2013-Analise-e-noticias-0408.webp.jpeg","datePublished":"2026-08-04T18:22:47+00:00","dateModified":"2026-08-04T18:22:49+00:00","description":"Veja palpites e informa\u00e7\u00f5es de Olympiacos x NEC, na ter\u00e7a (4), pela Champions League, no Stadio Georgios Karaisk\u00e1ki, \u00e0s 15h.","breadcrumb":{"@id":"https:\/\/ubirataonline.com.br\/olympiacos-x-nec-palpite-analise-e-noticias-04-08\/#breadcrumb"},"inLanguage":"en-US","potentialAction":[{"@type":"ReadAction","target":["https:\/\/ubirataonline.com.br\/olympiacos-x-nec-palpite-analise-e-noticias-04-08\/"]}]},{"@type":"ImageObject","inLanguage":"en-US","@id":"https:\/\/ubirataonline.com.br\/olympiacos-x-nec-palpite-analise-e-noticias-04-08\/#primaryimage","url":"https:\/\/ubirataonline.com.br\/wp-content\/uploads\/2026\/08\/Olympiacos-x-NEC-Palpite-\u2013-Analise-e-noticias-0408.webp.jpeg","contentUrl":"https:\/\/ubirataonline.com.br\/wp-content\/uploads\/2026\/08\/Olympiacos-x-NEC-Palpite-\u2013-Analise-e-noticias-0408.webp.jpeg","width":1200,"height":630,"caption":"Olympiacos x NEC Palpite \u2013 An\u00e1lise e not\u00edcias (04\/08)"},{"@type":"BreadcrumbList","@id":"https:\/\/ubirataonline.com.br\/olympiacos-x-nec-palpite-analise-e-noticias-04-08\/#breadcrumb","itemListElement":[{"@type":"ListItem","position":1,"name":"In\u00edcio","item":"https:\/\/ubirataonline.com.br\/"},{"@type":"ListItem","position":2,"name":"Olympiacos x NEC Palpite \u2013 An\u00e1lise e not\u00edcias (04\/08)"}]},{"@type":"WebSite","@id":"https:\/\/ubirataonline.com.br\/#website","url":"https:\/\/ubirataonline.com.br\/","name":"Ubirat\u00e3 Online Not\u00edcias","description":"Not\u00edcias de Ubirat\u00e3, regi\u00e3o, Brasil e mundo, com informa\u00e7\u00e3o atualizada e compromisso com o leitor.","publisher":{"@id":"https:\/\/ubirataonline.com.br\/#organization"},"alternateName":"Ubirat\u00e3 Online","potentialAction":[{"@type":"SearchAction","target":{"@type":"EntryPoint","urlTemplate":"https:\/\/ubirataonline.com.br\/?s={search_term_string}"},"query-input":{"@type":"PropertyValueSpecification","valueRequired":true,"valueName":"search_term_string"}}],"inLanguage":"en-US"},{"@type":["Organization","Place"],"@id":"https:\/\/ubirataonline.com.br\/#organization","name":"Ubirat\u00e3 Online Not\u00edcias","alternateName":"Ubirat\u00e3 Online","url":"https:\/\/ubirataonline.com.br\/","logo":{"@id":"https:\/\/ubirataonline.com.br\/olympiacos-x-nec-palpite-analise-e-noticias-04-08\/#local-main-organization-logo"},"image":{"@id":"https:\/\/ubirataonline.com.br\/olympiacos-x-nec-palpite-analise-e-noticias-04-08\/#local-main-organization-logo"},"sameAs":["https:\/\/www.facebook.com\/portalubirataonline","https:\/\/x.com\/ubirataonline","https:\/\/mastodon.social\/@ubirataonline","https:\/\/www.facebook.com\/groups\/311144672285604","https:\/\/www.facebook.com\/UBTAOnline","https:\/\/www.instagram.com\/portalubirataonline\/","https:\/\/twitter.com\/ubirataonline"],"description":"Somos um portal de not\u00edcias independente, criado em 5 de janeiro de 2009, com o objetivo de informar, conectar e valorizar a nossa comunidade de Ubirat\u00e3 e toda aregi\u00e3o. Com conte\u00fado atualizado, confi\u00e1vel e relevante, o Ubirat\u00e3 Online \u00e9 o seu espa\u00e7o para ficar por dentro dos principais acontecimentos locais, regionais, Brasil, Mundo e de interesse geral. Nosso compromisso \u00e9 com a verdade, a transpar\u00eancia e o respeito ao leitor.","legalName":"UBIRATA ONLINE NOT\u00cdCIAS","foundingDate":"2009-01-05","numberOfEmployees":{"@type":"QuantitativeValue","minValue":"1","maxValue":"10"},"publishingPrinciples":"https:\/\/ubirataonline.com.br\/faq\/","address":{"@id":"https:\/\/ubirataonline.com.br\/olympiacos-x-nec-palpite-analise-e-noticias-04-08\/#local-main-place-address"},"geo":{"@type":"GeoCoordinates","latitude":"-24.5361401","longitude":"-52.9921776"},"telephone":["+5544998308235"],"contactPoint":{"@type":"ContactPoint","email":"contato@ubirataonline.com.br"},"openingHoursSpecification":{"@type":"OpeningHoursSpecification","dayOfWeek":["Monday","Tuesday","Wednesday","Thursday","Friday","Saturday","Sunday"],"opens":"00:00","closes":"23:59"},"email":"contato@ubirataonline.com.br","vatID":"47.621.418\/0001-80"},{"@type":"Person","@id":"https:\/\/ubirataonline.com.br\/#\/schema\/person\/372f87bbd3fdd79b8556b84c98d0bc1c","name":"REDA\u00c7\u00c3O: UBIRAT\u00c3 ONLINE - F\u00c1BIO AUGUSTO CELESTINO","pronouns":"Ele","description":"Desde 2003 trabalhando com not\u00edcias.","sameAs":["http:\/\/ubirataoline.com.br","https:\/\/www.facebook.com\/portalubirataonline","https:\/\/www.instagram.com\/ubirataonline_oficial","https:\/\/x.com\/x.com\/ubirataonline"],"honorificPrefix":"Mr.","honorificSuffix":"MD","birthDate":"1980-06-16","gender":"masculino","award":["V\u00e1rios pr\u00eamios de melhor portal da cidade"],"jobTitle":"Diretor","url":"https:\/\/ubirataonline.com.br\/en\/author\/ubirataonline\/"},{"@type":"PostalAddress","@id":"https:\/\/ubirataonline.com.br\/olympiacos-x-nec-palpite-analise-e-noticias-04-08\/#local-main-place-address","streetAddress":"Rua dos Coqueiros, 104 - Bairro Boa Vista, Rua dos Coqueiros, 104 Bairro Boa Vista","addressLocality":"UBIRATA","postalCode":"85440-000","addressRegion":"PR","addressCountry":"BR"},{"@type":"ImageObject","inLanguage":"en-US","@id":"https:\/\/ubirataonline.com.br\/olympiacos-x-nec-palpite-analise-e-noticias-04-08\/#local-main-organization-logo","url":"https:\/\/ubirataonline.com.br\/wp-content\/uploads\/2026\/06\/logoubirataonline-1.webp","contentUrl":"https:\/\/ubirataonline.com.br\/wp-content\/uploads\/2026\/06\/logoubirataonline-1.webp","width":500,"height":500,"caption":"Ubirat\u00e3 Online Not\u00edcias"}]},"geo.placename":"UBIRATA","geo.position":{"lat":"-24.5361401","long":"-52.9921776"},"geo.region":"Brazil"},"_links":{"self":[{"href":"https:\/\/ubirataonline.com.br\/en\/wp-json\/wp\/v2\/posts\/161657","targetHints":{"allow":["GET"]}}],"collection":[{"href":"https:\/\/ubirataonline.com.br\/en\/wp-json\/wp\/v2\/posts"}],"about":[{"href":"https:\/\/ubirataonline.com.br\/en\/wp-json\/wp\/v2\/types\/post"}],"author":[{"embeddable":true,"href":"https:\/\/ubirataonline.com.br\/en\/wp-json\/wp\/v2\/users\/1"}],"replies":[{"embeddable":true,"href":"https:\/\/ubirataonline.com.br\/en\/wp-json\/wp\/v2\/comments?post=161657"}],"version-history":[{"count":1,"href":"https:\/\/ubirataonline.com.br\/en\/wp-json\/wp\/v2\/posts\/161657\/revisions"}],"predecessor-version":[{"id":161659,"href":"https:\/\/ubirataonline.com.br\/en\/wp-json\/wp\/v2\/posts\/161657\/revisions\/161659"}],"wp:featuredmedia":[{"embeddable":true,"href":"https:\/\/ubirataonline.com.br\/en\/wp-json\/wp\/v2\/media\/161658"}],"wp:attachment":[{"href":"https:\/\/ubirataonline.com.br\/en\/wp-json\/wp\/v2\/media?parent=161657"}],"wp:term":[{"taxonomy":"category","embeddable":true,"href":"https:\/\/ubirataonline.com.br\/en\/wp-json\/wp\/v2\/categories?post=161657"},{"taxonomy":"post_tag","embeddable":true,"href":"https:\/\/ubirataonline.com.br\/en\/wp-json\/wp\/v2\/tags?post=161657"}],"curies":[{"name":"wp","href":"https:\/\/api.w.org\/{rel}","templated":true}]}}