{"id":162093,"date":"2026-08-05T18:34:34","date_gmt":"2026-08-05T21:34:34","guid":{"rendered":"https:\/\/ubirataonline.com.br\/erro-historico-de-35-anos-e-corrigido-em-francisco-beltrao-apos-rua-com-nome-de-rubens-paiva-ser-chamada-indevidamente-de-marechal\/"},"modified":"2026-08-05T18:34:34","modified_gmt":"2026-08-05T21:34:34","slug":"erro-historico-de-35-anos-e-corrigido-em-francisco-beltrao-apos-rua-com-nome-de-rubens-paiva-ser-chamada-indevidamente-de-marechal","status":"publish","type":"post","link":"https:\/\/ubirataonline.com.br\/en\/erro-historico-de-35-anos-e-corrigido-em-francisco-beltrao-apos-rua-com-nome-de-rubens-paiva-ser-chamada-indevidamente-de-marechal\/","title":{"rendered":"Erro hist\u00f3rico de 35 anos \u00e9 corrigido em Francisco Beltr\u00e3o ap\u00f3s rua com nome de Rubens Paiva ser chamada indevidamente de Marechal"},"content":{"rendered":"<h2>A Prefeitura de Francisco Beltr\u00e3o, no Paran\u00e1, corrigiu um erro de d\u00e9cadas que atribu\u00eda incorretamente o t\u00edtulo de Marechal ao deputado Rubens Paiva.<\/h2>\n<p>Uma confus\u00e3o burocr\u00e1tica que perdurou por mais de 35 anos finalmente chegou ao fim no interior do Paran\u00e1. A via p\u00fablica, que deveria homenagear apenas o deputado federal <b>Rubens Paiva<\/b>, carregava um equ\u00edvoco que alterava sua identidade oficial.<\/p>\n<p>A hist\u00f3ria ganhou novos contornos ap\u00f3s a repercuss\u00e3o do filme <b>Ainda Estou Aqui<\/b>, obra que trouxe novamente ao debate p\u00fablico a trajet\u00f3ria de Rubens Paiva, que foi cassado, preso e morto durante o per\u00edodo da ditadura militar no Brasil.<\/p>\n<p>Conforme informa\u00e7\u00f5es divulgadas pela imprensa, o erro foi identificado ap\u00f3s uma s\u00e9rie de reportagens apontar a exist\u00eancia de diversos logradouros com o nome do deputado pelo pa\u00eds, conforme detalhado na fonte original do conte\u00fado.<\/p>\n<h3>A origem do erro na nomea\u00e7\u00e3o<\/h3>\n<p>O top\u00f3grafo Edio Riedi, respons\u00e1vel pelo pedido de nomea\u00e7\u00e3o da rua ainda nos anos 90, explicou que a inten\u00e7\u00e3o original sempre foi prestar uma justa homenagem ao deputado. Segundo ele, o processo percorreu todos os tr\u00e2mites legais da prefeitura e das secretarias da \u00e9poca.<\/p>\n<p>Edio afirma que, durante a compila\u00e7\u00e3o dos dados para a oficializa\u00e7\u00e3o, o termo <b>Marechal<\/b> foi inserido indevidamente. O autor do pedido ressalta que s\u00f3 teve conhecimento do erro crasso mais de tr\u00eas d\u00e9cadas depois, quando decidiu buscar a regulariza\u00e7\u00e3o da documenta\u00e7\u00e3o.<\/p>\n<h3>O processo de corre\u00e7\u00e3o oficial<\/h3>\n<p>Em mar\u00e7o de 2025, Edio Riedi protocolou formalmente o pedido de corre\u00e7\u00e3o junto \u00e0 administra\u00e7\u00e3o municipal de Francisco Beltr\u00e3o. A solicita\u00e7\u00e3o visava retirar o t\u00edtulo militar que nunca pertenceu a <b>Rubens Paiva<\/b>, garantindo a corre\u00e7\u00e3o hist\u00f3rica do nome da via.<\/p>\n<p>A prefeitura atendeu prontamente ao pedido e realizou a retifica\u00e7\u00e3o por meio de uma nova lei municipal. Al\u00e9m da altera\u00e7\u00e3o nos documentos oficiais, a gest\u00e3o municipal providenciou a troca f\u00edsica das placas de sinaliza\u00e7\u00e3o da rua para evitar novas confus\u00f5es.<\/p>\n<h3>Atualiza\u00e7\u00e3o nos sistemas e correios<\/h3>\n<p>Para garantir que a mudan\u00e7a fosse efetiva para os moradores, a prefeitura tamb\u00e9m encaminhou uma solicita\u00e7\u00e3o formal aos Correios. O objetivo \u00e9 que o cadastro do <b>CEP<\/b> seja atualizado o mais r\u00e1pido poss\u00edvel, refletindo o nome correto do logradouro em todo o sistema nacional.<\/p>\n<p>Essa medida \u00e9 fundamental para evitar transtornos no recebimento de correspond\u00eancias e na localiza\u00e7\u00e3o de endere\u00e7os por servi\u00e7os de entrega e navega\u00e7\u00e3o, consolidando a corre\u00e7\u00e3o administrativa realizada ap\u00f3s tantos anos de equ\u00edvoco.<\/p>\n<h3>Perguntas frequentes sobre o caso<\/h3>\n<p><b>Por que o nome da rua estava incorreto?<\/b><br \/>Houve um erro na compila\u00e7\u00e3o dos dados durante a oficializa\u00e7\u00e3o do nome nos anos 90, que incluiu indevidamente o termo Marechal ao nome de Rubens Paiva.<\/p>\n<p><b>Quem solicitou a corre\u00e7\u00e3o?<\/b><br \/>O top\u00f3grafo Edio Riedi, que foi o autor do pedido original de nomea\u00e7\u00e3o da rua, solicitou a corre\u00e7\u00e3o em mar\u00e7o de 2025.<\/p>\n<p><b>Quem foi Rubens Paiva?<\/b><br \/>Ele foi um deputado federal cassado, preso e morto pelos agentes da ditadura militar, cuja hist\u00f3ria foi recentemente revisitada pelo filme Ainda Estou Aqui.<\/p>\n<p><b>O que a prefeitura fez para corrigir?<\/b><br \/>O munic\u00edpio publicou uma nova lei, substituiu as placas de identifica\u00e7\u00e3o da via e solicitou a atualiza\u00e7\u00e3o do cadastro aos Correios.<\/p>\n<p><b>Quanto tempo o erro persistiu?<\/b><br \/>O equ\u00edvoco permaneceu por cerca de 35 anos, desde que a rua recebeu a nomenclatura original nos anos 90.<\/p>","protected":false},"excerpt":{"rendered":"<p>A Prefeitura de Francisco Beltr\u00e3o, no Paran\u00e1, corrigiu um erro de d\u00e9cadas que atribu\u00eda incorretamente o t\u00edtulo de Marechal ao deputado Rubens Paiva. Uma confus\u00e3o burocr\u00e1tica que perdurou por mais de 35 anos finalmente chegou ao fim no interior do Paran\u00e1. A via p\u00fablica, que deveria homenagear apenas o deputado federal Rubens Paiva, carregava um [&hellip;]<\/p>\n","protected":false},"author":1,"featured_media":162094,"comment_status":"","ping_status":"","sticky":false,"template":"","format":"standard","meta":{"googlesitekit_rrm_CAow2JLhCw:productID":"","_gspb_post_css":"","maa_idioma":"","maa_pais":"","footnotes":""},"categories":[15],"tags":[],"class_list":["post-162093","post","type-post","status-publish","format-standard","has-post-thumbnail","hentry","category-variedades"],"blocksy_meta":[],"yoast_head":"<!-- This site is optimized with the Yoast SEO Premium plugin v27.6 (Yoast SEO v27.6) - https:\/\/yoast.com\/product\/yoast-seo-premium-wordpress\/ -->\n<title>Erro hist\u00f3rico de 35 anos \u00e9 corrigido em Francisco Beltr\u00e3o ap\u00f3s rua com nome de Rubens Paiva ser chamada indevidamente de Marechal - Ubirat\u00e3 Online Not\u00edcias - A realidade ao seu alcance!<\/title>\n<meta name=\"description\" content=\"A Prefeitura de Francisco Beltr\u00e3o, no Paran\u00e1, corrigiu um erro de d\u00e9cadas que atribu\u00eda incorretamente o t\u00edtulo de Marechal ao deputado Rubens Paiva.Uma\" \/>\n<meta name=\"robots\" content=\"index, follow, max-snippet:-1, max-image-preview:large, max-video-preview:-1\" \/>\n<link rel=\"canonical\" href=\"https:\/\/ubirataonline.com.br\/en\/erro-historico-de-35-anos-e-corrigido-em-francisco-beltrao-apos-rua-com-nome-de-rubens-paiva-ser-chamada-indevidamente-de-marechal\/\" \/>\n<meta property=\"og:locale\" content=\"en_US\" \/>\n<meta property=\"og:type\" content=\"article\" \/>\n<meta property=\"og:title\" content=\"Erro hist\u00f3rico de 35 anos \u00e9 corrigido em Francisco Beltr\u00e3o ap\u00f3s rua com nome de Rubens Paiva ser chamada indevidamente de Marechal\" \/>\n<meta property=\"og:description\" content=\"A Prefeitura de Francisco Beltr\u00e3o, no Paran\u00e1, corrigiu um erro de d\u00e9cadas que atribu\u00eda incorretamente o t\u00edtulo de Marechal ao deputado Rubens Paiva.Uma\" \/>\n<meta property=\"og:url\" content=\"https:\/\/ubirataonline.com.br\/en\/erro-historico-de-35-anos-e-corrigido-em-francisco-beltrao-apos-rua-com-nome-de-rubens-paiva-ser-chamada-indevidamente-de-marechal\/\" \/>\n<meta property=\"og:site_name\" content=\"Ubirat\u00e3 Online Not\u00edcias - A realidade ao seu alcance!\" \/>\n<meta property=\"article:publisher\" content=\"https:\/\/www.facebook.com\/portalubirataonline\" \/>\n<meta property=\"article:author\" content=\"https:\/\/www.facebook.com\/portalubirataonline\" \/>\n<meta property=\"article:published_time\" content=\"2026-08-05T21:34:34+00:00\" \/>\n<meta property=\"og:image\" content=\"https:\/\/ubirataonline.com.br\/wp-content\/uploads\/2026\/05\/logo2026.webp\" \/>\n\t<meta property=\"og:image:width\" content=\"1531\" \/>\n\t<meta property=\"og:image:height\" content=\"418\" \/>\n\t<meta property=\"og:image:type\" content=\"image\/webp\" \/>\n<meta name=\"author\" content=\"REDA\u00c7\u00c3O: UBIRAT\u00c3 ONLINE - F\u00c1BIO AUGUSTO CELESTINO\" \/>\n<meta name=\"twitter:card\" content=\"summary_large_image\" \/>\n<meta name=\"twitter:creator\" content=\"@x.com\/ubirataonline\" \/>\n<meta name=\"twitter:site\" content=\"@ubirataonline\" \/>\n<meta name=\"twitter:label1\" content=\"Written by\" \/>\n\t<meta name=\"twitter:data1\" content=\"REDA\u00c7\u00c3O: UBIRAT\u00c3 ONLINE - F\u00c1BIO AUGUSTO CELESTINO\" \/>\n\t<meta name=\"twitter:label2\" content=\"Est. reading time\" \/>\n\t<meta name=\"twitter:data2\" content=\"3 minutes\" \/>\n<script type=\"application\/ld+json\" class=\"yoast-schema-graph\">{\"@context\":\"https:\\\/\\\/schema.org\",\"@graph\":[{\"@type\":\"NewsArticle\",\"@id\":\"https:\\\/\\\/ubirataonline.com.br\\\/erro-historico-de-35-anos-e-corrigido-em-francisco-beltrao-apos-rua-com-nome-de-rubens-paiva-ser-chamada-indevidamente-de-marechal\\\/#article\",\"isPartOf\":{\"@id\":\"https:\\\/\\\/ubirataonline.com.br\\\/erro-historico-de-35-anos-e-corrigido-em-francisco-beltrao-apos-rua-com-nome-de-rubens-paiva-ser-chamada-indevidamente-de-marechal\\\/\"},\"author\":{\"name\":\"REDA\u00c7\u00c3O: UBIRAT\u00c3 ONLINE - F\u00c1BIO AUGUSTO CELESTINO\",\"@id\":\"https:\\\/\\\/ubirataonline.com.br\\\/#\\\/schema\\\/person\\\/372f87bbd3fdd79b8556b84c98d0bc1c\"},\"headline\":\"Erro hist\u00f3rico de 35 anos \u00e9 corrigido em Francisco Beltr\u00e3o ap\u00f3s rua com nome de Rubens Paiva ser chamada indevidamente de Marechal\",\"datePublished\":\"2026-08-05T21:34:34+00:00\",\"mainEntityOfPage\":{\"@id\":\"https:\\\/\\\/ubirataonline.com.br\\\/erro-historico-de-35-anos-e-corrigido-em-francisco-beltrao-apos-rua-com-nome-de-rubens-paiva-ser-chamada-indevidamente-de-marechal\\\/\"},\"wordCount\":623,\"publisher\":{\"@id\":\"https:\\\/\\\/ubirataonline.com.br\\\/#organization\"},\"image\":{\"@id\":\"https:\\\/\\\/ubirataonline.com.br\\\/erro-historico-de-35-anos-e-corrigido-em-francisco-beltrao-apos-rua-com-nome-de-rubens-paiva-ser-chamada-indevidamente-de-marechal\\\/#primaryimage\"},\"thumbnailUrl\":\"https:\\\/\\\/ubirataonline.com.br\\\/wp-content\\\/uploads\\\/2026\\\/08\\\/news-162093-1785965675.webp\",\"articleSection\":[\"Variedades\"],\"inLanguage\":\"en-US\",\"copyrightYear\":\"2026\",\"copyrightHolder\":{\"@id\":\"https:\\\/\\\/ubirataonline.com.br\\\/en\\\/#organization\"}},{\"@type\":\"WebPage\",\"@id\":\"https:\\\/\\\/ubirataonline.com.br\\\/erro-historico-de-35-anos-e-corrigido-em-francisco-beltrao-apos-rua-com-nome-de-rubens-paiva-ser-chamada-indevidamente-de-marechal\\\/\",\"url\":\"https:\\\/\\\/ubirataonline.com.br\\\/erro-historico-de-35-anos-e-corrigido-em-francisco-beltrao-apos-rua-com-nome-de-rubens-paiva-ser-chamada-indevidamente-de-marechal\\\/\",\"name\":\"Erro hist\u00f3rico de 35 anos \u00e9 corrigido em Francisco Beltr\u00e3o ap\u00f3s rua com nome de Rubens Paiva ser chamada indevidamente de Marechal - Ubirat\u00e3 Online Not\u00edcias - A realidade ao seu alcance!\",\"isPartOf\":{\"@id\":\"https:\\\/\\\/ubirataonline.com.br\\\/#website\"},\"primaryImageOfPage\":{\"@id\":\"https:\\\/\\\/ubirataonline.com.br\\\/erro-historico-de-35-anos-e-corrigido-em-francisco-beltrao-apos-rua-com-nome-de-rubens-paiva-ser-chamada-indevidamente-de-marechal\\\/#primaryimage\"},\"image\":{\"@id\":\"https:\\\/\\\/ubirataonline.com.br\\\/erro-historico-de-35-anos-e-corrigido-em-francisco-beltrao-apos-rua-com-nome-de-rubens-paiva-ser-chamada-indevidamente-de-marechal\\\/#primaryimage\"},\"thumbnailUrl\":\"https:\\\/\\\/ubirataonline.com.br\\\/wp-content\\\/uploads\\\/2026\\\/08\\\/news-162093-1785965675.webp\",\"datePublished\":\"2026-08-05T21:34:34+00:00\",\"description\":\"A Prefeitura de Francisco Beltr\u00e3o, no Paran\u00e1, corrigiu um erro de d\u00e9cadas que atribu\u00eda incorretamente o t\u00edtulo de Marechal ao deputado Rubens Paiva.Uma\",\"breadcrumb\":{\"@id\":\"https:\\\/\\\/ubirataonline.com.br\\\/erro-historico-de-35-anos-e-corrigido-em-francisco-beltrao-apos-rua-com-nome-de-rubens-paiva-ser-chamada-indevidamente-de-marechal\\\/#breadcrumb\"},\"inLanguage\":\"en-US\",\"potentialAction\":[{\"@type\":\"ReadAction\",\"target\":[\"https:\\\/\\\/ubirataonline.com.br\\\/erro-historico-de-35-anos-e-corrigido-em-francisco-beltrao-apos-rua-com-nome-de-rubens-paiva-ser-chamada-indevidamente-de-marechal\\\/\"]}]},{\"@type\":\"ImageObject\",\"inLanguage\":\"en-US\",\"@id\":\"https:\\\/\\\/ubirataonline.com.br\\\/erro-historico-de-35-anos-e-corrigido-em-francisco-beltrao-apos-rua-com-nome-de-rubens-paiva-ser-chamada-indevidamente-de-marechal\\\/#primaryimage\",\"url\":\"https:\\\/\\\/ubirataonline.com.br\\\/wp-content\\\/uploads\\\/2026\\\/08\\\/news-162093-1785965675.webp\",\"contentUrl\":\"https:\\\/\\\/ubirataonline.com.br\\\/wp-content\\\/uploads\\\/2026\\\/08\\\/news-162093-1785965675.webp\",\"width\":135,\"height\":240,\"caption\":\"Erro hist\u00f3rico de 35 anos \u00e9 corrigido em Francisco Beltr\u00e3o ap\u00f3s rua com nome de Rubens Paiva ser chamada indevidamente de Marechal\"},{\"@type\":\"BreadcrumbList\",\"@id\":\"https:\\\/\\\/ubirataonline.com.br\\\/erro-historico-de-35-anos-e-corrigido-em-francisco-beltrao-apos-rua-com-nome-de-rubens-paiva-ser-chamada-indevidamente-de-marechal\\\/#breadcrumb\",\"itemListElement\":[{\"@type\":\"ListItem\",\"position\":1,\"name\":\"In\u00edcio\",\"item\":\"https:\\\/\\\/ubirataonline.com.br\\\/\"},{\"@type\":\"ListItem\",\"position\":2,\"name\":\"Erro hist\u00f3rico de 35 anos \u00e9 corrigido em Francisco Beltr\u00e3o ap\u00f3s rua com nome de Rubens Paiva ser chamada indevidamente de Marechal\"}]},{\"@type\":\"WebSite\",\"@id\":\"https:\\\/\\\/ubirataonline.com.br\\\/#website\",\"url\":\"https:\\\/\\\/ubirataonline.com.br\\\/\",\"name\":\"Ubirat\u00e3 Online Not\u00edcias\",\"description\":\"Not\u00edcias de Ubirat\u00e3, regi\u00e3o, Brasil e mundo, com informa\u00e7\u00e3o atualizada e compromisso com o leitor.\",\"publisher\":{\"@id\":\"https:\\\/\\\/ubirataonline.com.br\\\/#organization\"},\"alternateName\":\"Ubirat\u00e3 Online\",\"potentialAction\":[{\"@type\":\"SearchAction\",\"target\":{\"@type\":\"EntryPoint\",\"urlTemplate\":\"https:\\\/\\\/ubirataonline.com.br\\\/?s={search_term_string}\"},\"query-input\":{\"@type\":\"PropertyValueSpecification\",\"valueRequired\":true,\"valueName\":\"search_term_string\"}}],\"inLanguage\":\"en-US\"},{\"@type\":[\"Organization\",\"Place\"],\"@id\":\"https:\\\/\\\/ubirataonline.com.br\\\/#organization\",\"name\":\"Ubirat\u00e3 Online Not\u00edcias\",\"alternateName\":\"Ubirat\u00e3 Online\",\"url\":\"https:\\\/\\\/ubirataonline.com.br\\\/\",\"logo\":{\"@id\":\"https:\\\/\\\/ubirataonline.com.br\\\/erro-historico-de-35-anos-e-corrigido-em-francisco-beltrao-apos-rua-com-nome-de-rubens-paiva-ser-chamada-indevidamente-de-marechal\\\/#local-main-organization-logo\"},\"image\":{\"@id\":\"https:\\\/\\\/ubirataonline.com.br\\\/erro-historico-de-35-anos-e-corrigido-em-francisco-beltrao-apos-rua-com-nome-de-rubens-paiva-ser-chamada-indevidamente-de-marechal\\\/#local-main-organization-logo\"},\"sameAs\":[\"https:\\\/\\\/www.facebook.com\\\/portalubirataonline\",\"https:\\\/\\\/x.com\\\/ubirataonline\",\"https:\\\/\\\/mastodon.social\\\/@ubirataonline\",\"https:\\\/\\\/www.facebook.com\\\/groups\\\/311144672285604\",\"https:\\\/\\\/www.facebook.com\\\/UBTAOnline\",\"https:\\\/\\\/www.instagram.com\\\/portalubirataonline\\\/\",\"https:\\\/\\\/twitter.com\\\/ubirataonline\"],\"description\":\"Somos um portal de not\u00edcias independente, criado em 5 de janeiro de 2009, com o objetivo de informar, conectar e valorizar a nossa comunidade de Ubirat\u00e3 e toda aregi\u00e3o. Com conte\u00fado atualizado, confi\u00e1vel e relevante, o Ubirat\u00e3 Online \u00e9 o seu espa\u00e7o para ficar por dentro dos principais acontecimentos locais, regionais, Brasil, Mundo e de interesse geral. Nosso compromisso \u00e9 com a verdade, a transpar\u00eancia e o respeito ao leitor.\",\"legalName\":\"UBIRATA ONLINE NOT\u00cdCIAS\",\"foundingDate\":\"2009-01-05\",\"numberOfEmployees\":{\"@type\":\"QuantitativeValue\",\"minValue\":\"1\",\"maxValue\":\"10\"},\"publishingPrinciples\":\"https:\\\/\\\/ubirataonline.com.br\\\/faq\\\/\",\"address\":{\"@id\":\"https:\\\/\\\/ubirataonline.com.br\\\/erro-historico-de-35-anos-e-corrigido-em-francisco-beltrao-apos-rua-com-nome-de-rubens-paiva-ser-chamada-indevidamente-de-marechal\\\/#local-main-place-address\"},\"geo\":{\"@type\":\"GeoCoordinates\",\"latitude\":\"-24.5361401\",\"longitude\":\"-52.9921776\"},\"telephone\":[\"+5544998308235\"],\"contactPoint\":{\"@type\":\"ContactPoint\",\"email\":\"contato@ubirataonline.com.br\"},\"openingHoursSpecification\":{\"@type\":\"OpeningHoursSpecification\",\"dayOfWeek\":[\"Monday\",\"Tuesday\",\"Wednesday\",\"Thursday\",\"Friday\",\"Saturday\",\"Sunday\"],\"opens\":\"00:00\",\"closes\":\"23:59\"},\"email\":\"contato@ubirataonline.com.br\",\"vatID\":\"47.621.418\\\/0001-80\"},{\"@type\":\"Person\",\"@id\":\"https:\\\/\\\/ubirataonline.com.br\\\/#\\\/schema\\\/person\\\/372f87bbd3fdd79b8556b84c98d0bc1c\",\"name\":\"REDA\u00c7\u00c3O: UBIRAT\u00c3 ONLINE - F\u00c1BIO AUGUSTO CELESTINO\",\"pronouns\":\"Ele\",\"description\":\"Desde 2003 trabalhando com not\u00edcias.\",\"sameAs\":[\"http:\\\/\\\/ubirataoline.com.br\",\"https:\\\/\\\/www.facebook.com\\\/portalubirataonline\",\"https:\\\/\\\/www.instagram.com\\\/ubirataonline_oficial\",\"https:\\\/\\\/x.com\\\/x.com\\\/ubirataonline\"],\"honorificPrefix\":\"Mr.\",\"honorificSuffix\":\"MD\",\"birthDate\":\"1980-06-16\",\"gender\":\"masculino\",\"award\":[\"V\u00e1rios pr\u00eamios de melhor portal da cidade\"],\"jobTitle\":\"Diretor\",\"url\":\"https:\\\/\\\/ubirataonline.com.br\\\/en\\\/author\\\/ubirataonline\\\/\"},{\"@type\":\"PostalAddress\",\"@id\":\"https:\\\/\\\/ubirataonline.com.br\\\/erro-historico-de-35-anos-e-corrigido-em-francisco-beltrao-apos-rua-com-nome-de-rubens-paiva-ser-chamada-indevidamente-de-marechal\\\/#local-main-place-address\",\"streetAddress\":\"Rua dos Coqueiros, 104 - Bairro Boa Vista, Rua dos Coqueiros, 104 Bairro Boa Vista\",\"addressLocality\":\"UBIRATA\",\"postalCode\":\"85440-000\",\"addressRegion\":\"PR\",\"addressCountry\":\"BR\"},{\"@type\":\"ImageObject\",\"inLanguage\":\"en-US\",\"@id\":\"https:\\\/\\\/ubirataonline.com.br\\\/erro-historico-de-35-anos-e-corrigido-em-francisco-beltrao-apos-rua-com-nome-de-rubens-paiva-ser-chamada-indevidamente-de-marechal\\\/#local-main-organization-logo\",\"url\":\"https:\\\/\\\/ubirataonline.com.br\\\/wp-content\\\/uploads\\\/2026\\\/06\\\/logoubirataonline-1.webp\",\"contentUrl\":\"https:\\\/\\\/ubirataonline.com.br\\\/wp-content\\\/uploads\\\/2026\\\/06\\\/logoubirataonline-1.webp\",\"width\":500,\"height\":500,\"caption\":\"Ubirat\u00e3 Online Not\u00edcias\"}]}<\/script>\n<meta name=\"geo.placename\" content=\"UBIRATA\" \/>\n<meta name=\"geo.position\" content=\"-24.5361401;-52.9921776\" \/>\n<meta name=\"geo.region\" content=\"Brazil\" \/>\n<!-- \/ Yoast SEO Premium plugin. -->","yoast_head_json":{"title":"Erro hist\u00f3rico de 35 anos \u00e9 corrigido em Francisco Beltr\u00e3o ap\u00f3s rua com nome de Rubens Paiva ser chamada indevidamente de Marechal - Ubirat\u00e3 Online Not\u00edcias - A realidade ao seu alcance!","description":"A Prefeitura de Francisco Beltr\u00e3o, no Paran\u00e1, corrigiu um erro de d\u00e9cadas que atribu\u00eda incorretamente o t\u00edtulo de Marechal ao deputado Rubens Paiva.Uma","robots":{"index":"index","follow":"follow","max-snippet":"max-snippet:-1","max-image-preview":"max-image-preview:large","max-video-preview":"max-video-preview:-1"},"canonical":"https:\/\/ubirataonline.com.br\/en\/erro-historico-de-35-anos-e-corrigido-em-francisco-beltrao-apos-rua-com-nome-de-rubens-paiva-ser-chamada-indevidamente-de-marechal\/","og_locale":"en_US","og_type":"article","og_title":"Erro hist\u00f3rico de 35 anos \u00e9 corrigido em Francisco Beltr\u00e3o ap\u00f3s rua com nome de Rubens Paiva ser chamada indevidamente de Marechal","og_description":"A Prefeitura de Francisco Beltr\u00e3o, no Paran\u00e1, corrigiu um erro de d\u00e9cadas que atribu\u00eda incorretamente o t\u00edtulo de Marechal ao deputado Rubens Paiva.Uma","og_url":"https:\/\/ubirataonline.com.br\/en\/erro-historico-de-35-anos-e-corrigido-em-francisco-beltrao-apos-rua-com-nome-de-rubens-paiva-ser-chamada-indevidamente-de-marechal\/","og_site_name":"Ubirat\u00e3 Online Not\u00edcias - A realidade ao seu alcance!","article_publisher":"https:\/\/www.facebook.com\/portalubirataonline","article_author":"https:\/\/www.facebook.com\/portalubirataonline","article_published_time":"2026-08-05T21:34:34+00:00","og_image":[{"width":1531,"height":418,"url":"https:\/\/ubirataonline.com.br\/wp-content\/uploads\/2026\/05\/logo2026.webp","type":"image\/webp"}],"author":"REDA\u00c7\u00c3O: UBIRAT\u00c3 ONLINE - F\u00c1BIO AUGUSTO CELESTINO","twitter_card":"summary_large_image","twitter_creator":"@x.com\/ubirataonline","twitter_site":"@ubirataonline","twitter_misc":{"Written by":"REDA\u00c7\u00c3O: UBIRAT\u00c3 ONLINE - F\u00c1BIO AUGUSTO CELESTINO","Est. reading time":"3 minutes"},"schema":{"@context":"https:\/\/schema.org","@graph":[{"@type":"NewsArticle","@id":"https:\/\/ubirataonline.com.br\/erro-historico-de-35-anos-e-corrigido-em-francisco-beltrao-apos-rua-com-nome-de-rubens-paiva-ser-chamada-indevidamente-de-marechal\/#article","isPartOf":{"@id":"https:\/\/ubirataonline.com.br\/erro-historico-de-35-anos-e-corrigido-em-francisco-beltrao-apos-rua-com-nome-de-rubens-paiva-ser-chamada-indevidamente-de-marechal\/"},"author":{"name":"REDA\u00c7\u00c3O: UBIRAT\u00c3 ONLINE - F\u00c1BIO AUGUSTO CELESTINO","@id":"https:\/\/ubirataonline.com.br\/#\/schema\/person\/372f87bbd3fdd79b8556b84c98d0bc1c"},"headline":"Erro hist\u00f3rico de 35 anos \u00e9 corrigido em Francisco Beltr\u00e3o ap\u00f3s rua com nome de Rubens Paiva ser chamada indevidamente de Marechal","datePublished":"2026-08-05T21:34:34+00:00","mainEntityOfPage":{"@id":"https:\/\/ubirataonline.com.br\/erro-historico-de-35-anos-e-corrigido-em-francisco-beltrao-apos-rua-com-nome-de-rubens-paiva-ser-chamada-indevidamente-de-marechal\/"},"wordCount":623,"publisher":{"@id":"https:\/\/ubirataonline.com.br\/#organization"},"image":{"@id":"https:\/\/ubirataonline.com.br\/erro-historico-de-35-anos-e-corrigido-em-francisco-beltrao-apos-rua-com-nome-de-rubens-paiva-ser-chamada-indevidamente-de-marechal\/#primaryimage"},"thumbnailUrl":"https:\/\/ubirataonline.com.br\/wp-content\/uploads\/2026\/08\/news-162093-1785965675.webp","articleSection":["Variedades"],"inLanguage":"en-US","copyrightYear":"2026","copyrightHolder":{"@id":"https:\/\/ubirataonline.com.br\/en\/#organization"}},{"@type":"WebPage","@id":"https:\/\/ubirataonline.com.br\/erro-historico-de-35-anos-e-corrigido-em-francisco-beltrao-apos-rua-com-nome-de-rubens-paiva-ser-chamada-indevidamente-de-marechal\/","url":"https:\/\/ubirataonline.com.br\/erro-historico-de-35-anos-e-corrigido-em-francisco-beltrao-apos-rua-com-nome-de-rubens-paiva-ser-chamada-indevidamente-de-marechal\/","name":"Erro hist\u00f3rico de 35 anos \u00e9 corrigido em Francisco Beltr\u00e3o ap\u00f3s rua com nome de Rubens Paiva ser chamada indevidamente de Marechal - Ubirat\u00e3 Online Not\u00edcias - A realidade ao seu alcance!","isPartOf":{"@id":"https:\/\/ubirataonline.com.br\/#website"},"primaryImageOfPage":{"@id":"https:\/\/ubirataonline.com.br\/erro-historico-de-35-anos-e-corrigido-em-francisco-beltrao-apos-rua-com-nome-de-rubens-paiva-ser-chamada-indevidamente-de-marechal\/#primaryimage"},"image":{"@id":"https:\/\/ubirataonline.com.br\/erro-historico-de-35-anos-e-corrigido-em-francisco-beltrao-apos-rua-com-nome-de-rubens-paiva-ser-chamada-indevidamente-de-marechal\/#primaryimage"},"thumbnailUrl":"https:\/\/ubirataonline.com.br\/wp-content\/uploads\/2026\/08\/news-162093-1785965675.webp","datePublished":"2026-08-05T21:34:34+00:00","description":"A Prefeitura de Francisco Beltr\u00e3o, no Paran\u00e1, corrigiu um erro de d\u00e9cadas que atribu\u00eda incorretamente o t\u00edtulo de Marechal ao deputado Rubens Paiva.Uma","breadcrumb":{"@id":"https:\/\/ubirataonline.com.br\/erro-historico-de-35-anos-e-corrigido-em-francisco-beltrao-apos-rua-com-nome-de-rubens-paiva-ser-chamada-indevidamente-de-marechal\/#breadcrumb"},"inLanguage":"en-US","potentialAction":[{"@type":"ReadAction","target":["https:\/\/ubirataonline.com.br\/erro-historico-de-35-anos-e-corrigido-em-francisco-beltrao-apos-rua-com-nome-de-rubens-paiva-ser-chamada-indevidamente-de-marechal\/"]}]},{"@type":"ImageObject","inLanguage":"en-US","@id":"https:\/\/ubirataonline.com.br\/erro-historico-de-35-anos-e-corrigido-em-francisco-beltrao-apos-rua-com-nome-de-rubens-paiva-ser-chamada-indevidamente-de-marechal\/#primaryimage","url":"https:\/\/ubirataonline.com.br\/wp-content\/uploads\/2026\/08\/news-162093-1785965675.webp","contentUrl":"https:\/\/ubirataonline.com.br\/wp-content\/uploads\/2026\/08\/news-162093-1785965675.webp","width":135,"height":240,"caption":"Erro hist\u00f3rico de 35 anos \u00e9 corrigido em Francisco Beltr\u00e3o ap\u00f3s rua com nome de Rubens Paiva ser chamada indevidamente de Marechal"},{"@type":"BreadcrumbList","@id":"https:\/\/ubirataonline.com.br\/erro-historico-de-35-anos-e-corrigido-em-francisco-beltrao-apos-rua-com-nome-de-rubens-paiva-ser-chamada-indevidamente-de-marechal\/#breadcrumb","itemListElement":[{"@type":"ListItem","position":1,"name":"In\u00edcio","item":"https:\/\/ubirataonline.com.br\/"},{"@type":"ListItem","position":2,"name":"Erro hist\u00f3rico de 35 anos \u00e9 corrigido em Francisco Beltr\u00e3o ap\u00f3s rua com nome de Rubens Paiva ser chamada indevidamente de Marechal"}]},{"@type":"WebSite","@id":"https:\/\/ubirataonline.com.br\/#website","url":"https:\/\/ubirataonline.com.br\/","name":"Ubirat\u00e3 Online Not\u00edcias","description":"Not\u00edcias de Ubirat\u00e3, regi\u00e3o, Brasil e mundo, com informa\u00e7\u00e3o atualizada e compromisso com o leitor.","publisher":{"@id":"https:\/\/ubirataonline.com.br\/#organization"},"alternateName":"Ubirat\u00e3 Online","potentialAction":[{"@type":"SearchAction","target":{"@type":"EntryPoint","urlTemplate":"https:\/\/ubirataonline.com.br\/?s={search_term_string}"},"query-input":{"@type":"PropertyValueSpecification","valueRequired":true,"valueName":"search_term_string"}}],"inLanguage":"en-US"},{"@type":["Organization","Place"],"@id":"https:\/\/ubirataonline.com.br\/#organization","name":"Ubirat\u00e3 Online Not\u00edcias","alternateName":"Ubirat\u00e3 Online","url":"https:\/\/ubirataonline.com.br\/","logo":{"@id":"https:\/\/ubirataonline.com.br\/erro-historico-de-35-anos-e-corrigido-em-francisco-beltrao-apos-rua-com-nome-de-rubens-paiva-ser-chamada-indevidamente-de-marechal\/#local-main-organization-logo"},"image":{"@id":"https:\/\/ubirataonline.com.br\/erro-historico-de-35-anos-e-corrigido-em-francisco-beltrao-apos-rua-com-nome-de-rubens-paiva-ser-chamada-indevidamente-de-marechal\/#local-main-organization-logo"},"sameAs":["https:\/\/www.facebook.com\/portalubirataonline","https:\/\/x.com\/ubirataonline","https:\/\/mastodon.social\/@ubirataonline","https:\/\/www.facebook.com\/groups\/311144672285604","https:\/\/www.facebook.com\/UBTAOnline","https:\/\/www.instagram.com\/portalubirataonline\/","https:\/\/twitter.com\/ubirataonline"],"description":"Somos um portal de not\u00edcias independente, criado em 5 de janeiro de 2009, com o objetivo de informar, conectar e valorizar a nossa comunidade de Ubirat\u00e3 e toda aregi\u00e3o. Com conte\u00fado atualizado, confi\u00e1vel e relevante, o Ubirat\u00e3 Online \u00e9 o seu espa\u00e7o para ficar por dentro dos principais acontecimentos locais, regionais, Brasil, Mundo e de interesse geral. Nosso compromisso \u00e9 com a verdade, a transpar\u00eancia e o respeito ao leitor.","legalName":"UBIRATA ONLINE NOT\u00cdCIAS","foundingDate":"2009-01-05","numberOfEmployees":{"@type":"QuantitativeValue","minValue":"1","maxValue":"10"},"publishingPrinciples":"https:\/\/ubirataonline.com.br\/faq\/","address":{"@id":"https:\/\/ubirataonline.com.br\/erro-historico-de-35-anos-e-corrigido-em-francisco-beltrao-apos-rua-com-nome-de-rubens-paiva-ser-chamada-indevidamente-de-marechal\/#local-main-place-address"},"geo":{"@type":"GeoCoordinates","latitude":"-24.5361401","longitude":"-52.9921776"},"telephone":["+5544998308235"],"contactPoint":{"@type":"ContactPoint","email":"contato@ubirataonline.com.br"},"openingHoursSpecification":{"@type":"OpeningHoursSpecification","dayOfWeek":["Monday","Tuesday","Wednesday","Thursday","Friday","Saturday","Sunday"],"opens":"00:00","closes":"23:59"},"email":"contato@ubirataonline.com.br","vatID":"47.621.418\/0001-80"},{"@type":"Person","@id":"https:\/\/ubirataonline.com.br\/#\/schema\/person\/372f87bbd3fdd79b8556b84c98d0bc1c","name":"REDA\u00c7\u00c3O: UBIRAT\u00c3 ONLINE - F\u00c1BIO AUGUSTO CELESTINO","pronouns":"Ele","description":"Desde 2003 trabalhando com not\u00edcias.","sameAs":["http:\/\/ubirataoline.com.br","https:\/\/www.facebook.com\/portalubirataonline","https:\/\/www.instagram.com\/ubirataonline_oficial","https:\/\/x.com\/x.com\/ubirataonline"],"honorificPrefix":"Mr.","honorificSuffix":"MD","birthDate":"1980-06-16","gender":"masculino","award":["V\u00e1rios pr\u00eamios de melhor portal da cidade"],"jobTitle":"Diretor","url":"https:\/\/ubirataonline.com.br\/en\/author\/ubirataonline\/"},{"@type":"PostalAddress","@id":"https:\/\/ubirataonline.com.br\/erro-historico-de-35-anos-e-corrigido-em-francisco-beltrao-apos-rua-com-nome-de-rubens-paiva-ser-chamada-indevidamente-de-marechal\/#local-main-place-address","streetAddress":"Rua dos Coqueiros, 104 - Bairro Boa Vista, Rua dos Coqueiros, 104 Bairro Boa Vista","addressLocality":"UBIRATA","postalCode":"85440-000","addressRegion":"PR","addressCountry":"BR"},{"@type":"ImageObject","inLanguage":"en-US","@id":"https:\/\/ubirataonline.com.br\/erro-historico-de-35-anos-e-corrigido-em-francisco-beltrao-apos-rua-com-nome-de-rubens-paiva-ser-chamada-indevidamente-de-marechal\/#local-main-organization-logo","url":"https:\/\/ubirataonline.com.br\/wp-content\/uploads\/2026\/06\/logoubirataonline-1.webp","contentUrl":"https:\/\/ubirataonline.com.br\/wp-content\/uploads\/2026\/06\/logoubirataonline-1.webp","width":500,"height":500,"caption":"Ubirat\u00e3 Online Not\u00edcias"}]},"geo.placename":"UBIRATA","geo.position":{"lat":"-24.5361401","long":"-52.9921776"},"geo.region":"Brazil"},"_links":{"self":[{"href":"https:\/\/ubirataonline.com.br\/en\/wp-json\/wp\/v2\/posts\/162093","targetHints":{"allow":["GET"]}}],"collection":[{"href":"https:\/\/ubirataonline.com.br\/en\/wp-json\/wp\/v2\/posts"}],"about":[{"href":"https:\/\/ubirataonline.com.br\/en\/wp-json\/wp\/v2\/types\/post"}],"author":[{"embeddable":true,"href":"https:\/\/ubirataonline.com.br\/en\/wp-json\/wp\/v2\/users\/1"}],"replies":[{"embeddable":true,"href":"https:\/\/ubirataonline.com.br\/en\/wp-json\/wp\/v2\/comments?post=162093"}],"version-history":[{"count":0,"href":"https:\/\/ubirataonline.com.br\/en\/wp-json\/wp\/v2\/posts\/162093\/revisions"}],"wp:featuredmedia":[{"embeddable":true,"href":"https:\/\/ubirataonline.com.br\/en\/wp-json\/wp\/v2\/media\/162094"}],"wp:attachment":[{"href":"https:\/\/ubirataonline.com.br\/en\/wp-json\/wp\/v2\/media?parent=162093"}],"wp:term":[{"taxonomy":"category","embeddable":true,"href":"https:\/\/ubirataonline.com.br\/en\/wp-json\/wp\/v2\/categories?post=162093"},{"taxonomy":"post_tag","embeddable":true,"href":"https:\/\/ubirataonline.com.br\/en\/wp-json\/wp\/v2\/tags?post=162093"}],"curies":[{"name":"wp","href":"https:\/\/api.w.org\/{rel}","templated":true}]}}