{"id":162100,"date":"2026-08-05T19:04:43","date_gmt":"2026-08-05T22:04:43","guid":{"rendered":"https:\/\/ubirataonline.com.br\/homens-sao-presos-apos-espancar-pai-que-tentou-defender-a-familia-em-festa-no-parana\/"},"modified":"2026-08-05T19:04:43","modified_gmt":"2026-08-05T22:04:43","slug":"homens-sao-presos-apos-espancar-pai-que-tentou-defender-a-familia-em-festa-no-parana","status":"publish","type":"post","link":"https:\/\/ubirataonline.com.br\/en\/homens-sao-presos-apos-espancar-pai-que-tentou-defender-a-familia-em-festa-no-parana\/","title":{"rendered":"Homens s\u00e3o presos ap\u00f3s espancar pai que tentou defender a fam\u00edlia em festa no Paran\u00e1"},"content":{"rendered":"<h2>Dois suspeitos foram detidos nove dias ap\u00f3s o espancamento que vitimou Jackson Fernando Freitas Ribeiro, um pai de fam\u00edlia que apenas tentava apartar uma briga em um clube no Paran\u00e1.<\/h2>\n<p>Uma confraterniza\u00e7\u00e3o familiar que deveria ser um momento de lazer terminou em uma trag\u00e9dia que chocou a cidade de Ponta Grossa, nos Campos Gerais do Paran\u00e1. O frentista <b>Jackson Fernando Freitas Ribeiro<\/b>, de 34 anos, foi brutalmente espancado ao tentar proteger seus parentes durante uma briga em um clube de campo.<\/p>\n<p>O caso, que gerou grande como\u00e7\u00e3o, teve um desfecho policial nesta semana com a pris\u00e3o preventiva de dois suspeitos. As autoridades locais trabalham para esclarecer todos os detalhes dessa fatalidade, conforme informa\u00e7\u00e3o divulgada pelo g1.<\/p>\n<p>A seguir, entenda como a confus\u00e3o come\u00e7ou, o papel da v\u00edtima no conflito e quais s\u00e3o os pr\u00f3ximos passos da investiga\u00e7\u00e3o sobre este <b>homic\u00eddio<\/b> que tirou a vida de um pai de fam\u00edlia.<\/p>\n<h3>O in\u00edcio da confus\u00e3o no clube<\/h3>\n<p>Segundo o relato de Antonio Carlos Freitas de Sousa, tio da v\u00edtima, tudo come\u00e7ou com provoca\u00e7\u00f5es direcionadas a um primo de Jackson. A situa\u00e7\u00e3o escalou rapidamente quando uma crian\u00e7a foi atingida durante um empurr\u00e3o, o que deu in\u00edcio \u00e0s agress\u00f5es f\u00edsicas no local.<\/p>\n<h3>A tentativa de defesa e o desfecho fatal<\/h3>\n<p>Ao perceber a confus\u00e3o, Jackson, que n\u00e3o estava envolvido na discuss\u00e3o inicial, aproximou-se para tentar separar os envolvidos e defender o primo. Infelizmente, ao intervir, o frentista acabou sendo alvo dos agressores, sofrendo ferimentos graves que levaram \u00e0 sua interna\u00e7\u00e3o e, posteriormente, ao seu falecimento.<\/p>\n<h3>Investiga\u00e7\u00e3o policial e pris\u00f5es<\/h3>\n<p>O delegado Wesley Vin\u00edcius, respons\u00e1vel pelo caso, confirmou que a v\u00edtima n\u00e3o possu\u00eda antecedentes criminais. O delegado ressaltou, conforme o g1, que <b>agress\u00f5es e atos de viol\u00eancia<\/b>, sejam em via p\u00fablica ou durante eventos, podem resultar em consequ\u00eancias grav\u00edssimas, e aqueles que as praticarem ser\u00e3o devidamente responsabilizados.<\/p>\n<h3>Posicionamento do Clube Am\u00e9rica<\/h3>\n<p>Em nota oficial, o Clube Am\u00e9rica lamentou o ocorrido e expressou solidariedade \u00e0 fam\u00edlia de Jackson. A diretoria afirmou que est\u00e1 colaborando com as autoridades e que aguarda a conclus\u00e3o do inqu\u00e9rito para tomar as provid\u00eancias administrativas necess\u00e1rias.<\/p>\n<h3>Perguntas Frequentes<\/h3>\n<p><b>Quem era a v\u00edtima do espancamento?<\/b> Jackson Fernando Freitas Ribeiro, um frentista de 34 anos, que deixou esposa e uma filha de 12 anos.<\/p>\n<p><b>Onde ocorreu o crime?<\/b> O caso aconteceu no Clube Am\u00e9rica, em Ponta Grossa, no Paran\u00e1, durante um evento social.<\/p>\n<p><b>Quantas pessoas foram presas?<\/b> Dois homens, de 28 e 31 anos, foram presos preventivamente pela Pol\u00edcia Civil.<\/p>\n<p><b>A v\u00edtima estava envolvida na briga?<\/b> N\u00e3o. Segundo as investiga\u00e7\u00f5es, ele apenas tentou apartar o conflito para defender um parente.<\/p>\n<p><b>Qual a posi\u00e7\u00e3o do clube sobre o caso?<\/b> O clube declarou solidariedade, afirmou estar colaborando com a pol\u00edcia e aguarda a conclus\u00e3o das investiga\u00e7\u00f5es para se manifestar.<\/p>","protected":false},"excerpt":{"rendered":"<p>Dois suspeitos foram detidos nove dias ap\u00f3s o espancamento que vitimou Jackson Fernando Freitas Ribeiro, um pai de fam\u00edlia que apenas tentava apartar uma briga em um clube no Paran\u00e1. Uma confraterniza\u00e7\u00e3o familiar que deveria ser um momento de lazer terminou em uma trag\u00e9dia que chocou a cidade de Ponta Grossa, nos Campos Gerais do [&hellip;]<\/p>\n","protected":false},"author":1,"featured_media":162101,"comment_status":"","ping_status":"","sticky":false,"template":"","format":"standard","meta":{"googlesitekit_rrm_CAow2JLhCw:productID":"","_gspb_post_css":"","maa_idioma":"","maa_pais":"","footnotes":""},"categories":[15],"tags":[],"class_list":["post-162100","post","type-post","status-publish","format-standard","has-post-thumbnail","hentry","category-variedades"],"blocksy_meta":[],"yoast_head":"<!-- This site is optimized with the Yoast SEO Premium plugin v27.6 (Yoast SEO v27.6) - https:\/\/yoast.com\/product\/yoast-seo-premium-wordpress\/ -->\n<title>Homens s\u00e3o presos ap\u00f3s espancar pai que tentou defender a fam\u00edlia em festa no Paran\u00e1 - Ubirat\u00e3 Online Not\u00edcias - A realidade ao seu alcance!<\/title>\n<meta name=\"description\" content=\"Dois suspeitos foram detidos nove dias ap\u00f3s o espancamento que vitimou Jackson Fernando Freitas Ribeiro, um pai de fam\u00edlia que apenas tentava apartar uma\" \/>\n<meta name=\"robots\" content=\"index, follow, max-snippet:-1, max-image-preview:large, max-video-preview:-1\" \/>\n<link rel=\"canonical\" href=\"https:\/\/ubirataonline.com.br\/en\/homens-sao-presos-apos-espancar-pai-que-tentou-defender-a-familia-em-festa-no-parana\/\" \/>\n<meta property=\"og:locale\" content=\"en_US\" \/>\n<meta property=\"og:type\" content=\"article\" \/>\n<meta property=\"og:title\" content=\"Homens s\u00e3o presos ap\u00f3s espancar pai que tentou defender a fam\u00edlia em festa no Paran\u00e1\" \/>\n<meta property=\"og:description\" content=\"Dois suspeitos foram detidos nove dias ap\u00f3s o espancamento que vitimou Jackson Fernando Freitas Ribeiro, um pai de fam\u00edlia que apenas tentava apartar uma\" \/>\n<meta property=\"og:url\" content=\"https:\/\/ubirataonline.com.br\/en\/homens-sao-presos-apos-espancar-pai-que-tentou-defender-a-familia-em-festa-no-parana\/\" \/>\n<meta property=\"og:site_name\" content=\"Ubirat\u00e3 Online Not\u00edcias - A realidade ao seu alcance!\" \/>\n<meta property=\"article:publisher\" content=\"https:\/\/www.facebook.com\/portalubirataonline\" \/>\n<meta property=\"article:author\" content=\"https:\/\/www.facebook.com\/portalubirataonline\" \/>\n<meta property=\"article:published_time\" content=\"2026-08-05T22:04:43+00:00\" \/>\n<meta property=\"og:image\" content=\"https:\/\/ubirataonline.com.br\/wp-content\/uploads\/2026\/05\/logo2026.webp\" \/>\n\t<meta property=\"og:image:width\" content=\"1531\" \/>\n\t<meta property=\"og:image:height\" content=\"418\" \/>\n\t<meta property=\"og:image:type\" content=\"image\/webp\" \/>\n<meta name=\"author\" content=\"REDA\u00c7\u00c3O: UBIRAT\u00c3 ONLINE - F\u00c1BIO AUGUSTO CELESTINO\" \/>\n<meta name=\"twitter:card\" content=\"summary_large_image\" \/>\n<meta name=\"twitter:creator\" content=\"@x.com\/ubirataonline\" \/>\n<meta name=\"twitter:site\" content=\"@ubirataonline\" \/>\n<meta name=\"twitter:label1\" content=\"Written by\" \/>\n\t<meta name=\"twitter:data1\" content=\"REDA\u00c7\u00c3O: UBIRAT\u00c3 ONLINE - F\u00c1BIO AUGUSTO CELESTINO\" \/>\n\t<meta name=\"twitter:label2\" content=\"Est. reading time\" \/>\n\t<meta name=\"twitter:data2\" content=\"3 minutes\" \/>\n<script type=\"application\/ld+json\" class=\"yoast-schema-graph\">{\"@context\":\"https:\\\/\\\/schema.org\",\"@graph\":[{\"@type\":\"NewsArticle\",\"@id\":\"https:\\\/\\\/ubirataonline.com.br\\\/homens-sao-presos-apos-espancar-pai-que-tentou-defender-a-familia-em-festa-no-parana\\\/#article\",\"isPartOf\":{\"@id\":\"https:\\\/\\\/ubirataonline.com.br\\\/homens-sao-presos-apos-espancar-pai-que-tentou-defender-a-familia-em-festa-no-parana\\\/\"},\"author\":{\"name\":\"REDA\u00c7\u00c3O: UBIRAT\u00c3 ONLINE - F\u00c1BIO AUGUSTO CELESTINO\",\"@id\":\"https:\\\/\\\/ubirataonline.com.br\\\/#\\\/schema\\\/person\\\/372f87bbd3fdd79b8556b84c98d0bc1c\"},\"headline\":\"Homens s\u00e3o presos ap\u00f3s espancar pai que tentou defender a fam\u00edlia em festa no Paran\u00e1\",\"datePublished\":\"2026-08-05T22:04:43+00:00\",\"mainEntityOfPage\":{\"@id\":\"https:\\\/\\\/ubirataonline.com.br\\\/homens-sao-presos-apos-espancar-pai-que-tentou-defender-a-familia-em-festa-no-parana\\\/\"},\"wordCount\":524,\"publisher\":{\"@id\":\"https:\\\/\\\/ubirataonline.com.br\\\/#organization\"},\"image\":{\"@id\":\"https:\\\/\\\/ubirataonline.com.br\\\/homens-sao-presos-apos-espancar-pai-que-tentou-defender-a-familia-em-festa-no-parana\\\/#primaryimage\"},\"thumbnailUrl\":\"https:\\\/\\\/ubirataonline.com.br\\\/wp-content\\\/uploads\\\/2026\\\/08\\\/news-162100-1785967485.webp\",\"articleSection\":[\"Variedades\"],\"inLanguage\":\"en-US\",\"copyrightYear\":\"2026\",\"copyrightHolder\":{\"@id\":\"https:\\\/\\\/ubirataonline.com.br\\\/en\\\/#organization\"}},{\"@type\":\"WebPage\",\"@id\":\"https:\\\/\\\/ubirataonline.com.br\\\/homens-sao-presos-apos-espancar-pai-que-tentou-defender-a-familia-em-festa-no-parana\\\/\",\"url\":\"https:\\\/\\\/ubirataonline.com.br\\\/homens-sao-presos-apos-espancar-pai-que-tentou-defender-a-familia-em-festa-no-parana\\\/\",\"name\":\"Homens s\u00e3o presos ap\u00f3s espancar pai que tentou defender a fam\u00edlia em festa no Paran\u00e1 - Ubirat\u00e3 Online Not\u00edcias - A realidade ao seu alcance!\",\"isPartOf\":{\"@id\":\"https:\\\/\\\/ubirataonline.com.br\\\/#website\"},\"primaryImageOfPage\":{\"@id\":\"https:\\\/\\\/ubirataonline.com.br\\\/homens-sao-presos-apos-espancar-pai-que-tentou-defender-a-familia-em-festa-no-parana\\\/#primaryimage\"},\"image\":{\"@id\":\"https:\\\/\\\/ubirataonline.com.br\\\/homens-sao-presos-apos-espancar-pai-que-tentou-defender-a-familia-em-festa-no-parana\\\/#primaryimage\"},\"thumbnailUrl\":\"https:\\\/\\\/ubirataonline.com.br\\\/wp-content\\\/uploads\\\/2026\\\/08\\\/news-162100-1785967485.webp\",\"datePublished\":\"2026-08-05T22:04:43+00:00\",\"description\":\"Dois suspeitos foram detidos nove dias ap\u00f3s o espancamento que vitimou Jackson Fernando Freitas Ribeiro, um pai de fam\u00edlia que apenas tentava apartar uma\",\"breadcrumb\":{\"@id\":\"https:\\\/\\\/ubirataonline.com.br\\\/homens-sao-presos-apos-espancar-pai-que-tentou-defender-a-familia-em-festa-no-parana\\\/#breadcrumb\"},\"inLanguage\":\"en-US\",\"potentialAction\":[{\"@type\":\"ReadAction\",\"target\":[\"https:\\\/\\\/ubirataonline.com.br\\\/homens-sao-presos-apos-espancar-pai-que-tentou-defender-a-familia-em-festa-no-parana\\\/\"]}]},{\"@type\":\"ImageObject\",\"inLanguage\":\"en-US\",\"@id\":\"https:\\\/\\\/ubirataonline.com.br\\\/homens-sao-presos-apos-espancar-pai-que-tentou-defender-a-familia-em-festa-no-parana\\\/#primaryimage\",\"url\":\"https:\\\/\\\/ubirataonline.com.br\\\/wp-content\\\/uploads\\\/2026\\\/08\\\/news-162100-1785967485.webp\",\"contentUrl\":\"https:\\\/\\\/ubirataonline.com.br\\\/wp-content\\\/uploads\\\/2026\\\/08\\\/news-162100-1785967485.webp\",\"width\":135,\"height\":240,\"caption\":\"Homens s\u00e3o presos ap\u00f3s espancar pai que tentou defender a fam\u00edlia em festa no Paran\u00e1\"},{\"@type\":\"BreadcrumbList\",\"@id\":\"https:\\\/\\\/ubirataonline.com.br\\\/homens-sao-presos-apos-espancar-pai-que-tentou-defender-a-familia-em-festa-no-parana\\\/#breadcrumb\",\"itemListElement\":[{\"@type\":\"ListItem\",\"position\":1,\"name\":\"In\u00edcio\",\"item\":\"https:\\\/\\\/ubirataonline.com.br\\\/\"},{\"@type\":\"ListItem\",\"position\":2,\"name\":\"Homens s\u00e3o presos ap\u00f3s espancar pai que tentou defender a fam\u00edlia em festa no Paran\u00e1\"}]},{\"@type\":\"WebSite\",\"@id\":\"https:\\\/\\\/ubirataonline.com.br\\\/#website\",\"url\":\"https:\\\/\\\/ubirataonline.com.br\\\/\",\"name\":\"Ubirat\u00e3 Online Not\u00edcias\",\"description\":\"Not\u00edcias de Ubirat\u00e3, regi\u00e3o, Brasil e mundo, com informa\u00e7\u00e3o atualizada e compromisso com o leitor.\",\"publisher\":{\"@id\":\"https:\\\/\\\/ubirataonline.com.br\\\/#organization\"},\"alternateName\":\"Ubirat\u00e3 Online\",\"potentialAction\":[{\"@type\":\"SearchAction\",\"target\":{\"@type\":\"EntryPoint\",\"urlTemplate\":\"https:\\\/\\\/ubirataonline.com.br\\\/?s={search_term_string}\"},\"query-input\":{\"@type\":\"PropertyValueSpecification\",\"valueRequired\":true,\"valueName\":\"search_term_string\"}}],\"inLanguage\":\"en-US\"},{\"@type\":[\"Organization\",\"Place\"],\"@id\":\"https:\\\/\\\/ubirataonline.com.br\\\/#organization\",\"name\":\"Ubirat\u00e3 Online Not\u00edcias\",\"alternateName\":\"Ubirat\u00e3 Online\",\"url\":\"https:\\\/\\\/ubirataonline.com.br\\\/\",\"logo\":{\"@id\":\"https:\\\/\\\/ubirataonline.com.br\\\/homens-sao-presos-apos-espancar-pai-que-tentou-defender-a-familia-em-festa-no-parana\\\/#local-main-organization-logo\"},\"image\":{\"@id\":\"https:\\\/\\\/ubirataonline.com.br\\\/homens-sao-presos-apos-espancar-pai-que-tentou-defender-a-familia-em-festa-no-parana\\\/#local-main-organization-logo\"},\"sameAs\":[\"https:\\\/\\\/www.facebook.com\\\/portalubirataonline\",\"https:\\\/\\\/x.com\\\/ubirataonline\",\"https:\\\/\\\/mastodon.social\\\/@ubirataonline\",\"https:\\\/\\\/www.facebook.com\\\/groups\\\/311144672285604\",\"https:\\\/\\\/www.facebook.com\\\/UBTAOnline\",\"https:\\\/\\\/www.instagram.com\\\/portalubirataonline\\\/\",\"https:\\\/\\\/twitter.com\\\/ubirataonline\"],\"description\":\"Somos um portal de not\u00edcias independente, criado em 5 de janeiro de 2009, com o objetivo de informar, conectar e valorizar a nossa comunidade de Ubirat\u00e3 e toda aregi\u00e3o. Com conte\u00fado atualizado, confi\u00e1vel e relevante, o Ubirat\u00e3 Online \u00e9 o seu espa\u00e7o para ficar por dentro dos principais acontecimentos locais, regionais, Brasil, Mundo e de interesse geral. Nosso compromisso \u00e9 com a verdade, a transpar\u00eancia e o respeito ao leitor.\",\"legalName\":\"UBIRATA ONLINE NOT\u00cdCIAS\",\"foundingDate\":\"2009-01-05\",\"numberOfEmployees\":{\"@type\":\"QuantitativeValue\",\"minValue\":\"1\",\"maxValue\":\"10\"},\"publishingPrinciples\":\"https:\\\/\\\/ubirataonline.com.br\\\/faq\\\/\",\"address\":{\"@id\":\"https:\\\/\\\/ubirataonline.com.br\\\/homens-sao-presos-apos-espancar-pai-que-tentou-defender-a-familia-em-festa-no-parana\\\/#local-main-place-address\"},\"geo\":{\"@type\":\"GeoCoordinates\",\"latitude\":\"-24.5361401\",\"longitude\":\"-52.9921776\"},\"telephone\":[\"+5544998308235\"],\"contactPoint\":{\"@type\":\"ContactPoint\",\"email\":\"contato@ubirataonline.com.br\"},\"openingHoursSpecification\":{\"@type\":\"OpeningHoursSpecification\",\"dayOfWeek\":[\"Monday\",\"Tuesday\",\"Wednesday\",\"Thursday\",\"Friday\",\"Saturday\",\"Sunday\"],\"opens\":\"00:00\",\"closes\":\"23:59\"},\"email\":\"contato@ubirataonline.com.br\",\"vatID\":\"47.621.418\\\/0001-80\"},{\"@type\":\"Person\",\"@id\":\"https:\\\/\\\/ubirataonline.com.br\\\/#\\\/schema\\\/person\\\/372f87bbd3fdd79b8556b84c98d0bc1c\",\"name\":\"REDA\u00c7\u00c3O: UBIRAT\u00c3 ONLINE - F\u00c1BIO AUGUSTO CELESTINO\",\"pronouns\":\"Ele\",\"description\":\"Desde 2003 trabalhando com not\u00edcias.\",\"sameAs\":[\"http:\\\/\\\/ubirataoline.com.br\",\"https:\\\/\\\/www.facebook.com\\\/portalubirataonline\",\"https:\\\/\\\/www.instagram.com\\\/ubirataonline_oficial\",\"https:\\\/\\\/x.com\\\/x.com\\\/ubirataonline\"],\"honorificPrefix\":\"Mr.\",\"honorificSuffix\":\"MD\",\"birthDate\":\"1980-06-16\",\"gender\":\"masculino\",\"award\":[\"V\u00e1rios pr\u00eamios de melhor portal da cidade\"],\"jobTitle\":\"Diretor\",\"url\":\"https:\\\/\\\/ubirataonline.com.br\\\/en\\\/author\\\/ubirataonline\\\/\"},{\"@type\":\"PostalAddress\",\"@id\":\"https:\\\/\\\/ubirataonline.com.br\\\/homens-sao-presos-apos-espancar-pai-que-tentou-defender-a-familia-em-festa-no-parana\\\/#local-main-place-address\",\"streetAddress\":\"Rua dos Coqueiros, 104 - Bairro Boa Vista, Rua dos Coqueiros, 104 Bairro Boa Vista\",\"addressLocality\":\"UBIRATA\",\"postalCode\":\"85440-000\",\"addressRegion\":\"PR\",\"addressCountry\":\"BR\"},{\"@type\":\"ImageObject\",\"inLanguage\":\"en-US\",\"@id\":\"https:\\\/\\\/ubirataonline.com.br\\\/homens-sao-presos-apos-espancar-pai-que-tentou-defender-a-familia-em-festa-no-parana\\\/#local-main-organization-logo\",\"url\":\"https:\\\/\\\/ubirataonline.com.br\\\/wp-content\\\/uploads\\\/2026\\\/06\\\/logoubirataonline-1.webp\",\"contentUrl\":\"https:\\\/\\\/ubirataonline.com.br\\\/wp-content\\\/uploads\\\/2026\\\/06\\\/logoubirataonline-1.webp\",\"width\":500,\"height\":500,\"caption\":\"Ubirat\u00e3 Online Not\u00edcias\"}]}<\/script>\n<meta name=\"geo.placename\" content=\"UBIRATA\" \/>\n<meta name=\"geo.position\" content=\"-24.5361401;-52.9921776\" \/>\n<meta name=\"geo.region\" content=\"Brazil\" \/>\n<!-- \/ Yoast SEO Premium plugin. -->","yoast_head_json":{"title":"Homens s\u00e3o presos ap\u00f3s espancar pai que tentou defender a fam\u00edlia em festa no Paran\u00e1 - Ubirat\u00e3 Online Not\u00edcias - A realidade ao seu alcance!","description":"Dois suspeitos foram detidos nove dias ap\u00f3s o espancamento que vitimou Jackson Fernando Freitas Ribeiro, um pai de fam\u00edlia que apenas tentava apartar uma","robots":{"index":"index","follow":"follow","max-snippet":"max-snippet:-1","max-image-preview":"max-image-preview:large","max-video-preview":"max-video-preview:-1"},"canonical":"https:\/\/ubirataonline.com.br\/en\/homens-sao-presos-apos-espancar-pai-que-tentou-defender-a-familia-em-festa-no-parana\/","og_locale":"en_US","og_type":"article","og_title":"Homens s\u00e3o presos ap\u00f3s espancar pai que tentou defender a fam\u00edlia em festa no Paran\u00e1","og_description":"Dois suspeitos foram detidos nove dias ap\u00f3s o espancamento que vitimou Jackson Fernando Freitas Ribeiro, um pai de fam\u00edlia que apenas tentava apartar uma","og_url":"https:\/\/ubirataonline.com.br\/en\/homens-sao-presos-apos-espancar-pai-que-tentou-defender-a-familia-em-festa-no-parana\/","og_site_name":"Ubirat\u00e3 Online Not\u00edcias - A realidade ao seu alcance!","article_publisher":"https:\/\/www.facebook.com\/portalubirataonline","article_author":"https:\/\/www.facebook.com\/portalubirataonline","article_published_time":"2026-08-05T22:04:43+00:00","og_image":[{"width":1531,"height":418,"url":"https:\/\/ubirataonline.com.br\/wp-content\/uploads\/2026\/05\/logo2026.webp","type":"image\/webp"}],"author":"REDA\u00c7\u00c3O: UBIRAT\u00c3 ONLINE - F\u00c1BIO AUGUSTO CELESTINO","twitter_card":"summary_large_image","twitter_creator":"@x.com\/ubirataonline","twitter_site":"@ubirataonline","twitter_misc":{"Written by":"REDA\u00c7\u00c3O: UBIRAT\u00c3 ONLINE - F\u00c1BIO AUGUSTO CELESTINO","Est. reading time":"3 minutes"},"schema":{"@context":"https:\/\/schema.org","@graph":[{"@type":"NewsArticle","@id":"https:\/\/ubirataonline.com.br\/homens-sao-presos-apos-espancar-pai-que-tentou-defender-a-familia-em-festa-no-parana\/#article","isPartOf":{"@id":"https:\/\/ubirataonline.com.br\/homens-sao-presos-apos-espancar-pai-que-tentou-defender-a-familia-em-festa-no-parana\/"},"author":{"name":"REDA\u00c7\u00c3O: UBIRAT\u00c3 ONLINE - F\u00c1BIO AUGUSTO CELESTINO","@id":"https:\/\/ubirataonline.com.br\/#\/schema\/person\/372f87bbd3fdd79b8556b84c98d0bc1c"},"headline":"Homens s\u00e3o presos ap\u00f3s espancar pai que tentou defender a fam\u00edlia em festa no Paran\u00e1","datePublished":"2026-08-05T22:04:43+00:00","mainEntityOfPage":{"@id":"https:\/\/ubirataonline.com.br\/homens-sao-presos-apos-espancar-pai-que-tentou-defender-a-familia-em-festa-no-parana\/"},"wordCount":524,"publisher":{"@id":"https:\/\/ubirataonline.com.br\/#organization"},"image":{"@id":"https:\/\/ubirataonline.com.br\/homens-sao-presos-apos-espancar-pai-que-tentou-defender-a-familia-em-festa-no-parana\/#primaryimage"},"thumbnailUrl":"https:\/\/ubirataonline.com.br\/wp-content\/uploads\/2026\/08\/news-162100-1785967485.webp","articleSection":["Variedades"],"inLanguage":"en-US","copyrightYear":"2026","copyrightHolder":{"@id":"https:\/\/ubirataonline.com.br\/en\/#organization"}},{"@type":"WebPage","@id":"https:\/\/ubirataonline.com.br\/homens-sao-presos-apos-espancar-pai-que-tentou-defender-a-familia-em-festa-no-parana\/","url":"https:\/\/ubirataonline.com.br\/homens-sao-presos-apos-espancar-pai-que-tentou-defender-a-familia-em-festa-no-parana\/","name":"Homens s\u00e3o presos ap\u00f3s espancar pai que tentou defender a fam\u00edlia em festa no Paran\u00e1 - Ubirat\u00e3 Online Not\u00edcias - A realidade ao seu alcance!","isPartOf":{"@id":"https:\/\/ubirataonline.com.br\/#website"},"primaryImageOfPage":{"@id":"https:\/\/ubirataonline.com.br\/homens-sao-presos-apos-espancar-pai-que-tentou-defender-a-familia-em-festa-no-parana\/#primaryimage"},"image":{"@id":"https:\/\/ubirataonline.com.br\/homens-sao-presos-apos-espancar-pai-que-tentou-defender-a-familia-em-festa-no-parana\/#primaryimage"},"thumbnailUrl":"https:\/\/ubirataonline.com.br\/wp-content\/uploads\/2026\/08\/news-162100-1785967485.webp","datePublished":"2026-08-05T22:04:43+00:00","description":"Dois suspeitos foram detidos nove dias ap\u00f3s o espancamento que vitimou Jackson Fernando Freitas Ribeiro, um pai de fam\u00edlia que apenas tentava apartar uma","breadcrumb":{"@id":"https:\/\/ubirataonline.com.br\/homens-sao-presos-apos-espancar-pai-que-tentou-defender-a-familia-em-festa-no-parana\/#breadcrumb"},"inLanguage":"en-US","potentialAction":[{"@type":"ReadAction","target":["https:\/\/ubirataonline.com.br\/homens-sao-presos-apos-espancar-pai-que-tentou-defender-a-familia-em-festa-no-parana\/"]}]},{"@type":"ImageObject","inLanguage":"en-US","@id":"https:\/\/ubirataonline.com.br\/homens-sao-presos-apos-espancar-pai-que-tentou-defender-a-familia-em-festa-no-parana\/#primaryimage","url":"https:\/\/ubirataonline.com.br\/wp-content\/uploads\/2026\/08\/news-162100-1785967485.webp","contentUrl":"https:\/\/ubirataonline.com.br\/wp-content\/uploads\/2026\/08\/news-162100-1785967485.webp","width":135,"height":240,"caption":"Homens s\u00e3o presos ap\u00f3s espancar pai que tentou defender a fam\u00edlia em festa no Paran\u00e1"},{"@type":"BreadcrumbList","@id":"https:\/\/ubirataonline.com.br\/homens-sao-presos-apos-espancar-pai-que-tentou-defender-a-familia-em-festa-no-parana\/#breadcrumb","itemListElement":[{"@type":"ListItem","position":1,"name":"In\u00edcio","item":"https:\/\/ubirataonline.com.br\/"},{"@type":"ListItem","position":2,"name":"Homens s\u00e3o presos ap\u00f3s espancar pai que tentou defender a fam\u00edlia em festa no Paran\u00e1"}]},{"@type":"WebSite","@id":"https:\/\/ubirataonline.com.br\/#website","url":"https:\/\/ubirataonline.com.br\/","name":"Ubirat\u00e3 Online Not\u00edcias","description":"Not\u00edcias de Ubirat\u00e3, regi\u00e3o, Brasil e mundo, com informa\u00e7\u00e3o atualizada e compromisso com o leitor.","publisher":{"@id":"https:\/\/ubirataonline.com.br\/#organization"},"alternateName":"Ubirat\u00e3 Online","potentialAction":[{"@type":"SearchAction","target":{"@type":"EntryPoint","urlTemplate":"https:\/\/ubirataonline.com.br\/?s={search_term_string}"},"query-input":{"@type":"PropertyValueSpecification","valueRequired":true,"valueName":"search_term_string"}}],"inLanguage":"en-US"},{"@type":["Organization","Place"],"@id":"https:\/\/ubirataonline.com.br\/#organization","name":"Ubirat\u00e3 Online Not\u00edcias","alternateName":"Ubirat\u00e3 Online","url":"https:\/\/ubirataonline.com.br\/","logo":{"@id":"https:\/\/ubirataonline.com.br\/homens-sao-presos-apos-espancar-pai-que-tentou-defender-a-familia-em-festa-no-parana\/#local-main-organization-logo"},"image":{"@id":"https:\/\/ubirataonline.com.br\/homens-sao-presos-apos-espancar-pai-que-tentou-defender-a-familia-em-festa-no-parana\/#local-main-organization-logo"},"sameAs":["https:\/\/www.facebook.com\/portalubirataonline","https:\/\/x.com\/ubirataonline","https:\/\/mastodon.social\/@ubirataonline","https:\/\/www.facebook.com\/groups\/311144672285604","https:\/\/www.facebook.com\/UBTAOnline","https:\/\/www.instagram.com\/portalubirataonline\/","https:\/\/twitter.com\/ubirataonline"],"description":"Somos um portal de not\u00edcias independente, criado em 5 de janeiro de 2009, com o objetivo de informar, conectar e valorizar a nossa comunidade de Ubirat\u00e3 e toda aregi\u00e3o. Com conte\u00fado atualizado, confi\u00e1vel e relevante, o Ubirat\u00e3 Online \u00e9 o seu espa\u00e7o para ficar por dentro dos principais acontecimentos locais, regionais, Brasil, Mundo e de interesse geral. Nosso compromisso \u00e9 com a verdade, a transpar\u00eancia e o respeito ao leitor.","legalName":"UBIRATA ONLINE NOT\u00cdCIAS","foundingDate":"2009-01-05","numberOfEmployees":{"@type":"QuantitativeValue","minValue":"1","maxValue":"10"},"publishingPrinciples":"https:\/\/ubirataonline.com.br\/faq\/","address":{"@id":"https:\/\/ubirataonline.com.br\/homens-sao-presos-apos-espancar-pai-que-tentou-defender-a-familia-em-festa-no-parana\/#local-main-place-address"},"geo":{"@type":"GeoCoordinates","latitude":"-24.5361401","longitude":"-52.9921776"},"telephone":["+5544998308235"],"contactPoint":{"@type":"ContactPoint","email":"contato@ubirataonline.com.br"},"openingHoursSpecification":{"@type":"OpeningHoursSpecification","dayOfWeek":["Monday","Tuesday","Wednesday","Thursday","Friday","Saturday","Sunday"],"opens":"00:00","closes":"23:59"},"email":"contato@ubirataonline.com.br","vatID":"47.621.418\/0001-80"},{"@type":"Person","@id":"https:\/\/ubirataonline.com.br\/#\/schema\/person\/372f87bbd3fdd79b8556b84c98d0bc1c","name":"REDA\u00c7\u00c3O: UBIRAT\u00c3 ONLINE - F\u00c1BIO AUGUSTO CELESTINO","pronouns":"Ele","description":"Desde 2003 trabalhando com not\u00edcias.","sameAs":["http:\/\/ubirataoline.com.br","https:\/\/www.facebook.com\/portalubirataonline","https:\/\/www.instagram.com\/ubirataonline_oficial","https:\/\/x.com\/x.com\/ubirataonline"],"honorificPrefix":"Mr.","honorificSuffix":"MD","birthDate":"1980-06-16","gender":"masculino","award":["V\u00e1rios pr\u00eamios de melhor portal da cidade"],"jobTitle":"Diretor","url":"https:\/\/ubirataonline.com.br\/en\/author\/ubirataonline\/"},{"@type":"PostalAddress","@id":"https:\/\/ubirataonline.com.br\/homens-sao-presos-apos-espancar-pai-que-tentou-defender-a-familia-em-festa-no-parana\/#local-main-place-address","streetAddress":"Rua dos Coqueiros, 104 - Bairro Boa Vista, Rua dos Coqueiros, 104 Bairro Boa Vista","addressLocality":"UBIRATA","postalCode":"85440-000","addressRegion":"PR","addressCountry":"BR"},{"@type":"ImageObject","inLanguage":"en-US","@id":"https:\/\/ubirataonline.com.br\/homens-sao-presos-apos-espancar-pai-que-tentou-defender-a-familia-em-festa-no-parana\/#local-main-organization-logo","url":"https:\/\/ubirataonline.com.br\/wp-content\/uploads\/2026\/06\/logoubirataonline-1.webp","contentUrl":"https:\/\/ubirataonline.com.br\/wp-content\/uploads\/2026\/06\/logoubirataonline-1.webp","width":500,"height":500,"caption":"Ubirat\u00e3 Online Not\u00edcias"}]},"geo.placename":"UBIRATA","geo.position":{"lat":"-24.5361401","long":"-52.9921776"},"geo.region":"Brazil"},"_links":{"self":[{"href":"https:\/\/ubirataonline.com.br\/en\/wp-json\/wp\/v2\/posts\/162100","targetHints":{"allow":["GET"]}}],"collection":[{"href":"https:\/\/ubirataonline.com.br\/en\/wp-json\/wp\/v2\/posts"}],"about":[{"href":"https:\/\/ubirataonline.com.br\/en\/wp-json\/wp\/v2\/types\/post"}],"author":[{"embeddable":true,"href":"https:\/\/ubirataonline.com.br\/en\/wp-json\/wp\/v2\/users\/1"}],"replies":[{"embeddable":true,"href":"https:\/\/ubirataonline.com.br\/en\/wp-json\/wp\/v2\/comments?post=162100"}],"version-history":[{"count":0,"href":"https:\/\/ubirataonline.com.br\/en\/wp-json\/wp\/v2\/posts\/162100\/revisions"}],"wp:featuredmedia":[{"embeddable":true,"href":"https:\/\/ubirataonline.com.br\/en\/wp-json\/wp\/v2\/media\/162101"}],"wp:attachment":[{"href":"https:\/\/ubirataonline.com.br\/en\/wp-json\/wp\/v2\/media?parent=162100"}],"wp:term":[{"taxonomy":"category","embeddable":true,"href":"https:\/\/ubirataonline.com.br\/en\/wp-json\/wp\/v2\/categories?post=162100"},{"taxonomy":"post_tag","embeddable":true,"href":"https:\/\/ubirataonline.com.br\/en\/wp-json\/wp\/v2\/tags?post=162100"}],"curies":[{"name":"wp","href":"https:\/\/api.w.org\/{rel}","templated":true}]}}