{"id":162255,"date":"2026-08-06T07:34:43","date_gmt":"2026-08-06T10:34:43","guid":{"rendered":"https:\/\/ubirataonline.com.br\/nunes-denuncia-ex-vereador-camilo-cristofaro-por-calunia-e-difamacao\/"},"modified":"2026-08-06T07:34:44","modified_gmt":"2026-08-06T10:34:44","slug":"nunes-denuncia-ex-vereador-camilo-cristofaro-por-calunia-e-difamacao","status":"publish","type":"post","link":"https:\/\/ubirataonline.com.br\/en\/nunes-denuncia-ex-vereador-camilo-cristofaro-por-calunia-e-difamacao\/","title":{"rendered":"Nunes denuncia ex-vereador Camilo Crist\u00f3faro por cal\u00fania e difama\u00e7\u00e3o"},"content":{"rendered":"<p><\/p>\n<div>\n<p>O prefeito de S\u00e3o Paulo, Ricardo Nunes (MDB) apresentou uma not\u00edcia-crime conta o ex-vereador Camilo Crist\u00f3faro nesta quarta-feira, 5, por cal\u00fania, inj\u00faria e difama\u00e7\u00e3o. Na den\u00fancia, enviada ao Departamento de Pol\u00edcia de Prote\u00e7\u00e3o \u00e0 Cidadania, Nunes pede uma investiga\u00e7\u00e3o contra o que classificou como \u201cuma campanha difamat\u00f3ria sistem\u00e1tica, cont\u00ednua e dolorosamente premeditada\u201d como ele.<\/p>\n<p>O documento cita publica\u00e7\u00f5es feitas pelo ex-parlamentar nas redes sociais nos dias 17 e 18 de julho, em que Crist\u00f3faro se refere ao prefeito como \u201ccara de pau\u201d e acusa o emedebista de destruir a CET (Companhia de Engenharia de Tr\u00e1fego), citando reportagens sobre o aumento no n\u00famero de mortes ocorridas no tr\u00e2nsito na capital paulista. O <b>Estad\u00e3o<\/b> tenta contato com a defesa de Crist\u00f3faro. <\/p>\n<p>Procurado, o prefeito afirmou que ex-vereador tentava conseguir cargo na gest\u00e3o municipal e ataques ocorreram ao ter pedidos negados. <\/p>\n<p>\u201cO Camilo ultrapassou todos os limites do razo\u00e1vel em ataques somente porque eu n\u00e3o pude atender os pedidos dele para ser Subprefeito ou outra nomea\u00e7\u00e3o no governo. A\u00ed quando os ataques passam a praticamente uma chantagem \u00e9 preciso buscar no local adequado, que \u00e9 o judici\u00e1rio, para que esse tipo de a\u00e7\u00e3o pare.\u201d<\/p>\n<p>Al\u00e9m de solicitar a responsabiliza\u00e7\u00e3o de Crist\u00f3faro, a den\u00fancia requer que a Justi\u00e7a determine a exclus\u00e3o das publica\u00e7\u00f5es consideradas criminosas e autorize a suspens\u00e3o e o bloqueio de seus perfis, mediante pedido da pol\u00edcia.<\/p>\n<p><b>Racismo e outras den\u00fancias<\/b><\/p>\n<p>Em 2023, Crist\u00f3faro teve o mandato cassado por usar a express\u00e3o \u201ccoisa de preto\u201d. No ano seguinte, ele foi absolvido pelo Tribunal de Justi\u00e7a de S\u00e3o Paulo. O processo de cassa\u00e7\u00e3o, no entanto, n\u00e3o tem rela\u00e7\u00e3o com a a\u00e7\u00e3o penal e nem vincula o resultado na esfera criminal.<\/p>\n<p>Em mar\u00e7o deste ano, o Minist\u00e9rio P\u00fablico de S\u00e3o Paulo (MPSP) denunciou o ex-vereador pelo crime de difama\u00e7\u00e3o contra secret\u00e1rio de seguran\u00e7a p\u00fablica do Estado, Osvaldo Nico, e contra o ex-titular da pasta Guilherme Derrite (PP).<\/p>\n<p>O ex-parlamentar usou as redes sociais para fazer postagens criticando Nico e Derrite durante uma s\u00e9rie de ataques a \u00f4nibus na Grande S\u00e3o Paulo. <\/p>\n<\/p><\/div>\n<p><a href=\"https:\/\/cgn.inf.br\/noticia\/2164759\/nunes-denuncia-ex-vereador-camilo-cristofaro-por-calunia-e-difamacao\">CR\u00c9DITOS E LINK DO ARTIGO <\/a><br \/>\n<a href=\"https:\/\/ubirataonline.com.br\/en\/noticias\/\" target=\"_blank\" rel=\"noopener noreferrer\">Mais Not\u00edcias<\/a><\/p>\n<p><a href=\"https:\/\/ubirataonline.com.br\/en\/\" target=\"_blank\" rel=\"noopener noreferrer\">Home Page &#8211; In\u00edcio<\/a><br \/>\n<br \/>\nSee more: <a href=\"https:\/\/theglobaltrack.com\/\" target=\"_blank\" rel=\"noopener noreferrer\">The Global Track<\/a><\/p>\n<p><a href=\"https:\/\/corinthiames.com.br\/\" target=\"_blank\" rel=\"noopener noreferrer\">Corinthia Mes<\/a><\/p>","protected":false},"excerpt":{"rendered":"<p>O prefeito de S\u00e3o Paulo, Ricardo Nunes (MDB) apresentou uma not\u00edcia-crime conta o ex-vereador Camilo Crist\u00f3faro nesta quarta-feira, 5, por cal\u00fania, inj\u00faria e difama\u00e7\u00e3o. Na den\u00fancia, enviada ao Departamento de Pol\u00edcia de Prote\u00e7\u00e3o \u00e0 Cidadania, Nunes pede uma investiga\u00e7\u00e3o contra o que classificou como \u201cuma campanha difamat\u00f3ria sistem\u00e1tica, cont\u00ednua e dolorosamente premeditada\u201d como ele. O [&hellip;]<\/p>\n","protected":false},"author":1,"featured_media":92994,"comment_status":"closed","ping_status":"","sticky":false,"template":"","format":"standard","meta":{"googlesitekit_rrm_CAow2JLhCw:productID":"","_gspb_post_css":"","maa_idioma":"","maa_pais":"","footnotes":""},"categories":[4],"tags":[28555,11867,43786,233,43787,8014,18243,3211],"class_list":["post-162255","post","type-post","status-publish","format-standard","has-post-thumbnail","hentry","category-brasil","tag-calunia","tag-camilo","tag-cristofaro","tag-denuncia","tag-difamacao","tag-exvereador","tag-nunes","tag-por"],"blocksy_meta":[],"yoast_head":"<!-- This site is optimized with the Yoast SEO Premium plugin v27.6 (Yoast SEO v27.6) - https:\/\/yoast.com\/product\/yoast-seo-premium-wordpress\/ -->\n<title>Nunes denuncia ex-vereador Camilo Crist\u00f3faro por cal\u00fania e difama\u00e7\u00e3o - Ubirat\u00e3 Online Not\u00edcias - A realidade ao seu alcance!<\/title>\n<meta name=\"description\" content=\"O prefeito de S\u00e3o Paulo, Ricardo Nunes (MDB) apresentou uma not\u00edcia-crime conta o ex-vereador Camilo Crist\u00f3faro nesta quarta-feira, 5, por cal\u00fania,\" \/>\n<meta name=\"robots\" content=\"index, follow, max-snippet:-1, max-image-preview:large, max-video-preview:-1\" \/>\n<link rel=\"canonical\" href=\"https:\/\/ubirataonline.com.br\/en\/nunes-denuncia-ex-vereador-camilo-cristofaro-por-calunia-e-difamacao\/\" \/>\n<meta property=\"og:locale\" content=\"en_US\" \/>\n<meta property=\"og:type\" content=\"article\" \/>\n<meta property=\"og:title\" content=\"Nunes denuncia ex-vereador Camilo Crist\u00f3faro por cal\u00fania e difama\u00e7\u00e3o\" \/>\n<meta property=\"og:description\" content=\"O prefeito de S\u00e3o Paulo, Ricardo Nunes (MDB) apresentou uma not\u00edcia-crime conta o ex-vereador Camilo Crist\u00f3faro nesta quarta-feira, 5, por cal\u00fania,\" \/>\n<meta property=\"og:url\" content=\"https:\/\/ubirataonline.com.br\/en\/nunes-denuncia-ex-vereador-camilo-cristofaro-por-calunia-e-difamacao\/\" \/>\n<meta property=\"og:site_name\" content=\"Ubirat\u00e3 Online Not\u00edcias - A realidade ao seu alcance!\" \/>\n<meta property=\"article:publisher\" content=\"https:\/\/www.facebook.com\/portalubirataonline\" \/>\n<meta property=\"article:author\" content=\"https:\/\/www.facebook.com\/portalubirataonline\" \/>\n<meta property=\"article:published_time\" content=\"2026-08-06T10:34:43+00:00\" \/>\n<meta property=\"article:modified_time\" content=\"2026-08-06T10:34:44+00:00\" \/>\n<meta property=\"og:image\" content=\"https:\/\/ubirataonline.com.br\/wp-content\/uploads\/2026\/03\/Gilmar-ve-explicacao-insuficiente-e-da-72-horas-para-MPRJ.gif\" \/>\n\t<meta property=\"og:image:width\" content=\"768\" \/>\n\t<meta property=\"og:image:height\" content=\"461\" \/>\n\t<meta property=\"og:image:type\" content=\"image\/gif\" \/>\n<meta name=\"author\" content=\"REDA\u00c7\u00c3O: UBIRAT\u00c3 ONLINE - F\u00c1BIO AUGUSTO CELESTINO\" \/>\n<meta name=\"twitter:card\" content=\"summary_large_image\" \/>\n<meta name=\"twitter:creator\" content=\"@x.com\/ubirataonline\" \/>\n<meta name=\"twitter:site\" content=\"@ubirataonline\" \/>\n<meta name=\"twitter:label1\" content=\"Written by\" \/>\n\t<meta name=\"twitter:data1\" content=\"REDA\u00c7\u00c3O: UBIRAT\u00c3 ONLINE - F\u00c1BIO AUGUSTO CELESTINO\" \/>\n\t<meta name=\"twitter:label2\" content=\"Est. reading time\" \/>\n\t<meta name=\"twitter:data2\" content=\"2 minutes\" \/>\n<script type=\"application\/ld+json\" class=\"yoast-schema-graph\">{\"@context\":\"https:\\\/\\\/schema.org\",\"@graph\":[{\"@type\":\"NewsArticle\",\"@id\":\"https:\\\/\\\/ubirataonline.com.br\\\/nunes-denuncia-ex-vereador-camilo-cristofaro-por-calunia-e-difamacao\\\/#article\",\"isPartOf\":{\"@id\":\"https:\\\/\\\/ubirataonline.com.br\\\/nunes-denuncia-ex-vereador-camilo-cristofaro-por-calunia-e-difamacao\\\/\"},\"author\":{\"name\":\"REDA\u00c7\u00c3O: UBIRAT\u00c3 ONLINE - F\u00c1BIO AUGUSTO CELESTINO\",\"@id\":\"https:\\\/\\\/ubirataonline.com.br\\\/#\\\/schema\\\/person\\\/372f87bbd3fdd79b8556b84c98d0bc1c\"},\"headline\":\"Nunes denuncia ex-vereador Camilo Crist\u00f3faro por cal\u00fania e difama\u00e7\u00e3o\",\"datePublished\":\"2026-08-06T10:34:43+00:00\",\"dateModified\":\"2026-08-06T10:34:44+00:00\",\"mainEntityOfPage\":{\"@id\":\"https:\\\/\\\/ubirataonline.com.br\\\/nunes-denuncia-ex-vereador-camilo-cristofaro-por-calunia-e-difamacao\\\/\"},\"wordCount\":417,\"publisher\":{\"@id\":\"https:\\\/\\\/ubirataonline.com.br\\\/#organization\"},\"image\":{\"@id\":\"https:\\\/\\\/ubirataonline.com.br\\\/nunes-denuncia-ex-vereador-camilo-cristofaro-por-calunia-e-difamacao\\\/#primaryimage\"},\"thumbnailUrl\":\"https:\\\/\\\/ubirataonline.com.br\\\/wp-content\\\/uploads\\\/2026\\\/03\\\/Gilmar-ve-explicacao-insuficiente-e-da-72-horas-para-MPRJ.gif\",\"keywords\":[\"cal\u00fania\",\"Camilo\",\"Crist\u00f3faro\",\"Den\u00fancia\",\"difama\u00e7\u00e3o\",\"exvereador\",\"Nunes\",\"por\"],\"articleSection\":[\"Brasil\"],\"inLanguage\":\"en-US\",\"copyrightYear\":\"2026\",\"copyrightHolder\":{\"@id\":\"https:\\\/\\\/ubirataonline.com.br\\\/en\\\/#organization\"}},{\"@type\":\"WebPage\",\"@id\":\"https:\\\/\\\/ubirataonline.com.br\\\/nunes-denuncia-ex-vereador-camilo-cristofaro-por-calunia-e-difamacao\\\/\",\"url\":\"https:\\\/\\\/ubirataonline.com.br\\\/nunes-denuncia-ex-vereador-camilo-cristofaro-por-calunia-e-difamacao\\\/\",\"name\":\"Nunes denuncia ex-vereador Camilo Crist\u00f3faro por cal\u00fania e difama\u00e7\u00e3o - Ubirat\u00e3 Online Not\u00edcias - A realidade ao seu alcance!\",\"isPartOf\":{\"@id\":\"https:\\\/\\\/ubirataonline.com.br\\\/#website\"},\"primaryImageOfPage\":{\"@id\":\"https:\\\/\\\/ubirataonline.com.br\\\/nunes-denuncia-ex-vereador-camilo-cristofaro-por-calunia-e-difamacao\\\/#primaryimage\"},\"image\":{\"@id\":\"https:\\\/\\\/ubirataonline.com.br\\\/nunes-denuncia-ex-vereador-camilo-cristofaro-por-calunia-e-difamacao\\\/#primaryimage\"},\"thumbnailUrl\":\"https:\\\/\\\/ubirataonline.com.br\\\/wp-content\\\/uploads\\\/2026\\\/03\\\/Gilmar-ve-explicacao-insuficiente-e-da-72-horas-para-MPRJ.gif\",\"datePublished\":\"2026-08-06T10:34:43+00:00\",\"dateModified\":\"2026-08-06T10:34:44+00:00\",\"description\":\"O prefeito de S\u00e3o Paulo, Ricardo Nunes (MDB) apresentou uma not\u00edcia-crime conta o ex-vereador Camilo Crist\u00f3faro nesta quarta-feira, 5, por cal\u00fania,\",\"breadcrumb\":{\"@id\":\"https:\\\/\\\/ubirataonline.com.br\\\/nunes-denuncia-ex-vereador-camilo-cristofaro-por-calunia-e-difamacao\\\/#breadcrumb\"},\"inLanguage\":\"en-US\",\"potentialAction\":[{\"@type\":\"ReadAction\",\"target\":[\"https:\\\/\\\/ubirataonline.com.br\\\/nunes-denuncia-ex-vereador-camilo-cristofaro-por-calunia-e-difamacao\\\/\"]}]},{\"@type\":\"ImageObject\",\"inLanguage\":\"en-US\",\"@id\":\"https:\\\/\\\/ubirataonline.com.br\\\/nunes-denuncia-ex-vereador-camilo-cristofaro-por-calunia-e-difamacao\\\/#primaryimage\",\"url\":\"https:\\\/\\\/ubirataonline.com.br\\\/wp-content\\\/uploads\\\/2026\\\/03\\\/Gilmar-ve-explicacao-insuficiente-e-da-72-horas-para-MPRJ.gif\",\"contentUrl\":\"https:\\\/\\\/ubirataonline.com.br\\\/wp-content\\\/uploads\\\/2026\\\/03\\\/Gilmar-ve-explicacao-insuficiente-e-da-72-horas-para-MPRJ.gif\",\"width\":768,\"height\":461,\"caption\":\"Gilmar v\u00ea explica\u00e7\u00e3o insuficiente e d\u00e1 72 horas para MPRJ explicar pagamento de penduricalhos\"},{\"@type\":\"BreadcrumbList\",\"@id\":\"https:\\\/\\\/ubirataonline.com.br\\\/nunes-denuncia-ex-vereador-camilo-cristofaro-por-calunia-e-difamacao\\\/#breadcrumb\",\"itemListElement\":[{\"@type\":\"ListItem\",\"position\":1,\"name\":\"In\u00edcio\",\"item\":\"https:\\\/\\\/ubirataonline.com.br\\\/\"},{\"@type\":\"ListItem\",\"position\":2,\"name\":\"Nunes denuncia ex-vereador Camilo Crist\u00f3faro por cal\u00fania e difama\u00e7\u00e3o\"}]},{\"@type\":\"WebSite\",\"@id\":\"https:\\\/\\\/ubirataonline.com.br\\\/#website\",\"url\":\"https:\\\/\\\/ubirataonline.com.br\\\/\",\"name\":\"Ubirat\u00e3 Online Not\u00edcias\",\"description\":\"Not\u00edcias de Ubirat\u00e3, regi\u00e3o, Brasil e mundo, com informa\u00e7\u00e3o atualizada e compromisso com o leitor.\",\"publisher\":{\"@id\":\"https:\\\/\\\/ubirataonline.com.br\\\/#organization\"},\"alternateName\":\"Ubirat\u00e3 Online\",\"potentialAction\":[{\"@type\":\"SearchAction\",\"target\":{\"@type\":\"EntryPoint\",\"urlTemplate\":\"https:\\\/\\\/ubirataonline.com.br\\\/?s={search_term_string}\"},\"query-input\":{\"@type\":\"PropertyValueSpecification\",\"valueRequired\":true,\"valueName\":\"search_term_string\"}}],\"inLanguage\":\"en-US\"},{\"@type\":[\"Organization\",\"Place\"],\"@id\":\"https:\\\/\\\/ubirataonline.com.br\\\/#organization\",\"name\":\"Ubirat\u00e3 Online Not\u00edcias\",\"alternateName\":\"Ubirat\u00e3 Online\",\"url\":\"https:\\\/\\\/ubirataonline.com.br\\\/\",\"logo\":{\"@id\":\"https:\\\/\\\/ubirataonline.com.br\\\/nunes-denuncia-ex-vereador-camilo-cristofaro-por-calunia-e-difamacao\\\/#local-main-organization-logo\"},\"image\":{\"@id\":\"https:\\\/\\\/ubirataonline.com.br\\\/nunes-denuncia-ex-vereador-camilo-cristofaro-por-calunia-e-difamacao\\\/#local-main-organization-logo\"},\"sameAs\":[\"https:\\\/\\\/www.facebook.com\\\/portalubirataonline\",\"https:\\\/\\\/x.com\\\/ubirataonline\",\"https:\\\/\\\/mastodon.social\\\/@ubirataonline\",\"https:\\\/\\\/www.facebook.com\\\/groups\\\/311144672285604\",\"https:\\\/\\\/www.facebook.com\\\/UBTAOnline\",\"https:\\\/\\\/www.instagram.com\\\/portalubirataonline\\\/\",\"https:\\\/\\\/twitter.com\\\/ubirataonline\"],\"description\":\"Somos um portal de not\u00edcias independente, criado em 5 de janeiro de 2009, com o objetivo de informar, conectar e valorizar a nossa comunidade de Ubirat\u00e3 e toda aregi\u00e3o. Com conte\u00fado atualizado, confi\u00e1vel e relevante, o Ubirat\u00e3 Online \u00e9 o seu espa\u00e7o para ficar por dentro dos principais acontecimentos locais, regionais, Brasil, Mundo e de interesse geral. Nosso compromisso \u00e9 com a verdade, a transpar\u00eancia e o respeito ao leitor.\",\"legalName\":\"UBIRATA ONLINE NOT\u00cdCIAS\",\"foundingDate\":\"2009-01-05\",\"numberOfEmployees\":{\"@type\":\"QuantitativeValue\",\"minValue\":\"1\",\"maxValue\":\"10\"},\"publishingPrinciples\":\"https:\\\/\\\/ubirataonline.com.br\\\/faq\\\/\",\"address\":{\"@id\":\"https:\\\/\\\/ubirataonline.com.br\\\/nunes-denuncia-ex-vereador-camilo-cristofaro-por-calunia-e-difamacao\\\/#local-main-place-address\"},\"geo\":{\"@type\":\"GeoCoordinates\",\"latitude\":\"-24.5361401\",\"longitude\":\"-52.9921776\"},\"telephone\":[\"+5544998308235\"],\"contactPoint\":{\"@type\":\"ContactPoint\",\"email\":\"contato@ubirataonline.com.br\"},\"openingHoursSpecification\":{\"@type\":\"OpeningHoursSpecification\",\"dayOfWeek\":[\"Monday\",\"Tuesday\",\"Wednesday\",\"Thursday\",\"Friday\",\"Saturday\",\"Sunday\"],\"opens\":\"00:00\",\"closes\":\"23:59\"},\"email\":\"contato@ubirataonline.com.br\",\"vatID\":\"47.621.418\\\/0001-80\"},{\"@type\":\"Person\",\"@id\":\"https:\\\/\\\/ubirataonline.com.br\\\/#\\\/schema\\\/person\\\/372f87bbd3fdd79b8556b84c98d0bc1c\",\"name\":\"REDA\u00c7\u00c3O: UBIRAT\u00c3 ONLINE - F\u00c1BIO AUGUSTO CELESTINO\",\"pronouns\":\"Ele\",\"description\":\"Desde 2003 trabalhando com not\u00edcias.\",\"sameAs\":[\"http:\\\/\\\/ubirataoline.com.br\",\"https:\\\/\\\/www.facebook.com\\\/portalubirataonline\",\"https:\\\/\\\/www.instagram.com\\\/ubirataonline_oficial\",\"https:\\\/\\\/x.com\\\/x.com\\\/ubirataonline\"],\"honorificPrefix\":\"Mr.\",\"honorificSuffix\":\"MD\",\"birthDate\":\"1980-06-16\",\"gender\":\"masculino\",\"award\":[\"V\u00e1rios pr\u00eamios de melhor portal da cidade\"],\"jobTitle\":\"Diretor\",\"url\":\"https:\\\/\\\/ubirataonline.com.br\\\/en\\\/author\\\/ubirataonline\\\/\"},{\"@type\":\"PostalAddress\",\"@id\":\"https:\\\/\\\/ubirataonline.com.br\\\/nunes-denuncia-ex-vereador-camilo-cristofaro-por-calunia-e-difamacao\\\/#local-main-place-address\",\"streetAddress\":\"Rua dos Coqueiros, 104 - Bairro Boa Vista, Rua dos Coqueiros, 104 Bairro Boa Vista\",\"addressLocality\":\"UBIRATA\",\"postalCode\":\"85440-000\",\"addressRegion\":\"PR\",\"addressCountry\":\"BR\"},{\"@type\":\"ImageObject\",\"inLanguage\":\"en-US\",\"@id\":\"https:\\\/\\\/ubirataonline.com.br\\\/nunes-denuncia-ex-vereador-camilo-cristofaro-por-calunia-e-difamacao\\\/#local-main-organization-logo\",\"url\":\"https:\\\/\\\/ubirataonline.com.br\\\/wp-content\\\/uploads\\\/2026\\\/06\\\/logoubirataonline-1.webp\",\"contentUrl\":\"https:\\\/\\\/ubirataonline.com.br\\\/wp-content\\\/uploads\\\/2026\\\/06\\\/logoubirataonline-1.webp\",\"width\":500,\"height\":500,\"caption\":\"Ubirat\u00e3 Online Not\u00edcias\"}]}<\/script>\n<meta name=\"geo.placename\" content=\"UBIRATA\" \/>\n<meta name=\"geo.position\" content=\"-24.5361401;-52.9921776\" \/>\n<meta name=\"geo.region\" content=\"Brazil\" \/>\n<!-- \/ Yoast SEO Premium plugin. -->","yoast_head_json":{"title":"Nunes denuncia ex-vereador Camilo Crist\u00f3faro por cal\u00fania e difama\u00e7\u00e3o - Ubirat\u00e3 Online Not\u00edcias - A realidade ao seu alcance!","description":"O prefeito de S\u00e3o Paulo, Ricardo Nunes (MDB) apresentou uma not\u00edcia-crime conta o ex-vereador Camilo Crist\u00f3faro nesta quarta-feira, 5, por cal\u00fania,","robots":{"index":"index","follow":"follow","max-snippet":"max-snippet:-1","max-image-preview":"max-image-preview:large","max-video-preview":"max-video-preview:-1"},"canonical":"https:\/\/ubirataonline.com.br\/en\/nunes-denuncia-ex-vereador-camilo-cristofaro-por-calunia-e-difamacao\/","og_locale":"en_US","og_type":"article","og_title":"Nunes denuncia ex-vereador Camilo Crist\u00f3faro por cal\u00fania e difama\u00e7\u00e3o","og_description":"O prefeito de S\u00e3o Paulo, Ricardo Nunes (MDB) apresentou uma not\u00edcia-crime conta o ex-vereador Camilo Crist\u00f3faro nesta quarta-feira, 5, por cal\u00fania,","og_url":"https:\/\/ubirataonline.com.br\/en\/nunes-denuncia-ex-vereador-camilo-cristofaro-por-calunia-e-difamacao\/","og_site_name":"Ubirat\u00e3 Online Not\u00edcias - A realidade ao seu alcance!","article_publisher":"https:\/\/www.facebook.com\/portalubirataonline","article_author":"https:\/\/www.facebook.com\/portalubirataonline","article_published_time":"2026-08-06T10:34:43+00:00","article_modified_time":"2026-08-06T10:34:44+00:00","og_image":[{"width":768,"height":461,"url":"https:\/\/ubirataonline.com.br\/wp-content\/uploads\/2026\/03\/Gilmar-ve-explicacao-insuficiente-e-da-72-horas-para-MPRJ.gif","type":"image\/gif"}],"author":"REDA\u00c7\u00c3O: UBIRAT\u00c3 ONLINE - F\u00c1BIO AUGUSTO CELESTINO","twitter_card":"summary_large_image","twitter_creator":"@x.com\/ubirataonline","twitter_site":"@ubirataonline","twitter_misc":{"Written by":"REDA\u00c7\u00c3O: UBIRAT\u00c3 ONLINE - F\u00c1BIO AUGUSTO CELESTINO","Est. reading time":"2 minutes"},"schema":{"@context":"https:\/\/schema.org","@graph":[{"@type":"NewsArticle","@id":"https:\/\/ubirataonline.com.br\/nunes-denuncia-ex-vereador-camilo-cristofaro-por-calunia-e-difamacao\/#article","isPartOf":{"@id":"https:\/\/ubirataonline.com.br\/nunes-denuncia-ex-vereador-camilo-cristofaro-por-calunia-e-difamacao\/"},"author":{"name":"REDA\u00c7\u00c3O: UBIRAT\u00c3 ONLINE - F\u00c1BIO AUGUSTO CELESTINO","@id":"https:\/\/ubirataonline.com.br\/#\/schema\/person\/372f87bbd3fdd79b8556b84c98d0bc1c"},"headline":"Nunes denuncia ex-vereador Camilo Crist\u00f3faro por cal\u00fania e difama\u00e7\u00e3o","datePublished":"2026-08-06T10:34:43+00:00","dateModified":"2026-08-06T10:34:44+00:00","mainEntityOfPage":{"@id":"https:\/\/ubirataonline.com.br\/nunes-denuncia-ex-vereador-camilo-cristofaro-por-calunia-e-difamacao\/"},"wordCount":417,"publisher":{"@id":"https:\/\/ubirataonline.com.br\/#organization"},"image":{"@id":"https:\/\/ubirataonline.com.br\/nunes-denuncia-ex-vereador-camilo-cristofaro-por-calunia-e-difamacao\/#primaryimage"},"thumbnailUrl":"https:\/\/ubirataonline.com.br\/wp-content\/uploads\/2026\/03\/Gilmar-ve-explicacao-insuficiente-e-da-72-horas-para-MPRJ.gif","keywords":["cal\u00fania","Camilo","Crist\u00f3faro","Den\u00fancia","difama\u00e7\u00e3o","exvereador","Nunes","por"],"articleSection":["Brasil"],"inLanguage":"en-US","copyrightYear":"2026","copyrightHolder":{"@id":"https:\/\/ubirataonline.com.br\/en\/#organization"}},{"@type":"WebPage","@id":"https:\/\/ubirataonline.com.br\/nunes-denuncia-ex-vereador-camilo-cristofaro-por-calunia-e-difamacao\/","url":"https:\/\/ubirataonline.com.br\/nunes-denuncia-ex-vereador-camilo-cristofaro-por-calunia-e-difamacao\/","name":"Nunes denuncia ex-vereador Camilo Crist\u00f3faro por cal\u00fania e difama\u00e7\u00e3o - Ubirat\u00e3 Online Not\u00edcias - A realidade ao seu alcance!","isPartOf":{"@id":"https:\/\/ubirataonline.com.br\/#website"},"primaryImageOfPage":{"@id":"https:\/\/ubirataonline.com.br\/nunes-denuncia-ex-vereador-camilo-cristofaro-por-calunia-e-difamacao\/#primaryimage"},"image":{"@id":"https:\/\/ubirataonline.com.br\/nunes-denuncia-ex-vereador-camilo-cristofaro-por-calunia-e-difamacao\/#primaryimage"},"thumbnailUrl":"https:\/\/ubirataonline.com.br\/wp-content\/uploads\/2026\/03\/Gilmar-ve-explicacao-insuficiente-e-da-72-horas-para-MPRJ.gif","datePublished":"2026-08-06T10:34:43+00:00","dateModified":"2026-08-06T10:34:44+00:00","description":"O prefeito de S\u00e3o Paulo, Ricardo Nunes (MDB) apresentou uma not\u00edcia-crime conta o ex-vereador Camilo Crist\u00f3faro nesta quarta-feira, 5, por cal\u00fania,","breadcrumb":{"@id":"https:\/\/ubirataonline.com.br\/nunes-denuncia-ex-vereador-camilo-cristofaro-por-calunia-e-difamacao\/#breadcrumb"},"inLanguage":"en-US","potentialAction":[{"@type":"ReadAction","target":["https:\/\/ubirataonline.com.br\/nunes-denuncia-ex-vereador-camilo-cristofaro-por-calunia-e-difamacao\/"]}]},{"@type":"ImageObject","inLanguage":"en-US","@id":"https:\/\/ubirataonline.com.br\/nunes-denuncia-ex-vereador-camilo-cristofaro-por-calunia-e-difamacao\/#primaryimage","url":"https:\/\/ubirataonline.com.br\/wp-content\/uploads\/2026\/03\/Gilmar-ve-explicacao-insuficiente-e-da-72-horas-para-MPRJ.gif","contentUrl":"https:\/\/ubirataonline.com.br\/wp-content\/uploads\/2026\/03\/Gilmar-ve-explicacao-insuficiente-e-da-72-horas-para-MPRJ.gif","width":768,"height":461,"caption":"Gilmar v\u00ea explica\u00e7\u00e3o insuficiente e d\u00e1 72 horas para MPRJ explicar pagamento de penduricalhos"},{"@type":"BreadcrumbList","@id":"https:\/\/ubirataonline.com.br\/nunes-denuncia-ex-vereador-camilo-cristofaro-por-calunia-e-difamacao\/#breadcrumb","itemListElement":[{"@type":"ListItem","position":1,"name":"In\u00edcio","item":"https:\/\/ubirataonline.com.br\/"},{"@type":"ListItem","position":2,"name":"Nunes denuncia ex-vereador Camilo Crist\u00f3faro por cal\u00fania e difama\u00e7\u00e3o"}]},{"@type":"WebSite","@id":"https:\/\/ubirataonline.com.br\/#website","url":"https:\/\/ubirataonline.com.br\/","name":"Ubirat\u00e3 Online Not\u00edcias","description":"Not\u00edcias de Ubirat\u00e3, regi\u00e3o, Brasil e mundo, com informa\u00e7\u00e3o atualizada e compromisso com o leitor.","publisher":{"@id":"https:\/\/ubirataonline.com.br\/#organization"},"alternateName":"Ubirat\u00e3 Online","potentialAction":[{"@type":"SearchAction","target":{"@type":"EntryPoint","urlTemplate":"https:\/\/ubirataonline.com.br\/?s={search_term_string}"},"query-input":{"@type":"PropertyValueSpecification","valueRequired":true,"valueName":"search_term_string"}}],"inLanguage":"en-US"},{"@type":["Organization","Place"],"@id":"https:\/\/ubirataonline.com.br\/#organization","name":"Ubirat\u00e3 Online Not\u00edcias","alternateName":"Ubirat\u00e3 Online","url":"https:\/\/ubirataonline.com.br\/","logo":{"@id":"https:\/\/ubirataonline.com.br\/nunes-denuncia-ex-vereador-camilo-cristofaro-por-calunia-e-difamacao\/#local-main-organization-logo"},"image":{"@id":"https:\/\/ubirataonline.com.br\/nunes-denuncia-ex-vereador-camilo-cristofaro-por-calunia-e-difamacao\/#local-main-organization-logo"},"sameAs":["https:\/\/www.facebook.com\/portalubirataonline","https:\/\/x.com\/ubirataonline","https:\/\/mastodon.social\/@ubirataonline","https:\/\/www.facebook.com\/groups\/311144672285604","https:\/\/www.facebook.com\/UBTAOnline","https:\/\/www.instagram.com\/portalubirataonline\/","https:\/\/twitter.com\/ubirataonline"],"description":"Somos um portal de not\u00edcias independente, criado em 5 de janeiro de 2009, com o objetivo de informar, conectar e valorizar a nossa comunidade de Ubirat\u00e3 e toda aregi\u00e3o. Com conte\u00fado atualizado, confi\u00e1vel e relevante, o Ubirat\u00e3 Online \u00e9 o seu espa\u00e7o para ficar por dentro dos principais acontecimentos locais, regionais, Brasil, Mundo e de interesse geral. Nosso compromisso \u00e9 com a verdade, a transpar\u00eancia e o respeito ao leitor.","legalName":"UBIRATA ONLINE NOT\u00cdCIAS","foundingDate":"2009-01-05","numberOfEmployees":{"@type":"QuantitativeValue","minValue":"1","maxValue":"10"},"publishingPrinciples":"https:\/\/ubirataonline.com.br\/faq\/","address":{"@id":"https:\/\/ubirataonline.com.br\/nunes-denuncia-ex-vereador-camilo-cristofaro-por-calunia-e-difamacao\/#local-main-place-address"},"geo":{"@type":"GeoCoordinates","latitude":"-24.5361401","longitude":"-52.9921776"},"telephone":["+5544998308235"],"contactPoint":{"@type":"ContactPoint","email":"contato@ubirataonline.com.br"},"openingHoursSpecification":{"@type":"OpeningHoursSpecification","dayOfWeek":["Monday","Tuesday","Wednesday","Thursday","Friday","Saturday","Sunday"],"opens":"00:00","closes":"23:59"},"email":"contato@ubirataonline.com.br","vatID":"47.621.418\/0001-80"},{"@type":"Person","@id":"https:\/\/ubirataonline.com.br\/#\/schema\/person\/372f87bbd3fdd79b8556b84c98d0bc1c","name":"REDA\u00c7\u00c3O: UBIRAT\u00c3 ONLINE - F\u00c1BIO AUGUSTO CELESTINO","pronouns":"Ele","description":"Desde 2003 trabalhando com not\u00edcias.","sameAs":["http:\/\/ubirataoline.com.br","https:\/\/www.facebook.com\/portalubirataonline","https:\/\/www.instagram.com\/ubirataonline_oficial","https:\/\/x.com\/x.com\/ubirataonline"],"honorificPrefix":"Mr.","honorificSuffix":"MD","birthDate":"1980-06-16","gender":"masculino","award":["V\u00e1rios pr\u00eamios de melhor portal da cidade"],"jobTitle":"Diretor","url":"https:\/\/ubirataonline.com.br\/en\/author\/ubirataonline\/"},{"@type":"PostalAddress","@id":"https:\/\/ubirataonline.com.br\/nunes-denuncia-ex-vereador-camilo-cristofaro-por-calunia-e-difamacao\/#local-main-place-address","streetAddress":"Rua dos Coqueiros, 104 - Bairro Boa Vista, Rua dos Coqueiros, 104 Bairro Boa Vista","addressLocality":"UBIRATA","postalCode":"85440-000","addressRegion":"PR","addressCountry":"BR"},{"@type":"ImageObject","inLanguage":"en-US","@id":"https:\/\/ubirataonline.com.br\/nunes-denuncia-ex-vereador-camilo-cristofaro-por-calunia-e-difamacao\/#local-main-organization-logo","url":"https:\/\/ubirataonline.com.br\/wp-content\/uploads\/2026\/06\/logoubirataonline-1.webp","contentUrl":"https:\/\/ubirataonline.com.br\/wp-content\/uploads\/2026\/06\/logoubirataonline-1.webp","width":500,"height":500,"caption":"Ubirat\u00e3 Online Not\u00edcias"}]},"geo.placename":"UBIRATA","geo.position":{"lat":"-24.5361401","long":"-52.9921776"},"geo.region":"Brazil"},"_links":{"self":[{"href":"https:\/\/ubirataonline.com.br\/en\/wp-json\/wp\/v2\/posts\/162255","targetHints":{"allow":["GET"]}}],"collection":[{"href":"https:\/\/ubirataonline.com.br\/en\/wp-json\/wp\/v2\/posts"}],"about":[{"href":"https:\/\/ubirataonline.com.br\/en\/wp-json\/wp\/v2\/types\/post"}],"author":[{"embeddable":true,"href":"https:\/\/ubirataonline.com.br\/en\/wp-json\/wp\/v2\/users\/1"}],"replies":[{"embeddable":true,"href":"https:\/\/ubirataonline.com.br\/en\/wp-json\/wp\/v2\/comments?post=162255"}],"version-history":[{"count":1,"href":"https:\/\/ubirataonline.com.br\/en\/wp-json\/wp\/v2\/posts\/162255\/revisions"}],"predecessor-version":[{"id":162256,"href":"https:\/\/ubirataonline.com.br\/en\/wp-json\/wp\/v2\/posts\/162255\/revisions\/162256"}],"wp:featuredmedia":[{"embeddable":true,"href":"https:\/\/ubirataonline.com.br\/en\/wp-json\/wp\/v2\/media\/92994"}],"wp:attachment":[{"href":"https:\/\/ubirataonline.com.br\/en\/wp-json\/wp\/v2\/media?parent=162255"}],"wp:term":[{"taxonomy":"category","embeddable":true,"href":"https:\/\/ubirataonline.com.br\/en\/wp-json\/wp\/v2\/categories?post=162255"},{"taxonomy":"post_tag","embeddable":true,"href":"https:\/\/ubirataonline.com.br\/en\/wp-json\/wp\/v2\/tags?post=162255"}],"curies":[{"name":"wp","href":"https:\/\/api.w.org\/{rel}","templated":true}]}}