{"id":162277,"date":"2026-08-06T08:41:59","date_gmt":"2026-08-06T11:41:59","guid":{"rendered":"https:\/\/ubirataonline.com.br\/?p=162277"},"modified":"2026-08-06T08:44:48","modified_gmt":"2026-08-06T11:44:48","slug":"a-saude-mental-se-tornou-um-desafio-coletivo","status":"publish","type":"post","link":"https:\/\/ubirataonline.com.br\/en\/a-saude-mental-se-tornou-um-desafio-coletivo\/","title":{"rendered":"A sa\u00fade mental se tornou um desafio coletivo"},"content":{"rendered":"<p class=\"wp-block-paragraph\">A sa\u00fade mental nunca esteve t\u00e3o presente nas conversas da sociedade. O crescimento dos casos de ansiedade, depress\u00e3o e esgotamento profissional evidencia uma realidade que ultrapassa quest\u00f5es individuais e reflete mudan\u00e7as profundas na forma como as pessoas vivem, trabalham, estudam e constroem seus relacionamentos.<\/p>\n\n\n\n<p class=\"wp-block-paragraph\">A press\u00e3o por produtividade, as incertezas econ\u00f4micas, a hiperconex\u00e3o e a dificuldade de estabelecer limites entre vida pessoal e profissional transformaram o equil\u00edbrio emocional em uma preocupa\u00e7\u00e3o coletiva.&nbsp;<\/p>\n\n\n\n<p class=\"wp-block-paragraph\">Em 2025, a Organiza\u00e7\u00e3o Mundial da Sa\u00fade informou que mais de 1 bilh\u00e3o de pessoas viviam com algum transtorno mental, sendo ansiedade e depress\u00e3o as condi\u00e7\u00f5es mais frequentes.<\/p>\n\n\n\n<p class=\"wp-block-paragraph\">Ao mesmo tempo que cresce a conscientiza\u00e7\u00e3o, tamb\u00e9m aumenta a necessidade de ampliar o acesso \u00e0 preven\u00e7\u00e3o, ao diagn\u00f3stico e ao tratamento. A resposta n\u00e3o pode depender somente da capacidade individual de suportar press\u00f5es.&nbsp;<\/p>\n\n\n\n<p class=\"wp-block-paragraph\">Fam\u00edlias, empresas, institui\u00e7\u00f5es de ensino, servi\u00e7os de sa\u00fade e governos precisam participar da constru\u00e7\u00e3o de ambientes mais seguros e acolhedores.<\/p>\n\n\n\n<p class=\"wp-block-paragraph\">Essa realidade tamb\u00e9m afeta quem trabalha diretamente com o cuidado. Profissionais da sa\u00fade convivem com jornadas intensas, decis\u00f5es complexas e contato frequente com dor, perdas e vulnerabilidade.&nbsp;<\/p>\n\n\n\n<p class=\"wp-block-paragraph\">Por isso, sua forma\u00e7\u00e3o precisa reunir conhecimento t\u00e9cnico, capacidade de comunica\u00e7\u00e3o e preparo emocional.<\/p>\n\n\n\n<h2 id=\"h-a-saude-mental-deixou-de-ser-um-problema-individual\" class=\"wp-block-heading\">A sa\u00fade mental deixou de ser um problema individual<\/h2>\n\n\n\n<p class=\"wp-block-paragraph\">Durante muito tempo, o sofrimento psicol\u00f3gico foi interpretado como sinal de fraqueza, falta de disciplina ou dificuldade pessoal para enfrentar desafios. Essa vis\u00e3o desconsidera fatores sociais, econ\u00f4micos e ambientais capazes de influenciar diretamente o bem-estar.<\/p>\n\n\n\n<p class=\"wp-block-paragraph\">Hoje, a sa\u00fade mental \u00e9 compreendida como uma rede de fatores relacionados. O Minist\u00e9rio da Sa\u00fade destaca que ela envolve a capacidade de enfrentar os desafios da vida, desenvolver habilidades e contribuir com a comunidade, n\u00e3o se limitando ao que cada pessoa sente isoladamente.<\/p>\n\n\n\n<h3 id=\"h-o-aumento-dos-casos-de-ansiedade-e-depressao\" class=\"wp-block-heading\">O aumento dos casos de ansiedade e depress\u00e3o<\/h3>\n\n\n\n<p class=\"wp-block-paragraph\">Ansiedade e depress\u00e3o atingem diferentes idades, profiss\u00f5es e n\u00edveis de renda. Segundo dados divulgados pela OMS, os transtornos mentais est\u00e3o entre as principais causas de incapacidade e ainda s\u00e3o acompanhados por grandes lacunas de acesso a atendimento adequado.<\/p>\n\n\n\n<p class=\"wp-block-paragraph\">Sentir tristeza ou preocupa\u00e7\u00e3o faz parte da vida. O sinal de aten\u00e7\u00e3o surge quando essas emo\u00e7\u00f5es se tornam persistentes, intensas e passam a prejudicar o sono, os estudos, o trabalho, as rela\u00e7\u00f5es sociais ou os cuidados pessoais.<\/p>\n\n\n\n<p class=\"wp-block-paragraph\">Outro obst\u00e1culo \u00e9 o preconceito. O medo de julgamentos pode fazer com que pessoas escondam sintomas ou adiem a procura por ajuda. Falar sobre o tema com responsabilidade contribui para reconhecer o sofrimento sem transformar qualquer desconforto cotidiano em diagn\u00f3stico.<\/p>\n\n\n\n<h3 id=\"h-o-impacto-da-rotina-na-saude-emocional\" class=\"wp-block-heading\">O impacto da rotina na sa\u00fade emocional<\/h3>\n\n\n\n<p class=\"wp-block-paragraph\">A rotina influencia diretamente a forma como o organismo reage ao estresse. Jornadas prolongadas, poucas horas de descanso, conflitos, dificuldades financeiras e aus\u00eancia de lazer podem aumentar a sensa\u00e7\u00e3o de sobrecarga.<\/p>\n\n\n\n<p class=\"wp-block-paragraph\">Quando esse cen\u00e1rio se mant\u00e9m por muito tempo, a pessoa pode apresentar irritabilidade, dificuldade de concentra\u00e7\u00e3o, altera\u00e7\u00f5es no apetite, cansa\u00e7o constante e perda de interesse por atividades antes consideradas agrad\u00e1veis.<\/p>\n\n\n\n<p class=\"wp-block-paragraph\">H\u00e1bitos saud\u00e1veis ajudam, mas n\u00e3o resolvem todos os casos. Sono regular, atividade f\u00edsica, v\u00ednculos sociais e momentos de descanso s\u00e3o importantes, por\u00e9m n\u00e3o substituem acompanhamento profissional quando existe sofrimento persistente ou comprometimento da vida cotidiana.<\/p>\n\n\n\n<h2 id=\"h-o-peso-invisivel-da-vida-moderna\" class=\"wp-block-heading\">O peso invis\u00edvel da vida moderna<\/h2>\n\n\n\n<p class=\"wp-block-paragraph\">Nem sempre a sobrecarga emocional \u00e9 percebida por quem est\u00e1 ao redor. Uma pessoa pode cumprir compromissos, responder mensagens e manter uma apar\u00eancia produtiva enquanto enfrenta ansiedade, exaust\u00e3o ou sensa\u00e7\u00e3o de vazio.<\/p>\n\n\n\n<p class=\"wp-block-paragraph\">Essa invisibilidade dificulta a identifica\u00e7\u00e3o precoce. Em muitos ambientes, o cansa\u00e7o extremo ainda \u00e9 tratado como demonstra\u00e7\u00e3o de dedica\u00e7\u00e3o, enquanto a necessidade de descanso \u00e9 confundida com falta de compromisso.<\/p>\n\n\n\n<h3 id=\"h-pressao-por-desempenho-e-produtividade-constante\" class=\"wp-block-heading\">Press\u00e3o por desempenho e produtividade constante<\/h3>\n\n\n\n<p class=\"wp-block-paragraph\">A valoriza\u00e7\u00e3o permanente de resultados pode levar \u00e0 impress\u00e3o de que nenhum esfor\u00e7o \u00e9 suficiente. Metas, compara\u00e7\u00f5es nas redes sociais e cobran\u00e7as pessoais criam um ciclo no qual cada conquista \u00e9 rapidamente substitu\u00edda por uma nova obriga\u00e7\u00e3o.<\/p>\n\n\n\n<p class=\"wp-block-paragraph\">Nesse contexto, descansar pode provocar culpa. O tempo livre deixa de ser entendido como parte necess\u00e1ria da sa\u00fade e passa a ser visto como um intervalo que deveria ser preenchido com tarefas.<\/p>\n\n\n\n<p class=\"wp-block-paragraph\">O problema se agrava quando o reconhecimento pessoal depende exclusivamente do desempenho. Uma avalia\u00e7\u00e3o negativa, um erro ou um per\u00edodo de menor produtividade pode ser interpretado como prova de incapacidade, atingindo a autoestima e ampliando a ansiedade.<\/p>\n\n\n\n<h3 id=\"h-relacoes-pessoais-trabalho-e-a-dificuldade-de-desconectar\" class=\"wp-block-heading\">Rela\u00e7\u00f5es pessoais, trabalho e a dificuldade de desconectar<\/h3>\n\n\n\n<p class=\"wp-block-paragraph\">A tecnologia facilitou a comunica\u00e7\u00e3o, mas tamb\u00e9m reduziu fronteiras. Mensagens profissionais chegam fora do expediente, atividades acad\u00eamicas acompanham o estudante durante a noite e as redes sociais mant\u00eam um fluxo cont\u00ednuo de est\u00edmulos.<\/p>\n\n\n\n<p class=\"wp-block-paragraph\">Desconectar n\u00e3o significa rejeitar a tecnologia, mas estabelecer limites. Silenciar notifica\u00e7\u00f5es em determinados hor\u00e1rios, preservar o sono e separar per\u00edodos para conviv\u00eancia presencial s\u00e3o medidas que ajudam a diminuir a sensa\u00e7\u00e3o de disponibilidade permanente.<\/p>\n\n\n\n<p class=\"wp-block-paragraph\">As rela\u00e7\u00f5es tamb\u00e9m podem funcionar como prote\u00e7\u00e3o. Conversar sem medo de julgamento e manter v\u00ednculos de confian\u00e7a facilita o reconhecimento de mudan\u00e7as emocionais. Em contrapartida, isolamento, conflitos frequentes e falta de apoio podem ampliar o sofrimento.<\/p>\n\n\n\n<h2 id=\"h-a-sobrecarga-emocional-dos-profissionais-da-saude\" class=\"wp-block-heading\">A sobrecarga emocional dos profissionais da sa\u00fade<\/h2>\n\n\n\n<p class=\"wp-block-paragraph\">Profissionais da sa\u00fade precisam tomar decis\u00f5es sob press\u00e3o, atender pessoas vulner\u00e1veis e lidar com situa\u00e7\u00f5es que nem sempre t\u00eam o resultado esperado. Essas experi\u00eancias podem provocar estresse, ansiedade e esgotamento.<\/p>\n\n\n\n<p class=\"wp-block-paragraph\">O compromisso com os pacientes n\u00e3o elimina as necessidades emocionais de quem cuida. Quando o sofrimento \u00e9 normalizado, cresce o risco de que sinais importantes sejam ignorados at\u00e9 afetarem o desempenho, a vida pessoal e a pr\u00f3pria sa\u00fade.<\/p>\n\n\n\n<h3 id=\"h-como-preservar-o-equilibrio-emocional-sem-perder-a-sensibilidade\" class=\"wp-block-heading\">Como preservar o equil\u00edbrio emocional sem perder a sensibilidade<\/h3>\n\n\n\n<p class=\"wp-block-paragraph\">Manter sensibilidade n\u00e3o significa absorver todo o sofrimento dos pacientes. O profissional precisa desenvolver empatia e escuta, mas tamb\u00e9m reconhecer limites para que o envolvimento n\u00e3o se transforme em sobrecarga permanente.<\/p>\n\n\n\n<p class=\"wp-block-paragraph\">Supervis\u00e3o, apoio entre colegas, momentos de descanso e acesso a acompanhamento psicol\u00f3gico podem ajudar. Institui\u00e7\u00f5es de sa\u00fade tamb\u00e9m devem observar jornadas, condi\u00e7\u00f5es de trabalho e culturas organizacionais que valorizam a resist\u00eancia excessiva.<\/p>\n\n\n\n<p class=\"wp-block-paragraph\">Preservar o equil\u00edbrio emocional melhora a qualidade do cuidado. Profissionais apoiados tendem a apresentar mais condi\u00e7\u00f5es para se comunicar com clareza, tomar decis\u00f5es respons\u00e1veis e acolher pacientes sem negligenciar a pr\u00f3pria sa\u00fade.<\/p>\n\n\n\n<h2 id=\"h-a-formacao-dos-profissionais-tambem-acompanha-essa-nova-realidade\" class=\"wp-block-heading\">A forma\u00e7\u00e3o dos profissionais tamb\u00e9m acompanha essa nova realidade<\/h2>\n\n\n\n<p class=\"wp-block-paragraph\">O cuidado integral exige uma forma\u00e7\u00e3o que considere o paciente em suas dimens\u00f5es f\u00edsicas, emocionais e sociais. Conhecer doen\u00e7as e tratamentos continua sendo essencial, mas habilidades como comunica\u00e7\u00e3o, empatia e trabalho em equipe ganharam maior import\u00e2ncia.<\/p>\n\n\n\n<p class=\"wp-block-paragraph\">As institui\u00e7\u00f5es de ensino tamb\u00e9m precisam observar o bem-estar dos estudantes. Cursos da \u00e1rea da sa\u00fade apresentam rotinas exigentes, grande volume de conte\u00fado e contato precoce com experi\u00eancias emocionalmente dif\u00edceis.<\/p>\n\n\n\n<h3 id=\"h-o-papel-das-universidades-na-formacao-de-profissionais-mais-preparados\" class=\"wp-block-heading\">O papel das universidades na forma\u00e7\u00e3o de profissionais mais preparados<\/h3>\n\n\n\n<p class=\"wp-block-paragraph\">Universidades podem contribuir oferecendo espa\u00e7os de escuta, orienta\u00e7\u00e3o acad\u00eamica e a\u00e7\u00f5es preventivas. O objetivo n\u00e3o \u00e9 eliminar todos os desafios da gradua\u00e7\u00e3o, mas evitar que dificuldades sejam enfrentadas de forma solit\u00e1ria.<\/p>\n\n\n\n<p class=\"wp-block-paragraph\">Na Unisa, o Programa de Apoio Psicol\u00f3gico da Unisa, conhecido como PAPU, oferece orienta\u00e7\u00e3o aos estudantes encaminhados pelo Programa de Apoio aos Estudantes. A iniciativa desenvolve atendimentos e a\u00e7\u00f5es preventivas, como palestras e oficinas tem\u00e1ticas voltadas \u00e0 promo\u00e7\u00e3o da <a href=\"https:\/\/www.instagram.com\/reel\/DVREjLkEY6x\/\" target=\"_blank\" rel=\"noreferrer noopener\">sa\u00fade mental<\/a>.<\/p>\n\n\n\n<p class=\"wp-block-paragraph\">A universidade destaca tamb\u00e9m que, a gradua\u00e7\u00e3o em Medicina pode envolver carga hor\u00e1ria intensa, press\u00e3o por desempenho e conviv\u00eancia com situa\u00e7\u00f5es de vulnerabilidade desde os primeiros anos. Por isso a import\u00e2ncia de organiza\u00e7\u00e3o, pausas conscientes e redes de apoio durante a forma\u00e7\u00e3o.<\/p>\n\n\n\n<p class=\"wp-block-paragraph\">Esse suporte refor\u00e7a uma vis\u00e3o mais ampla da forma\u00e7\u00e3o profissional. Preparar futuros m\u00e9dicos tamb\u00e9m significa ajud\u00e1-los a reconhecer limites, pedir ajuda e compreender os efeitos do sofrimento emocional sobre a aprendizagem e o atendimento ao paciente.<\/p>\n\n\n\n<h2 id=\"h-a-saude-mental-precisa-deixar-de-ser-lembrada-apenas-durante-as-crises\" class=\"wp-block-heading\">A sa\u00fade mental precisa deixar de ser lembrada apenas durante as crises<\/h2>\n\n\n\n<p class=\"wp-block-paragraph\">Campanhas de conscientiza\u00e7\u00e3o s\u00e3o importantes, mas o cuidado n\u00e3o pode aparecer somente quando os sintomas se tornam graves. A preven\u00e7\u00e3o depende de informa\u00e7\u00e3o, acesso a servi\u00e7os e cria\u00e7\u00e3o de ambientes que permitam falar sobre sofrimento sem medo.<\/p>\n\n\n\n<p class=\"wp-block-paragraph\">Tamb\u00e9m \u00e9 necess\u00e1rio reconhecer que nem todas as pessoas possuem as mesmas condi\u00e7\u00f5es para buscar ajuda. Custos, dist\u00e2ncia, falta de profissionais e preconceito ainda dificultam o atendimento adequado em diversas comunidades.<\/p>\n\n\n\n<h3 id=\"h-a-importancia-da-prevencao\" class=\"wp-block-heading\">A import\u00e2ncia da preven\u00e7\u00e3o<\/h3>\n\n\n\n<p class=\"wp-block-paragraph\">Prevenir envolve observar mudan\u00e7as de comportamento, fortalecer v\u00ednculos e procurar orienta\u00e7\u00e3o antes que o sofrimento comprometa diferentes \u00e1reas da vida. Escolas, universidades e empresas podem colaborar com a\u00e7\u00f5es educativas e canais de acolhimento.<\/p>\n\n\n\n<p class=\"wp-block-paragraph\">A preven\u00e7\u00e3o tamb\u00e9m exige pol\u00edticas p\u00fablicas e servi\u00e7os comunit\u00e1rios. A OMS alerta que, embora existam estrat\u00e9gias eficazes e acess\u00edveis para promover e restaurar a sa\u00fade mental, muitos pa\u00edses ainda enfrentam falta de recursos, profissionais e estruturas adequadas.<\/p>\n\n\n\n<p class=\"wp-block-paragraph\">Reconhecer sinais precoces n\u00e3o significa fazer diagn\u00f3sticos sem avalia\u00e7\u00e3o. Significa compreender quando uma mudan\u00e7a persistente merece aten\u00e7\u00e3o e encaminhamento para profissionais qualificados.<\/p>\n\n\n\n<h3 id=\"h-um-desafio-coletivo-exige-solucoes-coletivas\" class=\"wp-block-heading\">Um desafio coletivo exige solu\u00e7\u00f5es coletivas<\/h3>\n\n\n\n<p class=\"wp-block-paragraph\">A sa\u00fade mental est\u00e1 relacionada \u00e0s condi\u00e7\u00f5es de moradia, trabalho, renda, educa\u00e7\u00e3o, acesso ao lazer e qualidade dos v\u00ednculos. Por isso, recomendar apenas que cada pessoa cuide melhor de si \u00e9 insuficiente diante de problemas estruturais.<\/p>\n\n\n\n<p class=\"wp-block-paragraph\">Empresas precisam rever pr\u00e1ticas que naturalizam sobrecarga. Institui\u00e7\u00f5es de ensino devem oferecer apoio e combater ambientes excessivamente competitivos.&nbsp;<\/p>\n\n\n\n<p class=\"wp-block-paragraph\">Servi\u00e7os de sa\u00fade necessitam integrar o cuidado emocional ao atendimento geral, enquanto governos precisam ampliar pol\u00edticas de preven\u00e7\u00e3o e assist\u00eancia.<\/p>\n\n\n\n<p class=\"wp-block-paragraph\">A escolha de uma<strong> <\/strong><a href=\"https:\/\/medicina.unisa.br\/\" target=\"_blank\" rel=\"noreferrer noopener\">faculdade de medicina<\/a> tamb\u00e9m vai al\u00e9m da qualidade do ensino t\u00e9cnico. Em um cen\u00e1rio no qual o sofrimento emocional se tornou uma preocupa\u00e7\u00e3o coletiva, \u00e9 cada vez mais importante que a forma\u00e7\u00e3o desenvolva empatia, comunica\u00e7\u00e3o e cuidado integral, preparando o futuro m\u00e9dico para atender pacientes com humanidade sem abandonar a pr\u00f3pria sa\u00fade mental.<\/p>\n\n\n\n<figure class=\"wp-block-embed is-type-wp-embed is-provider-ubirat-online-not-cias-a-realidade-ao-seu-alcance wp-block-embed-ubirat-online-not-cias-a-realidade-ao-seu-alcance\"><div class=\"wp-block-embed__wrapper\">\n<blockquote class=\"wp-embedded-content\" data-secret=\"AjCzqQ0Csz\"><a href=\"https:\/\/ubirataonline.com.br\/en\/saude-mental-entendendo-prevenindo-e-cuidando\/\">Sa\u00fade Mental: Entendendo, Prevenindo e Cuidando<\/a><\/blockquote><iframe loading=\"lazy\" class=\"wp-embedded-content\" sandbox=\"allow-scripts\" security=\"restricted\" style=\"position: absolute; visibility: hidden;\" title=\"\u201cSa\u00fade Mental: Entendendo, Prevenindo e Cuidando\u201d \u2014 Ubirat\u00e3 Online Not\u00edcias - A realidade ao seu alcance!\" src=\"https:\/\/ubirataonline.com.br\/saude-mental-entendendo-prevenindo-e-cuidando\/embed\/#?secret=N0bn8LPmmu#?secret=AjCzqQ0Csz\" data-secret=\"AjCzqQ0Csz\" width=\"600\" height=\"338\" frameborder=\"0\" marginwidth=\"0\" marginheight=\"0\" scrolling=\"no\"><\/iframe>\n<\/div><\/figure>","protected":false},"excerpt":{"rendered":"<p>A sa\u00fade mental nunca esteve t\u00e3o presente nas conversas da sociedade. O crescimento dos casos de ansiedade, depress\u00e3o e esgotamento profissional evidencia uma realidade que ultrapassa quest\u00f5es individuais e reflete mudan\u00e7as profundas na forma como as pessoas vivem, trabalham, estudam e constroem seus relacionamentos. A press\u00e3o por produtividade, as incertezas econ\u00f4micas, a hiperconex\u00e3o e a [&hellip;]<\/p>\n","protected":false},"author":1,"featured_media":162278,"comment_status":"closed","ping_status":"closed","sticky":false,"template":"","format":"standard","meta":{"googlesitekit_rrm_CAow2JLhCw:productID":"","_gspb_post_css":"","maa_idioma":"","maa_pais":"","footnotes":""},"categories":[30],"tags":[43168,1929,19874,15385,1810,43791,2679],"class_list":["post-162277","post","type-post","status-publish","format-standard","has-post-thumbnail","hentry","category-saude","tag-ansiedade","tag-bem-estar","tag-depressao","tag-medicina","tag-qualidade-de-vida","tag-saude-emocional","tag-saude-mental-2"],"blocksy_meta":[],"yoast_head":"<!-- This site is optimized with the Yoast SEO Premium plugin v27.6 (Yoast SEO v27.6) - https:\/\/yoast.com\/product\/yoast-seo-premium-wordpress\/ -->\n<title>A sa\u00fade mental se tornou um desafio coletivo - Ubirat\u00e3 Online Not\u00edcias - A realidade ao seu alcance!<\/title>\n<meta name=\"description\" content=\"A sa\u00fade mental \u00e9 um desafio coletivo. Entenda como o estresse, a rotina e a forma\u00e7\u00e3o profissional impactam o bem-estar e por que cuidar vai al\u00e9m do individual.\" \/>\n<meta name=\"robots\" content=\"index, follow, max-snippet:-1, max-image-preview:large, max-video-preview:-1\" \/>\n<link rel=\"canonical\" href=\"https:\/\/ubirataonline.com.br\/en\/a-saude-mental-se-tornou-um-desafio-coletivo\/\" \/>\n<meta property=\"og:locale\" content=\"en_US\" \/>\n<meta property=\"og:type\" content=\"article\" \/>\n<meta property=\"og:title\" content=\"A sa\u00fade mental se tornou um desafio coletivo\" \/>\n<meta property=\"og:description\" content=\"A sa\u00fade mental \u00e9 um desafio coletivo. Entenda como o estresse, a rotina e a forma\u00e7\u00e3o profissional impactam o bem-estar e por que cuidar vai al\u00e9m do individual.\" \/>\n<meta property=\"og:url\" content=\"https:\/\/ubirataonline.com.br\/en\/a-saude-mental-se-tornou-um-desafio-coletivo\/\" \/>\n<meta property=\"og:site_name\" content=\"Ubirat\u00e3 Online Not\u00edcias - A realidade ao seu alcance!\" \/>\n<meta property=\"article:publisher\" content=\"https:\/\/www.facebook.com\/portalubirataonline\" \/>\n<meta property=\"article:author\" content=\"https:\/\/www.facebook.com\/portalubirataonline\" \/>\n<meta property=\"article:published_time\" content=\"2026-08-06T11:41:59+00:00\" \/>\n<meta property=\"article:modified_time\" content=\"2026-08-06T11:44:48+00:00\" \/>\n<meta property=\"og:image\" content=\"https:\/\/ubirataonline.com.br\/wp-content\/uploads\/2026\/08\/3a583785-afdb-4bbe-a2fb-d52600bfb829.jpg\" \/>\n\t<meta property=\"og:image:width\" content=\"1536\" \/>\n\t<meta property=\"og:image:height\" content=\"1024\" \/>\n\t<meta property=\"og:image:type\" content=\"image\/jpeg\" \/>\n<meta name=\"author\" content=\"REDA\u00c7\u00c3O: UBIRAT\u00c3 ONLINE - F\u00c1BIO AUGUSTO CELESTINO\" \/>\n<meta name=\"twitter:card\" content=\"summary_large_image\" \/>\n<meta name=\"twitter:creator\" content=\"@x.com\/ubirataonline\" \/>\n<meta name=\"twitter:site\" content=\"@ubirataonline\" \/>\n<meta name=\"twitter:label1\" content=\"Written by\" \/>\n\t<meta name=\"twitter:data1\" content=\"REDA\u00c7\u00c3O: UBIRAT\u00c3 ONLINE - F\u00c1BIO AUGUSTO CELESTINO\" \/>\n\t<meta name=\"twitter:label2\" content=\"Est. reading time\" \/>\n\t<meta name=\"twitter:data2\" content=\"9 minutes\" \/>\n<script type=\"application\/ld+json\" class=\"yoast-schema-graph\">{\"@context\":\"https:\\\/\\\/schema.org\",\"@graph\":[{\"@type\":\"NewsArticle\",\"@id\":\"https:\\\/\\\/ubirataonline.com.br\\\/a-saude-mental-se-tornou-um-desafio-coletivo\\\/#article\",\"isPartOf\":{\"@id\":\"https:\\\/\\\/ubirataonline.com.br\\\/a-saude-mental-se-tornou-um-desafio-coletivo\\\/\"},\"author\":{\"name\":\"REDA\u00c7\u00c3O: UBIRAT\u00c3 ONLINE - F\u00c1BIO AUGUSTO CELESTINO\",\"@id\":\"https:\\\/\\\/ubirataonline.com.br\\\/#\\\/schema\\\/person\\\/372f87bbd3fdd79b8556b84c98d0bc1c\"},\"headline\":\"A sa\u00fade mental se tornou um desafio coletivo\",\"datePublished\":\"2026-08-06T11:41:59+00:00\",\"dateModified\":\"2026-08-06T11:44:48+00:00\",\"mainEntityOfPage\":{\"@id\":\"https:\\\/\\\/ubirataonline.com.br\\\/a-saude-mental-se-tornou-um-desafio-coletivo\\\/\"},\"wordCount\":1763,\"publisher\":{\"@id\":\"https:\\\/\\\/ubirataonline.com.br\\\/#organization\"},\"image\":{\"@id\":\"https:\\\/\\\/ubirataonline.com.br\\\/a-saude-mental-se-tornou-um-desafio-coletivo\\\/#primaryimage\"},\"thumbnailUrl\":\"https:\\\/\\\/ubirataonline.com.br\\\/wp-content\\\/uploads\\\/2026\\\/08\\\/3a583785-afdb-4bbe-a2fb-d52600bfb829.jpg\",\"keywords\":[\"ansiedade\",\"Bem-estar\",\"depress\u00e3o\",\"medicina\",\"qualidade de vida\",\"sa\u00fade emocional\",\"Sa\u00fade Mental\"],\"articleSection\":[\"Sa\u00fade\"],\"inLanguage\":\"en-US\",\"copyrightYear\":\"2026\",\"copyrightHolder\":{\"@id\":\"https:\\\/\\\/ubirataonline.com.br\\\/en\\\/#organization\"}},{\"@type\":\"WebPage\",\"@id\":\"https:\\\/\\\/ubirataonline.com.br\\\/a-saude-mental-se-tornou-um-desafio-coletivo\\\/\",\"url\":\"https:\\\/\\\/ubirataonline.com.br\\\/a-saude-mental-se-tornou-um-desafio-coletivo\\\/\",\"name\":\"A sa\u00fade mental se tornou um desafio coletivo - Ubirat\u00e3 Online Not\u00edcias - A realidade ao seu alcance!\",\"isPartOf\":{\"@id\":\"https:\\\/\\\/ubirataonline.com.br\\\/#website\"},\"primaryImageOfPage\":{\"@id\":\"https:\\\/\\\/ubirataonline.com.br\\\/a-saude-mental-se-tornou-um-desafio-coletivo\\\/#primaryimage\"},\"image\":{\"@id\":\"https:\\\/\\\/ubirataonline.com.br\\\/a-saude-mental-se-tornou-um-desafio-coletivo\\\/#primaryimage\"},\"thumbnailUrl\":\"https:\\\/\\\/ubirataonline.com.br\\\/wp-content\\\/uploads\\\/2026\\\/08\\\/3a583785-afdb-4bbe-a2fb-d52600bfb829.jpg\",\"datePublished\":\"2026-08-06T11:41:59+00:00\",\"dateModified\":\"2026-08-06T11:44:48+00:00\",\"description\":\"A sa\u00fade mental \u00e9 um desafio coletivo. Entenda como o estresse, a rotina e a forma\u00e7\u00e3o profissional impactam o bem-estar e por que cuidar vai al\u00e9m do individual.\",\"breadcrumb\":{\"@id\":\"https:\\\/\\\/ubirataonline.com.br\\\/a-saude-mental-se-tornou-um-desafio-coletivo\\\/#breadcrumb\"},\"inLanguage\":\"en-US\",\"potentialAction\":[{\"@type\":\"ReadAction\",\"target\":[\"https:\\\/\\\/ubirataonline.com.br\\\/a-saude-mental-se-tornou-um-desafio-coletivo\\\/\"]}]},{\"@type\":\"ImageObject\",\"inLanguage\":\"en-US\",\"@id\":\"https:\\\/\\\/ubirataonline.com.br\\\/a-saude-mental-se-tornou-um-desafio-coletivo\\\/#primaryimage\",\"url\":\"https:\\\/\\\/ubirataonline.com.br\\\/wp-content\\\/uploads\\\/2026\\\/08\\\/3a583785-afdb-4bbe-a2fb-d52600bfb829.jpg\",\"contentUrl\":\"https:\\\/\\\/ubirataonline.com.br\\\/wp-content\\\/uploads\\\/2026\\\/08\\\/3a583785-afdb-4bbe-a2fb-d52600bfb829.jpg\",\"width\":1536,\"height\":1024,\"caption\":\"Ansiedade, depress\u00e3o e burnout deixaram de ser quest\u00f5es isoladas e passaram a refletir uma realidade compartilhada por milh\u00f5es de pessoas\"},{\"@type\":\"BreadcrumbList\",\"@id\":\"https:\\\/\\\/ubirataonline.com.br\\\/a-saude-mental-se-tornou-um-desafio-coletivo\\\/#breadcrumb\",\"itemListElement\":[{\"@type\":\"ListItem\",\"position\":1,\"name\":\"In\u00edcio\",\"item\":\"https:\\\/\\\/ubirataonline.com.br\\\/\"},{\"@type\":\"ListItem\",\"position\":2,\"name\":\"A sa\u00fade mental se tornou um desafio coletivo\"}]},{\"@type\":\"WebSite\",\"@id\":\"https:\\\/\\\/ubirataonline.com.br\\\/#website\",\"url\":\"https:\\\/\\\/ubirataonline.com.br\\\/\",\"name\":\"Ubirat\u00e3 Online Not\u00edcias\",\"description\":\"Not\u00edcias de Ubirat\u00e3, regi\u00e3o, Brasil e mundo, com informa\u00e7\u00e3o atualizada e compromisso com o leitor.\",\"publisher\":{\"@id\":\"https:\\\/\\\/ubirataonline.com.br\\\/#organization\"},\"alternateName\":\"Ubirat\u00e3 Online\",\"potentialAction\":[{\"@type\":\"SearchAction\",\"target\":{\"@type\":\"EntryPoint\",\"urlTemplate\":\"https:\\\/\\\/ubirataonline.com.br\\\/?s={search_term_string}\"},\"query-input\":{\"@type\":\"PropertyValueSpecification\",\"valueRequired\":true,\"valueName\":\"search_term_string\"}}],\"inLanguage\":\"en-US\"},{\"@type\":[\"Organization\",\"Place\"],\"@id\":\"https:\\\/\\\/ubirataonline.com.br\\\/#organization\",\"name\":\"Ubirat\u00e3 Online Not\u00edcias\",\"alternateName\":\"Ubirat\u00e3 Online\",\"url\":\"https:\\\/\\\/ubirataonline.com.br\\\/\",\"logo\":{\"@id\":\"https:\\\/\\\/ubirataonline.com.br\\\/a-saude-mental-se-tornou-um-desafio-coletivo\\\/#local-main-organization-logo\"},\"image\":{\"@id\":\"https:\\\/\\\/ubirataonline.com.br\\\/a-saude-mental-se-tornou-um-desafio-coletivo\\\/#local-main-organization-logo\"},\"sameAs\":[\"https:\\\/\\\/www.facebook.com\\\/portalubirataonline\",\"https:\\\/\\\/x.com\\\/ubirataonline\",\"https:\\\/\\\/mastodon.social\\\/@ubirataonline\",\"https:\\\/\\\/www.facebook.com\\\/groups\\\/311144672285604\",\"https:\\\/\\\/www.facebook.com\\\/UBTAOnline\",\"https:\\\/\\\/www.instagram.com\\\/portalubirataonline\\\/\",\"https:\\\/\\\/twitter.com\\\/ubirataonline\"],\"description\":\"Somos um portal de not\u00edcias independente, criado em 5 de janeiro de 2009, com o objetivo de informar, conectar e valorizar a nossa comunidade de Ubirat\u00e3 e toda aregi\u00e3o. Com conte\u00fado atualizado, confi\u00e1vel e relevante, o Ubirat\u00e3 Online \u00e9 o seu espa\u00e7o para ficar por dentro dos principais acontecimentos locais, regionais, Brasil, Mundo e de interesse geral. Nosso compromisso \u00e9 com a verdade, a transpar\u00eancia e o respeito ao leitor.\",\"legalName\":\"UBIRATA ONLINE NOT\u00cdCIAS\",\"foundingDate\":\"2009-01-05\",\"numberOfEmployees\":{\"@type\":\"QuantitativeValue\",\"minValue\":\"1\",\"maxValue\":\"10\"},\"publishingPrinciples\":\"https:\\\/\\\/ubirataonline.com.br\\\/faq\\\/\",\"address\":{\"@id\":\"https:\\\/\\\/ubirataonline.com.br\\\/a-saude-mental-se-tornou-um-desafio-coletivo\\\/#local-main-place-address\"},\"geo\":{\"@type\":\"GeoCoordinates\",\"latitude\":\"-24.5361401\",\"longitude\":\"-52.9921776\"},\"telephone\":[\"+5544998308235\"],\"contactPoint\":{\"@type\":\"ContactPoint\",\"email\":\"contato@ubirataonline.com.br\"},\"openingHoursSpecification\":{\"@type\":\"OpeningHoursSpecification\",\"dayOfWeek\":[\"Monday\",\"Tuesday\",\"Wednesday\",\"Thursday\",\"Friday\",\"Saturday\",\"Sunday\"],\"opens\":\"00:00\",\"closes\":\"23:59\"},\"email\":\"contato@ubirataonline.com.br\",\"vatID\":\"47.621.418\\\/0001-80\"},{\"@type\":\"Person\",\"@id\":\"https:\\\/\\\/ubirataonline.com.br\\\/#\\\/schema\\\/person\\\/372f87bbd3fdd79b8556b84c98d0bc1c\",\"name\":\"REDA\u00c7\u00c3O: UBIRAT\u00c3 ONLINE - F\u00c1BIO AUGUSTO CELESTINO\",\"pronouns\":\"Ele\",\"description\":\"Desde 2003 trabalhando com not\u00edcias.\",\"sameAs\":[\"http:\\\/\\\/ubirataoline.com.br\",\"https:\\\/\\\/www.facebook.com\\\/portalubirataonline\",\"https:\\\/\\\/www.instagram.com\\\/ubirataonline_oficial\",\"https:\\\/\\\/x.com\\\/x.com\\\/ubirataonline\"],\"honorificPrefix\":\"Mr.\",\"honorificSuffix\":\"MD\",\"birthDate\":\"1980-06-16\",\"gender\":\"masculino\",\"award\":[\"V\u00e1rios pr\u00eamios de melhor portal da cidade\"],\"jobTitle\":\"Diretor\",\"url\":\"https:\\\/\\\/ubirataonline.com.br\\\/en\\\/author\\\/ubirataonline\\\/\"},{\"@type\":\"PostalAddress\",\"@id\":\"https:\\\/\\\/ubirataonline.com.br\\\/a-saude-mental-se-tornou-um-desafio-coletivo\\\/#local-main-place-address\",\"streetAddress\":\"Rua dos Coqueiros, 104 - Bairro Boa Vista, Rua dos Coqueiros, 104 Bairro Boa Vista\",\"addressLocality\":\"UBIRATA\",\"postalCode\":\"85440-000\",\"addressRegion\":\"PR\",\"addressCountry\":\"BR\"},{\"@type\":\"ImageObject\",\"inLanguage\":\"en-US\",\"@id\":\"https:\\\/\\\/ubirataonline.com.br\\\/a-saude-mental-se-tornou-um-desafio-coletivo\\\/#local-main-organization-logo\",\"url\":\"https:\\\/\\\/ubirataonline.com.br\\\/wp-content\\\/uploads\\\/2026\\\/06\\\/logoubirataonline-1.webp\",\"contentUrl\":\"https:\\\/\\\/ubirataonline.com.br\\\/wp-content\\\/uploads\\\/2026\\\/06\\\/logoubirataonline-1.webp\",\"width\":500,\"height\":500,\"caption\":\"Ubirat\u00e3 Online Not\u00edcias\"}]}<\/script>\n<meta name=\"geo.placename\" content=\"UBIRATA\" \/>\n<meta name=\"geo.position\" content=\"-24.5361401;-52.9921776\" \/>\n<meta name=\"geo.region\" content=\"Brazil\" \/>\n<!-- \/ Yoast SEO Premium plugin. -->","yoast_head_json":{"title":"A sa\u00fade mental se tornou um desafio coletivo - Ubirat\u00e3 Online Not\u00edcias - A realidade ao seu alcance!","description":"A sa\u00fade mental \u00e9 um desafio coletivo. Entenda como o estresse, a rotina e a forma\u00e7\u00e3o profissional impactam o bem-estar e por que cuidar vai al\u00e9m do individual.","robots":{"index":"index","follow":"follow","max-snippet":"max-snippet:-1","max-image-preview":"max-image-preview:large","max-video-preview":"max-video-preview:-1"},"canonical":"https:\/\/ubirataonline.com.br\/en\/a-saude-mental-se-tornou-um-desafio-coletivo\/","og_locale":"en_US","og_type":"article","og_title":"A sa\u00fade mental se tornou um desafio coletivo","og_description":"A sa\u00fade mental \u00e9 um desafio coletivo. Entenda como o estresse, a rotina e a forma\u00e7\u00e3o profissional impactam o bem-estar e por que cuidar vai al\u00e9m do individual.","og_url":"https:\/\/ubirataonline.com.br\/en\/a-saude-mental-se-tornou-um-desafio-coletivo\/","og_site_name":"Ubirat\u00e3 Online Not\u00edcias - A realidade ao seu alcance!","article_publisher":"https:\/\/www.facebook.com\/portalubirataonline","article_author":"https:\/\/www.facebook.com\/portalubirataonline","article_published_time":"2026-08-06T11:41:59+00:00","article_modified_time":"2026-08-06T11:44:48+00:00","og_image":[{"width":1536,"height":1024,"url":"https:\/\/ubirataonline.com.br\/wp-content\/uploads\/2026\/08\/3a583785-afdb-4bbe-a2fb-d52600bfb829.jpg","type":"image\/jpeg"}],"author":"REDA\u00c7\u00c3O: UBIRAT\u00c3 ONLINE - F\u00c1BIO AUGUSTO CELESTINO","twitter_card":"summary_large_image","twitter_creator":"@x.com\/ubirataonline","twitter_site":"@ubirataonline","twitter_misc":{"Written by":"REDA\u00c7\u00c3O: UBIRAT\u00c3 ONLINE - F\u00c1BIO AUGUSTO CELESTINO","Est. reading time":"9 minutes"},"schema":{"@context":"https:\/\/schema.org","@graph":[{"@type":"NewsArticle","@id":"https:\/\/ubirataonline.com.br\/a-saude-mental-se-tornou-um-desafio-coletivo\/#article","isPartOf":{"@id":"https:\/\/ubirataonline.com.br\/a-saude-mental-se-tornou-um-desafio-coletivo\/"},"author":{"name":"REDA\u00c7\u00c3O: UBIRAT\u00c3 ONLINE - F\u00c1BIO AUGUSTO CELESTINO","@id":"https:\/\/ubirataonline.com.br\/#\/schema\/person\/372f87bbd3fdd79b8556b84c98d0bc1c"},"headline":"A sa\u00fade mental se tornou um desafio coletivo","datePublished":"2026-08-06T11:41:59+00:00","dateModified":"2026-08-06T11:44:48+00:00","mainEntityOfPage":{"@id":"https:\/\/ubirataonline.com.br\/a-saude-mental-se-tornou-um-desafio-coletivo\/"},"wordCount":1763,"publisher":{"@id":"https:\/\/ubirataonline.com.br\/#organization"},"image":{"@id":"https:\/\/ubirataonline.com.br\/a-saude-mental-se-tornou-um-desafio-coletivo\/#primaryimage"},"thumbnailUrl":"https:\/\/ubirataonline.com.br\/wp-content\/uploads\/2026\/08\/3a583785-afdb-4bbe-a2fb-d52600bfb829.jpg","keywords":["ansiedade","Bem-estar","depress\u00e3o","medicina","qualidade de vida","sa\u00fade emocional","Sa\u00fade Mental"],"articleSection":["Sa\u00fade"],"inLanguage":"en-US","copyrightYear":"2026","copyrightHolder":{"@id":"https:\/\/ubirataonline.com.br\/en\/#organization"}},{"@type":"WebPage","@id":"https:\/\/ubirataonline.com.br\/a-saude-mental-se-tornou-um-desafio-coletivo\/","url":"https:\/\/ubirataonline.com.br\/a-saude-mental-se-tornou-um-desafio-coletivo\/","name":"A sa\u00fade mental se tornou um desafio coletivo - Ubirat\u00e3 Online Not\u00edcias - A realidade ao seu alcance!","isPartOf":{"@id":"https:\/\/ubirataonline.com.br\/#website"},"primaryImageOfPage":{"@id":"https:\/\/ubirataonline.com.br\/a-saude-mental-se-tornou-um-desafio-coletivo\/#primaryimage"},"image":{"@id":"https:\/\/ubirataonline.com.br\/a-saude-mental-se-tornou-um-desafio-coletivo\/#primaryimage"},"thumbnailUrl":"https:\/\/ubirataonline.com.br\/wp-content\/uploads\/2026\/08\/3a583785-afdb-4bbe-a2fb-d52600bfb829.jpg","datePublished":"2026-08-06T11:41:59+00:00","dateModified":"2026-08-06T11:44:48+00:00","description":"A sa\u00fade mental \u00e9 um desafio coletivo. Entenda como o estresse, a rotina e a forma\u00e7\u00e3o profissional impactam o bem-estar e por que cuidar vai al\u00e9m do individual.","breadcrumb":{"@id":"https:\/\/ubirataonline.com.br\/a-saude-mental-se-tornou-um-desafio-coletivo\/#breadcrumb"},"inLanguage":"en-US","potentialAction":[{"@type":"ReadAction","target":["https:\/\/ubirataonline.com.br\/a-saude-mental-se-tornou-um-desafio-coletivo\/"]}]},{"@type":"ImageObject","inLanguage":"en-US","@id":"https:\/\/ubirataonline.com.br\/a-saude-mental-se-tornou-um-desafio-coletivo\/#primaryimage","url":"https:\/\/ubirataonline.com.br\/wp-content\/uploads\/2026\/08\/3a583785-afdb-4bbe-a2fb-d52600bfb829.jpg","contentUrl":"https:\/\/ubirataonline.com.br\/wp-content\/uploads\/2026\/08\/3a583785-afdb-4bbe-a2fb-d52600bfb829.jpg","width":1536,"height":1024,"caption":"Ansiedade, depress\u00e3o e burnout deixaram de ser quest\u00f5es isoladas e passaram a refletir uma realidade compartilhada por milh\u00f5es de pessoas"},{"@type":"BreadcrumbList","@id":"https:\/\/ubirataonline.com.br\/a-saude-mental-se-tornou-um-desafio-coletivo\/#breadcrumb","itemListElement":[{"@type":"ListItem","position":1,"name":"In\u00edcio","item":"https:\/\/ubirataonline.com.br\/"},{"@type":"ListItem","position":2,"name":"A sa\u00fade mental se tornou um desafio coletivo"}]},{"@type":"WebSite","@id":"https:\/\/ubirataonline.com.br\/#website","url":"https:\/\/ubirataonline.com.br\/","name":"Ubirat\u00e3 Online Not\u00edcias","description":"Not\u00edcias de Ubirat\u00e3, regi\u00e3o, Brasil e mundo, com informa\u00e7\u00e3o atualizada e compromisso com o leitor.","publisher":{"@id":"https:\/\/ubirataonline.com.br\/#organization"},"alternateName":"Ubirat\u00e3 Online","potentialAction":[{"@type":"SearchAction","target":{"@type":"EntryPoint","urlTemplate":"https:\/\/ubirataonline.com.br\/?s={search_term_string}"},"query-input":{"@type":"PropertyValueSpecification","valueRequired":true,"valueName":"search_term_string"}}],"inLanguage":"en-US"},{"@type":["Organization","Place"],"@id":"https:\/\/ubirataonline.com.br\/#organization","name":"Ubirat\u00e3 Online Not\u00edcias","alternateName":"Ubirat\u00e3 Online","url":"https:\/\/ubirataonline.com.br\/","logo":{"@id":"https:\/\/ubirataonline.com.br\/a-saude-mental-se-tornou-um-desafio-coletivo\/#local-main-organization-logo"},"image":{"@id":"https:\/\/ubirataonline.com.br\/a-saude-mental-se-tornou-um-desafio-coletivo\/#local-main-organization-logo"},"sameAs":["https:\/\/www.facebook.com\/portalubirataonline","https:\/\/x.com\/ubirataonline","https:\/\/mastodon.social\/@ubirataonline","https:\/\/www.facebook.com\/groups\/311144672285604","https:\/\/www.facebook.com\/UBTAOnline","https:\/\/www.instagram.com\/portalubirataonline\/","https:\/\/twitter.com\/ubirataonline"],"description":"Somos um portal de not\u00edcias independente, criado em 5 de janeiro de 2009, com o objetivo de informar, conectar e valorizar a nossa comunidade de Ubirat\u00e3 e toda aregi\u00e3o. Com conte\u00fado atualizado, confi\u00e1vel e relevante, o Ubirat\u00e3 Online \u00e9 o seu espa\u00e7o para ficar por dentro dos principais acontecimentos locais, regionais, Brasil, Mundo e de interesse geral. Nosso compromisso \u00e9 com a verdade, a transpar\u00eancia e o respeito ao leitor.","legalName":"UBIRATA ONLINE NOT\u00cdCIAS","foundingDate":"2009-01-05","numberOfEmployees":{"@type":"QuantitativeValue","minValue":"1","maxValue":"10"},"publishingPrinciples":"https:\/\/ubirataonline.com.br\/faq\/","address":{"@id":"https:\/\/ubirataonline.com.br\/a-saude-mental-se-tornou-um-desafio-coletivo\/#local-main-place-address"},"geo":{"@type":"GeoCoordinates","latitude":"-24.5361401","longitude":"-52.9921776"},"telephone":["+5544998308235"],"contactPoint":{"@type":"ContactPoint","email":"contato@ubirataonline.com.br"},"openingHoursSpecification":{"@type":"OpeningHoursSpecification","dayOfWeek":["Monday","Tuesday","Wednesday","Thursday","Friday","Saturday","Sunday"],"opens":"00:00","closes":"23:59"},"email":"contato@ubirataonline.com.br","vatID":"47.621.418\/0001-80"},{"@type":"Person","@id":"https:\/\/ubirataonline.com.br\/#\/schema\/person\/372f87bbd3fdd79b8556b84c98d0bc1c","name":"REDA\u00c7\u00c3O: UBIRAT\u00c3 ONLINE - F\u00c1BIO AUGUSTO CELESTINO","pronouns":"Ele","description":"Desde 2003 trabalhando com not\u00edcias.","sameAs":["http:\/\/ubirataoline.com.br","https:\/\/www.facebook.com\/portalubirataonline","https:\/\/www.instagram.com\/ubirataonline_oficial","https:\/\/x.com\/x.com\/ubirataonline"],"honorificPrefix":"Mr.","honorificSuffix":"MD","birthDate":"1980-06-16","gender":"masculino","award":["V\u00e1rios pr\u00eamios de melhor portal da cidade"],"jobTitle":"Diretor","url":"https:\/\/ubirataonline.com.br\/en\/author\/ubirataonline\/"},{"@type":"PostalAddress","@id":"https:\/\/ubirataonline.com.br\/a-saude-mental-se-tornou-um-desafio-coletivo\/#local-main-place-address","streetAddress":"Rua dos Coqueiros, 104 - Bairro Boa Vista, Rua dos Coqueiros, 104 Bairro Boa Vista","addressLocality":"UBIRATA","postalCode":"85440-000","addressRegion":"PR","addressCountry":"BR"},{"@type":"ImageObject","inLanguage":"en-US","@id":"https:\/\/ubirataonline.com.br\/a-saude-mental-se-tornou-um-desafio-coletivo\/#local-main-organization-logo","url":"https:\/\/ubirataonline.com.br\/wp-content\/uploads\/2026\/06\/logoubirataonline-1.webp","contentUrl":"https:\/\/ubirataonline.com.br\/wp-content\/uploads\/2026\/06\/logoubirataonline-1.webp","width":500,"height":500,"caption":"Ubirat\u00e3 Online Not\u00edcias"}]},"geo.placename":"UBIRATA","geo.position":{"lat":"-24.5361401","long":"-52.9921776"},"geo.region":"Brazil"},"_links":{"self":[{"href":"https:\/\/ubirataonline.com.br\/en\/wp-json\/wp\/v2\/posts\/162277","targetHints":{"allow":["GET"]}}],"collection":[{"href":"https:\/\/ubirataonline.com.br\/en\/wp-json\/wp\/v2\/posts"}],"about":[{"href":"https:\/\/ubirataonline.com.br\/en\/wp-json\/wp\/v2\/types\/post"}],"author":[{"embeddable":true,"href":"https:\/\/ubirataonline.com.br\/en\/wp-json\/wp\/v2\/users\/1"}],"replies":[{"embeddable":true,"href":"https:\/\/ubirataonline.com.br\/en\/wp-json\/wp\/v2\/comments?post=162277"}],"version-history":[{"count":1,"href":"https:\/\/ubirataonline.com.br\/en\/wp-json\/wp\/v2\/posts\/162277\/revisions"}],"predecessor-version":[{"id":162279,"href":"https:\/\/ubirataonline.com.br\/en\/wp-json\/wp\/v2\/posts\/162277\/revisions\/162279"}],"wp:featuredmedia":[{"embeddable":true,"href":"https:\/\/ubirataonline.com.br\/en\/wp-json\/wp\/v2\/media\/162278"}],"wp:attachment":[{"href":"https:\/\/ubirataonline.com.br\/en\/wp-json\/wp\/v2\/media?parent=162277"}],"wp:term":[{"taxonomy":"category","embeddable":true,"href":"https:\/\/ubirataonline.com.br\/en\/wp-json\/wp\/v2\/categories?post=162277"},{"taxonomy":"post_tag","embeddable":true,"href":"https:\/\/ubirataonline.com.br\/en\/wp-json\/wp\/v2\/tags?post=162277"}],"curies":[{"name":"wp","href":"https:\/\/api.w.org\/{rel}","templated":true}]}}