{"id":162281,"date":"2026-08-06T08:51:38","date_gmt":"2026-08-06T11:51:38","guid":{"rendered":"https:\/\/ubirataonline.com.br\/educacao-publica-de-cascavel-alcanca-ideb-70-e-fica-em-terceiro-entre-as-maiores-cidades-do-pr\/"},"modified":"2026-08-06T08:51:40","modified_gmt":"2026-08-06T11:51:40","slug":"educacao-publica-de-cascavel-alcanca-ideb-70-e-fica-em-terceiro-entre-as-maiores-cidades-do-pr","status":"publish","type":"post","link":"https:\/\/ubirataonline.com.br\/en\/educacao-publica-de-cascavel-alcanca-ideb-70-e-fica-em-terceiro-entre-as-maiores-cidades-do-pr\/","title":{"rendered":"Educa\u00e7\u00e3o p\u00fablica de Cascavel alcan\u00e7a Ideb 7,0 e fica em terceiro entre as maiores cidades do PR"},"content":{"rendered":"<p><\/p>\n<div>\n<p>A educa\u00e7\u00e3o p\u00fablica de Cascavel tem mais um motivo para celebrar. O Munic\u00edpio alcan\u00e7ou Ideb, o \u00cdndice de Desenvolvimento da Educa\u00e7\u00e3o B\u00e1sica, 7,0 em 2025, consolidando uma trajet\u00f3ria de crescimento da Rede Municipal de Ensino e colocando Cascavel em terceiro lugar entre as dez maiores cidades do Paran\u00e1, considerando o desempenho nos anos iniciais do Ensino Fundamental.<\/p>\n<p>O resultado representa um importante avan\u00e7o em rela\u00e7\u00e3o \u00e0s edi\u00e7\u00f5es anteriores e evidencia o trabalho cont\u00ednuo desenvolvido nas escolas da Rede Municipal de Ensino. O Ideb7,0 traduz o esfor\u00e7o, a dedica\u00e7\u00e3o e o compromisso de milhares de profissionais que atuam diariamente para garantir uma educa\u00e7\u00e3o p\u00fablica de qualidade aos alunos de Cascavel.<\/p>\n<p><strong>Uma trajet\u00f3ria de crescimento<\/strong><br \/>O resultado de 2025 integra uma trajet\u00f3ria de evolu\u00e7\u00e3o constru\u00edda ao longo das \u00faltimas duas d\u00e9cadas. Em 2005, Cascavel registrava Ideb de 4,7. Desde ent\u00e3o, o \u00edndice apresentou crescimento em diferentes edi\u00e7\u00f5es da avalia\u00e7\u00e3o: passou para 5,1 em 2007, 5,5 em 2009, 5,8 em 2011, 6,1 em 2013, 6,3 em 2015, 6,5 em 2017, manteve 6,5 em 2019, registrou 6,3 em 2021 e voltou a crescer em 2023, quando chegou a 6,8.<\/p>\n<p>Agora, em 2025, a Rede Municipal alcan\u00e7a 7,0, o maior resultado registrado na s\u00e9rie hist\u00f3rica apresentada.<\/p>\n<p>Ao comparar 2005 com 2025, Cascavel passou de 4,7 para 7,0, um crescimento de 2,3 pontos no indicador. Em rela\u00e7\u00e3o \u00e0 edi\u00e7\u00e3o de 2023, quando o munic\u00edpio alcan\u00e7ou 6,8, o avan\u00e7o foi de 0,2 ponto.<\/p>\n<p>Al\u00e9m da evolu\u00e7\u00e3o ao longo dos anos, o resultado coloca Cascavel em posi\u00e7\u00e3o de destaque no cen\u00e1rio estadual: o munic\u00edpio ficou em terceiro lugar entre as dez maiores cidades do Paran\u00e1, demonstrando a for\u00e7a e a qualidade do trabalho desenvolvido pela Rede Municipal de Ensino. Al\u00e9m disso, o Paran\u00e1 ficou como melhor nota de todo o Brasil entre os estados.\u00a0<\/p>\n<p><strong>O que \u00e9 o Ideb?<\/strong><\/p>\n<p>O \u00cdndice de Desenvolvimento da Educa\u00e7\u00e3o B\u00e1sica \u00e9 um dos principais indicadores utilizados para acompanhar a qualidade da educa\u00e7\u00e3o b\u00e1sica brasileira. Criado pelo Inep (Instituto Nacional de Estudos e Pesquisas Educacionais An\u00edsio Teixeira), o \u00edndice re\u00fane, em um \u00fanico resultado, informa\u00e7\u00f5es relacionadas \u00e0 aprendizagem dos alunos e ao fluxo escolar.<\/p>\n<p>O c\u00e1lculo combina os resultados de aprendizagem obtidos nas avalia\u00e7\u00f5es do Sistema de Avalia\u00e7\u00e3o da Educa\u00e7\u00e3o B\u00e1sica, especialmente nas \u00e1reas de L\u00edngua Portuguesa e Matem\u00e1tica, com os dados de aprova\u00e7\u00e3o dos alunos registrados no Censo Escolar.<\/p>\n<p>Isso significa que o Ideb n\u00e3o \u00e9 simplesmente a nota obtida pelos alunos em uma prova. O indicador considera, ao mesmo tempo, o desempenho acad\u00eamico e a trajet\u00f3ria escolar dos alunos, permitindo acompanhar a evolu\u00e7\u00e3o das redes de ensino ao longo dos anos.<\/p>\n<p>Nos anos iniciais do Ensino Fundamental, etapa considerada no resultado da Rede Municipal, o desempenho dos alunos do 5\u00ba ano tem papel fundamental na composi\u00e7\u00e3o do indicador. Dessa forma, o resultado representa um retrato mais amplo da educa\u00e7\u00e3o oferecida pela rede, considerando os dados de aprendizagem e de fluxo escolar.<\/p>\n<p>A escala do Ideb varia de 0 a 10. Por isso, alcan\u00e7ar o resultado de 7,0 representa uma conquista expressiva e demonstra a evolu\u00e7\u00e3o da Rede Municipal de Cascavel.<\/p>\n<p>Um resultado constru\u00eddo por muitas m\u00e3os<br \/>Para a Secretaria Municipal de Educa\u00e7\u00e3o, o desempenho alcan\u00e7ado no Ideb \u00e9 resultado de um trabalho coletivo, cont\u00ednuo e comprometido com a aprendizagem dos alunos.<\/p>\n<p>Professores, equipes pedag\u00f3gicas, diretores, coordenadores, profissionais de apoio, servidores administrativos, equipes da Secretaria Municipal de Educa\u00e7\u00e3o e todos aqueles que atuam direta ou indiretamente na Rede Municipal contribuem diariamente para que os alunos tenham acesso a uma educa\u00e7\u00e3o p\u00fablica de qualidade.<\/p>\n<p>O resultado tamb\u00e9m est\u00e1 relacionado ao planejamento pedag\u00f3gico, ao acompanhamento da aprendizagem, \u00e0 forma\u00e7\u00e3o continuada dos profissionais, ao desenvolvimento de estrat\u00e9gias para atender \u00e0s necessidades dos alunos e ao compromisso das equipes escolares.<\/p>\n<p>Cada aula planejada, cada aluno acompanhado, cada dificuldade identificada, cada estrat\u00e9gia pedag\u00f3gica desenvolvida e cada esfor\u00e7o realizado no cotidiano das unidades escolares fazem parte dessa conquista.<\/p>\n<p>A participa\u00e7\u00e3o das fam\u00edlias e a parceria com toda a comunidade escolar tamb\u00e9m s\u00e3o fundamentais nesse processo, fortalecendo o trabalho desenvolvido pelas escolas e contribuindo para o desenvolvimento integral dos alunos.<\/p>\n<p><strong>De 4,7 para 7,0<\/strong><br \/>A evolu\u00e7\u00e3o hist\u00f3rica demonstra a constru\u00e7\u00e3o de uma trajet\u00f3ria de crescimento da educa\u00e7\u00e3o municipal de Cascavel.<\/p>\n<p>Confira a evolu\u00e7\u00e3o do Ideb:<\/p>\n<p>Ano \u00a0 \u00a0Ideb<br \/>2005 \u00a0 \u00a04,7<br \/>2007 \u00a0 \u00a05,1<br \/>2009 \u00a0 \u00a05,5<br \/>2011 \u00a0 \u00a05,8<br \/>2013 \u00a0 \u00a06,1<br \/>2015 \u00a0 \u00a06,3<br \/>2017 \u00a0 \u00a06,5<br \/>2019 \u00a0 \u00a06,5<br \/>2021 \u00a0 \u00a06,3<br \/>2023 \u00a0 \u00a06,8<br \/>2025 \u00a0 \u00a07,0<\/p>\n<p>Os n\u00fameros mostram uma evolu\u00e7\u00e3o de 2,3 pontos em 20 anos. Mesmo diante dos desafios enfrentados pela educa\u00e7\u00e3o brasileira nos \u00faltimos anos, incluindo os impactos provocados pela pandemia, Cascavel retomou a trajet\u00f3ria de crescimento e alcan\u00e7ou, em 2025, o resultado de 7,0.<\/p>\n<p>A secret\u00e1ria municipal de Educa\u00e7\u00e3o, Gislaine Buraki de Andrade, destaca que o resultado pertence a toda a Rede Municipal de Ensino. \u201cO Ideb 7,0 \u00e9 uma conquista coletiva. \u00c9 o resultado do trabalho, da dedica\u00e7\u00e3o e do compromisso de cada profissional que est\u00e1 diariamente nas nossas escolas, nas salas de aula, nas equipes pedag\u00f3gicas, na gest\u00e3o e em todos os setores que fazem a educa\u00e7\u00e3o de Cascavel acontecer. Quero agradecer de maneira muito especial aos nossos professores, aos diretores, coordenadores, servidores e a todos os profissionais da educa\u00e7\u00e3o que se dedicam aos nossos alunos todos os dias. Esse resultado \u00e9 de voc\u00eas e \u00e9 motivo de muito orgulho para todos n\u00f3s\u201d.\u00a0<\/p>\n<p>A secret\u00e1ria refor\u00e7a que o resultado deve ser celebrado, mas tamb\u00e9m compreendido como um est\u00edmulo para continuar avan\u00e7ando. \u201cSabemos que os n\u00fameros representam pessoas, hist\u00f3rias e trajet\u00f3rias de aprendizagem. Por isso, receber esse resultado nos deixa muito felizes, mas tamb\u00e9m aumenta a nossa responsabilidade. Queremos continuar trabalhando para garantir que cada aluno tenha oportunidades de aprender, desenvolver suas potencialidades e construir seu futuro. O Ideb 7,0 mostra que estamos no caminho certo, e vamos seguir avan\u00e7ando, sempre com di\u00e1logo, planejamento, forma\u00e7\u00e3o e compromisso com uma educa\u00e7\u00e3o p\u00fablica cada vez melhor.\u201d<\/p>\n<p>O Ideb \u00e9 uma importante ferramenta para acompanhar a evolu\u00e7\u00e3o da educa\u00e7\u00e3o e oferece informa\u00e7\u00f5es que auxiliam gestores e equipes escolares no planejamento de a\u00e7\u00f5es voltadas \u00e0 aprendizagem.<\/p>\n<p>Em Cascavel, a trajet\u00f3ria apresentada nas \u00faltimas duas d\u00e9cadas demonstra que os avan\u00e7os s\u00e3o constru\u00eddos de forma gradual e dependem de pol\u00edticas educacionais, investimentos, acompanhamento pedag\u00f3gico, forma\u00e7\u00e3o continuada e, principalmente, do trabalho realizado diariamente dentro das unidades escolares.<\/p>\n<p>Para a Secretaria Municipal de Educa\u00e7\u00e3o, o Ideb 7,0 representa o reconhecimento de um esfor\u00e7o coletivo e refor\u00e7a o compromisso da Administra\u00e7\u00e3o Municipal em continuar fortalecendo a Rede Municipal de Ensino.<\/p>\n<p>A conquista \u00e9 compartilhada com todos os profissionais da educa\u00e7\u00e3o, com os alunos, as fam\u00edlias e toda a comunidade escolar. Cada pessoa que participa do cotidiano das escolas contribui para a constru\u00e7\u00e3o dos resultados e para a transforma\u00e7\u00e3o da educa\u00e7\u00e3o.<\/p>\n<p>Cascavel avan\u00e7a porque sua educa\u00e7\u00e3o \u00e9 feita por pessoas que acreditam na educa\u00e7\u00e3o e trabalham todos os dias para transformar o aprendizado em novas possibilidades para milhares de alunos.<\/p>\n<\/p><\/div>\n<p><a href=\"https:\/\/cgn.inf.br\/noticia\/2164845\/educacao-publica-de-cascavel-alcanca-ideb-70-e-fica-em-terceiro-entre-as-maiores-cidades-do-pr\">CR\u00c9DITOS E LINK DO ARTIGO <\/a><br \/>\n<a href=\"https:\/\/ubirataonline.com.br\/en\/noticias\/\" target=\"_blank\" rel=\"noopener noreferrer\">Mais Not\u00edcias<\/a><\/p>\n<p><a href=\"https:\/\/ubirataonline.com.br\/en\/\" target=\"_blank\" rel=\"noopener noreferrer\">Home Page &#8211; In\u00edcio<\/a><br \/>\n<br \/>\nSee more: <a href=\"https:\/\/theglobaltrack.com\/\" target=\"_blank\" rel=\"noopener noreferrer\">The Global Track<\/a><\/p>\n<p><a href=\"https:\/\/corinthiames.com.br\/\" target=\"_blank\" rel=\"noopener noreferrer\">Corinthia Mes<\/a><\/p>","protected":false},"excerpt":{"rendered":"<p>A educa\u00e7\u00e3o p\u00fablica de Cascavel tem mais um motivo para celebrar. O Munic\u00edpio alcan\u00e7ou Ideb, o \u00cdndice de Desenvolvimento da Educa\u00e7\u00e3o B\u00e1sica, 7,0 em 2025, consolidando uma trajet\u00f3ria de crescimento da Rede Municipal de Ensino e colocando Cascavel em terceiro lugar entre as dez maiores cidades do Paran\u00e1, considerando o desempenho nos anos iniciais do [&hellip;]<\/p>\n","protected":false},"author":1,"featured_media":162282,"comment_status":"closed","ping_status":"","sticky":false,"template":"","format":"standard","meta":{"googlesitekit_rrm_CAow2JLhCw:productID":"","_gspb_post_css":"","maa_idioma":"","maa_pais":"","footnotes":""},"categories":[4],"tags":[4758,262,5651,152,4676,3276,43792,13624,3493,40685],"class_list":["post-162281","post","type-post","status-publish","format-standard","has-post-thumbnail","hentry","category-brasil","tag-alcanca","tag-cascavel","tag-cidades","tag-educacao","tag-entre","tag-fica","tag-ideb","tag-maiores","tag-publica","tag-terceiro"],"blocksy_meta":[],"yoast_head":"<!-- This site is optimized with the Yoast SEO Premium plugin v27.6 (Yoast SEO v27.6) - https:\/\/yoast.com\/product\/yoast-seo-premium-wordpress\/ -->\n<title>Educa\u00e7\u00e3o p\u00fablica de Cascavel alcan\u00e7a Ideb 7,0 e fica em terceiro entre as maiores cidades do PR - Ubirat\u00e3 Online Not\u00edcias - A realidade ao seu alcance!<\/title>\n<meta name=\"description\" content=\"A educa\u00e7\u00e3o p\u00fablica de Cascavel tem mais um motivo para celebrar. O Munic\u00edpio alcan\u00e7ou Ideb, o \u00cdndice de Desenvolvimento da Educa\u00e7\u00e3o B\u00e1sica, 7,0 em 2025,\" \/>\n<meta name=\"robots\" content=\"index, follow, max-snippet:-1, max-image-preview:large, max-video-preview:-1\" \/>\n<link rel=\"canonical\" href=\"https:\/\/ubirataonline.com.br\/en\/educacao-publica-de-cascavel-alcanca-ideb-70-e-fica-em-terceiro-entre-as-maiores-cidades-do-pr\/\" \/>\n<meta property=\"og:locale\" content=\"en_US\" \/>\n<meta property=\"og:type\" content=\"article\" \/>\n<meta property=\"og:title\" content=\"Educa\u00e7\u00e3o p\u00fablica de Cascavel alcan\u00e7a Ideb 7,0 e fica em terceiro entre as maiores cidades do PR\" \/>\n<meta property=\"og:description\" content=\"A educa\u00e7\u00e3o p\u00fablica de Cascavel tem mais um motivo para celebrar. O Munic\u00edpio alcan\u00e7ou Ideb, o \u00cdndice de Desenvolvimento da Educa\u00e7\u00e3o B\u00e1sica, 7,0 em 2025,\" \/>\n<meta property=\"og:url\" content=\"https:\/\/ubirataonline.com.br\/en\/educacao-publica-de-cascavel-alcanca-ideb-70-e-fica-em-terceiro-entre-as-maiores-cidades-do-pr\/\" \/>\n<meta property=\"og:site_name\" content=\"Ubirat\u00e3 Online Not\u00edcias - A realidade ao seu alcance!\" \/>\n<meta property=\"article:publisher\" content=\"https:\/\/www.facebook.com\/portalubirataonline\" \/>\n<meta property=\"article:author\" content=\"https:\/\/www.facebook.com\/portalubirataonline\" \/>\n<meta property=\"article:published_time\" content=\"2026-08-06T11:51:38+00:00\" \/>\n<meta property=\"article:modified_time\" content=\"2026-08-06T11:51:40+00:00\" \/>\n<meta property=\"og:image\" content=\"https:\/\/ubirataonline.com.br\/wp-content\/uploads\/2026\/08\/Educacao-publica-de-Cascavel-alcanca-Ideb-70-e-fica-em.jpeg\" \/>\n\t<meta property=\"og:image:width\" content=\"1180\" \/>\n\t<meta property=\"og:image:height\" content=\"787\" \/>\n\t<meta property=\"og:image:type\" content=\"image\/jpeg\" \/>\n<meta name=\"author\" content=\"REDA\u00c7\u00c3O: UBIRAT\u00c3 ONLINE - F\u00c1BIO AUGUSTO CELESTINO\" \/>\n<meta name=\"twitter:card\" content=\"summary_large_image\" \/>\n<meta name=\"twitter:creator\" content=\"@x.com\/ubirataonline\" \/>\n<meta name=\"twitter:site\" content=\"@ubirataonline\" \/>\n<meta name=\"twitter:label1\" content=\"Written by\" \/>\n\t<meta name=\"twitter:data1\" content=\"REDA\u00c7\u00c3O: UBIRAT\u00c3 ONLINE - F\u00c1BIO AUGUSTO CELESTINO\" \/>\n\t<meta name=\"twitter:label2\" content=\"Est. reading time\" \/>\n\t<meta name=\"twitter:data2\" content=\"6 minutes\" \/>\n<script type=\"application\/ld+json\" class=\"yoast-schema-graph\">{\"@context\":\"https:\\\/\\\/schema.org\",\"@graph\":[{\"@type\":\"NewsArticle\",\"@id\":\"https:\\\/\\\/ubirataonline.com.br\\\/educacao-publica-de-cascavel-alcanca-ideb-70-e-fica-em-terceiro-entre-as-maiores-cidades-do-pr\\\/#article\",\"isPartOf\":{\"@id\":\"https:\\\/\\\/ubirataonline.com.br\\\/educacao-publica-de-cascavel-alcanca-ideb-70-e-fica-em-terceiro-entre-as-maiores-cidades-do-pr\\\/\"},\"author\":{\"name\":\"REDA\u00c7\u00c3O: UBIRAT\u00c3 ONLINE - F\u00c1BIO AUGUSTO CELESTINO\",\"@id\":\"https:\\\/\\\/ubirataonline.com.br\\\/#\\\/schema\\\/person\\\/372f87bbd3fdd79b8556b84c98d0bc1c\"},\"headline\":\"Educa\u00e7\u00e3o p\u00fablica de Cascavel alcan\u00e7a Ideb 7,0 e fica em terceiro entre as maiores cidades do PR\",\"datePublished\":\"2026-08-06T11:51:38+00:00\",\"dateModified\":\"2026-08-06T11:51:40+00:00\",\"mainEntityOfPage\":{\"@id\":\"https:\\\/\\\/ubirataonline.com.br\\\/educacao-publica-de-cascavel-alcanca-ideb-70-e-fica-em-terceiro-entre-as-maiores-cidades-do-pr\\\/\"},\"wordCount\":1224,\"publisher\":{\"@id\":\"https:\\\/\\\/ubirataonline.com.br\\\/#organization\"},\"image\":{\"@id\":\"https:\\\/\\\/ubirataonline.com.br\\\/educacao-publica-de-cascavel-alcanca-ideb-70-e-fica-em-terceiro-entre-as-maiores-cidades-do-pr\\\/#primaryimage\"},\"thumbnailUrl\":\"https:\\\/\\\/ubirataonline.com.br\\\/wp-content\\\/uploads\\\/2026\\\/08\\\/Educacao-publica-de-Cascavel-alcanca-Ideb-70-e-fica-em.jpeg\",\"keywords\":[\"alcan\u00e7a\",\"cascavel\",\"cidades\",\"educa\u00e7\u00e3o\",\"entre\",\"fica\",\"Ideb\",\"maiores\",\"p\u00fablica\",\"terceiro\"],\"articleSection\":[\"Brasil\"],\"inLanguage\":\"en-US\",\"copyrightYear\":\"2026\",\"copyrightHolder\":{\"@id\":\"https:\\\/\\\/ubirataonline.com.br\\\/en\\\/#organization\"}},{\"@type\":\"WebPage\",\"@id\":\"https:\\\/\\\/ubirataonline.com.br\\\/educacao-publica-de-cascavel-alcanca-ideb-70-e-fica-em-terceiro-entre-as-maiores-cidades-do-pr\\\/\",\"url\":\"https:\\\/\\\/ubirataonline.com.br\\\/educacao-publica-de-cascavel-alcanca-ideb-70-e-fica-em-terceiro-entre-as-maiores-cidades-do-pr\\\/\",\"name\":\"Educa\u00e7\u00e3o p\u00fablica de Cascavel alcan\u00e7a Ideb 7,0 e fica em terceiro entre as maiores cidades do PR - Ubirat\u00e3 Online Not\u00edcias - A realidade ao seu alcance!\",\"isPartOf\":{\"@id\":\"https:\\\/\\\/ubirataonline.com.br\\\/#website\"},\"primaryImageOfPage\":{\"@id\":\"https:\\\/\\\/ubirataonline.com.br\\\/educacao-publica-de-cascavel-alcanca-ideb-70-e-fica-em-terceiro-entre-as-maiores-cidades-do-pr\\\/#primaryimage\"},\"image\":{\"@id\":\"https:\\\/\\\/ubirataonline.com.br\\\/educacao-publica-de-cascavel-alcanca-ideb-70-e-fica-em-terceiro-entre-as-maiores-cidades-do-pr\\\/#primaryimage\"},\"thumbnailUrl\":\"https:\\\/\\\/ubirataonline.com.br\\\/wp-content\\\/uploads\\\/2026\\\/08\\\/Educacao-publica-de-Cascavel-alcanca-Ideb-70-e-fica-em.jpeg\",\"datePublished\":\"2026-08-06T11:51:38+00:00\",\"dateModified\":\"2026-08-06T11:51:40+00:00\",\"description\":\"A educa\u00e7\u00e3o p\u00fablica de Cascavel tem mais um motivo para celebrar. O Munic\u00edpio alcan\u00e7ou Ideb, o \u00cdndice de Desenvolvimento da Educa\u00e7\u00e3o B\u00e1sica, 7,0 em 2025,\",\"breadcrumb\":{\"@id\":\"https:\\\/\\\/ubirataonline.com.br\\\/educacao-publica-de-cascavel-alcanca-ideb-70-e-fica-em-terceiro-entre-as-maiores-cidades-do-pr\\\/#breadcrumb\"},\"inLanguage\":\"en-US\",\"potentialAction\":[{\"@type\":\"ReadAction\",\"target\":[\"https:\\\/\\\/ubirataonline.com.br\\\/educacao-publica-de-cascavel-alcanca-ideb-70-e-fica-em-terceiro-entre-as-maiores-cidades-do-pr\\\/\"]}]},{\"@type\":\"ImageObject\",\"inLanguage\":\"en-US\",\"@id\":\"https:\\\/\\\/ubirataonline.com.br\\\/educacao-publica-de-cascavel-alcanca-ideb-70-e-fica-em-terceiro-entre-as-maiores-cidades-do-pr\\\/#primaryimage\",\"url\":\"https:\\\/\\\/ubirataonline.com.br\\\/wp-content\\\/uploads\\\/2026\\\/08\\\/Educacao-publica-de-Cascavel-alcanca-Ideb-70-e-fica-em.jpeg\",\"contentUrl\":\"https:\\\/\\\/ubirataonline.com.br\\\/wp-content\\\/uploads\\\/2026\\\/08\\\/Educacao-publica-de-Cascavel-alcanca-Ideb-70-e-fica-em.jpeg\",\"width\":1180,\"height\":787,\"caption\":\"Educa\u00e7\u00e3o p\u00fablica de Cascavel alcan\u00e7a Ideb 7,0 e fica em terceiro entre as maiores cidades do PR\"},{\"@type\":\"BreadcrumbList\",\"@id\":\"https:\\\/\\\/ubirataonline.com.br\\\/educacao-publica-de-cascavel-alcanca-ideb-70-e-fica-em-terceiro-entre-as-maiores-cidades-do-pr\\\/#breadcrumb\",\"itemListElement\":[{\"@type\":\"ListItem\",\"position\":1,\"name\":\"In\u00edcio\",\"item\":\"https:\\\/\\\/ubirataonline.com.br\\\/\"},{\"@type\":\"ListItem\",\"position\":2,\"name\":\"Educa\u00e7\u00e3o p\u00fablica de Cascavel alcan\u00e7a Ideb 7,0 e fica em terceiro entre as maiores cidades do PR\"}]},{\"@type\":\"WebSite\",\"@id\":\"https:\\\/\\\/ubirataonline.com.br\\\/#website\",\"url\":\"https:\\\/\\\/ubirataonline.com.br\\\/\",\"name\":\"Ubirat\u00e3 Online Not\u00edcias\",\"description\":\"Not\u00edcias de Ubirat\u00e3, regi\u00e3o, Brasil e mundo, com informa\u00e7\u00e3o atualizada e compromisso com o leitor.\",\"publisher\":{\"@id\":\"https:\\\/\\\/ubirataonline.com.br\\\/#organization\"},\"alternateName\":\"Ubirat\u00e3 Online\",\"potentialAction\":[{\"@type\":\"SearchAction\",\"target\":{\"@type\":\"EntryPoint\",\"urlTemplate\":\"https:\\\/\\\/ubirataonline.com.br\\\/?s={search_term_string}\"},\"query-input\":{\"@type\":\"PropertyValueSpecification\",\"valueRequired\":true,\"valueName\":\"search_term_string\"}}],\"inLanguage\":\"en-US\"},{\"@type\":[\"Organization\",\"Place\"],\"@id\":\"https:\\\/\\\/ubirataonline.com.br\\\/#organization\",\"name\":\"Ubirat\u00e3 Online Not\u00edcias\",\"alternateName\":\"Ubirat\u00e3 Online\",\"url\":\"https:\\\/\\\/ubirataonline.com.br\\\/\",\"logo\":{\"@id\":\"https:\\\/\\\/ubirataonline.com.br\\\/educacao-publica-de-cascavel-alcanca-ideb-70-e-fica-em-terceiro-entre-as-maiores-cidades-do-pr\\\/#local-main-organization-logo\"},\"image\":{\"@id\":\"https:\\\/\\\/ubirataonline.com.br\\\/educacao-publica-de-cascavel-alcanca-ideb-70-e-fica-em-terceiro-entre-as-maiores-cidades-do-pr\\\/#local-main-organization-logo\"},\"sameAs\":[\"https:\\\/\\\/www.facebook.com\\\/portalubirataonline\",\"https:\\\/\\\/x.com\\\/ubirataonline\",\"https:\\\/\\\/mastodon.social\\\/@ubirataonline\",\"https:\\\/\\\/www.facebook.com\\\/groups\\\/311144672285604\",\"https:\\\/\\\/www.facebook.com\\\/UBTAOnline\",\"https:\\\/\\\/www.instagram.com\\\/portalubirataonline\\\/\",\"https:\\\/\\\/twitter.com\\\/ubirataonline\"],\"description\":\"Somos um portal de not\u00edcias independente, criado em 5 de janeiro de 2009, com o objetivo de informar, conectar e valorizar a nossa comunidade de Ubirat\u00e3 e toda aregi\u00e3o. Com conte\u00fado atualizado, confi\u00e1vel e relevante, o Ubirat\u00e3 Online \u00e9 o seu espa\u00e7o para ficar por dentro dos principais acontecimentos locais, regionais, Brasil, Mundo e de interesse geral. Nosso compromisso \u00e9 com a verdade, a transpar\u00eancia e o respeito ao leitor.\",\"legalName\":\"UBIRATA ONLINE NOT\u00cdCIAS\",\"foundingDate\":\"2009-01-05\",\"numberOfEmployees\":{\"@type\":\"QuantitativeValue\",\"minValue\":\"1\",\"maxValue\":\"10\"},\"publishingPrinciples\":\"https:\\\/\\\/ubirataonline.com.br\\\/faq\\\/\",\"address\":{\"@id\":\"https:\\\/\\\/ubirataonline.com.br\\\/educacao-publica-de-cascavel-alcanca-ideb-70-e-fica-em-terceiro-entre-as-maiores-cidades-do-pr\\\/#local-main-place-address\"},\"geo\":{\"@type\":\"GeoCoordinates\",\"latitude\":\"-24.5361401\",\"longitude\":\"-52.9921776\"},\"telephone\":[\"+5544998308235\"],\"contactPoint\":{\"@type\":\"ContactPoint\",\"email\":\"contato@ubirataonline.com.br\"},\"openingHoursSpecification\":{\"@type\":\"OpeningHoursSpecification\",\"dayOfWeek\":[\"Monday\",\"Tuesday\",\"Wednesday\",\"Thursday\",\"Friday\",\"Saturday\",\"Sunday\"],\"opens\":\"00:00\",\"closes\":\"23:59\"},\"email\":\"contato@ubirataonline.com.br\",\"vatID\":\"47.621.418\\\/0001-80\"},{\"@type\":\"Person\",\"@id\":\"https:\\\/\\\/ubirataonline.com.br\\\/#\\\/schema\\\/person\\\/372f87bbd3fdd79b8556b84c98d0bc1c\",\"name\":\"REDA\u00c7\u00c3O: UBIRAT\u00c3 ONLINE - F\u00c1BIO AUGUSTO CELESTINO\",\"pronouns\":\"Ele\",\"description\":\"Desde 2003 trabalhando com not\u00edcias.\",\"sameAs\":[\"http:\\\/\\\/ubirataoline.com.br\",\"https:\\\/\\\/www.facebook.com\\\/portalubirataonline\",\"https:\\\/\\\/www.instagram.com\\\/ubirataonline_oficial\",\"https:\\\/\\\/x.com\\\/x.com\\\/ubirataonline\"],\"honorificPrefix\":\"Mr.\",\"honorificSuffix\":\"MD\",\"birthDate\":\"1980-06-16\",\"gender\":\"masculino\",\"award\":[\"V\u00e1rios pr\u00eamios de melhor portal da cidade\"],\"jobTitle\":\"Diretor\",\"url\":\"https:\\\/\\\/ubirataonline.com.br\\\/en\\\/author\\\/ubirataonline\\\/\"},{\"@type\":\"PostalAddress\",\"@id\":\"https:\\\/\\\/ubirataonline.com.br\\\/educacao-publica-de-cascavel-alcanca-ideb-70-e-fica-em-terceiro-entre-as-maiores-cidades-do-pr\\\/#local-main-place-address\",\"streetAddress\":\"Rua dos Coqueiros, 104 - Bairro Boa Vista, Rua dos Coqueiros, 104 Bairro Boa Vista\",\"addressLocality\":\"UBIRATA\",\"postalCode\":\"85440-000\",\"addressRegion\":\"PR\",\"addressCountry\":\"BR\"},{\"@type\":\"ImageObject\",\"inLanguage\":\"en-US\",\"@id\":\"https:\\\/\\\/ubirataonline.com.br\\\/educacao-publica-de-cascavel-alcanca-ideb-70-e-fica-em-terceiro-entre-as-maiores-cidades-do-pr\\\/#local-main-organization-logo\",\"url\":\"https:\\\/\\\/ubirataonline.com.br\\\/wp-content\\\/uploads\\\/2026\\\/06\\\/logoubirataonline-1.webp\",\"contentUrl\":\"https:\\\/\\\/ubirataonline.com.br\\\/wp-content\\\/uploads\\\/2026\\\/06\\\/logoubirataonline-1.webp\",\"width\":500,\"height\":500,\"caption\":\"Ubirat\u00e3 Online Not\u00edcias\"}]}<\/script>\n<meta name=\"geo.placename\" content=\"UBIRATA\" \/>\n<meta name=\"geo.position\" content=\"-24.5361401;-52.9921776\" \/>\n<meta name=\"geo.region\" content=\"Brazil\" \/>\n<!-- \/ Yoast SEO Premium plugin. -->","yoast_head_json":{"title":"Educa\u00e7\u00e3o p\u00fablica de Cascavel alcan\u00e7a Ideb 7,0 e fica em terceiro entre as maiores cidades do PR - Ubirat\u00e3 Online Not\u00edcias - A realidade ao seu alcance!","description":"A educa\u00e7\u00e3o p\u00fablica de Cascavel tem mais um motivo para celebrar. O Munic\u00edpio alcan\u00e7ou Ideb, o \u00cdndice de Desenvolvimento da Educa\u00e7\u00e3o B\u00e1sica, 7,0 em 2025,","robots":{"index":"index","follow":"follow","max-snippet":"max-snippet:-1","max-image-preview":"max-image-preview:large","max-video-preview":"max-video-preview:-1"},"canonical":"https:\/\/ubirataonline.com.br\/en\/educacao-publica-de-cascavel-alcanca-ideb-70-e-fica-em-terceiro-entre-as-maiores-cidades-do-pr\/","og_locale":"en_US","og_type":"article","og_title":"Educa\u00e7\u00e3o p\u00fablica de Cascavel alcan\u00e7a Ideb 7,0 e fica em terceiro entre as maiores cidades do PR","og_description":"A educa\u00e7\u00e3o p\u00fablica de Cascavel tem mais um motivo para celebrar. O Munic\u00edpio alcan\u00e7ou Ideb, o \u00cdndice de Desenvolvimento da Educa\u00e7\u00e3o B\u00e1sica, 7,0 em 2025,","og_url":"https:\/\/ubirataonline.com.br\/en\/educacao-publica-de-cascavel-alcanca-ideb-70-e-fica-em-terceiro-entre-as-maiores-cidades-do-pr\/","og_site_name":"Ubirat\u00e3 Online Not\u00edcias - A realidade ao seu alcance!","article_publisher":"https:\/\/www.facebook.com\/portalubirataonline","article_author":"https:\/\/www.facebook.com\/portalubirataonline","article_published_time":"2026-08-06T11:51:38+00:00","article_modified_time":"2026-08-06T11:51:40+00:00","og_image":[{"width":1180,"height":787,"url":"https:\/\/ubirataonline.com.br\/wp-content\/uploads\/2026\/08\/Educacao-publica-de-Cascavel-alcanca-Ideb-70-e-fica-em.jpeg","type":"image\/jpeg"}],"author":"REDA\u00c7\u00c3O: UBIRAT\u00c3 ONLINE - F\u00c1BIO AUGUSTO CELESTINO","twitter_card":"summary_large_image","twitter_creator":"@x.com\/ubirataonline","twitter_site":"@ubirataonline","twitter_misc":{"Written by":"REDA\u00c7\u00c3O: UBIRAT\u00c3 ONLINE - F\u00c1BIO AUGUSTO CELESTINO","Est. reading time":"6 minutes"},"schema":{"@context":"https:\/\/schema.org","@graph":[{"@type":"NewsArticle","@id":"https:\/\/ubirataonline.com.br\/educacao-publica-de-cascavel-alcanca-ideb-70-e-fica-em-terceiro-entre-as-maiores-cidades-do-pr\/#article","isPartOf":{"@id":"https:\/\/ubirataonline.com.br\/educacao-publica-de-cascavel-alcanca-ideb-70-e-fica-em-terceiro-entre-as-maiores-cidades-do-pr\/"},"author":{"name":"REDA\u00c7\u00c3O: UBIRAT\u00c3 ONLINE - F\u00c1BIO AUGUSTO CELESTINO","@id":"https:\/\/ubirataonline.com.br\/#\/schema\/person\/372f87bbd3fdd79b8556b84c98d0bc1c"},"headline":"Educa\u00e7\u00e3o p\u00fablica de Cascavel alcan\u00e7a Ideb 7,0 e fica em terceiro entre as maiores cidades do PR","datePublished":"2026-08-06T11:51:38+00:00","dateModified":"2026-08-06T11:51:40+00:00","mainEntityOfPage":{"@id":"https:\/\/ubirataonline.com.br\/educacao-publica-de-cascavel-alcanca-ideb-70-e-fica-em-terceiro-entre-as-maiores-cidades-do-pr\/"},"wordCount":1224,"publisher":{"@id":"https:\/\/ubirataonline.com.br\/#organization"},"image":{"@id":"https:\/\/ubirataonline.com.br\/educacao-publica-de-cascavel-alcanca-ideb-70-e-fica-em-terceiro-entre-as-maiores-cidades-do-pr\/#primaryimage"},"thumbnailUrl":"https:\/\/ubirataonline.com.br\/wp-content\/uploads\/2026\/08\/Educacao-publica-de-Cascavel-alcanca-Ideb-70-e-fica-em.jpeg","keywords":["alcan\u00e7a","cascavel","cidades","educa\u00e7\u00e3o","entre","fica","Ideb","maiores","p\u00fablica","terceiro"],"articleSection":["Brasil"],"inLanguage":"en-US","copyrightYear":"2026","copyrightHolder":{"@id":"https:\/\/ubirataonline.com.br\/en\/#organization"}},{"@type":"WebPage","@id":"https:\/\/ubirataonline.com.br\/educacao-publica-de-cascavel-alcanca-ideb-70-e-fica-em-terceiro-entre-as-maiores-cidades-do-pr\/","url":"https:\/\/ubirataonline.com.br\/educacao-publica-de-cascavel-alcanca-ideb-70-e-fica-em-terceiro-entre-as-maiores-cidades-do-pr\/","name":"Educa\u00e7\u00e3o p\u00fablica de Cascavel alcan\u00e7a Ideb 7,0 e fica em terceiro entre as maiores cidades do PR - Ubirat\u00e3 Online Not\u00edcias - A realidade ao seu alcance!","isPartOf":{"@id":"https:\/\/ubirataonline.com.br\/#website"},"primaryImageOfPage":{"@id":"https:\/\/ubirataonline.com.br\/educacao-publica-de-cascavel-alcanca-ideb-70-e-fica-em-terceiro-entre-as-maiores-cidades-do-pr\/#primaryimage"},"image":{"@id":"https:\/\/ubirataonline.com.br\/educacao-publica-de-cascavel-alcanca-ideb-70-e-fica-em-terceiro-entre-as-maiores-cidades-do-pr\/#primaryimage"},"thumbnailUrl":"https:\/\/ubirataonline.com.br\/wp-content\/uploads\/2026\/08\/Educacao-publica-de-Cascavel-alcanca-Ideb-70-e-fica-em.jpeg","datePublished":"2026-08-06T11:51:38+00:00","dateModified":"2026-08-06T11:51:40+00:00","description":"A educa\u00e7\u00e3o p\u00fablica de Cascavel tem mais um motivo para celebrar. O Munic\u00edpio alcan\u00e7ou Ideb, o \u00cdndice de Desenvolvimento da Educa\u00e7\u00e3o B\u00e1sica, 7,0 em 2025,","breadcrumb":{"@id":"https:\/\/ubirataonline.com.br\/educacao-publica-de-cascavel-alcanca-ideb-70-e-fica-em-terceiro-entre-as-maiores-cidades-do-pr\/#breadcrumb"},"inLanguage":"en-US","potentialAction":[{"@type":"ReadAction","target":["https:\/\/ubirataonline.com.br\/educacao-publica-de-cascavel-alcanca-ideb-70-e-fica-em-terceiro-entre-as-maiores-cidades-do-pr\/"]}]},{"@type":"ImageObject","inLanguage":"en-US","@id":"https:\/\/ubirataonline.com.br\/educacao-publica-de-cascavel-alcanca-ideb-70-e-fica-em-terceiro-entre-as-maiores-cidades-do-pr\/#primaryimage","url":"https:\/\/ubirataonline.com.br\/wp-content\/uploads\/2026\/08\/Educacao-publica-de-Cascavel-alcanca-Ideb-70-e-fica-em.jpeg","contentUrl":"https:\/\/ubirataonline.com.br\/wp-content\/uploads\/2026\/08\/Educacao-publica-de-Cascavel-alcanca-Ideb-70-e-fica-em.jpeg","width":1180,"height":787,"caption":"Educa\u00e7\u00e3o p\u00fablica de Cascavel alcan\u00e7a Ideb 7,0 e fica em terceiro entre as maiores cidades do PR"},{"@type":"BreadcrumbList","@id":"https:\/\/ubirataonline.com.br\/educacao-publica-de-cascavel-alcanca-ideb-70-e-fica-em-terceiro-entre-as-maiores-cidades-do-pr\/#breadcrumb","itemListElement":[{"@type":"ListItem","position":1,"name":"In\u00edcio","item":"https:\/\/ubirataonline.com.br\/"},{"@type":"ListItem","position":2,"name":"Educa\u00e7\u00e3o p\u00fablica de Cascavel alcan\u00e7a Ideb 7,0 e fica em terceiro entre as maiores cidades do PR"}]},{"@type":"WebSite","@id":"https:\/\/ubirataonline.com.br\/#website","url":"https:\/\/ubirataonline.com.br\/","name":"Ubirat\u00e3 Online Not\u00edcias","description":"Not\u00edcias de Ubirat\u00e3, regi\u00e3o, Brasil e mundo, com informa\u00e7\u00e3o atualizada e compromisso com o leitor.","publisher":{"@id":"https:\/\/ubirataonline.com.br\/#organization"},"alternateName":"Ubirat\u00e3 Online","potentialAction":[{"@type":"SearchAction","target":{"@type":"EntryPoint","urlTemplate":"https:\/\/ubirataonline.com.br\/?s={search_term_string}"},"query-input":{"@type":"PropertyValueSpecification","valueRequired":true,"valueName":"search_term_string"}}],"inLanguage":"en-US"},{"@type":["Organization","Place"],"@id":"https:\/\/ubirataonline.com.br\/#organization","name":"Ubirat\u00e3 Online Not\u00edcias","alternateName":"Ubirat\u00e3 Online","url":"https:\/\/ubirataonline.com.br\/","logo":{"@id":"https:\/\/ubirataonline.com.br\/educacao-publica-de-cascavel-alcanca-ideb-70-e-fica-em-terceiro-entre-as-maiores-cidades-do-pr\/#local-main-organization-logo"},"image":{"@id":"https:\/\/ubirataonline.com.br\/educacao-publica-de-cascavel-alcanca-ideb-70-e-fica-em-terceiro-entre-as-maiores-cidades-do-pr\/#local-main-organization-logo"},"sameAs":["https:\/\/www.facebook.com\/portalubirataonline","https:\/\/x.com\/ubirataonline","https:\/\/mastodon.social\/@ubirataonline","https:\/\/www.facebook.com\/groups\/311144672285604","https:\/\/www.facebook.com\/UBTAOnline","https:\/\/www.instagram.com\/portalubirataonline\/","https:\/\/twitter.com\/ubirataonline"],"description":"Somos um portal de not\u00edcias independente, criado em 5 de janeiro de 2009, com o objetivo de informar, conectar e valorizar a nossa comunidade de Ubirat\u00e3 e toda aregi\u00e3o. Com conte\u00fado atualizado, confi\u00e1vel e relevante, o Ubirat\u00e3 Online \u00e9 o seu espa\u00e7o para ficar por dentro dos principais acontecimentos locais, regionais, Brasil, Mundo e de interesse geral. Nosso compromisso \u00e9 com a verdade, a transpar\u00eancia e o respeito ao leitor.","legalName":"UBIRATA ONLINE NOT\u00cdCIAS","foundingDate":"2009-01-05","numberOfEmployees":{"@type":"QuantitativeValue","minValue":"1","maxValue":"10"},"publishingPrinciples":"https:\/\/ubirataonline.com.br\/faq\/","address":{"@id":"https:\/\/ubirataonline.com.br\/educacao-publica-de-cascavel-alcanca-ideb-70-e-fica-em-terceiro-entre-as-maiores-cidades-do-pr\/#local-main-place-address"},"geo":{"@type":"GeoCoordinates","latitude":"-24.5361401","longitude":"-52.9921776"},"telephone":["+5544998308235"],"contactPoint":{"@type":"ContactPoint","email":"contato@ubirataonline.com.br"},"openingHoursSpecification":{"@type":"OpeningHoursSpecification","dayOfWeek":["Monday","Tuesday","Wednesday","Thursday","Friday","Saturday","Sunday"],"opens":"00:00","closes":"23:59"},"email":"contato@ubirataonline.com.br","vatID":"47.621.418\/0001-80"},{"@type":"Person","@id":"https:\/\/ubirataonline.com.br\/#\/schema\/person\/372f87bbd3fdd79b8556b84c98d0bc1c","name":"REDA\u00c7\u00c3O: UBIRAT\u00c3 ONLINE - F\u00c1BIO AUGUSTO CELESTINO","pronouns":"Ele","description":"Desde 2003 trabalhando com not\u00edcias.","sameAs":["http:\/\/ubirataoline.com.br","https:\/\/www.facebook.com\/portalubirataonline","https:\/\/www.instagram.com\/ubirataonline_oficial","https:\/\/x.com\/x.com\/ubirataonline"],"honorificPrefix":"Mr.","honorificSuffix":"MD","birthDate":"1980-06-16","gender":"masculino","award":["V\u00e1rios pr\u00eamios de melhor portal da cidade"],"jobTitle":"Diretor","url":"https:\/\/ubirataonline.com.br\/en\/author\/ubirataonline\/"},{"@type":"PostalAddress","@id":"https:\/\/ubirataonline.com.br\/educacao-publica-de-cascavel-alcanca-ideb-70-e-fica-em-terceiro-entre-as-maiores-cidades-do-pr\/#local-main-place-address","streetAddress":"Rua dos Coqueiros, 104 - Bairro Boa Vista, Rua dos Coqueiros, 104 Bairro Boa Vista","addressLocality":"UBIRATA","postalCode":"85440-000","addressRegion":"PR","addressCountry":"BR"},{"@type":"ImageObject","inLanguage":"en-US","@id":"https:\/\/ubirataonline.com.br\/educacao-publica-de-cascavel-alcanca-ideb-70-e-fica-em-terceiro-entre-as-maiores-cidades-do-pr\/#local-main-organization-logo","url":"https:\/\/ubirataonline.com.br\/wp-content\/uploads\/2026\/06\/logoubirataonline-1.webp","contentUrl":"https:\/\/ubirataonline.com.br\/wp-content\/uploads\/2026\/06\/logoubirataonline-1.webp","width":500,"height":500,"caption":"Ubirat\u00e3 Online Not\u00edcias"}]},"geo.placename":"UBIRATA","geo.position":{"lat":"-24.5361401","long":"-52.9921776"},"geo.region":"Brazil"},"_links":{"self":[{"href":"https:\/\/ubirataonline.com.br\/en\/wp-json\/wp\/v2\/posts\/162281","targetHints":{"allow":["GET"]}}],"collection":[{"href":"https:\/\/ubirataonline.com.br\/en\/wp-json\/wp\/v2\/posts"}],"about":[{"href":"https:\/\/ubirataonline.com.br\/en\/wp-json\/wp\/v2\/types\/post"}],"author":[{"embeddable":true,"href":"https:\/\/ubirataonline.com.br\/en\/wp-json\/wp\/v2\/users\/1"}],"replies":[{"embeddable":true,"href":"https:\/\/ubirataonline.com.br\/en\/wp-json\/wp\/v2\/comments?post=162281"}],"version-history":[{"count":1,"href":"https:\/\/ubirataonline.com.br\/en\/wp-json\/wp\/v2\/posts\/162281\/revisions"}],"predecessor-version":[{"id":162283,"href":"https:\/\/ubirataonline.com.br\/en\/wp-json\/wp\/v2\/posts\/162281\/revisions\/162283"}],"wp:featuredmedia":[{"embeddable":true,"href":"https:\/\/ubirataonline.com.br\/en\/wp-json\/wp\/v2\/media\/162282"}],"wp:attachment":[{"href":"https:\/\/ubirataonline.com.br\/en\/wp-json\/wp\/v2\/media?parent=162281"}],"wp:term":[{"taxonomy":"category","embeddable":true,"href":"https:\/\/ubirataonline.com.br\/en\/wp-json\/wp\/v2\/categories?post=162281"},{"taxonomy":"post_tag","embeddable":true,"href":"https:\/\/ubirataonline.com.br\/en\/wp-json\/wp\/v2\/tags?post=162281"}],"curies":[{"name":"wp","href":"https:\/\/api.w.org\/{rel}","templated":true}]}}