{"id":162688,"date":"2026-08-07T09:56:40","date_gmt":"2026-08-07T12:56:40","guid":{"rendered":"https:\/\/ubirataonline.com.br\/stf-impoe-derrota-a-alexandre-de-moraes-e-abre-brecha-para-beneficiar-reus-do-8-1\/"},"modified":"2026-08-07T09:56:42","modified_gmt":"2026-08-07T12:56:42","slug":"stf-impoe-derrota-a-alexandre-de-moraes-e-abre-brecha-para-beneficiar-reus-do-8-1","status":"publish","type":"post","link":"https:\/\/ubirataonline.com.br\/en\/stf-impoe-derrota-a-alexandre-de-moraes-e-abre-brecha-para-beneficiar-reus-do-8-1\/","title":{"rendered":"STF imp\u00f5e derrota a Alexandre de Moraes e abre brecha para beneficiar r\u00e9us do 8\/1"},"content":{"rendered":"<p><\/p>\n<div>\n<div class=\"mc-column content-text active-extra-styles active-capital-letter\" data-block-type=\"unstyled\" data-block-weight=\"91\">\n<p class=\"content-text__container theme-color-primary-first-letter\" data-track-category=\"Link no Texto\" data-track-links=\"\"> Por 6 a 4, o plen\u00e1rio do Supremo Tribunal Federal (<a class=\"\" href=\"https:\/\/oglobo.globo.com\/tudo-sobre\/instituicao-governamental\/stf\">STF<\/a>) imp\u00f4s nesta quinta-feira (6) um rev\u00e9s ao relator das investiga\u00e7\u00f5es do 8 de Janeiro, ministro <a class=\"\" href=\"https:\/\/oglobo.globo.com\/tudo-sobre\/personalidade\/alexandre-de-moraes\/\">Alexandre de Moraes<\/a>, e abriu uma brecha que pode ajudar r\u00e9us dos atos golpistas a descontarem de suas penas o tempo em que foram submetidos a medidas cautelares diversas da pris\u00e3o. Esta \u00e9 uma rara derrota de Moraes em casos julgados pelo tribunal que t\u00eam como pano de fundo as manifesta\u00e7\u00f5es que culminaram com a invas\u00e3o e depreda\u00e7\u00e3o da sede dos tr\u00eas poderes em 2023. <\/p>\n<\/p><\/div>\n<div class=\"mc-column content-text active-extra-styles\" data-block-type=\"raw\" data-block-weight=\"29\">\n<ul class=\"content-unordered-list\">\n<li><strong>An\u00e1lise<\/strong>: <a class=\"\" href=\"https:\/\/oglobo.globo.com\/blogs\/malu-gaspar\/coluna\/2026\/08\/mesmo-com-interferencia-estrangeira-disputa-entre-lula-e-flavio-bolsonaro-cheira-a-mofo.ghtml\">Mesmo com interfer\u00eancia estrangeira, disputa entre Lula e Fl\u00e1vio Bolsonaro cheira a mofo<\/a><\/li>\n<li><strong>Elei\u00e7\u00f5es<\/strong>: <a class=\"\" href=\"https:\/\/oglobo.globo.com\/blogs\/malu-gaspar\/post\/2026\/08\/o-fator-inedito-que-as-convencoes-dos-partidos-produziram-na-disputa-presidencial-de-2026.ghtml\">O fator in\u00e9dito que as conven\u00e7\u00f5es dos partidos produziram na disputa presidencial de 2026<\/a><\/li>\n<\/ul><\/div>\n<div class=\"mc-column content-text active-extra-styles\" data-block-type=\"unstyled\" data-block-weight=\"70\">\n<p class=\"content-text__container\" data-track-category=\"Link no Texto\" data-track-links=\"\"> Na pr\u00e1tica, a decis\u00e3o do Supremo n\u00e3o reduz o tamanho das penas. Ela cria um precedente em que os condenados dos atos golpistas poder\u00e3o recalcular o tempo necess\u00e1rio para cumprir as senten\u00e7as, sob a alega\u00e7\u00e3o de que o per\u00edodo que passaram por medidas cautelares diversas da pris\u00e3o \u2013 como recolhimento domiciliar noturno e o uso de tornozeleira eletr\u00f4nica, enquanto aguardavam o julgamento \u2013 deve ser computado e considerado pela Justi\u00e7a. <\/p>\n<\/p><\/div>\n<div class=\"mc-column content-text active-extra-styles\" data-block-type=\"unstyled\" data-block-weight=\"38\">\n<p class=\"content-text__container\" data-track-category=\"Link no Texto\" data-track-links=\"\"> O julgamento sobre a quest\u00e3o dividiu a Corte e foi conclu\u00eddo nesta quinta-feira no plen\u00e1rio virtual, uma plataforma que permite a an\u00e1lise de processos longe dos olhos da opini\u00e3o p\u00fablica e das transmiss\u00f5es ao vivo da TV Justi\u00e7a. <\/p>\n<\/p><\/div>\n<div class=\"mc-column content-text active-extra-styles\" data-block-type=\"raw\" data-block-weight=\"17\">\n<ul class=\"content-unordered-list\">\n<li><strong>Bastidores<\/strong>: <a class=\"\" href=\"https:\/\/oglobo.globo.com\/blogs\/malu-gaspar\/post\/2026\/08\/impedimentos-voto-de-156-paginas-e-presenca-do-proprio-acusado-o-que-esperar-do-julgamento-de-buzzi.ghtml\">Julgamento de Buzzi no STJ teve impedimentos, voto de 156 p\u00e1ginas e presen\u00e7a do pr\u00f3prio acusado<\/a><\/li>\n<\/ul><\/div>\n<div class=\"mc-column content-text active-extra-styles\" data-block-type=\"unstyled\" data-block-weight=\"53\">\n<p class=\"content-text__container\" data-track-category=\"Link no Texto\" data-track-links=\"\"> O caso girava em torno da gerente de recursos humanos Simone Macedo, de S\u00e3o Paulo, que foi presa em 9 de janeiro de 2023 no acampamento em frente ao quartel general do Ex\u00e9rcito, em Bras\u00edlia, onde militantes bolsonaristas pediam uma interven\u00e7\u00e3o militar e protestavam contra a vit\u00f3ria de <a class=\"\" href=\"https:\/\/oglobo.globo.com\/tudo-sobre\/politico\/luiz-inacio-lula-da-silva\">Lula<\/a> nas \u00faltimas elei\u00e7\u00f5es presidenciais. <\/p>\n<\/p><\/div>\n<div class=\"mc-column content-text active-extra-styles\" data-block-type=\"unstyled\" data-block-weight=\"59\">\n<p class=\"content-text__container\" data-track-category=\"Link no Texto\" data-track-links=\"\"> Em maio de 2025, o STF a condenou a apenas um ano de pris\u00e3o por associa\u00e7\u00e3o criminosa. Conforme previsto no C\u00f3digo Penal, o tamanho diminuto da pena permitiu que a condena\u00e7\u00e3o fosse substitu\u00edda por 225 horas de presta\u00e7\u00e3o de servi\u00e7os \u00e0 comunidade, al\u00e9m da participa\u00e7\u00e3o em um curso de 12 horas sobre democracia, elaborado pelo Minist\u00e9rio P\u00fablico Federal (MPF). <\/p>\n<\/p><\/div>\n<div class=\"mc-column content-text active-extra-styles\" data-block-type=\"raw\" data-block-weight=\"27\">\n<ul class=\"content-unordered-list\">\n<li><strong>Dark Horse<\/strong>: <a class=\"\" href=\"https:\/\/oglobo.globo.com\/blogs\/malu-gaspar\/post\/2026\/08\/dark-horse-ancine-detecta-irregularidade-e-indica-multa-para-produtora.ghtml\">A m\u00e1 not\u00edcia do governo Lula para o filme sobre Jair Bolsonaro<\/a><\/li>\n<li><strong>Pesquisa<\/strong>: <a class=\"\" href=\"https:\/\/oglobo.globo.com\/blogs\/malu-gaspar\/post\/2026\/08\/o-que-explica-a-melhora-de-flavio-bolsonaro-contra-lula-na-genialquaest.ghtml\">O que explica a melhora de Fl\u00e1vio Bolsonaro contra Lula na Genial\/Quaest<\/a><\/li>\n<\/ul><\/div>\n<div class=\"mc-column content-text active-extra-styles\" data-block-type=\"unstyled\" data-block-weight=\"58\">\n<p class=\"content-text__container\" data-track-category=\"Link no Texto\" data-track-links=\"\"> Em outubro do ano passado, ap\u00f3s o esgotamento de todos os recursos, Moraes determinou o cumprimento das medidas. Mas a defesa de Simone pediu a \u201cdetra\u00e7\u00e3o da pena\u201d, por conta de dois per\u00edodos: tanto o tempo em que ela foi presa preventivamente quanto o intervalo em que ela cumpriu outras medidas cautelares, antes mesmo de ter sido condenada. <\/p>\n<\/p><\/div>\n<div class=\"mc-column content-text active-extra-styles\" data-block-type=\"unstyled\" data-block-weight=\"46\">\n<p class=\"content-text__container\" data-track-category=\"Link no Texto\" data-track-links=\"\"> Moraes atendeu a defesa apenas parcialmente: considerou o tempo em que Simone esteve presa preventivamente (de 9 de janeiro de 2023 a 8 de mar\u00e7o de 2023, o equivalente a 59 dias), mas n\u00e3o o per\u00edodo em que ficou com tornozeleira e em recolhimento domiciliar noturno. <\/p>\n<\/p><\/div>\n<div class=\"mc-column content-text active-extra-styles\" data-block-type=\"raw\" data-block-weight=\"32\">\n<ul class=\"content-unordered-list\">\n<li><strong>Planalto<\/strong>: <a class=\"\" href=\"https:\/\/oglobo.globo.com\/blogs\/malu-gaspar\/post\/2026\/08\/aliados-de-lula-avaliam-tirar-da-campanha-assessor-que-pegou-dinheiro-com-lobista-ligada-ao-careca-do-inss.ghtml\">Sa\u00edda de Marcola para campanha foi tentativa de blindar Lula do esc\u00e2ndalo do INSS<\/a><\/li>\n<li><strong>Genial\/Quaest<\/strong>: <a class=\"\" href=\"https:\/\/oglobo.globo.com\/blogs\/malu-gaspar\/post\/2026\/08\/vantagem-de-flavio-sobre-lula-entre-evangelicos-cai-pela-metade-mas-senador-reduz-distancia-entre-independentes.ghtml\">Vantagem de Fl\u00e1vio sobre Lula entre evang\u00e9licos cai pela metade, mas senador reduz dist\u00e2ncia entre independentes<\/a><\/li>\n<\/ul><\/div>\n<div class=\"mc-column content-text active-extra-styles\" data-block-type=\"unstyled\" data-block-weight=\"43\">\n<p class=\"content-text__container\" data-track-category=\"Link no Texto\" data-track-links=\"\"> Mas a Defensoria P\u00fablica da Uni\u00e3o (DPU), que defende Simone no caso, alegou que a gerente de recursos humanos passou por \u201crestri\u00e7\u00e3o muito maior que a condena\u00e7\u00e3o imposta\u201d, logo o tempo que cumpriu as medidas cautelares tamb\u00e9m deveria ser abatido de sua pena. <\/p>\n<\/p><\/div>\n<div class=\"mc-column content-text active-extra-styles\" data-block-type=\"unstyled\" data-block-weight=\"46\">\n<p class=\"content-text__container\" data-track-category=\"Link no Texto\" data-track-links=\"\"> \u201cAs medidas cautelares impostas \u00e0 agravante (recolhimento domiciliar noturno com monitoramento eletr\u00f4nico) s\u00e3o substancialmente an\u00e1logas \u00e0s penas aplicadas (presta\u00e7\u00e3o de servi\u00e7os \u00e0 comunidade e participa\u00e7\u00e3o em curso educativo). Isso porque ambas consistem em restri\u00e7\u00e3o de direitos sem priva\u00e7\u00e3o total da liberdade de locomo\u00e7\u00e3o\u201d, alegou a DPU. <\/p>\n<\/p><\/div>\n<div class=\"mc-column content-text active-extra-styles\" data-block-type=\"raw\" data-block-weight=\"30\">\n<ul class=\"content-unordered-list\">\n<li><strong>Judici\u00e1rio<\/strong>: <a class=\"\" href=\"https:\/\/oglobo.globo.com\/blogs\/malu-gaspar\/post\/2026\/08\/o-duro-voto-de-156-paginas-que-pode-levar-a-perda-de-cargo-de-buzzi.ghtml\">O duro voto de 156 p\u00e1ginas que pode levar \u00e0 perda de cargo de Buzzi<\/a><\/li>\n<li><strong>Master<\/strong>: <a class=\"\" href=\"https:\/\/oglobo.globo.com\/blogs\/malu-gaspar\/post\/2026\/08\/master-o-pedido-da-pf-que-andre-mendonca-negou-na-operacao-sobre-claudio-castro.ghtml\">O pedido da PF que Andr\u00e9 Mendon\u00e7a negou na opera\u00e7\u00e3o sobre Cl\u00e1udio Castro<\/a><\/li>\n<\/ul><\/div>\n<div class=\"mc-column content-text active-extra-styles\" data-block-type=\"unstyled\" data-block-weight=\"47\">\n<p class=\"content-text__container\" data-track-category=\"Link no Texto\" data-track-links=\"\"> \u201cO tempo em que a agravante permaneceu monitorada eletronicamente deve ser descontado de sua pena. Essa despropor\u00e7\u00e3o configura evidente excesso de execu\u00e7\u00e3o e afronta o princ\u00edpio do <em>non bis in idem<\/em>, na medida em que a agravante est\u00e1 sendo submetida a san\u00e7\u00e3o j\u00e1 cumprida sob outra forma.\u201d <\/p>\n<\/p><\/div>\n<div class=\"mc-column content-text active-extra-styles\" data-block-type=\"unstyled\" data-block-weight=\"14\">\n<p class=\"content-text__container\" data-track-category=\"Link no Texto\" data-track-links=\"\"> Moraes, no entanto, negou em maio deste ano o pedido da defesa de Simone. <\/p>\n<\/p><\/div>\n<div class=\"mc-column content-text active-extra-styles\" data-block-type=\"raw\" data-block-weight=\"33\">\n<ul class=\"content-unordered-list\">\n<li><strong>Sem Desconto<\/strong>: <a class=\"\" href=\"https:\/\/oglobo.globo.com\/blogs\/malu-gaspar\/post\/2026\/08\/pf-aponta-apreensao-de-r-1-milhao-em-dinheiro-vivo-em-investigacao-que-mira-senador.ghtml\">PF aponta apreens\u00e3o de R$ 1 milh\u00e3o em dinheiro vivo em investiga\u00e7\u00e3o que mira senador<\/a><\/li>\n<li><strong>E mais<\/strong>: <a class=\"\" href=\"https:\/\/oglobo.globo.com\/blogs\/malu-gaspar\/post\/2026\/08\/operacao-apreendeu-maquina-de-dinheiro-no-escritorio-de-advogado.ghtml\">M\u00e1quina de dinheiro apreendida no escrit\u00f3rio de advogado conta at\u00e9 1200 notas por minuto<\/a><\/li>\n<\/ul><\/div>\n<div class=\"mc-column content-text active-extra-styles\" data-block-type=\"unstyled\" data-block-weight=\"55\">\n<p class=\"content-text__container\" data-track-category=\"Link no Texto\" data-track-links=\"\"> A DPU ent\u00e3o recorreu ao plen\u00e1rio, onde a tese da defesa foi acolhida pelos ministros <a class=\"\" href=\"https:\/\/oglobo.globo.com\/tudo-sobre\/personalidade\/cristiano-zanin\/\">Cristiano Zanin<\/a> Martins, <a class=\"\" href=\"https:\/\/oglobo.globo.com\/tudo-sobre\/personalidade\/andre-mendonca\/\">Andr\u00e9 Mendon\u00e7a<\/a>, <a class=\"\" href=\"https:\/\/oglobo.globo.com\/tudo-sobre\/personalidade\/edson-fachin\/\">Edson Fachin<\/a>, <a class=\"\" href=\"https:\/\/oglobo.globo.com\/tudo-sobre\/personalidade\/carmen-lucia\/\">C\u00e1rmen L\u00facia<\/a>, Luiz Fux e Gilmar Mendes. A DPU ainda vai fazer as contas, mas \u00e9 certo que, com o novo abatimento da pena, o tempo de presta\u00e7\u00e3o de servi\u00e7os comunit\u00e1rios ser\u00e1 reduzido. <\/p>\n<\/p><\/div>\n<div class=\"mc-column content-text active-extra-styles\" data-block-type=\"unstyled\" data-block-weight=\"43\">\n<p class=\"content-text__container\" data-track-category=\"Link no Texto\" data-track-links=\"\"> O resultado colocou do mesmo lado ministros considerados mais garantistas, como Gilmar, e aliados de Moraes nos julgamentos do 8 de Janeiro \u2013 C\u00e1rmen e Cristiano Zanin, que costuma concordar com as condena\u00e7\u00f5es, ainda que discorde do tamanho das penas fixadas pelo relator. <\/p>\n<\/p><\/div>\n<div class=\"mc-column content-text active-extra-styles\" data-block-type=\"raw\" data-block-weight=\"35\">\n<ul class=\"content-unordered-list\">\n<li><strong>Ex-chefe de gabinete<\/strong>: <a class=\"\" href=\"https:\/\/oglobo.globo.com\/blogs\/malu-gaspar\/post\/2026\/08\/quem-e-o-assessor-de-lula-na-mira-do-segundo-inquerito-da-pf-sobre-lulinha.ghtml\">Quem \u00e9 o assessor de Lula que est\u00e1 na mira do segundo inqu\u00e9rito sobre Lulinha<\/a><\/li>\n<li><strong>Rev\u00e9s<\/strong>: <a class=\"\" href=\"https:\/\/oglobo.globo.com\/blogs\/malu-gaspar\/post\/2026\/08\/em-decisao-sigilosa-kassio-da-24-horas-para-presidencia-tirar-do-ar-postagens-que-exaltam-lula.ghtml\">Em decis\u00e3o sigilosa, Kassio d\u00e1 24 horas para Presid\u00eancia tirar do ar postagens que exaltam Lula<\/a><\/li>\n<\/ul><\/div>\n<div class=\"mc-column content-text active-extra-styles\" data-block-type=\"unstyled\" data-block-weight=\"55\">\n<p class=\"content-text__container\" data-track-category=\"Link no Texto\" data-track-links=\"\"> \u201cCom a m\u00e1xima v\u00eania, divirjo do eminente ministro relator para reconhecer a possibilidade de aplica\u00e7\u00e3o da detra\u00e7\u00e3o, em raz\u00e3o da imposi\u00e7\u00e3o, em desfavor da agravante, de medida cautelar de recolhimento noturno, calculando-se \u00e0 raz\u00e3o de um dia de recolhimento domiciliar para cada um dia de pena\u201d, escreveu Zanin, ao abrir a corrente divergente de Moraes. <\/p>\n<\/p><\/div>\n<div class=\"mc-column content-text active-extra-styles\" data-block-type=\"unstyled\" data-block-weight=\"29\">\n<p class=\"content-text__container\" data-track-category=\"Link no Texto\" data-track-links=\"\"> Do lado de Moraes, ficaram os ministros Nunes Marques, Dias Toffoli e <a class=\"\" href=\"https:\/\/oglobo.globo.com\/tudo-sobre\/politico\/flavio-dino\">Fl\u00e1vio Dino<\/a> \u2013 e o procurador-geral da Rep\u00fablica, <a class=\"\" href=\"https:\/\/oglobo.globo.com\/tudo-sobre\/personalidade\/paulo-gonet\/\">Paulo Gonet<\/a>, que havia se posicionado contra o recurso. <\/p>\n<\/p><\/div>\n<\/p><\/div>\n<p><a href=\"https:\/\/ubirataonline.com.br\/en\/noticias\/\" target=\"_blank\" rel=\"noopener noreferrer\">Mais Not\u00edcias<\/a><\/p>\n<p><a href=\"https:\/\/ubirataonline.com.br\/en\/\" target=\"_blank\" rel=\"noopener noreferrer\">Home Page &#8211; In\u00edcio<\/a><\/p>\n<p><a href=\"https:\/\/oglobo.globo.com\/blogs\/malu-gaspar\/post\/2026\/08\/stf-impoe-derrota-a-alexandre-de-moraes-e-abre-brecha-para-beneficiar-reus-do-81.ghtml\">Fonte do Artigo <\/a><br \/>\nSee more: <a href=\"https:\/\/theglobaltrack.com\/\" target=\"_blank\" rel=\"noopener noreferrer\">The Global Track<\/a><\/p>\n<p><a href=\"https:\/\/corinthiames.com.br\/\" target=\"_blank\" rel=\"noopener noreferrer\">Corinthia Mes<\/a><\/p>","protected":false},"excerpt":{"rendered":"<p>Por 6 a 4, o plen\u00e1rio do Supremo Tribunal Federal (STF) imp\u00f4s nesta quinta-feira (6) um rev\u00e9s ao relator das investiga\u00e7\u00f5es do 8 de Janeiro, ministro Alexandre de Moraes, e abriu uma brecha que pode ajudar r\u00e9us dos atos golpistas a descontarem de suas penas o tempo em que foram submetidos a medidas cautelares diversas [&hellip;]<\/p>\n","protected":false},"author":1,"featured_media":162689,"comment_status":"closed","ping_status":"","sticky":false,"template":"","format":"standard","meta":{"googlesitekit_rrm_CAow2JLhCw:productID":"","_gspb_post_css":"","maa_idioma":"","maa_pais":"","footnotes":""},"categories":[4],"tags":[3619,5660,15148,42885,6775,17033,7021,2904,1690,1589],"class_list":["post-162688","post","type-post","status-publish","format-standard","has-post-thumbnail","hentry","category-brasil","tag-abre","tag-alexandre","tag-beneficiar","tag-brecha","tag-derrota","tag-impoe","tag-moraes","tag-para","tag-reus","tag-stf"],"blocksy_meta":[],"yoast_head":"<!-- This site is optimized with the Yoast SEO Premium plugin v27.6 (Yoast SEO v27.6) - https:\/\/yoast.com\/product\/yoast-seo-premium-wordpress\/ -->\n<title>STF imp\u00f5e derrota a Alexandre de Moraes e abre brecha para beneficiar r\u00e9us do 8\/1 - Ubirat\u00e3 Online Not\u00edcias - A realidade ao seu alcance!<\/title>\n<meta name=\"description\" content=\"STF imp\u00f5e derrota a Alexandre de Moraes e abre brecha para beneficiar r\u00e9us do 8\/1\" \/>\n<meta name=\"robots\" content=\"index, follow, max-snippet:-1, max-image-preview:large, max-video-preview:-1\" \/>\n<link rel=\"canonical\" href=\"https:\/\/ubirataonline.com.br\/en\/stf-impoe-derrota-a-alexandre-de-moraes-e-abre-brecha-para-beneficiar-reus-do-8-1\/\" \/>\n<meta property=\"og:locale\" content=\"en_US\" \/>\n<meta property=\"og:type\" content=\"article\" \/>\n<meta property=\"og:title\" content=\"STF imp\u00f5e derrota a Alexandre de Moraes e abre brecha para beneficiar r\u00e9us do 8\/1\" \/>\n<meta property=\"og:description\" content=\"STF imp\u00f5e derrota a Alexandre de Moraes e abre brecha para beneficiar r\u00e9us do 8\/1\" \/>\n<meta property=\"og:url\" content=\"https:\/\/ubirataonline.com.br\/en\/stf-impoe-derrota-a-alexandre-de-moraes-e-abre-brecha-para-beneficiar-reus-do-8-1\/\" \/>\n<meta property=\"og:site_name\" content=\"Ubirat\u00e3 Online Not\u00edcias - A realidade ao seu alcance!\" \/>\n<meta property=\"article:publisher\" content=\"https:\/\/www.facebook.com\/portalubirataonline\" \/>\n<meta property=\"article:author\" content=\"https:\/\/www.facebook.com\/portalubirataonline\" \/>\n<meta property=\"article:published_time\" content=\"2026-08-07T12:56:40+00:00\" \/>\n<meta property=\"article:modified_time\" content=\"2026-08-07T12:56:42+00:00\" \/>\n<meta property=\"og:image\" content=\"https:\/\/ubirataonline.com.br\/wp-content\/uploads\/2026\/08\/STF-impoe-derrota-a-Alexandre-de-Moraes-e-abre-brecha.jpg\" \/>\n\t<meta property=\"og:image:width\" content=\"1840\" \/>\n\t<meta property=\"og:image:height\" content=\"1227\" \/>\n\t<meta property=\"og:image:type\" content=\"image\/jpeg\" \/>\n<meta name=\"author\" content=\"REDA\u00c7\u00c3O: UBIRAT\u00c3 ONLINE - F\u00c1BIO AUGUSTO CELESTINO\" \/>\n<meta name=\"twitter:card\" content=\"summary_large_image\" \/>\n<meta name=\"twitter:creator\" content=\"@x.com\/ubirataonline\" \/>\n<meta name=\"twitter:site\" content=\"@ubirataonline\" \/>\n<meta name=\"twitter:label1\" content=\"Written by\" \/>\n\t<meta name=\"twitter:data1\" content=\"REDA\u00c7\u00c3O: UBIRAT\u00c3 ONLINE - F\u00c1BIO AUGUSTO CELESTINO\" \/>\n\t<meta name=\"twitter:label2\" content=\"Est. reading time\" \/>\n\t<meta name=\"twitter:data2\" content=\"5 minutes\" \/>\n<script type=\"application\/ld+json\" class=\"yoast-schema-graph\">{\"@context\":\"https:\\\/\\\/schema.org\",\"@graph\":[{\"@type\":\"NewsArticle\",\"@id\":\"https:\\\/\\\/ubirataonline.com.br\\\/stf-impoe-derrota-a-alexandre-de-moraes-e-abre-brecha-para-beneficiar-reus-do-8-1\\\/#article\",\"isPartOf\":{\"@id\":\"https:\\\/\\\/ubirataonline.com.br\\\/stf-impoe-derrota-a-alexandre-de-moraes-e-abre-brecha-para-beneficiar-reus-do-8-1\\\/\"},\"author\":{\"name\":\"REDA\u00c7\u00c3O: UBIRAT\u00c3 ONLINE - F\u00c1BIO AUGUSTO CELESTINO\",\"@id\":\"https:\\\/\\\/ubirataonline.com.br\\\/#\\\/schema\\\/person\\\/372f87bbd3fdd79b8556b84c98d0bc1c\"},\"headline\":\"STF imp\u00f5e derrota a Alexandre de Moraes e abre brecha para beneficiar r\u00e9us do 8\\\/1\",\"datePublished\":\"2026-08-07T12:56:40+00:00\",\"dateModified\":\"2026-08-07T12:56:42+00:00\",\"mainEntityOfPage\":{\"@id\":\"https:\\\/\\\/ubirataonline.com.br\\\/stf-impoe-derrota-a-alexandre-de-moraes-e-abre-brecha-para-beneficiar-reus-do-8-1\\\/\"},\"wordCount\":1072,\"publisher\":{\"@id\":\"https:\\\/\\\/ubirataonline.com.br\\\/#organization\"},\"image\":{\"@id\":\"https:\\\/\\\/ubirataonline.com.br\\\/stf-impoe-derrota-a-alexandre-de-moraes-e-abre-brecha-para-beneficiar-reus-do-8-1\\\/#primaryimage\"},\"thumbnailUrl\":\"https:\\\/\\\/ubirataonline.com.br\\\/wp-content\\\/uploads\\\/2026\\\/08\\\/STF-impoe-derrota-a-Alexandre-de-Moraes-e-abre-brecha.jpg\",\"keywords\":[\"abre\",\"Alexandre\",\"beneficiar\",\"brecha\",\"derrota\",\"imp\u00f5e\",\"Moraes\",\"para\",\"R\u00c9US\",\"STF\"],\"articleSection\":[\"Brasil\"],\"inLanguage\":\"en-US\",\"copyrightYear\":\"2026\",\"copyrightHolder\":{\"@id\":\"https:\\\/\\\/ubirataonline.com.br\\\/en\\\/#organization\"}},{\"@type\":\"WebPage\",\"@id\":\"https:\\\/\\\/ubirataonline.com.br\\\/stf-impoe-derrota-a-alexandre-de-moraes-e-abre-brecha-para-beneficiar-reus-do-8-1\\\/\",\"url\":\"https:\\\/\\\/ubirataonline.com.br\\\/stf-impoe-derrota-a-alexandre-de-moraes-e-abre-brecha-para-beneficiar-reus-do-8-1\\\/\",\"name\":\"STF imp\u00f5e derrota a Alexandre de Moraes e abre brecha para beneficiar r\u00e9us do 8\\\/1 - Ubirat\u00e3 Online Not\u00edcias - A realidade ao seu alcance!\",\"isPartOf\":{\"@id\":\"https:\\\/\\\/ubirataonline.com.br\\\/#website\"},\"primaryImageOfPage\":{\"@id\":\"https:\\\/\\\/ubirataonline.com.br\\\/stf-impoe-derrota-a-alexandre-de-moraes-e-abre-brecha-para-beneficiar-reus-do-8-1\\\/#primaryimage\"},\"image\":{\"@id\":\"https:\\\/\\\/ubirataonline.com.br\\\/stf-impoe-derrota-a-alexandre-de-moraes-e-abre-brecha-para-beneficiar-reus-do-8-1\\\/#primaryimage\"},\"thumbnailUrl\":\"https:\\\/\\\/ubirataonline.com.br\\\/wp-content\\\/uploads\\\/2026\\\/08\\\/STF-impoe-derrota-a-Alexandre-de-Moraes-e-abre-brecha.jpg\",\"datePublished\":\"2026-08-07T12:56:40+00:00\",\"dateModified\":\"2026-08-07T12:56:42+00:00\",\"description\":\"STF imp\u00f5e derrota a Alexandre de Moraes e abre brecha para beneficiar r\u00e9us do 8\\\/1\",\"breadcrumb\":{\"@id\":\"https:\\\/\\\/ubirataonline.com.br\\\/stf-impoe-derrota-a-alexandre-de-moraes-e-abre-brecha-para-beneficiar-reus-do-8-1\\\/#breadcrumb\"},\"inLanguage\":\"en-US\",\"potentialAction\":[{\"@type\":\"ReadAction\",\"target\":[\"https:\\\/\\\/ubirataonline.com.br\\\/stf-impoe-derrota-a-alexandre-de-moraes-e-abre-brecha-para-beneficiar-reus-do-8-1\\\/\"]}]},{\"@type\":\"ImageObject\",\"inLanguage\":\"en-US\",\"@id\":\"https:\\\/\\\/ubirataonline.com.br\\\/stf-impoe-derrota-a-alexandre-de-moraes-e-abre-brecha-para-beneficiar-reus-do-8-1\\\/#primaryimage\",\"url\":\"https:\\\/\\\/ubirataonline.com.br\\\/wp-content\\\/uploads\\\/2026\\\/08\\\/STF-impoe-derrota-a-Alexandre-de-Moraes-e-abre-brecha.jpg\",\"contentUrl\":\"https:\\\/\\\/ubirataonline.com.br\\\/wp-content\\\/uploads\\\/2026\\\/08\\\/STF-impoe-derrota-a-Alexandre-de-Moraes-e-abre-brecha.jpg\",\"width\":1840,\"height\":1227,\"caption\":\"O ministro Alexandre de Moraes, do Supremo Tribunal Federal \u2014 Foto: Brenno Carvalho\\\/Ag\u00eancia O Globo\"},{\"@type\":\"BreadcrumbList\",\"@id\":\"https:\\\/\\\/ubirataonline.com.br\\\/stf-impoe-derrota-a-alexandre-de-moraes-e-abre-brecha-para-beneficiar-reus-do-8-1\\\/#breadcrumb\",\"itemListElement\":[{\"@type\":\"ListItem\",\"position\":1,\"name\":\"In\u00edcio\",\"item\":\"https:\\\/\\\/ubirataonline.com.br\\\/\"},{\"@type\":\"ListItem\",\"position\":2,\"name\":\"STF imp\u00f5e derrota a Alexandre de Moraes e abre brecha para beneficiar r\u00e9us do 8\\\/1\"}]},{\"@type\":\"WebSite\",\"@id\":\"https:\\\/\\\/ubirataonline.com.br\\\/#website\",\"url\":\"https:\\\/\\\/ubirataonline.com.br\\\/\",\"name\":\"Ubirat\u00e3 Online Not\u00edcias\",\"description\":\"Not\u00edcias de Ubirat\u00e3, regi\u00e3o, Brasil e mundo, com informa\u00e7\u00e3o atualizada e compromisso com o leitor.\",\"publisher\":{\"@id\":\"https:\\\/\\\/ubirataonline.com.br\\\/#organization\"},\"alternateName\":\"Ubirat\u00e3 Online\",\"potentialAction\":[{\"@type\":\"SearchAction\",\"target\":{\"@type\":\"EntryPoint\",\"urlTemplate\":\"https:\\\/\\\/ubirataonline.com.br\\\/?s={search_term_string}\"},\"query-input\":{\"@type\":\"PropertyValueSpecification\",\"valueRequired\":true,\"valueName\":\"search_term_string\"}}],\"inLanguage\":\"en-US\"},{\"@type\":[\"Organization\",\"Place\"],\"@id\":\"https:\\\/\\\/ubirataonline.com.br\\\/#organization\",\"name\":\"Ubirat\u00e3 Online Not\u00edcias\",\"alternateName\":\"Ubirat\u00e3 Online\",\"url\":\"https:\\\/\\\/ubirataonline.com.br\\\/\",\"logo\":{\"@id\":\"https:\\\/\\\/ubirataonline.com.br\\\/stf-impoe-derrota-a-alexandre-de-moraes-e-abre-brecha-para-beneficiar-reus-do-8-1\\\/#local-main-organization-logo\"},\"image\":{\"@id\":\"https:\\\/\\\/ubirataonline.com.br\\\/stf-impoe-derrota-a-alexandre-de-moraes-e-abre-brecha-para-beneficiar-reus-do-8-1\\\/#local-main-organization-logo\"},\"sameAs\":[\"https:\\\/\\\/www.facebook.com\\\/portalubirataonline\",\"https:\\\/\\\/x.com\\\/ubirataonline\",\"https:\\\/\\\/mastodon.social\\\/@ubirataonline\",\"https:\\\/\\\/www.facebook.com\\\/groups\\\/311144672285604\",\"https:\\\/\\\/www.facebook.com\\\/UBTAOnline\",\"https:\\\/\\\/www.instagram.com\\\/portalubirataonline\\\/\",\"https:\\\/\\\/twitter.com\\\/ubirataonline\"],\"description\":\"Somos um portal de not\u00edcias independente, criado em 5 de janeiro de 2009, com o objetivo de informar, conectar e valorizar a nossa comunidade de Ubirat\u00e3 e toda aregi\u00e3o. Com conte\u00fado atualizado, confi\u00e1vel e relevante, o Ubirat\u00e3 Online \u00e9 o seu espa\u00e7o para ficar por dentro dos principais acontecimentos locais, regionais, Brasil, Mundo e de interesse geral. Nosso compromisso \u00e9 com a verdade, a transpar\u00eancia e o respeito ao leitor.\",\"legalName\":\"UBIRATA ONLINE NOT\u00cdCIAS\",\"foundingDate\":\"2009-01-05\",\"numberOfEmployees\":{\"@type\":\"QuantitativeValue\",\"minValue\":\"1\",\"maxValue\":\"10\"},\"publishingPrinciples\":\"https:\\\/\\\/ubirataonline.com.br\\\/faq\\\/\",\"address\":{\"@id\":\"https:\\\/\\\/ubirataonline.com.br\\\/stf-impoe-derrota-a-alexandre-de-moraes-e-abre-brecha-para-beneficiar-reus-do-8-1\\\/#local-main-place-address\"},\"geo\":{\"@type\":\"GeoCoordinates\",\"latitude\":\"-24.5361401\",\"longitude\":\"-52.9921776\"},\"telephone\":[\"+5544998308235\"],\"contactPoint\":{\"@type\":\"ContactPoint\",\"email\":\"contato@ubirataonline.com.br\"},\"openingHoursSpecification\":{\"@type\":\"OpeningHoursSpecification\",\"dayOfWeek\":[\"Monday\",\"Tuesday\",\"Wednesday\",\"Thursday\",\"Friday\",\"Saturday\",\"Sunday\"],\"opens\":\"00:00\",\"closes\":\"23:59\"},\"email\":\"contato@ubirataonline.com.br\",\"vatID\":\"47.621.418\\\/0001-80\"},{\"@type\":\"Person\",\"@id\":\"https:\\\/\\\/ubirataonline.com.br\\\/#\\\/schema\\\/person\\\/372f87bbd3fdd79b8556b84c98d0bc1c\",\"name\":\"REDA\u00c7\u00c3O: UBIRAT\u00c3 ONLINE - F\u00c1BIO AUGUSTO CELESTINO\",\"pronouns\":\"Ele\",\"description\":\"Desde 2003 trabalhando com not\u00edcias.\",\"sameAs\":[\"http:\\\/\\\/ubirataoline.com.br\",\"https:\\\/\\\/www.facebook.com\\\/portalubirataonline\",\"https:\\\/\\\/www.instagram.com\\\/ubirataonline_oficial\",\"https:\\\/\\\/x.com\\\/x.com\\\/ubirataonline\"],\"honorificPrefix\":\"Mr.\",\"honorificSuffix\":\"MD\",\"birthDate\":\"1980-06-16\",\"gender\":\"masculino\",\"award\":[\"V\u00e1rios pr\u00eamios de melhor portal da cidade\"],\"jobTitle\":\"Diretor\",\"url\":\"https:\\\/\\\/ubirataonline.com.br\\\/en\\\/author\\\/ubirataonline\\\/\"},{\"@type\":\"PostalAddress\",\"@id\":\"https:\\\/\\\/ubirataonline.com.br\\\/stf-impoe-derrota-a-alexandre-de-moraes-e-abre-brecha-para-beneficiar-reus-do-8-1\\\/#local-main-place-address\",\"streetAddress\":\"Rua dos Coqueiros, 104 - Bairro Boa Vista, Rua dos Coqueiros, 104 Bairro Boa Vista\",\"addressLocality\":\"UBIRATA\",\"postalCode\":\"85440-000\",\"addressRegion\":\"PR\",\"addressCountry\":\"BR\"},{\"@type\":\"ImageObject\",\"inLanguage\":\"en-US\",\"@id\":\"https:\\\/\\\/ubirataonline.com.br\\\/stf-impoe-derrota-a-alexandre-de-moraes-e-abre-brecha-para-beneficiar-reus-do-8-1\\\/#local-main-organization-logo\",\"url\":\"https:\\\/\\\/ubirataonline.com.br\\\/wp-content\\\/uploads\\\/2026\\\/06\\\/logoubirataonline-1.webp\",\"contentUrl\":\"https:\\\/\\\/ubirataonline.com.br\\\/wp-content\\\/uploads\\\/2026\\\/06\\\/logoubirataonline-1.webp\",\"width\":500,\"height\":500,\"caption\":\"Ubirat\u00e3 Online Not\u00edcias\"}]}<\/script>\n<meta name=\"geo.placename\" content=\"UBIRATA\" \/>\n<meta name=\"geo.position\" content=\"-24.5361401;-52.9921776\" \/>\n<meta name=\"geo.region\" content=\"Brazil\" \/>\n<!-- \/ Yoast SEO Premium plugin. -->","yoast_head_json":{"title":"STF imp\u00f5e derrota a Alexandre de Moraes e abre brecha para beneficiar r\u00e9us do 8\/1 - Ubirat\u00e3 Online Not\u00edcias - A realidade ao seu alcance!","description":"STF imp\u00f5e derrota a Alexandre de Moraes e abre brecha para beneficiar r\u00e9us do 8\/1","robots":{"index":"index","follow":"follow","max-snippet":"max-snippet:-1","max-image-preview":"max-image-preview:large","max-video-preview":"max-video-preview:-1"},"canonical":"https:\/\/ubirataonline.com.br\/en\/stf-impoe-derrota-a-alexandre-de-moraes-e-abre-brecha-para-beneficiar-reus-do-8-1\/","og_locale":"en_US","og_type":"article","og_title":"STF imp\u00f5e derrota a Alexandre de Moraes e abre brecha para beneficiar r\u00e9us do 8\/1","og_description":"STF imp\u00f5e derrota a Alexandre de Moraes e abre brecha para beneficiar r\u00e9us do 8\/1","og_url":"https:\/\/ubirataonline.com.br\/en\/stf-impoe-derrota-a-alexandre-de-moraes-e-abre-brecha-para-beneficiar-reus-do-8-1\/","og_site_name":"Ubirat\u00e3 Online Not\u00edcias - A realidade ao seu alcance!","article_publisher":"https:\/\/www.facebook.com\/portalubirataonline","article_author":"https:\/\/www.facebook.com\/portalubirataonline","article_published_time":"2026-08-07T12:56:40+00:00","article_modified_time":"2026-08-07T12:56:42+00:00","og_image":[{"width":1840,"height":1227,"url":"https:\/\/ubirataonline.com.br\/wp-content\/uploads\/2026\/08\/STF-impoe-derrota-a-Alexandre-de-Moraes-e-abre-brecha.jpg","type":"image\/jpeg"}],"author":"REDA\u00c7\u00c3O: UBIRAT\u00c3 ONLINE - F\u00c1BIO AUGUSTO CELESTINO","twitter_card":"summary_large_image","twitter_creator":"@x.com\/ubirataonline","twitter_site":"@ubirataonline","twitter_misc":{"Written by":"REDA\u00c7\u00c3O: UBIRAT\u00c3 ONLINE - F\u00c1BIO AUGUSTO CELESTINO","Est. reading time":"5 minutes"},"schema":{"@context":"https:\/\/schema.org","@graph":[{"@type":"NewsArticle","@id":"https:\/\/ubirataonline.com.br\/stf-impoe-derrota-a-alexandre-de-moraes-e-abre-brecha-para-beneficiar-reus-do-8-1\/#article","isPartOf":{"@id":"https:\/\/ubirataonline.com.br\/stf-impoe-derrota-a-alexandre-de-moraes-e-abre-brecha-para-beneficiar-reus-do-8-1\/"},"author":{"name":"REDA\u00c7\u00c3O: UBIRAT\u00c3 ONLINE - F\u00c1BIO AUGUSTO CELESTINO","@id":"https:\/\/ubirataonline.com.br\/#\/schema\/person\/372f87bbd3fdd79b8556b84c98d0bc1c"},"headline":"STF imp\u00f5e derrota a Alexandre de Moraes e abre brecha para beneficiar r\u00e9us do 8\/1","datePublished":"2026-08-07T12:56:40+00:00","dateModified":"2026-08-07T12:56:42+00:00","mainEntityOfPage":{"@id":"https:\/\/ubirataonline.com.br\/stf-impoe-derrota-a-alexandre-de-moraes-e-abre-brecha-para-beneficiar-reus-do-8-1\/"},"wordCount":1072,"publisher":{"@id":"https:\/\/ubirataonline.com.br\/#organization"},"image":{"@id":"https:\/\/ubirataonline.com.br\/stf-impoe-derrota-a-alexandre-de-moraes-e-abre-brecha-para-beneficiar-reus-do-8-1\/#primaryimage"},"thumbnailUrl":"https:\/\/ubirataonline.com.br\/wp-content\/uploads\/2026\/08\/STF-impoe-derrota-a-Alexandre-de-Moraes-e-abre-brecha.jpg","keywords":["abre","Alexandre","beneficiar","brecha","derrota","imp\u00f5e","Moraes","para","R\u00c9US","STF"],"articleSection":["Brasil"],"inLanguage":"en-US","copyrightYear":"2026","copyrightHolder":{"@id":"https:\/\/ubirataonline.com.br\/en\/#organization"}},{"@type":"WebPage","@id":"https:\/\/ubirataonline.com.br\/stf-impoe-derrota-a-alexandre-de-moraes-e-abre-brecha-para-beneficiar-reus-do-8-1\/","url":"https:\/\/ubirataonline.com.br\/stf-impoe-derrota-a-alexandre-de-moraes-e-abre-brecha-para-beneficiar-reus-do-8-1\/","name":"STF imp\u00f5e derrota a Alexandre de Moraes e abre brecha para beneficiar r\u00e9us do 8\/1 - Ubirat\u00e3 Online Not\u00edcias - A realidade ao seu alcance!","isPartOf":{"@id":"https:\/\/ubirataonline.com.br\/#website"},"primaryImageOfPage":{"@id":"https:\/\/ubirataonline.com.br\/stf-impoe-derrota-a-alexandre-de-moraes-e-abre-brecha-para-beneficiar-reus-do-8-1\/#primaryimage"},"image":{"@id":"https:\/\/ubirataonline.com.br\/stf-impoe-derrota-a-alexandre-de-moraes-e-abre-brecha-para-beneficiar-reus-do-8-1\/#primaryimage"},"thumbnailUrl":"https:\/\/ubirataonline.com.br\/wp-content\/uploads\/2026\/08\/STF-impoe-derrota-a-Alexandre-de-Moraes-e-abre-brecha.jpg","datePublished":"2026-08-07T12:56:40+00:00","dateModified":"2026-08-07T12:56:42+00:00","description":"STF imp\u00f5e derrota a Alexandre de Moraes e abre brecha para beneficiar r\u00e9us do 8\/1","breadcrumb":{"@id":"https:\/\/ubirataonline.com.br\/stf-impoe-derrota-a-alexandre-de-moraes-e-abre-brecha-para-beneficiar-reus-do-8-1\/#breadcrumb"},"inLanguage":"en-US","potentialAction":[{"@type":"ReadAction","target":["https:\/\/ubirataonline.com.br\/stf-impoe-derrota-a-alexandre-de-moraes-e-abre-brecha-para-beneficiar-reus-do-8-1\/"]}]},{"@type":"ImageObject","inLanguage":"en-US","@id":"https:\/\/ubirataonline.com.br\/stf-impoe-derrota-a-alexandre-de-moraes-e-abre-brecha-para-beneficiar-reus-do-8-1\/#primaryimage","url":"https:\/\/ubirataonline.com.br\/wp-content\/uploads\/2026\/08\/STF-impoe-derrota-a-Alexandre-de-Moraes-e-abre-brecha.jpg","contentUrl":"https:\/\/ubirataonline.com.br\/wp-content\/uploads\/2026\/08\/STF-impoe-derrota-a-Alexandre-de-Moraes-e-abre-brecha.jpg","width":1840,"height":1227,"caption":"O ministro Alexandre de Moraes, do Supremo Tribunal Federal \u2014 Foto: Brenno Carvalho\/Ag\u00eancia O Globo"},{"@type":"BreadcrumbList","@id":"https:\/\/ubirataonline.com.br\/stf-impoe-derrota-a-alexandre-de-moraes-e-abre-brecha-para-beneficiar-reus-do-8-1\/#breadcrumb","itemListElement":[{"@type":"ListItem","position":1,"name":"In\u00edcio","item":"https:\/\/ubirataonline.com.br\/"},{"@type":"ListItem","position":2,"name":"STF imp\u00f5e derrota a Alexandre de Moraes e abre brecha para beneficiar r\u00e9us do 8\/1"}]},{"@type":"WebSite","@id":"https:\/\/ubirataonline.com.br\/#website","url":"https:\/\/ubirataonline.com.br\/","name":"Ubirat\u00e3 Online Not\u00edcias","description":"Not\u00edcias de Ubirat\u00e3, regi\u00e3o, Brasil e mundo, com informa\u00e7\u00e3o atualizada e compromisso com o leitor.","publisher":{"@id":"https:\/\/ubirataonline.com.br\/#organization"},"alternateName":"Ubirat\u00e3 Online","potentialAction":[{"@type":"SearchAction","target":{"@type":"EntryPoint","urlTemplate":"https:\/\/ubirataonline.com.br\/?s={search_term_string}"},"query-input":{"@type":"PropertyValueSpecification","valueRequired":true,"valueName":"search_term_string"}}],"inLanguage":"en-US"},{"@type":["Organization","Place"],"@id":"https:\/\/ubirataonline.com.br\/#organization","name":"Ubirat\u00e3 Online Not\u00edcias","alternateName":"Ubirat\u00e3 Online","url":"https:\/\/ubirataonline.com.br\/","logo":{"@id":"https:\/\/ubirataonline.com.br\/stf-impoe-derrota-a-alexandre-de-moraes-e-abre-brecha-para-beneficiar-reus-do-8-1\/#local-main-organization-logo"},"image":{"@id":"https:\/\/ubirataonline.com.br\/stf-impoe-derrota-a-alexandre-de-moraes-e-abre-brecha-para-beneficiar-reus-do-8-1\/#local-main-organization-logo"},"sameAs":["https:\/\/www.facebook.com\/portalubirataonline","https:\/\/x.com\/ubirataonline","https:\/\/mastodon.social\/@ubirataonline","https:\/\/www.facebook.com\/groups\/311144672285604","https:\/\/www.facebook.com\/UBTAOnline","https:\/\/www.instagram.com\/portalubirataonline\/","https:\/\/twitter.com\/ubirataonline"],"description":"Somos um portal de not\u00edcias independente, criado em 5 de janeiro de 2009, com o objetivo de informar, conectar e valorizar a nossa comunidade de Ubirat\u00e3 e toda aregi\u00e3o. Com conte\u00fado atualizado, confi\u00e1vel e relevante, o Ubirat\u00e3 Online \u00e9 o seu espa\u00e7o para ficar por dentro dos principais acontecimentos locais, regionais, Brasil, Mundo e de interesse geral. Nosso compromisso \u00e9 com a verdade, a transpar\u00eancia e o respeito ao leitor.","legalName":"UBIRATA ONLINE NOT\u00cdCIAS","foundingDate":"2009-01-05","numberOfEmployees":{"@type":"QuantitativeValue","minValue":"1","maxValue":"10"},"publishingPrinciples":"https:\/\/ubirataonline.com.br\/faq\/","address":{"@id":"https:\/\/ubirataonline.com.br\/stf-impoe-derrota-a-alexandre-de-moraes-e-abre-brecha-para-beneficiar-reus-do-8-1\/#local-main-place-address"},"geo":{"@type":"GeoCoordinates","latitude":"-24.5361401","longitude":"-52.9921776"},"telephone":["+5544998308235"],"contactPoint":{"@type":"ContactPoint","email":"contato@ubirataonline.com.br"},"openingHoursSpecification":{"@type":"OpeningHoursSpecification","dayOfWeek":["Monday","Tuesday","Wednesday","Thursday","Friday","Saturday","Sunday"],"opens":"00:00","closes":"23:59"},"email":"contato@ubirataonline.com.br","vatID":"47.621.418\/0001-80"},{"@type":"Person","@id":"https:\/\/ubirataonline.com.br\/#\/schema\/person\/372f87bbd3fdd79b8556b84c98d0bc1c","name":"REDA\u00c7\u00c3O: UBIRAT\u00c3 ONLINE - F\u00c1BIO AUGUSTO CELESTINO","pronouns":"Ele","description":"Desde 2003 trabalhando com not\u00edcias.","sameAs":["http:\/\/ubirataoline.com.br","https:\/\/www.facebook.com\/portalubirataonline","https:\/\/www.instagram.com\/ubirataonline_oficial","https:\/\/x.com\/x.com\/ubirataonline"],"honorificPrefix":"Mr.","honorificSuffix":"MD","birthDate":"1980-06-16","gender":"masculino","award":["V\u00e1rios pr\u00eamios de melhor portal da cidade"],"jobTitle":"Diretor","url":"https:\/\/ubirataonline.com.br\/en\/author\/ubirataonline\/"},{"@type":"PostalAddress","@id":"https:\/\/ubirataonline.com.br\/stf-impoe-derrota-a-alexandre-de-moraes-e-abre-brecha-para-beneficiar-reus-do-8-1\/#local-main-place-address","streetAddress":"Rua dos Coqueiros, 104 - Bairro Boa Vista, Rua dos Coqueiros, 104 Bairro Boa Vista","addressLocality":"UBIRATA","postalCode":"85440-000","addressRegion":"PR","addressCountry":"BR"},{"@type":"ImageObject","inLanguage":"en-US","@id":"https:\/\/ubirataonline.com.br\/stf-impoe-derrota-a-alexandre-de-moraes-e-abre-brecha-para-beneficiar-reus-do-8-1\/#local-main-organization-logo","url":"https:\/\/ubirataonline.com.br\/wp-content\/uploads\/2026\/06\/logoubirataonline-1.webp","contentUrl":"https:\/\/ubirataonline.com.br\/wp-content\/uploads\/2026\/06\/logoubirataonline-1.webp","width":500,"height":500,"caption":"Ubirat\u00e3 Online Not\u00edcias"}]},"geo.placename":"UBIRATA","geo.position":{"lat":"-24.5361401","long":"-52.9921776"},"geo.region":"Brazil"},"_links":{"self":[{"href":"https:\/\/ubirataonline.com.br\/en\/wp-json\/wp\/v2\/posts\/162688","targetHints":{"allow":["GET"]}}],"collection":[{"href":"https:\/\/ubirataonline.com.br\/en\/wp-json\/wp\/v2\/posts"}],"about":[{"href":"https:\/\/ubirataonline.com.br\/en\/wp-json\/wp\/v2\/types\/post"}],"author":[{"embeddable":true,"href":"https:\/\/ubirataonline.com.br\/en\/wp-json\/wp\/v2\/users\/1"}],"replies":[{"embeddable":true,"href":"https:\/\/ubirataonline.com.br\/en\/wp-json\/wp\/v2\/comments?post=162688"}],"version-history":[{"count":1,"href":"https:\/\/ubirataonline.com.br\/en\/wp-json\/wp\/v2\/posts\/162688\/revisions"}],"predecessor-version":[{"id":162690,"href":"https:\/\/ubirataonline.com.br\/en\/wp-json\/wp\/v2\/posts\/162688\/revisions\/162690"}],"wp:featuredmedia":[{"embeddable":true,"href":"https:\/\/ubirataonline.com.br\/en\/wp-json\/wp\/v2\/media\/162689"}],"wp:attachment":[{"href":"https:\/\/ubirataonline.com.br\/en\/wp-json\/wp\/v2\/media?parent=162688"}],"wp:term":[{"taxonomy":"category","embeddable":true,"href":"https:\/\/ubirataonline.com.br\/en\/wp-json\/wp\/v2\/categories?post=162688"},{"taxonomy":"post_tag","embeddable":true,"href":"https:\/\/ubirataonline.com.br\/en\/wp-json\/wp\/v2\/tags?post=162688"}],"curies":[{"name":"wp","href":"https:\/\/api.w.org\/{rel}","templated":true}]}}