{"id":162737,"date":"2026-08-07T13:07:39","date_gmt":"2026-08-07T16:07:39","guid":{"rendered":"https:\/\/ubirataonline.com.br\/mppr-denuncia-vereadora-de-curitiba-por-pratica-de-discriminacao-por-procedencia-nacional-ao-dizer-que-colega-deveria-voltar-para-o-ceara\/"},"modified":"2026-08-07T13:07:41","modified_gmt":"2026-08-07T16:07:41","slug":"mppr-denuncia-vereadora-de-curitiba-por-pratica-de-discriminacao-por-procedencia-nacional-ao-dizer-que-colega-deveria-voltar-para-o-ceara","status":"publish","type":"post","link":"https:\/\/ubirataonline.com.br\/en\/mppr-denuncia-vereadora-de-curitiba-por-pratica-de-discriminacao-por-procedencia-nacional-ao-dizer-que-colega-deveria-voltar-para-o-ceara\/","title":{"rendered":"MPPR denuncia vereadora de Curitiba por pr\u00e1tica de discrimina\u00e7\u00e3o por proced\u00eancia nacional ao dizer que colega deveria \u201cvoltar para o Cear\u00e1\u201d"},"content":{"rendered":"<p><\/p>\n<div>\n<p>O Minist\u00e9rio P\u00fablico do Paran\u00e1, por meio da Promotoria de Justi\u00e7a de Prote\u00e7\u00e3o aos Direitos Humanos de Curitiba, ofereceu den\u00fancia criminal contra uma vereadora da capital pela suposta pr\u00e1tica de discrimina\u00e7\u00e3o ou preconceito em raz\u00e3o da proced\u00eancia nacional. O crime est\u00e1 previsto no artigo 20 da Lei 7.716\/1989.<\/p>\n<p>Conforme a den\u00fancia, durante sess\u00e3o da C\u00e2mara Municipal de Curitiba, realizada em 5 de agosto de 2026, a parlamentar teria dirigido \u00e0 outra vereadora express\u00f5es relacionadas \u00e0 sua origem no Estado do Cear\u00e1, incluindo as frases: \u201cPor que a senhora n\u00e3o volta pro Cear\u00e1? Por que a senhora veio pra c\u00e1? A senhora nasceu l\u00e1 mas vem encher o saco aqui\u201d.<\/p>\n<p>Segundo o Minist\u00e9rio P\u00fablico, as manifesta\u00e7\u00f5es teriam sido proferidas com a inten\u00e7\u00e3o de ofender e humilhar a v\u00edtima, al\u00e9m de menosprezar e discriminar, de forma mais ampla, pessoas de origem cearense, configurando, em tese, discrimina\u00e7\u00e3o por proced\u00eancia nacional.<\/p>\n<p><strong>Responsabiliza\u00e7\u00e3o criminal e indeniza\u00e7\u00e3<\/strong>o \u2013 Na den\u00fancia, o MPPR requer, al\u00e9m da responsabiliza\u00e7\u00e3o criminal, a fixa\u00e7\u00e3o de valor m\u00ednimo de indeniza\u00e7\u00e3o \u00e0 v\u00edtima pelos danos causados, inclusive morais, no montante correspondente a 20 sal\u00e1rios m\u00ednimos, atualmente equivalente a R$ 32.420,00, a ser atualizado pelos \u00edndices oficiais.<\/p>\n<p>Tamb\u00e9m foi requerido o arbitramento de indeniza\u00e7\u00e3o por dano moral coletivo no valor correspondente a 40 sal\u00e1rios m\u00ednimos, no momento equivalente a R$ 64.840,00, em raz\u00e3o de ofensa a valores fundamentais relacionados \u00e0 igualdade, \u00e0 dignidade da pessoa humana e ao combate \u00e0 discrimina\u00e7\u00e3o. O MPPR solicita que, se deferido, o valor seja destinado ao Fundo Estadual de Pol\u00edticas de Promo\u00e7\u00e3o da Igualdade Racial e utilizado para financiamento de pol\u00edticas p\u00fablicas voltadas \u00e0 promo\u00e7\u00e3o da igualdade racial no Paran\u00e1.<\/p>\n<p><em>Informa\u00e7\u00f5es para a imprensa:<br \/>Assessoria de Comunica\u00e7\u00e3o<br \/><a href=\"https:\/\/mppr.mp.br\/cdn-cgi\/l\/email-protection\" class=\"__cf_email__\" data-cfemail=\"04676b69716a6d676567656b44697474762a69742a6676\">[email\u00a0protected]<\/a><br \/>(41) 3250-4226<\/em><br \/>\u00a0<\/p>\n<\/div>\n<p><a href=\"https:\/\/ubirataonline.com.br\/noticias\/\" target=\"_blank\" rel=\"noopener noreferrer\">Mais Not\u00edcias<\/a><\/p>\n<p><a href=\"https:\/\/ubirataonline.com.br\" target=\"_blank\" rel=\"noopener noreferrer\">Home Page &#8211; In\u00edcio<\/a><\/p>\n<p><a href=\"https:\/\/mppr.mp.br\/Noticia\/MPPR-denuncia-vereadora-de-Curitiba-por-pratica-de-discriminacao-por-procedencia-nacional\">Source link <\/a><br \/>\nSee more: <a href=\"https:\/\/theglobaltrack.com\/\" target=\"_blank\" rel=\"noopener noreferrer\">The Global Track<\/a><\/p>\n<p><a href=\"https:\/\/corinthiames.com.br\/\" target=\"_blank\" rel=\"noopener noreferrer\">Corinthia Mes<\/a><\/p>\n","protected":false},"excerpt":{"rendered":"<p>O Minist\u00e9rio P\u00fablico do Paran\u00e1, por meio da Promotoria de Justi\u00e7a de Prote\u00e7\u00e3o aos Direitos Humanos de Curitiba, ofereceu den\u00fancia criminal contra uma vereadora da capital pela suposta pr\u00e1tica de discrimina\u00e7\u00e3o ou preconceito em raz\u00e3o da proced\u00eancia nacional. O crime est\u00e1 previsto no artigo 20 da Lei 7.716\/1989. Conforme a den\u00fancia, durante sess\u00e3o da C\u00e2mara [&hellip;]<\/p>\n","protected":false},"author":1,"featured_media":162738,"comment_status":"closed","ping_status":"","sticky":false,"template":"","format":"standard","meta":{"googlesitekit_rrm_CAow2JLhCw:productID":"","_gspb_post_css":"","maa_idioma":"","maa_pais":"","footnotes":""},"categories":[4],"tags":[3900,3563,151,233,25043,21774,14236,1632,3337,2904,3211,5922,43851,20329,11676],"class_list":["post-162737","post","type-post","status-publish","format-standard","has-post-thumbnail","hentry","category-brasil","tag-ceara","tag-colega","tag-curitiba","tag-denuncia","tag-deveria","tag-discriminacao","tag-dizer","tag-mppr","tag-nacional","tag-para","tag-por","tag-pratica","tag-procedencia","tag-vereadora","tag-voltar"],"blocksy_meta":[],"yoast_head":"<!-- This site is optimized with the Yoast SEO Premium plugin v27.6 (Yoast SEO v27.6) - https:\/\/yoast.com\/product\/yoast-seo-premium-wordpress\/ -->\n<title>MPPR denuncia vereadora de Curitiba por pr\u00e1tica de discrimina\u00e7\u00e3o por proced\u00eancia nacional ao dizer que colega deveria \u201cvoltar para o Cear\u00e1\u201d - Ubirat\u00e3 Online Not\u00edcias - A realidade ao seu alcance!<\/title>\n<meta name=\"description\" content=\"O Minist\u00e9rio P\u00fablico do Paran\u00e1, por meio da Promotoria de Justi\u00e7a de Prote\u00e7\u00e3o aos Direitos Humanos de Curitiba, ofereceu den\u00fancia criminal contra uma vereadora da capital pela suposta pr\u00e1tica de discrimina\u00e7\u00e3o ou preconceito em raz\u00e3o da proced\u00ea\" \/>\n<meta name=\"robots\" content=\"index, follow, max-snippet:-1, max-image-preview:large, max-video-preview:-1\" \/>\n<link rel=\"canonical\" href=\"https:\/\/ubirataonline.com.br\/en\/mppr-denuncia-vereadora-de-curitiba-por-pratica-de-discriminacao-por-procedencia-nacional-ao-dizer-que-colega-deveria-voltar-para-o-ceara\/\" \/>\n<meta property=\"og:locale\" content=\"en_US\" \/>\n<meta property=\"og:type\" content=\"article\" \/>\n<meta property=\"og:title\" content=\"MPPR denuncia vereadora de Curitiba por pr\u00e1tica de discrimina\u00e7\u00e3o por proced\u00eancia nacional ao dizer que colega deveria \u201cvoltar para o Cear\u00e1\u201d\" \/>\n<meta property=\"og:description\" content=\"O Minist\u00e9rio P\u00fablico do Paran\u00e1, por meio da Promotoria de Justi\u00e7a de Prote\u00e7\u00e3o aos Direitos Humanos de Curitiba, ofereceu den\u00fancia criminal contra uma vereadora da capital pela suposta pr\u00e1tica de discrimina\u00e7\u00e3o ou preconceito em raz\u00e3o da proced\u00ea\" \/>\n<meta property=\"og:url\" content=\"https:\/\/ubirataonline.com.br\/en\/mppr-denuncia-vereadora-de-curitiba-por-pratica-de-discriminacao-por-procedencia-nacional-ao-dizer-que-colega-deveria-voltar-para-o-ceara\/\" \/>\n<meta property=\"og:site_name\" content=\"Ubirat\u00e3 Online Not\u00edcias - A realidade ao seu alcance!\" \/>\n<meta property=\"article:publisher\" content=\"https:\/\/www.facebook.com\/portalubirataonline\" \/>\n<meta property=\"article:author\" content=\"https:\/\/www.facebook.com\/portalubirataonline\" \/>\n<meta property=\"article:published_time\" content=\"2026-08-07T16:07:39+00:00\" \/>\n<meta property=\"article:modified_time\" content=\"2026-08-07T16:07:41+00:00\" \/>\n<meta property=\"og:image\" content=\"https:\/\/ubirataonline.com.br\/wp-content\/uploads\/2026\/08\/MPPR-denuncia-vereadora-de-Curitiba-por-pratica-de-discriminacao-por.png\" \/>\n\t<meta property=\"og:image:width\" content=\"240\" \/>\n\t<meta property=\"og:image:height\" content=\"240\" \/>\n\t<meta property=\"og:image:type\" content=\"image\/png\" \/>\n<meta name=\"author\" content=\"REDA\u00c7\u00c3O: UBIRAT\u00c3 ONLINE - F\u00c1BIO AUGUSTO CELESTINO\" \/>\n<meta name=\"twitter:card\" content=\"summary_large_image\" \/>\n<meta name=\"twitter:creator\" content=\"@x.com\/ubirataonline\" \/>\n<meta name=\"twitter:site\" content=\"@ubirataonline\" \/>\n<meta name=\"twitter:label1\" content=\"Written by\" \/>\n\t<meta name=\"twitter:data1\" content=\"REDA\u00c7\u00c3O: UBIRAT\u00c3 ONLINE - F\u00c1BIO AUGUSTO CELESTINO\" \/>\n\t<meta name=\"twitter:label2\" content=\"Est. reading time\" \/>\n\t<meta name=\"twitter:data2\" content=\"2 minutes\" \/>\n<script type=\"application\/ld+json\" class=\"yoast-schema-graph\">{\"@context\":\"https:\\\/\\\/schema.org\",\"@graph\":[{\"@type\":\"NewsArticle\",\"@id\":\"https:\\\/\\\/ubirataonline.com.br\\\/mppr-denuncia-vereadora-de-curitiba-por-pratica-de-discriminacao-por-procedencia-nacional-ao-dizer-que-colega-deveria-voltar-para-o-ceara\\\/#article\",\"isPartOf\":{\"@id\":\"https:\\\/\\\/ubirataonline.com.br\\\/mppr-denuncia-vereadora-de-curitiba-por-pratica-de-discriminacao-por-procedencia-nacional-ao-dizer-que-colega-deveria-voltar-para-o-ceara\\\/\"},\"author\":{\"name\":\"REDA\u00c7\u00c3O: UBIRAT\u00c3 ONLINE - F\u00c1BIO AUGUSTO CELESTINO\",\"@id\":\"https:\\\/\\\/ubirataonline.com.br\\\/#\\\/schema\\\/person\\\/372f87bbd3fdd79b8556b84c98d0bc1c\"},\"headline\":\"MPPR denuncia vereadora de Curitiba por pr\u00e1tica de discrimina\u00e7\u00e3o por proced\u00eancia nacional ao dizer que colega deveria \u201cvoltar para o Cear\u00e1\u201d\",\"datePublished\":\"2026-08-07T16:07:39+00:00\",\"dateModified\":\"2026-08-07T16:07:41+00:00\",\"mainEntityOfPage\":{\"@id\":\"https:\\\/\\\/ubirataonline.com.br\\\/mppr-denuncia-vereadora-de-curitiba-por-pratica-de-discriminacao-por-procedencia-nacional-ao-dizer-que-colega-deveria-voltar-para-o-ceara\\\/\"},\"wordCount\":353,\"publisher\":{\"@id\":\"https:\\\/\\\/ubirataonline.com.br\\\/#organization\"},\"image\":{\"@id\":\"https:\\\/\\\/ubirataonline.com.br\\\/mppr-denuncia-vereadora-de-curitiba-por-pratica-de-discriminacao-por-procedencia-nacional-ao-dizer-que-colega-deveria-voltar-para-o-ceara\\\/#primaryimage\"},\"thumbnailUrl\":\"https:\\\/\\\/ubirataonline.com.br\\\/wp-content\\\/uploads\\\/2026\\\/08\\\/MPPR-denuncia-vereadora-de-Curitiba-por-pratica-de-discriminacao-por.png\",\"keywords\":[\"Cear\u00e1\",\"colega\",\"Curitiba\",\"Den\u00fancia\",\"deveria\",\"discrimina\u00e7\u00e3o\",\"dizer\",\"MPPR\",\"Nacional\",\"para\",\"por\",\"pr\u00e1tica\",\"proced\u00eancia\",\"vereadora\",\"voltar\"],\"articleSection\":[\"Brasil\"],\"inLanguage\":\"en-US\",\"copyrightYear\":\"2026\",\"copyrightHolder\":{\"@id\":\"https:\\\/\\\/ubirataonline.com.br\\\/en\\\/#organization\"}},{\"@type\":\"WebPage\",\"@id\":\"https:\\\/\\\/ubirataonline.com.br\\\/mppr-denuncia-vereadora-de-curitiba-por-pratica-de-discriminacao-por-procedencia-nacional-ao-dizer-que-colega-deveria-voltar-para-o-ceara\\\/\",\"url\":\"https:\\\/\\\/ubirataonline.com.br\\\/mppr-denuncia-vereadora-de-curitiba-por-pratica-de-discriminacao-por-procedencia-nacional-ao-dizer-que-colega-deveria-voltar-para-o-ceara\\\/\",\"name\":\"MPPR denuncia vereadora de Curitiba por pr\u00e1tica de discrimina\u00e7\u00e3o por proced\u00eancia nacional ao dizer que colega deveria \u201cvoltar para o Cear\u00e1\u201d - Ubirat\u00e3 Online Not\u00edcias - A realidade ao seu alcance!\",\"isPartOf\":{\"@id\":\"https:\\\/\\\/ubirataonline.com.br\\\/#website\"},\"primaryImageOfPage\":{\"@id\":\"https:\\\/\\\/ubirataonline.com.br\\\/mppr-denuncia-vereadora-de-curitiba-por-pratica-de-discriminacao-por-procedencia-nacional-ao-dizer-que-colega-deveria-voltar-para-o-ceara\\\/#primaryimage\"},\"image\":{\"@id\":\"https:\\\/\\\/ubirataonline.com.br\\\/mppr-denuncia-vereadora-de-curitiba-por-pratica-de-discriminacao-por-procedencia-nacional-ao-dizer-que-colega-deveria-voltar-para-o-ceara\\\/#primaryimage\"},\"thumbnailUrl\":\"https:\\\/\\\/ubirataonline.com.br\\\/wp-content\\\/uploads\\\/2026\\\/08\\\/MPPR-denuncia-vereadora-de-Curitiba-por-pratica-de-discriminacao-por.png\",\"datePublished\":\"2026-08-07T16:07:39+00:00\",\"dateModified\":\"2026-08-07T16:07:41+00:00\",\"description\":\"O Minist\u00e9rio P\u00fablico do Paran\u00e1, por meio da Promotoria de Justi\u00e7a de Prote\u00e7\u00e3o aos Direitos Humanos de Curitiba, ofereceu den\u00fancia criminal contra uma vereadora da capital pela suposta pr\u00e1tica de discrimina\u00e7\u00e3o ou preconceito em raz\u00e3o da proced\u00ea\",\"breadcrumb\":{\"@id\":\"https:\\\/\\\/ubirataonline.com.br\\\/mppr-denuncia-vereadora-de-curitiba-por-pratica-de-discriminacao-por-procedencia-nacional-ao-dizer-que-colega-deveria-voltar-para-o-ceara\\\/#breadcrumb\"},\"inLanguage\":\"en-US\",\"potentialAction\":[{\"@type\":\"ReadAction\",\"target\":[\"https:\\\/\\\/ubirataonline.com.br\\\/mppr-denuncia-vereadora-de-curitiba-por-pratica-de-discriminacao-por-procedencia-nacional-ao-dizer-que-colega-deveria-voltar-para-o-ceara\\\/\"]}]},{\"@type\":\"ImageObject\",\"inLanguage\":\"en-US\",\"@id\":\"https:\\\/\\\/ubirataonline.com.br\\\/mppr-denuncia-vereadora-de-curitiba-por-pratica-de-discriminacao-por-procedencia-nacional-ao-dizer-que-colega-deveria-voltar-para-o-ceara\\\/#primaryimage\",\"url\":\"https:\\\/\\\/ubirataonline.com.br\\\/wp-content\\\/uploads\\\/2026\\\/08\\\/MPPR-denuncia-vereadora-de-Curitiba-por-pratica-de-discriminacao-por.png\",\"contentUrl\":\"https:\\\/\\\/ubirataonline.com.br\\\/wp-content\\\/uploads\\\/2026\\\/08\\\/MPPR-denuncia-vereadora-de-Curitiba-por-pratica-de-discriminacao-por.png\",\"width\":240,\"height\":240,\"caption\":\"MPPR denuncia vereadora de Curitiba por pr\u00e1tica de discrimina\u00e7\u00e3o por proced\u00eancia nacional ao dizer que colega deveria \u201cvoltar para o Cear\u00e1\u201d\"},{\"@type\":\"BreadcrumbList\",\"@id\":\"https:\\\/\\\/ubirataonline.com.br\\\/mppr-denuncia-vereadora-de-curitiba-por-pratica-de-discriminacao-por-procedencia-nacional-ao-dizer-que-colega-deveria-voltar-para-o-ceara\\\/#breadcrumb\",\"itemListElement\":[{\"@type\":\"ListItem\",\"position\":1,\"name\":\"In\u00edcio\",\"item\":\"https:\\\/\\\/ubirataonline.com.br\\\/\"},{\"@type\":\"ListItem\",\"position\":2,\"name\":\"MPPR denuncia vereadora de Curitiba por pr\u00e1tica de discrimina\u00e7\u00e3o por proced\u00eancia nacional ao dizer que colega deveria \u201cvoltar para o Cear\u00e1\u201d\"}]},{\"@type\":\"WebSite\",\"@id\":\"https:\\\/\\\/ubirataonline.com.br\\\/#website\",\"url\":\"https:\\\/\\\/ubirataonline.com.br\\\/\",\"name\":\"Ubirat\u00e3 Online Not\u00edcias\",\"description\":\"Not\u00edcias de Ubirat\u00e3, regi\u00e3o, Brasil e mundo, com informa\u00e7\u00e3o atualizada e compromisso com o leitor.\",\"publisher\":{\"@id\":\"https:\\\/\\\/ubirataonline.com.br\\\/#organization\"},\"alternateName\":\"Ubirat\u00e3 Online\",\"potentialAction\":[{\"@type\":\"SearchAction\",\"target\":{\"@type\":\"EntryPoint\",\"urlTemplate\":\"https:\\\/\\\/ubirataonline.com.br\\\/?s={search_term_string}\"},\"query-input\":{\"@type\":\"PropertyValueSpecification\",\"valueRequired\":true,\"valueName\":\"search_term_string\"}}],\"inLanguage\":\"en-US\"},{\"@type\":[\"Organization\",\"Place\"],\"@id\":\"https:\\\/\\\/ubirataonline.com.br\\\/#organization\",\"name\":\"Ubirat\u00e3 Online Not\u00edcias\",\"alternateName\":\"Ubirat\u00e3 Online\",\"url\":\"https:\\\/\\\/ubirataonline.com.br\\\/\",\"logo\":{\"@id\":\"https:\\\/\\\/ubirataonline.com.br\\\/mppr-denuncia-vereadora-de-curitiba-por-pratica-de-discriminacao-por-procedencia-nacional-ao-dizer-que-colega-deveria-voltar-para-o-ceara\\\/#local-main-organization-logo\"},\"image\":{\"@id\":\"https:\\\/\\\/ubirataonline.com.br\\\/mppr-denuncia-vereadora-de-curitiba-por-pratica-de-discriminacao-por-procedencia-nacional-ao-dizer-que-colega-deveria-voltar-para-o-ceara\\\/#local-main-organization-logo\"},\"sameAs\":[\"https:\\\/\\\/www.facebook.com\\\/portalubirataonline\",\"https:\\\/\\\/x.com\\\/ubirataonline\",\"https:\\\/\\\/mastodon.social\\\/@ubirataonline\",\"https:\\\/\\\/www.facebook.com\\\/groups\\\/311144672285604\",\"https:\\\/\\\/www.facebook.com\\\/UBTAOnline\",\"https:\\\/\\\/www.instagram.com\\\/portalubirataonline\\\/\",\"https:\\\/\\\/twitter.com\\\/ubirataonline\"],\"description\":\"Somos um portal de not\u00edcias independente, criado em 5 de janeiro de 2009, com o objetivo de informar, conectar e valorizar a nossa comunidade de Ubirat\u00e3 e toda aregi\u00e3o. Com conte\u00fado atualizado, confi\u00e1vel e relevante, o Ubirat\u00e3 Online \u00e9 o seu espa\u00e7o para ficar por dentro dos principais acontecimentos locais, regionais, Brasil, Mundo e de interesse geral. Nosso compromisso \u00e9 com a verdade, a transpar\u00eancia e o respeito ao leitor.\",\"legalName\":\"UBIRATA ONLINE NOT\u00cdCIAS\",\"foundingDate\":\"2009-01-05\",\"numberOfEmployees\":{\"@type\":\"QuantitativeValue\",\"minValue\":\"1\",\"maxValue\":\"10\"},\"publishingPrinciples\":\"https:\\\/\\\/ubirataonline.com.br\\\/faq\\\/\",\"address\":{\"@id\":\"https:\\\/\\\/ubirataonline.com.br\\\/mppr-denuncia-vereadora-de-curitiba-por-pratica-de-discriminacao-por-procedencia-nacional-ao-dizer-que-colega-deveria-voltar-para-o-ceara\\\/#local-main-place-address\"},\"geo\":{\"@type\":\"GeoCoordinates\",\"latitude\":\"-24.5361401\",\"longitude\":\"-52.9921776\"},\"telephone\":[\"+5544998308235\"],\"contactPoint\":{\"@type\":\"ContactPoint\",\"email\":\"contato@ubirataonline.com.br\"},\"openingHoursSpecification\":{\"@type\":\"OpeningHoursSpecification\",\"dayOfWeek\":[\"Monday\",\"Tuesday\",\"Wednesday\",\"Thursday\",\"Friday\",\"Saturday\",\"Sunday\"],\"opens\":\"00:00\",\"closes\":\"23:59\"},\"email\":\"contato@ubirataonline.com.br\",\"vatID\":\"47.621.418\\\/0001-80\"},{\"@type\":\"Person\",\"@id\":\"https:\\\/\\\/ubirataonline.com.br\\\/#\\\/schema\\\/person\\\/372f87bbd3fdd79b8556b84c98d0bc1c\",\"name\":\"REDA\u00c7\u00c3O: UBIRAT\u00c3 ONLINE - F\u00c1BIO AUGUSTO CELESTINO\",\"pronouns\":\"Ele\",\"description\":\"Desde 2003 trabalhando com not\u00edcias.\",\"sameAs\":[\"http:\\\/\\\/ubirataoline.com.br\",\"https:\\\/\\\/www.facebook.com\\\/portalubirataonline\",\"https:\\\/\\\/www.instagram.com\\\/ubirataonline_oficial\",\"https:\\\/\\\/x.com\\\/x.com\\\/ubirataonline\"],\"honorificPrefix\":\"Mr.\",\"honorificSuffix\":\"MD\",\"birthDate\":\"1980-06-16\",\"gender\":\"masculino\",\"award\":[\"V\u00e1rios pr\u00eamios de melhor portal da cidade\"],\"jobTitle\":\"Diretor\",\"url\":\"https:\\\/\\\/ubirataonline.com.br\\\/en\\\/author\\\/ubirataonline\\\/\"},{\"@type\":\"PostalAddress\",\"@id\":\"https:\\\/\\\/ubirataonline.com.br\\\/mppr-denuncia-vereadora-de-curitiba-por-pratica-de-discriminacao-por-procedencia-nacional-ao-dizer-que-colega-deveria-voltar-para-o-ceara\\\/#local-main-place-address\",\"streetAddress\":\"Rua dos Coqueiros, 104 - Bairro Boa Vista, Rua dos Coqueiros, 104 Bairro Boa Vista\",\"addressLocality\":\"UBIRATA\",\"postalCode\":\"85440-000\",\"addressRegion\":\"PR\",\"addressCountry\":\"BR\"},{\"@type\":\"ImageObject\",\"inLanguage\":\"en-US\",\"@id\":\"https:\\\/\\\/ubirataonline.com.br\\\/mppr-denuncia-vereadora-de-curitiba-por-pratica-de-discriminacao-por-procedencia-nacional-ao-dizer-que-colega-deveria-voltar-para-o-ceara\\\/#local-main-organization-logo\",\"url\":\"https:\\\/\\\/ubirataonline.com.br\\\/wp-content\\\/uploads\\\/2026\\\/06\\\/logoubirataonline-1.webp\",\"contentUrl\":\"https:\\\/\\\/ubirataonline.com.br\\\/wp-content\\\/uploads\\\/2026\\\/06\\\/logoubirataonline-1.webp\",\"width\":500,\"height\":500,\"caption\":\"Ubirat\u00e3 Online Not\u00edcias\"}]}<\/script>\n<meta name=\"geo.placename\" content=\"UBIRATA\" \/>\n<meta name=\"geo.position\" content=\"-24.5361401;-52.9921776\" \/>\n<meta name=\"geo.region\" content=\"Brazil\" \/>\n<!-- \/ Yoast SEO Premium plugin. -->","yoast_head_json":{"title":"MPPR denuncia vereadora de Curitiba por pr\u00e1tica de discrimina\u00e7\u00e3o por proced\u00eancia nacional ao dizer que colega deveria \u201cvoltar para o Cear\u00e1\u201d - Ubirat\u00e3 Online Not\u00edcias - A realidade ao seu alcance!","description":"O Minist\u00e9rio P\u00fablico do Paran\u00e1, por meio da Promotoria de Justi\u00e7a de Prote\u00e7\u00e3o aos Direitos Humanos de Curitiba, ofereceu den\u00fancia criminal contra uma vereadora da capital pela suposta pr\u00e1tica de discrimina\u00e7\u00e3o ou preconceito em raz\u00e3o da proced\u00ea","robots":{"index":"index","follow":"follow","max-snippet":"max-snippet:-1","max-image-preview":"max-image-preview:large","max-video-preview":"max-video-preview:-1"},"canonical":"https:\/\/ubirataonline.com.br\/en\/mppr-denuncia-vereadora-de-curitiba-por-pratica-de-discriminacao-por-procedencia-nacional-ao-dizer-que-colega-deveria-voltar-para-o-ceara\/","og_locale":"en_US","og_type":"article","og_title":"MPPR denuncia vereadora de Curitiba por pr\u00e1tica de discrimina\u00e7\u00e3o por proced\u00eancia nacional ao dizer que colega deveria \u201cvoltar para o Cear\u00e1\u201d","og_description":"O Minist\u00e9rio P\u00fablico do Paran\u00e1, por meio da Promotoria de Justi\u00e7a de Prote\u00e7\u00e3o aos Direitos Humanos de Curitiba, ofereceu den\u00fancia criminal contra uma vereadora da capital pela suposta pr\u00e1tica de discrimina\u00e7\u00e3o ou preconceito em raz\u00e3o da proced\u00ea","og_url":"https:\/\/ubirataonline.com.br\/en\/mppr-denuncia-vereadora-de-curitiba-por-pratica-de-discriminacao-por-procedencia-nacional-ao-dizer-que-colega-deveria-voltar-para-o-ceara\/","og_site_name":"Ubirat\u00e3 Online Not\u00edcias - A realidade ao seu alcance!","article_publisher":"https:\/\/www.facebook.com\/portalubirataonline","article_author":"https:\/\/www.facebook.com\/portalubirataonline","article_published_time":"2026-08-07T16:07:39+00:00","article_modified_time":"2026-08-07T16:07:41+00:00","og_image":[{"width":240,"height":240,"url":"https:\/\/ubirataonline.com.br\/wp-content\/uploads\/2026\/08\/MPPR-denuncia-vereadora-de-Curitiba-por-pratica-de-discriminacao-por.png","type":"image\/png"}],"author":"REDA\u00c7\u00c3O: UBIRAT\u00c3 ONLINE - F\u00c1BIO AUGUSTO CELESTINO","twitter_card":"summary_large_image","twitter_creator":"@x.com\/ubirataonline","twitter_site":"@ubirataonline","twitter_misc":{"Written by":"REDA\u00c7\u00c3O: UBIRAT\u00c3 ONLINE - F\u00c1BIO AUGUSTO CELESTINO","Est. reading time":"2 minutes"},"schema":{"@context":"https:\/\/schema.org","@graph":[{"@type":"NewsArticle","@id":"https:\/\/ubirataonline.com.br\/mppr-denuncia-vereadora-de-curitiba-por-pratica-de-discriminacao-por-procedencia-nacional-ao-dizer-que-colega-deveria-voltar-para-o-ceara\/#article","isPartOf":{"@id":"https:\/\/ubirataonline.com.br\/mppr-denuncia-vereadora-de-curitiba-por-pratica-de-discriminacao-por-procedencia-nacional-ao-dizer-que-colega-deveria-voltar-para-o-ceara\/"},"author":{"name":"REDA\u00c7\u00c3O: UBIRAT\u00c3 ONLINE - F\u00c1BIO AUGUSTO CELESTINO","@id":"https:\/\/ubirataonline.com.br\/#\/schema\/person\/372f87bbd3fdd79b8556b84c98d0bc1c"},"headline":"MPPR denuncia vereadora de Curitiba por pr\u00e1tica de discrimina\u00e7\u00e3o por proced\u00eancia nacional ao dizer que colega deveria \u201cvoltar para o Cear\u00e1\u201d","datePublished":"2026-08-07T16:07:39+00:00","dateModified":"2026-08-07T16:07:41+00:00","mainEntityOfPage":{"@id":"https:\/\/ubirataonline.com.br\/mppr-denuncia-vereadora-de-curitiba-por-pratica-de-discriminacao-por-procedencia-nacional-ao-dizer-que-colega-deveria-voltar-para-o-ceara\/"},"wordCount":353,"publisher":{"@id":"https:\/\/ubirataonline.com.br\/#organization"},"image":{"@id":"https:\/\/ubirataonline.com.br\/mppr-denuncia-vereadora-de-curitiba-por-pratica-de-discriminacao-por-procedencia-nacional-ao-dizer-que-colega-deveria-voltar-para-o-ceara\/#primaryimage"},"thumbnailUrl":"https:\/\/ubirataonline.com.br\/wp-content\/uploads\/2026\/08\/MPPR-denuncia-vereadora-de-Curitiba-por-pratica-de-discriminacao-por.png","keywords":["Cear\u00e1","colega","Curitiba","Den\u00fancia","deveria","discrimina\u00e7\u00e3o","dizer","MPPR","Nacional","para","por","pr\u00e1tica","proced\u00eancia","vereadora","voltar"],"articleSection":["Brasil"],"inLanguage":"en-US","copyrightYear":"2026","copyrightHolder":{"@id":"https:\/\/ubirataonline.com.br\/en\/#organization"}},{"@type":"WebPage","@id":"https:\/\/ubirataonline.com.br\/mppr-denuncia-vereadora-de-curitiba-por-pratica-de-discriminacao-por-procedencia-nacional-ao-dizer-que-colega-deveria-voltar-para-o-ceara\/","url":"https:\/\/ubirataonline.com.br\/mppr-denuncia-vereadora-de-curitiba-por-pratica-de-discriminacao-por-procedencia-nacional-ao-dizer-que-colega-deveria-voltar-para-o-ceara\/","name":"MPPR denuncia vereadora de Curitiba por pr\u00e1tica de discrimina\u00e7\u00e3o por proced\u00eancia nacional ao dizer que colega deveria \u201cvoltar para o Cear\u00e1\u201d - Ubirat\u00e3 Online Not\u00edcias - A realidade ao seu alcance!","isPartOf":{"@id":"https:\/\/ubirataonline.com.br\/#website"},"primaryImageOfPage":{"@id":"https:\/\/ubirataonline.com.br\/mppr-denuncia-vereadora-de-curitiba-por-pratica-de-discriminacao-por-procedencia-nacional-ao-dizer-que-colega-deveria-voltar-para-o-ceara\/#primaryimage"},"image":{"@id":"https:\/\/ubirataonline.com.br\/mppr-denuncia-vereadora-de-curitiba-por-pratica-de-discriminacao-por-procedencia-nacional-ao-dizer-que-colega-deveria-voltar-para-o-ceara\/#primaryimage"},"thumbnailUrl":"https:\/\/ubirataonline.com.br\/wp-content\/uploads\/2026\/08\/MPPR-denuncia-vereadora-de-Curitiba-por-pratica-de-discriminacao-por.png","datePublished":"2026-08-07T16:07:39+00:00","dateModified":"2026-08-07T16:07:41+00:00","description":"O Minist\u00e9rio P\u00fablico do Paran\u00e1, por meio da Promotoria de Justi\u00e7a de Prote\u00e7\u00e3o aos Direitos Humanos de Curitiba, ofereceu den\u00fancia criminal contra uma vereadora da capital pela suposta pr\u00e1tica de discrimina\u00e7\u00e3o ou preconceito em raz\u00e3o da proced\u00ea","breadcrumb":{"@id":"https:\/\/ubirataonline.com.br\/mppr-denuncia-vereadora-de-curitiba-por-pratica-de-discriminacao-por-procedencia-nacional-ao-dizer-que-colega-deveria-voltar-para-o-ceara\/#breadcrumb"},"inLanguage":"en-US","potentialAction":[{"@type":"ReadAction","target":["https:\/\/ubirataonline.com.br\/mppr-denuncia-vereadora-de-curitiba-por-pratica-de-discriminacao-por-procedencia-nacional-ao-dizer-que-colega-deveria-voltar-para-o-ceara\/"]}]},{"@type":"ImageObject","inLanguage":"en-US","@id":"https:\/\/ubirataonline.com.br\/mppr-denuncia-vereadora-de-curitiba-por-pratica-de-discriminacao-por-procedencia-nacional-ao-dizer-que-colega-deveria-voltar-para-o-ceara\/#primaryimage","url":"https:\/\/ubirataonline.com.br\/wp-content\/uploads\/2026\/08\/MPPR-denuncia-vereadora-de-Curitiba-por-pratica-de-discriminacao-por.png","contentUrl":"https:\/\/ubirataonline.com.br\/wp-content\/uploads\/2026\/08\/MPPR-denuncia-vereadora-de-Curitiba-por-pratica-de-discriminacao-por.png","width":240,"height":240,"caption":"MPPR denuncia vereadora de Curitiba por pr\u00e1tica de discrimina\u00e7\u00e3o por proced\u00eancia nacional ao dizer que colega deveria \u201cvoltar para o Cear\u00e1\u201d"},{"@type":"BreadcrumbList","@id":"https:\/\/ubirataonline.com.br\/mppr-denuncia-vereadora-de-curitiba-por-pratica-de-discriminacao-por-procedencia-nacional-ao-dizer-que-colega-deveria-voltar-para-o-ceara\/#breadcrumb","itemListElement":[{"@type":"ListItem","position":1,"name":"In\u00edcio","item":"https:\/\/ubirataonline.com.br\/"},{"@type":"ListItem","position":2,"name":"MPPR denuncia vereadora de Curitiba por pr\u00e1tica de discrimina\u00e7\u00e3o por proced\u00eancia nacional ao dizer que colega deveria \u201cvoltar para o Cear\u00e1\u201d"}]},{"@type":"WebSite","@id":"https:\/\/ubirataonline.com.br\/#website","url":"https:\/\/ubirataonline.com.br\/","name":"Ubirat\u00e3 Online Not\u00edcias","description":"Not\u00edcias de Ubirat\u00e3, regi\u00e3o, Brasil e mundo, com informa\u00e7\u00e3o atualizada e compromisso com o leitor.","publisher":{"@id":"https:\/\/ubirataonline.com.br\/#organization"},"alternateName":"Ubirat\u00e3 Online","potentialAction":[{"@type":"SearchAction","target":{"@type":"EntryPoint","urlTemplate":"https:\/\/ubirataonline.com.br\/?s={search_term_string}"},"query-input":{"@type":"PropertyValueSpecification","valueRequired":true,"valueName":"search_term_string"}}],"inLanguage":"en-US"},{"@type":["Organization","Place"],"@id":"https:\/\/ubirataonline.com.br\/#organization","name":"Ubirat\u00e3 Online Not\u00edcias","alternateName":"Ubirat\u00e3 Online","url":"https:\/\/ubirataonline.com.br\/","logo":{"@id":"https:\/\/ubirataonline.com.br\/mppr-denuncia-vereadora-de-curitiba-por-pratica-de-discriminacao-por-procedencia-nacional-ao-dizer-que-colega-deveria-voltar-para-o-ceara\/#local-main-organization-logo"},"image":{"@id":"https:\/\/ubirataonline.com.br\/mppr-denuncia-vereadora-de-curitiba-por-pratica-de-discriminacao-por-procedencia-nacional-ao-dizer-que-colega-deveria-voltar-para-o-ceara\/#local-main-organization-logo"},"sameAs":["https:\/\/www.facebook.com\/portalubirataonline","https:\/\/x.com\/ubirataonline","https:\/\/mastodon.social\/@ubirataonline","https:\/\/www.facebook.com\/groups\/311144672285604","https:\/\/www.facebook.com\/UBTAOnline","https:\/\/www.instagram.com\/portalubirataonline\/","https:\/\/twitter.com\/ubirataonline"],"description":"Somos um portal de not\u00edcias independente, criado em 5 de janeiro de 2009, com o objetivo de informar, conectar e valorizar a nossa comunidade de Ubirat\u00e3 e toda aregi\u00e3o. Com conte\u00fado atualizado, confi\u00e1vel e relevante, o Ubirat\u00e3 Online \u00e9 o seu espa\u00e7o para ficar por dentro dos principais acontecimentos locais, regionais, Brasil, Mundo e de interesse geral. Nosso compromisso \u00e9 com a verdade, a transpar\u00eancia e o respeito ao leitor.","legalName":"UBIRATA ONLINE NOT\u00cdCIAS","foundingDate":"2009-01-05","numberOfEmployees":{"@type":"QuantitativeValue","minValue":"1","maxValue":"10"},"publishingPrinciples":"https:\/\/ubirataonline.com.br\/faq\/","address":{"@id":"https:\/\/ubirataonline.com.br\/mppr-denuncia-vereadora-de-curitiba-por-pratica-de-discriminacao-por-procedencia-nacional-ao-dizer-que-colega-deveria-voltar-para-o-ceara\/#local-main-place-address"},"geo":{"@type":"GeoCoordinates","latitude":"-24.5361401","longitude":"-52.9921776"},"telephone":["+5544998308235"],"contactPoint":{"@type":"ContactPoint","email":"contato@ubirataonline.com.br"},"openingHoursSpecification":{"@type":"OpeningHoursSpecification","dayOfWeek":["Monday","Tuesday","Wednesday","Thursday","Friday","Saturday","Sunday"],"opens":"00:00","closes":"23:59"},"email":"contato@ubirataonline.com.br","vatID":"47.621.418\/0001-80"},{"@type":"Person","@id":"https:\/\/ubirataonline.com.br\/#\/schema\/person\/372f87bbd3fdd79b8556b84c98d0bc1c","name":"REDA\u00c7\u00c3O: UBIRAT\u00c3 ONLINE - F\u00c1BIO AUGUSTO CELESTINO","pronouns":"Ele","description":"Desde 2003 trabalhando com not\u00edcias.","sameAs":["http:\/\/ubirataoline.com.br","https:\/\/www.facebook.com\/portalubirataonline","https:\/\/www.instagram.com\/ubirataonline_oficial","https:\/\/x.com\/x.com\/ubirataonline"],"honorificPrefix":"Mr.","honorificSuffix":"MD","birthDate":"1980-06-16","gender":"masculino","award":["V\u00e1rios pr\u00eamios de melhor portal da cidade"],"jobTitle":"Diretor","url":"https:\/\/ubirataonline.com.br\/en\/author\/ubirataonline\/"},{"@type":"PostalAddress","@id":"https:\/\/ubirataonline.com.br\/mppr-denuncia-vereadora-de-curitiba-por-pratica-de-discriminacao-por-procedencia-nacional-ao-dizer-que-colega-deveria-voltar-para-o-ceara\/#local-main-place-address","streetAddress":"Rua dos Coqueiros, 104 - Bairro Boa Vista, Rua dos Coqueiros, 104 Bairro Boa Vista","addressLocality":"UBIRATA","postalCode":"85440-000","addressRegion":"PR","addressCountry":"BR"},{"@type":"ImageObject","inLanguage":"en-US","@id":"https:\/\/ubirataonline.com.br\/mppr-denuncia-vereadora-de-curitiba-por-pratica-de-discriminacao-por-procedencia-nacional-ao-dizer-que-colega-deveria-voltar-para-o-ceara\/#local-main-organization-logo","url":"https:\/\/ubirataonline.com.br\/wp-content\/uploads\/2026\/06\/logoubirataonline-1.webp","contentUrl":"https:\/\/ubirataonline.com.br\/wp-content\/uploads\/2026\/06\/logoubirataonline-1.webp","width":500,"height":500,"caption":"Ubirat\u00e3 Online Not\u00edcias"}]},"geo.placename":"UBIRATA","geo.position":{"lat":"-24.5361401","long":"-52.9921776"},"geo.region":"Brazil"},"_links":{"self":[{"href":"https:\/\/ubirataonline.com.br\/en\/wp-json\/wp\/v2\/posts\/162737","targetHints":{"allow":["GET"]}}],"collection":[{"href":"https:\/\/ubirataonline.com.br\/en\/wp-json\/wp\/v2\/posts"}],"about":[{"href":"https:\/\/ubirataonline.com.br\/en\/wp-json\/wp\/v2\/types\/post"}],"author":[{"embeddable":true,"href":"https:\/\/ubirataonline.com.br\/en\/wp-json\/wp\/v2\/users\/1"}],"replies":[{"embeddable":true,"href":"https:\/\/ubirataonline.com.br\/en\/wp-json\/wp\/v2\/comments?post=162737"}],"version-history":[{"count":1,"href":"https:\/\/ubirataonline.com.br\/en\/wp-json\/wp\/v2\/posts\/162737\/revisions"}],"predecessor-version":[{"id":162739,"href":"https:\/\/ubirataonline.com.br\/en\/wp-json\/wp\/v2\/posts\/162737\/revisions\/162739"}],"wp:featuredmedia":[{"embeddable":true,"href":"https:\/\/ubirataonline.com.br\/en\/wp-json\/wp\/v2\/media\/162738"}],"wp:attachment":[{"href":"https:\/\/ubirataonline.com.br\/en\/wp-json\/wp\/v2\/media?parent=162737"}],"wp:term":[{"taxonomy":"category","embeddable":true,"href":"https:\/\/ubirataonline.com.br\/en\/wp-json\/wp\/v2\/categories?post=162737"},{"taxonomy":"post_tag","embeddable":true,"href":"https:\/\/ubirataonline.com.br\/en\/wp-json\/wp\/v2\/tags?post=162737"}],"curies":[{"name":"wp","href":"https:\/\/api.w.org\/{rel}","templated":true}]}}