{"id":162842,"date":"2026-08-07T18:16:39","date_gmt":"2026-08-07T21:16:39","guid":{"rendered":"https:\/\/ubirataonline.com.br\/picape-eletrica-com-preco-de-maverick\/"},"modified":"2026-08-07T18:16:41","modified_gmt":"2026-08-07T21:16:41","slug":"picape-eletrica-com-preco-de-maverick","status":"publish","type":"post","link":"https:\/\/ubirataonline.com.br\/en\/picape-eletrica-com-preco-de-maverick\/","title":{"rendered":"picape el\u00e9trica com pre\u00e7o de Maverick"},"content":{"rendered":"<p><\/p>\n<div>\n<p>A aguardada picape el\u00e9trica de baixo custo da Ford j\u00e1 tem nome oficial. O novo modelo m\u00e9dio da marca, previsto para chegar ao mercado no ano que vem, foi batizado de Fathom.<\/p>\n<p>Esse nome faz refer\u00eancia a uma antiga unidade de medida equivalente a 6 p\u00e9s (cerca de 1,83 m), ainda utilizada nos Estados Unidos para indicar a profundidade da \u00e1gua. Como verbo, to fathom significa compreender, entender ou decifrar algo profundo ou complexo, em sentido semelhante a &#8220;sondar&#8221; ou &#8220;penetrar um mist\u00e9rio&#8221; em portugu\u00eas.<\/p>\n<section contenteditable=\"false\" draggable=\"true\" data-widget=\"special_image\" data-align=\"center\" data-source=\"%7B%22source_id%22%3A%224652%22%2C%22title%22%3A%22Ford%22%7D\"><span class=\"svg-search\"><br \/>\n    <svg>\n        <use xlink:href=\"https:\/\/insideevs.uol.com.br\/design\/dist\/critical\/icons\/sprite-common-0-379cb53607b1315d0e2d6ede78c5cd01.svg#semidir\"\/>\n    <\/svg><br \/>\n<\/span> <\/p>\n<div class=\"spi_wrapper\"><a class=\"lightzoom\" href=\"https:\/\/cdn.motor1.com\/images\/custom\/thumbnail\/uev-aero.jpg\">  <\/a><\/div>\n<p>A aerodin\u00e2mica do novo modelo tamb\u00e9m \u00e9 importante para a Ford, como mostra esta imagem<\/p>\n<p>Foto de: Ford<\/p>\n<\/section>\n<p>A Ford revelou o nome esta semana como parte de sua estrat\u00e9gia de ampliar a oferta de ve\u00edculos el\u00e9tricos mais acess\u00edveis. Tamb\u00e9m confirmou que, nos EUA, a picape ter\u00e1 pre\u00e7o inicial de US$ 29.945 (R$ 154 mil, em convers\u00e3o direta), j\u00e1 incluindo o frete obrigat\u00f3rio de US$ 1.595. Com isso, ser\u00e1 uma das picapes el\u00e9tricas mais acess\u00edveis \u00e0 venda no pa\u00eds.<\/p>\n<p>O valor anunciado \u00e9 inferior ao de tradicionais picapes a combust\u00e3o como Ford Ranger, Nissan Frontier e <a href=\"https:\/\/insideevs.uol.com.br\/chevrolet\/\" data-inline-widget=\"internal-links\">Chevrolet<\/a> Colorado (a S10 de quarta gera\u00e7\u00e3o nos EUA).<\/p>\n<p>A Fathom ser\u00e1 o primeiro modelo constru\u00eddo sobre a nova plataforma Universal EV da Ford, desenvolvida do zero para dar origem a uma fam\u00edlia de ve\u00edculos el\u00e9tricos acess\u00edveis, divertidos de guiar e tecnologicamente avan\u00e7ados, com atualiza\u00e7\u00f5es remotas de software ao longo da vida \u00fatil. Essa base servir\u00e1 n\u00e3o apenas para picapes, mas tamb\u00e9m para SUVs e ve\u00edculos comerciais nos pr\u00f3ximos anos.<\/p>\n<p>A Ford chegou a estudar o resgate do hist\u00f3rico nome Ranchero (picape da marca fabricada entre 1957 e 1979) para o novo modelo el\u00e9trico, mas acabou optando por criar uma identidade totalmente in\u00e9dita.<\/p>\n<section data-is-mosaic=\"0\" contenteditable=\"false\" draggable=\"true\" data-widget=\"image\" data-border=\"\" data-id=\"8567401\">\n        <span class=\"svg-search\"><br \/>\n            <svg>\n                <use xlink:href=\"https:\/\/insideevs.uol.com.br\/design\/dist\/critical\/icons\/sprite-common-0-379cb53607b1315d0e2d6ede78c5cd01.svg#semidir\"\/>\n            <\/svg><br \/>\n        <\/span>\n    <picture><source type=\"image\/webp\" srcset=\"&#10;            https:\/\/cdn.motor1.com\/images\/mgl\/Ak4ejO\/s5\/fords-neue-elektroauto-plattform-schemabilder.webp 213w,&#10;            https:\/\/cdn.motor1.com\/images\/mgl\/Ak4ejO\/s6\/fords-neue-elektroauto-plattform-schemabilder.webp 445w,&#10;            https:\/\/cdn.motor1.com\/images\/mgl\/Ak4ejO\/s4\/fords-neue-elektroauto-plattform-schemabilder.webp 889w,&#10;            https:\/\/cdn.motor1.com\/images\/mgl\/Ak4ejO\/s3\/fords-neue-elektroauto-plattform-schemabilder.webp 1280w&#10;        \" sizes=\"(max-width: 767px) calc(100vw - 24px), (max-width: 1023px) calc(100vw - 48px), 644px\"><source type=\"image\/jpeg\" srcset=\"&#10;            https:\/\/cdn.motor1.com\/images\/mgl\/Ak4ejO\/s5\/fords-neue-elektroauto-plattform-schemabilder.jpg 213w,&#10;            https:\/\/cdn.motor1.com\/images\/mgl\/Ak4ejO\/s6\/fords-neue-elektroauto-plattform-schemabilder.jpg 445w,&#10;            https:\/\/cdn.motor1.com\/images\/mgl\/Ak4ejO\/s4\/fords-neue-elektroauto-plattform-schemabilder.jpg 889w,&#10;            https:\/\/cdn.motor1.com\/images\/mgl\/Ak4ejO\/s3\/fords-neue-elektroauto-plattform-schemabilder.jpg 1280w&#10;        \" sizes=\"(max-width: 767px) calc(100vw - 24px), (max-width: 1023px) calc(100vw - 48px), 644px\"><img decoding=\"async\" src=\"https:\/\/cdn.motor1.com\/images\/static\/16x9-tr.png\" alt=\"uev-mid-size-electric-truck-earlydesigns\" width=\"16\" height=\"9\" loading=\"lazy\"\/><br \/>\n    <\/source><\/source><\/picture>\n<div class=\"photo-title\">\n<p>A nova plataforma de carro el\u00e9trico da Ford (imagens esquem\u00e1ticas)<\/p>\n<\/div>\n<p>Foto de: Ford<\/p>\n<\/section>\n<h2><span class=\"arrow-holder\"><svg class=\"arrow-heading\"><use xlink:href=\"\"\/><\/svg><\/span>Revolu\u00e7\u00e3o na linha<\/h2>\n<p>A nova picape representa <a href=\"https:\/\/motor1.uol.com.br\/news\/768684\/ford-proximos-eletricos-mais-acessiveis\/\" target=\"_blank\" rel=\"noopener noreferrer\">uma mudan\u00e7a importante na estrat\u00e9gia de eletrifica\u00e7\u00e3o da fabricante<\/a>.\u00a0 O foco agora \u00e9 oferecer um ve\u00edculo com pre\u00e7o competitivo, sem abrir m\u00e3o de espa\u00e7o interno e tecnologia. A Ford promete uma cabine ampla, com mais espa\u00e7o para os ocupantes do que um Toyota RAV4, al\u00e9m de recursos como o sistema de condu\u00e7\u00e3o sem as m\u00e3os BlueCruise e integra\u00e7\u00e3o com o Apple Maps.<\/p>\n<p>A produ\u00e7\u00e3o ser\u00e1 na f\u00e1brica de Louisville, no estado de Kentucky, com in\u00edcio previsto para 2027. Um processo produtivo simplificado substituir\u00e1 a linha de montagem tradicional por outra em formato de &#8220;\u00e1rvore&#8221;: tr\u00eas grandes m\u00f3dulos (dianteiro, traseiro e bateria estrutural com interior pr\u00e9-instalado) ser\u00e3o produzidos em paralelo &#8220;nos galhos&#8221; e unidos no final, no que ser\u00e1 &#8220;o tronco&#8221;. Pe\u00e7as \u00fanicas de alum\u00ednio fundido substituir\u00e3o dezenas de componentes menores, reduzindo peso, complexidade e pontos de solda.<\/p>\n<p>A arquitetura Universal EV reduzir\u00e1 o n\u00famero de pe\u00e7as em 20%, usar\u00e1 25% menos fixadores (parafusos, porcas etc.) e exigir\u00e1 40% menos esta\u00e7\u00f5es de trabalho na linha de produ\u00e7\u00e3o, proporcionando um ganho de 15% na velocidade final.<\/p>\n<section contenteditable=\"false\" draggable=\"true\" data-widget=\"special_image\" data-align=\"center\" data-source=\"%7B%22source_id%22%3A%224652%22%2C%22title%22%3A%22Ford%22%7D\"><span class=\"svg-search\"><br \/>\n    <svg>\n        <use xlink:href=\"https:\/\/insideevs.uol.com.br\/design\/dist\/critical\/icons\/sprite-common-0-379cb53607b1315d0e2d6ede78c5cd01.svg#semidir\"\/>\n    <\/svg><br \/>\n<\/span> <\/p>\n<div class=\"spi_wrapper\"><a class=\"lightzoom\" href=\"https:\/\/cdn.motor1.com\/images\/custom\/thumbnail\/uev-mid-size-electric-truck-earlydesigns.jpg\"> <img decoding=\"async\" class=\"custom-image\" draggable=\"false\" src=\"https:\/\/cdn.motor1.com\/images\/custom\/thumbnail\/uev-mid-size-electric-truck-earlydesigns.jpg\" alt=\"uev-aero\" width=\"3840\" height=\"2160\" loading=\"lazy\"\/> <\/a><\/div>\n<p>Primeiros esbo\u00e7os do Ford Fathom<\/p>\n<p>Foto de: Ford<\/p>\n<\/section>\n<p>Um exemplo ser\u00e1 o chicote el\u00e9trico, que ter\u00e1 1,3 km a menos de comprimento e ser\u00e1 10 kg mais leve que na F-150 Lightning. As baterias prism\u00e1ticas de l\u00edtio-ferro-fosfato (LFP), livres de cobalto e n\u00edquel, ser\u00e3o parte integrante da estrutura do ve\u00edculo e funcionar\u00e3o como assoalho, baixando o centro de gravidade, melhorando a dirigibilidade e ampliando o espa\u00e7o interno.<\/p>\n<p>A empresa afirma estar investindo US$ 5 bilh\u00f5es no programa e diz que a nova plataforma permitir\u00e1 o desenvolvimento de diversos tipos de carroceria, fortalecendo sua posi\u00e7\u00e3o diante da concorr\u00eancia de fabricantes chineses e de novas empresas do setor.<\/p>\n<p>Ainda h\u00e1 muitas informa\u00e7\u00f5es em aberto. A <a href=\"https:\/\/insideevs.uol.com.br\/ford\/\" data-inline-widget=\"internal-links\">Ford<\/a> n\u00e3o revelou o desenho definitivo da picape nem detalhes sobre a capacidade das <a href=\"https:\/\/insideevs.uol.com.br\/news\/category\/baterias\/\" data-inline-widget=\"internal-links\">baterias<\/a>, autonomia ou vers\u00f5es de acabamento. Essas informa\u00e7\u00f5es dever\u00e3o ser divulgadas mais perto do lan\u00e7amento.<\/p>\n<section data-widget=\"attached-photogallery\">\n<div itemscope=\"\" itemtype=\"https:\/\/schema.org\/ImageGallery\" class=\"msnt-photo-thumb-gallery inline\">\n                                            <meta itemprop=\"name\" content=\"Ford F-150 Lightning no Brasil\"\/><br \/>\n                                                                                    <meta itemprop=\"thumbnailUrl\" content=\"\"\/><\/p>\n<div class=\"msnt-photo-thumb-gallery-main-photo\">\n                            <a href=\"http:\/\/insideevs.uol.com.br\/photos\/888333\/ford-f-150-lightning-no-brasil\/#7855814_ford-f-150-lightning-no-brasil\" class=\"msnt-photo-thumb-gallery-main-photo-box\" itemprop=\"image\" itemscope=\"\" itemtype=\"https:\/\/schema.org\/ImageObject\" data-url=\"\/photos\/888333\/ford-f-150-lightning-no-brasil\/#7855814_ford-f-150-lightning-no-brasil\" data-thumb=\"\" data-caption=\"\" data-src=\"\" data-sub-html=\"Ford F-150 Lightning no Brasil (Foto de F\u00e1bio Trindade)\" data-entity-id=\"7855814\" data-download-url=\"\">\n                                <picture><source type=\"image\/webp\" srcset=\"&#10;                                            https:\/\/cdn.motor1.com\/images\/mgl\/L3kZBM\/s5\/ford-f-150-lightning-no-brasil.webp 213w,&#10;                                            https:\/\/cdn.motor1.com\/images\/mgl\/L3kZBM\/s6\/ford-f-150-lightning-no-brasil.webp 445w,&#10;                                            https:\/\/cdn.motor1.com\/images\/mgl\/L3kZBM\/s4\/ford-f-150-lightning-no-brasil.webp 889w,&#10;                                            https:\/\/cdn.motor1.com\/images\/mgl\/L3kZBM\/s3\/ford-f-150-lightning-no-brasil.webp 1280w&#10;                                        \" sizes=\"&#10;                                            (max-width: 767px) calc(100vw - 30px)&#10;                                            (max-width: 1023px) calc(100vw - 50px), &#10;                                            649px&#10;                                        \"><source type=\"image\/jpeg\" srcset=\"&#10;                                            https:\/\/cdn.motor1.com\/images\/mgl\/L3kZBM\/s5\/ford-f-150-lightning-no-brasil.jpg 213w,&#10;                                            https:\/\/cdn.motor1.com\/images\/mgl\/L3kZBM\/s6\/ford-f-150-lightning-no-brasil.jpg 445w,&#10;                                            https:\/\/cdn.motor1.com\/images\/mgl\/L3kZBM\/s4\/ford-f-150-lightning-no-brasil.jpg 889w,&#10;                                            https:\/\/cdn.motor1.com\/images\/mgl\/L3kZBM\/s3\/ford-f-150-lightning-no-brasil.jpg 1280w&#10;                                        \" sizes=\"&#10;                                            (max-width: 767px) calc(100vw - 30px)&#10;                                            (max-width: 1023px) calc(100vw - 50px), &#10;                                            649px&#10;                                        \"><img decoding=\"async\" src=\"https:\/\/cdn.motor1.com\/images\/static\/16x9-tr.png\" loading=\"lazy\" alt=\"Ford F-150 Lightning no Brasil\" width=\"16\" height=\"9\"\/><br \/>\n                                <\/source><\/source><\/picture>\n                            <\/a><\/p>\n<p>\n                                    <svg>\n                                        <use xlink:href=\"https:\/\/insideevs.uol.com.br\/design\/dist\/critical\/icons\/sprite-common-2-dfdfde4688448e41e4f31dc7be6f9d4d.svg#nikon\"\/>\n                                    <\/svg><br \/>\n                                    9                                <\/p>\n<\/p><\/div>\n<p>\n                            Fonte: Motor1 Brasil                        <\/p>\n<\/p><\/div>\n<\/section>\n<h2><span class=\"arrow-holder\"><svg class=\"arrow-heading\"><use xlink:href=\"\"\/><\/svg><\/span>Ford F-150 Lightning, a el\u00e9trica que fracassou<\/h2>\n<p>A Ford, vale lembrar, foi pioneira no segmento das picapes el\u00e9tricas com a Ranger EV, oferecida em sistema de leasing entre 1998 e 2002 &#8211;\u00a0<a href=\"https:\/\/motor1.uol.com.br\/features\/803465\/historia-ford-ranger-eletrica-30anos\/\u00a0\" target=\"_blank\" rel=\"noopener noreferrer\">hist\u00f3ria que j\u00e1 contamos aqui<\/a>.\u00a0<\/p>\n<p>Com a Fathom, a Ford tentar\u00e1 se redimir do desempenho decepcionante da F-150 Lightning, picape el\u00e9trica de grande porte desenvolvida a partir da F-150 convencional. Seu lan\u00e7amento, em 2022, foi cercado de entusiasmo, com cerca de 200 mil reservas e planos para produzir at\u00e9 150 mil unidades por ano.<\/p>\n<div class=\"flex justify-center items-center flex-col common-hider-bottom border-dashed border-stroke-soft-100 border-y py-spacing-sm-base\">\n        <span class=\"normal-title-medium text-text-contrast-soft\">O que voc\u00ea pensa sobre isso?<\/span><\/p><\/div>\n<p>O mercado, por\u00e9m, n\u00e3o respondeu como a empresa esperava. A Lightning era elogiada pelo desempenho e pela tecnologia, mas o pre\u00e7o elevado, a forte perda de autonomia ao puxar um reboque e a falta de infraestrutura de recarga fizeram as vendas ficarem muito abaixo das expectativas.<\/p>\n<section data-is-mosaic=\"0\" contenteditable=\"false\" draggable=\"true\" data-widget=\"image\" data-border=\"\" data-id=\"8567402\">\n        <span class=\"svg-search\"><br \/>\n            <svg>\n                <use xlink:href=\"https:\/\/insideevs.uol.com.br\/design\/dist\/critical\/icons\/sprite-common-0-379cb53607b1315d0e2d6ede78c5cd01.svg#semidir\"\/>\n            <\/svg><br \/>\n        <\/span>\n    <picture><source type=\"image\/webp\" srcset=\"&#10;            https:\/\/cdn.motor1.com\/images\/mgl\/ojPBgE\/s5\/ford-30-000-electric-truck.webp 213w,&#10;            https:\/\/cdn.motor1.com\/images\/mgl\/ojPBgE\/s6\/ford-30-000-electric-truck.webp 445w,&#10;            https:\/\/cdn.motor1.com\/images\/mgl\/ojPBgE\/s4\/ford-30-000-electric-truck.webp 889w,&#10;            https:\/\/cdn.motor1.com\/images\/mgl\/ojPBgE\/s3\/ford-30-000-electric-truck.webp 1280w&#10;        \" sizes=\"(max-width: 767px) calc(100vw - 24px), (max-width: 1023px) calc(100vw - 48px), 644px\"><source type=\"image\/jpeg\" srcset=\"&#10;            https:\/\/cdn.motor1.com\/images\/mgl\/ojPBgE\/s5\/ford-30-000-electric-truck.jpg 213w,&#10;            https:\/\/cdn.motor1.com\/images\/mgl\/ojPBgE\/s6\/ford-30-000-electric-truck.jpg 445w,&#10;            https:\/\/cdn.motor1.com\/images\/mgl\/ojPBgE\/s4\/ford-30-000-electric-truck.jpg 889w,&#10;            https:\/\/cdn.motor1.com\/images\/mgl\/ojPBgE\/s3\/ford-30-000-electric-truck.jpg 1280w&#10;        \" sizes=\"(max-width: 767px) calc(100vw - 24px), (max-width: 1023px) calc(100vw - 48px), 644px\"><img decoding=\"async\" src=\"https:\/\/cdn.motor1.com\/images\/static\/16x9-tr.png\" alt=\"Ford Fathom (2027) em rendering\" width=\"16\" height=\"9\" loading=\"lazy\"\/><br \/>\n    <\/source><\/source><\/picture>\n<div class=\"photo-title\">\n<p>O novo Ford Fathom dever\u00e1 ter cerca de 5,30 metros de comprimento como uma picape m\u00e9dia. O rendering o mostra na vers\u00e3o cabine dupla \u2013 isso combina com a imagem do t\u00fanel de vento acima<\/p>\n<\/div>\n<p>Foto de: Theophilus Chin | Motor1<\/p>\n<\/section>\n<p>A vers\u00e3o de entrada Pro, por exemplo, sofreu aumentos sucessivos e chegou a custar quase US$ 60 mil. Mesmo assim, a Ford perdia dinheiro em cada unidade vendida. Diante desse cen\u00e1rio, a empresa encerrou a produ\u00e7\u00e3o da Lightning em dezembro de 2025. No total, foram produzidas 92 mil unidades.<\/p>\n<section class=\"relatedContent-new\" contenteditable=\"false\" draggable=\"true\" data-widget=\"related-content\" data-widget-size=\"content\" data-params=\"%7B%22type_id%22%3A0%2C%22title_id%22%3A%22%22%2C%22items%22%3A%5B%7B%22article_edition_id%22%3A%22795906%22%2C%22title%22%3A%22Ford%20confirma%20nova%20van%20el%C3%A9trica%20urbana%20para%20o%20Brasil%20em%202026%22%2C%22alias%22%3A%22ford-transit-city-van-eletrica-brasil-2026%22%2C%22section%22%3A%221%22%2C%22is_video%22%3A%220%22%2C%22images%22%3A%7B%22s5%22%3A%22https%3A%2F%2Fcdn.motor1.com%2Fimages%2Fmgl%2FOo9eny%2Fs5%2Fford-transit-city---l1-h1.jpg%22%7D%7D%2C%7B%22article_edition_id%22%3A%22802570%22%2C%22title%22%3A%22Geely%20repete%20estrat%C3%A9gia%20do%20Brasil%20e%20far%C3%A1%20EX5%20em%20f%C3%A1brica%20da%20Ford%20na%20Europa%22%2C%22alias%22%3A%22geely-ford-ex5-europa%22%2C%22section%22%3A%221%22%2C%22is_video%22%3A%220%22%2C%22images%22%3A%7B%22s5%22%3A%22https%3A%2F%2Fcdn.motor1.com%2Fimages%2Fmgl%2FqkYQgv%2Fs5%2Fgeely---parceria-na-ford.jpg%22%7D%7D%2C%7B%22article_edition_id%22%3A%22795231%22%2C%22title%22%3A%22Ford%20prepara%20picape%20el%C3%A9trica%20barata%20para%20enfrentar%20chinesas%22%2C%22alias%22%3A%22ford-picape-eletrica-barata-producao-revolucionaria%22%2C%22section%22%3A%221%22%2C%22is_video%22%3A%220%22%2C%22images%22%3A%7B%22s5%22%3A%22https%3A%2F%2Fcdn.motor1.com%2Fimages%2Fmgl%2FmZQJv%2Fs5%2F2022-ford-maverick-exterior.jpg%22%7D%7D%2C%7B%22article_edition_id%22%3A%22793467%22%2C%22title%22%3A%22Geely%20EX2%20ser%C3%A1%20feito%20pela%20Ford%20na%20Europa%20enquanto%20mira%20produ%C3%A7%C3%A3o%20no%20Brasil%22%2C%22alias%22%3A%22geely-ex2-producao-ford-europa%22%2C%22section%22%3A%221%22%2C%22is_video%22%3A%220%22%2C%22images%22%3A%7B%22s5%22%3A%22https%3A%2F%2Fcdn.motor1.com%2Fimages%2Fmgl%2F3WmyRK%2Fs5%2Fgeely-ex2-no-brasil.jpg%22%7D%7D%5D%7D\">   <\/section>\n<p>                                                                        <!-- new gallery place, attached gallery --><\/p><\/div>\n<p><a href=\"https:\/\/ubirataonline.com.br\/en\/noticias\/\" target=\"_blank\" rel=\"noopener noreferrer\">Mais Not\u00edcias<\/a><\/p>\n<p><a href=\"https:\/\/ubirataonline.com.br\/en\/\" target=\"_blank\" rel=\"noopener noreferrer\">Home Page &#8211; In\u00edcio<\/a><\/p>\n<p><a href=\"https:\/\/insideevs.uol.com.br\/news\/804185\/ford-fathom-nova-picape-eletrica-preco-acessivel\/\">Fonte do Artigo <\/a><br \/>\nSee more: <a href=\"https:\/\/theglobaltrack.com\/\" target=\"_blank\" rel=\"noopener noreferrer\">The Global Track<\/a><\/p>\n<p><a href=\"https:\/\/corinthiames.com.br\/\" target=\"_blank\" rel=\"noopener noreferrer\">Corinthia Mes<\/a><\/p>","protected":false},"excerpt":{"rendered":"<p>A aguardada picape el\u00e9trica de baixo custo da Ford j\u00e1 tem nome oficial. O novo modelo m\u00e9dio da marca, previsto para chegar ao mercado no ano que vem, foi batizado de Fathom. Esse nome faz refer\u00eancia a uma antiga unidade de medida equivalente a 6 p\u00e9s (cerca de 1,83 m), ainda utilizada nos Estados Unidos [&hellip;]<\/p>\n","protected":false},"author":1,"featured_media":162843,"comment_status":"closed","ping_status":"","sticky":false,"template":"","format":"standard","meta":{"googlesitekit_rrm_CAow2JLhCw:productID":"","_gspb_post_css":"","maa_idioma":"","maa_pais":"","footnotes":""},"categories":[4],"tags":[6008,29011,17156,5832],"class_list":["post-162842","post","type-post","status-publish","format-standard","has-post-thumbnail","hentry","category-brasil","tag-eletrica","tag-maverick","tag-picape","tag-preco"],"blocksy_meta":[],"yoast_head":"<!-- This site is optimized with the Yoast SEO Premium plugin v27.6 (Yoast SEO v27.6) - https:\/\/yoast.com\/product\/yoast-seo-premium-wordpress\/ -->\n<title>picape el\u00e9trica com pre\u00e7o de Maverick - Ubirat\u00e3 Online Not\u00edcias - A realidade ao seu alcance!<\/title>\n<meta name=\"description\" content=\"Nova Ford Fathom ser\u00e1 a primeira picape da plataforma Universal EV e chega aos EUA em 2027 por cerca de R$ 154 mil em convers\u00e3o direta; veja o que esperar.\" \/>\n<meta name=\"robots\" content=\"index, follow, max-snippet:-1, max-image-preview:large, max-video-preview:-1\" \/>\n<link rel=\"canonical\" href=\"https:\/\/ubirataonline.com.br\/en\/picape-eletrica-com-preco-de-maverick\/\" \/>\n<meta property=\"og:locale\" content=\"en_US\" \/>\n<meta property=\"og:type\" content=\"article\" \/>\n<meta property=\"og:title\" content=\"picape el\u00e9trica com pre\u00e7o de Maverick\" \/>\n<meta property=\"og:description\" content=\"Nova Ford Fathom ser\u00e1 a primeira picape da plataforma Universal EV e chega aos EUA em 2027 por cerca de R$ 154 mil em convers\u00e3o direta; veja o que esperar.\" \/>\n<meta property=\"og:url\" content=\"https:\/\/ubirataonline.com.br\/en\/picape-eletrica-com-preco-de-maverick\/\" \/>\n<meta property=\"og:site_name\" content=\"Ubirat\u00e3 Online Not\u00edcias - A realidade ao seu alcance!\" \/>\n<meta property=\"article:publisher\" content=\"https:\/\/www.facebook.com\/portalubirataonline\" \/>\n<meta property=\"article:author\" content=\"https:\/\/www.facebook.com\/portalubirataonline\" \/>\n<meta property=\"article:published_time\" content=\"2026-08-07T21:16:39+00:00\" \/>\n<meta property=\"article:modified_time\" content=\"2026-08-07T21:16:41+00:00\" \/>\n<meta property=\"og:image\" content=\"https:\/\/ubirataonline.com.br\/wp-content\/uploads\/2026\/08\/picape-eletrica-com-preco-de-Maverick.jpg\" \/>\n\t<meta property=\"og:image:width\" content=\"1920\" \/>\n\t<meta property=\"og:image:height\" content=\"1080\" \/>\n\t<meta property=\"og:image:type\" content=\"image\/jpeg\" \/>\n<meta name=\"author\" content=\"REDA\u00c7\u00c3O: UBIRAT\u00c3 ONLINE - F\u00c1BIO AUGUSTO CELESTINO\" \/>\n<meta name=\"twitter:card\" content=\"summary_large_image\" \/>\n<meta name=\"twitter:creator\" content=\"@x.com\/ubirataonline\" \/>\n<meta name=\"twitter:site\" content=\"@ubirataonline\" \/>\n<meta name=\"twitter:label1\" content=\"Written by\" \/>\n\t<meta name=\"twitter:data1\" content=\"REDA\u00c7\u00c3O: UBIRAT\u00c3 ONLINE - F\u00c1BIO AUGUSTO CELESTINO\" \/>\n\t<meta name=\"twitter:label2\" content=\"Est. reading time\" \/>\n\t<meta name=\"twitter:data2\" content=\"5 minutes\" \/>\n<script type=\"application\/ld+json\" class=\"yoast-schema-graph\">{\"@context\":\"https:\\\/\\\/schema.org\",\"@graph\":[{\"@type\":\"NewsArticle\",\"@id\":\"https:\\\/\\\/ubirataonline.com.br\\\/picape-eletrica-com-preco-de-maverick\\\/#article\",\"isPartOf\":{\"@id\":\"https:\\\/\\\/ubirataonline.com.br\\\/picape-eletrica-com-preco-de-maverick\\\/\"},\"author\":{\"name\":\"REDA\u00c7\u00c3O: UBIRAT\u00c3 ONLINE - F\u00c1BIO AUGUSTO CELESTINO\",\"@id\":\"https:\\\/\\\/ubirataonline.com.br\\\/#\\\/schema\\\/person\\\/372f87bbd3fdd79b8556b84c98d0bc1c\"},\"headline\":\"picape el\u00e9trica com pre\u00e7o de Maverick\",\"datePublished\":\"2026-08-07T21:16:39+00:00\",\"dateModified\":\"2026-08-07T21:16:41+00:00\",\"mainEntityOfPage\":{\"@id\":\"https:\\\/\\\/ubirataonline.com.br\\\/picape-eletrica-com-preco-de-maverick\\\/\"},\"wordCount\":943,\"publisher\":{\"@id\":\"https:\\\/\\\/ubirataonline.com.br\\\/#organization\"},\"image\":{\"@id\":\"https:\\\/\\\/ubirataonline.com.br\\\/picape-eletrica-com-preco-de-maverick\\\/#primaryimage\"},\"thumbnailUrl\":\"https:\\\/\\\/ubirataonline.com.br\\\/wp-content\\\/uploads\\\/2026\\\/08\\\/picape-eletrica-com-preco-de-Maverick.jpg\",\"keywords\":[\"el\u00e9trica\",\"Maverick\",\"picape\",\"pre\u00e7o\"],\"articleSection\":[\"Brasil\"],\"inLanguage\":\"en-US\",\"copyrightYear\":\"2026\",\"copyrightHolder\":{\"@id\":\"https:\\\/\\\/ubirataonline.com.br\\\/en\\\/#organization\"}},{\"@type\":\"WebPage\",\"@id\":\"https:\\\/\\\/ubirataonline.com.br\\\/picape-eletrica-com-preco-de-maverick\\\/\",\"url\":\"https:\\\/\\\/ubirataonline.com.br\\\/picape-eletrica-com-preco-de-maverick\\\/\",\"name\":\"picape el\u00e9trica com pre\u00e7o de Maverick - Ubirat\u00e3 Online Not\u00edcias - A realidade ao seu alcance!\",\"isPartOf\":{\"@id\":\"https:\\\/\\\/ubirataonline.com.br\\\/#website\"},\"primaryImageOfPage\":{\"@id\":\"https:\\\/\\\/ubirataonline.com.br\\\/picape-eletrica-com-preco-de-maverick\\\/#primaryimage\"},\"image\":{\"@id\":\"https:\\\/\\\/ubirataonline.com.br\\\/picape-eletrica-com-preco-de-maverick\\\/#primaryimage\"},\"thumbnailUrl\":\"https:\\\/\\\/ubirataonline.com.br\\\/wp-content\\\/uploads\\\/2026\\\/08\\\/picape-eletrica-com-preco-de-Maverick.jpg\",\"datePublished\":\"2026-08-07T21:16:39+00:00\",\"dateModified\":\"2026-08-07T21:16:41+00:00\",\"description\":\"Nova Ford Fathom ser\u00e1 a primeira picape da plataforma Universal EV e chega aos EUA em 2027 por cerca de R$ 154 mil em convers\u00e3o direta; veja o que esperar.\",\"breadcrumb\":{\"@id\":\"https:\\\/\\\/ubirataonline.com.br\\\/picape-eletrica-com-preco-de-maverick\\\/#breadcrumb\"},\"inLanguage\":\"en-US\",\"potentialAction\":[{\"@type\":\"ReadAction\",\"target\":[\"https:\\\/\\\/ubirataonline.com.br\\\/picape-eletrica-com-preco-de-maverick\\\/\"]}]},{\"@type\":\"ImageObject\",\"inLanguage\":\"en-US\",\"@id\":\"https:\\\/\\\/ubirataonline.com.br\\\/picape-eletrica-com-preco-de-maverick\\\/#primaryimage\",\"url\":\"https:\\\/\\\/ubirataonline.com.br\\\/wp-content\\\/uploads\\\/2026\\\/08\\\/picape-eletrica-com-preco-de-Maverick.jpg\",\"contentUrl\":\"https:\\\/\\\/ubirataonline.com.br\\\/wp-content\\\/uploads\\\/2026\\\/08\\\/picape-eletrica-com-preco-de-Maverick.jpg\",\"width\":1920,\"height\":1080,\"caption\":\"picape el\u00e9trica com pre\u00e7o de Maverick\"},{\"@type\":\"BreadcrumbList\",\"@id\":\"https:\\\/\\\/ubirataonline.com.br\\\/picape-eletrica-com-preco-de-maverick\\\/#breadcrumb\",\"itemListElement\":[{\"@type\":\"ListItem\",\"position\":1,\"name\":\"In\u00edcio\",\"item\":\"https:\\\/\\\/ubirataonline.com.br\\\/\"},{\"@type\":\"ListItem\",\"position\":2,\"name\":\"picape el\u00e9trica com pre\u00e7o de Maverick\"}]},{\"@type\":\"WebSite\",\"@id\":\"https:\\\/\\\/ubirataonline.com.br\\\/#website\",\"url\":\"https:\\\/\\\/ubirataonline.com.br\\\/\",\"name\":\"Ubirat\u00e3 Online Not\u00edcias\",\"description\":\"Not\u00edcias de Ubirat\u00e3, regi\u00e3o, Brasil e mundo, com informa\u00e7\u00e3o atualizada e compromisso com o leitor.\",\"publisher\":{\"@id\":\"https:\\\/\\\/ubirataonline.com.br\\\/#organization\"},\"alternateName\":\"Ubirat\u00e3 Online\",\"potentialAction\":[{\"@type\":\"SearchAction\",\"target\":{\"@type\":\"EntryPoint\",\"urlTemplate\":\"https:\\\/\\\/ubirataonline.com.br\\\/?s={search_term_string}\"},\"query-input\":{\"@type\":\"PropertyValueSpecification\",\"valueRequired\":true,\"valueName\":\"search_term_string\"}}],\"inLanguage\":\"en-US\"},{\"@type\":[\"Organization\",\"Place\"],\"@id\":\"https:\\\/\\\/ubirataonline.com.br\\\/#organization\",\"name\":\"Ubirat\u00e3 Online Not\u00edcias\",\"alternateName\":\"Ubirat\u00e3 Online\",\"url\":\"https:\\\/\\\/ubirataonline.com.br\\\/\",\"logo\":{\"@id\":\"https:\\\/\\\/ubirataonline.com.br\\\/picape-eletrica-com-preco-de-maverick\\\/#local-main-organization-logo\"},\"image\":{\"@id\":\"https:\\\/\\\/ubirataonline.com.br\\\/picape-eletrica-com-preco-de-maverick\\\/#local-main-organization-logo\"},\"sameAs\":[\"https:\\\/\\\/www.facebook.com\\\/portalubirataonline\",\"https:\\\/\\\/x.com\\\/ubirataonline\",\"https:\\\/\\\/mastodon.social\\\/@ubirataonline\",\"https:\\\/\\\/www.facebook.com\\\/groups\\\/311144672285604\",\"https:\\\/\\\/www.facebook.com\\\/UBTAOnline\",\"https:\\\/\\\/www.instagram.com\\\/portalubirataonline\\\/\",\"https:\\\/\\\/twitter.com\\\/ubirataonline\"],\"description\":\"Somos um portal de not\u00edcias independente, criado em 5 de janeiro de 2009, com o objetivo de informar, conectar e valorizar a nossa comunidade de Ubirat\u00e3 e toda aregi\u00e3o. Com conte\u00fado atualizado, confi\u00e1vel e relevante, o Ubirat\u00e3 Online \u00e9 o seu espa\u00e7o para ficar por dentro dos principais acontecimentos locais, regionais, Brasil, Mundo e de interesse geral. Nosso compromisso \u00e9 com a verdade, a transpar\u00eancia e o respeito ao leitor.\",\"legalName\":\"UBIRATA ONLINE NOT\u00cdCIAS\",\"foundingDate\":\"2009-01-05\",\"numberOfEmployees\":{\"@type\":\"QuantitativeValue\",\"minValue\":\"1\",\"maxValue\":\"10\"},\"publishingPrinciples\":\"https:\\\/\\\/ubirataonline.com.br\\\/faq\\\/\",\"address\":{\"@id\":\"https:\\\/\\\/ubirataonline.com.br\\\/picape-eletrica-com-preco-de-maverick\\\/#local-main-place-address\"},\"geo\":{\"@type\":\"GeoCoordinates\",\"latitude\":\"-24.5361401\",\"longitude\":\"-52.9921776\"},\"telephone\":[\"+5544998308235\"],\"contactPoint\":{\"@type\":\"ContactPoint\",\"email\":\"contato@ubirataonline.com.br\"},\"openingHoursSpecification\":{\"@type\":\"OpeningHoursSpecification\",\"dayOfWeek\":[\"Monday\",\"Tuesday\",\"Wednesday\",\"Thursday\",\"Friday\",\"Saturday\",\"Sunday\"],\"opens\":\"00:00\",\"closes\":\"23:59\"},\"email\":\"contato@ubirataonline.com.br\",\"vatID\":\"47.621.418\\\/0001-80\"},{\"@type\":\"Person\",\"@id\":\"https:\\\/\\\/ubirataonline.com.br\\\/#\\\/schema\\\/person\\\/372f87bbd3fdd79b8556b84c98d0bc1c\",\"name\":\"REDA\u00c7\u00c3O: UBIRAT\u00c3 ONLINE - F\u00c1BIO AUGUSTO CELESTINO\",\"pronouns\":\"Ele\",\"description\":\"Desde 2003 trabalhando com not\u00edcias.\",\"sameAs\":[\"http:\\\/\\\/ubirataoline.com.br\",\"https:\\\/\\\/www.facebook.com\\\/portalubirataonline\",\"https:\\\/\\\/www.instagram.com\\\/ubirataonline_oficial\",\"https:\\\/\\\/x.com\\\/x.com\\\/ubirataonline\"],\"honorificPrefix\":\"Mr.\",\"honorificSuffix\":\"MD\",\"birthDate\":\"1980-06-16\",\"gender\":\"masculino\",\"award\":[\"V\u00e1rios pr\u00eamios de melhor portal da cidade\"],\"jobTitle\":\"Diretor\",\"url\":\"https:\\\/\\\/ubirataonline.com.br\\\/en\\\/author\\\/ubirataonline\\\/\"},{\"@type\":\"PostalAddress\",\"@id\":\"https:\\\/\\\/ubirataonline.com.br\\\/picape-eletrica-com-preco-de-maverick\\\/#local-main-place-address\",\"streetAddress\":\"Rua dos Coqueiros, 104 - Bairro Boa Vista, Rua dos Coqueiros, 104 Bairro Boa Vista\",\"addressLocality\":\"UBIRATA\",\"postalCode\":\"85440-000\",\"addressRegion\":\"PR\",\"addressCountry\":\"BR\"},{\"@type\":\"ImageObject\",\"inLanguage\":\"en-US\",\"@id\":\"https:\\\/\\\/ubirataonline.com.br\\\/picape-eletrica-com-preco-de-maverick\\\/#local-main-organization-logo\",\"url\":\"https:\\\/\\\/ubirataonline.com.br\\\/wp-content\\\/uploads\\\/2026\\\/06\\\/logoubirataonline-1.webp\",\"contentUrl\":\"https:\\\/\\\/ubirataonline.com.br\\\/wp-content\\\/uploads\\\/2026\\\/06\\\/logoubirataonline-1.webp\",\"width\":500,\"height\":500,\"caption\":\"Ubirat\u00e3 Online Not\u00edcias\"}]}<\/script>\n<meta name=\"geo.placename\" content=\"UBIRATA\" \/>\n<meta name=\"geo.position\" content=\"-24.5361401;-52.9921776\" \/>\n<meta name=\"geo.region\" content=\"Brazil\" \/>\n<!-- \/ Yoast SEO Premium plugin. -->","yoast_head_json":{"title":"picape el\u00e9trica com pre\u00e7o de Maverick - Ubirat\u00e3 Online Not\u00edcias - A realidade ao seu alcance!","description":"Nova Ford Fathom ser\u00e1 a primeira picape da plataforma Universal EV e chega aos EUA em 2027 por cerca de R$ 154 mil em convers\u00e3o direta; veja o que esperar.","robots":{"index":"index","follow":"follow","max-snippet":"max-snippet:-1","max-image-preview":"max-image-preview:large","max-video-preview":"max-video-preview:-1"},"canonical":"https:\/\/ubirataonline.com.br\/en\/picape-eletrica-com-preco-de-maverick\/","og_locale":"en_US","og_type":"article","og_title":"picape el\u00e9trica com pre\u00e7o de Maverick","og_description":"Nova Ford Fathom ser\u00e1 a primeira picape da plataforma Universal EV e chega aos EUA em 2027 por cerca de R$ 154 mil em convers\u00e3o direta; veja o que esperar.","og_url":"https:\/\/ubirataonline.com.br\/en\/picape-eletrica-com-preco-de-maverick\/","og_site_name":"Ubirat\u00e3 Online Not\u00edcias - A realidade ao seu alcance!","article_publisher":"https:\/\/www.facebook.com\/portalubirataonline","article_author":"https:\/\/www.facebook.com\/portalubirataonline","article_published_time":"2026-08-07T21:16:39+00:00","article_modified_time":"2026-08-07T21:16:41+00:00","og_image":[{"width":1920,"height":1080,"url":"https:\/\/ubirataonline.com.br\/wp-content\/uploads\/2026\/08\/picape-eletrica-com-preco-de-Maverick.jpg","type":"image\/jpeg"}],"author":"REDA\u00c7\u00c3O: UBIRAT\u00c3 ONLINE - F\u00c1BIO AUGUSTO CELESTINO","twitter_card":"summary_large_image","twitter_creator":"@x.com\/ubirataonline","twitter_site":"@ubirataonline","twitter_misc":{"Written by":"REDA\u00c7\u00c3O: UBIRAT\u00c3 ONLINE - F\u00c1BIO AUGUSTO CELESTINO","Est. reading time":"5 minutes"},"schema":{"@context":"https:\/\/schema.org","@graph":[{"@type":"NewsArticle","@id":"https:\/\/ubirataonline.com.br\/picape-eletrica-com-preco-de-maverick\/#article","isPartOf":{"@id":"https:\/\/ubirataonline.com.br\/picape-eletrica-com-preco-de-maverick\/"},"author":{"name":"REDA\u00c7\u00c3O: UBIRAT\u00c3 ONLINE - F\u00c1BIO AUGUSTO CELESTINO","@id":"https:\/\/ubirataonline.com.br\/#\/schema\/person\/372f87bbd3fdd79b8556b84c98d0bc1c"},"headline":"picape el\u00e9trica com pre\u00e7o de Maverick","datePublished":"2026-08-07T21:16:39+00:00","dateModified":"2026-08-07T21:16:41+00:00","mainEntityOfPage":{"@id":"https:\/\/ubirataonline.com.br\/picape-eletrica-com-preco-de-maverick\/"},"wordCount":943,"publisher":{"@id":"https:\/\/ubirataonline.com.br\/#organization"},"image":{"@id":"https:\/\/ubirataonline.com.br\/picape-eletrica-com-preco-de-maverick\/#primaryimage"},"thumbnailUrl":"https:\/\/ubirataonline.com.br\/wp-content\/uploads\/2026\/08\/picape-eletrica-com-preco-de-Maverick.jpg","keywords":["el\u00e9trica","Maverick","picape","pre\u00e7o"],"articleSection":["Brasil"],"inLanguage":"en-US","copyrightYear":"2026","copyrightHolder":{"@id":"https:\/\/ubirataonline.com.br\/en\/#organization"}},{"@type":"WebPage","@id":"https:\/\/ubirataonline.com.br\/picape-eletrica-com-preco-de-maverick\/","url":"https:\/\/ubirataonline.com.br\/picape-eletrica-com-preco-de-maverick\/","name":"picape el\u00e9trica com pre\u00e7o de Maverick - Ubirat\u00e3 Online Not\u00edcias - A realidade ao seu alcance!","isPartOf":{"@id":"https:\/\/ubirataonline.com.br\/#website"},"primaryImageOfPage":{"@id":"https:\/\/ubirataonline.com.br\/picape-eletrica-com-preco-de-maverick\/#primaryimage"},"image":{"@id":"https:\/\/ubirataonline.com.br\/picape-eletrica-com-preco-de-maverick\/#primaryimage"},"thumbnailUrl":"https:\/\/ubirataonline.com.br\/wp-content\/uploads\/2026\/08\/picape-eletrica-com-preco-de-Maverick.jpg","datePublished":"2026-08-07T21:16:39+00:00","dateModified":"2026-08-07T21:16:41+00:00","description":"Nova Ford Fathom ser\u00e1 a primeira picape da plataforma Universal EV e chega aos EUA em 2027 por cerca de R$ 154 mil em convers\u00e3o direta; veja o que esperar.","breadcrumb":{"@id":"https:\/\/ubirataonline.com.br\/picape-eletrica-com-preco-de-maverick\/#breadcrumb"},"inLanguage":"en-US","potentialAction":[{"@type":"ReadAction","target":["https:\/\/ubirataonline.com.br\/picape-eletrica-com-preco-de-maverick\/"]}]},{"@type":"ImageObject","inLanguage":"en-US","@id":"https:\/\/ubirataonline.com.br\/picape-eletrica-com-preco-de-maverick\/#primaryimage","url":"https:\/\/ubirataonline.com.br\/wp-content\/uploads\/2026\/08\/picape-eletrica-com-preco-de-Maverick.jpg","contentUrl":"https:\/\/ubirataonline.com.br\/wp-content\/uploads\/2026\/08\/picape-eletrica-com-preco-de-Maverick.jpg","width":1920,"height":1080,"caption":"picape el\u00e9trica com pre\u00e7o de Maverick"},{"@type":"BreadcrumbList","@id":"https:\/\/ubirataonline.com.br\/picape-eletrica-com-preco-de-maverick\/#breadcrumb","itemListElement":[{"@type":"ListItem","position":1,"name":"In\u00edcio","item":"https:\/\/ubirataonline.com.br\/"},{"@type":"ListItem","position":2,"name":"picape el\u00e9trica com pre\u00e7o de Maverick"}]},{"@type":"WebSite","@id":"https:\/\/ubirataonline.com.br\/#website","url":"https:\/\/ubirataonline.com.br\/","name":"Ubirat\u00e3 Online Not\u00edcias","description":"Not\u00edcias de Ubirat\u00e3, regi\u00e3o, Brasil e mundo, com informa\u00e7\u00e3o atualizada e compromisso com o leitor.","publisher":{"@id":"https:\/\/ubirataonline.com.br\/#organization"},"alternateName":"Ubirat\u00e3 Online","potentialAction":[{"@type":"SearchAction","target":{"@type":"EntryPoint","urlTemplate":"https:\/\/ubirataonline.com.br\/?s={search_term_string}"},"query-input":{"@type":"PropertyValueSpecification","valueRequired":true,"valueName":"search_term_string"}}],"inLanguage":"en-US"},{"@type":["Organization","Place"],"@id":"https:\/\/ubirataonline.com.br\/#organization","name":"Ubirat\u00e3 Online Not\u00edcias","alternateName":"Ubirat\u00e3 Online","url":"https:\/\/ubirataonline.com.br\/","logo":{"@id":"https:\/\/ubirataonline.com.br\/picape-eletrica-com-preco-de-maverick\/#local-main-organization-logo"},"image":{"@id":"https:\/\/ubirataonline.com.br\/picape-eletrica-com-preco-de-maverick\/#local-main-organization-logo"},"sameAs":["https:\/\/www.facebook.com\/portalubirataonline","https:\/\/x.com\/ubirataonline","https:\/\/mastodon.social\/@ubirataonline","https:\/\/www.facebook.com\/groups\/311144672285604","https:\/\/www.facebook.com\/UBTAOnline","https:\/\/www.instagram.com\/portalubirataonline\/","https:\/\/twitter.com\/ubirataonline"],"description":"Somos um portal de not\u00edcias independente, criado em 5 de janeiro de 2009, com o objetivo de informar, conectar e valorizar a nossa comunidade de Ubirat\u00e3 e toda aregi\u00e3o. Com conte\u00fado atualizado, confi\u00e1vel e relevante, o Ubirat\u00e3 Online \u00e9 o seu espa\u00e7o para ficar por dentro dos principais acontecimentos locais, regionais, Brasil, Mundo e de interesse geral. Nosso compromisso \u00e9 com a verdade, a transpar\u00eancia e o respeito ao leitor.","legalName":"UBIRATA ONLINE NOT\u00cdCIAS","foundingDate":"2009-01-05","numberOfEmployees":{"@type":"QuantitativeValue","minValue":"1","maxValue":"10"},"publishingPrinciples":"https:\/\/ubirataonline.com.br\/faq\/","address":{"@id":"https:\/\/ubirataonline.com.br\/picape-eletrica-com-preco-de-maverick\/#local-main-place-address"},"geo":{"@type":"GeoCoordinates","latitude":"-24.5361401","longitude":"-52.9921776"},"telephone":["+5544998308235"],"contactPoint":{"@type":"ContactPoint","email":"contato@ubirataonline.com.br"},"openingHoursSpecification":{"@type":"OpeningHoursSpecification","dayOfWeek":["Monday","Tuesday","Wednesday","Thursday","Friday","Saturday","Sunday"],"opens":"00:00","closes":"23:59"},"email":"contato@ubirataonline.com.br","vatID":"47.621.418\/0001-80"},{"@type":"Person","@id":"https:\/\/ubirataonline.com.br\/#\/schema\/person\/372f87bbd3fdd79b8556b84c98d0bc1c","name":"REDA\u00c7\u00c3O: UBIRAT\u00c3 ONLINE - F\u00c1BIO AUGUSTO CELESTINO","pronouns":"Ele","description":"Desde 2003 trabalhando com not\u00edcias.","sameAs":["http:\/\/ubirataoline.com.br","https:\/\/www.facebook.com\/portalubirataonline","https:\/\/www.instagram.com\/ubirataonline_oficial","https:\/\/x.com\/x.com\/ubirataonline"],"honorificPrefix":"Mr.","honorificSuffix":"MD","birthDate":"1980-06-16","gender":"masculino","award":["V\u00e1rios pr\u00eamios de melhor portal da cidade"],"jobTitle":"Diretor","url":"https:\/\/ubirataonline.com.br\/en\/author\/ubirataonline\/"},{"@type":"PostalAddress","@id":"https:\/\/ubirataonline.com.br\/picape-eletrica-com-preco-de-maverick\/#local-main-place-address","streetAddress":"Rua dos Coqueiros, 104 - Bairro Boa Vista, Rua dos Coqueiros, 104 Bairro Boa Vista","addressLocality":"UBIRATA","postalCode":"85440-000","addressRegion":"PR","addressCountry":"BR"},{"@type":"ImageObject","inLanguage":"en-US","@id":"https:\/\/ubirataonline.com.br\/picape-eletrica-com-preco-de-maverick\/#local-main-organization-logo","url":"https:\/\/ubirataonline.com.br\/wp-content\/uploads\/2026\/06\/logoubirataonline-1.webp","contentUrl":"https:\/\/ubirataonline.com.br\/wp-content\/uploads\/2026\/06\/logoubirataonline-1.webp","width":500,"height":500,"caption":"Ubirat\u00e3 Online Not\u00edcias"}]},"geo.placename":"UBIRATA","geo.position":{"lat":"-24.5361401","long":"-52.9921776"},"geo.region":"Brazil"},"_links":{"self":[{"href":"https:\/\/ubirataonline.com.br\/en\/wp-json\/wp\/v2\/posts\/162842","targetHints":{"allow":["GET"]}}],"collection":[{"href":"https:\/\/ubirataonline.com.br\/en\/wp-json\/wp\/v2\/posts"}],"about":[{"href":"https:\/\/ubirataonline.com.br\/en\/wp-json\/wp\/v2\/types\/post"}],"author":[{"embeddable":true,"href":"https:\/\/ubirataonline.com.br\/en\/wp-json\/wp\/v2\/users\/1"}],"replies":[{"embeddable":true,"href":"https:\/\/ubirataonline.com.br\/en\/wp-json\/wp\/v2\/comments?post=162842"}],"version-history":[{"count":1,"href":"https:\/\/ubirataonline.com.br\/en\/wp-json\/wp\/v2\/posts\/162842\/revisions"}],"predecessor-version":[{"id":162844,"href":"https:\/\/ubirataonline.com.br\/en\/wp-json\/wp\/v2\/posts\/162842\/revisions\/162844"}],"wp:featuredmedia":[{"embeddable":true,"href":"https:\/\/ubirataonline.com.br\/en\/wp-json\/wp\/v2\/media\/162843"}],"wp:attachment":[{"href":"https:\/\/ubirataonline.com.br\/en\/wp-json\/wp\/v2\/media?parent=162842"}],"wp:term":[{"taxonomy":"category","embeddable":true,"href":"https:\/\/ubirataonline.com.br\/en\/wp-json\/wp\/v2\/categories?post=162842"},{"taxonomy":"post_tag","embeddable":true,"href":"https:\/\/ubirataonline.com.br\/en\/wp-json\/wp\/v2\/tags?post=162842"}],"curies":[{"name":"wp","href":"https:\/\/api.w.org\/{rel}","templated":true}]}}