{"id":162848,"date":"2026-08-07T18:34:31","date_gmt":"2026-08-07T21:34:31","guid":{"rendered":"https:\/\/ubirataonline.com.br\/eleicoes-2026-no-parana-quem-sao-os-9-candidatos-ao-senado-confirmados-pelos-partidos-para-a-disputa-das-duas-vagas\/"},"modified":"2026-08-07T18:34:31","modified_gmt":"2026-08-07T21:34:31","slug":"eleicoes-2026-no-parana-quem-sao-os-9-candidatos-ao-senado-confirmados-pelos-partidos-para-a-disputa-das-duas-vagas","status":"publish","type":"post","link":"https:\/\/ubirataonline.com.br\/en\/eleicoes-2026-no-parana-quem-sao-os-9-candidatos-ao-senado-confirmados-pelos-partidos-para-a-disputa-das-duas-vagas\/","title":{"rendered":"Elei\u00e7\u00f5es 2026 no Paran\u00e1: quem s\u00e3o os 9 candidatos ao Senado confirmados pelos partidos para a disputa das duas vagas"},"content":{"rendered":"<h2>Conhe\u00e7a os nomes que oficializaram candidatura ao Senado pelo Paran\u00e1 e entenda como funcionar\u00e1 o processo eleitoral para as duas vagas dispon\u00edveis em 2026<\/h2>\n<p>As conven\u00e7\u00f5es partid\u00e1rias encerradas na \u00faltima quarta-feira (5) definiram o cen\u00e1rio para a disputa eleitoral no estado. Nove nomes foram confirmados pelos partidos como candidatos ao Senado pelo Paran\u00e1 nas elei\u00e7\u00f5es de 2026.<\/p>\n<p>Agora, os partidos precisam realizar o registro oficial junto ao Tribunal Superior Eleitoral (TSE) at\u00e9 o dia 15 de agosto. A campanha nas ruas e na internet come\u00e7a oficialmente no dia 16, conforme as normas estabelecidas pela Justi\u00e7a Eleitoral.<\/p>\n<p>Segundo as informa\u00e7\u00f5es divulgadas, os eleitores paranaenses ter\u00e3o a responsabilidade de escolher dois nomes para representar o estado em Bras\u00edlia. O primeiro turno est\u00e1 marcado para 4 de outubro, enquanto o segundo turno, se necess\u00e1rio, ocorre em 25 de outubro.<\/p>\n<h3>Perfil dos candidatos e trajet\u00f3rias pol\u00edticas<\/h3>\n<p>Entre os nomes confirmados, temos <b>Alexandre Curi<\/b>, atual presidente da Alep, e <b>Cristina Graeml<\/b>, jornalista que se filiou ao PSD. A lista conta ainda com <b>Deltan Dallagnol<\/b>, ex-procurador e ex-deputado federal, e o m\u00e9dico <b>Doutor Rosinha<\/b>, um dos fundadores do PT.<\/p>\n<p>O campo das candidaturas ao Senado pelo Paran\u00e1 tamb\u00e9m inclui <b>Filipe Barros<\/b>, pelo PL, e <b>Gleisi Hoffmann<\/b>, que deixou a Secretaria de Rela\u00e7\u00f5es Institucionais da Presid\u00eancia para concorrer. Completam a rela\u00e7\u00e3o <b>Joaquim (UP)<\/b>, <b>Karen Guerreiro (Miss\u00e3o)<\/b> e <b>Marcelo Marcelino (PCO)<\/b>.<\/p>\n<h3>Regras e cronograma das elei\u00e7\u00f5es<\/h3>\n<p>\u00c9 importante lembrar que o processo de registro de candidaturas \u00e9 a etapa final antes do in\u00edcio da propaganda eleitoral. O TSE fiscaliza o cumprimento de todos os requisitos legais para que os postulantes ao Senado pelo Paran\u00e1 possam aparecer nas urnas.<\/p>\n<p>Como o eleitor votar\u00e1 em dois nomes, a estrat\u00e9gia dos partidos \u00e9 fundamental. O Paran\u00e1 possui uma das disputas mais observadas do pa\u00eds, dado o peso pol\u00edtico do estado na composi\u00e7\u00e3o da bancada senatorial brasileira.<\/p>\n<h3>D\u00favidas frequentes sobre as elei\u00e7\u00f5es<\/h3>\n<p><b>Quantas vagas para o Senado est\u00e3o em disputa no Paran\u00e1?<\/b> O estado elege dois senadores nesta elei\u00e7\u00e3o de 2026.<\/p>\n<p><b>Quando come\u00e7a a campanha eleitoral oficial?<\/b> A campanha eleitoral come\u00e7a oficialmente no dia 16 de agosto, ap\u00f3s o prazo de registro no TSE.<\/p>\n<p><b>Qual o prazo final para os partidos registrarem as candidaturas?<\/b> Os nomes definidos em conven\u00e7\u00e3o devem ser registrados no Tribunal Superior Eleitoral at\u00e9 15 de agosto.<\/p>\n<p><b>O eleitor pode votar em mais de um candidato?<\/b> Sim, nesta elei\u00e7\u00e3o espec\u00edfica para o Senado, os eleitores poder\u00e3o votar em dois candidatos diferentes.<\/p>\n<p><b>Quando ocorre o primeiro turno das elei\u00e7\u00f5es?<\/b> O primeiro turno do pleito est\u00e1 agendado para o dia 4 de outubro de 2026.<\/p>","protected":false},"excerpt":{"rendered":"<p>Conhe\u00e7a os nomes que oficializaram candidatura ao Senado pelo Paran\u00e1 e entenda como funcionar\u00e1 o processo eleitoral para as duas vagas dispon\u00edveis em 2026 As conven\u00e7\u00f5es partid\u00e1rias encerradas na \u00faltima quarta-feira (5) definiram o cen\u00e1rio para a disputa eleitoral no estado. Nove nomes foram confirmados pelos partidos como candidatos ao Senado pelo Paran\u00e1 nas elei\u00e7\u00f5es [&hellip;]<\/p>\n","protected":false},"author":1,"featured_media":162849,"comment_status":"","ping_status":"","sticky":false,"template":"","format":"standard","meta":{"googlesitekit_rrm_CAow2JLhCw:productID":"","_gspb_post_css":"","maa_idioma":"","maa_pais":"","footnotes":""},"categories":[15],"tags":[],"class_list":["post-162848","post","type-post","status-publish","format-standard","has-post-thumbnail","hentry","category-variedades"],"blocksy_meta":[],"yoast_head":"<!-- This site is optimized with the Yoast SEO Premium plugin v27.6 (Yoast SEO v27.6) - https:\/\/yoast.com\/product\/yoast-seo-premium-wordpress\/ -->\n<title>Elei\u00e7\u00f5es 2026 no Paran\u00e1: quem s\u00e3o os 9 candidatos ao Senado confirmados pelos partidos para a disputa das duas vagas - Ubirat\u00e3 Online Not\u00edcias - A realidade ao seu alcance!<\/title>\n<meta name=\"description\" content=\"Conhe\u00e7a os nomes que oficializaram candidatura ao Senado pelo Paran\u00e1 e entenda como funcionar\u00e1 o processo eleitoral para as duas vagas dispon\u00edveis em\" \/>\n<meta name=\"robots\" content=\"index, follow, max-snippet:-1, max-image-preview:large, max-video-preview:-1\" \/>\n<link rel=\"canonical\" href=\"https:\/\/ubirataonline.com.br\/en\/eleicoes-2026-no-parana-quem-sao-os-9-candidatos-ao-senado-confirmados-pelos-partidos-para-a-disputa-das-duas-vagas\/\" \/>\n<meta property=\"og:locale\" content=\"en_US\" \/>\n<meta property=\"og:type\" content=\"article\" \/>\n<meta property=\"og:title\" content=\"Elei\u00e7\u00f5es 2026 no Paran\u00e1: quem s\u00e3o os 9 candidatos ao Senado confirmados pelos partidos para a disputa das duas vagas\" \/>\n<meta property=\"og:description\" content=\"Conhe\u00e7a os nomes que oficializaram candidatura ao Senado pelo Paran\u00e1 e entenda como funcionar\u00e1 o processo eleitoral para as duas vagas dispon\u00edveis em\" \/>\n<meta property=\"og:url\" content=\"https:\/\/ubirataonline.com.br\/en\/eleicoes-2026-no-parana-quem-sao-os-9-candidatos-ao-senado-confirmados-pelos-partidos-para-a-disputa-das-duas-vagas\/\" \/>\n<meta property=\"og:site_name\" content=\"Ubirat\u00e3 Online Not\u00edcias - A realidade ao seu alcance!\" \/>\n<meta property=\"article:publisher\" content=\"https:\/\/www.facebook.com\/portalubirataonline\" \/>\n<meta property=\"article:author\" content=\"https:\/\/www.facebook.com\/portalubirataonline\" \/>\n<meta property=\"article:published_time\" content=\"2026-08-07T21:34:31+00:00\" \/>\n<meta property=\"og:image\" content=\"https:\/\/ubirataonline.com.br\/wp-content\/uploads\/2026\/05\/logo2026.webp\" \/>\n\t<meta property=\"og:image:width\" content=\"1531\" \/>\n\t<meta property=\"og:image:height\" content=\"418\" \/>\n\t<meta property=\"og:image:type\" content=\"image\/webp\" \/>\n<meta name=\"author\" content=\"REDA\u00c7\u00c3O: UBIRAT\u00c3 ONLINE - F\u00c1BIO AUGUSTO CELESTINO\" \/>\n<meta name=\"twitter:card\" content=\"summary_large_image\" \/>\n<meta name=\"twitter:creator\" content=\"@x.com\/ubirataonline\" \/>\n<meta name=\"twitter:site\" content=\"@ubirataonline\" \/>\n<meta name=\"twitter:label1\" content=\"Written by\" \/>\n\t<meta name=\"twitter:data1\" content=\"REDA\u00c7\u00c3O: UBIRAT\u00c3 ONLINE - F\u00c1BIO AUGUSTO CELESTINO\" \/>\n\t<meta name=\"twitter:label2\" content=\"Est. reading time\" \/>\n\t<meta name=\"twitter:data2\" content=\"2 minutes\" \/>\n<script type=\"application\/ld+json\" class=\"yoast-schema-graph\">{\"@context\":\"https:\\\/\\\/schema.org\",\"@graph\":[{\"@type\":\"NewsArticle\",\"@id\":\"https:\\\/\\\/ubirataonline.com.br\\\/eleicoes-2026-no-parana-quem-sao-os-9-candidatos-ao-senado-confirmados-pelos-partidos-para-a-disputa-das-duas-vagas\\\/#article\",\"isPartOf\":{\"@id\":\"https:\\\/\\\/ubirataonline.com.br\\\/eleicoes-2026-no-parana-quem-sao-os-9-candidatos-ao-senado-confirmados-pelos-partidos-para-a-disputa-das-duas-vagas\\\/\"},\"author\":{\"name\":\"REDA\u00c7\u00c3O: UBIRAT\u00c3 ONLINE - F\u00c1BIO AUGUSTO CELESTINO\",\"@id\":\"https:\\\/\\\/ubirataonline.com.br\\\/#\\\/schema\\\/person\\\/372f87bbd3fdd79b8556b84c98d0bc1c\"},\"headline\":\"Elei\u00e7\u00f5es 2026 no Paran\u00e1: quem s\u00e3o os 9 candidatos ao Senado confirmados pelos partidos para a disputa das duas vagas\",\"datePublished\":\"2026-08-07T21:34:31+00:00\",\"mainEntityOfPage\":{\"@id\":\"https:\\\/\\\/ubirataonline.com.br\\\/eleicoes-2026-no-parana-quem-sao-os-9-candidatos-ao-senado-confirmados-pelos-partidos-para-a-disputa-das-duas-vagas\\\/\"},\"wordCount\":467,\"publisher\":{\"@id\":\"https:\\\/\\\/ubirataonline.com.br\\\/#organization\"},\"image\":{\"@id\":\"https:\\\/\\\/ubirataonline.com.br\\\/eleicoes-2026-no-parana-quem-sao-os-9-candidatos-ao-senado-confirmados-pelos-partidos-para-a-disputa-das-duas-vagas\\\/#primaryimage\"},\"thumbnailUrl\":\"https:\\\/\\\/ubirataonline.com.br\\\/wp-content\\\/uploads\\\/2026\\\/08\\\/news-162848-1786138471.avif\",\"articleSection\":[\"Variedades\"],\"inLanguage\":\"en-US\",\"copyrightYear\":\"2026\",\"copyrightHolder\":{\"@id\":\"https:\\\/\\\/ubirataonline.com.br\\\/en\\\/#organization\"}},{\"@type\":\"WebPage\",\"@id\":\"https:\\\/\\\/ubirataonline.com.br\\\/eleicoes-2026-no-parana-quem-sao-os-9-candidatos-ao-senado-confirmados-pelos-partidos-para-a-disputa-das-duas-vagas\\\/\",\"url\":\"https:\\\/\\\/ubirataonline.com.br\\\/eleicoes-2026-no-parana-quem-sao-os-9-candidatos-ao-senado-confirmados-pelos-partidos-para-a-disputa-das-duas-vagas\\\/\",\"name\":\"Elei\u00e7\u00f5es 2026 no Paran\u00e1: quem s\u00e3o os 9 candidatos ao Senado confirmados pelos partidos para a disputa das duas vagas - Ubirat\u00e3 Online Not\u00edcias - A realidade ao seu alcance!\",\"isPartOf\":{\"@id\":\"https:\\\/\\\/ubirataonline.com.br\\\/#website\"},\"primaryImageOfPage\":{\"@id\":\"https:\\\/\\\/ubirataonline.com.br\\\/eleicoes-2026-no-parana-quem-sao-os-9-candidatos-ao-senado-confirmados-pelos-partidos-para-a-disputa-das-duas-vagas\\\/#primaryimage\"},\"image\":{\"@id\":\"https:\\\/\\\/ubirataonline.com.br\\\/eleicoes-2026-no-parana-quem-sao-os-9-candidatos-ao-senado-confirmados-pelos-partidos-para-a-disputa-das-duas-vagas\\\/#primaryimage\"},\"thumbnailUrl\":\"https:\\\/\\\/ubirataonline.com.br\\\/wp-content\\\/uploads\\\/2026\\\/08\\\/news-162848-1786138471.avif\",\"datePublished\":\"2026-08-07T21:34:31+00:00\",\"description\":\"Conhe\u00e7a os nomes que oficializaram candidatura ao Senado pelo Paran\u00e1 e entenda como funcionar\u00e1 o processo eleitoral para as duas vagas dispon\u00edveis em\",\"breadcrumb\":{\"@id\":\"https:\\\/\\\/ubirataonline.com.br\\\/eleicoes-2026-no-parana-quem-sao-os-9-candidatos-ao-senado-confirmados-pelos-partidos-para-a-disputa-das-duas-vagas\\\/#breadcrumb\"},\"inLanguage\":\"en-US\",\"potentialAction\":[{\"@type\":\"ReadAction\",\"target\":[\"https:\\\/\\\/ubirataonline.com.br\\\/eleicoes-2026-no-parana-quem-sao-os-9-candidatos-ao-senado-confirmados-pelos-partidos-para-a-disputa-das-duas-vagas\\\/\"]}]},{\"@type\":\"ImageObject\",\"inLanguage\":\"en-US\",\"@id\":\"https:\\\/\\\/ubirataonline.com.br\\\/eleicoes-2026-no-parana-quem-sao-os-9-candidatos-ao-senado-confirmados-pelos-partidos-para-a-disputa-das-duas-vagas\\\/#primaryimage\",\"url\":\"https:\\\/\\\/ubirataonline.com.br\\\/wp-content\\\/uploads\\\/2026\\\/08\\\/news-162848-1786138471.avif\",\"contentUrl\":\"https:\\\/\\\/ubirataonline.com.br\\\/wp-content\\\/uploads\\\/2026\\\/08\\\/news-162848-1786138471.avif\",\"width\":1000,\"height\":667},{\"@type\":\"BreadcrumbList\",\"@id\":\"https:\\\/\\\/ubirataonline.com.br\\\/eleicoes-2026-no-parana-quem-sao-os-9-candidatos-ao-senado-confirmados-pelos-partidos-para-a-disputa-das-duas-vagas\\\/#breadcrumb\",\"itemListElement\":[{\"@type\":\"ListItem\",\"position\":1,\"name\":\"In\u00edcio\",\"item\":\"https:\\\/\\\/ubirataonline.com.br\\\/\"},{\"@type\":\"ListItem\",\"position\":2,\"name\":\"Elei\u00e7\u00f5es 2026 no Paran\u00e1: quem s\u00e3o os 9 candidatos ao Senado confirmados pelos partidos para a disputa das duas vagas\"}]},{\"@type\":\"WebSite\",\"@id\":\"https:\\\/\\\/ubirataonline.com.br\\\/#website\",\"url\":\"https:\\\/\\\/ubirataonline.com.br\\\/\",\"name\":\"Ubirat\u00e3 Online Not\u00edcias\",\"description\":\"Not\u00edcias de Ubirat\u00e3, regi\u00e3o, Brasil e mundo, com informa\u00e7\u00e3o atualizada e compromisso com o leitor.\",\"publisher\":{\"@id\":\"https:\\\/\\\/ubirataonline.com.br\\\/#organization\"},\"alternateName\":\"Ubirat\u00e3 Online\",\"potentialAction\":[{\"@type\":\"SearchAction\",\"target\":{\"@type\":\"EntryPoint\",\"urlTemplate\":\"https:\\\/\\\/ubirataonline.com.br\\\/?s={search_term_string}\"},\"query-input\":{\"@type\":\"PropertyValueSpecification\",\"valueRequired\":true,\"valueName\":\"search_term_string\"}}],\"inLanguage\":\"en-US\"},{\"@type\":[\"Organization\",\"Place\"],\"@id\":\"https:\\\/\\\/ubirataonline.com.br\\\/#organization\",\"name\":\"Ubirat\u00e3 Online Not\u00edcias\",\"alternateName\":\"Ubirat\u00e3 Online\",\"url\":\"https:\\\/\\\/ubirataonline.com.br\\\/\",\"logo\":{\"@id\":\"https:\\\/\\\/ubirataonline.com.br\\\/eleicoes-2026-no-parana-quem-sao-os-9-candidatos-ao-senado-confirmados-pelos-partidos-para-a-disputa-das-duas-vagas\\\/#local-main-organization-logo\"},\"image\":{\"@id\":\"https:\\\/\\\/ubirataonline.com.br\\\/eleicoes-2026-no-parana-quem-sao-os-9-candidatos-ao-senado-confirmados-pelos-partidos-para-a-disputa-das-duas-vagas\\\/#local-main-organization-logo\"},\"sameAs\":[\"https:\\\/\\\/www.facebook.com\\\/portalubirataonline\",\"https:\\\/\\\/x.com\\\/ubirataonline\",\"https:\\\/\\\/mastodon.social\\\/@ubirataonline\",\"https:\\\/\\\/www.facebook.com\\\/groups\\\/311144672285604\",\"https:\\\/\\\/www.facebook.com\\\/UBTAOnline\",\"https:\\\/\\\/www.instagram.com\\\/portalubirataonline\\\/\",\"https:\\\/\\\/twitter.com\\\/ubirataonline\"],\"description\":\"Somos um portal de not\u00edcias independente, criado em 5 de janeiro de 2009, com o objetivo de informar, conectar e valorizar a nossa comunidade de Ubirat\u00e3 e toda aregi\u00e3o. Com conte\u00fado atualizado, confi\u00e1vel e relevante, o Ubirat\u00e3 Online \u00e9 o seu espa\u00e7o para ficar por dentro dos principais acontecimentos locais, regionais, Brasil, Mundo e de interesse geral. Nosso compromisso \u00e9 com a verdade, a transpar\u00eancia e o respeito ao leitor.\",\"legalName\":\"UBIRATA ONLINE NOT\u00cdCIAS\",\"foundingDate\":\"2009-01-05\",\"numberOfEmployees\":{\"@type\":\"QuantitativeValue\",\"minValue\":\"1\",\"maxValue\":\"10\"},\"publishingPrinciples\":\"https:\\\/\\\/ubirataonline.com.br\\\/faq\\\/\",\"address\":{\"@id\":\"https:\\\/\\\/ubirataonline.com.br\\\/eleicoes-2026-no-parana-quem-sao-os-9-candidatos-ao-senado-confirmados-pelos-partidos-para-a-disputa-das-duas-vagas\\\/#local-main-place-address\"},\"geo\":{\"@type\":\"GeoCoordinates\",\"latitude\":\"-24.5361401\",\"longitude\":\"-52.9921776\"},\"telephone\":[\"+5544998308235\"],\"contactPoint\":{\"@type\":\"ContactPoint\",\"email\":\"contato@ubirataonline.com.br\"},\"openingHoursSpecification\":{\"@type\":\"OpeningHoursSpecification\",\"dayOfWeek\":[\"Monday\",\"Tuesday\",\"Wednesday\",\"Thursday\",\"Friday\",\"Saturday\",\"Sunday\"],\"opens\":\"00:00\",\"closes\":\"23:59\"},\"email\":\"contato@ubirataonline.com.br\",\"vatID\":\"47.621.418\\\/0001-80\"},{\"@type\":\"Person\",\"@id\":\"https:\\\/\\\/ubirataonline.com.br\\\/#\\\/schema\\\/person\\\/372f87bbd3fdd79b8556b84c98d0bc1c\",\"name\":\"REDA\u00c7\u00c3O: UBIRAT\u00c3 ONLINE - F\u00c1BIO AUGUSTO CELESTINO\",\"pronouns\":\"Ele\",\"description\":\"Desde 2003 trabalhando com not\u00edcias.\",\"sameAs\":[\"http:\\\/\\\/ubirataoline.com.br\",\"https:\\\/\\\/www.facebook.com\\\/portalubirataonline\",\"https:\\\/\\\/www.instagram.com\\\/ubirataonline_oficial\",\"https:\\\/\\\/x.com\\\/x.com\\\/ubirataonline\"],\"honorificPrefix\":\"Mr.\",\"honorificSuffix\":\"MD\",\"birthDate\":\"1980-06-16\",\"gender\":\"masculino\",\"award\":[\"V\u00e1rios pr\u00eamios de melhor portal da cidade\"],\"jobTitle\":\"Diretor\",\"url\":\"https:\\\/\\\/ubirataonline.com.br\\\/en\\\/author\\\/ubirataonline\\\/\"},{\"@type\":\"PostalAddress\",\"@id\":\"https:\\\/\\\/ubirataonline.com.br\\\/eleicoes-2026-no-parana-quem-sao-os-9-candidatos-ao-senado-confirmados-pelos-partidos-para-a-disputa-das-duas-vagas\\\/#local-main-place-address\",\"streetAddress\":\"Rua dos Coqueiros, 104 - Bairro Boa Vista, Rua dos Coqueiros, 104 Bairro Boa Vista\",\"addressLocality\":\"UBIRATA\",\"postalCode\":\"85440-000\",\"addressRegion\":\"PR\",\"addressCountry\":\"BR\"},{\"@type\":\"ImageObject\",\"inLanguage\":\"en-US\",\"@id\":\"https:\\\/\\\/ubirataonline.com.br\\\/eleicoes-2026-no-parana-quem-sao-os-9-candidatos-ao-senado-confirmados-pelos-partidos-para-a-disputa-das-duas-vagas\\\/#local-main-organization-logo\",\"url\":\"https:\\\/\\\/ubirataonline.com.br\\\/wp-content\\\/uploads\\\/2026\\\/06\\\/logoubirataonline-1.webp\",\"contentUrl\":\"https:\\\/\\\/ubirataonline.com.br\\\/wp-content\\\/uploads\\\/2026\\\/06\\\/logoubirataonline-1.webp\",\"width\":500,\"height\":500,\"caption\":\"Ubirat\u00e3 Online Not\u00edcias\"}]}<\/script>\n<meta name=\"geo.placename\" content=\"UBIRATA\" \/>\n<meta name=\"geo.position\" content=\"-24.5361401;-52.9921776\" \/>\n<meta name=\"geo.region\" content=\"Brazil\" \/>\n<!-- \/ Yoast SEO Premium plugin. -->","yoast_head_json":{"title":"Elei\u00e7\u00f5es 2026 no Paran\u00e1: quem s\u00e3o os 9 candidatos ao Senado confirmados pelos partidos para a disputa das duas vagas - Ubirat\u00e3 Online Not\u00edcias - A realidade ao seu alcance!","description":"Conhe\u00e7a os nomes que oficializaram candidatura ao Senado pelo Paran\u00e1 e entenda como funcionar\u00e1 o processo eleitoral para as duas vagas dispon\u00edveis em","robots":{"index":"index","follow":"follow","max-snippet":"max-snippet:-1","max-image-preview":"max-image-preview:large","max-video-preview":"max-video-preview:-1"},"canonical":"https:\/\/ubirataonline.com.br\/en\/eleicoes-2026-no-parana-quem-sao-os-9-candidatos-ao-senado-confirmados-pelos-partidos-para-a-disputa-das-duas-vagas\/","og_locale":"en_US","og_type":"article","og_title":"Elei\u00e7\u00f5es 2026 no Paran\u00e1: quem s\u00e3o os 9 candidatos ao Senado confirmados pelos partidos para a disputa das duas vagas","og_description":"Conhe\u00e7a os nomes que oficializaram candidatura ao Senado pelo Paran\u00e1 e entenda como funcionar\u00e1 o processo eleitoral para as duas vagas dispon\u00edveis em","og_url":"https:\/\/ubirataonline.com.br\/en\/eleicoes-2026-no-parana-quem-sao-os-9-candidatos-ao-senado-confirmados-pelos-partidos-para-a-disputa-das-duas-vagas\/","og_site_name":"Ubirat\u00e3 Online Not\u00edcias - A realidade ao seu alcance!","article_publisher":"https:\/\/www.facebook.com\/portalubirataonline","article_author":"https:\/\/www.facebook.com\/portalubirataonline","article_published_time":"2026-08-07T21:34:31+00:00","og_image":[{"width":1531,"height":418,"url":"https:\/\/ubirataonline.com.br\/wp-content\/uploads\/2026\/05\/logo2026.webp","type":"image\/webp"}],"author":"REDA\u00c7\u00c3O: UBIRAT\u00c3 ONLINE - F\u00c1BIO AUGUSTO CELESTINO","twitter_card":"summary_large_image","twitter_creator":"@x.com\/ubirataonline","twitter_site":"@ubirataonline","twitter_misc":{"Written by":"REDA\u00c7\u00c3O: UBIRAT\u00c3 ONLINE - F\u00c1BIO AUGUSTO CELESTINO","Est. reading time":"2 minutes"},"schema":{"@context":"https:\/\/schema.org","@graph":[{"@type":"NewsArticle","@id":"https:\/\/ubirataonline.com.br\/eleicoes-2026-no-parana-quem-sao-os-9-candidatos-ao-senado-confirmados-pelos-partidos-para-a-disputa-das-duas-vagas\/#article","isPartOf":{"@id":"https:\/\/ubirataonline.com.br\/eleicoes-2026-no-parana-quem-sao-os-9-candidatos-ao-senado-confirmados-pelos-partidos-para-a-disputa-das-duas-vagas\/"},"author":{"name":"REDA\u00c7\u00c3O: UBIRAT\u00c3 ONLINE - F\u00c1BIO AUGUSTO CELESTINO","@id":"https:\/\/ubirataonline.com.br\/#\/schema\/person\/372f87bbd3fdd79b8556b84c98d0bc1c"},"headline":"Elei\u00e7\u00f5es 2026 no Paran\u00e1: quem s\u00e3o os 9 candidatos ao Senado confirmados pelos partidos para a disputa das duas vagas","datePublished":"2026-08-07T21:34:31+00:00","mainEntityOfPage":{"@id":"https:\/\/ubirataonline.com.br\/eleicoes-2026-no-parana-quem-sao-os-9-candidatos-ao-senado-confirmados-pelos-partidos-para-a-disputa-das-duas-vagas\/"},"wordCount":467,"publisher":{"@id":"https:\/\/ubirataonline.com.br\/#organization"},"image":{"@id":"https:\/\/ubirataonline.com.br\/eleicoes-2026-no-parana-quem-sao-os-9-candidatos-ao-senado-confirmados-pelos-partidos-para-a-disputa-das-duas-vagas\/#primaryimage"},"thumbnailUrl":"https:\/\/ubirataonline.com.br\/wp-content\/uploads\/2026\/08\/news-162848-1786138471.avif","articleSection":["Variedades"],"inLanguage":"en-US","copyrightYear":"2026","copyrightHolder":{"@id":"https:\/\/ubirataonline.com.br\/en\/#organization"}},{"@type":"WebPage","@id":"https:\/\/ubirataonline.com.br\/eleicoes-2026-no-parana-quem-sao-os-9-candidatos-ao-senado-confirmados-pelos-partidos-para-a-disputa-das-duas-vagas\/","url":"https:\/\/ubirataonline.com.br\/eleicoes-2026-no-parana-quem-sao-os-9-candidatos-ao-senado-confirmados-pelos-partidos-para-a-disputa-das-duas-vagas\/","name":"Elei\u00e7\u00f5es 2026 no Paran\u00e1: quem s\u00e3o os 9 candidatos ao Senado confirmados pelos partidos para a disputa das duas vagas - Ubirat\u00e3 Online Not\u00edcias - A realidade ao seu alcance!","isPartOf":{"@id":"https:\/\/ubirataonline.com.br\/#website"},"primaryImageOfPage":{"@id":"https:\/\/ubirataonline.com.br\/eleicoes-2026-no-parana-quem-sao-os-9-candidatos-ao-senado-confirmados-pelos-partidos-para-a-disputa-das-duas-vagas\/#primaryimage"},"image":{"@id":"https:\/\/ubirataonline.com.br\/eleicoes-2026-no-parana-quem-sao-os-9-candidatos-ao-senado-confirmados-pelos-partidos-para-a-disputa-das-duas-vagas\/#primaryimage"},"thumbnailUrl":"https:\/\/ubirataonline.com.br\/wp-content\/uploads\/2026\/08\/news-162848-1786138471.avif","datePublished":"2026-08-07T21:34:31+00:00","description":"Conhe\u00e7a os nomes que oficializaram candidatura ao Senado pelo Paran\u00e1 e entenda como funcionar\u00e1 o processo eleitoral para as duas vagas dispon\u00edveis em","breadcrumb":{"@id":"https:\/\/ubirataonline.com.br\/eleicoes-2026-no-parana-quem-sao-os-9-candidatos-ao-senado-confirmados-pelos-partidos-para-a-disputa-das-duas-vagas\/#breadcrumb"},"inLanguage":"en-US","potentialAction":[{"@type":"ReadAction","target":["https:\/\/ubirataonline.com.br\/eleicoes-2026-no-parana-quem-sao-os-9-candidatos-ao-senado-confirmados-pelos-partidos-para-a-disputa-das-duas-vagas\/"]}]},{"@type":"ImageObject","inLanguage":"en-US","@id":"https:\/\/ubirataonline.com.br\/eleicoes-2026-no-parana-quem-sao-os-9-candidatos-ao-senado-confirmados-pelos-partidos-para-a-disputa-das-duas-vagas\/#primaryimage","url":"https:\/\/ubirataonline.com.br\/wp-content\/uploads\/2026\/08\/news-162848-1786138471.avif","contentUrl":"https:\/\/ubirataonline.com.br\/wp-content\/uploads\/2026\/08\/news-162848-1786138471.avif","width":1000,"height":667},{"@type":"BreadcrumbList","@id":"https:\/\/ubirataonline.com.br\/eleicoes-2026-no-parana-quem-sao-os-9-candidatos-ao-senado-confirmados-pelos-partidos-para-a-disputa-das-duas-vagas\/#breadcrumb","itemListElement":[{"@type":"ListItem","position":1,"name":"In\u00edcio","item":"https:\/\/ubirataonline.com.br\/"},{"@type":"ListItem","position":2,"name":"Elei\u00e7\u00f5es 2026 no Paran\u00e1: quem s\u00e3o os 9 candidatos ao Senado confirmados pelos partidos para a disputa das duas vagas"}]},{"@type":"WebSite","@id":"https:\/\/ubirataonline.com.br\/#website","url":"https:\/\/ubirataonline.com.br\/","name":"Ubirat\u00e3 Online Not\u00edcias","description":"Not\u00edcias de Ubirat\u00e3, regi\u00e3o, Brasil e mundo, com informa\u00e7\u00e3o atualizada e compromisso com o leitor.","publisher":{"@id":"https:\/\/ubirataonline.com.br\/#organization"},"alternateName":"Ubirat\u00e3 Online","potentialAction":[{"@type":"SearchAction","target":{"@type":"EntryPoint","urlTemplate":"https:\/\/ubirataonline.com.br\/?s={search_term_string}"},"query-input":{"@type":"PropertyValueSpecification","valueRequired":true,"valueName":"search_term_string"}}],"inLanguage":"en-US"},{"@type":["Organization","Place"],"@id":"https:\/\/ubirataonline.com.br\/#organization","name":"Ubirat\u00e3 Online Not\u00edcias","alternateName":"Ubirat\u00e3 Online","url":"https:\/\/ubirataonline.com.br\/","logo":{"@id":"https:\/\/ubirataonline.com.br\/eleicoes-2026-no-parana-quem-sao-os-9-candidatos-ao-senado-confirmados-pelos-partidos-para-a-disputa-das-duas-vagas\/#local-main-organization-logo"},"image":{"@id":"https:\/\/ubirataonline.com.br\/eleicoes-2026-no-parana-quem-sao-os-9-candidatos-ao-senado-confirmados-pelos-partidos-para-a-disputa-das-duas-vagas\/#local-main-organization-logo"},"sameAs":["https:\/\/www.facebook.com\/portalubirataonline","https:\/\/x.com\/ubirataonline","https:\/\/mastodon.social\/@ubirataonline","https:\/\/www.facebook.com\/groups\/311144672285604","https:\/\/www.facebook.com\/UBTAOnline","https:\/\/www.instagram.com\/portalubirataonline\/","https:\/\/twitter.com\/ubirataonline"],"description":"Somos um portal de not\u00edcias independente, criado em 5 de janeiro de 2009, com o objetivo de informar, conectar e valorizar a nossa comunidade de Ubirat\u00e3 e toda aregi\u00e3o. Com conte\u00fado atualizado, confi\u00e1vel e relevante, o Ubirat\u00e3 Online \u00e9 o seu espa\u00e7o para ficar por dentro dos principais acontecimentos locais, regionais, Brasil, Mundo e de interesse geral. Nosso compromisso \u00e9 com a verdade, a transpar\u00eancia e o respeito ao leitor.","legalName":"UBIRATA ONLINE NOT\u00cdCIAS","foundingDate":"2009-01-05","numberOfEmployees":{"@type":"QuantitativeValue","minValue":"1","maxValue":"10"},"publishingPrinciples":"https:\/\/ubirataonline.com.br\/faq\/","address":{"@id":"https:\/\/ubirataonline.com.br\/eleicoes-2026-no-parana-quem-sao-os-9-candidatos-ao-senado-confirmados-pelos-partidos-para-a-disputa-das-duas-vagas\/#local-main-place-address"},"geo":{"@type":"GeoCoordinates","latitude":"-24.5361401","longitude":"-52.9921776"},"telephone":["+5544998308235"],"contactPoint":{"@type":"ContactPoint","email":"contato@ubirataonline.com.br"},"openingHoursSpecification":{"@type":"OpeningHoursSpecification","dayOfWeek":["Monday","Tuesday","Wednesday","Thursday","Friday","Saturday","Sunday"],"opens":"00:00","closes":"23:59"},"email":"contato@ubirataonline.com.br","vatID":"47.621.418\/0001-80"},{"@type":"Person","@id":"https:\/\/ubirataonline.com.br\/#\/schema\/person\/372f87bbd3fdd79b8556b84c98d0bc1c","name":"REDA\u00c7\u00c3O: UBIRAT\u00c3 ONLINE - F\u00c1BIO AUGUSTO CELESTINO","pronouns":"Ele","description":"Desde 2003 trabalhando com not\u00edcias.","sameAs":["http:\/\/ubirataoline.com.br","https:\/\/www.facebook.com\/portalubirataonline","https:\/\/www.instagram.com\/ubirataonline_oficial","https:\/\/x.com\/x.com\/ubirataonline"],"honorificPrefix":"Mr.","honorificSuffix":"MD","birthDate":"1980-06-16","gender":"masculino","award":["V\u00e1rios pr\u00eamios de melhor portal da cidade"],"jobTitle":"Diretor","url":"https:\/\/ubirataonline.com.br\/en\/author\/ubirataonline\/"},{"@type":"PostalAddress","@id":"https:\/\/ubirataonline.com.br\/eleicoes-2026-no-parana-quem-sao-os-9-candidatos-ao-senado-confirmados-pelos-partidos-para-a-disputa-das-duas-vagas\/#local-main-place-address","streetAddress":"Rua dos Coqueiros, 104 - Bairro Boa Vista, Rua dos Coqueiros, 104 Bairro Boa Vista","addressLocality":"UBIRATA","postalCode":"85440-000","addressRegion":"PR","addressCountry":"BR"},{"@type":"ImageObject","inLanguage":"en-US","@id":"https:\/\/ubirataonline.com.br\/eleicoes-2026-no-parana-quem-sao-os-9-candidatos-ao-senado-confirmados-pelos-partidos-para-a-disputa-das-duas-vagas\/#local-main-organization-logo","url":"https:\/\/ubirataonline.com.br\/wp-content\/uploads\/2026\/06\/logoubirataonline-1.webp","contentUrl":"https:\/\/ubirataonline.com.br\/wp-content\/uploads\/2026\/06\/logoubirataonline-1.webp","width":500,"height":500,"caption":"Ubirat\u00e3 Online Not\u00edcias"}]},"geo.placename":"UBIRATA","geo.position":{"lat":"-24.5361401","long":"-52.9921776"},"geo.region":"Brazil"},"_links":{"self":[{"href":"https:\/\/ubirataonline.com.br\/en\/wp-json\/wp\/v2\/posts\/162848","targetHints":{"allow":["GET"]}}],"collection":[{"href":"https:\/\/ubirataonline.com.br\/en\/wp-json\/wp\/v2\/posts"}],"about":[{"href":"https:\/\/ubirataonline.com.br\/en\/wp-json\/wp\/v2\/types\/post"}],"author":[{"embeddable":true,"href":"https:\/\/ubirataonline.com.br\/en\/wp-json\/wp\/v2\/users\/1"}],"replies":[{"embeddable":true,"href":"https:\/\/ubirataonline.com.br\/en\/wp-json\/wp\/v2\/comments?post=162848"}],"version-history":[{"count":0,"href":"https:\/\/ubirataonline.com.br\/en\/wp-json\/wp\/v2\/posts\/162848\/revisions"}],"wp:featuredmedia":[{"embeddable":true,"href":"https:\/\/ubirataonline.com.br\/en\/wp-json\/wp\/v2\/media\/162849"}],"wp:attachment":[{"href":"https:\/\/ubirataonline.com.br\/en\/wp-json\/wp\/v2\/media?parent=162848"}],"wp:term":[{"taxonomy":"category","embeddable":true,"href":"https:\/\/ubirataonline.com.br\/en\/wp-json\/wp\/v2\/categories?post=162848"},{"taxonomy":"post_tag","embeddable":true,"href":"https:\/\/ubirataonline.com.br\/en\/wp-json\/wp\/v2\/tags?post=162848"}],"curies":[{"name":"wp","href":"https:\/\/api.w.org\/{rel}","templated":true}]}}