{"id":162877,"date":"2026-08-07T20:01:09","date_gmt":"2026-08-07T23:01:09","guid":{"rendered":"https:\/\/ubirataonline.com.br\/ministerio-publico-denuncia-vereadora-de-curitiba-por-crime-de-xenofobia-apos-fala-contra-colega-cearense-em-sessao\/"},"modified":"2026-08-07T20:01:09","modified_gmt":"2026-08-07T23:01:09","slug":"ministerio-publico-denuncia-vereadora-de-curitiba-por-crime-de-xenofobia-apos-fala-contra-colega-cearense-em-sessao","status":"publish","type":"post","link":"https:\/\/ubirataonline.com.br\/en\/ministerio-publico-denuncia-vereadora-de-curitiba-por-crime-de-xenofobia-apos-fala-contra-colega-cearense-em-sessao\/","title":{"rendered":"Minist\u00e9rio P\u00fablico denuncia vereadora de Curitiba por crime de xenofobia ap\u00f3s fala contra colega cearense em sess\u00e3o"},"content":{"rendered":"<h2>O Minist\u00e9rio P\u00fablico do Paran\u00e1 denunciou a vereadora Delegada Tathiana Guzella por crime de xenofobia, ap\u00f3s declara\u00e7\u00f5es pol\u00eamicas contra a vereadora Vanda de Assis.<\/h2>\n<p>A pol\u00eamica teve in\u00edcio durante uma sess\u00e3o na C\u00e2mara Municipal de Curitiba, quando as parlamentares discutiam um projeto voltado para a popula\u00e7\u00e3o de rua. O caso rapidamente ganhou repercuss\u00e3o nacional devido ao teor das falas.<\/p>\n<p>O epis\u00f3dio levanta um debate urgente sobre o respeito \u00e0 diversidade regional e a conduta de agentes p\u00fablicos. As informa\u00e7\u00f5es sobre o caso foram divulgadas pelo g1, que acompanhou os desdobramentos da den\u00fancia oferecida pelo Minist\u00e9rio P\u00fablico.<\/p>\n<p>A seguir, entenda os detalhes da acusa\u00e7\u00e3o, a defesa da vereadora denunciada e como a C\u00e2mara Municipal de Curitiba pretende conduzir as investiga\u00e7\u00f5es sobre o caso de <b>xenofobia<\/b>.<\/p>\n<h3>Entenda a den\u00fancia do Minist\u00e9rio P\u00fablico<\/h3>\n<p>Segundo o MPPR, a den\u00fancia contra a vereadora Delegada Tathiana Guzella foi formalizada na \u00faltima quinta-feira. O \u00f3rg\u00e3o aponta que a parlamentar cometeu o <b>crime de discrimina\u00e7\u00e3o ou preconceito de proced\u00eancia nacional<\/b> ao dirigir ataques \u00e0 vereadora Vanda de Assis, que \u00e9 natural de Campos Sales, no Cear\u00e1.<\/p>\n<p>Durante a sess\u00e3o, Guzella questionou a colega, perguntando por que ela n\u00e3o voltava para o Cear\u00e1 e afirmando que ela teria vindo apenas para <b>encher o saco<\/b> em Curitiba. Para o Minist\u00e9rio P\u00fablico, a fala teve a clara inten\u00e7\u00e3o de humilhar a v\u00edtima e a popula\u00e7\u00e3o cearense.<\/p>\n<h3>Pedidos de indeniza\u00e7\u00e3o e medidas legais<\/h3>\n<p>Al\u00e9m da den\u00fancia criminal, o MP solicitou que a vereadora pague 20 sal\u00e1rios m\u00ednimos de indeniza\u00e7\u00e3o por danos morais \u00e0 vereadora Vanda de Assis. O valor atualizado gira em torno de R$ 32.420, conforme os c\u00e1lculos dos promotores.<\/p>\n<p>O \u00f3rg\u00e3o tamb\u00e9m pediu uma repara\u00e7\u00e3o por <b>dano moral coletivo<\/b> no valor de 40 sal\u00e1rios m\u00ednimos, cerca de R$ 64.840. Esse montante seria destinado ao Fundo Estadual de Pol\u00edticas de Promo\u00e7\u00e3o da Igualdade Racial, visando reparar o impacto social da fala.<\/p>\n<h3>O posicionamento da defesa<\/h3>\n<p>Em nota oficial, a vereadora Delegada Tathiana Guzella declarou que recebeu a den\u00fancia com surpresa, mas afirmou estar serena. Ela refor\u00e7ou que sua inten\u00e7\u00e3o n\u00e3o foi xenof\u00f3bica, mas puramente pol\u00edtica, voltada para o debate de teses do projeto de lei em discuss\u00e3o.<\/p>\n<p>Guzella argumentou que sua fala foi interrompida antes da conclus\u00e3o do racioc\u00ednio e garantiu que se manifestar\u00e1 nos autos do processo assim que for formalmente citada pela Justi\u00e7a. A parlamentar sustenta sua <b>inoc\u00eancia<\/b> diante das acusa\u00e7\u00f5es apresentadas.<\/p>\n<h3>Desdobramentos na C\u00e2mara Municipal<\/h3>\n<p>A vereadora Vanda de Assis afirmou que a pr\u00e1tica \u00e9 crime e que n\u00e3o aceitar\u00e1 nenhum tipo de <b>xenofobia<\/b>. Ela destacou ser a primeira vereadora nordestina eleita em Curitiba e prometeu combater esse tipo de comportamento no parlamento.<\/p>\n<p>A C\u00e2mara informou que recebeu cinco representa\u00e7\u00f5es sobre o caso. A Mesa Diretora deve deliberar sobre a admissibilidade dos pedidos na pr\u00f3xima quarta-feira. Devido ao cargo de corregedora ocupado por Guzella, o processo ser\u00e1 conduzido pelo vice-corregedor.<\/p>\n<h3>Perguntas frequentes (FAQ)<\/h3>\n<p><b>1. Por que a vereadora foi denunciada pelo Minist\u00e9rio P\u00fablico?<\/b><br \/>Ela foi denunciada por crime de preconceito de proced\u00eancia nacional, ap\u00f3s fazer coment\u00e1rios considerados xenof\u00f3bicos contra uma colega cearense.<\/p>\n<p><b>2. O que a vereadora disse na C\u00e2mara?<\/b><br \/>Ela questionou a vereadora Vanda de Assis sobre por que ela n\u00e3o voltava para o Cear\u00e1, afirmando que a colega teria vindo a Curitiba apenas para encher o saco.<\/p>\n<p><b>3. Qual a puni\u00e7\u00e3o solicitada pelo MP?<\/b><br \/>O MP pediu condena\u00e7\u00e3o criminal e indeniza\u00e7\u00f5es por danos morais, totalizando cerca de R$ 97 mil, entre danos individuais e coletivos.<\/p>\n<p><b>4. Qual a defesa da parlamentar?<\/b><br \/>Ela alega que sua fala foi de natureza pol\u00edtica, voltada ao debate do projeto, e nega qualquer inten\u00e7\u00e3o xenof\u00f3bica, afirmando que seu pensamento foi interrompido.<\/p>\n<p><b>5. A C\u00e2mara de Curitiba vai investigar o caso?<\/b><br \/>Sim, a C\u00e2mara recebeu representa\u00e7\u00f5es e a Mesa Diretora analisar\u00e1 a admissibilidade dos procedimentos na pr\u00f3xima quarta-feira.<\/p>","protected":false},"excerpt":{"rendered":"<p>O Minist\u00e9rio P\u00fablico do Paran\u00e1 denunciou a vereadora Delegada Tathiana Guzella por crime de xenofobia, ap\u00f3s declara\u00e7\u00f5es pol\u00eamicas contra a vereadora Vanda de Assis. A pol\u00eamica teve in\u00edcio durante uma sess\u00e3o na C\u00e2mara Municipal de Curitiba, quando as parlamentares discutiam um projeto voltado para a popula\u00e7\u00e3o de rua. O caso rapidamente ganhou repercuss\u00e3o nacional devido [&hellip;]<\/p>\n","protected":false},"author":1,"featured_media":162878,"comment_status":"","ping_status":"","sticky":false,"template":"","format":"standard","meta":{"googlesitekit_rrm_CAow2JLhCw:productID":"","_gspb_post_css":"","maa_idioma":"","maa_pais":"","footnotes":""},"categories":[15],"tags":[],"class_list":["post-162877","post","type-post","status-publish","format-standard","has-post-thumbnail","hentry","category-variedades"],"blocksy_meta":[],"yoast_head":"<!-- This site is optimized with the Yoast SEO Premium plugin v27.6 (Yoast SEO v27.6) - https:\/\/yoast.com\/product\/yoast-seo-premium-wordpress\/ -->\n<title>Minist\u00e9rio P\u00fablico denuncia vereadora de Curitiba por crime de xenofobia ap\u00f3s fala contra colega cearense em sess\u00e3o - Ubirat\u00e3 Online Not\u00edcias - A realidade ao seu alcance!<\/title>\n<meta name=\"description\" content=\"O Minist\u00e9rio P\u00fablico do Paran\u00e1 denunciou a vereadora Delegada Tathiana Guzella por crime de xenofobia, ap\u00f3s declara\u00e7\u00f5es pol\u00eamicas contra a vereadora Vanda\" \/>\n<meta name=\"robots\" content=\"index, follow, max-snippet:-1, max-image-preview:large, max-video-preview:-1\" \/>\n<link rel=\"canonical\" href=\"https:\/\/ubirataonline.com.br\/en\/ministerio-publico-denuncia-vereadora-de-curitiba-por-crime-de-xenofobia-apos-fala-contra-colega-cearense-em-sessao\/\" \/>\n<meta property=\"og:locale\" content=\"en_US\" \/>\n<meta property=\"og:type\" content=\"article\" \/>\n<meta property=\"og:title\" content=\"Minist\u00e9rio P\u00fablico denuncia vereadora de Curitiba por crime de xenofobia ap\u00f3s fala contra colega cearense em sess\u00e3o\" \/>\n<meta property=\"og:description\" content=\"O Minist\u00e9rio P\u00fablico do Paran\u00e1 denunciou a vereadora Delegada Tathiana Guzella por crime de xenofobia, ap\u00f3s declara\u00e7\u00f5es pol\u00eamicas contra a vereadora Vanda\" \/>\n<meta property=\"og:url\" content=\"https:\/\/ubirataonline.com.br\/en\/ministerio-publico-denuncia-vereadora-de-curitiba-por-crime-de-xenofobia-apos-fala-contra-colega-cearense-em-sessao\/\" \/>\n<meta property=\"og:site_name\" content=\"Ubirat\u00e3 Online Not\u00edcias - A realidade ao seu alcance!\" \/>\n<meta property=\"article:publisher\" content=\"https:\/\/www.facebook.com\/portalubirataonline\" \/>\n<meta property=\"article:author\" content=\"https:\/\/www.facebook.com\/portalubirataonline\" \/>\n<meta property=\"article:published_time\" content=\"2026-08-07T23:01:09+00:00\" \/>\n<meta property=\"og:image\" content=\"https:\/\/ubirataonline.com.br\/wp-content\/uploads\/2026\/05\/logo2026.webp\" \/>\n\t<meta property=\"og:image:width\" content=\"1531\" \/>\n\t<meta property=\"og:image:height\" content=\"418\" \/>\n\t<meta property=\"og:image:type\" content=\"image\/webp\" \/>\n<meta name=\"author\" content=\"REDA\u00c7\u00c3O: UBIRAT\u00c3 ONLINE - F\u00c1BIO AUGUSTO CELESTINO\" \/>\n<meta name=\"twitter:card\" content=\"summary_large_image\" \/>\n<meta name=\"twitter:creator\" content=\"@x.com\/ubirataonline\" \/>\n<meta name=\"twitter:site\" content=\"@ubirataonline\" \/>\n<meta name=\"twitter:label1\" content=\"Written by\" \/>\n\t<meta name=\"twitter:data1\" content=\"REDA\u00c7\u00c3O: UBIRAT\u00c3 ONLINE - F\u00c1BIO AUGUSTO CELESTINO\" \/>\n\t<meta name=\"twitter:label2\" content=\"Est. reading time\" \/>\n\t<meta name=\"twitter:data2\" content=\"3 minutes\" \/>\n<script type=\"application\/ld+json\" class=\"yoast-schema-graph\">{\"@context\":\"https:\\\/\\\/schema.org\",\"@graph\":[{\"@type\":\"NewsArticle\",\"@id\":\"https:\\\/\\\/ubirataonline.com.br\\\/ministerio-publico-denuncia-vereadora-de-curitiba-por-crime-de-xenofobia-apos-fala-contra-colega-cearense-em-sessao\\\/#article\",\"isPartOf\":{\"@id\":\"https:\\\/\\\/ubirataonline.com.br\\\/ministerio-publico-denuncia-vereadora-de-curitiba-por-crime-de-xenofobia-apos-fala-contra-colega-cearense-em-sessao\\\/\"},\"author\":{\"name\":\"REDA\u00c7\u00c3O: UBIRAT\u00c3 ONLINE - F\u00c1BIO AUGUSTO CELESTINO\",\"@id\":\"https:\\\/\\\/ubirataonline.com.br\\\/#\\\/schema\\\/person\\\/372f87bbd3fdd79b8556b84c98d0bc1c\"},\"headline\":\"Minist\u00e9rio P\u00fablico denuncia vereadora de Curitiba por crime de xenofobia ap\u00f3s fala contra colega cearense em sess\u00e3o\",\"datePublished\":\"2026-08-07T23:01:09+00:00\",\"mainEntityOfPage\":{\"@id\":\"https:\\\/\\\/ubirataonline.com.br\\\/ministerio-publico-denuncia-vereadora-de-curitiba-por-crime-de-xenofobia-apos-fala-contra-colega-cearense-em-sessao\\\/\"},\"wordCount\":716,\"publisher\":{\"@id\":\"https:\\\/\\\/ubirataonline.com.br\\\/#organization\"},\"image\":{\"@id\":\"https:\\\/\\\/ubirataonline.com.br\\\/ministerio-publico-denuncia-vereadora-de-curitiba-por-crime-de-xenofobia-apos-fala-contra-colega-cearense-em-sessao\\\/#primaryimage\"},\"thumbnailUrl\":\"https:\\\/\\\/ubirataonline.com.br\\\/wp-content\\\/uploads\\\/2026\\\/08\\\/news-162877-1786143672.webp\",\"articleSection\":[\"Variedades\"],\"inLanguage\":\"en-US\",\"copyrightYear\":\"2026\",\"copyrightHolder\":{\"@id\":\"https:\\\/\\\/ubirataonline.com.br\\\/en\\\/#organization\"}},{\"@type\":\"WebPage\",\"@id\":\"https:\\\/\\\/ubirataonline.com.br\\\/ministerio-publico-denuncia-vereadora-de-curitiba-por-crime-de-xenofobia-apos-fala-contra-colega-cearense-em-sessao\\\/\",\"url\":\"https:\\\/\\\/ubirataonline.com.br\\\/ministerio-publico-denuncia-vereadora-de-curitiba-por-crime-de-xenofobia-apos-fala-contra-colega-cearense-em-sessao\\\/\",\"name\":\"Minist\u00e9rio P\u00fablico denuncia vereadora de Curitiba por crime de xenofobia ap\u00f3s fala contra colega cearense em sess\u00e3o - Ubirat\u00e3 Online Not\u00edcias - A realidade ao seu alcance!\",\"isPartOf\":{\"@id\":\"https:\\\/\\\/ubirataonline.com.br\\\/#website\"},\"primaryImageOfPage\":{\"@id\":\"https:\\\/\\\/ubirataonline.com.br\\\/ministerio-publico-denuncia-vereadora-de-curitiba-por-crime-de-xenofobia-apos-fala-contra-colega-cearense-em-sessao\\\/#primaryimage\"},\"image\":{\"@id\":\"https:\\\/\\\/ubirataonline.com.br\\\/ministerio-publico-denuncia-vereadora-de-curitiba-por-crime-de-xenofobia-apos-fala-contra-colega-cearense-em-sessao\\\/#primaryimage\"},\"thumbnailUrl\":\"https:\\\/\\\/ubirataonline.com.br\\\/wp-content\\\/uploads\\\/2026\\\/08\\\/news-162877-1786143672.webp\",\"datePublished\":\"2026-08-07T23:01:09+00:00\",\"description\":\"O Minist\u00e9rio P\u00fablico do Paran\u00e1 denunciou a vereadora Delegada Tathiana Guzella por crime de xenofobia, ap\u00f3s declara\u00e7\u00f5es pol\u00eamicas contra a vereadora Vanda\",\"breadcrumb\":{\"@id\":\"https:\\\/\\\/ubirataonline.com.br\\\/ministerio-publico-denuncia-vereadora-de-curitiba-por-crime-de-xenofobia-apos-fala-contra-colega-cearense-em-sessao\\\/#breadcrumb\"},\"inLanguage\":\"en-US\",\"potentialAction\":[{\"@type\":\"ReadAction\",\"target\":[\"https:\\\/\\\/ubirataonline.com.br\\\/ministerio-publico-denuncia-vereadora-de-curitiba-por-crime-de-xenofobia-apos-fala-contra-colega-cearense-em-sessao\\\/\"]}]},{\"@type\":\"ImageObject\",\"inLanguage\":\"en-US\",\"@id\":\"https:\\\/\\\/ubirataonline.com.br\\\/ministerio-publico-denuncia-vereadora-de-curitiba-por-crime-de-xenofobia-apos-fala-contra-colega-cearense-em-sessao\\\/#primaryimage\",\"url\":\"https:\\\/\\\/ubirataonline.com.br\\\/wp-content\\\/uploads\\\/2026\\\/08\\\/news-162877-1786143672.webp\",\"contentUrl\":\"https:\\\/\\\/ubirataonline.com.br\\\/wp-content\\\/uploads\\\/2026\\\/08\\\/news-162877-1786143672.webp\",\"width\":427,\"height\":240},{\"@type\":\"BreadcrumbList\",\"@id\":\"https:\\\/\\\/ubirataonline.com.br\\\/ministerio-publico-denuncia-vereadora-de-curitiba-por-crime-de-xenofobia-apos-fala-contra-colega-cearense-em-sessao\\\/#breadcrumb\",\"itemListElement\":[{\"@type\":\"ListItem\",\"position\":1,\"name\":\"In\u00edcio\",\"item\":\"https:\\\/\\\/ubirataonline.com.br\\\/\"},{\"@type\":\"ListItem\",\"position\":2,\"name\":\"Minist\u00e9rio P\u00fablico denuncia vereadora de Curitiba por crime de xenofobia ap\u00f3s fala contra colega cearense em sess\u00e3o\"}]},{\"@type\":\"WebSite\",\"@id\":\"https:\\\/\\\/ubirataonline.com.br\\\/#website\",\"url\":\"https:\\\/\\\/ubirataonline.com.br\\\/\",\"name\":\"Ubirat\u00e3 Online Not\u00edcias\",\"description\":\"Not\u00edcias de Ubirat\u00e3, regi\u00e3o, Brasil e mundo, com informa\u00e7\u00e3o atualizada e compromisso com o leitor.\",\"publisher\":{\"@id\":\"https:\\\/\\\/ubirataonline.com.br\\\/#organization\"},\"alternateName\":\"Ubirat\u00e3 Online\",\"potentialAction\":[{\"@type\":\"SearchAction\",\"target\":{\"@type\":\"EntryPoint\",\"urlTemplate\":\"https:\\\/\\\/ubirataonline.com.br\\\/?s={search_term_string}\"},\"query-input\":{\"@type\":\"PropertyValueSpecification\",\"valueRequired\":true,\"valueName\":\"search_term_string\"}}],\"inLanguage\":\"en-US\"},{\"@type\":[\"Organization\",\"Place\"],\"@id\":\"https:\\\/\\\/ubirataonline.com.br\\\/#organization\",\"name\":\"Ubirat\u00e3 Online Not\u00edcias\",\"alternateName\":\"Ubirat\u00e3 Online\",\"url\":\"https:\\\/\\\/ubirataonline.com.br\\\/\",\"logo\":{\"@id\":\"https:\\\/\\\/ubirataonline.com.br\\\/ministerio-publico-denuncia-vereadora-de-curitiba-por-crime-de-xenofobia-apos-fala-contra-colega-cearense-em-sessao\\\/#local-main-organization-logo\"},\"image\":{\"@id\":\"https:\\\/\\\/ubirataonline.com.br\\\/ministerio-publico-denuncia-vereadora-de-curitiba-por-crime-de-xenofobia-apos-fala-contra-colega-cearense-em-sessao\\\/#local-main-organization-logo\"},\"sameAs\":[\"https:\\\/\\\/www.facebook.com\\\/portalubirataonline\",\"https:\\\/\\\/x.com\\\/ubirataonline\",\"https:\\\/\\\/mastodon.social\\\/@ubirataonline\",\"https:\\\/\\\/www.facebook.com\\\/groups\\\/311144672285604\",\"https:\\\/\\\/www.facebook.com\\\/UBTAOnline\",\"https:\\\/\\\/www.instagram.com\\\/portalubirataonline\\\/\",\"https:\\\/\\\/twitter.com\\\/ubirataonline\"],\"description\":\"Somos um portal de not\u00edcias independente, criado em 5 de janeiro de 2009, com o objetivo de informar, conectar e valorizar a nossa comunidade de Ubirat\u00e3 e toda aregi\u00e3o. Com conte\u00fado atualizado, confi\u00e1vel e relevante, o Ubirat\u00e3 Online \u00e9 o seu espa\u00e7o para ficar por dentro dos principais acontecimentos locais, regionais, Brasil, Mundo e de interesse geral. Nosso compromisso \u00e9 com a verdade, a transpar\u00eancia e o respeito ao leitor.\",\"legalName\":\"UBIRATA ONLINE NOT\u00cdCIAS\",\"foundingDate\":\"2009-01-05\",\"numberOfEmployees\":{\"@type\":\"QuantitativeValue\",\"minValue\":\"1\",\"maxValue\":\"10\"},\"publishingPrinciples\":\"https:\\\/\\\/ubirataonline.com.br\\\/faq\\\/\",\"address\":{\"@id\":\"https:\\\/\\\/ubirataonline.com.br\\\/ministerio-publico-denuncia-vereadora-de-curitiba-por-crime-de-xenofobia-apos-fala-contra-colega-cearense-em-sessao\\\/#local-main-place-address\"},\"geo\":{\"@type\":\"GeoCoordinates\",\"latitude\":\"-24.5361401\",\"longitude\":\"-52.9921776\"},\"telephone\":[\"+5544998308235\"],\"contactPoint\":{\"@type\":\"ContactPoint\",\"email\":\"contato@ubirataonline.com.br\"},\"openingHoursSpecification\":{\"@type\":\"OpeningHoursSpecification\",\"dayOfWeek\":[\"Monday\",\"Tuesday\",\"Wednesday\",\"Thursday\",\"Friday\",\"Saturday\",\"Sunday\"],\"opens\":\"00:00\",\"closes\":\"23:59\"},\"email\":\"contato@ubirataonline.com.br\",\"vatID\":\"47.621.418\\\/0001-80\"},{\"@type\":\"Person\",\"@id\":\"https:\\\/\\\/ubirataonline.com.br\\\/#\\\/schema\\\/person\\\/372f87bbd3fdd79b8556b84c98d0bc1c\",\"name\":\"REDA\u00c7\u00c3O: UBIRAT\u00c3 ONLINE - F\u00c1BIO AUGUSTO CELESTINO\",\"pronouns\":\"Ele\",\"description\":\"Desde 2003 trabalhando com not\u00edcias.\",\"sameAs\":[\"http:\\\/\\\/ubirataoline.com.br\",\"https:\\\/\\\/www.facebook.com\\\/portalubirataonline\",\"https:\\\/\\\/www.instagram.com\\\/ubirataonline_oficial\",\"https:\\\/\\\/x.com\\\/x.com\\\/ubirataonline\"],\"honorificPrefix\":\"Mr.\",\"honorificSuffix\":\"MD\",\"birthDate\":\"1980-06-16\",\"gender\":\"masculino\",\"award\":[\"V\u00e1rios pr\u00eamios de melhor portal da cidade\"],\"jobTitle\":\"Diretor\",\"url\":\"https:\\\/\\\/ubirataonline.com.br\\\/en\\\/author\\\/ubirataonline\\\/\"},{\"@type\":\"PostalAddress\",\"@id\":\"https:\\\/\\\/ubirataonline.com.br\\\/ministerio-publico-denuncia-vereadora-de-curitiba-por-crime-de-xenofobia-apos-fala-contra-colega-cearense-em-sessao\\\/#local-main-place-address\",\"streetAddress\":\"Rua dos Coqueiros, 104 - Bairro Boa Vista, Rua dos Coqueiros, 104 Bairro Boa Vista\",\"addressLocality\":\"UBIRATA\",\"postalCode\":\"85440-000\",\"addressRegion\":\"PR\",\"addressCountry\":\"BR\"},{\"@type\":\"ImageObject\",\"inLanguage\":\"en-US\",\"@id\":\"https:\\\/\\\/ubirataonline.com.br\\\/ministerio-publico-denuncia-vereadora-de-curitiba-por-crime-de-xenofobia-apos-fala-contra-colega-cearense-em-sessao\\\/#local-main-organization-logo\",\"url\":\"https:\\\/\\\/ubirataonline.com.br\\\/wp-content\\\/uploads\\\/2026\\\/06\\\/logoubirataonline-1.webp\",\"contentUrl\":\"https:\\\/\\\/ubirataonline.com.br\\\/wp-content\\\/uploads\\\/2026\\\/06\\\/logoubirataonline-1.webp\",\"width\":500,\"height\":500,\"caption\":\"Ubirat\u00e3 Online Not\u00edcias\"}]}<\/script>\n<meta name=\"geo.placename\" content=\"UBIRATA\" \/>\n<meta name=\"geo.position\" content=\"-24.5361401;-52.9921776\" \/>\n<meta name=\"geo.region\" content=\"Brazil\" \/>\n<!-- \/ Yoast SEO Premium plugin. -->","yoast_head_json":{"title":"Minist\u00e9rio P\u00fablico denuncia vereadora de Curitiba por crime de xenofobia ap\u00f3s fala contra colega cearense em sess\u00e3o - Ubirat\u00e3 Online Not\u00edcias - A realidade ao seu alcance!","description":"O Minist\u00e9rio P\u00fablico do Paran\u00e1 denunciou a vereadora Delegada Tathiana Guzella por crime de xenofobia, ap\u00f3s declara\u00e7\u00f5es pol\u00eamicas contra a vereadora Vanda","robots":{"index":"index","follow":"follow","max-snippet":"max-snippet:-1","max-image-preview":"max-image-preview:large","max-video-preview":"max-video-preview:-1"},"canonical":"https:\/\/ubirataonline.com.br\/en\/ministerio-publico-denuncia-vereadora-de-curitiba-por-crime-de-xenofobia-apos-fala-contra-colega-cearense-em-sessao\/","og_locale":"en_US","og_type":"article","og_title":"Minist\u00e9rio P\u00fablico denuncia vereadora de Curitiba por crime de xenofobia ap\u00f3s fala contra colega cearense em sess\u00e3o","og_description":"O Minist\u00e9rio P\u00fablico do Paran\u00e1 denunciou a vereadora Delegada Tathiana Guzella por crime de xenofobia, ap\u00f3s declara\u00e7\u00f5es pol\u00eamicas contra a vereadora Vanda","og_url":"https:\/\/ubirataonline.com.br\/en\/ministerio-publico-denuncia-vereadora-de-curitiba-por-crime-de-xenofobia-apos-fala-contra-colega-cearense-em-sessao\/","og_site_name":"Ubirat\u00e3 Online Not\u00edcias - A realidade ao seu alcance!","article_publisher":"https:\/\/www.facebook.com\/portalubirataonline","article_author":"https:\/\/www.facebook.com\/portalubirataonline","article_published_time":"2026-08-07T23:01:09+00:00","og_image":[{"width":1531,"height":418,"url":"https:\/\/ubirataonline.com.br\/wp-content\/uploads\/2026\/05\/logo2026.webp","type":"image\/webp"}],"author":"REDA\u00c7\u00c3O: UBIRAT\u00c3 ONLINE - F\u00c1BIO AUGUSTO CELESTINO","twitter_card":"summary_large_image","twitter_creator":"@x.com\/ubirataonline","twitter_site":"@ubirataonline","twitter_misc":{"Written by":"REDA\u00c7\u00c3O: UBIRAT\u00c3 ONLINE - F\u00c1BIO AUGUSTO CELESTINO","Est. reading time":"3 minutes"},"schema":{"@context":"https:\/\/schema.org","@graph":[{"@type":"NewsArticle","@id":"https:\/\/ubirataonline.com.br\/ministerio-publico-denuncia-vereadora-de-curitiba-por-crime-de-xenofobia-apos-fala-contra-colega-cearense-em-sessao\/#article","isPartOf":{"@id":"https:\/\/ubirataonline.com.br\/ministerio-publico-denuncia-vereadora-de-curitiba-por-crime-de-xenofobia-apos-fala-contra-colega-cearense-em-sessao\/"},"author":{"name":"REDA\u00c7\u00c3O: UBIRAT\u00c3 ONLINE - F\u00c1BIO AUGUSTO CELESTINO","@id":"https:\/\/ubirataonline.com.br\/#\/schema\/person\/372f87bbd3fdd79b8556b84c98d0bc1c"},"headline":"Minist\u00e9rio P\u00fablico denuncia vereadora de Curitiba por crime de xenofobia ap\u00f3s fala contra colega cearense em sess\u00e3o","datePublished":"2026-08-07T23:01:09+00:00","mainEntityOfPage":{"@id":"https:\/\/ubirataonline.com.br\/ministerio-publico-denuncia-vereadora-de-curitiba-por-crime-de-xenofobia-apos-fala-contra-colega-cearense-em-sessao\/"},"wordCount":716,"publisher":{"@id":"https:\/\/ubirataonline.com.br\/#organization"},"image":{"@id":"https:\/\/ubirataonline.com.br\/ministerio-publico-denuncia-vereadora-de-curitiba-por-crime-de-xenofobia-apos-fala-contra-colega-cearense-em-sessao\/#primaryimage"},"thumbnailUrl":"https:\/\/ubirataonline.com.br\/wp-content\/uploads\/2026\/08\/news-162877-1786143672.webp","articleSection":["Variedades"],"inLanguage":"en-US","copyrightYear":"2026","copyrightHolder":{"@id":"https:\/\/ubirataonline.com.br\/en\/#organization"}},{"@type":"WebPage","@id":"https:\/\/ubirataonline.com.br\/ministerio-publico-denuncia-vereadora-de-curitiba-por-crime-de-xenofobia-apos-fala-contra-colega-cearense-em-sessao\/","url":"https:\/\/ubirataonline.com.br\/ministerio-publico-denuncia-vereadora-de-curitiba-por-crime-de-xenofobia-apos-fala-contra-colega-cearense-em-sessao\/","name":"Minist\u00e9rio P\u00fablico denuncia vereadora de Curitiba por crime de xenofobia ap\u00f3s fala contra colega cearense em sess\u00e3o - Ubirat\u00e3 Online Not\u00edcias - A realidade ao seu alcance!","isPartOf":{"@id":"https:\/\/ubirataonline.com.br\/#website"},"primaryImageOfPage":{"@id":"https:\/\/ubirataonline.com.br\/ministerio-publico-denuncia-vereadora-de-curitiba-por-crime-de-xenofobia-apos-fala-contra-colega-cearense-em-sessao\/#primaryimage"},"image":{"@id":"https:\/\/ubirataonline.com.br\/ministerio-publico-denuncia-vereadora-de-curitiba-por-crime-de-xenofobia-apos-fala-contra-colega-cearense-em-sessao\/#primaryimage"},"thumbnailUrl":"https:\/\/ubirataonline.com.br\/wp-content\/uploads\/2026\/08\/news-162877-1786143672.webp","datePublished":"2026-08-07T23:01:09+00:00","description":"O Minist\u00e9rio P\u00fablico do Paran\u00e1 denunciou a vereadora Delegada Tathiana Guzella por crime de xenofobia, ap\u00f3s declara\u00e7\u00f5es pol\u00eamicas contra a vereadora Vanda","breadcrumb":{"@id":"https:\/\/ubirataonline.com.br\/ministerio-publico-denuncia-vereadora-de-curitiba-por-crime-de-xenofobia-apos-fala-contra-colega-cearense-em-sessao\/#breadcrumb"},"inLanguage":"en-US","potentialAction":[{"@type":"ReadAction","target":["https:\/\/ubirataonline.com.br\/ministerio-publico-denuncia-vereadora-de-curitiba-por-crime-de-xenofobia-apos-fala-contra-colega-cearense-em-sessao\/"]}]},{"@type":"ImageObject","inLanguage":"en-US","@id":"https:\/\/ubirataonline.com.br\/ministerio-publico-denuncia-vereadora-de-curitiba-por-crime-de-xenofobia-apos-fala-contra-colega-cearense-em-sessao\/#primaryimage","url":"https:\/\/ubirataonline.com.br\/wp-content\/uploads\/2026\/08\/news-162877-1786143672.webp","contentUrl":"https:\/\/ubirataonline.com.br\/wp-content\/uploads\/2026\/08\/news-162877-1786143672.webp","width":427,"height":240},{"@type":"BreadcrumbList","@id":"https:\/\/ubirataonline.com.br\/ministerio-publico-denuncia-vereadora-de-curitiba-por-crime-de-xenofobia-apos-fala-contra-colega-cearense-em-sessao\/#breadcrumb","itemListElement":[{"@type":"ListItem","position":1,"name":"In\u00edcio","item":"https:\/\/ubirataonline.com.br\/"},{"@type":"ListItem","position":2,"name":"Minist\u00e9rio P\u00fablico denuncia vereadora de Curitiba por crime de xenofobia ap\u00f3s fala contra colega cearense em sess\u00e3o"}]},{"@type":"WebSite","@id":"https:\/\/ubirataonline.com.br\/#website","url":"https:\/\/ubirataonline.com.br\/","name":"Ubirat\u00e3 Online Not\u00edcias","description":"Not\u00edcias de Ubirat\u00e3, regi\u00e3o, Brasil e mundo, com informa\u00e7\u00e3o atualizada e compromisso com o leitor.","publisher":{"@id":"https:\/\/ubirataonline.com.br\/#organization"},"alternateName":"Ubirat\u00e3 Online","potentialAction":[{"@type":"SearchAction","target":{"@type":"EntryPoint","urlTemplate":"https:\/\/ubirataonline.com.br\/?s={search_term_string}"},"query-input":{"@type":"PropertyValueSpecification","valueRequired":true,"valueName":"search_term_string"}}],"inLanguage":"en-US"},{"@type":["Organization","Place"],"@id":"https:\/\/ubirataonline.com.br\/#organization","name":"Ubirat\u00e3 Online Not\u00edcias","alternateName":"Ubirat\u00e3 Online","url":"https:\/\/ubirataonline.com.br\/","logo":{"@id":"https:\/\/ubirataonline.com.br\/ministerio-publico-denuncia-vereadora-de-curitiba-por-crime-de-xenofobia-apos-fala-contra-colega-cearense-em-sessao\/#local-main-organization-logo"},"image":{"@id":"https:\/\/ubirataonline.com.br\/ministerio-publico-denuncia-vereadora-de-curitiba-por-crime-de-xenofobia-apos-fala-contra-colega-cearense-em-sessao\/#local-main-organization-logo"},"sameAs":["https:\/\/www.facebook.com\/portalubirataonline","https:\/\/x.com\/ubirataonline","https:\/\/mastodon.social\/@ubirataonline","https:\/\/www.facebook.com\/groups\/311144672285604","https:\/\/www.facebook.com\/UBTAOnline","https:\/\/www.instagram.com\/portalubirataonline\/","https:\/\/twitter.com\/ubirataonline"],"description":"Somos um portal de not\u00edcias independente, criado em 5 de janeiro de 2009, com o objetivo de informar, conectar e valorizar a nossa comunidade de Ubirat\u00e3 e toda aregi\u00e3o. Com conte\u00fado atualizado, confi\u00e1vel e relevante, o Ubirat\u00e3 Online \u00e9 o seu espa\u00e7o para ficar por dentro dos principais acontecimentos locais, regionais, Brasil, Mundo e de interesse geral. Nosso compromisso \u00e9 com a verdade, a transpar\u00eancia e o respeito ao leitor.","legalName":"UBIRATA ONLINE NOT\u00cdCIAS","foundingDate":"2009-01-05","numberOfEmployees":{"@type":"QuantitativeValue","minValue":"1","maxValue":"10"},"publishingPrinciples":"https:\/\/ubirataonline.com.br\/faq\/","address":{"@id":"https:\/\/ubirataonline.com.br\/ministerio-publico-denuncia-vereadora-de-curitiba-por-crime-de-xenofobia-apos-fala-contra-colega-cearense-em-sessao\/#local-main-place-address"},"geo":{"@type":"GeoCoordinates","latitude":"-24.5361401","longitude":"-52.9921776"},"telephone":["+5544998308235"],"contactPoint":{"@type":"ContactPoint","email":"contato@ubirataonline.com.br"},"openingHoursSpecification":{"@type":"OpeningHoursSpecification","dayOfWeek":["Monday","Tuesday","Wednesday","Thursday","Friday","Saturday","Sunday"],"opens":"00:00","closes":"23:59"},"email":"contato@ubirataonline.com.br","vatID":"47.621.418\/0001-80"},{"@type":"Person","@id":"https:\/\/ubirataonline.com.br\/#\/schema\/person\/372f87bbd3fdd79b8556b84c98d0bc1c","name":"REDA\u00c7\u00c3O: UBIRAT\u00c3 ONLINE - F\u00c1BIO AUGUSTO CELESTINO","pronouns":"Ele","description":"Desde 2003 trabalhando com not\u00edcias.","sameAs":["http:\/\/ubirataoline.com.br","https:\/\/www.facebook.com\/portalubirataonline","https:\/\/www.instagram.com\/ubirataonline_oficial","https:\/\/x.com\/x.com\/ubirataonline"],"honorificPrefix":"Mr.","honorificSuffix":"MD","birthDate":"1980-06-16","gender":"masculino","award":["V\u00e1rios pr\u00eamios de melhor portal da cidade"],"jobTitle":"Diretor","url":"https:\/\/ubirataonline.com.br\/en\/author\/ubirataonline\/"},{"@type":"PostalAddress","@id":"https:\/\/ubirataonline.com.br\/ministerio-publico-denuncia-vereadora-de-curitiba-por-crime-de-xenofobia-apos-fala-contra-colega-cearense-em-sessao\/#local-main-place-address","streetAddress":"Rua dos Coqueiros, 104 - Bairro Boa Vista, Rua dos Coqueiros, 104 Bairro Boa Vista","addressLocality":"UBIRATA","postalCode":"85440-000","addressRegion":"PR","addressCountry":"BR"},{"@type":"ImageObject","inLanguage":"en-US","@id":"https:\/\/ubirataonline.com.br\/ministerio-publico-denuncia-vereadora-de-curitiba-por-crime-de-xenofobia-apos-fala-contra-colega-cearense-em-sessao\/#local-main-organization-logo","url":"https:\/\/ubirataonline.com.br\/wp-content\/uploads\/2026\/06\/logoubirataonline-1.webp","contentUrl":"https:\/\/ubirataonline.com.br\/wp-content\/uploads\/2026\/06\/logoubirataonline-1.webp","width":500,"height":500,"caption":"Ubirat\u00e3 Online Not\u00edcias"}]},"geo.placename":"UBIRATA","geo.position":{"lat":"-24.5361401","long":"-52.9921776"},"geo.region":"Brazil"},"_links":{"self":[{"href":"https:\/\/ubirataonline.com.br\/en\/wp-json\/wp\/v2\/posts\/162877","targetHints":{"allow":["GET"]}}],"collection":[{"href":"https:\/\/ubirataonline.com.br\/en\/wp-json\/wp\/v2\/posts"}],"about":[{"href":"https:\/\/ubirataonline.com.br\/en\/wp-json\/wp\/v2\/types\/post"}],"author":[{"embeddable":true,"href":"https:\/\/ubirataonline.com.br\/en\/wp-json\/wp\/v2\/users\/1"}],"replies":[{"embeddable":true,"href":"https:\/\/ubirataonline.com.br\/en\/wp-json\/wp\/v2\/comments?post=162877"}],"version-history":[{"count":0,"href":"https:\/\/ubirataonline.com.br\/en\/wp-json\/wp\/v2\/posts\/162877\/revisions"}],"wp:featuredmedia":[{"embeddable":true,"href":"https:\/\/ubirataonline.com.br\/en\/wp-json\/wp\/v2\/media\/162878"}],"wp:attachment":[{"href":"https:\/\/ubirataonline.com.br\/en\/wp-json\/wp\/v2\/media?parent=162877"}],"wp:term":[{"taxonomy":"category","embeddable":true,"href":"https:\/\/ubirataonline.com.br\/en\/wp-json\/wp\/v2\/categories?post=162877"},{"taxonomy":"post_tag","embeddable":true,"href":"https:\/\/ubirataonline.com.br\/en\/wp-json\/wp\/v2\/tags?post=162877"}],"curies":[{"name":"wp","href":"https:\/\/api.w.org\/{rel}","templated":true}]}}