{"id":162945,"date":"2026-08-08T00:28:41","date_gmt":"2026-08-08T03:28:41","guid":{"rendered":"https:\/\/ubirataonline.com.br\/atuacao-do-mppr-no-projeto-mp-em-movimento-contribui-para-solucao-de-problemas-e-aprimoramento-do-atendimento-da-central-190-na-regiao-de-londrina\/"},"modified":"2026-08-08T00:28:42","modified_gmt":"2026-08-08T03:28:42","slug":"atuacao-do-mppr-no-projeto-mp-em-movimento-contribui-para-solucao-de-problemas-e-aprimoramento-do-atendimento-da-central-190-na-regiao-de-londrina","status":"publish","type":"post","link":"https:\/\/ubirataonline.com.br\/en\/atuacao-do-mppr-no-projeto-mp-em-movimento-contribui-para-solucao-de-problemas-e-aprimoramento-do-atendimento-da-central-190-na-regiao-de-londrina\/","title":{"rendered":"Atua\u00e7\u00e3o do MPPR no projeto MP em Movimento contribui para solu\u00e7\u00e3o de problemas e aprimoramento do atendimento da Central 190 na regi\u00e3o de Londrina"},"content":{"rendered":"<p><\/p>\n<div>\n<p>Problemas relatados pela popula\u00e7\u00e3o de Londrina, no Norte Central do estado, relacionados ao atendimento da Central de Emerg\u00eancia 190 da Pol\u00edcia Militar foram solucionados ap\u00f3s interlocu\u00e7\u00e3o promovida pelo Minist\u00e9rio P\u00fablico do Paran\u00e1 no \u00e2mbito do projeto MP em Movimento. Al\u00e9m da normaliza\u00e7\u00e3o do servi\u00e7o, a Pol\u00edcia Militar implementou medidas para aperfei\u00e7oar o funcionamento da Central, que j\u00e1 resultaram na redu\u00e7\u00e3o do tempo de espera e da dura\u00e7\u00e3o dos atendimentos.<\/p>\n<p>A situa\u00e7\u00e3o foi levada ao conhecimento do Minist\u00e9rio P\u00fablico por moradores que relataram dificuldades para acionar o servi\u00e7o de emerg\u00eancia, o que poderia comprometer o atendimento de ocorr\u00eancias policiais e gerar transtornos \u00e0 popula\u00e7\u00e3o.<\/p>\n<p>Durante a realiza\u00e7\u00e3o do MP em Movimento na regi\u00e3o, em 2025, o MPPR promoveu tratativas com a Pol\u00edcia Militar para apurar as causas do problema e buscar uma solu\u00e7\u00e3o. Conforme informado pela corpora\u00e7\u00e3o, j\u00e1 haviam sido identificados ind\u00edcios de instabilidade no funcionamento do servi\u00e7o. A partir das manifesta\u00e7\u00f5es encaminhadas pelo Minist\u00e9rio P\u00fablico, foi poss\u00edvel confirmar a exist\u00eancia de uma falha t\u00e9cnica relacionada \u00e0 operadora de telefonia respons\u00e1vel pelo atendimento.<\/p>\n<p><strong>Solu\u00e7\u00e3o e aperfei\u00e7oamento<\/strong> \u2013 Ap\u00f3s a identifica\u00e7\u00e3o da causa, foram adotadas as provid\u00eancias necess\u00e1rias junto \u00e0 operadora, o que resultou na normaliza\u00e7\u00e3o do servi\u00e7o. Desde ent\u00e3o, conforme informado pela Pol\u00edcia Militar ao Minist\u00e9rio P\u00fablico, n\u00e3o foram registrados novos relatos de dificuldades de acesso da popula\u00e7\u00e3o ao n\u00famero de emerg\u00eancia 190.<\/p>\n<p>Paralelamente, o 5\u00ba Batalh\u00e3o de Pol\u00edcia Militar implementou medidas para fortalecer e otimizar o atendimento prestado pela Central 190. Entre elas est\u00e3o o aperfei\u00e7oamento dos protocolos operacionais, o monitoramento cont\u00ednuo das demandas e a capacita\u00e7\u00e3o de todo o efetivo do Centro de Opera\u00e7\u00f5es Policiais Militares (Copom), por meio do Curso de Atualiza\u00e7\u00e3o em Teleatendimento e Despachos de Ocorr\u00eancias.<\/p>\n<p>Algo observado foi a redu\u00e7\u00e3o do n\u00famero de chamadas recebidas pela Central, que passou de 162.703 para 157.356 no mesmo per\u00edodo. Segundo a Pol\u00edcia Militar, a diminui\u00e7\u00e3o acompanha a redu\u00e7\u00e3o dos \u00edndices de criminalidade na regi\u00e3o e indica menor demanda pelo servi\u00e7o de emerg\u00eancia.<\/p>\n<p><strong>Abrang\u00eancia<\/strong> \u2013 O atendimento da Central 190 coordenado pelo 5\u00ba Batalh\u00e3o abrange os munic\u00edpios de Londrina e Tamarana e conta com refor\u00e7o operacional do 30\u00ba Batalh\u00e3o de Pol\u00edcia Militar, respons\u00e1vel tamb\u00e9m pelo atendimento nos munic\u00edpios de Bela Vista do Para\u00edso, Alvorada do Sul, Primeiro de Maio, Sertan\u00f3polis, Ibipor\u00e3 e Jataizinho.<\/p>\n<p>Parceria institucional \u2013 A tenente-coronel D\u00e9bora Cristina Scremin de Oliveira, da Assessoria Policial Militar junto ao MPPR, destaca que a atua\u00e7\u00e3o conjunta foi essencial para a resolu\u00e7\u00e3o do problema. \u201cA parceria institucional estabelecida no \u00e2mbito do projeto MP em Movimento foi fundamental para a r\u00e1pida identifica\u00e7\u00e3o e solu\u00e7\u00e3o da falha que afetava o acesso da popula\u00e7\u00e3o ao n\u00famero 190 em Londrina. Essa experi\u00eancia demonstra a import\u00e2ncia do di\u00e1logo entre os \u00f3rg\u00e3os p\u00fablicos e da escuta das demandas da sociedade para oferecer um servi\u00e7o de emerg\u00eancia cada vez mais eficiente e acess\u00edvel aos cidad\u00e3os.\u201d<\/p>\n<p><strong>MP em Movimento<\/strong> \u2013 A iniciativa leva, por alguns dias, a estrutura da Procuradoria-Geral de Justi\u00e7a a munic\u00edpios do interior do estado para aproximar o Minist\u00e9rio P\u00fablico da popula\u00e7\u00e3o e dos gestores p\u00fablicos, fortalecendo o di\u00e1logo institucional e contribuindo para a solu\u00e7\u00e3o mais r\u00e1pida e efetiva de demandas relevantes para cada regi\u00e3o.<\/p>\n<p><em>Informa\u00e7\u00f5es para a imprensa:<\/em><br \/><em>Assessoria de Comunica\u00e7\u00e3o<br \/><a href=\"https:\/\/mppr.mp.br\/cdn-cgi\/l\/email-protection\" class=\"__cf_email__\" data-cfemail=\"d3b0bcbea6bdbab0b2b0b2bc93bea3a3a1fdbea3fdb1a1\">[email\u00a0protected]<\/a><br \/>(41) 3250-4226<\/em><\/p>\n<\/div>\n<p><a href=\"https:\/\/ubirataonline.com.br\/noticias\/\" target=\"_blank\" rel=\"noopener noreferrer\">Mais Not\u00edcias<\/a><\/p>\n<p><a href=\"https:\/\/ubirataonline.com.br\" target=\"_blank\" rel=\"noopener noreferrer\">Home Page &#8211; In\u00edcio<\/a><\/p>\n<p><a href=\"https:\/\/mppr.mp.br\/Noticia\/Atuacao-do-MPPR-no-projeto-MP-em-Movimento-contribui-para-solucao-de-problemas-e\">Source link <\/a><br \/>\nSee more: <a href=\"https:\/\/theglobaltrack.com\/\" target=\"_blank\" rel=\"noopener noreferrer\">The Global Track<\/a><\/p>\n<p><a href=\"https:\/\/corinthiames.com.br\/\" target=\"_blank\" rel=\"noopener noreferrer\">Corinthia Mes<\/a><\/p>\n","protected":false},"excerpt":{"rendered":"<p>Problemas relatados pela popula\u00e7\u00e3o de Londrina, no Norte Central do estado, relacionados ao atendimento da Central de Emerg\u00eancia 190 da Pol\u00edcia Militar foram solucionados ap\u00f3s interlocu\u00e7\u00e3o promovida pelo Minist\u00e9rio P\u00fablico do Paran\u00e1 no \u00e2mbito do projeto MP em Movimento. Al\u00e9m da normaliza\u00e7\u00e3o do servi\u00e7o, a Pol\u00edcia Militar implementou medidas para aperfei\u00e7oar o funcionamento da Central, [&hellip;]<\/p>\n","protected":false},"author":1,"featured_media":162946,"comment_status":"closed","ping_status":"","sticky":false,"template":"","format":"standard","meta":{"googlesitekit_rrm_CAow2JLhCw:productID":"","_gspb_post_css":"","maa_idioma":"","maa_pais":"","footnotes":""},"categories":[4],"tags":[43878,4265,3871,4991,43877,6040,264,1632,2904,21805,4216,6267,9026],"class_list":["post-162945","post","type-post","status-publish","format-standard","has-post-thumbnail","hentry","category-brasil","tag-aprimoramento","tag-atendimento","tag-atuacao","tag-central","tag-contribui","tag-londrina","tag-movimento","tag-mppr","tag-para","tag-problemas","tag-projeto","tag-regiao","tag-solucao"],"blocksy_meta":[],"yoast_head":"<!-- This site is optimized with the Yoast SEO Premium plugin v27.6 (Yoast SEO v27.6) - https:\/\/yoast.com\/product\/yoast-seo-premium-wordpress\/ -->\n<title>Atua\u00e7\u00e3o do MPPR no projeto MP em Movimento contribui para solu\u00e7\u00e3o de problemas e aprimoramento do atendimento da Central 190 na regi\u00e3o de Londrina - Ubirat\u00e3 Online Not\u00edcias - A realidade ao seu alcance!<\/title>\n<meta name=\"description\" content=\"Problemas relatados pela popula\u00e7\u00e3o de Londrina, no Norte Central do estado, relacionados ao atendimento da Central de Emerg\u00eancia 190 da Pol\u00edcia Militar foram solucionados ap\u00f3s interlocu\u00e7\u00e3o promovida pelo Minist\u00e9rio P\u00fablico do Paran\u00e1 no \u00e2mbito d\" \/>\n<meta name=\"robots\" content=\"index, follow, max-snippet:-1, max-image-preview:large, max-video-preview:-1\" \/>\n<link rel=\"canonical\" href=\"https:\/\/ubirataonline.com.br\/en\/atuacao-do-mppr-no-projeto-mp-em-movimento-contribui-para-solucao-de-problemas-e-aprimoramento-do-atendimento-da-central-190-na-regiao-de-londrina\/\" \/>\n<meta property=\"og:locale\" content=\"en_US\" \/>\n<meta property=\"og:type\" content=\"article\" \/>\n<meta property=\"og:title\" content=\"Atua\u00e7\u00e3o do MPPR no projeto MP em Movimento contribui para solu\u00e7\u00e3o de problemas e aprimoramento do atendimento da Central 190 na regi\u00e3o de Londrina\" \/>\n<meta property=\"og:description\" content=\"Problemas relatados pela popula\u00e7\u00e3o de Londrina, no Norte Central do estado, relacionados ao atendimento da Central de Emerg\u00eancia 190 da Pol\u00edcia Militar foram solucionados ap\u00f3s interlocu\u00e7\u00e3o promovida pelo Minist\u00e9rio P\u00fablico do Paran\u00e1 no \u00e2mbito d\" \/>\n<meta property=\"og:url\" content=\"https:\/\/ubirataonline.com.br\/en\/atuacao-do-mppr-no-projeto-mp-em-movimento-contribui-para-solucao-de-problemas-e-aprimoramento-do-atendimento-da-central-190-na-regiao-de-londrina\/\" \/>\n<meta property=\"og:site_name\" content=\"Ubirat\u00e3 Online Not\u00edcias - A realidade ao seu alcance!\" \/>\n<meta property=\"article:publisher\" content=\"https:\/\/www.facebook.com\/portalubirataonline\" \/>\n<meta property=\"article:author\" content=\"https:\/\/www.facebook.com\/portalubirataonline\" \/>\n<meta property=\"article:published_time\" content=\"2026-08-08T03:28:41+00:00\" \/>\n<meta property=\"article:modified_time\" content=\"2026-08-08T03:28:42+00:00\" \/>\n<meta property=\"og:image\" content=\"https:\/\/ubirataonline.com.br\/wp-content\/uploads\/2026\/08\/Atuacao-do-MPPR-no-projeto-MP-em-Movimento-contribui-para.png\" \/>\n\t<meta property=\"og:image:width\" content=\"240\" \/>\n\t<meta property=\"og:image:height\" content=\"240\" \/>\n\t<meta property=\"og:image:type\" content=\"image\/png\" \/>\n<meta name=\"author\" content=\"REDA\u00c7\u00c3O: UBIRAT\u00c3 ONLINE - F\u00c1BIO AUGUSTO CELESTINO\" \/>\n<meta name=\"twitter:card\" content=\"summary_large_image\" \/>\n<meta name=\"twitter:creator\" content=\"@x.com\/ubirataonline\" \/>\n<meta name=\"twitter:site\" content=\"@ubirataonline\" \/>\n<meta name=\"twitter:label1\" content=\"Written by\" \/>\n\t<meta name=\"twitter:data1\" content=\"REDA\u00c7\u00c3O: UBIRAT\u00c3 ONLINE - F\u00c1BIO AUGUSTO CELESTINO\" \/>\n\t<meta name=\"twitter:label2\" content=\"Est. reading time\" \/>\n\t<meta name=\"twitter:data2\" content=\"3 minutes\" \/>\n<script type=\"application\/ld+json\" class=\"yoast-schema-graph\">{\"@context\":\"https:\\\/\\\/schema.org\",\"@graph\":[{\"@type\":\"NewsArticle\",\"@id\":\"https:\\\/\\\/ubirataonline.com.br\\\/atuacao-do-mppr-no-projeto-mp-em-movimento-contribui-para-solucao-de-problemas-e-aprimoramento-do-atendimento-da-central-190-na-regiao-de-londrina\\\/#article\",\"isPartOf\":{\"@id\":\"https:\\\/\\\/ubirataonline.com.br\\\/atuacao-do-mppr-no-projeto-mp-em-movimento-contribui-para-solucao-de-problemas-e-aprimoramento-do-atendimento-da-central-190-na-regiao-de-londrina\\\/\"},\"author\":{\"name\":\"REDA\u00c7\u00c3O: UBIRAT\u00c3 ONLINE - F\u00c1BIO AUGUSTO CELESTINO\",\"@id\":\"https:\\\/\\\/ubirataonline.com.br\\\/#\\\/schema\\\/person\\\/372f87bbd3fdd79b8556b84c98d0bc1c\"},\"headline\":\"Atua\u00e7\u00e3o do MPPR no projeto MP em Movimento contribui para solu\u00e7\u00e3o de problemas e aprimoramento do atendimento da Central 190 na regi\u00e3o de Londrina\",\"datePublished\":\"2026-08-08T03:28:41+00:00\",\"dateModified\":\"2026-08-08T03:28:42+00:00\",\"mainEntityOfPage\":{\"@id\":\"https:\\\/\\\/ubirataonline.com.br\\\/atuacao-do-mppr-no-projeto-mp-em-movimento-contribui-para-solucao-de-problemas-e-aprimoramento-do-atendimento-da-central-190-na-regiao-de-londrina\\\/\"},\"wordCount\":663,\"publisher\":{\"@id\":\"https:\\\/\\\/ubirataonline.com.br\\\/#organization\"},\"image\":{\"@id\":\"https:\\\/\\\/ubirataonline.com.br\\\/atuacao-do-mppr-no-projeto-mp-em-movimento-contribui-para-solucao-de-problemas-e-aprimoramento-do-atendimento-da-central-190-na-regiao-de-londrina\\\/#primaryimage\"},\"thumbnailUrl\":\"https:\\\/\\\/ubirataonline.com.br\\\/wp-content\\\/uploads\\\/2026\\\/08\\\/Atuacao-do-MPPR-no-projeto-MP-em-Movimento-contribui-para.png\",\"keywords\":[\"aprimoramento\",\"atendimento\",\"atua\u00e7\u00e3o\",\"central\",\"contribui\",\"Londrina\",\"Movimento\",\"MPPR\",\"para\",\"Problemas\",\"projeto\",\"regi\u00e3o\",\"solu\u00e7\u00e3o\"],\"articleSection\":[\"Brasil\"],\"inLanguage\":\"en-US\",\"copyrightYear\":\"2026\",\"copyrightHolder\":{\"@id\":\"https:\\\/\\\/ubirataonline.com.br\\\/en\\\/#organization\"}},{\"@type\":\"WebPage\",\"@id\":\"https:\\\/\\\/ubirataonline.com.br\\\/atuacao-do-mppr-no-projeto-mp-em-movimento-contribui-para-solucao-de-problemas-e-aprimoramento-do-atendimento-da-central-190-na-regiao-de-londrina\\\/\",\"url\":\"https:\\\/\\\/ubirataonline.com.br\\\/atuacao-do-mppr-no-projeto-mp-em-movimento-contribui-para-solucao-de-problemas-e-aprimoramento-do-atendimento-da-central-190-na-regiao-de-londrina\\\/\",\"name\":\"Atua\u00e7\u00e3o do MPPR no projeto MP em Movimento contribui para solu\u00e7\u00e3o de problemas e aprimoramento do atendimento da Central 190 na regi\u00e3o de Londrina - Ubirat\u00e3 Online Not\u00edcias - A realidade ao seu alcance!\",\"isPartOf\":{\"@id\":\"https:\\\/\\\/ubirataonline.com.br\\\/#website\"},\"primaryImageOfPage\":{\"@id\":\"https:\\\/\\\/ubirataonline.com.br\\\/atuacao-do-mppr-no-projeto-mp-em-movimento-contribui-para-solucao-de-problemas-e-aprimoramento-do-atendimento-da-central-190-na-regiao-de-londrina\\\/#primaryimage\"},\"image\":{\"@id\":\"https:\\\/\\\/ubirataonline.com.br\\\/atuacao-do-mppr-no-projeto-mp-em-movimento-contribui-para-solucao-de-problemas-e-aprimoramento-do-atendimento-da-central-190-na-regiao-de-londrina\\\/#primaryimage\"},\"thumbnailUrl\":\"https:\\\/\\\/ubirataonline.com.br\\\/wp-content\\\/uploads\\\/2026\\\/08\\\/Atuacao-do-MPPR-no-projeto-MP-em-Movimento-contribui-para.png\",\"datePublished\":\"2026-08-08T03:28:41+00:00\",\"dateModified\":\"2026-08-08T03:28:42+00:00\",\"description\":\"Problemas relatados pela popula\u00e7\u00e3o de Londrina, no Norte Central do estado, relacionados ao atendimento da Central de Emerg\u00eancia 190 da Pol\u00edcia Militar foram solucionados ap\u00f3s interlocu\u00e7\u00e3o promovida pelo Minist\u00e9rio P\u00fablico do Paran\u00e1 no \u00e2mbito d\",\"breadcrumb\":{\"@id\":\"https:\\\/\\\/ubirataonline.com.br\\\/atuacao-do-mppr-no-projeto-mp-em-movimento-contribui-para-solucao-de-problemas-e-aprimoramento-do-atendimento-da-central-190-na-regiao-de-londrina\\\/#breadcrumb\"},\"inLanguage\":\"en-US\",\"potentialAction\":[{\"@type\":\"ReadAction\",\"target\":[\"https:\\\/\\\/ubirataonline.com.br\\\/atuacao-do-mppr-no-projeto-mp-em-movimento-contribui-para-solucao-de-problemas-e-aprimoramento-do-atendimento-da-central-190-na-regiao-de-londrina\\\/\"]}]},{\"@type\":\"ImageObject\",\"inLanguage\":\"en-US\",\"@id\":\"https:\\\/\\\/ubirataonline.com.br\\\/atuacao-do-mppr-no-projeto-mp-em-movimento-contribui-para-solucao-de-problemas-e-aprimoramento-do-atendimento-da-central-190-na-regiao-de-londrina\\\/#primaryimage\",\"url\":\"https:\\\/\\\/ubirataonline.com.br\\\/wp-content\\\/uploads\\\/2026\\\/08\\\/Atuacao-do-MPPR-no-projeto-MP-em-Movimento-contribui-para.png\",\"contentUrl\":\"https:\\\/\\\/ubirataonline.com.br\\\/wp-content\\\/uploads\\\/2026\\\/08\\\/Atuacao-do-MPPR-no-projeto-MP-em-Movimento-contribui-para.png\",\"width\":240,\"height\":240,\"caption\":\"Atua\u00e7\u00e3o do MPPR no projeto MP em Movimento contribui para solu\u00e7\u00e3o de problemas e aprimoramento do atendimento da Central 190 na regi\u00e3o de Londrina\"},{\"@type\":\"BreadcrumbList\",\"@id\":\"https:\\\/\\\/ubirataonline.com.br\\\/atuacao-do-mppr-no-projeto-mp-em-movimento-contribui-para-solucao-de-problemas-e-aprimoramento-do-atendimento-da-central-190-na-regiao-de-londrina\\\/#breadcrumb\",\"itemListElement\":[{\"@type\":\"ListItem\",\"position\":1,\"name\":\"In\u00edcio\",\"item\":\"https:\\\/\\\/ubirataonline.com.br\\\/\"},{\"@type\":\"ListItem\",\"position\":2,\"name\":\"Atua\u00e7\u00e3o do MPPR no projeto MP em Movimento contribui para solu\u00e7\u00e3o de problemas e aprimoramento do atendimento da Central 190 na regi\u00e3o de Londrina\"}]},{\"@type\":\"WebSite\",\"@id\":\"https:\\\/\\\/ubirataonline.com.br\\\/#website\",\"url\":\"https:\\\/\\\/ubirataonline.com.br\\\/\",\"name\":\"Ubirat\u00e3 Online Not\u00edcias\",\"description\":\"Not\u00edcias de Ubirat\u00e3, regi\u00e3o, Brasil e mundo, com informa\u00e7\u00e3o atualizada e compromisso com o leitor.\",\"publisher\":{\"@id\":\"https:\\\/\\\/ubirataonline.com.br\\\/#organization\"},\"alternateName\":\"Ubirat\u00e3 Online\",\"potentialAction\":[{\"@type\":\"SearchAction\",\"target\":{\"@type\":\"EntryPoint\",\"urlTemplate\":\"https:\\\/\\\/ubirataonline.com.br\\\/?s={search_term_string}\"},\"query-input\":{\"@type\":\"PropertyValueSpecification\",\"valueRequired\":true,\"valueName\":\"search_term_string\"}}],\"inLanguage\":\"en-US\"},{\"@type\":[\"Organization\",\"Place\"],\"@id\":\"https:\\\/\\\/ubirataonline.com.br\\\/#organization\",\"name\":\"Ubirat\u00e3 Online Not\u00edcias\",\"alternateName\":\"Ubirat\u00e3 Online\",\"url\":\"https:\\\/\\\/ubirataonline.com.br\\\/\",\"logo\":{\"@id\":\"https:\\\/\\\/ubirataonline.com.br\\\/atuacao-do-mppr-no-projeto-mp-em-movimento-contribui-para-solucao-de-problemas-e-aprimoramento-do-atendimento-da-central-190-na-regiao-de-londrina\\\/#local-main-organization-logo\"},\"image\":{\"@id\":\"https:\\\/\\\/ubirataonline.com.br\\\/atuacao-do-mppr-no-projeto-mp-em-movimento-contribui-para-solucao-de-problemas-e-aprimoramento-do-atendimento-da-central-190-na-regiao-de-londrina\\\/#local-main-organization-logo\"},\"sameAs\":[\"https:\\\/\\\/www.facebook.com\\\/portalubirataonline\",\"https:\\\/\\\/x.com\\\/ubirataonline\",\"https:\\\/\\\/mastodon.social\\\/@ubirataonline\",\"https:\\\/\\\/www.facebook.com\\\/groups\\\/311144672285604\",\"https:\\\/\\\/www.facebook.com\\\/UBTAOnline\",\"https:\\\/\\\/www.instagram.com\\\/portalubirataonline\\\/\",\"https:\\\/\\\/twitter.com\\\/ubirataonline\"],\"description\":\"Somos um portal de not\u00edcias independente, criado em 5 de janeiro de 2009, com o objetivo de informar, conectar e valorizar a nossa comunidade de Ubirat\u00e3 e toda aregi\u00e3o. Com conte\u00fado atualizado, confi\u00e1vel e relevante, o Ubirat\u00e3 Online \u00e9 o seu espa\u00e7o para ficar por dentro dos principais acontecimentos locais, regionais, Brasil, Mundo e de interesse geral. Nosso compromisso \u00e9 com a verdade, a transpar\u00eancia e o respeito ao leitor.\",\"legalName\":\"UBIRATA ONLINE NOT\u00cdCIAS\",\"foundingDate\":\"2009-01-05\",\"numberOfEmployees\":{\"@type\":\"QuantitativeValue\",\"minValue\":\"1\",\"maxValue\":\"10\"},\"publishingPrinciples\":\"https:\\\/\\\/ubirataonline.com.br\\\/faq\\\/\",\"address\":{\"@id\":\"https:\\\/\\\/ubirataonline.com.br\\\/atuacao-do-mppr-no-projeto-mp-em-movimento-contribui-para-solucao-de-problemas-e-aprimoramento-do-atendimento-da-central-190-na-regiao-de-londrina\\\/#local-main-place-address\"},\"geo\":{\"@type\":\"GeoCoordinates\",\"latitude\":\"-24.5361401\",\"longitude\":\"-52.9921776\"},\"telephone\":[\"+5544998308235\"],\"contactPoint\":{\"@type\":\"ContactPoint\",\"email\":\"contato@ubirataonline.com.br\"},\"openingHoursSpecification\":{\"@type\":\"OpeningHoursSpecification\",\"dayOfWeek\":[\"Monday\",\"Tuesday\",\"Wednesday\",\"Thursday\",\"Friday\",\"Saturday\",\"Sunday\"],\"opens\":\"00:00\",\"closes\":\"23:59\"},\"email\":\"contato@ubirataonline.com.br\",\"vatID\":\"47.621.418\\\/0001-80\"},{\"@type\":\"Person\",\"@id\":\"https:\\\/\\\/ubirataonline.com.br\\\/#\\\/schema\\\/person\\\/372f87bbd3fdd79b8556b84c98d0bc1c\",\"name\":\"REDA\u00c7\u00c3O: UBIRAT\u00c3 ONLINE - F\u00c1BIO AUGUSTO CELESTINO\",\"pronouns\":\"Ele\",\"description\":\"Desde 2003 trabalhando com not\u00edcias.\",\"sameAs\":[\"http:\\\/\\\/ubirataoline.com.br\",\"https:\\\/\\\/www.facebook.com\\\/portalubirataonline\",\"https:\\\/\\\/www.instagram.com\\\/ubirataonline_oficial\",\"https:\\\/\\\/x.com\\\/x.com\\\/ubirataonline\"],\"honorificPrefix\":\"Mr.\",\"honorificSuffix\":\"MD\",\"birthDate\":\"1980-06-16\",\"gender\":\"masculino\",\"award\":[\"V\u00e1rios pr\u00eamios de melhor portal da cidade\"],\"jobTitle\":\"Diretor\",\"url\":\"https:\\\/\\\/ubirataonline.com.br\\\/en\\\/author\\\/ubirataonline\\\/\"},{\"@type\":\"PostalAddress\",\"@id\":\"https:\\\/\\\/ubirataonline.com.br\\\/atuacao-do-mppr-no-projeto-mp-em-movimento-contribui-para-solucao-de-problemas-e-aprimoramento-do-atendimento-da-central-190-na-regiao-de-londrina\\\/#local-main-place-address\",\"streetAddress\":\"Rua dos Coqueiros, 104 - Bairro Boa Vista, Rua dos Coqueiros, 104 Bairro Boa Vista\",\"addressLocality\":\"UBIRATA\",\"postalCode\":\"85440-000\",\"addressRegion\":\"PR\",\"addressCountry\":\"BR\"},{\"@type\":\"ImageObject\",\"inLanguage\":\"en-US\",\"@id\":\"https:\\\/\\\/ubirataonline.com.br\\\/atuacao-do-mppr-no-projeto-mp-em-movimento-contribui-para-solucao-de-problemas-e-aprimoramento-do-atendimento-da-central-190-na-regiao-de-londrina\\\/#local-main-organization-logo\",\"url\":\"https:\\\/\\\/ubirataonline.com.br\\\/wp-content\\\/uploads\\\/2026\\\/06\\\/logoubirataonline-1.webp\",\"contentUrl\":\"https:\\\/\\\/ubirataonline.com.br\\\/wp-content\\\/uploads\\\/2026\\\/06\\\/logoubirataonline-1.webp\",\"width\":500,\"height\":500,\"caption\":\"Ubirat\u00e3 Online Not\u00edcias\"}]}<\/script>\n<meta name=\"geo.placename\" content=\"UBIRATA\" \/>\n<meta name=\"geo.position\" content=\"-24.5361401;-52.9921776\" \/>\n<meta name=\"geo.region\" content=\"Brazil\" \/>\n<!-- \/ Yoast SEO Premium plugin. -->","yoast_head_json":{"title":"Atua\u00e7\u00e3o do MPPR no projeto MP em Movimento contribui para solu\u00e7\u00e3o de problemas e aprimoramento do atendimento da Central 190 na regi\u00e3o de Londrina - Ubirat\u00e3 Online Not\u00edcias - A realidade ao seu alcance!","description":"Problemas relatados pela popula\u00e7\u00e3o de Londrina, no Norte Central do estado, relacionados ao atendimento da Central de Emerg\u00eancia 190 da Pol\u00edcia Militar foram solucionados ap\u00f3s interlocu\u00e7\u00e3o promovida pelo Minist\u00e9rio P\u00fablico do Paran\u00e1 no \u00e2mbito d","robots":{"index":"index","follow":"follow","max-snippet":"max-snippet:-1","max-image-preview":"max-image-preview:large","max-video-preview":"max-video-preview:-1"},"canonical":"https:\/\/ubirataonline.com.br\/en\/atuacao-do-mppr-no-projeto-mp-em-movimento-contribui-para-solucao-de-problemas-e-aprimoramento-do-atendimento-da-central-190-na-regiao-de-londrina\/","og_locale":"en_US","og_type":"article","og_title":"Atua\u00e7\u00e3o do MPPR no projeto MP em Movimento contribui para solu\u00e7\u00e3o de problemas e aprimoramento do atendimento da Central 190 na regi\u00e3o de Londrina","og_description":"Problemas relatados pela popula\u00e7\u00e3o de Londrina, no Norte Central do estado, relacionados ao atendimento da Central de Emerg\u00eancia 190 da Pol\u00edcia Militar foram solucionados ap\u00f3s interlocu\u00e7\u00e3o promovida pelo Minist\u00e9rio P\u00fablico do Paran\u00e1 no \u00e2mbito d","og_url":"https:\/\/ubirataonline.com.br\/en\/atuacao-do-mppr-no-projeto-mp-em-movimento-contribui-para-solucao-de-problemas-e-aprimoramento-do-atendimento-da-central-190-na-regiao-de-londrina\/","og_site_name":"Ubirat\u00e3 Online Not\u00edcias - A realidade ao seu alcance!","article_publisher":"https:\/\/www.facebook.com\/portalubirataonline","article_author":"https:\/\/www.facebook.com\/portalubirataonline","article_published_time":"2026-08-08T03:28:41+00:00","article_modified_time":"2026-08-08T03:28:42+00:00","og_image":[{"width":240,"height":240,"url":"https:\/\/ubirataonline.com.br\/wp-content\/uploads\/2026\/08\/Atuacao-do-MPPR-no-projeto-MP-em-Movimento-contribui-para.png","type":"image\/png"}],"author":"REDA\u00c7\u00c3O: UBIRAT\u00c3 ONLINE - F\u00c1BIO AUGUSTO CELESTINO","twitter_card":"summary_large_image","twitter_creator":"@x.com\/ubirataonline","twitter_site":"@ubirataonline","twitter_misc":{"Written by":"REDA\u00c7\u00c3O: UBIRAT\u00c3 ONLINE - F\u00c1BIO AUGUSTO CELESTINO","Est. reading time":"3 minutes"},"schema":{"@context":"https:\/\/schema.org","@graph":[{"@type":"NewsArticle","@id":"https:\/\/ubirataonline.com.br\/atuacao-do-mppr-no-projeto-mp-em-movimento-contribui-para-solucao-de-problemas-e-aprimoramento-do-atendimento-da-central-190-na-regiao-de-londrina\/#article","isPartOf":{"@id":"https:\/\/ubirataonline.com.br\/atuacao-do-mppr-no-projeto-mp-em-movimento-contribui-para-solucao-de-problemas-e-aprimoramento-do-atendimento-da-central-190-na-regiao-de-londrina\/"},"author":{"name":"REDA\u00c7\u00c3O: UBIRAT\u00c3 ONLINE - F\u00c1BIO AUGUSTO CELESTINO","@id":"https:\/\/ubirataonline.com.br\/#\/schema\/person\/372f87bbd3fdd79b8556b84c98d0bc1c"},"headline":"Atua\u00e7\u00e3o do MPPR no projeto MP em Movimento contribui para solu\u00e7\u00e3o de problemas e aprimoramento do atendimento da Central 190 na regi\u00e3o de Londrina","datePublished":"2026-08-08T03:28:41+00:00","dateModified":"2026-08-08T03:28:42+00:00","mainEntityOfPage":{"@id":"https:\/\/ubirataonline.com.br\/atuacao-do-mppr-no-projeto-mp-em-movimento-contribui-para-solucao-de-problemas-e-aprimoramento-do-atendimento-da-central-190-na-regiao-de-londrina\/"},"wordCount":663,"publisher":{"@id":"https:\/\/ubirataonline.com.br\/#organization"},"image":{"@id":"https:\/\/ubirataonline.com.br\/atuacao-do-mppr-no-projeto-mp-em-movimento-contribui-para-solucao-de-problemas-e-aprimoramento-do-atendimento-da-central-190-na-regiao-de-londrina\/#primaryimage"},"thumbnailUrl":"https:\/\/ubirataonline.com.br\/wp-content\/uploads\/2026\/08\/Atuacao-do-MPPR-no-projeto-MP-em-Movimento-contribui-para.png","keywords":["aprimoramento","atendimento","atua\u00e7\u00e3o","central","contribui","Londrina","Movimento","MPPR","para","Problemas","projeto","regi\u00e3o","solu\u00e7\u00e3o"],"articleSection":["Brasil"],"inLanguage":"en-US","copyrightYear":"2026","copyrightHolder":{"@id":"https:\/\/ubirataonline.com.br\/en\/#organization"}},{"@type":"WebPage","@id":"https:\/\/ubirataonline.com.br\/atuacao-do-mppr-no-projeto-mp-em-movimento-contribui-para-solucao-de-problemas-e-aprimoramento-do-atendimento-da-central-190-na-regiao-de-londrina\/","url":"https:\/\/ubirataonline.com.br\/atuacao-do-mppr-no-projeto-mp-em-movimento-contribui-para-solucao-de-problemas-e-aprimoramento-do-atendimento-da-central-190-na-regiao-de-londrina\/","name":"Atua\u00e7\u00e3o do MPPR no projeto MP em Movimento contribui para solu\u00e7\u00e3o de problemas e aprimoramento do atendimento da Central 190 na regi\u00e3o de Londrina - Ubirat\u00e3 Online Not\u00edcias - A realidade ao seu alcance!","isPartOf":{"@id":"https:\/\/ubirataonline.com.br\/#website"},"primaryImageOfPage":{"@id":"https:\/\/ubirataonline.com.br\/atuacao-do-mppr-no-projeto-mp-em-movimento-contribui-para-solucao-de-problemas-e-aprimoramento-do-atendimento-da-central-190-na-regiao-de-londrina\/#primaryimage"},"image":{"@id":"https:\/\/ubirataonline.com.br\/atuacao-do-mppr-no-projeto-mp-em-movimento-contribui-para-solucao-de-problemas-e-aprimoramento-do-atendimento-da-central-190-na-regiao-de-londrina\/#primaryimage"},"thumbnailUrl":"https:\/\/ubirataonline.com.br\/wp-content\/uploads\/2026\/08\/Atuacao-do-MPPR-no-projeto-MP-em-Movimento-contribui-para.png","datePublished":"2026-08-08T03:28:41+00:00","dateModified":"2026-08-08T03:28:42+00:00","description":"Problemas relatados pela popula\u00e7\u00e3o de Londrina, no Norte Central do estado, relacionados ao atendimento da Central de Emerg\u00eancia 190 da Pol\u00edcia Militar foram solucionados ap\u00f3s interlocu\u00e7\u00e3o promovida pelo Minist\u00e9rio P\u00fablico do Paran\u00e1 no \u00e2mbito d","breadcrumb":{"@id":"https:\/\/ubirataonline.com.br\/atuacao-do-mppr-no-projeto-mp-em-movimento-contribui-para-solucao-de-problemas-e-aprimoramento-do-atendimento-da-central-190-na-regiao-de-londrina\/#breadcrumb"},"inLanguage":"en-US","potentialAction":[{"@type":"ReadAction","target":["https:\/\/ubirataonline.com.br\/atuacao-do-mppr-no-projeto-mp-em-movimento-contribui-para-solucao-de-problemas-e-aprimoramento-do-atendimento-da-central-190-na-regiao-de-londrina\/"]}]},{"@type":"ImageObject","inLanguage":"en-US","@id":"https:\/\/ubirataonline.com.br\/atuacao-do-mppr-no-projeto-mp-em-movimento-contribui-para-solucao-de-problemas-e-aprimoramento-do-atendimento-da-central-190-na-regiao-de-londrina\/#primaryimage","url":"https:\/\/ubirataonline.com.br\/wp-content\/uploads\/2026\/08\/Atuacao-do-MPPR-no-projeto-MP-em-Movimento-contribui-para.png","contentUrl":"https:\/\/ubirataonline.com.br\/wp-content\/uploads\/2026\/08\/Atuacao-do-MPPR-no-projeto-MP-em-Movimento-contribui-para.png","width":240,"height":240,"caption":"Atua\u00e7\u00e3o do MPPR no projeto MP em Movimento contribui para solu\u00e7\u00e3o de problemas e aprimoramento do atendimento da Central 190 na regi\u00e3o de Londrina"},{"@type":"BreadcrumbList","@id":"https:\/\/ubirataonline.com.br\/atuacao-do-mppr-no-projeto-mp-em-movimento-contribui-para-solucao-de-problemas-e-aprimoramento-do-atendimento-da-central-190-na-regiao-de-londrina\/#breadcrumb","itemListElement":[{"@type":"ListItem","position":1,"name":"In\u00edcio","item":"https:\/\/ubirataonline.com.br\/"},{"@type":"ListItem","position":2,"name":"Atua\u00e7\u00e3o do MPPR no projeto MP em Movimento contribui para solu\u00e7\u00e3o de problemas e aprimoramento do atendimento da Central 190 na regi\u00e3o de Londrina"}]},{"@type":"WebSite","@id":"https:\/\/ubirataonline.com.br\/#website","url":"https:\/\/ubirataonline.com.br\/","name":"Ubirat\u00e3 Online Not\u00edcias","description":"Not\u00edcias de Ubirat\u00e3, regi\u00e3o, Brasil e mundo, com informa\u00e7\u00e3o atualizada e compromisso com o leitor.","publisher":{"@id":"https:\/\/ubirataonline.com.br\/#organization"},"alternateName":"Ubirat\u00e3 Online","potentialAction":[{"@type":"SearchAction","target":{"@type":"EntryPoint","urlTemplate":"https:\/\/ubirataonline.com.br\/?s={search_term_string}"},"query-input":{"@type":"PropertyValueSpecification","valueRequired":true,"valueName":"search_term_string"}}],"inLanguage":"en-US"},{"@type":["Organization","Place"],"@id":"https:\/\/ubirataonline.com.br\/#organization","name":"Ubirat\u00e3 Online Not\u00edcias","alternateName":"Ubirat\u00e3 Online","url":"https:\/\/ubirataonline.com.br\/","logo":{"@id":"https:\/\/ubirataonline.com.br\/atuacao-do-mppr-no-projeto-mp-em-movimento-contribui-para-solucao-de-problemas-e-aprimoramento-do-atendimento-da-central-190-na-regiao-de-londrina\/#local-main-organization-logo"},"image":{"@id":"https:\/\/ubirataonline.com.br\/atuacao-do-mppr-no-projeto-mp-em-movimento-contribui-para-solucao-de-problemas-e-aprimoramento-do-atendimento-da-central-190-na-regiao-de-londrina\/#local-main-organization-logo"},"sameAs":["https:\/\/www.facebook.com\/portalubirataonline","https:\/\/x.com\/ubirataonline","https:\/\/mastodon.social\/@ubirataonline","https:\/\/www.facebook.com\/groups\/311144672285604","https:\/\/www.facebook.com\/UBTAOnline","https:\/\/www.instagram.com\/portalubirataonline\/","https:\/\/twitter.com\/ubirataonline"],"description":"Somos um portal de not\u00edcias independente, criado em 5 de janeiro de 2009, com o objetivo de informar, conectar e valorizar a nossa comunidade de Ubirat\u00e3 e toda aregi\u00e3o. Com conte\u00fado atualizado, confi\u00e1vel e relevante, o Ubirat\u00e3 Online \u00e9 o seu espa\u00e7o para ficar por dentro dos principais acontecimentos locais, regionais, Brasil, Mundo e de interesse geral. Nosso compromisso \u00e9 com a verdade, a transpar\u00eancia e o respeito ao leitor.","legalName":"UBIRATA ONLINE NOT\u00cdCIAS","foundingDate":"2009-01-05","numberOfEmployees":{"@type":"QuantitativeValue","minValue":"1","maxValue":"10"},"publishingPrinciples":"https:\/\/ubirataonline.com.br\/faq\/","address":{"@id":"https:\/\/ubirataonline.com.br\/atuacao-do-mppr-no-projeto-mp-em-movimento-contribui-para-solucao-de-problemas-e-aprimoramento-do-atendimento-da-central-190-na-regiao-de-londrina\/#local-main-place-address"},"geo":{"@type":"GeoCoordinates","latitude":"-24.5361401","longitude":"-52.9921776"},"telephone":["+5544998308235"],"contactPoint":{"@type":"ContactPoint","email":"contato@ubirataonline.com.br"},"openingHoursSpecification":{"@type":"OpeningHoursSpecification","dayOfWeek":["Monday","Tuesday","Wednesday","Thursday","Friday","Saturday","Sunday"],"opens":"00:00","closes":"23:59"},"email":"contato@ubirataonline.com.br","vatID":"47.621.418\/0001-80"},{"@type":"Person","@id":"https:\/\/ubirataonline.com.br\/#\/schema\/person\/372f87bbd3fdd79b8556b84c98d0bc1c","name":"REDA\u00c7\u00c3O: UBIRAT\u00c3 ONLINE - F\u00c1BIO AUGUSTO CELESTINO","pronouns":"Ele","description":"Desde 2003 trabalhando com not\u00edcias.","sameAs":["http:\/\/ubirataoline.com.br","https:\/\/www.facebook.com\/portalubirataonline","https:\/\/www.instagram.com\/ubirataonline_oficial","https:\/\/x.com\/x.com\/ubirataonline"],"honorificPrefix":"Mr.","honorificSuffix":"MD","birthDate":"1980-06-16","gender":"masculino","award":["V\u00e1rios pr\u00eamios de melhor portal da cidade"],"jobTitle":"Diretor","url":"https:\/\/ubirataonline.com.br\/en\/author\/ubirataonline\/"},{"@type":"PostalAddress","@id":"https:\/\/ubirataonline.com.br\/atuacao-do-mppr-no-projeto-mp-em-movimento-contribui-para-solucao-de-problemas-e-aprimoramento-do-atendimento-da-central-190-na-regiao-de-londrina\/#local-main-place-address","streetAddress":"Rua dos Coqueiros, 104 - Bairro Boa Vista, Rua dos Coqueiros, 104 Bairro Boa Vista","addressLocality":"UBIRATA","postalCode":"85440-000","addressRegion":"PR","addressCountry":"BR"},{"@type":"ImageObject","inLanguage":"en-US","@id":"https:\/\/ubirataonline.com.br\/atuacao-do-mppr-no-projeto-mp-em-movimento-contribui-para-solucao-de-problemas-e-aprimoramento-do-atendimento-da-central-190-na-regiao-de-londrina\/#local-main-organization-logo","url":"https:\/\/ubirataonline.com.br\/wp-content\/uploads\/2026\/06\/logoubirataonline-1.webp","contentUrl":"https:\/\/ubirataonline.com.br\/wp-content\/uploads\/2026\/06\/logoubirataonline-1.webp","width":500,"height":500,"caption":"Ubirat\u00e3 Online Not\u00edcias"}]},"geo.placename":"UBIRATA","geo.position":{"lat":"-24.5361401","long":"-52.9921776"},"geo.region":"Brazil"},"_links":{"self":[{"href":"https:\/\/ubirataonline.com.br\/en\/wp-json\/wp\/v2\/posts\/162945","targetHints":{"allow":["GET"]}}],"collection":[{"href":"https:\/\/ubirataonline.com.br\/en\/wp-json\/wp\/v2\/posts"}],"about":[{"href":"https:\/\/ubirataonline.com.br\/en\/wp-json\/wp\/v2\/types\/post"}],"author":[{"embeddable":true,"href":"https:\/\/ubirataonline.com.br\/en\/wp-json\/wp\/v2\/users\/1"}],"replies":[{"embeddable":true,"href":"https:\/\/ubirataonline.com.br\/en\/wp-json\/wp\/v2\/comments?post=162945"}],"version-history":[{"count":1,"href":"https:\/\/ubirataonline.com.br\/en\/wp-json\/wp\/v2\/posts\/162945\/revisions"}],"predecessor-version":[{"id":162947,"href":"https:\/\/ubirataonline.com.br\/en\/wp-json\/wp\/v2\/posts\/162945\/revisions\/162947"}],"wp:featuredmedia":[{"embeddable":true,"href":"https:\/\/ubirataonline.com.br\/en\/wp-json\/wp\/v2\/media\/162946"}],"wp:attachment":[{"href":"https:\/\/ubirataonline.com.br\/en\/wp-json\/wp\/v2\/media?parent=162945"}],"wp:term":[{"taxonomy":"category","embeddable":true,"href":"https:\/\/ubirataonline.com.br\/en\/wp-json\/wp\/v2\/categories?post=162945"},{"taxonomy":"post_tag","embeddable":true,"href":"https:\/\/ubirataonline.com.br\/en\/wp-json\/wp\/v2\/tags?post=162945"}],"curies":[{"name":"wp","href":"https:\/\/api.w.org\/{rel}","templated":true}]}}