{"id":163031,"date":"2026-08-08T07:11:11","date_gmt":"2026-08-08T10:11:11","guid":{"rendered":"https:\/\/ubirataonline.com.br\/dia-de-sao-domingos-de-gusmao-o-pregador-que-fundou-uma-ordem-e-virou-simbolo-da-fe\/"},"modified":"2026-08-08T07:11:13","modified_gmt":"2026-08-08T10:11:13","slug":"dia-de-sao-domingos-de-gusmao-o-pregador-que-fundou-uma-ordem-e-virou-simbolo-da-fe","status":"publish","type":"post","link":"https:\/\/ubirataonline.com.br\/en\/dia-de-sao-domingos-de-gusmao-o-pregador-que-fundou-uma-ordem-e-virou-simbolo-da-fe\/","title":{"rendered":"Dia de S\u00e3o Domingos de Gusm\u00e3o: o pregador que fundou uma ordem e virou s\u00edmbolo da f\u00e9"},"content":{"rendered":"<p><\/p>\n<div>\n<p>Neste 8 de agosto \u00e9 celebrado o Dia de S\u00e3o Domingos de Gusm\u00e3o, figura marcante da Igreja Cat\u00f3lica e fundador da Ordem dos Dominicanos.<\/p>\n<p>Nascido na Espanha no s\u00e9culo XII, Domingos dedicou sua vida \u00e0 prega\u00e7\u00e3o e ao ensino, ficando conhecido pela defesa da f\u00e9 por meio do di\u00e1logo e do conhecimento, em um per\u00edodo marcado por conflitos religiosos na Europa.<\/p>\n<p>Ao contr\u00e1rio de uma abordagem mais r\u00edgida, ele acreditava que a palavra e o estudo eram caminhos mais eficazes para convencer e orientar as pessoas, o que acabou moldando a identidade da ordem que fundou.<\/p>\n<h2 class=\"wp-block-heading\" id=\"h-fe-estudo-e-influencia-ate-hoje\">F\u00e9, estudo e influ\u00eancia at\u00e9 hoje<\/h2>\n<p>Os dominicanos se tornaram conhecidos justamente por essa combina\u00e7\u00e3o entre espiritualidade e busca pelo conhecimento, sendo respons\u00e1veis por importantes contribui\u00e7\u00f5es teol\u00f3gicas ao longo dos s\u00e9culos.<\/p>\n<p>S\u00e3o Domingos foi canonizado anos ap\u00f3s sua morte e segue sendo lembrado como um dos grandes nomes da hist\u00f3ria da Igreja.<\/p>\n<p>Em tempos de opini\u00f5es r\u00e1pidas e discuss\u00f5es rasas, a hist\u00f3ria de Domingos acaba servindo quase como um lembrete: \u00e0s vezes, antes de gritar, vale tentar argumentar.<\/p>\n<\/p><\/div>\n<p><a href=\"https:\/\/cgn.inf.br\/noticia\/2166451\/dia-de-sao-domingos-de-gusmao-o-pregador-que-fundou-uma-ordem-e-virou-simbolo-da-fe\">CR\u00c9DITOS E LINK DO ARTIGO <\/a><br \/>\n<a href=\"https:\/\/ubirataonline.com.br\/en\/noticias\/\" target=\"_blank\" rel=\"noopener noreferrer\">Mais Not\u00edcias<\/a><\/p>\n<p><a href=\"https:\/\/ubirataonline.com.br\/en\/\" target=\"_blank\" rel=\"noopener noreferrer\">Home Page &#8211; In\u00edcio<\/a><br \/>\n<br \/>\nSee more: <a href=\"https:\/\/theglobaltrack.com\/\" target=\"_blank\" rel=\"noopener noreferrer\">The Global Track<\/a><\/p>\n<p><a href=\"https:\/\/corinthiames.com.br\/\" target=\"_blank\" rel=\"noopener noreferrer\">Corinthia Mes<\/a><\/p>","protected":false},"excerpt":{"rendered":"<p>Neste 8 de agosto \u00e9 celebrado o Dia de S\u00e3o Domingos de Gusm\u00e3o, figura marcante da Igreja Cat\u00f3lica e fundador da Ordem dos Dominicanos. Nascido na Espanha no s\u00e9culo XII, Domingos dedicou sua vida \u00e0 prega\u00e7\u00e3o e ao ensino, ficando conhecido pela defesa da f\u00e9 por meio do di\u00e1logo e do conhecimento, em um per\u00edodo [&hellip;]<\/p>\n","protected":false},"author":1,"featured_media":163032,"comment_status":"closed","ping_status":"","sticky":false,"template":"","format":"standard","meta":{"googlesitekit_rrm_CAow2JLhCw:productID":"","_gspb_post_css":"","maa_idioma":"","maa_pais":"","footnotes":""},"categories":[4],"tags":[3101,20927,28745,43890,43888,6348,43889,3262,19198,3183,3396],"class_list":["post-163031","post","type-post","status-publish","format-standard","has-post-thumbnail","hentry","category-brasil","tag-dia","tag-domingos","tag-fe","tag-fundou","tag-gusmao","tag-ordem","tag-pregador","tag-sao","tag-simbolo","tag-uma","tag-virou"],"blocksy_meta":[],"yoast_head":"<!-- This site is optimized with the Yoast SEO Premium plugin v27.6 (Yoast SEO v27.6) - https:\/\/yoast.com\/product\/yoast-seo-premium-wordpress\/ -->\n<title>Dia de S\u00e3o Domingos de Gusm\u00e3o: o pregador que fundou uma ordem e virou s\u00edmbolo da f\u00e9 - Ubirat\u00e3 Online Not\u00edcias - A realidade ao seu alcance!<\/title>\n<meta name=\"description\" content=\"Neste 8 de agosto \u00e9 celebrado o Dia de S\u00e3o Domingos de Gusm\u00e3o, figura marcante da Igreja Cat\u00f3lica e fundador da Ordem dos Dominicanos. Nascido na Espanha\" \/>\n<meta name=\"robots\" content=\"index, follow, max-snippet:-1, max-image-preview:large, max-video-preview:-1\" \/>\n<link rel=\"canonical\" href=\"https:\/\/ubirataonline.com.br\/en\/dia-de-sao-domingos-de-gusmao-o-pregador-que-fundou-uma-ordem-e-virou-simbolo-da-fe\/\" \/>\n<meta property=\"og:locale\" content=\"en_US\" \/>\n<meta property=\"og:type\" content=\"article\" \/>\n<meta property=\"og:title\" content=\"Dia de S\u00e3o Domingos de Gusm\u00e3o: o pregador que fundou uma ordem e virou s\u00edmbolo da f\u00e9\" \/>\n<meta property=\"og:description\" content=\"Neste 8 de agosto \u00e9 celebrado o Dia de S\u00e3o Domingos de Gusm\u00e3o, figura marcante da Igreja Cat\u00f3lica e fundador da Ordem dos Dominicanos. Nascido na Espanha\" \/>\n<meta property=\"og:url\" content=\"https:\/\/ubirataonline.com.br\/en\/dia-de-sao-domingos-de-gusmao-o-pregador-que-fundou-uma-ordem-e-virou-simbolo-da-fe\/\" \/>\n<meta property=\"og:site_name\" content=\"Ubirat\u00e3 Online Not\u00edcias - A realidade ao seu alcance!\" \/>\n<meta property=\"article:publisher\" content=\"https:\/\/www.facebook.com\/portalubirataonline\" \/>\n<meta property=\"article:author\" content=\"https:\/\/www.facebook.com\/portalubirataonline\" \/>\n<meta property=\"article:published_time\" content=\"2026-08-08T10:11:11+00:00\" \/>\n<meta property=\"article:modified_time\" content=\"2026-08-08T10:11:13+00:00\" \/>\n<meta property=\"og:image\" content=\"https:\/\/ubirataonline.com.br\/wp-content\/uploads\/2026\/08\/Dia-de-Sao-Domingos-de-Gusmao-o-pregador-que-fundou.jpg\" \/>\n\t<meta property=\"og:image:width\" content=\"1280\" \/>\n\t<meta property=\"og:image:height\" content=\"720\" \/>\n\t<meta property=\"og:image:type\" content=\"image\/jpeg\" \/>\n<meta name=\"author\" content=\"REDA\u00c7\u00c3O: UBIRAT\u00c3 ONLINE - F\u00c1BIO AUGUSTO CELESTINO\" \/>\n<meta name=\"twitter:card\" content=\"summary_large_image\" \/>\n<meta name=\"twitter:creator\" content=\"@x.com\/ubirataonline\" \/>\n<meta name=\"twitter:site\" content=\"@ubirataonline\" \/>\n<meta name=\"twitter:label1\" content=\"Written by\" \/>\n\t<meta name=\"twitter:data1\" content=\"REDA\u00c7\u00c3O: UBIRAT\u00c3 ONLINE - F\u00c1BIO AUGUSTO CELESTINO\" \/>\n\t<meta name=\"twitter:label2\" content=\"Est. reading time\" \/>\n\t<meta name=\"twitter:data2\" content=\"1 minute\" \/>\n<script type=\"application\/ld+json\" class=\"yoast-schema-graph\">{\"@context\":\"https:\\\/\\\/schema.org\",\"@graph\":[{\"@type\":\"NewsArticle\",\"@id\":\"https:\\\/\\\/ubirataonline.com.br\\\/dia-de-sao-domingos-de-gusmao-o-pregador-que-fundou-uma-ordem-e-virou-simbolo-da-fe\\\/#article\",\"isPartOf\":{\"@id\":\"https:\\\/\\\/ubirataonline.com.br\\\/dia-de-sao-domingos-de-gusmao-o-pregador-que-fundou-uma-ordem-e-virou-simbolo-da-fe\\\/\"},\"author\":{\"name\":\"REDA\u00c7\u00c3O: UBIRAT\u00c3 ONLINE - F\u00c1BIO AUGUSTO CELESTINO\",\"@id\":\"https:\\\/\\\/ubirataonline.com.br\\\/#\\\/schema\\\/person\\\/372f87bbd3fdd79b8556b84c98d0bc1c\"},\"headline\":\"Dia de S\u00e3o Domingos de Gusm\u00e3o: o pregador que fundou uma ordem e virou s\u00edmbolo da f\u00e9\",\"datePublished\":\"2026-08-08T10:11:11+00:00\",\"dateModified\":\"2026-08-08T10:11:13+00:00\",\"mainEntityOfPage\":{\"@id\":\"https:\\\/\\\/ubirataonline.com.br\\\/dia-de-sao-domingos-de-gusmao-o-pregador-que-fundou-uma-ordem-e-virou-simbolo-da-fe\\\/\"},\"wordCount\":234,\"publisher\":{\"@id\":\"https:\\\/\\\/ubirataonline.com.br\\\/#organization\"},\"image\":{\"@id\":\"https:\\\/\\\/ubirataonline.com.br\\\/dia-de-sao-domingos-de-gusmao-o-pregador-que-fundou-uma-ordem-e-virou-simbolo-da-fe\\\/#primaryimage\"},\"thumbnailUrl\":\"https:\\\/\\\/ubirataonline.com.br\\\/wp-content\\\/uploads\\\/2026\\\/08\\\/Dia-de-Sao-Domingos-de-Gusmao-o-pregador-que-fundou.jpg\",\"keywords\":[\"dia\",\"Domingos\",\"F\u00e9\",\"fundou\",\"Gusm\u00e3o\",\"ordem\",\"pregador\",\"S\u00e3o\",\"s\u00edmbolo\",\"uma\",\"virou\"],\"articleSection\":[\"Brasil\"],\"inLanguage\":\"en-US\",\"copyrightYear\":\"2026\",\"copyrightHolder\":{\"@id\":\"https:\\\/\\\/ubirataonline.com.br\\\/en\\\/#organization\"}},{\"@type\":\"WebPage\",\"@id\":\"https:\\\/\\\/ubirataonline.com.br\\\/dia-de-sao-domingos-de-gusmao-o-pregador-que-fundou-uma-ordem-e-virou-simbolo-da-fe\\\/\",\"url\":\"https:\\\/\\\/ubirataonline.com.br\\\/dia-de-sao-domingos-de-gusmao-o-pregador-que-fundou-uma-ordem-e-virou-simbolo-da-fe\\\/\",\"name\":\"Dia de S\u00e3o Domingos de Gusm\u00e3o: o pregador que fundou uma ordem e virou s\u00edmbolo da f\u00e9 - Ubirat\u00e3 Online Not\u00edcias - A realidade ao seu alcance!\",\"isPartOf\":{\"@id\":\"https:\\\/\\\/ubirataonline.com.br\\\/#website\"},\"primaryImageOfPage\":{\"@id\":\"https:\\\/\\\/ubirataonline.com.br\\\/dia-de-sao-domingos-de-gusmao-o-pregador-que-fundou-uma-ordem-e-virou-simbolo-da-fe\\\/#primaryimage\"},\"image\":{\"@id\":\"https:\\\/\\\/ubirataonline.com.br\\\/dia-de-sao-domingos-de-gusmao-o-pregador-que-fundou-uma-ordem-e-virou-simbolo-da-fe\\\/#primaryimage\"},\"thumbnailUrl\":\"https:\\\/\\\/ubirataonline.com.br\\\/wp-content\\\/uploads\\\/2026\\\/08\\\/Dia-de-Sao-Domingos-de-Gusmao-o-pregador-que-fundou.jpg\",\"datePublished\":\"2026-08-08T10:11:11+00:00\",\"dateModified\":\"2026-08-08T10:11:13+00:00\",\"description\":\"Neste 8 de agosto \u00e9 celebrado o Dia de S\u00e3o Domingos de Gusm\u00e3o, figura marcante da Igreja Cat\u00f3lica e fundador da Ordem dos Dominicanos. Nascido na Espanha\",\"breadcrumb\":{\"@id\":\"https:\\\/\\\/ubirataonline.com.br\\\/dia-de-sao-domingos-de-gusmao-o-pregador-que-fundou-uma-ordem-e-virou-simbolo-da-fe\\\/#breadcrumb\"},\"inLanguage\":\"en-US\",\"potentialAction\":[{\"@type\":\"ReadAction\",\"target\":[\"https:\\\/\\\/ubirataonline.com.br\\\/dia-de-sao-domingos-de-gusmao-o-pregador-que-fundou-uma-ordem-e-virou-simbolo-da-fe\\\/\"]}]},{\"@type\":\"ImageObject\",\"inLanguage\":\"en-US\",\"@id\":\"https:\\\/\\\/ubirataonline.com.br\\\/dia-de-sao-domingos-de-gusmao-o-pregador-que-fundou-uma-ordem-e-virou-simbolo-da-fe\\\/#primaryimage\",\"url\":\"https:\\\/\\\/ubirataonline.com.br\\\/wp-content\\\/uploads\\\/2026\\\/08\\\/Dia-de-Sao-Domingos-de-Gusmao-o-pregador-que-fundou.jpg\",\"contentUrl\":\"https:\\\/\\\/ubirataonline.com.br\\\/wp-content\\\/uploads\\\/2026\\\/08\\\/Dia-de-Sao-Domingos-de-Gusmao-o-pregador-que-fundou.jpg\",\"width\":1280,\"height\":720,\"caption\":\"Dia de S\u00e3o Domingos de Gusm\u00e3o: o pregador que fundou uma ordem e virou s\u00edmbolo da f\u00e9\"},{\"@type\":\"BreadcrumbList\",\"@id\":\"https:\\\/\\\/ubirataonline.com.br\\\/dia-de-sao-domingos-de-gusmao-o-pregador-que-fundou-uma-ordem-e-virou-simbolo-da-fe\\\/#breadcrumb\",\"itemListElement\":[{\"@type\":\"ListItem\",\"position\":1,\"name\":\"In\u00edcio\",\"item\":\"https:\\\/\\\/ubirataonline.com.br\\\/\"},{\"@type\":\"ListItem\",\"position\":2,\"name\":\"Dia de S\u00e3o Domingos de Gusm\u00e3o: o pregador que fundou uma ordem e virou s\u00edmbolo da f\u00e9\"}]},{\"@type\":\"WebSite\",\"@id\":\"https:\\\/\\\/ubirataonline.com.br\\\/#website\",\"url\":\"https:\\\/\\\/ubirataonline.com.br\\\/\",\"name\":\"Ubirat\u00e3 Online Not\u00edcias\",\"description\":\"Not\u00edcias de Ubirat\u00e3, regi\u00e3o, Brasil e mundo, com informa\u00e7\u00e3o atualizada e compromisso com o leitor.\",\"publisher\":{\"@id\":\"https:\\\/\\\/ubirataonline.com.br\\\/#organization\"},\"alternateName\":\"Ubirat\u00e3 Online\",\"potentialAction\":[{\"@type\":\"SearchAction\",\"target\":{\"@type\":\"EntryPoint\",\"urlTemplate\":\"https:\\\/\\\/ubirataonline.com.br\\\/?s={search_term_string}\"},\"query-input\":{\"@type\":\"PropertyValueSpecification\",\"valueRequired\":true,\"valueName\":\"search_term_string\"}}],\"inLanguage\":\"en-US\"},{\"@type\":[\"Organization\",\"Place\"],\"@id\":\"https:\\\/\\\/ubirataonline.com.br\\\/#organization\",\"name\":\"Ubirat\u00e3 Online Not\u00edcias\",\"alternateName\":\"Ubirat\u00e3 Online\",\"url\":\"https:\\\/\\\/ubirataonline.com.br\\\/\",\"logo\":{\"@id\":\"https:\\\/\\\/ubirataonline.com.br\\\/dia-de-sao-domingos-de-gusmao-o-pregador-que-fundou-uma-ordem-e-virou-simbolo-da-fe\\\/#local-main-organization-logo\"},\"image\":{\"@id\":\"https:\\\/\\\/ubirataonline.com.br\\\/dia-de-sao-domingos-de-gusmao-o-pregador-que-fundou-uma-ordem-e-virou-simbolo-da-fe\\\/#local-main-organization-logo\"},\"sameAs\":[\"https:\\\/\\\/www.facebook.com\\\/portalubirataonline\",\"https:\\\/\\\/x.com\\\/ubirataonline\",\"https:\\\/\\\/mastodon.social\\\/@ubirataonline\",\"https:\\\/\\\/www.facebook.com\\\/groups\\\/311144672285604\",\"https:\\\/\\\/www.facebook.com\\\/UBTAOnline\",\"https:\\\/\\\/www.instagram.com\\\/portalubirataonline\\\/\",\"https:\\\/\\\/twitter.com\\\/ubirataonline\"],\"description\":\"Somos um portal de not\u00edcias independente, criado em 5 de janeiro de 2009, com o objetivo de informar, conectar e valorizar a nossa comunidade de Ubirat\u00e3 e toda aregi\u00e3o. Com conte\u00fado atualizado, confi\u00e1vel e relevante, o Ubirat\u00e3 Online \u00e9 o seu espa\u00e7o para ficar por dentro dos principais acontecimentos locais, regionais, Brasil, Mundo e de interesse geral. Nosso compromisso \u00e9 com a verdade, a transpar\u00eancia e o respeito ao leitor.\",\"legalName\":\"UBIRATA ONLINE NOT\u00cdCIAS\",\"foundingDate\":\"2009-01-05\",\"numberOfEmployees\":{\"@type\":\"QuantitativeValue\",\"minValue\":\"1\",\"maxValue\":\"10\"},\"publishingPrinciples\":\"https:\\\/\\\/ubirataonline.com.br\\\/faq\\\/\",\"address\":{\"@id\":\"https:\\\/\\\/ubirataonline.com.br\\\/dia-de-sao-domingos-de-gusmao-o-pregador-que-fundou-uma-ordem-e-virou-simbolo-da-fe\\\/#local-main-place-address\"},\"geo\":{\"@type\":\"GeoCoordinates\",\"latitude\":\"-24.5361401\",\"longitude\":\"-52.9921776\"},\"telephone\":[\"+5544998308235\"],\"contactPoint\":{\"@type\":\"ContactPoint\",\"email\":\"contato@ubirataonline.com.br\"},\"openingHoursSpecification\":{\"@type\":\"OpeningHoursSpecification\",\"dayOfWeek\":[\"Monday\",\"Tuesday\",\"Wednesday\",\"Thursday\",\"Friday\",\"Saturday\",\"Sunday\"],\"opens\":\"00:00\",\"closes\":\"23:59\"},\"email\":\"contato@ubirataonline.com.br\",\"vatID\":\"47.621.418\\\/0001-80\"},{\"@type\":\"Person\",\"@id\":\"https:\\\/\\\/ubirataonline.com.br\\\/#\\\/schema\\\/person\\\/372f87bbd3fdd79b8556b84c98d0bc1c\",\"name\":\"REDA\u00c7\u00c3O: UBIRAT\u00c3 ONLINE - F\u00c1BIO AUGUSTO CELESTINO\",\"pronouns\":\"Ele\",\"description\":\"Desde 2003 trabalhando com not\u00edcias.\",\"sameAs\":[\"http:\\\/\\\/ubirataoline.com.br\",\"https:\\\/\\\/www.facebook.com\\\/portalubirataonline\",\"https:\\\/\\\/www.instagram.com\\\/ubirataonline_oficial\",\"https:\\\/\\\/x.com\\\/x.com\\\/ubirataonline\"],\"honorificPrefix\":\"Mr.\",\"honorificSuffix\":\"MD\",\"birthDate\":\"1980-06-16\",\"gender\":\"masculino\",\"award\":[\"V\u00e1rios pr\u00eamios de melhor portal da cidade\"],\"jobTitle\":\"Diretor\",\"url\":\"https:\\\/\\\/ubirataonline.com.br\\\/en\\\/author\\\/ubirataonline\\\/\"},{\"@type\":\"PostalAddress\",\"@id\":\"https:\\\/\\\/ubirataonline.com.br\\\/dia-de-sao-domingos-de-gusmao-o-pregador-que-fundou-uma-ordem-e-virou-simbolo-da-fe\\\/#local-main-place-address\",\"streetAddress\":\"Rua dos Coqueiros, 104 - Bairro Boa Vista, Rua dos Coqueiros, 104 Bairro Boa Vista\",\"addressLocality\":\"UBIRATA\",\"postalCode\":\"85440-000\",\"addressRegion\":\"PR\",\"addressCountry\":\"BR\"},{\"@type\":\"ImageObject\",\"inLanguage\":\"en-US\",\"@id\":\"https:\\\/\\\/ubirataonline.com.br\\\/dia-de-sao-domingos-de-gusmao-o-pregador-que-fundou-uma-ordem-e-virou-simbolo-da-fe\\\/#local-main-organization-logo\",\"url\":\"https:\\\/\\\/ubirataonline.com.br\\\/wp-content\\\/uploads\\\/2026\\\/06\\\/logoubirataonline-1.webp\",\"contentUrl\":\"https:\\\/\\\/ubirataonline.com.br\\\/wp-content\\\/uploads\\\/2026\\\/06\\\/logoubirataonline-1.webp\",\"width\":500,\"height\":500,\"caption\":\"Ubirat\u00e3 Online Not\u00edcias\"}]}<\/script>\n<meta name=\"geo.placename\" content=\"UBIRATA\" \/>\n<meta name=\"geo.position\" content=\"-24.5361401;-52.9921776\" \/>\n<meta name=\"geo.region\" content=\"Brazil\" \/>\n<!-- \/ Yoast SEO Premium plugin. -->","yoast_head_json":{"title":"Dia de S\u00e3o Domingos de Gusm\u00e3o: o pregador que fundou uma ordem e virou s\u00edmbolo da f\u00e9 - Ubirat\u00e3 Online Not\u00edcias - A realidade ao seu alcance!","description":"Neste 8 de agosto \u00e9 celebrado o Dia de S\u00e3o Domingos de Gusm\u00e3o, figura marcante da Igreja Cat\u00f3lica e fundador da Ordem dos Dominicanos. Nascido na Espanha","robots":{"index":"index","follow":"follow","max-snippet":"max-snippet:-1","max-image-preview":"max-image-preview:large","max-video-preview":"max-video-preview:-1"},"canonical":"https:\/\/ubirataonline.com.br\/en\/dia-de-sao-domingos-de-gusmao-o-pregador-que-fundou-uma-ordem-e-virou-simbolo-da-fe\/","og_locale":"en_US","og_type":"article","og_title":"Dia de S\u00e3o Domingos de Gusm\u00e3o: o pregador que fundou uma ordem e virou s\u00edmbolo da f\u00e9","og_description":"Neste 8 de agosto \u00e9 celebrado o Dia de S\u00e3o Domingos de Gusm\u00e3o, figura marcante da Igreja Cat\u00f3lica e fundador da Ordem dos Dominicanos. Nascido na Espanha","og_url":"https:\/\/ubirataonline.com.br\/en\/dia-de-sao-domingos-de-gusmao-o-pregador-que-fundou-uma-ordem-e-virou-simbolo-da-fe\/","og_site_name":"Ubirat\u00e3 Online Not\u00edcias - A realidade ao seu alcance!","article_publisher":"https:\/\/www.facebook.com\/portalubirataonline","article_author":"https:\/\/www.facebook.com\/portalubirataonline","article_published_time":"2026-08-08T10:11:11+00:00","article_modified_time":"2026-08-08T10:11:13+00:00","og_image":[{"width":1280,"height":720,"url":"https:\/\/ubirataonline.com.br\/wp-content\/uploads\/2026\/08\/Dia-de-Sao-Domingos-de-Gusmao-o-pregador-que-fundou.jpg","type":"image\/jpeg"}],"author":"REDA\u00c7\u00c3O: UBIRAT\u00c3 ONLINE - F\u00c1BIO AUGUSTO CELESTINO","twitter_card":"summary_large_image","twitter_creator":"@x.com\/ubirataonline","twitter_site":"@ubirataonline","twitter_misc":{"Written by":"REDA\u00c7\u00c3O: UBIRAT\u00c3 ONLINE - F\u00c1BIO AUGUSTO CELESTINO","Est. reading time":"1 minute"},"schema":{"@context":"https:\/\/schema.org","@graph":[{"@type":"NewsArticle","@id":"https:\/\/ubirataonline.com.br\/dia-de-sao-domingos-de-gusmao-o-pregador-que-fundou-uma-ordem-e-virou-simbolo-da-fe\/#article","isPartOf":{"@id":"https:\/\/ubirataonline.com.br\/dia-de-sao-domingos-de-gusmao-o-pregador-que-fundou-uma-ordem-e-virou-simbolo-da-fe\/"},"author":{"name":"REDA\u00c7\u00c3O: UBIRAT\u00c3 ONLINE - F\u00c1BIO AUGUSTO CELESTINO","@id":"https:\/\/ubirataonline.com.br\/#\/schema\/person\/372f87bbd3fdd79b8556b84c98d0bc1c"},"headline":"Dia de S\u00e3o Domingos de Gusm\u00e3o: o pregador que fundou uma ordem e virou s\u00edmbolo da f\u00e9","datePublished":"2026-08-08T10:11:11+00:00","dateModified":"2026-08-08T10:11:13+00:00","mainEntityOfPage":{"@id":"https:\/\/ubirataonline.com.br\/dia-de-sao-domingos-de-gusmao-o-pregador-que-fundou-uma-ordem-e-virou-simbolo-da-fe\/"},"wordCount":234,"publisher":{"@id":"https:\/\/ubirataonline.com.br\/#organization"},"image":{"@id":"https:\/\/ubirataonline.com.br\/dia-de-sao-domingos-de-gusmao-o-pregador-que-fundou-uma-ordem-e-virou-simbolo-da-fe\/#primaryimage"},"thumbnailUrl":"https:\/\/ubirataonline.com.br\/wp-content\/uploads\/2026\/08\/Dia-de-Sao-Domingos-de-Gusmao-o-pregador-que-fundou.jpg","keywords":["dia","Domingos","F\u00e9","fundou","Gusm\u00e3o","ordem","pregador","S\u00e3o","s\u00edmbolo","uma","virou"],"articleSection":["Brasil"],"inLanguage":"en-US","copyrightYear":"2026","copyrightHolder":{"@id":"https:\/\/ubirataonline.com.br\/en\/#organization"}},{"@type":"WebPage","@id":"https:\/\/ubirataonline.com.br\/dia-de-sao-domingos-de-gusmao-o-pregador-que-fundou-uma-ordem-e-virou-simbolo-da-fe\/","url":"https:\/\/ubirataonline.com.br\/dia-de-sao-domingos-de-gusmao-o-pregador-que-fundou-uma-ordem-e-virou-simbolo-da-fe\/","name":"Dia de S\u00e3o Domingos de Gusm\u00e3o: o pregador que fundou uma ordem e virou s\u00edmbolo da f\u00e9 - Ubirat\u00e3 Online Not\u00edcias - A realidade ao seu alcance!","isPartOf":{"@id":"https:\/\/ubirataonline.com.br\/#website"},"primaryImageOfPage":{"@id":"https:\/\/ubirataonline.com.br\/dia-de-sao-domingos-de-gusmao-o-pregador-que-fundou-uma-ordem-e-virou-simbolo-da-fe\/#primaryimage"},"image":{"@id":"https:\/\/ubirataonline.com.br\/dia-de-sao-domingos-de-gusmao-o-pregador-que-fundou-uma-ordem-e-virou-simbolo-da-fe\/#primaryimage"},"thumbnailUrl":"https:\/\/ubirataonline.com.br\/wp-content\/uploads\/2026\/08\/Dia-de-Sao-Domingos-de-Gusmao-o-pregador-que-fundou.jpg","datePublished":"2026-08-08T10:11:11+00:00","dateModified":"2026-08-08T10:11:13+00:00","description":"Neste 8 de agosto \u00e9 celebrado o Dia de S\u00e3o Domingos de Gusm\u00e3o, figura marcante da Igreja Cat\u00f3lica e fundador da Ordem dos Dominicanos. Nascido na Espanha","breadcrumb":{"@id":"https:\/\/ubirataonline.com.br\/dia-de-sao-domingos-de-gusmao-o-pregador-que-fundou-uma-ordem-e-virou-simbolo-da-fe\/#breadcrumb"},"inLanguage":"en-US","potentialAction":[{"@type":"ReadAction","target":["https:\/\/ubirataonline.com.br\/dia-de-sao-domingos-de-gusmao-o-pregador-que-fundou-uma-ordem-e-virou-simbolo-da-fe\/"]}]},{"@type":"ImageObject","inLanguage":"en-US","@id":"https:\/\/ubirataonline.com.br\/dia-de-sao-domingos-de-gusmao-o-pregador-que-fundou-uma-ordem-e-virou-simbolo-da-fe\/#primaryimage","url":"https:\/\/ubirataonline.com.br\/wp-content\/uploads\/2026\/08\/Dia-de-Sao-Domingos-de-Gusmao-o-pregador-que-fundou.jpg","contentUrl":"https:\/\/ubirataonline.com.br\/wp-content\/uploads\/2026\/08\/Dia-de-Sao-Domingos-de-Gusmao-o-pregador-que-fundou.jpg","width":1280,"height":720,"caption":"Dia de S\u00e3o Domingos de Gusm\u00e3o: o pregador que fundou uma ordem e virou s\u00edmbolo da f\u00e9"},{"@type":"BreadcrumbList","@id":"https:\/\/ubirataonline.com.br\/dia-de-sao-domingos-de-gusmao-o-pregador-que-fundou-uma-ordem-e-virou-simbolo-da-fe\/#breadcrumb","itemListElement":[{"@type":"ListItem","position":1,"name":"In\u00edcio","item":"https:\/\/ubirataonline.com.br\/"},{"@type":"ListItem","position":2,"name":"Dia de S\u00e3o Domingos de Gusm\u00e3o: o pregador que fundou uma ordem e virou s\u00edmbolo da f\u00e9"}]},{"@type":"WebSite","@id":"https:\/\/ubirataonline.com.br\/#website","url":"https:\/\/ubirataonline.com.br\/","name":"Ubirat\u00e3 Online Not\u00edcias","description":"Not\u00edcias de Ubirat\u00e3, regi\u00e3o, Brasil e mundo, com informa\u00e7\u00e3o atualizada e compromisso com o leitor.","publisher":{"@id":"https:\/\/ubirataonline.com.br\/#organization"},"alternateName":"Ubirat\u00e3 Online","potentialAction":[{"@type":"SearchAction","target":{"@type":"EntryPoint","urlTemplate":"https:\/\/ubirataonline.com.br\/?s={search_term_string}"},"query-input":{"@type":"PropertyValueSpecification","valueRequired":true,"valueName":"search_term_string"}}],"inLanguage":"en-US"},{"@type":["Organization","Place"],"@id":"https:\/\/ubirataonline.com.br\/#organization","name":"Ubirat\u00e3 Online Not\u00edcias","alternateName":"Ubirat\u00e3 Online","url":"https:\/\/ubirataonline.com.br\/","logo":{"@id":"https:\/\/ubirataonline.com.br\/dia-de-sao-domingos-de-gusmao-o-pregador-que-fundou-uma-ordem-e-virou-simbolo-da-fe\/#local-main-organization-logo"},"image":{"@id":"https:\/\/ubirataonline.com.br\/dia-de-sao-domingos-de-gusmao-o-pregador-que-fundou-uma-ordem-e-virou-simbolo-da-fe\/#local-main-organization-logo"},"sameAs":["https:\/\/www.facebook.com\/portalubirataonline","https:\/\/x.com\/ubirataonline","https:\/\/mastodon.social\/@ubirataonline","https:\/\/www.facebook.com\/groups\/311144672285604","https:\/\/www.facebook.com\/UBTAOnline","https:\/\/www.instagram.com\/portalubirataonline\/","https:\/\/twitter.com\/ubirataonline"],"description":"Somos um portal de not\u00edcias independente, criado em 5 de janeiro de 2009, com o objetivo de informar, conectar e valorizar a nossa comunidade de Ubirat\u00e3 e toda aregi\u00e3o. Com conte\u00fado atualizado, confi\u00e1vel e relevante, o Ubirat\u00e3 Online \u00e9 o seu espa\u00e7o para ficar por dentro dos principais acontecimentos locais, regionais, Brasil, Mundo e de interesse geral. Nosso compromisso \u00e9 com a verdade, a transpar\u00eancia e o respeito ao leitor.","legalName":"UBIRATA ONLINE NOT\u00cdCIAS","foundingDate":"2009-01-05","numberOfEmployees":{"@type":"QuantitativeValue","minValue":"1","maxValue":"10"},"publishingPrinciples":"https:\/\/ubirataonline.com.br\/faq\/","address":{"@id":"https:\/\/ubirataonline.com.br\/dia-de-sao-domingos-de-gusmao-o-pregador-que-fundou-uma-ordem-e-virou-simbolo-da-fe\/#local-main-place-address"},"geo":{"@type":"GeoCoordinates","latitude":"-24.5361401","longitude":"-52.9921776"},"telephone":["+5544998308235"],"contactPoint":{"@type":"ContactPoint","email":"contato@ubirataonline.com.br"},"openingHoursSpecification":{"@type":"OpeningHoursSpecification","dayOfWeek":["Monday","Tuesday","Wednesday","Thursday","Friday","Saturday","Sunday"],"opens":"00:00","closes":"23:59"},"email":"contato@ubirataonline.com.br","vatID":"47.621.418\/0001-80"},{"@type":"Person","@id":"https:\/\/ubirataonline.com.br\/#\/schema\/person\/372f87bbd3fdd79b8556b84c98d0bc1c","name":"REDA\u00c7\u00c3O: UBIRAT\u00c3 ONLINE - F\u00c1BIO AUGUSTO CELESTINO","pronouns":"Ele","description":"Desde 2003 trabalhando com not\u00edcias.","sameAs":["http:\/\/ubirataoline.com.br","https:\/\/www.facebook.com\/portalubirataonline","https:\/\/www.instagram.com\/ubirataonline_oficial","https:\/\/x.com\/x.com\/ubirataonline"],"honorificPrefix":"Mr.","honorificSuffix":"MD","birthDate":"1980-06-16","gender":"masculino","award":["V\u00e1rios pr\u00eamios de melhor portal da cidade"],"jobTitle":"Diretor","url":"https:\/\/ubirataonline.com.br\/en\/author\/ubirataonline\/"},{"@type":"PostalAddress","@id":"https:\/\/ubirataonline.com.br\/dia-de-sao-domingos-de-gusmao-o-pregador-que-fundou-uma-ordem-e-virou-simbolo-da-fe\/#local-main-place-address","streetAddress":"Rua dos Coqueiros, 104 - Bairro Boa Vista, Rua dos Coqueiros, 104 Bairro Boa Vista","addressLocality":"UBIRATA","postalCode":"85440-000","addressRegion":"PR","addressCountry":"BR"},{"@type":"ImageObject","inLanguage":"en-US","@id":"https:\/\/ubirataonline.com.br\/dia-de-sao-domingos-de-gusmao-o-pregador-que-fundou-uma-ordem-e-virou-simbolo-da-fe\/#local-main-organization-logo","url":"https:\/\/ubirataonline.com.br\/wp-content\/uploads\/2026\/06\/logoubirataonline-1.webp","contentUrl":"https:\/\/ubirataonline.com.br\/wp-content\/uploads\/2026\/06\/logoubirataonline-1.webp","width":500,"height":500,"caption":"Ubirat\u00e3 Online Not\u00edcias"}]},"geo.placename":"UBIRATA","geo.position":{"lat":"-24.5361401","long":"-52.9921776"},"geo.region":"Brazil"},"_links":{"self":[{"href":"https:\/\/ubirataonline.com.br\/en\/wp-json\/wp\/v2\/posts\/163031","targetHints":{"allow":["GET"]}}],"collection":[{"href":"https:\/\/ubirataonline.com.br\/en\/wp-json\/wp\/v2\/posts"}],"about":[{"href":"https:\/\/ubirataonline.com.br\/en\/wp-json\/wp\/v2\/types\/post"}],"author":[{"embeddable":true,"href":"https:\/\/ubirataonline.com.br\/en\/wp-json\/wp\/v2\/users\/1"}],"replies":[{"embeddable":true,"href":"https:\/\/ubirataonline.com.br\/en\/wp-json\/wp\/v2\/comments?post=163031"}],"version-history":[{"count":1,"href":"https:\/\/ubirataonline.com.br\/en\/wp-json\/wp\/v2\/posts\/163031\/revisions"}],"predecessor-version":[{"id":163033,"href":"https:\/\/ubirataonline.com.br\/en\/wp-json\/wp\/v2\/posts\/163031\/revisions\/163033"}],"wp:featuredmedia":[{"embeddable":true,"href":"https:\/\/ubirataonline.com.br\/en\/wp-json\/wp\/v2\/media\/163032"}],"wp:attachment":[{"href":"https:\/\/ubirataonline.com.br\/en\/wp-json\/wp\/v2\/media?parent=163031"}],"wp:term":[{"taxonomy":"category","embeddable":true,"href":"https:\/\/ubirataonline.com.br\/en\/wp-json\/wp\/v2\/categories?post=163031"},{"taxonomy":"post_tag","embeddable":true,"href":"https:\/\/ubirataonline.com.br\/en\/wp-json\/wp\/v2\/tags?post=163031"}],"curies":[{"name":"wp","href":"https:\/\/api.w.org\/{rel}","templated":true}]}}