{"id":163283,"date":"2026-08-08T16:37:39","date_gmt":"2026-08-08T19:37:39","guid":{"rendered":"https:\/\/ubirataonline.com.br\/homem-e-preso-apos-ameacar-e-quebrar-objetos-da-namorada-em-campina-da-lagoa\/"},"modified":"2026-08-08T16:37:39","modified_gmt":"2026-08-08T19:37:39","slug":"homem-e-preso-apos-ameacar-e-quebrar-objetos-da-namorada-em-campina-da-lagoa","status":"publish","type":"post","link":"https:\/\/ubirataonline.com.br\/en\/homem-e-preso-apos-ameacar-e-quebrar-objetos-da-namorada-em-campina-da-lagoa\/","title":{"rendered":"HOMEM \u00c9 PRESO AP\u00d3S AMEA\u00c7AR E QUEBRAR OBJETOS DA NAMORADA EM CAMPINA DA LAGOA"},"content":{"rendered":"<p><a href=\"http:\/\/instagram.com\/p\/DbykPwUpAM1\"><\/a><\/p>\n<blockquote class=\"instagram-media\"  data-instgrm-permalink=\"https:\/\/www.instagram.com\/reel\/DbykPwUpAM1\/\" data-instgrm-version=\"14\" style=\" background:#FFF; border:0; border-radius:3px; box-shadow:0 0 1px 0 rgba(0,0,0,0.5),0 1px 10px 0 rgba(0,0,0,0.15); margin: 1px; max-width:540px; min-width:326px; padding:0; width:99.375%; width:-webkit-calc(100% - 2px); width:calc(100% - 2px);\"><p>&nbsp;<\/p><\/blockquote>\n<p> <script async src=\"\/\/www.instagram.com\/embed.js\"><\/script>HOMEM \u00c9 PRESO AP\u00d3S AMEA\u00c7AR E QUEBRAR OBJETOS DA NAMORADA EM CAMPINA DA LAGOA<\/p>\n<p>Um homem de 38 anos foi preso pela Pol\u00edcia Militar na tarde deste s\u00e1bado (8), ap\u00f3s uma ocorr\u00eancia de viol\u00eancia dom\u00e9stica no Centro de Campina da Lagoa.<\/p>\n<p>A equipe foi acionada via 190 por volta das 12h30. A v\u00edtima relatou que o namorado, com quem reside, teria chegado \u00e0 resid\u00eancia embriagado e iniciado uma discuss\u00e3o. Durante o desentendimento, ele teria quebrado um r\u00e1dio e o celular da mulher.<\/p>\n<p>Segundo o relato, o homem tamb\u00e9m a amea\u00e7ava de forma reiterada, proferia palavras ofensivas e a menosprezava, causando viol\u00eancia psicol\u00f3gica. A v\u00edtima informou que nunca havia sofrido agress\u00f5es f\u00edsicas, mas afirmou temer pela pr\u00f3pria vida, principalmente quando o companheiro ingere bebida alco\u00f3lica e fica agressivo.<\/p>\n<p>Os policiais localizaram o homem em frente \u00e0 resid\u00eancia. Durante a abordagem e busca pessoal, nada de il\u00edcito foi encontrado.<\/p>\n<p>Diante da situa\u00e7\u00e3o, o casal foi encaminhado ao hospital para a realiza\u00e7\u00e3o de laudo de les\u00e3o corporal e, posteriormente, apresentado na 13\u00aa Central de Flagrantes. A v\u00edtima manifestou interesse em solicitar medida protetiva.<\/p>\n<p>Pol\u00edcia Militar do Paran\u00e1 \u2014 n\u00f3s fazemos a diferen\u00e7a!<\/p>\n<p>&#x1f4e2; Divulgue sua empresa no Ubirat\u00e3 Online! Espa\u00e7os com pre\u00e7os especiais. WhatsApp: (44) 9 9142-1743.<\/p>\n<p>&#x1f4e9; Envie fotos, v\u00eddeos, den\u00fancias ou sugest\u00f5es de pauta pelo WhatsApp: &#x1f4f2; (44) 9 9925-5244<\/p>\n<p>&#x1f449; Siga: @ubirataonline_oficial<\/p>\n<p><a href=\"http:\/\/instagram.com\/p\/DbykPwUpAM1\">Source<\/a><\/p>\n<p><a href=\"https:\/\/ubirataonline.com.br\/en\/noticias\/\" target=\"_blank\" rel=\"noopener noreferrer\">Mais Not\u00edcias<\/a><\/p>\n<p><a href=\"https:\/\/ubirataonline.com.br\/en\/\" target=\"_blank\" rel=\"noopener noreferrer\">Home Page &#8211; In\u00edcio<\/a><\/p>\n<p><a href=\"http:\/\/instagram.com\/p\/DbykPwUpAM1\">Source link <\/a><br \/>\nMore: <a href=\"https:\/\/theglobaltrack.com\/\" target=\"_blank\" rel=\"noopener noreferrer\">The Global Track<\/a><\/p>\n<p><a href=\"https:\/\/corinthiames.com.br\/\" target=\"_blank\" rel=\"noopener noreferrer\">Corinthia Mes<\/a><\/p>","protected":false},"excerpt":{"rendered":"<p>&nbsp; HOMEM \u00c9 PRESO AP\u00d3S AMEA\u00c7AR E QUEBRAR OBJETOS DA NAMORADA EM CAMPINA DA LAGOA Um homem de 38 anos foi preso pela Pol\u00edcia Militar na tarde deste s\u00e1bado (8), ap\u00f3s uma ocorr\u00eancia de viol\u00eancia dom\u00e9stica no Centro de Campina da Lagoa. A equipe foi acionada via 190 por volta das 12h30. A v\u00edtima relatou [&hellip;]<\/p>\n","protected":false},"author":1,"featured_media":163284,"comment_status":"","ping_status":"","sticky":false,"template":"","format":"standard","meta":{"googlesitekit_rrm_CAow2JLhCw:productID":"","_gspb_post_css":"","maa_idioma":"","maa_pais":"","footnotes":""},"categories":[1],"tags":[10967,3140,169,105,24301,7399,13501,80,8892],"class_list":["post-163283","post","type-post","status-publish","format-standard","has-post-thumbnail","hentry","category-ubirata","tag-ameacar","tag-apos","tag-campina","tag-homem","tag-lagoa","tag-namorada","tag-objetos","tag-preso","tag-quebrar"],"blocksy_meta":[],"yoast_head":"<!-- This site is optimized with the Yoast SEO Premium plugin v27.6 (Yoast SEO v27.6) - https:\/\/yoast.com\/product\/yoast-seo-premium-wordpress\/ -->\n<title>HOMEM \u00c9 PRESO AP\u00d3S AMEA\u00c7AR E QUEBRAR OBJETOS DA NAMORADA EM CAMPINA DA LAGOA - Ubirat\u00e3 Online Not\u00edcias - A realidade ao seu alcance!<\/title>\n<meta name=\"description\" content=\"&nbsp; HOMEM \u00c9 PRESO AP\u00d3S AMEA\u00c7AR E QUEBRAR OBJETOS DA NAMORADA EM CAMPINA DA LAGOA Um homem de 38 anos foi preso pela Pol\u00edcia Militar na tarde deste\" \/>\n<meta name=\"robots\" content=\"index, follow, max-snippet:-1, max-image-preview:large, max-video-preview:-1\" \/>\n<link rel=\"canonical\" href=\"http:\/\/instagram.com\/p\/DbykPwUpAM1\" \/>\n<meta property=\"og:locale\" content=\"en_US\" \/>\n<meta property=\"og:type\" content=\"article\" \/>\n<meta property=\"og:title\" content=\"HOMEM \u00c9 PRESO AP\u00d3S AMEA\u00c7AR E QUEBRAR OBJETOS DA NAMORADA EM CAMPINA DA LAGOA\" \/>\n<meta property=\"og:description\" content=\"&nbsp; HOMEM \u00c9 PRESO AP\u00d3S AMEA\u00c7AR E QUEBRAR OBJETOS DA NAMORADA EM CAMPINA DA LAGOA Um homem de 38 anos foi preso pela Pol\u00edcia Militar na tarde deste\" \/>\n<meta property=\"og:url\" content=\"http:\/\/instagram.com\/p\/DbykPwUpAM1\" \/>\n<meta property=\"og:site_name\" content=\"Ubirat\u00e3 Online Not\u00edcias - A realidade ao seu alcance!\" \/>\n<meta property=\"article:publisher\" content=\"https:\/\/www.facebook.com\/portalubirataonline\" \/>\n<meta property=\"article:author\" content=\"https:\/\/www.facebook.com\/portalubirataonline\" \/>\n<meta property=\"article:published_time\" content=\"2026-08-08T19:37:39+00:00\" \/>\n<meta property=\"og:image\" content=\"https:\/\/ubirataonline.com.br\/wp-content\/uploads\/2026\/08\/1786217860_HOMEM-E-PRESO-APOS-AMEACAR-E-QUEBRAR-OBJETOS-DA-NAMORADA.jpg\" \/>\n\t<meta property=\"og:image:width\" content=\"540\" \/>\n\t<meta property=\"og:image:height\" content=\"960\" \/>\n\t<meta property=\"og:image:type\" content=\"image\/jpeg\" \/>\n<meta name=\"author\" content=\"REDA\u00c7\u00c3O: UBIRAT\u00c3 ONLINE - F\u00c1BIO AUGUSTO CELESTINO\" \/>\n<meta name=\"twitter:card\" content=\"summary_large_image\" \/>\n<meta name=\"twitter:creator\" content=\"@x.com\/ubirataonline\" \/>\n<meta name=\"twitter:site\" content=\"@ubirataonline\" \/>\n<meta name=\"twitter:label1\" content=\"Written by\" \/>\n\t<meta name=\"twitter:data1\" content=\"REDA\u00c7\u00c3O: UBIRAT\u00c3 ONLINE - F\u00c1BIO AUGUSTO CELESTINO\" \/>\n\t<meta name=\"twitter:label2\" content=\"Est. reading time\" \/>\n\t<meta name=\"twitter:data2\" content=\"1 minute\" \/>\n<script type=\"application\/ld+json\" class=\"yoast-schema-graph\">{\"@context\":\"https:\\\/\\\/schema.org\",\"@graph\":[{\"@type\":\"NewsArticle\",\"@id\":\"http:\\\/\\\/instagram.com\\\/p\\\/DbykPwUpAM1#article\",\"isPartOf\":{\"@id\":\"https:\\\/\\\/ubirataonline.com.br\\\/homem-e-preso-apos-ameacar-e-quebrar-objetos-da-namorada-em-campina-da-lagoa\\\/\"},\"author\":{\"name\":\"REDA\u00c7\u00c3O: UBIRAT\u00c3 ONLINE - F\u00c1BIO AUGUSTO CELESTINO\",\"@id\":\"https:\\\/\\\/ubirataonline.com.br\\\/#\\\/schema\\\/person\\\/372f87bbd3fdd79b8556b84c98d0bc1c\"},\"headline\":\"HOMEM \u00c9 PRESO AP\u00d3S AMEA\u00c7AR E QUEBRAR OBJETOS DA NAMORADA EM CAMPINA DA LAGOA\",\"datePublished\":\"2026-08-08T19:37:39+00:00\",\"mainEntityOfPage\":{\"@id\":\"https:\\\/\\\/ubirataonline.com.br\\\/homem-e-preso-apos-ameacar-e-quebrar-objetos-da-namorada-em-campina-da-lagoa\\\/\"},\"wordCount\":286,\"publisher\":{\"@id\":\"https:\\\/\\\/ubirataonline.com.br\\\/#organization\"},\"image\":{\"@id\":\"http:\\\/\\\/instagram.com\\\/p\\\/DbykPwUpAM1#primaryimage\"},\"thumbnailUrl\":\"https:\\\/\\\/ubirataonline.com.br\\\/wp-content\\\/uploads\\\/2026\\\/08\\\/1786217860_HOMEM-E-PRESO-APOS-AMEACAR-E-QUEBRAR-OBJETOS-DA-NAMORADA.jpg\",\"keywords\":[\"amea\u00e7ar\",\"ap\u00f3s\",\"campina\",\"homem\",\"Lagoa\",\"Namorada\",\"objetos\",\"preso\",\"quebrar\"],\"articleSection\":[\"Ubirat\u00e3\"],\"inLanguage\":\"en-US\",\"copyrightYear\":\"2026\",\"copyrightHolder\":{\"@id\":\"https:\\\/\\\/ubirataonline.com.br\\\/en\\\/#organization\"}},{\"@type\":\"WebPage\",\"@id\":\"https:\\\/\\\/ubirataonline.com.br\\\/homem-e-preso-apos-ameacar-e-quebrar-objetos-da-namorada-em-campina-da-lagoa\\\/\",\"url\":\"http:\\\/\\\/instagram.com\\\/p\\\/DbykPwUpAM1\",\"name\":\"HOMEM \u00c9 PRESO AP\u00d3S AMEA\u00c7AR E QUEBRAR OBJETOS DA NAMORADA EM CAMPINA DA LAGOA - Ubirat\u00e3 Online Not\u00edcias - A realidade ao seu alcance!\",\"isPartOf\":{\"@id\":\"https:\\\/\\\/ubirataonline.com.br\\\/#website\"},\"primaryImageOfPage\":{\"@id\":\"http:\\\/\\\/instagram.com\\\/p\\\/DbykPwUpAM1#primaryimage\"},\"image\":{\"@id\":\"http:\\\/\\\/instagram.com\\\/p\\\/DbykPwUpAM1#primaryimage\"},\"thumbnailUrl\":\"https:\\\/\\\/ubirataonline.com.br\\\/wp-content\\\/uploads\\\/2026\\\/08\\\/1786217860_HOMEM-E-PRESO-APOS-AMEACAR-E-QUEBRAR-OBJETOS-DA-NAMORADA.jpg\",\"datePublished\":\"2026-08-08T19:37:39+00:00\",\"description\":\"&nbsp; HOMEM \u00c9 PRESO AP\u00d3S AMEA\u00c7AR E QUEBRAR OBJETOS DA NAMORADA EM CAMPINA DA LAGOA Um homem de 38 anos foi preso pela Pol\u00edcia Militar na tarde deste\",\"breadcrumb\":{\"@id\":\"http:\\\/\\\/instagram.com\\\/p\\\/DbykPwUpAM1#breadcrumb\"},\"inLanguage\":\"en-US\",\"potentialAction\":[{\"@type\":\"ReadAction\",\"target\":[\"http:\\\/\\\/instagram.com\\\/p\\\/DbykPwUpAM1\"]}]},{\"@type\":\"ImageObject\",\"inLanguage\":\"en-US\",\"@id\":\"http:\\\/\\\/instagram.com\\\/p\\\/DbykPwUpAM1#primaryimage\",\"url\":\"https:\\\/\\\/ubirataonline.com.br\\\/wp-content\\\/uploads\\\/2026\\\/08\\\/1786217860_HOMEM-E-PRESO-APOS-AMEACAR-E-QUEBRAR-OBJETOS-DA-NAMORADA.jpg\",\"contentUrl\":\"https:\\\/\\\/ubirataonline.com.br\\\/wp-content\\\/uploads\\\/2026\\\/08\\\/1786217860_HOMEM-E-PRESO-APOS-AMEACAR-E-QUEBRAR-OBJETOS-DA-NAMORADA.jpg\",\"width\":540,\"height\":960,\"caption\":\"HOMEM \u00c9 PRESO AP\u00d3S AMEA\u00c7AR E QUEBRAR OBJETOS DA NAMORADA EM CAMPINA DA LAGOA\"},{\"@type\":\"BreadcrumbList\",\"@id\":\"http:\\\/\\\/instagram.com\\\/p\\\/DbykPwUpAM1#breadcrumb\",\"itemListElement\":[{\"@type\":\"ListItem\",\"position\":1,\"name\":\"In\u00edcio\",\"item\":\"https:\\\/\\\/ubirataonline.com.br\\\/\"},{\"@type\":\"ListItem\",\"position\":2,\"name\":\"HOMEM \u00c9 PRESO AP\u00d3S AMEA\u00c7AR E QUEBRAR OBJETOS DA NAMORADA EM CAMPINA DA LAGOA\"}]},{\"@type\":\"WebSite\",\"@id\":\"https:\\\/\\\/ubirataonline.com.br\\\/#website\",\"url\":\"https:\\\/\\\/ubirataonline.com.br\\\/\",\"name\":\"Ubirat\u00e3 Online Not\u00edcias\",\"description\":\"Not\u00edcias de Ubirat\u00e3, regi\u00e3o, Brasil e mundo, com informa\u00e7\u00e3o atualizada e compromisso com o leitor.\",\"publisher\":{\"@id\":\"https:\\\/\\\/ubirataonline.com.br\\\/#organization\"},\"alternateName\":\"Ubirat\u00e3 Online\",\"potentialAction\":[{\"@type\":\"SearchAction\",\"target\":{\"@type\":\"EntryPoint\",\"urlTemplate\":\"https:\\\/\\\/ubirataonline.com.br\\\/?s={search_term_string}\"},\"query-input\":{\"@type\":\"PropertyValueSpecification\",\"valueRequired\":true,\"valueName\":\"search_term_string\"}}],\"inLanguage\":\"en-US\"},{\"@type\":[\"Organization\",\"Place\"],\"@id\":\"https:\\\/\\\/ubirataonline.com.br\\\/#organization\",\"name\":\"Ubirat\u00e3 Online Not\u00edcias\",\"alternateName\":\"Ubirat\u00e3 Online\",\"url\":\"https:\\\/\\\/ubirataonline.com.br\\\/\",\"logo\":{\"@id\":\"http:\\\/\\\/instagram.com\\\/p\\\/DbykPwUpAM1#local-main-organization-logo\"},\"image\":{\"@id\":\"http:\\\/\\\/instagram.com\\\/p\\\/DbykPwUpAM1#local-main-organization-logo\"},\"sameAs\":[\"https:\\\/\\\/www.facebook.com\\\/portalubirataonline\",\"https:\\\/\\\/x.com\\\/ubirataonline\",\"https:\\\/\\\/mastodon.social\\\/@ubirataonline\",\"https:\\\/\\\/www.facebook.com\\\/groups\\\/311144672285604\",\"https:\\\/\\\/www.facebook.com\\\/UBTAOnline\",\"https:\\\/\\\/www.instagram.com\\\/portalubirataonline\\\/\",\"https:\\\/\\\/twitter.com\\\/ubirataonline\"],\"description\":\"Somos um portal de not\u00edcias independente, criado em 5 de janeiro de 2009, com o objetivo de informar, conectar e valorizar a nossa comunidade de Ubirat\u00e3 e toda aregi\u00e3o. Com conte\u00fado atualizado, confi\u00e1vel e relevante, o Ubirat\u00e3 Online \u00e9 o seu espa\u00e7o para ficar por dentro dos principais acontecimentos locais, regionais, Brasil, Mundo e de interesse geral. Nosso compromisso \u00e9 com a verdade, a transpar\u00eancia e o respeito ao leitor.\",\"legalName\":\"UBIRATA ONLINE NOT\u00cdCIAS\",\"foundingDate\":\"2009-01-05\",\"numberOfEmployees\":{\"@type\":\"QuantitativeValue\",\"minValue\":\"1\",\"maxValue\":\"10\"},\"publishingPrinciples\":\"https:\\\/\\\/ubirataonline.com.br\\\/faq\\\/\",\"address\":{\"@id\":\"http:\\\/\\\/instagram.com\\\/p\\\/DbykPwUpAM1#local-main-place-address\"},\"geo\":{\"@type\":\"GeoCoordinates\",\"latitude\":\"-24.5361401\",\"longitude\":\"-52.9921776\"},\"telephone\":[\"+5544998308235\"],\"contactPoint\":{\"@type\":\"ContactPoint\",\"email\":\"contato@ubirataonline.com.br\"},\"openingHoursSpecification\":{\"@type\":\"OpeningHoursSpecification\",\"dayOfWeek\":[\"Monday\",\"Tuesday\",\"Wednesday\",\"Thursday\",\"Friday\",\"Saturday\",\"Sunday\"],\"opens\":\"00:00\",\"closes\":\"23:59\"},\"email\":\"contato@ubirataonline.com.br\",\"vatID\":\"47.621.418\\\/0001-80\"},{\"@type\":\"Person\",\"@id\":\"https:\\\/\\\/ubirataonline.com.br\\\/#\\\/schema\\\/person\\\/372f87bbd3fdd79b8556b84c98d0bc1c\",\"name\":\"REDA\u00c7\u00c3O: UBIRAT\u00c3 ONLINE - F\u00c1BIO AUGUSTO CELESTINO\",\"pronouns\":\"Ele\",\"description\":\"Desde 2003 trabalhando com not\u00edcias.\",\"sameAs\":[\"http:\\\/\\\/ubirataoline.com.br\",\"https:\\\/\\\/www.facebook.com\\\/portalubirataonline\",\"https:\\\/\\\/www.instagram.com\\\/ubirataonline_oficial\",\"https:\\\/\\\/x.com\\\/x.com\\\/ubirataonline\"],\"honorificPrefix\":\"Mr.\",\"honorificSuffix\":\"MD\",\"birthDate\":\"1980-06-16\",\"gender\":\"masculino\",\"award\":[\"V\u00e1rios pr\u00eamios de melhor portal da cidade\"],\"jobTitle\":\"Diretor\",\"url\":\"https:\\\/\\\/ubirataonline.com.br\\\/en\\\/author\\\/ubirataonline\\\/\"},{\"@type\":\"PostalAddress\",\"@id\":\"http:\\\/\\\/instagram.com\\\/p\\\/DbykPwUpAM1#local-main-place-address\",\"streetAddress\":\"Rua dos Coqueiros, 104 - Bairro Boa Vista, Rua dos Coqueiros, 104 Bairro Boa Vista\",\"addressLocality\":\"UBIRATA\",\"postalCode\":\"85440-000\",\"addressRegion\":\"PR\",\"addressCountry\":\"BR\"},{\"@type\":\"ImageObject\",\"inLanguage\":\"en-US\",\"@id\":\"http:\\\/\\\/instagram.com\\\/p\\\/DbykPwUpAM1#local-main-organization-logo\",\"url\":\"https:\\\/\\\/ubirataonline.com.br\\\/wp-content\\\/uploads\\\/2026\\\/06\\\/logoubirataonline-1.webp\",\"contentUrl\":\"https:\\\/\\\/ubirataonline.com.br\\\/wp-content\\\/uploads\\\/2026\\\/06\\\/logoubirataonline-1.webp\",\"width\":500,\"height\":500,\"caption\":\"Ubirat\u00e3 Online Not\u00edcias\"}]}<\/script>\n<meta name=\"geo.placename\" content=\"UBIRATA\" \/>\n<meta name=\"geo.position\" content=\"-24.5361401;-52.9921776\" \/>\n<meta name=\"geo.region\" content=\"Brazil\" \/>\n<!-- \/ Yoast SEO Premium plugin. -->","yoast_head_json":{"title":"HOMEM \u00c9 PRESO AP\u00d3S AMEA\u00c7AR E QUEBRAR OBJETOS DA NAMORADA EM CAMPINA DA LAGOA - Ubirat\u00e3 Online Not\u00edcias - A realidade ao seu alcance!","description":"&nbsp; HOMEM \u00c9 PRESO AP\u00d3S AMEA\u00c7AR E QUEBRAR OBJETOS DA NAMORADA EM CAMPINA DA LAGOA Um homem de 38 anos foi preso pela Pol\u00edcia Militar na tarde deste","robots":{"index":"index","follow":"follow","max-snippet":"max-snippet:-1","max-image-preview":"max-image-preview:large","max-video-preview":"max-video-preview:-1"},"canonical":"http:\/\/instagram.com\/p\/DbykPwUpAM1","og_locale":"en_US","og_type":"article","og_title":"HOMEM \u00c9 PRESO AP\u00d3S AMEA\u00c7AR E QUEBRAR OBJETOS DA NAMORADA EM CAMPINA DA LAGOA","og_description":"&nbsp; HOMEM \u00c9 PRESO AP\u00d3S AMEA\u00c7AR E QUEBRAR OBJETOS DA NAMORADA EM CAMPINA DA LAGOA Um homem de 38 anos foi preso pela Pol\u00edcia Militar na tarde deste","og_url":"http:\/\/instagram.com\/p\/DbykPwUpAM1","og_site_name":"Ubirat\u00e3 Online Not\u00edcias - A realidade ao seu alcance!","article_publisher":"https:\/\/www.facebook.com\/portalubirataonline","article_author":"https:\/\/www.facebook.com\/portalubirataonline","article_published_time":"2026-08-08T19:37:39+00:00","og_image":[{"width":540,"height":960,"url":"https:\/\/ubirataonline.com.br\/wp-content\/uploads\/2026\/08\/1786217860_HOMEM-E-PRESO-APOS-AMEACAR-E-QUEBRAR-OBJETOS-DA-NAMORADA.jpg","type":"image\/jpeg"}],"author":"REDA\u00c7\u00c3O: UBIRAT\u00c3 ONLINE - F\u00c1BIO AUGUSTO CELESTINO","twitter_card":"summary_large_image","twitter_creator":"@x.com\/ubirataonline","twitter_site":"@ubirataonline","twitter_misc":{"Written by":"REDA\u00c7\u00c3O: UBIRAT\u00c3 ONLINE - F\u00c1BIO AUGUSTO CELESTINO","Est. reading time":"1 minute"},"schema":{"@context":"https:\/\/schema.org","@graph":[{"@type":"NewsArticle","@id":"http:\/\/instagram.com\/p\/DbykPwUpAM1#article","isPartOf":{"@id":"https:\/\/ubirataonline.com.br\/homem-e-preso-apos-ameacar-e-quebrar-objetos-da-namorada-em-campina-da-lagoa\/"},"author":{"name":"REDA\u00c7\u00c3O: UBIRAT\u00c3 ONLINE - F\u00c1BIO AUGUSTO CELESTINO","@id":"https:\/\/ubirataonline.com.br\/#\/schema\/person\/372f87bbd3fdd79b8556b84c98d0bc1c"},"headline":"HOMEM \u00c9 PRESO AP\u00d3S AMEA\u00c7AR E QUEBRAR OBJETOS DA NAMORADA EM CAMPINA DA LAGOA","datePublished":"2026-08-08T19:37:39+00:00","mainEntityOfPage":{"@id":"https:\/\/ubirataonline.com.br\/homem-e-preso-apos-ameacar-e-quebrar-objetos-da-namorada-em-campina-da-lagoa\/"},"wordCount":286,"publisher":{"@id":"https:\/\/ubirataonline.com.br\/#organization"},"image":{"@id":"http:\/\/instagram.com\/p\/DbykPwUpAM1#primaryimage"},"thumbnailUrl":"https:\/\/ubirataonline.com.br\/wp-content\/uploads\/2026\/08\/1786217860_HOMEM-E-PRESO-APOS-AMEACAR-E-QUEBRAR-OBJETOS-DA-NAMORADA.jpg","keywords":["amea\u00e7ar","ap\u00f3s","campina","homem","Lagoa","Namorada","objetos","preso","quebrar"],"articleSection":["Ubirat\u00e3"],"inLanguage":"en-US","copyrightYear":"2026","copyrightHolder":{"@id":"https:\/\/ubirataonline.com.br\/en\/#organization"}},{"@type":"WebPage","@id":"https:\/\/ubirataonline.com.br\/homem-e-preso-apos-ameacar-e-quebrar-objetos-da-namorada-em-campina-da-lagoa\/","url":"http:\/\/instagram.com\/p\/DbykPwUpAM1","name":"HOMEM \u00c9 PRESO AP\u00d3S AMEA\u00c7AR E QUEBRAR OBJETOS DA NAMORADA EM CAMPINA DA LAGOA - Ubirat\u00e3 Online Not\u00edcias - A realidade ao seu alcance!","isPartOf":{"@id":"https:\/\/ubirataonline.com.br\/#website"},"primaryImageOfPage":{"@id":"http:\/\/instagram.com\/p\/DbykPwUpAM1#primaryimage"},"image":{"@id":"http:\/\/instagram.com\/p\/DbykPwUpAM1#primaryimage"},"thumbnailUrl":"https:\/\/ubirataonline.com.br\/wp-content\/uploads\/2026\/08\/1786217860_HOMEM-E-PRESO-APOS-AMEACAR-E-QUEBRAR-OBJETOS-DA-NAMORADA.jpg","datePublished":"2026-08-08T19:37:39+00:00","description":"&nbsp; HOMEM \u00c9 PRESO AP\u00d3S AMEA\u00c7AR E QUEBRAR OBJETOS DA NAMORADA EM CAMPINA DA LAGOA Um homem de 38 anos foi preso pela Pol\u00edcia Militar na tarde deste","breadcrumb":{"@id":"http:\/\/instagram.com\/p\/DbykPwUpAM1#breadcrumb"},"inLanguage":"en-US","potentialAction":[{"@type":"ReadAction","target":["http:\/\/instagram.com\/p\/DbykPwUpAM1"]}]},{"@type":"ImageObject","inLanguage":"en-US","@id":"http:\/\/instagram.com\/p\/DbykPwUpAM1#primaryimage","url":"https:\/\/ubirataonline.com.br\/wp-content\/uploads\/2026\/08\/1786217860_HOMEM-E-PRESO-APOS-AMEACAR-E-QUEBRAR-OBJETOS-DA-NAMORADA.jpg","contentUrl":"https:\/\/ubirataonline.com.br\/wp-content\/uploads\/2026\/08\/1786217860_HOMEM-E-PRESO-APOS-AMEACAR-E-QUEBRAR-OBJETOS-DA-NAMORADA.jpg","width":540,"height":960,"caption":"HOMEM \u00c9 PRESO AP\u00d3S AMEA\u00c7AR E QUEBRAR OBJETOS DA NAMORADA EM CAMPINA DA LAGOA"},{"@type":"BreadcrumbList","@id":"http:\/\/instagram.com\/p\/DbykPwUpAM1#breadcrumb","itemListElement":[{"@type":"ListItem","position":1,"name":"In\u00edcio","item":"https:\/\/ubirataonline.com.br\/"},{"@type":"ListItem","position":2,"name":"HOMEM \u00c9 PRESO AP\u00d3S AMEA\u00c7AR E QUEBRAR OBJETOS DA NAMORADA EM CAMPINA DA LAGOA"}]},{"@type":"WebSite","@id":"https:\/\/ubirataonline.com.br\/#website","url":"https:\/\/ubirataonline.com.br\/","name":"Ubirat\u00e3 Online Not\u00edcias","description":"Not\u00edcias de Ubirat\u00e3, regi\u00e3o, Brasil e mundo, com informa\u00e7\u00e3o atualizada e compromisso com o leitor.","publisher":{"@id":"https:\/\/ubirataonline.com.br\/#organization"},"alternateName":"Ubirat\u00e3 Online","potentialAction":[{"@type":"SearchAction","target":{"@type":"EntryPoint","urlTemplate":"https:\/\/ubirataonline.com.br\/?s={search_term_string}"},"query-input":{"@type":"PropertyValueSpecification","valueRequired":true,"valueName":"search_term_string"}}],"inLanguage":"en-US"},{"@type":["Organization","Place"],"@id":"https:\/\/ubirataonline.com.br\/#organization","name":"Ubirat\u00e3 Online Not\u00edcias","alternateName":"Ubirat\u00e3 Online","url":"https:\/\/ubirataonline.com.br\/","logo":{"@id":"http:\/\/instagram.com\/p\/DbykPwUpAM1#local-main-organization-logo"},"image":{"@id":"http:\/\/instagram.com\/p\/DbykPwUpAM1#local-main-organization-logo"},"sameAs":["https:\/\/www.facebook.com\/portalubirataonline","https:\/\/x.com\/ubirataonline","https:\/\/mastodon.social\/@ubirataonline","https:\/\/www.facebook.com\/groups\/311144672285604","https:\/\/www.facebook.com\/UBTAOnline","https:\/\/www.instagram.com\/portalubirataonline\/","https:\/\/twitter.com\/ubirataonline"],"description":"Somos um portal de not\u00edcias independente, criado em 5 de janeiro de 2009, com o objetivo de informar, conectar e valorizar a nossa comunidade de Ubirat\u00e3 e toda aregi\u00e3o. Com conte\u00fado atualizado, confi\u00e1vel e relevante, o Ubirat\u00e3 Online \u00e9 o seu espa\u00e7o para ficar por dentro dos principais acontecimentos locais, regionais, Brasil, Mundo e de interesse geral. Nosso compromisso \u00e9 com a verdade, a transpar\u00eancia e o respeito ao leitor.","legalName":"UBIRATA ONLINE NOT\u00cdCIAS","foundingDate":"2009-01-05","numberOfEmployees":{"@type":"QuantitativeValue","minValue":"1","maxValue":"10"},"publishingPrinciples":"https:\/\/ubirataonline.com.br\/faq\/","address":{"@id":"http:\/\/instagram.com\/p\/DbykPwUpAM1#local-main-place-address"},"geo":{"@type":"GeoCoordinates","latitude":"-24.5361401","longitude":"-52.9921776"},"telephone":["+5544998308235"],"contactPoint":{"@type":"ContactPoint","email":"contato@ubirataonline.com.br"},"openingHoursSpecification":{"@type":"OpeningHoursSpecification","dayOfWeek":["Monday","Tuesday","Wednesday","Thursday","Friday","Saturday","Sunday"],"opens":"00:00","closes":"23:59"},"email":"contato@ubirataonline.com.br","vatID":"47.621.418\/0001-80"},{"@type":"Person","@id":"https:\/\/ubirataonline.com.br\/#\/schema\/person\/372f87bbd3fdd79b8556b84c98d0bc1c","name":"REDA\u00c7\u00c3O: UBIRAT\u00c3 ONLINE - F\u00c1BIO AUGUSTO CELESTINO","pronouns":"Ele","description":"Desde 2003 trabalhando com not\u00edcias.","sameAs":["http:\/\/ubirataoline.com.br","https:\/\/www.facebook.com\/portalubirataonline","https:\/\/www.instagram.com\/ubirataonline_oficial","https:\/\/x.com\/x.com\/ubirataonline"],"honorificPrefix":"Mr.","honorificSuffix":"MD","birthDate":"1980-06-16","gender":"masculino","award":["V\u00e1rios pr\u00eamios de melhor portal da cidade"],"jobTitle":"Diretor","url":"https:\/\/ubirataonline.com.br\/en\/author\/ubirataonline\/"},{"@type":"PostalAddress","@id":"http:\/\/instagram.com\/p\/DbykPwUpAM1#local-main-place-address","streetAddress":"Rua dos Coqueiros, 104 - Bairro Boa Vista, Rua dos Coqueiros, 104 Bairro Boa Vista","addressLocality":"UBIRATA","postalCode":"85440-000","addressRegion":"PR","addressCountry":"BR"},{"@type":"ImageObject","inLanguage":"en-US","@id":"http:\/\/instagram.com\/p\/DbykPwUpAM1#local-main-organization-logo","url":"https:\/\/ubirataonline.com.br\/wp-content\/uploads\/2026\/06\/logoubirataonline-1.webp","contentUrl":"https:\/\/ubirataonline.com.br\/wp-content\/uploads\/2026\/06\/logoubirataonline-1.webp","width":500,"height":500,"caption":"Ubirat\u00e3 Online Not\u00edcias"}]},"geo.placename":"UBIRATA","geo.position":{"lat":"-24.5361401","long":"-52.9921776"},"geo.region":"Brazil"},"_links":{"self":[{"href":"https:\/\/ubirataonline.com.br\/en\/wp-json\/wp\/v2\/posts\/163283","targetHints":{"allow":["GET"]}}],"collection":[{"href":"https:\/\/ubirataonline.com.br\/en\/wp-json\/wp\/v2\/posts"}],"about":[{"href":"https:\/\/ubirataonline.com.br\/en\/wp-json\/wp\/v2\/types\/post"}],"author":[{"embeddable":true,"href":"https:\/\/ubirataonline.com.br\/en\/wp-json\/wp\/v2\/users\/1"}],"replies":[{"embeddable":true,"href":"https:\/\/ubirataonline.com.br\/en\/wp-json\/wp\/v2\/comments?post=163283"}],"version-history":[{"count":0,"href":"https:\/\/ubirataonline.com.br\/en\/wp-json\/wp\/v2\/posts\/163283\/revisions"}],"wp:featuredmedia":[{"embeddable":true,"href":"https:\/\/ubirataonline.com.br\/en\/wp-json\/wp\/v2\/media\/163284"}],"wp:attachment":[{"href":"https:\/\/ubirataonline.com.br\/en\/wp-json\/wp\/v2\/media?parent=163283"}],"wp:term":[{"taxonomy":"category","embeddable":true,"href":"https:\/\/ubirataonline.com.br\/en\/wp-json\/wp\/v2\/categories?post=163283"},{"taxonomy":"post_tag","embeddable":true,"href":"https:\/\/ubirataonline.com.br\/en\/wp-json\/wp\/v2\/tags?post=163283"}],"curies":[{"name":"wp","href":"https:\/\/api.w.org\/{rel}","templated":true}]}}