{"id":163324,"date":"2026-08-08T19:28:42","date_gmt":"2026-08-08T22:28:42","guid":{"rendered":"https:\/\/ubirataonline.com.br\/plantao-das-perolas-4\/"},"modified":"2026-08-08T19:28:42","modified_gmt":"2026-08-08T22:28:42","slug":"plantao-das-perolas-4","status":"publish","type":"post","link":"https:\/\/ubirataonline.com.br\/en\/plantao-das-perolas-4\/","title":{"rendered":"PLANT\u00c3O DAS P\u00c9ROLAS"},"content":{"rendered":"<p><a href=\"http:\/\/instagram.com\/p\/Dby5JsKJ84M\"><\/a><\/p>\n<blockquote class=\"instagram-media\"  data-instgrm-permalink=\"https:\/\/www.instagram.com\/reel\/Dby5JsKJ84M\/\" data-instgrm-version=\"14\" style=\" background:#FFF; border:0; border-radius:3px; box-shadow:0 0 1px 0 rgba(0,0,0,0.5),0 1px 10px 0 rgba(0,0,0,0.15); margin: 1px; max-width:540px; min-width:326px; padding:0; width:99.375%; width:-webkit-calc(100% - 2px); width:calc(100% - 2px);\"><p>&nbsp;<\/p><\/blockquote>\n<p> <script async src=\"\/\/www.instagram.com\/embed.js\"><\/script>&#x1f6a8; PLANT\u00c3O DAS P\u00c9ROLAS<\/p>\n<p>&#x1f3a4; IRM\u00c3 DORA: A ENTREVISTA QUE VIROU LENDA DA INTERNET<\/p>\n<p>Uma simples reportagem sobre uma briga de vizinhos em Bacabal, no Maranh\u00e3o, acabou se transformando em um dos memes mais marcantes da internet brasileira.<\/p>\n<p>Durante a entrevista, Irm\u00e3 Dora come\u00e7ou a cantar espontaneamente: &#8220;O sangue de Jesus tem poder, tem poder, tem poder!&#8221;. O momento viralizou nas redes sociais e ganhou incont\u00e1veis remixes, par\u00f3dias e montagens, tornando-se um verdadeiro cl\u00e1ssico da web.<\/p>\n<p>Curiosamente, a reportagem nem foi publicada oficialmente no YouTube na \u00e9poca. O v\u00eddeo se espalhou por grupos de WhatsApp e, dali em diante, conquistou o Brasil.<\/p>\n<p>Mais de dez anos depois, Irm\u00e3 Dora voltou a viralizar ao comemorar seu anivers\u00e1rio com um bolo estampado com a imagem da reportagem que a tornou famosa.<\/p>\n<p>&#x1f602; Um momento espont\u00e2neo que saiu de uma rua no Maranh\u00e3o para entrar na hist\u00f3ria dos memes brasileiros. Quem lembra dessa p\u00e9rola?<\/p>\n<p>&#x1f4e2; Divulgue sua empresa no Ubirat\u00e3 Online! Espa\u00e7os com pre\u00e7os especiais. WhatsApp: (44) 9 9142-1743.<\/p>\n<p>&#x1f4e9; Envie fotos, v\u00eddeos, den\u00fancias ou sugest\u00f5es de pauta pelo WhatsApp: &#x1f4f2; (44) 9 9925-5244<\/p>\n<p>&#x1f449; Siga: @ubirataonline_oficial<\/p>\n<p><a href=\"http:\/\/instagram.com\/p\/Dby5JsKJ84M\">Source<\/a><\/p>\n<p><a href=\"https:\/\/ubirataonline.com.br\/en\/noticias\/\" target=\"_blank\" rel=\"noopener noreferrer\">Mais Not\u00edcias<\/a><\/p>\n<p><a href=\"https:\/\/ubirataonline.com.br\/en\/\" target=\"_blank\" rel=\"noopener noreferrer\">Home Page &#8211; In\u00edcio<\/a><\/p>\n<p><a href=\"http:\/\/instagram.com\/p\/Dby5JsKJ84M\">Source link <\/a><br \/>\nMore: <a href=\"https:\/\/theglobaltrack.com\/\" target=\"_blank\" rel=\"noopener noreferrer\">The Global Track<\/a><\/p>\n<p><a href=\"https:\/\/corinthiames.com.br\/\" target=\"_blank\" rel=\"noopener noreferrer\">Corinthia Mes<\/a><\/p>","protected":false},"excerpt":{"rendered":"<p>&nbsp; &#x1f6a8; PLANT\u00c3O DAS P\u00c9ROLAS &#x1f3a4; IRM\u00c3 DORA: A ENTREVISTA QUE VIROU LENDA DA INTERNET Uma simples reportagem sobre uma briga de vizinhos em Bacabal, no Maranh\u00e3o, acabou se transformando em um dos memes mais marcantes da internet brasileira. Durante a entrevista, Irm\u00e3 Dora come\u00e7ou a cantar espontaneamente: &#8220;O sangue de Jesus tem poder, tem [&hellip;]<\/p>\n","protected":false},"author":1,"featured_media":163325,"comment_status":"","ping_status":"","sticky":false,"template":"","format":"standard","meta":{"googlesitekit_rrm_CAow2JLhCw:productID":"","_gspb_post_css":"","maa_idioma":"","maa_pais":"","footnotes":""},"categories":[1],"tags":[3489,42638,9969],"class_list":["post-163324","post","type-post","status-publish","format-standard","has-post-thumbnail","hentry","category-ubirata","tag-das","tag-perolas","tag-plantao"],"blocksy_meta":[],"yoast_head":"<!-- This site is optimized with the Yoast SEO Premium plugin v27.6 (Yoast SEO v27.6) - https:\/\/yoast.com\/product\/yoast-seo-premium-wordpress\/ -->\n<title>PLANT\u00c3O DAS P\u00c9ROLAS - Ubirat\u00e3 Online Not\u00edcias - A realidade ao seu alcance!<\/title>\n<meta name=\"description\" content=\"&nbsp; &#x1f6a8; PLANT\u00c3O DAS P\u00c9ROLAS &#x1f3a4; IRM\u00c3 DORA: A ENTREVISTA QUE VIROU LENDA DA INTERNET Uma simples reportagem sobre uma briga de vizinhos em\" \/>\n<meta name=\"robots\" content=\"index, follow, max-snippet:-1, max-image-preview:large, max-video-preview:-1\" \/>\n<link rel=\"canonical\" href=\"http:\/\/instagram.com\/p\/Dby5JsKJ84M\" \/>\n<meta property=\"og:locale\" content=\"en_US\" \/>\n<meta property=\"og:type\" content=\"article\" \/>\n<meta property=\"og:title\" content=\"PLANT\u00c3O DAS P\u00c9ROLAS\" \/>\n<meta property=\"og:description\" content=\"&nbsp; &#x1f6a8; PLANT\u00c3O DAS P\u00c9ROLAS &#x1f3a4; IRM\u00c3 DORA: A ENTREVISTA QUE VIROU LENDA DA INTERNET Uma simples reportagem sobre uma briga de vizinhos em\" \/>\n<meta property=\"og:url\" content=\"http:\/\/instagram.com\/p\/Dby5JsKJ84M\" \/>\n<meta property=\"og:site_name\" content=\"Ubirat\u00e3 Online Not\u00edcias - A realidade ao seu alcance!\" \/>\n<meta property=\"article:publisher\" content=\"https:\/\/www.facebook.com\/portalubirataonline\" \/>\n<meta property=\"article:author\" content=\"https:\/\/www.facebook.com\/portalubirataonline\" \/>\n<meta property=\"article:published_time\" content=\"2026-08-08T22:28:42+00:00\" \/>\n<meta property=\"og:image\" content=\"https:\/\/ubirataonline.com.br\/wp-content\/uploads\/2026\/08\/1786228123_PLANTAO-DAS-PEROLAS.jpg\" \/>\n\t<meta property=\"og:image:width\" content=\"540\" \/>\n\t<meta property=\"og:image:height\" content=\"960\" \/>\n\t<meta property=\"og:image:type\" content=\"image\/jpeg\" \/>\n<meta name=\"author\" content=\"REDA\u00c7\u00c3O: UBIRAT\u00c3 ONLINE - F\u00c1BIO AUGUSTO CELESTINO\" \/>\n<meta name=\"twitter:card\" content=\"summary_large_image\" \/>\n<meta name=\"twitter:creator\" content=\"@x.com\/ubirataonline\" \/>\n<meta name=\"twitter:site\" content=\"@ubirataonline\" \/>\n<meta name=\"twitter:label1\" content=\"Written by\" \/>\n\t<meta name=\"twitter:data1\" content=\"REDA\u00c7\u00c3O: UBIRAT\u00c3 ONLINE - F\u00c1BIO AUGUSTO CELESTINO\" \/>\n\t<meta name=\"twitter:label2\" content=\"Est. reading time\" \/>\n\t<meta name=\"twitter:data2\" content=\"1 minute\" \/>\n<script type=\"application\/ld+json\" class=\"yoast-schema-graph\">{\"@context\":\"https:\\\/\\\/schema.org\",\"@graph\":[{\"@type\":\"NewsArticle\",\"@id\":\"http:\\\/\\\/instagram.com\\\/p\\\/Dby5JsKJ84M#article\",\"isPartOf\":{\"@id\":\"https:\\\/\\\/ubirataonline.com.br\\\/plantao-das-perolas-4\\\/\"},\"author\":{\"name\":\"REDA\u00c7\u00c3O: UBIRAT\u00c3 ONLINE - F\u00c1BIO AUGUSTO CELESTINO\",\"@id\":\"https:\\\/\\\/ubirataonline.com.br\\\/#\\\/schema\\\/person\\\/372f87bbd3fdd79b8556b84c98d0bc1c\"},\"headline\":\"PLANT\u00c3O DAS P\u00c9ROLAS\",\"datePublished\":\"2026-08-08T22:28:42+00:00\",\"mainEntityOfPage\":{\"@id\":\"https:\\\/\\\/ubirataonline.com.br\\\/plantao-das-perolas-4\\\/\"},\"wordCount\":234,\"publisher\":{\"@id\":\"https:\\\/\\\/ubirataonline.com.br\\\/#organization\"},\"image\":{\"@id\":\"http:\\\/\\\/instagram.com\\\/p\\\/Dby5JsKJ84M#primaryimage\"},\"thumbnailUrl\":\"https:\\\/\\\/ubirataonline.com.br\\\/wp-content\\\/uploads\\\/2026\\\/08\\\/1786228123_PLANTAO-DAS-PEROLAS.jpg\",\"keywords\":[\"das\",\"P\u00c9ROLAS\",\"Plant\u00e3o\"],\"articleSection\":[\"Ubirat\u00e3\"],\"inLanguage\":\"en-US\",\"copyrightYear\":\"2026\",\"copyrightHolder\":{\"@id\":\"https:\\\/\\\/ubirataonline.com.br\\\/en\\\/#organization\"}},{\"@type\":\"WebPage\",\"@id\":\"https:\\\/\\\/ubirataonline.com.br\\\/plantao-das-perolas-4\\\/\",\"url\":\"http:\\\/\\\/instagram.com\\\/p\\\/Dby5JsKJ84M\",\"name\":\"PLANT\u00c3O DAS P\u00c9ROLAS - Ubirat\u00e3 Online Not\u00edcias - A realidade ao seu alcance!\",\"isPartOf\":{\"@id\":\"https:\\\/\\\/ubirataonline.com.br\\\/#website\"},\"primaryImageOfPage\":{\"@id\":\"http:\\\/\\\/instagram.com\\\/p\\\/Dby5JsKJ84M#primaryimage\"},\"image\":{\"@id\":\"http:\\\/\\\/instagram.com\\\/p\\\/Dby5JsKJ84M#primaryimage\"},\"thumbnailUrl\":\"https:\\\/\\\/ubirataonline.com.br\\\/wp-content\\\/uploads\\\/2026\\\/08\\\/1786228123_PLANTAO-DAS-PEROLAS.jpg\",\"datePublished\":\"2026-08-08T22:28:42+00:00\",\"description\":\"&nbsp; &#x1f6a8; PLANT\u00c3O DAS P\u00c9ROLAS &#x1f3a4; IRM\u00c3 DORA: A ENTREVISTA QUE VIROU LENDA DA INTERNET Uma simples reportagem sobre uma briga de vizinhos em\",\"breadcrumb\":{\"@id\":\"http:\\\/\\\/instagram.com\\\/p\\\/Dby5JsKJ84M#breadcrumb\"},\"inLanguage\":\"en-US\",\"potentialAction\":[{\"@type\":\"ReadAction\",\"target\":[\"http:\\\/\\\/instagram.com\\\/p\\\/Dby5JsKJ84M\"]}]},{\"@type\":\"ImageObject\",\"inLanguage\":\"en-US\",\"@id\":\"http:\\\/\\\/instagram.com\\\/p\\\/Dby5JsKJ84M#primaryimage\",\"url\":\"https:\\\/\\\/ubirataonline.com.br\\\/wp-content\\\/uploads\\\/2026\\\/08\\\/1786228123_PLANTAO-DAS-PEROLAS.jpg\",\"contentUrl\":\"https:\\\/\\\/ubirataonline.com.br\\\/wp-content\\\/uploads\\\/2026\\\/08\\\/1786228123_PLANTAO-DAS-PEROLAS.jpg\",\"width\":540,\"height\":960,\"caption\":\"PLANT\u00c3O DAS P\u00c9ROLAS\"},{\"@type\":\"BreadcrumbList\",\"@id\":\"http:\\\/\\\/instagram.com\\\/p\\\/Dby5JsKJ84M#breadcrumb\",\"itemListElement\":[{\"@type\":\"ListItem\",\"position\":1,\"name\":\"In\u00edcio\",\"item\":\"https:\\\/\\\/ubirataonline.com.br\\\/\"},{\"@type\":\"ListItem\",\"position\":2,\"name\":\"PLANT\u00c3O DAS P\u00c9ROLAS\"}]},{\"@type\":\"WebSite\",\"@id\":\"https:\\\/\\\/ubirataonline.com.br\\\/#website\",\"url\":\"https:\\\/\\\/ubirataonline.com.br\\\/\",\"name\":\"Ubirat\u00e3 Online Not\u00edcias\",\"description\":\"Not\u00edcias de Ubirat\u00e3, regi\u00e3o, Brasil e mundo, com informa\u00e7\u00e3o atualizada e compromisso com o leitor.\",\"publisher\":{\"@id\":\"https:\\\/\\\/ubirataonline.com.br\\\/#organization\"},\"alternateName\":\"Ubirat\u00e3 Online\",\"potentialAction\":[{\"@type\":\"SearchAction\",\"target\":{\"@type\":\"EntryPoint\",\"urlTemplate\":\"https:\\\/\\\/ubirataonline.com.br\\\/?s={search_term_string}\"},\"query-input\":{\"@type\":\"PropertyValueSpecification\",\"valueRequired\":true,\"valueName\":\"search_term_string\"}}],\"inLanguage\":\"en-US\"},{\"@type\":[\"Organization\",\"Place\"],\"@id\":\"https:\\\/\\\/ubirataonline.com.br\\\/#organization\",\"name\":\"Ubirat\u00e3 Online Not\u00edcias\",\"alternateName\":\"Ubirat\u00e3 Online\",\"url\":\"https:\\\/\\\/ubirataonline.com.br\\\/\",\"logo\":{\"@id\":\"http:\\\/\\\/instagram.com\\\/p\\\/Dby5JsKJ84M#local-main-organization-logo\"},\"image\":{\"@id\":\"http:\\\/\\\/instagram.com\\\/p\\\/Dby5JsKJ84M#local-main-organization-logo\"},\"sameAs\":[\"https:\\\/\\\/www.facebook.com\\\/portalubirataonline\",\"https:\\\/\\\/x.com\\\/ubirataonline\",\"https:\\\/\\\/mastodon.social\\\/@ubirataonline\",\"https:\\\/\\\/www.facebook.com\\\/groups\\\/311144672285604\",\"https:\\\/\\\/www.facebook.com\\\/UBTAOnline\",\"https:\\\/\\\/www.instagram.com\\\/portalubirataonline\\\/\",\"https:\\\/\\\/twitter.com\\\/ubirataonline\"],\"description\":\"Somos um portal de not\u00edcias independente, criado em 5 de janeiro de 2009, com o objetivo de informar, conectar e valorizar a nossa comunidade de Ubirat\u00e3 e toda aregi\u00e3o. Com conte\u00fado atualizado, confi\u00e1vel e relevante, o Ubirat\u00e3 Online \u00e9 o seu espa\u00e7o para ficar por dentro dos principais acontecimentos locais, regionais, Brasil, Mundo e de interesse geral. Nosso compromisso \u00e9 com a verdade, a transpar\u00eancia e o respeito ao leitor.\",\"legalName\":\"UBIRATA ONLINE NOT\u00cdCIAS\",\"foundingDate\":\"2009-01-05\",\"numberOfEmployees\":{\"@type\":\"QuantitativeValue\",\"minValue\":\"1\",\"maxValue\":\"10\"},\"publishingPrinciples\":\"https:\\\/\\\/ubirataonline.com.br\\\/faq\\\/\",\"address\":{\"@id\":\"http:\\\/\\\/instagram.com\\\/p\\\/Dby5JsKJ84M#local-main-place-address\"},\"geo\":{\"@type\":\"GeoCoordinates\",\"latitude\":\"-24.5361401\",\"longitude\":\"-52.9921776\"},\"telephone\":[\"+5544998308235\"],\"contactPoint\":{\"@type\":\"ContactPoint\",\"email\":\"contato@ubirataonline.com.br\"},\"openingHoursSpecification\":{\"@type\":\"OpeningHoursSpecification\",\"dayOfWeek\":[\"Monday\",\"Tuesday\",\"Wednesday\",\"Thursday\",\"Friday\",\"Saturday\",\"Sunday\"],\"opens\":\"00:00\",\"closes\":\"23:59\"},\"email\":\"contato@ubirataonline.com.br\",\"vatID\":\"47.621.418\\\/0001-80\"},{\"@type\":\"Person\",\"@id\":\"https:\\\/\\\/ubirataonline.com.br\\\/#\\\/schema\\\/person\\\/372f87bbd3fdd79b8556b84c98d0bc1c\",\"name\":\"REDA\u00c7\u00c3O: UBIRAT\u00c3 ONLINE - F\u00c1BIO AUGUSTO CELESTINO\",\"pronouns\":\"Ele\",\"description\":\"Desde 2003 trabalhando com not\u00edcias.\",\"sameAs\":[\"http:\\\/\\\/ubirataoline.com.br\",\"https:\\\/\\\/www.facebook.com\\\/portalubirataonline\",\"https:\\\/\\\/www.instagram.com\\\/ubirataonline_oficial\",\"https:\\\/\\\/x.com\\\/x.com\\\/ubirataonline\"],\"honorificPrefix\":\"Mr.\",\"honorificSuffix\":\"MD\",\"birthDate\":\"1980-06-16\",\"gender\":\"masculino\",\"award\":[\"V\u00e1rios pr\u00eamios de melhor portal da cidade\"],\"jobTitle\":\"Diretor\",\"url\":\"https:\\\/\\\/ubirataonline.com.br\\\/en\\\/author\\\/ubirataonline\\\/\"},{\"@type\":\"PostalAddress\",\"@id\":\"http:\\\/\\\/instagram.com\\\/p\\\/Dby5JsKJ84M#local-main-place-address\",\"streetAddress\":\"Rua dos Coqueiros, 104 - Bairro Boa Vista, Rua dos Coqueiros, 104 Bairro Boa Vista\",\"addressLocality\":\"UBIRATA\",\"postalCode\":\"85440-000\",\"addressRegion\":\"PR\",\"addressCountry\":\"BR\"},{\"@type\":\"ImageObject\",\"inLanguage\":\"en-US\",\"@id\":\"http:\\\/\\\/instagram.com\\\/p\\\/Dby5JsKJ84M#local-main-organization-logo\",\"url\":\"https:\\\/\\\/ubirataonline.com.br\\\/wp-content\\\/uploads\\\/2026\\\/06\\\/logoubirataonline-1.webp\",\"contentUrl\":\"https:\\\/\\\/ubirataonline.com.br\\\/wp-content\\\/uploads\\\/2026\\\/06\\\/logoubirataonline-1.webp\",\"width\":500,\"height\":500,\"caption\":\"Ubirat\u00e3 Online Not\u00edcias\"}]}<\/script>\n<meta name=\"geo.placename\" content=\"UBIRATA\" \/>\n<meta name=\"geo.position\" content=\"-24.5361401;-52.9921776\" \/>\n<meta name=\"geo.region\" content=\"Brazil\" \/>\n<!-- \/ Yoast SEO Premium plugin. -->","yoast_head_json":{"title":"PLANT\u00c3O DAS P\u00c9ROLAS - Ubirat\u00e3 Online Not\u00edcias - A realidade ao seu alcance!","description":"&nbsp; &#x1f6a8; PLANT\u00c3O DAS P\u00c9ROLAS &#x1f3a4; IRM\u00c3 DORA: A ENTREVISTA QUE VIROU LENDA DA INTERNET Uma simples reportagem sobre uma briga de vizinhos em","robots":{"index":"index","follow":"follow","max-snippet":"max-snippet:-1","max-image-preview":"max-image-preview:large","max-video-preview":"max-video-preview:-1"},"canonical":"http:\/\/instagram.com\/p\/Dby5JsKJ84M","og_locale":"en_US","og_type":"article","og_title":"PLANT\u00c3O DAS P\u00c9ROLAS","og_description":"&nbsp; &#x1f6a8; PLANT\u00c3O DAS P\u00c9ROLAS &#x1f3a4; IRM\u00c3 DORA: A ENTREVISTA QUE VIROU LENDA DA INTERNET Uma simples reportagem sobre uma briga de vizinhos em","og_url":"http:\/\/instagram.com\/p\/Dby5JsKJ84M","og_site_name":"Ubirat\u00e3 Online Not\u00edcias - A realidade ao seu alcance!","article_publisher":"https:\/\/www.facebook.com\/portalubirataonline","article_author":"https:\/\/www.facebook.com\/portalubirataonline","article_published_time":"2026-08-08T22:28:42+00:00","og_image":[{"width":540,"height":960,"url":"https:\/\/ubirataonline.com.br\/wp-content\/uploads\/2026\/08\/1786228123_PLANTAO-DAS-PEROLAS.jpg","type":"image\/jpeg"}],"author":"REDA\u00c7\u00c3O: UBIRAT\u00c3 ONLINE - F\u00c1BIO AUGUSTO CELESTINO","twitter_card":"summary_large_image","twitter_creator":"@x.com\/ubirataonline","twitter_site":"@ubirataonline","twitter_misc":{"Written by":"REDA\u00c7\u00c3O: UBIRAT\u00c3 ONLINE - F\u00c1BIO AUGUSTO CELESTINO","Est. reading time":"1 minute"},"schema":{"@context":"https:\/\/schema.org","@graph":[{"@type":"NewsArticle","@id":"http:\/\/instagram.com\/p\/Dby5JsKJ84M#article","isPartOf":{"@id":"https:\/\/ubirataonline.com.br\/plantao-das-perolas-4\/"},"author":{"name":"REDA\u00c7\u00c3O: UBIRAT\u00c3 ONLINE - F\u00c1BIO AUGUSTO CELESTINO","@id":"https:\/\/ubirataonline.com.br\/#\/schema\/person\/372f87bbd3fdd79b8556b84c98d0bc1c"},"headline":"PLANT\u00c3O DAS P\u00c9ROLAS","datePublished":"2026-08-08T22:28:42+00:00","mainEntityOfPage":{"@id":"https:\/\/ubirataonline.com.br\/plantao-das-perolas-4\/"},"wordCount":234,"publisher":{"@id":"https:\/\/ubirataonline.com.br\/#organization"},"image":{"@id":"http:\/\/instagram.com\/p\/Dby5JsKJ84M#primaryimage"},"thumbnailUrl":"https:\/\/ubirataonline.com.br\/wp-content\/uploads\/2026\/08\/1786228123_PLANTAO-DAS-PEROLAS.jpg","keywords":["das","P\u00c9ROLAS","Plant\u00e3o"],"articleSection":["Ubirat\u00e3"],"inLanguage":"en-US","copyrightYear":"2026","copyrightHolder":{"@id":"https:\/\/ubirataonline.com.br\/en\/#organization"}},{"@type":"WebPage","@id":"https:\/\/ubirataonline.com.br\/plantao-das-perolas-4\/","url":"http:\/\/instagram.com\/p\/Dby5JsKJ84M","name":"PLANT\u00c3O DAS P\u00c9ROLAS - Ubirat\u00e3 Online Not\u00edcias - A realidade ao seu alcance!","isPartOf":{"@id":"https:\/\/ubirataonline.com.br\/#website"},"primaryImageOfPage":{"@id":"http:\/\/instagram.com\/p\/Dby5JsKJ84M#primaryimage"},"image":{"@id":"http:\/\/instagram.com\/p\/Dby5JsKJ84M#primaryimage"},"thumbnailUrl":"https:\/\/ubirataonline.com.br\/wp-content\/uploads\/2026\/08\/1786228123_PLANTAO-DAS-PEROLAS.jpg","datePublished":"2026-08-08T22:28:42+00:00","description":"&nbsp; &#x1f6a8; PLANT\u00c3O DAS P\u00c9ROLAS &#x1f3a4; IRM\u00c3 DORA: A ENTREVISTA QUE VIROU LENDA DA INTERNET Uma simples reportagem sobre uma briga de vizinhos em","breadcrumb":{"@id":"http:\/\/instagram.com\/p\/Dby5JsKJ84M#breadcrumb"},"inLanguage":"en-US","potentialAction":[{"@type":"ReadAction","target":["http:\/\/instagram.com\/p\/Dby5JsKJ84M"]}]},{"@type":"ImageObject","inLanguage":"en-US","@id":"http:\/\/instagram.com\/p\/Dby5JsKJ84M#primaryimage","url":"https:\/\/ubirataonline.com.br\/wp-content\/uploads\/2026\/08\/1786228123_PLANTAO-DAS-PEROLAS.jpg","contentUrl":"https:\/\/ubirataonline.com.br\/wp-content\/uploads\/2026\/08\/1786228123_PLANTAO-DAS-PEROLAS.jpg","width":540,"height":960,"caption":"PLANT\u00c3O DAS P\u00c9ROLAS"},{"@type":"BreadcrumbList","@id":"http:\/\/instagram.com\/p\/Dby5JsKJ84M#breadcrumb","itemListElement":[{"@type":"ListItem","position":1,"name":"In\u00edcio","item":"https:\/\/ubirataonline.com.br\/"},{"@type":"ListItem","position":2,"name":"PLANT\u00c3O DAS P\u00c9ROLAS"}]},{"@type":"WebSite","@id":"https:\/\/ubirataonline.com.br\/#website","url":"https:\/\/ubirataonline.com.br\/","name":"Ubirat\u00e3 Online Not\u00edcias","description":"Not\u00edcias de Ubirat\u00e3, regi\u00e3o, Brasil e mundo, com informa\u00e7\u00e3o atualizada e compromisso com o leitor.","publisher":{"@id":"https:\/\/ubirataonline.com.br\/#organization"},"alternateName":"Ubirat\u00e3 Online","potentialAction":[{"@type":"SearchAction","target":{"@type":"EntryPoint","urlTemplate":"https:\/\/ubirataonline.com.br\/?s={search_term_string}"},"query-input":{"@type":"PropertyValueSpecification","valueRequired":true,"valueName":"search_term_string"}}],"inLanguage":"en-US"},{"@type":["Organization","Place"],"@id":"https:\/\/ubirataonline.com.br\/#organization","name":"Ubirat\u00e3 Online Not\u00edcias","alternateName":"Ubirat\u00e3 Online","url":"https:\/\/ubirataonline.com.br\/","logo":{"@id":"http:\/\/instagram.com\/p\/Dby5JsKJ84M#local-main-organization-logo"},"image":{"@id":"http:\/\/instagram.com\/p\/Dby5JsKJ84M#local-main-organization-logo"},"sameAs":["https:\/\/www.facebook.com\/portalubirataonline","https:\/\/x.com\/ubirataonline","https:\/\/mastodon.social\/@ubirataonline","https:\/\/www.facebook.com\/groups\/311144672285604","https:\/\/www.facebook.com\/UBTAOnline","https:\/\/www.instagram.com\/portalubirataonline\/","https:\/\/twitter.com\/ubirataonline"],"description":"Somos um portal de not\u00edcias independente, criado em 5 de janeiro de 2009, com o objetivo de informar, conectar e valorizar a nossa comunidade de Ubirat\u00e3 e toda aregi\u00e3o. Com conte\u00fado atualizado, confi\u00e1vel e relevante, o Ubirat\u00e3 Online \u00e9 o seu espa\u00e7o para ficar por dentro dos principais acontecimentos locais, regionais, Brasil, Mundo e de interesse geral. Nosso compromisso \u00e9 com a verdade, a transpar\u00eancia e o respeito ao leitor.","legalName":"UBIRATA ONLINE NOT\u00cdCIAS","foundingDate":"2009-01-05","numberOfEmployees":{"@type":"QuantitativeValue","minValue":"1","maxValue":"10"},"publishingPrinciples":"https:\/\/ubirataonline.com.br\/faq\/","address":{"@id":"http:\/\/instagram.com\/p\/Dby5JsKJ84M#local-main-place-address"},"geo":{"@type":"GeoCoordinates","latitude":"-24.5361401","longitude":"-52.9921776"},"telephone":["+5544998308235"],"contactPoint":{"@type":"ContactPoint","email":"contato@ubirataonline.com.br"},"openingHoursSpecification":{"@type":"OpeningHoursSpecification","dayOfWeek":["Monday","Tuesday","Wednesday","Thursday","Friday","Saturday","Sunday"],"opens":"00:00","closes":"23:59"},"email":"contato@ubirataonline.com.br","vatID":"47.621.418\/0001-80"},{"@type":"Person","@id":"https:\/\/ubirataonline.com.br\/#\/schema\/person\/372f87bbd3fdd79b8556b84c98d0bc1c","name":"REDA\u00c7\u00c3O: UBIRAT\u00c3 ONLINE - F\u00c1BIO AUGUSTO CELESTINO","pronouns":"Ele","description":"Desde 2003 trabalhando com not\u00edcias.","sameAs":["http:\/\/ubirataoline.com.br","https:\/\/www.facebook.com\/portalubirataonline","https:\/\/www.instagram.com\/ubirataonline_oficial","https:\/\/x.com\/x.com\/ubirataonline"],"honorificPrefix":"Mr.","honorificSuffix":"MD","birthDate":"1980-06-16","gender":"masculino","award":["V\u00e1rios pr\u00eamios de melhor portal da cidade"],"jobTitle":"Diretor","url":"https:\/\/ubirataonline.com.br\/en\/author\/ubirataonline\/"},{"@type":"PostalAddress","@id":"http:\/\/instagram.com\/p\/Dby5JsKJ84M#local-main-place-address","streetAddress":"Rua dos Coqueiros, 104 - Bairro Boa Vista, Rua dos Coqueiros, 104 Bairro Boa Vista","addressLocality":"UBIRATA","postalCode":"85440-000","addressRegion":"PR","addressCountry":"BR"},{"@type":"ImageObject","inLanguage":"en-US","@id":"http:\/\/instagram.com\/p\/Dby5JsKJ84M#local-main-organization-logo","url":"https:\/\/ubirataonline.com.br\/wp-content\/uploads\/2026\/06\/logoubirataonline-1.webp","contentUrl":"https:\/\/ubirataonline.com.br\/wp-content\/uploads\/2026\/06\/logoubirataonline-1.webp","width":500,"height":500,"caption":"Ubirat\u00e3 Online Not\u00edcias"}]},"geo.placename":"UBIRATA","geo.position":{"lat":"-24.5361401","long":"-52.9921776"},"geo.region":"Brazil"},"_links":{"self":[{"href":"https:\/\/ubirataonline.com.br\/en\/wp-json\/wp\/v2\/posts\/163324","targetHints":{"allow":["GET"]}}],"collection":[{"href":"https:\/\/ubirataonline.com.br\/en\/wp-json\/wp\/v2\/posts"}],"about":[{"href":"https:\/\/ubirataonline.com.br\/en\/wp-json\/wp\/v2\/types\/post"}],"author":[{"embeddable":true,"href":"https:\/\/ubirataonline.com.br\/en\/wp-json\/wp\/v2\/users\/1"}],"replies":[{"embeddable":true,"href":"https:\/\/ubirataonline.com.br\/en\/wp-json\/wp\/v2\/comments?post=163324"}],"version-history":[{"count":0,"href":"https:\/\/ubirataonline.com.br\/en\/wp-json\/wp\/v2\/posts\/163324\/revisions"}],"wp:featuredmedia":[{"embeddable":true,"href":"https:\/\/ubirataonline.com.br\/en\/wp-json\/wp\/v2\/media\/163325"}],"wp:attachment":[{"href":"https:\/\/ubirataonline.com.br\/en\/wp-json\/wp\/v2\/media?parent=163324"}],"wp:term":[{"taxonomy":"category","embeddable":true,"href":"https:\/\/ubirataonline.com.br\/en\/wp-json\/wp\/v2\/categories?post=163324"},{"taxonomy":"post_tag","embeddable":true,"href":"https:\/\/ubirataonline.com.br\/en\/wp-json\/wp\/v2\/tags?post=163324"}],"curies":[{"name":"wp","href":"https:\/\/api.w.org\/{rel}","templated":true}]}}