{"id":163594,"date":"2026-08-09T13:34:14","date_gmt":"2026-08-09T16:34:14","guid":{"rendered":"https:\/\/ubirataonline.com.br\/tragedia-no-dia-dos-pais-dois-pais-e-dois-filhos-morrem-em-colisao-frontal-devastadora-na-prc-280-no-parana\/"},"modified":"2026-08-09T13:34:14","modified_gmt":"2026-08-09T16:34:14","slug":"tragedia-no-dia-dos-pais-dois-pais-e-dois-filhos-morrem-em-colisao-frontal-devastadora-na-prc-280-no-parana","status":"publish","type":"post","link":"https:\/\/ubirataonline.com.br\/en\/tragedia-no-dia-dos-pais-dois-pais-e-dois-filhos-morrem-em-colisao-frontal-devastadora-na-prc-280-no-parana\/","title":{"rendered":"Trag\u00e9dia no Dia dos Pais: Dois pais e dois filhos morrem em colis\u00e3o frontal devastadora na PRC-280 no Paran\u00e1"},"content":{"rendered":"<h2>Uma colis\u00e3o frontal violenta na PRC-280, em Palmas, no Paran\u00e1, resultou na morte de dois pais e dois filhos na manh\u00e3 deste domingo, Dia dos Pais.<\/h2>\n<p>O acidente ocorreu por volta das 4h30 da manh\u00e3, quando dois ve\u00edculos que trafegavam em sentidos opostos acabaram colidindo violentamente na rodovia. A trag\u00e9dia abalou a comunidade local e mobilizou diversas equipes de resgate.<\/p>\n<p>As informa\u00e7\u00f5es preliminares indicam que cada carro transportava um pai e seu respectivo filho. O impacto foi t\u00e3o severo que as quatro v\u00edtimas fatais n\u00e3o resistiram aos ferimentos e faleceram no local, conforme nota oficial da Pol\u00edcia Rodovi\u00e1ria Estadual.<\/p>\n<p>A gravidade da ocorr\u00eancia foi confirmada pelas autoridades locais, que detalharam a din\u00e2mica do acidente na rodovia PRC-280. Confira abaixo os detalhes apurados sobre este triste epis\u00f3dio ocorrido no Paran\u00e1.<\/p>\n<h3>Identifica\u00e7\u00e3o das v\u00edtimas do acidente no Paran\u00e1<\/h3>\n<p>Em um dos ve\u00edculos, estavam <b>Jardel Locatelli<\/b>, de 43 anos, e seu filho, <b>Rafael Locatelli<\/b>, de 22 anos, que morreram no local. Um terceiro passageiro, um adolescente de 16 anos, sobreviveu \u00e0 colis\u00e3o e foi encaminhado para atendimento m\u00e9dico.<\/p>\n<p>No outro autom\u00f3vel envolvido, estavam <b>Radames Paris<\/b>, de 48 anos, e seu filho, de 13 anos, cuja identidade n\u00e3o foi divulgada. Ambos tamb\u00e9m faleceram instantaneamente devido \u00e0 for\u00e7a do impacto entre os dois carros.<\/p>\n<h3>Estado de sa\u00fade dos sobreviventes<\/h3>\n<p>Al\u00e9m das quatro v\u00edtimas fatais, uma mulher de 43 anos que estava em um dos ve\u00edculos tamb\u00e9m ficou ferida. Ela foi prontamente atendida pelas equipes de resgate e levada para uma unidade hospitalar da regi\u00e3o.<\/p>\n<p>At\u00e9 o momento, n\u00e3o foram divulgadas atualiza\u00e7\u00f5es oficiais sobre o quadro cl\u00ednico dos sobreviventes, tanto do adolescente de 16 anos quanto da mulher de 43 anos que seguem sob cuidados m\u00e9dicos.<\/p>\n<h3>Investiga\u00e7\u00e3o sobre as causas da colis\u00e3o<\/h3>\n<p>Equipes do <b>Corpo de Bombeiros<\/b>, Samu, Pol\u00edcia Civil e da Pol\u00edcia Cient\u00edfica estiveram no local para realizar a per\u00edcia e garantir a seguran\u00e7a na rodovia. Os corpos foram recolhidos para os procedimentos necess\u00e1rios.<\/p>\n<p>As causas exatas da batida frontal na PRC-280 ainda ser\u00e3o investigadas pelas autoridades competentes. A retirada dos ve\u00edculos da pista foi realizada com o aux\u00edlio de guinchos logo ap\u00f3s a libera\u00e7\u00e3o da per\u00edcia.<\/p>\n<h3>Perguntas frequentes sobre o acidente<\/h3>\n<p><b>Onde aconteceu o acidente?<\/b> O fato ocorreu na PRC-280, na altura do munic\u00edpio de Palmas, no Sudoeste do Paran\u00e1.<\/p>\n<p><b>Quantas pessoas morreram no total?<\/b> Quatro pessoas morreram, sendo dois pais e seus respectivos filhos que estavam em carros diferentes.<\/p>\n<p><b>Qual foi o hor\u00e1rio da colis\u00e3o?<\/b> Segundo a Pol\u00edcia Rodovi\u00e1ria Estadual, o acidente foi registrado por volta das 4h30 deste domingo.<\/p>\n<p><b>Existem sobreviventes?<\/b> Sim, duas pessoas ficaram feridas e foram encaminhadas para atendimento hospitalar, sendo um adolescente de 16 anos e uma mulher de 43 anos.<\/p>\n<p><b>O que causou o acidente?<\/b> As causas da colis\u00e3o ainda est\u00e3o sendo investigadas pela Pol\u00edcia Civil e pela per\u00edcia t\u00e9cnica no local.<\/p>","protected":false},"excerpt":{"rendered":"<p>Uma colis\u00e3o frontal violenta na PRC-280, em Palmas, no Paran\u00e1, resultou na morte de dois pais e dois filhos na manh\u00e3 deste domingo, Dia dos Pais. O acidente ocorreu por volta das 4h30 da manh\u00e3, quando dois ve\u00edculos que trafegavam em sentidos opostos acabaram colidindo violentamente na rodovia. A trag\u00e9dia abalou a comunidade local e [&hellip;]<\/p>\n","protected":false},"author":1,"featured_media":163595,"comment_status":"","ping_status":"","sticky":false,"template":"","format":"standard","meta":{"googlesitekit_rrm_CAow2JLhCw:productID":"","_gspb_post_css":"","maa_idioma":"","maa_pais":"","footnotes":""},"categories":[15],"tags":[],"class_list":["post-163594","post","type-post","status-publish","format-standard","has-post-thumbnail","hentry","category-variedades"],"blocksy_meta":[],"yoast_head":"<!-- This site is optimized with the Yoast SEO Premium plugin v27.6 (Yoast SEO v27.6) - https:\/\/yoast.com\/product\/yoast-seo-premium-wordpress\/ -->\n<title>Trag\u00e9dia no Dia dos Pais: Dois pais e dois filhos morrem em colis\u00e3o frontal devastadora na PRC-280 no Paran\u00e1 - Ubirat\u00e3 Online Not\u00edcias - A realidade ao seu alcance!<\/title>\n<meta name=\"description\" content=\"Uma colis\u00e3o frontal violenta na PRC-280, em Palmas, no Paran\u00e1, resultou na morte de dois pais e dois filhos na manh\u00e3 deste domingo, Dia dos Pais.O\" \/>\n<meta name=\"robots\" content=\"index, follow, max-snippet:-1, max-image-preview:large, max-video-preview:-1\" \/>\n<link rel=\"canonical\" href=\"https:\/\/ubirataonline.com.br\/en\/tragedia-no-dia-dos-pais-dois-pais-e-dois-filhos-morrem-em-colisao-frontal-devastadora-na-prc-280-no-parana\/\" \/>\n<meta property=\"og:locale\" content=\"en_US\" \/>\n<meta property=\"og:type\" content=\"article\" \/>\n<meta property=\"og:title\" content=\"Trag\u00e9dia no Dia dos Pais: Dois pais e dois filhos morrem em colis\u00e3o frontal devastadora na PRC-280 no Paran\u00e1\" \/>\n<meta property=\"og:description\" content=\"Uma colis\u00e3o frontal violenta na PRC-280, em Palmas, no Paran\u00e1, resultou na morte de dois pais e dois filhos na manh\u00e3 deste domingo, Dia dos Pais.O\" \/>\n<meta property=\"og:url\" content=\"https:\/\/ubirataonline.com.br\/en\/tragedia-no-dia-dos-pais-dois-pais-e-dois-filhos-morrem-em-colisao-frontal-devastadora-na-prc-280-no-parana\/\" \/>\n<meta property=\"og:site_name\" content=\"Ubirat\u00e3 Online Not\u00edcias - A realidade ao seu alcance!\" \/>\n<meta property=\"article:publisher\" content=\"https:\/\/www.facebook.com\/portalubirataonline\" \/>\n<meta property=\"article:author\" content=\"https:\/\/www.facebook.com\/portalubirataonline\" \/>\n<meta property=\"article:published_time\" content=\"2026-08-09T16:34:14+00:00\" \/>\n<meta property=\"og:image\" content=\"https:\/\/ubirataonline.com.br\/wp-content\/uploads\/2026\/05\/logo2026.webp\" \/>\n\t<meta property=\"og:image:width\" content=\"1531\" \/>\n\t<meta property=\"og:image:height\" content=\"418\" \/>\n\t<meta property=\"og:image:type\" content=\"image\/webp\" \/>\n<meta name=\"author\" content=\"REDA\u00c7\u00c3O: UBIRAT\u00c3 ONLINE - F\u00c1BIO AUGUSTO CELESTINO\" \/>\n<meta name=\"twitter:card\" content=\"summary_large_image\" \/>\n<meta name=\"twitter:creator\" content=\"@x.com\/ubirataonline\" \/>\n<meta name=\"twitter:site\" content=\"@ubirataonline\" \/>\n<meta name=\"twitter:label1\" content=\"Written by\" \/>\n\t<meta name=\"twitter:data1\" content=\"REDA\u00c7\u00c3O: UBIRAT\u00c3 ONLINE - F\u00c1BIO AUGUSTO CELESTINO\" \/>\n\t<meta name=\"twitter:label2\" content=\"Est. reading time\" \/>\n\t<meta name=\"twitter:data2\" content=\"3 minutes\" \/>\n<script type=\"application\/ld+json\" class=\"yoast-schema-graph\">{\"@context\":\"https:\\\/\\\/schema.org\",\"@graph\":[{\"@type\":\"NewsArticle\",\"@id\":\"https:\\\/\\\/ubirataonline.com.br\\\/tragedia-no-dia-dos-pais-dois-pais-e-dois-filhos-morrem-em-colisao-frontal-devastadora-na-prc-280-no-parana\\\/#article\",\"isPartOf\":{\"@id\":\"https:\\\/\\\/ubirataonline.com.br\\\/tragedia-no-dia-dos-pais-dois-pais-e-dois-filhos-morrem-em-colisao-frontal-devastadora-na-prc-280-no-parana\\\/\"},\"author\":{\"name\":\"REDA\u00c7\u00c3O: UBIRAT\u00c3 ONLINE - F\u00c1BIO AUGUSTO CELESTINO\",\"@id\":\"https:\\\/\\\/ubirataonline.com.br\\\/#\\\/schema\\\/person\\\/372f87bbd3fdd79b8556b84c98d0bc1c\"},\"headline\":\"Trag\u00e9dia no Dia dos Pais: Dois pais e dois filhos morrem em colis\u00e3o frontal devastadora na PRC-280 no Paran\u00e1\",\"datePublished\":\"2026-08-09T16:34:14+00:00\",\"mainEntityOfPage\":{\"@id\":\"https:\\\/\\\/ubirataonline.com.br\\\/tragedia-no-dia-dos-pais-dois-pais-e-dois-filhos-morrem-em-colisao-frontal-devastadora-na-prc-280-no-parana\\\/\"},\"wordCount\":528,\"publisher\":{\"@id\":\"https:\\\/\\\/ubirataonline.com.br\\\/#organization\"},\"image\":{\"@id\":\"https:\\\/\\\/ubirataonline.com.br\\\/tragedia-no-dia-dos-pais-dois-pais-e-dois-filhos-morrem-em-colisao-frontal-devastadora-na-prc-280-no-parana\\\/#primaryimage\"},\"thumbnailUrl\":\"https:\\\/\\\/ubirataonline.com.br\\\/wp-content\\\/uploads\\\/2026\\\/08\\\/news-163594-1786293255.avif\",\"articleSection\":[\"Variedades\"],\"inLanguage\":\"en-US\",\"copyrightYear\":\"2026\",\"copyrightHolder\":{\"@id\":\"https:\\\/\\\/ubirataonline.com.br\\\/en\\\/#organization\"}},{\"@type\":\"WebPage\",\"@id\":\"https:\\\/\\\/ubirataonline.com.br\\\/tragedia-no-dia-dos-pais-dois-pais-e-dois-filhos-morrem-em-colisao-frontal-devastadora-na-prc-280-no-parana\\\/\",\"url\":\"https:\\\/\\\/ubirataonline.com.br\\\/tragedia-no-dia-dos-pais-dois-pais-e-dois-filhos-morrem-em-colisao-frontal-devastadora-na-prc-280-no-parana\\\/\",\"name\":\"Trag\u00e9dia no Dia dos Pais: Dois pais e dois filhos morrem em colis\u00e3o frontal devastadora na PRC-280 no Paran\u00e1 - Ubirat\u00e3 Online Not\u00edcias - A realidade ao seu alcance!\",\"isPartOf\":{\"@id\":\"https:\\\/\\\/ubirataonline.com.br\\\/#website\"},\"primaryImageOfPage\":{\"@id\":\"https:\\\/\\\/ubirataonline.com.br\\\/tragedia-no-dia-dos-pais-dois-pais-e-dois-filhos-morrem-em-colisao-frontal-devastadora-na-prc-280-no-parana\\\/#primaryimage\"},\"image\":{\"@id\":\"https:\\\/\\\/ubirataonline.com.br\\\/tragedia-no-dia-dos-pais-dois-pais-e-dois-filhos-morrem-em-colisao-frontal-devastadora-na-prc-280-no-parana\\\/#primaryimage\"},\"thumbnailUrl\":\"https:\\\/\\\/ubirataonline.com.br\\\/wp-content\\\/uploads\\\/2026\\\/08\\\/news-163594-1786293255.avif\",\"datePublished\":\"2026-08-09T16:34:14+00:00\",\"description\":\"Uma colis\u00e3o frontal violenta na PRC-280, em Palmas, no Paran\u00e1, resultou na morte de dois pais e dois filhos na manh\u00e3 deste domingo, Dia dos Pais.O\",\"breadcrumb\":{\"@id\":\"https:\\\/\\\/ubirataonline.com.br\\\/tragedia-no-dia-dos-pais-dois-pais-e-dois-filhos-morrem-em-colisao-frontal-devastadora-na-prc-280-no-parana\\\/#breadcrumb\"},\"inLanguage\":\"en-US\",\"potentialAction\":[{\"@type\":\"ReadAction\",\"target\":[\"https:\\\/\\\/ubirataonline.com.br\\\/tragedia-no-dia-dos-pais-dois-pais-e-dois-filhos-morrem-em-colisao-frontal-devastadora-na-prc-280-no-parana\\\/\"]}]},{\"@type\":\"ImageObject\",\"inLanguage\":\"en-US\",\"@id\":\"https:\\\/\\\/ubirataonline.com.br\\\/tragedia-no-dia-dos-pais-dois-pais-e-dois-filhos-morrem-em-colisao-frontal-devastadora-na-prc-280-no-parana\\\/#primaryimage\",\"url\":\"https:\\\/\\\/ubirataonline.com.br\\\/wp-content\\\/uploads\\\/2026\\\/08\\\/news-163594-1786293255.avif\",\"contentUrl\":\"https:\\\/\\\/ubirataonline.com.br\\\/wp-content\\\/uploads\\\/2026\\\/08\\\/news-163594-1786293255.avif\",\"width\":1000,\"height\":562},{\"@type\":\"BreadcrumbList\",\"@id\":\"https:\\\/\\\/ubirataonline.com.br\\\/tragedia-no-dia-dos-pais-dois-pais-e-dois-filhos-morrem-em-colisao-frontal-devastadora-na-prc-280-no-parana\\\/#breadcrumb\",\"itemListElement\":[{\"@type\":\"ListItem\",\"position\":1,\"name\":\"In\u00edcio\",\"item\":\"https:\\\/\\\/ubirataonline.com.br\\\/\"},{\"@type\":\"ListItem\",\"position\":2,\"name\":\"Trag\u00e9dia no Dia dos Pais: Dois pais e dois filhos morrem em colis\u00e3o frontal devastadora na PRC-280 no Paran\u00e1\"}]},{\"@type\":\"WebSite\",\"@id\":\"https:\\\/\\\/ubirataonline.com.br\\\/#website\",\"url\":\"https:\\\/\\\/ubirataonline.com.br\\\/\",\"name\":\"Ubirat\u00e3 Online Not\u00edcias\",\"description\":\"Not\u00edcias de Ubirat\u00e3, regi\u00e3o, Brasil e mundo, com informa\u00e7\u00e3o atualizada e compromisso com o leitor.\",\"publisher\":{\"@id\":\"https:\\\/\\\/ubirataonline.com.br\\\/#organization\"},\"alternateName\":\"Ubirat\u00e3 Online\",\"potentialAction\":[{\"@type\":\"SearchAction\",\"target\":{\"@type\":\"EntryPoint\",\"urlTemplate\":\"https:\\\/\\\/ubirataonline.com.br\\\/?s={search_term_string}\"},\"query-input\":{\"@type\":\"PropertyValueSpecification\",\"valueRequired\":true,\"valueName\":\"search_term_string\"}}],\"inLanguage\":\"en-US\"},{\"@type\":[\"Organization\",\"Place\"],\"@id\":\"https:\\\/\\\/ubirataonline.com.br\\\/#organization\",\"name\":\"Ubirat\u00e3 Online Not\u00edcias\",\"alternateName\":\"Ubirat\u00e3 Online\",\"url\":\"https:\\\/\\\/ubirataonline.com.br\\\/\",\"logo\":{\"@id\":\"https:\\\/\\\/ubirataonline.com.br\\\/tragedia-no-dia-dos-pais-dois-pais-e-dois-filhos-morrem-em-colisao-frontal-devastadora-na-prc-280-no-parana\\\/#local-main-organization-logo\"},\"image\":{\"@id\":\"https:\\\/\\\/ubirataonline.com.br\\\/tragedia-no-dia-dos-pais-dois-pais-e-dois-filhos-morrem-em-colisao-frontal-devastadora-na-prc-280-no-parana\\\/#local-main-organization-logo\"},\"sameAs\":[\"https:\\\/\\\/www.facebook.com\\\/portalubirataonline\",\"https:\\\/\\\/x.com\\\/ubirataonline\",\"https:\\\/\\\/mastodon.social\\\/@ubirataonline\",\"https:\\\/\\\/www.facebook.com\\\/groups\\\/311144672285604\",\"https:\\\/\\\/www.facebook.com\\\/UBTAOnline\",\"https:\\\/\\\/www.instagram.com\\\/portalubirataonline\\\/\",\"https:\\\/\\\/twitter.com\\\/ubirataonline\"],\"description\":\"Somos um portal de not\u00edcias independente, criado em 5 de janeiro de 2009, com o objetivo de informar, conectar e valorizar a nossa comunidade de Ubirat\u00e3 e toda aregi\u00e3o. Com conte\u00fado atualizado, confi\u00e1vel e relevante, o Ubirat\u00e3 Online \u00e9 o seu espa\u00e7o para ficar por dentro dos principais acontecimentos locais, regionais, Brasil, Mundo e de interesse geral. Nosso compromisso \u00e9 com a verdade, a transpar\u00eancia e o respeito ao leitor.\",\"legalName\":\"UBIRATA ONLINE NOT\u00cdCIAS\",\"foundingDate\":\"2009-01-05\",\"numberOfEmployees\":{\"@type\":\"QuantitativeValue\",\"minValue\":\"1\",\"maxValue\":\"10\"},\"publishingPrinciples\":\"https:\\\/\\\/ubirataonline.com.br\\\/faq\\\/\",\"address\":{\"@id\":\"https:\\\/\\\/ubirataonline.com.br\\\/tragedia-no-dia-dos-pais-dois-pais-e-dois-filhos-morrem-em-colisao-frontal-devastadora-na-prc-280-no-parana\\\/#local-main-place-address\"},\"geo\":{\"@type\":\"GeoCoordinates\",\"latitude\":\"-24.5361401\",\"longitude\":\"-52.9921776\"},\"telephone\":[\"+5544998308235\"],\"contactPoint\":{\"@type\":\"ContactPoint\",\"email\":\"contato@ubirataonline.com.br\"},\"openingHoursSpecification\":{\"@type\":\"OpeningHoursSpecification\",\"dayOfWeek\":[\"Monday\",\"Tuesday\",\"Wednesday\",\"Thursday\",\"Friday\",\"Saturday\",\"Sunday\"],\"opens\":\"00:00\",\"closes\":\"23:59\"},\"email\":\"contato@ubirataonline.com.br\",\"vatID\":\"47.621.418\\\/0001-80\"},{\"@type\":\"Person\",\"@id\":\"https:\\\/\\\/ubirataonline.com.br\\\/#\\\/schema\\\/person\\\/372f87bbd3fdd79b8556b84c98d0bc1c\",\"name\":\"REDA\u00c7\u00c3O: UBIRAT\u00c3 ONLINE - F\u00c1BIO AUGUSTO CELESTINO\",\"pronouns\":\"Ele\",\"description\":\"Desde 2003 trabalhando com not\u00edcias.\",\"sameAs\":[\"http:\\\/\\\/ubirataoline.com.br\",\"https:\\\/\\\/www.facebook.com\\\/portalubirataonline\",\"https:\\\/\\\/www.instagram.com\\\/ubirataonline_oficial\",\"https:\\\/\\\/x.com\\\/x.com\\\/ubirataonline\"],\"honorificPrefix\":\"Mr.\",\"honorificSuffix\":\"MD\",\"birthDate\":\"1980-06-16\",\"gender\":\"masculino\",\"award\":[\"V\u00e1rios pr\u00eamios de melhor portal da cidade\"],\"jobTitle\":\"Diretor\",\"url\":\"https:\\\/\\\/ubirataonline.com.br\\\/en\\\/author\\\/ubirataonline\\\/\"},{\"@type\":\"PostalAddress\",\"@id\":\"https:\\\/\\\/ubirataonline.com.br\\\/tragedia-no-dia-dos-pais-dois-pais-e-dois-filhos-morrem-em-colisao-frontal-devastadora-na-prc-280-no-parana\\\/#local-main-place-address\",\"streetAddress\":\"Rua dos Coqueiros, 104 - Bairro Boa Vista, Rua dos Coqueiros, 104 Bairro Boa Vista\",\"addressLocality\":\"UBIRATA\",\"postalCode\":\"85440-000\",\"addressRegion\":\"PR\",\"addressCountry\":\"BR\"},{\"@type\":\"ImageObject\",\"inLanguage\":\"en-US\",\"@id\":\"https:\\\/\\\/ubirataonline.com.br\\\/tragedia-no-dia-dos-pais-dois-pais-e-dois-filhos-morrem-em-colisao-frontal-devastadora-na-prc-280-no-parana\\\/#local-main-organization-logo\",\"url\":\"https:\\\/\\\/ubirataonline.com.br\\\/wp-content\\\/uploads\\\/2026\\\/06\\\/logoubirataonline-1.webp\",\"contentUrl\":\"https:\\\/\\\/ubirataonline.com.br\\\/wp-content\\\/uploads\\\/2026\\\/06\\\/logoubirataonline-1.webp\",\"width\":500,\"height\":500,\"caption\":\"Ubirat\u00e3 Online Not\u00edcias\"}]}<\/script>\n<meta name=\"geo.placename\" content=\"UBIRATA\" \/>\n<meta name=\"geo.position\" content=\"-24.5361401;-52.9921776\" \/>\n<meta name=\"geo.region\" content=\"Brazil\" \/>\n<!-- \/ Yoast SEO Premium plugin. -->","yoast_head_json":{"title":"Trag\u00e9dia no Dia dos Pais: Dois pais e dois filhos morrem em colis\u00e3o frontal devastadora na PRC-280 no Paran\u00e1 - Ubirat\u00e3 Online Not\u00edcias - A realidade ao seu alcance!","description":"Uma colis\u00e3o frontal violenta na PRC-280, em Palmas, no Paran\u00e1, resultou na morte de dois pais e dois filhos na manh\u00e3 deste domingo, Dia dos Pais.O","robots":{"index":"index","follow":"follow","max-snippet":"max-snippet:-1","max-image-preview":"max-image-preview:large","max-video-preview":"max-video-preview:-1"},"canonical":"https:\/\/ubirataonline.com.br\/en\/tragedia-no-dia-dos-pais-dois-pais-e-dois-filhos-morrem-em-colisao-frontal-devastadora-na-prc-280-no-parana\/","og_locale":"en_US","og_type":"article","og_title":"Trag\u00e9dia no Dia dos Pais: Dois pais e dois filhos morrem em colis\u00e3o frontal devastadora na PRC-280 no Paran\u00e1","og_description":"Uma colis\u00e3o frontal violenta na PRC-280, em Palmas, no Paran\u00e1, resultou na morte de dois pais e dois filhos na manh\u00e3 deste domingo, Dia dos Pais.O","og_url":"https:\/\/ubirataonline.com.br\/en\/tragedia-no-dia-dos-pais-dois-pais-e-dois-filhos-morrem-em-colisao-frontal-devastadora-na-prc-280-no-parana\/","og_site_name":"Ubirat\u00e3 Online Not\u00edcias - A realidade ao seu alcance!","article_publisher":"https:\/\/www.facebook.com\/portalubirataonline","article_author":"https:\/\/www.facebook.com\/portalubirataonline","article_published_time":"2026-08-09T16:34:14+00:00","og_image":[{"width":1531,"height":418,"url":"https:\/\/ubirataonline.com.br\/wp-content\/uploads\/2026\/05\/logo2026.webp","type":"image\/webp"}],"author":"REDA\u00c7\u00c3O: UBIRAT\u00c3 ONLINE - F\u00c1BIO AUGUSTO CELESTINO","twitter_card":"summary_large_image","twitter_creator":"@x.com\/ubirataonline","twitter_site":"@ubirataonline","twitter_misc":{"Written by":"REDA\u00c7\u00c3O: UBIRAT\u00c3 ONLINE - F\u00c1BIO AUGUSTO CELESTINO","Est. reading time":"3 minutes"},"schema":{"@context":"https:\/\/schema.org","@graph":[{"@type":"NewsArticle","@id":"https:\/\/ubirataonline.com.br\/tragedia-no-dia-dos-pais-dois-pais-e-dois-filhos-morrem-em-colisao-frontal-devastadora-na-prc-280-no-parana\/#article","isPartOf":{"@id":"https:\/\/ubirataonline.com.br\/tragedia-no-dia-dos-pais-dois-pais-e-dois-filhos-morrem-em-colisao-frontal-devastadora-na-prc-280-no-parana\/"},"author":{"name":"REDA\u00c7\u00c3O: UBIRAT\u00c3 ONLINE - F\u00c1BIO AUGUSTO CELESTINO","@id":"https:\/\/ubirataonline.com.br\/#\/schema\/person\/372f87bbd3fdd79b8556b84c98d0bc1c"},"headline":"Trag\u00e9dia no Dia dos Pais: Dois pais e dois filhos morrem em colis\u00e3o frontal devastadora na PRC-280 no Paran\u00e1","datePublished":"2026-08-09T16:34:14+00:00","mainEntityOfPage":{"@id":"https:\/\/ubirataonline.com.br\/tragedia-no-dia-dos-pais-dois-pais-e-dois-filhos-morrem-em-colisao-frontal-devastadora-na-prc-280-no-parana\/"},"wordCount":528,"publisher":{"@id":"https:\/\/ubirataonline.com.br\/#organization"},"image":{"@id":"https:\/\/ubirataonline.com.br\/tragedia-no-dia-dos-pais-dois-pais-e-dois-filhos-morrem-em-colisao-frontal-devastadora-na-prc-280-no-parana\/#primaryimage"},"thumbnailUrl":"https:\/\/ubirataonline.com.br\/wp-content\/uploads\/2026\/08\/news-163594-1786293255.avif","articleSection":["Variedades"],"inLanguage":"en-US","copyrightYear":"2026","copyrightHolder":{"@id":"https:\/\/ubirataonline.com.br\/en\/#organization"}},{"@type":"WebPage","@id":"https:\/\/ubirataonline.com.br\/tragedia-no-dia-dos-pais-dois-pais-e-dois-filhos-morrem-em-colisao-frontal-devastadora-na-prc-280-no-parana\/","url":"https:\/\/ubirataonline.com.br\/tragedia-no-dia-dos-pais-dois-pais-e-dois-filhos-morrem-em-colisao-frontal-devastadora-na-prc-280-no-parana\/","name":"Trag\u00e9dia no Dia dos Pais: Dois pais e dois filhos morrem em colis\u00e3o frontal devastadora na PRC-280 no Paran\u00e1 - Ubirat\u00e3 Online Not\u00edcias - A realidade ao seu alcance!","isPartOf":{"@id":"https:\/\/ubirataonline.com.br\/#website"},"primaryImageOfPage":{"@id":"https:\/\/ubirataonline.com.br\/tragedia-no-dia-dos-pais-dois-pais-e-dois-filhos-morrem-em-colisao-frontal-devastadora-na-prc-280-no-parana\/#primaryimage"},"image":{"@id":"https:\/\/ubirataonline.com.br\/tragedia-no-dia-dos-pais-dois-pais-e-dois-filhos-morrem-em-colisao-frontal-devastadora-na-prc-280-no-parana\/#primaryimage"},"thumbnailUrl":"https:\/\/ubirataonline.com.br\/wp-content\/uploads\/2026\/08\/news-163594-1786293255.avif","datePublished":"2026-08-09T16:34:14+00:00","description":"Uma colis\u00e3o frontal violenta na PRC-280, em Palmas, no Paran\u00e1, resultou na morte de dois pais e dois filhos na manh\u00e3 deste domingo, Dia dos Pais.O","breadcrumb":{"@id":"https:\/\/ubirataonline.com.br\/tragedia-no-dia-dos-pais-dois-pais-e-dois-filhos-morrem-em-colisao-frontal-devastadora-na-prc-280-no-parana\/#breadcrumb"},"inLanguage":"en-US","potentialAction":[{"@type":"ReadAction","target":["https:\/\/ubirataonline.com.br\/tragedia-no-dia-dos-pais-dois-pais-e-dois-filhos-morrem-em-colisao-frontal-devastadora-na-prc-280-no-parana\/"]}]},{"@type":"ImageObject","inLanguage":"en-US","@id":"https:\/\/ubirataonline.com.br\/tragedia-no-dia-dos-pais-dois-pais-e-dois-filhos-morrem-em-colisao-frontal-devastadora-na-prc-280-no-parana\/#primaryimage","url":"https:\/\/ubirataonline.com.br\/wp-content\/uploads\/2026\/08\/news-163594-1786293255.avif","contentUrl":"https:\/\/ubirataonline.com.br\/wp-content\/uploads\/2026\/08\/news-163594-1786293255.avif","width":1000,"height":562},{"@type":"BreadcrumbList","@id":"https:\/\/ubirataonline.com.br\/tragedia-no-dia-dos-pais-dois-pais-e-dois-filhos-morrem-em-colisao-frontal-devastadora-na-prc-280-no-parana\/#breadcrumb","itemListElement":[{"@type":"ListItem","position":1,"name":"In\u00edcio","item":"https:\/\/ubirataonline.com.br\/"},{"@type":"ListItem","position":2,"name":"Trag\u00e9dia no Dia dos Pais: Dois pais e dois filhos morrem em colis\u00e3o frontal devastadora na PRC-280 no Paran\u00e1"}]},{"@type":"WebSite","@id":"https:\/\/ubirataonline.com.br\/#website","url":"https:\/\/ubirataonline.com.br\/","name":"Ubirat\u00e3 Online Not\u00edcias","description":"Not\u00edcias de Ubirat\u00e3, regi\u00e3o, Brasil e mundo, com informa\u00e7\u00e3o atualizada e compromisso com o leitor.","publisher":{"@id":"https:\/\/ubirataonline.com.br\/#organization"},"alternateName":"Ubirat\u00e3 Online","potentialAction":[{"@type":"SearchAction","target":{"@type":"EntryPoint","urlTemplate":"https:\/\/ubirataonline.com.br\/?s={search_term_string}"},"query-input":{"@type":"PropertyValueSpecification","valueRequired":true,"valueName":"search_term_string"}}],"inLanguage":"en-US"},{"@type":["Organization","Place"],"@id":"https:\/\/ubirataonline.com.br\/#organization","name":"Ubirat\u00e3 Online Not\u00edcias","alternateName":"Ubirat\u00e3 Online","url":"https:\/\/ubirataonline.com.br\/","logo":{"@id":"https:\/\/ubirataonline.com.br\/tragedia-no-dia-dos-pais-dois-pais-e-dois-filhos-morrem-em-colisao-frontal-devastadora-na-prc-280-no-parana\/#local-main-organization-logo"},"image":{"@id":"https:\/\/ubirataonline.com.br\/tragedia-no-dia-dos-pais-dois-pais-e-dois-filhos-morrem-em-colisao-frontal-devastadora-na-prc-280-no-parana\/#local-main-organization-logo"},"sameAs":["https:\/\/www.facebook.com\/portalubirataonline","https:\/\/x.com\/ubirataonline","https:\/\/mastodon.social\/@ubirataonline","https:\/\/www.facebook.com\/groups\/311144672285604","https:\/\/www.facebook.com\/UBTAOnline","https:\/\/www.instagram.com\/portalubirataonline\/","https:\/\/twitter.com\/ubirataonline"],"description":"Somos um portal de not\u00edcias independente, criado em 5 de janeiro de 2009, com o objetivo de informar, conectar e valorizar a nossa comunidade de Ubirat\u00e3 e toda aregi\u00e3o. Com conte\u00fado atualizado, confi\u00e1vel e relevante, o Ubirat\u00e3 Online \u00e9 o seu espa\u00e7o para ficar por dentro dos principais acontecimentos locais, regionais, Brasil, Mundo e de interesse geral. Nosso compromisso \u00e9 com a verdade, a transpar\u00eancia e o respeito ao leitor.","legalName":"UBIRATA ONLINE NOT\u00cdCIAS","foundingDate":"2009-01-05","numberOfEmployees":{"@type":"QuantitativeValue","minValue":"1","maxValue":"10"},"publishingPrinciples":"https:\/\/ubirataonline.com.br\/faq\/","address":{"@id":"https:\/\/ubirataonline.com.br\/tragedia-no-dia-dos-pais-dois-pais-e-dois-filhos-morrem-em-colisao-frontal-devastadora-na-prc-280-no-parana\/#local-main-place-address"},"geo":{"@type":"GeoCoordinates","latitude":"-24.5361401","longitude":"-52.9921776"},"telephone":["+5544998308235"],"contactPoint":{"@type":"ContactPoint","email":"contato@ubirataonline.com.br"},"openingHoursSpecification":{"@type":"OpeningHoursSpecification","dayOfWeek":["Monday","Tuesday","Wednesday","Thursday","Friday","Saturday","Sunday"],"opens":"00:00","closes":"23:59"},"email":"contato@ubirataonline.com.br","vatID":"47.621.418\/0001-80"},{"@type":"Person","@id":"https:\/\/ubirataonline.com.br\/#\/schema\/person\/372f87bbd3fdd79b8556b84c98d0bc1c","name":"REDA\u00c7\u00c3O: UBIRAT\u00c3 ONLINE - F\u00c1BIO AUGUSTO CELESTINO","pronouns":"Ele","description":"Desde 2003 trabalhando com not\u00edcias.","sameAs":["http:\/\/ubirataoline.com.br","https:\/\/www.facebook.com\/portalubirataonline","https:\/\/www.instagram.com\/ubirataonline_oficial","https:\/\/x.com\/x.com\/ubirataonline"],"honorificPrefix":"Mr.","honorificSuffix":"MD","birthDate":"1980-06-16","gender":"masculino","award":["V\u00e1rios pr\u00eamios de melhor portal da cidade"],"jobTitle":"Diretor","url":"https:\/\/ubirataonline.com.br\/en\/author\/ubirataonline\/"},{"@type":"PostalAddress","@id":"https:\/\/ubirataonline.com.br\/tragedia-no-dia-dos-pais-dois-pais-e-dois-filhos-morrem-em-colisao-frontal-devastadora-na-prc-280-no-parana\/#local-main-place-address","streetAddress":"Rua dos Coqueiros, 104 - Bairro Boa Vista, Rua dos Coqueiros, 104 Bairro Boa Vista","addressLocality":"UBIRATA","postalCode":"85440-000","addressRegion":"PR","addressCountry":"BR"},{"@type":"ImageObject","inLanguage":"en-US","@id":"https:\/\/ubirataonline.com.br\/tragedia-no-dia-dos-pais-dois-pais-e-dois-filhos-morrem-em-colisao-frontal-devastadora-na-prc-280-no-parana\/#local-main-organization-logo","url":"https:\/\/ubirataonline.com.br\/wp-content\/uploads\/2026\/06\/logoubirataonline-1.webp","contentUrl":"https:\/\/ubirataonline.com.br\/wp-content\/uploads\/2026\/06\/logoubirataonline-1.webp","width":500,"height":500,"caption":"Ubirat\u00e3 Online Not\u00edcias"}]},"geo.placename":"UBIRATA","geo.position":{"lat":"-24.5361401","long":"-52.9921776"},"geo.region":"Brazil"},"_links":{"self":[{"href":"https:\/\/ubirataonline.com.br\/en\/wp-json\/wp\/v2\/posts\/163594","targetHints":{"allow":["GET"]}}],"collection":[{"href":"https:\/\/ubirataonline.com.br\/en\/wp-json\/wp\/v2\/posts"}],"about":[{"href":"https:\/\/ubirataonline.com.br\/en\/wp-json\/wp\/v2\/types\/post"}],"author":[{"embeddable":true,"href":"https:\/\/ubirataonline.com.br\/en\/wp-json\/wp\/v2\/users\/1"}],"replies":[{"embeddable":true,"href":"https:\/\/ubirataonline.com.br\/en\/wp-json\/wp\/v2\/comments?post=163594"}],"version-history":[{"count":0,"href":"https:\/\/ubirataonline.com.br\/en\/wp-json\/wp\/v2\/posts\/163594\/revisions"}],"wp:featuredmedia":[{"embeddable":true,"href":"https:\/\/ubirataonline.com.br\/en\/wp-json\/wp\/v2\/media\/163595"}],"wp:attachment":[{"href":"https:\/\/ubirataonline.com.br\/en\/wp-json\/wp\/v2\/media?parent=163594"}],"wp:term":[{"taxonomy":"category","embeddable":true,"href":"https:\/\/ubirataonline.com.br\/en\/wp-json\/wp\/v2\/categories?post=163594"},{"taxonomy":"post_tag","embeddable":true,"href":"https:\/\/ubirataonline.com.br\/en\/wp-json\/wp\/v2\/tags?post=163594"}],"curies":[{"name":"wp","href":"https:\/\/api.w.org\/{rel}","templated":true}]}}