{"id":163800,"date":"2026-08-10T05:53:42","date_gmt":"2026-08-10T08:53:42","guid":{"rendered":"https:\/\/ubirataonline.com.br\/semana-deve-comecar-fria-e-com-chuva-em-sao-paulo-e-no-rio-cotidiano\/"},"modified":"2026-08-10T05:53:44","modified_gmt":"2026-08-10T08:53:44","slug":"semana-deve-comecar-fria-e-com-chuva-em-sao-paulo-e-no-rio-cotidiano","status":"publish","type":"post","link":"https:\/\/ubirataonline.com.br\/en\/semana-deve-comecar-fria-e-com-chuva-em-sao-paulo-e-no-rio-cotidiano\/","title":{"rendered":"Semana deve come\u00e7ar fria e com chuva em S\u00e3o Paulo e no Rio &#8211; &#8211; Cotidiano"},"content":{"rendered":"<p><\/p>\n<div data-news-content-text=\"\" data-disable-copy=\"\" data-continue-reading=\"\" data-continue-reading-hide-others=\".js-continue-reading-hidden\" data-age-rating=\"\" itemprop=\"articleBody\">\n<p>Ap\u00f3s dias quentes, os term\u00f4metros v\u00e3o despencar em S\u00e3o Paulo no in\u00edcio da semana. A cidade sofrer\u00e1 com efeito gangorra nas temperaturas, que voltar\u00e3o a subir a partir de quarta-feira (12), com previs\u00e3o de muito <a href=\"https:\/\/www1.folha.uol.com.br\/folha-topicos\/calor\/\">calor<\/a>.<\/p>\n<p>Segundo o Inmet (Instituto Nacional de Meteorologia), esta segunda-feira (10) deve ter m\u00ednima de 12\u00b0C e m\u00e1xima de apenas 18\u00b0C, com possibilidade de <a href=\"https:\/\/www1.folha.uol.com.br\/folha-topicos\/chuva\/\">chuva<\/a> isolada.<\/p>\n<p>Na ter\u00e7a-feira (11), o frio fica mais intenso. Com m\u00ednima prevista de 12\u00b0C, as m\u00e1ximas s\u00f3 chegar\u00e3o a 15\u00b0C, com nebulosidade e chuva ao longo do dia.<\/p>\n<p>O frio dar\u00e1 uma tr\u00e9gua na quarta. Os term\u00f4metros devem subir, chegando aos 27\u00b0C, mas ainda com a manh\u00e3 fria, na casa dos 14\u00b0C, de acordo com o Inmet.<\/p>\n<p>Na quinta (13), o calor se consolida e as m\u00e1ximas v\u00e3o a 33\u00b0C. N\u00e3o h\u00e1 previs\u00e3o de chuva e a umidade do ar pode ficar em 30%, bem abaixo dos 60% recomendados pela OMS (Organiza\u00e7\u00e3o Mundial da Sa\u00fade).<\/p>\n<h2 class=\"c-news__subtitle\" id=\"regiao-sul-tera-mais-chuvas\">Regi\u00e3o Sul ter\u00e1 mais chuvas<\/h2>\n<p>Ap\u00f3s a passagem de um ciclone que deixou um morto e um rastro de destrui\u00e7\u00e3o, a regi\u00e3o Sul ter\u00e1 mais uma semana de chuvas.<\/p>\n<p>H\u00e1 previs\u00e3o de pancadas isoladas no Paran\u00e1 e em Santa Catarina. No Rio Grande do Sul, al\u00e9m de chuva, poder\u00e1 ocorrer geada no sul do estado.<\/p>\n<p>Em Porto Alegre, as m\u00ednimas devem cair a 5\u00b0C na ter\u00e7a, diz mais frio da semana, segundo o Inmet.<\/p>\n<\/p><\/div>\n<p><a href=\"https:\/\/ubirataonline.com.br\/en\/noticias\/\" target=\"_blank\" rel=\"noopener noreferrer\">Mais Not\u00edcias<\/a><\/p>\n<p><a href=\"https:\/\/ubirataonline.com.br\/en\/\" target=\"_blank\" rel=\"noopener noreferrer\">Home Page &#8211; In\u00edcio<\/a><\/p>\n<p><a href=\"https:\/\/www1.folha.uol.com.br\/cotidiano\/2026\/08\/sao-paulo-tem-inicio-de-semana-gelado-e-com-chuva.shtml\">Fonte do Artigo <\/a><br \/>\nSee more: <a href=\"https:\/\/theglobaltrack.com\/\" target=\"_blank\" rel=\"noopener noreferrer\">The Global Track<\/a><\/p>\n<p><a href=\"https:\/\/corinthiames.com.br\/\" target=\"_blank\" rel=\"noopener noreferrer\">Corinthia Mes<\/a><\/p>","protected":false},"excerpt":{"rendered":"<p>Ap\u00f3s dias quentes, os term\u00f4metros v\u00e3o despencar em S\u00e3o Paulo no in\u00edcio da semana. A cidade sofrer\u00e1 com efeito gangorra nas temperaturas, que voltar\u00e3o a subir a partir de quarta-feira (12), com previs\u00e3o de muito calor. Segundo o Inmet (Instituto Nacional de Meteorologia), esta segunda-feira (10) deve ter m\u00ednima de 12\u00b0C e m\u00e1xima de apenas [&hellip;]<\/p>\n","protected":false},"author":1,"featured_media":163801,"comment_status":"closed","ping_status":"","sticky":false,"template":"","format":"standard","meta":{"googlesitekit_rrm_CAow2JLhCw:productID":"","_gspb_post_css":"","maa_idioma":"","maa_pais":"","footnotes":""},"categories":[4],"tags":[220,4966,3291,3177,3595,3263,2876,3262,3268],"class_list":["post-163800","post","type-post","status-publish","format-standard","has-post-thumbnail","hentry","category-brasil","tag-chuva","tag-comecar","tag-cotidiano","tag-deve","tag-fria","tag-paulo","tag-rio","tag-sao","tag-semana"],"blocksy_meta":[],"yoast_head":"<!-- This site is optimized with the Yoast SEO Premium plugin v27.6 (Yoast SEO v27.6) - https:\/\/yoast.com\/product\/yoast-seo-premium-wordpress\/ -->\n<title>Semana deve come\u00e7ar fria e com chuva em S\u00e3o Paulo e no Rio - Cotidiano - Ubirat\u00e3 Online Not\u00edcias - A realidade ao seu alcance!<\/title>\n<meta name=\"description\" content=\"Term\u00f4metros voltam a subir a partir de quarta-feira (12) e devem ultrapassar os 30\u00b0C\" \/>\n<meta name=\"robots\" content=\"index, follow, max-snippet:-1, max-image-preview:large, max-video-preview:-1\" \/>\n<link rel=\"canonical\" href=\"https:\/\/ubirataonline.com.br\/en\/semana-deve-comecar-fria-e-com-chuva-em-sao-paulo-e-no-rio-cotidiano\/\" \/>\n<meta property=\"og:locale\" content=\"en_US\" \/>\n<meta property=\"og:type\" content=\"article\" \/>\n<meta property=\"og:title\" content=\"Semana deve come\u00e7ar fria e com chuva em S\u00e3o Paulo e no Rio - - Cotidiano\" \/>\n<meta property=\"og:description\" content=\"Term\u00f4metros voltam a subir a partir de quarta-feira (12) e devem ultrapassar os 30\u00b0C\" \/>\n<meta property=\"og:url\" content=\"https:\/\/ubirataonline.com.br\/en\/semana-deve-comecar-fria-e-com-chuva-em-sao-paulo-e-no-rio-cotidiano\/\" \/>\n<meta property=\"og:site_name\" content=\"Ubirat\u00e3 Online Not\u00edcias - A realidade ao seu alcance!\" \/>\n<meta property=\"article:publisher\" content=\"https:\/\/www.facebook.com\/portalubirataonline\" \/>\n<meta property=\"article:author\" content=\"https:\/\/www.facebook.com\/portalubirataonline\" \/>\n<meta property=\"article:published_time\" content=\"2026-08-10T08:53:42+00:00\" \/>\n<meta property=\"article:modified_time\" content=\"2026-08-10T08:53:44+00:00\" \/>\n<meta property=\"og:image\" content=\"https:\/\/ubirataonline.com.br\/wp-content\/uploads\/2026\/08\/Semana-deve-comecar-fria-e-com-chuva-em-Sao-Paulo.jpg\" \/>\n\t<meta property=\"og:image:width\" content=\"1200\" \/>\n\t<meta property=\"og:image:height\" content=\"800\" \/>\n\t<meta property=\"og:image:type\" content=\"image\/jpeg\" \/>\n<meta name=\"author\" content=\"REDA\u00c7\u00c3O: UBIRAT\u00c3 ONLINE - F\u00c1BIO AUGUSTO CELESTINO\" \/>\n<meta name=\"twitter:card\" content=\"summary_large_image\" \/>\n<meta name=\"twitter:creator\" content=\"@x.com\/ubirataonline\" \/>\n<meta name=\"twitter:site\" content=\"@ubirataonline\" \/>\n<meta name=\"twitter:label1\" content=\"Written by\" \/>\n\t<meta name=\"twitter:data1\" content=\"REDA\u00c7\u00c3O: UBIRAT\u00c3 ONLINE - F\u00c1BIO AUGUSTO CELESTINO\" \/>\n\t<meta name=\"twitter:label2\" content=\"Est. reading time\" \/>\n\t<meta name=\"twitter:data2\" content=\"1 minute\" \/>\n<script type=\"application\/ld+json\" class=\"yoast-schema-graph\">{\"@context\":\"https:\\\/\\\/schema.org\",\"@graph\":[{\"@type\":\"NewsArticle\",\"@id\":\"https:\\\/\\\/ubirataonline.com.br\\\/semana-deve-comecar-fria-e-com-chuva-em-sao-paulo-e-no-rio-cotidiano\\\/#article\",\"isPartOf\":{\"@id\":\"https:\\\/\\\/ubirataonline.com.br\\\/semana-deve-comecar-fria-e-com-chuva-em-sao-paulo-e-no-rio-cotidiano\\\/\"},\"author\":{\"name\":\"REDA\u00c7\u00c3O: UBIRAT\u00c3 ONLINE - F\u00c1BIO AUGUSTO CELESTINO\",\"@id\":\"https:\\\/\\\/ubirataonline.com.br\\\/#\\\/schema\\\/person\\\/372f87bbd3fdd79b8556b84c98d0bc1c\"},\"headline\":\"Semana deve come\u00e7ar fria e com chuva em S\u00e3o Paulo e no Rio &#8211; &#8211; Cotidiano\",\"datePublished\":\"2026-08-10T08:53:42+00:00\",\"dateModified\":\"2026-08-10T08:53:44+00:00\",\"mainEntityOfPage\":{\"@id\":\"https:\\\/\\\/ubirataonline.com.br\\\/semana-deve-comecar-fria-e-com-chuva-em-sao-paulo-e-no-rio-cotidiano\\\/\"},\"wordCount\":288,\"publisher\":{\"@id\":\"https:\\\/\\\/ubirataonline.com.br\\\/#organization\"},\"image\":{\"@id\":\"https:\\\/\\\/ubirataonline.com.br\\\/semana-deve-comecar-fria-e-com-chuva-em-sao-paulo-e-no-rio-cotidiano\\\/#primaryimage\"},\"thumbnailUrl\":\"https:\\\/\\\/ubirataonline.com.br\\\/wp-content\\\/uploads\\\/2026\\\/08\\\/Semana-deve-comecar-fria-e-com-chuva-em-Sao-Paulo.jpg\",\"keywords\":[\"Chuva\",\"come\u00e7ar\",\"cotidiano\",\"deve\",\"fria\",\"Paulo\",\"Rio\",\"S\u00e3o\",\"semana\"],\"articleSection\":[\"Brasil\"],\"inLanguage\":\"en-US\",\"copyrightYear\":\"2026\",\"copyrightHolder\":{\"@id\":\"https:\\\/\\\/ubirataonline.com.br\\\/en\\\/#organization\"}},{\"@type\":\"WebPage\",\"@id\":\"https:\\\/\\\/ubirataonline.com.br\\\/semana-deve-comecar-fria-e-com-chuva-em-sao-paulo-e-no-rio-cotidiano\\\/\",\"url\":\"https:\\\/\\\/ubirataonline.com.br\\\/semana-deve-comecar-fria-e-com-chuva-em-sao-paulo-e-no-rio-cotidiano\\\/\",\"name\":\"Semana deve come\u00e7ar fria e com chuva em S\u00e3o Paulo e no Rio - Cotidiano - Ubirat\u00e3 Online Not\u00edcias - A realidade ao seu alcance!\",\"isPartOf\":{\"@id\":\"https:\\\/\\\/ubirataonline.com.br\\\/#website\"},\"primaryImageOfPage\":{\"@id\":\"https:\\\/\\\/ubirataonline.com.br\\\/semana-deve-comecar-fria-e-com-chuva-em-sao-paulo-e-no-rio-cotidiano\\\/#primaryimage\"},\"image\":{\"@id\":\"https:\\\/\\\/ubirataonline.com.br\\\/semana-deve-comecar-fria-e-com-chuva-em-sao-paulo-e-no-rio-cotidiano\\\/#primaryimage\"},\"thumbnailUrl\":\"https:\\\/\\\/ubirataonline.com.br\\\/wp-content\\\/uploads\\\/2026\\\/08\\\/Semana-deve-comecar-fria-e-com-chuva-em-Sao-Paulo.jpg\",\"datePublished\":\"2026-08-10T08:53:42+00:00\",\"dateModified\":\"2026-08-10T08:53:44+00:00\",\"description\":\"Term\u00f4metros voltam a subir a partir de quarta-feira (12) e devem ultrapassar os 30\u00b0C\",\"breadcrumb\":{\"@id\":\"https:\\\/\\\/ubirataonline.com.br\\\/semana-deve-comecar-fria-e-com-chuva-em-sao-paulo-e-no-rio-cotidiano\\\/#breadcrumb\"},\"inLanguage\":\"en-US\",\"potentialAction\":[{\"@type\":\"ReadAction\",\"target\":[\"https:\\\/\\\/ubirataonline.com.br\\\/semana-deve-comecar-fria-e-com-chuva-em-sao-paulo-e-no-rio-cotidiano\\\/\"]}]},{\"@type\":\"ImageObject\",\"inLanguage\":\"en-US\",\"@id\":\"https:\\\/\\\/ubirataonline.com.br\\\/semana-deve-comecar-fria-e-com-chuva-em-sao-paulo-e-no-rio-cotidiano\\\/#primaryimage\",\"url\":\"https:\\\/\\\/ubirataonline.com.br\\\/wp-content\\\/uploads\\\/2026\\\/08\\\/Semana-deve-comecar-fria-e-com-chuva-em-Sao-Paulo.jpg\",\"contentUrl\":\"https:\\\/\\\/ubirataonline.com.br\\\/wp-content\\\/uploads\\\/2026\\\/08\\\/Semana-deve-comecar-fria-e-com-chuva-em-Sao-Paulo.jpg\",\"width\":1200,\"height\":800,\"caption\":\"Chuva na regi\u00e3o da Vila Cordeiro, na zona sul de S\u00e3o Paulo - F\u00e1bio Pescarini\\\/Folhapress\"},{\"@type\":\"BreadcrumbList\",\"@id\":\"https:\\\/\\\/ubirataonline.com.br\\\/semana-deve-comecar-fria-e-com-chuva-em-sao-paulo-e-no-rio-cotidiano\\\/#breadcrumb\",\"itemListElement\":[{\"@type\":\"ListItem\",\"position\":1,\"name\":\"In\u00edcio\",\"item\":\"https:\\\/\\\/ubirataonline.com.br\\\/\"},{\"@type\":\"ListItem\",\"position\":2,\"name\":\"Semana deve come\u00e7ar fria e com chuva em S\u00e3o Paulo e no Rio &#8211; &#8211; Cotidiano\"}]},{\"@type\":\"WebSite\",\"@id\":\"https:\\\/\\\/ubirataonline.com.br\\\/#website\",\"url\":\"https:\\\/\\\/ubirataonline.com.br\\\/\",\"name\":\"Ubirat\u00e3 Online Not\u00edcias\",\"description\":\"Not\u00edcias de Ubirat\u00e3, regi\u00e3o, Brasil e mundo, com informa\u00e7\u00e3o atualizada e compromisso com o leitor.\",\"publisher\":{\"@id\":\"https:\\\/\\\/ubirataonline.com.br\\\/#organization\"},\"alternateName\":\"Ubirat\u00e3 Online\",\"potentialAction\":[{\"@type\":\"SearchAction\",\"target\":{\"@type\":\"EntryPoint\",\"urlTemplate\":\"https:\\\/\\\/ubirataonline.com.br\\\/?s={search_term_string}\"},\"query-input\":{\"@type\":\"PropertyValueSpecification\",\"valueRequired\":true,\"valueName\":\"search_term_string\"}}],\"inLanguage\":\"en-US\"},{\"@type\":[\"Organization\",\"Place\"],\"@id\":\"https:\\\/\\\/ubirataonline.com.br\\\/#organization\",\"name\":\"Ubirat\u00e3 Online Not\u00edcias\",\"alternateName\":\"Ubirat\u00e3 Online\",\"url\":\"https:\\\/\\\/ubirataonline.com.br\\\/\",\"logo\":{\"@id\":\"https:\\\/\\\/ubirataonline.com.br\\\/semana-deve-comecar-fria-e-com-chuva-em-sao-paulo-e-no-rio-cotidiano\\\/#local-main-organization-logo\"},\"image\":{\"@id\":\"https:\\\/\\\/ubirataonline.com.br\\\/semana-deve-comecar-fria-e-com-chuva-em-sao-paulo-e-no-rio-cotidiano\\\/#local-main-organization-logo\"},\"sameAs\":[\"https:\\\/\\\/www.facebook.com\\\/portalubirataonline\",\"https:\\\/\\\/x.com\\\/ubirataonline\",\"https:\\\/\\\/mastodon.social\\\/@ubirataonline\",\"https:\\\/\\\/www.facebook.com\\\/groups\\\/311144672285604\",\"https:\\\/\\\/www.facebook.com\\\/UBTAOnline\",\"https:\\\/\\\/www.instagram.com\\\/portalubirataonline\\\/\",\"https:\\\/\\\/twitter.com\\\/ubirataonline\"],\"description\":\"Somos um portal de not\u00edcias independente, criado em 5 de janeiro de 2009, com o objetivo de informar, conectar e valorizar a nossa comunidade de Ubirat\u00e3 e toda aregi\u00e3o. Com conte\u00fado atualizado, confi\u00e1vel e relevante, o Ubirat\u00e3 Online \u00e9 o seu espa\u00e7o para ficar por dentro dos principais acontecimentos locais, regionais, Brasil, Mundo e de interesse geral. Nosso compromisso \u00e9 com a verdade, a transpar\u00eancia e o respeito ao leitor.\",\"legalName\":\"UBIRATA ONLINE NOT\u00cdCIAS\",\"foundingDate\":\"2009-01-05\",\"numberOfEmployees\":{\"@type\":\"QuantitativeValue\",\"minValue\":\"1\",\"maxValue\":\"10\"},\"publishingPrinciples\":\"https:\\\/\\\/ubirataonline.com.br\\\/faq\\\/\",\"address\":{\"@id\":\"https:\\\/\\\/ubirataonline.com.br\\\/semana-deve-comecar-fria-e-com-chuva-em-sao-paulo-e-no-rio-cotidiano\\\/#local-main-place-address\"},\"geo\":{\"@type\":\"GeoCoordinates\",\"latitude\":\"-24.5361401\",\"longitude\":\"-52.9921776\"},\"telephone\":[\"+5544998308235\"],\"contactPoint\":{\"@type\":\"ContactPoint\",\"email\":\"contato@ubirataonline.com.br\"},\"openingHoursSpecification\":{\"@type\":\"OpeningHoursSpecification\",\"dayOfWeek\":[\"Monday\",\"Tuesday\",\"Wednesday\",\"Thursday\",\"Friday\",\"Saturday\",\"Sunday\"],\"opens\":\"00:00\",\"closes\":\"23:59\"},\"email\":\"contato@ubirataonline.com.br\",\"vatID\":\"47.621.418\\\/0001-80\"},{\"@type\":\"Person\",\"@id\":\"https:\\\/\\\/ubirataonline.com.br\\\/#\\\/schema\\\/person\\\/372f87bbd3fdd79b8556b84c98d0bc1c\",\"name\":\"REDA\u00c7\u00c3O: UBIRAT\u00c3 ONLINE - F\u00c1BIO AUGUSTO CELESTINO\",\"pronouns\":\"Ele\",\"description\":\"Desde 2003 trabalhando com not\u00edcias.\",\"sameAs\":[\"http:\\\/\\\/ubirataoline.com.br\",\"https:\\\/\\\/www.facebook.com\\\/portalubirataonline\",\"https:\\\/\\\/www.instagram.com\\\/ubirataonline_oficial\",\"https:\\\/\\\/x.com\\\/x.com\\\/ubirataonline\"],\"honorificPrefix\":\"Mr.\",\"honorificSuffix\":\"MD\",\"birthDate\":\"1980-06-16\",\"gender\":\"masculino\",\"award\":[\"V\u00e1rios pr\u00eamios de melhor portal da cidade\"],\"jobTitle\":\"Diretor\",\"url\":\"https:\\\/\\\/ubirataonline.com.br\\\/en\\\/author\\\/ubirataonline\\\/\"},{\"@type\":\"PostalAddress\",\"@id\":\"https:\\\/\\\/ubirataonline.com.br\\\/semana-deve-comecar-fria-e-com-chuva-em-sao-paulo-e-no-rio-cotidiano\\\/#local-main-place-address\",\"streetAddress\":\"Rua dos Coqueiros, 104 - Bairro Boa Vista, Rua dos Coqueiros, 104 Bairro Boa Vista\",\"addressLocality\":\"UBIRATA\",\"postalCode\":\"85440-000\",\"addressRegion\":\"PR\",\"addressCountry\":\"BR\"},{\"@type\":\"ImageObject\",\"inLanguage\":\"en-US\",\"@id\":\"https:\\\/\\\/ubirataonline.com.br\\\/semana-deve-comecar-fria-e-com-chuva-em-sao-paulo-e-no-rio-cotidiano\\\/#local-main-organization-logo\",\"url\":\"https:\\\/\\\/ubirataonline.com.br\\\/wp-content\\\/uploads\\\/2026\\\/06\\\/logoubirataonline-1.webp\",\"contentUrl\":\"https:\\\/\\\/ubirataonline.com.br\\\/wp-content\\\/uploads\\\/2026\\\/06\\\/logoubirataonline-1.webp\",\"width\":500,\"height\":500,\"caption\":\"Ubirat\u00e3 Online Not\u00edcias\"}]}<\/script>\n<meta name=\"geo.placename\" content=\"UBIRATA\" \/>\n<meta name=\"geo.position\" content=\"-24.5361401;-52.9921776\" \/>\n<meta name=\"geo.region\" content=\"Brazil\" \/>\n<!-- \/ Yoast SEO Premium plugin. -->","yoast_head_json":{"title":"Semana deve come\u00e7ar fria e com chuva em S\u00e3o Paulo e no Rio - Cotidiano - Ubirat\u00e3 Online Not\u00edcias - A realidade ao seu alcance!","description":"Term\u00f4metros voltam a subir a partir de quarta-feira (12) e devem ultrapassar os 30\u00b0C","robots":{"index":"index","follow":"follow","max-snippet":"max-snippet:-1","max-image-preview":"max-image-preview:large","max-video-preview":"max-video-preview:-1"},"canonical":"https:\/\/ubirataonline.com.br\/en\/semana-deve-comecar-fria-e-com-chuva-em-sao-paulo-e-no-rio-cotidiano\/","og_locale":"en_US","og_type":"article","og_title":"Semana deve come\u00e7ar fria e com chuva em S\u00e3o Paulo e no Rio - - Cotidiano","og_description":"Term\u00f4metros voltam a subir a partir de quarta-feira (12) e devem ultrapassar os 30\u00b0C","og_url":"https:\/\/ubirataonline.com.br\/en\/semana-deve-comecar-fria-e-com-chuva-em-sao-paulo-e-no-rio-cotidiano\/","og_site_name":"Ubirat\u00e3 Online Not\u00edcias - A realidade ao seu alcance!","article_publisher":"https:\/\/www.facebook.com\/portalubirataonline","article_author":"https:\/\/www.facebook.com\/portalubirataonline","article_published_time":"2026-08-10T08:53:42+00:00","article_modified_time":"2026-08-10T08:53:44+00:00","og_image":[{"width":1200,"height":800,"url":"https:\/\/ubirataonline.com.br\/wp-content\/uploads\/2026\/08\/Semana-deve-comecar-fria-e-com-chuva-em-Sao-Paulo.jpg","type":"image\/jpeg"}],"author":"REDA\u00c7\u00c3O: UBIRAT\u00c3 ONLINE - F\u00c1BIO AUGUSTO CELESTINO","twitter_card":"summary_large_image","twitter_creator":"@x.com\/ubirataonline","twitter_site":"@ubirataonline","twitter_misc":{"Written by":"REDA\u00c7\u00c3O: UBIRAT\u00c3 ONLINE - F\u00c1BIO AUGUSTO CELESTINO","Est. reading time":"1 minute"},"schema":{"@context":"https:\/\/schema.org","@graph":[{"@type":"NewsArticle","@id":"https:\/\/ubirataonline.com.br\/semana-deve-comecar-fria-e-com-chuva-em-sao-paulo-e-no-rio-cotidiano\/#article","isPartOf":{"@id":"https:\/\/ubirataonline.com.br\/semana-deve-comecar-fria-e-com-chuva-em-sao-paulo-e-no-rio-cotidiano\/"},"author":{"name":"REDA\u00c7\u00c3O: UBIRAT\u00c3 ONLINE - F\u00c1BIO AUGUSTO CELESTINO","@id":"https:\/\/ubirataonline.com.br\/#\/schema\/person\/372f87bbd3fdd79b8556b84c98d0bc1c"},"headline":"Semana deve come\u00e7ar fria e com chuva em S\u00e3o Paulo e no Rio &#8211; &#8211; Cotidiano","datePublished":"2026-08-10T08:53:42+00:00","dateModified":"2026-08-10T08:53:44+00:00","mainEntityOfPage":{"@id":"https:\/\/ubirataonline.com.br\/semana-deve-comecar-fria-e-com-chuva-em-sao-paulo-e-no-rio-cotidiano\/"},"wordCount":288,"publisher":{"@id":"https:\/\/ubirataonline.com.br\/#organization"},"image":{"@id":"https:\/\/ubirataonline.com.br\/semana-deve-comecar-fria-e-com-chuva-em-sao-paulo-e-no-rio-cotidiano\/#primaryimage"},"thumbnailUrl":"https:\/\/ubirataonline.com.br\/wp-content\/uploads\/2026\/08\/Semana-deve-comecar-fria-e-com-chuva-em-Sao-Paulo.jpg","keywords":["Chuva","come\u00e7ar","cotidiano","deve","fria","Paulo","Rio","S\u00e3o","semana"],"articleSection":["Brasil"],"inLanguage":"en-US","copyrightYear":"2026","copyrightHolder":{"@id":"https:\/\/ubirataonline.com.br\/en\/#organization"}},{"@type":"WebPage","@id":"https:\/\/ubirataonline.com.br\/semana-deve-comecar-fria-e-com-chuva-em-sao-paulo-e-no-rio-cotidiano\/","url":"https:\/\/ubirataonline.com.br\/semana-deve-comecar-fria-e-com-chuva-em-sao-paulo-e-no-rio-cotidiano\/","name":"Semana deve come\u00e7ar fria e com chuva em S\u00e3o Paulo e no Rio - Cotidiano - Ubirat\u00e3 Online Not\u00edcias - A realidade ao seu alcance!","isPartOf":{"@id":"https:\/\/ubirataonline.com.br\/#website"},"primaryImageOfPage":{"@id":"https:\/\/ubirataonline.com.br\/semana-deve-comecar-fria-e-com-chuva-em-sao-paulo-e-no-rio-cotidiano\/#primaryimage"},"image":{"@id":"https:\/\/ubirataonline.com.br\/semana-deve-comecar-fria-e-com-chuva-em-sao-paulo-e-no-rio-cotidiano\/#primaryimage"},"thumbnailUrl":"https:\/\/ubirataonline.com.br\/wp-content\/uploads\/2026\/08\/Semana-deve-comecar-fria-e-com-chuva-em-Sao-Paulo.jpg","datePublished":"2026-08-10T08:53:42+00:00","dateModified":"2026-08-10T08:53:44+00:00","description":"Term\u00f4metros voltam a subir a partir de quarta-feira (12) e devem ultrapassar os 30\u00b0C","breadcrumb":{"@id":"https:\/\/ubirataonline.com.br\/semana-deve-comecar-fria-e-com-chuva-em-sao-paulo-e-no-rio-cotidiano\/#breadcrumb"},"inLanguage":"en-US","potentialAction":[{"@type":"ReadAction","target":["https:\/\/ubirataonline.com.br\/semana-deve-comecar-fria-e-com-chuva-em-sao-paulo-e-no-rio-cotidiano\/"]}]},{"@type":"ImageObject","inLanguage":"en-US","@id":"https:\/\/ubirataonline.com.br\/semana-deve-comecar-fria-e-com-chuva-em-sao-paulo-e-no-rio-cotidiano\/#primaryimage","url":"https:\/\/ubirataonline.com.br\/wp-content\/uploads\/2026\/08\/Semana-deve-comecar-fria-e-com-chuva-em-Sao-Paulo.jpg","contentUrl":"https:\/\/ubirataonline.com.br\/wp-content\/uploads\/2026\/08\/Semana-deve-comecar-fria-e-com-chuva-em-Sao-Paulo.jpg","width":1200,"height":800,"caption":"Chuva na regi\u00e3o da Vila Cordeiro, na zona sul de S\u00e3o Paulo - F\u00e1bio Pescarini\/Folhapress"},{"@type":"BreadcrumbList","@id":"https:\/\/ubirataonline.com.br\/semana-deve-comecar-fria-e-com-chuva-em-sao-paulo-e-no-rio-cotidiano\/#breadcrumb","itemListElement":[{"@type":"ListItem","position":1,"name":"In\u00edcio","item":"https:\/\/ubirataonline.com.br\/"},{"@type":"ListItem","position":2,"name":"Semana deve come\u00e7ar fria e com chuva em S\u00e3o Paulo e no Rio &#8211; &#8211; Cotidiano"}]},{"@type":"WebSite","@id":"https:\/\/ubirataonline.com.br\/#website","url":"https:\/\/ubirataonline.com.br\/","name":"Ubirat\u00e3 Online Not\u00edcias","description":"Not\u00edcias de Ubirat\u00e3, regi\u00e3o, Brasil e mundo, com informa\u00e7\u00e3o atualizada e compromisso com o leitor.","publisher":{"@id":"https:\/\/ubirataonline.com.br\/#organization"},"alternateName":"Ubirat\u00e3 Online","potentialAction":[{"@type":"SearchAction","target":{"@type":"EntryPoint","urlTemplate":"https:\/\/ubirataonline.com.br\/?s={search_term_string}"},"query-input":{"@type":"PropertyValueSpecification","valueRequired":true,"valueName":"search_term_string"}}],"inLanguage":"en-US"},{"@type":["Organization","Place"],"@id":"https:\/\/ubirataonline.com.br\/#organization","name":"Ubirat\u00e3 Online Not\u00edcias","alternateName":"Ubirat\u00e3 Online","url":"https:\/\/ubirataonline.com.br\/","logo":{"@id":"https:\/\/ubirataonline.com.br\/semana-deve-comecar-fria-e-com-chuva-em-sao-paulo-e-no-rio-cotidiano\/#local-main-organization-logo"},"image":{"@id":"https:\/\/ubirataonline.com.br\/semana-deve-comecar-fria-e-com-chuva-em-sao-paulo-e-no-rio-cotidiano\/#local-main-organization-logo"},"sameAs":["https:\/\/www.facebook.com\/portalubirataonline","https:\/\/x.com\/ubirataonline","https:\/\/mastodon.social\/@ubirataonline","https:\/\/www.facebook.com\/groups\/311144672285604","https:\/\/www.facebook.com\/UBTAOnline","https:\/\/www.instagram.com\/portalubirataonline\/","https:\/\/twitter.com\/ubirataonline"],"description":"Somos um portal de not\u00edcias independente, criado em 5 de janeiro de 2009, com o objetivo de informar, conectar e valorizar a nossa comunidade de Ubirat\u00e3 e toda aregi\u00e3o. Com conte\u00fado atualizado, confi\u00e1vel e relevante, o Ubirat\u00e3 Online \u00e9 o seu espa\u00e7o para ficar por dentro dos principais acontecimentos locais, regionais, Brasil, Mundo e de interesse geral. Nosso compromisso \u00e9 com a verdade, a transpar\u00eancia e o respeito ao leitor.","legalName":"UBIRATA ONLINE NOT\u00cdCIAS","foundingDate":"2009-01-05","numberOfEmployees":{"@type":"QuantitativeValue","minValue":"1","maxValue":"10"},"publishingPrinciples":"https:\/\/ubirataonline.com.br\/faq\/","address":{"@id":"https:\/\/ubirataonline.com.br\/semana-deve-comecar-fria-e-com-chuva-em-sao-paulo-e-no-rio-cotidiano\/#local-main-place-address"},"geo":{"@type":"GeoCoordinates","latitude":"-24.5361401","longitude":"-52.9921776"},"telephone":["+5544998308235"],"contactPoint":{"@type":"ContactPoint","email":"contato@ubirataonline.com.br"},"openingHoursSpecification":{"@type":"OpeningHoursSpecification","dayOfWeek":["Monday","Tuesday","Wednesday","Thursday","Friday","Saturday","Sunday"],"opens":"00:00","closes":"23:59"},"email":"contato@ubirataonline.com.br","vatID":"47.621.418\/0001-80"},{"@type":"Person","@id":"https:\/\/ubirataonline.com.br\/#\/schema\/person\/372f87bbd3fdd79b8556b84c98d0bc1c","name":"REDA\u00c7\u00c3O: UBIRAT\u00c3 ONLINE - F\u00c1BIO AUGUSTO CELESTINO","pronouns":"Ele","description":"Desde 2003 trabalhando com not\u00edcias.","sameAs":["http:\/\/ubirataoline.com.br","https:\/\/www.facebook.com\/portalubirataonline","https:\/\/www.instagram.com\/ubirataonline_oficial","https:\/\/x.com\/x.com\/ubirataonline"],"honorificPrefix":"Mr.","honorificSuffix":"MD","birthDate":"1980-06-16","gender":"masculino","award":["V\u00e1rios pr\u00eamios de melhor portal da cidade"],"jobTitle":"Diretor","url":"https:\/\/ubirataonline.com.br\/en\/author\/ubirataonline\/"},{"@type":"PostalAddress","@id":"https:\/\/ubirataonline.com.br\/semana-deve-comecar-fria-e-com-chuva-em-sao-paulo-e-no-rio-cotidiano\/#local-main-place-address","streetAddress":"Rua dos Coqueiros, 104 - Bairro Boa Vista, Rua dos Coqueiros, 104 Bairro Boa Vista","addressLocality":"UBIRATA","postalCode":"85440-000","addressRegion":"PR","addressCountry":"BR"},{"@type":"ImageObject","inLanguage":"en-US","@id":"https:\/\/ubirataonline.com.br\/semana-deve-comecar-fria-e-com-chuva-em-sao-paulo-e-no-rio-cotidiano\/#local-main-organization-logo","url":"https:\/\/ubirataonline.com.br\/wp-content\/uploads\/2026\/06\/logoubirataonline-1.webp","contentUrl":"https:\/\/ubirataonline.com.br\/wp-content\/uploads\/2026\/06\/logoubirataonline-1.webp","width":500,"height":500,"caption":"Ubirat\u00e3 Online Not\u00edcias"}]},"geo.placename":"UBIRATA","geo.position":{"lat":"-24.5361401","long":"-52.9921776"},"geo.region":"Brazil"},"_links":{"self":[{"href":"https:\/\/ubirataonline.com.br\/en\/wp-json\/wp\/v2\/posts\/163800","targetHints":{"allow":["GET"]}}],"collection":[{"href":"https:\/\/ubirataonline.com.br\/en\/wp-json\/wp\/v2\/posts"}],"about":[{"href":"https:\/\/ubirataonline.com.br\/en\/wp-json\/wp\/v2\/types\/post"}],"author":[{"embeddable":true,"href":"https:\/\/ubirataonline.com.br\/en\/wp-json\/wp\/v2\/users\/1"}],"replies":[{"embeddable":true,"href":"https:\/\/ubirataonline.com.br\/en\/wp-json\/wp\/v2\/comments?post=163800"}],"version-history":[{"count":1,"href":"https:\/\/ubirataonline.com.br\/en\/wp-json\/wp\/v2\/posts\/163800\/revisions"}],"predecessor-version":[{"id":163802,"href":"https:\/\/ubirataonline.com.br\/en\/wp-json\/wp\/v2\/posts\/163800\/revisions\/163802"}],"wp:featuredmedia":[{"embeddable":true,"href":"https:\/\/ubirataonline.com.br\/en\/wp-json\/wp\/v2\/media\/163801"}],"wp:attachment":[{"href":"https:\/\/ubirataonline.com.br\/en\/wp-json\/wp\/v2\/media?parent=163800"}],"wp:term":[{"taxonomy":"category","embeddable":true,"href":"https:\/\/ubirataonline.com.br\/en\/wp-json\/wp\/v2\/categories?post=163800"},{"taxonomy":"post_tag","embeddable":true,"href":"https:\/\/ubirataonline.com.br\/en\/wp-json\/wp\/v2\/tags?post=163800"}],"curies":[{"name":"wp","href":"https:\/\/api.w.org\/{rel}","templated":true}]}}