{"id":163859,"date":"2026-08-10T10:04:40","date_gmt":"2026-08-10T13:04:40","guid":{"rendered":"https:\/\/ubirataonline.com.br\/tj-rj-nega-indenizacao-a-lutador-preso-por-quase-seis-anos-por-engano\/"},"modified":"2026-08-10T10:04:42","modified_gmt":"2026-08-10T13:04:42","slug":"tj-rj-nega-indenizacao-a-lutador-preso-por-quase-seis-anos-por-engano","status":"publish","type":"post","link":"https:\/\/ubirataonline.com.br\/en\/tj-rj-nega-indenizacao-a-lutador-preso-por-quase-seis-anos-por-engano\/","title":{"rendered":"TJ\/RJ nega indeniza\u00e7\u00e3o a lutador preso por quase seis anos por engano"},"content":{"rendered":"<p><\/p>\n<div _ngcontent-sc123=\"\">\n<p>A 7\u00aa c\u00e2mara de Direito P\u00fablico do TJ\/RJ negou, por 3 votos a 2, o pedido de indeniza\u00e7\u00e3o por danos morais apresentado pelo ex-lutador <strong>S\u00edlvio Jos\u00e9 da Silva<\/strong>, conhecido como Pantera, que permaneceu preso por quase seis anos por um crime que n\u00e3o cometeu. A maioria do colegiado entendeu que o Estado n\u00e3o deve ser responsabilizado civilmente pela condena\u00e7\u00e3o posteriormente anulada pelo STJ. As informa\u00e7\u00f5es s\u00e3o do G1.<\/p>\n<p>S\u00edlvio buscava repara\u00e7\u00e3o pelos preju\u00edzos decorrentes da pris\u00e3o, ap\u00f3s ter sido absolvido pelo Superior Tribunal de Justi\u00e7a. O pedido j\u00e1 havia sido rejeitado em primeira inst\u00e2ncia.<\/p>\n<\/p>\n<p><span class=\"img-legenda\" style=\"margin-right: 5px;\">Lutador ganhou a liberdade em 2021, depois de 2.174 dias na cadeia.<\/span><span class=\"img-credito\" style=\"font-size: 10px!important;color: #8e8e8e!important;\">(Imagem: Reprodu\u00e7\u00e3o\/Redes sociais | Reprodu\u00e7\u00e3o\/Globonews)<\/span><\/p>\n<p><strong>O caso<\/strong><\/p>\n<p>A investiga\u00e7\u00e3o teve in\u00edcio ap\u00f3s um assalto ocorrido em novembro de 2015, em Iraj\u00e1, na Zona Norte do Rio de Janeiro. A v\u00edtima foi esfaqueada e teve o carro roubado por dois homens e uma mulher.<\/p>\n<p>Segundo a reportagem do G1, no momento do crime o lutador estava em uma academia, localizada a cerca de 30 quil\u00f4metros do local do assalto. O registro de entrada no estabelecimento, contudo, n\u00e3o impediu que ele fosse inclu\u00eddo na investiga\u00e7\u00e3o.<\/p>\n<p>O nome de S\u00edlvio passou a integrar o inqu\u00e9rito porque ele conhecia uma das acusadas do crime e fotografias suas foram encontradas no celular da mulher.<\/p>\n<p>De acordo com a defesa, um m\u00eas ap\u00f3s o crime, enquanto a v\u00edtima se recuperava de um coma, policiais apresentaram a ela uma fotografia do lutador e informaram que ele teria confessado o crime, circunst\u00e2ncia que teria influenciado o reconhecimento.<\/p>\n<p>Nenhuma testemunha apontou o ex-lutador como um dos autores do assalto. Ainda assim, em 2017, ele foi condenado a 16 anos de pris\u00e3o.<\/p>\n<p><strong>Absolvi\u00e7\u00e3o<\/strong><\/p>\n<p>O caso foi revisto pelo STJ, que concedeu habeas corpus ao reconhecer que o reconhecimento fotogr\u00e1fico \u2014 \u00fanica prova utilizada para embasar a condena\u00e7\u00e3o \u2014 era inv\u00e1lido.<\/p>\n<p>Segundo o Tribunal, a v\u00edtima foi previamente informada pelos policiais de que S\u00edlvio teria confessado o crime, circunst\u00e2ncia que comprometeu a regularidade do reconhecimento.<\/p>\n<p>Ap\u00f3s permanecer preso por 2.174 dias, o ex-lutador foi colocado em liberdade em 2021.<\/p>\n<p><strong>Pedido de indeniza\u00e7\u00e3o<\/strong><\/p>\n<p>Em 2022, S\u00edlvio ajuizou a\u00e7\u00e3o contra o Estado do Rio de Janeiro buscando indeniza\u00e7\u00e3o por danos morais.<\/p>\n<p>Durante o julgamento no TJ\/RJ, a Procuradoria do Estado sustentou que o processo criminal transcorreu regularmente, com decis\u00f5es fundamentadas e submetidas ao contradit\u00f3rio, raz\u00e3o pela qual n\u00e3o haveria responsabilidade civil do Estado.<\/p>\n<p><strong>Votos<\/strong><\/p>\n<p>Dois desembargadores votaram pelo reconhecimento da responsabilidade estatal.<\/p>\n<p>Para o desembargador Fernando Cesar Ferreira Viana, houve arbitrariedade na condu\u00e7\u00e3o do reconhecimento do acusado, sustentando que o Estado deveria responder pelos danos causados em raz\u00e3o da atua\u00e7\u00e3o de seus agentes.<\/p>\n<p>Prevaleceu, entretanto, o voto do relator, desembargador Marco Ant\u00f4nio Ibrahim.<\/p>\n<p>Segundo ele, as partes est\u00e3o sujeitas a dissabores decorrentes da atividade jurisdicional e a condena\u00e7\u00e3o posteriormente revista se insere no chamado risco normal da atividade judici\u00e1ria.<\/p>\n<p>Ao negar a indeniza\u00e7\u00e3o, o relator afirmou que o caso ocorreu &#8220;dentro do risco normal da atividade judici\u00e1ria&#8221;, acrescentando que ju\u00edzes cometem erros no exerc\u00edcio da fun\u00e7\u00e3o.<\/p>\n<p>Com esse entendimento, a 7\u00aa c\u00e2mara de Direito P\u00fablico manteve a improced\u00eancia do pedido de indeniza\u00e7\u00e3o.<\/p>\n<\/div>\n<p><a href=\"https:\/\/ubirataonline.com.br\/en\/noticias\/\" target=\"_blank\" rel=\"noopener noreferrer\">Mais Not\u00edcias<\/a><\/p>\n<p><a href=\"https:\/\/ubirataonline.com.br\/en\/\" target=\"_blank\" rel=\"noopener noreferrer\">Home Page &#8211; In\u00edcio<\/a><\/p>\n<p><a href=\"https:\/\/www.migalhas.com.br\/quentes\/461694\/tj-rj-nega-indenizacao-a-lutador-preso-por-quase-seis-anos-por-engano\">Fonte do Artigo <\/a><br \/>\nSee more: <a href=\"https:\/\/theglobaltrack.com\/\" target=\"_blank\" rel=\"noopener noreferrer\">The Global Track<\/a><\/p>\n<p><a href=\"https:\/\/corinthiames.com.br\/\" target=\"_blank\" rel=\"noopener noreferrer\">Corinthia Mes<\/a><\/p>","protected":false},"excerpt":{"rendered":"<p>A 7\u00aa c\u00e2mara de Direito P\u00fablico do TJ\/RJ negou, por 3 votos a 2, o pedido de indeniza\u00e7\u00e3o por danos morais apresentado pelo ex-lutador S\u00edlvio Jos\u00e9 da Silva, conhecido como Pantera, que permaneceu preso por quase seis anos por um crime que n\u00e3o cometeu. A maioria do colegiado entendeu que o Estado n\u00e3o deve ser [&hellip;]<\/p>\n","protected":false},"author":1,"featured_media":163860,"comment_status":"closed","ping_status":"","sticky":false,"template":"","format":"standard","meta":{"googlesitekit_rrm_CAow2JLhCw:productID":"","_gspb_post_css":"","maa_idioma":"","maa_pais":"","footnotes":""},"categories":[4],"tags":[3141,32305,6279,10812,7513,3211,80,3986,5415,21091],"class_list":["post-163859","post","type-post","status-publish","format-standard","has-post-thumbnail","hentry","category-brasil","tag-anos","tag-engano","tag-indenizacao","tag-lutador","tag-nega","tag-por","tag-preso","tag-quase","tag-seis","tag-tjrj"],"blocksy_meta":[],"yoast_head":"<!-- This site is optimized with the Yoast SEO Premium plugin v27.6 (Yoast SEO v27.6) - https:\/\/yoast.com\/product\/yoast-seo-premium-wordpress\/ -->\n<title>TJ\/RJ nega indeniza\u00e7\u00e3o a lutador preso por quase seis anos por engano - Ubirat\u00e3 Online Not\u00edcias - A realidade ao seu alcance!<\/title>\n<meta name=\"description\" content=\"Por maioria, colegiado entendeu que Estado n\u00e3o deve responder por condena\u00e7\u00e3o posteriormente anulada pelo STJ.\" \/>\n<meta name=\"robots\" content=\"index, follow, max-snippet:-1, max-image-preview:large, max-video-preview:-1\" \/>\n<link rel=\"canonical\" href=\"https:\/\/ubirataonline.com.br\/en\/tj-rj-nega-indenizacao-a-lutador-preso-por-quase-seis-anos-por-engano\/\" \/>\n<meta property=\"og:locale\" content=\"en_US\" \/>\n<meta property=\"og:type\" content=\"article\" \/>\n<meta property=\"og:title\" content=\"TJ\/RJ nega indeniza\u00e7\u00e3o a lutador preso por quase seis anos por engano\" \/>\n<meta property=\"og:description\" content=\"Por maioria, colegiado entendeu que Estado n\u00e3o deve responder por condena\u00e7\u00e3o posteriormente anulada pelo STJ.\" \/>\n<meta property=\"og:url\" content=\"https:\/\/ubirataonline.com.br\/en\/tj-rj-nega-indenizacao-a-lutador-preso-por-quase-seis-anos-por-engano\/\" \/>\n<meta property=\"og:site_name\" content=\"Ubirat\u00e3 Online Not\u00edcias - A realidade ao seu alcance!\" \/>\n<meta property=\"article:publisher\" content=\"https:\/\/www.facebook.com\/portalubirataonline\" \/>\n<meta property=\"article:author\" content=\"https:\/\/www.facebook.com\/portalubirataonline\" \/>\n<meta property=\"article:published_time\" content=\"2026-08-10T13:04:40+00:00\" \/>\n<meta property=\"article:modified_time\" content=\"2026-08-10T13:04:42+00:00\" \/>\n<meta property=\"og:image\" content=\"https:\/\/ubirataonline.com.br\/wp-content\/uploads\/2026\/08\/TJRJ-nega-indenizacao-a-lutador-preso-por-quase-seis-anos.br__SL__gf_base__SL__empresas__SL__miga__SL__imagens__SL__2026__SL__08__SL.png\" \/>\n\t<meta property=\"og:image:width\" content=\"1198\" \/>\n\t<meta property=\"og:image:height\" content=\"626\" \/>\n\t<meta property=\"og:image:type\" content=\"image\/png\" \/>\n<meta name=\"author\" content=\"REDA\u00c7\u00c3O: UBIRAT\u00c3 ONLINE - F\u00c1BIO AUGUSTO CELESTINO\" \/>\n<meta name=\"twitter:card\" content=\"summary_large_image\" \/>\n<meta name=\"twitter:creator\" content=\"@x.com\/ubirataonline\" \/>\n<meta name=\"twitter:site\" content=\"@ubirataonline\" \/>\n<meta name=\"twitter:label1\" content=\"Written by\" \/>\n\t<meta name=\"twitter:data1\" content=\"REDA\u00c7\u00c3O: UBIRAT\u00c3 ONLINE - F\u00c1BIO AUGUSTO CELESTINO\" \/>\n\t<meta name=\"twitter:label2\" content=\"Est. reading time\" \/>\n\t<meta name=\"twitter:data2\" content=\"3 minutes\" \/>\n<script type=\"application\/ld+json\" class=\"yoast-schema-graph\">{\"@context\":\"https:\\\/\\\/schema.org\",\"@graph\":[{\"@type\":\"NewsArticle\",\"@id\":\"https:\\\/\\\/ubirataonline.com.br\\\/tj-rj-nega-indenizacao-a-lutador-preso-por-quase-seis-anos-por-engano\\\/#article\",\"isPartOf\":{\"@id\":\"https:\\\/\\\/ubirataonline.com.br\\\/tj-rj-nega-indenizacao-a-lutador-preso-por-quase-seis-anos-por-engano\\\/\"},\"author\":{\"name\":\"REDA\u00c7\u00c3O: UBIRAT\u00c3 ONLINE - F\u00c1BIO AUGUSTO CELESTINO\",\"@id\":\"https:\\\/\\\/ubirataonline.com.br\\\/#\\\/schema\\\/person\\\/372f87bbd3fdd79b8556b84c98d0bc1c\"},\"headline\":\"TJ\\\/RJ nega indeniza\u00e7\u00e3o a lutador preso por quase seis anos por engano\",\"datePublished\":\"2026-08-10T13:04:40+00:00\",\"dateModified\":\"2026-08-10T13:04:42+00:00\",\"mainEntityOfPage\":{\"@id\":\"https:\\\/\\\/ubirataonline.com.br\\\/tj-rj-nega-indenizacao-a-lutador-preso-por-quase-seis-anos-por-engano\\\/\"},\"wordCount\":600,\"publisher\":{\"@id\":\"https:\\\/\\\/ubirataonline.com.br\\\/#organization\"},\"image\":{\"@id\":\"https:\\\/\\\/ubirataonline.com.br\\\/tj-rj-nega-indenizacao-a-lutador-preso-por-quase-seis-anos-por-engano\\\/#primaryimage\"},\"thumbnailUrl\":\"https:\\\/\\\/ubirataonline.com.br\\\/wp-content\\\/uploads\\\/2026\\\/08\\\/TJRJ-nega-indenizacao-a-lutador-preso-por-quase-seis-anos.br__SL__gf_base__SL__empresas__SL__miga__SL__imagens__SL__2026__SL__08__SL.png\",\"keywords\":[\"anos\",\"engano\",\"indeniza\u00e7\u00e3o\",\"Lutador\",\"nega\",\"por\",\"preso\",\"quase\",\"seis\",\"TJRJ\"],\"articleSection\":[\"Brasil\"],\"inLanguage\":\"en-US\",\"copyrightYear\":\"2026\",\"copyrightHolder\":{\"@id\":\"https:\\\/\\\/ubirataonline.com.br\\\/en\\\/#organization\"}},{\"@type\":\"WebPage\",\"@id\":\"https:\\\/\\\/ubirataonline.com.br\\\/tj-rj-nega-indenizacao-a-lutador-preso-por-quase-seis-anos-por-engano\\\/\",\"url\":\"https:\\\/\\\/ubirataonline.com.br\\\/tj-rj-nega-indenizacao-a-lutador-preso-por-quase-seis-anos-por-engano\\\/\",\"name\":\"TJ\\\/RJ nega indeniza\u00e7\u00e3o a lutador preso por quase seis anos por engano - Ubirat\u00e3 Online Not\u00edcias - A realidade ao seu alcance!\",\"isPartOf\":{\"@id\":\"https:\\\/\\\/ubirataonline.com.br\\\/#website\"},\"primaryImageOfPage\":{\"@id\":\"https:\\\/\\\/ubirataonline.com.br\\\/tj-rj-nega-indenizacao-a-lutador-preso-por-quase-seis-anos-por-engano\\\/#primaryimage\"},\"image\":{\"@id\":\"https:\\\/\\\/ubirataonline.com.br\\\/tj-rj-nega-indenizacao-a-lutador-preso-por-quase-seis-anos-por-engano\\\/#primaryimage\"},\"thumbnailUrl\":\"https:\\\/\\\/ubirataonline.com.br\\\/wp-content\\\/uploads\\\/2026\\\/08\\\/TJRJ-nega-indenizacao-a-lutador-preso-por-quase-seis-anos.br__SL__gf_base__SL__empresas__SL__miga__SL__imagens__SL__2026__SL__08__SL.png\",\"datePublished\":\"2026-08-10T13:04:40+00:00\",\"dateModified\":\"2026-08-10T13:04:42+00:00\",\"description\":\"Por maioria, colegiado entendeu que Estado n\u00e3o deve responder por condena\u00e7\u00e3o posteriormente anulada pelo STJ.\",\"breadcrumb\":{\"@id\":\"https:\\\/\\\/ubirataonline.com.br\\\/tj-rj-nega-indenizacao-a-lutador-preso-por-quase-seis-anos-por-engano\\\/#breadcrumb\"},\"inLanguage\":\"en-US\",\"potentialAction\":[{\"@type\":\"ReadAction\",\"target\":[\"https:\\\/\\\/ubirataonline.com.br\\\/tj-rj-nega-indenizacao-a-lutador-preso-por-quase-seis-anos-por-engano\\\/\"]}]},{\"@type\":\"ImageObject\",\"inLanguage\":\"en-US\",\"@id\":\"https:\\\/\\\/ubirataonline.com.br\\\/tj-rj-nega-indenizacao-a-lutador-preso-por-quase-seis-anos-por-engano\\\/#primaryimage\",\"url\":\"https:\\\/\\\/ubirataonline.com.br\\\/wp-content\\\/uploads\\\/2026\\\/08\\\/TJRJ-nega-indenizacao-a-lutador-preso-por-quase-seis-anos.br__SL__gf_base__SL__empresas__SL__miga__SL__imagens__SL__2026__SL__08__SL.png\",\"contentUrl\":\"https:\\\/\\\/ubirataonline.com.br\\\/wp-content\\\/uploads\\\/2026\\\/08\\\/TJRJ-nega-indenizacao-a-lutador-preso-por-quase-seis-anos.br__SL__gf_base__SL__empresas__SL__miga__SL__imagens__SL__2026__SL__08__SL.png\",\"width\":1198,\"height\":626,\"caption\":\"TJ\\\/RJ nega indeniza\u00e7\u00e3o a lutador preso por quase seis anos por engano\"},{\"@type\":\"BreadcrumbList\",\"@id\":\"https:\\\/\\\/ubirataonline.com.br\\\/tj-rj-nega-indenizacao-a-lutador-preso-por-quase-seis-anos-por-engano\\\/#breadcrumb\",\"itemListElement\":[{\"@type\":\"ListItem\",\"position\":1,\"name\":\"In\u00edcio\",\"item\":\"https:\\\/\\\/ubirataonline.com.br\\\/\"},{\"@type\":\"ListItem\",\"position\":2,\"name\":\"TJ\\\/RJ nega indeniza\u00e7\u00e3o a lutador preso por quase seis anos por engano\"}]},{\"@type\":\"WebSite\",\"@id\":\"https:\\\/\\\/ubirataonline.com.br\\\/#website\",\"url\":\"https:\\\/\\\/ubirataonline.com.br\\\/\",\"name\":\"Ubirat\u00e3 Online Not\u00edcias\",\"description\":\"Not\u00edcias de Ubirat\u00e3, regi\u00e3o, Brasil e mundo, com informa\u00e7\u00e3o atualizada e compromisso com o leitor.\",\"publisher\":{\"@id\":\"https:\\\/\\\/ubirataonline.com.br\\\/#organization\"},\"alternateName\":\"Ubirat\u00e3 Online\",\"potentialAction\":[{\"@type\":\"SearchAction\",\"target\":{\"@type\":\"EntryPoint\",\"urlTemplate\":\"https:\\\/\\\/ubirataonline.com.br\\\/?s={search_term_string}\"},\"query-input\":{\"@type\":\"PropertyValueSpecification\",\"valueRequired\":true,\"valueName\":\"search_term_string\"}}],\"inLanguage\":\"en-US\"},{\"@type\":[\"Organization\",\"Place\"],\"@id\":\"https:\\\/\\\/ubirataonline.com.br\\\/#organization\",\"name\":\"Ubirat\u00e3 Online Not\u00edcias\",\"alternateName\":\"Ubirat\u00e3 Online\",\"url\":\"https:\\\/\\\/ubirataonline.com.br\\\/\",\"logo\":{\"@id\":\"https:\\\/\\\/ubirataonline.com.br\\\/tj-rj-nega-indenizacao-a-lutador-preso-por-quase-seis-anos-por-engano\\\/#local-main-organization-logo\"},\"image\":{\"@id\":\"https:\\\/\\\/ubirataonline.com.br\\\/tj-rj-nega-indenizacao-a-lutador-preso-por-quase-seis-anos-por-engano\\\/#local-main-organization-logo\"},\"sameAs\":[\"https:\\\/\\\/www.facebook.com\\\/portalubirataonline\",\"https:\\\/\\\/x.com\\\/ubirataonline\",\"https:\\\/\\\/mastodon.social\\\/@ubirataonline\",\"https:\\\/\\\/www.facebook.com\\\/groups\\\/311144672285604\",\"https:\\\/\\\/www.facebook.com\\\/UBTAOnline\",\"https:\\\/\\\/www.instagram.com\\\/portalubirataonline\\\/\",\"https:\\\/\\\/twitter.com\\\/ubirataonline\"],\"description\":\"Somos um portal de not\u00edcias independente, criado em 5 de janeiro de 2009, com o objetivo de informar, conectar e valorizar a nossa comunidade de Ubirat\u00e3 e toda aregi\u00e3o. Com conte\u00fado atualizado, confi\u00e1vel e relevante, o Ubirat\u00e3 Online \u00e9 o seu espa\u00e7o para ficar por dentro dos principais acontecimentos locais, regionais, Brasil, Mundo e de interesse geral. Nosso compromisso \u00e9 com a verdade, a transpar\u00eancia e o respeito ao leitor.\",\"legalName\":\"UBIRATA ONLINE NOT\u00cdCIAS\",\"foundingDate\":\"2009-01-05\",\"numberOfEmployees\":{\"@type\":\"QuantitativeValue\",\"minValue\":\"1\",\"maxValue\":\"10\"},\"publishingPrinciples\":\"https:\\\/\\\/ubirataonline.com.br\\\/faq\\\/\",\"address\":{\"@id\":\"https:\\\/\\\/ubirataonline.com.br\\\/tj-rj-nega-indenizacao-a-lutador-preso-por-quase-seis-anos-por-engano\\\/#local-main-place-address\"},\"geo\":{\"@type\":\"GeoCoordinates\",\"latitude\":\"-24.5361401\",\"longitude\":\"-52.9921776\"},\"telephone\":[\"+5544998308235\"],\"contactPoint\":{\"@type\":\"ContactPoint\",\"email\":\"contato@ubirataonline.com.br\"},\"openingHoursSpecification\":{\"@type\":\"OpeningHoursSpecification\",\"dayOfWeek\":[\"Monday\",\"Tuesday\",\"Wednesday\",\"Thursday\",\"Friday\",\"Saturday\",\"Sunday\"],\"opens\":\"00:00\",\"closes\":\"23:59\"},\"email\":\"contato@ubirataonline.com.br\",\"vatID\":\"47.621.418\\\/0001-80\"},{\"@type\":\"Person\",\"@id\":\"https:\\\/\\\/ubirataonline.com.br\\\/#\\\/schema\\\/person\\\/372f87bbd3fdd79b8556b84c98d0bc1c\",\"name\":\"REDA\u00c7\u00c3O: UBIRAT\u00c3 ONLINE - F\u00c1BIO AUGUSTO CELESTINO\",\"pronouns\":\"Ele\",\"description\":\"Desde 2003 trabalhando com not\u00edcias.\",\"sameAs\":[\"http:\\\/\\\/ubirataoline.com.br\",\"https:\\\/\\\/www.facebook.com\\\/portalubirataonline\",\"https:\\\/\\\/www.instagram.com\\\/ubirataonline_oficial\",\"https:\\\/\\\/x.com\\\/x.com\\\/ubirataonline\"],\"honorificPrefix\":\"Mr.\",\"honorificSuffix\":\"MD\",\"birthDate\":\"1980-06-16\",\"gender\":\"masculino\",\"award\":[\"V\u00e1rios pr\u00eamios de melhor portal da cidade\"],\"jobTitle\":\"Diretor\",\"url\":\"https:\\\/\\\/ubirataonline.com.br\\\/en\\\/author\\\/ubirataonline\\\/\"},{\"@type\":\"PostalAddress\",\"@id\":\"https:\\\/\\\/ubirataonline.com.br\\\/tj-rj-nega-indenizacao-a-lutador-preso-por-quase-seis-anos-por-engano\\\/#local-main-place-address\",\"streetAddress\":\"Rua dos Coqueiros, 104 - Bairro Boa Vista, Rua dos Coqueiros, 104 Bairro Boa Vista\",\"addressLocality\":\"UBIRATA\",\"postalCode\":\"85440-000\",\"addressRegion\":\"PR\",\"addressCountry\":\"BR\"},{\"@type\":\"ImageObject\",\"inLanguage\":\"en-US\",\"@id\":\"https:\\\/\\\/ubirataonline.com.br\\\/tj-rj-nega-indenizacao-a-lutador-preso-por-quase-seis-anos-por-engano\\\/#local-main-organization-logo\",\"url\":\"https:\\\/\\\/ubirataonline.com.br\\\/wp-content\\\/uploads\\\/2026\\\/06\\\/logoubirataonline-1.webp\",\"contentUrl\":\"https:\\\/\\\/ubirataonline.com.br\\\/wp-content\\\/uploads\\\/2026\\\/06\\\/logoubirataonline-1.webp\",\"width\":500,\"height\":500,\"caption\":\"Ubirat\u00e3 Online Not\u00edcias\"}]}<\/script>\n<meta name=\"geo.placename\" content=\"UBIRATA\" \/>\n<meta name=\"geo.position\" content=\"-24.5361401;-52.9921776\" \/>\n<meta name=\"geo.region\" content=\"Brazil\" \/>\n<!-- \/ Yoast SEO Premium plugin. -->","yoast_head_json":{"title":"TJ\/RJ nega indeniza\u00e7\u00e3o a lutador preso por quase seis anos por engano - Ubirat\u00e3 Online Not\u00edcias - A realidade ao seu alcance!","description":"Por maioria, colegiado entendeu que Estado n\u00e3o deve responder por condena\u00e7\u00e3o posteriormente anulada pelo STJ.","robots":{"index":"index","follow":"follow","max-snippet":"max-snippet:-1","max-image-preview":"max-image-preview:large","max-video-preview":"max-video-preview:-1"},"canonical":"https:\/\/ubirataonline.com.br\/en\/tj-rj-nega-indenizacao-a-lutador-preso-por-quase-seis-anos-por-engano\/","og_locale":"en_US","og_type":"article","og_title":"TJ\/RJ nega indeniza\u00e7\u00e3o a lutador preso por quase seis anos por engano","og_description":"Por maioria, colegiado entendeu que Estado n\u00e3o deve responder por condena\u00e7\u00e3o posteriormente anulada pelo STJ.","og_url":"https:\/\/ubirataonline.com.br\/en\/tj-rj-nega-indenizacao-a-lutador-preso-por-quase-seis-anos-por-engano\/","og_site_name":"Ubirat\u00e3 Online Not\u00edcias - A realidade ao seu alcance!","article_publisher":"https:\/\/www.facebook.com\/portalubirataonline","article_author":"https:\/\/www.facebook.com\/portalubirataonline","article_published_time":"2026-08-10T13:04:40+00:00","article_modified_time":"2026-08-10T13:04:42+00:00","og_image":[{"width":1198,"height":626,"url":"https:\/\/ubirataonline.com.br\/wp-content\/uploads\/2026\/08\/TJRJ-nega-indenizacao-a-lutador-preso-por-quase-seis-anos.br__SL__gf_base__SL__empresas__SL__miga__SL__imagens__SL__2026__SL__08__SL.png","type":"image\/png"}],"author":"REDA\u00c7\u00c3O: UBIRAT\u00c3 ONLINE - F\u00c1BIO AUGUSTO CELESTINO","twitter_card":"summary_large_image","twitter_creator":"@x.com\/ubirataonline","twitter_site":"@ubirataonline","twitter_misc":{"Written by":"REDA\u00c7\u00c3O: UBIRAT\u00c3 ONLINE - F\u00c1BIO AUGUSTO CELESTINO","Est. reading time":"3 minutes"},"schema":{"@context":"https:\/\/schema.org","@graph":[{"@type":"NewsArticle","@id":"https:\/\/ubirataonline.com.br\/tj-rj-nega-indenizacao-a-lutador-preso-por-quase-seis-anos-por-engano\/#article","isPartOf":{"@id":"https:\/\/ubirataonline.com.br\/tj-rj-nega-indenizacao-a-lutador-preso-por-quase-seis-anos-por-engano\/"},"author":{"name":"REDA\u00c7\u00c3O: UBIRAT\u00c3 ONLINE - F\u00c1BIO AUGUSTO CELESTINO","@id":"https:\/\/ubirataonline.com.br\/#\/schema\/person\/372f87bbd3fdd79b8556b84c98d0bc1c"},"headline":"TJ\/RJ nega indeniza\u00e7\u00e3o a lutador preso por quase seis anos por engano","datePublished":"2026-08-10T13:04:40+00:00","dateModified":"2026-08-10T13:04:42+00:00","mainEntityOfPage":{"@id":"https:\/\/ubirataonline.com.br\/tj-rj-nega-indenizacao-a-lutador-preso-por-quase-seis-anos-por-engano\/"},"wordCount":600,"publisher":{"@id":"https:\/\/ubirataonline.com.br\/#organization"},"image":{"@id":"https:\/\/ubirataonline.com.br\/tj-rj-nega-indenizacao-a-lutador-preso-por-quase-seis-anos-por-engano\/#primaryimage"},"thumbnailUrl":"https:\/\/ubirataonline.com.br\/wp-content\/uploads\/2026\/08\/TJRJ-nega-indenizacao-a-lutador-preso-por-quase-seis-anos.br__SL__gf_base__SL__empresas__SL__miga__SL__imagens__SL__2026__SL__08__SL.png","keywords":["anos","engano","indeniza\u00e7\u00e3o","Lutador","nega","por","preso","quase","seis","TJRJ"],"articleSection":["Brasil"],"inLanguage":"en-US","copyrightYear":"2026","copyrightHolder":{"@id":"https:\/\/ubirataonline.com.br\/en\/#organization"}},{"@type":"WebPage","@id":"https:\/\/ubirataonline.com.br\/tj-rj-nega-indenizacao-a-lutador-preso-por-quase-seis-anos-por-engano\/","url":"https:\/\/ubirataonline.com.br\/tj-rj-nega-indenizacao-a-lutador-preso-por-quase-seis-anos-por-engano\/","name":"TJ\/RJ nega indeniza\u00e7\u00e3o a lutador preso por quase seis anos por engano - Ubirat\u00e3 Online Not\u00edcias - A realidade ao seu alcance!","isPartOf":{"@id":"https:\/\/ubirataonline.com.br\/#website"},"primaryImageOfPage":{"@id":"https:\/\/ubirataonline.com.br\/tj-rj-nega-indenizacao-a-lutador-preso-por-quase-seis-anos-por-engano\/#primaryimage"},"image":{"@id":"https:\/\/ubirataonline.com.br\/tj-rj-nega-indenizacao-a-lutador-preso-por-quase-seis-anos-por-engano\/#primaryimage"},"thumbnailUrl":"https:\/\/ubirataonline.com.br\/wp-content\/uploads\/2026\/08\/TJRJ-nega-indenizacao-a-lutador-preso-por-quase-seis-anos.br__SL__gf_base__SL__empresas__SL__miga__SL__imagens__SL__2026__SL__08__SL.png","datePublished":"2026-08-10T13:04:40+00:00","dateModified":"2026-08-10T13:04:42+00:00","description":"Por maioria, colegiado entendeu que Estado n\u00e3o deve responder por condena\u00e7\u00e3o posteriormente anulada pelo STJ.","breadcrumb":{"@id":"https:\/\/ubirataonline.com.br\/tj-rj-nega-indenizacao-a-lutador-preso-por-quase-seis-anos-por-engano\/#breadcrumb"},"inLanguage":"en-US","potentialAction":[{"@type":"ReadAction","target":["https:\/\/ubirataonline.com.br\/tj-rj-nega-indenizacao-a-lutador-preso-por-quase-seis-anos-por-engano\/"]}]},{"@type":"ImageObject","inLanguage":"en-US","@id":"https:\/\/ubirataonline.com.br\/tj-rj-nega-indenizacao-a-lutador-preso-por-quase-seis-anos-por-engano\/#primaryimage","url":"https:\/\/ubirataonline.com.br\/wp-content\/uploads\/2026\/08\/TJRJ-nega-indenizacao-a-lutador-preso-por-quase-seis-anos.br__SL__gf_base__SL__empresas__SL__miga__SL__imagens__SL__2026__SL__08__SL.png","contentUrl":"https:\/\/ubirataonline.com.br\/wp-content\/uploads\/2026\/08\/TJRJ-nega-indenizacao-a-lutador-preso-por-quase-seis-anos.br__SL__gf_base__SL__empresas__SL__miga__SL__imagens__SL__2026__SL__08__SL.png","width":1198,"height":626,"caption":"TJ\/RJ nega indeniza\u00e7\u00e3o a lutador preso por quase seis anos por engano"},{"@type":"BreadcrumbList","@id":"https:\/\/ubirataonline.com.br\/tj-rj-nega-indenizacao-a-lutador-preso-por-quase-seis-anos-por-engano\/#breadcrumb","itemListElement":[{"@type":"ListItem","position":1,"name":"In\u00edcio","item":"https:\/\/ubirataonline.com.br\/"},{"@type":"ListItem","position":2,"name":"TJ\/RJ nega indeniza\u00e7\u00e3o a lutador preso por quase seis anos por engano"}]},{"@type":"WebSite","@id":"https:\/\/ubirataonline.com.br\/#website","url":"https:\/\/ubirataonline.com.br\/","name":"Ubirat\u00e3 Online Not\u00edcias","description":"Not\u00edcias de Ubirat\u00e3, regi\u00e3o, Brasil e mundo, com informa\u00e7\u00e3o atualizada e compromisso com o leitor.","publisher":{"@id":"https:\/\/ubirataonline.com.br\/#organization"},"alternateName":"Ubirat\u00e3 Online","potentialAction":[{"@type":"SearchAction","target":{"@type":"EntryPoint","urlTemplate":"https:\/\/ubirataonline.com.br\/?s={search_term_string}"},"query-input":{"@type":"PropertyValueSpecification","valueRequired":true,"valueName":"search_term_string"}}],"inLanguage":"en-US"},{"@type":["Organization","Place"],"@id":"https:\/\/ubirataonline.com.br\/#organization","name":"Ubirat\u00e3 Online Not\u00edcias","alternateName":"Ubirat\u00e3 Online","url":"https:\/\/ubirataonline.com.br\/","logo":{"@id":"https:\/\/ubirataonline.com.br\/tj-rj-nega-indenizacao-a-lutador-preso-por-quase-seis-anos-por-engano\/#local-main-organization-logo"},"image":{"@id":"https:\/\/ubirataonline.com.br\/tj-rj-nega-indenizacao-a-lutador-preso-por-quase-seis-anos-por-engano\/#local-main-organization-logo"},"sameAs":["https:\/\/www.facebook.com\/portalubirataonline","https:\/\/x.com\/ubirataonline","https:\/\/mastodon.social\/@ubirataonline","https:\/\/www.facebook.com\/groups\/311144672285604","https:\/\/www.facebook.com\/UBTAOnline","https:\/\/www.instagram.com\/portalubirataonline\/","https:\/\/twitter.com\/ubirataonline"],"description":"Somos um portal de not\u00edcias independente, criado em 5 de janeiro de 2009, com o objetivo de informar, conectar e valorizar a nossa comunidade de Ubirat\u00e3 e toda aregi\u00e3o. Com conte\u00fado atualizado, confi\u00e1vel e relevante, o Ubirat\u00e3 Online \u00e9 o seu espa\u00e7o para ficar por dentro dos principais acontecimentos locais, regionais, Brasil, Mundo e de interesse geral. Nosso compromisso \u00e9 com a verdade, a transpar\u00eancia e o respeito ao leitor.","legalName":"UBIRATA ONLINE NOT\u00cdCIAS","foundingDate":"2009-01-05","numberOfEmployees":{"@type":"QuantitativeValue","minValue":"1","maxValue":"10"},"publishingPrinciples":"https:\/\/ubirataonline.com.br\/faq\/","address":{"@id":"https:\/\/ubirataonline.com.br\/tj-rj-nega-indenizacao-a-lutador-preso-por-quase-seis-anos-por-engano\/#local-main-place-address"},"geo":{"@type":"GeoCoordinates","latitude":"-24.5361401","longitude":"-52.9921776"},"telephone":["+5544998308235"],"contactPoint":{"@type":"ContactPoint","email":"contato@ubirataonline.com.br"},"openingHoursSpecification":{"@type":"OpeningHoursSpecification","dayOfWeek":["Monday","Tuesday","Wednesday","Thursday","Friday","Saturday","Sunday"],"opens":"00:00","closes":"23:59"},"email":"contato@ubirataonline.com.br","vatID":"47.621.418\/0001-80"},{"@type":"Person","@id":"https:\/\/ubirataonline.com.br\/#\/schema\/person\/372f87bbd3fdd79b8556b84c98d0bc1c","name":"REDA\u00c7\u00c3O: UBIRAT\u00c3 ONLINE - F\u00c1BIO AUGUSTO CELESTINO","pronouns":"Ele","description":"Desde 2003 trabalhando com not\u00edcias.","sameAs":["http:\/\/ubirataoline.com.br","https:\/\/www.facebook.com\/portalubirataonline","https:\/\/www.instagram.com\/ubirataonline_oficial","https:\/\/x.com\/x.com\/ubirataonline"],"honorificPrefix":"Mr.","honorificSuffix":"MD","birthDate":"1980-06-16","gender":"masculino","award":["V\u00e1rios pr\u00eamios de melhor portal da cidade"],"jobTitle":"Diretor","url":"https:\/\/ubirataonline.com.br\/en\/author\/ubirataonline\/"},{"@type":"PostalAddress","@id":"https:\/\/ubirataonline.com.br\/tj-rj-nega-indenizacao-a-lutador-preso-por-quase-seis-anos-por-engano\/#local-main-place-address","streetAddress":"Rua dos Coqueiros, 104 - Bairro Boa Vista, Rua dos Coqueiros, 104 Bairro Boa Vista","addressLocality":"UBIRATA","postalCode":"85440-000","addressRegion":"PR","addressCountry":"BR"},{"@type":"ImageObject","inLanguage":"en-US","@id":"https:\/\/ubirataonline.com.br\/tj-rj-nega-indenizacao-a-lutador-preso-por-quase-seis-anos-por-engano\/#local-main-organization-logo","url":"https:\/\/ubirataonline.com.br\/wp-content\/uploads\/2026\/06\/logoubirataonline-1.webp","contentUrl":"https:\/\/ubirataonline.com.br\/wp-content\/uploads\/2026\/06\/logoubirataonline-1.webp","width":500,"height":500,"caption":"Ubirat\u00e3 Online Not\u00edcias"}]},"geo.placename":"UBIRATA","geo.position":{"lat":"-24.5361401","long":"-52.9921776"},"geo.region":"Brazil"},"_links":{"self":[{"href":"https:\/\/ubirataonline.com.br\/en\/wp-json\/wp\/v2\/posts\/163859","targetHints":{"allow":["GET"]}}],"collection":[{"href":"https:\/\/ubirataonline.com.br\/en\/wp-json\/wp\/v2\/posts"}],"about":[{"href":"https:\/\/ubirataonline.com.br\/en\/wp-json\/wp\/v2\/types\/post"}],"author":[{"embeddable":true,"href":"https:\/\/ubirataonline.com.br\/en\/wp-json\/wp\/v2\/users\/1"}],"replies":[{"embeddable":true,"href":"https:\/\/ubirataonline.com.br\/en\/wp-json\/wp\/v2\/comments?post=163859"}],"version-history":[{"count":1,"href":"https:\/\/ubirataonline.com.br\/en\/wp-json\/wp\/v2\/posts\/163859\/revisions"}],"predecessor-version":[{"id":163861,"href":"https:\/\/ubirataonline.com.br\/en\/wp-json\/wp\/v2\/posts\/163859\/revisions\/163861"}],"wp:featuredmedia":[{"embeddable":true,"href":"https:\/\/ubirataonline.com.br\/en\/wp-json\/wp\/v2\/media\/163860"}],"wp:attachment":[{"href":"https:\/\/ubirataonline.com.br\/en\/wp-json\/wp\/v2\/media?parent=163859"}],"wp:term":[{"taxonomy":"category","embeddable":true,"href":"https:\/\/ubirataonline.com.br\/en\/wp-json\/wp\/v2\/categories?post=163859"},{"taxonomy":"post_tag","embeddable":true,"href":"https:\/\/ubirataonline.com.br\/en\/wp-json\/wp\/v2\/tags?post=163859"}],"curies":[{"name":"wp","href":"https:\/\/api.w.org\/{rel}","templated":true}]}}