{"id":163922,"date":"2026-08-10T13:04:33","date_gmt":"2026-08-10T16:04:33","guid":{"rendered":"https:\/\/ubirataonline.com.br\/mulher-e-resgatada-de-carcere-privado-com-monitoramento-por-cameras-e-redes-sociais-em-colombo-parana\/"},"modified":"2026-08-10T13:35:26","modified_gmt":"2026-08-10T16:35:26","slug":"mulher-resgatada-carcere-privado-colombo","status":"publish","type":"post","link":"https:\/\/ubirataonline.com.br\/en\/mulher-resgatada-carcere-privado-colombo\/","title":{"rendered":"Mulher \u00e9 resgatada de c\u00e1rcere privado com monitoramento por c\u00e2meras e redes sociais em Colombo, Paran\u00e1"},"content":{"rendered":"<p>Uma mulher de 27 anos foi resgatada pela Pol\u00edcia Militar de uma situa\u00e7\u00e3o de c\u00e1rcere privado em Colombo, na Regi\u00e3o Metropolitana de Curitiba, onde vivia sob vigil\u00e2ncia constante do companheiro. Segundo o relato da v\u00edtima, ela era monitorada por c\u00e2meras de seguran\u00e7a instaladas na resid\u00eancia, tinha suas redes sociais controladas e n\u00e3o podia escolher as pr\u00f3prias roupas.<\/p>\n<p>A pris\u00e3o em flagrante do suspeito aconteceu na tarde de sexta-feira (7), ap\u00f3s a v\u00edtima conseguir enviar um pedido de ajuda via e-mail para a Ouvidoria da Mulher de Colombo, servi\u00e7o rec\u00e9m-criado para apoio a casos de viol\u00eancia dom\u00e9stica.<\/p>\n<h3>Controle e agress\u00f5es em casa vigiada por c\u00e2meras<\/h3>\n<p>De acordo com o depoimento da v\u00edtima \u00e0 pol\u00edcia, a resid\u00eancia contava com tr\u00eas c\u00e2meras: uma na entrada, outra no corredor e uma terceira direcionada para a porta dos fundos. As janelas possu\u00edam grades de ferro e somente o companheiro tinha a chave da porta, restringindo a liberdade da mulher. Al\u00e9m disso, ele quebrava seus celulares e monitorava suas liga\u00e7\u00f5es e redes sociais.<\/p>\n<p>Ela declarou que era impedida de sair da casa e sofreu agress\u00f5es f\u00edsicas, inclusive com a filha prematura de dois meses no colo. As agress\u00f5es ocorreram tamb\u00e9m na frente da filha do agressor, de 10 anos. A v\u00edtima relatou amea\u00e7as que ocorreram durante a gravidez.<\/p>\n<h3>Den\u00fancia encaminhada a servi\u00e7os de prote\u00e7\u00e3o<\/h3>\n<p>O pedido de socorro enviado \u00e0 Ouvidoria da Mulher foi recebido por uma psic\u00f3loga do programa Rede Delas, que conseguiu manter contato com a v\u00edtima e acionou a Patrulha Maria da Penha para atendimento presencial. A mulher foi encontrada abalada e confirmou \u00e0 pol\u00edcia que estava sendo mantida em c\u00e1rcere privado.<\/p>\n<h3>Pris\u00f5es e medidas protetivas<\/h3>\n<p>O homem, que j\u00e1 possu\u00eda registros anteriores por viol\u00eancia dom\u00e9stica e amea\u00e7a nos anos de 2020 e 2022, foi autuado por c\u00e1rcere privado, dano e viol\u00eancia psicol\u00f3gica. O Minist\u00e9rio P\u00fablico solicitou \u00e0 Justi\u00e7a a convers\u00e3o da pris\u00e3o em flagrante em preventiva.<\/p>\n<p>A mulher e seu filho de quatro meses foram retirados da resid\u00eancia e levados a um local seguro, onde recebem atendimento e acolhimento especializados. Tamb\u00e9m foram solicitadas medidas protetivas de urg\u00eancia para garantir a seguran\u00e7a da v\u00edtima e da crian\u00e7a.<\/p>\n<h2>Frequently asked questions<\/h2>\n<h3>Como a v\u00edtima p\u00f4de pedir ajuda se estava monitorada?<\/h3>\n<p>A v\u00edtima utilizou um e-mail para enviar a den\u00fancia \u00e0 Ouvidoria da Mulher de Colombo, evitando o uso de aplicativos e redes sociais que eram controlados pelo companheiro.<\/p>\n<h3>Quais foram as medidas tomadas ap\u00f3s o resgate da mulher?<\/h3>\n<p>O agressor foi preso em flagrante e o Minist\u00e9rio P\u00fablico pediu a pris\u00e3o preventiva dele. A v\u00edtima e seu filho foram encaminhados para um local seguro com acompanhamento especializado, e foram solicitadas medidas protetivas de urg\u00eancia.<\/p>\n<h3>O companheiro j\u00e1 tinha hist\u00f3rico de viol\u00eancia?<\/h3>\n<p>Sim, ele possu\u00eda registros anteriores de viol\u00eancia dom\u00e9stica e amea\u00e7a registrados em 2020 e 2022, incluindo casos em que medidas protetivas j\u00e1 haviam sido concedidas contra ele.<\/p>\n\n\n<figure class=\"wp-block-embed is-type-wp-embed is-provider-ubirat-online-not-cias-a-realidade-ao-seu-alcance wp-block-embed-ubirat-online-not-cias-a-realidade-ao-seu-alcance\"><div class=\"wp-block-embed__wrapper\">\n<blockquote class=\"wp-embedded-content\" data-secret=\"N1FiBmPUi2\"><a href=\"https:\/\/ubirataonline.com.br\/en\/mulher-mantem-namorado-ferido-em-carcere-privado-se-eu-for-presa-eu-vou-te-matar\/\">Mulher mant\u00e9m namorado ferido em c\u00e1rcere privado: \u201cSe eu for presa, eu vou te matar\u201d<\/a><\/blockquote><iframe loading=\"lazy\" class=\"wp-embedded-content\" sandbox=\"allow-scripts\" security=\"restricted\" style=\"position: absolute; visibility: hidden;\" title=\"\u201cMulher mant\u00e9m namorado ferido em c\u00e1rcere privado: \u201cSe eu for presa, eu vou te matar\u201d\u201d \u2014 Ubirat\u00e3 Online Not\u00edcias - A realidade ao seu alcance!\" src=\"https:\/\/ubirataonline.com.br\/mulher-mantem-namorado-ferido-em-carcere-privado-se-eu-for-presa-eu-vou-te-matar\/embed\/#?secret=R4GarrVp0C#?secret=N1FiBmPUi2\" data-secret=\"N1FiBmPUi2\" width=\"600\" height=\"338\" frameborder=\"0\" marginwidth=\"0\" marginheight=\"0\" scrolling=\"no\"><\/iframe>\n<\/div><\/figure>","protected":false},"excerpt":{"rendered":"<p>Uma mulher de 27 anos foi resgatada pela Pol\u00edcia Militar de uma situa\u00e7\u00e3o de c\u00e1rcere privado em Colombo, na Regi\u00e3o Metropolitana de Curitiba, onde vivia sob vigil\u00e2ncia constante do companheiro. Segundo o relato da v\u00edtima, ela era monitorada por c\u00e2meras de seguran\u00e7a instaladas na resid\u00eancia, tinha suas redes sociais controladas e n\u00e3o podia escolher as [&hellip;]<\/p>\n","protected":false},"author":1,"featured_media":163923,"comment_status":"closed","ping_status":"closed","sticky":false,"template":"","format":"standard","meta":{"googlesitekit_rrm_CAow2JLhCw:productID":"","_gspb_post_css":"","maa_idioma":"","maa_pais":"","footnotes":""},"categories":[43088],"tags":[44037,3755,43322,44040,1911,44039,44038],"class_list":["post-163922","post","type-post","status-publish","format-standard","has-post-thumbnail","hentry","category-parana","tag-carcere-privado","tag-colombo","tag-noticias-parana","tag-patrulha-maria-da-penha","tag-policia-militar","tag-seguranca-da-mulher","tag-violencia-domestica"],"blocksy_meta":[],"yoast_head":"<!-- This site is optimized with the Yoast SEO Premium plugin v27.6 (Yoast SEO v27.6) - https:\/\/yoast.com\/product\/yoast-seo-premium-wordpress\/ -->\n<title>Mulher \u00e9 resgatada de c\u00e1rcere privado com monitoramento por c\u00e2meras e redes sociais em Colombo, Paran\u00e1 - Ubirat\u00e3 Online Not\u00edcias - A realidade ao seu alcance!<\/title>\n<meta name=\"description\" content=\"Mulher \u00e9 resgatada de c\u00e1rcere privado em Colombo, PR. Ela era monitorada por c\u00e2meras e redes sociais pelo companheiro. Saiba como a den\u00fancia foi feita.\" \/>\n<meta name=\"robots\" content=\"index, follow, max-snippet:-1, max-image-preview:large, max-video-preview:-1\" \/>\n<link rel=\"canonical\" href=\"https:\/\/ubirataonline.com.br\/en\/mulher-resgatada-carcere-privado-colombo\/\" \/>\n<meta property=\"og:locale\" content=\"en_US\" \/>\n<meta property=\"og:type\" content=\"article\" \/>\n<meta property=\"og:title\" content=\"Mulher \u00e9 resgatada de c\u00e1rcere privado com monitoramento por c\u00e2meras e redes sociais em Colombo, Paran\u00e1\" \/>\n<meta property=\"og:description\" content=\"Mulher \u00e9 resgatada de c\u00e1rcere privado em Colombo, PR. Ela era monitorada por c\u00e2meras e redes sociais pelo companheiro. Saiba como a den\u00fancia foi feita.\" \/>\n<meta property=\"og:url\" content=\"https:\/\/ubirataonline.com.br\/en\/mulher-resgatada-carcere-privado-colombo\/\" \/>\n<meta property=\"og:site_name\" content=\"Ubirat\u00e3 Online Not\u00edcias - A realidade ao seu alcance!\" \/>\n<meta property=\"article:publisher\" content=\"https:\/\/www.facebook.com\/portalubirataonline\" \/>\n<meta property=\"article:author\" content=\"https:\/\/www.facebook.com\/portalubirataonline\" \/>\n<meta property=\"article:published_time\" content=\"2026-08-10T16:04:33+00:00\" \/>\n<meta property=\"article:modified_time\" content=\"2026-08-10T16:35:26+00:00\" \/>\n<meta property=\"og:image\" content=\"https:\/\/ubirataonline.com.br\/wp-content\/uploads\/2026\/08\/maaimg-post-163922-20260810-160458.webp\" \/>\n\t<meta property=\"og:image:width\" content=\"1536\" \/>\n\t<meta property=\"og:image:height\" content=\"1024\" \/>\n\t<meta property=\"og:image:type\" content=\"image\/webp\" \/>\n<meta name=\"author\" content=\"REDA\u00c7\u00c3O: UBIRAT\u00c3 ONLINE - F\u00c1BIO AUGUSTO CELESTINO\" \/>\n<meta name=\"twitter:card\" content=\"summary_large_image\" \/>\n<meta name=\"twitter:creator\" content=\"@x.com\/ubirataonline\" \/>\n<meta name=\"twitter:site\" content=\"@ubirataonline\" \/>\n<meta name=\"twitter:label1\" content=\"Written by\" \/>\n\t<meta name=\"twitter:data1\" content=\"REDA\u00c7\u00c3O: UBIRAT\u00c3 ONLINE - F\u00c1BIO AUGUSTO CELESTINO\" \/>\n\t<meta name=\"twitter:label2\" content=\"Est. reading time\" \/>\n\t<meta name=\"twitter:data2\" content=\"3 minutes\" \/>\n<script type=\"application\/ld+json\" class=\"yoast-schema-graph\">{\"@context\":\"https:\\\/\\\/schema.org\",\"@graph\":[{\"@type\":\"NewsArticle\",\"@id\":\"https:\\\/\\\/ubirataonline.com.br\\\/mulher-resgatada-carcere-privado-colombo\\\/#article\",\"isPartOf\":{\"@id\":\"https:\\\/\\\/ubirataonline.com.br\\\/mulher-resgatada-carcere-privado-colombo\\\/\"},\"author\":{\"name\":\"REDA\u00c7\u00c3O: UBIRAT\u00c3 ONLINE - F\u00c1BIO AUGUSTO CELESTINO\",\"@id\":\"https:\\\/\\\/ubirataonline.com.br\\\/#\\\/schema\\\/person\\\/372f87bbd3fdd79b8556b84c98d0bc1c\"},\"headline\":\"Mulher \u00e9 resgatada de c\u00e1rcere privado com monitoramento por c\u00e2meras e redes sociais em Colombo, Paran\u00e1\",\"datePublished\":\"2026-08-10T16:04:33+00:00\",\"dateModified\":\"2026-08-10T16:35:26+00:00\",\"mainEntityOfPage\":{\"@id\":\"https:\\\/\\\/ubirataonline.com.br\\\/mulher-resgatada-carcere-privado-colombo\\\/\"},\"wordCount\":559,\"publisher\":{\"@id\":\"https:\\\/\\\/ubirataonline.com.br\\\/#organization\"},\"image\":{\"@id\":\"https:\\\/\\\/ubirataonline.com.br\\\/mulher-resgatada-carcere-privado-colombo\\\/#primaryimage\"},\"thumbnailUrl\":\"https:\\\/\\\/ubirataonline.com.br\\\/wp-content\\\/uploads\\\/2026\\\/08\\\/maaimg-post-163922-20260810-160458.webp\",\"keywords\":[\"c\u00e1rcere privado\",\"Colombo\",\"not\u00edcias Paran\u00e1\",\"Patrulha Maria da Penha\",\"Pol\u00edcia Militar\",\"seguran\u00e7a da mulher\",\"viol\u00eancia dom\u00e9stica\"],\"articleSection\":[\"Paran\u00e1\"],\"inLanguage\":\"en-US\",\"copyrightYear\":\"2026\",\"copyrightHolder\":{\"@id\":\"https:\\\/\\\/ubirataonline.com.br\\\/en\\\/#organization\"}},{\"@type\":\"WebPage\",\"@id\":\"https:\\\/\\\/ubirataonline.com.br\\\/mulher-resgatada-carcere-privado-colombo\\\/\",\"url\":\"https:\\\/\\\/ubirataonline.com.br\\\/mulher-resgatada-carcere-privado-colombo\\\/\",\"name\":\"Mulher \u00e9 resgatada de c\u00e1rcere privado com monitoramento por c\u00e2meras e redes sociais em Colombo, Paran\u00e1 - Ubirat\u00e3 Online Not\u00edcias - A realidade ao seu alcance!\",\"isPartOf\":{\"@id\":\"https:\\\/\\\/ubirataonline.com.br\\\/#website\"},\"primaryImageOfPage\":{\"@id\":\"https:\\\/\\\/ubirataonline.com.br\\\/mulher-resgatada-carcere-privado-colombo\\\/#primaryimage\"},\"image\":{\"@id\":\"https:\\\/\\\/ubirataonline.com.br\\\/mulher-resgatada-carcere-privado-colombo\\\/#primaryimage\"},\"thumbnailUrl\":\"https:\\\/\\\/ubirataonline.com.br\\\/wp-content\\\/uploads\\\/2026\\\/08\\\/maaimg-post-163922-20260810-160458.webp\",\"datePublished\":\"2026-08-10T16:04:33+00:00\",\"dateModified\":\"2026-08-10T16:35:26+00:00\",\"description\":\"Mulher \u00e9 resgatada de c\u00e1rcere privado em Colombo, PR. Ela era monitorada por c\u00e2meras e redes sociais pelo companheiro. Saiba como a den\u00fancia foi feita.\",\"breadcrumb\":{\"@id\":\"https:\\\/\\\/ubirataonline.com.br\\\/mulher-resgatada-carcere-privado-colombo\\\/#breadcrumb\"},\"inLanguage\":\"en-US\",\"potentialAction\":[{\"@type\":\"ReadAction\",\"target\":[\"https:\\\/\\\/ubirataonline.com.br\\\/mulher-resgatada-carcere-privado-colombo\\\/\"]}]},{\"@type\":\"ImageObject\",\"inLanguage\":\"en-US\",\"@id\":\"https:\\\/\\\/ubirataonline.com.br\\\/mulher-resgatada-carcere-privado-colombo\\\/#primaryimage\",\"url\":\"https:\\\/\\\/ubirataonline.com.br\\\/wp-content\\\/uploads\\\/2026\\\/08\\\/maaimg-post-163922-20260810-160458.webp\",\"contentUrl\":\"https:\\\/\\\/ubirataonline.com.br\\\/wp-content\\\/uploads\\\/2026\\\/08\\\/maaimg-post-163922-20260810-160458.webp\",\"width\":1536,\"height\":1024,\"caption\":\"Imagem representando mulher \u00e9 resgatada c\u00e1rcere com monitoramento por c\u00e2meras e redes sociais\"},{\"@type\":\"BreadcrumbList\",\"@id\":\"https:\\\/\\\/ubirataonline.com.br\\\/mulher-resgatada-carcere-privado-colombo\\\/#breadcrumb\",\"itemListElement\":[{\"@type\":\"ListItem\",\"position\":1,\"name\":\"In\u00edcio\",\"item\":\"https:\\\/\\\/ubirataonline.com.br\\\/\"},{\"@type\":\"ListItem\",\"position\":2,\"name\":\"Mulher \u00e9 resgatada de c\u00e1rcere privado com monitoramento por c\u00e2meras e redes sociais em Colombo, Paran\u00e1\"}]},{\"@type\":\"WebSite\",\"@id\":\"https:\\\/\\\/ubirataonline.com.br\\\/#website\",\"url\":\"https:\\\/\\\/ubirataonline.com.br\\\/\",\"name\":\"Ubirat\u00e3 Online Not\u00edcias\",\"description\":\"Not\u00edcias de Ubirat\u00e3, regi\u00e3o, Brasil e mundo, com informa\u00e7\u00e3o atualizada e compromisso com o leitor.\",\"publisher\":{\"@id\":\"https:\\\/\\\/ubirataonline.com.br\\\/#organization\"},\"alternateName\":\"Ubirat\u00e3 Online\",\"potentialAction\":[{\"@type\":\"SearchAction\",\"target\":{\"@type\":\"EntryPoint\",\"urlTemplate\":\"https:\\\/\\\/ubirataonline.com.br\\\/?s={search_term_string}\"},\"query-input\":{\"@type\":\"PropertyValueSpecification\",\"valueRequired\":true,\"valueName\":\"search_term_string\"}}],\"inLanguage\":\"en-US\"},{\"@type\":[\"Organization\",\"Place\"],\"@id\":\"https:\\\/\\\/ubirataonline.com.br\\\/#organization\",\"name\":\"Ubirat\u00e3 Online Not\u00edcias\",\"alternateName\":\"Ubirat\u00e3 Online\",\"url\":\"https:\\\/\\\/ubirataonline.com.br\\\/\",\"logo\":{\"@id\":\"https:\\\/\\\/ubirataonline.com.br\\\/mulher-resgatada-carcere-privado-colombo\\\/#local-main-organization-logo\"},\"image\":{\"@id\":\"https:\\\/\\\/ubirataonline.com.br\\\/mulher-resgatada-carcere-privado-colombo\\\/#local-main-organization-logo\"},\"sameAs\":[\"https:\\\/\\\/www.facebook.com\\\/portalubirataonline\",\"https:\\\/\\\/x.com\\\/ubirataonline\",\"https:\\\/\\\/mastodon.social\\\/@ubirataonline\",\"https:\\\/\\\/www.facebook.com\\\/groups\\\/311144672285604\",\"https:\\\/\\\/www.facebook.com\\\/UBTAOnline\",\"https:\\\/\\\/www.instagram.com\\\/portalubirataonline\\\/\",\"https:\\\/\\\/twitter.com\\\/ubirataonline\"],\"description\":\"Somos um portal de not\u00edcias independente, criado em 5 de janeiro de 2009, com o objetivo de informar, conectar e valorizar a nossa comunidade de Ubirat\u00e3 e toda aregi\u00e3o. Com conte\u00fado atualizado, confi\u00e1vel e relevante, o Ubirat\u00e3 Online \u00e9 o seu espa\u00e7o para ficar por dentro dos principais acontecimentos locais, regionais, Brasil, Mundo e de interesse geral. Nosso compromisso \u00e9 com a verdade, a transpar\u00eancia e o respeito ao leitor.\",\"legalName\":\"UBIRATA ONLINE NOT\u00cdCIAS\",\"foundingDate\":\"2009-01-05\",\"numberOfEmployees\":{\"@type\":\"QuantitativeValue\",\"minValue\":\"1\",\"maxValue\":\"10\"},\"publishingPrinciples\":\"https:\\\/\\\/ubirataonline.com.br\\\/faq\\\/\",\"address\":{\"@id\":\"https:\\\/\\\/ubirataonline.com.br\\\/mulher-resgatada-carcere-privado-colombo\\\/#local-main-place-address\"},\"geo\":{\"@type\":\"GeoCoordinates\",\"latitude\":\"-24.5361401\",\"longitude\":\"-52.9921776\"},\"telephone\":[\"+5544998308235\"],\"contactPoint\":{\"@type\":\"ContactPoint\",\"email\":\"contato@ubirataonline.com.br\"},\"openingHoursSpecification\":{\"@type\":\"OpeningHoursSpecification\",\"dayOfWeek\":[\"Monday\",\"Tuesday\",\"Wednesday\",\"Thursday\",\"Friday\",\"Saturday\",\"Sunday\"],\"opens\":\"00:00\",\"closes\":\"23:59\"},\"email\":\"contato@ubirataonline.com.br\",\"vatID\":\"47.621.418\\\/0001-80\"},{\"@type\":\"Person\",\"@id\":\"https:\\\/\\\/ubirataonline.com.br\\\/#\\\/schema\\\/person\\\/372f87bbd3fdd79b8556b84c98d0bc1c\",\"name\":\"REDA\u00c7\u00c3O: UBIRAT\u00c3 ONLINE - F\u00c1BIO AUGUSTO CELESTINO\",\"pronouns\":\"Ele\",\"description\":\"Desde 2003 trabalhando com not\u00edcias.\",\"sameAs\":[\"http:\\\/\\\/ubirataoline.com.br\",\"https:\\\/\\\/www.facebook.com\\\/portalubirataonline\",\"https:\\\/\\\/www.instagram.com\\\/ubirataonline_oficial\",\"https:\\\/\\\/x.com\\\/x.com\\\/ubirataonline\"],\"honorificPrefix\":\"Mr.\",\"honorificSuffix\":\"MD\",\"birthDate\":\"1980-06-16\",\"gender\":\"masculino\",\"award\":[\"V\u00e1rios pr\u00eamios de melhor portal da cidade\"],\"jobTitle\":\"Diretor\",\"url\":\"https:\\\/\\\/ubirataonline.com.br\\\/en\\\/author\\\/ubirataonline\\\/\"},{\"@type\":\"PostalAddress\",\"@id\":\"https:\\\/\\\/ubirataonline.com.br\\\/mulher-resgatada-carcere-privado-colombo\\\/#local-main-place-address\",\"streetAddress\":\"Rua dos Coqueiros, 104 - Bairro Boa Vista, Rua dos Coqueiros, 104 Bairro Boa Vista\",\"addressLocality\":\"UBIRATA\",\"postalCode\":\"85440-000\",\"addressRegion\":\"PR\",\"addressCountry\":\"BR\"},{\"@type\":\"ImageObject\",\"inLanguage\":\"en-US\",\"@id\":\"https:\\\/\\\/ubirataonline.com.br\\\/mulher-resgatada-carcere-privado-colombo\\\/#local-main-organization-logo\",\"url\":\"https:\\\/\\\/ubirataonline.com.br\\\/wp-content\\\/uploads\\\/2026\\\/06\\\/logoubirataonline-1.webp\",\"contentUrl\":\"https:\\\/\\\/ubirataonline.com.br\\\/wp-content\\\/uploads\\\/2026\\\/06\\\/logoubirataonline-1.webp\",\"width\":500,\"height\":500,\"caption\":\"Ubirat\u00e3 Online Not\u00edcias\"}]}<\/script>\n<meta name=\"geo.placename\" content=\"UBIRATA\" \/>\n<meta name=\"geo.position\" content=\"-24.5361401;-52.9921776\" \/>\n<meta name=\"geo.region\" content=\"Brazil\" \/>\n<!-- \/ Yoast SEO Premium plugin. -->","yoast_head_json":{"title":"Mulher \u00e9 resgatada de c\u00e1rcere privado com monitoramento por c\u00e2meras e redes sociais em Colombo, Paran\u00e1 - Ubirat\u00e3 Online Not\u00edcias - A realidade ao seu alcance!","description":"Mulher \u00e9 resgatada de c\u00e1rcere privado em Colombo, PR. Ela era monitorada por c\u00e2meras e redes sociais pelo companheiro. Saiba como a den\u00fancia foi feita.","robots":{"index":"index","follow":"follow","max-snippet":"max-snippet:-1","max-image-preview":"max-image-preview:large","max-video-preview":"max-video-preview:-1"},"canonical":"https:\/\/ubirataonline.com.br\/en\/mulher-resgatada-carcere-privado-colombo\/","og_locale":"en_US","og_type":"article","og_title":"Mulher \u00e9 resgatada de c\u00e1rcere privado com monitoramento por c\u00e2meras e redes sociais em Colombo, Paran\u00e1","og_description":"Mulher \u00e9 resgatada de c\u00e1rcere privado em Colombo, PR. Ela era monitorada por c\u00e2meras e redes sociais pelo companheiro. Saiba como a den\u00fancia foi feita.","og_url":"https:\/\/ubirataonline.com.br\/en\/mulher-resgatada-carcere-privado-colombo\/","og_site_name":"Ubirat\u00e3 Online Not\u00edcias - A realidade ao seu alcance!","article_publisher":"https:\/\/www.facebook.com\/portalubirataonline","article_author":"https:\/\/www.facebook.com\/portalubirataonline","article_published_time":"2026-08-10T16:04:33+00:00","article_modified_time":"2026-08-10T16:35:26+00:00","og_image":[{"width":1536,"height":1024,"url":"https:\/\/ubirataonline.com.br\/wp-content\/uploads\/2026\/08\/maaimg-post-163922-20260810-160458.webp","type":"image\/webp"}],"author":"REDA\u00c7\u00c3O: UBIRAT\u00c3 ONLINE - F\u00c1BIO AUGUSTO CELESTINO","twitter_card":"summary_large_image","twitter_creator":"@x.com\/ubirataonline","twitter_site":"@ubirataonline","twitter_misc":{"Written by":"REDA\u00c7\u00c3O: UBIRAT\u00c3 ONLINE - F\u00c1BIO AUGUSTO CELESTINO","Est. reading time":"3 minutes"},"schema":{"@context":"https:\/\/schema.org","@graph":[{"@type":"NewsArticle","@id":"https:\/\/ubirataonline.com.br\/mulher-resgatada-carcere-privado-colombo\/#article","isPartOf":{"@id":"https:\/\/ubirataonline.com.br\/mulher-resgatada-carcere-privado-colombo\/"},"author":{"name":"REDA\u00c7\u00c3O: UBIRAT\u00c3 ONLINE - F\u00c1BIO AUGUSTO CELESTINO","@id":"https:\/\/ubirataonline.com.br\/#\/schema\/person\/372f87bbd3fdd79b8556b84c98d0bc1c"},"headline":"Mulher \u00e9 resgatada de c\u00e1rcere privado com monitoramento por c\u00e2meras e redes sociais em Colombo, Paran\u00e1","datePublished":"2026-08-10T16:04:33+00:00","dateModified":"2026-08-10T16:35:26+00:00","mainEntityOfPage":{"@id":"https:\/\/ubirataonline.com.br\/mulher-resgatada-carcere-privado-colombo\/"},"wordCount":559,"publisher":{"@id":"https:\/\/ubirataonline.com.br\/#organization"},"image":{"@id":"https:\/\/ubirataonline.com.br\/mulher-resgatada-carcere-privado-colombo\/#primaryimage"},"thumbnailUrl":"https:\/\/ubirataonline.com.br\/wp-content\/uploads\/2026\/08\/maaimg-post-163922-20260810-160458.webp","keywords":["c\u00e1rcere privado","Colombo","not\u00edcias Paran\u00e1","Patrulha Maria da Penha","Pol\u00edcia Militar","seguran\u00e7a da mulher","viol\u00eancia dom\u00e9stica"],"articleSection":["Paran\u00e1"],"inLanguage":"en-US","copyrightYear":"2026","copyrightHolder":{"@id":"https:\/\/ubirataonline.com.br\/en\/#organization"}},{"@type":"WebPage","@id":"https:\/\/ubirataonline.com.br\/mulher-resgatada-carcere-privado-colombo\/","url":"https:\/\/ubirataonline.com.br\/mulher-resgatada-carcere-privado-colombo\/","name":"Mulher \u00e9 resgatada de c\u00e1rcere privado com monitoramento por c\u00e2meras e redes sociais em Colombo, Paran\u00e1 - Ubirat\u00e3 Online Not\u00edcias - A realidade ao seu alcance!","isPartOf":{"@id":"https:\/\/ubirataonline.com.br\/#website"},"primaryImageOfPage":{"@id":"https:\/\/ubirataonline.com.br\/mulher-resgatada-carcere-privado-colombo\/#primaryimage"},"image":{"@id":"https:\/\/ubirataonline.com.br\/mulher-resgatada-carcere-privado-colombo\/#primaryimage"},"thumbnailUrl":"https:\/\/ubirataonline.com.br\/wp-content\/uploads\/2026\/08\/maaimg-post-163922-20260810-160458.webp","datePublished":"2026-08-10T16:04:33+00:00","dateModified":"2026-08-10T16:35:26+00:00","description":"Mulher \u00e9 resgatada de c\u00e1rcere privado em Colombo, PR. Ela era monitorada por c\u00e2meras e redes sociais pelo companheiro. Saiba como a den\u00fancia foi feita.","breadcrumb":{"@id":"https:\/\/ubirataonline.com.br\/mulher-resgatada-carcere-privado-colombo\/#breadcrumb"},"inLanguage":"en-US","potentialAction":[{"@type":"ReadAction","target":["https:\/\/ubirataonline.com.br\/mulher-resgatada-carcere-privado-colombo\/"]}]},{"@type":"ImageObject","inLanguage":"en-US","@id":"https:\/\/ubirataonline.com.br\/mulher-resgatada-carcere-privado-colombo\/#primaryimage","url":"https:\/\/ubirataonline.com.br\/wp-content\/uploads\/2026\/08\/maaimg-post-163922-20260810-160458.webp","contentUrl":"https:\/\/ubirataonline.com.br\/wp-content\/uploads\/2026\/08\/maaimg-post-163922-20260810-160458.webp","width":1536,"height":1024,"caption":"Imagem representando mulher \u00e9 resgatada c\u00e1rcere com monitoramento por c\u00e2meras e redes sociais"},{"@type":"BreadcrumbList","@id":"https:\/\/ubirataonline.com.br\/mulher-resgatada-carcere-privado-colombo\/#breadcrumb","itemListElement":[{"@type":"ListItem","position":1,"name":"In\u00edcio","item":"https:\/\/ubirataonline.com.br\/"},{"@type":"ListItem","position":2,"name":"Mulher \u00e9 resgatada de c\u00e1rcere privado com monitoramento por c\u00e2meras e redes sociais em Colombo, Paran\u00e1"}]},{"@type":"WebSite","@id":"https:\/\/ubirataonline.com.br\/#website","url":"https:\/\/ubirataonline.com.br\/","name":"Ubirat\u00e3 Online Not\u00edcias","description":"Not\u00edcias de Ubirat\u00e3, regi\u00e3o, Brasil e mundo, com informa\u00e7\u00e3o atualizada e compromisso com o leitor.","publisher":{"@id":"https:\/\/ubirataonline.com.br\/#organization"},"alternateName":"Ubirat\u00e3 Online","potentialAction":[{"@type":"SearchAction","target":{"@type":"EntryPoint","urlTemplate":"https:\/\/ubirataonline.com.br\/?s={search_term_string}"},"query-input":{"@type":"PropertyValueSpecification","valueRequired":true,"valueName":"search_term_string"}}],"inLanguage":"en-US"},{"@type":["Organization","Place"],"@id":"https:\/\/ubirataonline.com.br\/#organization","name":"Ubirat\u00e3 Online Not\u00edcias","alternateName":"Ubirat\u00e3 Online","url":"https:\/\/ubirataonline.com.br\/","logo":{"@id":"https:\/\/ubirataonline.com.br\/mulher-resgatada-carcere-privado-colombo\/#local-main-organization-logo"},"image":{"@id":"https:\/\/ubirataonline.com.br\/mulher-resgatada-carcere-privado-colombo\/#local-main-organization-logo"},"sameAs":["https:\/\/www.facebook.com\/portalubirataonline","https:\/\/x.com\/ubirataonline","https:\/\/mastodon.social\/@ubirataonline","https:\/\/www.facebook.com\/groups\/311144672285604","https:\/\/www.facebook.com\/UBTAOnline","https:\/\/www.instagram.com\/portalubirataonline\/","https:\/\/twitter.com\/ubirataonline"],"description":"Somos um portal de not\u00edcias independente, criado em 5 de janeiro de 2009, com o objetivo de informar, conectar e valorizar a nossa comunidade de Ubirat\u00e3 e toda aregi\u00e3o. Com conte\u00fado atualizado, confi\u00e1vel e relevante, o Ubirat\u00e3 Online \u00e9 o seu espa\u00e7o para ficar por dentro dos principais acontecimentos locais, regionais, Brasil, Mundo e de interesse geral. Nosso compromisso \u00e9 com a verdade, a transpar\u00eancia e o respeito ao leitor.","legalName":"UBIRATA ONLINE NOT\u00cdCIAS","foundingDate":"2009-01-05","numberOfEmployees":{"@type":"QuantitativeValue","minValue":"1","maxValue":"10"},"publishingPrinciples":"https:\/\/ubirataonline.com.br\/faq\/","address":{"@id":"https:\/\/ubirataonline.com.br\/mulher-resgatada-carcere-privado-colombo\/#local-main-place-address"},"geo":{"@type":"GeoCoordinates","latitude":"-24.5361401","longitude":"-52.9921776"},"telephone":["+5544998308235"],"contactPoint":{"@type":"ContactPoint","email":"contato@ubirataonline.com.br"},"openingHoursSpecification":{"@type":"OpeningHoursSpecification","dayOfWeek":["Monday","Tuesday","Wednesday","Thursday","Friday","Saturday","Sunday"],"opens":"00:00","closes":"23:59"},"email":"contato@ubirataonline.com.br","vatID":"47.621.418\/0001-80"},{"@type":"Person","@id":"https:\/\/ubirataonline.com.br\/#\/schema\/person\/372f87bbd3fdd79b8556b84c98d0bc1c","name":"REDA\u00c7\u00c3O: UBIRAT\u00c3 ONLINE - F\u00c1BIO AUGUSTO CELESTINO","pronouns":"Ele","description":"Desde 2003 trabalhando com not\u00edcias.","sameAs":["http:\/\/ubirataoline.com.br","https:\/\/www.facebook.com\/portalubirataonline","https:\/\/www.instagram.com\/ubirataonline_oficial","https:\/\/x.com\/x.com\/ubirataonline"],"honorificPrefix":"Mr.","honorificSuffix":"MD","birthDate":"1980-06-16","gender":"masculino","award":["V\u00e1rios pr\u00eamios de melhor portal da cidade"],"jobTitle":"Diretor","url":"https:\/\/ubirataonline.com.br\/en\/author\/ubirataonline\/"},{"@type":"PostalAddress","@id":"https:\/\/ubirataonline.com.br\/mulher-resgatada-carcere-privado-colombo\/#local-main-place-address","streetAddress":"Rua dos Coqueiros, 104 - Bairro Boa Vista, Rua dos Coqueiros, 104 Bairro Boa Vista","addressLocality":"UBIRATA","postalCode":"85440-000","addressRegion":"PR","addressCountry":"BR"},{"@type":"ImageObject","inLanguage":"en-US","@id":"https:\/\/ubirataonline.com.br\/mulher-resgatada-carcere-privado-colombo\/#local-main-organization-logo","url":"https:\/\/ubirataonline.com.br\/wp-content\/uploads\/2026\/06\/logoubirataonline-1.webp","contentUrl":"https:\/\/ubirataonline.com.br\/wp-content\/uploads\/2026\/06\/logoubirataonline-1.webp","width":500,"height":500,"caption":"Ubirat\u00e3 Online Not\u00edcias"}]},"geo.placename":"UBIRATA","geo.position":{"lat":"-24.5361401","long":"-52.9921776"},"geo.region":"Brazil"},"_links":{"self":[{"href":"https:\/\/ubirataonline.com.br\/en\/wp-json\/wp\/v2\/posts\/163922","targetHints":{"allow":["GET"]}}],"collection":[{"href":"https:\/\/ubirataonline.com.br\/en\/wp-json\/wp\/v2\/posts"}],"about":[{"href":"https:\/\/ubirataonline.com.br\/en\/wp-json\/wp\/v2\/types\/post"}],"author":[{"embeddable":true,"href":"https:\/\/ubirataonline.com.br\/en\/wp-json\/wp\/v2\/users\/1"}],"replies":[{"embeddable":true,"href":"https:\/\/ubirataonline.com.br\/en\/wp-json\/wp\/v2\/comments?post=163922"}],"version-history":[{"count":1,"href":"https:\/\/ubirataonline.com.br\/en\/wp-json\/wp\/v2\/posts\/163922\/revisions"}],"predecessor-version":[{"id":163937,"href":"https:\/\/ubirataonline.com.br\/en\/wp-json\/wp\/v2\/posts\/163922\/revisions\/163937"}],"wp:featuredmedia":[{"embeddable":true,"href":"https:\/\/ubirataonline.com.br\/en\/wp-json\/wp\/v2\/media\/163923"}],"wp:attachment":[{"href":"https:\/\/ubirataonline.com.br\/en\/wp-json\/wp\/v2\/media?parent=163922"}],"wp:term":[{"taxonomy":"category","embeddable":true,"href":"https:\/\/ubirataonline.com.br\/en\/wp-json\/wp\/v2\/categories?post=163922"},{"taxonomy":"post_tag","embeddable":true,"href":"https:\/\/ubirataonline.com.br\/en\/wp-json\/wp\/v2\/tags?post=163922"}],"curies":[{"name":"wp","href":"https:\/\/api.w.org\/{rel}","templated":true}]}}