{"id":163998,"date":"2026-08-10T15:35:16","date_gmt":"2026-08-10T18:35:16","guid":{"rendered":"https:\/\/ubirataonline.com.br\/mudancas-na-reforma-tributaria-exigem-cautela-na-busca-por-economia-fiscal\/"},"modified":"2026-08-10T15:35:16","modified_gmt":"2026-08-10T18:35:16","slug":"mudancas-na-reforma-tributaria-exigem-cautela-na-busca-por-economia-fiscal","status":"publish","type":"post","link":"https:\/\/ubirataonline.com.br\/en\/mudancas-na-reforma-tributaria-exigem-cautela-na-busca-por-economia-fiscal\/","title":{"rendered":"Mudan\u00e7as na Reforma Tribut\u00e1ria exigem cautela na busca por economia fiscal"},"content":{"rendered":"<p>Em meio \u00e0s transforma\u00e7\u00f5es trazidas pela Reforma Tribut\u00e1ria, a busca por reduzir a carga fiscal tem se tornado mais complexa e t\u00e9cnica. Empresas est\u00e3o buscando alternativas para antecipar vantagens financeiras diante das mudan\u00e7as, mas especialistas alertam para a necessidade de cautela para evitar riscos futuros.<\/p>\n<p>Segundo an\u00e1lise do cen\u00e1rio tribut\u00e1rio atual, que contou com fontes especializadas, o ambiente ficou mais rigoroso devido ao avan\u00e7o da fiscaliza\u00e7\u00e3o digital, cruzamento de dados e integra\u00e7\u00e3o das obriga\u00e7\u00f5es acess\u00f3rias. Isso exige que as decis\u00f5es envolvam uma an\u00e1lise t\u00e9cnica detalhada para assegurar que a economia tribut\u00e1ria seja leg\u00edtima e sustent\u00e1vel.<\/p>\n<h3>Aumento da fiscaliza\u00e7\u00e3o e seus impactos<\/h3>\n<p>Nos \u00faltimos anos, o controle fiscal se intensificou com a ado\u00e7\u00e3o de sistemas eletr\u00f4nicos mais eficientes pela Receita Federal, reduzindo o espa\u00e7o para pr\u00e1ticas fiscais que anteriormente ficavam menos vis\u00edveis. Dessa forma, a simples redu\u00e7\u00e3o de tributos sem exame da base legal e dos riscos envolvidos pode gerar custos muito maiores, como autua\u00e7\u00f5es, passivos acumulados, revis\u00f5es fiscais e impactos na reputa\u00e7\u00e3o da empresa.<\/p>\n<h3>Reforma Tribut\u00e1ria e transi\u00e7\u00e3o entre regimes<\/h3>\n<p>A Reforma Tribut\u00e1ria n\u00e3o trouxe apenas mudan\u00e7as nominais, mas instaurou uma fase de conviv\u00eancia entre diferentes regimes fiscais, exigindo revis\u00e3o de documentos, novos crit\u00e9rios de incid\u00eancia e ajustes operacionais. Essa complexidade aumentou a import\u00e2ncia do planejamento tribut\u00e1rio alinhado \u00e0 governan\u00e7a e seguran\u00e7a jur\u00eddica.<\/p>\n<h3>Planejamento tribut\u00e1rio com foco na seguran\u00e7a jur\u00eddica<\/h3>\n<p>Diego Domann, especialista citado na an\u00e1lise, destaca que o planejamento tribut\u00e1rio continua sendo uma ferramenta leg\u00edtima, mas que precisa de avalia\u00e7\u00e3o criteriosa. A diferen\u00e7a entre planejamento e exposi\u00e7\u00e3o a riscos deriva da consist\u00eancia jur\u00eddica, alinhamento operacional e an\u00e1lise dos efeitos futuros.<\/p>\n<h3>Tributa\u00e7\u00e3o al\u00e9m da economia imediata<\/h3>\n<p>O impacto tribut\u00e1rio vai al\u00e9m do valor pago ao fisco, influenciando margens, fluxo de caixa, precifica\u00e7\u00e3o e crescimento do neg\u00f3cio. Estrat\u00e9gias constru\u00eddas com bases fr\u00e1geis podem gerar problemas que ultrapassam o \u00e2mbito fiscal e afetam a sustentabilidade empresarial. Por isso, h\u00e1 um movimento crescente para que empresas integrem a an\u00e1lise tribut\u00e1ria a uma gest\u00e3o mais ampla, focada na solidez das decis\u00f5es.<\/p>\n<h2>Frequently asked questions<\/h2>\n<h3>Por que a cautela \u00e9 necess\u00e1ria na busca por economia tribut\u00e1ria?<\/h3>\n<p>Porque decis\u00f5es apressadas sem an\u00e1lise t\u00e9cnica podem gerar autua\u00e7\u00f5es, passivos fiscais e impactos financeiros superiores \u00e0 economia inicial, al\u00e9m de afetar a reputa\u00e7\u00e3o e planejamento da empresa.<\/p>\n<h3>O que mudou com a Reforma Tribut\u00e1ria em rela\u00e7\u00e3o ao planejamento fiscal?<\/h3>\n<p>A Reforma implantou uma fase de conviv\u00eancia entre regimes diferentes, novos crit\u00e9rios e ajustes operacionais, aumentando a complexidade e a necessidade de uma an\u00e1lise mais detalhada e segura.<\/p>\n<h3>Como a fiscaliza\u00e7\u00e3o digital impacta a gest\u00e3o tribut\u00e1ria?<\/h3>\n<p>O avan\u00e7o do cruzamento eletr\u00f4nico de dados e integra\u00e7\u00e3o das obriga\u00e7\u00f5es acess\u00f3rias tornou o ambiente fiscal mais rigoroso, exigindo maior consist\u00eancia jur\u00eddica e transpar\u00eancia nas estrat\u00e9gias de redu\u00e7\u00e3o de impostos.<\/p>","protected":false},"excerpt":{"rendered":"<p>Em meio \u00e0s transforma\u00e7\u00f5es trazidas pela Reforma Tribut\u00e1ria, a busca por reduzir a carga fiscal tem se tornado mais complexa e t\u00e9cnica. Empresas est\u00e3o buscando alternativas para antecipar vantagens financeiras diante das mudan\u00e7as, mas especialistas alertam para a necessidade de cautela para evitar riscos futuros. Segundo an\u00e1lise do cen\u00e1rio tribut\u00e1rio atual, que contou com fontes [&hellip;]<\/p>\n","protected":false},"author":1,"featured_media":163999,"comment_status":"","ping_status":"","sticky":false,"template":"","format":"standard","meta":{"googlesitekit_rrm_CAow2JLhCw:productID":"","_gspb_post_css":"","maa_idioma":"","maa_pais":"","footnotes":""},"categories":[4],"tags":[],"class_list":["post-163998","post","type-post","status-publish","format-standard","has-post-thumbnail","hentry","category-brasil"],"blocksy_meta":[],"yoast_head":"<!-- This site is optimized with the Yoast SEO Premium plugin v27.6 (Yoast SEO v27.6) - https:\/\/yoast.com\/product\/yoast-seo-premium-wordpress\/ -->\n<title>Mudan\u00e7as na Reforma Tribut\u00e1ria exigem cautela na busca por economia fiscal - Ubirat\u00e3 Online Not\u00edcias - A realidade ao seu alcance!<\/title>\n<meta name=\"description\" content=\"Em meio \u00e0s transforma\u00e7\u00f5es trazidas pela Reforma Tribut\u00e1ria, a busca por reduzir a carga fiscal tem se tornado mais complexa e t\u00e9cnica. Empresas est\u00e3o\" \/>\n<meta name=\"robots\" content=\"index, follow, max-snippet:-1, max-image-preview:large, max-video-preview:-1\" \/>\n<link rel=\"canonical\" href=\"https:\/\/ubirataonline.com.br\/en\/mudancas-na-reforma-tributaria-exigem-cautela-na-busca-por-economia-fiscal\/\" \/>\n<meta property=\"og:locale\" content=\"en_US\" \/>\n<meta property=\"og:type\" content=\"article\" \/>\n<meta property=\"og:title\" content=\"Mudan\u00e7as na Reforma Tribut\u00e1ria exigem cautela na busca por economia fiscal\" \/>\n<meta property=\"og:description\" content=\"Em meio \u00e0s transforma\u00e7\u00f5es trazidas pela Reforma Tribut\u00e1ria, a busca por reduzir a carga fiscal tem se tornado mais complexa e t\u00e9cnica. Empresas est\u00e3o\" \/>\n<meta property=\"og:url\" content=\"https:\/\/ubirataonline.com.br\/en\/mudancas-na-reforma-tributaria-exigem-cautela-na-busca-por-economia-fiscal\/\" \/>\n<meta property=\"og:site_name\" content=\"Ubirat\u00e3 Online Not\u00edcias - A realidade ao seu alcance!\" \/>\n<meta property=\"article:publisher\" content=\"https:\/\/www.facebook.com\/portalubirataonline\" \/>\n<meta property=\"article:author\" content=\"https:\/\/www.facebook.com\/portalubirataonline\" \/>\n<meta property=\"article:published_time\" content=\"2026-08-10T18:35:16+00:00\" \/>\n<meta property=\"og:image\" content=\"https:\/\/ubirataonline.com.br\/wp-content\/uploads\/2026\/05\/logo2026.webp\" \/>\n\t<meta property=\"og:image:width\" content=\"1531\" \/>\n\t<meta property=\"og:image:height\" content=\"418\" \/>\n\t<meta property=\"og:image:type\" content=\"image\/webp\" \/>\n<meta name=\"author\" content=\"REDA\u00c7\u00c3O: UBIRAT\u00c3 ONLINE - F\u00c1BIO AUGUSTO CELESTINO\" \/>\n<meta name=\"twitter:card\" content=\"summary_large_image\" \/>\n<meta name=\"twitter:creator\" content=\"@x.com\/ubirataonline\" \/>\n<meta name=\"twitter:site\" content=\"@ubirataonline\" \/>\n<meta name=\"twitter:label1\" content=\"Written by\" \/>\n\t<meta name=\"twitter:data1\" content=\"REDA\u00c7\u00c3O: UBIRAT\u00c3 ONLINE - F\u00c1BIO AUGUSTO CELESTINO\" \/>\n\t<meta name=\"twitter:label2\" content=\"Est. reading time\" \/>\n\t<meta name=\"twitter:data2\" content=\"3 minutes\" \/>\n<script type=\"application\/ld+json\" class=\"yoast-schema-graph\">{\"@context\":\"https:\\\/\\\/schema.org\",\"@graph\":[{\"@type\":\"NewsArticle\",\"@id\":\"https:\\\/\\\/ubirataonline.com.br\\\/mudancas-na-reforma-tributaria-exigem-cautela-na-busca-por-economia-fiscal\\\/#article\",\"isPartOf\":{\"@id\":\"https:\\\/\\\/ubirataonline.com.br\\\/mudancas-na-reforma-tributaria-exigem-cautela-na-busca-por-economia-fiscal\\\/\"},\"author\":{\"name\":\"REDA\u00c7\u00c3O: UBIRAT\u00c3 ONLINE - F\u00c1BIO AUGUSTO CELESTINO\",\"@id\":\"https:\\\/\\\/ubirataonline.com.br\\\/#\\\/schema\\\/person\\\/372f87bbd3fdd79b8556b84c98d0bc1c\"},\"headline\":\"Mudan\u00e7as na Reforma Tribut\u00e1ria exigem cautela na busca por economia fiscal\",\"datePublished\":\"2026-08-10T18:35:16+00:00\",\"mainEntityOfPage\":{\"@id\":\"https:\\\/\\\/ubirataonline.com.br\\\/mudancas-na-reforma-tributaria-exigem-cautela-na-busca-por-economia-fiscal\\\/\"},\"wordCount\":549,\"publisher\":{\"@id\":\"https:\\\/\\\/ubirataonline.com.br\\\/#organization\"},\"image\":{\"@id\":\"https:\\\/\\\/ubirataonline.com.br\\\/mudancas-na-reforma-tributaria-exigem-cautela-na-busca-por-economia-fiscal\\\/#primaryimage\"},\"thumbnailUrl\":\"https:\\\/\\\/ubirataonline.com.br\\\/wp-content\\\/uploads\\\/2026\\\/08\\\/maaimg-post-163998-20260810-183539.webp\",\"articleSection\":[\"Brasil\"],\"inLanguage\":\"en-US\",\"copyrightYear\":\"2026\",\"copyrightHolder\":{\"@id\":\"https:\\\/\\\/ubirataonline.com.br\\\/en\\\/#organization\"}},{\"@type\":\"WebPage\",\"@id\":\"https:\\\/\\\/ubirataonline.com.br\\\/mudancas-na-reforma-tributaria-exigem-cautela-na-busca-por-economia-fiscal\\\/\",\"url\":\"https:\\\/\\\/ubirataonline.com.br\\\/mudancas-na-reforma-tributaria-exigem-cautela-na-busca-por-economia-fiscal\\\/\",\"name\":\"Mudan\u00e7as na Reforma Tribut\u00e1ria exigem cautela na busca por economia fiscal - Ubirat\u00e3 Online Not\u00edcias - A realidade ao seu alcance!\",\"isPartOf\":{\"@id\":\"https:\\\/\\\/ubirataonline.com.br\\\/#website\"},\"primaryImageOfPage\":{\"@id\":\"https:\\\/\\\/ubirataonline.com.br\\\/mudancas-na-reforma-tributaria-exigem-cautela-na-busca-por-economia-fiscal\\\/#primaryimage\"},\"image\":{\"@id\":\"https:\\\/\\\/ubirataonline.com.br\\\/mudancas-na-reforma-tributaria-exigem-cautela-na-busca-por-economia-fiscal\\\/#primaryimage\"},\"thumbnailUrl\":\"https:\\\/\\\/ubirataonline.com.br\\\/wp-content\\\/uploads\\\/2026\\\/08\\\/maaimg-post-163998-20260810-183539.webp\",\"datePublished\":\"2026-08-10T18:35:16+00:00\",\"description\":\"Em meio \u00e0s transforma\u00e7\u00f5es trazidas pela Reforma Tribut\u00e1ria, a busca por reduzir a carga fiscal tem se tornado mais complexa e t\u00e9cnica. Empresas est\u00e3o\",\"breadcrumb\":{\"@id\":\"https:\\\/\\\/ubirataonline.com.br\\\/mudancas-na-reforma-tributaria-exigem-cautela-na-busca-por-economia-fiscal\\\/#breadcrumb\"},\"inLanguage\":\"en-US\",\"potentialAction\":[{\"@type\":\"ReadAction\",\"target\":[\"https:\\\/\\\/ubirataonline.com.br\\\/mudancas-na-reforma-tributaria-exigem-cautela-na-busca-por-economia-fiscal\\\/\"]}]},{\"@type\":\"ImageObject\",\"inLanguage\":\"en-US\",\"@id\":\"https:\\\/\\\/ubirataonline.com.br\\\/mudancas-na-reforma-tributaria-exigem-cautela-na-busca-por-economia-fiscal\\\/#primaryimage\",\"url\":\"https:\\\/\\\/ubirataonline.com.br\\\/wp-content\\\/uploads\\\/2026\\\/08\\\/maaimg-post-163998-20260810-183539.webp\",\"contentUrl\":\"https:\\\/\\\/ubirataonline.com.br\\\/wp-content\\\/uploads\\\/2026\\\/08\\\/maaimg-post-163998-20260810-183539.webp\",\"width\":1536,\"height\":1024,\"caption\":\"Imagem conceitual sobre mudan\u00e7as reforma tribut\u00e1ria exigem cautela na economia fiscal\"},{\"@type\":\"BreadcrumbList\",\"@id\":\"https:\\\/\\\/ubirataonline.com.br\\\/mudancas-na-reforma-tributaria-exigem-cautela-na-busca-por-economia-fiscal\\\/#breadcrumb\",\"itemListElement\":[{\"@type\":\"ListItem\",\"position\":1,\"name\":\"In\u00edcio\",\"item\":\"https:\\\/\\\/ubirataonline.com.br\\\/\"},{\"@type\":\"ListItem\",\"position\":2,\"name\":\"Mudan\u00e7as na Reforma Tribut\u00e1ria exigem cautela na busca por economia fiscal\"}]},{\"@type\":\"WebSite\",\"@id\":\"https:\\\/\\\/ubirataonline.com.br\\\/#website\",\"url\":\"https:\\\/\\\/ubirataonline.com.br\\\/\",\"name\":\"Ubirat\u00e3 Online Not\u00edcias\",\"description\":\"Not\u00edcias de Ubirat\u00e3, regi\u00e3o, Brasil e mundo, com informa\u00e7\u00e3o atualizada e compromisso com o leitor.\",\"publisher\":{\"@id\":\"https:\\\/\\\/ubirataonline.com.br\\\/#organization\"},\"alternateName\":\"Ubirat\u00e3 Online\",\"potentialAction\":[{\"@type\":\"SearchAction\",\"target\":{\"@type\":\"EntryPoint\",\"urlTemplate\":\"https:\\\/\\\/ubirataonline.com.br\\\/?s={search_term_string}\"},\"query-input\":{\"@type\":\"PropertyValueSpecification\",\"valueRequired\":true,\"valueName\":\"search_term_string\"}}],\"inLanguage\":\"en-US\"},{\"@type\":[\"Organization\",\"Place\"],\"@id\":\"https:\\\/\\\/ubirataonline.com.br\\\/#organization\",\"name\":\"Ubirat\u00e3 Online Not\u00edcias\",\"alternateName\":\"Ubirat\u00e3 Online\",\"url\":\"https:\\\/\\\/ubirataonline.com.br\\\/\",\"logo\":{\"@id\":\"https:\\\/\\\/ubirataonline.com.br\\\/mudancas-na-reforma-tributaria-exigem-cautela-na-busca-por-economia-fiscal\\\/#local-main-organization-logo\"},\"image\":{\"@id\":\"https:\\\/\\\/ubirataonline.com.br\\\/mudancas-na-reforma-tributaria-exigem-cautela-na-busca-por-economia-fiscal\\\/#local-main-organization-logo\"},\"sameAs\":[\"https:\\\/\\\/www.facebook.com\\\/portalubirataonline\",\"https:\\\/\\\/x.com\\\/ubirataonline\",\"https:\\\/\\\/mastodon.social\\\/@ubirataonline\",\"https:\\\/\\\/www.facebook.com\\\/groups\\\/311144672285604\",\"https:\\\/\\\/www.facebook.com\\\/UBTAOnline\",\"https:\\\/\\\/www.instagram.com\\\/portalubirataonline\\\/\",\"https:\\\/\\\/twitter.com\\\/ubirataonline\"],\"description\":\"Somos um portal de not\u00edcias independente, criado em 5 de janeiro de 2009, com o objetivo de informar, conectar e valorizar a nossa comunidade de Ubirat\u00e3 e toda aregi\u00e3o. Com conte\u00fado atualizado, confi\u00e1vel e relevante, o Ubirat\u00e3 Online \u00e9 o seu espa\u00e7o para ficar por dentro dos principais acontecimentos locais, regionais, Brasil, Mundo e de interesse geral. Nosso compromisso \u00e9 com a verdade, a transpar\u00eancia e o respeito ao leitor.\",\"legalName\":\"UBIRATA ONLINE NOT\u00cdCIAS\",\"foundingDate\":\"2009-01-05\",\"numberOfEmployees\":{\"@type\":\"QuantitativeValue\",\"minValue\":\"1\",\"maxValue\":\"10\"},\"publishingPrinciples\":\"https:\\\/\\\/ubirataonline.com.br\\\/faq\\\/\",\"address\":{\"@id\":\"https:\\\/\\\/ubirataonline.com.br\\\/mudancas-na-reforma-tributaria-exigem-cautela-na-busca-por-economia-fiscal\\\/#local-main-place-address\"},\"geo\":{\"@type\":\"GeoCoordinates\",\"latitude\":\"-24.5361401\",\"longitude\":\"-52.9921776\"},\"telephone\":[\"+5544998308235\"],\"contactPoint\":{\"@type\":\"ContactPoint\",\"email\":\"contato@ubirataonline.com.br\"},\"openingHoursSpecification\":{\"@type\":\"OpeningHoursSpecification\",\"dayOfWeek\":[\"Monday\",\"Tuesday\",\"Wednesday\",\"Thursday\",\"Friday\",\"Saturday\",\"Sunday\"],\"opens\":\"00:00\",\"closes\":\"23:59\"},\"email\":\"contato@ubirataonline.com.br\",\"vatID\":\"47.621.418\\\/0001-80\"},{\"@type\":\"Person\",\"@id\":\"https:\\\/\\\/ubirataonline.com.br\\\/#\\\/schema\\\/person\\\/372f87bbd3fdd79b8556b84c98d0bc1c\",\"name\":\"REDA\u00c7\u00c3O: UBIRAT\u00c3 ONLINE - F\u00c1BIO AUGUSTO CELESTINO\",\"pronouns\":\"Ele\",\"description\":\"Desde 2003 trabalhando com not\u00edcias.\",\"sameAs\":[\"http:\\\/\\\/ubirataoline.com.br\",\"https:\\\/\\\/www.facebook.com\\\/portalubirataonline\",\"https:\\\/\\\/www.instagram.com\\\/ubirataonline_oficial\",\"https:\\\/\\\/x.com\\\/x.com\\\/ubirataonline\"],\"honorificPrefix\":\"Mr.\",\"honorificSuffix\":\"MD\",\"birthDate\":\"1980-06-16\",\"gender\":\"masculino\",\"award\":[\"V\u00e1rios pr\u00eamios de melhor portal da cidade\"],\"jobTitle\":\"Diretor\",\"url\":\"https:\\\/\\\/ubirataonline.com.br\\\/en\\\/author\\\/ubirataonline\\\/\"},{\"@type\":\"PostalAddress\",\"@id\":\"https:\\\/\\\/ubirataonline.com.br\\\/mudancas-na-reforma-tributaria-exigem-cautela-na-busca-por-economia-fiscal\\\/#local-main-place-address\",\"streetAddress\":\"Rua dos Coqueiros, 104 - Bairro Boa Vista, Rua dos Coqueiros, 104 Bairro Boa Vista\",\"addressLocality\":\"UBIRATA\",\"postalCode\":\"85440-000\",\"addressRegion\":\"PR\",\"addressCountry\":\"BR\"},{\"@type\":\"ImageObject\",\"inLanguage\":\"en-US\",\"@id\":\"https:\\\/\\\/ubirataonline.com.br\\\/mudancas-na-reforma-tributaria-exigem-cautela-na-busca-por-economia-fiscal\\\/#local-main-organization-logo\",\"url\":\"https:\\\/\\\/ubirataonline.com.br\\\/wp-content\\\/uploads\\\/2026\\\/06\\\/logoubirataonline-1.webp\",\"contentUrl\":\"https:\\\/\\\/ubirataonline.com.br\\\/wp-content\\\/uploads\\\/2026\\\/06\\\/logoubirataonline-1.webp\",\"width\":500,\"height\":500,\"caption\":\"Ubirat\u00e3 Online Not\u00edcias\"}]}<\/script>\n<meta name=\"geo.placename\" content=\"UBIRATA\" \/>\n<meta name=\"geo.position\" content=\"-24.5361401;-52.9921776\" \/>\n<meta name=\"geo.region\" content=\"Brazil\" \/>\n<!-- \/ Yoast SEO Premium plugin. -->","yoast_head_json":{"title":"Mudan\u00e7as na Reforma Tribut\u00e1ria exigem cautela na busca por economia fiscal - Ubirat\u00e3 Online Not\u00edcias - A realidade ao seu alcance!","description":"Em meio \u00e0s transforma\u00e7\u00f5es trazidas pela Reforma Tribut\u00e1ria, a busca por reduzir a carga fiscal tem se tornado mais complexa e t\u00e9cnica. Empresas est\u00e3o","robots":{"index":"index","follow":"follow","max-snippet":"max-snippet:-1","max-image-preview":"max-image-preview:large","max-video-preview":"max-video-preview:-1"},"canonical":"https:\/\/ubirataonline.com.br\/en\/mudancas-na-reforma-tributaria-exigem-cautela-na-busca-por-economia-fiscal\/","og_locale":"en_US","og_type":"article","og_title":"Mudan\u00e7as na Reforma Tribut\u00e1ria exigem cautela na busca por economia fiscal","og_description":"Em meio \u00e0s transforma\u00e7\u00f5es trazidas pela Reforma Tribut\u00e1ria, a busca por reduzir a carga fiscal tem se tornado mais complexa e t\u00e9cnica. Empresas est\u00e3o","og_url":"https:\/\/ubirataonline.com.br\/en\/mudancas-na-reforma-tributaria-exigem-cautela-na-busca-por-economia-fiscal\/","og_site_name":"Ubirat\u00e3 Online Not\u00edcias - A realidade ao seu alcance!","article_publisher":"https:\/\/www.facebook.com\/portalubirataonline","article_author":"https:\/\/www.facebook.com\/portalubirataonline","article_published_time":"2026-08-10T18:35:16+00:00","og_image":[{"width":1531,"height":418,"url":"https:\/\/ubirataonline.com.br\/wp-content\/uploads\/2026\/05\/logo2026.webp","type":"image\/webp"}],"author":"REDA\u00c7\u00c3O: UBIRAT\u00c3 ONLINE - F\u00c1BIO AUGUSTO CELESTINO","twitter_card":"summary_large_image","twitter_creator":"@x.com\/ubirataonline","twitter_site":"@ubirataonline","twitter_misc":{"Written by":"REDA\u00c7\u00c3O: UBIRAT\u00c3 ONLINE - F\u00c1BIO AUGUSTO CELESTINO","Est. reading time":"3 minutes"},"schema":{"@context":"https:\/\/schema.org","@graph":[{"@type":"NewsArticle","@id":"https:\/\/ubirataonline.com.br\/mudancas-na-reforma-tributaria-exigem-cautela-na-busca-por-economia-fiscal\/#article","isPartOf":{"@id":"https:\/\/ubirataonline.com.br\/mudancas-na-reforma-tributaria-exigem-cautela-na-busca-por-economia-fiscal\/"},"author":{"name":"REDA\u00c7\u00c3O: UBIRAT\u00c3 ONLINE - F\u00c1BIO AUGUSTO CELESTINO","@id":"https:\/\/ubirataonline.com.br\/#\/schema\/person\/372f87bbd3fdd79b8556b84c98d0bc1c"},"headline":"Mudan\u00e7as na Reforma Tribut\u00e1ria exigem cautela na busca por economia fiscal","datePublished":"2026-08-10T18:35:16+00:00","mainEntityOfPage":{"@id":"https:\/\/ubirataonline.com.br\/mudancas-na-reforma-tributaria-exigem-cautela-na-busca-por-economia-fiscal\/"},"wordCount":549,"publisher":{"@id":"https:\/\/ubirataonline.com.br\/#organization"},"image":{"@id":"https:\/\/ubirataonline.com.br\/mudancas-na-reforma-tributaria-exigem-cautela-na-busca-por-economia-fiscal\/#primaryimage"},"thumbnailUrl":"https:\/\/ubirataonline.com.br\/wp-content\/uploads\/2026\/08\/maaimg-post-163998-20260810-183539.webp","articleSection":["Brasil"],"inLanguage":"en-US","copyrightYear":"2026","copyrightHolder":{"@id":"https:\/\/ubirataonline.com.br\/en\/#organization"}},{"@type":"WebPage","@id":"https:\/\/ubirataonline.com.br\/mudancas-na-reforma-tributaria-exigem-cautela-na-busca-por-economia-fiscal\/","url":"https:\/\/ubirataonline.com.br\/mudancas-na-reforma-tributaria-exigem-cautela-na-busca-por-economia-fiscal\/","name":"Mudan\u00e7as na Reforma Tribut\u00e1ria exigem cautela na busca por economia fiscal - Ubirat\u00e3 Online Not\u00edcias - A realidade ao seu alcance!","isPartOf":{"@id":"https:\/\/ubirataonline.com.br\/#website"},"primaryImageOfPage":{"@id":"https:\/\/ubirataonline.com.br\/mudancas-na-reforma-tributaria-exigem-cautela-na-busca-por-economia-fiscal\/#primaryimage"},"image":{"@id":"https:\/\/ubirataonline.com.br\/mudancas-na-reforma-tributaria-exigem-cautela-na-busca-por-economia-fiscal\/#primaryimage"},"thumbnailUrl":"https:\/\/ubirataonline.com.br\/wp-content\/uploads\/2026\/08\/maaimg-post-163998-20260810-183539.webp","datePublished":"2026-08-10T18:35:16+00:00","description":"Em meio \u00e0s transforma\u00e7\u00f5es trazidas pela Reforma Tribut\u00e1ria, a busca por reduzir a carga fiscal tem se tornado mais complexa e t\u00e9cnica. Empresas est\u00e3o","breadcrumb":{"@id":"https:\/\/ubirataonline.com.br\/mudancas-na-reforma-tributaria-exigem-cautela-na-busca-por-economia-fiscal\/#breadcrumb"},"inLanguage":"en-US","potentialAction":[{"@type":"ReadAction","target":["https:\/\/ubirataonline.com.br\/mudancas-na-reforma-tributaria-exigem-cautela-na-busca-por-economia-fiscal\/"]}]},{"@type":"ImageObject","inLanguage":"en-US","@id":"https:\/\/ubirataonline.com.br\/mudancas-na-reforma-tributaria-exigem-cautela-na-busca-por-economia-fiscal\/#primaryimage","url":"https:\/\/ubirataonline.com.br\/wp-content\/uploads\/2026\/08\/maaimg-post-163998-20260810-183539.webp","contentUrl":"https:\/\/ubirataonline.com.br\/wp-content\/uploads\/2026\/08\/maaimg-post-163998-20260810-183539.webp","width":1536,"height":1024,"caption":"Imagem conceitual sobre mudan\u00e7as reforma tribut\u00e1ria exigem cautela na economia fiscal"},{"@type":"BreadcrumbList","@id":"https:\/\/ubirataonline.com.br\/mudancas-na-reforma-tributaria-exigem-cautela-na-busca-por-economia-fiscal\/#breadcrumb","itemListElement":[{"@type":"ListItem","position":1,"name":"In\u00edcio","item":"https:\/\/ubirataonline.com.br\/"},{"@type":"ListItem","position":2,"name":"Mudan\u00e7as na Reforma Tribut\u00e1ria exigem cautela na busca por economia fiscal"}]},{"@type":"WebSite","@id":"https:\/\/ubirataonline.com.br\/#website","url":"https:\/\/ubirataonline.com.br\/","name":"Ubirat\u00e3 Online Not\u00edcias","description":"Not\u00edcias de Ubirat\u00e3, regi\u00e3o, Brasil e mundo, com informa\u00e7\u00e3o atualizada e compromisso com o leitor.","publisher":{"@id":"https:\/\/ubirataonline.com.br\/#organization"},"alternateName":"Ubirat\u00e3 Online","potentialAction":[{"@type":"SearchAction","target":{"@type":"EntryPoint","urlTemplate":"https:\/\/ubirataonline.com.br\/?s={search_term_string}"},"query-input":{"@type":"PropertyValueSpecification","valueRequired":true,"valueName":"search_term_string"}}],"inLanguage":"en-US"},{"@type":["Organization","Place"],"@id":"https:\/\/ubirataonline.com.br\/#organization","name":"Ubirat\u00e3 Online Not\u00edcias","alternateName":"Ubirat\u00e3 Online","url":"https:\/\/ubirataonline.com.br\/","logo":{"@id":"https:\/\/ubirataonline.com.br\/mudancas-na-reforma-tributaria-exigem-cautela-na-busca-por-economia-fiscal\/#local-main-organization-logo"},"image":{"@id":"https:\/\/ubirataonline.com.br\/mudancas-na-reforma-tributaria-exigem-cautela-na-busca-por-economia-fiscal\/#local-main-organization-logo"},"sameAs":["https:\/\/www.facebook.com\/portalubirataonline","https:\/\/x.com\/ubirataonline","https:\/\/mastodon.social\/@ubirataonline","https:\/\/www.facebook.com\/groups\/311144672285604","https:\/\/www.facebook.com\/UBTAOnline","https:\/\/www.instagram.com\/portalubirataonline\/","https:\/\/twitter.com\/ubirataonline"],"description":"Somos um portal de not\u00edcias independente, criado em 5 de janeiro de 2009, com o objetivo de informar, conectar e valorizar a nossa comunidade de Ubirat\u00e3 e toda aregi\u00e3o. Com conte\u00fado atualizado, confi\u00e1vel e relevante, o Ubirat\u00e3 Online \u00e9 o seu espa\u00e7o para ficar por dentro dos principais acontecimentos locais, regionais, Brasil, Mundo e de interesse geral. Nosso compromisso \u00e9 com a verdade, a transpar\u00eancia e o respeito ao leitor.","legalName":"UBIRATA ONLINE NOT\u00cdCIAS","foundingDate":"2009-01-05","numberOfEmployees":{"@type":"QuantitativeValue","minValue":"1","maxValue":"10"},"publishingPrinciples":"https:\/\/ubirataonline.com.br\/faq\/","address":{"@id":"https:\/\/ubirataonline.com.br\/mudancas-na-reforma-tributaria-exigem-cautela-na-busca-por-economia-fiscal\/#local-main-place-address"},"geo":{"@type":"GeoCoordinates","latitude":"-24.5361401","longitude":"-52.9921776"},"telephone":["+5544998308235"],"contactPoint":{"@type":"ContactPoint","email":"contato@ubirataonline.com.br"},"openingHoursSpecification":{"@type":"OpeningHoursSpecification","dayOfWeek":["Monday","Tuesday","Wednesday","Thursday","Friday","Saturday","Sunday"],"opens":"00:00","closes":"23:59"},"email":"contato@ubirataonline.com.br","vatID":"47.621.418\/0001-80"},{"@type":"Person","@id":"https:\/\/ubirataonline.com.br\/#\/schema\/person\/372f87bbd3fdd79b8556b84c98d0bc1c","name":"REDA\u00c7\u00c3O: UBIRAT\u00c3 ONLINE - F\u00c1BIO AUGUSTO CELESTINO","pronouns":"Ele","description":"Desde 2003 trabalhando com not\u00edcias.","sameAs":["http:\/\/ubirataoline.com.br","https:\/\/www.facebook.com\/portalubirataonline","https:\/\/www.instagram.com\/ubirataonline_oficial","https:\/\/x.com\/x.com\/ubirataonline"],"honorificPrefix":"Mr.","honorificSuffix":"MD","birthDate":"1980-06-16","gender":"masculino","award":["V\u00e1rios pr\u00eamios de melhor portal da cidade"],"jobTitle":"Diretor","url":"https:\/\/ubirataonline.com.br\/en\/author\/ubirataonline\/"},{"@type":"PostalAddress","@id":"https:\/\/ubirataonline.com.br\/mudancas-na-reforma-tributaria-exigem-cautela-na-busca-por-economia-fiscal\/#local-main-place-address","streetAddress":"Rua dos Coqueiros, 104 - Bairro Boa Vista, Rua dos Coqueiros, 104 Bairro Boa Vista","addressLocality":"UBIRATA","postalCode":"85440-000","addressRegion":"PR","addressCountry":"BR"},{"@type":"ImageObject","inLanguage":"en-US","@id":"https:\/\/ubirataonline.com.br\/mudancas-na-reforma-tributaria-exigem-cautela-na-busca-por-economia-fiscal\/#local-main-organization-logo","url":"https:\/\/ubirataonline.com.br\/wp-content\/uploads\/2026\/06\/logoubirataonline-1.webp","contentUrl":"https:\/\/ubirataonline.com.br\/wp-content\/uploads\/2026\/06\/logoubirataonline-1.webp","width":500,"height":500,"caption":"Ubirat\u00e3 Online Not\u00edcias"}]},"geo.placename":"UBIRATA","geo.position":{"lat":"-24.5361401","long":"-52.9921776"},"geo.region":"Brazil"},"_links":{"self":[{"href":"https:\/\/ubirataonline.com.br\/en\/wp-json\/wp\/v2\/posts\/163998","targetHints":{"allow":["GET"]}}],"collection":[{"href":"https:\/\/ubirataonline.com.br\/en\/wp-json\/wp\/v2\/posts"}],"about":[{"href":"https:\/\/ubirataonline.com.br\/en\/wp-json\/wp\/v2\/types\/post"}],"author":[{"embeddable":true,"href":"https:\/\/ubirataonline.com.br\/en\/wp-json\/wp\/v2\/users\/1"}],"replies":[{"embeddable":true,"href":"https:\/\/ubirataonline.com.br\/en\/wp-json\/wp\/v2\/comments?post=163998"}],"version-history":[{"count":0,"href":"https:\/\/ubirataonline.com.br\/en\/wp-json\/wp\/v2\/posts\/163998\/revisions"}],"wp:featuredmedia":[{"embeddable":true,"href":"https:\/\/ubirataonline.com.br\/en\/wp-json\/wp\/v2\/media\/163999"}],"wp:attachment":[{"href":"https:\/\/ubirataonline.com.br\/en\/wp-json\/wp\/v2\/media?parent=163998"}],"wp:term":[{"taxonomy":"category","embeddable":true,"href":"https:\/\/ubirataonline.com.br\/en\/wp-json\/wp\/v2\/categories?post=163998"},{"taxonomy":"post_tag","embeddable":true,"href":"https:\/\/ubirataonline.com.br\/en\/wp-json\/wp\/v2\/tags?post=163998"}],"curies":[{"name":"wp","href":"https:\/\/api.w.org\/{rel}","templated":true}]}}