{"id":164005,"date":"2026-08-10T16:00:14","date_gmt":"2026-08-10T19:00:14","guid":{"rendered":"https:\/\/ubirataonline.com.br\/sean-payton-thinks-j-k-dobbins-will-be-fine-after-injury-scare\/"},"modified":"2026-08-10T16:00:18","modified_gmt":"2026-08-10T19:00:18","slug":"sean-payton-thinks-j-k-dobbins-will-be-fine-after-injury-scare","status":"publish","type":"post","link":"https:\/\/ubirataonline.com.br\/en\/sean-payton-thinks-j-k-dobbins-will-be-fine-after-injury-scare\/","title":{"rendered":"Sean Payton thinks J.K. Dobbins will be &#8216;fine&#8217; after injury scare"},"content":{"rendered":"<p><\/p>\n<div id=\"\">\n<p><a href=\"https:\/\/broncoswire.usatoday.com\/\" rel=\"noreferrer noopener\" target=\"_blank\">Denver Broncos<\/a> running back J.K. Dobbins <a href=\"https:\/\/x.com\/HenryChisholm\/status\/2086869425362477419\" rel=\"noreferrer noopener\" target=\"_blank\">jogged off the field<\/a> into the locker room with trainers during Monday&#8217;s training camp practice. Dobbins left about midway through practice and <a href=\"https:\/\/x.com\/ParkerJGabriel\/status\/2086881226850517355\" rel=\"noreferrer noopener\" target=\"_blank\">did not return<\/a>, according to reporters on site. <a href=\"https:\/\/broncoswire.usatoday.com\/\" rel=\"noreferrer noopener\" target=\"_blank\">Broncos<\/a> coach Sean Payton was asked about Dobbins after practice.<\/p>\n<partner-banner util-module-path=\"elements\/partner\" class=\"spacer-large\" min-height=\"600\" fluid=\"\" outstream=\"\" momentum=\"\"\/>\n<p>&#8220;Soft tissue; I think he&#8217;s going to be fine,&#8221; <a href=\"https:\/\/x.com\/i\/broadcasts\/1pKdRDbggaYJW\" rel=\"noreferrer noopener\" target=\"_blank\">Payton said<\/a>. &#8220;We&#8217;re just being smart with it.&#8221;<\/p>\n<p>The team stretched after Monday&#8217;s practice ended \u2014 which isn&#8217;t typical \u2014 and Payton indicated the club has to &#8220;<a href=\"https:\/\/x.com\/AricDiLalla\/status\/2086884461669695743\" rel=\"noreferrer noopener\" target=\"_blank\">get a handle on<\/a> some of the soft tissue [injuries].&#8221;<\/p>\n<p><a data-autotag=\"80ecb2c2-c4e3-4c9a-8c53-01c0a2da3542\" href=\"https:\/\/sportsdata.usatoday.com\/football\/nfl\/teams\/denver-broncos\/332\" target=\"_blank\">Broncos<\/a> receiver Michael Bandy also <a href=\"https:\/\/x.com\/ParkerJGabriel\/status\/2086858892987044235\" rel=\"noreferrer noopener\" target=\"_blank\">left practice early<\/a> with trainers.<\/p>\n<p>Elsewhere on the injury front, cornerback Pat Surtain (unknown), wide receiver Jaylen Waddle (<a href=\"https:\/\/broncoswire.usatoday.com\/story\/sports\/nfl\/broncos\/2026\/08\/06\/broncos-injury-report-jaylen-waddle-nik-bonitto-updates\/91183900007\/\" rel=\"noreferrer noopener\" target=\"_blank\">strain<\/a>), center Luke Wattenberg (<a href=\"https:\/\/broncoswire.usatoday.com\/story\/sports\/nfl\/broncos\/2026\/08\/03\/denver-broncos-injury-report-luke-wattenberg-status\/91151338007\/\" rel=\"noreferrer noopener\" target=\"_blank\">undisclosed<\/a>), receiver Marvin Mims (<a href=\"https:\/\/broncoswire.usatoday.com\/story\/sports\/nfl\/broncos\/2026\/08\/07\/broncos-news-marvin-mims-injury-update\/91216883007\/\" rel=\"noreferrer noopener\" target=\"_blank\">unknown<\/a>), tight end Nate Adkins (undisclosed) and safety Devon Key (unknown) were among the players who <a href=\"https:\/\/x.com\/MaseDenver\/status\/2086859056954900841\" rel=\"noreferrer noopener\" target=\"_blank\">worked on a side field<\/a> on Monday. Payton has mentioned in recent days that the club will give out a lot of veteran rest days this summer, based on the data they collect using sports science. It&#8217;s unclear if Surtain or Key have injuries.<\/p>\n<p>Denver has two more days of practice scheduled this week ahead of <a href=\"https:\/\/broncoswire.usatoday.com\/story\/sports\/nfl\/broncos\/2026\/08\/10\/denver-broncos-preseason-schedule-dates-times-tv\/91233307007\/\" rel=\"noreferrer noopener\" target=\"_blank\">Friday&#8217;s preseason opener<\/a>.<\/p>\n<p><strong>Social<\/strong>: Follow\u00a0<a href=\"https:\/\/broncoswire.usatoday.com\/\">Broncos Wire<\/a>\u00a0on\u00a0<a href=\"https:\/\/www.facebook.com\/BroncosWire\/\">Facebook<\/a>\u00a0and\u00a0<a href=\"https:\/\/x.com\/thebroncoswire\">Twitter\/X<\/a>!\u00a0<strong>Did you know<\/strong>:\u00a0<a href=\"https:\/\/broncoswire.usatoday.com\/story\/sports\/nfl\/broncos\/2019\/08\/03\/denver-broncos-famous-fans-celebrities-include-paul-george-amy-adams\/79446413007\/\">These 25 celebrities are Broncos fans<\/a>.<\/p>\n<partner-banner util-module-path=\"elements\/partner\" fluid=\"\" bottom=\"\" lazy=\"\" class=\"spacer-large\" min-height=\"390\" outstream=\"\"\/><lit-timestamp class=\"column ten-column no-gutter spacer-small\" slot=\"timestamp\" publishdate=\"2026-08-10 18:42:50.465469158 +0000 UTC\" updatedate=\"2026-08-10 18:47:02.523737299 +0000 UTC\"\/><\/div>\n<p><a href=\"https:\/\/ubirataonline.com.br\/noticias\/\" target=\"_blank\" rel=\"noopener noreferrer\">Mais Not\u00edcias<\/a><\/p>\n<p><a href=\"https:\/\/ubirataonline.com.br\" target=\"_blank\" rel=\"noopener noreferrer\">Home Page &#8211; In\u00edcio<\/a><\/p>\n<p><a href=\"https:\/\/broncoswire.usatoday.com\/story\/sports\/nfl\/broncos\/2026\/08\/10\/broncos-news-jk-dobbins-injury-update\/91245988007\/\">Source link <\/a><br \/>\nSee more: <a href=\"https:\/\/theglobaltrack.com\/\" target=\"_blank\" rel=\"noopener noreferrer\">The Global Track<\/a><\/p>\n<p><a href=\"https:\/\/corinthiames.com.br\/\" target=\"_blank\" rel=\"noopener noreferrer\">Corinthia Mes<\/a><\/p>\n","protected":false},"excerpt":{"rendered":"<p>Denver Broncos running back J.K. Dobbins jogged off the field into the locker room with trainers during Monday&#8217;s training camp practice. Dobbins left about midway through practice and did not return, according to reporters on site. Broncos coach Sean Payton was asked about Dobbins after practice. &#8220;Soft tissue; I think he&#8217;s going to be fine,&#8221; [&hellip;]<\/p>\n","protected":false},"author":1,"featured_media":164006,"comment_status":"closed","ping_status":"","sticky":false,"template":"","format":"standard","meta":{"googlesitekit_rrm_CAow2JLhCw:productID":"","_gspb_post_css":"","maa_idioma":"","maa_pais":"","footnotes":""},"categories":[40158],"tags":[6403,10363,3007,44052,7857,18428,11943,8011],"class_list":["post-164005","post","type-post","status-publish","format-standard","has-post-thumbnail","hentry","category-world","tag-dobbins","tag-fine","tag-injury","tag-j-k","tag-payton","tag-scare","tag-sean","tag-thinks"],"blocksy_meta":[],"yoast_head":"<!-- This site is optimized with the Yoast SEO Premium plugin v27.6 (Yoast SEO v27.6) - https:\/\/yoast.com\/product\/yoast-seo-premium-wordpress\/ -->\n<title>Sean Payton thinks J.K. Dobbins will be &#039;fine&#039; after injury scare - Ubirat\u00e3 Online Not\u00edcias - A realidade ao seu alcance!<\/title>\n<meta name=\"description\" content=\"Denver Broncos running back J.K. Dobbins jogged off the field into the locker room with trainers during Monday&#039;s training camp practice. Dobbins left\" \/>\n<meta name=\"robots\" content=\"index, follow, max-snippet:-1, max-image-preview:large, max-video-preview:-1\" \/>\n<link rel=\"canonical\" href=\"https:\/\/ubirataonline.com.br\/en\/sean-payton-thinks-j-k-dobbins-will-be-fine-after-injury-scare\/\" \/>\n<meta property=\"og:locale\" content=\"en_US\" \/>\n<meta property=\"og:type\" content=\"article\" \/>\n<meta property=\"og:title\" content=\"Sean Payton thinks J.K. Dobbins will be &#039;fine&#039; after injury scare\" \/>\n<meta property=\"og:description\" content=\"Denver Broncos running back J.K. Dobbins jogged off the field into the locker room with trainers during Monday&#039;s training camp practice. Dobbins left\" \/>\n<meta property=\"og:url\" content=\"https:\/\/ubirataonline.com.br\/en\/sean-payton-thinks-j-k-dobbins-will-be-fine-after-injury-scare\/\" \/>\n<meta property=\"og:site_name\" content=\"Ubirat\u00e3 Online Not\u00edcias - A realidade ao seu alcance!\" \/>\n<meta property=\"article:publisher\" content=\"https:\/\/www.facebook.com\/portalubirataonline\" \/>\n<meta property=\"article:author\" content=\"https:\/\/www.facebook.com\/portalubirataonline\" \/>\n<meta property=\"article:published_time\" content=\"2026-08-10T19:00:14+00:00\" \/>\n<meta property=\"article:modified_time\" content=\"2026-08-10T19:00:18+00:00\" \/>\n<meta property=\"og:image\" content=\"https:\/\/ubirataonline.com.br\/wp-content\/uploads\/2026\/08\/Sean-Payton-thinks-JK-Dobbins-will-be-fine-after-injury.JPG\" \/>\n\t<meta property=\"og:image:width\" content=\"1200\" \/>\n\t<meta property=\"og:image:height\" content=\"675\" \/>\n\t<meta property=\"og:image:type\" content=\"image\/jpeg\" \/>\n<meta name=\"author\" content=\"REDA\u00c7\u00c3O: UBIRAT\u00c3 ONLINE - F\u00c1BIO AUGUSTO CELESTINO\" \/>\n<meta name=\"twitter:card\" content=\"summary_large_image\" \/>\n<meta name=\"twitter:creator\" content=\"@x.com\/ubirataonline\" \/>\n<meta name=\"twitter:site\" content=\"@ubirataonline\" \/>\n<meta name=\"twitter:label1\" content=\"Written by\" \/>\n\t<meta name=\"twitter:data1\" content=\"REDA\u00c7\u00c3O: UBIRAT\u00c3 ONLINE - F\u00c1BIO AUGUSTO CELESTINO\" \/>\n\t<meta name=\"twitter:label2\" content=\"Est. reading time\" \/>\n\t<meta name=\"twitter:data2\" content=\"1 minute\" \/>\n<script type=\"application\/ld+json\" class=\"yoast-schema-graph\">{\"@context\":\"https:\\\/\\\/schema.org\",\"@graph\":[{\"@type\":\"NewsArticle\",\"@id\":\"https:\\\/\\\/ubirataonline.com.br\\\/sean-payton-thinks-j-k-dobbins-will-be-fine-after-injury-scare\\\/#article\",\"isPartOf\":{\"@id\":\"https:\\\/\\\/ubirataonline.com.br\\\/sean-payton-thinks-j-k-dobbins-will-be-fine-after-injury-scare\\\/\"},\"author\":{\"name\":\"REDA\u00c7\u00c3O: UBIRAT\u00c3 ONLINE - F\u00c1BIO AUGUSTO CELESTINO\",\"@id\":\"https:\\\/\\\/ubirataonline.com.br\\\/#\\\/schema\\\/person\\\/372f87bbd3fdd79b8556b84c98d0bc1c\"},\"headline\":\"Sean Payton thinks J.K. Dobbins will be &#8216;fine&#8217; after injury scare\",\"datePublished\":\"2026-08-10T19:00:14+00:00\",\"dateModified\":\"2026-08-10T19:00:18+00:00\",\"mainEntityOfPage\":{\"@id\":\"https:\\\/\\\/ubirataonline.com.br\\\/sean-payton-thinks-j-k-dobbins-will-be-fine-after-injury-scare\\\/\"},\"wordCount\":250,\"publisher\":{\"@id\":\"https:\\\/\\\/ubirataonline.com.br\\\/#organization\"},\"image\":{\"@id\":\"https:\\\/\\\/ubirataonline.com.br\\\/sean-payton-thinks-j-k-dobbins-will-be-fine-after-injury-scare\\\/#primaryimage\"},\"thumbnailUrl\":\"https:\\\/\\\/ubirataonline.com.br\\\/wp-content\\\/uploads\\\/2026\\\/08\\\/Sean-Payton-thinks-JK-Dobbins-will-be-fine-after-injury.JPG\",\"keywords\":[\"Dobbins\",\"Fine\",\"injury\",\"J.K\",\"Payton\",\"Scare\",\"Sean\",\"Thinks\"],\"articleSection\":[\"World\"],\"inLanguage\":\"en-US\",\"copyrightYear\":\"2026\",\"copyrightHolder\":{\"@id\":\"https:\\\/\\\/ubirataonline.com.br\\\/en\\\/#organization\"}},{\"@type\":\"WebPage\",\"@id\":\"https:\\\/\\\/ubirataonline.com.br\\\/sean-payton-thinks-j-k-dobbins-will-be-fine-after-injury-scare\\\/\",\"url\":\"https:\\\/\\\/ubirataonline.com.br\\\/sean-payton-thinks-j-k-dobbins-will-be-fine-after-injury-scare\\\/\",\"name\":\"Sean Payton thinks J.K. Dobbins will be 'fine' after injury scare - Ubirat\u00e3 Online Not\u00edcias - A realidade ao seu alcance!\",\"isPartOf\":{\"@id\":\"https:\\\/\\\/ubirataonline.com.br\\\/#website\"},\"primaryImageOfPage\":{\"@id\":\"https:\\\/\\\/ubirataonline.com.br\\\/sean-payton-thinks-j-k-dobbins-will-be-fine-after-injury-scare\\\/#primaryimage\"},\"image\":{\"@id\":\"https:\\\/\\\/ubirataonline.com.br\\\/sean-payton-thinks-j-k-dobbins-will-be-fine-after-injury-scare\\\/#primaryimage\"},\"thumbnailUrl\":\"https:\\\/\\\/ubirataonline.com.br\\\/wp-content\\\/uploads\\\/2026\\\/08\\\/Sean-Payton-thinks-JK-Dobbins-will-be-fine-after-injury.JPG\",\"datePublished\":\"2026-08-10T19:00:14+00:00\",\"dateModified\":\"2026-08-10T19:00:18+00:00\",\"description\":\"Denver Broncos running back J.K. Dobbins jogged off the field into the locker room with trainers during Monday's training camp practice. Dobbins left\",\"breadcrumb\":{\"@id\":\"https:\\\/\\\/ubirataonline.com.br\\\/sean-payton-thinks-j-k-dobbins-will-be-fine-after-injury-scare\\\/#breadcrumb\"},\"inLanguage\":\"en-US\",\"potentialAction\":[{\"@type\":\"ReadAction\",\"target\":[\"https:\\\/\\\/ubirataonline.com.br\\\/sean-payton-thinks-j-k-dobbins-will-be-fine-after-injury-scare\\\/\"]}]},{\"@type\":\"ImageObject\",\"inLanguage\":\"en-US\",\"@id\":\"https:\\\/\\\/ubirataonline.com.br\\\/sean-payton-thinks-j-k-dobbins-will-be-fine-after-injury-scare\\\/#primaryimage\",\"url\":\"https:\\\/\\\/ubirataonline.com.br\\\/wp-content\\\/uploads\\\/2026\\\/08\\\/Sean-Payton-thinks-JK-Dobbins-will-be-fine-after-injury.JPG\",\"contentUrl\":\"https:\\\/\\\/ubirataonline.com.br\\\/wp-content\\\/uploads\\\/2026\\\/08\\\/Sean-Payton-thinks-JK-Dobbins-will-be-fine-after-injury.JPG\",\"width\":1200,\"height\":675,\"caption\":\"Sean Payton thinks J.K. Dobbins will be 'fine' after injury scare\"},{\"@type\":\"BreadcrumbList\",\"@id\":\"https:\\\/\\\/ubirataonline.com.br\\\/sean-payton-thinks-j-k-dobbins-will-be-fine-after-injury-scare\\\/#breadcrumb\",\"itemListElement\":[{\"@type\":\"ListItem\",\"position\":1,\"name\":\"In\u00edcio\",\"item\":\"https:\\\/\\\/ubirataonline.com.br\\\/\"},{\"@type\":\"ListItem\",\"position\":2,\"name\":\"Sean Payton thinks J.K. Dobbins will be &#8216;fine&#8217; after injury scare\"}]},{\"@type\":\"WebSite\",\"@id\":\"https:\\\/\\\/ubirataonline.com.br\\\/#website\",\"url\":\"https:\\\/\\\/ubirataonline.com.br\\\/\",\"name\":\"Ubirat\u00e3 Online Not\u00edcias\",\"description\":\"Not\u00edcias de Ubirat\u00e3, regi\u00e3o, Brasil e mundo, com informa\u00e7\u00e3o atualizada e compromisso com o leitor.\",\"publisher\":{\"@id\":\"https:\\\/\\\/ubirataonline.com.br\\\/#organization\"},\"alternateName\":\"Ubirat\u00e3 Online\",\"potentialAction\":[{\"@type\":\"SearchAction\",\"target\":{\"@type\":\"EntryPoint\",\"urlTemplate\":\"https:\\\/\\\/ubirataonline.com.br\\\/?s={search_term_string}\"},\"query-input\":{\"@type\":\"PropertyValueSpecification\",\"valueRequired\":true,\"valueName\":\"search_term_string\"}}],\"inLanguage\":\"en-US\"},{\"@type\":[\"Organization\",\"Place\"],\"@id\":\"https:\\\/\\\/ubirataonline.com.br\\\/#organization\",\"name\":\"Ubirat\u00e3 Online Not\u00edcias\",\"alternateName\":\"Ubirat\u00e3 Online\",\"url\":\"https:\\\/\\\/ubirataonline.com.br\\\/\",\"logo\":{\"@id\":\"https:\\\/\\\/ubirataonline.com.br\\\/sean-payton-thinks-j-k-dobbins-will-be-fine-after-injury-scare\\\/#local-main-organization-logo\"},\"image\":{\"@id\":\"https:\\\/\\\/ubirataonline.com.br\\\/sean-payton-thinks-j-k-dobbins-will-be-fine-after-injury-scare\\\/#local-main-organization-logo\"},\"sameAs\":[\"https:\\\/\\\/www.facebook.com\\\/portalubirataonline\",\"https:\\\/\\\/x.com\\\/ubirataonline\",\"https:\\\/\\\/mastodon.social\\\/@ubirataonline\",\"https:\\\/\\\/www.facebook.com\\\/groups\\\/311144672285604\",\"https:\\\/\\\/www.facebook.com\\\/UBTAOnline\",\"https:\\\/\\\/www.instagram.com\\\/portalubirataonline\\\/\",\"https:\\\/\\\/twitter.com\\\/ubirataonline\"],\"description\":\"Somos um portal de not\u00edcias independente, criado em 5 de janeiro de 2009, com o objetivo de informar, conectar e valorizar a nossa comunidade de Ubirat\u00e3 e toda aregi\u00e3o. Com conte\u00fado atualizado, confi\u00e1vel e relevante, o Ubirat\u00e3 Online \u00e9 o seu espa\u00e7o para ficar por dentro dos principais acontecimentos locais, regionais, Brasil, Mundo e de interesse geral. Nosso compromisso \u00e9 com a verdade, a transpar\u00eancia e o respeito ao leitor.\",\"legalName\":\"UBIRATA ONLINE NOT\u00cdCIAS\",\"foundingDate\":\"2009-01-05\",\"numberOfEmployees\":{\"@type\":\"QuantitativeValue\",\"minValue\":\"1\",\"maxValue\":\"10\"},\"publishingPrinciples\":\"https:\\\/\\\/ubirataonline.com.br\\\/faq\\\/\",\"address\":{\"@id\":\"https:\\\/\\\/ubirataonline.com.br\\\/sean-payton-thinks-j-k-dobbins-will-be-fine-after-injury-scare\\\/#local-main-place-address\"},\"geo\":{\"@type\":\"GeoCoordinates\",\"latitude\":\"-24.5361401\",\"longitude\":\"-52.9921776\"},\"telephone\":[\"+5544998308235\"],\"contactPoint\":{\"@type\":\"ContactPoint\",\"email\":\"contato@ubirataonline.com.br\"},\"openingHoursSpecification\":{\"@type\":\"OpeningHoursSpecification\",\"dayOfWeek\":[\"Monday\",\"Tuesday\",\"Wednesday\",\"Thursday\",\"Friday\",\"Saturday\",\"Sunday\"],\"opens\":\"00:00\",\"closes\":\"23:59\"},\"email\":\"contato@ubirataonline.com.br\",\"vatID\":\"47.621.418\\\/0001-80\"},{\"@type\":\"Person\",\"@id\":\"https:\\\/\\\/ubirataonline.com.br\\\/#\\\/schema\\\/person\\\/372f87bbd3fdd79b8556b84c98d0bc1c\",\"name\":\"REDA\u00c7\u00c3O: UBIRAT\u00c3 ONLINE - F\u00c1BIO AUGUSTO CELESTINO\",\"pronouns\":\"Ele\",\"description\":\"Desde 2003 trabalhando com not\u00edcias.\",\"sameAs\":[\"http:\\\/\\\/ubirataoline.com.br\",\"https:\\\/\\\/www.facebook.com\\\/portalubirataonline\",\"https:\\\/\\\/www.instagram.com\\\/ubirataonline_oficial\",\"https:\\\/\\\/x.com\\\/x.com\\\/ubirataonline\"],\"honorificPrefix\":\"Mr.\",\"honorificSuffix\":\"MD\",\"birthDate\":\"1980-06-16\",\"gender\":\"masculino\",\"award\":[\"V\u00e1rios pr\u00eamios de melhor portal da cidade\"],\"jobTitle\":\"Diretor\",\"url\":\"https:\\\/\\\/ubirataonline.com.br\\\/en\\\/author\\\/ubirataonline\\\/\"},{\"@type\":\"PostalAddress\",\"@id\":\"https:\\\/\\\/ubirataonline.com.br\\\/sean-payton-thinks-j-k-dobbins-will-be-fine-after-injury-scare\\\/#local-main-place-address\",\"streetAddress\":\"Rua dos Coqueiros, 104 - Bairro Boa Vista, Rua dos Coqueiros, 104 Bairro Boa Vista\",\"addressLocality\":\"UBIRATA\",\"postalCode\":\"85440-000\",\"addressRegion\":\"PR\",\"addressCountry\":\"BR\"},{\"@type\":\"ImageObject\",\"inLanguage\":\"en-US\",\"@id\":\"https:\\\/\\\/ubirataonline.com.br\\\/sean-payton-thinks-j-k-dobbins-will-be-fine-after-injury-scare\\\/#local-main-organization-logo\",\"url\":\"https:\\\/\\\/ubirataonline.com.br\\\/wp-content\\\/uploads\\\/2026\\\/06\\\/logoubirataonline-1.webp\",\"contentUrl\":\"https:\\\/\\\/ubirataonline.com.br\\\/wp-content\\\/uploads\\\/2026\\\/06\\\/logoubirataonline-1.webp\",\"width\":500,\"height\":500,\"caption\":\"Ubirat\u00e3 Online Not\u00edcias\"}]}<\/script>\n<meta name=\"geo.placename\" content=\"UBIRATA\" \/>\n<meta name=\"geo.position\" content=\"-24.5361401;-52.9921776\" \/>\n<meta name=\"geo.region\" content=\"Brazil\" \/>\n<!-- \/ Yoast SEO Premium plugin. -->","yoast_head_json":{"title":"Sean Payton thinks J.K. Dobbins will be 'fine' after injury scare - Ubirat\u00e3 Online Not\u00edcias - A realidade ao seu alcance!","description":"Denver Broncos running back J.K. Dobbins jogged off the field into the locker room with trainers during Monday's training camp practice. Dobbins left","robots":{"index":"index","follow":"follow","max-snippet":"max-snippet:-1","max-image-preview":"max-image-preview:large","max-video-preview":"max-video-preview:-1"},"canonical":"https:\/\/ubirataonline.com.br\/en\/sean-payton-thinks-j-k-dobbins-will-be-fine-after-injury-scare\/","og_locale":"en_US","og_type":"article","og_title":"Sean Payton thinks J.K. Dobbins will be 'fine' after injury scare","og_description":"Denver Broncos running back J.K. Dobbins jogged off the field into the locker room with trainers during Monday's training camp practice. Dobbins left","og_url":"https:\/\/ubirataonline.com.br\/en\/sean-payton-thinks-j-k-dobbins-will-be-fine-after-injury-scare\/","og_site_name":"Ubirat\u00e3 Online Not\u00edcias - A realidade ao seu alcance!","article_publisher":"https:\/\/www.facebook.com\/portalubirataonline","article_author":"https:\/\/www.facebook.com\/portalubirataonline","article_published_time":"2026-08-10T19:00:14+00:00","article_modified_time":"2026-08-10T19:00:18+00:00","og_image":[{"width":1200,"height":675,"url":"https:\/\/ubirataonline.com.br\/wp-content\/uploads\/2026\/08\/Sean-Payton-thinks-JK-Dobbins-will-be-fine-after-injury.JPG","type":"image\/jpeg"}],"author":"REDA\u00c7\u00c3O: UBIRAT\u00c3 ONLINE - F\u00c1BIO AUGUSTO CELESTINO","twitter_card":"summary_large_image","twitter_creator":"@x.com\/ubirataonline","twitter_site":"@ubirataonline","twitter_misc":{"Written by":"REDA\u00c7\u00c3O: UBIRAT\u00c3 ONLINE - F\u00c1BIO AUGUSTO CELESTINO","Est. reading time":"1 minute"},"schema":{"@context":"https:\/\/schema.org","@graph":[{"@type":"NewsArticle","@id":"https:\/\/ubirataonline.com.br\/sean-payton-thinks-j-k-dobbins-will-be-fine-after-injury-scare\/#article","isPartOf":{"@id":"https:\/\/ubirataonline.com.br\/sean-payton-thinks-j-k-dobbins-will-be-fine-after-injury-scare\/"},"author":{"name":"REDA\u00c7\u00c3O: UBIRAT\u00c3 ONLINE - F\u00c1BIO AUGUSTO CELESTINO","@id":"https:\/\/ubirataonline.com.br\/#\/schema\/person\/372f87bbd3fdd79b8556b84c98d0bc1c"},"headline":"Sean Payton thinks J.K. Dobbins will be &#8216;fine&#8217; after injury scare","datePublished":"2026-08-10T19:00:14+00:00","dateModified":"2026-08-10T19:00:18+00:00","mainEntityOfPage":{"@id":"https:\/\/ubirataonline.com.br\/sean-payton-thinks-j-k-dobbins-will-be-fine-after-injury-scare\/"},"wordCount":250,"publisher":{"@id":"https:\/\/ubirataonline.com.br\/#organization"},"image":{"@id":"https:\/\/ubirataonline.com.br\/sean-payton-thinks-j-k-dobbins-will-be-fine-after-injury-scare\/#primaryimage"},"thumbnailUrl":"https:\/\/ubirataonline.com.br\/wp-content\/uploads\/2026\/08\/Sean-Payton-thinks-JK-Dobbins-will-be-fine-after-injury.JPG","keywords":["Dobbins","Fine","injury","J.K","Payton","Scare","Sean","Thinks"],"articleSection":["World"],"inLanguage":"en-US","copyrightYear":"2026","copyrightHolder":{"@id":"https:\/\/ubirataonline.com.br\/en\/#organization"}},{"@type":"WebPage","@id":"https:\/\/ubirataonline.com.br\/sean-payton-thinks-j-k-dobbins-will-be-fine-after-injury-scare\/","url":"https:\/\/ubirataonline.com.br\/sean-payton-thinks-j-k-dobbins-will-be-fine-after-injury-scare\/","name":"Sean Payton thinks J.K. Dobbins will be 'fine' after injury scare - Ubirat\u00e3 Online Not\u00edcias - A realidade ao seu alcance!","isPartOf":{"@id":"https:\/\/ubirataonline.com.br\/#website"},"primaryImageOfPage":{"@id":"https:\/\/ubirataonline.com.br\/sean-payton-thinks-j-k-dobbins-will-be-fine-after-injury-scare\/#primaryimage"},"image":{"@id":"https:\/\/ubirataonline.com.br\/sean-payton-thinks-j-k-dobbins-will-be-fine-after-injury-scare\/#primaryimage"},"thumbnailUrl":"https:\/\/ubirataonline.com.br\/wp-content\/uploads\/2026\/08\/Sean-Payton-thinks-JK-Dobbins-will-be-fine-after-injury.JPG","datePublished":"2026-08-10T19:00:14+00:00","dateModified":"2026-08-10T19:00:18+00:00","description":"Denver Broncos running back J.K. Dobbins jogged off the field into the locker room with trainers during Monday's training camp practice. Dobbins left","breadcrumb":{"@id":"https:\/\/ubirataonline.com.br\/sean-payton-thinks-j-k-dobbins-will-be-fine-after-injury-scare\/#breadcrumb"},"inLanguage":"en-US","potentialAction":[{"@type":"ReadAction","target":["https:\/\/ubirataonline.com.br\/sean-payton-thinks-j-k-dobbins-will-be-fine-after-injury-scare\/"]}]},{"@type":"ImageObject","inLanguage":"en-US","@id":"https:\/\/ubirataonline.com.br\/sean-payton-thinks-j-k-dobbins-will-be-fine-after-injury-scare\/#primaryimage","url":"https:\/\/ubirataonline.com.br\/wp-content\/uploads\/2026\/08\/Sean-Payton-thinks-JK-Dobbins-will-be-fine-after-injury.JPG","contentUrl":"https:\/\/ubirataonline.com.br\/wp-content\/uploads\/2026\/08\/Sean-Payton-thinks-JK-Dobbins-will-be-fine-after-injury.JPG","width":1200,"height":675,"caption":"Sean Payton thinks J.K. Dobbins will be 'fine' after injury scare"},{"@type":"BreadcrumbList","@id":"https:\/\/ubirataonline.com.br\/sean-payton-thinks-j-k-dobbins-will-be-fine-after-injury-scare\/#breadcrumb","itemListElement":[{"@type":"ListItem","position":1,"name":"In\u00edcio","item":"https:\/\/ubirataonline.com.br\/"},{"@type":"ListItem","position":2,"name":"Sean Payton thinks J.K. Dobbins will be &#8216;fine&#8217; after injury scare"}]},{"@type":"WebSite","@id":"https:\/\/ubirataonline.com.br\/#website","url":"https:\/\/ubirataonline.com.br\/","name":"Ubirat\u00e3 Online Not\u00edcias","description":"Not\u00edcias de Ubirat\u00e3, regi\u00e3o, Brasil e mundo, com informa\u00e7\u00e3o atualizada e compromisso com o leitor.","publisher":{"@id":"https:\/\/ubirataonline.com.br\/#organization"},"alternateName":"Ubirat\u00e3 Online","potentialAction":[{"@type":"SearchAction","target":{"@type":"EntryPoint","urlTemplate":"https:\/\/ubirataonline.com.br\/?s={search_term_string}"},"query-input":{"@type":"PropertyValueSpecification","valueRequired":true,"valueName":"search_term_string"}}],"inLanguage":"en-US"},{"@type":["Organization","Place"],"@id":"https:\/\/ubirataonline.com.br\/#organization","name":"Ubirat\u00e3 Online Not\u00edcias","alternateName":"Ubirat\u00e3 Online","url":"https:\/\/ubirataonline.com.br\/","logo":{"@id":"https:\/\/ubirataonline.com.br\/sean-payton-thinks-j-k-dobbins-will-be-fine-after-injury-scare\/#local-main-organization-logo"},"image":{"@id":"https:\/\/ubirataonline.com.br\/sean-payton-thinks-j-k-dobbins-will-be-fine-after-injury-scare\/#local-main-organization-logo"},"sameAs":["https:\/\/www.facebook.com\/portalubirataonline","https:\/\/x.com\/ubirataonline","https:\/\/mastodon.social\/@ubirataonline","https:\/\/www.facebook.com\/groups\/311144672285604","https:\/\/www.facebook.com\/UBTAOnline","https:\/\/www.instagram.com\/portalubirataonline\/","https:\/\/twitter.com\/ubirataonline"],"description":"Somos um portal de not\u00edcias independente, criado em 5 de janeiro de 2009, com o objetivo de informar, conectar e valorizar a nossa comunidade de Ubirat\u00e3 e toda aregi\u00e3o. Com conte\u00fado atualizado, confi\u00e1vel e relevante, o Ubirat\u00e3 Online \u00e9 o seu espa\u00e7o para ficar por dentro dos principais acontecimentos locais, regionais, Brasil, Mundo e de interesse geral. Nosso compromisso \u00e9 com a verdade, a transpar\u00eancia e o respeito ao leitor.","legalName":"UBIRATA ONLINE NOT\u00cdCIAS","foundingDate":"2009-01-05","numberOfEmployees":{"@type":"QuantitativeValue","minValue":"1","maxValue":"10"},"publishingPrinciples":"https:\/\/ubirataonline.com.br\/faq\/","address":{"@id":"https:\/\/ubirataonline.com.br\/sean-payton-thinks-j-k-dobbins-will-be-fine-after-injury-scare\/#local-main-place-address"},"geo":{"@type":"GeoCoordinates","latitude":"-24.5361401","longitude":"-52.9921776"},"telephone":["+5544998308235"],"contactPoint":{"@type":"ContactPoint","email":"contato@ubirataonline.com.br"},"openingHoursSpecification":{"@type":"OpeningHoursSpecification","dayOfWeek":["Monday","Tuesday","Wednesday","Thursday","Friday","Saturday","Sunday"],"opens":"00:00","closes":"23:59"},"email":"contato@ubirataonline.com.br","vatID":"47.621.418\/0001-80"},{"@type":"Person","@id":"https:\/\/ubirataonline.com.br\/#\/schema\/person\/372f87bbd3fdd79b8556b84c98d0bc1c","name":"REDA\u00c7\u00c3O: UBIRAT\u00c3 ONLINE - F\u00c1BIO AUGUSTO CELESTINO","pronouns":"Ele","description":"Desde 2003 trabalhando com not\u00edcias.","sameAs":["http:\/\/ubirataoline.com.br","https:\/\/www.facebook.com\/portalubirataonline","https:\/\/www.instagram.com\/ubirataonline_oficial","https:\/\/x.com\/x.com\/ubirataonline"],"honorificPrefix":"Mr.","honorificSuffix":"MD","birthDate":"1980-06-16","gender":"masculino","award":["V\u00e1rios pr\u00eamios de melhor portal da cidade"],"jobTitle":"Diretor","url":"https:\/\/ubirataonline.com.br\/en\/author\/ubirataonline\/"},{"@type":"PostalAddress","@id":"https:\/\/ubirataonline.com.br\/sean-payton-thinks-j-k-dobbins-will-be-fine-after-injury-scare\/#local-main-place-address","streetAddress":"Rua dos Coqueiros, 104 - Bairro Boa Vista, Rua dos Coqueiros, 104 Bairro Boa Vista","addressLocality":"UBIRATA","postalCode":"85440-000","addressRegion":"PR","addressCountry":"BR"},{"@type":"ImageObject","inLanguage":"en-US","@id":"https:\/\/ubirataonline.com.br\/sean-payton-thinks-j-k-dobbins-will-be-fine-after-injury-scare\/#local-main-organization-logo","url":"https:\/\/ubirataonline.com.br\/wp-content\/uploads\/2026\/06\/logoubirataonline-1.webp","contentUrl":"https:\/\/ubirataonline.com.br\/wp-content\/uploads\/2026\/06\/logoubirataonline-1.webp","width":500,"height":500,"caption":"Ubirat\u00e3 Online Not\u00edcias"}]},"geo.placename":"UBIRATA","geo.position":{"lat":"-24.5361401","long":"-52.9921776"},"geo.region":"Brazil"},"_links":{"self":[{"href":"https:\/\/ubirataonline.com.br\/en\/wp-json\/wp\/v2\/posts\/164005","targetHints":{"allow":["GET"]}}],"collection":[{"href":"https:\/\/ubirataonline.com.br\/en\/wp-json\/wp\/v2\/posts"}],"about":[{"href":"https:\/\/ubirataonline.com.br\/en\/wp-json\/wp\/v2\/types\/post"}],"author":[{"embeddable":true,"href":"https:\/\/ubirataonline.com.br\/en\/wp-json\/wp\/v2\/users\/1"}],"replies":[{"embeddable":true,"href":"https:\/\/ubirataonline.com.br\/en\/wp-json\/wp\/v2\/comments?post=164005"}],"version-history":[{"count":1,"href":"https:\/\/ubirataonline.com.br\/en\/wp-json\/wp\/v2\/posts\/164005\/revisions"}],"predecessor-version":[{"id":164007,"href":"https:\/\/ubirataonline.com.br\/en\/wp-json\/wp\/v2\/posts\/164005\/revisions\/164007"}],"wp:featuredmedia":[{"embeddable":true,"href":"https:\/\/ubirataonline.com.br\/en\/wp-json\/wp\/v2\/media\/164006"}],"wp:attachment":[{"href":"https:\/\/ubirataonline.com.br\/en\/wp-json\/wp\/v2\/media?parent=164005"}],"wp:term":[{"taxonomy":"category","embeddable":true,"href":"https:\/\/ubirataonline.com.br\/en\/wp-json\/wp\/v2\/categories?post=164005"},{"taxonomy":"post_tag","embeddable":true,"href":"https:\/\/ubirataonline.com.br\/en\/wp-json\/wp\/v2\/tags?post=164005"}],"curies":[{"name":"wp","href":"https:\/\/api.w.org\/{rel}","templated":true}]}}