{"id":164182,"date":"2026-08-11T02:41:14","date_gmt":"2026-08-11T05:41:14","guid":{"rendered":"https:\/\/ubirataonline.com.br\/hiroshima-marks-81st-anniversary-of-us-atomic-bombing\/"},"modified":"2026-08-11T02:41:16","modified_gmt":"2026-08-11T05:41:16","slug":"hiroshima-marks-81st-anniversary-of-us-atomic-bombing","status":"publish","type":"post","link":"https:\/\/ubirataonline.com.br\/en\/hiroshima-marks-81st-anniversary-of-us-atomic-bombing\/","title":{"rendered":"Hiroshima marks 81st anniversary of US atomic bombing"},"content":{"rendered":"<p><\/p>\n<div>\n<p>TOKYO (AP) \u2014 <span class=\"LinkEnhancement\"><a class=\"Link AnClick-LinkEnhancement\" data-gtm-enhancement-style=\"LinkEnhancementA\" href=\"https:\/\/apnews.com\/article\/japan-hiroshima-nagasaki-atomic-bombing-survivor-96e9ea74eb27923f41db9f8943939341\">Hiroshima<\/a><\/span> on Thursday marked the 81st anniversary of the U.S. atomic bombing of the western Japanese city, with its mayor criticizing major powers for waging wars and urging them to stop justifying the possession of nuclear weapons as a method of deterrence. <\/p>\n<p>\u201cDownplaying the inhumanity of nuclear weapons and accepting the use of force to pursue one\u2019s own prosperity risk cycles of violent retaliation that could ultimately result in another Hiroshima or Nagasaki,\u201d Mayor Kazumi Matsui said.<\/p>\n<p>Too many political leaders still consider nuclear deterrence a realistic approach and legitimize violence, which \u201csimply pushes a world without nuclear weapons further into the distance,\u201d Matsui said in his peace declaration at the ceremony at the Hiroshima Peace Memorial Park. He also called on each citizen to learn lessons from the past and take action. <\/p>\n<p>About 50,000 people, including representatives from some 120 countries and regions including the United States and Iran, were to attend the ceremony. A minute of silence was held while a peace bell rang out at 8:15 a.m., the time when a <span class=\"LinkEnhancement\"><a class=\"Link AnClick-LinkEnhancement\" data-gtm-enhancement-style=\"LinkEnhancementA\" href=\"https:\/\/apnews.com\/article\/japan-hiroshima-nagasaki-us-atomic-bomb-survivor-745423c3ec22887a07665827fcf776ed\">U.S. B-29 dropped the bomb<\/a><\/span> on the city.<\/p>\n<div class=\"AudioEnhancement\" data-separate-event=\"audioModule\" data-separate-value=\"AP AUDIO: Hiroshima marks 81st atomic bomb anniversary as mayor deplores the pursuit of nuclear weapons\" data-module=\"\" data-gtm-region=\"AP AUDIO: Hiroshima marks 81st atomic bomb anniversary as mayor deplores the pursuit of nuclear weapons\" data-align-center=\"\">\n<p>    <a class=\"AnchorLink\" id=\"ap-audio-hiroshima-marks-81st-atomic-bomb-anniversary-as-mayor-deplores-the-pursuit-of-nuclear-weapons\"\/><\/p>\n<p>            <bsp-custom-headline custom-headline=\"div\"><\/p>\n<p>\n                    AP AUDIO: Hiroshima marks 81st atomic bomb anniversary as mayor deplores the pursuit of nuclear weapons\n                <\/p>\n<p>            <\/bsp-custom-headline><\/p>\n<p class=\"AudioEnhancement-description\">AP correspondent Donna Warder reports on the 81st anniversary of the U.S. atomic bombing of Hiroshima.<\/p>\n<\/div>\n<p>Prime Minister <span class=\"LinkEnhancement\"><a class=\"Link AnClick-LinkEnhancement\" data-gtm-enhancement-style=\"LinkEnhancementA\" href=\"https:\/\/apnews.com\/article\/japan-takaichi-security-strategy-military-205195780b1577a8304b0df076d57018\">Sanae Takaichi<\/a><\/span>, who attended the memorial for the first time as prime minister, said she will take \u201ca realistic approach\u201d toward achieving a world where nuclear weapons are never used, within the framework of the United Nations\u2019 treaty to prevent the spread of nuclear weapons. <\/p>\n<p>This year\u2019s ceremony comes at a time of looming speculation that Takaichi\u2019s hawkish government, which supports the idea of nuclear deterrence, may ease Japan\u2019s postwar three non-nuclear principles when <span class=\"LinkEnhancement\"><a class=\"Link AnClick-LinkEnhancement\" data-gtm-enhancement-style=\"LinkEnhancementA\" href=\"https:\/\/apnews.com\/article\/japan-defense-paper-china-drones-5a6c6223b22deec4619af31cf69fdc34\">it compiles new security and defense documents<\/a><\/span> later this year. <\/p>\n<p>Takaichi has advocated a review of the principles for a possibility of dropping the third one \u2014 of not permitting nuclear weapons to be brought into the country.<\/p>\n<p>Takaichi said Japan has maintained its postwar three non-nuclear principles, but fell short of expressing commitment for sticking with that policy into the future. <\/p>\n<p>Survivors have expressed frustration and worry over growing support for the possession of nuclear weapons for deterrence by the international community, including Japan. <\/p>\n<div class=\"HTMLModuleEnhancement\" data-align-center=\"\">\n<div class=\"HTMLModuleEnhancement-item\">\n<div class=\"HTMLModuleEnhancement-embed\">\n<div class=\"HtmlModule\" data-module-tracksubscribe=\"\" data-gtm-topic=\"No Value\" data-embed-link-behavior=\"NO_LINK\">\n<p>    <a class=\"AnchorLink\" id=\"html-embed-module-a00000\"\/><\/p>\n<p>    <!-- AP Morning Wire Newsletter Embed (self-contained) --><\/p>\n<div class=\"ap-newsletter-embed-nlmw25\" data-ap-newsletter-embed-nlmw25=\"\">\n<p>  <!-- Red AP Prompt Bar --><\/p>\n<p>\n    <strong>Sign up for Morning Wire:<\/strong><br \/>\n    Our flagship newsletter breaks down the biggest headlines of the day.\n  <\/p>\n<\/div>\n<\/div><\/div>\n<\/p><\/div>\n<\/p><\/div>\n<p>Japan is under the protection of U.S. nuclear umbrella and has repeatedly sought Washington\u2019s reassurance for its commitment and a stronger protection. Because of that, Japan\u2019s government has rejected the survivors\u2019 request to sign the <span class=\"LinkEnhancement\"><a class=\"Link AnClick-LinkEnhancement\" data-gtm-enhancement-style=\"LinkEnhancementA\" href=\"https:\/\/apnews.com\/article\/japan-un-nuclear-weapons-ban-us-deterrence-5df7e8a2d1d9b19a82c3b659f9863cbe\">Treaty on the Prohibition of Nuclear Weapons<\/a><\/span> or attend its meetings as observers.<\/p>\n<p>The bombing of Hiroshima on Aug. 6, 1945, destroyed the city and killed 140,000 people. A second bomb dropped three days later on <span class=\"LinkEnhancement\"><a class=\"Link AnClick-LinkEnhancement\" data-gtm-enhancement-style=\"LinkEnhancementA\" href=\"https:\/\/apnews.com\/article\/japan-nagasaki-atomic-bombing-church-0ec8306665814361dd002f8dc2504ecb\">Nagasaki<\/a><\/span> killed 70,000. Japan surrendered on Aug. 15, ending World War II and Japan\u2019s nearly half-century of aggression in Asia.<\/p>\n<p>The number of survivors has fallen to 91,105, about a quarter of the original number, with their average age exceeding 86. Survivors worry about fading memories, as the youngest of the survivors were too young to clearly recall the attack.<\/p>\n<p>\u201cThe horror of nuclear weapons is just one lesson of Hiroshima. Another is the need to build a world in which the threat or use of these weapons becomes unthinkable,\u201d United Nations Secretary-General Ant\u00f3nio Guterres said in a written statement. <\/p>\n<p>\u201cHiroshima stands as an inspiring example of resilience, renewal and hope. Across generations, its people remind us that, even after the darkest moments, we can choose \u2014 and build \u2014 a different future,\u201d he said, calling for \u201cdialogue over division, cooperation over confrontation and common security over narrow advantage.\u201d<\/p>\n<p>___<\/p>\n<p>Associated Press writer Edith M. Lederer at the United Nations contributed to this report.<\/p>\n<\/p><\/div>\n<p><script>\n  (function(d, w) {\n    function hasFacebookEmbed() {\n      return d.querySelector('.fb-post, .fb-video, .fb-like, .fb-share-button, .fb-comments, .fb-page');\n    }\n    function loadFacebookSdk() {\n      if (!hasFacebookEmbed() || d.getElementById('facebook-jssdk')) {\n        return;\n      }\n      var preconnect = d.createElement('link');\n      preconnect.rel=\"preconnect\";\n      preconnect.href=\"https:\/\/connect.facebook.net\";\n      d.head.appendChild(preconnect);\n      w.fbAsyncInit = function() {\n        FB.init({\n            appId : '870613919693099',\n          xfbml : true,\n          version : 'v2.9'\n        });\n      };\n      var js = d.createElement('script');\n      var fjs = d.getElementsByTagName('script')[0];\n      js.id = 'facebook-jssdk';\n      js.src=\"\/\/connect.facebook.net\/en_US\/sdk.js\";\n      fjs.parentNode.insertBefore(js, fjs);\n    }\n    if (d.readyState === 'loading') {\n      d.addEventListener('DOMContentLoaded', loadFacebookSdk);\n    } else {\n      loadFacebookSdk();\n    }\n  }(document, window));\n<\/script><\/p>\n<p><a href=\"https:\/\/ubirataonline.com.br\/noticias\/\" target=\"_blank\" rel=\"noopener noreferrer\">Mais Not\u00edcias<\/a><\/p>\n<p><a href=\"https:\/\/ubirataonline.com.br\" target=\"_blank\" rel=\"noopener noreferrer\">Home Page &#8211; In\u00edcio<\/a><\/p>\n<p><a href=\"https:\/\/apnews.com\/article\/japan-hiroshima-atomic-bomb-1d0af8bb88ad9ccd8958f751937ec6b0\">Fonte do Artigo <\/a><br \/>\nSee more: <a href=\"https:\/\/theglobaltrack.com\/\" target=\"_blank\" rel=\"noopener noreferrer\">The Global Track<\/a><\/p>\n<p><a href=\"https:\/\/corinthiames.com.br\/\" target=\"_blank\" rel=\"noopener noreferrer\">Corinthia Mes<\/a><\/p>\n","protected":false},"excerpt":{"rendered":"<p>TOKYO (AP) \u2014 Hiroshima on Thursday marked the 81st anniversary of the U.S. atomic bombing of the western Japanese city, with its mayor criticizing major powers for waging wars and urging them to stop justifying the possession of nuclear weapons as a method of deterrence. \u201cDownplaying the inhumanity of nuclear weapons and accepting the use [&hellip;]<\/p>\n","protected":false},"author":1,"featured_media":164183,"comment_status":"closed","ping_status":"","sticky":false,"template":"","format":"standard","meta":{"googlesitekit_rrm_CAow2JLhCw:productID":"","_gspb_post_css":"","maa_idioma":"","maa_pais":"","footnotes":""},"categories":[4],"tags":[44077,11300,44078,25897,2722,18086],"class_list":["post-164182","post","type-post","status-publish","format-standard","has-post-thumbnail","hentry","category-brasil","tag-81st","tag-anniversary","tag-atomic","tag-bombing","tag-hiroshima","tag-marks"],"blocksy_meta":[],"yoast_head":"<!-- This site is optimized with the Yoast SEO Premium plugin v27.6 (Yoast SEO v27.6) - https:\/\/yoast.com\/product\/yoast-seo-premium-wordpress\/ -->\n<title>Hiroshima marks 81st anniversary of US atomic bombing - Ubirat\u00e3 Online Not\u00edcias - A realidade ao seu alcance!<\/title>\n<meta name=\"description\" content=\"Hiroshima is marking the 81st anniversary of the U.S. atomic bombing of the city during World War II.\" \/>\n<meta name=\"robots\" content=\"index, follow, max-snippet:-1, max-image-preview:large, max-video-preview:-1\" \/>\n<link rel=\"canonical\" href=\"https:\/\/ubirataonline.com.br\/en\/hiroshima-marks-81st-anniversary-of-us-atomic-bombing\/\" \/>\n<meta property=\"og:locale\" content=\"en_US\" \/>\n<meta property=\"og:type\" content=\"article\" \/>\n<meta property=\"og:title\" content=\"Hiroshima marks 81st anniversary of US atomic bombing\" \/>\n<meta property=\"og:description\" content=\"Hiroshima is marking the 81st anniversary of the U.S. atomic bombing of the city during World War II.\" \/>\n<meta property=\"og:url\" content=\"https:\/\/ubirataonline.com.br\/en\/hiroshima-marks-81st-anniversary-of-us-atomic-bombing\/\" \/>\n<meta property=\"og:site_name\" content=\"Ubirat\u00e3 Online Not\u00edcias - A realidade ao seu alcance!\" \/>\n<meta property=\"article:publisher\" content=\"https:\/\/www.facebook.com\/portalubirataonline\" \/>\n<meta property=\"article:author\" content=\"https:\/\/www.facebook.com\/portalubirataonline\" \/>\n<meta property=\"article:published_time\" content=\"2026-08-11T05:41:14+00:00\" \/>\n<meta property=\"article:modified_time\" content=\"2026-08-11T05:41:16+00:00\" \/>\n<meta property=\"og:image\" content=\"https:\/\/ubirataonline.com.br\/wp-content\/uploads\/2026\/08\/Hiroshima-marks-81st-anniversary-of-US-atomic-bombing.com2F8a2F092Fd28f105a14812431a5e271975e852Fcef0acc8fe904e7f822a.jpeg\" \/>\n\t<meta property=\"og:image:width\" content=\"980\" \/>\n\t<meta property=\"og:image:height\" content=\"653\" \/>\n\t<meta property=\"og:image:type\" content=\"image\/jpeg\" \/>\n<meta name=\"author\" content=\"REDA\u00c7\u00c3O: UBIRAT\u00c3 ONLINE - F\u00c1BIO AUGUSTO CELESTINO\" \/>\n<meta name=\"twitter:card\" content=\"summary_large_image\" \/>\n<meta name=\"twitter:creator\" content=\"@x.com\/ubirataonline\" \/>\n<meta name=\"twitter:site\" content=\"@ubirataonline\" \/>\n<meta name=\"twitter:label1\" content=\"Written by\" \/>\n\t<meta name=\"twitter:data1\" content=\"REDA\u00c7\u00c3O: UBIRAT\u00c3 ONLINE - F\u00c1BIO AUGUSTO CELESTINO\" \/>\n\t<meta name=\"twitter:label2\" content=\"Est. reading time\" \/>\n\t<meta name=\"twitter:data2\" content=\"3 minutes\" \/>\n<script type=\"application\/ld+json\" class=\"yoast-schema-graph\">{\"@context\":\"https:\\\/\\\/schema.org\",\"@graph\":[{\"@type\":\"NewsArticle\",\"@id\":\"https:\\\/\\\/ubirataonline.com.br\\\/hiroshima-marks-81st-anniversary-of-us-atomic-bombing\\\/#article\",\"isPartOf\":{\"@id\":\"https:\\\/\\\/ubirataonline.com.br\\\/hiroshima-marks-81st-anniversary-of-us-atomic-bombing\\\/\"},\"author\":{\"name\":\"REDA\u00c7\u00c3O: UBIRAT\u00c3 ONLINE - F\u00c1BIO AUGUSTO CELESTINO\",\"@id\":\"https:\\\/\\\/ubirataonline.com.br\\\/#\\\/schema\\\/person\\\/372f87bbd3fdd79b8556b84c98d0bc1c\"},\"headline\":\"Hiroshima marks 81st anniversary of US atomic bombing\",\"datePublished\":\"2026-08-11T05:41:14+00:00\",\"dateModified\":\"2026-08-11T05:41:16+00:00\",\"mainEntityOfPage\":{\"@id\":\"https:\\\/\\\/ubirataonline.com.br\\\/hiroshima-marks-81st-anniversary-of-us-atomic-bombing\\\/\"},\"wordCount\":653,\"publisher\":{\"@id\":\"https:\\\/\\\/ubirataonline.com.br\\\/#organization\"},\"image\":{\"@id\":\"https:\\\/\\\/ubirataonline.com.br\\\/hiroshima-marks-81st-anniversary-of-us-atomic-bombing\\\/#primaryimage\"},\"thumbnailUrl\":\"https:\\\/\\\/ubirataonline.com.br\\\/wp-content\\\/uploads\\\/2026\\\/08\\\/Hiroshima-marks-81st-anniversary-of-US-atomic-bombing.com2F8a2F092Fd28f105a14812431a5e271975e852Fcef0acc8fe904e7f822a.jpeg\",\"keywords\":[\"81st\",\"Anniversary\",\"atomic\",\"bombing\",\"Hiroshima\",\"marks\"],\"articleSection\":[\"Brasil\"],\"inLanguage\":\"en-US\",\"copyrightYear\":\"2026\",\"copyrightHolder\":{\"@id\":\"https:\\\/\\\/ubirataonline.com.br\\\/en\\\/#organization\"}},{\"@type\":\"WebPage\",\"@id\":\"https:\\\/\\\/ubirataonline.com.br\\\/hiroshima-marks-81st-anniversary-of-us-atomic-bombing\\\/\",\"url\":\"https:\\\/\\\/ubirataonline.com.br\\\/hiroshima-marks-81st-anniversary-of-us-atomic-bombing\\\/\",\"name\":\"Hiroshima marks 81st anniversary of US atomic bombing - Ubirat\u00e3 Online Not\u00edcias - A realidade ao seu alcance!\",\"isPartOf\":{\"@id\":\"https:\\\/\\\/ubirataonline.com.br\\\/#website\"},\"primaryImageOfPage\":{\"@id\":\"https:\\\/\\\/ubirataonline.com.br\\\/hiroshima-marks-81st-anniversary-of-us-atomic-bombing\\\/#primaryimage\"},\"image\":{\"@id\":\"https:\\\/\\\/ubirataonline.com.br\\\/hiroshima-marks-81st-anniversary-of-us-atomic-bombing\\\/#primaryimage\"},\"thumbnailUrl\":\"https:\\\/\\\/ubirataonline.com.br\\\/wp-content\\\/uploads\\\/2026\\\/08\\\/Hiroshima-marks-81st-anniversary-of-US-atomic-bombing.com2F8a2F092Fd28f105a14812431a5e271975e852Fcef0acc8fe904e7f822a.jpeg\",\"datePublished\":\"2026-08-11T05:41:14+00:00\",\"dateModified\":\"2026-08-11T05:41:16+00:00\",\"description\":\"Hiroshima is marking the 81st anniversary of the U.S. atomic bombing of the city during World War II.\",\"breadcrumb\":{\"@id\":\"https:\\\/\\\/ubirataonline.com.br\\\/hiroshima-marks-81st-anniversary-of-us-atomic-bombing\\\/#breadcrumb\"},\"inLanguage\":\"en-US\",\"potentialAction\":[{\"@type\":\"ReadAction\",\"target\":[\"https:\\\/\\\/ubirataonline.com.br\\\/hiroshima-marks-81st-anniversary-of-us-atomic-bombing\\\/\"]}]},{\"@type\":\"ImageObject\",\"inLanguage\":\"en-US\",\"@id\":\"https:\\\/\\\/ubirataonline.com.br\\\/hiroshima-marks-81st-anniversary-of-us-atomic-bombing\\\/#primaryimage\",\"url\":\"https:\\\/\\\/ubirataonline.com.br\\\/wp-content\\\/uploads\\\/2026\\\/08\\\/Hiroshima-marks-81st-anniversary-of-US-atomic-bombing.com2F8a2F092Fd28f105a14812431a5e271975e852Fcef0acc8fe904e7f822a.jpeg\",\"contentUrl\":\"https:\\\/\\\/ubirataonline.com.br\\\/wp-content\\\/uploads\\\/2026\\\/08\\\/Hiroshima-marks-81st-anniversary-of-US-atomic-bombing.com2F8a2F092Fd28f105a14812431a5e271975e852Fcef0acc8fe904e7f822a.jpeg\",\"width\":980,\"height\":653,\"caption\":\"Hiroshima marks 81st anniversary of US atomic bombing\"},{\"@type\":\"BreadcrumbList\",\"@id\":\"https:\\\/\\\/ubirataonline.com.br\\\/hiroshima-marks-81st-anniversary-of-us-atomic-bombing\\\/#breadcrumb\",\"itemListElement\":[{\"@type\":\"ListItem\",\"position\":1,\"name\":\"In\u00edcio\",\"item\":\"https:\\\/\\\/ubirataonline.com.br\\\/\"},{\"@type\":\"ListItem\",\"position\":2,\"name\":\"Hiroshima marks 81st anniversary of US atomic bombing\"}]},{\"@type\":\"WebSite\",\"@id\":\"https:\\\/\\\/ubirataonline.com.br\\\/#website\",\"url\":\"https:\\\/\\\/ubirataonline.com.br\\\/\",\"name\":\"Ubirat\u00e3 Online Not\u00edcias\",\"description\":\"Not\u00edcias de Ubirat\u00e3, regi\u00e3o, Brasil e mundo, com informa\u00e7\u00e3o atualizada e compromisso com o leitor.\",\"publisher\":{\"@id\":\"https:\\\/\\\/ubirataonline.com.br\\\/#organization\"},\"alternateName\":\"Ubirat\u00e3 Online\",\"potentialAction\":[{\"@type\":\"SearchAction\",\"target\":{\"@type\":\"EntryPoint\",\"urlTemplate\":\"https:\\\/\\\/ubirataonline.com.br\\\/?s={search_term_string}\"},\"query-input\":{\"@type\":\"PropertyValueSpecification\",\"valueRequired\":true,\"valueName\":\"search_term_string\"}}],\"inLanguage\":\"en-US\"},{\"@type\":[\"Organization\",\"Place\"],\"@id\":\"https:\\\/\\\/ubirataonline.com.br\\\/#organization\",\"name\":\"Ubirat\u00e3 Online Not\u00edcias\",\"alternateName\":\"Ubirat\u00e3 Online\",\"url\":\"https:\\\/\\\/ubirataonline.com.br\\\/\",\"logo\":{\"@id\":\"https:\\\/\\\/ubirataonline.com.br\\\/hiroshima-marks-81st-anniversary-of-us-atomic-bombing\\\/#local-main-organization-logo\"},\"image\":{\"@id\":\"https:\\\/\\\/ubirataonline.com.br\\\/hiroshima-marks-81st-anniversary-of-us-atomic-bombing\\\/#local-main-organization-logo\"},\"sameAs\":[\"https:\\\/\\\/www.facebook.com\\\/portalubirataonline\",\"https:\\\/\\\/x.com\\\/ubirataonline\",\"https:\\\/\\\/mastodon.social\\\/@ubirataonline\",\"https:\\\/\\\/www.facebook.com\\\/groups\\\/311144672285604\",\"https:\\\/\\\/www.facebook.com\\\/UBTAOnline\",\"https:\\\/\\\/www.instagram.com\\\/portalubirataonline\\\/\",\"https:\\\/\\\/twitter.com\\\/ubirataonline\"],\"description\":\"Somos um portal de not\u00edcias independente, criado em 5 de janeiro de 2009, com o objetivo de informar, conectar e valorizar a nossa comunidade de Ubirat\u00e3 e toda aregi\u00e3o. Com conte\u00fado atualizado, confi\u00e1vel e relevante, o Ubirat\u00e3 Online \u00e9 o seu espa\u00e7o para ficar por dentro dos principais acontecimentos locais, regionais, Brasil, Mundo e de interesse geral. Nosso compromisso \u00e9 com a verdade, a transpar\u00eancia e o respeito ao leitor.\",\"legalName\":\"UBIRATA ONLINE NOT\u00cdCIAS\",\"foundingDate\":\"2009-01-05\",\"numberOfEmployees\":{\"@type\":\"QuantitativeValue\",\"minValue\":\"1\",\"maxValue\":\"10\"},\"publishingPrinciples\":\"https:\\\/\\\/ubirataonline.com.br\\\/faq\\\/\",\"address\":{\"@id\":\"https:\\\/\\\/ubirataonline.com.br\\\/hiroshima-marks-81st-anniversary-of-us-atomic-bombing\\\/#local-main-place-address\"},\"geo\":{\"@type\":\"GeoCoordinates\",\"latitude\":\"-24.5361401\",\"longitude\":\"-52.9921776\"},\"telephone\":[\"+5544998308235\"],\"contactPoint\":{\"@type\":\"ContactPoint\",\"email\":\"contato@ubirataonline.com.br\"},\"openingHoursSpecification\":{\"@type\":\"OpeningHoursSpecification\",\"dayOfWeek\":[\"Monday\",\"Tuesday\",\"Wednesday\",\"Thursday\",\"Friday\",\"Saturday\",\"Sunday\"],\"opens\":\"00:00\",\"closes\":\"23:59\"},\"email\":\"contato@ubirataonline.com.br\",\"vatID\":\"47.621.418\\\/0001-80\"},{\"@type\":\"Person\",\"@id\":\"https:\\\/\\\/ubirataonline.com.br\\\/#\\\/schema\\\/person\\\/372f87bbd3fdd79b8556b84c98d0bc1c\",\"name\":\"REDA\u00c7\u00c3O: UBIRAT\u00c3 ONLINE - F\u00c1BIO AUGUSTO CELESTINO\",\"pronouns\":\"Ele\",\"description\":\"Desde 2003 trabalhando com not\u00edcias.\",\"sameAs\":[\"http:\\\/\\\/ubirataoline.com.br\",\"https:\\\/\\\/www.facebook.com\\\/portalubirataonline\",\"https:\\\/\\\/www.instagram.com\\\/ubirataonline_oficial\",\"https:\\\/\\\/x.com\\\/x.com\\\/ubirataonline\"],\"honorificPrefix\":\"Mr.\",\"honorificSuffix\":\"MD\",\"birthDate\":\"1980-06-16\",\"gender\":\"masculino\",\"award\":[\"V\u00e1rios pr\u00eamios de melhor portal da cidade\"],\"jobTitle\":\"Diretor\",\"url\":\"https:\\\/\\\/ubirataonline.com.br\\\/en\\\/author\\\/ubirataonline\\\/\"},{\"@type\":\"PostalAddress\",\"@id\":\"https:\\\/\\\/ubirataonline.com.br\\\/hiroshima-marks-81st-anniversary-of-us-atomic-bombing\\\/#local-main-place-address\",\"streetAddress\":\"Rua dos Coqueiros, 104 - Bairro Boa Vista, Rua dos Coqueiros, 104 Bairro Boa Vista\",\"addressLocality\":\"UBIRATA\",\"postalCode\":\"85440-000\",\"addressRegion\":\"PR\",\"addressCountry\":\"BR\"},{\"@type\":\"ImageObject\",\"inLanguage\":\"en-US\",\"@id\":\"https:\\\/\\\/ubirataonline.com.br\\\/hiroshima-marks-81st-anniversary-of-us-atomic-bombing\\\/#local-main-organization-logo\",\"url\":\"https:\\\/\\\/ubirataonline.com.br\\\/wp-content\\\/uploads\\\/2026\\\/06\\\/logoubirataonline-1.webp\",\"contentUrl\":\"https:\\\/\\\/ubirataonline.com.br\\\/wp-content\\\/uploads\\\/2026\\\/06\\\/logoubirataonline-1.webp\",\"width\":500,\"height\":500,\"caption\":\"Ubirat\u00e3 Online Not\u00edcias\"}]}<\/script>\n<meta name=\"geo.placename\" content=\"UBIRATA\" \/>\n<meta name=\"geo.position\" content=\"-24.5361401;-52.9921776\" \/>\n<meta name=\"geo.region\" content=\"Brazil\" \/>\n<!-- \/ Yoast SEO Premium plugin. -->","yoast_head_json":{"title":"Hiroshima marks 81st anniversary of US atomic bombing - Ubirat\u00e3 Online Not\u00edcias - A realidade ao seu alcance!","description":"Hiroshima is marking the 81st anniversary of the U.S. atomic bombing of the city during World War II.","robots":{"index":"index","follow":"follow","max-snippet":"max-snippet:-1","max-image-preview":"max-image-preview:large","max-video-preview":"max-video-preview:-1"},"canonical":"https:\/\/ubirataonline.com.br\/en\/hiroshima-marks-81st-anniversary-of-us-atomic-bombing\/","og_locale":"en_US","og_type":"article","og_title":"Hiroshima marks 81st anniversary of US atomic bombing","og_description":"Hiroshima is marking the 81st anniversary of the U.S. atomic bombing of the city during World War II.","og_url":"https:\/\/ubirataonline.com.br\/en\/hiroshima-marks-81st-anniversary-of-us-atomic-bombing\/","og_site_name":"Ubirat\u00e3 Online Not\u00edcias - A realidade ao seu alcance!","article_publisher":"https:\/\/www.facebook.com\/portalubirataonline","article_author":"https:\/\/www.facebook.com\/portalubirataonline","article_published_time":"2026-08-11T05:41:14+00:00","article_modified_time":"2026-08-11T05:41:16+00:00","og_image":[{"width":980,"height":653,"url":"https:\/\/ubirataonline.com.br\/wp-content\/uploads\/2026\/08\/Hiroshima-marks-81st-anniversary-of-US-atomic-bombing.com2F8a2F092Fd28f105a14812431a5e271975e852Fcef0acc8fe904e7f822a.jpeg","type":"image\/jpeg"}],"author":"REDA\u00c7\u00c3O: UBIRAT\u00c3 ONLINE - F\u00c1BIO AUGUSTO CELESTINO","twitter_card":"summary_large_image","twitter_creator":"@x.com\/ubirataonline","twitter_site":"@ubirataonline","twitter_misc":{"Written by":"REDA\u00c7\u00c3O: UBIRAT\u00c3 ONLINE - F\u00c1BIO AUGUSTO CELESTINO","Est. reading time":"3 minutes"},"schema":{"@context":"https:\/\/schema.org","@graph":[{"@type":"NewsArticle","@id":"https:\/\/ubirataonline.com.br\/hiroshima-marks-81st-anniversary-of-us-atomic-bombing\/#article","isPartOf":{"@id":"https:\/\/ubirataonline.com.br\/hiroshima-marks-81st-anniversary-of-us-atomic-bombing\/"},"author":{"name":"REDA\u00c7\u00c3O: UBIRAT\u00c3 ONLINE - F\u00c1BIO AUGUSTO CELESTINO","@id":"https:\/\/ubirataonline.com.br\/#\/schema\/person\/372f87bbd3fdd79b8556b84c98d0bc1c"},"headline":"Hiroshima marks 81st anniversary of US atomic bombing","datePublished":"2026-08-11T05:41:14+00:00","dateModified":"2026-08-11T05:41:16+00:00","mainEntityOfPage":{"@id":"https:\/\/ubirataonline.com.br\/hiroshima-marks-81st-anniversary-of-us-atomic-bombing\/"},"wordCount":653,"publisher":{"@id":"https:\/\/ubirataonline.com.br\/#organization"},"image":{"@id":"https:\/\/ubirataonline.com.br\/hiroshima-marks-81st-anniversary-of-us-atomic-bombing\/#primaryimage"},"thumbnailUrl":"https:\/\/ubirataonline.com.br\/wp-content\/uploads\/2026\/08\/Hiroshima-marks-81st-anniversary-of-US-atomic-bombing.com2F8a2F092Fd28f105a14812431a5e271975e852Fcef0acc8fe904e7f822a.jpeg","keywords":["81st","Anniversary","atomic","bombing","Hiroshima","marks"],"articleSection":["Brasil"],"inLanguage":"en-US","copyrightYear":"2026","copyrightHolder":{"@id":"https:\/\/ubirataonline.com.br\/en\/#organization"}},{"@type":"WebPage","@id":"https:\/\/ubirataonline.com.br\/hiroshima-marks-81st-anniversary-of-us-atomic-bombing\/","url":"https:\/\/ubirataonline.com.br\/hiroshima-marks-81st-anniversary-of-us-atomic-bombing\/","name":"Hiroshima marks 81st anniversary of US atomic bombing - Ubirat\u00e3 Online Not\u00edcias - A realidade ao seu alcance!","isPartOf":{"@id":"https:\/\/ubirataonline.com.br\/#website"},"primaryImageOfPage":{"@id":"https:\/\/ubirataonline.com.br\/hiroshima-marks-81st-anniversary-of-us-atomic-bombing\/#primaryimage"},"image":{"@id":"https:\/\/ubirataonline.com.br\/hiroshima-marks-81st-anniversary-of-us-atomic-bombing\/#primaryimage"},"thumbnailUrl":"https:\/\/ubirataonline.com.br\/wp-content\/uploads\/2026\/08\/Hiroshima-marks-81st-anniversary-of-US-atomic-bombing.com2F8a2F092Fd28f105a14812431a5e271975e852Fcef0acc8fe904e7f822a.jpeg","datePublished":"2026-08-11T05:41:14+00:00","dateModified":"2026-08-11T05:41:16+00:00","description":"Hiroshima is marking the 81st anniversary of the U.S. atomic bombing of the city during World War II.","breadcrumb":{"@id":"https:\/\/ubirataonline.com.br\/hiroshima-marks-81st-anniversary-of-us-atomic-bombing\/#breadcrumb"},"inLanguage":"en-US","potentialAction":[{"@type":"ReadAction","target":["https:\/\/ubirataonline.com.br\/hiroshima-marks-81st-anniversary-of-us-atomic-bombing\/"]}]},{"@type":"ImageObject","inLanguage":"en-US","@id":"https:\/\/ubirataonline.com.br\/hiroshima-marks-81st-anniversary-of-us-atomic-bombing\/#primaryimage","url":"https:\/\/ubirataonline.com.br\/wp-content\/uploads\/2026\/08\/Hiroshima-marks-81st-anniversary-of-US-atomic-bombing.com2F8a2F092Fd28f105a14812431a5e271975e852Fcef0acc8fe904e7f822a.jpeg","contentUrl":"https:\/\/ubirataonline.com.br\/wp-content\/uploads\/2026\/08\/Hiroshima-marks-81st-anniversary-of-US-atomic-bombing.com2F8a2F092Fd28f105a14812431a5e271975e852Fcef0acc8fe904e7f822a.jpeg","width":980,"height":653,"caption":"Hiroshima marks 81st anniversary of US atomic bombing"},{"@type":"BreadcrumbList","@id":"https:\/\/ubirataonline.com.br\/hiroshima-marks-81st-anniversary-of-us-atomic-bombing\/#breadcrumb","itemListElement":[{"@type":"ListItem","position":1,"name":"In\u00edcio","item":"https:\/\/ubirataonline.com.br\/"},{"@type":"ListItem","position":2,"name":"Hiroshima marks 81st anniversary of US atomic bombing"}]},{"@type":"WebSite","@id":"https:\/\/ubirataonline.com.br\/#website","url":"https:\/\/ubirataonline.com.br\/","name":"Ubirat\u00e3 Online Not\u00edcias","description":"Not\u00edcias de Ubirat\u00e3, regi\u00e3o, Brasil e mundo, com informa\u00e7\u00e3o atualizada e compromisso com o leitor.","publisher":{"@id":"https:\/\/ubirataonline.com.br\/#organization"},"alternateName":"Ubirat\u00e3 Online","potentialAction":[{"@type":"SearchAction","target":{"@type":"EntryPoint","urlTemplate":"https:\/\/ubirataonline.com.br\/?s={search_term_string}"},"query-input":{"@type":"PropertyValueSpecification","valueRequired":true,"valueName":"search_term_string"}}],"inLanguage":"en-US"},{"@type":["Organization","Place"],"@id":"https:\/\/ubirataonline.com.br\/#organization","name":"Ubirat\u00e3 Online Not\u00edcias","alternateName":"Ubirat\u00e3 Online","url":"https:\/\/ubirataonline.com.br\/","logo":{"@id":"https:\/\/ubirataonline.com.br\/hiroshima-marks-81st-anniversary-of-us-atomic-bombing\/#local-main-organization-logo"},"image":{"@id":"https:\/\/ubirataonline.com.br\/hiroshima-marks-81st-anniversary-of-us-atomic-bombing\/#local-main-organization-logo"},"sameAs":["https:\/\/www.facebook.com\/portalubirataonline","https:\/\/x.com\/ubirataonline","https:\/\/mastodon.social\/@ubirataonline","https:\/\/www.facebook.com\/groups\/311144672285604","https:\/\/www.facebook.com\/UBTAOnline","https:\/\/www.instagram.com\/portalubirataonline\/","https:\/\/twitter.com\/ubirataonline"],"description":"Somos um portal de not\u00edcias independente, criado em 5 de janeiro de 2009, com o objetivo de informar, conectar e valorizar a nossa comunidade de Ubirat\u00e3 e toda aregi\u00e3o. Com conte\u00fado atualizado, confi\u00e1vel e relevante, o Ubirat\u00e3 Online \u00e9 o seu espa\u00e7o para ficar por dentro dos principais acontecimentos locais, regionais, Brasil, Mundo e de interesse geral. Nosso compromisso \u00e9 com a verdade, a transpar\u00eancia e o respeito ao leitor.","legalName":"UBIRATA ONLINE NOT\u00cdCIAS","foundingDate":"2009-01-05","numberOfEmployees":{"@type":"QuantitativeValue","minValue":"1","maxValue":"10"},"publishingPrinciples":"https:\/\/ubirataonline.com.br\/faq\/","address":{"@id":"https:\/\/ubirataonline.com.br\/hiroshima-marks-81st-anniversary-of-us-atomic-bombing\/#local-main-place-address"},"geo":{"@type":"GeoCoordinates","latitude":"-24.5361401","longitude":"-52.9921776"},"telephone":["+5544998308235"],"contactPoint":{"@type":"ContactPoint","email":"contato@ubirataonline.com.br"},"openingHoursSpecification":{"@type":"OpeningHoursSpecification","dayOfWeek":["Monday","Tuesday","Wednesday","Thursday","Friday","Saturday","Sunday"],"opens":"00:00","closes":"23:59"},"email":"contato@ubirataonline.com.br","vatID":"47.621.418\/0001-80"},{"@type":"Person","@id":"https:\/\/ubirataonline.com.br\/#\/schema\/person\/372f87bbd3fdd79b8556b84c98d0bc1c","name":"REDA\u00c7\u00c3O: UBIRAT\u00c3 ONLINE - F\u00c1BIO AUGUSTO CELESTINO","pronouns":"Ele","description":"Desde 2003 trabalhando com not\u00edcias.","sameAs":["http:\/\/ubirataoline.com.br","https:\/\/www.facebook.com\/portalubirataonline","https:\/\/www.instagram.com\/ubirataonline_oficial","https:\/\/x.com\/x.com\/ubirataonline"],"honorificPrefix":"Mr.","honorificSuffix":"MD","birthDate":"1980-06-16","gender":"masculino","award":["V\u00e1rios pr\u00eamios de melhor portal da cidade"],"jobTitle":"Diretor","url":"https:\/\/ubirataonline.com.br\/en\/author\/ubirataonline\/"},{"@type":"PostalAddress","@id":"https:\/\/ubirataonline.com.br\/hiroshima-marks-81st-anniversary-of-us-atomic-bombing\/#local-main-place-address","streetAddress":"Rua dos Coqueiros, 104 - Bairro Boa Vista, Rua dos Coqueiros, 104 Bairro Boa Vista","addressLocality":"UBIRATA","postalCode":"85440-000","addressRegion":"PR","addressCountry":"BR"},{"@type":"ImageObject","inLanguage":"en-US","@id":"https:\/\/ubirataonline.com.br\/hiroshima-marks-81st-anniversary-of-us-atomic-bombing\/#local-main-organization-logo","url":"https:\/\/ubirataonline.com.br\/wp-content\/uploads\/2026\/06\/logoubirataonline-1.webp","contentUrl":"https:\/\/ubirataonline.com.br\/wp-content\/uploads\/2026\/06\/logoubirataonline-1.webp","width":500,"height":500,"caption":"Ubirat\u00e3 Online Not\u00edcias"}]},"geo.placename":"UBIRATA","geo.position":{"lat":"-24.5361401","long":"-52.9921776"},"geo.region":"Brazil"},"_links":{"self":[{"href":"https:\/\/ubirataonline.com.br\/en\/wp-json\/wp\/v2\/posts\/164182","targetHints":{"allow":["GET"]}}],"collection":[{"href":"https:\/\/ubirataonline.com.br\/en\/wp-json\/wp\/v2\/posts"}],"about":[{"href":"https:\/\/ubirataonline.com.br\/en\/wp-json\/wp\/v2\/types\/post"}],"author":[{"embeddable":true,"href":"https:\/\/ubirataonline.com.br\/en\/wp-json\/wp\/v2\/users\/1"}],"replies":[{"embeddable":true,"href":"https:\/\/ubirataonline.com.br\/en\/wp-json\/wp\/v2\/comments?post=164182"}],"version-history":[{"count":1,"href":"https:\/\/ubirataonline.com.br\/en\/wp-json\/wp\/v2\/posts\/164182\/revisions"}],"predecessor-version":[{"id":164184,"href":"https:\/\/ubirataonline.com.br\/en\/wp-json\/wp\/v2\/posts\/164182\/revisions\/164184"}],"wp:featuredmedia":[{"embeddable":true,"href":"https:\/\/ubirataonline.com.br\/en\/wp-json\/wp\/v2\/media\/164183"}],"wp:attachment":[{"href":"https:\/\/ubirataonline.com.br\/en\/wp-json\/wp\/v2\/media?parent=164182"}],"wp:term":[{"taxonomy":"category","embeddable":true,"href":"https:\/\/ubirataonline.com.br\/en\/wp-json\/wp\/v2\/categories?post=164182"},{"taxonomy":"post_tag","embeddable":true,"href":"https:\/\/ubirataonline.com.br\/en\/wp-json\/wp\/v2\/tags?post=164182"}],"curies":[{"name":"wp","href":"https:\/\/api.w.org\/{rel}","templated":true}]}}