{"id":164220,"date":"2026-08-11T06:06:40","date_gmt":"2026-08-11T09:06:40","guid":{"rendered":"https:\/\/ubirataonline.com.br\/caminhao-apreendido-com-carga-ilegal-avaliada-em-r-2-milhoes-em-vitorino\/"},"modified":"2026-08-11T06:06:40","modified_gmt":"2026-08-11T09:06:40","slug":"caminhao-apreendido-com-carga-ilegal-avaliada-em-r-2-milhoes-em-vitorino","status":"publish","type":"post","link":"https:\/\/ubirataonline.com.br\/en\/caminhao-apreendido-com-carga-ilegal-avaliada-em-r-2-milhoes-em-vitorino\/","title":{"rendered":"Caminh\u00e3o apreendido com carga ilegal avaliada em R$ 2 milh\u00f5es em Vitorino"},"content":{"rendered":"<p>Um caminh\u00e3o ba\u00fa foi apreendido na zona rural de Vitorino ap\u00f3s abordagem conjunta da Pol\u00edcia Militar do Paran\u00e1, Receita Federal e Pol\u00edcia Militar Rodovi\u00e1ria de Santa Catarina. A carga apreendida, avaliada em cerca de R$ 2 milh\u00f5es, continha mercadorias estrangeiras sem documenta\u00e7\u00e3o aduaneira.<\/p>\n<p>Durante a fiscaliza\u00e7\u00e3o, o motorista apresentou informa\u00e7\u00f5es desencontradas sobre a viagem, levando os agentes a ordenarem a condu\u00e7\u00e3o do ve\u00edculo at\u00e9 o 3\u00ba Batalh\u00e3o da Pol\u00edcia Militar para uma vistoria detalhada, considerando quest\u00f5es de seguran\u00e7a e a falta de ilumina\u00e7\u00e3o no local da abordagem.<\/p>\n<h3>Mercadorias apreendidas e suspeita de contrabando<\/h3>\n<p>Inicialmente, o condutor afirmou transportar apenas bobinas de pl\u00e1stico-bolha. No entanto, a vistoria revelou centenas de caixas de vinhos argentinos sem o devido desembara\u00e7o aduaneiro. Sob essa carga, foram encontradas caixas contendo celulares, MacBooks e outros eletr\u00f4nicos. Tamb\u00e9m foram apreendidos dezenas de frascos do medicamento Tirzepatida e uma quantia em dinheiro em esp\u00e9cie.<\/p>\n<h3>Consequ\u00eancias para o motorista e destino da carga<\/h3>\n<p>Ao ser confrontado com os flagrantes, o motorista acabou confessando o transporte ilegal e recebeu voz de pris\u00e3o. O caminh\u00e3o e as mercadorias foram lacrados pela Receita Federal e levados para o dep\u00f3sito do \u00f3rg\u00e3o, onde amostras do medicamento Tirzepatida foram separadas para per\u00edcia. Ele foi conduzido \u00e0 Delegacia de Pol\u00edcia Federal para os procedimentos legais.<\/p>\n<h3>Impacto da opera\u00e7\u00e3o<\/h3>\n<p>Segundo a Pol\u00edcia Militar, o preju\u00edzo estimado ao crime \u00e9 de R$ 2 milh\u00f5es, evidenciando a dimens\u00e3o do contrabando desarticulado na a\u00e7\u00e3o. A opera\u00e7\u00e3o conjunta refor\u00e7a a vigil\u00e2ncia fronteiri\u00e7a e o combate a pr\u00e1ticas il\u00edcitas envolvendo produtos importados irregulares.<\/p>\n<h2>Frequently asked questions<\/h2>\n<h3>Qual foi o local da apreens\u00e3o do caminh\u00e3o?<\/h3>\n<p>O caminh\u00e3o foi abordado na zona rural de Vitorino, no Paran\u00e1.<\/p>\n<h3>Quais \u00f3rg\u00e3os participaram da opera\u00e7\u00e3o que resultou na apreens\u00e3o?<\/h3>\n<p>A a\u00e7\u00e3o envolveu a Pol\u00edcia Militar do Paran\u00e1, a Receita Federal e a Pol\u00edcia Militar Rodovi\u00e1ria de Santa Catarina.<\/p>\n<h3>O que foi encontrado na carga do caminh\u00e3o?<\/h3>\n<p>Foram encontrados vinhos argentinos sem desembara\u00e7o aduaneiro, celulares, MacBooks, o medicamento Tirzepatida e dinheiro em esp\u00e9cie.<\/p>","protected":false},"excerpt":{"rendered":"<p>Um caminh\u00e3o ba\u00fa foi apreendido na zona rural de Vitorino ap\u00f3s abordagem conjunta da Pol\u00edcia Militar do Paran\u00e1, Receita Federal e Pol\u00edcia Militar Rodovi\u00e1ria de Santa Catarina. A carga apreendida, avaliada em cerca de R$ 2 milh\u00f5es, continha mercadorias estrangeiras sem documenta\u00e7\u00e3o aduaneira. Durante a fiscaliza\u00e7\u00e3o, o motorista apresentou informa\u00e7\u00f5es desencontradas sobre a viagem, levando [&hellip;]<\/p>\n","protected":false},"author":1,"featured_media":0,"comment_status":"","ping_status":"","sticky":false,"template":"","format":"standard","meta":{"googlesitekit_rrm_CAow2JLhCw:productID":"","_gspb_post_css":"","maa_idioma":"","maa_pais":"","footnotes":""},"categories":[43088],"tags":[],"class_list":["post-164220","post","type-post","status-publish","format-standard","hentry","category-parana"],"blocksy_meta":[],"yoast_head":"<!-- This site is optimized with the Yoast SEO Premium plugin v27.6 (Yoast SEO v27.6) - https:\/\/yoast.com\/product\/yoast-seo-premium-wordpress\/ -->\n<title>Caminh\u00e3o apreendido com carga ilegal avaliada em R$ 2 milh\u00f5es em Vitorino - Ubirat\u00e3 Online Not\u00edcias - A realidade ao seu alcance!<\/title>\n<meta name=\"description\" content=\"Um caminh\u00e3o ba\u00fa foi apreendido na zona rural de Vitorino ap\u00f3s abordagem conjunta da Pol\u00edcia Militar do Paran\u00e1, Receita Federal e Pol\u00edcia Militar\" \/>\n<meta name=\"robots\" content=\"index, follow, max-snippet:-1, max-image-preview:large, max-video-preview:-1\" \/>\n<link rel=\"canonical\" href=\"https:\/\/ubirataonline.com.br\/en\/caminhao-apreendido-com-carga-ilegal-avaliada-em-r-2-milhoes-em-vitorino\/\" \/>\n<meta property=\"og:locale\" content=\"en_US\" \/>\n<meta property=\"og:type\" content=\"article\" \/>\n<meta property=\"og:title\" content=\"Caminh\u00e3o apreendido com carga ilegal avaliada em R$ 2 milh\u00f5es em Vitorino\" \/>\n<meta property=\"og:description\" content=\"Um caminh\u00e3o ba\u00fa foi apreendido na zona rural de Vitorino ap\u00f3s abordagem conjunta da Pol\u00edcia Militar do Paran\u00e1, Receita Federal e Pol\u00edcia Militar\" \/>\n<meta property=\"og:url\" content=\"https:\/\/ubirataonline.com.br\/en\/caminhao-apreendido-com-carga-ilegal-avaliada-em-r-2-milhoes-em-vitorino\/\" \/>\n<meta property=\"og:site_name\" content=\"Ubirat\u00e3 Online Not\u00edcias - A realidade ao seu alcance!\" \/>\n<meta property=\"article:publisher\" content=\"https:\/\/www.facebook.com\/portalubirataonline\" \/>\n<meta property=\"article:author\" content=\"https:\/\/www.facebook.com\/portalubirataonline\" \/>\n<meta property=\"article:published_time\" content=\"2026-08-11T09:06:40+00:00\" \/>\n<meta property=\"og:image\" content=\"https:\/\/ubirataonline.com.br\/wp-content\/uploads\/2026\/05\/logo2026.webp\" \/>\n\t<meta property=\"og:image:width\" content=\"1531\" \/>\n\t<meta property=\"og:image:height\" content=\"418\" \/>\n\t<meta property=\"og:image:type\" content=\"image\/webp\" \/>\n<meta name=\"author\" content=\"REDA\u00c7\u00c3O: UBIRAT\u00c3 ONLINE - F\u00c1BIO AUGUSTO CELESTINO\" \/>\n<meta name=\"twitter:card\" content=\"summary_large_image\" \/>\n<meta name=\"twitter:creator\" content=\"@x.com\/ubirataonline\" \/>\n<meta name=\"twitter:site\" content=\"@ubirataonline\" \/>\n<meta name=\"twitter:label1\" content=\"Written by\" \/>\n\t<meta name=\"twitter:data1\" content=\"REDA\u00c7\u00c3O: UBIRAT\u00c3 ONLINE - F\u00c1BIO AUGUSTO CELESTINO\" \/>\n\t<meta name=\"twitter:label2\" content=\"Est. reading time\" \/>\n\t<meta name=\"twitter:data2\" content=\"2 minutes\" \/>\n<script type=\"application\/ld+json\" class=\"yoast-schema-graph\">{\"@context\":\"https:\\\/\\\/schema.org\",\"@graph\":[{\"@type\":\"NewsArticle\",\"@id\":\"https:\\\/\\\/ubirataonline.com.br\\\/caminhao-apreendido-com-carga-ilegal-avaliada-em-r-2-milhoes-em-vitorino\\\/#article\",\"isPartOf\":{\"@id\":\"https:\\\/\\\/ubirataonline.com.br\\\/caminhao-apreendido-com-carga-ilegal-avaliada-em-r-2-milhoes-em-vitorino\\\/\"},\"author\":{\"name\":\"REDA\u00c7\u00c3O: UBIRAT\u00c3 ONLINE - F\u00c1BIO AUGUSTO CELESTINO\",\"@id\":\"https:\\\/\\\/ubirataonline.com.br\\\/#\\\/schema\\\/person\\\/372f87bbd3fdd79b8556b84c98d0bc1c\"},\"headline\":\"Caminh\u00e3o apreendido com carga ilegal avaliada em R$ 2 milh\u00f5es em Vitorino\",\"datePublished\":\"2026-08-11T09:06:40+00:00\",\"mainEntityOfPage\":{\"@id\":\"https:\\\/\\\/ubirataonline.com.br\\\/caminhao-apreendido-com-carga-ilegal-avaliada-em-r-2-milhoes-em-vitorino\\\/\"},\"wordCount\":386,\"publisher\":{\"@id\":\"https:\\\/\\\/ubirataonline.com.br\\\/#organization\"},\"articleSection\":[\"Paran\u00e1\"],\"inLanguage\":\"en-US\",\"copyrightYear\":\"2026\",\"copyrightHolder\":{\"@id\":\"https:\\\/\\\/ubirataonline.com.br\\\/en\\\/#organization\"}},{\"@type\":\"WebPage\",\"@id\":\"https:\\\/\\\/ubirataonline.com.br\\\/caminhao-apreendido-com-carga-ilegal-avaliada-em-r-2-milhoes-em-vitorino\\\/\",\"url\":\"https:\\\/\\\/ubirataonline.com.br\\\/caminhao-apreendido-com-carga-ilegal-avaliada-em-r-2-milhoes-em-vitorino\\\/\",\"name\":\"Caminh\u00e3o apreendido com carga ilegal avaliada em R$ 2 milh\u00f5es em Vitorino - Ubirat\u00e3 Online Not\u00edcias - A realidade ao seu alcance!\",\"isPartOf\":{\"@id\":\"https:\\\/\\\/ubirataonline.com.br\\\/#website\"},\"datePublished\":\"2026-08-11T09:06:40+00:00\",\"description\":\"Um caminh\u00e3o ba\u00fa foi apreendido na zona rural de Vitorino ap\u00f3s abordagem conjunta da Pol\u00edcia Militar do Paran\u00e1, Receita Federal e Pol\u00edcia Militar\",\"breadcrumb\":{\"@id\":\"https:\\\/\\\/ubirataonline.com.br\\\/caminhao-apreendido-com-carga-ilegal-avaliada-em-r-2-milhoes-em-vitorino\\\/#breadcrumb\"},\"inLanguage\":\"en-US\",\"potentialAction\":[{\"@type\":\"ReadAction\",\"target\":[\"https:\\\/\\\/ubirataonline.com.br\\\/caminhao-apreendido-com-carga-ilegal-avaliada-em-r-2-milhoes-em-vitorino\\\/\"]}]},{\"@type\":\"BreadcrumbList\",\"@id\":\"https:\\\/\\\/ubirataonline.com.br\\\/caminhao-apreendido-com-carga-ilegal-avaliada-em-r-2-milhoes-em-vitorino\\\/#breadcrumb\",\"itemListElement\":[{\"@type\":\"ListItem\",\"position\":1,\"name\":\"In\u00edcio\",\"item\":\"https:\\\/\\\/ubirataonline.com.br\\\/\"},{\"@type\":\"ListItem\",\"position\":2,\"name\":\"Caminh\u00e3o apreendido com carga ilegal avaliada em R$ 2 milh\u00f5es em Vitorino\"}]},{\"@type\":\"WebSite\",\"@id\":\"https:\\\/\\\/ubirataonline.com.br\\\/#website\",\"url\":\"https:\\\/\\\/ubirataonline.com.br\\\/\",\"name\":\"Ubirat\u00e3 Online Not\u00edcias\",\"description\":\"Not\u00edcias de Ubirat\u00e3, regi\u00e3o, Brasil e mundo, com informa\u00e7\u00e3o atualizada e compromisso com o leitor.\",\"publisher\":{\"@id\":\"https:\\\/\\\/ubirataonline.com.br\\\/#organization\"},\"alternateName\":\"Ubirat\u00e3 Online\",\"potentialAction\":[{\"@type\":\"SearchAction\",\"target\":{\"@type\":\"EntryPoint\",\"urlTemplate\":\"https:\\\/\\\/ubirataonline.com.br\\\/?s={search_term_string}\"},\"query-input\":{\"@type\":\"PropertyValueSpecification\",\"valueRequired\":true,\"valueName\":\"search_term_string\"}}],\"inLanguage\":\"en-US\"},{\"@type\":[\"Organization\",\"Place\"],\"@id\":\"https:\\\/\\\/ubirataonline.com.br\\\/#organization\",\"name\":\"Ubirat\u00e3 Online Not\u00edcias\",\"alternateName\":\"Ubirat\u00e3 Online\",\"url\":\"https:\\\/\\\/ubirataonline.com.br\\\/\",\"logo\":{\"@id\":\"https:\\\/\\\/ubirataonline.com.br\\\/caminhao-apreendido-com-carga-ilegal-avaliada-em-r-2-milhoes-em-vitorino\\\/#local-main-organization-logo\"},\"image\":{\"@id\":\"https:\\\/\\\/ubirataonline.com.br\\\/caminhao-apreendido-com-carga-ilegal-avaliada-em-r-2-milhoes-em-vitorino\\\/#local-main-organization-logo\"},\"sameAs\":[\"https:\\\/\\\/www.facebook.com\\\/portalubirataonline\",\"https:\\\/\\\/x.com\\\/ubirataonline\",\"https:\\\/\\\/mastodon.social\\\/@ubirataonline\",\"https:\\\/\\\/www.facebook.com\\\/groups\\\/311144672285604\",\"https:\\\/\\\/www.facebook.com\\\/UBTAOnline\",\"https:\\\/\\\/www.instagram.com\\\/portalubirataonline\\\/\",\"https:\\\/\\\/twitter.com\\\/ubirataonline\"],\"description\":\"Somos um portal de not\u00edcias independente, criado em 5 de janeiro de 2009, com o objetivo de informar, conectar e valorizar a nossa comunidade de Ubirat\u00e3 e toda aregi\u00e3o. Com conte\u00fado atualizado, confi\u00e1vel e relevante, o Ubirat\u00e3 Online \u00e9 o seu espa\u00e7o para ficar por dentro dos principais acontecimentos locais, regionais, Brasil, Mundo e de interesse geral. Nosso compromisso \u00e9 com a verdade, a transpar\u00eancia e o respeito ao leitor.\",\"legalName\":\"UBIRATA ONLINE NOT\u00cdCIAS\",\"foundingDate\":\"2009-01-05\",\"numberOfEmployees\":{\"@type\":\"QuantitativeValue\",\"minValue\":\"1\",\"maxValue\":\"10\"},\"publishingPrinciples\":\"https:\\\/\\\/ubirataonline.com.br\\\/faq\\\/\",\"address\":{\"@id\":\"https:\\\/\\\/ubirataonline.com.br\\\/caminhao-apreendido-com-carga-ilegal-avaliada-em-r-2-milhoes-em-vitorino\\\/#local-main-place-address\"},\"geo\":{\"@type\":\"GeoCoordinates\",\"latitude\":\"-24.5361401\",\"longitude\":\"-52.9921776\"},\"telephone\":[\"+5544998308235\"],\"contactPoint\":{\"@type\":\"ContactPoint\",\"email\":\"contato@ubirataonline.com.br\"},\"openingHoursSpecification\":{\"@type\":\"OpeningHoursSpecification\",\"dayOfWeek\":[\"Monday\",\"Tuesday\",\"Wednesday\",\"Thursday\",\"Friday\",\"Saturday\",\"Sunday\"],\"opens\":\"00:00\",\"closes\":\"23:59\"},\"email\":\"contato@ubirataonline.com.br\",\"vatID\":\"47.621.418\\\/0001-80\"},{\"@type\":\"Person\",\"@id\":\"https:\\\/\\\/ubirataonline.com.br\\\/#\\\/schema\\\/person\\\/372f87bbd3fdd79b8556b84c98d0bc1c\",\"name\":\"REDA\u00c7\u00c3O: UBIRAT\u00c3 ONLINE - F\u00c1BIO AUGUSTO CELESTINO\",\"pronouns\":\"Ele\",\"description\":\"Desde 2003 trabalhando com not\u00edcias.\",\"sameAs\":[\"http:\\\/\\\/ubirataoline.com.br\",\"https:\\\/\\\/www.facebook.com\\\/portalubirataonline\",\"https:\\\/\\\/www.instagram.com\\\/ubirataonline_oficial\",\"https:\\\/\\\/x.com\\\/x.com\\\/ubirataonline\"],\"honorificPrefix\":\"Mr.\",\"honorificSuffix\":\"MD\",\"birthDate\":\"1980-06-16\",\"gender\":\"masculino\",\"award\":[\"V\u00e1rios pr\u00eamios de melhor portal da cidade\"],\"jobTitle\":\"Diretor\",\"url\":\"https:\\\/\\\/ubirataonline.com.br\\\/en\\\/author\\\/ubirataonline\\\/\"},{\"@type\":\"PostalAddress\",\"@id\":\"https:\\\/\\\/ubirataonline.com.br\\\/caminhao-apreendido-com-carga-ilegal-avaliada-em-r-2-milhoes-em-vitorino\\\/#local-main-place-address\",\"streetAddress\":\"Rua dos Coqueiros, 104 - Bairro Boa Vista, Rua dos Coqueiros, 104 Bairro Boa Vista\",\"addressLocality\":\"UBIRATA\",\"postalCode\":\"85440-000\",\"addressRegion\":\"PR\",\"addressCountry\":\"BR\"},{\"@type\":\"ImageObject\",\"inLanguage\":\"en-US\",\"@id\":\"https:\\\/\\\/ubirataonline.com.br\\\/caminhao-apreendido-com-carga-ilegal-avaliada-em-r-2-milhoes-em-vitorino\\\/#local-main-organization-logo\",\"url\":\"https:\\\/\\\/ubirataonline.com.br\\\/wp-content\\\/uploads\\\/2026\\\/06\\\/logoubirataonline-1.webp\",\"contentUrl\":\"https:\\\/\\\/ubirataonline.com.br\\\/wp-content\\\/uploads\\\/2026\\\/06\\\/logoubirataonline-1.webp\",\"width\":500,\"height\":500,\"caption\":\"Ubirat\u00e3 Online Not\u00edcias\"}]}<\/script>\n<meta name=\"geo.placename\" content=\"UBIRATA\" \/>\n<meta name=\"geo.position\" content=\"-24.5361401;-52.9921776\" \/>\n<meta name=\"geo.region\" content=\"Brazil\" \/>\n<!-- \/ Yoast SEO Premium plugin. -->","yoast_head_json":{"title":"Caminh\u00e3o apreendido com carga ilegal avaliada em R$ 2 milh\u00f5es em Vitorino - Ubirat\u00e3 Online Not\u00edcias - A realidade ao seu alcance!","description":"Um caminh\u00e3o ba\u00fa foi apreendido na zona rural de Vitorino ap\u00f3s abordagem conjunta da Pol\u00edcia Militar do Paran\u00e1, Receita Federal e Pol\u00edcia Militar","robots":{"index":"index","follow":"follow","max-snippet":"max-snippet:-1","max-image-preview":"max-image-preview:large","max-video-preview":"max-video-preview:-1"},"canonical":"https:\/\/ubirataonline.com.br\/en\/caminhao-apreendido-com-carga-ilegal-avaliada-em-r-2-milhoes-em-vitorino\/","og_locale":"en_US","og_type":"article","og_title":"Caminh\u00e3o apreendido com carga ilegal avaliada em R$ 2 milh\u00f5es em Vitorino","og_description":"Um caminh\u00e3o ba\u00fa foi apreendido na zona rural de Vitorino ap\u00f3s abordagem conjunta da Pol\u00edcia Militar do Paran\u00e1, Receita Federal e Pol\u00edcia Militar","og_url":"https:\/\/ubirataonline.com.br\/en\/caminhao-apreendido-com-carga-ilegal-avaliada-em-r-2-milhoes-em-vitorino\/","og_site_name":"Ubirat\u00e3 Online Not\u00edcias - A realidade ao seu alcance!","article_publisher":"https:\/\/www.facebook.com\/portalubirataonline","article_author":"https:\/\/www.facebook.com\/portalubirataonline","article_published_time":"2026-08-11T09:06:40+00:00","og_image":[{"width":1531,"height":418,"url":"https:\/\/ubirataonline.com.br\/wp-content\/uploads\/2026\/05\/logo2026.webp","type":"image\/webp"}],"author":"REDA\u00c7\u00c3O: UBIRAT\u00c3 ONLINE - F\u00c1BIO AUGUSTO CELESTINO","twitter_card":"summary_large_image","twitter_creator":"@x.com\/ubirataonline","twitter_site":"@ubirataonline","twitter_misc":{"Written by":"REDA\u00c7\u00c3O: UBIRAT\u00c3 ONLINE - F\u00c1BIO AUGUSTO CELESTINO","Est. reading time":"2 minutes"},"schema":{"@context":"https:\/\/schema.org","@graph":[{"@type":"NewsArticle","@id":"https:\/\/ubirataonline.com.br\/caminhao-apreendido-com-carga-ilegal-avaliada-em-r-2-milhoes-em-vitorino\/#article","isPartOf":{"@id":"https:\/\/ubirataonline.com.br\/caminhao-apreendido-com-carga-ilegal-avaliada-em-r-2-milhoes-em-vitorino\/"},"author":{"name":"REDA\u00c7\u00c3O: UBIRAT\u00c3 ONLINE - F\u00c1BIO AUGUSTO CELESTINO","@id":"https:\/\/ubirataonline.com.br\/#\/schema\/person\/372f87bbd3fdd79b8556b84c98d0bc1c"},"headline":"Caminh\u00e3o apreendido com carga ilegal avaliada em R$ 2 milh\u00f5es em Vitorino","datePublished":"2026-08-11T09:06:40+00:00","mainEntityOfPage":{"@id":"https:\/\/ubirataonline.com.br\/caminhao-apreendido-com-carga-ilegal-avaliada-em-r-2-milhoes-em-vitorino\/"},"wordCount":386,"publisher":{"@id":"https:\/\/ubirataonline.com.br\/#organization"},"articleSection":["Paran\u00e1"],"inLanguage":"en-US","copyrightYear":"2026","copyrightHolder":{"@id":"https:\/\/ubirataonline.com.br\/en\/#organization"}},{"@type":"WebPage","@id":"https:\/\/ubirataonline.com.br\/caminhao-apreendido-com-carga-ilegal-avaliada-em-r-2-milhoes-em-vitorino\/","url":"https:\/\/ubirataonline.com.br\/caminhao-apreendido-com-carga-ilegal-avaliada-em-r-2-milhoes-em-vitorino\/","name":"Caminh\u00e3o apreendido com carga ilegal avaliada em R$ 2 milh\u00f5es em Vitorino - Ubirat\u00e3 Online Not\u00edcias - A realidade ao seu alcance!","isPartOf":{"@id":"https:\/\/ubirataonline.com.br\/#website"},"datePublished":"2026-08-11T09:06:40+00:00","description":"Um caminh\u00e3o ba\u00fa foi apreendido na zona rural de Vitorino ap\u00f3s abordagem conjunta da Pol\u00edcia Militar do Paran\u00e1, Receita Federal e Pol\u00edcia Militar","breadcrumb":{"@id":"https:\/\/ubirataonline.com.br\/caminhao-apreendido-com-carga-ilegal-avaliada-em-r-2-milhoes-em-vitorino\/#breadcrumb"},"inLanguage":"en-US","potentialAction":[{"@type":"ReadAction","target":["https:\/\/ubirataonline.com.br\/caminhao-apreendido-com-carga-ilegal-avaliada-em-r-2-milhoes-em-vitorino\/"]}]},{"@type":"BreadcrumbList","@id":"https:\/\/ubirataonline.com.br\/caminhao-apreendido-com-carga-ilegal-avaliada-em-r-2-milhoes-em-vitorino\/#breadcrumb","itemListElement":[{"@type":"ListItem","position":1,"name":"In\u00edcio","item":"https:\/\/ubirataonline.com.br\/"},{"@type":"ListItem","position":2,"name":"Caminh\u00e3o apreendido com carga ilegal avaliada em R$ 2 milh\u00f5es em Vitorino"}]},{"@type":"WebSite","@id":"https:\/\/ubirataonline.com.br\/#website","url":"https:\/\/ubirataonline.com.br\/","name":"Ubirat\u00e3 Online Not\u00edcias","description":"Not\u00edcias de Ubirat\u00e3, regi\u00e3o, Brasil e mundo, com informa\u00e7\u00e3o atualizada e compromisso com o leitor.","publisher":{"@id":"https:\/\/ubirataonline.com.br\/#organization"},"alternateName":"Ubirat\u00e3 Online","potentialAction":[{"@type":"SearchAction","target":{"@type":"EntryPoint","urlTemplate":"https:\/\/ubirataonline.com.br\/?s={search_term_string}"},"query-input":{"@type":"PropertyValueSpecification","valueRequired":true,"valueName":"search_term_string"}}],"inLanguage":"en-US"},{"@type":["Organization","Place"],"@id":"https:\/\/ubirataonline.com.br\/#organization","name":"Ubirat\u00e3 Online Not\u00edcias","alternateName":"Ubirat\u00e3 Online","url":"https:\/\/ubirataonline.com.br\/","logo":{"@id":"https:\/\/ubirataonline.com.br\/caminhao-apreendido-com-carga-ilegal-avaliada-em-r-2-milhoes-em-vitorino\/#local-main-organization-logo"},"image":{"@id":"https:\/\/ubirataonline.com.br\/caminhao-apreendido-com-carga-ilegal-avaliada-em-r-2-milhoes-em-vitorino\/#local-main-organization-logo"},"sameAs":["https:\/\/www.facebook.com\/portalubirataonline","https:\/\/x.com\/ubirataonline","https:\/\/mastodon.social\/@ubirataonline","https:\/\/www.facebook.com\/groups\/311144672285604","https:\/\/www.facebook.com\/UBTAOnline","https:\/\/www.instagram.com\/portalubirataonline\/","https:\/\/twitter.com\/ubirataonline"],"description":"Somos um portal de not\u00edcias independente, criado em 5 de janeiro de 2009, com o objetivo de informar, conectar e valorizar a nossa comunidade de Ubirat\u00e3 e toda aregi\u00e3o. Com conte\u00fado atualizado, confi\u00e1vel e relevante, o Ubirat\u00e3 Online \u00e9 o seu espa\u00e7o para ficar por dentro dos principais acontecimentos locais, regionais, Brasil, Mundo e de interesse geral. Nosso compromisso \u00e9 com a verdade, a transpar\u00eancia e o respeito ao leitor.","legalName":"UBIRATA ONLINE NOT\u00cdCIAS","foundingDate":"2009-01-05","numberOfEmployees":{"@type":"QuantitativeValue","minValue":"1","maxValue":"10"},"publishingPrinciples":"https:\/\/ubirataonline.com.br\/faq\/","address":{"@id":"https:\/\/ubirataonline.com.br\/caminhao-apreendido-com-carga-ilegal-avaliada-em-r-2-milhoes-em-vitorino\/#local-main-place-address"},"geo":{"@type":"GeoCoordinates","latitude":"-24.5361401","longitude":"-52.9921776"},"telephone":["+5544998308235"],"contactPoint":{"@type":"ContactPoint","email":"contato@ubirataonline.com.br"},"openingHoursSpecification":{"@type":"OpeningHoursSpecification","dayOfWeek":["Monday","Tuesday","Wednesday","Thursday","Friday","Saturday","Sunday"],"opens":"00:00","closes":"23:59"},"email":"contato@ubirataonline.com.br","vatID":"47.621.418\/0001-80"},{"@type":"Person","@id":"https:\/\/ubirataonline.com.br\/#\/schema\/person\/372f87bbd3fdd79b8556b84c98d0bc1c","name":"REDA\u00c7\u00c3O: UBIRAT\u00c3 ONLINE - F\u00c1BIO AUGUSTO CELESTINO","pronouns":"Ele","description":"Desde 2003 trabalhando com not\u00edcias.","sameAs":["http:\/\/ubirataoline.com.br","https:\/\/www.facebook.com\/portalubirataonline","https:\/\/www.instagram.com\/ubirataonline_oficial","https:\/\/x.com\/x.com\/ubirataonline"],"honorificPrefix":"Mr.","honorificSuffix":"MD","birthDate":"1980-06-16","gender":"masculino","award":["V\u00e1rios pr\u00eamios de melhor portal da cidade"],"jobTitle":"Diretor","url":"https:\/\/ubirataonline.com.br\/en\/author\/ubirataonline\/"},{"@type":"PostalAddress","@id":"https:\/\/ubirataonline.com.br\/caminhao-apreendido-com-carga-ilegal-avaliada-em-r-2-milhoes-em-vitorino\/#local-main-place-address","streetAddress":"Rua dos Coqueiros, 104 - Bairro Boa Vista, Rua dos Coqueiros, 104 Bairro Boa Vista","addressLocality":"UBIRATA","postalCode":"85440-000","addressRegion":"PR","addressCountry":"BR"},{"@type":"ImageObject","inLanguage":"en-US","@id":"https:\/\/ubirataonline.com.br\/caminhao-apreendido-com-carga-ilegal-avaliada-em-r-2-milhoes-em-vitorino\/#local-main-organization-logo","url":"https:\/\/ubirataonline.com.br\/wp-content\/uploads\/2026\/06\/logoubirataonline-1.webp","contentUrl":"https:\/\/ubirataonline.com.br\/wp-content\/uploads\/2026\/06\/logoubirataonline-1.webp","width":500,"height":500,"caption":"Ubirat\u00e3 Online Not\u00edcias"}]},"geo.placename":"UBIRATA","geo.position":{"lat":"-24.5361401","long":"-52.9921776"},"geo.region":"Brazil"},"_links":{"self":[{"href":"https:\/\/ubirataonline.com.br\/en\/wp-json\/wp\/v2\/posts\/164220","targetHints":{"allow":["GET"]}}],"collection":[{"href":"https:\/\/ubirataonline.com.br\/en\/wp-json\/wp\/v2\/posts"}],"about":[{"href":"https:\/\/ubirataonline.com.br\/en\/wp-json\/wp\/v2\/types\/post"}],"author":[{"embeddable":true,"href":"https:\/\/ubirataonline.com.br\/en\/wp-json\/wp\/v2\/users\/1"}],"replies":[{"embeddable":true,"href":"https:\/\/ubirataonline.com.br\/en\/wp-json\/wp\/v2\/comments?post=164220"}],"version-history":[{"count":0,"href":"https:\/\/ubirataonline.com.br\/en\/wp-json\/wp\/v2\/posts\/164220\/revisions"}],"wp:attachment":[{"href":"https:\/\/ubirataonline.com.br\/en\/wp-json\/wp\/v2\/media?parent=164220"}],"wp:term":[{"taxonomy":"category","embeddable":true,"href":"https:\/\/ubirataonline.com.br\/en\/wp-json\/wp\/v2\/categories?post=164220"},{"taxonomy":"post_tag","embeddable":true,"href":"https:\/\/ubirataonline.com.br\/en\/wp-json\/wp\/v2\/tags?post=164220"}],"curies":[{"name":"wp","href":"https:\/\/api.w.org\/{rel}","templated":true}]}}