{"id":164221,"date":"2026-08-11T06:09:21","date_gmt":"2026-08-11T09:09:21","guid":{"rendered":"https:\/\/ubirataonline.com.br\/caminhao-com-carga-avaliada-em-r-2-milhoes-e-apreendido-em-vitorino-pela-receita-federal-e-pm\/"},"modified":"2026-08-11T06:09:21","modified_gmt":"2026-08-11T09:09:21","slug":"caminhao-com-carga-avaliada-em-r-2-milhoes-e-apreendido-em-vitorino-pela-receita-federal-e-pm","status":"publish","type":"post","link":"https:\/\/ubirataonline.com.br\/en\/caminhao-com-carga-avaliada-em-r-2-milhoes-e-apreendido-em-vitorino-pela-receita-federal-e-pm\/","title":{"rendered":"Caminh\u00e3o com carga avaliada em R$ 2 milh\u00f5es \u00e9 apreendido em Vitorino pela Receita Federal e PM"},"content":{"rendered":"<p>Um caminh\u00e3o ba\u00fa foi apreendido na zona rural de Vitorino durante uma opera\u00e7\u00e3o conjunta da Pol\u00edcia Militar do Paran\u00e1, da Receita Federal e da Pol\u00edcia Militar Rodovi\u00e1ria de Santa Catarina. A carga, avaliada em cerca de R$ 2 milh\u00f5es, era composta por mercadorias de origem estrangeira sem o devido desembara\u00e7o aduaneiro.<\/p>\n<p>A apreens\u00e3o ocorreu ap\u00f3s a abordagem do ve\u00edculo, cujo motorista apresentou informa\u00e7\u00f5es desencontradas sobre a viagem. Devido a quest\u00f5es de seguran\u00e7a e \u00e0 falta de ilumina\u00e7\u00e3o, o caminh\u00e3o foi conduzido at\u00e9 a sede do 3\u00ba Batalh\u00e3o da Pol\u00edcia Militar para uma vistoria detalhada.<\/p>\n<h3>Conte\u00fado da carga apreendida<\/h3>\n<p>Inicialmente, o motorista alegou transportar bobinas de pl\u00e1stico-bolha, mas a fiscaliza\u00e7\u00e3o revelou centenas de caixas de vinhos provenientes da Argentina, que estavam sem desembara\u00e7o aduaneiro. Al\u00e9m disso, agentes encontraram caixas escondidas contendo celulares, outros eletr\u00f4nicos como MacBooks, dezenas de frascos do medicamento Tirzepatida, e uma quantia em dinheiro em esp\u00e9cie.<\/p>\n<h3>Desdobramentos da opera\u00e7\u00e3o<\/h3>\n<p>Ap\u00f3s a confiss\u00e3o do motorista sobre o transporte da carga irregular, ele recebeu voz de pris\u00e3o. A Receita Federal lacrou e apreendeu tanto o caminh\u00e3o quanto as mercadorias, que foram encaminhados ao dep\u00f3sito do \u00f3rg\u00e3o. Amostras do medicamento apreendido foram separadas para an\u00e1lise pericial.<\/p>\n<p>O suspeito foi levado \u00e0 Delegacia de Pol\u00edcia Federal para os procedimentos legais. Segundo informa\u00e7\u00f5es da Pol\u00edcia Militar, o preju\u00edzo estimado pela a\u00e7\u00e3o criminosa ultrapassa R$ 2 milh\u00f5es.<\/p>","protected":false},"excerpt":{"rendered":"<p>Um caminh\u00e3o ba\u00fa foi apreendido na zona rural de Vitorino durante uma opera\u00e7\u00e3o conjunta da Pol\u00edcia Militar do Paran\u00e1, da Receita Federal e da Pol\u00edcia Militar Rodovi\u00e1ria de Santa Catarina. A carga, avaliada em cerca de R$ 2 milh\u00f5es, era composta por mercadorias de origem estrangeira sem o devido desembara\u00e7o aduaneiro. A apreens\u00e3o ocorreu ap\u00f3s [&hellip;]<\/p>\n","protected":false},"author":1,"featured_media":164222,"comment_status":"","ping_status":"","sticky":false,"template":"","format":"standard","meta":{"googlesitekit_rrm_CAow2JLhCw:productID":"","_gspb_post_css":"","maa_idioma":"","maa_pais":"","footnotes":""},"categories":[43088],"tags":[],"class_list":["post-164221","post","type-post","status-publish","format-standard","has-post-thumbnail","hentry","category-parana"],"blocksy_meta":[],"yoast_head":"<!-- This site is optimized with the Yoast SEO Premium plugin v27.6 (Yoast SEO v27.6) - https:\/\/yoast.com\/product\/yoast-seo-premium-wordpress\/ -->\n<title>Caminh\u00e3o com carga avaliada em R$ 2 milh\u00f5es \u00e9 apreendido em Vitorino pela Receita Federal e PM - Ubirat\u00e3 Online Not\u00edcias - A realidade ao seu alcance!<\/title>\n<meta name=\"description\" content=\"Um caminh\u00e3o ba\u00fa foi apreendido na zona rural de Vitorino durante uma opera\u00e7\u00e3o conjunta da Pol\u00edcia Militar do Paran\u00e1, da Receita Federal e da Pol\u00edcia\" \/>\n<meta name=\"robots\" content=\"index, follow, max-snippet:-1, max-image-preview:large, max-video-preview:-1\" \/>\n<link rel=\"canonical\" href=\"https:\/\/ubirataonline.com.br\/en\/caminhao-com-carga-avaliada-em-r-2-milhoes-e-apreendido-em-vitorino-pela-receita-federal-e-pm\/\" \/>\n<meta property=\"og:locale\" content=\"en_US\" \/>\n<meta property=\"og:type\" content=\"article\" \/>\n<meta property=\"og:title\" content=\"Caminh\u00e3o com carga avaliada em R$ 2 milh\u00f5es \u00e9 apreendido em Vitorino pela Receita Federal e PM\" \/>\n<meta property=\"og:description\" content=\"Um caminh\u00e3o ba\u00fa foi apreendido na zona rural de Vitorino durante uma opera\u00e7\u00e3o conjunta da Pol\u00edcia Militar do Paran\u00e1, da Receita Federal e da Pol\u00edcia\" \/>\n<meta property=\"og:url\" content=\"https:\/\/ubirataonline.com.br\/en\/caminhao-com-carga-avaliada-em-r-2-milhoes-e-apreendido-em-vitorino-pela-receita-federal-e-pm\/\" \/>\n<meta property=\"og:site_name\" content=\"Ubirat\u00e3 Online Not\u00edcias - A realidade ao seu alcance!\" \/>\n<meta property=\"article:publisher\" content=\"https:\/\/www.facebook.com\/portalubirataonline\" \/>\n<meta property=\"article:author\" content=\"https:\/\/www.facebook.com\/portalubirataonline\" \/>\n<meta property=\"article:published_time\" content=\"2026-08-11T09:09:21+00:00\" \/>\n<meta property=\"og:image\" content=\"https:\/\/ubirataonline.com.br\/wp-content\/uploads\/2026\/05\/logo2026.webp\" \/>\n\t<meta property=\"og:image:width\" content=\"1531\" \/>\n\t<meta property=\"og:image:height\" content=\"418\" \/>\n\t<meta property=\"og:image:type\" content=\"image\/webp\" \/>\n<meta name=\"author\" content=\"REDA\u00c7\u00c3O: UBIRAT\u00c3 ONLINE - F\u00c1BIO AUGUSTO CELESTINO\" \/>\n<meta name=\"twitter:card\" content=\"summary_large_image\" \/>\n<meta name=\"twitter:creator\" content=\"@x.com\/ubirataonline\" \/>\n<meta name=\"twitter:site\" content=\"@ubirataonline\" \/>\n<meta name=\"twitter:label1\" content=\"Written by\" \/>\n\t<meta name=\"twitter:data1\" content=\"REDA\u00c7\u00c3O: UBIRAT\u00c3 ONLINE - F\u00c1BIO AUGUSTO CELESTINO\" \/>\n\t<meta name=\"twitter:label2\" content=\"Est. reading time\" \/>\n\t<meta name=\"twitter:data2\" content=\"1 minute\" \/>\n<script type=\"application\/ld+json\" class=\"yoast-schema-graph\">{\"@context\":\"https:\\\/\\\/schema.org\",\"@graph\":[{\"@type\":\"NewsArticle\",\"@id\":\"https:\\\/\\\/ubirataonline.com.br\\\/caminhao-com-carga-avaliada-em-r-2-milhoes-e-apreendido-em-vitorino-pela-receita-federal-e-pm\\\/#article\",\"isPartOf\":{\"@id\":\"https:\\\/\\\/ubirataonline.com.br\\\/caminhao-com-carga-avaliada-em-r-2-milhoes-e-apreendido-em-vitorino-pela-receita-federal-e-pm\\\/\"},\"author\":{\"name\":\"REDA\u00c7\u00c3O: UBIRAT\u00c3 ONLINE - F\u00c1BIO AUGUSTO CELESTINO\",\"@id\":\"https:\\\/\\\/ubirataonline.com.br\\\/#\\\/schema\\\/person\\\/372f87bbd3fdd79b8556b84c98d0bc1c\"},\"headline\":\"Caminh\u00e3o com carga avaliada em R$ 2 milh\u00f5es \u00e9 apreendido em Vitorino pela Receita Federal e PM\",\"datePublished\":\"2026-08-11T09:09:21+00:00\",\"mainEntityOfPage\":{\"@id\":\"https:\\\/\\\/ubirataonline.com.br\\\/caminhao-com-carga-avaliada-em-r-2-milhoes-e-apreendido-em-vitorino-pela-receita-federal-e-pm\\\/\"},\"wordCount\":273,\"publisher\":{\"@id\":\"https:\\\/\\\/ubirataonline.com.br\\\/#organization\"},\"image\":{\"@id\":\"https:\\\/\\\/ubirataonline.com.br\\\/caminhao-com-carga-avaliada-em-r-2-milhoes-e-apreendido-em-vitorino-pela-receita-federal-e-pm\\\/#primaryimage\"},\"thumbnailUrl\":\"https:\\\/\\\/ubirataonline.com.br\\\/wp-content\\\/uploads\\\/2026\\\/08\\\/maaimg-post-164221-20260811-090944.webp\",\"articleSection\":[\"Paran\u00e1\"],\"inLanguage\":\"en-US\",\"copyrightYear\":\"2026\",\"copyrightHolder\":{\"@id\":\"https:\\\/\\\/ubirataonline.com.br\\\/en\\\/#organization\"}},{\"@type\":\"WebPage\",\"@id\":\"https:\\\/\\\/ubirataonline.com.br\\\/caminhao-com-carga-avaliada-em-r-2-milhoes-e-apreendido-em-vitorino-pela-receita-federal-e-pm\\\/\",\"url\":\"https:\\\/\\\/ubirataonline.com.br\\\/caminhao-com-carga-avaliada-em-r-2-milhoes-e-apreendido-em-vitorino-pela-receita-federal-e-pm\\\/\",\"name\":\"Caminh\u00e3o com carga avaliada em R$ 2 milh\u00f5es \u00e9 apreendido em Vitorino pela Receita Federal e PM - Ubirat\u00e3 Online Not\u00edcias - A realidade ao seu alcance!\",\"isPartOf\":{\"@id\":\"https:\\\/\\\/ubirataonline.com.br\\\/#website\"},\"primaryImageOfPage\":{\"@id\":\"https:\\\/\\\/ubirataonline.com.br\\\/caminhao-com-carga-avaliada-em-r-2-milhoes-e-apreendido-em-vitorino-pela-receita-federal-e-pm\\\/#primaryimage\"},\"image\":{\"@id\":\"https:\\\/\\\/ubirataonline.com.br\\\/caminhao-com-carga-avaliada-em-r-2-milhoes-e-apreendido-em-vitorino-pela-receita-federal-e-pm\\\/#primaryimage\"},\"thumbnailUrl\":\"https:\\\/\\\/ubirataonline.com.br\\\/wp-content\\\/uploads\\\/2026\\\/08\\\/maaimg-post-164221-20260811-090944.webp\",\"datePublished\":\"2026-08-11T09:09:21+00:00\",\"description\":\"Um caminh\u00e3o ba\u00fa foi apreendido na zona rural de Vitorino durante uma opera\u00e7\u00e3o conjunta da Pol\u00edcia Militar do Paran\u00e1, da Receita Federal e da Pol\u00edcia\",\"breadcrumb\":{\"@id\":\"https:\\\/\\\/ubirataonline.com.br\\\/caminhao-com-carga-avaliada-em-r-2-milhoes-e-apreendido-em-vitorino-pela-receita-federal-e-pm\\\/#breadcrumb\"},\"inLanguage\":\"en-US\",\"potentialAction\":[{\"@type\":\"ReadAction\",\"target\":[\"https:\\\/\\\/ubirataonline.com.br\\\/caminhao-com-carga-avaliada-em-r-2-milhoes-e-apreendido-em-vitorino-pela-receita-federal-e-pm\\\/\"]}]},{\"@type\":\"ImageObject\",\"inLanguage\":\"en-US\",\"@id\":\"https:\\\/\\\/ubirataonline.com.br\\\/caminhao-com-carga-avaliada-em-r-2-milhoes-e-apreendido-em-vitorino-pela-receita-federal-e-pm\\\/#primaryimage\",\"url\":\"https:\\\/\\\/ubirataonline.com.br\\\/wp-content\\\/uploads\\\/2026\\\/08\\\/maaimg-post-164221-20260811-090944.webp\",\"contentUrl\":\"https:\\\/\\\/ubirataonline.com.br\\\/wp-content\\\/uploads\\\/2026\\\/08\\\/maaimg-post-164221-20260811-090944.webp\",\"width\":1536,\"height\":1024,\"caption\":\"Imagem de caminh\u00e3o com carga avaliada R apreendido em fiscaliza\u00e7\u00e3o da Receita Federal e PM em Vitorino\"},{\"@type\":\"BreadcrumbList\",\"@id\":\"https:\\\/\\\/ubirataonline.com.br\\\/caminhao-com-carga-avaliada-em-r-2-milhoes-e-apreendido-em-vitorino-pela-receita-federal-e-pm\\\/#breadcrumb\",\"itemListElement\":[{\"@type\":\"ListItem\",\"position\":1,\"name\":\"In\u00edcio\",\"item\":\"https:\\\/\\\/ubirataonline.com.br\\\/\"},{\"@type\":\"ListItem\",\"position\":2,\"name\":\"Caminh\u00e3o com carga avaliada em R$ 2 milh\u00f5es \u00e9 apreendido em Vitorino pela Receita Federal e PM\"}]},{\"@type\":\"WebSite\",\"@id\":\"https:\\\/\\\/ubirataonline.com.br\\\/#website\",\"url\":\"https:\\\/\\\/ubirataonline.com.br\\\/\",\"name\":\"Ubirat\u00e3 Online Not\u00edcias\",\"description\":\"Not\u00edcias de Ubirat\u00e3, regi\u00e3o, Brasil e mundo, com informa\u00e7\u00e3o atualizada e compromisso com o leitor.\",\"publisher\":{\"@id\":\"https:\\\/\\\/ubirataonline.com.br\\\/#organization\"},\"alternateName\":\"Ubirat\u00e3 Online\",\"potentialAction\":[{\"@type\":\"SearchAction\",\"target\":{\"@type\":\"EntryPoint\",\"urlTemplate\":\"https:\\\/\\\/ubirataonline.com.br\\\/?s={search_term_string}\"},\"query-input\":{\"@type\":\"PropertyValueSpecification\",\"valueRequired\":true,\"valueName\":\"search_term_string\"}}],\"inLanguage\":\"en-US\"},{\"@type\":[\"Organization\",\"Place\"],\"@id\":\"https:\\\/\\\/ubirataonline.com.br\\\/#organization\",\"name\":\"Ubirat\u00e3 Online Not\u00edcias\",\"alternateName\":\"Ubirat\u00e3 Online\",\"url\":\"https:\\\/\\\/ubirataonline.com.br\\\/\",\"logo\":{\"@id\":\"https:\\\/\\\/ubirataonline.com.br\\\/caminhao-com-carga-avaliada-em-r-2-milhoes-e-apreendido-em-vitorino-pela-receita-federal-e-pm\\\/#local-main-organization-logo\"},\"image\":{\"@id\":\"https:\\\/\\\/ubirataonline.com.br\\\/caminhao-com-carga-avaliada-em-r-2-milhoes-e-apreendido-em-vitorino-pela-receita-federal-e-pm\\\/#local-main-organization-logo\"},\"sameAs\":[\"https:\\\/\\\/www.facebook.com\\\/portalubirataonline\",\"https:\\\/\\\/x.com\\\/ubirataonline\",\"https:\\\/\\\/mastodon.social\\\/@ubirataonline\",\"https:\\\/\\\/www.facebook.com\\\/groups\\\/311144672285604\",\"https:\\\/\\\/www.facebook.com\\\/UBTAOnline\",\"https:\\\/\\\/www.instagram.com\\\/portalubirataonline\\\/\",\"https:\\\/\\\/twitter.com\\\/ubirataonline\"],\"description\":\"Somos um portal de not\u00edcias independente, criado em 5 de janeiro de 2009, com o objetivo de informar, conectar e valorizar a nossa comunidade de Ubirat\u00e3 e toda aregi\u00e3o. Com conte\u00fado atualizado, confi\u00e1vel e relevante, o Ubirat\u00e3 Online \u00e9 o seu espa\u00e7o para ficar por dentro dos principais acontecimentos locais, regionais, Brasil, Mundo e de interesse geral. Nosso compromisso \u00e9 com a verdade, a transpar\u00eancia e o respeito ao leitor.\",\"legalName\":\"UBIRATA ONLINE NOT\u00cdCIAS\",\"foundingDate\":\"2009-01-05\",\"numberOfEmployees\":{\"@type\":\"QuantitativeValue\",\"minValue\":\"1\",\"maxValue\":\"10\"},\"publishingPrinciples\":\"https:\\\/\\\/ubirataonline.com.br\\\/faq\\\/\",\"address\":{\"@id\":\"https:\\\/\\\/ubirataonline.com.br\\\/caminhao-com-carga-avaliada-em-r-2-milhoes-e-apreendido-em-vitorino-pela-receita-federal-e-pm\\\/#local-main-place-address\"},\"geo\":{\"@type\":\"GeoCoordinates\",\"latitude\":\"-24.5361401\",\"longitude\":\"-52.9921776\"},\"telephone\":[\"+5544998308235\"],\"contactPoint\":{\"@type\":\"ContactPoint\",\"email\":\"contato@ubirataonline.com.br\"},\"openingHoursSpecification\":{\"@type\":\"OpeningHoursSpecification\",\"dayOfWeek\":[\"Monday\",\"Tuesday\",\"Wednesday\",\"Thursday\",\"Friday\",\"Saturday\",\"Sunday\"],\"opens\":\"00:00\",\"closes\":\"23:59\"},\"email\":\"contato@ubirataonline.com.br\",\"vatID\":\"47.621.418\\\/0001-80\"},{\"@type\":\"Person\",\"@id\":\"https:\\\/\\\/ubirataonline.com.br\\\/#\\\/schema\\\/person\\\/372f87bbd3fdd79b8556b84c98d0bc1c\",\"name\":\"REDA\u00c7\u00c3O: UBIRAT\u00c3 ONLINE - F\u00c1BIO AUGUSTO CELESTINO\",\"pronouns\":\"Ele\",\"description\":\"Desde 2003 trabalhando com not\u00edcias.\",\"sameAs\":[\"http:\\\/\\\/ubirataoline.com.br\",\"https:\\\/\\\/www.facebook.com\\\/portalubirataonline\",\"https:\\\/\\\/www.instagram.com\\\/ubirataonline_oficial\",\"https:\\\/\\\/x.com\\\/x.com\\\/ubirataonline\"],\"honorificPrefix\":\"Mr.\",\"honorificSuffix\":\"MD\",\"birthDate\":\"1980-06-16\",\"gender\":\"masculino\",\"award\":[\"V\u00e1rios pr\u00eamios de melhor portal da cidade\"],\"jobTitle\":\"Diretor\",\"url\":\"https:\\\/\\\/ubirataonline.com.br\\\/en\\\/author\\\/ubirataonline\\\/\"},{\"@type\":\"PostalAddress\",\"@id\":\"https:\\\/\\\/ubirataonline.com.br\\\/caminhao-com-carga-avaliada-em-r-2-milhoes-e-apreendido-em-vitorino-pela-receita-federal-e-pm\\\/#local-main-place-address\",\"streetAddress\":\"Rua dos Coqueiros, 104 - Bairro Boa Vista, Rua dos Coqueiros, 104 Bairro Boa Vista\",\"addressLocality\":\"UBIRATA\",\"postalCode\":\"85440-000\",\"addressRegion\":\"PR\",\"addressCountry\":\"BR\"},{\"@type\":\"ImageObject\",\"inLanguage\":\"en-US\",\"@id\":\"https:\\\/\\\/ubirataonline.com.br\\\/caminhao-com-carga-avaliada-em-r-2-milhoes-e-apreendido-em-vitorino-pela-receita-federal-e-pm\\\/#local-main-organization-logo\",\"url\":\"https:\\\/\\\/ubirataonline.com.br\\\/wp-content\\\/uploads\\\/2026\\\/06\\\/logoubirataonline-1.webp\",\"contentUrl\":\"https:\\\/\\\/ubirataonline.com.br\\\/wp-content\\\/uploads\\\/2026\\\/06\\\/logoubirataonline-1.webp\",\"width\":500,\"height\":500,\"caption\":\"Ubirat\u00e3 Online Not\u00edcias\"}]}<\/script>\n<meta name=\"geo.placename\" content=\"UBIRATA\" \/>\n<meta name=\"geo.position\" content=\"-24.5361401;-52.9921776\" \/>\n<meta name=\"geo.region\" content=\"Brazil\" \/>\n<!-- \/ Yoast SEO Premium plugin. -->","yoast_head_json":{"title":"Caminh\u00e3o com carga avaliada em R$ 2 milh\u00f5es \u00e9 apreendido em Vitorino pela Receita Federal e PM - Ubirat\u00e3 Online Not\u00edcias - A realidade ao seu alcance!","description":"Um caminh\u00e3o ba\u00fa foi apreendido na zona rural de Vitorino durante uma opera\u00e7\u00e3o conjunta da Pol\u00edcia Militar do Paran\u00e1, da Receita Federal e da Pol\u00edcia","robots":{"index":"index","follow":"follow","max-snippet":"max-snippet:-1","max-image-preview":"max-image-preview:large","max-video-preview":"max-video-preview:-1"},"canonical":"https:\/\/ubirataonline.com.br\/en\/caminhao-com-carga-avaliada-em-r-2-milhoes-e-apreendido-em-vitorino-pela-receita-federal-e-pm\/","og_locale":"en_US","og_type":"article","og_title":"Caminh\u00e3o com carga avaliada em R$ 2 milh\u00f5es \u00e9 apreendido em Vitorino pela Receita Federal e PM","og_description":"Um caminh\u00e3o ba\u00fa foi apreendido na zona rural de Vitorino durante uma opera\u00e7\u00e3o conjunta da Pol\u00edcia Militar do Paran\u00e1, da Receita Federal e da Pol\u00edcia","og_url":"https:\/\/ubirataonline.com.br\/en\/caminhao-com-carga-avaliada-em-r-2-milhoes-e-apreendido-em-vitorino-pela-receita-federal-e-pm\/","og_site_name":"Ubirat\u00e3 Online Not\u00edcias - A realidade ao seu alcance!","article_publisher":"https:\/\/www.facebook.com\/portalubirataonline","article_author":"https:\/\/www.facebook.com\/portalubirataonline","article_published_time":"2026-08-11T09:09:21+00:00","og_image":[{"width":1531,"height":418,"url":"https:\/\/ubirataonline.com.br\/wp-content\/uploads\/2026\/05\/logo2026.webp","type":"image\/webp"}],"author":"REDA\u00c7\u00c3O: UBIRAT\u00c3 ONLINE - F\u00c1BIO AUGUSTO CELESTINO","twitter_card":"summary_large_image","twitter_creator":"@x.com\/ubirataonline","twitter_site":"@ubirataonline","twitter_misc":{"Written by":"REDA\u00c7\u00c3O: UBIRAT\u00c3 ONLINE - F\u00c1BIO AUGUSTO CELESTINO","Est. reading time":"1 minute"},"schema":{"@context":"https:\/\/schema.org","@graph":[{"@type":"NewsArticle","@id":"https:\/\/ubirataonline.com.br\/caminhao-com-carga-avaliada-em-r-2-milhoes-e-apreendido-em-vitorino-pela-receita-federal-e-pm\/#article","isPartOf":{"@id":"https:\/\/ubirataonline.com.br\/caminhao-com-carga-avaliada-em-r-2-milhoes-e-apreendido-em-vitorino-pela-receita-federal-e-pm\/"},"author":{"name":"REDA\u00c7\u00c3O: UBIRAT\u00c3 ONLINE - F\u00c1BIO AUGUSTO CELESTINO","@id":"https:\/\/ubirataonline.com.br\/#\/schema\/person\/372f87bbd3fdd79b8556b84c98d0bc1c"},"headline":"Caminh\u00e3o com carga avaliada em R$ 2 milh\u00f5es \u00e9 apreendido em Vitorino pela Receita Federal e PM","datePublished":"2026-08-11T09:09:21+00:00","mainEntityOfPage":{"@id":"https:\/\/ubirataonline.com.br\/caminhao-com-carga-avaliada-em-r-2-milhoes-e-apreendido-em-vitorino-pela-receita-federal-e-pm\/"},"wordCount":273,"publisher":{"@id":"https:\/\/ubirataonline.com.br\/#organization"},"image":{"@id":"https:\/\/ubirataonline.com.br\/caminhao-com-carga-avaliada-em-r-2-milhoes-e-apreendido-em-vitorino-pela-receita-federal-e-pm\/#primaryimage"},"thumbnailUrl":"https:\/\/ubirataonline.com.br\/wp-content\/uploads\/2026\/08\/maaimg-post-164221-20260811-090944.webp","articleSection":["Paran\u00e1"],"inLanguage":"en-US","copyrightYear":"2026","copyrightHolder":{"@id":"https:\/\/ubirataonline.com.br\/en\/#organization"}},{"@type":"WebPage","@id":"https:\/\/ubirataonline.com.br\/caminhao-com-carga-avaliada-em-r-2-milhoes-e-apreendido-em-vitorino-pela-receita-federal-e-pm\/","url":"https:\/\/ubirataonline.com.br\/caminhao-com-carga-avaliada-em-r-2-milhoes-e-apreendido-em-vitorino-pela-receita-federal-e-pm\/","name":"Caminh\u00e3o com carga avaliada em R$ 2 milh\u00f5es \u00e9 apreendido em Vitorino pela Receita Federal e PM - Ubirat\u00e3 Online Not\u00edcias - A realidade ao seu alcance!","isPartOf":{"@id":"https:\/\/ubirataonline.com.br\/#website"},"primaryImageOfPage":{"@id":"https:\/\/ubirataonline.com.br\/caminhao-com-carga-avaliada-em-r-2-milhoes-e-apreendido-em-vitorino-pela-receita-federal-e-pm\/#primaryimage"},"image":{"@id":"https:\/\/ubirataonline.com.br\/caminhao-com-carga-avaliada-em-r-2-milhoes-e-apreendido-em-vitorino-pela-receita-federal-e-pm\/#primaryimage"},"thumbnailUrl":"https:\/\/ubirataonline.com.br\/wp-content\/uploads\/2026\/08\/maaimg-post-164221-20260811-090944.webp","datePublished":"2026-08-11T09:09:21+00:00","description":"Um caminh\u00e3o ba\u00fa foi apreendido na zona rural de Vitorino durante uma opera\u00e7\u00e3o conjunta da Pol\u00edcia Militar do Paran\u00e1, da Receita Federal e da Pol\u00edcia","breadcrumb":{"@id":"https:\/\/ubirataonline.com.br\/caminhao-com-carga-avaliada-em-r-2-milhoes-e-apreendido-em-vitorino-pela-receita-federal-e-pm\/#breadcrumb"},"inLanguage":"en-US","potentialAction":[{"@type":"ReadAction","target":["https:\/\/ubirataonline.com.br\/caminhao-com-carga-avaliada-em-r-2-milhoes-e-apreendido-em-vitorino-pela-receita-federal-e-pm\/"]}]},{"@type":"ImageObject","inLanguage":"en-US","@id":"https:\/\/ubirataonline.com.br\/caminhao-com-carga-avaliada-em-r-2-milhoes-e-apreendido-em-vitorino-pela-receita-federal-e-pm\/#primaryimage","url":"https:\/\/ubirataonline.com.br\/wp-content\/uploads\/2026\/08\/maaimg-post-164221-20260811-090944.webp","contentUrl":"https:\/\/ubirataonline.com.br\/wp-content\/uploads\/2026\/08\/maaimg-post-164221-20260811-090944.webp","width":1536,"height":1024,"caption":"Imagem de caminh\u00e3o com carga avaliada R apreendido em fiscaliza\u00e7\u00e3o da Receita Federal e PM em Vitorino"},{"@type":"BreadcrumbList","@id":"https:\/\/ubirataonline.com.br\/caminhao-com-carga-avaliada-em-r-2-milhoes-e-apreendido-em-vitorino-pela-receita-federal-e-pm\/#breadcrumb","itemListElement":[{"@type":"ListItem","position":1,"name":"In\u00edcio","item":"https:\/\/ubirataonline.com.br\/"},{"@type":"ListItem","position":2,"name":"Caminh\u00e3o com carga avaliada em R$ 2 milh\u00f5es \u00e9 apreendido em Vitorino pela Receita Federal e PM"}]},{"@type":"WebSite","@id":"https:\/\/ubirataonline.com.br\/#website","url":"https:\/\/ubirataonline.com.br\/","name":"Ubirat\u00e3 Online Not\u00edcias","description":"Not\u00edcias de Ubirat\u00e3, regi\u00e3o, Brasil e mundo, com informa\u00e7\u00e3o atualizada e compromisso com o leitor.","publisher":{"@id":"https:\/\/ubirataonline.com.br\/#organization"},"alternateName":"Ubirat\u00e3 Online","potentialAction":[{"@type":"SearchAction","target":{"@type":"EntryPoint","urlTemplate":"https:\/\/ubirataonline.com.br\/?s={search_term_string}"},"query-input":{"@type":"PropertyValueSpecification","valueRequired":true,"valueName":"search_term_string"}}],"inLanguage":"en-US"},{"@type":["Organization","Place"],"@id":"https:\/\/ubirataonline.com.br\/#organization","name":"Ubirat\u00e3 Online Not\u00edcias","alternateName":"Ubirat\u00e3 Online","url":"https:\/\/ubirataonline.com.br\/","logo":{"@id":"https:\/\/ubirataonline.com.br\/caminhao-com-carga-avaliada-em-r-2-milhoes-e-apreendido-em-vitorino-pela-receita-federal-e-pm\/#local-main-organization-logo"},"image":{"@id":"https:\/\/ubirataonline.com.br\/caminhao-com-carga-avaliada-em-r-2-milhoes-e-apreendido-em-vitorino-pela-receita-federal-e-pm\/#local-main-organization-logo"},"sameAs":["https:\/\/www.facebook.com\/portalubirataonline","https:\/\/x.com\/ubirataonline","https:\/\/mastodon.social\/@ubirataonline","https:\/\/www.facebook.com\/groups\/311144672285604","https:\/\/www.facebook.com\/UBTAOnline","https:\/\/www.instagram.com\/portalubirataonline\/","https:\/\/twitter.com\/ubirataonline"],"description":"Somos um portal de not\u00edcias independente, criado em 5 de janeiro de 2009, com o objetivo de informar, conectar e valorizar a nossa comunidade de Ubirat\u00e3 e toda aregi\u00e3o. Com conte\u00fado atualizado, confi\u00e1vel e relevante, o Ubirat\u00e3 Online \u00e9 o seu espa\u00e7o para ficar por dentro dos principais acontecimentos locais, regionais, Brasil, Mundo e de interesse geral. Nosso compromisso \u00e9 com a verdade, a transpar\u00eancia e o respeito ao leitor.","legalName":"UBIRATA ONLINE NOT\u00cdCIAS","foundingDate":"2009-01-05","numberOfEmployees":{"@type":"QuantitativeValue","minValue":"1","maxValue":"10"},"publishingPrinciples":"https:\/\/ubirataonline.com.br\/faq\/","address":{"@id":"https:\/\/ubirataonline.com.br\/caminhao-com-carga-avaliada-em-r-2-milhoes-e-apreendido-em-vitorino-pela-receita-federal-e-pm\/#local-main-place-address"},"geo":{"@type":"GeoCoordinates","latitude":"-24.5361401","longitude":"-52.9921776"},"telephone":["+5544998308235"],"contactPoint":{"@type":"ContactPoint","email":"contato@ubirataonline.com.br"},"openingHoursSpecification":{"@type":"OpeningHoursSpecification","dayOfWeek":["Monday","Tuesday","Wednesday","Thursday","Friday","Saturday","Sunday"],"opens":"00:00","closes":"23:59"},"email":"contato@ubirataonline.com.br","vatID":"47.621.418\/0001-80"},{"@type":"Person","@id":"https:\/\/ubirataonline.com.br\/#\/schema\/person\/372f87bbd3fdd79b8556b84c98d0bc1c","name":"REDA\u00c7\u00c3O: UBIRAT\u00c3 ONLINE - F\u00c1BIO AUGUSTO CELESTINO","pronouns":"Ele","description":"Desde 2003 trabalhando com not\u00edcias.","sameAs":["http:\/\/ubirataoline.com.br","https:\/\/www.facebook.com\/portalubirataonline","https:\/\/www.instagram.com\/ubirataonline_oficial","https:\/\/x.com\/x.com\/ubirataonline"],"honorificPrefix":"Mr.","honorificSuffix":"MD","birthDate":"1980-06-16","gender":"masculino","award":["V\u00e1rios pr\u00eamios de melhor portal da cidade"],"jobTitle":"Diretor","url":"https:\/\/ubirataonline.com.br\/en\/author\/ubirataonline\/"},{"@type":"PostalAddress","@id":"https:\/\/ubirataonline.com.br\/caminhao-com-carga-avaliada-em-r-2-milhoes-e-apreendido-em-vitorino-pela-receita-federal-e-pm\/#local-main-place-address","streetAddress":"Rua dos Coqueiros, 104 - Bairro Boa Vista, Rua dos Coqueiros, 104 Bairro Boa Vista","addressLocality":"UBIRATA","postalCode":"85440-000","addressRegion":"PR","addressCountry":"BR"},{"@type":"ImageObject","inLanguage":"en-US","@id":"https:\/\/ubirataonline.com.br\/caminhao-com-carga-avaliada-em-r-2-milhoes-e-apreendido-em-vitorino-pela-receita-federal-e-pm\/#local-main-organization-logo","url":"https:\/\/ubirataonline.com.br\/wp-content\/uploads\/2026\/06\/logoubirataonline-1.webp","contentUrl":"https:\/\/ubirataonline.com.br\/wp-content\/uploads\/2026\/06\/logoubirataonline-1.webp","width":500,"height":500,"caption":"Ubirat\u00e3 Online Not\u00edcias"}]},"geo.placename":"UBIRATA","geo.position":{"lat":"-24.5361401","long":"-52.9921776"},"geo.region":"Brazil"},"_links":{"self":[{"href":"https:\/\/ubirataonline.com.br\/en\/wp-json\/wp\/v2\/posts\/164221","targetHints":{"allow":["GET"]}}],"collection":[{"href":"https:\/\/ubirataonline.com.br\/en\/wp-json\/wp\/v2\/posts"}],"about":[{"href":"https:\/\/ubirataonline.com.br\/en\/wp-json\/wp\/v2\/types\/post"}],"author":[{"embeddable":true,"href":"https:\/\/ubirataonline.com.br\/en\/wp-json\/wp\/v2\/users\/1"}],"replies":[{"embeddable":true,"href":"https:\/\/ubirataonline.com.br\/en\/wp-json\/wp\/v2\/comments?post=164221"}],"version-history":[{"count":0,"href":"https:\/\/ubirataonline.com.br\/en\/wp-json\/wp\/v2\/posts\/164221\/revisions"}],"wp:featuredmedia":[{"embeddable":true,"href":"https:\/\/ubirataonline.com.br\/en\/wp-json\/wp\/v2\/media\/164222"}],"wp:attachment":[{"href":"https:\/\/ubirataonline.com.br\/en\/wp-json\/wp\/v2\/media?parent=164221"}],"wp:term":[{"taxonomy":"category","embeddable":true,"href":"https:\/\/ubirataonline.com.br\/en\/wp-json\/wp\/v2\/categories?post=164221"},{"taxonomy":"post_tag","embeddable":true,"href":"https:\/\/ubirataonline.com.br\/en\/wp-json\/wp\/v2\/tags?post=164221"}],"curies":[{"name":"wp","href":"https:\/\/api.w.org\/{rel}","templated":true}]}}