{"id":164281,"date":"2026-08-11T09:44:04","date_gmt":"2026-08-11T12:44:04","guid":{"rendered":"https:\/\/ubirataonline.com.br\/?p=164281"},"modified":"2026-08-11T09:44:06","modified_gmt":"2026-08-11T12:44:06","slug":"falecimento-ascanio-baptista-carvalho-sinop","status":"publish","type":"post","link":"https:\/\/ubirataonline.com.br\/en\/falecimento-ascanio-baptista-carvalho-sinop\/","title":{"rendered":"Luto em Sinop: Morre Asc\u00e2nio Baptista de Carvalho, um dos grandes pioneiros que ajudaram a transformar a cidade em pot\u00eancia regional"},"content":{"rendered":"<h2 id=\"h-seu-legado-foi-reconhecido-pela-assembleia-legislativa-que-lhe-homenageou-com-titulo-de-cidadao-mato-grossense-de-autoria-do-ex-deputado-dilceu-dal-bosco-tambem-recebeu-titulos-de-cidadao-honorario-de-sinop-e-de-ubirata-pr\" class=\"wp-block-heading\">Seu legado foi reconhecido pela Assembleia Legislativa que lhe homenageou com t\u00edtulo de cidad\u00e3o mato-grossense, de autoria do ex-deputado Dilceu Dal Bosco. Tamb\u00e9m recebeu t\u00edtulos de cidad\u00e3o honor\u00e1rio de Sinop e de Ubirat\u00e3 (PR).<\/h2>\n\n\n\n<p class=\"wp-block-paragraph\">A cidade de <b>Sinop<\/b> amanheceu em luto oficial ap\u00f3s a confirma\u00e7\u00e3o do falecimento de um de seus mais respeitados fundadores. <b>Asc\u00e2nio Baptista de Carvalho<\/b> dedicou d\u00e9cadas de sua vida para transformar o que era apenas um projeto em um polo econ\u00f4mico pujante.<\/p>\n\n\n\n<p class=\"wp-block-paragraph\">Sua trajet\u00f3ria se confunde com a pr\u00f3pria hist\u00f3ria de crescimento do munic\u00edpio, sendo reconhecido por amigos e autoridades como um homem de vis\u00e3o e coragem. O impacto de sua atua\u00e7\u00e3o permanece vivo na mem\u00f3ria de quem acompanhou a evolu\u00e7\u00e3o local.<\/p>\n\n\n\n<p class=\"wp-block-paragraph\">Conforme informa\u00e7\u00e3o divulgada pelo portal S\u00f3 Not\u00edcias, o falecimento de <b>Asc\u00e2nio Baptista de Carvalho<\/b> foi confirmado recentemente, gerando uma onda de homenagens nas redes sociais e entre os l\u00edderes do setor produtivo de <b>Sinop<\/b>.<\/p>\n\n\n\n<h3 id=\"h-um-legado-de-pioneirismo-e-visao-empreendedora\" class=\"wp-block-heading\">Um legado de pioneirismo e vis\u00e3o empreendedora<\/h3>\n\n\n\n<p class=\"wp-block-paragraph\">Desde os primeiros anos de coloniza\u00e7\u00e3o, <b>Asc\u00e2nio Baptista de Carvalho<\/b> esteve \u00e0 frente de iniciativas que buscavam estruturar o munic\u00edpio. Ele foi pe\u00e7a-chave na articula\u00e7\u00e3o de melhorias que garantiram a infraestrutura b\u00e1sica para os novos moradores.<\/p>\n\n\n\n<p class=\"wp-block-paragraph\">O trabalho realizado por ele n\u00e3o se limitou apenas aos neg\u00f3cios, mas tamb\u00e9m ao engajamento social. Muitos relembram sua facilidade em dialogar e sua determina\u00e7\u00e3o em superar os desafios inerentes \u00e0 abertura de novas fronteiras agr\u00edcolas no estado.<\/p>\n\n\n\n<h3 id=\"h-a-importancia-historica-para-a-regiao-de-mato-grosso\" class=\"wp-block-heading\">A import\u00e2ncia hist\u00f3rica para a regi\u00e3o de Mato Grosso<\/h3>\n\n\n\n<p class=\"wp-block-paragraph\">O desenvolvimento de <b>Sinop<\/b> como refer\u00eancia nacional no agroneg\u00f3cio tem ra\u00edzes profundas no esfor\u00e7o de fundadores como Asc\u00e2nio. Ele ajudou a pavimentar o caminho para que a cidade se tornasse o que \u00e9 hoje, um centro de servi\u00e7os e inova\u00e7\u00e3o.<\/p>\n\n\n\n<p class=\"wp-block-paragraph\">A relev\u00e2ncia de sua figura hist\u00f3rica \u00e9 amplamente reconhecida pela classe pol\u00edtica e empresarial. Para a popula\u00e7\u00e3o, ele representa a for\u00e7a de trabalho que construiu a identidade da cidade atrav\u00e9s do suor e do compromisso com o futuro.<\/p>\n\n\n\n<h3 id=\"h-homenagens-e-o-sentimento-de-perda-na-comunidade\" class=\"wp-block-heading\">Homenagens e o sentimento de perda na comunidade<\/h3>\n\n\n\n<p class=\"wp-block-paragraph\">A not\u00edcia de sua morte gerou grande como\u00e7\u00e3o em diversos setores da sociedade. Diversas autoridades emitiram notas de pesar destacando a integridade e o papel fundamental de <b>Asc\u00e2nio Baptista de Carvalho<\/b> na funda\u00e7\u00e3o e expans\u00e3o de <b>Sinop<\/b>.<\/p>\n\n\n\n<p class=\"wp-block-paragraph\">As celebra\u00e7\u00f5es de sua vida servem como um lembrete da import\u00e2ncia de preservar a mem\u00f3ria dos pioneiros. Sem a dedica\u00e7\u00e3o de figuras como ele, o cen\u00e1rio atual do norte de Mato Grosso seria completamente diferente do que vemos hoje.<\/p>\n\n\n\n<h3 id=\"h-o-futuro-de-sinop-sob-o-olhar-dos-fundadores\" class=\"wp-block-heading\">O futuro de Sinop sob o olhar dos fundadores<\/h3>\n\n\n\n<p class=\"wp-block-paragraph\">Mesmo com o passar dos anos, o exemplo deixado por Asc\u00e2nio continua a inspirar novas gera\u00e7\u00f5es de empreendedores. O crescimento sustent\u00e1vel de <b>Sinop<\/b> \u00e9, sem d\u00favida, o maior tributo que a cidade pode prestar aos seus fundadores.<\/p>\n\n\n\n<p class=\"wp-block-paragraph\">O compromisso com o progresso, que sempre foi uma marca de <b>Asc\u00e2nio Baptista de Carvalho<\/b>, permanece como um guia para os atuais gestores. O legado de um dos fundadores mais influentes de <b>Sinop<\/b> ser\u00e1 preservado pelas pr\u00f3ximas d\u00e9cadas.<\/p>\n\n\n\n<p class=\"wp-block-paragraph\"><\/p>\n\n\n\n<p class=\"wp-block-paragraph\">Ao expressar profundo pesar pelo falecimento de \u201cseo Ascanio\u201d, como era chamado,&nbsp;<em>S\u00f3 Not\u00edcias&nbsp;<\/em>registra o grande legado de trabalho incans\u00e1vel, imenso entusiasmo com o progresso de Sinop, l\u00edder muito respeitado, com grande sabedoria, humildade, simplicidade, com cora\u00e7\u00e3o muito bondoso e generoso.<\/p>\n\n\n\n<h3 id=\"h-perguntas-frequentes-sobre-o-falecimento-de-ascanio-baptista-de-carvalho\" class=\"wp-block-heading\">Perguntas frequentes sobre o falecimento de Asc\u00e2nio Baptista de Carvalho<\/h3>\n\n\n\n<p class=\"wp-block-paragraph\"><b>Quem foi Asc\u00e2nio Baptista de Carvalho?<\/b> Ele foi um dos principais fundadores de <b>Sinop<\/b>, desempenhando um papel essencial no desenvolvimento inicial e na estrutura\u00e7\u00e3o do munic\u00edpio.<\/p>\n\n\n\n<p class=\"wp-block-paragraph\"><b>Qual a import\u00e2ncia de Asc\u00e2nio para Sinop?<\/b> Ele foi um pioneiro que contribuiu diretamente para que a cidade se tornasse um polo econ\u00f4mico e social no estado de Mato Grosso.<\/p>\n\n\n\n<p class=\"wp-block-paragraph\"><b>Onde foi noticiado o falecimento?<\/b> A informa\u00e7\u00e3o foi divulgada pelo portal S\u00f3 Not\u00edcias, que acompanha os principais fatos da regi\u00e3o norte do estado.<\/p>\n\n\n\n<p class=\"wp-block-paragraph\"><b>Como a comunidade est\u00e1 reagindo?<\/b> Existe uma grande como\u00e7\u00e3o e um sentimento de luto compartilhado por lideran\u00e7as pol\u00edticas, empresariais e pela popula\u00e7\u00e3o em geral.<\/p>\n\n\n\n<p class=\"wp-block-paragraph\"><b>Qual o legado deixado pelo pioneiro?<\/b> O legado inclui a vis\u00e3o de desenvolvimento regional e o exemplo de dedica\u00e7\u00e3o \u00e0 constru\u00e7\u00e3o de uma cidade que hoje \u00e9 refer\u00eancia nacional.<\/p>","protected":false},"excerpt":{"rendered":"<p>Seu legado foi reconhecido pela Assembleia Legislativa que lhe homenageou com t\u00edtulo de cidad\u00e3o mato-grossense, de autoria do ex-deputado Dilceu Dal Bosco. Tamb\u00e9m recebeu t\u00edtulos de cidad\u00e3o honor\u00e1rio de Sinop e de Ubirat\u00e3 (PR). A cidade de Sinop amanheceu em luto oficial ap\u00f3s a confirma\u00e7\u00e3o do falecimento de um de seus mais respeitados fundadores. Asc\u00e2nio [&hellip;]<\/p>\n","protected":false},"author":1,"featured_media":164282,"comment_status":"closed","ping_status":"closed","sticky":false,"template":"","format":"standard","meta":{"googlesitekit_rrm_CAow2JLhCw:productID":"","_gspb_post_css":"","maa_idioma":"","maa_pais":"","footnotes":""},"categories":[4],"tags":[44100,44102,2699,44099,44101,44098,20],"class_list":["post-164281","post","type-post","status-publish","format-standard","has-post-thumbnail","hentry","category-brasil","tag-ascanio-baptista-de-carvalho","tag-historia-de-sinop","tag-luto","tag-mato-grosso","tag-pioneiros-de-sinop","tag-sinop","tag-ubirata"],"blocksy_meta":[],"yoast_head":"<!-- This site is optimized with the Yoast SEO Premium plugin v27.6 (Yoast SEO v27.6) - https:\/\/yoast.com\/product\/yoast-seo-premium-wordpress\/ -->\n<title>Luto em Sinop: Morre Asc\u00e2nio Baptista de Carvalho, um dos grandes pioneiros que ajudaram a transformar a cidade em pot\u00eancia regional - Ubirat\u00e3 Online Not\u00edcias - A realidade ao seu alcance!<\/title>\n<meta name=\"description\" content=\"Sinop est\u00e1 em luto oficial pelo falecimento de Asc\u00e2nio Baptista de Carvalho, um de seus fundadores mais respeitados.\" \/>\n<meta name=\"robots\" content=\"index, follow, max-snippet:-1, max-image-preview:large, max-video-preview:-1\" \/>\n<link rel=\"canonical\" href=\"https:\/\/ubirataonline.com.br\/en\/falecimento-ascanio-baptista-carvalho-sinop\/\" \/>\n<meta property=\"og:locale\" content=\"en_US\" \/>\n<meta property=\"og:type\" content=\"article\" \/>\n<meta property=\"og:title\" content=\"Luto em Sinop: Morre Asc\u00e2nio Baptista de Carvalho, um dos grandes pioneiros que ajudaram a transformar a cidade em pot\u00eancia regional\" \/>\n<meta property=\"og:description\" content=\"Sinop est\u00e1 em luto oficial pelo falecimento de Asc\u00e2nio Baptista de Carvalho, um de seus fundadores mais respeitados.\" \/>\n<meta property=\"og:url\" content=\"https:\/\/ubirataonline.com.br\/en\/falecimento-ascanio-baptista-carvalho-sinop\/\" \/>\n<meta property=\"og:site_name\" content=\"Ubirat\u00e3 Online Not\u00edcias - A realidade ao seu alcance!\" \/>\n<meta property=\"article:publisher\" content=\"https:\/\/www.facebook.com\/portalubirataonline\" \/>\n<meta property=\"article:author\" content=\"https:\/\/www.facebook.com\/portalubirataonline\" \/>\n<meta property=\"article:published_time\" content=\"2026-08-11T12:44:04+00:00\" \/>\n<meta property=\"article:modified_time\" content=\"2026-08-11T12:44:06+00:00\" \/>\n<meta property=\"og:image\" content=\"https:\/\/ubirataonline.com.br\/wp-content\/uploads\/2026\/08\/Ascanio-Sinop.jpg\" \/>\n\t<meta property=\"og:image:width\" content=\"700\" \/>\n\t<meta property=\"og:image:height\" content=\"649\" \/>\n\t<meta property=\"og:image:type\" content=\"image\/jpeg\" \/>\n<meta name=\"author\" content=\"REDA\u00c7\u00c3O: UBIRAT\u00c3 ONLINE - F\u00c1BIO AUGUSTO CELESTINO\" \/>\n<meta name=\"twitter:card\" content=\"summary_large_image\" \/>\n<meta name=\"twitter:creator\" content=\"@x.com\/ubirataonline\" \/>\n<meta name=\"twitter:site\" content=\"@ubirataonline\" \/>\n<meta name=\"twitter:label1\" content=\"Written by\" \/>\n\t<meta name=\"twitter:data1\" content=\"REDA\u00c7\u00c3O: UBIRAT\u00c3 ONLINE - F\u00c1BIO AUGUSTO CELESTINO\" \/>\n\t<meta name=\"twitter:label2\" content=\"Est. reading time\" \/>\n\t<meta name=\"twitter:data2\" content=\"4 minutes\" \/>\n<script type=\"application\/ld+json\" class=\"yoast-schema-graph\">{\"@context\":\"https:\\\/\\\/schema.org\",\"@graph\":[{\"@type\":\"NewsArticle\",\"@id\":\"https:\\\/\\\/ubirataonline.com.br\\\/falecimento-ascanio-baptista-carvalho-sinop\\\/#article\",\"isPartOf\":{\"@id\":\"https:\\\/\\\/ubirataonline.com.br\\\/falecimento-ascanio-baptista-carvalho-sinop\\\/\"},\"author\":{\"name\":\"REDA\u00c7\u00c3O: UBIRAT\u00c3 ONLINE - F\u00c1BIO AUGUSTO CELESTINO\",\"@id\":\"https:\\\/\\\/ubirataonline.com.br\\\/#\\\/schema\\\/person\\\/372f87bbd3fdd79b8556b84c98d0bc1c\"},\"headline\":\"Luto em Sinop: Morre Asc\u00e2nio Baptista de Carvalho, um dos grandes pioneiros que ajudaram a transformar a cidade em pot\u00eancia regional\",\"datePublished\":\"2026-08-11T12:44:04+00:00\",\"dateModified\":\"2026-08-11T12:44:06+00:00\",\"mainEntityOfPage\":{\"@id\":\"https:\\\/\\\/ubirataonline.com.br\\\/falecimento-ascanio-baptista-carvalho-sinop\\\/\"},\"wordCount\":778,\"publisher\":{\"@id\":\"https:\\\/\\\/ubirataonline.com.br\\\/#organization\"},\"image\":{\"@id\":\"https:\\\/\\\/ubirataonline.com.br\\\/falecimento-ascanio-baptista-carvalho-sinop\\\/#primaryimage\"},\"thumbnailUrl\":\"https:\\\/\\\/ubirataonline.com.br\\\/wp-content\\\/uploads\\\/2026\\\/08\\\/Ascanio-Sinop.jpg\",\"keywords\":[\"Asc\u00e2nio Baptista de Carvalho\",\"Hist\u00f3ria de Sinop\",\"Luto\",\"Mato Grosso\",\"Pioneiros de Sinop\",\"Sinop\",\"Ubirat\u00e3\"],\"articleSection\":[\"Brasil\"],\"inLanguage\":\"en-US\",\"copyrightYear\":\"2026\",\"copyrightHolder\":{\"@id\":\"https:\\\/\\\/ubirataonline.com.br\\\/en\\\/#organization\"}},{\"@type\":\"WebPage\",\"@id\":\"https:\\\/\\\/ubirataonline.com.br\\\/falecimento-ascanio-baptista-carvalho-sinop\\\/\",\"url\":\"https:\\\/\\\/ubirataonline.com.br\\\/falecimento-ascanio-baptista-carvalho-sinop\\\/\",\"name\":\"Luto em Sinop: Morre Asc\u00e2nio Baptista de Carvalho, um dos grandes pioneiros que ajudaram a transformar a cidade em pot\u00eancia regional - Ubirat\u00e3 Online Not\u00edcias - A realidade ao seu alcance!\",\"isPartOf\":{\"@id\":\"https:\\\/\\\/ubirataonline.com.br\\\/#website\"},\"primaryImageOfPage\":{\"@id\":\"https:\\\/\\\/ubirataonline.com.br\\\/falecimento-ascanio-baptista-carvalho-sinop\\\/#primaryimage\"},\"image\":{\"@id\":\"https:\\\/\\\/ubirataonline.com.br\\\/falecimento-ascanio-baptista-carvalho-sinop\\\/#primaryimage\"},\"thumbnailUrl\":\"https:\\\/\\\/ubirataonline.com.br\\\/wp-content\\\/uploads\\\/2026\\\/08\\\/Ascanio-Sinop.jpg\",\"datePublished\":\"2026-08-11T12:44:04+00:00\",\"dateModified\":\"2026-08-11T12:44:06+00:00\",\"description\":\"Sinop est\u00e1 em luto oficial pelo falecimento de Asc\u00e2nio Baptista de Carvalho, um de seus fundadores mais respeitados.\",\"breadcrumb\":{\"@id\":\"https:\\\/\\\/ubirataonline.com.br\\\/falecimento-ascanio-baptista-carvalho-sinop\\\/#breadcrumb\"},\"inLanguage\":\"en-US\",\"potentialAction\":[{\"@type\":\"ReadAction\",\"target\":[\"https:\\\/\\\/ubirataonline.com.br\\\/falecimento-ascanio-baptista-carvalho-sinop\\\/\"]}]},{\"@type\":\"ImageObject\",\"inLanguage\":\"en-US\",\"@id\":\"https:\\\/\\\/ubirataonline.com.br\\\/falecimento-ascanio-baptista-carvalho-sinop\\\/#primaryimage\",\"url\":\"https:\\\/\\\/ubirataonline.com.br\\\/wp-content\\\/uploads\\\/2026\\\/08\\\/Ascanio-Sinop.jpg\",\"contentUrl\":\"https:\\\/\\\/ubirataonline.com.br\\\/wp-content\\\/uploads\\\/2026\\\/08\\\/Ascanio-Sinop.jpg\",\"width\":700,\"height\":649,\"caption\":\"Asc\u00e2nio Sinop\"},{\"@type\":\"BreadcrumbList\",\"@id\":\"https:\\\/\\\/ubirataonline.com.br\\\/falecimento-ascanio-baptista-carvalho-sinop\\\/#breadcrumb\",\"itemListElement\":[{\"@type\":\"ListItem\",\"position\":1,\"name\":\"In\u00edcio\",\"item\":\"https:\\\/\\\/ubirataonline.com.br\\\/\"},{\"@type\":\"ListItem\",\"position\":2,\"name\":\"Luto em Sinop: Morre Asc\u00e2nio Baptista de Carvalho, um dos grandes pioneiros que ajudaram a transformar a cidade em pot\u00eancia regional\"}]},{\"@type\":\"WebSite\",\"@id\":\"https:\\\/\\\/ubirataonline.com.br\\\/#website\",\"url\":\"https:\\\/\\\/ubirataonline.com.br\\\/\",\"name\":\"Ubirat\u00e3 Online Not\u00edcias\",\"description\":\"Not\u00edcias de Ubirat\u00e3, regi\u00e3o, Brasil e mundo, com informa\u00e7\u00e3o atualizada e compromisso com o leitor.\",\"publisher\":{\"@id\":\"https:\\\/\\\/ubirataonline.com.br\\\/#organization\"},\"alternateName\":\"Ubirat\u00e3 Online\",\"potentialAction\":[{\"@type\":\"SearchAction\",\"target\":{\"@type\":\"EntryPoint\",\"urlTemplate\":\"https:\\\/\\\/ubirataonline.com.br\\\/?s={search_term_string}\"},\"query-input\":{\"@type\":\"PropertyValueSpecification\",\"valueRequired\":true,\"valueName\":\"search_term_string\"}}],\"inLanguage\":\"en-US\"},{\"@type\":[\"Organization\",\"Place\"],\"@id\":\"https:\\\/\\\/ubirataonline.com.br\\\/#organization\",\"name\":\"Ubirat\u00e3 Online Not\u00edcias\",\"alternateName\":\"Ubirat\u00e3 Online\",\"url\":\"https:\\\/\\\/ubirataonline.com.br\\\/\",\"logo\":{\"@id\":\"https:\\\/\\\/ubirataonline.com.br\\\/falecimento-ascanio-baptista-carvalho-sinop\\\/#local-main-organization-logo\"},\"image\":{\"@id\":\"https:\\\/\\\/ubirataonline.com.br\\\/falecimento-ascanio-baptista-carvalho-sinop\\\/#local-main-organization-logo\"},\"sameAs\":[\"https:\\\/\\\/www.facebook.com\\\/portalubirataonline\",\"https:\\\/\\\/x.com\\\/ubirataonline\",\"https:\\\/\\\/mastodon.social\\\/@ubirataonline\",\"https:\\\/\\\/www.facebook.com\\\/groups\\\/311144672285604\",\"https:\\\/\\\/www.facebook.com\\\/UBTAOnline\",\"https:\\\/\\\/www.instagram.com\\\/portalubirataonline\\\/\",\"https:\\\/\\\/twitter.com\\\/ubirataonline\"],\"description\":\"Somos um portal de not\u00edcias independente, criado em 5 de janeiro de 2009, com o objetivo de informar, conectar e valorizar a nossa comunidade de Ubirat\u00e3 e toda aregi\u00e3o. Com conte\u00fado atualizado, confi\u00e1vel e relevante, o Ubirat\u00e3 Online \u00e9 o seu espa\u00e7o para ficar por dentro dos principais acontecimentos locais, regionais, Brasil, Mundo e de interesse geral. Nosso compromisso \u00e9 com a verdade, a transpar\u00eancia e o respeito ao leitor.\",\"legalName\":\"UBIRATA ONLINE NOT\u00cdCIAS\",\"foundingDate\":\"2009-01-05\",\"numberOfEmployees\":{\"@type\":\"QuantitativeValue\",\"minValue\":\"1\",\"maxValue\":\"10\"},\"publishingPrinciples\":\"https:\\\/\\\/ubirataonline.com.br\\\/faq\\\/\",\"address\":{\"@id\":\"https:\\\/\\\/ubirataonline.com.br\\\/falecimento-ascanio-baptista-carvalho-sinop\\\/#local-main-place-address\"},\"geo\":{\"@type\":\"GeoCoordinates\",\"latitude\":\"-24.5361401\",\"longitude\":\"-52.9921776\"},\"telephone\":[\"+5544998308235\"],\"contactPoint\":{\"@type\":\"ContactPoint\",\"email\":\"contato@ubirataonline.com.br\"},\"openingHoursSpecification\":{\"@type\":\"OpeningHoursSpecification\",\"dayOfWeek\":[\"Monday\",\"Tuesday\",\"Wednesday\",\"Thursday\",\"Friday\",\"Saturday\",\"Sunday\"],\"opens\":\"00:00\",\"closes\":\"23:59\"},\"email\":\"contato@ubirataonline.com.br\",\"vatID\":\"47.621.418\\\/0001-80\"},{\"@type\":\"Person\",\"@id\":\"https:\\\/\\\/ubirataonline.com.br\\\/#\\\/schema\\\/person\\\/372f87bbd3fdd79b8556b84c98d0bc1c\",\"name\":\"REDA\u00c7\u00c3O: UBIRAT\u00c3 ONLINE - F\u00c1BIO AUGUSTO CELESTINO\",\"pronouns\":\"Ele\",\"description\":\"Desde 2003 trabalhando com not\u00edcias.\",\"sameAs\":[\"http:\\\/\\\/ubirataoline.com.br\",\"https:\\\/\\\/www.facebook.com\\\/portalubirataonline\",\"https:\\\/\\\/www.instagram.com\\\/ubirataonline_oficial\",\"https:\\\/\\\/x.com\\\/x.com\\\/ubirataonline\"],\"honorificPrefix\":\"Mr.\",\"honorificSuffix\":\"MD\",\"birthDate\":\"1980-06-16\",\"gender\":\"masculino\",\"award\":[\"V\u00e1rios pr\u00eamios de melhor portal da cidade\"],\"jobTitle\":\"Diretor\",\"url\":\"https:\\\/\\\/ubirataonline.com.br\\\/en\\\/author\\\/ubirataonline\\\/\"},{\"@type\":\"PostalAddress\",\"@id\":\"https:\\\/\\\/ubirataonline.com.br\\\/falecimento-ascanio-baptista-carvalho-sinop\\\/#local-main-place-address\",\"streetAddress\":\"Rua dos Coqueiros, 104 - Bairro Boa Vista, Rua dos Coqueiros, 104 Bairro Boa Vista\",\"addressLocality\":\"UBIRATA\",\"postalCode\":\"85440-000\",\"addressRegion\":\"PR\",\"addressCountry\":\"BR\"},{\"@type\":\"ImageObject\",\"inLanguage\":\"en-US\",\"@id\":\"https:\\\/\\\/ubirataonline.com.br\\\/falecimento-ascanio-baptista-carvalho-sinop\\\/#local-main-organization-logo\",\"url\":\"https:\\\/\\\/ubirataonline.com.br\\\/wp-content\\\/uploads\\\/2026\\\/06\\\/logoubirataonline-1.webp\",\"contentUrl\":\"https:\\\/\\\/ubirataonline.com.br\\\/wp-content\\\/uploads\\\/2026\\\/06\\\/logoubirataonline-1.webp\",\"width\":500,\"height\":500,\"caption\":\"Ubirat\u00e3 Online Not\u00edcias\"}]}<\/script>\n<meta name=\"geo.placename\" content=\"UBIRATA\" \/>\n<meta name=\"geo.position\" content=\"-24.5361401;-52.9921776\" \/>\n<meta name=\"geo.region\" content=\"Brazil\" \/>\n<!-- \/ Yoast SEO Premium plugin. -->","yoast_head_json":{"title":"Luto em Sinop: Morre Asc\u00e2nio Baptista de Carvalho, um dos grandes pioneiros que ajudaram a transformar a cidade em pot\u00eancia regional - Ubirat\u00e3 Online Not\u00edcias - A realidade ao seu alcance!","description":"Sinop est\u00e1 em luto oficial pelo falecimento de Asc\u00e2nio Baptista de Carvalho, um de seus fundadores mais respeitados.","robots":{"index":"index","follow":"follow","max-snippet":"max-snippet:-1","max-image-preview":"max-image-preview:large","max-video-preview":"max-video-preview:-1"},"canonical":"https:\/\/ubirataonline.com.br\/en\/falecimento-ascanio-baptista-carvalho-sinop\/","og_locale":"en_US","og_type":"article","og_title":"Luto em Sinop: Morre Asc\u00e2nio Baptista de Carvalho, um dos grandes pioneiros que ajudaram a transformar a cidade em pot\u00eancia regional","og_description":"Sinop est\u00e1 em luto oficial pelo falecimento de Asc\u00e2nio Baptista de Carvalho, um de seus fundadores mais respeitados.","og_url":"https:\/\/ubirataonline.com.br\/en\/falecimento-ascanio-baptista-carvalho-sinop\/","og_site_name":"Ubirat\u00e3 Online Not\u00edcias - A realidade ao seu alcance!","article_publisher":"https:\/\/www.facebook.com\/portalubirataonline","article_author":"https:\/\/www.facebook.com\/portalubirataonline","article_published_time":"2026-08-11T12:44:04+00:00","article_modified_time":"2026-08-11T12:44:06+00:00","og_image":[{"width":700,"height":649,"url":"https:\/\/ubirataonline.com.br\/wp-content\/uploads\/2026\/08\/Ascanio-Sinop.jpg","type":"image\/jpeg"}],"author":"REDA\u00c7\u00c3O: UBIRAT\u00c3 ONLINE - F\u00c1BIO AUGUSTO CELESTINO","twitter_card":"summary_large_image","twitter_creator":"@x.com\/ubirataonline","twitter_site":"@ubirataonline","twitter_misc":{"Written by":"REDA\u00c7\u00c3O: UBIRAT\u00c3 ONLINE - F\u00c1BIO AUGUSTO CELESTINO","Est. reading time":"4 minutes"},"schema":{"@context":"https:\/\/schema.org","@graph":[{"@type":"NewsArticle","@id":"https:\/\/ubirataonline.com.br\/falecimento-ascanio-baptista-carvalho-sinop\/#article","isPartOf":{"@id":"https:\/\/ubirataonline.com.br\/falecimento-ascanio-baptista-carvalho-sinop\/"},"author":{"name":"REDA\u00c7\u00c3O: UBIRAT\u00c3 ONLINE - F\u00c1BIO AUGUSTO CELESTINO","@id":"https:\/\/ubirataonline.com.br\/#\/schema\/person\/372f87bbd3fdd79b8556b84c98d0bc1c"},"headline":"Luto em Sinop: Morre Asc\u00e2nio Baptista de Carvalho, um dos grandes pioneiros que ajudaram a transformar a cidade em pot\u00eancia regional","datePublished":"2026-08-11T12:44:04+00:00","dateModified":"2026-08-11T12:44:06+00:00","mainEntityOfPage":{"@id":"https:\/\/ubirataonline.com.br\/falecimento-ascanio-baptista-carvalho-sinop\/"},"wordCount":778,"publisher":{"@id":"https:\/\/ubirataonline.com.br\/#organization"},"image":{"@id":"https:\/\/ubirataonline.com.br\/falecimento-ascanio-baptista-carvalho-sinop\/#primaryimage"},"thumbnailUrl":"https:\/\/ubirataonline.com.br\/wp-content\/uploads\/2026\/08\/Ascanio-Sinop.jpg","keywords":["Asc\u00e2nio Baptista de Carvalho","Hist\u00f3ria de Sinop","Luto","Mato Grosso","Pioneiros de Sinop","Sinop","Ubirat\u00e3"],"articleSection":["Brasil"],"inLanguage":"en-US","copyrightYear":"2026","copyrightHolder":{"@id":"https:\/\/ubirataonline.com.br\/en\/#organization"}},{"@type":"WebPage","@id":"https:\/\/ubirataonline.com.br\/falecimento-ascanio-baptista-carvalho-sinop\/","url":"https:\/\/ubirataonline.com.br\/falecimento-ascanio-baptista-carvalho-sinop\/","name":"Luto em Sinop: Morre Asc\u00e2nio Baptista de Carvalho, um dos grandes pioneiros que ajudaram a transformar a cidade em pot\u00eancia regional - Ubirat\u00e3 Online Not\u00edcias - A realidade ao seu alcance!","isPartOf":{"@id":"https:\/\/ubirataonline.com.br\/#website"},"primaryImageOfPage":{"@id":"https:\/\/ubirataonline.com.br\/falecimento-ascanio-baptista-carvalho-sinop\/#primaryimage"},"image":{"@id":"https:\/\/ubirataonline.com.br\/falecimento-ascanio-baptista-carvalho-sinop\/#primaryimage"},"thumbnailUrl":"https:\/\/ubirataonline.com.br\/wp-content\/uploads\/2026\/08\/Ascanio-Sinop.jpg","datePublished":"2026-08-11T12:44:04+00:00","dateModified":"2026-08-11T12:44:06+00:00","description":"Sinop est\u00e1 em luto oficial pelo falecimento de Asc\u00e2nio Baptista de Carvalho, um de seus fundadores mais respeitados.","breadcrumb":{"@id":"https:\/\/ubirataonline.com.br\/falecimento-ascanio-baptista-carvalho-sinop\/#breadcrumb"},"inLanguage":"en-US","potentialAction":[{"@type":"ReadAction","target":["https:\/\/ubirataonline.com.br\/falecimento-ascanio-baptista-carvalho-sinop\/"]}]},{"@type":"ImageObject","inLanguage":"en-US","@id":"https:\/\/ubirataonline.com.br\/falecimento-ascanio-baptista-carvalho-sinop\/#primaryimage","url":"https:\/\/ubirataonline.com.br\/wp-content\/uploads\/2026\/08\/Ascanio-Sinop.jpg","contentUrl":"https:\/\/ubirataonline.com.br\/wp-content\/uploads\/2026\/08\/Ascanio-Sinop.jpg","width":700,"height":649,"caption":"Asc\u00e2nio Sinop"},{"@type":"BreadcrumbList","@id":"https:\/\/ubirataonline.com.br\/falecimento-ascanio-baptista-carvalho-sinop\/#breadcrumb","itemListElement":[{"@type":"ListItem","position":1,"name":"In\u00edcio","item":"https:\/\/ubirataonline.com.br\/"},{"@type":"ListItem","position":2,"name":"Luto em Sinop: Morre Asc\u00e2nio Baptista de Carvalho, um dos grandes pioneiros que ajudaram a transformar a cidade em pot\u00eancia regional"}]},{"@type":"WebSite","@id":"https:\/\/ubirataonline.com.br\/#website","url":"https:\/\/ubirataonline.com.br\/","name":"Ubirat\u00e3 Online Not\u00edcias","description":"Not\u00edcias de Ubirat\u00e3, regi\u00e3o, Brasil e mundo, com informa\u00e7\u00e3o atualizada e compromisso com o leitor.","publisher":{"@id":"https:\/\/ubirataonline.com.br\/#organization"},"alternateName":"Ubirat\u00e3 Online","potentialAction":[{"@type":"SearchAction","target":{"@type":"EntryPoint","urlTemplate":"https:\/\/ubirataonline.com.br\/?s={search_term_string}"},"query-input":{"@type":"PropertyValueSpecification","valueRequired":true,"valueName":"search_term_string"}}],"inLanguage":"en-US"},{"@type":["Organization","Place"],"@id":"https:\/\/ubirataonline.com.br\/#organization","name":"Ubirat\u00e3 Online Not\u00edcias","alternateName":"Ubirat\u00e3 Online","url":"https:\/\/ubirataonline.com.br\/","logo":{"@id":"https:\/\/ubirataonline.com.br\/falecimento-ascanio-baptista-carvalho-sinop\/#local-main-organization-logo"},"image":{"@id":"https:\/\/ubirataonline.com.br\/falecimento-ascanio-baptista-carvalho-sinop\/#local-main-organization-logo"},"sameAs":["https:\/\/www.facebook.com\/portalubirataonline","https:\/\/x.com\/ubirataonline","https:\/\/mastodon.social\/@ubirataonline","https:\/\/www.facebook.com\/groups\/311144672285604","https:\/\/www.facebook.com\/UBTAOnline","https:\/\/www.instagram.com\/portalubirataonline\/","https:\/\/twitter.com\/ubirataonline"],"description":"Somos um portal de not\u00edcias independente, criado em 5 de janeiro de 2009, com o objetivo de informar, conectar e valorizar a nossa comunidade de Ubirat\u00e3 e toda aregi\u00e3o. Com conte\u00fado atualizado, confi\u00e1vel e relevante, o Ubirat\u00e3 Online \u00e9 o seu espa\u00e7o para ficar por dentro dos principais acontecimentos locais, regionais, Brasil, Mundo e de interesse geral. Nosso compromisso \u00e9 com a verdade, a transpar\u00eancia e o respeito ao leitor.","legalName":"UBIRATA ONLINE NOT\u00cdCIAS","foundingDate":"2009-01-05","numberOfEmployees":{"@type":"QuantitativeValue","minValue":"1","maxValue":"10"},"publishingPrinciples":"https:\/\/ubirataonline.com.br\/faq\/","address":{"@id":"https:\/\/ubirataonline.com.br\/falecimento-ascanio-baptista-carvalho-sinop\/#local-main-place-address"},"geo":{"@type":"GeoCoordinates","latitude":"-24.5361401","longitude":"-52.9921776"},"telephone":["+5544998308235"],"contactPoint":{"@type":"ContactPoint","email":"contato@ubirataonline.com.br"},"openingHoursSpecification":{"@type":"OpeningHoursSpecification","dayOfWeek":["Monday","Tuesday","Wednesday","Thursday","Friday","Saturday","Sunday"],"opens":"00:00","closes":"23:59"},"email":"contato@ubirataonline.com.br","vatID":"47.621.418\/0001-80"},{"@type":"Person","@id":"https:\/\/ubirataonline.com.br\/#\/schema\/person\/372f87bbd3fdd79b8556b84c98d0bc1c","name":"REDA\u00c7\u00c3O: UBIRAT\u00c3 ONLINE - F\u00c1BIO AUGUSTO CELESTINO","pronouns":"Ele","description":"Desde 2003 trabalhando com not\u00edcias.","sameAs":["http:\/\/ubirataoline.com.br","https:\/\/www.facebook.com\/portalubirataonline","https:\/\/www.instagram.com\/ubirataonline_oficial","https:\/\/x.com\/x.com\/ubirataonline"],"honorificPrefix":"Mr.","honorificSuffix":"MD","birthDate":"1980-06-16","gender":"masculino","award":["V\u00e1rios pr\u00eamios de melhor portal da cidade"],"jobTitle":"Diretor","url":"https:\/\/ubirataonline.com.br\/en\/author\/ubirataonline\/"},{"@type":"PostalAddress","@id":"https:\/\/ubirataonline.com.br\/falecimento-ascanio-baptista-carvalho-sinop\/#local-main-place-address","streetAddress":"Rua dos Coqueiros, 104 - Bairro Boa Vista, Rua dos Coqueiros, 104 Bairro Boa Vista","addressLocality":"UBIRATA","postalCode":"85440-000","addressRegion":"PR","addressCountry":"BR"},{"@type":"ImageObject","inLanguage":"en-US","@id":"https:\/\/ubirataonline.com.br\/falecimento-ascanio-baptista-carvalho-sinop\/#local-main-organization-logo","url":"https:\/\/ubirataonline.com.br\/wp-content\/uploads\/2026\/06\/logoubirataonline-1.webp","contentUrl":"https:\/\/ubirataonline.com.br\/wp-content\/uploads\/2026\/06\/logoubirataonline-1.webp","width":500,"height":500,"caption":"Ubirat\u00e3 Online Not\u00edcias"}]},"geo.placename":"UBIRATA","geo.position":{"lat":"-24.5361401","long":"-52.9921776"},"geo.region":"Brazil"},"_links":{"self":[{"href":"https:\/\/ubirataonline.com.br\/en\/wp-json\/wp\/v2\/posts\/164281","targetHints":{"allow":["GET"]}}],"collection":[{"href":"https:\/\/ubirataonline.com.br\/en\/wp-json\/wp\/v2\/posts"}],"about":[{"href":"https:\/\/ubirataonline.com.br\/en\/wp-json\/wp\/v2\/types\/post"}],"author":[{"embeddable":true,"href":"https:\/\/ubirataonline.com.br\/en\/wp-json\/wp\/v2\/users\/1"}],"replies":[{"embeddable":true,"href":"https:\/\/ubirataonline.com.br\/en\/wp-json\/wp\/v2\/comments?post=164281"}],"version-history":[{"count":1,"href":"https:\/\/ubirataonline.com.br\/en\/wp-json\/wp\/v2\/posts\/164281\/revisions"}],"predecessor-version":[{"id":164283,"href":"https:\/\/ubirataonline.com.br\/en\/wp-json\/wp\/v2\/posts\/164281\/revisions\/164283"}],"wp:featuredmedia":[{"embeddable":true,"href":"https:\/\/ubirataonline.com.br\/en\/wp-json\/wp\/v2\/media\/164282"}],"wp:attachment":[{"href":"https:\/\/ubirataonline.com.br\/en\/wp-json\/wp\/v2\/media?parent=164281"}],"wp:term":[{"taxonomy":"category","embeddable":true,"href":"https:\/\/ubirataonline.com.br\/en\/wp-json\/wp\/v2\/categories?post=164281"},{"taxonomy":"post_tag","embeddable":true,"href":"https:\/\/ubirataonline.com.br\/en\/wp-json\/wp\/v2\/tags?post=164281"}],"curies":[{"name":"wp","href":"https:\/\/api.w.org\/{rel}","templated":true}]}}