{"id":164900,"date":"2026-08-12T21:39:44","date_gmt":"2026-08-13T00:39:44","guid":{"rendered":"https:\/\/ubirataonline.com.br\/yamaha-lanca-novas-tracer-7-e-r7-no-brasil\/"},"modified":"2026-08-12T21:39:47","modified_gmt":"2026-08-13T00:39:47","slug":"yamaha-lanca-novas-tracer-7-e-r7-no-brasil","status":"publish","type":"post","link":"https:\/\/ubirataonline.com.br\/en\/yamaha-lanca-novas-tracer-7-e-r7-no-brasil\/","title":{"rendered":"Yamaha lan\u00e7a novas Tracer 7 e R7 no Brasil"},"content":{"rendered":"<p><\/p>\n<div>\n<p><em><strong>Com informa\u00e7\u00f5es de Rodrigo Perini, de Interlagos (SP) &#8211;<\/strong><\/em> A fam\u00edlia de motos de 700 cc da Yamaha est\u00e1 crescendo no Brasil. A fabricante anunciou as novas Tracer 7 e R7, ambas com produ\u00e7\u00e3o nacional e motor CP2 de 690 cc. A sport-touring chega primeiro, em setembro, por R$ 59.990, enquanto a esportiva estreia nas lojas em novembro.<\/p>\n<p>As duas compartilham o bicil\u00edndrico de 73,4 cv e 6,9 kgfm, mas seguem propostas bastante diferentes. A Tracer 7 aposta em conforto e equipamentos para viagens, enquanto a R7 recebe uma eletr\u00f4nica bem mais sofisticada, incluindo IMU de seis eixos derivada da R1. A Yamaha tamb\u00e9m anunciou novidades em seu servi\u00e7o de aluguel de motos.<\/p>\n<section data-widget=\"attached-photogallery\">\n<div itemscope=\"\" itemtype=\"https:\/\/schema.org\/ImageGallery\" class=\"msnt-photo-thumb-gallery inline \">\n                                            <meta itemprop=\"name\" content=\"Nova Yamaha Tracer 7 2027 \"\/><br \/>\n                                                                                    <meta itemprop=\"thumbnailUrl\" content=\"\"\/><\/p>\n<div class=\"msnt-photo-thumb-gallery-main-photo\">\n                            <a href=\"http:\/\/motor1.uol.com.br\/photos\/930653\/nova-yamaha-tracer-7-2027\/#8570215_whatsapp-image-2026-08-12-at-13.40.52-1\" class=\"msnt-photo-thumb-gallery-main-photo-box\" itemprop=\"image\" itemscope=\"\" itemtype=\"https:\/\/schema.org\/ImageObject\" data-url=\"\/photos\/930653\/nova-yamaha-tracer-7-2027\/#8570215_whatsapp-image-2026-08-12-at-13.40.52-1\" data-thumb=\"\" data-caption=\"\" data-src=\"\" data-sub-html=\"WhatsApp Image 2026-08-12 at 13.40.52 (1)\" data-entity-id=\"8570215\" data-download-url=\"\">\n                                <picture><source type=\"image\/webp\" srcset=\"&#10;                                            https:\/\/cdn.motor1.com\/images\/mgl\/mMzpzo\/s5\/whatsapp-image-2026-08-12-at-13.40.52-1.webp 213w,&#10;                                            https:\/\/cdn.motor1.com\/images\/mgl\/mMzpzo\/s6\/whatsapp-image-2026-08-12-at-13.40.52-1.webp 445w,&#10;                                            https:\/\/cdn.motor1.com\/images\/mgl\/mMzpzo\/s4\/whatsapp-image-2026-08-12-at-13.40.52-1.webp 889w,&#10;                                            https:\/\/cdn.motor1.com\/images\/mgl\/mMzpzo\/s3\/whatsapp-image-2026-08-12-at-13.40.52-1.webp 1280w&#10;                                        \" sizes=\"&#10;                                            (max-width: 767px) calc(100vw - 30px)&#10;                                            (max-width: 1023px) calc(100vw - 50px), &#10;                                            649px&#10;                                        \"><source type=\"image\/jpeg\" srcset=\"&#10;                                            https:\/\/cdn.motor1.com\/images\/mgl\/mMzpzo\/s5\/whatsapp-image-2026-08-12-at-13.40.52-1.jpg 213w,&#10;                                            https:\/\/cdn.motor1.com\/images\/mgl\/mMzpzo\/s6\/whatsapp-image-2026-08-12-at-13.40.52-1.jpg 445w,&#10;                                            https:\/\/cdn.motor1.com\/images\/mgl\/mMzpzo\/s4\/whatsapp-image-2026-08-12-at-13.40.52-1.jpg 889w,&#10;                                            https:\/\/cdn.motor1.com\/images\/mgl\/mMzpzo\/s3\/whatsapp-image-2026-08-12-at-13.40.52-1.jpg 1280w&#10;                                        \" sizes=\"&#10;                                            (max-width: 767px) calc(100vw - 30px)&#10;                                            (max-width: 1023px) calc(100vw - 50px), &#10;                                            649px&#10;                                        \"><\/source><\/source><\/picture>\n                            <\/a><\/p>\n<p>\n                                    <svg>\n                                        <use xlink:href=\"https:\/\/motor1.uol.com.br\/design\/dist\/critical\/icons\/sprite-common-2-dfdfde4688448e41e4f31dc7be6f9d4d.svg#nikon\"\/>\n                                    <\/svg><br \/>\n                                    8                                <\/p>\n<\/p><\/div>\n<p>\n                            Fonte: Thiago Moreno                        <\/p>\n<\/p><\/div>\n<\/section>\n<h2><span class=\"arrow-holder\"><svg class=\"arrow-heading\"><use xlink:href=\"\"\/><\/svg><\/span>Tracer 7 chega primeiro e j\u00e1 tem pre\u00e7o<\/h2>\n<p>A primeira novidade a chegar \u00e0s ruas ser\u00e1 a Tracer 7. Sua produ\u00e7\u00e3o come\u00e7a em Manaus (AM) ainda em agosto, enquanto as primeiras unidades estar\u00e3o nas concession\u00e1rias em setembro. O pre\u00e7o sugerido \u00e9 de R$ 59.990, al\u00e9m do frete, com quatro anos de garantia e programa de revis\u00e3o a pre\u00e7o fixo.<\/p>\n<p>O motor CP2 bicil\u00edndrico de 690 cc entrega 73,4 cv a 8.750 rpm e torque m\u00e1ximo de 6,9 kgfm a 6.500 rpm. Entre as novidades est\u00e3o acelerador eletr\u00f4nico YCC-T, embreagem assistida e deslizante e controle de tra\u00e7\u00e3o com dois n\u00edveis de interven\u00e7\u00e3o, al\u00e9m da possibilidade de desligar o sistema.<\/p>\n<section data-is-mosaic=\"0\" contenteditable=\"false\" draggable=\"true\" data-widget=\"image\" data-border=\"\" data-id=\"8570188\">\n        <span class=\"svg-search\"><br \/>\n            <svg>\n                <use xlink:href=\"https:\/\/motor1.uol.com.br\/design\/dist\/critical\/icons\/sprite-common-0-379cb53607b1315d0e2d6ede78c5cd01.svg#semidir\"\/>\n            <\/svg><br \/>\n        <\/span>\n    <picture><source type=\"image\/webp\" srcset=\"&#10;            https:\/\/cdn.motor1.com\/images\/mgl\/7ZEJEA\/s5\/yamaha-tracer-7.webp 213w,&#10;            https:\/\/cdn.motor1.com\/images\/mgl\/7ZEJEA\/s6\/yamaha-tracer-7.webp 445w,&#10;            https:\/\/cdn.motor1.com\/images\/mgl\/7ZEJEA\/s4\/yamaha-tracer-7.webp 889w,&#10;            https:\/\/cdn.motor1.com\/images\/mgl\/7ZEJEA\/s3\/yamaha-tracer-7.webp 1280w&#10;        \" sizes=\"(max-width: 767px) calc(100vw - 24px), (max-width: 1023px) calc(100vw - 48px), 644px\"><source type=\"image\/jpeg\" srcset=\"&#10;            https:\/\/cdn.motor1.com\/images\/mgl\/7ZEJEA\/s5\/yamaha-tracer-7.jpg 213w,&#10;            https:\/\/cdn.motor1.com\/images\/mgl\/7ZEJEA\/s6\/yamaha-tracer-7.jpg 445w,&#10;            https:\/\/cdn.motor1.com\/images\/mgl\/7ZEJEA\/s4\/yamaha-tracer-7.jpg 889w,&#10;            https:\/\/cdn.motor1.com\/images\/mgl\/7ZEJEA\/s3\/yamaha-tracer-7.jpg 1280w&#10;        \" sizes=\"(max-width: 767px) calc(100vw - 24px), (max-width: 1023px) calc(100vw - 48px), 644px\"><img decoding=\"async\" src=\"https:\/\/cdn.motor1.com\/images\/static\/16x9-tr.png\" alt=\"Yamaha Tracer 7\" width=\"16\" height=\"9\" loading=\"lazy\"\/><br \/>\n    <\/source><\/source><\/picture>\n<p>Foto de: Yamaha<\/p>\n<\/section>\n<p>Para refor\u00e7ar a proposta estradeira, a Tracer 7 tamb\u00e9m ganha controle de velocidade de cruzeiro, que pode funcionar entre 40 e 180 km\/h da terceira \u00e0 sexta marcha, e limitador eletr\u00f4nico de velocidade. O conjunto ainda inclui para-brisa ajust\u00e1vel e banco do piloto com regulagem de altura em 20 mm.<\/p>\n<p>A suspens\u00e3o dianteira usa garfo KYB invertido de 41 mm e conta com 18 n\u00edveis de ajuste, enquanto o conjunto traseiro Monocross oferece regulagem em 21 n\u00edveis. Os freios t\u00eam dois discos de 298 mm na dianteira e disco de 245 mm atr\u00e1s, sempre com ABS.<\/p>\n<section data-is-mosaic=\"0\" contenteditable=\"false\" draggable=\"true\" data-widget=\"image\" data-border=\"\" data-id=\"8570187\">\n        <span class=\"svg-search\"><br \/>\n            <svg>\n                <use xlink:href=\"https:\/\/motor1.uol.com.br\/design\/dist\/critical\/icons\/sprite-common-0-379cb53607b1315d0e2d6ede78c5cd01.svg#semidir\"\/>\n            <\/svg><br \/>\n        <\/span>\n    <picture><source type=\"image\/webp\" srcset=\"&#10;            https:\/\/cdn.motor1.com\/images\/mgl\/koKXKR\/s5\/yamaha-tracer-7.webp 213w,&#10;            https:\/\/cdn.motor1.com\/images\/mgl\/koKXKR\/s6\/yamaha-tracer-7.webp 445w,&#10;            https:\/\/cdn.motor1.com\/images\/mgl\/koKXKR\/s4\/yamaha-tracer-7.webp 889w,&#10;            https:\/\/cdn.motor1.com\/images\/mgl\/koKXKR\/s3\/yamaha-tracer-7.webp 1280w&#10;        \" sizes=\"(max-width: 767px) calc(100vw - 24px), (max-width: 1023px) calc(100vw - 48px), 644px\"><source type=\"image\/jpeg\" srcset=\"&#10;            https:\/\/cdn.motor1.com\/images\/mgl\/koKXKR\/s5\/yamaha-tracer-7.jpg 213w,&#10;            https:\/\/cdn.motor1.com\/images\/mgl\/koKXKR\/s6\/yamaha-tracer-7.jpg 445w,&#10;            https:\/\/cdn.motor1.com\/images\/mgl\/koKXKR\/s4\/yamaha-tracer-7.jpg 889w,&#10;            https:\/\/cdn.motor1.com\/images\/mgl\/koKXKR\/s3\/yamaha-tracer-7.jpg 1280w&#10;        \" sizes=\"(max-width: 767px) calc(100vw - 24px), (max-width: 1023px) calc(100vw - 48px), 644px\"><img decoding=\"async\" src=\"https:\/\/cdn.motor1.com\/images\/static\/16x9-tr.png\" alt=\"Yamaha Tracer 7\" width=\"16\" height=\"9\" loading=\"lazy\"\/><br \/>\n    <\/source><\/source><\/picture>\n<p>Foto de: Yamaha<\/p>\n<\/section>\n<p>Por dentro do cockpit, a Yamaha instalou um painel TFT colorido de &#8221;5&#8221; com quatro temas, conectividade pelo Y-Connect e navega\u00e7\u00e3o por mapa ou instru\u00e7\u00f5es curva a curva pelo Garmin StreetCross. H\u00e1 ainda tomada USB-C e ilumina\u00e7\u00e3o full LED.<\/p>\n<p>A Tracer 7 pesa 203 kg em ordem de marcha e leva 18 litros de combust\u00edvel. As cores dispon\u00edveis ser\u00e3o Redline, em vermelho, e Midnight Black, em preto met\u00e1lico. A marca tamb\u00e9m oferecer\u00e1 o Pack Touring, que re\u00fane itens como protetores, ba\u00fa superior de 42 litros e bolha mais alta.<\/p>\n<section data-widget=\"attached-photogallery\">\n<div itemscope=\"\" itemtype=\"https:\/\/schema.org\/ImageGallery\" class=\"msnt-photo-thumb-gallery inline \">\n                                            <meta itemprop=\"name\" content=\"Nova Yamaha R7 2027\"\/><br \/>\n                                                                                    <meta itemprop=\"thumbnailUrl\" content=\"\"\/><\/p>\n<div class=\"msnt-photo-thumb-gallery-main-photo\">\n                            <a href=\"http:\/\/motor1.uol.com.br\/photos\/930654\/nova-yamaha-r7-2027\/#8570223_nova-yamaha-r7-2027\" class=\"msnt-photo-thumb-gallery-main-photo-box\" itemprop=\"image\" itemscope=\"\" itemtype=\"https:\/\/schema.org\/ImageObject\" data-url=\"\/photos\/930654\/nova-yamaha-r7-2027\/#8570223_nova-yamaha-r7-2027\" data-thumb=\"\" data-caption=\"\" data-src=\"\" data-sub-html=\"Nova Yamaha R7 2027\" data-entity-id=\"8570223\" data-download-url=\"\">\n                                <picture><source type=\"image\/webp\" srcset=\"&#10;                                            https:\/\/cdn.motor1.com\/images\/mgl\/wl8O8V\/s5\/nova-yamaha-r7-2027.webp 213w,&#10;                                            https:\/\/cdn.motor1.com\/images\/mgl\/wl8O8V\/s6\/nova-yamaha-r7-2027.webp 445w,&#10;                                            https:\/\/cdn.motor1.com\/images\/mgl\/wl8O8V\/s4\/nova-yamaha-r7-2027.webp 889w,&#10;                                            https:\/\/cdn.motor1.com\/images\/mgl\/wl8O8V\/s3\/nova-yamaha-r7-2027.webp 1280w&#10;                                        \" sizes=\"&#10;                                            (max-width: 767px) calc(100vw - 30px)&#10;                                            (max-width: 1023px) calc(100vw - 50px), &#10;                                            649px&#10;                                        \"><source type=\"image\/jpeg\" srcset=\"&#10;                                            https:\/\/cdn.motor1.com\/images\/mgl\/wl8O8V\/s5\/nova-yamaha-r7-2027.jpg 213w,&#10;                                            https:\/\/cdn.motor1.com\/images\/mgl\/wl8O8V\/s6\/nova-yamaha-r7-2027.jpg 445w,&#10;                                            https:\/\/cdn.motor1.com\/images\/mgl\/wl8O8V\/s4\/nova-yamaha-r7-2027.jpg 889w,&#10;                                            https:\/\/cdn.motor1.com\/images\/mgl\/wl8O8V\/s3\/nova-yamaha-r7-2027.jpg 1280w&#10;                                        \" sizes=\"&#10;                                            (max-width: 767px) calc(100vw - 30px)&#10;                                            (max-width: 1023px) calc(100vw - 50px), &#10;                                            649px&#10;                                        \"><img decoding=\"async\" src=\"https:\/\/cdn.motor1.com\/images\/static\/16x9-tr.png\" loading=\"lazy\" alt=\"Nova Yamaha R7 2027\" width=\"16\" height=\"9\"\/><br \/>\n                                <\/source><\/source><\/picture>\n                            <\/a><\/p>\n<p>\n                                    <svg>\n                                        <use xlink:href=\"https:\/\/motor1.uol.com.br\/design\/dist\/critical\/icons\/sprite-common-2-dfdfde4688448e41e4f31dc7be6f9d4d.svg#nikon\"\/>\n                                    <\/svg><br \/>\n                                    9                                <\/p>\n<\/p><\/div>\n<p>\n                            Fonte: Thiago Moreno                        <\/p>\n<\/p><\/div>\n<\/section>\n<h2><span class=\"arrow-holder\"><svg class=\"arrow-heading\"><use xlink:href=\"\"\/><\/svg><\/span>R7 chega em novembro com eletr\u00f4nica da R1<\/h2>\n<p>A segunda grande estreia \u00e9 a nova <a href=\"https:\/\/motor1.uol.com.br\/yamaha\/\" data-inline-widget=\"internal-links\">Yamaha<\/a> R7. A esportiva come\u00e7ar\u00e1 a ser produzida em Manaus em outubro, quando seu pre\u00e7o tamb\u00e9m ser\u00e1 divulgado, e chegar\u00e1 \u00e0s concession\u00e1rias em novembro. Al\u00e9m das cores Racing Blue e Midnight Black, haver\u00e1 uma edi\u00e7\u00e3o 70th Anniversary limitada a apenas 70 unidades.<\/p>\n<p>Debaixo das carenagens est\u00e1 o mesmo CP2 de 690 cc da Tracer, tamb\u00e9m com 73,4 cv e 6,9 kgfm. A diferen\u00e7a est\u00e1 principalmente no acerto e na quantidade de recursos destinados \u00e0 pilotagem esportiva.<\/p>\n<section data-is-mosaic=\"0\" contenteditable=\"false\" draggable=\"true\" data-widget=\"image\" data-border=\"\" data-id=\"8570181\">\n        <span class=\"svg-search\"><br \/>\n            <svg>\n                <use xlink:href=\"https:\/\/motor1.uol.com.br\/design\/dist\/critical\/icons\/sprite-common-0-379cb53607b1315d0e2d6ede78c5cd01.svg#semidir\"\/>\n            <\/svg><br \/>\n        <\/span>\n    <picture><source type=\"image\/webp\" srcset=\"&#10;            https:\/\/cdn.motor1.com\/images\/mgl\/KbgpgQ\/s5\/yamaha-r7.webp 213w,&#10;            https:\/\/cdn.motor1.com\/images\/mgl\/KbgpgQ\/s6\/yamaha-r7.webp 445w,&#10;            https:\/\/cdn.motor1.com\/images\/mgl\/KbgpgQ\/s4\/yamaha-r7.webp 889w,&#10;            https:\/\/cdn.motor1.com\/images\/mgl\/KbgpgQ\/s3\/yamaha-r7.webp 1280w&#10;        \" sizes=\"(max-width: 767px) calc(100vw - 24px), (max-width: 1023px) calc(100vw - 48px), 644px\"><source type=\"image\/jpeg\" srcset=\"&#10;            https:\/\/cdn.motor1.com\/images\/mgl\/KbgpgQ\/s5\/yamaha-r7.jpg 213w,&#10;            https:\/\/cdn.motor1.com\/images\/mgl\/KbgpgQ\/s6\/yamaha-r7.jpg 445w,&#10;            https:\/\/cdn.motor1.com\/images\/mgl\/KbgpgQ\/s4\/yamaha-r7.jpg 889w,&#10;            https:\/\/cdn.motor1.com\/images\/mgl\/KbgpgQ\/s3\/yamaha-r7.jpg 1280w&#10;        \" sizes=\"(max-width: 767px) calc(100vw - 24px), (max-width: 1023px) calc(100vw - 48px), 644px\"><img decoding=\"async\" src=\"https:\/\/cdn.motor1.com\/images\/static\/16x9-tr.png\" alt=\"Yamaha R7\" width=\"16\" height=\"9\" loading=\"lazy\"\/><br \/>\n    <\/source><\/source><\/picture>\n<p>Foto de: Yamaha<\/p>\n<\/section>\n<p>A R7 recebe uma IMU de seis eixos derivada da R1, respons\u00e1vel por alimentar sistemas como controle de tra\u00e7\u00e3o, controle de deslizamento, controle de eleva\u00e7\u00e3o da roda dianteira, gerenciamento do freio-motor, controle de frenagem e sistema de travamento da roda traseira.<\/p>\n<p>Tamb\u00e9m est\u00e3o presentes controle de largada para o modo Track e quickshifter bidirecional, permitindo subir e reduzir marchas sem utilizar a embreagem. O piloto ainda poder\u00e1 desligar o ABS da roda traseira para uso em pista.<\/p>\n<p>O conjunto cicl\u00edstico inclui garfo dianteiro invertido de 41 mm totalmente ajust\u00e1vel, suspens\u00e3o traseira Monocross, dois discos dianteiros de 298 mm e disco traseiro de 245 mm. As rodas SpinForged de &#8221;17&#8221; s\u00e3o 5% mais leves, segundo a Yamaha, e usam pneus Bridgestone Battlax Hypersport S23.<\/p>\n<section data-is-mosaic=\"0\" contenteditable=\"false\" draggable=\"true\" data-widget=\"image\" data-border=\"\" data-id=\"8570210\">\n        <span class=\"svg-search\"><br \/>\n            <svg>\n                <use xlink:href=\"https:\/\/motor1.uol.com.br\/design\/dist\/critical\/icons\/sprite-common-0-379cb53607b1315d0e2d6ede78c5cd01.svg#semidir\"\/>\n            <\/svg><br \/>\n        <\/span>\n    <picture><source type=\"image\/webp\" srcset=\"&#10;            https:\/\/cdn.motor1.com\/images\/mgl\/0egmg9\/s5\/yamaha-r7-anniversary-2027.webp 213w,&#10;            https:\/\/cdn.motor1.com\/images\/mgl\/0egmg9\/s6\/yamaha-r7-anniversary-2027.webp 445w,&#10;            https:\/\/cdn.motor1.com\/images\/mgl\/0egmg9\/s4\/yamaha-r7-anniversary-2027.webp 889w,&#10;            https:\/\/cdn.motor1.com\/images\/mgl\/0egmg9\/s3\/yamaha-r7-anniversary-2027.webp 1280w&#10;        \" sizes=\"(max-width: 767px) calc(100vw - 24px), (max-width: 1023px) calc(100vw - 48px), 644px\"><source type=\"image\/jpeg\" srcset=\"&#10;            https:\/\/cdn.motor1.com\/images\/mgl\/0egmg9\/s5\/yamaha-r7-anniversary-2027.jpg 213w,&#10;            https:\/\/cdn.motor1.com\/images\/mgl\/0egmg9\/s6\/yamaha-r7-anniversary-2027.jpg 445w,&#10;            https:\/\/cdn.motor1.com\/images\/mgl\/0egmg9\/s4\/yamaha-r7-anniversary-2027.jpg 889w,&#10;            https:\/\/cdn.motor1.com\/images\/mgl\/0egmg9\/s3\/yamaha-r7-anniversary-2027.jpg 1280w&#10;        \" sizes=\"(max-width: 767px) calc(100vw - 24px), (max-width: 1023px) calc(100vw - 48px), 644px\"><img decoding=\"async\" src=\"https:\/\/cdn.motor1.com\/images\/static\/16x9-tr.png\" alt=\"Yamaha R7 Anniversary 2027\" width=\"16\" height=\"9\" loading=\"lazy\"\/><br \/>\n    <\/source><\/source><\/picture>\n<div class=\"photo-title\">\n<p>Yamaha R7 Anniversary 2027<\/p>\n<\/div>\n<p>Foto de: Yamaha<\/p>\n<\/section>\n<p>Com tanque de 14 litros, a R7 pesa 189 kg em ordem de marcha. O painel tamb\u00e9m \u00e9 um TFT colorido de &#8221;5&#8221;, com cinco layouts e integra\u00e7\u00e3o ao Y-Connect, Garmin StreetCross e ao aplicativo Y-TRAC, capaz de registrar informa\u00e7\u00f5es de desempenho durante o uso em pista.<\/p>\n<p>A chegada da esportiva tamb\u00e9m dar\u00e1 origem \u00e0 R7 Cup, nova categoria de forma\u00e7\u00e3o de pilotos que come\u00e7a a ser disputada no Brasil em 2027, com previs\u00e3o de at\u00e9 30 competidores no grid.<\/p>\n<section data-widget=\"attached-photogallery\">\n<div itemscope=\"\" itemtype=\"https:\/\/schema.org\/ImageGallery\" class=\"msnt-photo-thumb-gallery inline \">\n                                            <meta itemprop=\"name\" content=\"Yamaha lan\u00e7a a Factor e Factor DX 150 2025\"\/><br \/>\n                                                                                    <meta itemprop=\"thumbnailUrl\" content=\"\"\/><\/p>\n<div class=\"msnt-photo-thumb-gallery-main-photo\">\n                            <a href=\"http:\/\/motor1.uol.com.br\/photos\/896627\/yamaha-lanca-a-factor-e-factor-dx-150-2025\/#7991010_yamaha-factor-150-2025\" class=\"msnt-photo-thumb-gallery-main-photo-box\" itemprop=\"image\" itemscope=\"\" itemtype=\"https:\/\/schema.org\/ImageObject\" data-url=\"\/photos\/896627\/yamaha-lanca-a-factor-e-factor-dx-150-2025\/#7991010_yamaha-factor-150-2025\" data-thumb=\"\" data-caption=\"\" data-src=\"\" data-sub-html=\"Yamaha Factor 150 2025\" data-entity-id=\"7991010\" data-download-url=\"\">\n                                <picture><source type=\"image\/webp\" srcset=\"&#10;                                            https:\/\/cdn.motor1.com\/images\/mgl\/y24L0e\/s5\/yamaha-factor-150-2025.webp 213w,&#10;                                            https:\/\/cdn.motor1.com\/images\/mgl\/y24L0e\/s6\/yamaha-factor-150-2025.webp 445w,&#10;                                            https:\/\/cdn.motor1.com\/images\/mgl\/y24L0e\/s4\/yamaha-factor-150-2025.webp 889w,&#10;                                            https:\/\/cdn.motor1.com\/images\/mgl\/y24L0e\/s3\/yamaha-factor-150-2025.webp 1280w&#10;                                        \" sizes=\"&#10;                                            (max-width: 767px) calc(100vw - 30px)&#10;                                            (max-width: 1023px) calc(100vw - 50px), &#10;                                            649px&#10;                                        \"><source type=\"image\/jpeg\" srcset=\"&#10;                                            https:\/\/cdn.motor1.com\/images\/mgl\/y24L0e\/s5\/yamaha-factor-150-2025.jpg 213w,&#10;                                            https:\/\/cdn.motor1.com\/images\/mgl\/y24L0e\/s6\/yamaha-factor-150-2025.jpg 445w,&#10;                                            https:\/\/cdn.motor1.com\/images\/mgl\/y24L0e\/s4\/yamaha-factor-150-2025.jpg 889w,&#10;                                            https:\/\/cdn.motor1.com\/images\/mgl\/y24L0e\/s3\/yamaha-factor-150-2025.jpg 1280w&#10;                                        \" sizes=\"&#10;                                            (max-width: 767px) calc(100vw - 30px)&#10;                                            (max-width: 1023px) calc(100vw - 50px), &#10;                                            649px&#10;                                        \"><img decoding=\"async\" src=\"https:\/\/cdn.motor1.com\/images\/static\/16x9-tr.png\" loading=\"lazy\" alt=\"Yamaha Factor 150 2025\" width=\"16\" height=\"9\"\/><br \/>\n                                <\/source><\/source><\/picture>\n                            <\/a><\/p>\n<p>\n                                    <svg>\n                                        <use xlink:href=\"https:\/\/motor1.uol.com.br\/design\/dist\/critical\/icons\/sprite-common-2-dfdfde4688448e41e4f31dc7be6f9d4d.svg#nikon\"\/>\n                                    <\/svg><br \/>\n                                    22                                <\/p>\n<\/p><\/div>\n<p>\n                            Fonte: Yamaha                        <\/p>\n<\/p><\/div>\n<\/section>\n<h2><span class=\"arrow-holder\"><svg class=\"arrow-heading\"><use xlink:href=\"\"\/><\/svg><\/span>Yamaha amplia aluguel e tem Factor por R$ 49\u00a0<\/h2>\n<p>Al\u00e9m das duas novidades de 700 cc, a Yamaha apresentou novos passos para o BluStar, sua opera\u00e7\u00e3o de loca\u00e7\u00e3o de motocicletas. O servi\u00e7o j\u00e1 soma mais de 200 motos, est\u00e1 presente em tr\u00eas estados por meio de cinco grupos parceiros e acumula mais de 600 mil quil\u00f4metros rodados.<\/p>\n<div class=\"flex justify-center items-center flex-col common-hider-bottom border-dashed border-stroke-soft-100 border-y py-spacing-sm-base\">\n        <span class=\"normal-title-medium text-text-contrast-soft\">O que voc\u00ea pensa sobre isso?<\/span><\/p><\/div>\n<p>Um dos modelos oferecidos \u00e9 a Factor. No plano mensal, a Yamaha anunciou valor equivalente a R$ 52 por dia ou R$ 364 por semana. J\u00e1 no contrato anual, o custo cai para R$ 49 por dia ou R$ 343 semanais.<\/p>\n<p>O processo de contrata\u00e7\u00e3o \u00e9 digital e inclui manuten\u00e7\u00e3o na rede de concession\u00e1rias Yamaha, assist\u00eancia 24 horas, rastreamento e prote\u00e7\u00e3o da motocicleta, al\u00e9m de atendimento dedicado. A empresa tamb\u00e9m prepara a expans\u00e3o da opera\u00e7\u00e3o para novas pra\u00e7as em diferentes regi\u00f5es do pa\u00eds.<\/p>\n<section class=\"relatedContent-new\" contenteditable=\"false\" draggable=\"true\" data-widget=\"related-content\" data-widget-size=\"content\" data-params=\"%7B%22type_id%22%3A0%2C%22title_id%22%3A%22%22%2C%22items%22%3A%5B%7B%22article_edition_id%22%3A%22804557%22%2C%22title%22%3A%22Yamaha%20vai%20peitar%20Mottu%20com%20servi%C3%A7o%20pr%C3%B3prio%20de%20aluguel%20de%20motos%3B%20veja%20os%20pre%C3%A7os%22%2C%22alias%22%3A%22yamaha-blustar-aluguel-motos-precos%22%2C%22section%22%3A%221%22%2C%22is_video%22%3A%220%22%2C%22images%22%3A%7B%22s5%22%3A%22https%3A%2F%2Fcdn.motor1.com%2Fimages%2Fmgl%2F2N4XNB%2Fs5%2Fyamaha-factor-150-no-servico-de-aluguel-bluestar.jpg%22%7D%7D%2C%7B%22article_edition_id%22%3A%22804058%22%2C%22title%22%3A%22Avalia%C3%A7%C3%A3o%20Yamaha%20ZR%20Hybrid%3A%2058%20km%2Fl%20para%20come%C3%A7ar%20a%20conversa%22%2C%22alias%22%3A%22avaliacao-yamaha-zr-hybrid-2027%22%2C%22section%22%3A%222%22%2C%22is_video%22%3A%220%22%2C%22images%22%3A%7B%22s5%22%3A%22https%3A%2F%2Fcdn.motor1.com%2Fimages%2Fmgl%2FW8Kx7q%2Fs5%2Favaliacao-yamaha-zr-hybrid-connected-2027---dianteira.jpg%22%7D%7D%2C%7B%22article_edition_id%22%3A%22803009%22%2C%22title%22%3A%22Motos%20Yamaha%3A%20veja%20quais%20modelos%20j%C3%A1%20s%C3%A3o%202027%20e%20os%20pre%C3%A7os%20de%20toda%20a%20linha%20no%20Brasil%22%2C%22alias%22%3A%22motos-yamaha-2027-precos-brasil%22%2C%22section%22%3A%221%22%2C%22is_video%22%3A%220%22%2C%22images%22%3A%7B%22s5%22%3A%22https%3A%2F%2Fcdn.motor1.com%2Fimages%2Fmgl%2FBXZkAv%2Fs5%2Fyamaha-crosser-z-wolverine.jpg%22%7D%7D%2C%7B%22article_edition_id%22%3A%22802688%22%2C%22title%22%3A%22Yamaha%20lan%C3%A7a%20a%20nova%20XMax%20300%20Connected%202027%3B%20veja%20o%20pre%C3%A7o%20e%20o%20que%20mudou%22%2C%22alias%22%3A%22honda-xmax-300-2027-preco%22%2C%22section%22%3A%221%22%2C%22is_video%22%3A%220%22%2C%22images%22%3A%7B%22s5%22%3A%22https%3A%2F%2Fcdn.motor1.com%2Fimages%2Fmgl%2F1Zwvnw%2Fs5%2Fyamaha-lanca-a-nova-xmax-300-connected-no-brasil.jpg%22%7D%7D%5D%7D\">   <\/section>\n<p>                                                                        <!-- new gallery place, attached gallery --><\/p>\n<section class=\"m1-survey-promo bg-fill-soft-200 hidden text-text-contrast-ink space-y-spacing-md-xs my-spacing-md-lg pt-spacing-md-xs pr-spacing-md-md pb-spacing-md-sm pl-spacing-md-sm rounded-r-radius-24 border border-l-[6px] border-stroke-contrast-300\">\n<p class=\"comfort-title-large flex gap-spacing-sm-base items-center\">\n\t\t<svg xmlns=\"http:\/\/www.w3.org\/2000\/svg\" width=\"24\" height=\"25\" viewbox=\"0 0 24 25\" fill=\"none\" class=\"inline\">\n\t\t\t<path d=\"M18 8.46875C18.7956 8.46875 19.5587 8.78482 20.1213 9.34743C20.6839 9.91004 21 10.6731 21 11.4688C21 12.2644 20.6839 13.0275 20.1213 13.5901C19.5587 14.1527 18.7956 14.4687 18 14.4688M10 8.46875V19.4688C10 19.734 9.89464 19.9883 9.70711 20.1759C9.51957 20.3634 9.26522 20.4688 9 20.4688H8C7.73478 20.4688 7.48043 20.3634 7.29289 20.1759C7.10536 19.9883 7 19.734 7 19.4688V14.4688M12 8.46876L16.524 4.69876C16.6555 4.58927 16.8154 4.51951 16.9851 4.49766C17.1548 4.47582 17.3271 4.50279 17.482 4.57541C17.6369 4.64803 17.7679 4.7633 17.8597 4.90771C17.9514 5.05212 18.0001 5.21968 18 5.39076V17.5468C18.0001 17.7178 17.9514 17.8854 17.8597 18.0298C17.7679 18.1742 17.6369 18.2895 17.482 18.3621C17.3271 18.4347 17.1548 18.4617 16.9851 18.4399C16.8154 18.418 16.6555 18.3483 16.524 18.2388L12 14.4688H4C3.73478 14.4688 3.48043 14.3634 3.29289 14.1759C3.10536 13.9883 3 13.734 3 13.4688V9.46876C3 9.20354 3.10536 8.94919 3.29289 8.76165C3.48043 8.57412 3.73478 8.46876 4 8.46876H12Z\" stroke=\"currentColor\" stroke-width=\"2\" stroke-linecap=\"round\" stroke-linejoin=\"round\"\/>\n\t\t<\/svg><br \/>\n\t\t<span>Queremos a sua opini\u00e3o!<\/span>\n\t<\/p>\n<div class=\"compact-body-large\">\n<p>O que voc\u00ea gostaria de ver no Motor1.com?<\/p>\n<p>\t\t<a href=\"https:\/\/motor1.uol.com.br\/survey\/2025\/\"><br \/>\n\t\t\tResponda \u00e0 nossa pesquisa de 3 minutos.\t\t<\/a>\n\t<\/div>\n<p class=\"compact-body-medium\">&#8211; Equipe do Motor1.com<\/p>\n<\/section><\/div>\n<p><a href=\"https:\/\/ubirataonline.com.br\/noticias\/\" target=\"_blank\" rel=\"noopener noreferrer\">Mais Not\u00edcias<\/a><\/p>\n<p><a href=\"https:\/\/ubirataonline.com.br\" target=\"_blank\" rel=\"noopener noreferrer\">Home Page &#8211; In\u00edcio<\/a><\/p>\n<p><a href=\"https:\/\/motor1.uol.com.br\/news\/804703\/yamaha-tracer7-r7-brasil-lancamento\/\">Fonte do Artigo <\/a><br \/>\nSee more: <a href=\"https:\/\/theglobaltrack.com\/\" target=\"_blank\" rel=\"noopener noreferrer\">The Global Track<\/a><\/p>\n<p><a href=\"https:\/\/corinthiames.com.br\/\" target=\"_blank\" rel=\"noopener noreferrer\">Corinthia Mes<\/a><\/p>\n","protected":false},"excerpt":{"rendered":"<p>Com informa\u00e7\u00f5es de Rodrigo Perini, de Interlagos (SP) &#8211; A fam\u00edlia de motos de 700 cc da Yamaha est\u00e1 crescendo no Brasil. A fabricante anunciou as novas Tracer 7 e R7, ambas com produ\u00e7\u00e3o nacional e motor CP2 de 690 cc. A sport-touring chega primeiro, em setembro, por R$ 59.990, enquanto a esportiva estreia nas [&hellip;]<\/p>\n","protected":false},"author":1,"featured_media":164901,"comment_status":"closed","ping_status":"","sticky":false,"template":"","format":"standard","meta":{"googlesitekit_rrm_CAow2JLhCw:productID":"","_gspb_post_css":"","maa_idioma":"","maa_pais":"","footnotes":""},"categories":[4],"tags":[272,8136,8315,44176,44175],"class_list":["post-164900","post","type-post","status-publish","format-standard","has-post-thumbnail","hentry","category-brasil","tag-brasil","tag-lanca","tag-novas","tag-tracer","tag-yamaha"],"blocksy_meta":[],"yoast_head":"<!-- This site is optimized with the Yoast SEO Premium plugin v27.6 (Yoast SEO v27.6) - https:\/\/yoast.com\/product\/yoast-seo-premium-wordpress\/ -->\n<title>Yamaha lan\u00e7a novas Tracer 7 e R7 no Brasil - Ubirat\u00e3 Online Not\u00edcias - A realidade ao seu alcance!<\/title>\n<meta name=\"description\" content=\"Novas Yamaha usam motor CP2 de 73,4 cv e ser\u00e3o feitas em Manaus; Tracer 7 ganha cruise control e R7 estreia com eletr\u00f4nica derivada da R1.\" \/>\n<meta name=\"robots\" content=\"index, follow, max-snippet:-1, max-image-preview:large, max-video-preview:-1\" \/>\n<link rel=\"canonical\" href=\"https:\/\/ubirataonline.com.br\/en\/yamaha-lanca-novas-tracer-7-e-r7-no-brasil\/\" \/>\n<meta property=\"og:locale\" content=\"en_US\" \/>\n<meta property=\"og:type\" content=\"article\" \/>\n<meta property=\"og:title\" content=\"Yamaha lan\u00e7a novas Tracer 7 e R7 no Brasil\" \/>\n<meta property=\"og:description\" content=\"Novas Yamaha usam motor CP2 de 73,4 cv e ser\u00e3o feitas em Manaus; Tracer 7 ganha cruise control e R7 estreia com eletr\u00f4nica derivada da R1.\" \/>\n<meta property=\"og:url\" content=\"https:\/\/ubirataonline.com.br\/en\/yamaha-lanca-novas-tracer-7-e-r7-no-brasil\/\" \/>\n<meta property=\"og:site_name\" content=\"Ubirat\u00e3 Online Not\u00edcias - A realidade ao seu alcance!\" \/>\n<meta property=\"article:publisher\" content=\"https:\/\/www.facebook.com\/portalubirataonline\" \/>\n<meta property=\"article:author\" content=\"https:\/\/www.facebook.com\/portalubirataonline\" \/>\n<meta property=\"article:published_time\" content=\"2026-08-13T00:39:44+00:00\" \/>\n<meta property=\"article:modified_time\" content=\"2026-08-13T00:39:47+00:00\" \/>\n<meta property=\"og:image\" content=\"https:\/\/ubirataonline.com.br\/wp-content\/uploads\/2026\/08\/Yamaha-lanca-novas-Tracer-7-e-R7-no-Brasil.jpg\" \/>\n\t<meta property=\"og:image:width\" content=\"1920\" \/>\n\t<meta property=\"og:image:height\" content=\"1080\" \/>\n\t<meta property=\"og:image:type\" content=\"image\/jpeg\" \/>\n<meta name=\"author\" content=\"REDA\u00c7\u00c3O: UBIRAT\u00c3 ONLINE - F\u00c1BIO AUGUSTO CELESTINO\" \/>\n<meta name=\"twitter:card\" content=\"summary_large_image\" \/>\n<meta name=\"twitter:creator\" content=\"@x.com\/ubirataonline\" \/>\n<meta name=\"twitter:site\" content=\"@ubirataonline\" \/>\n<meta name=\"twitter:label1\" content=\"Written by\" \/>\n\t<meta name=\"twitter:data1\" content=\"REDA\u00c7\u00c3O: UBIRAT\u00c3 ONLINE - F\u00c1BIO AUGUSTO CELESTINO\" \/>\n\t<meta name=\"twitter:label2\" content=\"Est. reading time\" \/>\n\t<meta name=\"twitter:data2\" content=\"5 minutes\" \/>\n<script type=\"application\/ld+json\" class=\"yoast-schema-graph\">{\"@context\":\"https:\\\/\\\/schema.org\",\"@graph\":[{\"@type\":\"NewsArticle\",\"@id\":\"https:\\\/\\\/ubirataonline.com.br\\\/yamaha-lanca-novas-tracer-7-e-r7-no-brasil\\\/#article\",\"isPartOf\":{\"@id\":\"https:\\\/\\\/ubirataonline.com.br\\\/yamaha-lanca-novas-tracer-7-e-r7-no-brasil\\\/\"},\"author\":{\"name\":\"REDA\u00c7\u00c3O: UBIRAT\u00c3 ONLINE - F\u00c1BIO AUGUSTO CELESTINO\",\"@id\":\"https:\\\/\\\/ubirataonline.com.br\\\/#\\\/schema\\\/person\\\/372f87bbd3fdd79b8556b84c98d0bc1c\"},\"headline\":\"Yamaha lan\u00e7a novas Tracer 7 e R7 no Brasil\",\"datePublished\":\"2026-08-13T00:39:44+00:00\",\"dateModified\":\"2026-08-13T00:39:47+00:00\",\"mainEntityOfPage\":{\"@id\":\"https:\\\/\\\/ubirataonline.com.br\\\/yamaha-lanca-novas-tracer-7-e-r7-no-brasil\\\/\"},\"wordCount\":946,\"publisher\":{\"@id\":\"https:\\\/\\\/ubirataonline.com.br\\\/#organization\"},\"image\":{\"@id\":\"https:\\\/\\\/ubirataonline.com.br\\\/yamaha-lanca-novas-tracer-7-e-r7-no-brasil\\\/#primaryimage\"},\"thumbnailUrl\":\"https:\\\/\\\/ubirataonline.com.br\\\/wp-content\\\/uploads\\\/2026\\\/08\\\/Yamaha-lanca-novas-Tracer-7-e-R7-no-Brasil.jpg\",\"keywords\":[\"Brasil\",\"lan\u00e7a\",\"Novas\",\"Tracer\",\"Yamaha\"],\"articleSection\":[\"Brasil\"],\"inLanguage\":\"en-US\",\"copyrightYear\":\"2026\",\"copyrightHolder\":{\"@id\":\"https:\\\/\\\/ubirataonline.com.br\\\/en\\\/#organization\"}},{\"@type\":\"WebPage\",\"@id\":\"https:\\\/\\\/ubirataonline.com.br\\\/yamaha-lanca-novas-tracer-7-e-r7-no-brasil\\\/\",\"url\":\"https:\\\/\\\/ubirataonline.com.br\\\/yamaha-lanca-novas-tracer-7-e-r7-no-brasil\\\/\",\"name\":\"Yamaha lan\u00e7a novas Tracer 7 e R7 no Brasil - Ubirat\u00e3 Online Not\u00edcias - A realidade ao seu alcance!\",\"isPartOf\":{\"@id\":\"https:\\\/\\\/ubirataonline.com.br\\\/#website\"},\"primaryImageOfPage\":{\"@id\":\"https:\\\/\\\/ubirataonline.com.br\\\/yamaha-lanca-novas-tracer-7-e-r7-no-brasil\\\/#primaryimage\"},\"image\":{\"@id\":\"https:\\\/\\\/ubirataonline.com.br\\\/yamaha-lanca-novas-tracer-7-e-r7-no-brasil\\\/#primaryimage\"},\"thumbnailUrl\":\"https:\\\/\\\/ubirataonline.com.br\\\/wp-content\\\/uploads\\\/2026\\\/08\\\/Yamaha-lanca-novas-Tracer-7-e-R7-no-Brasil.jpg\",\"datePublished\":\"2026-08-13T00:39:44+00:00\",\"dateModified\":\"2026-08-13T00:39:47+00:00\",\"description\":\"Novas Yamaha usam motor CP2 de 73,4 cv e ser\u00e3o feitas em Manaus; Tracer 7 ganha cruise control e R7 estreia com eletr\u00f4nica derivada da R1.\",\"breadcrumb\":{\"@id\":\"https:\\\/\\\/ubirataonline.com.br\\\/yamaha-lanca-novas-tracer-7-e-r7-no-brasil\\\/#breadcrumb\"},\"inLanguage\":\"en-US\",\"potentialAction\":[{\"@type\":\"ReadAction\",\"target\":[\"https:\\\/\\\/ubirataonline.com.br\\\/yamaha-lanca-novas-tracer-7-e-r7-no-brasil\\\/\"]}]},{\"@type\":\"ImageObject\",\"inLanguage\":\"en-US\",\"@id\":\"https:\\\/\\\/ubirataonline.com.br\\\/yamaha-lanca-novas-tracer-7-e-r7-no-brasil\\\/#primaryimage\",\"url\":\"https:\\\/\\\/ubirataonline.com.br\\\/wp-content\\\/uploads\\\/2026\\\/08\\\/Yamaha-lanca-novas-Tracer-7-e-R7-no-Brasil.jpg\",\"contentUrl\":\"https:\\\/\\\/ubirataonline.com.br\\\/wp-content\\\/uploads\\\/2026\\\/08\\\/Yamaha-lanca-novas-Tracer-7-e-R7-no-Brasil.jpg\",\"width\":1920,\"height\":1080,\"caption\":\"Yamaha lan\u00e7a novas Tracer 7 e R7 no Brasil\"},{\"@type\":\"BreadcrumbList\",\"@id\":\"https:\\\/\\\/ubirataonline.com.br\\\/yamaha-lanca-novas-tracer-7-e-r7-no-brasil\\\/#breadcrumb\",\"itemListElement\":[{\"@type\":\"ListItem\",\"position\":1,\"name\":\"In\u00edcio\",\"item\":\"https:\\\/\\\/ubirataonline.com.br\\\/\"},{\"@type\":\"ListItem\",\"position\":2,\"name\":\"Yamaha lan\u00e7a novas Tracer 7 e R7 no Brasil\"}]},{\"@type\":\"WebSite\",\"@id\":\"https:\\\/\\\/ubirataonline.com.br\\\/#website\",\"url\":\"https:\\\/\\\/ubirataonline.com.br\\\/\",\"name\":\"Ubirat\u00e3 Online Not\u00edcias\",\"description\":\"Not\u00edcias de Ubirat\u00e3, regi\u00e3o, Brasil e mundo, com informa\u00e7\u00e3o atualizada e compromisso com o leitor.\",\"publisher\":{\"@id\":\"https:\\\/\\\/ubirataonline.com.br\\\/#organization\"},\"alternateName\":\"Ubirat\u00e3 Online\",\"potentialAction\":[{\"@type\":\"SearchAction\",\"target\":{\"@type\":\"EntryPoint\",\"urlTemplate\":\"https:\\\/\\\/ubirataonline.com.br\\\/?s={search_term_string}\"},\"query-input\":{\"@type\":\"PropertyValueSpecification\",\"valueRequired\":true,\"valueName\":\"search_term_string\"}}],\"inLanguage\":\"en-US\"},{\"@type\":[\"Organization\",\"Place\"],\"@id\":\"https:\\\/\\\/ubirataonline.com.br\\\/#organization\",\"name\":\"Ubirat\u00e3 Online Not\u00edcias\",\"alternateName\":\"Ubirat\u00e3 Online\",\"url\":\"https:\\\/\\\/ubirataonline.com.br\\\/\",\"logo\":{\"@id\":\"https:\\\/\\\/ubirataonline.com.br\\\/yamaha-lanca-novas-tracer-7-e-r7-no-brasil\\\/#local-main-organization-logo\"},\"image\":{\"@id\":\"https:\\\/\\\/ubirataonline.com.br\\\/yamaha-lanca-novas-tracer-7-e-r7-no-brasil\\\/#local-main-organization-logo\"},\"sameAs\":[\"https:\\\/\\\/www.facebook.com\\\/portalubirataonline\",\"https:\\\/\\\/x.com\\\/ubirataonline\",\"https:\\\/\\\/mastodon.social\\\/@ubirataonline\",\"https:\\\/\\\/www.facebook.com\\\/groups\\\/311144672285604\",\"https:\\\/\\\/www.facebook.com\\\/UBTAOnline\",\"https:\\\/\\\/www.instagram.com\\\/portalubirataonline\\\/\",\"https:\\\/\\\/twitter.com\\\/ubirataonline\"],\"description\":\"Somos um portal de not\u00edcias independente, criado em 5 de janeiro de 2009, com o objetivo de informar, conectar e valorizar a nossa comunidade de Ubirat\u00e3 e toda aregi\u00e3o. Com conte\u00fado atualizado, confi\u00e1vel e relevante, o Ubirat\u00e3 Online \u00e9 o seu espa\u00e7o para ficar por dentro dos principais acontecimentos locais, regionais, Brasil, Mundo e de interesse geral. Nosso compromisso \u00e9 com a verdade, a transpar\u00eancia e o respeito ao leitor.\",\"legalName\":\"UBIRATA ONLINE NOT\u00cdCIAS\",\"foundingDate\":\"2009-01-05\",\"numberOfEmployees\":{\"@type\":\"QuantitativeValue\",\"minValue\":\"1\",\"maxValue\":\"10\"},\"publishingPrinciples\":\"https:\\\/\\\/ubirataonline.com.br\\\/faq\\\/\",\"address\":{\"@id\":\"https:\\\/\\\/ubirataonline.com.br\\\/yamaha-lanca-novas-tracer-7-e-r7-no-brasil\\\/#local-main-place-address\"},\"geo\":{\"@type\":\"GeoCoordinates\",\"latitude\":\"-24.5361401\",\"longitude\":\"-52.9921776\"},\"telephone\":[\"+5544998308235\"],\"contactPoint\":{\"@type\":\"ContactPoint\",\"email\":\"contato@ubirataonline.com.br\"},\"openingHoursSpecification\":{\"@type\":\"OpeningHoursSpecification\",\"dayOfWeek\":[\"Monday\",\"Tuesday\",\"Wednesday\",\"Thursday\",\"Friday\",\"Saturday\",\"Sunday\"],\"opens\":\"00:00\",\"closes\":\"23:59\"},\"email\":\"contato@ubirataonline.com.br\",\"vatID\":\"47.621.418\\\/0001-80\"},{\"@type\":\"Person\",\"@id\":\"https:\\\/\\\/ubirataonline.com.br\\\/#\\\/schema\\\/person\\\/372f87bbd3fdd79b8556b84c98d0bc1c\",\"name\":\"REDA\u00c7\u00c3O: UBIRAT\u00c3 ONLINE - F\u00c1BIO AUGUSTO CELESTINO\",\"pronouns\":\"Ele\",\"description\":\"Desde 2003 trabalhando com not\u00edcias.\",\"sameAs\":[\"http:\\\/\\\/ubirataoline.com.br\",\"https:\\\/\\\/www.facebook.com\\\/portalubirataonline\",\"https:\\\/\\\/www.instagram.com\\\/ubirataonline_oficial\",\"https:\\\/\\\/x.com\\\/x.com\\\/ubirataonline\"],\"honorificPrefix\":\"Mr.\",\"honorificSuffix\":\"MD\",\"birthDate\":\"1980-06-16\",\"gender\":\"masculino\",\"award\":[\"V\u00e1rios pr\u00eamios de melhor portal da cidade\"],\"jobTitle\":\"Diretor\",\"url\":\"https:\\\/\\\/ubirataonline.com.br\\\/en\\\/author\\\/ubirataonline\\\/\"},{\"@type\":\"PostalAddress\",\"@id\":\"https:\\\/\\\/ubirataonline.com.br\\\/yamaha-lanca-novas-tracer-7-e-r7-no-brasil\\\/#local-main-place-address\",\"streetAddress\":\"Rua dos Coqueiros, 104 - Bairro Boa Vista, Rua dos Coqueiros, 104 Bairro Boa Vista\",\"addressLocality\":\"UBIRATA\",\"postalCode\":\"85440-000\",\"addressRegion\":\"PR\",\"addressCountry\":\"BR\"},{\"@type\":\"ImageObject\",\"inLanguage\":\"en-US\",\"@id\":\"https:\\\/\\\/ubirataonline.com.br\\\/yamaha-lanca-novas-tracer-7-e-r7-no-brasil\\\/#local-main-organization-logo\",\"url\":\"https:\\\/\\\/ubirataonline.com.br\\\/wp-content\\\/uploads\\\/2026\\\/06\\\/logoubirataonline-1.webp\",\"contentUrl\":\"https:\\\/\\\/ubirataonline.com.br\\\/wp-content\\\/uploads\\\/2026\\\/06\\\/logoubirataonline-1.webp\",\"width\":500,\"height\":500,\"caption\":\"Ubirat\u00e3 Online Not\u00edcias\"}]}<\/script>\n<meta name=\"geo.placename\" content=\"UBIRATA\" \/>\n<meta name=\"geo.position\" content=\"-24.5361401;-52.9921776\" \/>\n<meta name=\"geo.region\" content=\"Brazil\" \/>\n<!-- \/ Yoast SEO Premium plugin. -->","yoast_head_json":{"title":"Yamaha lan\u00e7a novas Tracer 7 e R7 no Brasil - Ubirat\u00e3 Online Not\u00edcias - A realidade ao seu alcance!","description":"Novas Yamaha usam motor CP2 de 73,4 cv e ser\u00e3o feitas em Manaus; Tracer 7 ganha cruise control e R7 estreia com eletr\u00f4nica derivada da R1.","robots":{"index":"index","follow":"follow","max-snippet":"max-snippet:-1","max-image-preview":"max-image-preview:large","max-video-preview":"max-video-preview:-1"},"canonical":"https:\/\/ubirataonline.com.br\/en\/yamaha-lanca-novas-tracer-7-e-r7-no-brasil\/","og_locale":"en_US","og_type":"article","og_title":"Yamaha lan\u00e7a novas Tracer 7 e R7 no Brasil","og_description":"Novas Yamaha usam motor CP2 de 73,4 cv e ser\u00e3o feitas em Manaus; Tracer 7 ganha cruise control e R7 estreia com eletr\u00f4nica derivada da R1.","og_url":"https:\/\/ubirataonline.com.br\/en\/yamaha-lanca-novas-tracer-7-e-r7-no-brasil\/","og_site_name":"Ubirat\u00e3 Online Not\u00edcias - A realidade ao seu alcance!","article_publisher":"https:\/\/www.facebook.com\/portalubirataonline","article_author":"https:\/\/www.facebook.com\/portalubirataonline","article_published_time":"2026-08-13T00:39:44+00:00","article_modified_time":"2026-08-13T00:39:47+00:00","og_image":[{"width":1920,"height":1080,"url":"https:\/\/ubirataonline.com.br\/wp-content\/uploads\/2026\/08\/Yamaha-lanca-novas-Tracer-7-e-R7-no-Brasil.jpg","type":"image\/jpeg"}],"author":"REDA\u00c7\u00c3O: UBIRAT\u00c3 ONLINE - F\u00c1BIO AUGUSTO CELESTINO","twitter_card":"summary_large_image","twitter_creator":"@x.com\/ubirataonline","twitter_site":"@ubirataonline","twitter_misc":{"Written by":"REDA\u00c7\u00c3O: UBIRAT\u00c3 ONLINE - F\u00c1BIO AUGUSTO CELESTINO","Est. reading time":"5 minutes"},"schema":{"@context":"https:\/\/schema.org","@graph":[{"@type":"NewsArticle","@id":"https:\/\/ubirataonline.com.br\/yamaha-lanca-novas-tracer-7-e-r7-no-brasil\/#article","isPartOf":{"@id":"https:\/\/ubirataonline.com.br\/yamaha-lanca-novas-tracer-7-e-r7-no-brasil\/"},"author":{"name":"REDA\u00c7\u00c3O: UBIRAT\u00c3 ONLINE - F\u00c1BIO AUGUSTO CELESTINO","@id":"https:\/\/ubirataonline.com.br\/#\/schema\/person\/372f87bbd3fdd79b8556b84c98d0bc1c"},"headline":"Yamaha lan\u00e7a novas Tracer 7 e R7 no Brasil","datePublished":"2026-08-13T00:39:44+00:00","dateModified":"2026-08-13T00:39:47+00:00","mainEntityOfPage":{"@id":"https:\/\/ubirataonline.com.br\/yamaha-lanca-novas-tracer-7-e-r7-no-brasil\/"},"wordCount":946,"publisher":{"@id":"https:\/\/ubirataonline.com.br\/#organization"},"image":{"@id":"https:\/\/ubirataonline.com.br\/yamaha-lanca-novas-tracer-7-e-r7-no-brasil\/#primaryimage"},"thumbnailUrl":"https:\/\/ubirataonline.com.br\/wp-content\/uploads\/2026\/08\/Yamaha-lanca-novas-Tracer-7-e-R7-no-Brasil.jpg","keywords":["Brasil","lan\u00e7a","Novas","Tracer","Yamaha"],"articleSection":["Brasil"],"inLanguage":"en-US","copyrightYear":"2026","copyrightHolder":{"@id":"https:\/\/ubirataonline.com.br\/en\/#organization"}},{"@type":"WebPage","@id":"https:\/\/ubirataonline.com.br\/yamaha-lanca-novas-tracer-7-e-r7-no-brasil\/","url":"https:\/\/ubirataonline.com.br\/yamaha-lanca-novas-tracer-7-e-r7-no-brasil\/","name":"Yamaha lan\u00e7a novas Tracer 7 e R7 no Brasil - Ubirat\u00e3 Online Not\u00edcias - A realidade ao seu alcance!","isPartOf":{"@id":"https:\/\/ubirataonline.com.br\/#website"},"primaryImageOfPage":{"@id":"https:\/\/ubirataonline.com.br\/yamaha-lanca-novas-tracer-7-e-r7-no-brasil\/#primaryimage"},"image":{"@id":"https:\/\/ubirataonline.com.br\/yamaha-lanca-novas-tracer-7-e-r7-no-brasil\/#primaryimage"},"thumbnailUrl":"https:\/\/ubirataonline.com.br\/wp-content\/uploads\/2026\/08\/Yamaha-lanca-novas-Tracer-7-e-R7-no-Brasil.jpg","datePublished":"2026-08-13T00:39:44+00:00","dateModified":"2026-08-13T00:39:47+00:00","description":"Novas Yamaha usam motor CP2 de 73,4 cv e ser\u00e3o feitas em Manaus; Tracer 7 ganha cruise control e R7 estreia com eletr\u00f4nica derivada da R1.","breadcrumb":{"@id":"https:\/\/ubirataonline.com.br\/yamaha-lanca-novas-tracer-7-e-r7-no-brasil\/#breadcrumb"},"inLanguage":"en-US","potentialAction":[{"@type":"ReadAction","target":["https:\/\/ubirataonline.com.br\/yamaha-lanca-novas-tracer-7-e-r7-no-brasil\/"]}]},{"@type":"ImageObject","inLanguage":"en-US","@id":"https:\/\/ubirataonline.com.br\/yamaha-lanca-novas-tracer-7-e-r7-no-brasil\/#primaryimage","url":"https:\/\/ubirataonline.com.br\/wp-content\/uploads\/2026\/08\/Yamaha-lanca-novas-Tracer-7-e-R7-no-Brasil.jpg","contentUrl":"https:\/\/ubirataonline.com.br\/wp-content\/uploads\/2026\/08\/Yamaha-lanca-novas-Tracer-7-e-R7-no-Brasil.jpg","width":1920,"height":1080,"caption":"Yamaha lan\u00e7a novas Tracer 7 e R7 no Brasil"},{"@type":"BreadcrumbList","@id":"https:\/\/ubirataonline.com.br\/yamaha-lanca-novas-tracer-7-e-r7-no-brasil\/#breadcrumb","itemListElement":[{"@type":"ListItem","position":1,"name":"In\u00edcio","item":"https:\/\/ubirataonline.com.br\/"},{"@type":"ListItem","position":2,"name":"Yamaha lan\u00e7a novas Tracer 7 e R7 no Brasil"}]},{"@type":"WebSite","@id":"https:\/\/ubirataonline.com.br\/#website","url":"https:\/\/ubirataonline.com.br\/","name":"Ubirat\u00e3 Online Not\u00edcias","description":"Not\u00edcias de Ubirat\u00e3, regi\u00e3o, Brasil e mundo, com informa\u00e7\u00e3o atualizada e compromisso com o leitor.","publisher":{"@id":"https:\/\/ubirataonline.com.br\/#organization"},"alternateName":"Ubirat\u00e3 Online","potentialAction":[{"@type":"SearchAction","target":{"@type":"EntryPoint","urlTemplate":"https:\/\/ubirataonline.com.br\/?s={search_term_string}"},"query-input":{"@type":"PropertyValueSpecification","valueRequired":true,"valueName":"search_term_string"}}],"inLanguage":"en-US"},{"@type":["Organization","Place"],"@id":"https:\/\/ubirataonline.com.br\/#organization","name":"Ubirat\u00e3 Online Not\u00edcias","alternateName":"Ubirat\u00e3 Online","url":"https:\/\/ubirataonline.com.br\/","logo":{"@id":"https:\/\/ubirataonline.com.br\/yamaha-lanca-novas-tracer-7-e-r7-no-brasil\/#local-main-organization-logo"},"image":{"@id":"https:\/\/ubirataonline.com.br\/yamaha-lanca-novas-tracer-7-e-r7-no-brasil\/#local-main-organization-logo"},"sameAs":["https:\/\/www.facebook.com\/portalubirataonline","https:\/\/x.com\/ubirataonline","https:\/\/mastodon.social\/@ubirataonline","https:\/\/www.facebook.com\/groups\/311144672285604","https:\/\/www.facebook.com\/UBTAOnline","https:\/\/www.instagram.com\/portalubirataonline\/","https:\/\/twitter.com\/ubirataonline"],"description":"Somos um portal de not\u00edcias independente, criado em 5 de janeiro de 2009, com o objetivo de informar, conectar e valorizar a nossa comunidade de Ubirat\u00e3 e toda aregi\u00e3o. Com conte\u00fado atualizado, confi\u00e1vel e relevante, o Ubirat\u00e3 Online \u00e9 o seu espa\u00e7o para ficar por dentro dos principais acontecimentos locais, regionais, Brasil, Mundo e de interesse geral. Nosso compromisso \u00e9 com a verdade, a transpar\u00eancia e o respeito ao leitor.","legalName":"UBIRATA ONLINE NOT\u00cdCIAS","foundingDate":"2009-01-05","numberOfEmployees":{"@type":"QuantitativeValue","minValue":"1","maxValue":"10"},"publishingPrinciples":"https:\/\/ubirataonline.com.br\/faq\/","address":{"@id":"https:\/\/ubirataonline.com.br\/yamaha-lanca-novas-tracer-7-e-r7-no-brasil\/#local-main-place-address"},"geo":{"@type":"GeoCoordinates","latitude":"-24.5361401","longitude":"-52.9921776"},"telephone":["+5544998308235"],"contactPoint":{"@type":"ContactPoint","email":"contato@ubirataonline.com.br"},"openingHoursSpecification":{"@type":"OpeningHoursSpecification","dayOfWeek":["Monday","Tuesday","Wednesday","Thursday","Friday","Saturday","Sunday"],"opens":"00:00","closes":"23:59"},"email":"contato@ubirataonline.com.br","vatID":"47.621.418\/0001-80"},{"@type":"Person","@id":"https:\/\/ubirataonline.com.br\/#\/schema\/person\/372f87bbd3fdd79b8556b84c98d0bc1c","name":"REDA\u00c7\u00c3O: UBIRAT\u00c3 ONLINE - F\u00c1BIO AUGUSTO CELESTINO","pronouns":"Ele","description":"Desde 2003 trabalhando com not\u00edcias.","sameAs":["http:\/\/ubirataoline.com.br","https:\/\/www.facebook.com\/portalubirataonline","https:\/\/www.instagram.com\/ubirataonline_oficial","https:\/\/x.com\/x.com\/ubirataonline"],"honorificPrefix":"Mr.","honorificSuffix":"MD","birthDate":"1980-06-16","gender":"masculino","award":["V\u00e1rios pr\u00eamios de melhor portal da cidade"],"jobTitle":"Diretor","url":"https:\/\/ubirataonline.com.br\/en\/author\/ubirataonline\/"},{"@type":"PostalAddress","@id":"https:\/\/ubirataonline.com.br\/yamaha-lanca-novas-tracer-7-e-r7-no-brasil\/#local-main-place-address","streetAddress":"Rua dos Coqueiros, 104 - Bairro Boa Vista, Rua dos Coqueiros, 104 Bairro Boa Vista","addressLocality":"UBIRATA","postalCode":"85440-000","addressRegion":"PR","addressCountry":"BR"},{"@type":"ImageObject","inLanguage":"en-US","@id":"https:\/\/ubirataonline.com.br\/yamaha-lanca-novas-tracer-7-e-r7-no-brasil\/#local-main-organization-logo","url":"https:\/\/ubirataonline.com.br\/wp-content\/uploads\/2026\/06\/logoubirataonline-1.webp","contentUrl":"https:\/\/ubirataonline.com.br\/wp-content\/uploads\/2026\/06\/logoubirataonline-1.webp","width":500,"height":500,"caption":"Ubirat\u00e3 Online Not\u00edcias"}]},"geo.placename":"UBIRATA","geo.position":{"lat":"-24.5361401","long":"-52.9921776"},"geo.region":"Brazil"},"_links":{"self":[{"href":"https:\/\/ubirataonline.com.br\/en\/wp-json\/wp\/v2\/posts\/164900","targetHints":{"allow":["GET"]}}],"collection":[{"href":"https:\/\/ubirataonline.com.br\/en\/wp-json\/wp\/v2\/posts"}],"about":[{"href":"https:\/\/ubirataonline.com.br\/en\/wp-json\/wp\/v2\/types\/post"}],"author":[{"embeddable":true,"href":"https:\/\/ubirataonline.com.br\/en\/wp-json\/wp\/v2\/users\/1"}],"replies":[{"embeddable":true,"href":"https:\/\/ubirataonline.com.br\/en\/wp-json\/wp\/v2\/comments?post=164900"}],"version-history":[{"count":1,"href":"https:\/\/ubirataonline.com.br\/en\/wp-json\/wp\/v2\/posts\/164900\/revisions"}],"predecessor-version":[{"id":164902,"href":"https:\/\/ubirataonline.com.br\/en\/wp-json\/wp\/v2\/posts\/164900\/revisions\/164902"}],"wp:featuredmedia":[{"embeddable":true,"href":"https:\/\/ubirataonline.com.br\/en\/wp-json\/wp\/v2\/media\/164901"}],"wp:attachment":[{"href":"https:\/\/ubirataonline.com.br\/en\/wp-json\/wp\/v2\/media?parent=164900"}],"wp:term":[{"taxonomy":"category","embeddable":true,"href":"https:\/\/ubirataonline.com.br\/en\/wp-json\/wp\/v2\/categories?post=164900"},{"taxonomy":"post_tag","embeddable":true,"href":"https:\/\/ubirataonline.com.br\/en\/wp-json\/wp\/v2\/tags?post=164900"}],"curies":[{"name":"wp","href":"https:\/\/api.w.org\/{rel}","templated":true}]}}