{"id":164905,"date":"2026-08-12T22:30:41","date_gmt":"2026-08-13T01:30:41","guid":{"rendered":"https:\/\/ubirataonline.com.br\/ministerio-publico-do-parana-promove-dia-24-de-agosto-audiencia-publica-em-terra-roxa-para-debater-falhas-no-fornecimento-de-energia-eletrica-na-regiao\/"},"modified":"2026-08-12T22:30:42","modified_gmt":"2026-08-13T01:30:42","slug":"ministerio-publico-do-parana-promove-dia-24-de-agosto-audiencia-publica-em-terra-roxa-para-debater-falhas-no-fornecimento-de-energia-eletrica-na-regiao","status":"publish","type":"post","link":"https:\/\/ubirataonline.com.br\/en\/ministerio-publico-do-parana-promove-dia-24-de-agosto-audiencia-publica-em-terra-roxa-para-debater-falhas-no-fornecimento-de-energia-eletrica-na-regiao\/","title":{"rendered":"Minist\u00e9rio P\u00fablico do Paran\u00e1 promove, dia 24 de agosto, audi\u00eancia p\u00fablica em Terra Roxa para debater falhas no fornecimento de energia el\u00e9trica na regi\u00e3o"},"content":{"rendered":"<p><\/p>\n<div>\n<p>O Minist\u00e9rio P\u00fablico do Paran\u00e1 convida a popula\u00e7\u00e3o de Terra Roxa, no Oeste do estado, para participar de audi\u00eancia p\u00fablica que discutir\u00e1 quest\u00f5es relacionadas ao fornecimento de energia el\u00e9trica no munic\u00edpio e na regi\u00e3o. O encontro ser\u00e1 realizado no dia 24 de agosto, \u00e0s 10 horas, e \u00e9 aberto \u00e0 participa\u00e7\u00e3o de toda a comunidade, especialmente representantes de associa\u00e7\u00f5es de moradores, produtores rurais e usu\u00e1rios do servi\u00e7o.<\/p>\n<p class=\"text-align-center\"><strong><a href=\"https:\/\/apps.mppr.mp.br\/audios\/play\/90e169e6727752ec7891fb3d01769bab\" target=\"_blank\">\u00c1udio da Promotora de Justi\u00e7a Gabriela Hanna Pereira<\/a><\/strong><\/p>\n<p>A iniciativa \u00e9 promovida pela Promotoria de Justi\u00e7a de Terra Roxa e foi motivada pelo recebimento de reclama\u00e7\u00f5es sobre falhas na presta\u00e7\u00e3o do servi\u00e7o de distribui\u00e7\u00e3o de energia el\u00e9trica. Diante das demandas, o MPPR instaurou procedimento para apurar a situa\u00e7\u00e3o e solicitou informa\u00e7\u00f5es \u00e0 concession\u00e1ria respons\u00e1vel sobre os problemas registrados, as medidas adotadas e os investimentos realizados para melhorar o atendimento, tanto na \u00e1rea urbana quanto na zona rural da comarca.<\/p>\n<p>No curso da apura\u00e7\u00e3o, a concession\u00e1ria informou ter implementado melhorias na rede e a\u00e7\u00f5es preventivas voltadas \u00e0 redu\u00e7\u00e3o das interrup\u00e7\u00f5es no fornecimento. Apesar dos avan\u00e7os relatados, o procedimento apontou que ainda persistem falhas na presta\u00e7\u00e3o do servi\u00e7o, motivo pelo qual o acompanhamento do caso pelo Minist\u00e9rio P\u00fablico continua.<\/p>\n<p><strong>Objetivos<\/strong> \u2013 A audi\u00eancia p\u00fablica tem como objetivo apresentar \u00e0 popula\u00e7\u00e3o as informa\u00e7\u00f5es levantadas durante a investiga\u00e7\u00e3o, esclarecer as medidas j\u00e1 adotadas e as a\u00e7\u00f5es previstas para aprimorar o servi\u00e7o, al\u00e9m de ouvir moradores sobre os problemas ainda enfrentados. O encontro tamb\u00e9m servir\u00e1 para orientar os consumidores sobre os procedimentos para solicitar administrativamente eventual ressarcimento por preju\u00edzos materiais decorrentes de falhas no fornecimento de energia el\u00e9trica, como danos a equipamentos eletrodom\u00e9sticos.<\/p>\n<p>As manifesta\u00e7\u00f5es e informa\u00e7\u00f5es colhidas durante a audi\u00eancia poder\u00e3o subsidiar o prosseguimento do procedimento extrajudicial instaurado pelo Minist\u00e9rio P\u00fablico, cuja atua\u00e7\u00e3o est\u00e1 voltada \u00e0 tutela coletiva dos direitos dos consumidores e usu\u00e1rios do servi\u00e7o p\u00fablico de energia el\u00e9trica.<\/p>\n<p><strong>Servi\u00e7o<\/strong><\/p>\n<p><strong>Audi\u00eancia P\u00fablica em Terra Roxa: Fornecimento de energia el\u00e9trica no munic\u00edpio e na regi\u00e3o<\/strong><\/p>\n<p>Data: 24 de agosto (segunda-feira)<br \/>Hor\u00e1rio: 10 horas<br \/>Local: Rua Jos\u00e9 Tondato, 80, Centro<\/p>\n<p><em>Informa\u00e7\u00f5es para a imprensa:<br \/>Assessoria de Comunica\u00e7\u00e3o<br \/><a href=\"https:\/\/mppr.mp.br\/cdn-cgi\/l\/email-protection\" class=\"__cf_email__\" data-cfemail=\"791a16140c17101a181a1816391409090b571409571b0b\">[email\u00a0protected]<\/a><br \/>(41) 3250-4226<\/em><\/p>\n<\/div>\n<p><a href=\"https:\/\/ubirataonline.com.br\/noticias\/\" target=\"_blank\" rel=\"noopener noreferrer\">Mais Not\u00edcias<\/a><\/p>\n<p><a href=\"https:\/\/ubirataonline.com.br\" target=\"_blank\" rel=\"noopener noreferrer\">Home Page &#8211; In\u00edcio<\/a><\/p>\n<p><a href=\"https:\/\/mppr.mp.br\/Noticia\/Ministerio-Publico-do-Parana-promove-dia-24-de-agosto-audiencia-publica-em-Terra-Roxa-para\">Source link <\/a><br \/>\nSee more: <a href=\"https:\/\/theglobaltrack.com\/\" target=\"_blank\" rel=\"noopener noreferrer\">The Global Track<\/a><\/p>\n<p><a href=\"https:\/\/corinthiames.com.br\/\" target=\"_blank\" rel=\"noopener noreferrer\">Corinthia Mes<\/a><\/p>\n","protected":false},"excerpt":{"rendered":"<p>O Minist\u00e9rio P\u00fablico do Paran\u00e1 convida a popula\u00e7\u00e3o de Terra Roxa, no Oeste do estado, para participar de audi\u00eancia p\u00fablica que discutir\u00e1 quest\u00f5es relacionadas ao fornecimento de energia el\u00e9trica no munic\u00edpio e na regi\u00e3o. O encontro ser\u00e1 realizado no dia 24 de agosto, \u00e0s 10 horas, e \u00e9 aberto \u00e0 participa\u00e7\u00e3o de toda a comunidade, [&hellip;]<\/p>\n","protected":false},"author":1,"featured_media":164906,"comment_status":"closed","ping_status":"","sticky":false,"template":"","format":"standard","meta":{"googlesitekit_rrm_CAow2JLhCw:productID":"","_gspb_post_css":"","maa_idioma":"","maa_pais":"","footnotes":""},"categories":[4],"tags":[14233,229,29706,3101,6008,6007,6005,6006,3438,2904,90,4878,3493,3439,6267,33385,84],"class_list":["post-164905","post","type-post","status-publish","format-standard","has-post-thumbnail","hentry","category-brasil","tag-agosto","tag-audiencia","tag-debater","tag-dia","tag-eletrica","tag-energia","tag-falhas","tag-fornecimento","tag-ministerio","tag-para","tag-parana","tag-promove","tag-publica","tag-publico","tag-regiao","tag-roxa","tag-terra"],"blocksy_meta":[],"yoast_head":"<!-- This site is optimized with the Yoast SEO Premium plugin v27.6 (Yoast SEO v27.6) - https:\/\/yoast.com\/product\/yoast-seo-premium-wordpress\/ -->\n<title>Minist\u00e9rio P\u00fablico do Paran\u00e1 promove, dia 24 de agosto, audi\u00eancia p\u00fablica em Terra Roxa para debater falhas no fornecimento de energia el\u00e9trica na regi\u00e3o - Ubirat\u00e3 Online Not\u00edcias - A realidade ao seu alcance!<\/title>\n<meta name=\"description\" content=\"O Minist\u00e9rio P\u00fablico do Paran\u00e1 convida a popula\u00e7\u00e3o de Terra Roxa, no Oeste do estado, para participar de audi\u00eancia p\u00fablica que discutir\u00e1 quest\u00f5es relacionadas ao fornecimento de energia el\u00e9trica no munic\u00edpio e na regi\u00e3o\" \/>\n<meta name=\"robots\" content=\"index, follow, max-snippet:-1, max-image-preview:large, max-video-preview:-1\" \/>\n<link rel=\"canonical\" href=\"https:\/\/ubirataonline.com.br\/en\/ministerio-publico-do-parana-promove-dia-24-de-agosto-audiencia-publica-em-terra-roxa-para-debater-falhas-no-fornecimento-de-energia-eletrica-na-regiao\/\" \/>\n<meta property=\"og:locale\" content=\"en_US\" \/>\n<meta property=\"og:type\" content=\"article\" \/>\n<meta property=\"og:title\" content=\"Minist\u00e9rio P\u00fablico do Paran\u00e1 promove, dia 24 de agosto, audi\u00eancia p\u00fablica em Terra Roxa para debater falhas no fornecimento de energia el\u00e9trica na regi\u00e3o\" \/>\n<meta property=\"og:description\" content=\"O Minist\u00e9rio P\u00fablico do Paran\u00e1 convida a popula\u00e7\u00e3o de Terra Roxa, no Oeste do estado, para participar de audi\u00eancia p\u00fablica que discutir\u00e1 quest\u00f5es relacionadas ao fornecimento de energia el\u00e9trica no munic\u00edpio e na regi\u00e3o\" \/>\n<meta property=\"og:url\" content=\"https:\/\/ubirataonline.com.br\/en\/ministerio-publico-do-parana-promove-dia-24-de-agosto-audiencia-publica-em-terra-roxa-para-debater-falhas-no-fornecimento-de-energia-eletrica-na-regiao\/\" \/>\n<meta property=\"og:site_name\" content=\"Ubirat\u00e3 Online Not\u00edcias - A realidade ao seu alcance!\" \/>\n<meta property=\"article:publisher\" content=\"https:\/\/www.facebook.com\/portalubirataonline\" \/>\n<meta property=\"article:author\" content=\"https:\/\/www.facebook.com\/portalubirataonline\" \/>\n<meta property=\"article:published_time\" content=\"2026-08-13T01:30:41+00:00\" \/>\n<meta property=\"article:modified_time\" content=\"2026-08-13T01:30:42+00:00\" \/>\n<meta property=\"og:image\" content=\"https:\/\/ubirataonline.com.br\/wp-content\/uploads\/2026\/08\/Ministerio-Publico-do-Parana-promove-dia-24-de-agosto-audiencia.png\" \/>\n\t<meta property=\"og:image:width\" content=\"240\" \/>\n\t<meta property=\"og:image:height\" content=\"240\" \/>\n\t<meta property=\"og:image:type\" content=\"image\/png\" \/>\n<meta name=\"author\" content=\"REDA\u00c7\u00c3O: UBIRAT\u00c3 ONLINE - F\u00c1BIO AUGUSTO CELESTINO\" \/>\n<meta name=\"twitter:card\" content=\"summary_large_image\" \/>\n<meta name=\"twitter:creator\" content=\"@x.com\/ubirataonline\" \/>\n<meta name=\"twitter:site\" content=\"@ubirataonline\" \/>\n<meta name=\"twitter:label1\" content=\"Written by\" \/>\n\t<meta name=\"twitter:data1\" content=\"REDA\u00c7\u00c3O: UBIRAT\u00c3 ONLINE - F\u00c1BIO AUGUSTO CELESTINO\" \/>\n\t<meta name=\"twitter:label2\" content=\"Est. reading time\" \/>\n\t<meta name=\"twitter:data2\" content=\"2 minutes\" \/>\n<script type=\"application\/ld+json\" class=\"yoast-schema-graph\">{\"@context\":\"https:\\\/\\\/schema.org\",\"@graph\":[{\"@type\":\"NewsArticle\",\"@id\":\"https:\\\/\\\/ubirataonline.com.br\\\/ministerio-publico-do-parana-promove-dia-24-de-agosto-audiencia-publica-em-terra-roxa-para-debater-falhas-no-fornecimento-de-energia-eletrica-na-regiao\\\/#article\",\"isPartOf\":{\"@id\":\"https:\\\/\\\/ubirataonline.com.br\\\/ministerio-publico-do-parana-promove-dia-24-de-agosto-audiencia-publica-em-terra-roxa-para-debater-falhas-no-fornecimento-de-energia-eletrica-na-regiao\\\/\"},\"author\":{\"name\":\"REDA\u00c7\u00c3O: UBIRAT\u00c3 ONLINE - F\u00c1BIO AUGUSTO CELESTINO\",\"@id\":\"https:\\\/\\\/ubirataonline.com.br\\\/#\\\/schema\\\/person\\\/372f87bbd3fdd79b8556b84c98d0bc1c\"},\"headline\":\"Minist\u00e9rio P\u00fablico do Paran\u00e1 promove, dia 24 de agosto, audi\u00eancia p\u00fablica em Terra Roxa para debater falhas no fornecimento de energia el\u00e9trica na regi\u00e3o\",\"datePublished\":\"2026-08-13T01:30:41+00:00\",\"dateModified\":\"2026-08-13T01:30:42+00:00\",\"mainEntityOfPage\":{\"@id\":\"https:\\\/\\\/ubirataonline.com.br\\\/ministerio-publico-do-parana-promove-dia-24-de-agosto-audiencia-publica-em-terra-roxa-para-debater-falhas-no-fornecimento-de-energia-eletrica-na-regiao\\\/\"},\"wordCount\":440,\"publisher\":{\"@id\":\"https:\\\/\\\/ubirataonline.com.br\\\/#organization\"},\"image\":{\"@id\":\"https:\\\/\\\/ubirataonline.com.br\\\/ministerio-publico-do-parana-promove-dia-24-de-agosto-audiencia-publica-em-terra-roxa-para-debater-falhas-no-fornecimento-de-energia-eletrica-na-regiao\\\/#primaryimage\"},\"thumbnailUrl\":\"https:\\\/\\\/ubirataonline.com.br\\\/wp-content\\\/uploads\\\/2026\\\/08\\\/Ministerio-Publico-do-Parana-promove-dia-24-de-agosto-audiencia.png\",\"keywords\":[\"agosto\",\"Audiencia\",\"debater\",\"dia\",\"el\u00e9trica\",\"energia\",\"falhas\",\"fornecimento\",\"Minist\u00e9rio\",\"para\",\"paran\u00e1\",\"promove\",\"p\u00fablica\",\"P\u00fablico\",\"regi\u00e3o\",\"Roxa\",\"Terra\"],\"articleSection\":[\"Brasil\"],\"inLanguage\":\"en-US\",\"copyrightYear\":\"2026\",\"copyrightHolder\":{\"@id\":\"https:\\\/\\\/ubirataonline.com.br\\\/en\\\/#organization\"}},{\"@type\":\"WebPage\",\"@id\":\"https:\\\/\\\/ubirataonline.com.br\\\/ministerio-publico-do-parana-promove-dia-24-de-agosto-audiencia-publica-em-terra-roxa-para-debater-falhas-no-fornecimento-de-energia-eletrica-na-regiao\\\/\",\"url\":\"https:\\\/\\\/ubirataonline.com.br\\\/ministerio-publico-do-parana-promove-dia-24-de-agosto-audiencia-publica-em-terra-roxa-para-debater-falhas-no-fornecimento-de-energia-eletrica-na-regiao\\\/\",\"name\":\"Minist\u00e9rio P\u00fablico do Paran\u00e1 promove, dia 24 de agosto, audi\u00eancia p\u00fablica em Terra Roxa para debater falhas no fornecimento de energia el\u00e9trica na regi\u00e3o - Ubirat\u00e3 Online Not\u00edcias - A realidade ao seu alcance!\",\"isPartOf\":{\"@id\":\"https:\\\/\\\/ubirataonline.com.br\\\/#website\"},\"primaryImageOfPage\":{\"@id\":\"https:\\\/\\\/ubirataonline.com.br\\\/ministerio-publico-do-parana-promove-dia-24-de-agosto-audiencia-publica-em-terra-roxa-para-debater-falhas-no-fornecimento-de-energia-eletrica-na-regiao\\\/#primaryimage\"},\"image\":{\"@id\":\"https:\\\/\\\/ubirataonline.com.br\\\/ministerio-publico-do-parana-promove-dia-24-de-agosto-audiencia-publica-em-terra-roxa-para-debater-falhas-no-fornecimento-de-energia-eletrica-na-regiao\\\/#primaryimage\"},\"thumbnailUrl\":\"https:\\\/\\\/ubirataonline.com.br\\\/wp-content\\\/uploads\\\/2026\\\/08\\\/Ministerio-Publico-do-Parana-promove-dia-24-de-agosto-audiencia.png\",\"datePublished\":\"2026-08-13T01:30:41+00:00\",\"dateModified\":\"2026-08-13T01:30:42+00:00\",\"description\":\"O Minist\u00e9rio P\u00fablico do Paran\u00e1 convida a popula\u00e7\u00e3o de Terra Roxa, no Oeste do estado, para participar de audi\u00eancia p\u00fablica que discutir\u00e1 quest\u00f5es relacionadas ao fornecimento de energia el\u00e9trica no munic\u00edpio e na regi\u00e3o\",\"breadcrumb\":{\"@id\":\"https:\\\/\\\/ubirataonline.com.br\\\/ministerio-publico-do-parana-promove-dia-24-de-agosto-audiencia-publica-em-terra-roxa-para-debater-falhas-no-fornecimento-de-energia-eletrica-na-regiao\\\/#breadcrumb\"},\"inLanguage\":\"en-US\",\"potentialAction\":[{\"@type\":\"ReadAction\",\"target\":[\"https:\\\/\\\/ubirataonline.com.br\\\/ministerio-publico-do-parana-promove-dia-24-de-agosto-audiencia-publica-em-terra-roxa-para-debater-falhas-no-fornecimento-de-energia-eletrica-na-regiao\\\/\"]}]},{\"@type\":\"ImageObject\",\"inLanguage\":\"en-US\",\"@id\":\"https:\\\/\\\/ubirataonline.com.br\\\/ministerio-publico-do-parana-promove-dia-24-de-agosto-audiencia-publica-em-terra-roxa-para-debater-falhas-no-fornecimento-de-energia-eletrica-na-regiao\\\/#primaryimage\",\"url\":\"https:\\\/\\\/ubirataonline.com.br\\\/wp-content\\\/uploads\\\/2026\\\/08\\\/Ministerio-Publico-do-Parana-promove-dia-24-de-agosto-audiencia.png\",\"contentUrl\":\"https:\\\/\\\/ubirataonline.com.br\\\/wp-content\\\/uploads\\\/2026\\\/08\\\/Ministerio-Publico-do-Parana-promove-dia-24-de-agosto-audiencia.png\",\"width\":240,\"height\":240,\"caption\":\"Minist\u00e9rio P\u00fablico do Paran\u00e1 promove, dia 24 de agosto, audi\u00eancia p\u00fablica em Terra Roxa para debater falhas no fornecimento de energia el\u00e9trica na regi\u00e3o\"},{\"@type\":\"BreadcrumbList\",\"@id\":\"https:\\\/\\\/ubirataonline.com.br\\\/ministerio-publico-do-parana-promove-dia-24-de-agosto-audiencia-publica-em-terra-roxa-para-debater-falhas-no-fornecimento-de-energia-eletrica-na-regiao\\\/#breadcrumb\",\"itemListElement\":[{\"@type\":\"ListItem\",\"position\":1,\"name\":\"In\u00edcio\",\"item\":\"https:\\\/\\\/ubirataonline.com.br\\\/\"},{\"@type\":\"ListItem\",\"position\":2,\"name\":\"Minist\u00e9rio P\u00fablico do Paran\u00e1 promove, dia 24 de agosto, audi\u00eancia p\u00fablica em Terra Roxa para debater falhas no fornecimento de energia el\u00e9trica na regi\u00e3o\"}]},{\"@type\":\"WebSite\",\"@id\":\"https:\\\/\\\/ubirataonline.com.br\\\/#website\",\"url\":\"https:\\\/\\\/ubirataonline.com.br\\\/\",\"name\":\"Ubirat\u00e3 Online Not\u00edcias\",\"description\":\"Not\u00edcias de Ubirat\u00e3, regi\u00e3o, Brasil e mundo, com informa\u00e7\u00e3o atualizada e compromisso com o leitor.\",\"publisher\":{\"@id\":\"https:\\\/\\\/ubirataonline.com.br\\\/#organization\"},\"alternateName\":\"Ubirat\u00e3 Online\",\"potentialAction\":[{\"@type\":\"SearchAction\",\"target\":{\"@type\":\"EntryPoint\",\"urlTemplate\":\"https:\\\/\\\/ubirataonline.com.br\\\/?s={search_term_string}\"},\"query-input\":{\"@type\":\"PropertyValueSpecification\",\"valueRequired\":true,\"valueName\":\"search_term_string\"}}],\"inLanguage\":\"en-US\"},{\"@type\":[\"Organization\",\"Place\"],\"@id\":\"https:\\\/\\\/ubirataonline.com.br\\\/#organization\",\"name\":\"Ubirat\u00e3 Online Not\u00edcias\",\"alternateName\":\"Ubirat\u00e3 Online\",\"url\":\"https:\\\/\\\/ubirataonline.com.br\\\/\",\"logo\":{\"@id\":\"https:\\\/\\\/ubirataonline.com.br\\\/ministerio-publico-do-parana-promove-dia-24-de-agosto-audiencia-publica-em-terra-roxa-para-debater-falhas-no-fornecimento-de-energia-eletrica-na-regiao\\\/#local-main-organization-logo\"},\"image\":{\"@id\":\"https:\\\/\\\/ubirataonline.com.br\\\/ministerio-publico-do-parana-promove-dia-24-de-agosto-audiencia-publica-em-terra-roxa-para-debater-falhas-no-fornecimento-de-energia-eletrica-na-regiao\\\/#local-main-organization-logo\"},\"sameAs\":[\"https:\\\/\\\/www.facebook.com\\\/portalubirataonline\",\"https:\\\/\\\/x.com\\\/ubirataonline\",\"https:\\\/\\\/mastodon.social\\\/@ubirataonline\",\"https:\\\/\\\/www.facebook.com\\\/groups\\\/311144672285604\",\"https:\\\/\\\/www.facebook.com\\\/UBTAOnline\",\"https:\\\/\\\/www.instagram.com\\\/portalubirataonline\\\/\",\"https:\\\/\\\/twitter.com\\\/ubirataonline\"],\"description\":\"Somos um portal de not\u00edcias independente, criado em 5 de janeiro de 2009, com o objetivo de informar, conectar e valorizar a nossa comunidade de Ubirat\u00e3 e toda aregi\u00e3o. Com conte\u00fado atualizado, confi\u00e1vel e relevante, o Ubirat\u00e3 Online \u00e9 o seu espa\u00e7o para ficar por dentro dos principais acontecimentos locais, regionais, Brasil, Mundo e de interesse geral. Nosso compromisso \u00e9 com a verdade, a transpar\u00eancia e o respeito ao leitor.\",\"legalName\":\"UBIRATA ONLINE NOT\u00cdCIAS\",\"foundingDate\":\"2009-01-05\",\"numberOfEmployees\":{\"@type\":\"QuantitativeValue\",\"minValue\":\"1\",\"maxValue\":\"10\"},\"publishingPrinciples\":\"https:\\\/\\\/ubirataonline.com.br\\\/faq\\\/\",\"address\":{\"@id\":\"https:\\\/\\\/ubirataonline.com.br\\\/ministerio-publico-do-parana-promove-dia-24-de-agosto-audiencia-publica-em-terra-roxa-para-debater-falhas-no-fornecimento-de-energia-eletrica-na-regiao\\\/#local-main-place-address\"},\"geo\":{\"@type\":\"GeoCoordinates\",\"latitude\":\"-24.5361401\",\"longitude\":\"-52.9921776\"},\"telephone\":[\"+5544998308235\"],\"contactPoint\":{\"@type\":\"ContactPoint\",\"email\":\"contato@ubirataonline.com.br\"},\"openingHoursSpecification\":{\"@type\":\"OpeningHoursSpecification\",\"dayOfWeek\":[\"Monday\",\"Tuesday\",\"Wednesday\",\"Thursday\",\"Friday\",\"Saturday\",\"Sunday\"],\"opens\":\"00:00\",\"closes\":\"23:59\"},\"email\":\"contato@ubirataonline.com.br\",\"vatID\":\"47.621.418\\\/0001-80\"},{\"@type\":\"Person\",\"@id\":\"https:\\\/\\\/ubirataonline.com.br\\\/#\\\/schema\\\/person\\\/372f87bbd3fdd79b8556b84c98d0bc1c\",\"name\":\"REDA\u00c7\u00c3O: UBIRAT\u00c3 ONLINE - F\u00c1BIO AUGUSTO CELESTINO\",\"pronouns\":\"Ele\",\"description\":\"Desde 2003 trabalhando com not\u00edcias.\",\"sameAs\":[\"http:\\\/\\\/ubirataoline.com.br\",\"https:\\\/\\\/www.facebook.com\\\/portalubirataonline\",\"https:\\\/\\\/www.instagram.com\\\/ubirataonline_oficial\",\"https:\\\/\\\/x.com\\\/x.com\\\/ubirataonline\"],\"honorificPrefix\":\"Mr.\",\"honorificSuffix\":\"MD\",\"birthDate\":\"1980-06-16\",\"gender\":\"masculino\",\"award\":[\"V\u00e1rios pr\u00eamios de melhor portal da cidade\"],\"jobTitle\":\"Diretor\",\"url\":\"https:\\\/\\\/ubirataonline.com.br\\\/en\\\/author\\\/ubirataonline\\\/\"},{\"@type\":\"PostalAddress\",\"@id\":\"https:\\\/\\\/ubirataonline.com.br\\\/ministerio-publico-do-parana-promove-dia-24-de-agosto-audiencia-publica-em-terra-roxa-para-debater-falhas-no-fornecimento-de-energia-eletrica-na-regiao\\\/#local-main-place-address\",\"streetAddress\":\"Rua dos Coqueiros, 104 - Bairro Boa Vista, Rua dos Coqueiros, 104 Bairro Boa Vista\",\"addressLocality\":\"UBIRATA\",\"postalCode\":\"85440-000\",\"addressRegion\":\"PR\",\"addressCountry\":\"BR\"},{\"@type\":\"ImageObject\",\"inLanguage\":\"en-US\",\"@id\":\"https:\\\/\\\/ubirataonline.com.br\\\/ministerio-publico-do-parana-promove-dia-24-de-agosto-audiencia-publica-em-terra-roxa-para-debater-falhas-no-fornecimento-de-energia-eletrica-na-regiao\\\/#local-main-organization-logo\",\"url\":\"https:\\\/\\\/ubirataonline.com.br\\\/wp-content\\\/uploads\\\/2026\\\/06\\\/logoubirataonline-1.webp\",\"contentUrl\":\"https:\\\/\\\/ubirataonline.com.br\\\/wp-content\\\/uploads\\\/2026\\\/06\\\/logoubirataonline-1.webp\",\"width\":500,\"height\":500,\"caption\":\"Ubirat\u00e3 Online Not\u00edcias\"}]}<\/script>\n<meta name=\"geo.placename\" content=\"UBIRATA\" \/>\n<meta name=\"geo.position\" content=\"-24.5361401;-52.9921776\" \/>\n<meta name=\"geo.region\" content=\"Brazil\" \/>\n<!-- \/ Yoast SEO Premium plugin. -->","yoast_head_json":{"title":"Minist\u00e9rio P\u00fablico do Paran\u00e1 promove, dia 24 de agosto, audi\u00eancia p\u00fablica em Terra Roxa para debater falhas no fornecimento de energia el\u00e9trica na regi\u00e3o - Ubirat\u00e3 Online Not\u00edcias - A realidade ao seu alcance!","description":"O Minist\u00e9rio P\u00fablico do Paran\u00e1 convida a popula\u00e7\u00e3o de Terra Roxa, no Oeste do estado, para participar de audi\u00eancia p\u00fablica que discutir\u00e1 quest\u00f5es relacionadas ao fornecimento de energia el\u00e9trica no munic\u00edpio e na regi\u00e3o","robots":{"index":"index","follow":"follow","max-snippet":"max-snippet:-1","max-image-preview":"max-image-preview:large","max-video-preview":"max-video-preview:-1"},"canonical":"https:\/\/ubirataonline.com.br\/en\/ministerio-publico-do-parana-promove-dia-24-de-agosto-audiencia-publica-em-terra-roxa-para-debater-falhas-no-fornecimento-de-energia-eletrica-na-regiao\/","og_locale":"en_US","og_type":"article","og_title":"Minist\u00e9rio P\u00fablico do Paran\u00e1 promove, dia 24 de agosto, audi\u00eancia p\u00fablica em Terra Roxa para debater falhas no fornecimento de energia el\u00e9trica na regi\u00e3o","og_description":"O Minist\u00e9rio P\u00fablico do Paran\u00e1 convida a popula\u00e7\u00e3o de Terra Roxa, no Oeste do estado, para participar de audi\u00eancia p\u00fablica que discutir\u00e1 quest\u00f5es relacionadas ao fornecimento de energia el\u00e9trica no munic\u00edpio e na regi\u00e3o","og_url":"https:\/\/ubirataonline.com.br\/en\/ministerio-publico-do-parana-promove-dia-24-de-agosto-audiencia-publica-em-terra-roxa-para-debater-falhas-no-fornecimento-de-energia-eletrica-na-regiao\/","og_site_name":"Ubirat\u00e3 Online Not\u00edcias - A realidade ao seu alcance!","article_publisher":"https:\/\/www.facebook.com\/portalubirataonline","article_author":"https:\/\/www.facebook.com\/portalubirataonline","article_published_time":"2026-08-13T01:30:41+00:00","article_modified_time":"2026-08-13T01:30:42+00:00","og_image":[{"width":240,"height":240,"url":"https:\/\/ubirataonline.com.br\/wp-content\/uploads\/2026\/08\/Ministerio-Publico-do-Parana-promove-dia-24-de-agosto-audiencia.png","type":"image\/png"}],"author":"REDA\u00c7\u00c3O: UBIRAT\u00c3 ONLINE - F\u00c1BIO AUGUSTO CELESTINO","twitter_card":"summary_large_image","twitter_creator":"@x.com\/ubirataonline","twitter_site":"@ubirataonline","twitter_misc":{"Written by":"REDA\u00c7\u00c3O: UBIRAT\u00c3 ONLINE - F\u00c1BIO AUGUSTO CELESTINO","Est. reading time":"2 minutes"},"schema":{"@context":"https:\/\/schema.org","@graph":[{"@type":"NewsArticle","@id":"https:\/\/ubirataonline.com.br\/ministerio-publico-do-parana-promove-dia-24-de-agosto-audiencia-publica-em-terra-roxa-para-debater-falhas-no-fornecimento-de-energia-eletrica-na-regiao\/#article","isPartOf":{"@id":"https:\/\/ubirataonline.com.br\/ministerio-publico-do-parana-promove-dia-24-de-agosto-audiencia-publica-em-terra-roxa-para-debater-falhas-no-fornecimento-de-energia-eletrica-na-regiao\/"},"author":{"name":"REDA\u00c7\u00c3O: UBIRAT\u00c3 ONLINE - F\u00c1BIO AUGUSTO CELESTINO","@id":"https:\/\/ubirataonline.com.br\/#\/schema\/person\/372f87bbd3fdd79b8556b84c98d0bc1c"},"headline":"Minist\u00e9rio P\u00fablico do Paran\u00e1 promove, dia 24 de agosto, audi\u00eancia p\u00fablica em Terra Roxa para debater falhas no fornecimento de energia el\u00e9trica na regi\u00e3o","datePublished":"2026-08-13T01:30:41+00:00","dateModified":"2026-08-13T01:30:42+00:00","mainEntityOfPage":{"@id":"https:\/\/ubirataonline.com.br\/ministerio-publico-do-parana-promove-dia-24-de-agosto-audiencia-publica-em-terra-roxa-para-debater-falhas-no-fornecimento-de-energia-eletrica-na-regiao\/"},"wordCount":440,"publisher":{"@id":"https:\/\/ubirataonline.com.br\/#organization"},"image":{"@id":"https:\/\/ubirataonline.com.br\/ministerio-publico-do-parana-promove-dia-24-de-agosto-audiencia-publica-em-terra-roxa-para-debater-falhas-no-fornecimento-de-energia-eletrica-na-regiao\/#primaryimage"},"thumbnailUrl":"https:\/\/ubirataonline.com.br\/wp-content\/uploads\/2026\/08\/Ministerio-Publico-do-Parana-promove-dia-24-de-agosto-audiencia.png","keywords":["agosto","Audiencia","debater","dia","el\u00e9trica","energia","falhas","fornecimento","Minist\u00e9rio","para","paran\u00e1","promove","p\u00fablica","P\u00fablico","regi\u00e3o","Roxa","Terra"],"articleSection":["Brasil"],"inLanguage":"en-US","copyrightYear":"2026","copyrightHolder":{"@id":"https:\/\/ubirataonline.com.br\/en\/#organization"}},{"@type":"WebPage","@id":"https:\/\/ubirataonline.com.br\/ministerio-publico-do-parana-promove-dia-24-de-agosto-audiencia-publica-em-terra-roxa-para-debater-falhas-no-fornecimento-de-energia-eletrica-na-regiao\/","url":"https:\/\/ubirataonline.com.br\/ministerio-publico-do-parana-promove-dia-24-de-agosto-audiencia-publica-em-terra-roxa-para-debater-falhas-no-fornecimento-de-energia-eletrica-na-regiao\/","name":"Minist\u00e9rio P\u00fablico do Paran\u00e1 promove, dia 24 de agosto, audi\u00eancia p\u00fablica em Terra Roxa para debater falhas no fornecimento de energia el\u00e9trica na regi\u00e3o - Ubirat\u00e3 Online Not\u00edcias - A realidade ao seu alcance!","isPartOf":{"@id":"https:\/\/ubirataonline.com.br\/#website"},"primaryImageOfPage":{"@id":"https:\/\/ubirataonline.com.br\/ministerio-publico-do-parana-promove-dia-24-de-agosto-audiencia-publica-em-terra-roxa-para-debater-falhas-no-fornecimento-de-energia-eletrica-na-regiao\/#primaryimage"},"image":{"@id":"https:\/\/ubirataonline.com.br\/ministerio-publico-do-parana-promove-dia-24-de-agosto-audiencia-publica-em-terra-roxa-para-debater-falhas-no-fornecimento-de-energia-eletrica-na-regiao\/#primaryimage"},"thumbnailUrl":"https:\/\/ubirataonline.com.br\/wp-content\/uploads\/2026\/08\/Ministerio-Publico-do-Parana-promove-dia-24-de-agosto-audiencia.png","datePublished":"2026-08-13T01:30:41+00:00","dateModified":"2026-08-13T01:30:42+00:00","description":"O Minist\u00e9rio P\u00fablico do Paran\u00e1 convida a popula\u00e7\u00e3o de Terra Roxa, no Oeste do estado, para participar de audi\u00eancia p\u00fablica que discutir\u00e1 quest\u00f5es relacionadas ao fornecimento de energia el\u00e9trica no munic\u00edpio e na regi\u00e3o","breadcrumb":{"@id":"https:\/\/ubirataonline.com.br\/ministerio-publico-do-parana-promove-dia-24-de-agosto-audiencia-publica-em-terra-roxa-para-debater-falhas-no-fornecimento-de-energia-eletrica-na-regiao\/#breadcrumb"},"inLanguage":"en-US","potentialAction":[{"@type":"ReadAction","target":["https:\/\/ubirataonline.com.br\/ministerio-publico-do-parana-promove-dia-24-de-agosto-audiencia-publica-em-terra-roxa-para-debater-falhas-no-fornecimento-de-energia-eletrica-na-regiao\/"]}]},{"@type":"ImageObject","inLanguage":"en-US","@id":"https:\/\/ubirataonline.com.br\/ministerio-publico-do-parana-promove-dia-24-de-agosto-audiencia-publica-em-terra-roxa-para-debater-falhas-no-fornecimento-de-energia-eletrica-na-regiao\/#primaryimage","url":"https:\/\/ubirataonline.com.br\/wp-content\/uploads\/2026\/08\/Ministerio-Publico-do-Parana-promove-dia-24-de-agosto-audiencia.png","contentUrl":"https:\/\/ubirataonline.com.br\/wp-content\/uploads\/2026\/08\/Ministerio-Publico-do-Parana-promove-dia-24-de-agosto-audiencia.png","width":240,"height":240,"caption":"Minist\u00e9rio P\u00fablico do Paran\u00e1 promove, dia 24 de agosto, audi\u00eancia p\u00fablica em Terra Roxa para debater falhas no fornecimento de energia el\u00e9trica na regi\u00e3o"},{"@type":"BreadcrumbList","@id":"https:\/\/ubirataonline.com.br\/ministerio-publico-do-parana-promove-dia-24-de-agosto-audiencia-publica-em-terra-roxa-para-debater-falhas-no-fornecimento-de-energia-eletrica-na-regiao\/#breadcrumb","itemListElement":[{"@type":"ListItem","position":1,"name":"In\u00edcio","item":"https:\/\/ubirataonline.com.br\/"},{"@type":"ListItem","position":2,"name":"Minist\u00e9rio P\u00fablico do Paran\u00e1 promove, dia 24 de agosto, audi\u00eancia p\u00fablica em Terra Roxa para debater falhas no fornecimento de energia el\u00e9trica na regi\u00e3o"}]},{"@type":"WebSite","@id":"https:\/\/ubirataonline.com.br\/#website","url":"https:\/\/ubirataonline.com.br\/","name":"Ubirat\u00e3 Online Not\u00edcias","description":"Not\u00edcias de Ubirat\u00e3, regi\u00e3o, Brasil e mundo, com informa\u00e7\u00e3o atualizada e compromisso com o leitor.","publisher":{"@id":"https:\/\/ubirataonline.com.br\/#organization"},"alternateName":"Ubirat\u00e3 Online","potentialAction":[{"@type":"SearchAction","target":{"@type":"EntryPoint","urlTemplate":"https:\/\/ubirataonline.com.br\/?s={search_term_string}"},"query-input":{"@type":"PropertyValueSpecification","valueRequired":true,"valueName":"search_term_string"}}],"inLanguage":"en-US"},{"@type":["Organization","Place"],"@id":"https:\/\/ubirataonline.com.br\/#organization","name":"Ubirat\u00e3 Online Not\u00edcias","alternateName":"Ubirat\u00e3 Online","url":"https:\/\/ubirataonline.com.br\/","logo":{"@id":"https:\/\/ubirataonline.com.br\/ministerio-publico-do-parana-promove-dia-24-de-agosto-audiencia-publica-em-terra-roxa-para-debater-falhas-no-fornecimento-de-energia-eletrica-na-regiao\/#local-main-organization-logo"},"image":{"@id":"https:\/\/ubirataonline.com.br\/ministerio-publico-do-parana-promove-dia-24-de-agosto-audiencia-publica-em-terra-roxa-para-debater-falhas-no-fornecimento-de-energia-eletrica-na-regiao\/#local-main-organization-logo"},"sameAs":["https:\/\/www.facebook.com\/portalubirataonline","https:\/\/x.com\/ubirataonline","https:\/\/mastodon.social\/@ubirataonline","https:\/\/www.facebook.com\/groups\/311144672285604","https:\/\/www.facebook.com\/UBTAOnline","https:\/\/www.instagram.com\/portalubirataonline\/","https:\/\/twitter.com\/ubirataonline"],"description":"Somos um portal de not\u00edcias independente, criado em 5 de janeiro de 2009, com o objetivo de informar, conectar e valorizar a nossa comunidade de Ubirat\u00e3 e toda aregi\u00e3o. Com conte\u00fado atualizado, confi\u00e1vel e relevante, o Ubirat\u00e3 Online \u00e9 o seu espa\u00e7o para ficar por dentro dos principais acontecimentos locais, regionais, Brasil, Mundo e de interesse geral. Nosso compromisso \u00e9 com a verdade, a transpar\u00eancia e o respeito ao leitor.","legalName":"UBIRATA ONLINE NOT\u00cdCIAS","foundingDate":"2009-01-05","numberOfEmployees":{"@type":"QuantitativeValue","minValue":"1","maxValue":"10"},"publishingPrinciples":"https:\/\/ubirataonline.com.br\/faq\/","address":{"@id":"https:\/\/ubirataonline.com.br\/ministerio-publico-do-parana-promove-dia-24-de-agosto-audiencia-publica-em-terra-roxa-para-debater-falhas-no-fornecimento-de-energia-eletrica-na-regiao\/#local-main-place-address"},"geo":{"@type":"GeoCoordinates","latitude":"-24.5361401","longitude":"-52.9921776"},"telephone":["+5544998308235"],"contactPoint":{"@type":"ContactPoint","email":"contato@ubirataonline.com.br"},"openingHoursSpecification":{"@type":"OpeningHoursSpecification","dayOfWeek":["Monday","Tuesday","Wednesday","Thursday","Friday","Saturday","Sunday"],"opens":"00:00","closes":"23:59"},"email":"contato@ubirataonline.com.br","vatID":"47.621.418\/0001-80"},{"@type":"Person","@id":"https:\/\/ubirataonline.com.br\/#\/schema\/person\/372f87bbd3fdd79b8556b84c98d0bc1c","name":"REDA\u00c7\u00c3O: UBIRAT\u00c3 ONLINE - F\u00c1BIO AUGUSTO CELESTINO","pronouns":"Ele","description":"Desde 2003 trabalhando com not\u00edcias.","sameAs":["http:\/\/ubirataoline.com.br","https:\/\/www.facebook.com\/portalubirataonline","https:\/\/www.instagram.com\/ubirataonline_oficial","https:\/\/x.com\/x.com\/ubirataonline"],"honorificPrefix":"Mr.","honorificSuffix":"MD","birthDate":"1980-06-16","gender":"masculino","award":["V\u00e1rios pr\u00eamios de melhor portal da cidade"],"jobTitle":"Diretor","url":"https:\/\/ubirataonline.com.br\/en\/author\/ubirataonline\/"},{"@type":"PostalAddress","@id":"https:\/\/ubirataonline.com.br\/ministerio-publico-do-parana-promove-dia-24-de-agosto-audiencia-publica-em-terra-roxa-para-debater-falhas-no-fornecimento-de-energia-eletrica-na-regiao\/#local-main-place-address","streetAddress":"Rua dos Coqueiros, 104 - Bairro Boa Vista, Rua dos Coqueiros, 104 Bairro Boa Vista","addressLocality":"UBIRATA","postalCode":"85440-000","addressRegion":"PR","addressCountry":"BR"},{"@type":"ImageObject","inLanguage":"en-US","@id":"https:\/\/ubirataonline.com.br\/ministerio-publico-do-parana-promove-dia-24-de-agosto-audiencia-publica-em-terra-roxa-para-debater-falhas-no-fornecimento-de-energia-eletrica-na-regiao\/#local-main-organization-logo","url":"https:\/\/ubirataonline.com.br\/wp-content\/uploads\/2026\/06\/logoubirataonline-1.webp","contentUrl":"https:\/\/ubirataonline.com.br\/wp-content\/uploads\/2026\/06\/logoubirataonline-1.webp","width":500,"height":500,"caption":"Ubirat\u00e3 Online Not\u00edcias"}]},"geo.placename":"UBIRATA","geo.position":{"lat":"-24.5361401","long":"-52.9921776"},"geo.region":"Brazil"},"_links":{"self":[{"href":"https:\/\/ubirataonline.com.br\/en\/wp-json\/wp\/v2\/posts\/164905","targetHints":{"allow":["GET"]}}],"collection":[{"href":"https:\/\/ubirataonline.com.br\/en\/wp-json\/wp\/v2\/posts"}],"about":[{"href":"https:\/\/ubirataonline.com.br\/en\/wp-json\/wp\/v2\/types\/post"}],"author":[{"embeddable":true,"href":"https:\/\/ubirataonline.com.br\/en\/wp-json\/wp\/v2\/users\/1"}],"replies":[{"embeddable":true,"href":"https:\/\/ubirataonline.com.br\/en\/wp-json\/wp\/v2\/comments?post=164905"}],"version-history":[{"count":1,"href":"https:\/\/ubirataonline.com.br\/en\/wp-json\/wp\/v2\/posts\/164905\/revisions"}],"predecessor-version":[{"id":164907,"href":"https:\/\/ubirataonline.com.br\/en\/wp-json\/wp\/v2\/posts\/164905\/revisions\/164907"}],"wp:featuredmedia":[{"embeddable":true,"href":"https:\/\/ubirataonline.com.br\/en\/wp-json\/wp\/v2\/media\/164906"}],"wp:attachment":[{"href":"https:\/\/ubirataonline.com.br\/en\/wp-json\/wp\/v2\/media?parent=164905"}],"wp:term":[{"taxonomy":"category","embeddable":true,"href":"https:\/\/ubirataonline.com.br\/en\/wp-json\/wp\/v2\/categories?post=164905"},{"taxonomy":"post_tag","embeddable":true,"href":"https:\/\/ubirataonline.com.br\/en\/wp-json\/wp\/v2\/tags?post=164905"}],"curies":[{"name":"wp","href":"https:\/\/api.w.org\/{rel}","templated":true}]}}