{"id":164992,"date":"2026-08-13T06:05:18","date_gmt":"2026-08-13T09:05:18","guid":{"rendered":"https:\/\/ubirataonline.com.br\/motorista-e-preso-por-dirigir-embriagado-apos-acidente-na-pr-158-em-coronel-vivida\/"},"modified":"2026-08-13T06:05:18","modified_gmt":"2026-08-13T09:05:18","slug":"motorista-e-preso-por-dirigir-embriagado-apos-acidente-na-pr-158-em-coronel-vivida","status":"publish","type":"post","link":"https:\/\/ubirataonline.com.br\/en\/motorista-e-preso-por-dirigir-embriagado-apos-acidente-na-pr-158-em-coronel-vivida\/","title":{"rendered":"Motorista \u00e9 preso por dirigir embriagado ap\u00f3s acidente na PR-158 em Coronel Vivida"},"content":{"rendered":"<p>Um homem foi preso por suspeita de embriaguez ao volante ap\u00f3s se envolver em um acidente na PR-158, em Coronel Vivida, na tarde desta quarta-feira (12). Segundo informa\u00e7\u00f5es da Pol\u00edcia Militar, o condutor apresentava sinais evidentes de altera\u00e7\u00e3o da capacidade psicomotora, como h\u00e1lito et\u00edlico, olhos vermelhos e fala desconexa.<\/p>\n<p>A pol\u00edcia foi acionada para apoiar o Corpo de Bombeiros no atendimento da colis\u00e3o. No local do acidente, os policiais realizaram o Termo de Constata\u00e7\u00e3o de Sinais de Altera\u00e7\u00e3o da Capacidade Psicomotora, confirmando o quadro do motorista. Al\u00e9m disso, foram encontradas pend\u00eancias judiciais relativas \u00e0 Carteira Nacional de Habilita\u00e7\u00e3o (CNH) do suspeito.<\/p>\n<p>Ap\u00f3s a libera\u00e7\u00e3o da via e a sinaliza\u00e7\u00e3o adequada do trecho, o homem foi encaminhado \u00e0 12\u00aa Central Regional de Flagrantes, em Pato Branco, para os procedimentos legais pertinentes ao caso.<\/p>\n<h3>Detalhes da ocorr\u00eancia<\/h3>\n<p>A a\u00e7\u00e3o r\u00e1pida da Pol\u00edcia Militar e do Corpo de Bombeiros foi fundamental para o controle da situa\u00e7\u00e3o e para prestar atendimento \u00e0s partes envolvidas no acidente. O flagrante de embriaguez ao volante refor\u00e7a a import\u00e2ncia da fiscaliza\u00e7\u00e3o para a seguran\u00e7a no tr\u00e2nsito.<\/p>\n<h3>Consequ\u00eancias legais<\/h3>\n<p>O encaminhamento do condutor \u00e0 Central Regional de Flagrantes visa garantir a apura\u00e7\u00e3o dos fatos conforme o previsto pela legisla\u00e7\u00e3o de tr\u00e2nsito e criminal, assegurando tamb\u00e9m o cumprimento das penalidades aplic\u00e1veis em casos de embriaguez ao volante com registro de acidente.<\/p>","protected":false},"excerpt":{"rendered":"<p>Um homem foi preso por suspeita de embriaguez ao volante ap\u00f3s se envolver em um acidente na PR-158, em Coronel Vivida, na tarde desta quarta-feira (12). Segundo informa\u00e7\u00f5es da Pol\u00edcia Militar, o condutor apresentava sinais evidentes de altera\u00e7\u00e3o da capacidade psicomotora, como h\u00e1lito et\u00edlico, olhos vermelhos e fala desconexa. A pol\u00edcia foi acionada para apoiar [&hellip;]<\/p>\n","protected":false},"author":1,"featured_media":164993,"comment_status":"","ping_status":"","sticky":false,"template":"","format":"standard","meta":{"googlesitekit_rrm_CAow2JLhCw:productID":"","_gspb_post_css":"","maa_idioma":"","maa_pais":"","footnotes":""},"categories":[43088],"tags":[],"class_list":["post-164992","post","type-post","status-publish","format-standard","has-post-thumbnail","hentry","category-parana"],"blocksy_meta":[],"yoast_head":"<!-- This site is optimized with the Yoast SEO Premium plugin v27.6 (Yoast SEO v27.6) - https:\/\/yoast.com\/product\/yoast-seo-premium-wordpress\/ -->\n<title>Motorista \u00e9 preso por dirigir embriagado ap\u00f3s acidente na PR-158 em Coronel Vivida - Ubirat\u00e3 Online Not\u00edcias - A realidade ao seu alcance!<\/title>\n<meta name=\"description\" content=\"Um homem foi preso por suspeita de embriaguez ao volante ap\u00f3s se envolver em um acidente na PR-158, em Coronel Vivida, na tarde desta quarta-feira (12).\" \/>\n<meta name=\"robots\" content=\"index, follow, max-snippet:-1, max-image-preview:large, max-video-preview:-1\" \/>\n<link rel=\"canonical\" href=\"https:\/\/ubirataonline.com.br\/en\/motorista-e-preso-por-dirigir-embriagado-apos-acidente-na-pr-158-em-coronel-vivida\/\" \/>\n<meta property=\"og:locale\" content=\"en_US\" \/>\n<meta property=\"og:type\" content=\"article\" \/>\n<meta property=\"og:title\" content=\"Motorista \u00e9 preso por dirigir embriagado ap\u00f3s acidente na PR-158 em Coronel Vivida\" \/>\n<meta property=\"og:description\" content=\"Um homem foi preso por suspeita de embriaguez ao volante ap\u00f3s se envolver em um acidente na PR-158, em Coronel Vivida, na tarde desta quarta-feira (12).\" \/>\n<meta property=\"og:url\" content=\"https:\/\/ubirataonline.com.br\/en\/motorista-e-preso-por-dirigir-embriagado-apos-acidente-na-pr-158-em-coronel-vivida\/\" \/>\n<meta property=\"og:site_name\" content=\"Ubirat\u00e3 Online Not\u00edcias - A realidade ao seu alcance!\" \/>\n<meta property=\"article:publisher\" content=\"https:\/\/www.facebook.com\/portalubirataonline\" \/>\n<meta property=\"article:author\" content=\"https:\/\/www.facebook.com\/portalubirataonline\" \/>\n<meta property=\"article:published_time\" content=\"2026-08-13T09:05:18+00:00\" \/>\n<meta property=\"og:image\" content=\"https:\/\/ubirataonline.com.br\/wp-content\/uploads\/2026\/05\/logo2026.webp\" \/>\n\t<meta property=\"og:image:width\" content=\"1531\" \/>\n\t<meta property=\"og:image:height\" content=\"418\" \/>\n\t<meta property=\"og:image:type\" content=\"image\/webp\" \/>\n<meta name=\"author\" content=\"REDA\u00c7\u00c3O: UBIRAT\u00c3 ONLINE - F\u00c1BIO AUGUSTO CELESTINO\" \/>\n<meta name=\"twitter:card\" content=\"summary_large_image\" \/>\n<meta name=\"twitter:creator\" content=\"@x.com\/ubirataonline\" \/>\n<meta name=\"twitter:site\" content=\"@ubirataonline\" \/>\n<meta name=\"twitter:label1\" content=\"Written by\" \/>\n\t<meta name=\"twitter:data1\" content=\"REDA\u00c7\u00c3O: UBIRAT\u00c3 ONLINE - F\u00c1BIO AUGUSTO CELESTINO\" \/>\n\t<meta name=\"twitter:label2\" content=\"Est. reading time\" \/>\n\t<meta name=\"twitter:data2\" content=\"1 minute\" \/>\n<script type=\"application\/ld+json\" class=\"yoast-schema-graph\">{\"@context\":\"https:\\\/\\\/schema.org\",\"@graph\":[{\"@type\":\"NewsArticle\",\"@id\":\"https:\\\/\\\/ubirataonline.com.br\\\/motorista-e-preso-por-dirigir-embriagado-apos-acidente-na-pr-158-em-coronel-vivida\\\/#article\",\"isPartOf\":{\"@id\":\"https:\\\/\\\/ubirataonline.com.br\\\/motorista-e-preso-por-dirigir-embriagado-apos-acidente-na-pr-158-em-coronel-vivida\\\/\"},\"author\":{\"name\":\"REDA\u00c7\u00c3O: UBIRAT\u00c3 ONLINE - F\u00c1BIO AUGUSTO CELESTINO\",\"@id\":\"https:\\\/\\\/ubirataonline.com.br\\\/#\\\/schema\\\/person\\\/372f87bbd3fdd79b8556b84c98d0bc1c\"},\"headline\":\"Motorista \u00e9 preso por dirigir embriagado ap\u00f3s acidente na PR-158 em Coronel Vivida\",\"datePublished\":\"2026-08-13T09:05:18+00:00\",\"mainEntityOfPage\":{\"@id\":\"https:\\\/\\\/ubirataonline.com.br\\\/motorista-e-preso-por-dirigir-embriagado-apos-acidente-na-pr-158-em-coronel-vivida\\\/\"},\"wordCount\":261,\"publisher\":{\"@id\":\"https:\\\/\\\/ubirataonline.com.br\\\/#organization\"},\"image\":{\"@id\":\"https:\\\/\\\/ubirataonline.com.br\\\/motorista-e-preso-por-dirigir-embriagado-apos-acidente-na-pr-158-em-coronel-vivida\\\/#primaryimage\"},\"thumbnailUrl\":\"https:\\\/\\\/ubirataonline.com.br\\\/wp-content\\\/uploads\\\/2026\\\/08\\\/maaimg-post-164992-20260813-090544.webp\",\"articleSection\":[\"Paran\u00e1\"],\"inLanguage\":\"en-US\",\"copyrightYear\":\"2026\",\"copyrightHolder\":{\"@id\":\"https:\\\/\\\/ubirataonline.com.br\\\/en\\\/#organization\"}},{\"@type\":\"WebPage\",\"@id\":\"https:\\\/\\\/ubirataonline.com.br\\\/motorista-e-preso-por-dirigir-embriagado-apos-acidente-na-pr-158-em-coronel-vivida\\\/\",\"url\":\"https:\\\/\\\/ubirataonline.com.br\\\/motorista-e-preso-por-dirigir-embriagado-apos-acidente-na-pr-158-em-coronel-vivida\\\/\",\"name\":\"Motorista \u00e9 preso por dirigir embriagado ap\u00f3s acidente na PR-158 em Coronel Vivida - Ubirat\u00e3 Online Not\u00edcias - A realidade ao seu alcance!\",\"isPartOf\":{\"@id\":\"https:\\\/\\\/ubirataonline.com.br\\\/#website\"},\"primaryImageOfPage\":{\"@id\":\"https:\\\/\\\/ubirataonline.com.br\\\/motorista-e-preso-por-dirigir-embriagado-apos-acidente-na-pr-158-em-coronel-vivida\\\/#primaryimage\"},\"image\":{\"@id\":\"https:\\\/\\\/ubirataonline.com.br\\\/motorista-e-preso-por-dirigir-embriagado-apos-acidente-na-pr-158-em-coronel-vivida\\\/#primaryimage\"},\"thumbnailUrl\":\"https:\\\/\\\/ubirataonline.com.br\\\/wp-content\\\/uploads\\\/2026\\\/08\\\/maaimg-post-164992-20260813-090544.webp\",\"datePublished\":\"2026-08-13T09:05:18+00:00\",\"description\":\"Um homem foi preso por suspeita de embriaguez ao volante ap\u00f3s se envolver em um acidente na PR-158, em Coronel Vivida, na tarde desta quarta-feira (12).\",\"breadcrumb\":{\"@id\":\"https:\\\/\\\/ubirataonline.com.br\\\/motorista-e-preso-por-dirigir-embriagado-apos-acidente-na-pr-158-em-coronel-vivida\\\/#breadcrumb\"},\"inLanguage\":\"en-US\",\"potentialAction\":[{\"@type\":\"ReadAction\",\"target\":[\"https:\\\/\\\/ubirataonline.com.br\\\/motorista-e-preso-por-dirigir-embriagado-apos-acidente-na-pr-158-em-coronel-vivida\\\/\"]}]},{\"@type\":\"ImageObject\",\"inLanguage\":\"en-US\",\"@id\":\"https:\\\/\\\/ubirataonline.com.br\\\/motorista-e-preso-por-dirigir-embriagado-apos-acidente-na-pr-158-em-coronel-vivida\\\/#primaryimage\",\"url\":\"https:\\\/\\\/ubirataonline.com.br\\\/wp-content\\\/uploads\\\/2026\\\/08\\\/maaimg-post-164992-20260813-090544.webp\",\"contentUrl\":\"https:\\\/\\\/ubirataonline.com.br\\\/wp-content\\\/uploads\\\/2026\\\/08\\\/maaimg-post-164992-20260813-090544.webp\",\"width\":1536,\"height\":1024,\"caption\":\"Cena de acidente na PR-158 com pol\u00edcia prendendo motorista \u00e9 preso dirigir\"},{\"@type\":\"BreadcrumbList\",\"@id\":\"https:\\\/\\\/ubirataonline.com.br\\\/motorista-e-preso-por-dirigir-embriagado-apos-acidente-na-pr-158-em-coronel-vivida\\\/#breadcrumb\",\"itemListElement\":[{\"@type\":\"ListItem\",\"position\":1,\"name\":\"In\u00edcio\",\"item\":\"https:\\\/\\\/ubirataonline.com.br\\\/\"},{\"@type\":\"ListItem\",\"position\":2,\"name\":\"Motorista \u00e9 preso por dirigir embriagado ap\u00f3s acidente na PR-158 em Coronel Vivida\"}]},{\"@type\":\"WebSite\",\"@id\":\"https:\\\/\\\/ubirataonline.com.br\\\/#website\",\"url\":\"https:\\\/\\\/ubirataonline.com.br\\\/\",\"name\":\"Ubirat\u00e3 Online Not\u00edcias\",\"description\":\"Not\u00edcias de Ubirat\u00e3, regi\u00e3o, Brasil e mundo, com informa\u00e7\u00e3o atualizada e compromisso com o leitor.\",\"publisher\":{\"@id\":\"https:\\\/\\\/ubirataonline.com.br\\\/#organization\"},\"alternateName\":\"Ubirat\u00e3 Online\",\"potentialAction\":[{\"@type\":\"SearchAction\",\"target\":{\"@type\":\"EntryPoint\",\"urlTemplate\":\"https:\\\/\\\/ubirataonline.com.br\\\/?s={search_term_string}\"},\"query-input\":{\"@type\":\"PropertyValueSpecification\",\"valueRequired\":true,\"valueName\":\"search_term_string\"}}],\"inLanguage\":\"en-US\"},{\"@type\":[\"Organization\",\"Place\"],\"@id\":\"https:\\\/\\\/ubirataonline.com.br\\\/#organization\",\"name\":\"Ubirat\u00e3 Online Not\u00edcias\",\"alternateName\":\"Ubirat\u00e3 Online\",\"url\":\"https:\\\/\\\/ubirataonline.com.br\\\/\",\"logo\":{\"@id\":\"https:\\\/\\\/ubirataonline.com.br\\\/motorista-e-preso-por-dirigir-embriagado-apos-acidente-na-pr-158-em-coronel-vivida\\\/#local-main-organization-logo\"},\"image\":{\"@id\":\"https:\\\/\\\/ubirataonline.com.br\\\/motorista-e-preso-por-dirigir-embriagado-apos-acidente-na-pr-158-em-coronel-vivida\\\/#local-main-organization-logo\"},\"sameAs\":[\"https:\\\/\\\/www.facebook.com\\\/portalubirataonline\",\"https:\\\/\\\/x.com\\\/ubirataonline\",\"https:\\\/\\\/mastodon.social\\\/@ubirataonline\",\"https:\\\/\\\/www.facebook.com\\\/groups\\\/311144672285604\",\"https:\\\/\\\/www.facebook.com\\\/UBTAOnline\",\"https:\\\/\\\/www.instagram.com\\\/portalubirataonline\\\/\",\"https:\\\/\\\/twitter.com\\\/ubirataonline\"],\"description\":\"Somos um portal de not\u00edcias independente, criado em 5 de janeiro de 2009, com o objetivo de informar, conectar e valorizar a nossa comunidade de Ubirat\u00e3 e toda aregi\u00e3o. Com conte\u00fado atualizado, confi\u00e1vel e relevante, o Ubirat\u00e3 Online \u00e9 o seu espa\u00e7o para ficar por dentro dos principais acontecimentos locais, regionais, Brasil, Mundo e de interesse geral. Nosso compromisso \u00e9 com a verdade, a transpar\u00eancia e o respeito ao leitor.\",\"legalName\":\"UBIRATA ONLINE NOT\u00cdCIAS\",\"foundingDate\":\"2009-01-05\",\"numberOfEmployees\":{\"@type\":\"QuantitativeValue\",\"minValue\":\"1\",\"maxValue\":\"10\"},\"publishingPrinciples\":\"https:\\\/\\\/ubirataonline.com.br\\\/faq\\\/\",\"address\":{\"@id\":\"https:\\\/\\\/ubirataonline.com.br\\\/motorista-e-preso-por-dirigir-embriagado-apos-acidente-na-pr-158-em-coronel-vivida\\\/#local-main-place-address\"},\"geo\":{\"@type\":\"GeoCoordinates\",\"latitude\":\"-24.5361401\",\"longitude\":\"-52.9921776\"},\"telephone\":[\"+5544998308235\"],\"contactPoint\":{\"@type\":\"ContactPoint\",\"email\":\"contato@ubirataonline.com.br\"},\"openingHoursSpecification\":{\"@type\":\"OpeningHoursSpecification\",\"dayOfWeek\":[\"Monday\",\"Tuesday\",\"Wednesday\",\"Thursday\",\"Friday\",\"Saturday\",\"Sunday\"],\"opens\":\"00:00\",\"closes\":\"23:59\"},\"email\":\"contato@ubirataonline.com.br\",\"vatID\":\"47.621.418\\\/0001-80\"},{\"@type\":\"Person\",\"@id\":\"https:\\\/\\\/ubirataonline.com.br\\\/#\\\/schema\\\/person\\\/372f87bbd3fdd79b8556b84c98d0bc1c\",\"name\":\"REDA\u00c7\u00c3O: UBIRAT\u00c3 ONLINE - F\u00c1BIO AUGUSTO CELESTINO\",\"pronouns\":\"Ele\",\"description\":\"Desde 2003 trabalhando com not\u00edcias.\",\"sameAs\":[\"http:\\\/\\\/ubirataoline.com.br\",\"https:\\\/\\\/www.facebook.com\\\/portalubirataonline\",\"https:\\\/\\\/www.instagram.com\\\/ubirataonline_oficial\",\"https:\\\/\\\/x.com\\\/x.com\\\/ubirataonline\"],\"honorificPrefix\":\"Mr.\",\"honorificSuffix\":\"MD\",\"birthDate\":\"1980-06-16\",\"gender\":\"masculino\",\"award\":[\"V\u00e1rios pr\u00eamios de melhor portal da cidade\"],\"jobTitle\":\"Diretor\",\"url\":\"https:\\\/\\\/ubirataonline.com.br\\\/en\\\/author\\\/ubirataonline\\\/\"},{\"@type\":\"PostalAddress\",\"@id\":\"https:\\\/\\\/ubirataonline.com.br\\\/motorista-e-preso-por-dirigir-embriagado-apos-acidente-na-pr-158-em-coronel-vivida\\\/#local-main-place-address\",\"streetAddress\":\"Rua dos Coqueiros, 104 - Bairro Boa Vista, Rua dos Coqueiros, 104 Bairro Boa Vista\",\"addressLocality\":\"UBIRATA\",\"postalCode\":\"85440-000\",\"addressRegion\":\"PR\",\"addressCountry\":\"BR\"},{\"@type\":\"ImageObject\",\"inLanguage\":\"en-US\",\"@id\":\"https:\\\/\\\/ubirataonline.com.br\\\/motorista-e-preso-por-dirigir-embriagado-apos-acidente-na-pr-158-em-coronel-vivida\\\/#local-main-organization-logo\",\"url\":\"https:\\\/\\\/ubirataonline.com.br\\\/wp-content\\\/uploads\\\/2026\\\/06\\\/logoubirataonline-1.webp\",\"contentUrl\":\"https:\\\/\\\/ubirataonline.com.br\\\/wp-content\\\/uploads\\\/2026\\\/06\\\/logoubirataonline-1.webp\",\"width\":500,\"height\":500,\"caption\":\"Ubirat\u00e3 Online Not\u00edcias\"}]}<\/script>\n<meta name=\"geo.placename\" content=\"UBIRATA\" \/>\n<meta name=\"geo.position\" content=\"-24.5361401;-52.9921776\" \/>\n<meta name=\"geo.region\" content=\"Brazil\" \/>\n<!-- \/ Yoast SEO Premium plugin. -->","yoast_head_json":{"title":"Motorista \u00e9 preso por dirigir embriagado ap\u00f3s acidente na PR-158 em Coronel Vivida - Ubirat\u00e3 Online Not\u00edcias - A realidade ao seu alcance!","description":"Um homem foi preso por suspeita de embriaguez ao volante ap\u00f3s se envolver em um acidente na PR-158, em Coronel Vivida, na tarde desta quarta-feira (12).","robots":{"index":"index","follow":"follow","max-snippet":"max-snippet:-1","max-image-preview":"max-image-preview:large","max-video-preview":"max-video-preview:-1"},"canonical":"https:\/\/ubirataonline.com.br\/en\/motorista-e-preso-por-dirigir-embriagado-apos-acidente-na-pr-158-em-coronel-vivida\/","og_locale":"en_US","og_type":"article","og_title":"Motorista \u00e9 preso por dirigir embriagado ap\u00f3s acidente na PR-158 em Coronel Vivida","og_description":"Um homem foi preso por suspeita de embriaguez ao volante ap\u00f3s se envolver em um acidente na PR-158, em Coronel Vivida, na tarde desta quarta-feira (12).","og_url":"https:\/\/ubirataonline.com.br\/en\/motorista-e-preso-por-dirigir-embriagado-apos-acidente-na-pr-158-em-coronel-vivida\/","og_site_name":"Ubirat\u00e3 Online Not\u00edcias - A realidade ao seu alcance!","article_publisher":"https:\/\/www.facebook.com\/portalubirataonline","article_author":"https:\/\/www.facebook.com\/portalubirataonline","article_published_time":"2026-08-13T09:05:18+00:00","og_image":[{"width":1531,"height":418,"url":"https:\/\/ubirataonline.com.br\/wp-content\/uploads\/2026\/05\/logo2026.webp","type":"image\/webp"}],"author":"REDA\u00c7\u00c3O: UBIRAT\u00c3 ONLINE - F\u00c1BIO AUGUSTO CELESTINO","twitter_card":"summary_large_image","twitter_creator":"@x.com\/ubirataonline","twitter_site":"@ubirataonline","twitter_misc":{"Written by":"REDA\u00c7\u00c3O: UBIRAT\u00c3 ONLINE - F\u00c1BIO AUGUSTO CELESTINO","Est. reading time":"1 minute"},"schema":{"@context":"https:\/\/schema.org","@graph":[{"@type":"NewsArticle","@id":"https:\/\/ubirataonline.com.br\/motorista-e-preso-por-dirigir-embriagado-apos-acidente-na-pr-158-em-coronel-vivida\/#article","isPartOf":{"@id":"https:\/\/ubirataonline.com.br\/motorista-e-preso-por-dirigir-embriagado-apos-acidente-na-pr-158-em-coronel-vivida\/"},"author":{"name":"REDA\u00c7\u00c3O: UBIRAT\u00c3 ONLINE - F\u00c1BIO AUGUSTO CELESTINO","@id":"https:\/\/ubirataonline.com.br\/#\/schema\/person\/372f87bbd3fdd79b8556b84c98d0bc1c"},"headline":"Motorista \u00e9 preso por dirigir embriagado ap\u00f3s acidente na PR-158 em Coronel Vivida","datePublished":"2026-08-13T09:05:18+00:00","mainEntityOfPage":{"@id":"https:\/\/ubirataonline.com.br\/motorista-e-preso-por-dirigir-embriagado-apos-acidente-na-pr-158-em-coronel-vivida\/"},"wordCount":261,"publisher":{"@id":"https:\/\/ubirataonline.com.br\/#organization"},"image":{"@id":"https:\/\/ubirataonline.com.br\/motorista-e-preso-por-dirigir-embriagado-apos-acidente-na-pr-158-em-coronel-vivida\/#primaryimage"},"thumbnailUrl":"https:\/\/ubirataonline.com.br\/wp-content\/uploads\/2026\/08\/maaimg-post-164992-20260813-090544.webp","articleSection":["Paran\u00e1"],"inLanguage":"en-US","copyrightYear":"2026","copyrightHolder":{"@id":"https:\/\/ubirataonline.com.br\/en\/#organization"}},{"@type":"WebPage","@id":"https:\/\/ubirataonline.com.br\/motorista-e-preso-por-dirigir-embriagado-apos-acidente-na-pr-158-em-coronel-vivida\/","url":"https:\/\/ubirataonline.com.br\/motorista-e-preso-por-dirigir-embriagado-apos-acidente-na-pr-158-em-coronel-vivida\/","name":"Motorista \u00e9 preso por dirigir embriagado ap\u00f3s acidente na PR-158 em Coronel Vivida - Ubirat\u00e3 Online Not\u00edcias - A realidade ao seu alcance!","isPartOf":{"@id":"https:\/\/ubirataonline.com.br\/#website"},"primaryImageOfPage":{"@id":"https:\/\/ubirataonline.com.br\/motorista-e-preso-por-dirigir-embriagado-apos-acidente-na-pr-158-em-coronel-vivida\/#primaryimage"},"image":{"@id":"https:\/\/ubirataonline.com.br\/motorista-e-preso-por-dirigir-embriagado-apos-acidente-na-pr-158-em-coronel-vivida\/#primaryimage"},"thumbnailUrl":"https:\/\/ubirataonline.com.br\/wp-content\/uploads\/2026\/08\/maaimg-post-164992-20260813-090544.webp","datePublished":"2026-08-13T09:05:18+00:00","description":"Um homem foi preso por suspeita de embriaguez ao volante ap\u00f3s se envolver em um acidente na PR-158, em Coronel Vivida, na tarde desta quarta-feira (12).","breadcrumb":{"@id":"https:\/\/ubirataonline.com.br\/motorista-e-preso-por-dirigir-embriagado-apos-acidente-na-pr-158-em-coronel-vivida\/#breadcrumb"},"inLanguage":"en-US","potentialAction":[{"@type":"ReadAction","target":["https:\/\/ubirataonline.com.br\/motorista-e-preso-por-dirigir-embriagado-apos-acidente-na-pr-158-em-coronel-vivida\/"]}]},{"@type":"ImageObject","inLanguage":"en-US","@id":"https:\/\/ubirataonline.com.br\/motorista-e-preso-por-dirigir-embriagado-apos-acidente-na-pr-158-em-coronel-vivida\/#primaryimage","url":"https:\/\/ubirataonline.com.br\/wp-content\/uploads\/2026\/08\/maaimg-post-164992-20260813-090544.webp","contentUrl":"https:\/\/ubirataonline.com.br\/wp-content\/uploads\/2026\/08\/maaimg-post-164992-20260813-090544.webp","width":1536,"height":1024,"caption":"Cena de acidente na PR-158 com pol\u00edcia prendendo motorista \u00e9 preso dirigir"},{"@type":"BreadcrumbList","@id":"https:\/\/ubirataonline.com.br\/motorista-e-preso-por-dirigir-embriagado-apos-acidente-na-pr-158-em-coronel-vivida\/#breadcrumb","itemListElement":[{"@type":"ListItem","position":1,"name":"In\u00edcio","item":"https:\/\/ubirataonline.com.br\/"},{"@type":"ListItem","position":2,"name":"Motorista \u00e9 preso por dirigir embriagado ap\u00f3s acidente na PR-158 em Coronel Vivida"}]},{"@type":"WebSite","@id":"https:\/\/ubirataonline.com.br\/#website","url":"https:\/\/ubirataonline.com.br\/","name":"Ubirat\u00e3 Online Not\u00edcias","description":"Not\u00edcias de Ubirat\u00e3, regi\u00e3o, Brasil e mundo, com informa\u00e7\u00e3o atualizada e compromisso com o leitor.","publisher":{"@id":"https:\/\/ubirataonline.com.br\/#organization"},"alternateName":"Ubirat\u00e3 Online","potentialAction":[{"@type":"SearchAction","target":{"@type":"EntryPoint","urlTemplate":"https:\/\/ubirataonline.com.br\/?s={search_term_string}"},"query-input":{"@type":"PropertyValueSpecification","valueRequired":true,"valueName":"search_term_string"}}],"inLanguage":"en-US"},{"@type":["Organization","Place"],"@id":"https:\/\/ubirataonline.com.br\/#organization","name":"Ubirat\u00e3 Online Not\u00edcias","alternateName":"Ubirat\u00e3 Online","url":"https:\/\/ubirataonline.com.br\/","logo":{"@id":"https:\/\/ubirataonline.com.br\/motorista-e-preso-por-dirigir-embriagado-apos-acidente-na-pr-158-em-coronel-vivida\/#local-main-organization-logo"},"image":{"@id":"https:\/\/ubirataonline.com.br\/motorista-e-preso-por-dirigir-embriagado-apos-acidente-na-pr-158-em-coronel-vivida\/#local-main-organization-logo"},"sameAs":["https:\/\/www.facebook.com\/portalubirataonline","https:\/\/x.com\/ubirataonline","https:\/\/mastodon.social\/@ubirataonline","https:\/\/www.facebook.com\/groups\/311144672285604","https:\/\/www.facebook.com\/UBTAOnline","https:\/\/www.instagram.com\/portalubirataonline\/","https:\/\/twitter.com\/ubirataonline"],"description":"Somos um portal de not\u00edcias independente, criado em 5 de janeiro de 2009, com o objetivo de informar, conectar e valorizar a nossa comunidade de Ubirat\u00e3 e toda aregi\u00e3o. Com conte\u00fado atualizado, confi\u00e1vel e relevante, o Ubirat\u00e3 Online \u00e9 o seu espa\u00e7o para ficar por dentro dos principais acontecimentos locais, regionais, Brasil, Mundo e de interesse geral. Nosso compromisso \u00e9 com a verdade, a transpar\u00eancia e o respeito ao leitor.","legalName":"UBIRATA ONLINE NOT\u00cdCIAS","foundingDate":"2009-01-05","numberOfEmployees":{"@type":"QuantitativeValue","minValue":"1","maxValue":"10"},"publishingPrinciples":"https:\/\/ubirataonline.com.br\/faq\/","address":{"@id":"https:\/\/ubirataonline.com.br\/motorista-e-preso-por-dirigir-embriagado-apos-acidente-na-pr-158-em-coronel-vivida\/#local-main-place-address"},"geo":{"@type":"GeoCoordinates","latitude":"-24.5361401","longitude":"-52.9921776"},"telephone":["+5544998308235"],"contactPoint":{"@type":"ContactPoint","email":"contato@ubirataonline.com.br"},"openingHoursSpecification":{"@type":"OpeningHoursSpecification","dayOfWeek":["Monday","Tuesday","Wednesday","Thursday","Friday","Saturday","Sunday"],"opens":"00:00","closes":"23:59"},"email":"contato@ubirataonline.com.br","vatID":"47.621.418\/0001-80"},{"@type":"Person","@id":"https:\/\/ubirataonline.com.br\/#\/schema\/person\/372f87bbd3fdd79b8556b84c98d0bc1c","name":"REDA\u00c7\u00c3O: UBIRAT\u00c3 ONLINE - F\u00c1BIO AUGUSTO CELESTINO","pronouns":"Ele","description":"Desde 2003 trabalhando com not\u00edcias.","sameAs":["http:\/\/ubirataoline.com.br","https:\/\/www.facebook.com\/portalubirataonline","https:\/\/www.instagram.com\/ubirataonline_oficial","https:\/\/x.com\/x.com\/ubirataonline"],"honorificPrefix":"Mr.","honorificSuffix":"MD","birthDate":"1980-06-16","gender":"masculino","award":["V\u00e1rios pr\u00eamios de melhor portal da cidade"],"jobTitle":"Diretor","url":"https:\/\/ubirataonline.com.br\/en\/author\/ubirataonline\/"},{"@type":"PostalAddress","@id":"https:\/\/ubirataonline.com.br\/motorista-e-preso-por-dirigir-embriagado-apos-acidente-na-pr-158-em-coronel-vivida\/#local-main-place-address","streetAddress":"Rua dos Coqueiros, 104 - Bairro Boa Vista, Rua dos Coqueiros, 104 Bairro Boa Vista","addressLocality":"UBIRATA","postalCode":"85440-000","addressRegion":"PR","addressCountry":"BR"},{"@type":"ImageObject","inLanguage":"en-US","@id":"https:\/\/ubirataonline.com.br\/motorista-e-preso-por-dirigir-embriagado-apos-acidente-na-pr-158-em-coronel-vivida\/#local-main-organization-logo","url":"https:\/\/ubirataonline.com.br\/wp-content\/uploads\/2026\/06\/logoubirataonline-1.webp","contentUrl":"https:\/\/ubirataonline.com.br\/wp-content\/uploads\/2026\/06\/logoubirataonline-1.webp","width":500,"height":500,"caption":"Ubirat\u00e3 Online Not\u00edcias"}]},"geo.placename":"UBIRATA","geo.position":{"lat":"-24.5361401","long":"-52.9921776"},"geo.region":"Brazil"},"_links":{"self":[{"href":"https:\/\/ubirataonline.com.br\/en\/wp-json\/wp\/v2\/posts\/164992","targetHints":{"allow":["GET"]}}],"collection":[{"href":"https:\/\/ubirataonline.com.br\/en\/wp-json\/wp\/v2\/posts"}],"about":[{"href":"https:\/\/ubirataonline.com.br\/en\/wp-json\/wp\/v2\/types\/post"}],"author":[{"embeddable":true,"href":"https:\/\/ubirataonline.com.br\/en\/wp-json\/wp\/v2\/users\/1"}],"replies":[{"embeddable":true,"href":"https:\/\/ubirataonline.com.br\/en\/wp-json\/wp\/v2\/comments?post=164992"}],"version-history":[{"count":0,"href":"https:\/\/ubirataonline.com.br\/en\/wp-json\/wp\/v2\/posts\/164992\/revisions"}],"wp:featuredmedia":[{"embeddable":true,"href":"https:\/\/ubirataonline.com.br\/en\/wp-json\/wp\/v2\/media\/164993"}],"wp:attachment":[{"href":"https:\/\/ubirataonline.com.br\/en\/wp-json\/wp\/v2\/media?parent=164992"}],"wp:term":[{"taxonomy":"category","embeddable":true,"href":"https:\/\/ubirataonline.com.br\/en\/wp-json\/wp\/v2\/categories?post=164992"},{"taxonomy":"post_tag","embeddable":true,"href":"https:\/\/ubirataonline.com.br\/en\/wp-json\/wp\/v2\/tags?post=164992"}],"curies":[{"name":"wp","href":"https:\/\/api.w.org\/{rel}","templated":true}]}}