{"id":165137,"date":"2026-08-13T14:05:50","date_gmt":"2026-08-13T17:05:50","guid":{"rendered":"https:\/\/ubirataonline.com.br\/acelen-reduz-preco-da-gasolina-em-112-com-adesao-ao-programa-de-subvencao\/"},"modified":"2026-08-13T14:05:50","modified_gmt":"2026-08-13T17:05:50","slug":"acelen-reduz-preco-da-gasolina-em-112-com-adesao-ao-programa-de-subvencao","status":"publish","type":"post","link":"https:\/\/ubirataonline.com.br\/en\/acelen-reduz-preco-da-gasolina-em-112-com-adesao-ao-programa-de-subvencao\/","title":{"rendered":"Acelen reduz pre\u00e7o da gasolina em 11,2% com ades\u00e3o ao programa de subven\u00e7\u00e3o"},"content":{"rendered":"<p>A Acelen anunciou redu\u00e7\u00e3o significativa no pre\u00e7o da gasolina, de cerca de 11,2%, em rela\u00e7\u00e3o \u00e0 semana anterior, ap\u00f3s aderir ao programa de subven\u00e7\u00e3o previsto na Medida Provis\u00f3ria 1.358\/2026. O movimento acompanha a queda do pre\u00e7o do petr\u00f3leo e a aplica\u00e7\u00e3o do benef\u00edcio oferecido pelo governo para os combust\u00edveis.<\/p>\n<p>De acordo com informa\u00e7\u00f5es divulgadas pela pr\u00f3pria Acelen, o pre\u00e7o da gasolina na refinaria de Mataripe, localizada na Bahia e controlada pela empresa, passa a ser em torno de R$ 3,48 o litro, variando conforme o mercado local. Sem a subven\u00e7\u00e3o, o valor chegaria a R$ 3,92 o litro para as distribuidoras.<\/p>\n<h3>Redu\u00e7\u00e3o tamb\u00e9m no diesel S-10<\/h3>\n<p>O diesel S-10, o tipo mais consumido e com menor impacto ambiental, tamb\u00e9m foi beneficiado pelo programa de subven\u00e7\u00e3o, com redu\u00e7\u00e3o de pre\u00e7o de 0,8% em compara\u00e7\u00e3o \u00e0 semana anterior. Desde que a Acelen aderiu \u00e0 medida provis\u00f3ria 1.363, o litro do diesel S-10 est\u00e1 em torno de R$ 4,56 com o subs\u00eddio, enquanto sem ele o pre\u00e7o atingiria R$ 5,68.<\/p>\n<h3>Implementa\u00e7\u00e3o gradual do programa de subven\u00e7\u00e3o<\/h3>\n<p>Segundo a empresa, a aplica\u00e7\u00e3o do programa de subven\u00e7\u00e3o aos combust\u00edveis tem sido conduzida de forma gradual e alinhada \u00e0s normas regulat\u00f3rias vigentes. A companhia ampliou a utiliza\u00e7\u00e3o do benef\u00edcio para as vendas eleg\u00edveis, em conformidade com a legisla\u00e7\u00e3o e regras aplic\u00e1veis. A Acelen representa no Brasil o fundo de investimento \u00e1rabe Mubadala no setor de petr\u00f3leo e g\u00e1s.<\/p>\n<h3>Impactos do programa de subven\u00e7\u00e3o da gasolina<\/h3>\n<p>O programa de subven\u00e7\u00e3o tem como objetivo reduzir o pre\u00e7o final dos combust\u00edveis para os consumidores, especialmente num contexto de flutua\u00e7\u00e3o dos pre\u00e7os do petr\u00f3leo no mercado internacional. A iniciativa, prevista em medidas provis\u00f3rias recentes, busca aliviar o custo para os consumidores e estabilizar o mercado brasileiro de combust\u00edveis.<\/p>\n<h2>Frequently asked questions<\/h2>\n<h3>O que motivou a redu\u00e7\u00e3o do pre\u00e7o da gasolina pela Acelen?<\/h3>\n<p>A redu\u00e7\u00e3o ocorreu em fun\u00e7\u00e3o da ades\u00e3o da empresa ao programa de subven\u00e7\u00e3o do governo, previsto na MP 1.358\/2026, e tamb\u00e9m pela queda no pre\u00e7o do petr\u00f3leo no mercado internacional.<\/p>\n<h3>Qual a diferen\u00e7a de pre\u00e7o da gasolina com e sem a subven\u00e7\u00e3o?<\/h3>\n<p>Sem o benef\u00edcio da subven\u00e7\u00e3o, o litro da gasolina na refinaria custaria aproximadamente R$ 3,92, enquanto com a aplica\u00e7\u00e3o do programa o pre\u00e7o caiu para cerca de R$ 3,48.<\/p>\n<h3>Como \u00e9 feita a implementa\u00e7\u00e3o da subven\u00e7\u00e3o pela Acelen?<\/h3>\n<p>Segundo a empresa, a implanta\u00e7\u00e3o do programa \u00e9 gradual, em conformidade com a legisla\u00e7\u00e3o e as regras regulat\u00f3rias, ampliando o subs\u00eddio \u00e0s vendas que se enquadram como eleg\u00edveis.<\/p>","protected":false},"excerpt":{"rendered":"<p>A Acelen anunciou redu\u00e7\u00e3o significativa no pre\u00e7o da gasolina, de cerca de 11,2%, em rela\u00e7\u00e3o \u00e0 semana anterior, ap\u00f3s aderir ao programa de subven\u00e7\u00e3o previsto na Medida Provis\u00f3ria 1.358\/2026. O movimento acompanha a queda do pre\u00e7o do petr\u00f3leo e a aplica\u00e7\u00e3o do benef\u00edcio oferecido pelo governo para os combust\u00edveis. De acordo com informa\u00e7\u00f5es divulgadas pela [&hellip;]<\/p>\n","protected":false},"author":1,"featured_media":0,"comment_status":"","ping_status":"","sticky":false,"template":"","format":"standard","meta":{"googlesitekit_rrm_CAow2JLhCw:productID":"","_gspb_post_css":"","maa_idioma":"","maa_pais":"","footnotes":""},"categories":[43088],"tags":[],"class_list":["post-165137","post","type-post","status-publish","format-standard","hentry","category-parana"],"blocksy_meta":[],"yoast_head":"<!-- This site is optimized with the Yoast SEO Premium plugin v27.6 (Yoast SEO v27.6) - https:\/\/yoast.com\/product\/yoast-seo-premium-wordpress\/ -->\n<title>Acelen reduz pre\u00e7o da gasolina em 11,2% com ades\u00e3o ao programa de subven\u00e7\u00e3o - Ubirat\u00e3 Online Not\u00edcias - A realidade ao seu alcance!<\/title>\n<meta name=\"description\" content=\"A Acelen anunciou redu\u00e7\u00e3o significativa no pre\u00e7o da gasolina, de cerca de 11,2%, em rela\u00e7\u00e3o \u00e0 semana anterior, ap\u00f3s aderir ao programa de subven\u00e7\u00e3o\" \/>\n<meta name=\"robots\" content=\"index, follow, max-snippet:-1, max-image-preview:large, max-video-preview:-1\" \/>\n<link rel=\"canonical\" href=\"https:\/\/ubirataonline.com.br\/en\/acelen-reduz-preco-da-gasolina-em-112-com-adesao-ao-programa-de-subvencao\/\" \/>\n<meta property=\"og:locale\" content=\"en_US\" \/>\n<meta property=\"og:type\" content=\"article\" \/>\n<meta property=\"og:title\" content=\"Acelen reduz pre\u00e7o da gasolina em 11,2% com ades\u00e3o ao programa de subven\u00e7\u00e3o\" \/>\n<meta property=\"og:description\" content=\"A Acelen anunciou redu\u00e7\u00e3o significativa no pre\u00e7o da gasolina, de cerca de 11,2%, em rela\u00e7\u00e3o \u00e0 semana anterior, ap\u00f3s aderir ao programa de subven\u00e7\u00e3o\" \/>\n<meta property=\"og:url\" content=\"https:\/\/ubirataonline.com.br\/en\/acelen-reduz-preco-da-gasolina-em-112-com-adesao-ao-programa-de-subvencao\/\" \/>\n<meta property=\"og:site_name\" content=\"Ubirat\u00e3 Online Not\u00edcias - A realidade ao seu alcance!\" \/>\n<meta property=\"article:publisher\" content=\"https:\/\/www.facebook.com\/portalubirataonline\" \/>\n<meta property=\"article:author\" content=\"https:\/\/www.facebook.com\/portalubirataonline\" \/>\n<meta property=\"article:published_time\" content=\"2026-08-13T17:05:50+00:00\" \/>\n<meta property=\"og:image\" content=\"https:\/\/ubirataonline.com.br\/wp-content\/uploads\/2026\/05\/logo2026.webp\" \/>\n\t<meta property=\"og:image:width\" content=\"1531\" \/>\n\t<meta property=\"og:image:height\" content=\"418\" \/>\n\t<meta property=\"og:image:type\" content=\"image\/webp\" \/>\n<meta name=\"author\" content=\"REDA\u00c7\u00c3O: UBIRAT\u00c3 ONLINE - F\u00c1BIO AUGUSTO CELESTINO\" \/>\n<meta name=\"twitter:card\" content=\"summary_large_image\" \/>\n<meta name=\"twitter:creator\" content=\"@x.com\/ubirataonline\" \/>\n<meta name=\"twitter:site\" content=\"@ubirataonline\" \/>\n<meta name=\"twitter:label1\" content=\"Written by\" \/>\n\t<meta name=\"twitter:data1\" content=\"REDA\u00c7\u00c3O: UBIRAT\u00c3 ONLINE - F\u00c1BIO AUGUSTO CELESTINO\" \/>\n\t<meta name=\"twitter:label2\" content=\"Est. reading time\" \/>\n\t<meta name=\"twitter:data2\" content=\"2 minutes\" \/>\n<script type=\"application\/ld+json\" class=\"yoast-schema-graph\">{\"@context\":\"https:\\\/\\\/schema.org\",\"@graph\":[{\"@type\":\"NewsArticle\",\"@id\":\"https:\\\/\\\/ubirataonline.com.br\\\/acelen-reduz-preco-da-gasolina-em-112-com-adesao-ao-programa-de-subvencao\\\/#article\",\"isPartOf\":{\"@id\":\"https:\\\/\\\/ubirataonline.com.br\\\/acelen-reduz-preco-da-gasolina-em-112-com-adesao-ao-programa-de-subvencao\\\/\"},\"author\":{\"name\":\"REDA\u00c7\u00c3O: UBIRAT\u00c3 ONLINE - F\u00c1BIO AUGUSTO CELESTINO\",\"@id\":\"https:\\\/\\\/ubirataonline.com.br\\\/#\\\/schema\\\/person\\\/372f87bbd3fdd79b8556b84c98d0bc1c\"},\"headline\":\"Acelen reduz pre\u00e7o da gasolina em 11,2% com ades\u00e3o ao programa de subven\u00e7\u00e3o\",\"datePublished\":\"2026-08-13T17:05:50+00:00\",\"mainEntityOfPage\":{\"@id\":\"https:\\\/\\\/ubirataonline.com.br\\\/acelen-reduz-preco-da-gasolina-em-112-com-adesao-ao-programa-de-subvencao\\\/\"},\"wordCount\":478,\"publisher\":{\"@id\":\"https:\\\/\\\/ubirataonline.com.br\\\/#organization\"},\"articleSection\":[\"Paran\u00e1\"],\"inLanguage\":\"en-US\",\"copyrightYear\":\"2026\",\"copyrightHolder\":{\"@id\":\"https:\\\/\\\/ubirataonline.com.br\\\/en\\\/#organization\"}},{\"@type\":\"WebPage\",\"@id\":\"https:\\\/\\\/ubirataonline.com.br\\\/acelen-reduz-preco-da-gasolina-em-112-com-adesao-ao-programa-de-subvencao\\\/\",\"url\":\"https:\\\/\\\/ubirataonline.com.br\\\/acelen-reduz-preco-da-gasolina-em-112-com-adesao-ao-programa-de-subvencao\\\/\",\"name\":\"Acelen reduz pre\u00e7o da gasolina em 11,2% com ades\u00e3o ao programa de subven\u00e7\u00e3o - Ubirat\u00e3 Online Not\u00edcias - A realidade ao seu alcance!\",\"isPartOf\":{\"@id\":\"https:\\\/\\\/ubirataonline.com.br\\\/#website\"},\"datePublished\":\"2026-08-13T17:05:50+00:00\",\"description\":\"A Acelen anunciou redu\u00e7\u00e3o significativa no pre\u00e7o da gasolina, de cerca de 11,2%, em rela\u00e7\u00e3o \u00e0 semana anterior, ap\u00f3s aderir ao programa de subven\u00e7\u00e3o\",\"breadcrumb\":{\"@id\":\"https:\\\/\\\/ubirataonline.com.br\\\/acelen-reduz-preco-da-gasolina-em-112-com-adesao-ao-programa-de-subvencao\\\/#breadcrumb\"},\"inLanguage\":\"en-US\",\"potentialAction\":[{\"@type\":\"ReadAction\",\"target\":[\"https:\\\/\\\/ubirataonline.com.br\\\/acelen-reduz-preco-da-gasolina-em-112-com-adesao-ao-programa-de-subvencao\\\/\"]}]},{\"@type\":\"BreadcrumbList\",\"@id\":\"https:\\\/\\\/ubirataonline.com.br\\\/acelen-reduz-preco-da-gasolina-em-112-com-adesao-ao-programa-de-subvencao\\\/#breadcrumb\",\"itemListElement\":[{\"@type\":\"ListItem\",\"position\":1,\"name\":\"In\u00edcio\",\"item\":\"https:\\\/\\\/ubirataonline.com.br\\\/\"},{\"@type\":\"ListItem\",\"position\":2,\"name\":\"Acelen reduz pre\u00e7o da gasolina em 11,2% com ades\u00e3o ao programa de subven\u00e7\u00e3o\"}]},{\"@type\":\"WebSite\",\"@id\":\"https:\\\/\\\/ubirataonline.com.br\\\/#website\",\"url\":\"https:\\\/\\\/ubirataonline.com.br\\\/\",\"name\":\"Ubirat\u00e3 Online Not\u00edcias\",\"description\":\"Not\u00edcias de Ubirat\u00e3, regi\u00e3o, Brasil e mundo, com informa\u00e7\u00e3o atualizada e compromisso com o leitor.\",\"publisher\":{\"@id\":\"https:\\\/\\\/ubirataonline.com.br\\\/#organization\"},\"alternateName\":\"Ubirat\u00e3 Online\",\"potentialAction\":[{\"@type\":\"SearchAction\",\"target\":{\"@type\":\"EntryPoint\",\"urlTemplate\":\"https:\\\/\\\/ubirataonline.com.br\\\/?s={search_term_string}\"},\"query-input\":{\"@type\":\"PropertyValueSpecification\",\"valueRequired\":true,\"valueName\":\"search_term_string\"}}],\"inLanguage\":\"en-US\"},{\"@type\":[\"Organization\",\"Place\"],\"@id\":\"https:\\\/\\\/ubirataonline.com.br\\\/#organization\",\"name\":\"Ubirat\u00e3 Online Not\u00edcias\",\"alternateName\":\"Ubirat\u00e3 Online\",\"url\":\"https:\\\/\\\/ubirataonline.com.br\\\/\",\"logo\":{\"@id\":\"https:\\\/\\\/ubirataonline.com.br\\\/acelen-reduz-preco-da-gasolina-em-112-com-adesao-ao-programa-de-subvencao\\\/#local-main-organization-logo\"},\"image\":{\"@id\":\"https:\\\/\\\/ubirataonline.com.br\\\/acelen-reduz-preco-da-gasolina-em-112-com-adesao-ao-programa-de-subvencao\\\/#local-main-organization-logo\"},\"sameAs\":[\"https:\\\/\\\/www.facebook.com\\\/portalubirataonline\",\"https:\\\/\\\/x.com\\\/ubirataonline\",\"https:\\\/\\\/mastodon.social\\\/@ubirataonline\",\"https:\\\/\\\/www.facebook.com\\\/groups\\\/311144672285604\",\"https:\\\/\\\/www.facebook.com\\\/UBTAOnline\",\"https:\\\/\\\/www.instagram.com\\\/portalubirataonline\\\/\",\"https:\\\/\\\/twitter.com\\\/ubirataonline\"],\"description\":\"Somos um portal de not\u00edcias independente, criado em 5 de janeiro de 2009, com o objetivo de informar, conectar e valorizar a nossa comunidade de Ubirat\u00e3 e toda aregi\u00e3o. Com conte\u00fado atualizado, confi\u00e1vel e relevante, o Ubirat\u00e3 Online \u00e9 o seu espa\u00e7o para ficar por dentro dos principais acontecimentos locais, regionais, Brasil, Mundo e de interesse geral. Nosso compromisso \u00e9 com a verdade, a transpar\u00eancia e o respeito ao leitor.\",\"legalName\":\"UBIRATA ONLINE NOT\u00cdCIAS\",\"foundingDate\":\"2009-01-05\",\"numberOfEmployees\":{\"@type\":\"QuantitativeValue\",\"minValue\":\"1\",\"maxValue\":\"10\"},\"publishingPrinciples\":\"https:\\\/\\\/ubirataonline.com.br\\\/faq\\\/\",\"address\":{\"@id\":\"https:\\\/\\\/ubirataonline.com.br\\\/acelen-reduz-preco-da-gasolina-em-112-com-adesao-ao-programa-de-subvencao\\\/#local-main-place-address\"},\"geo\":{\"@type\":\"GeoCoordinates\",\"latitude\":\"-24.5361401\",\"longitude\":\"-52.9921776\"},\"telephone\":[\"+5544998308235\"],\"contactPoint\":{\"@type\":\"ContactPoint\",\"email\":\"contato@ubirataonline.com.br\"},\"openingHoursSpecification\":{\"@type\":\"OpeningHoursSpecification\",\"dayOfWeek\":[\"Monday\",\"Tuesday\",\"Wednesday\",\"Thursday\",\"Friday\",\"Saturday\",\"Sunday\"],\"opens\":\"00:00\",\"closes\":\"23:59\"},\"email\":\"contato@ubirataonline.com.br\",\"vatID\":\"47.621.418\\\/0001-80\"},{\"@type\":\"Person\",\"@id\":\"https:\\\/\\\/ubirataonline.com.br\\\/#\\\/schema\\\/person\\\/372f87bbd3fdd79b8556b84c98d0bc1c\",\"name\":\"REDA\u00c7\u00c3O: UBIRAT\u00c3 ONLINE - F\u00c1BIO AUGUSTO CELESTINO\",\"pronouns\":\"Ele\",\"description\":\"Desde 2003 trabalhando com not\u00edcias.\",\"sameAs\":[\"http:\\\/\\\/ubirataoline.com.br\",\"https:\\\/\\\/www.facebook.com\\\/portalubirataonline\",\"https:\\\/\\\/www.instagram.com\\\/ubirataonline_oficial\",\"https:\\\/\\\/x.com\\\/x.com\\\/ubirataonline\"],\"honorificPrefix\":\"Mr.\",\"honorificSuffix\":\"MD\",\"birthDate\":\"1980-06-16\",\"gender\":\"masculino\",\"award\":[\"V\u00e1rios pr\u00eamios de melhor portal da cidade\"],\"jobTitle\":\"Diretor\",\"url\":\"https:\\\/\\\/ubirataonline.com.br\\\/en\\\/author\\\/ubirataonline\\\/\"},{\"@type\":\"PostalAddress\",\"@id\":\"https:\\\/\\\/ubirataonline.com.br\\\/acelen-reduz-preco-da-gasolina-em-112-com-adesao-ao-programa-de-subvencao\\\/#local-main-place-address\",\"streetAddress\":\"Rua dos Coqueiros, 104 - Bairro Boa Vista, Rua dos Coqueiros, 104 Bairro Boa Vista\",\"addressLocality\":\"UBIRATA\",\"postalCode\":\"85440-000\",\"addressRegion\":\"PR\",\"addressCountry\":\"BR\"},{\"@type\":\"ImageObject\",\"inLanguage\":\"en-US\",\"@id\":\"https:\\\/\\\/ubirataonline.com.br\\\/acelen-reduz-preco-da-gasolina-em-112-com-adesao-ao-programa-de-subvencao\\\/#local-main-organization-logo\",\"url\":\"https:\\\/\\\/ubirataonline.com.br\\\/wp-content\\\/uploads\\\/2026\\\/06\\\/logoubirataonline-1.webp\",\"contentUrl\":\"https:\\\/\\\/ubirataonline.com.br\\\/wp-content\\\/uploads\\\/2026\\\/06\\\/logoubirataonline-1.webp\",\"width\":500,\"height\":500,\"caption\":\"Ubirat\u00e3 Online Not\u00edcias\"}]}<\/script>\n<meta name=\"geo.placename\" content=\"UBIRATA\" \/>\n<meta name=\"geo.position\" content=\"-24.5361401;-52.9921776\" \/>\n<meta name=\"geo.region\" content=\"Brazil\" \/>\n<!-- \/ Yoast SEO Premium plugin. -->","yoast_head_json":{"title":"Acelen reduz pre\u00e7o da gasolina em 11,2% com ades\u00e3o ao programa de subven\u00e7\u00e3o - Ubirat\u00e3 Online Not\u00edcias - A realidade ao seu alcance!","description":"A Acelen anunciou redu\u00e7\u00e3o significativa no pre\u00e7o da gasolina, de cerca de 11,2%, em rela\u00e7\u00e3o \u00e0 semana anterior, ap\u00f3s aderir ao programa de subven\u00e7\u00e3o","robots":{"index":"index","follow":"follow","max-snippet":"max-snippet:-1","max-image-preview":"max-image-preview:large","max-video-preview":"max-video-preview:-1"},"canonical":"https:\/\/ubirataonline.com.br\/en\/acelen-reduz-preco-da-gasolina-em-112-com-adesao-ao-programa-de-subvencao\/","og_locale":"en_US","og_type":"article","og_title":"Acelen reduz pre\u00e7o da gasolina em 11,2% com ades\u00e3o ao programa de subven\u00e7\u00e3o","og_description":"A Acelen anunciou redu\u00e7\u00e3o significativa no pre\u00e7o da gasolina, de cerca de 11,2%, em rela\u00e7\u00e3o \u00e0 semana anterior, ap\u00f3s aderir ao programa de subven\u00e7\u00e3o","og_url":"https:\/\/ubirataonline.com.br\/en\/acelen-reduz-preco-da-gasolina-em-112-com-adesao-ao-programa-de-subvencao\/","og_site_name":"Ubirat\u00e3 Online Not\u00edcias - A realidade ao seu alcance!","article_publisher":"https:\/\/www.facebook.com\/portalubirataonline","article_author":"https:\/\/www.facebook.com\/portalubirataonline","article_published_time":"2026-08-13T17:05:50+00:00","og_image":[{"width":1531,"height":418,"url":"https:\/\/ubirataonline.com.br\/wp-content\/uploads\/2026\/05\/logo2026.webp","type":"image\/webp"}],"author":"REDA\u00c7\u00c3O: UBIRAT\u00c3 ONLINE - F\u00c1BIO AUGUSTO CELESTINO","twitter_card":"summary_large_image","twitter_creator":"@x.com\/ubirataonline","twitter_site":"@ubirataonline","twitter_misc":{"Written by":"REDA\u00c7\u00c3O: UBIRAT\u00c3 ONLINE - F\u00c1BIO AUGUSTO CELESTINO","Est. reading time":"2 minutes"},"schema":{"@context":"https:\/\/schema.org","@graph":[{"@type":"NewsArticle","@id":"https:\/\/ubirataonline.com.br\/acelen-reduz-preco-da-gasolina-em-112-com-adesao-ao-programa-de-subvencao\/#article","isPartOf":{"@id":"https:\/\/ubirataonline.com.br\/acelen-reduz-preco-da-gasolina-em-112-com-adesao-ao-programa-de-subvencao\/"},"author":{"name":"REDA\u00c7\u00c3O: UBIRAT\u00c3 ONLINE - F\u00c1BIO AUGUSTO CELESTINO","@id":"https:\/\/ubirataonline.com.br\/#\/schema\/person\/372f87bbd3fdd79b8556b84c98d0bc1c"},"headline":"Acelen reduz pre\u00e7o da gasolina em 11,2% com ades\u00e3o ao programa de subven\u00e7\u00e3o","datePublished":"2026-08-13T17:05:50+00:00","mainEntityOfPage":{"@id":"https:\/\/ubirataonline.com.br\/acelen-reduz-preco-da-gasolina-em-112-com-adesao-ao-programa-de-subvencao\/"},"wordCount":478,"publisher":{"@id":"https:\/\/ubirataonline.com.br\/#organization"},"articleSection":["Paran\u00e1"],"inLanguage":"en-US","copyrightYear":"2026","copyrightHolder":{"@id":"https:\/\/ubirataonline.com.br\/en\/#organization"}},{"@type":"WebPage","@id":"https:\/\/ubirataonline.com.br\/acelen-reduz-preco-da-gasolina-em-112-com-adesao-ao-programa-de-subvencao\/","url":"https:\/\/ubirataonline.com.br\/acelen-reduz-preco-da-gasolina-em-112-com-adesao-ao-programa-de-subvencao\/","name":"Acelen reduz pre\u00e7o da gasolina em 11,2% com ades\u00e3o ao programa de subven\u00e7\u00e3o - Ubirat\u00e3 Online Not\u00edcias - A realidade ao seu alcance!","isPartOf":{"@id":"https:\/\/ubirataonline.com.br\/#website"},"datePublished":"2026-08-13T17:05:50+00:00","description":"A Acelen anunciou redu\u00e7\u00e3o significativa no pre\u00e7o da gasolina, de cerca de 11,2%, em rela\u00e7\u00e3o \u00e0 semana anterior, ap\u00f3s aderir ao programa de subven\u00e7\u00e3o","breadcrumb":{"@id":"https:\/\/ubirataonline.com.br\/acelen-reduz-preco-da-gasolina-em-112-com-adesao-ao-programa-de-subvencao\/#breadcrumb"},"inLanguage":"en-US","potentialAction":[{"@type":"ReadAction","target":["https:\/\/ubirataonline.com.br\/acelen-reduz-preco-da-gasolina-em-112-com-adesao-ao-programa-de-subvencao\/"]}]},{"@type":"BreadcrumbList","@id":"https:\/\/ubirataonline.com.br\/acelen-reduz-preco-da-gasolina-em-112-com-adesao-ao-programa-de-subvencao\/#breadcrumb","itemListElement":[{"@type":"ListItem","position":1,"name":"In\u00edcio","item":"https:\/\/ubirataonline.com.br\/"},{"@type":"ListItem","position":2,"name":"Acelen reduz pre\u00e7o da gasolina em 11,2% com ades\u00e3o ao programa de subven\u00e7\u00e3o"}]},{"@type":"WebSite","@id":"https:\/\/ubirataonline.com.br\/#website","url":"https:\/\/ubirataonline.com.br\/","name":"Ubirat\u00e3 Online Not\u00edcias","description":"Not\u00edcias de Ubirat\u00e3, regi\u00e3o, Brasil e mundo, com informa\u00e7\u00e3o atualizada e compromisso com o leitor.","publisher":{"@id":"https:\/\/ubirataonline.com.br\/#organization"},"alternateName":"Ubirat\u00e3 Online","potentialAction":[{"@type":"SearchAction","target":{"@type":"EntryPoint","urlTemplate":"https:\/\/ubirataonline.com.br\/?s={search_term_string}"},"query-input":{"@type":"PropertyValueSpecification","valueRequired":true,"valueName":"search_term_string"}}],"inLanguage":"en-US"},{"@type":["Organization","Place"],"@id":"https:\/\/ubirataonline.com.br\/#organization","name":"Ubirat\u00e3 Online Not\u00edcias","alternateName":"Ubirat\u00e3 Online","url":"https:\/\/ubirataonline.com.br\/","logo":{"@id":"https:\/\/ubirataonline.com.br\/acelen-reduz-preco-da-gasolina-em-112-com-adesao-ao-programa-de-subvencao\/#local-main-organization-logo"},"image":{"@id":"https:\/\/ubirataonline.com.br\/acelen-reduz-preco-da-gasolina-em-112-com-adesao-ao-programa-de-subvencao\/#local-main-organization-logo"},"sameAs":["https:\/\/www.facebook.com\/portalubirataonline","https:\/\/x.com\/ubirataonline","https:\/\/mastodon.social\/@ubirataonline","https:\/\/www.facebook.com\/groups\/311144672285604","https:\/\/www.facebook.com\/UBTAOnline","https:\/\/www.instagram.com\/portalubirataonline\/","https:\/\/twitter.com\/ubirataonline"],"description":"Somos um portal de not\u00edcias independente, criado em 5 de janeiro de 2009, com o objetivo de informar, conectar e valorizar a nossa comunidade de Ubirat\u00e3 e toda aregi\u00e3o. Com conte\u00fado atualizado, confi\u00e1vel e relevante, o Ubirat\u00e3 Online \u00e9 o seu espa\u00e7o para ficar por dentro dos principais acontecimentos locais, regionais, Brasil, Mundo e de interesse geral. Nosso compromisso \u00e9 com a verdade, a transpar\u00eancia e o respeito ao leitor.","legalName":"UBIRATA ONLINE NOT\u00cdCIAS","foundingDate":"2009-01-05","numberOfEmployees":{"@type":"QuantitativeValue","minValue":"1","maxValue":"10"},"publishingPrinciples":"https:\/\/ubirataonline.com.br\/faq\/","address":{"@id":"https:\/\/ubirataonline.com.br\/acelen-reduz-preco-da-gasolina-em-112-com-adesao-ao-programa-de-subvencao\/#local-main-place-address"},"geo":{"@type":"GeoCoordinates","latitude":"-24.5361401","longitude":"-52.9921776"},"telephone":["+5544998308235"],"contactPoint":{"@type":"ContactPoint","email":"contato@ubirataonline.com.br"},"openingHoursSpecification":{"@type":"OpeningHoursSpecification","dayOfWeek":["Monday","Tuesday","Wednesday","Thursday","Friday","Saturday","Sunday"],"opens":"00:00","closes":"23:59"},"email":"contato@ubirataonline.com.br","vatID":"47.621.418\/0001-80"},{"@type":"Person","@id":"https:\/\/ubirataonline.com.br\/#\/schema\/person\/372f87bbd3fdd79b8556b84c98d0bc1c","name":"REDA\u00c7\u00c3O: UBIRAT\u00c3 ONLINE - F\u00c1BIO AUGUSTO CELESTINO","pronouns":"Ele","description":"Desde 2003 trabalhando com not\u00edcias.","sameAs":["http:\/\/ubirataoline.com.br","https:\/\/www.facebook.com\/portalubirataonline","https:\/\/www.instagram.com\/ubirataonline_oficial","https:\/\/x.com\/x.com\/ubirataonline"],"honorificPrefix":"Mr.","honorificSuffix":"MD","birthDate":"1980-06-16","gender":"masculino","award":["V\u00e1rios pr\u00eamios de melhor portal da cidade"],"jobTitle":"Diretor","url":"https:\/\/ubirataonline.com.br\/en\/author\/ubirataonline\/"},{"@type":"PostalAddress","@id":"https:\/\/ubirataonline.com.br\/acelen-reduz-preco-da-gasolina-em-112-com-adesao-ao-programa-de-subvencao\/#local-main-place-address","streetAddress":"Rua dos Coqueiros, 104 - Bairro Boa Vista, Rua dos Coqueiros, 104 Bairro Boa Vista","addressLocality":"UBIRATA","postalCode":"85440-000","addressRegion":"PR","addressCountry":"BR"},{"@type":"ImageObject","inLanguage":"en-US","@id":"https:\/\/ubirataonline.com.br\/acelen-reduz-preco-da-gasolina-em-112-com-adesao-ao-programa-de-subvencao\/#local-main-organization-logo","url":"https:\/\/ubirataonline.com.br\/wp-content\/uploads\/2026\/06\/logoubirataonline-1.webp","contentUrl":"https:\/\/ubirataonline.com.br\/wp-content\/uploads\/2026\/06\/logoubirataonline-1.webp","width":500,"height":500,"caption":"Ubirat\u00e3 Online Not\u00edcias"}]},"geo.placename":"UBIRATA","geo.position":{"lat":"-24.5361401","long":"-52.9921776"},"geo.region":"Brazil"},"_links":{"self":[{"href":"https:\/\/ubirataonline.com.br\/en\/wp-json\/wp\/v2\/posts\/165137","targetHints":{"allow":["GET"]}}],"collection":[{"href":"https:\/\/ubirataonline.com.br\/en\/wp-json\/wp\/v2\/posts"}],"about":[{"href":"https:\/\/ubirataonline.com.br\/en\/wp-json\/wp\/v2\/types\/post"}],"author":[{"embeddable":true,"href":"https:\/\/ubirataonline.com.br\/en\/wp-json\/wp\/v2\/users\/1"}],"replies":[{"embeddable":true,"href":"https:\/\/ubirataonline.com.br\/en\/wp-json\/wp\/v2\/comments?post=165137"}],"version-history":[{"count":0,"href":"https:\/\/ubirataonline.com.br\/en\/wp-json\/wp\/v2\/posts\/165137\/revisions"}],"wp:attachment":[{"href":"https:\/\/ubirataonline.com.br\/en\/wp-json\/wp\/v2\/media?parent=165137"}],"wp:term":[{"taxonomy":"category","embeddable":true,"href":"https:\/\/ubirataonline.com.br\/en\/wp-json\/wp\/v2\/categories?post=165137"},{"taxonomy":"post_tag","embeddable":true,"href":"https:\/\/ubirataonline.com.br\/en\/wp-json\/wp\/v2\/tags?post=165137"}],"curies":[{"name":"wp","href":"https:\/\/api.w.org\/{rel}","templated":true}]}}