{"id":165455,"date":"2026-08-14T16:40:38","date_gmt":"2026-08-14T19:40:38","guid":{"rendered":"https:\/\/ubirataonline.com.br\/alerta-sobre-sarampo-nas-americas-reforca-importancia-de-intensificar-vacinacao-no-brasil-ministerio-da-saude\/"},"modified":"2026-08-14T16:40:40","modified_gmt":"2026-08-14T19:40:40","slug":"alerta-sobre-sarampo-nas-americas-reforca-importancia-de-intensificar-vacinacao-no-brasil-ministerio-da-saude","status":"publish","type":"post","link":"https:\/\/ubirataonline.com.br\/en\/alerta-sobre-sarampo-nas-americas-reforca-importancia-de-intensificar-vacinacao-no-brasil-ministerio-da-saude\/","title":{"rendered":"Alerta sobre sarampo nas Am\u00e9ricas refor\u00e7a import\u00e2ncia de intensificar vacina\u00e7\u00e3o no Brasil \u2014 Minist\u00e9rio da Sa\u00fade"},"content":{"rendered":"<p><\/p>\n<div property=\"rnews:articleBody\">\n<p dir=\"ltr\"><span>O avan\u00e7o do <a class=\"external-link\" href=\"https:\/\/www.gov.br\/saude\/pt-br\/assuntos\/saude-de-a-a-z\/s\/sarampo\" target=\"_self\" title=\"\" data-tippreview-enabled=\"false\" data-tippreview-image=\"\" data-tippreview-title=\"\">sarampo<\/a> nas Am\u00e9ricas refor\u00e7a a import\u00e2ncia de manter a vacina\u00e7\u00e3o em dia, especialmente entre crian\u00e7as e adolescentes. Em alerta epidemiol\u00f3gico divulgado em 7 de agosto, a <a class=\"external-link\" href=\"https:\/\/www.gov.br\/saude\/pt-br\/acesso-a-informacao\/gestao-do-sus\/cooperacao-em-saude\/parceiros\/opas-oms\" target=\"_self\" title=\"\" data-tippreview-enabled=\"false\" data-tippreview-image=\"\" data-tippreview-title=\"\">Organiza\u00e7\u00e3o Pan-Americana da Sa\u00fade (OPAS)<\/a> aponta que a Regi\u00e3o das Am\u00e9ricas registra, em 2026, o maior n\u00famero de casos confirmados de sarampo dos \u00faltimos 22 anos e mant\u00e9m risco muito alto para a sa\u00fade p\u00fablica devido \u00e0 ocorr\u00eancia de surtos ativos. Diante desse cen\u00e1rio, a organiza\u00e7\u00e3o recomenda o fortalecimento da vacina\u00e7\u00e3o, da vigil\u00e2ncia epidemiol\u00f3gica e da resposta r\u00e1pida aos casos.\u00a0<\/span><\/p>\n<p dir=\"ltr\"><span>A situa\u00e7\u00e3o refor\u00e7a a import\u00e2ncia da Campanha de Multivacina\u00e7\u00e3o do Minist\u00e9rio da Sa\u00fade, que segue at\u00e9 1\u00ba de setembro em todo o pa\u00eds. A estrat\u00e9gia \u00e9 voltada para crian\u00e7as e adolescentes menores de 15 anos e oferece a oportunidade de verificar a caderneta e atualizar as doses que estiverem em atraso, incluindo a prote\u00e7\u00e3o contra o sarampo.\u00a0<\/span><\/p>\n<p dir=\"ltr\"><span>O sarampo \u00e9 uma doen\u00e7a altamente contagiosa e a circula\u00e7\u00e3o do v\u00edrus em outros pa\u00edses aumenta a possibilidade de importa\u00e7\u00e3o de casos. No Brasil, o Minist\u00e9rio da Sa\u00fade mant\u00e9m a\u00e7\u00f5es de vigil\u00e2ncia e vacina\u00e7\u00e3o para evitar a reintrodu\u00e7\u00e3o e a transmiss\u00e3o sustentada da doen\u00e7a. O pa\u00eds recebeu, em novembro de 2024, a recertifica\u00e7\u00e3o da elimina\u00e7\u00e3o da circula\u00e7\u00e3o end\u00eamica do sarampo pela OPAS e mant\u00e9m esse status.\u00a0\u00a0<\/span><\/p>\n<p dir=\"ltr\"><span>Em 2025, as Am\u00e9ricas j\u00e1 haviam registrado 14.891 casos confirmados de sarampo e 29 mortes, n\u00famero 32 vezes maior que o registrado em 2024. O total de 2025 foi o maior na regi\u00e3o desde 2019, quando foram registrados 23.269 casos. Em 2026, o cen\u00e1rio se agravou: at\u00e9 13 de junho, eram 22.324 casos confirmados em 17 pa\u00edses e territ\u00f3rios, com 38 \u00f3bitos. M\u00e9xico, Guatemala, Estados Unidos e Canad\u00e1 concentram 97% dos casos.\u00a0<\/span><\/p>\n<p dir=\"ltr\"><span>No Brasil, em 2026, at\u00e9 o momento, h\u00e1 registro de 24 casos de sarampo, relacionados \u00e0 importa\u00e7\u00e3o do v\u00edrus. Tr\u00eas foram encerrados sem risco de dissemina\u00e7\u00e3o e 21 permanecem em acompanhamento em S\u00e3o Paulo: um em Guarulhos, dois em S\u00e3o Bernardo do Campo e 18 na capital.\u00a0<\/span><\/p>\n<p dir=\"ltr\"><strong>Vacina\u00e7\u00e3o \u00e9 a principal forma de preven\u00e7\u00e3o\u00a0<\/strong><\/p>\n<p dir=\"ltr\"><span>Diante da identifica\u00e7\u00e3o de casos no Brasil, o Minist\u00e9rio da Sa\u00fade ampliou a estrat\u00e9gia de vacina\u00e7\u00e3o contra o sarampo nos munic\u00edpios de S\u00e3o Paulo, Guarulhos e S\u00e3o Bernardo do Campo. Nessas localidades, a orienta\u00e7\u00e3o \u00e9 vacinar, de forma indiscriminada, pessoas de 6 meses a 59 anos durante a campanha, conforme as recomenda\u00e7\u00f5es espec\u00edficas para cada faixa et\u00e1ria. Em S\u00e3o Paulo, 3,2 milh\u00f5es de doses da vacina tr\u00edplice viral foram destinadas ao refor\u00e7o do abastecimento, garantindo a continuidade da a\u00e7\u00e3o de bloqueio vacinal.\u00a0<\/span><\/p>\n<p dir=\"ltr\"><span>Para crian\u00e7as de 6 a 11 meses, a vacina contra o sarampo \u00e9 administrada como dose zero, adicional e que n\u00e3o substitui as doses previstas na rotina aos 12 e 15 meses. Para as demais idades, a necessidade de vacina\u00e7\u00e3o \u00e9 verificada pelos profissionais de sa\u00fade de acordo com a idade e o hist\u00f3rico vacinal.\u00a0<\/span><\/p>\n<p dir=\"ltr\"><span>A vacina <a class=\"external-link\" href=\"https:\/\/www.gov.br\/saude\/pt-br\/assuntos\/saude-de-a-a-z\/t\/triplice-viral\" target=\"_self\" title=\"\" data-tippreview-enabled=\"false\" data-tippreview-image=\"\" data-tippreview-title=\"\">tr\u00edplice viral<\/a>, que protege contra <a class=\"external-link\" href=\"https:\/\/www.gov.br\/saude\/pt-br\/assuntos\/saude-de-a-a-z\/s\/sarampo\" target=\"_self\" title=\"\" data-tippreview-enabled=\"false\" data-tippreview-image=\"\" data-tippreview-title=\"\">sarampo<\/a>, <a class=\"external-link\" href=\"https:\/\/www.gov.br\/saude\/pt-br\/assuntos\/saude-de-a-a-z\/c\/caxumba\" target=\"_self\" title=\"\" data-tippreview-enabled=\"false\" data-tippreview-image=\"\" data-tippreview-title=\"\">caxumba<\/a> e <a class=\"external-link\" href=\"https:\/\/www.gov.br\/saude\/pt-br\/assuntos\/saude-de-a-a-z\/r\/rubeola\" target=\"_self\" title=\"\" data-tippreview-enabled=\"false\" data-tippreview-image=\"\" data-tippreview-title=\"\">rub\u00e9ola<\/a>, est\u00e1 dispon\u00edvel gratuitamente no <a target=\"_self\" title=\"\" data-tippreview-image=\"\" href=\"https:\/\/www.gov.br\/saude\/pt-br\/sus\" data-tippreview-title=\"\" class=\"internal-link\" data-tippreview-enabled=\"false\">Sistema \u00danico de Sa\u00fade (SUS)<\/a>. A manuten\u00e7\u00e3o de altas coberturas vacinais \u00e9 fundamental para reduzir a circula\u00e7\u00e3o do v\u00edrus e proteger tamb\u00e9m pessoas que n\u00e3o podem ser vacinadas por determinadas condi\u00e7\u00f5es de sa\u00fade.\u00a0<\/span><\/p>\n<p dir=\"ltr\"><span>A estrat\u00e9gia contra o sarampo integra uma mobiliza\u00e7\u00e3o mais ampla. Al\u00e9m da tr\u00edplice viral, a Multivacina\u00e7\u00e3o contempla vacinas que protegem contra doen\u00e7as como poliomielite, meningites, pneumonias, coqueluche, febre amarela, influenza, covid-19, HPV e dengue, entre outras. A campanha tamb\u00e9m marca a primeira edi\u00e7\u00e3o da Multivacina\u00e7\u00e3o com a vacina pneumoc\u00f3cica 20-valente (Pneumo 20), incorporada neste ano ao <a class=\"external-link\" href=\"https:\/\/www.gov.br\/saude\/pt-br\/vacinacao\/calendario\" target=\"_self\" title=\"\" data-tippreview-enabled=\"false\" data-tippreview-image=\"\" data-tippreview-title=\"\">Calend\u00e1rio Nacional de Vacina\u00e7\u00e3o.<\/a>\u00a0<\/span><\/p>\n<p dir=\"ltr\"><span>A recomenda\u00e7\u00e3o do Minist\u00e9rio da Sa\u00fade \u00e9 que pais e respons\u00e1veis aproveitem a Campanha de Multivacina\u00e7\u00e3o para levar crian\u00e7as e adolescentes a uma unidade de sa\u00fade e conferir a situa\u00e7\u00e3o vacinal.\u00a0 A estrat\u00e9gia tamb\u00e9m \u00e9 uma oportunidade para ampliar a prote\u00e7\u00e3o contra doen\u00e7as que podem voltar a circular quando h\u00e1 queda nas coberturas vacinais. O Dia D de Mobiliza\u00e7\u00e3o Nacional ser\u00e1 realizado em 22 de agosto, com a\u00e7\u00f5es de vacina\u00e7\u00e3o em todo o pa\u00eds.\u00a0<\/span><\/p>\n<p dir=\"ltr\"><span\/><strong>Brasil mant\u00e9m vigil\u00e2ncia e refor\u00e7a vacina\u00e7\u00e3o\u00a0<\/strong><\/p>\n<p dir=\"ltr\"><span>O Minist\u00e9rio da Sa\u00fade acompanha continuamente a situa\u00e7\u00e3o epidemiol\u00f3gica do sarampo no Brasil e nas Am\u00e9ricas e orienta estados e munic\u00edpios sobre medidas de vigil\u00e2ncia, investiga\u00e7\u00e3o de casos e vacina\u00e7\u00e3o. A pasta tamb\u00e9m tem intensificado estrat\u00e9gias para alcan\u00e7ar pessoas n\u00e3o vacinadas ou com doses em atraso.\u00a0<\/span><\/p>\n<p dir=\"ltr\"><span>A recomenda\u00e7\u00e3o \u00e9 simples: quem tem crian\u00e7a ou adolescente em casa deve conferir a caderneta e procurar uma unidade de sa\u00fade para colocar a vacina\u00e7\u00e3o em dia. Manter as vacinas atualizadas \u00e9 uma das principais medidas para proteger a popula\u00e7\u00e3o e impedir que doen\u00e7as controladas ou eliminadas voltem a se espalhar.\u00a0<\/span><\/p>\n<p dir=\"ltr\"><span>\u00a0<\/span><em>Minist\u00e9rio da Sa\u00fade<\/em><span><br \/><\/span><\/p>\n<\/div>\n<p><script type=\"text\">\n    (function() {\n        var po = document.createElement('script');\n        po.async = true;\n        po.src = document.location.protocol + '\/\/connect.facebook.net\/pt_BR\/all.js#xfbml=1';\n        var head = document.getElementsByTagName('head')[0];\n        head.appendChild(po);\n    }());\n    <\/script><\/p>\n<p><a href=\"https:\/\/ubirataonline.com.br\/noticias\/\" target=\"_blank\" rel=\"noopener noreferrer\">Mais Not\u00edcias<\/a><\/p>\n<p><a href=\"https:\/\/ubirataonline.com.br\" target=\"_blank\" rel=\"noopener noreferrer\">Home Page &#8211; In\u00edcio<\/a><\/p>\n<p><a href=\"https:\/\/www.gov.br\/saude\/pt-br\/assuntos\/noticias-ms\/2026\/agosto\/alerta-sobre-sarampo-nas-americas-reforca-importancia-de-intensificar-vacinacao-no-brasil\">Fonte do Artigo <\/a><br \/>\nSee more: <a href=\"https:\/\/theglobaltrack.com\/\" target=\"_blank\" rel=\"noopener noreferrer\">The Global Track<\/a><\/p>\n<p><a href=\"https:\/\/corinthiames.com.br\/\" target=\"_blank\" rel=\"noopener noreferrer\">Corinthia Mes<\/a><\/p>\n","protected":false},"excerpt":{"rendered":"<p>O avan\u00e7o do sarampo nas Am\u00e9ricas refor\u00e7a a import\u00e2ncia de manter a vacina\u00e7\u00e3o em dia, especialmente entre crian\u00e7as e adolescentes. Em alerta epidemiol\u00f3gico divulgado em 7 de agosto, a Organiza\u00e7\u00e3o Pan-Americana da Sa\u00fade (OPAS) aponta que a Regi\u00e3o das Am\u00e9ricas registra, em 2026, o maior n\u00famero de casos confirmados de sarampo dos \u00faltimos 22 anos [&hellip;]<\/p>\n","protected":false},"author":1,"featured_media":165456,"comment_status":"closed","ping_status":"","sticky":false,"template":"","format":"standard","meta":{"googlesitekit_rrm_CAow2JLhCw:productID":"","_gspb_post_css":"","maa_idioma":"","maa_pais":"","footnotes":""},"categories":[4],"tags":[231,6237,272,14150,15605,3438,3840,6481,17640,78,3203,15567],"class_list":["post-165455","post","type-post","status-publish","format-standard","has-post-thumbnail","hentry","category-brasil","tag-alerta","tag-americas","tag-brasil","tag-importancia","tag-intensificar","tag-ministerio","tag-nas","tag-reforca","tag-sarampo","tag-saude","tag-sobre","tag-vacinacao"],"blocksy_meta":[],"yoast_head":"<!-- This site is optimized with the Yoast SEO Premium plugin v27.6 (Yoast SEO v27.6) - https:\/\/yoast.com\/product\/yoast-seo-premium-wordpress\/ -->\n<title>Alerta sobre sarampo nas Am\u00e9ricas refor\u00e7a import\u00e2ncia de intensificar vacina\u00e7\u00e3o no Brasil \u2014 Minist\u00e9rio da Sa\u00fade - Ubirat\u00e3 Online Not\u00edcias - A realidade ao seu alcance!<\/title>\n<meta name=\"description\" content=\"Campanha de multivacina\u00e7\u00e3o segue at\u00e9 1\u00ba de setembro e \u00e9 oportunidade para atualizar a caderneta de crian\u00e7as e adolescentes menores de 15 anos\" \/>\n<meta name=\"robots\" content=\"index, follow, max-snippet:-1, max-image-preview:large, max-video-preview:-1\" \/>\n<link rel=\"canonical\" href=\"https:\/\/ubirataonline.com.br\/en\/alerta-sobre-sarampo-nas-americas-reforca-importancia-de-intensificar-vacinacao-no-brasil-ministerio-da-saude\/\" \/>\n<meta property=\"og:locale\" content=\"en_US\" \/>\n<meta property=\"og:type\" content=\"article\" \/>\n<meta property=\"og:title\" content=\"Alerta sobre sarampo nas Am\u00e9ricas refor\u00e7a import\u00e2ncia de intensificar vacina\u00e7\u00e3o no Brasil \u2014 Minist\u00e9rio da Sa\u00fade\" \/>\n<meta property=\"og:description\" content=\"Campanha de multivacina\u00e7\u00e3o segue at\u00e9 1\u00ba de setembro e \u00e9 oportunidade para atualizar a caderneta de crian\u00e7as e adolescentes menores de 15 anos\" \/>\n<meta property=\"og:url\" content=\"https:\/\/ubirataonline.com.br\/en\/alerta-sobre-sarampo-nas-americas-reforca-importancia-de-intensificar-vacinacao-no-brasil-ministerio-da-saude\/\" \/>\n<meta property=\"og:site_name\" content=\"Ubirat\u00e3 Online Not\u00edcias - A realidade ao seu alcance!\" \/>\n<meta property=\"article:publisher\" content=\"https:\/\/www.facebook.com\/portalubirataonline\" \/>\n<meta property=\"article:author\" content=\"https:\/\/www.facebook.com\/portalubirataonline\" \/>\n<meta property=\"article:published_time\" content=\"2026-08-14T19:40:38+00:00\" \/>\n<meta property=\"article:modified_time\" content=\"2026-08-14T19:40:40+00:00\" \/>\n<meta property=\"og:image\" content=\"https:\/\/ubirataonline.com.br\/wp-content\/uploads\/2026\/08\/Alerta-sobre-sarampo-nas-Americas-reforca-importancia-de-intensificar-vacinacao.jpeg\" \/>\n\t<meta property=\"og:image:width\" content=\"768\" \/>\n\t<meta property=\"og:image:height\" content=\"354\" \/>\n\t<meta property=\"og:image:type\" content=\"image\/jpeg\" \/>\n<meta name=\"author\" content=\"REDA\u00c7\u00c3O: UBIRAT\u00c3 ONLINE - F\u00c1BIO AUGUSTO CELESTINO\" \/>\n<meta name=\"twitter:card\" content=\"summary_large_image\" \/>\n<meta name=\"twitter:creator\" content=\"@x.com\/ubirataonline\" \/>\n<meta name=\"twitter:site\" content=\"@ubirataonline\" \/>\n<meta name=\"twitter:label1\" content=\"Written by\" \/>\n\t<meta name=\"twitter:data1\" content=\"REDA\u00c7\u00c3O: UBIRAT\u00c3 ONLINE - F\u00c1BIO AUGUSTO CELESTINO\" \/>\n\t<meta name=\"twitter:label2\" content=\"Est. reading time\" \/>\n\t<meta name=\"twitter:data2\" content=\"4 minutes\" \/>\n<script type=\"application\/ld+json\" class=\"yoast-schema-graph\">{\"@context\":\"https:\\\/\\\/schema.org\",\"@graph\":[{\"@type\":\"NewsArticle\",\"@id\":\"https:\\\/\\\/ubirataonline.com.br\\\/alerta-sobre-sarampo-nas-americas-reforca-importancia-de-intensificar-vacinacao-no-brasil-ministerio-da-saude\\\/#article\",\"isPartOf\":{\"@id\":\"https:\\\/\\\/ubirataonline.com.br\\\/alerta-sobre-sarampo-nas-americas-reforca-importancia-de-intensificar-vacinacao-no-brasil-ministerio-da-saude\\\/\"},\"author\":{\"name\":\"REDA\u00c7\u00c3O: UBIRAT\u00c3 ONLINE - F\u00c1BIO AUGUSTO CELESTINO\",\"@id\":\"https:\\\/\\\/ubirataonline.com.br\\\/#\\\/schema\\\/person\\\/372f87bbd3fdd79b8556b84c98d0bc1c\"},\"headline\":\"Alerta sobre sarampo nas Am\u00e9ricas refor\u00e7a import\u00e2ncia de intensificar vacina\u00e7\u00e3o no Brasil \u2014 Minist\u00e9rio da Sa\u00fade\",\"datePublished\":\"2026-08-14T19:40:38+00:00\",\"dateModified\":\"2026-08-14T19:40:40+00:00\",\"mainEntityOfPage\":{\"@id\":\"https:\\\/\\\/ubirataonline.com.br\\\/alerta-sobre-sarampo-nas-americas-reforca-importancia-de-intensificar-vacinacao-no-brasil-ministerio-da-saude\\\/\"},\"wordCount\":909,\"publisher\":{\"@id\":\"https:\\\/\\\/ubirataonline.com.br\\\/#organization\"},\"image\":{\"@id\":\"https:\\\/\\\/ubirataonline.com.br\\\/alerta-sobre-sarampo-nas-americas-reforca-importancia-de-intensificar-vacinacao-no-brasil-ministerio-da-saude\\\/#primaryimage\"},\"thumbnailUrl\":\"https:\\\/\\\/ubirataonline.com.br\\\/wp-content\\\/uploads\\\/2026\\\/08\\\/Alerta-sobre-sarampo-nas-Americas-reforca-importancia-de-intensificar-vacinacao.jpeg\",\"keywords\":[\"Alerta\",\"Americas\",\"Brasil\",\"import\u00e2ncia\",\"intensificar\",\"Minist\u00e9rio\",\"nas\",\"refor\u00e7a\",\"sarampo\",\"sa\u00fade\",\"sobre\",\"vacina\u00e7\u00e3o\"],\"articleSection\":[\"Brasil\"],\"inLanguage\":\"en-US\",\"copyrightYear\":\"2026\",\"copyrightHolder\":{\"@id\":\"https:\\\/\\\/ubirataonline.com.br\\\/en\\\/#organization\"}},{\"@type\":\"WebPage\",\"@id\":\"https:\\\/\\\/ubirataonline.com.br\\\/alerta-sobre-sarampo-nas-americas-reforca-importancia-de-intensificar-vacinacao-no-brasil-ministerio-da-saude\\\/\",\"url\":\"https:\\\/\\\/ubirataonline.com.br\\\/alerta-sobre-sarampo-nas-americas-reforca-importancia-de-intensificar-vacinacao-no-brasil-ministerio-da-saude\\\/\",\"name\":\"Alerta sobre sarampo nas Am\u00e9ricas refor\u00e7a import\u00e2ncia de intensificar vacina\u00e7\u00e3o no Brasil \u2014 Minist\u00e9rio da Sa\u00fade - Ubirat\u00e3 Online Not\u00edcias - A realidade ao seu alcance!\",\"isPartOf\":{\"@id\":\"https:\\\/\\\/ubirataonline.com.br\\\/#website\"},\"primaryImageOfPage\":{\"@id\":\"https:\\\/\\\/ubirataonline.com.br\\\/alerta-sobre-sarampo-nas-americas-reforca-importancia-de-intensificar-vacinacao-no-brasil-ministerio-da-saude\\\/#primaryimage\"},\"image\":{\"@id\":\"https:\\\/\\\/ubirataonline.com.br\\\/alerta-sobre-sarampo-nas-americas-reforca-importancia-de-intensificar-vacinacao-no-brasil-ministerio-da-saude\\\/#primaryimage\"},\"thumbnailUrl\":\"https:\\\/\\\/ubirataonline.com.br\\\/wp-content\\\/uploads\\\/2026\\\/08\\\/Alerta-sobre-sarampo-nas-Americas-reforca-importancia-de-intensificar-vacinacao.jpeg\",\"datePublished\":\"2026-08-14T19:40:38+00:00\",\"dateModified\":\"2026-08-14T19:40:40+00:00\",\"description\":\"Campanha de multivacina\u00e7\u00e3o segue at\u00e9 1\u00ba de setembro e \u00e9 oportunidade para atualizar a caderneta de crian\u00e7as e adolescentes menores de 15 anos\",\"breadcrumb\":{\"@id\":\"https:\\\/\\\/ubirataonline.com.br\\\/alerta-sobre-sarampo-nas-americas-reforca-importancia-de-intensificar-vacinacao-no-brasil-ministerio-da-saude\\\/#breadcrumb\"},\"inLanguage\":\"en-US\",\"potentialAction\":[{\"@type\":\"ReadAction\",\"target\":[\"https:\\\/\\\/ubirataonline.com.br\\\/alerta-sobre-sarampo-nas-americas-reforca-importancia-de-intensificar-vacinacao-no-brasil-ministerio-da-saude\\\/\"]}]},{\"@type\":\"ImageObject\",\"inLanguage\":\"en-US\",\"@id\":\"https:\\\/\\\/ubirataonline.com.br\\\/alerta-sobre-sarampo-nas-americas-reforca-importancia-de-intensificar-vacinacao-no-brasil-ministerio-da-saude\\\/#primaryimage\",\"url\":\"https:\\\/\\\/ubirataonline.com.br\\\/wp-content\\\/uploads\\\/2026\\\/08\\\/Alerta-sobre-sarampo-nas-Americas-reforca-importancia-de-intensificar-vacinacao.jpeg\",\"contentUrl\":\"https:\\\/\\\/ubirataonline.com.br\\\/wp-content\\\/uploads\\\/2026\\\/08\\\/Alerta-sobre-sarampo-nas-Americas-reforca-importancia-de-intensificar-vacinacao.jpeg\",\"width\":768,\"height\":354,\"caption\":\"Alerta sobre sarampo nas Am\u00e9ricas refor\u00e7a import\u00e2ncia de intensificar vacina\u00e7\u00e3o no Brasil \u2014 Minist\u00e9rio da Sa\u00fade\"},{\"@type\":\"BreadcrumbList\",\"@id\":\"https:\\\/\\\/ubirataonline.com.br\\\/alerta-sobre-sarampo-nas-americas-reforca-importancia-de-intensificar-vacinacao-no-brasil-ministerio-da-saude\\\/#breadcrumb\",\"itemListElement\":[{\"@type\":\"ListItem\",\"position\":1,\"name\":\"In\u00edcio\",\"item\":\"https:\\\/\\\/ubirataonline.com.br\\\/\"},{\"@type\":\"ListItem\",\"position\":2,\"name\":\"Alerta sobre sarampo nas Am\u00e9ricas refor\u00e7a import\u00e2ncia de intensificar vacina\u00e7\u00e3o no Brasil \u2014 Minist\u00e9rio da Sa\u00fade\"}]},{\"@type\":\"WebSite\",\"@id\":\"https:\\\/\\\/ubirataonline.com.br\\\/#website\",\"url\":\"https:\\\/\\\/ubirataonline.com.br\\\/\",\"name\":\"Ubirat\u00e3 Online Not\u00edcias\",\"description\":\"Not\u00edcias de Ubirat\u00e3, regi\u00e3o, Brasil e mundo, com informa\u00e7\u00e3o atualizada e compromisso com o leitor.\",\"publisher\":{\"@id\":\"https:\\\/\\\/ubirataonline.com.br\\\/#organization\"},\"alternateName\":\"Ubirat\u00e3 Online\",\"potentialAction\":[{\"@type\":\"SearchAction\",\"target\":{\"@type\":\"EntryPoint\",\"urlTemplate\":\"https:\\\/\\\/ubirataonline.com.br\\\/?s={search_term_string}\"},\"query-input\":{\"@type\":\"PropertyValueSpecification\",\"valueRequired\":true,\"valueName\":\"search_term_string\"}}],\"inLanguage\":\"en-US\"},{\"@type\":[\"Organization\",\"Place\"],\"@id\":\"https:\\\/\\\/ubirataonline.com.br\\\/#organization\",\"name\":\"Ubirat\u00e3 Online Not\u00edcias\",\"alternateName\":\"Ubirat\u00e3 Online\",\"url\":\"https:\\\/\\\/ubirataonline.com.br\\\/\",\"logo\":{\"@id\":\"https:\\\/\\\/ubirataonline.com.br\\\/alerta-sobre-sarampo-nas-americas-reforca-importancia-de-intensificar-vacinacao-no-brasil-ministerio-da-saude\\\/#local-main-organization-logo\"},\"image\":{\"@id\":\"https:\\\/\\\/ubirataonline.com.br\\\/alerta-sobre-sarampo-nas-americas-reforca-importancia-de-intensificar-vacinacao-no-brasil-ministerio-da-saude\\\/#local-main-organization-logo\"},\"sameAs\":[\"https:\\\/\\\/www.facebook.com\\\/portalubirataonline\",\"https:\\\/\\\/x.com\\\/ubirataonline\",\"https:\\\/\\\/mastodon.social\\\/@ubirataonline\",\"https:\\\/\\\/www.facebook.com\\\/groups\\\/311144672285604\",\"https:\\\/\\\/www.facebook.com\\\/UBTAOnline\",\"https:\\\/\\\/www.instagram.com\\\/portalubirataonline\\\/\",\"https:\\\/\\\/twitter.com\\\/ubirataonline\"],\"description\":\"Somos um portal de not\u00edcias independente, criado em 5 de janeiro de 2009, com o objetivo de informar, conectar e valorizar a nossa comunidade de Ubirat\u00e3 e toda aregi\u00e3o. Com conte\u00fado atualizado, confi\u00e1vel e relevante, o Ubirat\u00e3 Online \u00e9 o seu espa\u00e7o para ficar por dentro dos principais acontecimentos locais, regionais, Brasil, Mundo e de interesse geral. Nosso compromisso \u00e9 com a verdade, a transpar\u00eancia e o respeito ao leitor.\",\"legalName\":\"UBIRATA ONLINE NOT\u00cdCIAS\",\"foundingDate\":\"2009-01-05\",\"numberOfEmployees\":{\"@type\":\"QuantitativeValue\",\"minValue\":\"1\",\"maxValue\":\"10\"},\"publishingPrinciples\":\"https:\\\/\\\/ubirataonline.com.br\\\/faq\\\/\",\"address\":{\"@id\":\"https:\\\/\\\/ubirataonline.com.br\\\/alerta-sobre-sarampo-nas-americas-reforca-importancia-de-intensificar-vacinacao-no-brasil-ministerio-da-saude\\\/#local-main-place-address\"},\"geo\":{\"@type\":\"GeoCoordinates\",\"latitude\":\"-24.5361401\",\"longitude\":\"-52.9921776\"},\"telephone\":[\"+5544998308235\"],\"contactPoint\":{\"@type\":\"ContactPoint\",\"email\":\"contato@ubirataonline.com.br\"},\"openingHoursSpecification\":{\"@type\":\"OpeningHoursSpecification\",\"dayOfWeek\":[\"Monday\",\"Tuesday\",\"Wednesday\",\"Thursday\",\"Friday\",\"Saturday\",\"Sunday\"],\"opens\":\"00:00\",\"closes\":\"23:59\"},\"email\":\"contato@ubirataonline.com.br\",\"vatID\":\"47.621.418\\\/0001-80\"},{\"@type\":\"Person\",\"@id\":\"https:\\\/\\\/ubirataonline.com.br\\\/#\\\/schema\\\/person\\\/372f87bbd3fdd79b8556b84c98d0bc1c\",\"name\":\"REDA\u00c7\u00c3O: UBIRAT\u00c3 ONLINE - F\u00c1BIO AUGUSTO CELESTINO\",\"pronouns\":\"Ele\",\"description\":\"Desde 2003 trabalhando com not\u00edcias.\",\"sameAs\":[\"http:\\\/\\\/ubirataoline.com.br\",\"https:\\\/\\\/www.facebook.com\\\/portalubirataonline\",\"https:\\\/\\\/www.instagram.com\\\/ubirataonline_oficial\",\"https:\\\/\\\/x.com\\\/x.com\\\/ubirataonline\"],\"honorificPrefix\":\"Mr.\",\"honorificSuffix\":\"MD\",\"birthDate\":\"1980-06-16\",\"gender\":\"masculino\",\"award\":[\"V\u00e1rios pr\u00eamios de melhor portal da cidade\"],\"jobTitle\":\"Diretor\",\"url\":\"https:\\\/\\\/ubirataonline.com.br\\\/en\\\/author\\\/ubirataonline\\\/\"},{\"@type\":\"PostalAddress\",\"@id\":\"https:\\\/\\\/ubirataonline.com.br\\\/alerta-sobre-sarampo-nas-americas-reforca-importancia-de-intensificar-vacinacao-no-brasil-ministerio-da-saude\\\/#local-main-place-address\",\"streetAddress\":\"Rua dos Coqueiros, 104 - Bairro Boa Vista, Rua dos Coqueiros, 104 Bairro Boa Vista\",\"addressLocality\":\"UBIRATA\",\"postalCode\":\"85440-000\",\"addressRegion\":\"PR\",\"addressCountry\":\"BR\"},{\"@type\":\"ImageObject\",\"inLanguage\":\"en-US\",\"@id\":\"https:\\\/\\\/ubirataonline.com.br\\\/alerta-sobre-sarampo-nas-americas-reforca-importancia-de-intensificar-vacinacao-no-brasil-ministerio-da-saude\\\/#local-main-organization-logo\",\"url\":\"https:\\\/\\\/ubirataonline.com.br\\\/wp-content\\\/uploads\\\/2026\\\/06\\\/logoubirataonline-1.webp\",\"contentUrl\":\"https:\\\/\\\/ubirataonline.com.br\\\/wp-content\\\/uploads\\\/2026\\\/06\\\/logoubirataonline-1.webp\",\"width\":500,\"height\":500,\"caption\":\"Ubirat\u00e3 Online Not\u00edcias\"}]}<\/script>\n<meta name=\"geo.placename\" content=\"UBIRATA\" \/>\n<meta name=\"geo.position\" content=\"-24.5361401;-52.9921776\" \/>\n<meta name=\"geo.region\" content=\"Brazil\" \/>\n<!-- \/ Yoast SEO Premium plugin. -->","yoast_head_json":{"title":"Alerta sobre sarampo nas Am\u00e9ricas refor\u00e7a import\u00e2ncia de intensificar vacina\u00e7\u00e3o no Brasil \u2014 Minist\u00e9rio da Sa\u00fade - Ubirat\u00e3 Online Not\u00edcias - A realidade ao seu alcance!","description":"Campanha de multivacina\u00e7\u00e3o segue at\u00e9 1\u00ba de setembro e \u00e9 oportunidade para atualizar a caderneta de crian\u00e7as e adolescentes menores de 15 anos","robots":{"index":"index","follow":"follow","max-snippet":"max-snippet:-1","max-image-preview":"max-image-preview:large","max-video-preview":"max-video-preview:-1"},"canonical":"https:\/\/ubirataonline.com.br\/en\/alerta-sobre-sarampo-nas-americas-reforca-importancia-de-intensificar-vacinacao-no-brasil-ministerio-da-saude\/","og_locale":"en_US","og_type":"article","og_title":"Alerta sobre sarampo nas Am\u00e9ricas refor\u00e7a import\u00e2ncia de intensificar vacina\u00e7\u00e3o no Brasil \u2014 Minist\u00e9rio da Sa\u00fade","og_description":"Campanha de multivacina\u00e7\u00e3o segue at\u00e9 1\u00ba de setembro e \u00e9 oportunidade para atualizar a caderneta de crian\u00e7as e adolescentes menores de 15 anos","og_url":"https:\/\/ubirataonline.com.br\/en\/alerta-sobre-sarampo-nas-americas-reforca-importancia-de-intensificar-vacinacao-no-brasil-ministerio-da-saude\/","og_site_name":"Ubirat\u00e3 Online Not\u00edcias - A realidade ao seu alcance!","article_publisher":"https:\/\/www.facebook.com\/portalubirataonline","article_author":"https:\/\/www.facebook.com\/portalubirataonline","article_published_time":"2026-08-14T19:40:38+00:00","article_modified_time":"2026-08-14T19:40:40+00:00","og_image":[{"width":768,"height":354,"url":"https:\/\/ubirataonline.com.br\/wp-content\/uploads\/2026\/08\/Alerta-sobre-sarampo-nas-Americas-reforca-importancia-de-intensificar-vacinacao.jpeg","type":"image\/jpeg"}],"author":"REDA\u00c7\u00c3O: UBIRAT\u00c3 ONLINE - F\u00c1BIO AUGUSTO CELESTINO","twitter_card":"summary_large_image","twitter_creator":"@x.com\/ubirataonline","twitter_site":"@ubirataonline","twitter_misc":{"Written by":"REDA\u00c7\u00c3O: UBIRAT\u00c3 ONLINE - F\u00c1BIO AUGUSTO CELESTINO","Est. reading time":"4 minutes"},"schema":{"@context":"https:\/\/schema.org","@graph":[{"@type":"NewsArticle","@id":"https:\/\/ubirataonline.com.br\/alerta-sobre-sarampo-nas-americas-reforca-importancia-de-intensificar-vacinacao-no-brasil-ministerio-da-saude\/#article","isPartOf":{"@id":"https:\/\/ubirataonline.com.br\/alerta-sobre-sarampo-nas-americas-reforca-importancia-de-intensificar-vacinacao-no-brasil-ministerio-da-saude\/"},"author":{"name":"REDA\u00c7\u00c3O: UBIRAT\u00c3 ONLINE - F\u00c1BIO AUGUSTO CELESTINO","@id":"https:\/\/ubirataonline.com.br\/#\/schema\/person\/372f87bbd3fdd79b8556b84c98d0bc1c"},"headline":"Alerta sobre sarampo nas Am\u00e9ricas refor\u00e7a import\u00e2ncia de intensificar vacina\u00e7\u00e3o no Brasil \u2014 Minist\u00e9rio da Sa\u00fade","datePublished":"2026-08-14T19:40:38+00:00","dateModified":"2026-08-14T19:40:40+00:00","mainEntityOfPage":{"@id":"https:\/\/ubirataonline.com.br\/alerta-sobre-sarampo-nas-americas-reforca-importancia-de-intensificar-vacinacao-no-brasil-ministerio-da-saude\/"},"wordCount":909,"publisher":{"@id":"https:\/\/ubirataonline.com.br\/#organization"},"image":{"@id":"https:\/\/ubirataonline.com.br\/alerta-sobre-sarampo-nas-americas-reforca-importancia-de-intensificar-vacinacao-no-brasil-ministerio-da-saude\/#primaryimage"},"thumbnailUrl":"https:\/\/ubirataonline.com.br\/wp-content\/uploads\/2026\/08\/Alerta-sobre-sarampo-nas-Americas-reforca-importancia-de-intensificar-vacinacao.jpeg","keywords":["Alerta","Americas","Brasil","import\u00e2ncia","intensificar","Minist\u00e9rio","nas","refor\u00e7a","sarampo","sa\u00fade","sobre","vacina\u00e7\u00e3o"],"articleSection":["Brasil"],"inLanguage":"en-US","copyrightYear":"2026","copyrightHolder":{"@id":"https:\/\/ubirataonline.com.br\/en\/#organization"}},{"@type":"WebPage","@id":"https:\/\/ubirataonline.com.br\/alerta-sobre-sarampo-nas-americas-reforca-importancia-de-intensificar-vacinacao-no-brasil-ministerio-da-saude\/","url":"https:\/\/ubirataonline.com.br\/alerta-sobre-sarampo-nas-americas-reforca-importancia-de-intensificar-vacinacao-no-brasil-ministerio-da-saude\/","name":"Alerta sobre sarampo nas Am\u00e9ricas refor\u00e7a import\u00e2ncia de intensificar vacina\u00e7\u00e3o no Brasil \u2014 Minist\u00e9rio da Sa\u00fade - Ubirat\u00e3 Online Not\u00edcias - A realidade ao seu alcance!","isPartOf":{"@id":"https:\/\/ubirataonline.com.br\/#website"},"primaryImageOfPage":{"@id":"https:\/\/ubirataonline.com.br\/alerta-sobre-sarampo-nas-americas-reforca-importancia-de-intensificar-vacinacao-no-brasil-ministerio-da-saude\/#primaryimage"},"image":{"@id":"https:\/\/ubirataonline.com.br\/alerta-sobre-sarampo-nas-americas-reforca-importancia-de-intensificar-vacinacao-no-brasil-ministerio-da-saude\/#primaryimage"},"thumbnailUrl":"https:\/\/ubirataonline.com.br\/wp-content\/uploads\/2026\/08\/Alerta-sobre-sarampo-nas-Americas-reforca-importancia-de-intensificar-vacinacao.jpeg","datePublished":"2026-08-14T19:40:38+00:00","dateModified":"2026-08-14T19:40:40+00:00","description":"Campanha de multivacina\u00e7\u00e3o segue at\u00e9 1\u00ba de setembro e \u00e9 oportunidade para atualizar a caderneta de crian\u00e7as e adolescentes menores de 15 anos","breadcrumb":{"@id":"https:\/\/ubirataonline.com.br\/alerta-sobre-sarampo-nas-americas-reforca-importancia-de-intensificar-vacinacao-no-brasil-ministerio-da-saude\/#breadcrumb"},"inLanguage":"en-US","potentialAction":[{"@type":"ReadAction","target":["https:\/\/ubirataonline.com.br\/alerta-sobre-sarampo-nas-americas-reforca-importancia-de-intensificar-vacinacao-no-brasil-ministerio-da-saude\/"]}]},{"@type":"ImageObject","inLanguage":"en-US","@id":"https:\/\/ubirataonline.com.br\/alerta-sobre-sarampo-nas-americas-reforca-importancia-de-intensificar-vacinacao-no-brasil-ministerio-da-saude\/#primaryimage","url":"https:\/\/ubirataonline.com.br\/wp-content\/uploads\/2026\/08\/Alerta-sobre-sarampo-nas-Americas-reforca-importancia-de-intensificar-vacinacao.jpeg","contentUrl":"https:\/\/ubirataonline.com.br\/wp-content\/uploads\/2026\/08\/Alerta-sobre-sarampo-nas-Americas-reforca-importancia-de-intensificar-vacinacao.jpeg","width":768,"height":354,"caption":"Alerta sobre sarampo nas Am\u00e9ricas refor\u00e7a import\u00e2ncia de intensificar vacina\u00e7\u00e3o no Brasil \u2014 Minist\u00e9rio da Sa\u00fade"},{"@type":"BreadcrumbList","@id":"https:\/\/ubirataonline.com.br\/alerta-sobre-sarampo-nas-americas-reforca-importancia-de-intensificar-vacinacao-no-brasil-ministerio-da-saude\/#breadcrumb","itemListElement":[{"@type":"ListItem","position":1,"name":"In\u00edcio","item":"https:\/\/ubirataonline.com.br\/"},{"@type":"ListItem","position":2,"name":"Alerta sobre sarampo nas Am\u00e9ricas refor\u00e7a import\u00e2ncia de intensificar vacina\u00e7\u00e3o no Brasil \u2014 Minist\u00e9rio da Sa\u00fade"}]},{"@type":"WebSite","@id":"https:\/\/ubirataonline.com.br\/#website","url":"https:\/\/ubirataonline.com.br\/","name":"Ubirat\u00e3 Online Not\u00edcias","description":"Not\u00edcias de Ubirat\u00e3, regi\u00e3o, Brasil e mundo, com informa\u00e7\u00e3o atualizada e compromisso com o leitor.","publisher":{"@id":"https:\/\/ubirataonline.com.br\/#organization"},"alternateName":"Ubirat\u00e3 Online","potentialAction":[{"@type":"SearchAction","target":{"@type":"EntryPoint","urlTemplate":"https:\/\/ubirataonline.com.br\/?s={search_term_string}"},"query-input":{"@type":"PropertyValueSpecification","valueRequired":true,"valueName":"search_term_string"}}],"inLanguage":"en-US"},{"@type":["Organization","Place"],"@id":"https:\/\/ubirataonline.com.br\/#organization","name":"Ubirat\u00e3 Online Not\u00edcias","alternateName":"Ubirat\u00e3 Online","url":"https:\/\/ubirataonline.com.br\/","logo":{"@id":"https:\/\/ubirataonline.com.br\/alerta-sobre-sarampo-nas-americas-reforca-importancia-de-intensificar-vacinacao-no-brasil-ministerio-da-saude\/#local-main-organization-logo"},"image":{"@id":"https:\/\/ubirataonline.com.br\/alerta-sobre-sarampo-nas-americas-reforca-importancia-de-intensificar-vacinacao-no-brasil-ministerio-da-saude\/#local-main-organization-logo"},"sameAs":["https:\/\/www.facebook.com\/portalubirataonline","https:\/\/x.com\/ubirataonline","https:\/\/mastodon.social\/@ubirataonline","https:\/\/www.facebook.com\/groups\/311144672285604","https:\/\/www.facebook.com\/UBTAOnline","https:\/\/www.instagram.com\/portalubirataonline\/","https:\/\/twitter.com\/ubirataonline"],"description":"Somos um portal de not\u00edcias independente, criado em 5 de janeiro de 2009, com o objetivo de informar, conectar e valorizar a nossa comunidade de Ubirat\u00e3 e toda aregi\u00e3o. Com conte\u00fado atualizado, confi\u00e1vel e relevante, o Ubirat\u00e3 Online \u00e9 o seu espa\u00e7o para ficar por dentro dos principais acontecimentos locais, regionais, Brasil, Mundo e de interesse geral. Nosso compromisso \u00e9 com a verdade, a transpar\u00eancia e o respeito ao leitor.","legalName":"UBIRATA ONLINE NOT\u00cdCIAS","foundingDate":"2009-01-05","numberOfEmployees":{"@type":"QuantitativeValue","minValue":"1","maxValue":"10"},"publishingPrinciples":"https:\/\/ubirataonline.com.br\/faq\/","address":{"@id":"https:\/\/ubirataonline.com.br\/alerta-sobre-sarampo-nas-americas-reforca-importancia-de-intensificar-vacinacao-no-brasil-ministerio-da-saude\/#local-main-place-address"},"geo":{"@type":"GeoCoordinates","latitude":"-24.5361401","longitude":"-52.9921776"},"telephone":["+5544998308235"],"contactPoint":{"@type":"ContactPoint","email":"contato@ubirataonline.com.br"},"openingHoursSpecification":{"@type":"OpeningHoursSpecification","dayOfWeek":["Monday","Tuesday","Wednesday","Thursday","Friday","Saturday","Sunday"],"opens":"00:00","closes":"23:59"},"email":"contato@ubirataonline.com.br","vatID":"47.621.418\/0001-80"},{"@type":"Person","@id":"https:\/\/ubirataonline.com.br\/#\/schema\/person\/372f87bbd3fdd79b8556b84c98d0bc1c","name":"REDA\u00c7\u00c3O: UBIRAT\u00c3 ONLINE - F\u00c1BIO AUGUSTO CELESTINO","pronouns":"Ele","description":"Desde 2003 trabalhando com not\u00edcias.","sameAs":["http:\/\/ubirataoline.com.br","https:\/\/www.facebook.com\/portalubirataonline","https:\/\/www.instagram.com\/ubirataonline_oficial","https:\/\/x.com\/x.com\/ubirataonline"],"honorificPrefix":"Mr.","honorificSuffix":"MD","birthDate":"1980-06-16","gender":"masculino","award":["V\u00e1rios pr\u00eamios de melhor portal da cidade"],"jobTitle":"Diretor","url":"https:\/\/ubirataonline.com.br\/en\/author\/ubirataonline\/"},{"@type":"PostalAddress","@id":"https:\/\/ubirataonline.com.br\/alerta-sobre-sarampo-nas-americas-reforca-importancia-de-intensificar-vacinacao-no-brasil-ministerio-da-saude\/#local-main-place-address","streetAddress":"Rua dos Coqueiros, 104 - Bairro Boa Vista, Rua dos Coqueiros, 104 Bairro Boa Vista","addressLocality":"UBIRATA","postalCode":"85440-000","addressRegion":"PR","addressCountry":"BR"},{"@type":"ImageObject","inLanguage":"en-US","@id":"https:\/\/ubirataonline.com.br\/alerta-sobre-sarampo-nas-americas-reforca-importancia-de-intensificar-vacinacao-no-brasil-ministerio-da-saude\/#local-main-organization-logo","url":"https:\/\/ubirataonline.com.br\/wp-content\/uploads\/2026\/06\/logoubirataonline-1.webp","contentUrl":"https:\/\/ubirataonline.com.br\/wp-content\/uploads\/2026\/06\/logoubirataonline-1.webp","width":500,"height":500,"caption":"Ubirat\u00e3 Online Not\u00edcias"}]},"geo.placename":"UBIRATA","geo.position":{"lat":"-24.5361401","long":"-52.9921776"},"geo.region":"Brazil"},"_links":{"self":[{"href":"https:\/\/ubirataonline.com.br\/en\/wp-json\/wp\/v2\/posts\/165455","targetHints":{"allow":["GET"]}}],"collection":[{"href":"https:\/\/ubirataonline.com.br\/en\/wp-json\/wp\/v2\/posts"}],"about":[{"href":"https:\/\/ubirataonline.com.br\/en\/wp-json\/wp\/v2\/types\/post"}],"author":[{"embeddable":true,"href":"https:\/\/ubirataonline.com.br\/en\/wp-json\/wp\/v2\/users\/1"}],"replies":[{"embeddable":true,"href":"https:\/\/ubirataonline.com.br\/en\/wp-json\/wp\/v2\/comments?post=165455"}],"version-history":[{"count":1,"href":"https:\/\/ubirataonline.com.br\/en\/wp-json\/wp\/v2\/posts\/165455\/revisions"}],"predecessor-version":[{"id":165457,"href":"https:\/\/ubirataonline.com.br\/en\/wp-json\/wp\/v2\/posts\/165455\/revisions\/165457"}],"wp:featuredmedia":[{"embeddable":true,"href":"https:\/\/ubirataonline.com.br\/en\/wp-json\/wp\/v2\/media\/165456"}],"wp:attachment":[{"href":"https:\/\/ubirataonline.com.br\/en\/wp-json\/wp\/v2\/media?parent=165455"}],"wp:term":[{"taxonomy":"category","embeddable":true,"href":"https:\/\/ubirataonline.com.br\/en\/wp-json\/wp\/v2\/categories?post=165455"},{"taxonomy":"post_tag","embeddable":true,"href":"https:\/\/ubirataonline.com.br\/en\/wp-json\/wp\/v2\/tags?post=165455"}],"curies":[{"name":"wp","href":"https:\/\/api.w.org\/{rel}","templated":true}]}}