{"id":165544,"date":"2026-08-15T00:58:38","date_gmt":"2026-08-15T03:58:38","guid":{"rendered":"https:\/\/ubirataonline.com.br\/8-atores-cotados-ou-confirmados-como-os-novos-x-men-do-mcu\/"},"modified":"2026-08-15T00:58:40","modified_gmt":"2026-08-15T03:58:40","slug":"8-atores-cotados-ou-confirmados-como-os-novos-x-men-do-mcu","status":"publish","type":"post","link":"https:\/\/ubirataonline.com.br\/en\/8-atores-cotados-ou-confirmados-como-os-novos-x-men-do-mcu\/","title":{"rendered":"8 atores cotados ou confirmados como os novos X-Men do MCU"},"content":{"rendered":"<p><\/p>\n<div id=\"main-content\">\n<p class=\"first:mt-1.5!\" style=\"background-color:transparent\"><strong>Os X-Men est\u00e3o cada vez mais pr\u00f3ximos de ganhar uma nova forma\u00e7\u00e3o no Universo Cinematogr\u00e1fico da Marvel (MCU)<\/strong>. Ap\u00f3s Homem-Aranha: Um Novo Dia apresentar uma jovem Jean Grey, as especula\u00e7\u00f5es sobre quem pode integrar a primeira equipe mutante da franquia ganharam for\u00e7a.<\/p>\n<p class=\"first:mt-1.5!\" style=\"background-color:transparent\">At\u00e9 agora, apenas dois nomes est\u00e3o oficialmente confirmados. Os demais s\u00e3o alvos de relatos da imprensa e rumores de bastidores, portanto ainda podem mudar at\u00e9 o an\u00fancio da Marvel.\u00a0<\/p>\n<div class=\"ads-video-player__NYiGgC\">\n<p><span class=\"material-symbols-rounded icon  size-24__ZqMfAW text-[var(--stroke-primary-strong)]\">smart_display<\/span><\/p>\n<h2 class=\"!text-lg text-strong !font-semibold !m-0\">Nossos v\u00eddeos em destaque<\/h2>\n<\/p>\n<\/div>\n<p class=\"first:mt-1.5!\" style=\"background-color:transparent\">Enquanto isso, a chegada dos mutantes amplia a lista de produ\u00e7\u00f5es para acompanhar na <a class=\"break-word\" style=\"background-color:transparent\" href=\"https:\/\/www.tecmundo.com.br\/minha-serie\/238164-ordem-cronologica-filmes-series-marvel-confira.htm\" target=\"_blank\" rel=\"noopener noreferrer\">ordem cronol\u00f3gica de filmes e s\u00e9ries da Marvel<\/a>.<\/p>\n<p class=\"first:mt-1.5!\" style=\"background-color:transparent\">Abaixo, <strong>confira quais atores e atrizes est\u00e3o pr\u00f3ximos de viver os X-Men no MCU<\/strong>!<\/p>\n<h2 style=\"background-color:transparent\" id=\"quem-pode-interpretar-os-x-men-no-mcu\">Quem j\u00e1 foi confirmado nos novos filmes dos X-Men no MCU?<\/h2>\n<h3 style=\"background-color:transparent\" id=\"sadie-sink-como-jean-grey\">Sadie Sink como Jean Grey<\/h3>\n<figure class=\"image\"><figcaption>Imagem: Frederic J. Brown \/ AFP \/ Getty Images.<\/figcaption><\/figure>\n<p class=\"first:mt-1.5!\" style=\"background-color:transparent\"><strong>Sadie Sink \u00e9 uma das presen\u00e7as j\u00e1 confirmadas entre os novos X-Men do MCU<\/strong>. A atriz de Stranger Things surgiu como uma vers\u00e3o jovem, perigosa e ainda confusa de <strong>Jean Grey<\/strong> em Homem-Aranha: Um Novo Dia, com poderes que come\u00e7am a se manifestar de maneira intensa.\u00a0<\/p>\n<p class=\"first:mt-1.5!\" style=\"background-color:transparent\">O caminho da personagem abre uma ponte direta entre o universo do Cabe\u00e7a de Teia e o futuro mutante, assunto que tamb\u00e9m conversa com a curiosa participa\u00e7\u00e3o de Jean em uma produ\u00e7\u00e3o do her\u00f3i, explicada em <a class=\"break-word\" style=\"background-color:transparent\" href=\"https:\/\/www.tecmundo.com.br\/minha-serie\/604357-por-que-jean-grey-foi-parar-em-um-filme-do-homem-aranha.htm\" target=\"_blank\" rel=\"noopener noreferrer\">por que Jean Grey foi parar em um filme do Homem-Aranha<\/a>.<\/p>\n<h3 style=\"background-color:transparent\" id=\"drew-starkey-como-ciclope\">Kit Connor como Ciclope<\/h3>\n<figure class=\"image\"><img decoding=\"async\" loading=\"lazy\" src=\"https:\/\/dnm.nflximg.net\/api\/v6\/BvVbc2Wxr2w6QuoANoSpJKEIWjQ\/AAAAQbScx_AniHp0B1IpDEGKNbqEpghshSJpgm105EY6yzXSZ4HqLX9DDb5JSgq0M-PZkGLYpAajTOb7ZKLUcpW2a5pt3JNt9zQ72kr17CEYj4wF9jCCiG3f5eMlI1hyvNQLrXURILXtRmRLkSwLne8-Fe4P.jpg?r=e07\" width=\"400\" height=\"300\" alt=\"Heartstopper Forever Podcast: Watch Kit Connor Recite William Gao\u2019s Epic  Poem\"\/><figcaption>Imagem: Netflix.<\/figcaption><\/figure>\n<p class=\"first:mt-1.5!\" style=\"background-color:transparent\"><a href=\"https:\/\/www.tecmundo.com.br\/minha-serie\/604389-de-heartstopper-kit-connor-vai-ser-o-novo-ciclope-da-marvel-studios.htm\" target=\"_blank\"><strong>Kit Connor<\/strong><\/a><strong>, de Heartstopper, era apontado como um dos nomes mais fortes para assumir Scott Summers, o Ciclope, o que se confirmou recentemente.<\/strong> L\u00edder estrat\u00e9gico e parceiro fundamental de Jean Grey, o personagem deve ter peso consider\u00e1vel na montagem do grupo.\u00a0<\/p>\n<p class=\"first:mt-1.5!\" style=\"background-color:transparent\">Segundo as fontes consultadas pelo site Deadline, ele foi escolhido para o papel de l\u00edder da equipe mutante pelo diretor Jake Schreier e por Kevin Feige, presidente da Marvel Studios.<\/p>\n<h2 class=\"first:mt-1.5!\" style=\"background-color:transparent\">Quem est\u00e1 sendo cotado para participar dos novos filmes dos X-Men no MCU?<\/h2>\n<h3 style=\"background-color:transparent\" id=\"samara-weaving-como-emma-frost\">Samara Weaving como Emma Frost<\/h3>\n<figure class=\"image\"><img decoding=\"async\" loading=\"lazy\" src=\"https:\/\/imageio.forbes.com\/specials-images\/imageserve\/6a709d150332095a8bea132b\/21st-Annual-G-Day-USA-Arts-Gala---Arrivals\/960x0.jpg?format=jpg&amp;width=1440\" width=\"400\" height=\"300\" alt=\"21st Annual G'Day USA Arts Gala - Arrivals\"\/><figcaption>Imagem: John Salangsang\/ Variety \/ Getty Images.<\/figcaption><\/figure>\n<p class=\"first:mt-1.5!\" style=\"background-color:transparent\"><strong>Samara Weaving, conhecida por Casamento Sangrento, \u00e9 tratada como uma escolha praticamente encaminhada para viver Emma Frost<\/strong>. Caso a escala\u00e7\u00e3o se confirme, a personagem pode ser introduzida muito antes do que aconteceu nas vers\u00f5es anteriores dos X-Men nos cinemas.\u00a0<\/p>\n<p class=\"first:mt-1.5!\" style=\"background-color:transparent\">Nos quadrinhos, Emma mant\u00e9m uma rela\u00e7\u00e3o complexa com Jean Grey e Ciclope, o que j\u00e1 aponta para poss\u00edveis atritos dentro da nova gera\u00e7\u00e3o mutante.<\/p>\n<h3 style=\"background-color:transparent\" id=\"cailee-spaeny-como-vampira\">Cailee Spaeny como Vampira<\/h3>\n<figure class=\"image\"><img decoding=\"async\" loading=\"lazy\" src=\"https:\/\/imageio.forbes.com\/specials-images\/imageserve\/6a709d64a909ad833a0b79d6\/Los-Angeles-Premiere-Of-A24-s--Civil-War----Arrivals\/0x0.jpg?format=jpg&amp;crop=1809,1018,x0,y99,safe&amp;width=1440\" width=\"400\" height=\"300\" alt=\"Los Angeles Premiere Of A24's &quot;Civil War&quot; - Arrivals\"\/><figcaption>Image: Amy Sussman \/ WireImage.<\/figcaption><\/figure>\n<p class=\"first:mt-1.5!\" style=\"background-color:transparent\"><strong>Cailee Spaeny aparece como o principal nome associado \u00e0 Vampira<\/strong>. Segundo os relatos reunidos pela Forbes, Odessa A\u2019Zion teria sido considerada inicialmente, mas Spaeny teria se tornado favorita ap\u00f3s demonstrar grande interesse pelo papel.\u00a0<\/p>\n<p class=\"first:mt-1.5!\" style=\"background-color:transparent\">A mutante, uma das figuras mais populares da equipe, \u00e9 pe\u00e7a importante em v\u00e1rias fases da franquia, que j\u00e1 teve altos e baixos nas telonas, como mostra o <a class=\"break-word\" style=\"background-color:transparent\" href=\"https:\/\/www.tecmundo.com.br\/minha-serie\/252674-x-men-filmes-pior-melhor-ranking.htm\" target=\"_blank\" rel=\"noopener noreferrer\">ranking dos filmes dos X-Men, do pior ao melhor<\/a>.<\/p>\n<h3 style=\"background-color:transparent\" id=\"charles-melton-como-fera\">Charles Melton como Fera<\/h3>\n<figure class=\"image\"><img decoding=\"async\" loading=\"lazy\" src=\"https:\/\/imageio.forbes.com\/specials-images\/imageserve\/6a709d7e8cef4c2d35268e78\/Los-Angeles-Premiere-Of-Netflix-s--Beef--Season-2---Arrivals\/960x0.jpg?format=jpg&amp;width=1440\" width=\"400\" height=\"300\" alt=\"Los Angeles Premiere Of Netflix's &quot;Beef&quot; Season 2 - Arrivals\"\/><figcaption>Imagem: Maya Dehlin Spach \/ Getty Images.<\/figcaption><\/figure>\n<p class=\"first:mt-1.5!\" style=\"background-color:transparent\"><strong>Charles Melton \u00e9 cotado para interpretar Hank McCoy, o Fera<\/strong>. O rumor n\u00e3o \u00e9 recente, mas continua sem ser descartado, o que mant\u00e9m o ator de Treta no radar da Marvel.\u00a0<\/p>\n<p class=\"first:mt-1.5!\" style=\"background-color:transparent\">A escolha poderia colocar em cena uma vers\u00e3o mais jovem do cientista brilhante e mutante de apar\u00eancia bestial, figura que costuma equilibrar intelig\u00eancia, diplomacia e for\u00e7a f\u00edsica no time.<\/p>\n<h3 style=\"background-color:transparent\" id=\"inde-navarrette-como-mstica\">Inde Navarrette como M\u00edstica<\/h3>\n<figure class=\"image\"><img decoding=\"async\" loading=\"lazy\" src=\"https:\/\/imageio.forbes.com\/specials-images\/imageserve\/6a6cd8c44fd078ff513d3289\/Paramount-Pictures---Jackass--Best-And-Last--Los-Angeles-Premiere\/960x0.jpg?format=jpg&amp;width=1440\" width=\"400\" height=\"300\" alt=\"Paramount Pictures' &quot;Jackass: Best And Last&quot; Los Angeles Premiere\"\/><figcaption>Imagem: Matt Winkelmeyer \/ Getty Images.<\/figcaption><\/figure>\n<p class=\"first:mt-1.5!\" style=\"background-color:transparent\"><strong>Inde Navarrette revelou que se encontrou com Jake Schreier, diretor escalado para o futuro filme dos X-Men, e disse publicamente que gostaria de viver M\u00edstica<\/strong>.\u00a0<\/p>\n<p class=\"first:mt-1.5!\" style=\"background-color:transparent\">N\u00e3o existe confirma\u00e7\u00e3o de que a conversa tenha resultado em um teste ou contrato, mas o encontro colocou a atriz de Obsess\u00e3o no centro das especula\u00e7\u00f5es.\u00a0<\/p>\n<p class=\"first:mt-1.5!\" style=\"background-color:transparent\">M\u00edstica \u00e9 uma das personagens mais vers\u00e1teis do universo mutante, capaz de transitar entre hero\u00edna, antagonista e aliada circunstancial.<\/p>\n<h3 style=\"background-color:transparent\" id=\"bill-skarsgrd-como-professor-xavier\">Bill Skarsg\u00e5rd como Professor Xavier<\/h3>\n<figure class=\"image\"><img decoding=\"async\" loading=\"lazy\" src=\"https:\/\/imageio.forbes.com\/specials-images\/imageserve\/6a709dbd31c407c8b0f14d70\/-Nosferatu--World-Premiere-In-Berlin\/960x0.jpg?format=jpg&amp;width=1440\" width=\"400\" height=\"300\" alt=\"&quot;Nosferatu&quot; World Premiere In Berlin\"\/><figcaption>Imagem: Gerald Matzka \/ Getty Images.<\/figcaption><\/figure>\n<p class=\"first:mt-1.5!\" style=\"background-color:transparent\"><strong>Bill Skarsg\u00e5rd \u00e9 um dos nomes ventilados para o Professor Charles Xavier, fundador dos X-Men<\/strong>. A possibilidade chama aten\u00e7\u00e3o justamente por contrastar com pap\u00e9is marcantes do ator, frequentemente ligado a personagens sombrios, como Pennywise em It: A Coisa.\u00a0<\/p>\n<p class=\"first:mt-1.5!\" style=\"background-color:transparent\">Tom Pelphrey, de Task, tamb\u00e9m \u00e9 citado como alternativa para o telepata que comanda a Mans\u00e3o X.<\/p>\n<h3 style=\"background-color:transparent\" id=\"adam-driver-como-senhor-sinistro\">Adam Driver como Senhor Sinistro<\/h3>\n<figure class=\"image\"><img decoding=\"async\" loading=\"lazy\" src=\"https:\/\/imageio.forbes.com\/specials-images\/imageserve\/6a709dd1a07f89bd69ed9737\/-Paper-Tiger--Photocall---The-79th-Annual-Cannes-Film-Festival\/960x0.jpg?format=jpg&amp;width=1440\" width=\"400\" height=\"300\" alt=\"&quot;Paper Tiger&quot; Photocall - The 79th Annual Cannes Film Festival\"\/><figcaption>Imagem: Aurore Marechal \/ Getty Images.<\/figcaption><\/figure>\n<p class=\"first:mt-1.5!\" style=\"background-color:transparent\"><strong>Adam Driver \u00e9 associado ao Senhor Sinistro, poss\u00edvel grande vil\u00e3o do primeiro longa da nova equipe<\/strong>. A informa\u00e7\u00e3o ganha peso porque Kevin Feige j\u00e1 declarou que a Marvel tentou trabalhar com o ator em outras oportunidades, sem sucesso.\u00a0<\/p>\n<p class=\"first:mt-1.5!\" style=\"background-color:transparent\">Em vez de viver Magneto, como chegou a ser especulado no passado, Driver poderia assumir Nathaniel Essex, antagonista conhecido por sua obsess\u00e3o cient\u00edfica por mutantes e manipula\u00e7\u00f5es gen\u00e9ticas.<\/p>\n<h2 style=\"background-color:transparent\" id=\"o-que-esperar-da-nova-equipe-dos-x-men\">O que esperar da nova equipe dos X-Men?<\/h2>\n<p class=\"first:mt-1.5!\" style=\"background-color:transparent\">A lista ainda est\u00e1 longe de ser definitiva, mas aponta para uma forma\u00e7\u00e3o que pode misturar rostos jovens, nomes em ascens\u00e3o e figuras experientes.\u00a0<\/p>\n<p class=\"first:mt-1.5!\" style=\"background-color:transparent\"><strong>A Marvel deve acelerar as defini\u00e7\u00f5es enquanto prepara o terreno para eventos como Vingadores: Guerras Secretas e para o filme solo dirigido por Jake Schreier.<\/strong><\/p>\n<p class=\"first:mt-1.5!\" style=\"background-color:transparent\">A expectativa tamb\u00e9m cresce com o bom momento da marca fora dos cinemas. X-Men 97 continua expandindo elementos do universo mutante, inclusive ao <a class=\"break-word\" style=\"background-color:transparent\" href=\"https:\/\/www.tecmundo.com.br\/minha-serie\/604369-x-men-97-explica-origem-de-vilao-33-anos-apos-a-animacao-original.htm\" target=\"_blank\" rel=\"noopener noreferrer\">explicar a origem de um vil\u00e3o d\u00e9cadas ap\u00f3s a anima\u00e7\u00e3o original<\/a>.\u00a0<\/p>\n<p class=\"first:mt-1.5!\" style=\"background-color:transparent\">E, antes da pr\u00f3xima grande reuni\u00e3o de her\u00f3is da Marvel, vale conferir <a class=\"break-word\" style=\"background-color:transparent\" href=\"https:\/\/www.tecmundo.com.br\/minha-serie\/604263-15-filmes-e-series-da-marvel-para-assistir-antes-de-vingadores-doutor-destino.htm\" target=\"_blank\" rel=\"noopener noreferrer\">15 filmes e s\u00e9ries para assistir antes de Vingadores: Doutor Destino<\/a>.<\/p>\n<p class=\"first:mt-1.5!\" style=\"background-color:transparent\">Continue acompanhando o <strong>Minha S\u00e9rie<\/strong> para mais novidades, listas e explica\u00e7\u00f5es sobre os pr\u00f3ximos filmes e s\u00e9ries do universo Marvel.<\/p>\n<p class=\"MsoNormal\" style=\"text-align:justify\">\n    <span style=\"box-sizing:border-box\" data-teams=\"true\">Comente nas redes sociais do Minha S\u00e9rie! Estamos no <\/span><a style=\"background-color:transparent;border-bottom-color:rgb(0, 223, 0);box-sizing:border-box;color:rgb(0, 223, 0);text-decoration:none;transition:border-color 0.2s, background-color 0.2s\" href=\"https:\/\/www.threads.net\/@oficialminhaserie\"><span style=\"box-sizing:border-box\" data-teams=\"true\">Threads<\/span><\/a><span style=\"box-sizing:border-box\" data-teams=\"true\">, <\/span><a style=\"background-color:transparent;border-bottom-color:rgb(0, 223, 0);box-sizing:border-box;color:rgb(0, 223, 0);text-decoration:none;transition:border-color 0.2s, background-color 0.2s\" href=\"https:\/\/www.tecmundo.com.br\/minha-serie\/www.instagram.com\/oficialminhaserie\"><span style=\"box-sizing:border-box\" data-teams=\"true\">Instagram<\/span><\/a><span style=\"box-sizing:border-box\" data-teams=\"true\">, <\/span><a style=\"background-color:transparent;border-bottom-color:rgb(0, 223, 0);box-sizing:border-box;color:rgb(0, 223, 0);text-decoration:none;transition:border-color 0.2s, background-color 0.2s\" href=\"https:\/\/www.tiktok.com\/@minhaserie_\"><span style=\"box-sizing:border-box\" data-teams=\"true\">TikTok<\/span><\/a><span style=\"box-sizing:border-box\" data-teams=\"true\"> e at\u00e9 mesmo no <\/span><a style=\"background-color:transparent;border-bottom-color:rgb(0, 223, 0);box-sizing:border-box;color:rgb(0, 223, 0);text-decoration:none;transition:border-color 0.2s, background-color 0.2s\" href=\"https:\/\/www.whatsapp.com\/channel\/0029VaFBWGrG8l57sspbTJ1e\"><span style=\"box-sizing:border-box\" data-teams=\"true\">WhatsApp.<\/span><\/a><span style=\"box-sizing:border-box\" data-teams=\"true\"> Venha acompanhar filmes e s\u00e9ries com a gente!<\/span>\n<\/p>\n<\/div>\n<p><script async src=\"\/\/www.instagram.com\/embed.js\"><\/script><script async src=\"\/\/www.tiktok.com\/embed.js\"><\/script><\/p>\n<p><a href=\"https:\/\/ubirataonline.com.br\/noticias\/\" target=\"_blank\" rel=\"noopener noreferrer\">Mais Not\u00edcias<\/a><\/p>\n<p><a href=\"https:\/\/ubirataonline.com.br\" target=\"_blank\" rel=\"noopener noreferrer\">Home Page &#8211; In\u00edcio<\/a><\/p>\n<p><a href=\"https:\/\/www.tecmundo.com.br\/minha-serie\/604391-8-atores-cotados-ou-confirmados-como-os-novos-x-men-do-mcu.htm\">Fonte do Artigo <\/a><br \/>\nSee more: <a href=\"https:\/\/theglobaltrack.com\/\" target=\"_blank\" rel=\"noopener noreferrer\">The Global Track<\/a><\/p>\n<p><a href=\"https:\/\/corinthiames.com.br\/\" target=\"_blank\" rel=\"noopener noreferrer\">Corinthia Mes<\/a><\/p>\n","protected":false},"excerpt":{"rendered":"<p>Os X-Men est\u00e3o cada vez mais pr\u00f3ximos de ganhar uma nova forma\u00e7\u00e3o no Universo Cinematogr\u00e1fico da Marvel (MCU). Ap\u00f3s Homem-Aranha: Um Novo Dia apresentar uma jovem Jean Grey, as especula\u00e7\u00f5es sobre quem pode integrar a primeira equipe mutante da franquia ganharam for\u00e7a. At\u00e9 agora, apenas dois nomes est\u00e3o oficialmente confirmados. Os demais s\u00e3o alvos de [&hellip;]<\/p>\n","protected":false},"author":1,"featured_media":165545,"comment_status":"closed","ping_status":"","sticky":false,"template":"","format":"standard","meta":{"googlesitekit_rrm_CAow2JLhCw:productID":"","_gspb_post_css":"","maa_idioma":"","maa_pais":"","footnotes":""},"categories":[4],"tags":[19689,3564,8555,15180,13552,3987,37892],"class_list":["post-165544","post","type-post","status-publish","format-standard","has-post-thumbnail","hentry","category-brasil","tag-atores","tag-como","tag-confirmados","tag-cotados","tag-mcu","tag-novos","tag-xmen"],"blocksy_meta":[],"yoast_head":"<!-- This site is optimized with the Yoast SEO Premium plugin v27.6 (Yoast SEO v27.6) - https:\/\/yoast.com\/product\/yoast-seo-premium-wordpress\/ -->\n<title>8 atores cotados ou confirmados como os novos X-Men do MCU - Ubirat\u00e3 Online Not\u00edcias - A realidade ao seu alcance!<\/title>\n<meta name=\"description\" content=\"Uma nova fase est\u00e1 prestes a come\u00e7ar para os X-Men dentro do MCU; veja quem s\u00e3o os atores e atrizes que devem participar dela!\" \/>\n<meta name=\"robots\" content=\"index, follow, max-snippet:-1, max-image-preview:large, max-video-preview:-1\" \/>\n<link rel=\"canonical\" href=\"https:\/\/ubirataonline.com.br\/en\/8-atores-cotados-ou-confirmados-como-os-novos-x-men-do-mcu\/\" \/>\n<meta property=\"og:locale\" content=\"en_US\" \/>\n<meta property=\"og:type\" content=\"article\" \/>\n<meta property=\"og:title\" content=\"8 atores cotados ou confirmados como os novos X-Men do MCU\" \/>\n<meta property=\"og:description\" content=\"Uma nova fase est\u00e1 prestes a come\u00e7ar para os X-Men dentro do MCU; veja quem s\u00e3o os atores e atrizes que devem participar dela!\" \/>\n<meta property=\"og:url\" content=\"https:\/\/ubirataonline.com.br\/en\/8-atores-cotados-ou-confirmados-como-os-novos-x-men-do-mcu\/\" \/>\n<meta property=\"og:site_name\" content=\"Ubirat\u00e3 Online Not\u00edcias - A realidade ao seu alcance!\" \/>\n<meta property=\"article:publisher\" content=\"https:\/\/www.facebook.com\/portalubirataonline\" \/>\n<meta property=\"article:author\" content=\"https:\/\/www.facebook.com\/portalubirataonline\" \/>\n<meta property=\"article:published_time\" content=\"2026-08-15T03:58:38+00:00\" \/>\n<meta property=\"article:modified_time\" content=\"2026-08-15T03:58:40+00:00\" \/>\n<meta property=\"og:image\" content=\"https:\/\/ubirataonline.com.br\/wp-content\/uploads\/2026\/08\/8-atores-cotados-ou-confirmados-como-os-novos-X-Men-do.jpeg\" \/>\n\t<meta property=\"og:image:width\" content=\"1600\" \/>\n\t<meta property=\"og:image:height\" content=\"900\" \/>\n\t<meta property=\"og:image:type\" content=\"image\/jpeg\" \/>\n<meta name=\"author\" content=\"REDA\u00c7\u00c3O: UBIRAT\u00c3 ONLINE - F\u00c1BIO AUGUSTO CELESTINO\" \/>\n<meta name=\"twitter:card\" content=\"summary_large_image\" \/>\n<meta name=\"twitter:creator\" content=\"@x.com\/ubirataonline\" \/>\n<meta name=\"twitter:site\" content=\"@ubirataonline\" \/>\n<meta name=\"twitter:label1\" content=\"Written by\" \/>\n\t<meta name=\"twitter:data1\" content=\"REDA\u00c7\u00c3O: UBIRAT\u00c3 ONLINE - F\u00c1BIO AUGUSTO CELESTINO\" \/>\n\t<meta name=\"twitter:label2\" content=\"Est. reading time\" \/>\n\t<meta name=\"twitter:data2\" content=\"5 minutes\" \/>\n<script type=\"application\/ld+json\" class=\"yoast-schema-graph\">{\"@context\":\"https:\\\/\\\/schema.org\",\"@graph\":[{\"@type\":\"NewsArticle\",\"@id\":\"https:\\\/\\\/ubirataonline.com.br\\\/8-atores-cotados-ou-confirmados-como-os-novos-x-men-do-mcu\\\/#article\",\"isPartOf\":{\"@id\":\"https:\\\/\\\/ubirataonline.com.br\\\/8-atores-cotados-ou-confirmados-como-os-novos-x-men-do-mcu\\\/\"},\"author\":{\"name\":\"REDA\u00c7\u00c3O: UBIRAT\u00c3 ONLINE - F\u00c1BIO AUGUSTO CELESTINO\",\"@id\":\"https:\\\/\\\/ubirataonline.com.br\\\/#\\\/schema\\\/person\\\/372f87bbd3fdd79b8556b84c98d0bc1c\"},\"headline\":\"8 atores cotados ou confirmados como os novos X-Men do MCU\",\"datePublished\":\"2026-08-15T03:58:38+00:00\",\"dateModified\":\"2026-08-15T03:58:40+00:00\",\"mainEntityOfPage\":{\"@id\":\"https:\\\/\\\/ubirataonline.com.br\\\/8-atores-cotados-ou-confirmados-como-os-novos-x-men-do-mcu\\\/\"},\"wordCount\":1022,\"publisher\":{\"@id\":\"https:\\\/\\\/ubirataonline.com.br\\\/#organization\"},\"image\":{\"@id\":\"https:\\\/\\\/ubirataonline.com.br\\\/8-atores-cotados-ou-confirmados-como-os-novos-x-men-do-mcu\\\/#primaryimage\"},\"thumbnailUrl\":\"https:\\\/\\\/ubirataonline.com.br\\\/wp-content\\\/uploads\\\/2026\\\/08\\\/8-atores-cotados-ou-confirmados-como-os-novos-X-Men-do.jpeg\",\"keywords\":[\"atores\",\"como\",\"confirmados\",\"cotados\",\"MCU\",\"novos\",\"XMen\"],\"articleSection\":[\"Brasil\"],\"inLanguage\":\"en-US\",\"copyrightYear\":\"2026\",\"copyrightHolder\":{\"@id\":\"https:\\\/\\\/ubirataonline.com.br\\\/en\\\/#organization\"}},{\"@type\":\"WebPage\",\"@id\":\"https:\\\/\\\/ubirataonline.com.br\\\/8-atores-cotados-ou-confirmados-como-os-novos-x-men-do-mcu\\\/\",\"url\":\"https:\\\/\\\/ubirataonline.com.br\\\/8-atores-cotados-ou-confirmados-como-os-novos-x-men-do-mcu\\\/\",\"name\":\"8 atores cotados ou confirmados como os novos X-Men do MCU - Ubirat\u00e3 Online Not\u00edcias - A realidade ao seu alcance!\",\"isPartOf\":{\"@id\":\"https:\\\/\\\/ubirataonline.com.br\\\/#website\"},\"primaryImageOfPage\":{\"@id\":\"https:\\\/\\\/ubirataonline.com.br\\\/8-atores-cotados-ou-confirmados-como-os-novos-x-men-do-mcu\\\/#primaryimage\"},\"image\":{\"@id\":\"https:\\\/\\\/ubirataonline.com.br\\\/8-atores-cotados-ou-confirmados-como-os-novos-x-men-do-mcu\\\/#primaryimage\"},\"thumbnailUrl\":\"https:\\\/\\\/ubirataonline.com.br\\\/wp-content\\\/uploads\\\/2026\\\/08\\\/8-atores-cotados-ou-confirmados-como-os-novos-X-Men-do.jpeg\",\"datePublished\":\"2026-08-15T03:58:38+00:00\",\"dateModified\":\"2026-08-15T03:58:40+00:00\",\"description\":\"Uma nova fase est\u00e1 prestes a come\u00e7ar para os X-Men dentro do MCU; veja quem s\u00e3o os atores e atrizes que devem participar dela!\",\"breadcrumb\":{\"@id\":\"https:\\\/\\\/ubirataonline.com.br\\\/8-atores-cotados-ou-confirmados-como-os-novos-x-men-do-mcu\\\/#breadcrumb\"},\"inLanguage\":\"en-US\",\"potentialAction\":[{\"@type\":\"ReadAction\",\"target\":[\"https:\\\/\\\/ubirataonline.com.br\\\/8-atores-cotados-ou-confirmados-como-os-novos-x-men-do-mcu\\\/\"]}]},{\"@type\":\"ImageObject\",\"inLanguage\":\"en-US\",\"@id\":\"https:\\\/\\\/ubirataonline.com.br\\\/8-atores-cotados-ou-confirmados-como-os-novos-x-men-do-mcu\\\/#primaryimage\",\"url\":\"https:\\\/\\\/ubirataonline.com.br\\\/wp-content\\\/uploads\\\/2026\\\/08\\\/8-atores-cotados-ou-confirmados-como-os-novos-X-Men-do.jpeg\",\"contentUrl\":\"https:\\\/\\\/ubirataonline.com.br\\\/wp-content\\\/uploads\\\/2026\\\/08\\\/8-atores-cotados-ou-confirmados-como-os-novos-X-Men-do.jpeg\",\"width\":1600,\"height\":900,\"caption\":\"Imagem: Frederic J. Brown \\\/ AFP \\\/ Getty Images.\"},{\"@type\":\"BreadcrumbList\",\"@id\":\"https:\\\/\\\/ubirataonline.com.br\\\/8-atores-cotados-ou-confirmados-como-os-novos-x-men-do-mcu\\\/#breadcrumb\",\"itemListElement\":[{\"@type\":\"ListItem\",\"position\":1,\"name\":\"In\u00edcio\",\"item\":\"https:\\\/\\\/ubirataonline.com.br\\\/\"},{\"@type\":\"ListItem\",\"position\":2,\"name\":\"8 atores cotados ou confirmados como os novos X-Men do MCU\"}]},{\"@type\":\"WebSite\",\"@id\":\"https:\\\/\\\/ubirataonline.com.br\\\/#website\",\"url\":\"https:\\\/\\\/ubirataonline.com.br\\\/\",\"name\":\"Ubirat\u00e3 Online Not\u00edcias\",\"description\":\"Not\u00edcias de Ubirat\u00e3, regi\u00e3o, Brasil e mundo, com informa\u00e7\u00e3o atualizada e compromisso com o leitor.\",\"publisher\":{\"@id\":\"https:\\\/\\\/ubirataonline.com.br\\\/#organization\"},\"alternateName\":\"Ubirat\u00e3 Online\",\"potentialAction\":[{\"@type\":\"SearchAction\",\"target\":{\"@type\":\"EntryPoint\",\"urlTemplate\":\"https:\\\/\\\/ubirataonline.com.br\\\/?s={search_term_string}\"},\"query-input\":{\"@type\":\"PropertyValueSpecification\",\"valueRequired\":true,\"valueName\":\"search_term_string\"}}],\"inLanguage\":\"en-US\"},{\"@type\":[\"Organization\",\"Place\"],\"@id\":\"https:\\\/\\\/ubirataonline.com.br\\\/#organization\",\"name\":\"Ubirat\u00e3 Online Not\u00edcias\",\"alternateName\":\"Ubirat\u00e3 Online\",\"url\":\"https:\\\/\\\/ubirataonline.com.br\\\/\",\"logo\":{\"@id\":\"https:\\\/\\\/ubirataonline.com.br\\\/8-atores-cotados-ou-confirmados-como-os-novos-x-men-do-mcu\\\/#local-main-organization-logo\"},\"image\":{\"@id\":\"https:\\\/\\\/ubirataonline.com.br\\\/8-atores-cotados-ou-confirmados-como-os-novos-x-men-do-mcu\\\/#local-main-organization-logo\"},\"sameAs\":[\"https:\\\/\\\/www.facebook.com\\\/portalubirataonline\",\"https:\\\/\\\/x.com\\\/ubirataonline\",\"https:\\\/\\\/mastodon.social\\\/@ubirataonline\",\"https:\\\/\\\/www.facebook.com\\\/groups\\\/311144672285604\",\"https:\\\/\\\/www.facebook.com\\\/UBTAOnline\",\"https:\\\/\\\/www.instagram.com\\\/portalubirataonline\\\/\",\"https:\\\/\\\/twitter.com\\\/ubirataonline\"],\"description\":\"Somos um portal de not\u00edcias independente, criado em 5 de janeiro de 2009, com o objetivo de informar, conectar e valorizar a nossa comunidade de Ubirat\u00e3 e toda aregi\u00e3o. Com conte\u00fado atualizado, confi\u00e1vel e relevante, o Ubirat\u00e3 Online \u00e9 o seu espa\u00e7o para ficar por dentro dos principais acontecimentos locais, regionais, Brasil, Mundo e de interesse geral. Nosso compromisso \u00e9 com a verdade, a transpar\u00eancia e o respeito ao leitor.\",\"legalName\":\"UBIRATA ONLINE NOT\u00cdCIAS\",\"foundingDate\":\"2009-01-05\",\"numberOfEmployees\":{\"@type\":\"QuantitativeValue\",\"minValue\":\"1\",\"maxValue\":\"10\"},\"publishingPrinciples\":\"https:\\\/\\\/ubirataonline.com.br\\\/faq\\\/\",\"address\":{\"@id\":\"https:\\\/\\\/ubirataonline.com.br\\\/8-atores-cotados-ou-confirmados-como-os-novos-x-men-do-mcu\\\/#local-main-place-address\"},\"geo\":{\"@type\":\"GeoCoordinates\",\"latitude\":\"-24.5361401\",\"longitude\":\"-52.9921776\"},\"telephone\":[\"+5544998308235\"],\"contactPoint\":{\"@type\":\"ContactPoint\",\"email\":\"contato@ubirataonline.com.br\"},\"openingHoursSpecification\":{\"@type\":\"OpeningHoursSpecification\",\"dayOfWeek\":[\"Monday\",\"Tuesday\",\"Wednesday\",\"Thursday\",\"Friday\",\"Saturday\",\"Sunday\"],\"opens\":\"00:00\",\"closes\":\"23:59\"},\"email\":\"contato@ubirataonline.com.br\",\"vatID\":\"47.621.418\\\/0001-80\"},{\"@type\":\"Person\",\"@id\":\"https:\\\/\\\/ubirataonline.com.br\\\/#\\\/schema\\\/person\\\/372f87bbd3fdd79b8556b84c98d0bc1c\",\"name\":\"REDA\u00c7\u00c3O: UBIRAT\u00c3 ONLINE - F\u00c1BIO AUGUSTO CELESTINO\",\"pronouns\":\"Ele\",\"description\":\"Desde 2003 trabalhando com not\u00edcias.\",\"sameAs\":[\"http:\\\/\\\/ubirataoline.com.br\",\"https:\\\/\\\/www.facebook.com\\\/portalubirataonline\",\"https:\\\/\\\/www.instagram.com\\\/ubirataonline_oficial\",\"https:\\\/\\\/x.com\\\/x.com\\\/ubirataonline\"],\"honorificPrefix\":\"Mr.\",\"honorificSuffix\":\"MD\",\"birthDate\":\"1980-06-16\",\"gender\":\"masculino\",\"award\":[\"V\u00e1rios pr\u00eamios de melhor portal da cidade\"],\"jobTitle\":\"Diretor\",\"url\":\"https:\\\/\\\/ubirataonline.com.br\\\/en\\\/author\\\/ubirataonline\\\/\"},{\"@type\":\"PostalAddress\",\"@id\":\"https:\\\/\\\/ubirataonline.com.br\\\/8-atores-cotados-ou-confirmados-como-os-novos-x-men-do-mcu\\\/#local-main-place-address\",\"streetAddress\":\"Rua dos Coqueiros, 104 - Bairro Boa Vista, Rua dos Coqueiros, 104 Bairro Boa Vista\",\"addressLocality\":\"UBIRATA\",\"postalCode\":\"85440-000\",\"addressRegion\":\"PR\",\"addressCountry\":\"BR\"},{\"@type\":\"ImageObject\",\"inLanguage\":\"en-US\",\"@id\":\"https:\\\/\\\/ubirataonline.com.br\\\/8-atores-cotados-ou-confirmados-como-os-novos-x-men-do-mcu\\\/#local-main-organization-logo\",\"url\":\"https:\\\/\\\/ubirataonline.com.br\\\/wp-content\\\/uploads\\\/2026\\\/06\\\/logoubirataonline-1.webp\",\"contentUrl\":\"https:\\\/\\\/ubirataonline.com.br\\\/wp-content\\\/uploads\\\/2026\\\/06\\\/logoubirataonline-1.webp\",\"width\":500,\"height\":500,\"caption\":\"Ubirat\u00e3 Online Not\u00edcias\"}]}<\/script>\n<meta name=\"geo.placename\" content=\"UBIRATA\" \/>\n<meta name=\"geo.position\" content=\"-24.5361401;-52.9921776\" \/>\n<meta name=\"geo.region\" content=\"Brazil\" \/>\n<!-- \/ Yoast SEO Premium plugin. -->","yoast_head_json":{"title":"8 atores cotados ou confirmados como os novos X-Men do MCU - Ubirat\u00e3 Online Not\u00edcias - A realidade ao seu alcance!","description":"Uma nova fase est\u00e1 prestes a come\u00e7ar para os X-Men dentro do MCU; veja quem s\u00e3o os atores e atrizes que devem participar dela!","robots":{"index":"index","follow":"follow","max-snippet":"max-snippet:-1","max-image-preview":"max-image-preview:large","max-video-preview":"max-video-preview:-1"},"canonical":"https:\/\/ubirataonline.com.br\/en\/8-atores-cotados-ou-confirmados-como-os-novos-x-men-do-mcu\/","og_locale":"en_US","og_type":"article","og_title":"8 atores cotados ou confirmados como os novos X-Men do MCU","og_description":"Uma nova fase est\u00e1 prestes a come\u00e7ar para os X-Men dentro do MCU; veja quem s\u00e3o os atores e atrizes que devem participar dela!","og_url":"https:\/\/ubirataonline.com.br\/en\/8-atores-cotados-ou-confirmados-como-os-novos-x-men-do-mcu\/","og_site_name":"Ubirat\u00e3 Online Not\u00edcias - A realidade ao seu alcance!","article_publisher":"https:\/\/www.facebook.com\/portalubirataonline","article_author":"https:\/\/www.facebook.com\/portalubirataonline","article_published_time":"2026-08-15T03:58:38+00:00","article_modified_time":"2026-08-15T03:58:40+00:00","og_image":[{"width":1600,"height":900,"url":"https:\/\/ubirataonline.com.br\/wp-content\/uploads\/2026\/08\/8-atores-cotados-ou-confirmados-como-os-novos-X-Men-do.jpeg","type":"image\/jpeg"}],"author":"REDA\u00c7\u00c3O: UBIRAT\u00c3 ONLINE - F\u00c1BIO AUGUSTO CELESTINO","twitter_card":"summary_large_image","twitter_creator":"@x.com\/ubirataonline","twitter_site":"@ubirataonline","twitter_misc":{"Written by":"REDA\u00c7\u00c3O: UBIRAT\u00c3 ONLINE - F\u00c1BIO AUGUSTO CELESTINO","Est. reading time":"5 minutes"},"schema":{"@context":"https:\/\/schema.org","@graph":[{"@type":"NewsArticle","@id":"https:\/\/ubirataonline.com.br\/8-atores-cotados-ou-confirmados-como-os-novos-x-men-do-mcu\/#article","isPartOf":{"@id":"https:\/\/ubirataonline.com.br\/8-atores-cotados-ou-confirmados-como-os-novos-x-men-do-mcu\/"},"author":{"name":"REDA\u00c7\u00c3O: UBIRAT\u00c3 ONLINE - F\u00c1BIO AUGUSTO CELESTINO","@id":"https:\/\/ubirataonline.com.br\/#\/schema\/person\/372f87bbd3fdd79b8556b84c98d0bc1c"},"headline":"8 atores cotados ou confirmados como os novos X-Men do MCU","datePublished":"2026-08-15T03:58:38+00:00","dateModified":"2026-08-15T03:58:40+00:00","mainEntityOfPage":{"@id":"https:\/\/ubirataonline.com.br\/8-atores-cotados-ou-confirmados-como-os-novos-x-men-do-mcu\/"},"wordCount":1022,"publisher":{"@id":"https:\/\/ubirataonline.com.br\/#organization"},"image":{"@id":"https:\/\/ubirataonline.com.br\/8-atores-cotados-ou-confirmados-como-os-novos-x-men-do-mcu\/#primaryimage"},"thumbnailUrl":"https:\/\/ubirataonline.com.br\/wp-content\/uploads\/2026\/08\/8-atores-cotados-ou-confirmados-como-os-novos-X-Men-do.jpeg","keywords":["atores","como","confirmados","cotados","MCU","novos","XMen"],"articleSection":["Brasil"],"inLanguage":"en-US","copyrightYear":"2026","copyrightHolder":{"@id":"https:\/\/ubirataonline.com.br\/en\/#organization"}},{"@type":"WebPage","@id":"https:\/\/ubirataonline.com.br\/8-atores-cotados-ou-confirmados-como-os-novos-x-men-do-mcu\/","url":"https:\/\/ubirataonline.com.br\/8-atores-cotados-ou-confirmados-como-os-novos-x-men-do-mcu\/","name":"8 atores cotados ou confirmados como os novos X-Men do MCU - Ubirat\u00e3 Online Not\u00edcias - A realidade ao seu alcance!","isPartOf":{"@id":"https:\/\/ubirataonline.com.br\/#website"},"primaryImageOfPage":{"@id":"https:\/\/ubirataonline.com.br\/8-atores-cotados-ou-confirmados-como-os-novos-x-men-do-mcu\/#primaryimage"},"image":{"@id":"https:\/\/ubirataonline.com.br\/8-atores-cotados-ou-confirmados-como-os-novos-x-men-do-mcu\/#primaryimage"},"thumbnailUrl":"https:\/\/ubirataonline.com.br\/wp-content\/uploads\/2026\/08\/8-atores-cotados-ou-confirmados-como-os-novos-X-Men-do.jpeg","datePublished":"2026-08-15T03:58:38+00:00","dateModified":"2026-08-15T03:58:40+00:00","description":"Uma nova fase est\u00e1 prestes a come\u00e7ar para os X-Men dentro do MCU; veja quem s\u00e3o os atores e atrizes que devem participar dela!","breadcrumb":{"@id":"https:\/\/ubirataonline.com.br\/8-atores-cotados-ou-confirmados-como-os-novos-x-men-do-mcu\/#breadcrumb"},"inLanguage":"en-US","potentialAction":[{"@type":"ReadAction","target":["https:\/\/ubirataonline.com.br\/8-atores-cotados-ou-confirmados-como-os-novos-x-men-do-mcu\/"]}]},{"@type":"ImageObject","inLanguage":"en-US","@id":"https:\/\/ubirataonline.com.br\/8-atores-cotados-ou-confirmados-como-os-novos-x-men-do-mcu\/#primaryimage","url":"https:\/\/ubirataonline.com.br\/wp-content\/uploads\/2026\/08\/8-atores-cotados-ou-confirmados-como-os-novos-X-Men-do.jpeg","contentUrl":"https:\/\/ubirataonline.com.br\/wp-content\/uploads\/2026\/08\/8-atores-cotados-ou-confirmados-como-os-novos-X-Men-do.jpeg","width":1600,"height":900,"caption":"Imagem: Frederic J. Brown \/ AFP \/ Getty Images."},{"@type":"BreadcrumbList","@id":"https:\/\/ubirataonline.com.br\/8-atores-cotados-ou-confirmados-como-os-novos-x-men-do-mcu\/#breadcrumb","itemListElement":[{"@type":"ListItem","position":1,"name":"In\u00edcio","item":"https:\/\/ubirataonline.com.br\/"},{"@type":"ListItem","position":2,"name":"8 atores cotados ou confirmados como os novos X-Men do MCU"}]},{"@type":"WebSite","@id":"https:\/\/ubirataonline.com.br\/#website","url":"https:\/\/ubirataonline.com.br\/","name":"Ubirat\u00e3 Online Not\u00edcias","description":"Not\u00edcias de Ubirat\u00e3, regi\u00e3o, Brasil e mundo, com informa\u00e7\u00e3o atualizada e compromisso com o leitor.","publisher":{"@id":"https:\/\/ubirataonline.com.br\/#organization"},"alternateName":"Ubirat\u00e3 Online","potentialAction":[{"@type":"SearchAction","target":{"@type":"EntryPoint","urlTemplate":"https:\/\/ubirataonline.com.br\/?s={search_term_string}"},"query-input":{"@type":"PropertyValueSpecification","valueRequired":true,"valueName":"search_term_string"}}],"inLanguage":"en-US"},{"@type":["Organization","Place"],"@id":"https:\/\/ubirataonline.com.br\/#organization","name":"Ubirat\u00e3 Online Not\u00edcias","alternateName":"Ubirat\u00e3 Online","url":"https:\/\/ubirataonline.com.br\/","logo":{"@id":"https:\/\/ubirataonline.com.br\/8-atores-cotados-ou-confirmados-como-os-novos-x-men-do-mcu\/#local-main-organization-logo"},"image":{"@id":"https:\/\/ubirataonline.com.br\/8-atores-cotados-ou-confirmados-como-os-novos-x-men-do-mcu\/#local-main-organization-logo"},"sameAs":["https:\/\/www.facebook.com\/portalubirataonline","https:\/\/x.com\/ubirataonline","https:\/\/mastodon.social\/@ubirataonline","https:\/\/www.facebook.com\/groups\/311144672285604","https:\/\/www.facebook.com\/UBTAOnline","https:\/\/www.instagram.com\/portalubirataonline\/","https:\/\/twitter.com\/ubirataonline"],"description":"Somos um portal de not\u00edcias independente, criado em 5 de janeiro de 2009, com o objetivo de informar, conectar e valorizar a nossa comunidade de Ubirat\u00e3 e toda aregi\u00e3o. Com conte\u00fado atualizado, confi\u00e1vel e relevante, o Ubirat\u00e3 Online \u00e9 o seu espa\u00e7o para ficar por dentro dos principais acontecimentos locais, regionais, Brasil, Mundo e de interesse geral. Nosso compromisso \u00e9 com a verdade, a transpar\u00eancia e o respeito ao leitor.","legalName":"UBIRATA ONLINE NOT\u00cdCIAS","foundingDate":"2009-01-05","numberOfEmployees":{"@type":"QuantitativeValue","minValue":"1","maxValue":"10"},"publishingPrinciples":"https:\/\/ubirataonline.com.br\/faq\/","address":{"@id":"https:\/\/ubirataonline.com.br\/8-atores-cotados-ou-confirmados-como-os-novos-x-men-do-mcu\/#local-main-place-address"},"geo":{"@type":"GeoCoordinates","latitude":"-24.5361401","longitude":"-52.9921776"},"telephone":["+5544998308235"],"contactPoint":{"@type":"ContactPoint","email":"contato@ubirataonline.com.br"},"openingHoursSpecification":{"@type":"OpeningHoursSpecification","dayOfWeek":["Monday","Tuesday","Wednesday","Thursday","Friday","Saturday","Sunday"],"opens":"00:00","closes":"23:59"},"email":"contato@ubirataonline.com.br","vatID":"47.621.418\/0001-80"},{"@type":"Person","@id":"https:\/\/ubirataonline.com.br\/#\/schema\/person\/372f87bbd3fdd79b8556b84c98d0bc1c","name":"REDA\u00c7\u00c3O: UBIRAT\u00c3 ONLINE - F\u00c1BIO AUGUSTO CELESTINO","pronouns":"Ele","description":"Desde 2003 trabalhando com not\u00edcias.","sameAs":["http:\/\/ubirataoline.com.br","https:\/\/www.facebook.com\/portalubirataonline","https:\/\/www.instagram.com\/ubirataonline_oficial","https:\/\/x.com\/x.com\/ubirataonline"],"honorificPrefix":"Mr.","honorificSuffix":"MD","birthDate":"1980-06-16","gender":"masculino","award":["V\u00e1rios pr\u00eamios de melhor portal da cidade"],"jobTitle":"Diretor","url":"https:\/\/ubirataonline.com.br\/en\/author\/ubirataonline\/"},{"@type":"PostalAddress","@id":"https:\/\/ubirataonline.com.br\/8-atores-cotados-ou-confirmados-como-os-novos-x-men-do-mcu\/#local-main-place-address","streetAddress":"Rua dos Coqueiros, 104 - Bairro Boa Vista, Rua dos Coqueiros, 104 Bairro Boa Vista","addressLocality":"UBIRATA","postalCode":"85440-000","addressRegion":"PR","addressCountry":"BR"},{"@type":"ImageObject","inLanguage":"en-US","@id":"https:\/\/ubirataonline.com.br\/8-atores-cotados-ou-confirmados-como-os-novos-x-men-do-mcu\/#local-main-organization-logo","url":"https:\/\/ubirataonline.com.br\/wp-content\/uploads\/2026\/06\/logoubirataonline-1.webp","contentUrl":"https:\/\/ubirataonline.com.br\/wp-content\/uploads\/2026\/06\/logoubirataonline-1.webp","width":500,"height":500,"caption":"Ubirat\u00e3 Online Not\u00edcias"}]},"geo.placename":"UBIRATA","geo.position":{"lat":"-24.5361401","long":"-52.9921776"},"geo.region":"Brazil"},"_links":{"self":[{"href":"https:\/\/ubirataonline.com.br\/en\/wp-json\/wp\/v2\/posts\/165544","targetHints":{"allow":["GET"]}}],"collection":[{"href":"https:\/\/ubirataonline.com.br\/en\/wp-json\/wp\/v2\/posts"}],"about":[{"href":"https:\/\/ubirataonline.com.br\/en\/wp-json\/wp\/v2\/types\/post"}],"author":[{"embeddable":true,"href":"https:\/\/ubirataonline.com.br\/en\/wp-json\/wp\/v2\/users\/1"}],"replies":[{"embeddable":true,"href":"https:\/\/ubirataonline.com.br\/en\/wp-json\/wp\/v2\/comments?post=165544"}],"version-history":[{"count":1,"href":"https:\/\/ubirataonline.com.br\/en\/wp-json\/wp\/v2\/posts\/165544\/revisions"}],"predecessor-version":[{"id":165546,"href":"https:\/\/ubirataonline.com.br\/en\/wp-json\/wp\/v2\/posts\/165544\/revisions\/165546"}],"wp:featuredmedia":[{"embeddable":true,"href":"https:\/\/ubirataonline.com.br\/en\/wp-json\/wp\/v2\/media\/165545"}],"wp:attachment":[{"href":"https:\/\/ubirataonline.com.br\/en\/wp-json\/wp\/v2\/media?parent=165544"}],"wp:term":[{"taxonomy":"category","embeddable":true,"href":"https:\/\/ubirataonline.com.br\/en\/wp-json\/wp\/v2\/categories?post=165544"},{"taxonomy":"post_tag","embeddable":true,"href":"https:\/\/ubirataonline.com.br\/en\/wp-json\/wp\/v2\/tags?post=165544"}],"curies":[{"name":"wp","href":"https:\/\/api.w.org\/{rel}","templated":true}]}}