{"id":165691,"date":"2026-08-15T14:07:39","date_gmt":"2026-08-15T17:07:39","guid":{"rendered":"https:\/\/ubirataonline.com.br\/apos-seis-dias-na-uti-vitima-de-acidente-em-nova-aurora-morre-e-doa-orgaos-para\/"},"modified":"2026-08-15T14:07:39","modified_gmt":"2026-08-15T17:07:39","slug":"apos-seis-dias-na-uti-vitima-de-acidente-em-nova-aurora-morre-e-doa-orgaos-para","status":"publish","type":"post","link":"https:\/\/ubirataonline.com.br\/en\/apos-seis-dias-na-uti-vitima-de-acidente-em-nova-aurora-morre-e-doa-orgaos-para\/","title":{"rendered":"AP\u00d3S SEIS DIAS NA UTI, V\u00cdTIMA DE ACIDENTE EM NOVA AURORA MORRE E DOA \u00d3RG\u00c3OS PARA"},"content":{"rendered":"<p><a href=\"http:\/\/instagram.com\/p\/DcEXMKcu6_-\"><\/a><\/p>\n<blockquote class=\"instagram-media\"  data-instgrm-permalink=\"https:\/\/www.instagram.com\/reel\/DcEXMKcu6_-\/\" data-instgrm-version=\"14\" style=\" background:#FFF; border:0; border-radius:3px; box-shadow:0 0 1px 0 rgba(0,0,0,0.5),0 1px 10px 0 rgba(0,0,0,0.15); margin: 1px; max-width:540px; min-width:326px; padding:0; width:99.375%; width:-webkit-calc(100% - 2px); width:calc(100% - 2px);\"><p>&nbsp;<\/p><\/blockquote>\n<p> <script async src=\"\/\/www.instagram.com\/embed.js\"><\/script>AP\u00d3S SEIS DIAS NA UTI, V\u00cdTIMA DE ACIDENTE EM NOVA AURORA MORRE E DOA \u00d3RG\u00c3OS PARA OITO PESSOAS<\/p>\n<p>Ap\u00f3s seis dias de uma intensa luta pela vida na Unidade de Terapia Intensiva (UTI) do Hospital Universit\u00e1rio do Oeste do Paran\u00e1 (HUOP), em Cascavel, morreu nesta sexta-feira (14) Marcos de Lima, v\u00edtima de um grave acidente de tr\u00e2nsito ocorrido no \u00faltimo s\u00e1bado (8), na zona rural de Nova Aurora. <\/p>\n<p>Marcos estava conduzindo uma motocicleta quando foi atingido na traseira por um autom\u00f3vel. O acidente aconteceu no come\u00e7o da noite, enquanto ele retornava para a cidade ap\u00f3s passar o dia trabalhando em um s\u00edtio.<\/p>\n<p>Segundo familiares, Marcos seguia para a casa do pai, onde pretendia dormir e passar o domingo de Dia dos Pais junto da fam\u00edlia. No entanto, durante o trajeto, acabou sofrendo a violenta colis\u00e3o.<\/p>\n<p>Mesmo diante da dor provocada pela despedida, a fam\u00edlia decidiu transformar o momento de luto em um gesto de solidariedade. Atrav\u00e9s da doa\u00e7\u00e3o de seus \u00f3rg\u00e3os, oito pessoas poder\u00e3o receber uma nova chance de vida.<\/p>\n<p>Carinhosamente conhecido como \u201cTinto\u201d, Marcos deixa familiares e amigos profundamente abalados, mas tamb\u00e9m uma hist\u00f3ria marcada por um gesto que poder\u00e1 continuar salvando vidas.<\/p>\n<p>Marcos era irm\u00e3o do radialista Z\u00e9 Carlos, conhecido pelo programa Popular Compadinho, veiculado aos domingos. Z\u00e9 Carlos j\u00e1 trabalhou nas r\u00e1dios Aurora FM e Gazeta e atualmente integra a equipe da Gazeta FM.<\/p>\n<p>O vel\u00f3rio de Marcos est\u00e1 previsto para acontecer na tarde deste s\u00e1bado (15), em Nova Aurora. O hor\u00e1rio ainda seria definido pela fam\u00edlia.<\/p>\n<p>Neste momento de dor, o Ubirat\u00e3 Online se solidariza com familiares e amigos de Marcos de Lima, desejando for\u00e7a e conforto a todos.<\/p>\n<p>&#x1f4e2; Divulgue sua empresa no Ubirat\u00e3 Online! Espa\u00e7os com pre\u00e7os especiais. WhatsApp: (44) 9 9142-1743.<\/p>\n<p>&#x1f4e9; Envie fotos, v\u00eddeos, den\u00fancias ou sugest\u00f5es de pauta pelo WhatsApp: &#x1f4f2; (44) 9 9925-5244<\/p>\n<p>&#x1f449; Siga: @ubirataonline_oficial<\/p>\n<p><a href=\"http:\/\/instagram.com\/p\/DcEXMKcu6_-\">Source<\/a><\/p>\n<p><a href=\"https:\/\/ubirataonline.com.br\/en\/noticias\/\" target=\"_blank\" rel=\"noopener noreferrer\">Mais Not\u00edcias<\/a><\/p>\n<p><a href=\"https:\/\/ubirataonline.com.br\/en\/\" target=\"_blank\" rel=\"noopener noreferrer\">Home Page &#8211; In\u00edcio<\/a><\/p>\n<p><a href=\"http:\/\/instagram.com\/p\/DcEXMKcu6_-\">Source link <\/a><br \/>\nMore: <a href=\"https:\/\/theglobaltrack.com\/\" target=\"_blank\" rel=\"noopener noreferrer\">The Global Track<\/a><\/p>\n<p><a href=\"https:\/\/corinthiames.com.br\/\" target=\"_blank\" rel=\"noopener noreferrer\">Corinthia Mes<\/a><\/p>","protected":false},"excerpt":{"rendered":"<p>&nbsp; AP\u00d3S SEIS DIAS NA UTI, V\u00cdTIMA DE ACIDENTE EM NOVA AURORA MORRE E DOA \u00d3RG\u00c3OS PARA OITO PESSOAS Ap\u00f3s seis dias de uma intensa luta pela vida na Unidade de Terapia Intensiva (UTI) do Hospital Universit\u00e1rio do Oeste do Paran\u00e1 (HUOP), em Cascavel, morreu nesta sexta-feira (14) Marcos de Lima, v\u00edtima de um grave [&hellip;]<\/p>\n","protected":false},"author":1,"featured_media":165692,"comment_status":"","ping_status":"","sticky":false,"template":"","format":"standard","meta":{"googlesitekit_rrm_CAow2JLhCw:productID":"","_gspb_post_css":"","maa_idioma":"","maa_pais":"","footnotes":""},"categories":[1],"tags":[26,3140,11109,3381,44311,268,3679,5892,2904,5415,20359,1753],"class_list":["post-165691","post","type-post","status-publish","format-standard","has-post-thumbnail","hentry","category-ubirata","tag-acidente","tag-apos","tag-aurora","tag-dias","tag-doa","tag-morre","tag-nova","tag-orgaos","tag-para","tag-seis","tag-uti","tag-vitima"],"blocksy_meta":[],"yoast_head":"<!-- This site is optimized with the Yoast SEO Premium plugin v27.6 (Yoast SEO v27.6) - https:\/\/yoast.com\/product\/yoast-seo-premium-wordpress\/ -->\n<title>AP\u00d3S SEIS DIAS NA UTI, V\u00cdTIMA DE ACIDENTE EM NOVA AURORA MORRE E DOA \u00d3RG\u00c3OS PARA - Ubirat\u00e3 Online Not\u00edcias - A realidade ao seu alcance!<\/title>\n<meta name=\"description\" content=\"&nbsp; AP\u00d3S SEIS DIAS NA UTI, V\u00cdTIMA DE ACIDENTE EM NOVA AURORA MORRE E DOA \u00d3RG\u00c3OS PARA OITO PESSOAS Ap\u00f3s seis dias de uma intensa luta pela vida na\" \/>\n<meta name=\"robots\" content=\"index, follow, max-snippet:-1, max-image-preview:large, max-video-preview:-1\" \/>\n<link rel=\"canonical\" href=\"http:\/\/instagram.com\/p\/DcEXMKcu6_-\" \/>\n<meta property=\"og:locale\" content=\"en_US\" \/>\n<meta property=\"og:type\" content=\"article\" \/>\n<meta property=\"og:title\" content=\"AP\u00d3S SEIS DIAS NA UTI, V\u00cdTIMA DE ACIDENTE EM NOVA AURORA MORRE E DOA \u00d3RG\u00c3OS PARA\" \/>\n<meta property=\"og:description\" content=\"&nbsp; AP\u00d3S SEIS DIAS NA UTI, V\u00cdTIMA DE ACIDENTE EM NOVA AURORA MORRE E DOA \u00d3RG\u00c3OS PARA OITO PESSOAS Ap\u00f3s seis dias de uma intensa luta pela vida na\" \/>\n<meta property=\"og:url\" content=\"http:\/\/instagram.com\/p\/DcEXMKcu6_-\" \/>\n<meta property=\"og:site_name\" content=\"Ubirat\u00e3 Online Not\u00edcias - A realidade ao seu alcance!\" \/>\n<meta property=\"article:publisher\" content=\"https:\/\/www.facebook.com\/portalubirataonline\" \/>\n<meta property=\"article:author\" content=\"https:\/\/www.facebook.com\/portalubirataonline\" \/>\n<meta property=\"article:published_time\" content=\"2026-08-15T17:07:39+00:00\" \/>\n<meta property=\"og:image\" content=\"https:\/\/ubirataonline.com.br\/wp-content\/uploads\/2026\/08\/1786813659_APOS-SEIS-DIAS-NA-UTI-VITIMA-DE-ACIDENTE-EM-NOVA.jpg\" \/>\n\t<meta property=\"og:image:width\" content=\"540\" \/>\n\t<meta property=\"og:image:height\" content=\"960\" \/>\n\t<meta property=\"og:image:type\" content=\"image\/jpeg\" \/>\n<meta name=\"author\" content=\"REDA\u00c7\u00c3O: UBIRAT\u00c3 ONLINE - F\u00c1BIO AUGUSTO CELESTINO\" \/>\n<meta name=\"twitter:card\" content=\"summary_large_image\" \/>\n<meta name=\"twitter:creator\" content=\"@x.com\/ubirataonline\" \/>\n<meta name=\"twitter:site\" content=\"@ubirataonline\" \/>\n<meta name=\"twitter:label1\" content=\"Written by\" \/>\n\t<meta name=\"twitter:data1\" content=\"REDA\u00c7\u00c3O: UBIRAT\u00c3 ONLINE - F\u00c1BIO AUGUSTO CELESTINO\" \/>\n\t<meta name=\"twitter:label2\" content=\"Est. reading time\" \/>\n\t<meta name=\"twitter:data2\" content=\"2 minutes\" \/>\n<script type=\"application\/ld+json\" class=\"yoast-schema-graph\">{\"@context\":\"https:\\\/\\\/schema.org\",\"@graph\":[{\"@type\":\"NewsArticle\",\"@id\":\"http:\\\/\\\/instagram.com\\\/p\\\/DcEXMKcu6_-#article\",\"isPartOf\":{\"@id\":\"https:\\\/\\\/ubirataonline.com.br\\\/apos-seis-dias-na-uti-vitima-de-acidente-em-nova-aurora-morre-e-doa-orgaos-para\\\/\"},\"author\":{\"name\":\"REDA\u00c7\u00c3O: UBIRAT\u00c3 ONLINE - F\u00c1BIO AUGUSTO CELESTINO\",\"@id\":\"https:\\\/\\\/ubirataonline.com.br\\\/#\\\/schema\\\/person\\\/372f87bbd3fdd79b8556b84c98d0bc1c\"},\"headline\":\"AP\u00d3S SEIS DIAS NA UTI, V\u00cdTIMA DE ACIDENTE EM NOVA AURORA MORRE E DOA \u00d3RG\u00c3OS PARA\",\"datePublished\":\"2026-08-15T17:07:39+00:00\",\"mainEntityOfPage\":{\"@id\":\"https:\\\/\\\/ubirataonline.com.br\\\/apos-seis-dias-na-uti-vitima-de-acidente-em-nova-aurora-morre-e-doa-orgaos-para\\\/\"},\"wordCount\":377,\"publisher\":{\"@id\":\"https:\\\/\\\/ubirataonline.com.br\\\/#organization\"},\"image\":{\"@id\":\"http:\\\/\\\/instagram.com\\\/p\\\/DcEXMKcu6_-#primaryimage\"},\"thumbnailUrl\":\"https:\\\/\\\/ubirataonline.com.br\\\/wp-content\\\/uploads\\\/2026\\\/08\\\/1786813659_APOS-SEIS-DIAS-NA-UTI-VITIMA-DE-ACIDENTE-EM-NOVA.jpg\",\"keywords\":[\"Acidente\",\"ap\u00f3s\",\"Aurora\",\"dias\",\"DOA\",\"morre\",\"Nova\",\"\u00f3rg\u00e3os\",\"para\",\"seis\",\"UTI\",\"v\u00edtima\"],\"articleSection\":[\"Ubirat\u00e3\"],\"inLanguage\":\"en-US\",\"copyrightYear\":\"2026\",\"copyrightHolder\":{\"@id\":\"https:\\\/\\\/ubirataonline.com.br\\\/en\\\/#organization\"}},{\"@type\":\"WebPage\",\"@id\":\"https:\\\/\\\/ubirataonline.com.br\\\/apos-seis-dias-na-uti-vitima-de-acidente-em-nova-aurora-morre-e-doa-orgaos-para\\\/\",\"url\":\"http:\\\/\\\/instagram.com\\\/p\\\/DcEXMKcu6_-\",\"name\":\"AP\u00d3S SEIS DIAS NA UTI, V\u00cdTIMA DE ACIDENTE EM NOVA AURORA MORRE E DOA \u00d3RG\u00c3OS PARA - Ubirat\u00e3 Online Not\u00edcias - A realidade ao seu alcance!\",\"isPartOf\":{\"@id\":\"https:\\\/\\\/ubirataonline.com.br\\\/#website\"},\"primaryImageOfPage\":{\"@id\":\"http:\\\/\\\/instagram.com\\\/p\\\/DcEXMKcu6_-#primaryimage\"},\"image\":{\"@id\":\"http:\\\/\\\/instagram.com\\\/p\\\/DcEXMKcu6_-#primaryimage\"},\"thumbnailUrl\":\"https:\\\/\\\/ubirataonline.com.br\\\/wp-content\\\/uploads\\\/2026\\\/08\\\/1786813659_APOS-SEIS-DIAS-NA-UTI-VITIMA-DE-ACIDENTE-EM-NOVA.jpg\",\"datePublished\":\"2026-08-15T17:07:39+00:00\",\"description\":\"&nbsp; AP\u00d3S SEIS DIAS NA UTI, V\u00cdTIMA DE ACIDENTE EM NOVA AURORA MORRE E DOA \u00d3RG\u00c3OS PARA OITO PESSOAS Ap\u00f3s seis dias de uma intensa luta pela vida na\",\"breadcrumb\":{\"@id\":\"http:\\\/\\\/instagram.com\\\/p\\\/DcEXMKcu6_-#breadcrumb\"},\"inLanguage\":\"en-US\",\"potentialAction\":[{\"@type\":\"ReadAction\",\"target\":[\"http:\\\/\\\/instagram.com\\\/p\\\/DcEXMKcu6_-\"]}]},{\"@type\":\"ImageObject\",\"inLanguage\":\"en-US\",\"@id\":\"http:\\\/\\\/instagram.com\\\/p\\\/DcEXMKcu6_-#primaryimage\",\"url\":\"https:\\\/\\\/ubirataonline.com.br\\\/wp-content\\\/uploads\\\/2026\\\/08\\\/1786813659_APOS-SEIS-DIAS-NA-UTI-VITIMA-DE-ACIDENTE-EM-NOVA.jpg\",\"contentUrl\":\"https:\\\/\\\/ubirataonline.com.br\\\/wp-content\\\/uploads\\\/2026\\\/08\\\/1786813659_APOS-SEIS-DIAS-NA-UTI-VITIMA-DE-ACIDENTE-EM-NOVA.jpg\",\"width\":540,\"height\":960,\"caption\":\"AP\u00d3S SEIS DIAS NA UTI, V\u00cdTIMA DE ACIDENTE EM NOVA AURORA MORRE E DOA \u00d3RG\u00c3OS PARA\"},{\"@type\":\"BreadcrumbList\",\"@id\":\"http:\\\/\\\/instagram.com\\\/p\\\/DcEXMKcu6_-#breadcrumb\",\"itemListElement\":[{\"@type\":\"ListItem\",\"position\":1,\"name\":\"In\u00edcio\",\"item\":\"https:\\\/\\\/ubirataonline.com.br\\\/\"},{\"@type\":\"ListItem\",\"position\":2,\"name\":\"AP\u00d3S SEIS DIAS NA UTI, V\u00cdTIMA DE ACIDENTE EM NOVA AURORA MORRE E DOA \u00d3RG\u00c3OS PARA\"}]},{\"@type\":\"WebSite\",\"@id\":\"https:\\\/\\\/ubirataonline.com.br\\\/#website\",\"url\":\"https:\\\/\\\/ubirataonline.com.br\\\/\",\"name\":\"Ubirat\u00e3 Online Not\u00edcias\",\"description\":\"Not\u00edcias de Ubirat\u00e3, regi\u00e3o, Brasil e mundo, com informa\u00e7\u00e3o atualizada e compromisso com o leitor.\",\"publisher\":{\"@id\":\"https:\\\/\\\/ubirataonline.com.br\\\/#organization\"},\"alternateName\":\"Ubirat\u00e3 Online\",\"potentialAction\":[{\"@type\":\"SearchAction\",\"target\":{\"@type\":\"EntryPoint\",\"urlTemplate\":\"https:\\\/\\\/ubirataonline.com.br\\\/?s={search_term_string}\"},\"query-input\":{\"@type\":\"PropertyValueSpecification\",\"valueRequired\":true,\"valueName\":\"search_term_string\"}}],\"inLanguage\":\"en-US\"},{\"@type\":[\"Organization\",\"Place\"],\"@id\":\"https:\\\/\\\/ubirataonline.com.br\\\/#organization\",\"name\":\"Ubirat\u00e3 Online Not\u00edcias\",\"alternateName\":\"Ubirat\u00e3 Online\",\"url\":\"https:\\\/\\\/ubirataonline.com.br\\\/\",\"logo\":{\"@id\":\"http:\\\/\\\/instagram.com\\\/p\\\/DcEXMKcu6_-#local-main-organization-logo\"},\"image\":{\"@id\":\"http:\\\/\\\/instagram.com\\\/p\\\/DcEXMKcu6_-#local-main-organization-logo\"},\"sameAs\":[\"https:\\\/\\\/www.facebook.com\\\/portalubirataonline\",\"https:\\\/\\\/x.com\\\/ubirataonline\",\"https:\\\/\\\/mastodon.social\\\/@ubirataonline\",\"https:\\\/\\\/www.facebook.com\\\/groups\\\/311144672285604\",\"https:\\\/\\\/www.facebook.com\\\/UBTAOnline\",\"https:\\\/\\\/www.instagram.com\\\/portalubirataonline\\\/\",\"https:\\\/\\\/twitter.com\\\/ubirataonline\"],\"description\":\"Somos um portal de not\u00edcias independente, criado em 5 de janeiro de 2009, com o objetivo de informar, conectar e valorizar a nossa comunidade de Ubirat\u00e3 e toda aregi\u00e3o. Com conte\u00fado atualizado, confi\u00e1vel e relevante, o Ubirat\u00e3 Online \u00e9 o seu espa\u00e7o para ficar por dentro dos principais acontecimentos locais, regionais, Brasil, Mundo e de interesse geral. Nosso compromisso \u00e9 com a verdade, a transpar\u00eancia e o respeito ao leitor.\",\"legalName\":\"UBIRATA ONLINE NOT\u00cdCIAS\",\"foundingDate\":\"2009-01-05\",\"numberOfEmployees\":{\"@type\":\"QuantitativeValue\",\"minValue\":\"1\",\"maxValue\":\"10\"},\"publishingPrinciples\":\"https:\\\/\\\/ubirataonline.com.br\\\/faq\\\/\",\"address\":{\"@id\":\"http:\\\/\\\/instagram.com\\\/p\\\/DcEXMKcu6_-#local-main-place-address\"},\"geo\":{\"@type\":\"GeoCoordinates\",\"latitude\":\"-24.5361401\",\"longitude\":\"-52.9921776\"},\"telephone\":[\"+5544998308235\"],\"contactPoint\":{\"@type\":\"ContactPoint\",\"email\":\"contato@ubirataonline.com.br\"},\"openingHoursSpecification\":{\"@type\":\"OpeningHoursSpecification\",\"dayOfWeek\":[\"Monday\",\"Tuesday\",\"Wednesday\",\"Thursday\",\"Friday\",\"Saturday\",\"Sunday\"],\"opens\":\"00:00\",\"closes\":\"23:59\"},\"email\":\"contato@ubirataonline.com.br\",\"vatID\":\"47.621.418\\\/0001-80\"},{\"@type\":\"Person\",\"@id\":\"https:\\\/\\\/ubirataonline.com.br\\\/#\\\/schema\\\/person\\\/372f87bbd3fdd79b8556b84c98d0bc1c\",\"name\":\"REDA\u00c7\u00c3O: UBIRAT\u00c3 ONLINE - F\u00c1BIO AUGUSTO CELESTINO\",\"pronouns\":\"Ele\",\"description\":\"Desde 2003 trabalhando com not\u00edcias.\",\"sameAs\":[\"http:\\\/\\\/ubirataoline.com.br\",\"https:\\\/\\\/www.facebook.com\\\/portalubirataonline\",\"https:\\\/\\\/www.instagram.com\\\/ubirataonline_oficial\",\"https:\\\/\\\/x.com\\\/x.com\\\/ubirataonline\"],\"honorificPrefix\":\"Mr.\",\"honorificSuffix\":\"MD\",\"birthDate\":\"1980-06-16\",\"gender\":\"masculino\",\"award\":[\"V\u00e1rios pr\u00eamios de melhor portal da cidade\"],\"jobTitle\":\"Diretor\",\"url\":\"https:\\\/\\\/ubirataonline.com.br\\\/en\\\/author\\\/ubirataonline\\\/\"},{\"@type\":\"PostalAddress\",\"@id\":\"http:\\\/\\\/instagram.com\\\/p\\\/DcEXMKcu6_-#local-main-place-address\",\"streetAddress\":\"Rua dos Coqueiros, 104 - Bairro Boa Vista, Rua dos Coqueiros, 104 Bairro Boa Vista\",\"addressLocality\":\"UBIRATA\",\"postalCode\":\"85440-000\",\"addressRegion\":\"PR\",\"addressCountry\":\"BR\"},{\"@type\":\"ImageObject\",\"inLanguage\":\"en-US\",\"@id\":\"http:\\\/\\\/instagram.com\\\/p\\\/DcEXMKcu6_-#local-main-organization-logo\",\"url\":\"https:\\\/\\\/ubirataonline.com.br\\\/wp-content\\\/uploads\\\/2026\\\/06\\\/logoubirataonline-1.webp\",\"contentUrl\":\"https:\\\/\\\/ubirataonline.com.br\\\/wp-content\\\/uploads\\\/2026\\\/06\\\/logoubirataonline-1.webp\",\"width\":500,\"height\":500,\"caption\":\"Ubirat\u00e3 Online Not\u00edcias\"}]}<\/script>\n<meta name=\"geo.placename\" content=\"UBIRATA\" \/>\n<meta name=\"geo.position\" content=\"-24.5361401;-52.9921776\" \/>\n<meta name=\"geo.region\" content=\"Brazil\" \/>\n<!-- \/ Yoast SEO Premium plugin. -->","yoast_head_json":{"title":"AP\u00d3S SEIS DIAS NA UTI, V\u00cdTIMA DE ACIDENTE EM NOVA AURORA MORRE E DOA \u00d3RG\u00c3OS PARA - Ubirat\u00e3 Online Not\u00edcias - A realidade ao seu alcance!","description":"&nbsp; AP\u00d3S SEIS DIAS NA UTI, V\u00cdTIMA DE ACIDENTE EM NOVA AURORA MORRE E DOA \u00d3RG\u00c3OS PARA OITO PESSOAS Ap\u00f3s seis dias de uma intensa luta pela vida na","robots":{"index":"index","follow":"follow","max-snippet":"max-snippet:-1","max-image-preview":"max-image-preview:large","max-video-preview":"max-video-preview:-1"},"canonical":"http:\/\/instagram.com\/p\/DcEXMKcu6_-","og_locale":"en_US","og_type":"article","og_title":"AP\u00d3S SEIS DIAS NA UTI, V\u00cdTIMA DE ACIDENTE EM NOVA AURORA MORRE E DOA \u00d3RG\u00c3OS PARA","og_description":"&nbsp; AP\u00d3S SEIS DIAS NA UTI, V\u00cdTIMA DE ACIDENTE EM NOVA AURORA MORRE E DOA \u00d3RG\u00c3OS PARA OITO PESSOAS Ap\u00f3s seis dias de uma intensa luta pela vida na","og_url":"http:\/\/instagram.com\/p\/DcEXMKcu6_-","og_site_name":"Ubirat\u00e3 Online Not\u00edcias - A realidade ao seu alcance!","article_publisher":"https:\/\/www.facebook.com\/portalubirataonline","article_author":"https:\/\/www.facebook.com\/portalubirataonline","article_published_time":"2026-08-15T17:07:39+00:00","og_image":[{"width":540,"height":960,"url":"https:\/\/ubirataonline.com.br\/wp-content\/uploads\/2026\/08\/1786813659_APOS-SEIS-DIAS-NA-UTI-VITIMA-DE-ACIDENTE-EM-NOVA.jpg","type":"image\/jpeg"}],"author":"REDA\u00c7\u00c3O: UBIRAT\u00c3 ONLINE - F\u00c1BIO AUGUSTO CELESTINO","twitter_card":"summary_large_image","twitter_creator":"@x.com\/ubirataonline","twitter_site":"@ubirataonline","twitter_misc":{"Written by":"REDA\u00c7\u00c3O: UBIRAT\u00c3 ONLINE - F\u00c1BIO AUGUSTO CELESTINO","Est. reading time":"2 minutes"},"schema":{"@context":"https:\/\/schema.org","@graph":[{"@type":"NewsArticle","@id":"http:\/\/instagram.com\/p\/DcEXMKcu6_-#article","isPartOf":{"@id":"https:\/\/ubirataonline.com.br\/apos-seis-dias-na-uti-vitima-de-acidente-em-nova-aurora-morre-e-doa-orgaos-para\/"},"author":{"name":"REDA\u00c7\u00c3O: UBIRAT\u00c3 ONLINE - F\u00c1BIO AUGUSTO CELESTINO","@id":"https:\/\/ubirataonline.com.br\/#\/schema\/person\/372f87bbd3fdd79b8556b84c98d0bc1c"},"headline":"AP\u00d3S SEIS DIAS NA UTI, V\u00cdTIMA DE ACIDENTE EM NOVA AURORA MORRE E DOA \u00d3RG\u00c3OS PARA","datePublished":"2026-08-15T17:07:39+00:00","mainEntityOfPage":{"@id":"https:\/\/ubirataonline.com.br\/apos-seis-dias-na-uti-vitima-de-acidente-em-nova-aurora-morre-e-doa-orgaos-para\/"},"wordCount":377,"publisher":{"@id":"https:\/\/ubirataonline.com.br\/#organization"},"image":{"@id":"http:\/\/instagram.com\/p\/DcEXMKcu6_-#primaryimage"},"thumbnailUrl":"https:\/\/ubirataonline.com.br\/wp-content\/uploads\/2026\/08\/1786813659_APOS-SEIS-DIAS-NA-UTI-VITIMA-DE-ACIDENTE-EM-NOVA.jpg","keywords":["Acidente","ap\u00f3s","Aurora","dias","DOA","morre","Nova","\u00f3rg\u00e3os","para","seis","UTI","v\u00edtima"],"articleSection":["Ubirat\u00e3"],"inLanguage":"en-US","copyrightYear":"2026","copyrightHolder":{"@id":"https:\/\/ubirataonline.com.br\/en\/#organization"}},{"@type":"WebPage","@id":"https:\/\/ubirataonline.com.br\/apos-seis-dias-na-uti-vitima-de-acidente-em-nova-aurora-morre-e-doa-orgaos-para\/","url":"http:\/\/instagram.com\/p\/DcEXMKcu6_-","name":"AP\u00d3S SEIS DIAS NA UTI, V\u00cdTIMA DE ACIDENTE EM NOVA AURORA MORRE E DOA \u00d3RG\u00c3OS PARA - Ubirat\u00e3 Online Not\u00edcias - A realidade ao seu alcance!","isPartOf":{"@id":"https:\/\/ubirataonline.com.br\/#website"},"primaryImageOfPage":{"@id":"http:\/\/instagram.com\/p\/DcEXMKcu6_-#primaryimage"},"image":{"@id":"http:\/\/instagram.com\/p\/DcEXMKcu6_-#primaryimage"},"thumbnailUrl":"https:\/\/ubirataonline.com.br\/wp-content\/uploads\/2026\/08\/1786813659_APOS-SEIS-DIAS-NA-UTI-VITIMA-DE-ACIDENTE-EM-NOVA.jpg","datePublished":"2026-08-15T17:07:39+00:00","description":"&nbsp; AP\u00d3S SEIS DIAS NA UTI, V\u00cdTIMA DE ACIDENTE EM NOVA AURORA MORRE E DOA \u00d3RG\u00c3OS PARA OITO PESSOAS Ap\u00f3s seis dias de uma intensa luta pela vida na","breadcrumb":{"@id":"http:\/\/instagram.com\/p\/DcEXMKcu6_-#breadcrumb"},"inLanguage":"en-US","potentialAction":[{"@type":"ReadAction","target":["http:\/\/instagram.com\/p\/DcEXMKcu6_-"]}]},{"@type":"ImageObject","inLanguage":"en-US","@id":"http:\/\/instagram.com\/p\/DcEXMKcu6_-#primaryimage","url":"https:\/\/ubirataonline.com.br\/wp-content\/uploads\/2026\/08\/1786813659_APOS-SEIS-DIAS-NA-UTI-VITIMA-DE-ACIDENTE-EM-NOVA.jpg","contentUrl":"https:\/\/ubirataonline.com.br\/wp-content\/uploads\/2026\/08\/1786813659_APOS-SEIS-DIAS-NA-UTI-VITIMA-DE-ACIDENTE-EM-NOVA.jpg","width":540,"height":960,"caption":"AP\u00d3S SEIS DIAS NA UTI, V\u00cdTIMA DE ACIDENTE EM NOVA AURORA MORRE E DOA \u00d3RG\u00c3OS PARA"},{"@type":"BreadcrumbList","@id":"http:\/\/instagram.com\/p\/DcEXMKcu6_-#breadcrumb","itemListElement":[{"@type":"ListItem","position":1,"name":"In\u00edcio","item":"https:\/\/ubirataonline.com.br\/"},{"@type":"ListItem","position":2,"name":"AP\u00d3S SEIS DIAS NA UTI, V\u00cdTIMA DE ACIDENTE EM NOVA AURORA MORRE E DOA \u00d3RG\u00c3OS PARA"}]},{"@type":"WebSite","@id":"https:\/\/ubirataonline.com.br\/#website","url":"https:\/\/ubirataonline.com.br\/","name":"Ubirat\u00e3 Online Not\u00edcias","description":"Not\u00edcias de Ubirat\u00e3, regi\u00e3o, Brasil e mundo, com informa\u00e7\u00e3o atualizada e compromisso com o leitor.","publisher":{"@id":"https:\/\/ubirataonline.com.br\/#organization"},"alternateName":"Ubirat\u00e3 Online","potentialAction":[{"@type":"SearchAction","target":{"@type":"EntryPoint","urlTemplate":"https:\/\/ubirataonline.com.br\/?s={search_term_string}"},"query-input":{"@type":"PropertyValueSpecification","valueRequired":true,"valueName":"search_term_string"}}],"inLanguage":"en-US"},{"@type":["Organization","Place"],"@id":"https:\/\/ubirataonline.com.br\/#organization","name":"Ubirat\u00e3 Online Not\u00edcias","alternateName":"Ubirat\u00e3 Online","url":"https:\/\/ubirataonline.com.br\/","logo":{"@id":"http:\/\/instagram.com\/p\/DcEXMKcu6_-#local-main-organization-logo"},"image":{"@id":"http:\/\/instagram.com\/p\/DcEXMKcu6_-#local-main-organization-logo"},"sameAs":["https:\/\/www.facebook.com\/portalubirataonline","https:\/\/x.com\/ubirataonline","https:\/\/mastodon.social\/@ubirataonline","https:\/\/www.facebook.com\/groups\/311144672285604","https:\/\/www.facebook.com\/UBTAOnline","https:\/\/www.instagram.com\/portalubirataonline\/","https:\/\/twitter.com\/ubirataonline"],"description":"Somos um portal de not\u00edcias independente, criado em 5 de janeiro de 2009, com o objetivo de informar, conectar e valorizar a nossa comunidade de Ubirat\u00e3 e toda aregi\u00e3o. Com conte\u00fado atualizado, confi\u00e1vel e relevante, o Ubirat\u00e3 Online \u00e9 o seu espa\u00e7o para ficar por dentro dos principais acontecimentos locais, regionais, Brasil, Mundo e de interesse geral. Nosso compromisso \u00e9 com a verdade, a transpar\u00eancia e o respeito ao leitor.","legalName":"UBIRATA ONLINE NOT\u00cdCIAS","foundingDate":"2009-01-05","numberOfEmployees":{"@type":"QuantitativeValue","minValue":"1","maxValue":"10"},"publishingPrinciples":"https:\/\/ubirataonline.com.br\/faq\/","address":{"@id":"http:\/\/instagram.com\/p\/DcEXMKcu6_-#local-main-place-address"},"geo":{"@type":"GeoCoordinates","latitude":"-24.5361401","longitude":"-52.9921776"},"telephone":["+5544998308235"],"contactPoint":{"@type":"ContactPoint","email":"contato@ubirataonline.com.br"},"openingHoursSpecification":{"@type":"OpeningHoursSpecification","dayOfWeek":["Monday","Tuesday","Wednesday","Thursday","Friday","Saturday","Sunday"],"opens":"00:00","closes":"23:59"},"email":"contato@ubirataonline.com.br","vatID":"47.621.418\/0001-80"},{"@type":"Person","@id":"https:\/\/ubirataonline.com.br\/#\/schema\/person\/372f87bbd3fdd79b8556b84c98d0bc1c","name":"REDA\u00c7\u00c3O: UBIRAT\u00c3 ONLINE - F\u00c1BIO AUGUSTO CELESTINO","pronouns":"Ele","description":"Desde 2003 trabalhando com not\u00edcias.","sameAs":["http:\/\/ubirataoline.com.br","https:\/\/www.facebook.com\/portalubirataonline","https:\/\/www.instagram.com\/ubirataonline_oficial","https:\/\/x.com\/x.com\/ubirataonline"],"honorificPrefix":"Mr.","honorificSuffix":"MD","birthDate":"1980-06-16","gender":"masculino","award":["V\u00e1rios pr\u00eamios de melhor portal da cidade"],"jobTitle":"Diretor","url":"https:\/\/ubirataonline.com.br\/en\/author\/ubirataonline\/"},{"@type":"PostalAddress","@id":"http:\/\/instagram.com\/p\/DcEXMKcu6_-#local-main-place-address","streetAddress":"Rua dos Coqueiros, 104 - Bairro Boa Vista, Rua dos Coqueiros, 104 Bairro Boa Vista","addressLocality":"UBIRATA","postalCode":"85440-000","addressRegion":"PR","addressCountry":"BR"},{"@type":"ImageObject","inLanguage":"en-US","@id":"http:\/\/instagram.com\/p\/DcEXMKcu6_-#local-main-organization-logo","url":"https:\/\/ubirataonline.com.br\/wp-content\/uploads\/2026\/06\/logoubirataonline-1.webp","contentUrl":"https:\/\/ubirataonline.com.br\/wp-content\/uploads\/2026\/06\/logoubirataonline-1.webp","width":500,"height":500,"caption":"Ubirat\u00e3 Online Not\u00edcias"}]},"geo.placename":"UBIRATA","geo.position":{"lat":"-24.5361401","long":"-52.9921776"},"geo.region":"Brazil"},"_links":{"self":[{"href":"https:\/\/ubirataonline.com.br\/en\/wp-json\/wp\/v2\/posts\/165691","targetHints":{"allow":["GET"]}}],"collection":[{"href":"https:\/\/ubirataonline.com.br\/en\/wp-json\/wp\/v2\/posts"}],"about":[{"href":"https:\/\/ubirataonline.com.br\/en\/wp-json\/wp\/v2\/types\/post"}],"author":[{"embeddable":true,"href":"https:\/\/ubirataonline.com.br\/en\/wp-json\/wp\/v2\/users\/1"}],"replies":[{"embeddable":true,"href":"https:\/\/ubirataonline.com.br\/en\/wp-json\/wp\/v2\/comments?post=165691"}],"version-history":[{"count":0,"href":"https:\/\/ubirataonline.com.br\/en\/wp-json\/wp\/v2\/posts\/165691\/revisions"}],"wp:featuredmedia":[{"embeddable":true,"href":"https:\/\/ubirataonline.com.br\/en\/wp-json\/wp\/v2\/media\/165692"}],"wp:attachment":[{"href":"https:\/\/ubirataonline.com.br\/en\/wp-json\/wp\/v2\/media?parent=165691"}],"wp:term":[{"taxonomy":"category","embeddable":true,"href":"https:\/\/ubirataonline.com.br\/en\/wp-json\/wp\/v2\/categories?post=165691"},{"taxonomy":"post_tag","embeddable":true,"href":"https:\/\/ubirataonline.com.br\/en\/wp-json\/wp\/v2\/tags?post=165691"}],"curies":[{"name":"wp","href":"https:\/\/api.w.org\/{rel}","templated":true}]}}